{"id":3070,"date":"2013-04-02T04:03:55","date_gmt":"2013-04-02T02:03:55","guid":{"rendered":"http:\/\/www.freidenker.org\/?p=3070"},"modified":"2018-02-25T23:38:12","modified_gmt":"2018-02-25T22:38:12","slug":"freidenker-bei-den-ostermaerschen-2013","status":"publish","type":"post","link":"https:\/\/www.freidenker.org\/?p=3070","title":{"rendered":"Freidenker bei den Osterm\u00e4rschen 2013"},"content":{"rendered":"<p>Nur 28 Sekunden berichtete die ARD-Tagesschau \u00fcber die diesj\u00e4hrigen Osterm\u00e4rsche, und zeigte dabei ein Freidenker-Plakat beim Ostermarsch in N\u00fcrnberg sowie Ernst Schwarz, singender Vorsitzender der Frankfurter Freidenker, auf der B\u00fchne am Frankfurter R\u00f6merberg.<\/p>\n<p>Video-Impressionen vom Ostermarsch 2013 in Potsdam k\u00f6nnt Ihr Euch hier ansehen:<\/p>\n<div class=\"jetpack-video-wrapper\"><span class=\"embed-youtube\" style=\"text-align:center; display: block;\"><iframe loading=\"lazy\" class=\"youtube-player\" width=\"800\" height=\"450\" src=\"https:\/\/www.youtube.com\/embed\/TwWYJ1vLts8?version=3&#038;rel=1&#038;showsearch=0&#038;showinfo=1&#038;iv_load_policy=1&#038;fs=1&#038;hl=de-DE&#038;autohide=2&#038;wmode=transparent\" allowfullscreen=\"true\" style=\"border:0;\" sandbox=\"allow-scripts allow-same-origin allow-popups allow-presentation allow-popups-to-escape-sandbox\"><\/iframe><\/span><\/div>\n<p>&nbsp;<\/p>\n<hr \/>\n<p>Foto und Video: <a href=\"http:\/\/www.flickr.com\/photos\/uwehiksch\/8586431202\/\" target=\"_blank\" rel=\"noopener\">Potsdamer Ostermarsch 2013<\/a>, fotografiert und gefilmt von Uwe Hiksch (NaturFreunde)<\/p>\n","protected":false},"excerpt":{"rendered":"<p>Nur 28 Sekunden berichtete die ARD-Tagesschau \u00fcber die diesj\u00e4hrigen Osterm\u00e4rsche, und zeigte dabei ein Freidenker-Pakat beim Ostermarsch in N\u00fcrnberg sowie Ernst Schwarz, singender Vorsitzender der Frankfurter Freidenker, auf der B\u00fchne am Frankfurter R\u00f6merberg.<\/p>\n","protected":false},"author":3,"featured_media":3800,"comment_status":"closed","ping_status":"closed","sticky":false,"template":"","format":"standard","meta":{"colormag_page_container_layout":"default_layout","colormag_page_sidebar_layout":"default_layout","advanced_seo_description":"","jetpack_seo_html_title":"","jetpack_seo_noindex":false,"jetpack_post_was_ever_published":false,"footnotes":""},"categories":[13,20],"tags":[27,43,695],"class_list":["post-3070","post","type-post","status-publish","format-standard","has-post-thumbnail","hentry","category-frieden-antifaschismus-solidaritaet","category-zentrale-veranstaltungen","tag-deutscher-freidenker-verband","tag-friedensbewegung","tag-ostermaersche"],"jetpack_featured_media_url":"https:\/\/i0.wp.com\/www.freidenker.org\/fw17\/wp-content\/uploads\/2013\/04\/ostermarsch_potsdam_800x445.jpg?fit=800%2C445&ssl=1","jetpack_shortlink":"https:\/\/wp.me\/p9stpK-Nw","jetpack-related-posts":[{"id":24883,"url":"https:\/\/www.freidenker.org\/?p=24883","url_meta":{"origin":3070,"position":0},"title":"Osterm\u00e4rsche 2026 in Hessen","author":"Webredaktion","date":"18. April 2026","format":false,"excerpt":"Wir berichten von einigen Veranstaltungen anl\u00e4sslich der Osterm\u00e4rsche in Hessen, an denen auch zahlreiche Mitglieder unseres Verbandes teilnahmen und mitwirkten. Der traditionelle Start der Hessischen Osterm\u00e4rsche fand auch diesmal mit dem Ostermarsch der Friedenplattform Hanau 2026 am Karfreitag (3.4.26) in Bruchk\u00f6bel statt. Die Kundgebung begann um 14:00 Uhr und stand\u2026","rel":"","context":"In &quot;Aktuelles&quot;","block_context":{"text":"Aktuelles","link":"https:\/\/www.freidenker.org\/?cat=574"},"img":{"alt_text":"","src":"https:\/\/i0.wp.com\/www.freidenker.org\/fw17\/wp-content\/uploads\/2026\/04\/OM26-Frankfurt-133056_800x450.jpg?fit=800%2C450&ssl=1&resize=350%2C200","width":350,"height":200,"srcset":"https:\/\/i0.wp.com\/www.freidenker.org\/fw17\/wp-content\/uploads\/2026\/04\/OM26-Frankfurt-133056_800x450.jpg?fit=800%2C450&ssl=1&resize=350%2C200 1x, https:\/\/i0.wp.com\/www.freidenker.org\/fw17\/wp-content\/uploads\/2026\/04\/OM26-Frankfurt-133056_800x450.jpg?fit=800%2C450&ssl=1&resize=525%2C300 1.5x, https:\/\/i0.wp.com\/www.freidenker.org\/fw17\/wp-content\/uploads\/2026\/04\/OM26-Frankfurt-133056_800x450.jpg?fit=800%2C450&ssl=1&resize=700%2C400 2x"},"classes":[]},{"id":15730,"url":"https:\/\/www.freidenker.org\/?p=15730","url_meta":{"origin":3070,"position":1},"title":"F\u00fcrs Klima und die NATO \u2013 Die manipulierte Ostermarschbewegung","author":"Webredaktion","date":"8. April 2023","format":false,"excerpt":"Beitrag von Felicitas Rabe Orientiert man sich an der Website der traditionellen deutschen Friedensbewegung, finden am kommenden Wochenende in Deutschland 123 angemeldete Osterm\u00e4rsche statt. Mit den vielen Friedensdemonstrationen wirkt die Planung der \u00f6sterlichen Aufz\u00fcge eher kleinteilig. Auch der \u00fcberregional bekannte Ostermarsch Rhein-Ruhr wird verteilt auf 14 Veranstaltungen stattfinden. Den Auftakt\u2026","rel":"","context":"In &quot;Frieden - Antifaschismus - Solidarit\u00e4t&quot;","block_context":{"text":"Frieden - Antifaschismus - Solidarit\u00e4t","link":"https:\/\/www.freidenker.org\/?cat=13"},"img":{"alt_text":"","src":"https:\/\/i0.wp.com\/www.freidenker.org\/fw17\/wp-content\/uploads\/2023\/04\/Friedensbewegung_Kapitalismuskritisch_800x450.jpg?fit=800%2C450&ssl=1&resize=350%2C200","width":350,"height":200,"srcset":"https:\/\/i0.wp.com\/www.freidenker.org\/fw17\/wp-content\/uploads\/2023\/04\/Friedensbewegung_Kapitalismuskritisch_800x450.jpg?fit=800%2C450&ssl=1&resize=350%2C200 1x, https:\/\/i0.wp.com\/www.freidenker.org\/fw17\/wp-content\/uploads\/2023\/04\/Friedensbewegung_Kapitalismuskritisch_800x450.jpg?fit=800%2C450&ssl=1&resize=525%2C300 1.5x, https:\/\/i0.wp.com\/www.freidenker.org\/fw17\/wp-content\/uploads\/2023\/04\/Friedensbewegung_Kapitalismuskritisch_800x450.jpg?fit=800%2C450&ssl=1&resize=700%2C400 2x"},"classes":[]},{"id":6075,"url":"https:\/\/www.freidenker.org\/?p=6075","url_meta":{"origin":3070,"position":2},"title":"Aufruf zum 18. Potsdamer Ostermarsch","author":"Webredaktion","date":"29. M\u00e4rz 2019","format":false,"excerpt":"Der Brandenburgische Freidenker-Verband ruft alle Friedensfreundinnen und Friedensfreunde zur aktiven Teilnahme an den Osterm\u00e4rschen der Friedensbewegung in diesem Jahr auf, welche traditionell in Potsdam seit vielen Jahren starten.","rel":"","context":"In &quot;Frieden - Antifaschismus - Solidarit\u00e4t&quot;","block_context":{"text":"Frieden - Antifaschismus - Solidarit\u00e4t","link":"https:\/\/www.freidenker.org\/?cat=13"},"img":{"alt_text":"","src":"https:\/\/i0.wp.com\/www.freidenker.org\/fw17\/wp-content\/uploads\/2019\/03\/fd_18.-potsdamer-ostermarsch-2019-800x445.jpg?fit=800%2C445&ssl=1&resize=350%2C200","width":350,"height":200,"srcset":"https:\/\/i0.wp.com\/www.freidenker.org\/fw17\/wp-content\/uploads\/2019\/03\/fd_18.-potsdamer-ostermarsch-2019-800x445.jpg?fit=800%2C445&ssl=1&resize=350%2C200 1x, https:\/\/i0.wp.com\/www.freidenker.org\/fw17\/wp-content\/uploads\/2019\/03\/fd_18.-potsdamer-ostermarsch-2019-800x445.jpg?fit=800%2C445&ssl=1&resize=525%2C300 1.5x, https:\/\/i0.wp.com\/www.freidenker.org\/fw17\/wp-content\/uploads\/2019\/03\/fd_18.-potsdamer-ostermarsch-2019-800x445.jpg?fit=800%2C445&ssl=1&resize=700%2C400 2x"},"classes":[]},{"id":21538,"url":"https:\/\/www.freidenker.org\/?p=21538","url_meta":{"origin":3070,"position":3},"title":"Falsche Redner eingeladen: Ostermarsch D\u00fcsseldorf von Friedensbewegung Rhein-Ruhr ausgegrenzt","author":"Webredaktion","date":"28. April 2025","format":false,"excerpt":"Beitrag von Felicitas Rabe Organisiert vom Friedensforum D\u00fcsseldorf fand am Samstag der traditionelle D\u00fcsseldorfer Ostermarsch statt. Unter dem Motto \"Kriegst\u00fcchtig? Nicht mit uns!\" beteiligten sich am Samstag rund 700 Friedensaktivisten am D\u00fcsseldorfer Ostermarsch, darunter Bef\u00fcrworter und Mitglieder der pal\u00e4stinensischen Allianz NRW, der Assange-Gruppe D\u00fcsseldorf, der DKP, des B\u00fcndnisses Sahra Wagenknecht,\u2026","rel":"","context":"In &quot;Demokratie \u2013 Medien \u2013 Aufkl\u00e4rung&quot;","block_context":{"text":"Demokratie \u2013 Medien \u2013 Aufkl\u00e4rung","link":"https:\/\/www.freidenker.org\/?cat=12"},"img":{"alt_text":"","src":"https:\/\/i0.wp.com\/www.freidenker.org\/fw17\/wp-content\/uploads\/2025\/04\/Ostermarsch-Duesseldorf-2025_800x450.jpg?fit=800%2C450&ssl=1&resize=350%2C200","width":350,"height":200,"srcset":"https:\/\/i0.wp.com\/www.freidenker.org\/fw17\/wp-content\/uploads\/2025\/04\/Ostermarsch-Duesseldorf-2025_800x450.jpg?fit=800%2C450&ssl=1&resize=350%2C200 1x, https:\/\/i0.wp.com\/www.freidenker.org\/fw17\/wp-content\/uploads\/2025\/04\/Ostermarsch-Duesseldorf-2025_800x450.jpg?fit=800%2C450&ssl=1&resize=525%2C300 1.5x, https:\/\/i0.wp.com\/www.freidenker.org\/fw17\/wp-content\/uploads\/2025\/04\/Ostermarsch-Duesseldorf-2025_800x450.jpg?fit=800%2C450&ssl=1&resize=700%2C400 2x"},"classes":[]},{"id":4568,"url":"https:\/\/www.freidenker.org\/?p=4568","url_meta":{"origin":3070,"position":4},"title":"Aufruf zum 17. Potsdamer Ostermarsch","author":"Webredaktion","date":"17. Februar 2018","format":false,"excerpt":"Der Brandenburgische Freidenker-Verband ruft alle Friedensfreundinnen und Friedensfreunde zur aktiven Teilnahme an den Osterm\u00e4rschen der Friedensbewegung auf, welche traditionell in Potsdam seit mehr als 15 Jahren starten.","rel":"","context":"In &quot;Frieden - Antifaschismus - Solidarit\u00e4t&quot;","block_context":{"text":"Frieden - Antifaschismus - Solidarit\u00e4t","link":"https:\/\/www.freidenker.org\/?cat=13"},"img":{"alt_text":"","src":"https:\/\/i0.wp.com\/www.freidenker.org\/fw17\/wp-content\/uploads\/2018\/02\/ostermarsch_pdm_2018_800x445.jpg?fit=800%2C445&ssl=1&resize=350%2C200","width":350,"height":200,"srcset":"https:\/\/i0.wp.com\/www.freidenker.org\/fw17\/wp-content\/uploads\/2018\/02\/ostermarsch_pdm_2018_800x445.jpg?fit=800%2C445&ssl=1&resize=350%2C200 1x, https:\/\/i0.wp.com\/www.freidenker.org\/fw17\/wp-content\/uploads\/2018\/02\/ostermarsch_pdm_2018_800x445.jpg?fit=800%2C445&ssl=1&resize=525%2C300 1.5x, https:\/\/i0.wp.com\/www.freidenker.org\/fw17\/wp-content\/uploads\/2018\/02\/ostermarsch_pdm_2018_800x445.jpg?fit=800%2C445&ssl=1&resize=700%2C400 2x"},"classes":[]},{"id":21547,"url":"https:\/\/www.freidenker.org\/?p=21547","url_meta":{"origin":3070,"position":5},"title":"DGB-Ostermarsch-Erkl\u00e4rung l\u00e4sst staunen: Deutschland soll aufr\u00fcsten","author":"Webredaktion","date":"24. April 2025","format":false,"excerpt":"Beitrag von Felicitas Rabe Traditionell demonstriert die Friedensbewegung an den Osterfeiertagen landesweit gegen Aufr\u00fcstung und Krieg und f\u00fcr Diplomatie und Frieden. In seiner Erkl\u00e4rung zu den Osterm\u00e4rschen 2025 hat sich der Deutsche Gewerkschaftsbund (DGB) nun ganz aktuell f\u00fcr eine \"Aufr\u00fcstung zur Erh\u00f6hung der Verteidigungsf\u00e4higkeit\" ausgesprochen. Am Freitag kritisierte der Publizist\u2026","rel":"","context":"In &quot;Demokratie \u2013 Medien \u2013 Aufkl\u00e4rung&quot;","block_context":{"text":"Demokratie \u2013 Medien \u2013 Aufkl\u00e4rung","link":"https:\/\/www.freidenker.org\/?cat=12"},"img":{"alt_text":"","src":"https:\/\/i0.wp.com\/www.freidenker.org\/fw17\/wp-content\/uploads\/2025\/04\/PzD_Stalingrad_15_09_1942_800x450.jpg?fit=800%2C450&ssl=1&resize=350%2C200","width":350,"height":200,"srcset":"https:\/\/i0.wp.com\/www.freidenker.org\/fw17\/wp-content\/uploads\/2025\/04\/PzD_Stalingrad_15_09_1942_800x450.jpg?fit=800%2C450&ssl=1&resize=350%2C200 1x, https:\/\/i0.wp.com\/www.freidenker.org\/fw17\/wp-content\/uploads\/2025\/04\/PzD_Stalingrad_15_09_1942_800x450.jpg?fit=800%2C450&ssl=1&resize=525%2C300 1.5x, https:\/\/i0.wp.com\/www.freidenker.org\/fw17\/wp-content\/uploads\/2025\/04\/PzD_Stalingrad_15_09_1942_800x450.jpg?fit=800%2C450&ssl=1&resize=700%2C400 2x"},"classes":[]}],"_links":{"self":[{"href":"https:\/\/www.freidenker.org\/index.php?rest_route=\/wp\/v2\/posts\/3070","targetHints":{"allow":["GET"]}}],"collection":[{"href":"https:\/\/www.freidenker.org\/index.php?rest_route=\/wp\/v2\/posts"}],"about":[{"href":"https:\/\/www.freidenker.org\/index.php?rest_route=\/wp\/v2\/types\/post"}],"author":[{"embeddable":true,"href":"https:\/\/www.freidenker.org\/index.php?rest_route=\/wp\/v2\/users\/3"}],"replies":[{"embeddable":true,"href":"https:\/\/www.freidenker.org\/index.php?rest_route=%2Fwp%2Fv2%2Fcomments&post=3070"}],"version-history":[{"count":0,"href":"https:\/\/www.freidenker.org\/index.php?rest_route=\/wp\/v2\/posts\/3070\/revisions"}],"wp:featuredmedia":[{"embeddable":true,"href":"https:\/\/www.freidenker.org\/index.php?rest_route=\/wp\/v2\/media\/3800"}],"wp:attachment":[{"href":"https:\/\/www.freidenker.org\/index.php?rest_route=%2Fwp%2Fv2%2Fmedia&parent=3070"}],"wp:term":[{"taxonomy":"category","embeddable":true,"href":"https:\/\/www.freidenker.org\/index.php?rest_route=%2Fwp%2Fv2%2Fcategories&post=3070"},{"taxonomy":"post_tag","embeddable":true,"href":"https:\/\/www.freidenker.org\/index.php?rest_route=%2Fwp%2Fv2%2Ftags&post=3070"}],"curies":[{"name":"wp","href":"https:\/\/api.w.org\/{rel}","templated":true}]}}