{"id":3068,"date":"2013-04-12T04:01:04","date_gmt":"2013-04-12T02:01:04","guid":{"rendered":"http:\/\/www.freidenker.org\/?p=3068"},"modified":"2018-02-18T17:43:23","modified_gmt":"2018-02-18T16:43:23","slug":"nein-zur-kriegsbeteiligung-gegen-syrien","status":"publish","type":"post","link":"https:\/\/www.freidenker.org\/?p=3068","title":{"rendered":"\u201eNein\u201c zur Kriegsbeteiligung gegen Syrien!"},"content":{"rendered":"<p><strong>PATRIOTs und AWACS raus aus der T\u00fcrkei und aus dem Krisengebiet!<\/strong><\/p>\n<p>Nach dem verheerenden Bundestagsbeschluss im Dezember 2012 unterst\u00fctzen wir jetzt den Kampf der t\u00fcrkischen Friedenskr\u00e4fte!<\/p>\n<p>Die Friedensgesellschaft der T\u00fcrkei, unter Schirmherrschaft des Weltfriedensrates, organisiert eine Internationale Friedenskonferenz in Istanbul und Antiochia<br \/>\nin der Zeit vom 25. bis 29. April 2013.<\/p>\n<p>Wir wollen eine Botschaft der Solidarit\u00e4t an die Friedenskonferenz in Istanbul und Antiochia senden und den Kampf gegen die sch\u00e4ndlichen Interventionen von au\u00dfen und gegen die Beteiligung von NATO und Deutschland an der Zerst\u00f6rung von Syrien fortsetzen. Wir rufen Euch auf,\u00a0 am<\/p>\n<p style=\"text-align: left; margin-left: 60px;\"><strong>Freitag, den 26. April, 17 Uhr <\/strong><br \/>\n<strong>an einer Mahnwache am Brandenburger Tor\/Pariser Platz<\/strong><\/p>\n<p>teilzunehmen. Bringt Eure Freunde mit!<br \/>\nDie Aufrufer zu den beiden Dezember-Mahnwachen, Gruppen der Friedenskoordination Berlin und Landesverband Berlin im Deutschen Freidenker-Verband, werden die Mahnwache am 26.4. diesmal gemeinsam organisieren.<\/p>\n<p>Bitte den Termin vormerken.<br \/>\nMit solidarischen Gr\u00fc\u00dfen<br \/>\ni.A. Uta und Eduard Mader<br \/>\nLeitungskollektiv des LV Berlin des DFV<\/p>\n<hr \/>\n<p>Bild: Eine in Luxenburg registrierte E-3 AWACS der NATO die mit drei Kampflugzeugen des Types F-16 Fighting Falcon der amerikanischen Luftwaffe in einer NATO-\u00dcbung fliegt.<br \/>\nQuelle: Von initially loaded by user Cornellrockey on en: &#8211; http:\/\/www.edwards.af.mil\/archive\/2003\/2003-archive-nato_tests.html, Gemeinfrei, https:\/\/commons.wikimedia.org\/w\/index.php?curid=848545<\/p>\n","protected":false},"excerpt":{"rendered":"<p>Die Friedensgesellschaft der T\u00fcrkei, unter Schirmherrschaft des Weltfriedensrates, organisiert eine Internationale Friedenskonferenz in Istanbul und Antiochia in der Zeit vom 25. bis 29. April 2013. Wir wollen eine Botschaft der Solidarit\u00e4t an die Friedenskonferenz in Istanbul und Antiochia senden und den Kampf gegen die sch\u00e4ndlichen Interventionen von au\u00dfen und gegen die Beteiligung von NATO und Deutschland an der Zerst\u00f6rung von Syrien fortsetzen. Wir rufen Euch auf,  am Freitag, den 26. April, 17 Uhr an einer Mahnwache am Brandenburger Tor\/Pariser Platz in Berlin teilzunehmen. <\/p>\n","protected":false},"author":3,"featured_media":3798,"comment_status":"closed","ping_status":"closed","sticky":false,"template":"","format":"standard","meta":{"colormag_page_container_layout":"default_layout","colormag_page_sidebar_layout":"default_layout","advanced_seo_description":"","jetpack_seo_html_title":"","jetpack_seo_noindex":false,"jetpack_post_was_ever_published":false,"footnotes":""},"categories":[13,19],"tags":[411,335,336],"class_list":["post-3068","post","type-post","status-publish","format-standard","has-post-thumbnail","hentry","category-frieden-antifaschismus-solidaritaet","category-veranstaltungen-in-den-dfv-landesverbaenden","tag-demonstration","tag-frieden","tag-syrien"],"jetpack_featured_media_url":"https:\/\/i0.wp.com\/www.freidenker.org\/fw17\/wp-content\/uploads\/2013\/04\/Nato_awacs_800x445.jpg?fit=800%2C445&ssl=1","jetpack_shortlink":"https:\/\/wp.me\/p9stpK-Nu","jetpack-related-posts":[{"id":3092,"url":"https:\/\/www.freidenker.org\/?p=3092","url_meta":{"origin":3068,"position":0},"title":"Sagen Sie \u201eNEIN\u201c zur Kriegsbeteiligung gegen Syrien!","author":"Webredaktion","date":"5. Dezember 2012","format":false,"excerpt":"Offener Brief an die Abgeordneten des Deutschen Bundestags Am 12. Dezember 2012 sollen Sie \u00fcber den Antrag der Bundesregierung zwecks \u201eEntsendung bewaffneter deutscher Streitkr\u00e4fte zur Verst\u00e4rkung der integrierten Luftverteidigung der NATO (NATINADS) auf Ersuchen der T\u00fcrkei ...\u201c befinden.Obwohl Syrien nicht die Absicht hat, die T\u00fcrkei anzugreifen, sich vielmehr bewaffneter Banden\u2026","rel":"","context":"In &quot;Frieden - Antifaschismus - Solidarit\u00e4t&quot;","block_context":{"text":"Frieden - Antifaschismus - Solidarit\u00e4t","link":"https:\/\/www.freidenker.org\/?cat=13"},"img":{"alt_text":"","src":"https:\/\/i0.wp.com\/www.freidenker.org\/fw17\/wp-content\/uploads\/2012\/12\/Patriot_System_2_800x445.jpg?fit=800%2C445&ssl=1&resize=350%2C200","width":350,"height":200,"srcset":"https:\/\/i0.wp.com\/www.freidenker.org\/fw17\/wp-content\/uploads\/2012\/12\/Patriot_System_2_800x445.jpg?fit=800%2C445&ssl=1&resize=350%2C200 1x, https:\/\/i0.wp.com\/www.freidenker.org\/fw17\/wp-content\/uploads\/2012\/12\/Patriot_System_2_800x445.jpg?fit=800%2C445&ssl=1&resize=525%2C300 1.5x, https:\/\/i0.wp.com\/www.freidenker.org\/fw17\/wp-content\/uploads\/2012\/12\/Patriot_System_2_800x445.jpg?fit=800%2C445&ssl=1&resize=700%2C400 2x"},"classes":[]},{"id":3103,"url":"https:\/\/www.freidenker.org\/?p=3103","url_meta":{"origin":3068,"position":1},"title":"Freidenker-Brief 3-2012: Stoppt den Krieg \u2013 H\u00e4nde weg von Syrien!","author":"Webredaktion","date":"28. August 2012","format":false,"excerpt":"Das \u201eFrankfurter Solidarit\u00e4tskomitee f\u00fcr Syrien\" ruft zu einer Demonstration unter dem Motto \u201eStoppt den Krieg \u2013 H\u00e4nde weg von Syrien\" am Samstag, dem 1. September 2012, dem diesj\u00e4hrigen Antikriegstag, in Frankfurt am Main auf. Zweck der Demonstration ist es, ein Ende der aggressiven v\u00f6lkerrechtswidrigen Einmischung der USA und anderer NATO-Mitgliedsstaaten\u2026","rel":"","context":"In &quot;Freidenker-Brief&quot;","block_context":{"text":"Freidenker-Brief","link":"https:\/\/www.freidenker.org\/?cat=341"},"img":{"alt_text":"","src":"https:\/\/i0.wp.com\/www.freidenker.org\/fw17\/wp-content\/uploads\/2012\/08\/01-2012-09-01-1-0328_800x445.jpg?fit=800%2C445&ssl=1&resize=350%2C200","width":350,"height":200,"srcset":"https:\/\/i0.wp.com\/www.freidenker.org\/fw17\/wp-content\/uploads\/2012\/08\/01-2012-09-01-1-0328_800x445.jpg?fit=800%2C445&ssl=1&resize=350%2C200 1x, https:\/\/i0.wp.com\/www.freidenker.org\/fw17\/wp-content\/uploads\/2012\/08\/01-2012-09-01-1-0328_800x445.jpg?fit=800%2C445&ssl=1&resize=525%2C300 1.5x, https:\/\/i0.wp.com\/www.freidenker.org\/fw17\/wp-content\/uploads\/2012\/08\/01-2012-09-01-1-0328_800x445.jpg?fit=800%2C445&ssl=1&resize=700%2C400 2x"},"classes":[]},{"id":882,"url":"https:\/\/www.freidenker.org\/?p=882","url_meta":{"origin":3068,"position":2},"title":"Freidenker-Brief 6-2016: Syrien: Kriegspropaganda, Sanktionen und Unterst\u00fctzung der Terrormilizen beenden!","author":"Webredaktion","date":"7. Oktober 2016","format":false,"excerpt":"Unter dieser Losung ver\u00f6ffentlicht der Deutsche Freidenker-Verband die nachstehende Erkl\u00e4rung und ruft damit seine Mitglieder und Sympathisanten auf, sich an der Bundesweiten Friedensdemonstration in Berlin am 8. Oktober 2016 m\u00f6glichst zahlreich zu beteiligen. Geplant ist ein Block mit dem Frontbanner \u201eNATO raus \u2013 raus aus der NATO\u201c. Wer dieser unserer\u2026","rel":"","context":"In &quot;Freidenker-Brief&quot;","block_context":{"text":"Freidenker-Brief","link":"https:\/\/www.freidenker.org\/?cat=341"},"img":{"alt_text":"","src":"https:\/\/i0.wp.com\/www.freidenker.org\/fw17\/wp-content\/uploads\/2017\/11\/syrien_usa_russland_800.jpg?fit=800%2C445&ssl=1&resize=350%2C200","width":350,"height":200,"srcset":"https:\/\/i0.wp.com\/www.freidenker.org\/fw17\/wp-content\/uploads\/2017\/11\/syrien_usa_russland_800.jpg?fit=800%2C445&ssl=1&resize=350%2C200 1x, https:\/\/i0.wp.com\/www.freidenker.org\/fw17\/wp-content\/uploads\/2017\/11\/syrien_usa_russland_800.jpg?fit=800%2C445&ssl=1&resize=525%2C300 1.5x, https:\/\/i0.wp.com\/www.freidenker.org\/fw17\/wp-content\/uploads\/2017\/11\/syrien_usa_russland_800.jpg?fit=800%2C445&ssl=1&resize=700%2C400 2x"},"classes":[]},{"id":52,"url":"https:\/\/www.freidenker.org\/?p=52","url_meta":{"origin":3068,"position":3},"title":"Freidenker-Brief 7-2015: Schluss mit der Missachtung der nationalen Souver\u00e4nit\u00e4t Syriens!","author":"Webmaster","date":"14. Dezember 2015","format":false,"excerpt":"Der Deutsche Freidenker-Verband solidarisiert sich mit den Protest-Kundgebungen gegen den geplanten v\u00f6lkerrechtswidrigen Einsatz deutscher Soldaten in Syrien. Die Kritik der Anwendung milit\u00e4rischer Gewalt darf aber nicht l\u00e4nger ignorieren, dass die von Anfang an auf Regierungsumsturz abzielende Einmischung Deutschlands und anderer westlicher Staaten in die inneren Angelegenheiten Syriens, die unversch\u00e4mte Missachtung\u2026","rel":"","context":"In &quot;Freidenker-Brief&quot;","block_context":{"text":"Freidenker-Brief","link":"https:\/\/www.freidenker.org\/?cat=341"},"img":{"alt_text":"","src":"https:\/\/i0.wp.com\/www.freidenker.org\/fw17\/wp-content\/uploads\/2016\/05\/aleppo_citadel_syria.jpg?fit=800%2C445&ssl=1&resize=350%2C200","width":350,"height":200,"srcset":"https:\/\/i0.wp.com\/www.freidenker.org\/fw17\/wp-content\/uploads\/2016\/05\/aleppo_citadel_syria.jpg?fit=800%2C445&ssl=1&resize=350%2C200 1x, https:\/\/i0.wp.com\/www.freidenker.org\/fw17\/wp-content\/uploads\/2016\/05\/aleppo_citadel_syria.jpg?fit=800%2C445&ssl=1&resize=525%2C300 1.5x, https:\/\/i0.wp.com\/www.freidenker.org\/fw17\/wp-content\/uploads\/2016\/05\/aleppo_citadel_syria.jpg?fit=800%2C445&ssl=1&resize=700%2C400 2x"},"classes":[]},{"id":4991,"url":"https:\/\/www.freidenker.org\/?p=4991","url_meta":{"origin":3068,"position":4},"title":"Freidenker verurteilen Aggression gegen Syrien","author":"Webredaktion","date":"15. April 2018","format":false,"excerpt":"Der Deutsche Freidenker-Verband verurteilt die Raketenangriffe der USA, Gro\u00dfbritanniens und Frankreichs gegen Syrien. Sie stellen eine mit der Charta der Vereinten Nationen unvereinbare und somit v\u00f6lkerrechtswidrige Aggressionshandlung dar, sie bedeuten die Verletzung der Souver\u00e4nit\u00e4t und territorialen Integrit\u00e4t der Arabischen Republik Syrien. Dies ist ein neuerlicher krimineller Akt und ein Kriegsverbrechen\u2026","rel":"","context":"In &quot;Frieden - Antifaschismus - Solidarit\u00e4t&quot;","block_context":{"text":"Frieden - Antifaschismus - Solidarit\u00e4t","link":"https:\/\/www.freidenker.org\/?cat=13"},"img":{"alt_text":"","src":"https:\/\/i0.wp.com\/www.freidenker.org\/fw17\/wp-content\/uploads\/2018\/04\/syrien_angriff_2018-04-14_800x445.jpg?fit=800%2C445&ssl=1&resize=350%2C200","width":350,"height":200,"srcset":"https:\/\/i0.wp.com\/www.freidenker.org\/fw17\/wp-content\/uploads\/2018\/04\/syrien_angriff_2018-04-14_800x445.jpg?fit=800%2C445&ssl=1&resize=350%2C200 1x, https:\/\/i0.wp.com\/www.freidenker.org\/fw17\/wp-content\/uploads\/2018\/04\/syrien_angriff_2018-04-14_800x445.jpg?fit=800%2C445&ssl=1&resize=525%2C300 1.5x, https:\/\/i0.wp.com\/www.freidenker.org\/fw17\/wp-content\/uploads\/2018\/04\/syrien_angriff_2018-04-14_800x445.jpg?fit=800%2C445&ssl=1&resize=700%2C400 2x"},"classes":[]},{"id":1391,"url":"https:\/\/www.freidenker.org\/?p=1391","url_meta":{"origin":3068,"position":5},"title":"Freidenker-Brief 2-2017: \u201eSyrien erk\u00e4mpft den Sieg\u201c","author":"Webredaktion","date":"30. August 2017","format":false,"excerpt":"Der deutsche Freidenkerverband ist Mitveranstalter der Demonstration \u201eSyrien erk\u00e4mpft den Sieg\u201c gegen den Terrorkrieg von NATO, Zionisten, \"Islamischem Staat\" und Golfmonarchen\" am 2.9.2017 in Frankfurt am Main. Auftaktkundgebung um 13 Uhr an der Alten Oper. Hauptveranstalter ist das Frankfurter Solidarit\u00e4tskomitee f\u00fcr Syrien. Wir laden Sie herzlich ein, an der Demonstration\u2026","rel":"","context":"In &quot;Freidenker-Brief&quot;","block_context":{"text":"Freidenker-Brief","link":"https:\/\/www.freidenker.org\/?cat=341"},"img":{"alt_text":"","src":"https:\/\/i0.wp.com\/www.freidenker.org\/fw17\/wp-content\/uploads\/2017\/08\/International_Mine_Action_Center_in_Syria_Aleppo_45.jpg?fit=800%2C445&ssl=1&resize=350%2C200","width":350,"height":200,"srcset":"https:\/\/i0.wp.com\/www.freidenker.org\/fw17\/wp-content\/uploads\/2017\/08\/International_Mine_Action_Center_in_Syria_Aleppo_45.jpg?fit=800%2C445&ssl=1&resize=350%2C200 1x, https:\/\/i0.wp.com\/www.freidenker.org\/fw17\/wp-content\/uploads\/2017\/08\/International_Mine_Action_Center_in_Syria_Aleppo_45.jpg?fit=800%2C445&ssl=1&resize=525%2C300 1.5x, https:\/\/i0.wp.com\/www.freidenker.org\/fw17\/wp-content\/uploads\/2017\/08\/International_Mine_Action_Center_in_Syria_Aleppo_45.jpg?fit=800%2C445&ssl=1&resize=700%2C400 2x"},"classes":[]}],"_links":{"self":[{"href":"https:\/\/www.freidenker.org\/index.php?rest_route=\/wp\/v2\/posts\/3068","targetHints":{"allow":["GET"]}}],"collection":[{"href":"https:\/\/www.freidenker.org\/index.php?rest_route=\/wp\/v2\/posts"}],"about":[{"href":"https:\/\/www.freidenker.org\/index.php?rest_route=\/wp\/v2\/types\/post"}],"author":[{"embeddable":true,"href":"https:\/\/www.freidenker.org\/index.php?rest_route=\/wp\/v2\/users\/3"}],"replies":[{"embeddable":true,"href":"https:\/\/www.freidenker.org\/index.php?rest_route=%2Fwp%2Fv2%2Fcomments&post=3068"}],"version-history":[{"count":0,"href":"https:\/\/www.freidenker.org\/index.php?rest_route=\/wp\/v2\/posts\/3068\/revisions"}],"wp:featuredmedia":[{"embeddable":true,"href":"https:\/\/www.freidenker.org\/index.php?rest_route=\/wp\/v2\/media\/3798"}],"wp:attachment":[{"href":"https:\/\/www.freidenker.org\/index.php?rest_route=%2Fwp%2Fv2%2Fmedia&parent=3068"}],"wp:term":[{"taxonomy":"category","embeddable":true,"href":"https:\/\/www.freidenker.org\/index.php?rest_route=%2Fwp%2Fv2%2Fcategories&post=3068"},{"taxonomy":"post_tag","embeddable":true,"href":"https:\/\/www.freidenker.org\/index.php?rest_route=%2Fwp%2Fv2%2Ftags&post=3068"}],"curies":[{"name":"wp","href":"https:\/\/api.w.org\/{rel}","templated":true}]}}