{"id":3066,"date":"2013-05-01T03:57:57","date_gmt":"2013-05-01T01:57:57","guid":{"rendered":"http:\/\/www.freidenker.org\/?p=3066"},"modified":"2018-02-14T21:42:46","modified_gmt":"2018-02-14T20:42:46","slug":"selbstbestimmungsrecht-und-bundesarbeitsgericht","status":"publish","type":"post","link":"https:\/\/www.freidenker.org\/?p=3066","title":{"rendered":"Selbstbestimmungsrecht und Bundesarbeitsgericht"},"content":{"rendered":"<p style=\"margin-bottom: 6pt; line-height: normal;\"><strong><span style=\"font-size: 12pt;\">Heilige Kindersch\u00e4nder sind\u2019s zufrieden<\/span><\/strong><\/p>\n<p style=\"margin-bottom: 6pt; line-height: normal;\">Nicht aus Zweifel an Gottes Gnade oder der Jungfrauengeburt trat ein 60j\u00e4hriger Sonderp\u00e4dagoge in Mannheim aus der Kirche aus. Es war nur seine Entt\u00e4uschung \u00fcber die \u201aMissbrauchsf\u00e4lle\u2018, also die Sexualstraftaten der Gottesdiener, die ihn 2011 bewogen, die Katholische Kirche zu verlassen. Die war bisher sein Arbeitgeber, und folgte ungn\u00e4dig dem bekannten Motto \u201eAuge um Auge, Zahn um Zahn\u201c. Der Mann wurde entlassen, und das Bundesarbeitsgericht in Erfurt gab ihm am Donnerstag Recht \u2013 ihm, dem Klerus nat\u00fcrlich und seinen Rachegel\u00fcsten.<\/p>\n<p style=\"margin-bottom: 6pt; line-height: normal;\">Mit dem Kirchenaustritt habe der P\u00e4dagoge die Eignung f\u00fcr eine Weiterbesch\u00e4ftigung verloren, denn er habe nach kirchlichem Selbstverst\u00e4ndnis unmittelbar \u201eDienst am Menschen\u201c geleistet. Die katholischen Sexualstraft\u00e4ter mit ihrem sehr speziellen Verst\u00e4ndnis vom Dienst \u201eunmittelbar am Menschen\u201c, besonders am minderj\u00e4hrigen Menschen, m\u00fcssen sich um ihre gesicherte Existenz in der Kirche keine Gedanken machen. Sie w\u00e4ren ja auch bescheuert, ihren Scho\u00df zu verlassen.<\/p>\n<p style=\"margin-bottom: 6pt; line-height: normal;\">So buchstabiert man eben Rechtsstaat in Deutschland:Die Glaubens- und Gewissensfreiheit des Kl\u00e4gers m\u00fcsse hinter das Selbstbestimmungsrecht der Kirchen zur\u00fccktreten. Aber \u00fcber andere Gottesstaaten k\u00f6nnen sich die Berliner Regierungskanaillen schon k\u00fcnstlich erregen, wenn sie Deutschlands Interessen nicht zu Diensten sind. Denen wird auch mal ganz unkompliziert mit humanit\u00e4rem Bombardement gedroht, wenn das Obama- oder Merkel-Regime dort die Menschenrechte gef\u00e4hrdet sieht. Sollen wir jetzt auf einen mutigen Staat warten, der auf die Menschrechtsverletzung in Deutschland genauso reagiert? Oder finden sich in Deutschland gen\u00fcgend Demokraten, die dem rechtsfreien Raum bei kirchlichen Arbeitgebern ein Ende setzen?<\/p>\n<hr \/>\n<p>Foto: Von Christoph Hoffmann &#8211; Eigenes Werk, CC BY-SA 2.0 de, https:\/\/commons.wikimedia.org\/w\/index.php?curid=380621<\/p>\n","protected":false},"excerpt":{"rendered":"<p><strong>Heilige Kindersch\u00e4nder sind\u2019s zufrieden<\/strong><br \/>\nNicht aus Zweifel an Gottes Gnade oder der Jungfrauengeburt trat ein 60j\u00e4hriger Sonderp\u00e4dagoge in Mannheim aus der Kirche aus. Es war nur seine Entt\u00e4uschung \u00fcber die \u201aMissbrauchsf\u00e4lle\u2018, also die Sexualstraftaten der Gottesdiener, die ihn 2011 bewogen, die Katholische Kirche zu verlassen. Die war bisher sein Arbeitgeber, und folgte ungn\u00e4dig dem bekannten Motto \u201eAuge um Auge, Zahn um Zahn\u201c. Der Mann wurde entlassen, und das Bundesarbeitsgericht in Erfurt gab ihm am Donnerstag Recht \u2013 ihm, dem Klerus nat\u00fcrlich und seinen Rachegel\u00fcsten.<\/p>\n","protected":false},"author":3,"featured_media":3790,"comment_status":"closed","ping_status":"closed","sticky":false,"template":"","format":"standard","meta":{"colormag_page_container_layout":"default_layout","colormag_page_sidebar_layout":"default_layout","advanced_seo_description":"","jetpack_seo_html_title":"","jetpack_seo_noindex":false,"jetpack_post_was_ever_published":false,"footnotes":""},"categories":[11,15],"tags":[731,732,388],"class_list":["post-3066","post","type-post","status-publish","format-standard","has-post-thumbnail","hentry","category-arbeit-soziales","category-religions-kirchenkritik","tag-arbeitsrecht","tag-glaubens-und-gewissensfreiheit","tag-katholische-kirche"],"jetpack_featured_media_url":"https:\/\/i0.wp.com\/www.freidenker.org\/fw17\/wp-content\/uploads\/2013\/05\/BAG_Erfurt_800x445.jpg?fit=800%2C445&ssl=1","jetpack_shortlink":"https:\/\/wp.me\/p9stpK-Ns","jetpack-related-posts":[{"id":9592,"url":"https:\/\/www.freidenker.org\/?p=9592","url_meta":{"origin":3066,"position":0},"title":"US-Medienbericht: Deutsche Nonnen &#8222;vermieteten&#8220; Waisenkinder f\u00fcr Orgien","author":"Webredaktion","date":"17. Februar 2021","format":false,"excerpt":"Beitrag von RT DE Die katholische Erzdi\u00f6zese in K\u00f6ln steht schon seit L\u00e4ngerem schwer in der Kritik. 2020 sollte ein\u00a0Gutachten der M\u00fcnchner Anwaltskanzlei Westpfahl Spilker Wastl zu Missbrauchsvorw\u00fcrfen erscheinen, die zum Teil Jahrzehnte zur\u00fcckreichen. In Auftrag gegeben wurde\u00a0das\u00a0Gutachten vom K\u00f6lner Erzbischof Rainer Maria Woelki.\u00a0Der Bericht sollte untersuchen, wie Bistumsverantwortliche in\u2026","rel":"","context":"In &quot;Religions- &amp; Kirchenkritik, S\u00e4kulare Szene&quot;","block_context":{"text":"Religions- &amp; Kirchenkritik, S\u00e4kulare Szene","link":"https:\/\/www.freidenker.org\/?cat=15"},"img":{"alt_text":"","src":"https:\/\/i0.wp.com\/www.freidenker.org\/fw17\/wp-content\/uploads\/2021\/02\/boy-1636731_800x450.jpg?fit=800%2C450&ssl=1&resize=350%2C200","width":350,"height":200,"srcset":"https:\/\/i0.wp.com\/www.freidenker.org\/fw17\/wp-content\/uploads\/2021\/02\/boy-1636731_800x450.jpg?fit=800%2C450&ssl=1&resize=350%2C200 1x, https:\/\/i0.wp.com\/www.freidenker.org\/fw17\/wp-content\/uploads\/2021\/02\/boy-1636731_800x450.jpg?fit=800%2C450&ssl=1&resize=525%2C300 1.5x, https:\/\/i0.wp.com\/www.freidenker.org\/fw17\/wp-content\/uploads\/2021\/02\/boy-1636731_800x450.jpg?fit=800%2C450&ssl=1&resize=700%2C400 2x"},"classes":[]},{"id":11987,"url":"https:\/\/www.freidenker.org\/?p=11987","url_meta":{"origin":3066,"position":1},"title":"Missbrauchsskandal und Kollateralschaden","author":"Webredaktion","date":"14. Januar 2022","format":false,"excerpt":"Beitrag von Dagmar Henn In wenigen Tagen soll ein neues Gutachten zu sexuellem Missbrauch im katholischen Erzbistum M\u00fcnchen und Freising vorgestellt werden. Seit dem Jahr 2010, also bereits seit \u00fcber zehn Jahren, wird insbesondere die katholische Kirche dieses Thema nicht mehr los. Es hat ihr einen gravierenden Einflussverlust beschert. Dass\u2026","rel":"","context":"In &quot;Religions- &amp; Kirchenkritik, S\u00e4kulare Szene&quot;","block_context":{"text":"Religions- &amp; Kirchenkritik, S\u00e4kulare Szene","link":"https:\/\/www.freidenker.org\/?cat=15"},"img":{"alt_text":"","src":"https:\/\/i0.wp.com\/www.freidenker.org\/fw17\/wp-content\/uploads\/2022\/01\/church-4019523_800x450.jpg?fit=800%2C450&ssl=1&resize=350%2C200","width":350,"height":200,"srcset":"https:\/\/i0.wp.com\/www.freidenker.org\/fw17\/wp-content\/uploads\/2022\/01\/church-4019523_800x450.jpg?fit=800%2C450&ssl=1&resize=350%2C200 1x, https:\/\/i0.wp.com\/www.freidenker.org\/fw17\/wp-content\/uploads\/2022\/01\/church-4019523_800x450.jpg?fit=800%2C450&ssl=1&resize=525%2C300 1.5x, https:\/\/i0.wp.com\/www.freidenker.org\/fw17\/wp-content\/uploads\/2022\/01\/church-4019523_800x450.jpg?fit=800%2C450&ssl=1&resize=700%2C400 2x"},"classes":[]},{"id":3248,"url":"https:\/\/www.freidenker.org\/?p=3248","url_meta":{"origin":3066,"position":2},"title":"Faschisten, Reaktion\u00e4re und der Vatikan","author":"Webredaktion","date":"17. M\u00e4rz 2009","format":false,"excerpt":"Beitrag aus FREIDENKER 1-09 Dass die katholische Kirche zu Jahresbeginn in aller Munde war, hat sie sich unter ihrem Oberhirten Ratzinger alias Papst Benedict XVI. redlich verdient. Das meiste Aufsehen erregte er damit, den Holocaustleugnern und Erzreaktion\u00e4ren der \u201eBruderschaft St. Pius X.\u201c (FSSPX) das Tor zur Kirche wieder zu \u00f6ffnen.\u2026","rel":"","context":"In &quot;Religions- &amp; Kirchenkritik, S\u00e4kulare Szene&quot;","block_context":{"text":"Religions- &amp; Kirchenkritik, S\u00e4kulare Szene","link":"https:\/\/www.freidenker.org\/?cat=15"},"img":{"alt_text":"","src":"https:\/\/i0.wp.com\/www.freidenker.org\/fw17\/wp-content\/uploads\/2009\/03\/Memmingen_St_Joseph_Marienaltar_800x445.jpg?fit=800%2C445&ssl=1&resize=350%2C200","width":350,"height":200,"srcset":"https:\/\/i0.wp.com\/www.freidenker.org\/fw17\/wp-content\/uploads\/2009\/03\/Memmingen_St_Joseph_Marienaltar_800x445.jpg?fit=800%2C445&ssl=1&resize=350%2C200 1x, https:\/\/i0.wp.com\/www.freidenker.org\/fw17\/wp-content\/uploads\/2009\/03\/Memmingen_St_Joseph_Marienaltar_800x445.jpg?fit=800%2C445&ssl=1&resize=525%2C300 1.5x, https:\/\/i0.wp.com\/www.freidenker.org\/fw17\/wp-content\/uploads\/2009\/03\/Memmingen_St_Joseph_Marienaltar_800x445.jpg?fit=800%2C445&ssl=1&resize=700%2C400 2x"},"classes":[]},{"id":692,"url":"https:\/\/www.freidenker.org\/?p=692","url_meta":{"origin":3066,"position":3},"title":"Katholische Kirche und die Missbrauchsskandale","author":"Webmaster","date":"17. M\u00e4rz 2013","format":false,"excerpt":"Beitrag von Dennis Riehle aus FREIDENKER 1-13 Dass der Vatikan es nicht so ernst mit der Aufkl\u00e4rung der weltweiten Missbrauchsskandale durch die eigenen Bisch\u00f6fe und Priester nimmt, hat nicht zuletzt der Austausch des dortigen Beauftragten gezeigt, der den oberen Kirchenh\u00fctern in seiner Arbeit offenbar zu engagiert schien und Tatsachen zutage\u2026","rel":"","context":"In &quot;Religions- &amp; Kirchenkritik, S\u00e4kulare Szene&quot;","block_context":{"text":"Religions- &amp; Kirchenkritik, S\u00e4kulare Szene","link":"https:\/\/www.freidenker.org\/?cat=15"},"img":{"alt_text":"","src":"https:\/\/i0.wp.com\/www.freidenker.org\/fw17\/wp-content\/uploads\/2016\/08\/Rosenkranz.jpg?fit=800%2C445&ssl=1&resize=350%2C200","width":350,"height":200,"srcset":"https:\/\/i0.wp.com\/www.freidenker.org\/fw17\/wp-content\/uploads\/2016\/08\/Rosenkranz.jpg?fit=800%2C445&ssl=1&resize=350%2C200 1x, https:\/\/i0.wp.com\/www.freidenker.org\/fw17\/wp-content\/uploads\/2016\/08\/Rosenkranz.jpg?fit=800%2C445&ssl=1&resize=525%2C300 1.5x, https:\/\/i0.wp.com\/www.freidenker.org\/fw17\/wp-content\/uploads\/2016\/08\/Rosenkranz.jpg?fit=800%2C445&ssl=1&resize=700%2C400 2x"},"classes":[]},{"id":200,"url":"https:\/\/www.freidenker.org\/?p=200","url_meta":{"origin":3066,"position":4},"title":"Senat verschenkt Millionen Euro an die Hamburger Kirchen","author":"Webmaster","date":"22. September 2003","format":false,"excerpt":"Beitrag von Uwe Scheer Nach einer Meldung des Norddeutschen Rundfunks ... soll nach dem zuk\u00fcnftigen Kirchenstaatsvertrag, \u00fcber den noch verhandelt wird, sowohl der evangelischen Kirche als der katholischen Kirche der Eigenanteil an den Kindergartengeb\u00fchren vollst\u00e4ndig erlassen werden. Dieser Betrag betr\u00e4gt gegenw\u00e4rtig 10 Prozent der Eigenkosten, 90 Prozent brachte schon der\u2026","rel":"","context":"In &quot;Religions- &amp; Kirchenkritik, S\u00e4kulare Szene&quot;","block_context":{"text":"Religions- &amp; Kirchenkritik, S\u00e4kulare Szene","link":"https:\/\/www.freidenker.org\/?cat=15"},"img":{"alt_text":"","src":"https:\/\/i0.wp.com\/www.freidenker.org\/fw17\/wp-content\/uploads\/2016\/05\/Fahne_Hamburg.jpg?fit=800%2C445&ssl=1&resize=350%2C200","width":350,"height":200,"srcset":"https:\/\/i0.wp.com\/www.freidenker.org\/fw17\/wp-content\/uploads\/2016\/05\/Fahne_Hamburg.jpg?fit=800%2C445&ssl=1&resize=350%2C200 1x, https:\/\/i0.wp.com\/www.freidenker.org\/fw17\/wp-content\/uploads\/2016\/05\/Fahne_Hamburg.jpg?fit=800%2C445&ssl=1&resize=525%2C300 1.5x, https:\/\/i0.wp.com\/www.freidenker.org\/fw17\/wp-content\/uploads\/2016\/05\/Fahne_Hamburg.jpg?fit=800%2C445&ssl=1&resize=700%2C400 2x"},"classes":[]},{"id":5538,"url":"https:\/\/www.freidenker.org\/?p=5538","url_meta":{"origin":3066,"position":5},"title":"Beschr\u00e4nkung des Spielraums der Kirchen im Arbeitsrecht","author":"Webredaktion","date":"5. November 2018","format":false,"excerpt":"Beitrag von Klaus von Raussendorff Das Selbstbestimmungsrecht der Kirchen unterliegt bei Arbeitsrechtsstreitigkeiten der Kontrolle durch staatliche Gerichte. So urteilte der Europ\u00e4ische Gerichtshof (EuGH) in Luxemburg in zwei F\u00e4llen. Geklagt hatte eine konfessionslose Sozialp\u00e4dagogin, die zu einer Bewerbung auf eine Stelle bei der Diakonie nicht zugelassen worden war, und ein Chefarzt\u2026","rel":"","context":"In &quot;Arbeit &amp; Soziales&quot;","block_context":{"text":"Arbeit &amp; Soziales","link":"https:\/\/www.freidenker.org\/?cat=11"},"img":{"alt_text":"","src":"https:\/\/i0.wp.com\/www.freidenker.org\/fw17\/wp-content\/uploads\/2018\/11\/human-resources-3754055_800x445.jpg?fit=800%2C445&ssl=1&resize=350%2C200","width":350,"height":200,"srcset":"https:\/\/i0.wp.com\/www.freidenker.org\/fw17\/wp-content\/uploads\/2018\/11\/human-resources-3754055_800x445.jpg?fit=800%2C445&ssl=1&resize=350%2C200 1x, https:\/\/i0.wp.com\/www.freidenker.org\/fw17\/wp-content\/uploads\/2018\/11\/human-resources-3754055_800x445.jpg?fit=800%2C445&ssl=1&resize=525%2C300 1.5x, https:\/\/i0.wp.com\/www.freidenker.org\/fw17\/wp-content\/uploads\/2018\/11\/human-resources-3754055_800x445.jpg?fit=800%2C445&ssl=1&resize=700%2C400 2x"},"classes":[]}],"_links":{"self":[{"href":"https:\/\/www.freidenker.org\/index.php?rest_route=\/wp\/v2\/posts\/3066","targetHints":{"allow":["GET"]}}],"collection":[{"href":"https:\/\/www.freidenker.org\/index.php?rest_route=\/wp\/v2\/posts"}],"about":[{"href":"https:\/\/www.freidenker.org\/index.php?rest_route=\/wp\/v2\/types\/post"}],"author":[{"embeddable":true,"href":"https:\/\/www.freidenker.org\/index.php?rest_route=\/wp\/v2\/users\/3"}],"replies":[{"embeddable":true,"href":"https:\/\/www.freidenker.org\/index.php?rest_route=%2Fwp%2Fv2%2Fcomments&post=3066"}],"version-history":[{"count":0,"href":"https:\/\/www.freidenker.org\/index.php?rest_route=\/wp\/v2\/posts\/3066\/revisions"}],"wp:featuredmedia":[{"embeddable":true,"href":"https:\/\/www.freidenker.org\/index.php?rest_route=\/wp\/v2\/media\/3790"}],"wp:attachment":[{"href":"https:\/\/www.freidenker.org\/index.php?rest_route=%2Fwp%2Fv2%2Fmedia&parent=3066"}],"wp:term":[{"taxonomy":"category","embeddable":true,"href":"https:\/\/www.freidenker.org\/index.php?rest_route=%2Fwp%2Fv2%2Fcategories&post=3066"},{"taxonomy":"post_tag","embeddable":true,"href":"https:\/\/www.freidenker.org\/index.php?rest_route=%2Fwp%2Fv2%2Ftags&post=3066"}],"curies":[{"name":"wp","href":"https:\/\/api.w.org\/{rel}","templated":true}]}}