{"id":3062,"date":"2013-05-20T03:50:51","date_gmt":"2013-05-20T01:50:51","guid":{"rendered":"http:\/\/www.freidenker.org\/?p=3062"},"modified":"2018-02-18T22:51:42","modified_gmt":"2018-02-18T21:51:42","slug":"44-kongress-der-weltunion-der-freidenker-24-bis-26-mai-2013","status":"publish","type":"post","link":"https:\/\/www.freidenker.org\/?p=3062","title":{"rendered":"44. Kongress der Weltunion der Freidenker, 24. bis 26. Mai 2013"},"content":{"rendered":"<div>Der 44. Kongress der Weltunion der Freidenker findet vom 24. bis 26. Mai 2013 in Mannheim, B\u00fcrgerhaus Neckarstadt, Lutherstra\u00dfe 15-17 statt. Das Motto lautet &#8222;<strong>Freies Denken und die Bereiche von Wirtschaft, Gesellschaft, Politik<\/strong>&#8222;. Zur Teilnahme am Samstag, 25.05.2013 seid ihr herzlich eingeladen.<\/div>\n<div><\/div>\n<div>Am <strong>Sonntag, 26. Mai 2013<\/strong> findet um <strong>11:45<\/strong> eine &#8222;<strong>Freidenkerische Stadtf\u00fchrung durch die Heidelberger Altstadt<\/strong>&#8220; statt. Bitte meldet euch f\u00fcr diese Stadtf\u00fchrung bei <strong><a href=\"mailto:monika.krotter-hartmann@freidenker.org\">Monika Krotter-Hartmann<\/a><\/strong> an.<\/div>\n<div><\/div>\n<div>Weitere Informationen k\u00f6nnt Ihr hier erhalten:<\/div>\n<div>\n<ul>\n<li>Veranstaltungsinformationen zum 44. Kongress der Weltunion der Freidenker:\u00a0<img data-recalc-dims=\"1\" loading=\"lazy\" decoding=\"async\" data-attachment-id=\"1072\" data-permalink=\"https:\/\/www.freidenker.org\/?attachment_id=1072\" data-orig-file=\"https:\/\/i0.wp.com\/www.freidenker.org\/fw17\/wp-content\/uploads\/2017\/10\/pdf_icon-e1509487447542.png?fit=16%2C16&amp;ssl=1\" data-orig-size=\"16,16\" data-comments-opened=\"0\" data-image-meta=\"{&quot;aperture&quot;:&quot;0&quot;,&quot;credit&quot;:&quot;&quot;,&quot;camera&quot;:&quot;&quot;,&quot;caption&quot;:&quot;&quot;,&quot;created_timestamp&quot;:&quot;0&quot;,&quot;copyright&quot;:&quot;&quot;,&quot;focal_length&quot;:&quot;0&quot;,&quot;iso&quot;:&quot;0&quot;,&quot;shutter_speed&quot;:&quot;0&quot;,&quot;title&quot;:&quot;&quot;,&quot;orientation&quot;:&quot;0&quot;}\" data-image-title=\"pdf_icon_16\" data-image-description=\"\" data-image-caption=\"\" data-large-file=\"https:\/\/i0.wp.com\/www.freidenker.org\/fw17\/wp-content\/uploads\/2017\/10\/pdf_icon-e1509487447542.png?fit=16%2C16&amp;ssl=1\" class=\"alignnone size-full wp-image-1072\" src=\"https:\/\/i0.wp.com\/www.freidenker.org\/fw17\/wp-content\/uploads\/2017\/10\/pdf_icon-e1509487447542.png?resize=16%2C16&#038;ssl=1\" alt=\"\" width=\"16\" height=\"16\" \/> <a title=\"Informationsflyer\" href=\"https:\/\/www.freidenker.org\/fw17\/wp-content\/uploads\/2017\/12\/130525-um-flyer.pdf\" target=\"_blank\" rel=\"noopener\"><strong>Flyer<\/strong><\/a> und\u00a0<img data-recalc-dims=\"1\" loading=\"lazy\" decoding=\"async\" data-attachment-id=\"1072\" data-permalink=\"https:\/\/www.freidenker.org\/?attachment_id=1072\" data-orig-file=\"https:\/\/i0.wp.com\/www.freidenker.org\/fw17\/wp-content\/uploads\/2017\/10\/pdf_icon-e1509487447542.png?fit=16%2C16&amp;ssl=1\" data-orig-size=\"16,16\" data-comments-opened=\"0\" data-image-meta=\"{&quot;aperture&quot;:&quot;0&quot;,&quot;credit&quot;:&quot;&quot;,&quot;camera&quot;:&quot;&quot;,&quot;caption&quot;:&quot;&quot;,&quot;created_timestamp&quot;:&quot;0&quot;,&quot;copyright&quot;:&quot;&quot;,&quot;focal_length&quot;:&quot;0&quot;,&quot;iso&quot;:&quot;0&quot;,&quot;shutter_speed&quot;:&quot;0&quot;,&quot;title&quot;:&quot;&quot;,&quot;orientation&quot;:&quot;0&quot;}\" data-image-title=\"pdf_icon_16\" data-image-description=\"\" data-image-caption=\"\" data-large-file=\"https:\/\/i0.wp.com\/www.freidenker.org\/fw17\/wp-content\/uploads\/2017\/10\/pdf_icon-e1509487447542.png?fit=16%2C16&amp;ssl=1\" class=\"alignnone size-full wp-image-1072\" src=\"https:\/\/i0.wp.com\/www.freidenker.org\/fw17\/wp-content\/uploads\/2017\/10\/pdf_icon-e1509487447542.png?resize=16%2C16&#038;ssl=1\" alt=\"\" width=\"16\" height=\"16\" \/> <strong><a title=\"Informationsfolder\" href=\"https:\/\/www.freidenker.org\/fw17\/wp-content\/uploads\/2017\/12\/130525-um-folder.pdf\" target=\"_blank\" rel=\"noopener\">Folder<\/a><\/strong><\/li>\n<\/ul>\n<hr \/>\n<p>Foto: Heidelberger Schloss \/ Quelle: pixabay.com \/ User: herbert2512<\/p>\n<\/div>\n","protected":false},"excerpt":{"rendered":"<p><strong>Veranstaltungshinweis<\/strong><br \/>\nDer 44. Kongress der Weltunion der Freidenker findet vom 24. bis 26. Mai 2013 in Mannheim, B\u00fcrgerhaus Neckarstadt, Lutherstra\u00dfe 15-17 statt. Das Motto lautet &#8222;Freies Denken und die Bereiche von Wirtschaft, Gesellschaft, Politik&#8220;. Zur Teilnahme am Samstag, 25.05.2013 seid ihr herzlich eingeladen. Am Sonntag, 26. Mai 2013 findet um 11:45 eine &#8222;Freidenkerische Stadtf\u00fchrung durch die Heidelberger Altstadt&#8220; statt.<\/p>\n","protected":false},"author":3,"featured_media":3786,"comment_status":"closed","ping_status":"closed","sticky":false,"template":"","format":"standard","meta":{"colormag_page_container_layout":"default_layout","colormag_page_sidebar_layout":"default_layout","advanced_seo_description":"","jetpack_seo_html_title":"","jetpack_seo_noindex":false,"jetpack_post_was_ever_published":false,"footnotes":""},"categories":[20],"tags":[213,728,730,726],"class_list":["post-3062","post","type-post","status-publish","format-standard","has-post-thumbnail","hentry","category-zentrale-veranstaltungen","tag-freies-denken","tag-heidelberg","tag-mannheim","tag-weltunion-der-freidenker"],"jetpack_featured_media_url":"https:\/\/i0.wp.com\/www.freidenker.org\/fw17\/wp-content\/uploads\/2013\/05\/heidelberg-2726936_800x445.jpg?fit=800%2C445&ssl=1","jetpack_shortlink":"https:\/\/wp.me\/p9stpK-No","jetpack-related-posts":[{"id":4917,"url":"https:\/\/www.freidenker.org\/?p=4917","url_meta":{"origin":3062,"position":0},"title":"Kongress der Weltunion der Freidenker am 22. und 23. Juni 2018 in Basel","author":"Webredaktion","date":"29. M\u00e4rz 2018","format":false,"excerpt":"Einladung zum Kongress der Weltunion der Freidenker am 22. und 23. Juni in Basel Die Weltunion der Freidenker widmet ihren diesj\u00e4hrigen Kongress in Basel schwerpunktm\u00e4ssig dem Thema \u00abFreies Denken und die Emanzipation der Pers\u00f6nlichkeit\u00bb. Linke begegnen dem Individualismus mit Skepsis. Sch\u00e4tzen sie deswegen das Individuum gering? Welche Bedeutung hat in\u2026","rel":"","context":"In &quot;Zentrale Veranstaltungen&quot;","block_context":{"text":"Zentrale Veranstaltungen","link":"https:\/\/www.freidenker.org\/?cat=20"},"img":{"alt_text":"","src":"https:\/\/i0.wp.com\/www.freidenker.org\/fw17\/wp-content\/uploads\/2018\/03\/basel-1722831_800x445.jpg?fit=800%2C445&ssl=1&resize=350%2C200","width":350,"height":200,"srcset":"https:\/\/i0.wp.com\/www.freidenker.org\/fw17\/wp-content\/uploads\/2018\/03\/basel-1722831_800x445.jpg?fit=800%2C445&ssl=1&resize=350%2C200 1x, https:\/\/i0.wp.com\/www.freidenker.org\/fw17\/wp-content\/uploads\/2018\/03\/basel-1722831_800x445.jpg?fit=800%2C445&ssl=1&resize=525%2C300 1.5x, https:\/\/i0.wp.com\/www.freidenker.org\/fw17\/wp-content\/uploads\/2018\/03\/basel-1722831_800x445.jpg?fit=800%2C445&ssl=1&resize=700%2C400 2x"},"classes":[]},{"id":3060,"url":"https:\/\/www.freidenker.org\/?p=3060","url_meta":{"origin":3062,"position":1},"title":"44. Kongress der Freidenker-Weltunion","author":"Webredaktion","date":"26. Juni 2013","format":false,"excerpt":"Bericht vom 44. Kongress der Weltunion der Freidenker vom 24. bis 26. Mai 2013 in Mannheim Im Mittelpunkt der Tagung stand das Verh\u00e4ltnis des Freien Denkens zur Politik: Der Vorstellung, die Freidenker sollten sich auf Themen der Religions- und Kirchenkritik beschr\u00e4nken, hielt Klaus Hartmann in seinem Referat entgegen: \u201eFreidenker k\u00e4mpften\u2026","rel":"","context":"In &quot;Zentrale Veranstaltungen&quot;","block_context":{"text":"Zentrale Veranstaltungen","link":"https:\/\/www.freidenker.org\/?cat=20"},"img":{"alt_text":"","src":"https:\/\/i0.wp.com\/www.freidenker.org\/fw17\/wp-content\/uploads\/2013\/06\/pansy-2541492_800x445.jpg?fit=800%2C445&ssl=1&resize=350%2C200","width":350,"height":200,"srcset":"https:\/\/i0.wp.com\/www.freidenker.org\/fw17\/wp-content\/uploads\/2013\/06\/pansy-2541492_800x445.jpg?fit=800%2C445&ssl=1&resize=350%2C200 1x, https:\/\/i0.wp.com\/www.freidenker.org\/fw17\/wp-content\/uploads\/2013\/06\/pansy-2541492_800x445.jpg?fit=800%2C445&ssl=1&resize=525%2C300 1.5x, https:\/\/i0.wp.com\/www.freidenker.org\/fw17\/wp-content\/uploads\/2013\/06\/pansy-2541492_800x445.jpg?fit=800%2C445&ssl=1&resize=700%2C400 2x"},"classes":[]},{"id":15798,"url":"https:\/\/www.freidenker.org\/?p=15798","url_meta":{"origin":3062,"position":2},"title":"Freies Denken und die neue multipolare Weltordnung","author":"Webredaktion","date":"19. April 2023","format":false,"excerpt":"50. Kongress der Weltunion der Freidenker Donnerstag, 18.05.2023, 11 - 17 Uhr, Saalbau Bornheim, Arnsburger Str. 24, 60385 Frankfurt am Main Vortr\u00e4ge: \u201eZeitenwende\u201c zwischen Krieg und Frieden (Klaus Hartmann, Offenbach am Main), Der Welten Lage \u00e4ndert sich (Jean-Marie Jacoby, Luxemburg), Von der NATO-Aggression 1999 gegen Jugoslawien zum Krieg gegen Russland\u2026","rel":"","context":"In &quot;Zentrale Veranstaltungen&quot;","block_context":{"text":"Zentrale Veranstaltungen","link":"https:\/\/www.freidenker.org\/?cat=20"},"img":{"alt_text":"","src":"https:\/\/i0.wp.com\/www.freidenker.org\/fw17\/wp-content\/uploads\/2023\/04\/multipolar_800x450.jpg?fit=800%2C450&ssl=1&resize=350%2C200","width":350,"height":200,"srcset":"https:\/\/i0.wp.com\/www.freidenker.org\/fw17\/wp-content\/uploads\/2023\/04\/multipolar_800x450.jpg?fit=800%2C450&ssl=1&resize=350%2C200 1x, https:\/\/i0.wp.com\/www.freidenker.org\/fw17\/wp-content\/uploads\/2023\/04\/multipolar_800x450.jpg?fit=800%2C450&ssl=1&resize=525%2C300 1.5x, https:\/\/i0.wp.com\/www.freidenker.org\/fw17\/wp-content\/uploads\/2023\/04\/multipolar_800x450.jpg?fit=800%2C450&ssl=1&resize=700%2C400 2x"},"classes":[]},{"id":22387,"url":"https:\/\/www.freidenker.org\/?p=22387","url_meta":{"origin":3062,"position":3},"title":"Konferenz der Weltunion der Freidenker","author":"Webredaktion","date":"15. Juli 2025","format":false,"excerpt":"80 Jahre nach der Befreiung \u2013 droht die R\u00fcckkehr von Faschismus und Krieg? Konferenz der Weltunion der Freidenker \/ Samstag, 16. August 2025, 10\u00a0bis\u00a017\u00a0Uhr \/ Danubius Hotel R\u00e1ba, Gy\u0151r, Ungarn Programm: - Geschichtsrevisionismus: Krieg gegen Russland und zionistischer V\u00f6lkermord (Klaus Hartmann, Offenbach am Main) - Die NATO: Steuergeldfressender Moloch \u2013\u2026","rel":"","context":"In &quot;Demokratie \u2013 Medien \u2013 Aufkl\u00e4rung&quot;","block_context":{"text":"Demokratie \u2013 Medien \u2013 Aufkl\u00e4rung","link":"https:\/\/www.freidenker.org\/?cat=12"},"img":{"alt_text":"","src":"https:\/\/i0.wp.com\/www.freidenker.org\/fw17\/wp-content\/uploads\/2025\/07\/Danubius_Hotel_Raba_Gyor_mit_Logo_800x450.jpg?fit=800%2C450&ssl=1&resize=350%2C200","width":350,"height":200,"srcset":"https:\/\/i0.wp.com\/www.freidenker.org\/fw17\/wp-content\/uploads\/2025\/07\/Danubius_Hotel_Raba_Gyor_mit_Logo_800x450.jpg?fit=800%2C450&ssl=1&resize=350%2C200 1x, https:\/\/i0.wp.com\/www.freidenker.org\/fw17\/wp-content\/uploads\/2025\/07\/Danubius_Hotel_Raba_Gyor_mit_Logo_800x450.jpg?fit=800%2C450&ssl=1&resize=525%2C300 1.5x, https:\/\/i0.wp.com\/www.freidenker.org\/fw17\/wp-content\/uploads\/2025\/07\/Danubius_Hotel_Raba_Gyor_mit_Logo_800x450.jpg?fit=800%2C450&ssl=1&resize=700%2C400 2x"},"classes":[]},{"id":18498,"url":"https:\/\/www.freidenker.org\/?p=18498","url_meta":{"origin":3062,"position":4},"title":"25 Jahre NATO-Aggression gegen Jugoslawien &#8211; Solidarit\u00e4tsreise","author":"Webredaktion","date":"8. M\u00e4rz 2024","format":false,"excerpt":"Solidarit\u00e4tsreise nach Belgrad 21. - 27 M\u00e4rz 2024 Der \u00dcberfall der NATO am 24. M\u00e4rz 1999 und der 78 Tage lange Bombenterror gegen Jugoslawien war nicht nur \u2013 wie wir damals sagten - der \u201eT\u00fcr\u00f6ffnerkrieg\u201c f\u00fcr die kommenden v\u00f6lkerrechtswidrigen Kriege des Aggressionsb\u00fcndnisses. Diese Kriege folgten einer langfristigen Strategie der Umzingelung\u2026","rel":"","context":"In &quot;Frieden - Antifaschismus - Solidarit\u00e4t&quot;","block_context":{"text":"Frieden - Antifaschismus - Solidarit\u00e4t","link":"https:\/\/www.freidenker.org\/?cat=13"},"img":{"alt_text":"","src":"https:\/\/i0.wp.com\/www.freidenker.org\/fw17\/wp-content\/uploads\/2024\/03\/belgrad_34-2019-03-25-1-0881_800x450.jpg?fit=800%2C450&ssl=1&resize=350%2C200","width":350,"height":200,"srcset":"https:\/\/i0.wp.com\/www.freidenker.org\/fw17\/wp-content\/uploads\/2024\/03\/belgrad_34-2019-03-25-1-0881_800x450.jpg?fit=800%2C450&ssl=1&resize=350%2C200 1x, https:\/\/i0.wp.com\/www.freidenker.org\/fw17\/wp-content\/uploads\/2024\/03\/belgrad_34-2019-03-25-1-0881_800x450.jpg?fit=800%2C450&ssl=1&resize=525%2C300 1.5x, https:\/\/i0.wp.com\/www.freidenker.org\/fw17\/wp-content\/uploads\/2024\/03\/belgrad_34-2019-03-25-1-0881_800x450.jpg?fit=800%2C450&ssl=1&resize=700%2C400 2x"},"classes":[]},{"id":6870,"url":"https:\/\/www.freidenker.org\/?p=6870","url_meta":{"origin":3062,"position":5},"title":"Kongress der Weltunion der Freidenker in Luxemburg am 13. und 14. September 2019","author":"Webredaktion","date":"25. August 2019","format":false,"excerpt":"Kongress der Weltunion der Freidenker in Luxemburg am 13. und 14. September 2019 \/ Congr\u00e8s de Luxembourg de l'UMLP les 13 et 14 septembre 2019: Migration und Laizit\u00e4t \/ Migration et la\u00efcit\u00e9 - https:\/\/www.libres-penseurs.net Migration und Laizit\u00e4t - Welche Auswirkungen hat die aktuelle Migration auf die Anspr\u00fcche einer laizistischen Gesellschaft?\u2026","rel":"","context":"In &quot;Zentrale Veranstaltungen&quot;","block_context":{"text":"Zentrale Veranstaltungen","link":"https:\/\/www.freidenker.org\/?cat=20"},"img":{"alt_text":"","src":"https:\/\/i0.wp.com\/www.freidenker.org\/fw17\/wp-content\/uploads\/2019\/08\/wufkongress_1314092019.jpg?fit=800%2C445&ssl=1&resize=350%2C200","width":350,"height":200,"srcset":"https:\/\/i0.wp.com\/www.freidenker.org\/fw17\/wp-content\/uploads\/2019\/08\/wufkongress_1314092019.jpg?fit=800%2C445&ssl=1&resize=350%2C200 1x, https:\/\/i0.wp.com\/www.freidenker.org\/fw17\/wp-content\/uploads\/2019\/08\/wufkongress_1314092019.jpg?fit=800%2C445&ssl=1&resize=525%2C300 1.5x, https:\/\/i0.wp.com\/www.freidenker.org\/fw17\/wp-content\/uploads\/2019\/08\/wufkongress_1314092019.jpg?fit=800%2C445&ssl=1&resize=700%2C400 2x"},"classes":[]}],"_links":{"self":[{"href":"https:\/\/www.freidenker.org\/index.php?rest_route=\/wp\/v2\/posts\/3062","targetHints":{"allow":["GET"]}}],"collection":[{"href":"https:\/\/www.freidenker.org\/index.php?rest_route=\/wp\/v2\/posts"}],"about":[{"href":"https:\/\/www.freidenker.org\/index.php?rest_route=\/wp\/v2\/types\/post"}],"author":[{"embeddable":true,"href":"https:\/\/www.freidenker.org\/index.php?rest_route=\/wp\/v2\/users\/3"}],"replies":[{"embeddable":true,"href":"https:\/\/www.freidenker.org\/index.php?rest_route=%2Fwp%2Fv2%2Fcomments&post=3062"}],"version-history":[{"count":0,"href":"https:\/\/www.freidenker.org\/index.php?rest_route=\/wp\/v2\/posts\/3062\/revisions"}],"wp:featuredmedia":[{"embeddable":true,"href":"https:\/\/www.freidenker.org\/index.php?rest_route=\/wp\/v2\/media\/3786"}],"wp:attachment":[{"href":"https:\/\/www.freidenker.org\/index.php?rest_route=%2Fwp%2Fv2%2Fmedia&parent=3062"}],"wp:term":[{"taxonomy":"category","embeddable":true,"href":"https:\/\/www.freidenker.org\/index.php?rest_route=%2Fwp%2Fv2%2Fcategories&post=3062"},{"taxonomy":"post_tag","embeddable":true,"href":"https:\/\/www.freidenker.org\/index.php?rest_route=%2Fwp%2Fv2%2Ftags&post=3062"}],"curies":[{"name":"wp","href":"https:\/\/api.w.org\/{rel}","templated":true}]}}