{"id":3052,"date":"2014-01-02T03:26:19","date_gmt":"2014-01-02T02:26:19","guid":{"rendered":"http:\/\/www.freidenker.org\/?p=3052"},"modified":"2018-02-14T21:41:57","modified_gmt":"2018-02-14T20:41:57","slug":"freidenker-und-religion","status":"publish","type":"post","link":"https:\/\/www.freidenker.org\/?p=3052","title":{"rendered":"Freidenker und Religion"},"content":{"rendered":"<p><em>Dieser Beitrag erschien im <a href=\"https:\/\/www.freidenker.org\/?p=790\" target=\"_self\">FREIDENKER 4 &#8211; 2013<\/a><\/em><\/p>\n<p>von <em><strong>Horst Schild<\/strong><\/em><\/p>\n<p>&nbsp;<\/p>\n<p><strong>Zur Diskussion gestellt &#8211; Thesen<\/strong><\/p>\n<p><strong>1.1<\/strong> Derzeit erleben Religiosit\u00e4t und Religionen, global betrachtet, einen Aufschwung. Und das in vielf\u00e4ltigen Formen. Ausnahmen bilden allenfalls West- und Mitteleuropa und einige Teile S\u00fcdosteuropas.<br \/>\nIn Deutschland bezeichnet sich etwa ein Drittel der Bev\u00f6lkerung als konfessionsfrei. Aber nicht einmal jeder Achte der Weltbev\u00f6lkerung bekennt sich heute als Nichtgl\u00e4ubiger. In den USA glauben etwa 90 Prozent der Menschen an Gott (und rund drei Viertel gar noch an Teufel und H\u00f6lle).<br \/>\nDie Zuw\u00e4chse Gl\u00e4ubiger, die USA ausgenommen, sind vor allen in den \u00e4rmeren L\u00e4ndern Afrikas, Lateinamerikas und Asiens zu verzeichnen. Und das ist keineswegs zuf\u00e4llig.<\/p>\n<p><strong>1.2<\/strong> Zwischen Religiosit\u00e4t und pr\u00e4senter Religion einerseits und sozial\u00f6konomischer und politisch-ideologischer Situation andererseits besteht ein Zusammenhang.<br \/>\nIhn weiterhin transparent zu machen, sollte Teil unserer Aufkl\u00e4rungsstrategie bleiben. Denn die krisenhafte, durch den Imperialismus verursachte globale Entwicklung, die daraus resultierende Zunahme von Massenverelendung und auch von medienunterst\u00fctzter geistiger Verunsicherung und Verdummung ist nicht zu \u00fcbersehen. Nicht zu \u00fcbersehen sind kriegerische Aktionen und Barbarei, Terror und andere milit\u00e4rische Auseinandersetzungen, Hunger und Krankheiten (bei v\u00f6llig unzureichender medizinischer Versorgung) sowie Umweltzerst\u00f6rungen in weiten Teilen der Welt. Un\u00fcbersehbar auch h\u00e4ufig eine fehlende, real erscheinende gesellschaftliche Alternative. All das hat ma\u00dfgeblich dazu beigetragen, dass das \u201ereligi\u00f6se Elend\u201c als \u201eAusdruck des wirklichen Elends \u2026, (als) Seufzer der bedr\u00e4ngten Kreatur (und als) Gem\u00fct einer herzlosen Welt\u201c (Karl Marx) Aufschwung erhielt und weiterhin erh\u00e4lt.<br \/>\nDie Vorstellung eines raschen \u201eVerschwindens\u201c von Religiosit\u00e4t und Religion hat sich hier als \u00fcbereilte Illusion erwiesen.<\/p>\n<p><em>[&#8230;]<br \/>\n<\/em><\/p>\n<hr \/>\n<p><em><strong><a href=\"https:\/\/www.freidenker.org\/fw17\/wp-content\/uploads\/2017\/12\/freidenker-13-04-schild.pdf\" target=\"_blank\" rel=\"noopener\">Lest hier bitte weiter<\/a> &#8230;<\/strong> (<img data-recalc-dims=\"1\" loading=\"lazy\" decoding=\"async\" data-attachment-id=\"1072\" data-permalink=\"https:\/\/www.freidenker.org\/?attachment_id=1072\" data-orig-file=\"https:\/\/i0.wp.com\/www.freidenker.org\/fw17\/wp-content\/uploads\/2017\/10\/pdf_icon-e1509487447542.png?fit=16%2C16&amp;ssl=1\" data-orig-size=\"16,16\" data-comments-opened=\"0\" data-image-meta=\"{&quot;aperture&quot;:&quot;0&quot;,&quot;credit&quot;:&quot;&quot;,&quot;camera&quot;:&quot;&quot;,&quot;caption&quot;:&quot;&quot;,&quot;created_timestamp&quot;:&quot;0&quot;,&quot;copyright&quot;:&quot;&quot;,&quot;focal_length&quot;:&quot;0&quot;,&quot;iso&quot;:&quot;0&quot;,&quot;shutter_speed&quot;:&quot;0&quot;,&quot;title&quot;:&quot;&quot;,&quot;orientation&quot;:&quot;0&quot;}\" data-image-title=\"pdf_icon_16\" data-image-description=\"\" data-image-caption=\"\" data-large-file=\"https:\/\/i0.wp.com\/www.freidenker.org\/fw17\/wp-content\/uploads\/2017\/10\/pdf_icon-e1509487447542.png?fit=16%2C16&amp;ssl=1\" class=\"alignnone size-full wp-image-1072\" src=\"https:\/\/i0.wp.com\/www.freidenker.org\/fw17\/wp-content\/uploads\/2017\/10\/pdf_icon-e1509487447542.png?resize=16%2C16&#038;ssl=1\" alt=\"\" width=\"16\" height=\"16\" \/> <a href=\"https:\/\/www.freidenker.org\/fw17\/wp-content\/uploads\/2017\/12\/freidenker-13-04-schild.pdf\" target=\"_blank\" rel=\"noopener\">PDF-Dokument<\/a>, ca. 260 KB)<\/em><\/p>\n<hr \/>\n<p>Hinweis: Diese Thesen waren eine Grundlage f\u00fcr die Beschlussvorlage zum Verbandstag 2016 in Potsdam und den Beschluss des Verbandsvorstandes vom Oktober 2016. Die <a href=\"https:\/\/www.freidenker.org\/?p=1699\">endg\u00fcltige Fassung der Thesen<\/a> wurde im <a href=\"https:\/\/www.freidenker.org\/?p=1082\">FREIDENKER 4-16<\/a> ver\u00f6ffentlicht.<\/p>\n<hr \/>\n<p>&nbsp;<\/p>\n","protected":false},"excerpt":{"rendered":"<p><strong>Thesen von Horst Schild aus: FREIDENKER 4-13<\/strong><br \/>\nZwischen Religiosit\u00e4t und pr\u00e4senter Religion einerseits und sozial\u00f6konomischer und politisch-ideologischer Situation andererseits besteht ein Zusammenhang. Ihn weiterhin transparent zu machen, sollte Teil unserer Aufkl\u00e4rungsstrategie bleiben. Denn die krisenhafte, durch den Imperialismus verursachte globale Entwicklung, die daraus resultierende Zunahme von Massenverelendung und auch von medienunterst\u00fctzter geistiger Verunsicherung und Verdummung ist nicht zu \u00fcbersehen. <\/p>\n","protected":false},"author":3,"featured_media":3774,"comment_status":"closed","ping_status":"closed","sticky":false,"template":"","format":"standard","meta":{"colormag_page_container_layout":"default_layout","colormag_page_sidebar_layout":"default_layout","advanced_seo_description":"","jetpack_seo_html_title":"","jetpack_seo_noindex":false,"jetpack_post_was_ever_published":false,"footnotes":""},"categories":[15],"tags":[26,371,279,578,722,38],"class_list":["post-3052","post","type-post","status-publish","format-standard","has-post-thumbnail","hentry","category-religions-kirchenkritik","tag-freidenker","tag-religion","tag-religionskritik","tag-religiositaet","tag-thesen","tag-weltanschauung"],"jetpack_featured_media_url":"https:\/\/i0.wp.com\/www.freidenker.org\/fw17\/wp-content\/uploads\/2014\/01\/sculpture_angel_boy_-648601_800x445.jpg?fit=800%2C445&ssl=1","jetpack_shortlink":"https:\/\/wp.me\/p9stpK-Ne","jetpack-related-posts":[{"id":1082,"url":"https:\/\/www.freidenker.org\/?p=1082","url_meta":{"origin":3052,"position":0},"title":"FREIDENKER 4-16 &#8211; Religion","author":"Webredaktion","date":"15. Dezember 2016","format":false,"excerpt":"Die Ausgabe 4-16 des Verbandsorgans FREIDENKER hat das Schwerpunkt-Thema \"Religion\" und enth\u00e4lt u.a folgende Beitr\u00e4ge: - Verbandsvorstand: Religion - Thesen - Jan Bretschneider: Gedanken \u00fcber Religiosit\u00e4t - Thomas Loch: \"Mythos Luther\"? Sektiererischer Atheismus oder marxistische Religionskritik - Gerhard Feldbauer: Welchen Weg geht Franziskus? - Sebastian Bahlo: Erntedank - weltlich feiern","rel":"","context":"In &quot;Verbandsorgan FREIDENKER&quot;","block_context":{"text":"Verbandsorgan FREIDENKER","link":"https:\/\/www.freidenker.org\/?cat=8"},"img":{"alt_text":"","src":"https:\/\/i0.wp.com\/www.freidenker.org\/fw17\/wp-content\/uploads\/2017\/12\/FD_2016-04_Titel_mR.jpg?fit=800%2C445&ssl=1&resize=350%2C200","width":350,"height":200,"srcset":"https:\/\/i0.wp.com\/www.freidenker.org\/fw17\/wp-content\/uploads\/2017\/12\/FD_2016-04_Titel_mR.jpg?fit=800%2C445&ssl=1&resize=350%2C200 1x, https:\/\/i0.wp.com\/www.freidenker.org\/fw17\/wp-content\/uploads\/2017\/12\/FD_2016-04_Titel_mR.jpg?fit=800%2C445&ssl=1&resize=525%2C300 1.5x, https:\/\/i0.wp.com\/www.freidenker.org\/fw17\/wp-content\/uploads\/2017\/12\/FD_2016-04_Titel_mR.jpg?fit=800%2C445&ssl=1&resize=700%2C400 2x"},"classes":[]},{"id":1708,"url":"https:\/\/www.freidenker.org\/?p=1708","url_meta":{"origin":3052,"position":1},"title":"Gedanken \u00fcber Religiosit\u00e4t","author":"Webredaktion","date":"16. Dezember 2016","format":false,"excerpt":"Beitrag von Jan Bretschneider aus: \u201eFREIDENKER\u201c Nr. 4-16 Das Jahr 2017 ist zum Lutherjahr deklariert worden. Es gilt u. a., das Wirken Martin Luthers und 500 Jahre Reformation christlicher Religion spontan und in sorgf\u00e4ltig gesetzte Rahmen zu w\u00fcrdigen. Themen wie z. B. religi\u00f6ser Pluralismus, religionsbezogene Deutungsmacht und Deutungshoheit, Glaube und\u2026","rel":"","context":"In &quot;Religions- &amp; Kirchenkritik, S\u00e4kulare Szene&quot;","block_context":{"text":"Religions- &amp; Kirchenkritik, S\u00e4kulare Szene","link":"https:\/\/www.freidenker.org\/?cat=15"},"img":{"alt_text":"","src":"https:\/\/i0.wp.com\/www.freidenker.org\/fw17\/wp-content\/uploads\/2016\/12\/little-girl-1894125_800x445.jpg?fit=800%2C445&ssl=1&resize=350%2C200","width":350,"height":200,"srcset":"https:\/\/i0.wp.com\/www.freidenker.org\/fw17\/wp-content\/uploads\/2016\/12\/little-girl-1894125_800x445.jpg?fit=800%2C445&ssl=1&resize=350%2C200 1x, https:\/\/i0.wp.com\/www.freidenker.org\/fw17\/wp-content\/uploads\/2016\/12\/little-girl-1894125_800x445.jpg?fit=800%2C445&ssl=1&resize=525%2C300 1.5x, https:\/\/i0.wp.com\/www.freidenker.org\/fw17\/wp-content\/uploads\/2016\/12\/little-girl-1894125_800x445.jpg?fit=800%2C445&ssl=1&resize=700%2C400 2x"},"classes":[]},{"id":1699,"url":"https:\/\/www.freidenker.org\/?p=1699","url_meta":{"origin":3052,"position":2},"title":"Religion: Thesen","author":"Webredaktion","date":"16. Dezember 2016","format":false,"excerpt":"Aus: \u201eFREIDENKER\u201c Nr. 4-16 Diese Thesen standen zwei Jahre im Freidenkerverband zur Diskussion, das zum Verbandstag im Juni 2016 in Potsdam vorgelegte Ergebnis wurde in dessen Auftrag nochmals vom Verbandsvorstand bearbeitet. Auszug: Weltweit erleben Religiosit\u00e4t und Religionen in ihren unterschiedlichen Auspr\u00e4gungen wieder einen Aufschwung. Um diese Entwicklung zu verstehen, muss\u2026","rel":"","context":"In &quot;Religions- &amp; Kirchenkritik, S\u00e4kulare Szene&quot;","block_context":{"text":"Religions- &amp; Kirchenkritik, S\u00e4kulare Szene","link":"https:\/\/www.freidenker.org\/?cat=15"},"img":{"alt_text":"","src":"https:\/\/i0.wp.com\/www.freidenker.org\/fw17\/wp-content\/uploads\/2016\/12\/church-window-2217785_800_445.jpg?fit=800%2C445&ssl=1&resize=350%2C200","width":350,"height":200,"srcset":"https:\/\/i0.wp.com\/www.freidenker.org\/fw17\/wp-content\/uploads\/2016\/12\/church-window-2217785_800_445.jpg?fit=800%2C445&ssl=1&resize=350%2C200 1x, https:\/\/i0.wp.com\/www.freidenker.org\/fw17\/wp-content\/uploads\/2016\/12\/church-window-2217785_800_445.jpg?fit=800%2C445&ssl=1&resize=525%2C300 1.5x, https:\/\/i0.wp.com\/www.freidenker.org\/fw17\/wp-content\/uploads\/2016\/12\/church-window-2217785_800_445.jpg?fit=800%2C445&ssl=1&resize=700%2C400 2x"},"classes":[]},{"id":22342,"url":"https:\/\/www.freidenker.org\/?p=22342","url_meta":{"origin":3052,"position":3},"title":"F\u00fcr die Trennung von Staat und Kirche, Kirche und Schule sowie den Dialog mit religi\u00f6sen Menschen","author":"Webredaktion","date":"9. Juli 2025","format":false,"excerpt":"Neu herausgegeben: Das aktualisierte Forderungsprogramm\u00a0des Deutschen Freidenker-Verbandes\u00a0zum Verh\u00e4ltnis Staat - Kirche auf der Grundlage der Berliner Erkl\u00e4rung von 1994 und mit Ausz\u00fcgen aus den Thesen zur Religion [Aus dem Editorial:] Die Forderung nach strikter Trennung von Staat und Kirche ist eine fundamentale For\u00adderung der europ\u00e4ischen Aufkl\u00e4rung, von deren Verwirklichung in\u2026","rel":"","context":"In &quot;Aktuelles&quot;","block_context":{"text":"Aktuelles","link":"https:\/\/www.freidenker.org\/?cat=574"},"img":{"alt_text":"","src":"https:\/\/i0.wp.com\/www.freidenker.org\/fw17\/wp-content\/uploads\/2025\/07\/Broschuere_Trennung_Staat_Kirche_800x450.jpg?fit=800%2C453&ssl=1&resize=350%2C200","width":350,"height":200,"srcset":"https:\/\/i0.wp.com\/www.freidenker.org\/fw17\/wp-content\/uploads\/2025\/07\/Broschuere_Trennung_Staat_Kirche_800x450.jpg?fit=800%2C453&ssl=1&resize=350%2C200 1x, https:\/\/i0.wp.com\/www.freidenker.org\/fw17\/wp-content\/uploads\/2025\/07\/Broschuere_Trennung_Staat_Kirche_800x450.jpg?fit=800%2C453&ssl=1&resize=525%2C300 1.5x, https:\/\/i0.wp.com\/www.freidenker.org\/fw17\/wp-content\/uploads\/2025\/07\/Broschuere_Trennung_Staat_Kirche_800x450.jpg?fit=800%2C453&ssl=1&resize=700%2C400 2x"},"classes":[]},{"id":3264,"url":"https:\/\/www.freidenker.org\/?p=3264","url_meta":{"origin":3052,"position":4},"title":"Wissenschaft und Glaube &#8211; der Neoatheismus und seine Grenzen","author":"Webredaktion","date":"17. M\u00e4rz 2009","format":false,"excerpt":"Beitrag von Horst Pickert und Horst Schild aus FREIDENKER 1-09 In den letzten Jahren hat sich nun ein \u201eneuer\u201c Atheismus mit viel K\u00e4mpfertum und teilweise auch aggressiver Wortwahl zur\u00fcck gemeldet. Seine Vertreter sind vorwiegend Neurowissenschaftler und Evolutionsbiologen ... aber auch Philosophen. Dieser Neoatheismus beansprucht und verficht, gest\u00fctzt auf den Erkenntnisfortschritt\u2026","rel":"","context":"In &quot;Religions- &amp; Kirchenkritik, S\u00e4kulare Szene&quot;","block_context":{"text":"Religions- &amp; Kirchenkritik, S\u00e4kulare Szene","link":"https:\/\/www.freidenker.org\/?cat=15"},"img":{"alt_text":"","src":"https:\/\/i0.wp.com\/www.freidenker.org\/fw17\/wp-content\/uploads\/2009\/03\/buskampagne_800x445.jpg?fit=800%2C445&ssl=1&resize=350%2C200","width":350,"height":200,"srcset":"https:\/\/i0.wp.com\/www.freidenker.org\/fw17\/wp-content\/uploads\/2009\/03\/buskampagne_800x445.jpg?fit=800%2C445&ssl=1&resize=350%2C200 1x, https:\/\/i0.wp.com\/www.freidenker.org\/fw17\/wp-content\/uploads\/2009\/03\/buskampagne_800x445.jpg?fit=800%2C445&ssl=1&resize=525%2C300 1.5x, https:\/\/i0.wp.com\/www.freidenker.org\/fw17\/wp-content\/uploads\/2009\/03\/buskampagne_800x445.jpg?fit=800%2C445&ssl=1&resize=700%2C400 2x"},"classes":[]},{"id":790,"url":"https:\/\/www.freidenker.org\/?p=790","url_meta":{"origin":3052,"position":5},"title":"FREIDENKER 4-13 &#8211; 1914: 1. Weltkrieg &#8211; 100 Jahre gegen imperialistische Kriege","author":"Webmaster","date":"16. Dezember 2013","format":false,"excerpt":"Die Ausgabe 4-13 des Verbandsorgans FREIDENKER hat das Schwerpunkt-Thema \u201e1914: 1. Weltkrieg - 100 Jahre gegen imperialistische Kriege\u201c und enth\u00e4lt u.a folgende Beitr\u00e4ge: - Klaus Hartmann: Der unbekannte Weltkrieg - Karlheinz Deschner: Leo XIII., Pius X. und der erste Weltkrieg - Eberhard Schinck: Imperialismus, Weltkrieg und Weltkriegsgefahr - Marx\u2019 \u201eLeitfaden\u201c\u2026","rel":"","context":"In &quot;Verbandsorgan FREIDENKER&quot;","block_context":{"text":"Verbandsorgan FREIDENKER","link":"https:\/\/www.freidenker.org\/?cat=8"},"img":{"alt_text":"","src":"https:\/\/i0.wp.com\/www.freidenker.org\/fw17\/wp-content\/uploads\/2017\/12\/FD_2013-04_Titel_mR.jpg?fit=800%2C445&ssl=1&resize=350%2C200","width":350,"height":200,"srcset":"https:\/\/i0.wp.com\/www.freidenker.org\/fw17\/wp-content\/uploads\/2017\/12\/FD_2013-04_Titel_mR.jpg?fit=800%2C445&ssl=1&resize=350%2C200 1x, https:\/\/i0.wp.com\/www.freidenker.org\/fw17\/wp-content\/uploads\/2017\/12\/FD_2013-04_Titel_mR.jpg?fit=800%2C445&ssl=1&resize=525%2C300 1.5x, https:\/\/i0.wp.com\/www.freidenker.org\/fw17\/wp-content\/uploads\/2017\/12\/FD_2013-04_Titel_mR.jpg?fit=800%2C445&ssl=1&resize=700%2C400 2x"},"classes":[]}],"_links":{"self":[{"href":"https:\/\/www.freidenker.org\/index.php?rest_route=\/wp\/v2\/posts\/3052","targetHints":{"allow":["GET"]}}],"collection":[{"href":"https:\/\/www.freidenker.org\/index.php?rest_route=\/wp\/v2\/posts"}],"about":[{"href":"https:\/\/www.freidenker.org\/index.php?rest_route=\/wp\/v2\/types\/post"}],"author":[{"embeddable":true,"href":"https:\/\/www.freidenker.org\/index.php?rest_route=\/wp\/v2\/users\/3"}],"replies":[{"embeddable":true,"href":"https:\/\/www.freidenker.org\/index.php?rest_route=%2Fwp%2Fv2%2Fcomments&post=3052"}],"version-history":[{"count":0,"href":"https:\/\/www.freidenker.org\/index.php?rest_route=\/wp\/v2\/posts\/3052\/revisions"}],"wp:featuredmedia":[{"embeddable":true,"href":"https:\/\/www.freidenker.org\/index.php?rest_route=\/wp\/v2\/media\/3774"}],"wp:attachment":[{"href":"https:\/\/www.freidenker.org\/index.php?rest_route=%2Fwp%2Fv2%2Fmedia&parent=3052"}],"wp:term":[{"taxonomy":"category","embeddable":true,"href":"https:\/\/www.freidenker.org\/index.php?rest_route=%2Fwp%2Fv2%2Fcategories&post=3052"},{"taxonomy":"post_tag","embeddable":true,"href":"https:\/\/www.freidenker.org\/index.php?rest_route=%2Fwp%2Fv2%2Ftags&post=3052"}],"curies":[{"name":"wp","href":"https:\/\/api.w.org\/{rel}","templated":true}]}}