{"id":3049,"date":"2014-04-06T03:20:01","date_gmt":"2014-04-06T01:20:01","guid":{"rendered":"http:\/\/www.freidenker.org\/?p=3049"},"modified":"2018-02-14T21:41:37","modified_gmt":"2018-02-14T20:41:37","slug":"offener-brief-an-die-bundeskanzlerin","status":"publish","type":"post","link":"https:\/\/www.freidenker.org\/?p=3049","title":{"rendered":"OFFENER BRIEF an die Bundeskanzlerin"},"content":{"rendered":"<p>Sehr geehrte Frau Bundeskanzlerin,<\/p>\n<p>der Deutsche Freidenker-Verband warnt, gemeinsam mit anderen dem Frieden verpflichteten Verb\u00e4nden und Vereinen, vor der weiteren Zuspitzung der Auseinandersetzungen zwischen dem Westen und Russland.<\/p>\n<p>Wir verlangen ein Ende der Feindbildproduktion und Desinformation sowie der antirussischen Kampagnen und der D\u00e4monisierung des Pr\u00e4sidenten Putin.<\/p>\n<p>Europa geh\u00f6rt allen V\u00f6lkern und Nationen Europas, es braucht ein friedliches Zusammenleben aller L\u00e4nder und Nationen. Dies erfordert die Ber\u00fccksichtigung der gegenseitigen Interessen und partnerschaftliche Beziehungen zur Ukraine wie zu Russland.<\/p>\n<p>Die Strategie der USA l\u00e4uft auf eine Spaltung Europas und eine Konfrontation mit Russland hinaus und schadet den Interessen der europ\u00e4ischen L\u00e4nder.<\/p>\n<p><strong>Wir fordern von der deutschen Bundesregierung:<\/strong><\/p>\n<ol>\n<li>Keine Unterst\u00fctzung der US-Strategie einer Spaltung Europas durch Wiedererrichtung eines Eisernen Vorhangs.<\/li>\n<li>Keine Sanktionen gegen\u00fcber Russland, zumal sie den wirtschaftlichen und Arbeitsmarktinteressen in Deutschland und den europ\u00e4ischen L\u00e4ndern ebenso schaden wie den Interessen an stabilen und partnerschaftlichen Beziehungen.<\/li>\n<li>Stopp der Ausdehnung der NATO nach Osten und der milit\u00e4rischen Einkreisung Russlands, die NATO darf nicht bis zur Grenze Russlands vorr\u00fccken, die Ukraine nicht in die Milit\u00e4rstruktur der EU eingebunden werden<\/li>\n<li>Unterst\u00fctzung f\u00fcr eine demokratische Ukraine, ohne Faschismus und Revanchismus, mit gutnachbarschaftlichen Beziehungen zu Westeuropa und Russland.<\/li>\n<li>Keine Steuergelder f\u00fcr die finanzielle, logistische und Ausbildungs-Unterst\u00fctzung von faschistischen Organisationen.<\/li>\n<\/ol>\n<p>Hochachtungsvoll<\/p>\n<p><strong>Klaus Hartmann<\/strong><br \/>\nBundesvorsitzender des Deutschen Freidenker-Verbandes<\/p>\n<p><strong>unterst\u00fctzt \/ mitgezeichnet durch:<\/strong><\/p>\n<p><strong>Hans Bauer<\/strong>, Vorsitzender der Gesellschaft zur Rechtlichen und Humanit\u00e4ren Unterst\u00fctzung (GRH e.V.)<br \/>\n<strong>Peter Dietrich<\/strong>,<strong> Gert Julius<\/strong>, <strong>Lothar N\u00e4tebusch<\/strong>, Vorsitzende, sowie <strong>Bernd Cachandt<\/strong>, Vorstandsmitglied des B\u00fcndnisses f\u00fcr Soziale Gerechtigkeit und Menschenw\u00fcrde e.V. (B\u00fcSGM)<br \/>\n<strong>Anneliese Fikentscher<\/strong>, Vorsitzende, und <strong>Andreas Neumann<\/strong>, Vorstandsmitglied des Bundesverbandes Arbeiterfotografie<br \/>\n<strong>Joachim Guilliard<\/strong>, Sprecher des Heidelberger Forums gegen Militarismus und Krieg<br \/>\n<strong>Wilfried Handwerk<\/strong>, Unternehmer \u2013 Berater f\u00fcr die Ukraine und Russland, Pr\u00e4sident des Deutsch-Ukrainischen Wirtschaftsverein e.V.<br \/>\n<strong>Dr. Klaus Steiniger<\/strong>, Chefredakteur des \u201eRotFuchs\u201c<br \/>\n<strong>Veronika Thomas-Ohst<\/strong>, Vorsitzende, und<strong> Karl Heinz Otten<\/strong>, Vorstandsmitglied des Euregioprojekts Frieden e.V. Aachen<br \/>\n<strong>Karl-Heinz Wendt<\/strong>, Bundesvorsitzender der Gesellschaft zum Schutz von B\u00fcrgerrecht und Menschenw\u00fcrde e.V. (GBM)<br \/>\n<strong>Dr. Matthias Werner<\/strong>, Pr\u00e4sident des Ostdeutschen Kuratoriums von Verb\u00e4nden e.V. (OKV)<\/p>\n<p><strong>Johanna Arndt<\/strong>, Lied-und Chansons\u00e4ngerin, Petershagen<br \/>\n<strong>Gert Blumenthal<\/strong>, Leibniz-Soziet\u00e4t, Berlin<br \/>\n<strong>Christof Herzog<\/strong>, Komponist, Berlin<br \/>\n<strong>Heinz Jussen<\/strong>, Verantwortlicher Projektleiter von Bina Mira &#8211; Jugend f\u00fcr Europa, Aachen<br \/>\n<strong>Helga Katzschmann<\/strong>, \u00dcbersetzerin, Berlin<br \/>\n<strong>Helmuth K. Leinweber<\/strong>, Berlin<br \/>\n<strong>Falk Moldenhauer<\/strong><br \/>\n<strong>Gina Pietsch<\/strong>, S\u00e4ngerin, Berlin<br \/>\n<strong>Harry Popow<\/strong>, Sch\u00f6neiche<br \/>\n<strong>Erich Postler<\/strong>, Berlin<br \/>\n<strong>Einar Schlereth<\/strong>, Autor, Journalist, \u00dcbersetzer, Klavrestr\u00f6m (Schweden)<br \/>\n<strong>Christa Weber<\/strong>, Autorin, Schauspielerin, Regisseurin, Berlin<br \/>\n<strong>Carsten W\u00f6lk<\/strong>, Berlin<br \/>\n<strong>Elke Zwinge-Makamizile<\/strong>, Berlin<br \/>\nDipl.-Psych. <strong>Dr. Rudolf Haensel<\/strong>, Lindau (Bodensee)<br \/>\n<strong>Brigitte Queck<\/strong>, Diplomstaatswissenschaftlerin, &#8222;M\u00fctter gegen den Krieg Berlin-Brandenburg&#8220;, Potsdam<br \/>\n<strong>Andreas Johannes Berchtold<\/strong>, Rentner, Wuppertal<br \/>\n<strong>Dr. G\u00fcnter Hering<\/strong>, Rostock<br \/>\n<strong>Wolfgang Quambusch<\/strong>, K\u00f6ln<br \/>\n<strong>Dr. Erika Kosse<\/strong>, Berlin<br \/>\n<strong>Wolfgang G\u00fcnther<\/strong>, Schweinfurt,\u00a0<span style=\"font-family: Verdana;\">Kreisvorsitzender der DKP Unterfranken<\/span><\/p>\n<hr \/>\n<p><strong><img data-recalc-dims=\"1\" loading=\"lazy\" decoding=\"async\" data-attachment-id=\"1076\" data-permalink=\"https:\/\/www.freidenker.org\/?attachment_id=1076\" data-orig-file=\"https:\/\/i0.wp.com\/www.freidenker.org\/fw17\/wp-content\/uploads\/2017\/10\/pdf_icon-2.png?fit=32%2C32&amp;ssl=1\" data-orig-size=\"32,32\" data-comments-opened=\"0\" data-image-meta=\"{&quot;aperture&quot;:&quot;0&quot;,&quot;credit&quot;:&quot;&quot;,&quot;camera&quot;:&quot;&quot;,&quot;caption&quot;:&quot;&quot;,&quot;created_timestamp&quot;:&quot;0&quot;,&quot;copyright&quot;:&quot;&quot;,&quot;focal_length&quot;:&quot;0&quot;,&quot;iso&quot;:&quot;0&quot;,&quot;shutter_speed&quot;:&quot;0&quot;,&quot;title&quot;:&quot;&quot;,&quot;orientation&quot;:&quot;0&quot;}\" data-image-title=\"pdf_icon\" data-image-description=\"\" data-image-caption=\"\" data-large-file=\"https:\/\/i0.wp.com\/www.freidenker.org\/fw17\/wp-content\/uploads\/2017\/10\/pdf_icon-2.png?fit=32%2C32&amp;ssl=1\" class=\"alignnone size-full wp-image-1076\" src=\"https:\/\/i0.wp.com\/www.freidenker.org\/fw17\/wp-content\/uploads\/2017\/10\/pdf_icon-2.png?resize=32%2C32&#038;ssl=1\" alt=\"\" width=\"32\" height=\"32\" \/> Hinweis:<\/strong> \u00fcber diesen <strong><a href=\"https:\/\/www.freidenker.org\/fw17\/wp-content\/uploads\/2017\/12\/bureg-140404.pdf\" target=\"_blank\" rel=\"noopener\">Hyperlink<\/a><\/strong> kann der<strong> Offene Brief an die Bundeskanzlerin<\/strong> als PDF-Dokument (ca. 170 KB) angesehen und heruntergeladen werden.<\/p>\n","protected":false},"excerpt":{"rendered":"<p><strong>Offener Brief des DFV an die Bundeskanzlerin Angela Merkel<\/strong><br \/>\nAuszug: Der Deutsche Freidenker-Verband warnt, gemeinsam mit anderen dem Frieden verpflichteten Verb\u00e4nden und Vereinen, vor der weiteren Zuspitzung der Auseinandersetzungen zwischen dem Westen und Russland. Wir verlangen ein Ende der Feindbildproduktion und Desinformation sowie der antirussischen Kampagnen und der D\u00e4monisierung des Pr\u00e4sidenten Putin. Europa geh\u00f6rt allen V\u00f6lkern und Nationen Europas, es braucht ein friedliches Zusammenleben aller L\u00e4nder und Nationen. Dies erfordert die Ber\u00fccksichtigung der gegenseitigen Interessen und partnerschaftliche Beziehungen zur Ukraine wie zu Russland.<\/p>\n","protected":false},"author":3,"featured_media":3771,"comment_status":"closed","ping_status":"closed","sticky":false,"template":"","format":"standard","meta":{"colormag_page_container_layout":"default_layout","colormag_page_sidebar_layout":"default_layout","advanced_seo_description":"","jetpack_seo_html_title":"","jetpack_seo_noindex":false,"jetpack_post_was_ever_published":false,"footnotes":""},"categories":[13,210],"tags":[272,605,635,720,719],"class_list":["post-3049","post","type-post","status-publish","format-standard","has-post-thumbnail","hentry","category-frieden-antifaschismus-solidaritaet","category-positionen","tag-der-westen-und-russland","tag-desinformation","tag-feindbild","tag-nato-osterweiterung","tag-sanktionen"],"jetpack_featured_media_url":"https:\/\/i0.wp.com\/www.freidenker.org\/fw17\/wp-content\/uploads\/2014\/04\/open-letter-1566551_800x445.jpg?fit=800%2C445&ssl=1","jetpack_shortlink":"https:\/\/wp.me\/p9stpK-Nb","jetpack-related-posts":[{"id":12870,"url":"https:\/\/www.freidenker.org\/?p=12870","url_meta":{"origin":3049,"position":0},"title":"Frieden statt Kriegshetze!","author":"Webredaktion","date":"19. April 2022","format":false,"excerpt":"Erkl\u00e4rung des Bundesverbands Arbeiterfotografie zu Russlands Vorgehen in der Ukraine, April 2022 Seit dem 24. Februar 2022 ist zu der weltweiten Ersch\u00fctterung durch das Corona-Geschehen eine weitere gro\u00dfe Bedrohung hinzugekommen \u2013 die Gefahr eines von der Ukraine ausgehenden zerst\u00f6rerischen Fl\u00e4chenbrandes. Es ist, als h\u00e4tte der Westen auf diese Situation lange\u2026","rel":"","context":"In &quot;Frieden - Antifaschismus - Solidarit\u00e4t&quot;","block_context":{"text":"Frieden - Antifaschismus - Solidarit\u00e4t","link":"https:\/\/www.freidenker.org\/?cat=13"},"img":{"alt_text":"","src":"https:\/\/i0.wp.com\/www.freidenker.org\/fw17\/wp-content\/uploads\/2022\/04\/AF-Erklaerung-Ukraine_v2_800x448.jpg?fit=800%2C449&ssl=1&resize=350%2C200","width":350,"height":200,"srcset":"https:\/\/i0.wp.com\/www.freidenker.org\/fw17\/wp-content\/uploads\/2022\/04\/AF-Erklaerung-Ukraine_v2_800x448.jpg?fit=800%2C449&ssl=1&resize=350%2C200 1x, https:\/\/i0.wp.com\/www.freidenker.org\/fw17\/wp-content\/uploads\/2022\/04\/AF-Erklaerung-Ukraine_v2_800x448.jpg?fit=800%2C449&ssl=1&resize=525%2C300 1.5x, https:\/\/i0.wp.com\/www.freidenker.org\/fw17\/wp-content\/uploads\/2022\/04\/AF-Erklaerung-Ukraine_v2_800x448.jpg?fit=800%2C449&ssl=1&resize=700%2C400 2x"},"classes":[]},{"id":16242,"url":"https:\/\/www.freidenker.org\/?p=16242","url_meta":{"origin":3049,"position":1},"title":"Auch im &#8222;Frieden&#8220; soll Krieg herrschen","author":"Webredaktion","date":"7. Juni 2023","format":false,"excerpt":"Beitrag von Gert Ewen Ungar Die Geschichte Europas ist reich an Kriegen. Damit einher geht ein Reichtum an Friedensschl\u00fcssen in der Vergangenheit, denn irgendwann einmal ist jeder Krieg vorbei. Unter diesen Friedensschl\u00fcssen gab es gute und weniger gute. Ein Indikator f\u00fcr die Qualit\u00e4t des Friedensschlusses ist, wie lange der darauffolgende\u2026","rel":"","context":"In &quot;Frieden - Antifaschismus - Solidarit\u00e4t&quot;","block_context":{"text":"Frieden - Antifaschismus - Solidarit\u00e4t","link":"https:\/\/www.freidenker.org\/?cat=13"},"img":{"alt_text":"","src":"https:\/\/i0.wp.com\/www.freidenker.org\/fw17\/wp-content\/uploads\/2023\/06\/William_Orpen_-_The_Signing_of_Peace_in_the_Hall_of_Mirrors_800x450.jpg?fit=800%2C450&ssl=1&resize=350%2C200","width":350,"height":200,"srcset":"https:\/\/i0.wp.com\/www.freidenker.org\/fw17\/wp-content\/uploads\/2023\/06\/William_Orpen_-_The_Signing_of_Peace_in_the_Hall_of_Mirrors_800x450.jpg?fit=800%2C450&ssl=1&resize=350%2C200 1x, https:\/\/i0.wp.com\/www.freidenker.org\/fw17\/wp-content\/uploads\/2023\/06\/William_Orpen_-_The_Signing_of_Peace_in_the_Hall_of_Mirrors_800x450.jpg?fit=800%2C450&ssl=1&resize=525%2C300 1.5x, https:\/\/i0.wp.com\/www.freidenker.org\/fw17\/wp-content\/uploads\/2023\/06\/William_Orpen_-_The_Signing_of_Peace_in_the_Hall_of_Mirrors_800x450.jpg?fit=800%2C450&ssl=1&resize=700%2C400 2x"},"classes":[]},{"id":6678,"url":"https:\/\/www.freidenker.org\/?p=6678","url_meta":{"origin":3049,"position":2},"title":"Petitionen: Sanktionen gegen Russland beenden!","author":"Webredaktion","date":"11. Juli 2019","format":false,"excerpt":"Wir machen auf zwei derzeit laufende Petitionen aufmerksam, die beide das Ziel haben, die Sanktionen gegen Russland zu beenden und die Beziehungen zwischen Deutschland und Russland zu verbessern. Alle Leser unserer Webseite sind aufgefordert, diese Petitionen zu unterzeichnen und an Bekannte und Freunde weiterzuleiten. ... Das Verh\u00e4ltnis Deutschlands zu Russland\u2026","rel":"","context":"In &quot;Frieden - Antifaschismus - Solidarit\u00e4t&quot;","block_context":{"text":"Frieden - Antifaschismus - Solidarit\u00e4t","link":"https:\/\/www.freidenker.org\/?cat=13"},"img":{"alt_text":"","src":"https:\/\/i0.wp.com\/www.freidenker.org\/fw17\/wp-content\/uploads\/2019\/07\/stop_russland_sanktionen_800x445.jpg?fit=800%2C445&ssl=1&resize=350%2C200","width":350,"height":200,"srcset":"https:\/\/i0.wp.com\/www.freidenker.org\/fw17\/wp-content\/uploads\/2019\/07\/stop_russland_sanktionen_800x445.jpg?fit=800%2C445&ssl=1&resize=350%2C200 1x, https:\/\/i0.wp.com\/www.freidenker.org\/fw17\/wp-content\/uploads\/2019\/07\/stop_russland_sanktionen_800x445.jpg?fit=800%2C445&ssl=1&resize=525%2C300 1.5x, https:\/\/i0.wp.com\/www.freidenker.org\/fw17\/wp-content\/uploads\/2019\/07\/stop_russland_sanktionen_800x445.jpg?fit=800%2C445&ssl=1&resize=700%2C400 2x"},"classes":[]},{"id":14914,"url":"https:\/\/www.freidenker.org\/?p=14914","url_meta":{"origin":3049,"position":3},"title":"Irrtum deutscher Politiker: Ein Sieg der Ukraine ist keine Option","author":"Webredaktion","date":"31. Dezember 2022","format":false,"excerpt":"Beitrag von Gert Ewen Ungar Die FDP-Verteidigungspolitikerin Marie-Agnes Strack-Zimmermann m\u00f6chte \"vor die Welle kommen\" und der Ukraine schweres Ger\u00e4t pr\u00e4ventiv liefern. Das sagte die Waffenlobbyistin in einem Interview mit dem Redaktionsnetzwerk Deutschland. Das mag der R\u00fcstungsindustrie dienlich sein, f\u00fcr Europa und Deutschland ist die Idee verheerend. Strack-Zimmermann ist sicherlich eine\u2026","rel":"","context":"In &quot;Demokratie \u2013 Medien \u2013 Aufkl\u00e4rung&quot;","block_context":{"text":"Demokratie \u2013 Medien \u2013 Aufkl\u00e4rung","link":"https:\/\/www.freidenker.org\/?cat=12"},"img":{"alt_text":"","src":"https:\/\/i0.wp.com\/www.freidenker.org\/fw17\/wp-content\/uploads\/2022\/12\/Strack-Zimmermann_FDP_MdB_by_Olaf_Kosinsky-1692_800x450_b.jpg?fit=800%2C450&ssl=1&resize=350%2C200","width":350,"height":200,"srcset":"https:\/\/i0.wp.com\/www.freidenker.org\/fw17\/wp-content\/uploads\/2022\/12\/Strack-Zimmermann_FDP_MdB_by_Olaf_Kosinsky-1692_800x450_b.jpg?fit=800%2C450&ssl=1&resize=350%2C200 1x, https:\/\/i0.wp.com\/www.freidenker.org\/fw17\/wp-content\/uploads\/2022\/12\/Strack-Zimmermann_FDP_MdB_by_Olaf_Kosinsky-1692_800x450_b.jpg?fit=800%2C450&ssl=1&resize=525%2C300 1.5x, https:\/\/i0.wp.com\/www.freidenker.org\/fw17\/wp-content\/uploads\/2022\/12\/Strack-Zimmermann_FDP_MdB_by_Olaf_Kosinsky-1692_800x450_b.jpg?fit=800%2C450&ssl=1&resize=700%2C400 2x"},"classes":[]},{"id":10523,"url":"https:\/\/www.freidenker.org\/?p=10523","url_meta":{"origin":3049,"position":4},"title":"Deutsche Friedensbewegung zum \u00dcberfall auf die Sowjetunion","author":"Webredaktion","date":"8. Juni 2021","format":false,"excerpt":"Der Freidenkerverband begr\u00fc\u00dft es, wenn m\u00f6glichst viele gesellschaftliche Kr\u00e4fte den bevorstehenden 80. Jahrestags des \u00dcberfalls der deutschen Faschisten auf die Sowjetunion zum Anlass nehmen, ein Ende der Konfrontationspolitik gegen Russland und eine friedliche Zusammenarbeit zu fordern. Eine solche Initiative ist auch ein Projekt aus Friedensbewegung und dem politischen Raum, in\u2026","rel":"","context":"In &quot;Frieden - Antifaschismus - Solidarit\u00e4t&quot;","block_context":{"text":"Frieden - Antifaschismus - Solidarit\u00e4t","link":"https:\/\/www.freidenker.org\/?cat=13"},"img":{"alt_text":"","src":"https:\/\/i0.wp.com\/www.freidenker.org\/fw17\/wp-content\/uploads\/2021\/06\/Frieden_schliessen_Russland_800x450.jpg?fit=800%2C450&ssl=1&resize=350%2C200","width":350,"height":200,"srcset":"https:\/\/i0.wp.com\/www.freidenker.org\/fw17\/wp-content\/uploads\/2021\/06\/Frieden_schliessen_Russland_800x450.jpg?fit=800%2C450&ssl=1&resize=350%2C200 1x, https:\/\/i0.wp.com\/www.freidenker.org\/fw17\/wp-content\/uploads\/2021\/06\/Frieden_schliessen_Russland_800x450.jpg?fit=800%2C450&ssl=1&resize=525%2C300 1.5x, https:\/\/i0.wp.com\/www.freidenker.org\/fw17\/wp-content\/uploads\/2021\/06\/Frieden_schliessen_Russland_800x450.jpg?fit=800%2C450&ssl=1&resize=700%2C400 2x"},"classes":[]},{"id":16677,"url":"https:\/\/www.freidenker.org\/?p=16677","url_meta":{"origin":3049,"position":5},"title":"In ihrer geistigen Schlichtheit unheilvoll \u2013 die Weltsicht der Au\u00dfenministerin Baerbock","author":"Webredaktion","date":"18. Juli 2023","format":false,"excerpt":"Beitrag von Gert Ewen Ungar Dass Annalena Baerbock (B\u00fcndnis 90\/Die Gr\u00fcnen) Au\u00dfenministerin ist, ist sowohl f\u00fcr Deutschland als auch Europa und die Welt brandgef\u00e4hrlich. Baerbock ist mit dem Amt \u00fcberfordert, sch\u00e4tzt Entwicklungen falsch ein, denkt in einfachen Schwarz-Wei\u00df-Mustern und ist zur Differenzierung nicht in der Lage. Es fehlen ihr Basiskenntnisse\u2026","rel":"","context":"In &quot;Demokratie \u2013 Medien \u2013 Aufkl\u00e4rung&quot;","block_context":{"text":"Demokratie \u2013 Medien \u2013 Aufkl\u00e4rung","link":"https:\/\/www.freidenker.org\/?cat=12"},"img":{"alt_text":"","src":"https:\/\/i0.wp.com\/www.freidenker.org\/fw17\/wp-content\/uploads\/2023\/07\/Cleverly_meets_Baerbock_ausz_800x450.jpg?fit=800%2C450&ssl=1&resize=350%2C200","width":350,"height":200,"srcset":"https:\/\/i0.wp.com\/www.freidenker.org\/fw17\/wp-content\/uploads\/2023\/07\/Cleverly_meets_Baerbock_ausz_800x450.jpg?fit=800%2C450&ssl=1&resize=350%2C200 1x, https:\/\/i0.wp.com\/www.freidenker.org\/fw17\/wp-content\/uploads\/2023\/07\/Cleverly_meets_Baerbock_ausz_800x450.jpg?fit=800%2C450&ssl=1&resize=525%2C300 1.5x, https:\/\/i0.wp.com\/www.freidenker.org\/fw17\/wp-content\/uploads\/2023\/07\/Cleverly_meets_Baerbock_ausz_800x450.jpg?fit=800%2C450&ssl=1&resize=700%2C400 2x"},"classes":[]}],"_links":{"self":[{"href":"https:\/\/www.freidenker.org\/index.php?rest_route=\/wp\/v2\/posts\/3049","targetHints":{"allow":["GET"]}}],"collection":[{"href":"https:\/\/www.freidenker.org\/index.php?rest_route=\/wp\/v2\/posts"}],"about":[{"href":"https:\/\/www.freidenker.org\/index.php?rest_route=\/wp\/v2\/types\/post"}],"author":[{"embeddable":true,"href":"https:\/\/www.freidenker.org\/index.php?rest_route=\/wp\/v2\/users\/3"}],"replies":[{"embeddable":true,"href":"https:\/\/www.freidenker.org\/index.php?rest_route=%2Fwp%2Fv2%2Fcomments&post=3049"}],"version-history":[{"count":0,"href":"https:\/\/www.freidenker.org\/index.php?rest_route=\/wp\/v2\/posts\/3049\/revisions"}],"wp:featuredmedia":[{"embeddable":true,"href":"https:\/\/www.freidenker.org\/index.php?rest_route=\/wp\/v2\/media\/3771"}],"wp:attachment":[{"href":"https:\/\/www.freidenker.org\/index.php?rest_route=%2Fwp%2Fv2%2Fmedia&parent=3049"}],"wp:term":[{"taxonomy":"category","embeddable":true,"href":"https:\/\/www.freidenker.org\/index.php?rest_route=%2Fwp%2Fv2%2Fcategories&post=3049"},{"taxonomy":"post_tag","embeddable":true,"href":"https:\/\/www.freidenker.org\/index.php?rest_route=%2Fwp%2Fv2%2Ftags&post=3049"}],"curies":[{"name":"wp","href":"https:\/\/api.w.org\/{rel}","templated":true}]}}