{"id":3037,"date":"2014-11-25T02:46:42","date_gmt":"2014-11-25T01:46:42","guid":{"rendered":"http:\/\/www.freidenker.org\/?p=3037"},"modified":"2018-02-14T21:41:17","modified_gmt":"2018-02-14T20:41:17","slug":"forderung-zur-freilassung-eines-unschuldigen-gefangenen","status":"publish","type":"post","link":"https:\/\/www.freidenker.org\/?p=3037","title":{"rendered":"Forderung zur Freilassung eines unschuldigen Gefangenen"},"content":{"rendered":"<div><span style=\"font-size: 12pt;\"><strong><span style=\"color: #000000; font-family: Verdana,Arial,Helvetica,sans-serif;\">Aufruf zu Wahrheit und Gerechtigkeit f\u00fcr Mounir el Motassadeq<\/span><\/strong><\/span><\/div>\n<div><span style=\"font-size: 12pt;\"><strong><span style=\"color: #000000; font-family: Verdana,Arial,Helvetica,sans-serif;\">Von Freidenkern, Arbeiterfotografie, Euregioprojekt Frieden und VIS<\/span><\/strong><\/span><\/div>\n<div><span style=\"color: #000000; font-family: Verdana,Arial,Helvetica,sans-serif; font-size: 12pt;\">\u00a0<\/span><\/div>\n<div><span style=\"color: #000000; font-family: Verdana,Arial,Helvetica,sans-serif; font-size: 12pt;\">Am 11. September 2001 wurde in den USA ein Verbrechen begangen, dessen T\u00e4terschaft bis heute ungekl\u00e4rt ist. Mounir el Motassadeq soll denjenigen geholfen haben, denen ohne jeden Beweis die T\u00e4terschaft zugeschoben wird. Am 8. Januar 2007 wurde er trotz dieser Sachlage vom Oberlandesgericht Hamburg wegen Beihilfe zum Mord zu 15 Jahren Haft verurteilt. Er ist die einzige Person weltweit, die in direkter Beziehung zu den Anschl\u00e4gen vom 11. September 2001 verurteilt wurde. Am 7. August 2014 hat der Bundesgerichtshof (BGH) den Antrag von Mounir el Motassadeq auf vorzeitige Haftentlassung abgelehnt \u2013 mit der Begr\u00fcndung, er sei noch &#8222;zu gef\u00e4hrlich&#8220;. Eine Gefahr mag tats\u00e4chlich bestehen. Es ist aber die Frage f\u00fcr wen. Der Deutsche Freidenkerverband, der Bundesverband Arbeiterfotografie, das Euregioprojekt Frieden und die Vereinigung f\u00fcr internationale Solidarit\u00e4t protestieren mit einem gemeinsamen Aufruf gegen den fortw\u00e4hrenden Justizskandal und fordern Wahrheit und Gerechtigkeit f\u00fcr Mounir el Motassadeq.\u00a0<\/span><\/div>\n<div>\n<div><span style=\"color: #000000; font-family: Verdana,Arial,Helvetica,sans-serif; font-size: 12pt;\">Mounir el Motassadeq ist Marokkaner. Er wurde 1974 geboren, studierte in Hamburg Elektrotechnik und war mit Mohamed Atta, Marwan Alshehhi und Ziad Jarrah befreundet, die angeblich im Rahmen einer Selbstmordoperation am 11. September 2001 in den USA Flugzeuge entf\u00fchrt und gesteuert haben sollen. Mounir wurde im Jahre 2007 vom Oberlandesgericht (OLG) Hamburg zu einer 15-j\u00e4hrigen Haftstrafe wegen mutma\u00dflicher Beihilfe zu den Anschl\u00e4gen vom 11. September 2001 verurteilt. Bis heute bestreitet er diese Anschuldigungen auf das Heftigste. Das Gericht konnte weder seine Beihilfe zu irgendeiner Straftat noch die Teilnahme seiner Freunde aus Hamburg \u2013 Mohammed Atta, Marwan Alshehhi und Ziad Jarrah \u2013 an den Anschl\u00e4gen vom 11. September nachweisen. Auch die US-Beh\u00f6rden haben bis heute keine juristisch bewertbaren Beweise vorgelegt, dass Mohamed Atta und seine Freunde an den Anschl\u00e4gen des 11. September 2001 beteiligt waren. Es gibt nicht einmal eindeutige Beweise, dass Mohamed Atta und Marwan Alshehhi jemals in den USA waren.<\/span><\/div>\n<div><span style=\"color: #000000; font-family: Verdana,Arial,Helvetica,sans-serif; font-size: 12pt;\">\u00a0<\/span><\/div>\n<div><span style=\"color: #000000; font-family: Verdana,Arial,Helvetica,sans-serif; font-size: 12pt;\">Die Verwandten der Opfer des Massenmordes vom 11. September wie auch die gesamte Gesellschaft haben einen Anspruch auf Wahrheit und Gerechtigkeit. Wahrheit bedeutet, dass die wahren Umst\u00e4nde eines Massenmordes festgestellt werden. Gerechtigkeit bedeutet, dass die wahren T\u00e4ter und keine S\u00fcndenb\u00f6cke eines Massenmordes bestraft werden.<\/span><\/div>\n<div><span style=\"color: #000000; font-family: Verdana,Arial,Helvetica,sans-serif; font-size: 12pt;\">\u00a0<\/span><\/div>\n<div><span style=\"color: #000000; font-family: Verdana,Arial,Helvetica,sans-serif; font-size: 12pt;\">Laut Art. 11 Abs. 1 der Allgemeinen Erkl\u00e4rung der Menschenrechte der Vereinten Nationen von 1948, gilt \u201ejeder Mensch, der einer strafbaren Handlung beschuldigt wird [&#8230;] solange als unschuldig [&#8230;], bis seine Schuld in einem \u00f6ffentlichen Verfahren, in dem alle f\u00fcr seine Verteidigung n\u00f6tigen Voraussetzungen gew\u00e4hrleistet waren, gem\u00e4\u00df dem Gesetz nachgewiesen ist.&#8220; Dieses rechtsstaatliche Prinzip der Unschuldvermutung findet sich auch in Art. 6 Abs. 2 der Europ\u00e4ischen Menschenrechtskonvention (EMRK). Im Verfahren gegen Mounir el Motassadeq wurden nicht \u201ealle f\u00fcr seine Verteidigung n\u00f6tigen Voraussetzungen gew\u00e4hrleistet&#8220;, da die Teilnahme seiner Freunde in der Haupttat (11. September 2001) nicht nachgewiesen wurde. Verfahren, oder eine unabh\u00e4ngige Untersuchung, wodurch die angebliche Teilnahme von Mohamed Atta und seiner Freunde an den Anschl\u00e4gen des 11. September 2001 erwiesen worden w\u00e4re, hat es nie gegeben.<\/span><\/div>\n<div><span style=\"color: #000000; font-family: Verdana,Arial,Helvetica,sans-serif; font-size: 12pt;\">\u00a0<\/span><\/div>\n<div><span style=\"color: #000000; font-family: Verdana,Arial,Helvetica,sans-serif; font-size: 12pt;\">Die hier angef\u00fchrten Personen als Massenm\u00f6rder oder Terroristen zu bezeichnen, stellt daher gem\u00e4\u00df \u00a7 186 StGB eine &#8222;\u00fcble Nachrede&#8220; dar. Ein solches Vergehen verletzt auch in mehrfacher Hinsicht den deutschen Pressekodex (Ziffer 1: Wahrhaftigkeit und Achtung der Menschenw\u00fcrde; Ziffer 2: Sorgfalt; Ziffer 3: Richtigstellung; Ziffer 9: Schutz der Ehre; Ziffer 10: Schm\u00e4hung der Religion; Ziffer 13: Unschuldvermutung; und Ziffer 16: R\u00fcgenver\u00f6ffentlichung)<\/span><\/div>\n<div><span style=\"color: #000000; font-family: Verdana,Arial,Helvetica,sans-serif; font-size: 12pt;\">\u00a0<\/span><\/div>\n<div><span style=\"color: #000000; font-family: Verdana,Arial,Helvetica,sans-serif; font-size: 12pt;\">Die offizielle Legende \u00fcber den 11. September 2001 wurde zur Rechtfertigung von zwei v\u00f6lkerrechtswidrigen Kriegen genutzt \u2013 mit mehr als einer Million Toten. Sie hat zur Einschr\u00e4nkung der Demokratie und der Freiheiten gef\u00fchrt und dient weiterhin als Vorwand f\u00fcr die massive \u00dcberwachung der Bev\u00f6lkerung.<\/span><\/div>\n<div><span style=\"color: #000000; font-family: Verdana,Arial,Helvetica,sans-serif; font-size: 12pt;\">\u00a0<\/span><\/div>\n<div><span style=\"color: #000000; font-family: Verdana,Arial,Helvetica,sans-serif; font-size: 12pt;\">Auf der Basis der vorstehend angef\u00fchrten Gr\u00fcnde fordern<\/span><\/div>\n<ul>\n<li><span style=\"color: #000000; font-family: Verdana,Arial,Helvetica,sans-serif; font-size: 12pt;\">der Deutsche Freidenkerverband<\/span><\/li>\n<li><span style=\"color: #000000; font-family: Verdana,Arial,Helvetica,sans-serif; font-size: 12pt;\">der Bundesverband Arbeiterfotografie<\/span><\/li>\n<li><span style=\"color: #000000; font-family: Verdana,Arial,Helvetica,sans-serif; font-size: 12pt;\">das Euregioprojekt Frieden<\/span><\/li>\n<li><span style=\"color: #000000; font-family: Verdana,Arial,Helvetica,sans-serif; font-size: 12pt;\">die Vereinigung f\u00fcr internationale Solidarit\u00e4t<\/span><\/li>\n<\/ul>\n<div><span style=\"color: #000000; font-family: Verdana,Arial,Helvetica,sans-serif; font-size: 12pt;\">die Medien auf<\/span><\/div>\n<ul>\n<li><span style=\"color: #000000; font-family: Verdana,Arial,Helvetica,sans-serif; font-size: 12pt;\">k\u00fcnftig im eigenen Verantwortungsbereich keine Bezichtigung Mohamed Attas und seiner Freunde als Verursacher der Anschl\u00e4ge des 11. September 2001 mehr zuzulassen;<\/span><\/li>\n<li><span style=\"color: #000000; font-family: Verdana,Arial,Helvetica,sans-serif; font-size: 12pt;\">\u00fcber das Faktum zu berichten, dass die Beh\u00f6rden der USA bis heute keine stichhaltigen Beweise f\u00fcr die Teilnahme von Mohamed Atta und seinen Freunden an diesen Anschl\u00e4gen vorgelegt haben und<\/span><\/li>\n<li><span style=\"color: #000000; font-family: Verdana,Arial,Helvetica,sans-serif; font-size: 12pt;\">Bedauern und Entschuldigung gegen\u00fcber den Angeh\u00f6rigen der Familien von Mohamed Atta und seinen Freunden f\u00fcr den Schmerz zum Ausdruck zu bringen, der ihnen durch r\u00fccksichtslose Berichterstattung zugef\u00fcgt wurde.<\/span><\/li>\n<\/ul>\n<div><span style=\"color: #000000; font-family: Verdana,Arial,Helvetica,sans-serif; font-size: 12pt;\">Wir fordern zus\u00e4tzlich die sofortige Entlassung von Mounir el Motassadeq aus der Haft, \u00f6ffentliche Entsch\u00e4digung und Entschuldigung wegen seiner unberechtigten Haft, und die Einrichtung eines parlamentarischen Ausschusses des Bundestages zur Aufkl\u00e4rung der Umst\u00e4nde, die zu dieser ungerechten Verurteilung von Mounir el Motassadeq gef\u00fchrt haben.<\/span><\/div>\n<div><span style=\"color: #000000; font-family: Verdana,Arial,Helvetica,sans-serif; font-size: 12pt;\">\u00a0<\/span><\/div>\n<div><span style=\"font-size: 12pt;\"><span style=\"color: #000000; font-family: Verdana,Arial,Helvetica,sans-serif;\">Kirchen,\u00a0<\/span><span style=\"color: #000000; font-family: Verdana,Arial,Helvetica,sans-serif;\">24. November 2014<\/span><\/span><\/div>\n<div style=\"text-align: left;\">\n<hr \/>\n<\/div>\n<div>Bildquelle: reopen911.info (entnommen von nrhz.de)<\/div>\n<\/div>\n","protected":false},"excerpt":{"rendered":"<p><strong>Aufruf zu Wahrheit und Gerechtigkeit f\u00fcr Mounir el Motassadeq von Freidenkern, Arbeiterfotografie, Euregioprojekt Frieden und VIS<\/strong><br \/>\nAm 11. September 2001 wurde in den USA ein Verbrechen begangen, dessen T\u00e4terschaft bis heute ungekl\u00e4rt ist. Mounir el Motassadeq soll denjenigen geholfen haben, denen ohne jeden Beweis die T\u00e4terschaft zugeschoben wird. Am 8. Januar 2007 wurde er trotz dieser Sachlage vom Oberlandesgericht Hamburg wegen Beihilfe zum Mord zu 15 Jahren Haft verurteilt. Er ist die einzige Person weltweit, die in direkter Beziehung zu den Anschl\u00e4gen vom 11. September 2001 verurteilt wurde. <\/p>\n","protected":false},"author":3,"featured_media":3767,"comment_status":"closed","ping_status":"closed","sticky":false,"template":"","format":"standard","meta":{"colormag_page_container_layout":"default_layout","colormag_page_sidebar_layout":"default_layout","advanced_seo_description":"","jetpack_seo_html_title":"","jetpack_seo_noindex":false,"jetpack_post_was_ever_published":false,"footnotes":""},"categories":[12],"tags":[414,718,675,717],"class_list":["post-3037","post","type-post","status-publish","format-standard","has-post-thumbnail","hentry","category-demokratie-medien-aufklaerung","tag-414","tag-gerechtigkeit","tag-terroranschlaege","tag-wahrheit"],"jetpack_featured_media_url":"https:\/\/i0.wp.com\/www.freidenker.org\/fw17\/wp-content\/uploads\/2014\/11\/mounir-440_800x445.jpg?fit=800%2C445&ssl=1","jetpack_shortlink":"https:\/\/wp.me\/p9stpK-MZ","jetpack-related-posts":[{"id":12562,"url":"https:\/\/www.freidenker.org\/?p=12562","url_meta":{"origin":3037,"position":0},"title":"Ein brennendes Herz f\u00fcr den Frieden braucht einen k\u00fchlen Kopf","author":"Webredaktion","date":"10. April 2022","format":false,"excerpt":"Bilder-Galerie und Rede von M\u00e4nne Gr\u00fc\u00df auf dem Potsdamer Ostermarsch 2022 [Aus der Rede:] Liebe Friedensfreundinnen, liebe Friedensfreunde, ich m\u00f6chte meine Rede mit einem Ausspruch beginnen, den viele von Euch wahrscheinlich im Schlaf aufsagen k\u00f6nnen: Im Krieg gilt: Die Wahrheit stirbt zuerst. So eing\u00e4ngig der Ausspruch aber auch ist: Er\u2026","rel":"","context":"In &quot;Frieden - Antifaschismus - Solidarit\u00e4t&quot;","block_context":{"text":"Frieden - Antifaschismus - Solidarit\u00e4t","link":"https:\/\/www.freidenker.org\/?cat=13"},"img":{"alt_text":"","src":"https:\/\/i0.wp.com\/www.freidenker.org\/fw17\/wp-content\/uploads\/2022\/04\/Potsdamer-Ostermarsch_2022_800x450.jpg?fit=800%2C450&ssl=1&resize=350%2C200","width":350,"height":200,"srcset":"https:\/\/i0.wp.com\/www.freidenker.org\/fw17\/wp-content\/uploads\/2022\/04\/Potsdamer-Ostermarsch_2022_800x450.jpg?fit=800%2C450&ssl=1&resize=350%2C200 1x, https:\/\/i0.wp.com\/www.freidenker.org\/fw17\/wp-content\/uploads\/2022\/04\/Potsdamer-Ostermarsch_2022_800x450.jpg?fit=800%2C450&ssl=1&resize=525%2C300 1.5x, https:\/\/i0.wp.com\/www.freidenker.org\/fw17\/wp-content\/uploads\/2022\/04\/Potsdamer-Ostermarsch_2022_800x450.jpg?fit=800%2C450&ssl=1&resize=700%2C400 2x"},"classes":[]},{"id":3160,"url":"https:\/\/www.freidenker.org\/?p=3160","url_meta":{"origin":3037,"position":1},"title":"Zur Ermordung von Osama bin Laden","author":"Webredaktion","date":"10. Mai 2011","format":false,"excerpt":"Kommentar von Elias Davidsson Nach Medienberichten wurde Osama bin Laden am 1. Mai 2011 ermordet, zusammen mit \"anderen Familienmitgliedern\", deren Identit\u00e4t unbekannt ist. Der Pr\u00e4sident der Vereinigten Staaten von Amerika hat sich diesen Mord als Verdienst angerechnet. Mord ist jedoch in jedem rechtsstaatlichen System verboten. Er ist eine strafbare Handlung,\u2026","rel":"","context":"In &quot;Demokratie \u2013 Medien \u2013 Aufkl\u00e4rung&quot;","block_context":{"text":"Demokratie \u2013 Medien \u2013 Aufkl\u00e4rung","link":"https:\/\/www.freidenker.org\/?cat=12"},"img":{"alt_text":"","src":"https:\/\/i0.wp.com\/www.freidenker.org\/fw17\/wp-content\/uploads\/2011\/05\/Osama_bin_Laden_coll_800x445.jpg?fit=800%2C445&ssl=1&resize=350%2C200","width":350,"height":200,"srcset":"https:\/\/i0.wp.com\/www.freidenker.org\/fw17\/wp-content\/uploads\/2011\/05\/Osama_bin_Laden_coll_800x445.jpg?fit=800%2C445&ssl=1&resize=350%2C200 1x, https:\/\/i0.wp.com\/www.freidenker.org\/fw17\/wp-content\/uploads\/2011\/05\/Osama_bin_Laden_coll_800x445.jpg?fit=800%2C445&ssl=1&resize=525%2C300 1.5x, https:\/\/i0.wp.com\/www.freidenker.org\/fw17\/wp-content\/uploads\/2011\/05\/Osama_bin_Laden_coll_800x445.jpg?fit=800%2C445&ssl=1&resize=700%2C400 2x"},"classes":[]},{"id":2988,"url":"https:\/\/www.freidenker.org\/?p=2988","url_meta":{"origin":3037,"position":2},"title":"Freidenker-Brief 6-2015: Deutschland raus aus der NATO &#8211; NATO raus aus Deutschland","author":"Webredaktion","date":"27. August 2015","format":false,"excerpt":"W\u00e4hrend manche \"Institutionen\" der Friedensbewegung fortgesetzt die Diskussion \u201eWie weiter mit der Friedensbewegung?\u201c f\u00fchren, gibt es erfreulicherweise auch Friedenskr\u00e4fte, die angesichts der gef\u00e4hrlichen internationalen Entwicklung aktiv werden, die auf Aktionen und auf Klarheit dr\u00e4ngen: Einerseits die im \"AK Frieden \/ Internationales\" des Deutschen Freidenker-Verbandes erarbeitete programmatische Erkl\u00e4rung zu Fragen von\u2026","rel":"","context":"In &quot;Freidenker-Brief&quot;","block_context":{"text":"Freidenker-Brief","link":"https:\/\/www.freidenker.org\/?cat=341"},"img":{"alt_text":"","src":"https:\/\/i0.wp.com\/www.freidenker.org\/fw17\/wp-content\/uploads\/2015\/08\/Global_Hawk_800x445_mLogo.jpg?fit=800%2C445&ssl=1&resize=350%2C200","width":350,"height":200,"srcset":"https:\/\/i0.wp.com\/www.freidenker.org\/fw17\/wp-content\/uploads\/2015\/08\/Global_Hawk_800x445_mLogo.jpg?fit=800%2C445&ssl=1&resize=350%2C200 1x, https:\/\/i0.wp.com\/www.freidenker.org\/fw17\/wp-content\/uploads\/2015\/08\/Global_Hawk_800x445_mLogo.jpg?fit=800%2C445&ssl=1&resize=525%2C300 1.5x, https:\/\/i0.wp.com\/www.freidenker.org\/fw17\/wp-content\/uploads\/2015\/08\/Global_Hawk_800x445_mLogo.jpg?fit=800%2C445&ssl=1&resize=700%2C400 2x"},"classes":[]},{"id":4204,"url":"https:\/\/www.freidenker.org\/?p=4204","url_meta":{"origin":3037,"position":3},"title":"Video: System Change statt Regime Change \u2013 Stimmen zur LLL-Demo 2018","author":"Webredaktion","date":"25. Januar 2018","format":false,"excerpt":"Video der Arbeiterfotografie von der LLL-Demo am 14.01.2018 in Berlin Stimmen auf der internationalen Demonstration der linken Bewegungen zur Gedenkst\u00e4tte der Sozialisten auf dem Zentralfriedhof Friedrichshain \u2013 zum Gedenken an die Revolution\u00e4re Rosa Luxemburg, Karl Liebknecht und Lenin und viele unz\u00e4hlige unbekannte Opfer im Kampf um Gerechtigkeit; Menschenw\u00fcrde und einen\u2026","rel":"","context":"In &quot;Frieden - Antifaschismus - Solidarit\u00e4t&quot;","block_context":{"text":"Frieden - Antifaschismus - Solidarit\u00e4t","link":"https:\/\/www.freidenker.org\/?cat=13"},"img":{"alt_text":"","src":"https:\/\/i0.wp.com\/www.freidenker.org\/fw17\/wp-content\/uploads\/2018\/01\/LLL-Demo_2018_af-video.jpg?fit=800%2C445&ssl=1&resize=350%2C200","width":350,"height":200,"srcset":"https:\/\/i0.wp.com\/www.freidenker.org\/fw17\/wp-content\/uploads\/2018\/01\/LLL-Demo_2018_af-video.jpg?fit=800%2C445&ssl=1&resize=350%2C200 1x, https:\/\/i0.wp.com\/www.freidenker.org\/fw17\/wp-content\/uploads\/2018\/01\/LLL-Demo_2018_af-video.jpg?fit=800%2C445&ssl=1&resize=525%2C300 1.5x, https:\/\/i0.wp.com\/www.freidenker.org\/fw17\/wp-content\/uploads\/2018\/01\/LLL-Demo_2018_af-video.jpg?fit=800%2C445&ssl=1&resize=700%2C400 2x"},"classes":[]},{"id":1853,"url":"https:\/\/www.freidenker.org\/?p=1853","url_meta":{"origin":3037,"position":4},"title":"Freidenker-Brief 4-2017: Freidenker unterst\u00fctzen Appell \u201eabr\u00fcsten statt aufr\u00fcsten\u201c","author":"Webredaktion","date":"16. November 2017","format":false,"excerpt":"Klaus Hartmann, Bundesvorsitzender des Deutschen Freidenker-Verbands, unterst\u00fctzt den Aufruf der Friedensbewegung mit der Forderung \u201eAbr\u00fcsten statt aufr\u00fcsten!\u201c. In seiner Begr\u00fcndung hei\u00dft es u.a.: \"Auf 2% ihrer Wirtschaftsleistung sollen die Ausgaben f\u00fcr Krieg und Vernichtung in den NATO-Staaten bis 2024 steigen. ... Dagegen mobil zu machen, ist ein Gebot der Stunde:\u2026","rel":"","context":"In &quot;Freidenker-Brief&quot;","block_context":{"text":"Freidenker-Brief","link":"https:\/\/www.freidenker.org\/?cat=341"},"img":{"alt_text":"Appell \"abr\u00fcsten statt aufr\u00fcsten\"","src":"https:\/\/i0.wp.com\/www.freidenker.org\/fw17\/wp-content\/uploads\/2017\/11\/KFR_ABstattAUF800x445.png?fit=800%2C445&ssl=1&resize=350%2C200","width":350,"height":200,"srcset":"https:\/\/i0.wp.com\/www.freidenker.org\/fw17\/wp-content\/uploads\/2017\/11\/KFR_ABstattAUF800x445.png?fit=800%2C445&ssl=1&resize=350%2C200 1x, https:\/\/i0.wp.com\/www.freidenker.org\/fw17\/wp-content\/uploads\/2017\/11\/KFR_ABstattAUF800x445.png?fit=800%2C445&ssl=1&resize=525%2C300 1.5x, https:\/\/i0.wp.com\/www.freidenker.org\/fw17\/wp-content\/uploads\/2017\/11\/KFR_ABstattAUF800x445.png?fit=800%2C445&ssl=1&resize=700%2C400 2x"},"classes":[]},{"id":21149,"url":"https:\/\/www.freidenker.org\/?p=21149","url_meta":{"origin":3037,"position":5},"title":"Diskussion: Die geopolitische Bedeutung der BRICS+","author":"Webredaktion","date":"12. M\u00e4rz 2025","format":false,"excerpt":"Einladung: Sonnabend, 15. M\u00e4rz 2025, 10:00 Uhr, Jugendherberge Leiterstra\u00dfe 10, 39104 Magdeburg Einleitungsreferat: Dr. Wolfgang Effenberger Die Chance, nach Aufl\u00f6sung der Warschauer Vertragsorganisation und dem Ende der Sowjetunion eine Friedensordnung f\u00fcr das 21. Jahrhundert zu begr\u00fcnden, wurde vertan. .... Die Entwicklung der BRIC-\/ BRICS-\/ BRICS+ Staaten markiert den Weg in\u2026","rel":"","context":"In &quot;Zentrale Veranstaltungen&quot;","block_context":{"text":"Zentrale Veranstaltungen","link":"https:\/\/www.freidenker.org\/?cat=20"},"img":{"alt_text":"","src":"https:\/\/i0.wp.com\/www.freidenker.org\/fw17\/wp-content\/uploads\/2025\/03\/2018_BRICS_summit_6_800x450.jpg?fit=800%2C450&ssl=1&resize=350%2C200","width":350,"height":200,"srcset":"https:\/\/i0.wp.com\/www.freidenker.org\/fw17\/wp-content\/uploads\/2025\/03\/2018_BRICS_summit_6_800x450.jpg?fit=800%2C450&ssl=1&resize=350%2C200 1x, https:\/\/i0.wp.com\/www.freidenker.org\/fw17\/wp-content\/uploads\/2025\/03\/2018_BRICS_summit_6_800x450.jpg?fit=800%2C450&ssl=1&resize=525%2C300 1.5x, https:\/\/i0.wp.com\/www.freidenker.org\/fw17\/wp-content\/uploads\/2025\/03\/2018_BRICS_summit_6_800x450.jpg?fit=800%2C450&ssl=1&resize=700%2C400 2x"},"classes":[]}],"_links":{"self":[{"href":"https:\/\/www.freidenker.org\/index.php?rest_route=\/wp\/v2\/posts\/3037","targetHints":{"allow":["GET"]}}],"collection":[{"href":"https:\/\/www.freidenker.org\/index.php?rest_route=\/wp\/v2\/posts"}],"about":[{"href":"https:\/\/www.freidenker.org\/index.php?rest_route=\/wp\/v2\/types\/post"}],"author":[{"embeddable":true,"href":"https:\/\/www.freidenker.org\/index.php?rest_route=\/wp\/v2\/users\/3"}],"replies":[{"embeddable":true,"href":"https:\/\/www.freidenker.org\/index.php?rest_route=%2Fwp%2Fv2%2Fcomments&post=3037"}],"version-history":[{"count":0,"href":"https:\/\/www.freidenker.org\/index.php?rest_route=\/wp\/v2\/posts\/3037\/revisions"}],"wp:featuredmedia":[{"embeddable":true,"href":"https:\/\/www.freidenker.org\/index.php?rest_route=\/wp\/v2\/media\/3767"}],"wp:attachment":[{"href":"https:\/\/www.freidenker.org\/index.php?rest_route=%2Fwp%2Fv2%2Fmedia&parent=3037"}],"wp:term":[{"taxonomy":"category","embeddable":true,"href":"https:\/\/www.freidenker.org\/index.php?rest_route=%2Fwp%2Fv2%2Fcategories&post=3037"},{"taxonomy":"post_tag","embeddable":true,"href":"https:\/\/www.freidenker.org\/index.php?rest_route=%2Fwp%2Fv2%2Ftags&post=3037"}],"curies":[{"name":"wp","href":"https:\/\/api.w.org\/{rel}","templated":true}]}}