{"id":3035,"date":"2015-01-04T02:41:46","date_gmt":"2015-01-04T01:41:46","guid":{"rendered":"http:\/\/www.freidenker.org\/?p=3035"},"modified":"2018-02-14T21:41:09","modified_gmt":"2018-02-14T20:41:09","slug":"gehackte-facebook-seite-und-anti-freidenker-kampagne","status":"publish","type":"post","link":"https:\/\/www.freidenker.org\/?p=3035","title":{"rendered":"Gehackte Facebook-Seite und Anti-Freidenker-Kampagne"},"content":{"rendered":"<p><span style=\"font-family: georgia,palatino,serif; font-size: 12pt;\">Die <span style=\"line-height: 115%;\">Facebookseite des Verbandsvorsitzenden Klaus Hartmann wurde zum wiederholten Male gehackt. Trotz bisher schon dreimaliger \u00c4nderung des Passworts wurde wieder ein kompromittierendes Bild auf die Seite gebracht, diesmal eine nackte Kanzlerin Merkel als &#8222;Prostituierte j\u00fcdischer Bankerfamilien&#8220;. Nachdem in der Vergangenheit schon wiederholt Werbung f\u00fcr Faschisten, Hakenkreuzfahnen und sonstiger Nazim\u00fcll gel\u00f6scht werden mussten, technische Vorkehrungen hiergegen aber nicht dauerhaft wirken, wurde der Account g\u00e4nzlich gel\u00f6scht.<\/span><\/span><\/p>\n<p><span style=\"font-size: 12pt; line-height: 115%; font-family: georgia,palatino,serif;\">Zu besagtem Bild erkl\u00e4rte Klaus Hartmann: &#8222;Ich stimme allen zu, die das Bild geschmacklos finden. Im Scherz k\u00f6nnte man sagen, Merkel-Bilder seien immer unangenehm, aber nackt \u00fcbersteige es alles Zumutbare.\u00a0 Sie als Prostituierte zu bezeichnen w\u00e4re eine unzul\u00e4ssige Vermischung mit der Berufsaus\u00fcbung der sogenannten &#8218;Sexarbeiterinnen&#8216; .\u00a0 Aber politisch skandal\u00f6s und inakzeptabel wird es durch die Rede von &#8218;j\u00fcdischen Bankerfamilien&#8216;: Das verbrecherische Treiben von Banken und Bankern ist so unbestreitbar, wie es unabh\u00e4ngig von Ethnie oder religi\u00f6ser \u00dcberzeugung ist. Dies &#8218;den Juden&#8216; als S\u00fcndenb\u00f6cken anzuh\u00e4ngen, ist die ber\u00fcchtigte verbrecherische Projektion, die das System Imperialismus entlasten und verschleiern soll.&#8220;<\/span><\/p>\n<p><span style=\"font-size: 12pt; line-height: 115%; font-family: georgia,palatino,serif;\">Auf anderen Facebookseiten, zun\u00e4chst von Frau Ditfurth, wurde das vermeintlich von Klaus Hartmann zu verantwortende Bild zum Anlass einer Kampagne gegen die &#8222;antisemitischen&#8220; Freidenker genutzt und gegen ihre Unterst\u00fctzung f\u00fcr ein einheitliches Handeln der Friedensbewegung. Die Kampagne setzte am 31.12.2014 ein, exakt dem Tag, als in der Tageszeitung &#8222;junge Welt&#8220; eine Anzeige des Freidenkerverbandes erschien, in der eine Textpassage lautete: <\/span><\/p>\n<blockquote><p><span style=\"font-size: 12pt; line-height: 115%; font-family: georgia,palatino,serif;\">\u201eStatt Spaltung in \u201aalte\u2018 und \u201aneue\u2018<br \/>\nFriedensbewegung: gemeinsam<br \/>\ngegen Faschisten, Rassisten und die<br \/>\nimperialistische Kriegsvorbereitung!\u201c<\/span><\/p>\n<p><span style=\"font-size: 12pt; line-height: 115%; font-family: georgia,palatino,serif;\">\u201eDas wirksamste Gegengift gegen die<br \/>\naktuelle Russophobie und Anti-Putin-<br \/>\nHysterie ist eine Position der Solidarit\u00e4t<br \/>\nund Freundschaft mit Russland.\u201c<\/span><\/p><\/blockquote>\n<p style=\"text-align: right;\"><em><span style=\"font-size: 12pt; line-height: 115%; font-family: georgia,palatino,serif;\">Klaus Hartmann,<br \/>\nBundesvorsitzender des Deutschen Freidenker-Verbandes<\/span><\/em><\/p>\n<hr \/>\n<p>Bild: pixaby.com \/ User: geralt<\/p>\n","protected":false},"excerpt":{"rendered":"<p>Die Facebookseite des Verbandsvorsitzenden Klaus Hartmann wurde zum wiederholten Male gehackt. Es wurde wieder ein kompromittierendes Bild auf die Seite gebracht, diesmal eine nackte Kanzlerin Merkel als &#8222;Prostituierte j\u00fcdischer Bankerfamilien&#8220;. Nachdem in der Vergangenheit schon wiederholt Werbung f\u00fcr Faschisten, Hakenkreuzfahnen und sonstiger Nazim\u00fcll gel\u00f6scht werden mussten, technische Vorkehrungen hiergegen aber nicht dauerhaft wirken, wurde der Account g\u00e4nzlich gel\u00f6scht.<\/p>\n","protected":false},"author":3,"featured_media":3765,"comment_status":"closed","ping_status":"closed","sticky":false,"template":"","format":"standard","meta":{"colormag_page_container_layout":"default_layout","colormag_page_sidebar_layout":"default_layout","advanced_seo_description":"","jetpack_seo_html_title":"","jetpack_seo_noindex":false,"jetpack_post_was_ever_published":false,"footnotes":""},"categories":[12],"tags":[682,715,43,716],"class_list":["post-3035","post","type-post","status-publish","format-standard","has-post-thumbnail","hentry","category-demokratie-medien-aufklaerung","tag-angela-merkel","tag-facebook","tag-friedensbewegung","tag-hacking"],"jetpack_featured_media_url":"https:\/\/i0.wp.com\/www.freidenker.org\/fw17\/wp-content\/uploads\/2015\/01\/binary-2170630_800x445.jpg?fit=800%2C445&ssl=1","jetpack_shortlink":"https:\/\/wp.me\/p9stpK-MX","jetpack-related-posts":[{"id":18001,"url":"https:\/\/www.freidenker.org\/?p=18001","url_meta":{"origin":3035,"position":0},"title":"Video: Klaus Hartmann bei MOATS","author":"Webredaktion","date":"24. Januar 2024","format":false,"excerpt":"Video-Interview von Dr. Diether Dehm mit Klaus Hartmann In seiner Sendung \"MOATS (Mother of all Talkshows)\", der deutschen Variante des vom britischen linken ehemaligen Parlamentarier George Galloway entwickelten w\u00f6chentlichen Podcasts, pr\u00e4sentiert Diether Dehm G\u00e4ste, die zu aktuellen Fragen unangepasste Meinungen \u00e4u\u00dfern. Zum zweiten Mal sa\u00df Klaus Hartmann vor der Kamera\u2026","rel":"","context":"In &quot;Demokratie \u2013 Medien \u2013 Aufkl\u00e4rung&quot;","block_context":{"text":"Demokratie \u2013 Medien \u2013 Aufkl\u00e4rung","link":"https:\/\/www.freidenker.org\/?cat=12"},"img":{"alt_text":"","src":"https:\/\/i0.wp.com\/www.freidenker.org\/fw17\/wp-content\/uploads\/2024\/01\/dehm_hartmann_moats_2024-01_b2_800x450.jpg?fit=800%2C450&ssl=1&resize=350%2C200","width":350,"height":200,"srcset":"https:\/\/i0.wp.com\/www.freidenker.org\/fw17\/wp-content\/uploads\/2024\/01\/dehm_hartmann_moats_2024-01_b2_800x450.jpg?fit=800%2C450&ssl=1&resize=350%2C200 1x, https:\/\/i0.wp.com\/www.freidenker.org\/fw17\/wp-content\/uploads\/2024\/01\/dehm_hartmann_moats_2024-01_b2_800x450.jpg?fit=800%2C450&ssl=1&resize=525%2C300 1.5x, https:\/\/i0.wp.com\/www.freidenker.org\/fw17\/wp-content\/uploads\/2024\/01\/dehm_hartmann_moats_2024-01_b2_800x450.jpg?fit=800%2C450&ssl=1&resize=700%2C400 2x"},"classes":[]},{"id":19798,"url":"https:\/\/www.freidenker.org\/?p=19798","url_meta":{"origin":3035,"position":1},"title":"Klaus Hartmann spricht Klartext: Deutsche Regierung ist rechts!","author":"Webredaktion","date":"1. September 2024","format":false,"excerpt":"Video-Interview von Masha Janssen\u00a0mit Klaus Hartmann In einem aufschlussreichen Gespr\u00e4ch mit Klaus Hartmann, dem stellvertretenden Vorsitzenden des Freidenkerverbandes ..., diskutieren wir \u00fcber die wahre Bedeutungen der politischen Begriffe \"links\" und \"rechts\". Seit ihrer Entstehung haben sich die Bedeutungen von \"links\" und \"rechts\" stark ver\u00e4ndert und sind oft Gegenstand von Verwirrung\u2026","rel":"","context":"In &quot;Demokratie \u2013 Medien \u2013 Aufkl\u00e4rung&quot;","block_context":{"text":"Demokratie \u2013 Medien \u2013 Aufkl\u00e4rung","link":"https:\/\/www.freidenker.org\/?cat=12"},"img":{"alt_text":"","src":"https:\/\/i0.wp.com\/www.freidenker.org\/fw17\/wp-content\/uploads\/2024\/09\/Hartmann_Masha_3_800x450.jpg?fit=800%2C450&ssl=1&resize=350%2C200","width":350,"height":200,"srcset":"https:\/\/i0.wp.com\/www.freidenker.org\/fw17\/wp-content\/uploads\/2024\/09\/Hartmann_Masha_3_800x450.jpg?fit=800%2C450&ssl=1&resize=350%2C200 1x, https:\/\/i0.wp.com\/www.freidenker.org\/fw17\/wp-content\/uploads\/2024\/09\/Hartmann_Masha_3_800x450.jpg?fit=800%2C450&ssl=1&resize=525%2C300 1.5x, https:\/\/i0.wp.com\/www.freidenker.org\/fw17\/wp-content\/uploads\/2024\/09\/Hartmann_Masha_3_800x450.jpg?fit=800%2C450&ssl=1&resize=700%2C400 2x"},"classes":[]},{"id":5854,"url":"https:\/\/www.freidenker.org\/?p=5854","url_meta":{"origin":3035,"position":2},"title":"Zu viel Kriegsvorbereitung","author":"Webredaktion","date":"13. Februar 2019","format":false,"excerpt":"Kurzbericht der Offenbacher Friedensinitiative \u00fcber die Veranstaltung \"Eine neue Kriegsgefahr\" am 30.01.209, an der u.a. Klaus Hartmann, Vorsitzender des Deutschen Fredenker-Verbandes, teilgenommen hatte. Die Frage, ob es eine neue Kriegsgefahr gibt, wurde in der \u00f6ffentlichen Veranstaltung der Offenbacher Friedensinitiative am 30.01.2019 bejaht. ... Wieder wird von einer Politik der St\u00e4rke\u2026","rel":"","context":"In &quot;Frieden - Antifaschismus - Solidarit\u00e4t&quot;","block_context":{"text":"Frieden - Antifaschismus - Solidarit\u00e4t","link":"https:\/\/www.freidenker.org\/?cat=13"},"img":{"alt_text":"","src":"https:\/\/i0.wp.com\/www.freidenker.org\/fw17\/wp-content\/uploads\/2019\/02\/ofi_05.2147-800x445.jpg?fit=800%2C445&ssl=1&resize=350%2C200","width":350,"height":200,"srcset":"https:\/\/i0.wp.com\/www.freidenker.org\/fw17\/wp-content\/uploads\/2019\/02\/ofi_05.2147-800x445.jpg?fit=800%2C445&ssl=1&resize=350%2C200 1x, https:\/\/i0.wp.com\/www.freidenker.org\/fw17\/wp-content\/uploads\/2019\/02\/ofi_05.2147-800x445.jpg?fit=800%2C445&ssl=1&resize=525%2C300 1.5x, https:\/\/i0.wp.com\/www.freidenker.org\/fw17\/wp-content\/uploads\/2019\/02\/ofi_05.2147-800x445.jpg?fit=800%2C445&ssl=1&resize=700%2C400 2x"},"classes":[]},{"id":6600,"url":"https:\/\/www.freidenker.org\/?p=6600","url_meta":{"origin":3035,"position":3},"title":"\u201eNationale Frage\u201c, \u201enationale Positionen\u201c?","author":"Webredaktion","date":"6. Juli 2019","format":false,"excerpt":"Am 7. und 13. Juni sowie am 1. Juli 2019 erschienen Beitr\u00e4ge in der Tageszeitung \u201ejunge Welt\" mit Erw\u00e4hnungen des Deutschen Freidenker-Verbandes und des Vorsitzenden Klaus Hartmann. W\u00e4hrend im ersten Beitrag u.a. behauptet wurde, \u201eHartmann (...) beschimpft uns als \u00bbDreckschleuder\u00ab\u201c, wurde im folgenden Beitrag bekannt, diesen \u201eVorwurf halten wir nicht\u2026","rel":"","context":"In &quot;Zeit der Verleumder - Freidenker f\u00fcr Klartext&quot;","block_context":{"text":"Zeit der Verleumder - Freidenker f\u00fcr Klartext","link":"https:\/\/www.freidenker.org\/?cat=937"},"img":{"alt_text":"","src":"https:\/\/i0.wp.com\/www.freidenker.org\/fw17\/wp-content\/uploads\/2019\/07\/klartext_news-2097363_800x445_v3.jpg?fit=800%2C445&ssl=1&resize=350%2C200","width":350,"height":200,"srcset":"https:\/\/i0.wp.com\/www.freidenker.org\/fw17\/wp-content\/uploads\/2019\/07\/klartext_news-2097363_800x445_v3.jpg?fit=800%2C445&ssl=1&resize=350%2C200 1x, https:\/\/i0.wp.com\/www.freidenker.org\/fw17\/wp-content\/uploads\/2019\/07\/klartext_news-2097363_800x445_v3.jpg?fit=800%2C445&ssl=1&resize=525%2C300 1.5x, https:\/\/i0.wp.com\/www.freidenker.org\/fw17\/wp-content\/uploads\/2019\/07\/klartext_news-2097363_800x445_v3.jpg?fit=800%2C445&ssl=1&resize=700%2C400 2x"},"classes":[]},{"id":5252,"url":"https:\/\/www.freidenker.org\/?p=5252","url_meta":{"origin":3035,"position":4},"title":"Gipfelst\u00fcrme(r): Trump als russischer Agent entlarvt","author":"Webredaktion","date":"15. Juni 2018","format":false,"excerpt":"In der Rubrik Tagesdosis wurde am 15.06.2018 bei KenFM der Beitrag \u201eGipfelst\u00fcrme(r): Trump als russischer Agent entlarvt\u201c von Klaus Hartmann, Vorsitzender des Deutschen Freidenker-Verbandes, ver\u00f6ffentlicht. Auch Genie\u00dfen will gelernt sein. Ohne M\u00fche und ohne exakte Information kommt man nicht ans Ziel. F\u00fcr nicht so Ge\u00fcbte bietet der j\u00fcngste \u201eG7\u201c-Gipfel im\u2026","rel":"","context":"In &quot;Frieden - Antifaschismus - Solidarit\u00e4t&quot;","block_context":{"text":"Frieden - Antifaschismus - Solidarit\u00e4t","link":"https:\/\/www.freidenker.org\/?cat=13"},"img":{"alt_text":"","src":"https:\/\/i0.wp.com\/www.freidenker.org\/fw17\/wp-content\/uploads\/2018\/06\/trump_800x445.jpg?fit=800%2C445&ssl=1&resize=350%2C200","width":350,"height":200,"srcset":"https:\/\/i0.wp.com\/www.freidenker.org\/fw17\/wp-content\/uploads\/2018\/06\/trump_800x445.jpg?fit=800%2C445&ssl=1&resize=350%2C200 1x, https:\/\/i0.wp.com\/www.freidenker.org\/fw17\/wp-content\/uploads\/2018\/06\/trump_800x445.jpg?fit=800%2C445&ssl=1&resize=525%2C300 1.5x, https:\/\/i0.wp.com\/www.freidenker.org\/fw17\/wp-content\/uploads\/2018\/06\/trump_800x445.jpg?fit=800%2C445&ssl=1&resize=700%2C400 2x"},"classes":[]},{"id":3020,"url":"https:\/\/www.freidenker.org\/?p=3020","url_meta":{"origin":3035,"position":5},"title":"Passend zur Kriegszeit: Breitseiten gegen die Friedensbewegung","author":"Webredaktion","date":"15. Februar 2015","format":false,"excerpt":"Beitrag von Klaus Hartmann, sp\u00e4ter ver\u00f6ffentlicht in FREIDENKER 1-15 Die Bedrohung des Weltfriedens ist mit der NATO-Aggression in der Ukraine und der psychologischen Kriegsf\u00fchrung gegen Russland erheblich gewachsen. Die Aktions- und Mobilisierungsf\u00e4higkeit der Friedensbewegung ist der Bedrohung v\u00f6llig unangemessen. Als mit den \u201eMontagsmahnwachen f\u00fcr den Frieden\u201c nach Beginn der Ukraine-Krise\u2026","rel":"","context":"In &quot;Frieden - Antifaschismus - Solidarit\u00e4t&quot;","block_context":{"text":"Frieden - Antifaschismus - Solidarit\u00e4t","link":"https:\/\/www.freidenker.org\/?cat=13"},"img":{"alt_text":"","src":"https:\/\/i0.wp.com\/www.freidenker.org\/fw17\/wp-content\/uploads\/2015\/02\/klartext_2014-12-13-rt-0042_800x445.jpg?fit=800%2C445&ssl=1&resize=350%2C200","width":350,"height":200,"srcset":"https:\/\/i0.wp.com\/www.freidenker.org\/fw17\/wp-content\/uploads\/2015\/02\/klartext_2014-12-13-rt-0042_800x445.jpg?fit=800%2C445&ssl=1&resize=350%2C200 1x, https:\/\/i0.wp.com\/www.freidenker.org\/fw17\/wp-content\/uploads\/2015\/02\/klartext_2014-12-13-rt-0042_800x445.jpg?fit=800%2C445&ssl=1&resize=525%2C300 1.5x, https:\/\/i0.wp.com\/www.freidenker.org\/fw17\/wp-content\/uploads\/2015\/02\/klartext_2014-12-13-rt-0042_800x445.jpg?fit=800%2C445&ssl=1&resize=700%2C400 2x"},"classes":[]}],"_links":{"self":[{"href":"https:\/\/www.freidenker.org\/index.php?rest_route=\/wp\/v2\/posts\/3035","targetHints":{"allow":["GET"]}}],"collection":[{"href":"https:\/\/www.freidenker.org\/index.php?rest_route=\/wp\/v2\/posts"}],"about":[{"href":"https:\/\/www.freidenker.org\/index.php?rest_route=\/wp\/v2\/types\/post"}],"author":[{"embeddable":true,"href":"https:\/\/www.freidenker.org\/index.php?rest_route=\/wp\/v2\/users\/3"}],"replies":[{"embeddable":true,"href":"https:\/\/www.freidenker.org\/index.php?rest_route=%2Fwp%2Fv2%2Fcomments&post=3035"}],"version-history":[{"count":0,"href":"https:\/\/www.freidenker.org\/index.php?rest_route=\/wp\/v2\/posts\/3035\/revisions"}],"wp:featuredmedia":[{"embeddable":true,"href":"https:\/\/www.freidenker.org\/index.php?rest_route=\/wp\/v2\/media\/3765"}],"wp:attachment":[{"href":"https:\/\/www.freidenker.org\/index.php?rest_route=%2Fwp%2Fv2%2Fmedia&parent=3035"}],"wp:term":[{"taxonomy":"category","embeddable":true,"href":"https:\/\/www.freidenker.org\/index.php?rest_route=%2Fwp%2Fv2%2Fcategories&post=3035"},{"taxonomy":"post_tag","embeddable":true,"href":"https:\/\/www.freidenker.org\/index.php?rest_route=%2Fwp%2Fv2%2Ftags&post=3035"}],"curies":[{"name":"wp","href":"https:\/\/api.w.org\/{rel}","templated":true}]}}