{"id":3027,"date":"2015-01-08T02:28:06","date_gmt":"2015-01-08T01:28:06","guid":{"rendered":"http:\/\/www.freidenker.org\/?p=3027"},"modified":"2018-02-18T14:07:32","modified_gmt":"2018-02-18T13:07:32","slug":"charlie-hebdo-ein-symbol-fuer-missverstaendnis-und-polarisierung","status":"publish","type":"post","link":"https:\/\/www.freidenker.org\/?p=3027","title":{"rendered":"Charlie Hebdo \u2013 ein Symbol f\u00fcr Missverst\u00e4ndnis und Polarisierung"},"content":{"rendered":"<p><strong>Pressemitteilung des &#8222;<a href=\"http:\/\/www.medienverantwortung.de\" target=\"_blank\" rel=\"noopener\">Instituts f\u00fcr Medienverantwortung<\/a>&#8222;<\/strong><\/p>\n<p>W\u00e4hrend die Familien der 12 Ermordeten vom 7.01.2015 in Paris noch kaum begriffen haben d\u00fcrften, welches Schicksal sie getroffen hat, ist die Untat medial bereits endg\u00fcltig in die vorhandenen Frames einsortiert. Exemplarisch schreibt Die Berliner Zeitung von heute: \u201eDas Massaker von Paris ist Rache f\u00fcr satirische Zeichnungen, in denen die T\u00e4ter eine Verunglimpfung ihres Propheten sehen.&#8220;<br \/>\nWoher wissen die Redakteure das? Aus den Ausrufen, die die Killer w\u00e4hrend des Angriffs gemacht haben sollen? K\u00f6nnte nicht jeder so etwas rufen? Oder wissen sie es durch den gl\u00fccklichen Fund des Personalausweises eines Verd\u00e4chtigen, den er aller sonstigen Professionalit\u00e4t zum Trotz in einem der Fluchtautos verloren haben soll? Er weist einen arabischen Namen auf. Ist damit bereits alles erkl\u00e4rt?<br \/>\nUnd wenn die M\u00f6rder tats\u00e4chlich fanatische Islamisten gewesen sind, wieso geht dann fast niemand der kommentierenden Politiker und Medienvertreter davon aus, dass die Muslime ebenso emp\u00f6rt \u00fcber die Tat sind, wie alle anderen auch? Merkt man nicht, dass man sie durch die Interpretationen und Forderungen, die jetzt ebenso vorschnell in den Raum geworfen werden wie die Schlussfolgerungen aus der Tat, aus der Gesellschaft ausgliedert?<br \/>\nWichtige andere Hinweise und Fragen sucht man bisher in der Berichterstattung weitestgehend vergeblich: Warum hatte die Redaktion der Satirezeitschrift Charlie Hebdo trotz mehrfacher Anschl\u00e4ge keinen Geb\u00e4udeschutz mit mehreren Polizisten, sondern nur Personenschutz f\u00fcr den Chefredakteur? Woher wussten die Attent\u00e4ter, dass genau zu dem Zeitpunkt die w\u00f6chentliche Redaktionssitzung stattfand, bei der ausnahmsweise viele Mitarbeiter da sind? Was bedeutet es, dass diese Tat ganz offensichtlich lange geplant war?<\/p>\n<p>Wer auch immer die Terroristen waren und welche Motive sie genau verfolgten, die beobachtbaren Reflexe der Zuweisung von Unterstellungen und \u00c4ngsten haben bereits einen wesentlichen Effekt erzielt: Spaltung und Polarisierung. Weitere Radikalisierung und Eskalationen auf allen Seiten sind daher zu erwarten. Die \u201eL\u00fcgenpresse&#8220;-Rufer von gestern feiern nun bereits die Meinungs- und Pressefreiheit als n\u00fctzlicher Gegenpol zu Islam und Muslimen.<\/p>\n<p>Europa geriert sich als Hort der Freiheit, als ob aktuell etwa nicht weltweit die Medienfreiheit verteidigt werden muss. Im letzten Jahr starben viele Journalisten bei der Arbeit, wie Reporter ohne Grenzen regelm\u00e4\u00dfig ver\u00f6ffentlicht. Die einen Toten sind nicht weniger wert als die anderen.<br \/>\nUmso wichtiger ist es nun, dass unsere Medien als Vierte Gewalt nicht vorschnell urteilen und weiter Stereotype bedienen, sondern eine konsequente Rechtsstaatlichkeit einfordern. Sowohl die Verbrechen von Paris m\u00fcssen rechtsstaatlich verfolgt werden, als auch die Verhetzung Muslimen gegen\u00fcber. Nur bei konsequentem Eintreten gegen den Missbrauch der Meinungsfreiheit, die \u00fcble Nachrede und Volksverhetzung aus historischen Gr\u00fcnden nicht mit einschlie\u00dft, ist eine weitere Polarisierung und Radikalisierung auf allen Seiten zu verhindern. Wer hier relativiert, arbeitet den falschen Kr\u00e4ften zu.<br \/>\nCharlie Hebdo als linke Satirezeitschrift hat zwar immer provoziert, aber konsequent gegen alle und jeden polemisiert \u2013 das ist in jedem Fall zu verteidigen. Darum ist sie mit der einseitig ausgerichteten Jyllands Posten auch nicht im gleichen Kontext zu sehen. Dass nun alle m\u00f6glichen Zeitungen religionskritische Karikaturen nachdrucken, mag als Akt der Verzweiflung in diesem schweren Moment durchgehen. Dass man dadurch geopolitische und weitere m\u00f6glicherweise relevantere Aspekte weltweit ausblendet, sollte langfristig korrigiert werden. Dazu bedarf es besonnener Analysen, die jenseits von Apologismen wieder Raum und Recht gewinnen m\u00fcssen.<\/p>\n<p>Mit freundlichen Gr\u00fc\u00dfen<\/p>\n<p>Dr. Sabine Schiffer<br \/>\nInstitutsleitung<\/p>\n<p>Institut f\u00fcr Medienverantwortung<br \/>\n<a href=\"http:\/\/www.medienverantwortung.de\" target=\"_blank\" rel=\"noopener\">http:\/\/www.medienverantwortung.de<\/a><\/p>\n<p style=\"text-align: right;\"><em>Dr. Sabine Schiffer ist Mitglied im Beirat des Deutschen-Freidenker-Verbandes e.V.<\/em><\/p>\n<hr \/>\n<p>Foto: Nachdem sich am 11. Januar 2015 etwa 18.000 Menschen am Pariser Platz in Berlin zur Mahnwache f\u00fcr Charlie Hebdo eingefunden hatten, wurde am sp\u00e4ten Nachmittag des selben Tages die Fassade der dortigen Franz\u00f6sischen Botschaft mit dem Schriftzug <i>Je suis Charlie<\/i> angestrahlt &#8230;<br \/>\nQuelle: commons.wikimedia.org \/ Bernd Schwabe<\/p>\n<p>&nbsp;<\/p>\n","protected":false},"excerpt":{"rendered":"<p><strong>Pressemitteilung des &#8222;Instituts f\u00fcr Medienverantwortung&#8220; \/ Beitrag von Sabine Schiffer<\/strong><br \/>\nW\u00e4hrend die Familien der 12 Ermordeten vom 7.01.2015 in Paris noch kaum begriffen haben d\u00fcrften, welches Schicksal sie getroffen hat, ist die Untat medial bereits endg\u00fcltig in die vorhandenen Frames einsortiert. Exemplarisch schreibt Die Berliner Zeitung von heute: \u201eDas Massaker von Paris ist Rache f\u00fcr satirische Zeichnungen, in denen die T\u00e4ter eine Verunglimpfung ihres Propheten sehen.&#8220; Woher wissen die Redakteure das? <\/p>\n","protected":false},"author":3,"featured_media":3756,"comment_status":"closed","ping_status":"closed","sticky":false,"template":"","format":"standard","meta":{"colormag_page_container_layout":"default_layout","colormag_page_sidebar_layout":"default_layout","advanced_seo_description":"","jetpack_seo_html_title":"","jetpack_seo_noindex":false,"jetpack_post_was_ever_published":false,"footnotes":""},"categories":[12],"tags":[710,714,638,675],"class_list":["post-3027","post","type-post","status-publish","format-standard","has-post-thumbnail","hentry","category-demokratie-medien-aufklaerung","tag-charlie-hebdo","tag-islamismus","tag-medienverantwortung","tag-terroranschlaege"],"jetpack_featured_media_url":"https:\/\/i0.wp.com\/www.freidenker.org\/fw17\/wp-content\/uploads\/2015\/01\/2015-01-11_Pariser_Platz_Berlin_Je_suis_Charlie_800x445.jpg?fit=800%2C445&ssl=1","jetpack_shortlink":"https:\/\/wp.me\/p9stpK-MP","jetpack-related-posts":[{"id":24478,"url":"https:\/\/www.freidenker.org\/?p=24478","url_meta":{"origin":3027,"position":0},"title":"Kein Einfallstor f\u00fcr Zensur durch Social-Media Kontrolle","author":"Webredaktion","date":"23. Februar 2026","format":false,"excerpt":"Social-Media Regulierung als wichtiges Signal \u2013 nicht als Einfallstor f\u00fcr Zensur Pressemitteilung des IMV - Institut f\u00fcr\u00a0Medienverantwortung \/ Prof. Dr. Sabine Schiffer\u00a0 Wir begr\u00fc\u00dfen die Debatte um Social Media und deren Einfluss auf die Gesundheit und Entwicklung von Kindern und Jugendlichen. Reichlich sp\u00e4t wird erkannt, dass man die Dinge nicht\u2026","rel":"","context":"In &quot;Demokratie \u2013 Medien \u2013 Aufkl\u00e4rung&quot;","block_context":{"text":"Demokratie \u2013 Medien \u2013 Aufkl\u00e4rung","link":"https:\/\/www.freidenker.org\/?cat=12"},"img":{"alt_text":"","src":"https:\/\/i0.wp.com\/www.freidenker.org\/fw17\/wp-content\/uploads\/2026\/02\/generation-smartphone-kinder-schauen-aufs-handy-1091362-800x450-1.jpg?fit=800%2C450&ssl=1&resize=350%2C200","width":350,"height":200,"srcset":"https:\/\/i0.wp.com\/www.freidenker.org\/fw17\/wp-content\/uploads\/2026\/02\/generation-smartphone-kinder-schauen-aufs-handy-1091362-800x450-1.jpg?fit=800%2C450&ssl=1&resize=350%2C200 1x, https:\/\/i0.wp.com\/www.freidenker.org\/fw17\/wp-content\/uploads\/2026\/02\/generation-smartphone-kinder-schauen-aufs-handy-1091362-800x450-1.jpg?fit=800%2C450&ssl=1&resize=525%2C300 1.5x, https:\/\/i0.wp.com\/www.freidenker.org\/fw17\/wp-content\/uploads\/2026\/02\/generation-smartphone-kinder-schauen-aufs-handy-1091362-800x450-1.jpg?fit=800%2C450&ssl=1&resize=700%2C400 2x"},"classes":[]},{"id":19065,"url":"https:\/\/www.freidenker.org\/?p=19065","url_meta":{"origin":3027,"position":1},"title":"Ghassan Abu Sitta: &#8222;In Rafah ist das milit\u00e4rische Ziel ein Massaker an den Pal\u00e4stinensern.&#8220;","author":"Webredaktion","date":"12. Mai 2024","format":false,"excerpt":"Interview von Chiara Cruciati mit Ghassan Abu Sitta Ghassan Abu Sitta, ein f\u00fcr seine humanit\u00e4ren Eins\u00e4tze in Gaza bekannter britisch-pal\u00e4stinensischer Chirurg und Rektor der Universit\u00e4t Glasgow, wurde am Samstag (4.5.) von der franz\u00f6sischen Grenzpolizei auf dem Flughafen Paris-Charles-de-Gaulle die Einreise verweigert. Aufgrund eines deutschen Ersuchens ist ihm f\u00fcr mindestens ein\u2026","rel":"","context":"In &quot;Frieden - Antifaschismus - Solidarit\u00e4t&quot;","block_context":{"text":"Frieden - Antifaschismus - Solidarit\u00e4t","link":"https:\/\/www.freidenker.org\/?cat=13"},"img":{"alt_text":"","src":"https:\/\/i0.wp.com\/www.freidenker.org\/fw17\/wp-content\/uploads\/2024\/05\/Ghassan-Abu-Sitta_Portrait_800x450.jpg?fit=800%2C450&ssl=1&resize=350%2C200","width":350,"height":200,"srcset":"https:\/\/i0.wp.com\/www.freidenker.org\/fw17\/wp-content\/uploads\/2024\/05\/Ghassan-Abu-Sitta_Portrait_800x450.jpg?fit=800%2C450&ssl=1&resize=350%2C200 1x, https:\/\/i0.wp.com\/www.freidenker.org\/fw17\/wp-content\/uploads\/2024\/05\/Ghassan-Abu-Sitta_Portrait_800x450.jpg?fit=800%2C450&ssl=1&resize=525%2C300 1.5x, https:\/\/i0.wp.com\/www.freidenker.org\/fw17\/wp-content\/uploads\/2024\/05\/Ghassan-Abu-Sitta_Portrait_800x450.jpg?fit=800%2C450&ssl=1&resize=700%2C400 2x"},"classes":[]},{"id":9107,"url":"https:\/\/www.freidenker.org\/?p=9107","url_meta":{"origin":3027,"position":2},"title":"Julian Assange: ein unglaubliches Versagen des Journalismus","author":"Webredaktion","date":"30. Dezember 2020","format":false,"excerpt":"Interview mit Stefania Maurizi aus FREIDENKER 4-20 Ich m\u00f6chte in einer Welt leben, in der man Kriegsverbrechen aufdecken kann, ohne seine Freiheit zu verlieren, wie es bei Julian Assange der Fall ist. Wenn wir solche Gesellschaften nicht aufbauen, wird das niemand f\u00fcr uns tun, wir m\u00fcssen daf\u00fcr k\u00e4mpfen, dass es\u2026","rel":"","context":"In &quot;Demokratie \u2013 Medien \u2013 Aufkl\u00e4rung&quot;","block_context":{"text":"Demokratie \u2013 Medien \u2013 Aufkl\u00e4rung","link":"https:\/\/www.freidenker.org\/?cat=12"},"img":{"alt_text":"","src":"https:\/\/i0.wp.com\/www.freidenker.org\/fw17\/wp-content\/uploads\/2020\/12\/Assange_Wikileaks.jpg?fit=800%2C450&ssl=1&resize=350%2C200","width":350,"height":200,"srcset":"https:\/\/i0.wp.com\/www.freidenker.org\/fw17\/wp-content\/uploads\/2020\/12\/Assange_Wikileaks.jpg?fit=800%2C450&ssl=1&resize=350%2C200 1x, https:\/\/i0.wp.com\/www.freidenker.org\/fw17\/wp-content\/uploads\/2020\/12\/Assange_Wikileaks.jpg?fit=800%2C450&ssl=1&resize=525%2C300 1.5x, https:\/\/i0.wp.com\/www.freidenker.org\/fw17\/wp-content\/uploads\/2020\/12\/Assange_Wikileaks.jpg?fit=800%2C450&ssl=1&resize=700%2C400 2x"},"classes":[]},{"id":14363,"url":"https:\/\/www.freidenker.org\/?p=14363","url_meta":{"origin":3027,"position":3},"title":"Einladung: Warum wir ein\u00a0Schulfach Medienbildung\u00a0brauchen","author":"Webredaktion","date":"9. Oktober 2022","format":false,"excerpt":"Einladung: Vortrag und Diskussion mit Prof. Dr. Sabine Schiffer Donnerstag, 13.10.2022, 19 Uhr, Locomotion Tanzb\u00fchne, Offenbach am Main Das meiste, das wir tun, tun wir durch Sprache. Und das meiste, das wir wis\u00adsen, wissen wir \u00fcber Medien. Die Spra\u00adche der Medien, mitsamt der Bild\u00adsprache, verdient also unsere kritische Aufmerksamkeit. Die\u2026","rel":"","context":"In &quot;Veranstaltungen in den DFV-Landesverb\u00e4nden&quot;","block_context":{"text":"Veranstaltungen in den DFV-Landesverb\u00e4nden","link":"https:\/\/www.freidenker.org\/?cat=19"},"img":{"alt_text":"","src":"https:\/\/i0.wp.com\/www.freidenker.org\/fw17\/wp-content\/uploads\/2022\/10\/learn-977543_800x450.jpg?fit=800%2C450&ssl=1&resize=350%2C200","width":350,"height":200,"srcset":"https:\/\/i0.wp.com\/www.freidenker.org\/fw17\/wp-content\/uploads\/2022\/10\/learn-977543_800x450.jpg?fit=800%2C450&ssl=1&resize=350%2C200 1x, https:\/\/i0.wp.com\/www.freidenker.org\/fw17\/wp-content\/uploads\/2022\/10\/learn-977543_800x450.jpg?fit=800%2C450&ssl=1&resize=525%2C300 1.5x, https:\/\/i0.wp.com\/www.freidenker.org\/fw17\/wp-content\/uploads\/2022\/10\/learn-977543_800x450.jpg?fit=800%2C450&ssl=1&resize=700%2C400 2x"},"classes":[]},{"id":7793,"url":"https:\/\/www.freidenker.org\/?p=7793","url_meta":{"origin":3027,"position":4},"title":"Lehren aus dem VII. Weltkongress f\u00fcr den Kampf gegen Faschismus und Krieg","author":"Webredaktion","date":"21. M\u00e4rz 2020","format":false,"excerpt":"Interview mit Erika Baum von Klaus Linder aus FREIDENKER 1-20 Frage: Glaubt man den Herrschenden, aber auch linkeren Teilen der deutschen Presse, dann m\u00fcsste heute die Regierung mitsamt Oppositionsparteien (au\u00dfer einer) und au\u00dferparlamentarischen \u201eBewegungen\u201c eine einzige antifaschistische Front bilden. Wie kann das sein? Erika: Die imperialistischen Kr\u00e4fte wissen, dass die\u2026","rel":"","context":"In &quot;Frieden - Antifaschismus - Solidarit\u00e4t&quot;","block_context":{"text":"Frieden - Antifaschismus - Solidarit\u00e4t","link":"https:\/\/www.freidenker.org\/?cat=13"},"img":{"alt_text":"","src":"https:\/\/i0.wp.com\/www.freidenker.org\/fw17\/wp-content\/uploads\/2020\/03\/erika_baum_800x445.jpg?fit=800%2C445&ssl=1&resize=350%2C200","width":350,"height":200,"srcset":"https:\/\/i0.wp.com\/www.freidenker.org\/fw17\/wp-content\/uploads\/2020\/03\/erika_baum_800x445.jpg?fit=800%2C445&ssl=1&resize=350%2C200 1x, https:\/\/i0.wp.com\/www.freidenker.org\/fw17\/wp-content\/uploads\/2020\/03\/erika_baum_800x445.jpg?fit=800%2C445&ssl=1&resize=525%2C300 1.5x, https:\/\/i0.wp.com\/www.freidenker.org\/fw17\/wp-content\/uploads\/2020\/03\/erika_baum_800x445.jpg?fit=800%2C445&ssl=1&resize=700%2C400 2x"},"classes":[]},{"id":2892,"url":"https:\/\/www.freidenker.org\/?p=2892","url_meta":{"origin":3027,"position":5},"title":"Feindbildkonstruktion: Russland und Putin in den westlichen Medien","author":"Webredaktion","date":"17. Dezember 2014","format":false,"excerpt":"Beitrag von Sabine Schiffer auf der Konferenz \u201eDer \"Westen\" und Russland\u201c am 06.09.2014 in Berlin. Aus: FREIDENKER 4-14 Wie man sich einen Feind bastelt, bekommen wir derzeit lehrbuchm\u00e4\u00dfig vorgef\u00fchrt. Das einfachste Mittel ist das, was der niederl\u00e4ndisch-spanische Kommunikationswissenschaftler Teun van Dijk knapp zusammenfasst: \u201eBetone die schlechten Eigenschaften Deines Gegen\u00fcbers und\u2026","rel":"","context":"In &quot;Demokratie \u2013 Medien \u2013 Aufkl\u00e4rung&quot;","block_context":{"text":"Demokratie \u2013 Medien \u2013 Aufkl\u00e4rung","link":"https:\/\/www.freidenker.org\/?cat=12"},"img":{"alt_text":"","src":"https:\/\/i0.wp.com\/www.freidenker.org\/fw17\/wp-content\/uploads\/2017\/12\/putin-2972184_800x445.jpg?fit=800%2C445&ssl=1&resize=350%2C200","width":350,"height":200,"srcset":"https:\/\/i0.wp.com\/www.freidenker.org\/fw17\/wp-content\/uploads\/2017\/12\/putin-2972184_800x445.jpg?fit=800%2C445&ssl=1&resize=350%2C200 1x, https:\/\/i0.wp.com\/www.freidenker.org\/fw17\/wp-content\/uploads\/2017\/12\/putin-2972184_800x445.jpg?fit=800%2C445&ssl=1&resize=525%2C300 1.5x, https:\/\/i0.wp.com\/www.freidenker.org\/fw17\/wp-content\/uploads\/2017\/12\/putin-2972184_800x445.jpg?fit=800%2C445&ssl=1&resize=700%2C400 2x"},"classes":[]}],"_links":{"self":[{"href":"https:\/\/www.freidenker.org\/index.php?rest_route=\/wp\/v2\/posts\/3027","targetHints":{"allow":["GET"]}}],"collection":[{"href":"https:\/\/www.freidenker.org\/index.php?rest_route=\/wp\/v2\/posts"}],"about":[{"href":"https:\/\/www.freidenker.org\/index.php?rest_route=\/wp\/v2\/types\/post"}],"author":[{"embeddable":true,"href":"https:\/\/www.freidenker.org\/index.php?rest_route=\/wp\/v2\/users\/3"}],"replies":[{"embeddable":true,"href":"https:\/\/www.freidenker.org\/index.php?rest_route=%2Fwp%2Fv2%2Fcomments&post=3027"}],"version-history":[{"count":0,"href":"https:\/\/www.freidenker.org\/index.php?rest_route=\/wp\/v2\/posts\/3027\/revisions"}],"wp:featuredmedia":[{"embeddable":true,"href":"https:\/\/www.freidenker.org\/index.php?rest_route=\/wp\/v2\/media\/3756"}],"wp:attachment":[{"href":"https:\/\/www.freidenker.org\/index.php?rest_route=%2Fwp%2Fv2%2Fmedia&parent=3027"}],"wp:term":[{"taxonomy":"category","embeddable":true,"href":"https:\/\/www.freidenker.org\/index.php?rest_route=%2Fwp%2Fv2%2Fcategories&post=3027"},{"taxonomy":"post_tag","embeddable":true,"href":"https:\/\/www.freidenker.org\/index.php?rest_route=%2Fwp%2Fv2%2Ftags&post=3027"}],"curies":[{"name":"wp","href":"https:\/\/api.w.org\/{rel}","templated":true}]}}