{"id":3025,"date":"2015-01-09T02:20:03","date_gmt":"2015-01-09T01:20:03","guid":{"rendered":"http:\/\/www.freidenker.org\/?p=3025"},"modified":"2018-02-18T14:08:04","modified_gmt":"2018-02-18T13:08:04","slug":"freidenker-brief-1-2015-dresden-paris-und-zurueck","status":"publish","type":"post","link":"https:\/\/www.freidenker.org\/?p=3025","title":{"rendered":"Freidenker-Brief 1-2015: Dresden &#8211; Paris und zur\u00fcck"},"content":{"rendered":"<p><em>erschienen im <a href=\"http:\/\/freidenker-brief.freidenker-ml.de\" target=\"_blank\" rel=\"noopener\">Freidenker-Brief<\/a> Nr. 1\/2015 v. 9. Januar 2015<\/em><\/p>\n<p>Der kaltbl\u00fctige Mord in Paris hat weltweit Trauer ausgel\u00f6st. Die Geschwindigkeit allerdings, mit der Politik und Medien bereits die Motive der M\u00f6rder kennen, bevor sie die M\u00f6rder kennen, geschweige denn Ermittlungen begonnen h\u00e4tten, muss sehr verwundern. Die schnelle Deutung und Schuldzuweisung k\u00f6nnte auf hellseherischen F\u00e4higkeiten beruhen, oder einem schon existierenden \u201aDrehbuch\u2018. Nach der fixen Schuldzuweisung an Muslime und den Islam verbl\u00fcfft als N\u00e4chstes, dass die selben Politiker und Medien davor warnen, das Pariser Attentat k\u00f6nnte Wasser auf die M\u00fchlen von \u201aAusl\u00e4nderfeinden\u2018 und jenen sein, die gegen \u201eIslamisierung\u201c demonstrieren. Also der Geschichte erst selbst diesen Dreh geben, dann davor warnen?<br \/>\nD\u00fcrfen angesichts der Einstimmigkeit \u00fcberhaupt Zweifel angemeldet werden, oder wird das als Kumpanei mit M\u00f6rdern denunziert? Albrecht M\u00fcller von den Nachdenkseiten weist auf das unaufgekl\u00e4rte Oktoberfest-Attentat in M\u00fcnchen und jenes in Bologna 1980 hin, und zitiert Wikipedia:<br \/>\n\u201eDie Strategie der Spannung (italienisch strategia della tensione) ist ein 1990 in Italien bekannt gewordener Begriff f\u00fcr eine Reihe unter \u201efalscher Flagge\u201c inszenierter terroristischer Aktivit\u00e4ten von italienischen Geheimdiensten, Rechtsextremisten, der NATO\/CIA-Geheimorganisation Gladio und der Geheimloge Propaganda Due (P2). Diese hatten das Ziel, die \u00f6ffentliche Meinung zu Ungunsten der politischen Linken zu manipulieren, insbesondere der Kommunistischen Partei Italiens. Weil sich \u00e4hnliche Vorg\u00e4nge auch in anderen L\u00e4ndern nachweisen lie\u00dfen, wird der Begriff mittlerweile generell f\u00fcr bestimmte staatsterroristische Aktivit\u00e4ten verwendet, siehe Strategie der Spannung.\u201c<\/p>\n<p>Beim Stichwort \u201efalsche Flagge\u201c erinnert ein Vorfall unwillk\u00fcrlich an die Vorg\u00e4nge um den 9\/11 in New York \u2013 ein \u201evergessener\u201c, \u201egefundener\u201c Personalausweis, mit dem ein T\u00e4ter gewissenhaft zu Massenmord gereist sein soll. Und wundersamer Weise sollen sich die Attent\u00e4ter als Al Qaida bezeichnet haben! Ob sie den Ursprung des Namens kennen, jener Datei\/Datenbank der CIA, in der die Namen angeworbener Kollaborateure in Afghanistan gesammelt wurden?<br \/>\nVor allem muss immer wieder auf die Ursachen der Entwicklung einschlie\u00dflich solcher Attentate hingewiesen werden: Zun\u00e4chst in Afghanistan, dann in Bosnien und im Kosovo wurden Islamistische Terroristen von den USA im Verbund mit Saudi-Arabien und Golfmonarchien rekrutiert, bewaffnet, trainiert und zur Zerst\u00f6rung von Staaten eingesetzt.<br \/>\nMit dem 11.09., dem Einfall in Afghanistan und dem zweiten Irak-Krieg wurde die &#8222;Islamische Gefahr&#8220; kreiert als Dauerkriegspropaganda f\u00fcr die Heimatfront. Im Irak wurde ein Staatswesen zerst\u00f6rt, in dem religi\u00f6se Koexistenz herrschte, und durch ein Chaos ersetzt, das den bewaffneten Kampf von Konfessionen als zentralen Hebel zur dauerhaften Schw\u00e4chung und Beherrschung des Landes einsetzt. Ebenso wurde in Libyen ein Staat zerst\u00f6rt und ins Chaos gest\u00fcrzt, in dem religi\u00f6ser Friede herrschte, wobei islamistische S\u00f6ldnerbanden als Bodentruppen der NATO eingesetzt wurden.<br \/>\nBeim n\u00e4chsten Krieg, der Aggression gegen Syrien, wurde und wird wieder ein Staat zerst\u00f6rt, in dem vordem Menschen unterschiedlicher Konfession friedlich zusammenlebten. Die USA und die anderen westlichen falschen &#8222;Freunde Syriens&#8220; haben erneut im Zusammenwirken mit den Golfmonarchien islamistische S\u00f6ldnerbanden geschaffen, die den imperialistischen Stellvertreterkrieg f\u00fchren. Wenn Muslime aus westlichen L\u00e4ndern bei diesen S\u00f6ldnerbanden anheuern, ist die scheinheilige Emp\u00f6rung bei den westlichen Politikern gro\u00df, obwohl v\u00f6llig ungekl\u00e4rt ist, ob sie der salafistischen oder der NATO-Propaganda folgten.<br \/>\nObwohl diese S\u00f6ldner doch im Kampf des Westens gegen die syrische Regierung ihr Leben riskieren, werden sie propagandistisch nochmals missbraucht, um dem heimischen Publikum die &#8222;islamische Gefahr&#8220; nahezubringen.<br \/>\nUnd wenn die Saat der \u00fcber zehn Jahre andauernden Anti-Islam-Hetze aufgeht, und sich in Pegida u.\u00e4. Protesten entl\u00e4dt, sind die gleichen Politiker und Medien schnell bei der Hand, diese Demonstranten als Deppen und als Nazis zu beschimpfen. Dabei handelt es sich um Betrogene, betrogen von den gleichen, die sie jetzt ver\u00e4chtlich machen, Betrogene, die den Betrug nicht durchschauen, und so das Gesch\u00e4ft der Betr\u00fcger betreiben.<br \/>\nSie glauben, f\u00fcr ihre Interessen zu demonstrieren, und werden doch nur am Nasenring durch die Manege gef\u00fchrt. Die passende Abk\u00fcrzung m\u00fcsste eigentlich <strong>Vluswf<\/strong> lauten \u2013 \u201eVerarschen lassen und sich wohl f\u00fchlen\u201c.<br \/>\nKritik an den Pegida-Demonstranten ist wohlfeil. Aber eine Kritik, die diese Zusammenh\u00e4nge nicht offenlegt und thematisiert, ist keine Aufkl\u00e4rung und kein Antifaschismus, sondern spielt im herrschenden Betrugssystem mit.<\/p>\n<p>Klaus Hartmann<br \/>\nBundesvorsitzender des Deutschen Freidenker-Verbandes<\/p>\n<hr \/>\n<p>Bildquelle: https:\/\/pxhere.com\/de\/photo\/125501<\/p>\n","protected":false},"excerpt":{"rendered":"<p><strong>Beitrag von Klaus Hartmann<\/strong><br \/>\nDer kaltbl\u00fctige Mord in Paris hat weltweit Trauer ausgel\u00f6st. Die Geschwindigkeit allerdings, mit der Politik und Medien bereits die Motive der M\u00f6rder kennen, bevor sie die M\u00f6rder kennen, geschweige denn Ermittlungen begonnen h\u00e4tten, muss sehr verwundern. Die schnelle Deutung und Schuldzuweisung k\u00f6nnte auf hellseherischen F\u00e4higkeiten beruhen, oder einem schon existierenden \u201aDrehbuch\u2018. <\/p>\n","protected":false},"author":3,"featured_media":3752,"comment_status":"closed","ping_status":"closed","sticky":false,"template":"","format":"standard","meta":{"colormag_page_container_layout":"default_layout","colormag_page_sidebar_layout":"default_layout","advanced_seo_description":"","jetpack_seo_html_title":"","jetpack_seo_noindex":false,"jetpack_post_was_ever_published":false,"footnotes":""},"categories":[12,341],"tags":[710,338,712,713,675],"class_list":["post-3025","post","type-post","status-publish","format-standard","has-post-thumbnail","hentry","category-demokratie-medien-aufklaerung","category-freidenker-brief","tag-charlie-hebdo","tag-freidenker-brief","tag-paris","tag-pegida","tag-terroranschlaege"],"jetpack_featured_media_url":"https:\/\/i0.wp.com\/www.freidenker.org\/fw17\/wp-content\/uploads\/2015\/01\/charlie_hebdo_800x445.jpg?fit=800%2C445&ssl=1","jetpack_shortlink":"https:\/\/wp.me\/p9stpK-MN","jetpack-related-posts":[{"id":16739,"url":"https:\/\/www.freidenker.org\/?p=16739","url_meta":{"origin":3025,"position":0},"title":"Jacques Baud erl\u00e4utert die wahren Gr\u00fcnde des Ukraine-Krieges","author":"Webredaktion","date":"30. Juli 2023","format":false,"excerpt":"Ein Interview von Ekkehard Sieker Von der Art und Weise, wie wir eine Krise verstehen, h\u00e4ngt es ab, wie wir sie l\u00f6sen. Die h\u00e4ufig unvollst\u00e4ndige Darstellung der Vorgeschichte des Ukraine-Kriegs in vielen europ\u00e4ischen Medien und in der Politik hat durch zu einfache und einseitige Schuldzuweisung die Chancen auf eine Verhandlungsl\u00f6sung\u2026","rel":"","context":"In &quot;Demokratie \u2013 Medien \u2013 Aufkl\u00e4rung&quot;","block_context":{"text":"Demokratie \u2013 Medien \u2013 Aufkl\u00e4rung","link":"https:\/\/www.freidenker.org\/?cat=12"},"img":{"alt_text":"","src":"https:\/\/i0.wp.com\/www.freidenker.org\/fw17\/wp-content\/uploads\/2023\/07\/baud_sieker_3_800x450.jpg?fit=800%2C450&ssl=1&resize=350%2C200","width":350,"height":200,"srcset":"https:\/\/i0.wp.com\/www.freidenker.org\/fw17\/wp-content\/uploads\/2023\/07\/baud_sieker_3_800x450.jpg?fit=800%2C450&ssl=1&resize=350%2C200 1x, https:\/\/i0.wp.com\/www.freidenker.org\/fw17\/wp-content\/uploads\/2023\/07\/baud_sieker_3_800x450.jpg?fit=800%2C450&ssl=1&resize=525%2C300 1.5x, https:\/\/i0.wp.com\/www.freidenker.org\/fw17\/wp-content\/uploads\/2023\/07\/baud_sieker_3_800x450.jpg?fit=800%2C450&ssl=1&resize=700%2C400 2x"},"classes":[]},{"id":6894,"url":"https:\/\/www.freidenker.org\/?p=6894","url_meta":{"origin":3025,"position":1},"title":"Freidenker-Brief EXTRA August 2019: Kurs diktieren oder diskutieren?","author":"Webredaktion","date":"31. August 2019","format":false,"excerpt":"Auf die Ver\u00f6ffentlichungen der jungen Welt am 10. August 2019 zu dem Appell \u201eWir wollen Transparenz, junge Welt!\u201c erscheint hier die Antwort der Attackierten Dr. Diether Dehm und Klaus Hartmann. Das hat zwei Gr\u00fcnde: Der erste Grund h\u00e4ngt mit dem Konflikt unmittelbar zusammen, bildet dessen Kern: dass n\u00e4mlich seitens der\u2026","rel":"","context":"In &quot;Demokratie \u2013 Medien \u2013 Aufkl\u00e4rung&quot;","block_context":{"text":"Demokratie \u2013 Medien \u2013 Aufkl\u00e4rung","link":"https:\/\/www.freidenker.org\/?cat=12"},"img":{"alt_text":"","src":"https:\/\/i0.wp.com\/www.freidenker.org\/fw17\/wp-content\/uploads\/2019\/08\/fd-brief-2019-august-coll.jpg?fit=800%2C445&ssl=1&resize=350%2C200","width":350,"height":200,"srcset":"https:\/\/i0.wp.com\/www.freidenker.org\/fw17\/wp-content\/uploads\/2019\/08\/fd-brief-2019-august-coll.jpg?fit=800%2C445&ssl=1&resize=350%2C200 1x, https:\/\/i0.wp.com\/www.freidenker.org\/fw17\/wp-content\/uploads\/2019\/08\/fd-brief-2019-august-coll.jpg?fit=800%2C445&ssl=1&resize=525%2C300 1.5x, https:\/\/i0.wp.com\/www.freidenker.org\/fw17\/wp-content\/uploads\/2019\/08\/fd-brief-2019-august-coll.jpg?fit=800%2C445&ssl=1&resize=700%2C400 2x"},"classes":[]},{"id":2988,"url":"https:\/\/www.freidenker.org\/?p=2988","url_meta":{"origin":3025,"position":2},"title":"Freidenker-Brief 6-2015: Deutschland raus aus der NATO &#8211; NATO raus aus Deutschland","author":"Webredaktion","date":"27. August 2015","format":false,"excerpt":"W\u00e4hrend manche \"Institutionen\" der Friedensbewegung fortgesetzt die Diskussion \u201eWie weiter mit der Friedensbewegung?\u201c f\u00fchren, gibt es erfreulicherweise auch Friedenskr\u00e4fte, die angesichts der gef\u00e4hrlichen internationalen Entwicklung aktiv werden, die auf Aktionen und auf Klarheit dr\u00e4ngen: Einerseits die im \"AK Frieden \/ Internationales\" des Deutschen Freidenker-Verbandes erarbeitete programmatische Erkl\u00e4rung zu Fragen von\u2026","rel":"","context":"In &quot;Freidenker-Brief&quot;","block_context":{"text":"Freidenker-Brief","link":"https:\/\/www.freidenker.org\/?cat=341"},"img":{"alt_text":"","src":"https:\/\/i0.wp.com\/www.freidenker.org\/fw17\/wp-content\/uploads\/2015\/08\/Global_Hawk_800x445_mLogo.jpg?fit=800%2C445&ssl=1&resize=350%2C200","width":350,"height":200,"srcset":"https:\/\/i0.wp.com\/www.freidenker.org\/fw17\/wp-content\/uploads\/2015\/08\/Global_Hawk_800x445_mLogo.jpg?fit=800%2C445&ssl=1&resize=350%2C200 1x, https:\/\/i0.wp.com\/www.freidenker.org\/fw17\/wp-content\/uploads\/2015\/08\/Global_Hawk_800x445_mLogo.jpg?fit=800%2C445&ssl=1&resize=525%2C300 1.5x, https:\/\/i0.wp.com\/www.freidenker.org\/fw17\/wp-content\/uploads\/2015\/08\/Global_Hawk_800x445_mLogo.jpg?fit=800%2C445&ssl=1&resize=700%2C400 2x"},"classes":[]},{"id":2996,"url":"https:\/\/www.freidenker.org\/?p=2996","url_meta":{"origin":3025,"position":3},"title":"Freidenker-Brief 4-2015: Friedensbewegung in Aktion und Reflexion zum 8. Mai 2015","author":"Webredaktion","date":"20. April 2015","format":false,"excerpt":"In Solidarit\u00e4t mit allen Aktiven der Friedensbewegung wirbt der Deutsche Freidenker-Verband, eine der \u00e4ltesten deutschen Friedensorganisationen, f\u00fcr bevorstehenden Aktionen. Vor dem Hintergrund von Auseinandersetzungen innerhalb der Friedensbewegung verweist der Deutsche Freidenker-Verband auf aktuelle Texte.","rel":"","context":"In &quot;Freidenker-Brief&quot;","block_context":{"text":"Freidenker-Brief","link":"https:\/\/www.freidenker.org\/?cat=341"},"img":{"alt_text":"","src":"https:\/\/i0.wp.com\/www.freidenker.org\/fw17\/wp-content\/uploads\/2015\/04\/2015-05-10-1-30828_800x445.jpg?fit=800%2C445&ssl=1&resize=350%2C200","width":350,"height":200,"srcset":"https:\/\/i0.wp.com\/www.freidenker.org\/fw17\/wp-content\/uploads\/2015\/04\/2015-05-10-1-30828_800x445.jpg?fit=800%2C445&ssl=1&resize=350%2C200 1x, https:\/\/i0.wp.com\/www.freidenker.org\/fw17\/wp-content\/uploads\/2015\/04\/2015-05-10-1-30828_800x445.jpg?fit=800%2C445&ssl=1&resize=525%2C300 1.5x, https:\/\/i0.wp.com\/www.freidenker.org\/fw17\/wp-content\/uploads\/2015\/04\/2015-05-10-1-30828_800x445.jpg?fit=800%2C445&ssl=1&resize=700%2C400 2x"},"classes":[]},{"id":1146,"url":"https:\/\/www.freidenker.org\/?p=1146","url_meta":{"origin":3025,"position":4},"title":"Freidenker-Brief 3-2016: Freidenker-Verbandstag und KenFM-Interview mit Klaus Hartmann","author":"Webredaktion","date":"7. Juni 2016","format":false,"excerpt":"Der \"Freidenker-Brief\" gibt zun\u00e4chst die Presseerkl\u00e4rung zum Freidenker-Verbandstag wieder, und verweist auf ein Telefon-Interview von KenFM mit Klaus Hartmann, in dem der DFV-Bundesvorsitzende erl\u00e4utert, wer die Freidenker sind, woher sie kommen, wof\u00fcr die stehen, und wie sie in der Friedenbewegung aktiv sind. Klaus Hartmann vertritt darin die Auffassung, dass die\u2026","rel":"","context":"In &quot;Freidenker-Brief&quot;","block_context":{"text":"Freidenker-Brief","link":"https:\/\/www.freidenker.org\/?cat=341"},"img":{"alt_text":"","src":"https:\/\/i0.wp.com\/www.freidenker.org\/fw17\/wp-content\/uploads\/2016\/06\/news-1713669_800x445.jpg?fit=800%2C445&ssl=1&resize=350%2C200","width":350,"height":200,"srcset":"https:\/\/i0.wp.com\/www.freidenker.org\/fw17\/wp-content\/uploads\/2016\/06\/news-1713669_800x445.jpg?fit=800%2C445&ssl=1&resize=350%2C200 1x, https:\/\/i0.wp.com\/www.freidenker.org\/fw17\/wp-content\/uploads\/2016\/06\/news-1713669_800x445.jpg?fit=800%2C445&ssl=1&resize=525%2C300 1.5x, https:\/\/i0.wp.com\/www.freidenker.org\/fw17\/wp-content\/uploads\/2016\/06\/news-1713669_800x445.jpg?fit=800%2C445&ssl=1&resize=700%2C400 2x"},"classes":[]},{"id":2990,"url":"https:\/\/www.freidenker.org\/?p=2990","url_meta":{"origin":3025,"position":5},"title":"Freidenker-Brief 5-2015: Sagt NEIN, \u00e4chtet Aggressionen, bannt die Weltkriegsgefahr!","author":"Webredaktion","date":"29. Juli 2015","format":false,"excerpt":"Erkl\u00e4rung zu Fragen von Krieg und Frieden, Juli 2015 Unter diesem Titel gibt es seit dem 23. Juli 2015 auf der Internet-Seite der Anti-NATO-Allianz eine Erkl\u00e4rung in Form eines Aufrufs an Bundestag und Bundesregierung mit folgenden Forderungen: - NATO-Vertrag k\u00fcndigen! - Truppenstationierungsvertrag per Friedensvertrag au\u00dfer Kraft setzen! - Mit Russland\u2026","rel":"","context":"In &quot;Freidenker-Brief&quot;","block_context":{"text":"Freidenker-Brief","link":"https:\/\/www.freidenker.org\/?cat=341"},"img":{"alt_text":"","src":"https:\/\/i0.wp.com\/www.freidenker.org\/fw17\/wp-content\/uploads\/2015\/07\/2015-09-26-dp-0010_800x445.jpg?fit=800%2C445&ssl=1&resize=350%2C200","width":350,"height":200,"srcset":"https:\/\/i0.wp.com\/www.freidenker.org\/fw17\/wp-content\/uploads\/2015\/07\/2015-09-26-dp-0010_800x445.jpg?fit=800%2C445&ssl=1&resize=350%2C200 1x, https:\/\/i0.wp.com\/www.freidenker.org\/fw17\/wp-content\/uploads\/2015\/07\/2015-09-26-dp-0010_800x445.jpg?fit=800%2C445&ssl=1&resize=525%2C300 1.5x, https:\/\/i0.wp.com\/www.freidenker.org\/fw17\/wp-content\/uploads\/2015\/07\/2015-09-26-dp-0010_800x445.jpg?fit=800%2C445&ssl=1&resize=700%2C400 2x"},"classes":[]}],"_links":{"self":[{"href":"https:\/\/www.freidenker.org\/index.php?rest_route=\/wp\/v2\/posts\/3025","targetHints":{"allow":["GET"]}}],"collection":[{"href":"https:\/\/www.freidenker.org\/index.php?rest_route=\/wp\/v2\/posts"}],"about":[{"href":"https:\/\/www.freidenker.org\/index.php?rest_route=\/wp\/v2\/types\/post"}],"author":[{"embeddable":true,"href":"https:\/\/www.freidenker.org\/index.php?rest_route=\/wp\/v2\/users\/3"}],"replies":[{"embeddable":true,"href":"https:\/\/www.freidenker.org\/index.php?rest_route=%2Fwp%2Fv2%2Fcomments&post=3025"}],"version-history":[{"count":0,"href":"https:\/\/www.freidenker.org\/index.php?rest_route=\/wp\/v2\/posts\/3025\/revisions"}],"wp:featuredmedia":[{"embeddable":true,"href":"https:\/\/www.freidenker.org\/index.php?rest_route=\/wp\/v2\/media\/3752"}],"wp:attachment":[{"href":"https:\/\/www.freidenker.org\/index.php?rest_route=%2Fwp%2Fv2%2Fmedia&parent=3025"}],"wp:term":[{"taxonomy":"category","embeddable":true,"href":"https:\/\/www.freidenker.org\/index.php?rest_route=%2Fwp%2Fv2%2Fcategories&post=3025"},{"taxonomy":"post_tag","embeddable":true,"href":"https:\/\/www.freidenker.org\/index.php?rest_route=%2Fwp%2Fv2%2Ftags&post=3025"}],"curies":[{"name":"wp","href":"https:\/\/api.w.org\/{rel}","templated":true}]}}