{"id":3020,"date":"2015-02-15T02:06:10","date_gmt":"2015-02-15T01:06:10","guid":{"rendered":"http:\/\/www.freidenker.org\/?p=3020"},"modified":"2018-04-29T23:23:17","modified_gmt":"2018-04-29T21:23:17","slug":"passend-zur-kriegszeit-breitseiten-gegen-die-friedensbewegung","status":"publish","type":"post","link":"https:\/\/www.freidenker.org\/?p=3020","title":{"rendered":"Passend zur Kriegszeit: Breitseiten gegen die Friedensbewegung"},"content":{"rendered":"<p><em>Dieser Beitrag wird im<a href=\"https:\/\/www.freidenker.org\/?p=821\"><strong> Freidenker 1 &#8211; 2015<\/strong><\/a> erscheinen.<\/em><\/p>\n<p>von <em><strong>Klaus Hartmann<\/strong><\/em><\/p>\n<p>Die Bedrohung des Weltfriedens ist mit der NATO-Aggression in der Ukraine und der psychologischen Kriegsf\u00fchrung gegen Russland erheblich gewachsen. Die Aktions- und Mobilisierungsf\u00e4higkeit der Friedensbewegung ist der Bedrohung v\u00f6llig unangemessen. Als mit den \u201eMontagsmahnwachen f\u00fcr den Frieden\u201c nach Beginn der Ukraine-Krise neue Akteure auf den Plan traten, wurde darauf von linken Organisationen und Parteien sowie Instanzen der \u201atraditionellen\u2018 Friedensbewegung \u00fcberwiegend mit Skepsis, Kritik und Ablehnung reagiert.<\/p>\n<p>Anstelle von Freude dar\u00fcber, dass bisher nichterreichbare Menschen die Kriegsgefahr wahrnehmen, den antirussischen Kampagnen die Gefolgschaft verweigern und in Bewegung kommen, erweckten viele Linke den Eindruck, als w\u00fcrden sie eine unliebsame Konkurrenz erblicken, die sich anma\u00dfte zu demonstrieren, ohne daf\u00fcr von den \u201aZust\u00e4ndigen\u2018 eingeladen worden zu sein.<\/p>\n<p>Stichwortgeberin der Kritik war zuerst die Frankfurter Stadtverordnete Jutta Ditfurth, die die \u201aneue Friedensbewegung\u2018 als \u201eneurechts\u201c klassifizierte und die Mahnwachen als \u201eWahnmachen\u201c und \u201eWahnwichtel\u201c ver\u00e4chtlich machte. Dass sie f\u00fcr ihre Attacken die Herrschaftsmedien (3sat-Interviews) nutzte, die ihr bereitwillig ein Podium boten, hat auf linker Seite kaum jemand gest\u00f6rt geschweige denn problematisiert. Der Kasseler Friedensratschlag-Sprecher Strutynski setzte anfangs noch die L\u00fcge drauf, die neue Bewegung sei von der NPD ins Leben gerufen.<\/p>\n<p>Tats\u00e4chlich sehen jene Friedensfreunde ziemlich alt aus, die offenbar nicht erkennen k\u00f6nnen oder wollen, dass im Zeitalter von Neuen Medien und sozialen Netzwerken (neben vielen Nachteilen und Risiken) auch neue M\u00f6glichkeiten entstanden sind, sich zu informieren, zu vernetzen und sich zur Aktion zu verabreden. Es ist aber wenig intelligent, den Merkel-Spruch \u201eDas Internet ist f\u00fcr uns alle Neuland\u201c auch noch selbst zu beglaubigen.<\/p>\n<p>&#8230;<\/p>\n<p>&nbsp;<\/p>\n<hr \/>\n<p><img data-recalc-dims=\"1\" loading=\"lazy\" decoding=\"async\" data-attachment-id=\"1076\" data-permalink=\"https:\/\/www.freidenker.org\/?attachment_id=1076\" data-orig-file=\"https:\/\/i0.wp.com\/www.freidenker.org\/fw17\/wp-content\/uploads\/2017\/10\/pdf_icon-2.png?fit=32%2C32&amp;ssl=1\" data-orig-size=\"32,32\" data-comments-opened=\"0\" data-image-meta=\"{&quot;aperture&quot;:&quot;0&quot;,&quot;credit&quot;:&quot;&quot;,&quot;camera&quot;:&quot;&quot;,&quot;caption&quot;:&quot;&quot;,&quot;created_timestamp&quot;:&quot;0&quot;,&quot;copyright&quot;:&quot;&quot;,&quot;focal_length&quot;:&quot;0&quot;,&quot;iso&quot;:&quot;0&quot;,&quot;shutter_speed&quot;:&quot;0&quot;,&quot;title&quot;:&quot;&quot;,&quot;orientation&quot;:&quot;0&quot;}\" data-image-title=\"pdf_icon\" data-image-description=\"\" data-image-caption=\"\" data-large-file=\"https:\/\/i0.wp.com\/www.freidenker.org\/fw17\/wp-content\/uploads\/2017\/10\/pdf_icon-2.png?fit=32%2C32&amp;ssl=1\" class=\"alignnone size-full wp-image-1076\" src=\"https:\/\/i0.wp.com\/www.freidenker.org\/fw17\/wp-content\/uploads\/2017\/10\/pdf_icon-2.png?resize=32%2C32&#038;ssl=1\" alt=\"\" width=\"32\" height=\"32\" \/>\u00a0Lest bitte den vollst\u00e4ndigen Artikel hier:<br \/>\n<a href=\"https:\/\/www.freidenker.org\/fw17\/wp-content\/uploads\/2017\/12\/freidenker-15-01-hartmann.pdf\" target=\"_blank\" rel=\"noopener\">Passend zur Kriegszeit: Breitseiten gegen die Friedensbewegung<\/a> (<strong>PDF-Dokument,<\/strong> ca. 1 MB)<\/p>\n<p>&nbsp;<\/p>\n<p>Siehe auch:<br \/>\n<a href=\"https:\/\/www.freidenker.org\/?p=2998\">\u201eKrieg der Friedensfreunde\u201c?<\/a> [Breitseiten gegen die Friedensbewegung (1. Fortsetzung)] (19.04.2015)<br \/>\n<a href=\"https:\/\/www.freidenker.org\/?p=1274\">Friedensbewegung \u2013 zwischen Sektierern und Geschichtsrevisionisten<\/a> [Breitseiten gegen die Friedensbewegung (2. Fortsetzung)] (29.12.2016)<\/p>\n<hr \/>\n<p>Foto: Friedenswinter-Demo Berlin, 13.12.2014 \/ \u00a9 arbeiterfotografie.com<\/p>\n","protected":false},"excerpt":{"rendered":"<p><strong>Beitrag von Klaus Hartmann, sp\u00e4ter ver\u00f6ffentlicht in FREIDENKER 1-15<\/strong><br \/>\nDie Bedrohung des Weltfriedens ist mit der NATO-Aggression in der Ukraine und der psychologischen Kriegsf\u00fchrung gegen Russland erheblich gewachsen. Die Aktions- und Mobilisierungsf\u00e4higkeit der Friedensbewegung ist der Bedrohung v\u00f6llig unangemessen. Als mit den \u201eMontagsmahnwachen f\u00fcr den Frieden\u201c nach Beginn der Ukraine-Krise neue Akteure auf den Plan traten, wurde darauf von linken Organisationen und Parteien sowie Instanzen der \u201atraditionellen\u2018 Friedensbewegung \u00fcberwiegend mit Skepsis, Kritik und Ablehnung reagiert.<\/p>\n","protected":false},"author":3,"featured_media":5052,"comment_status":"closed","ping_status":"closed","sticky":false,"template":"","format":"standard","meta":{"colormag_page_container_layout":"default_layout","colormag_page_sidebar_layout":"default_layout","advanced_seo_description":"","jetpack_seo_html_title":"","jetpack_seo_noindex":false,"jetpack_post_was_ever_published":false,"footnotes":""},"categories":[13,937],"tags":[692,335,43,594,686,56,342],"class_list":["post-3020","post","type-post","status-publish","format-standard","has-post-thumbnail","hentry","category-frieden-antifaschismus-solidaritaet","category-zeit-der-verleumder-freidenker-fuer-klartext","tag-antideutsche","tag-frieden","tag-friedensbewegung","tag-ken-jebsen","tag-mahnwachen","tag-nato","tag-querfront"],"jetpack_featured_media_url":"https:\/\/i0.wp.com\/www.freidenker.org\/fw17\/wp-content\/uploads\/2015\/02\/klartext_2014-12-13-rt-0042_800x445.jpg?fit=800%2C445&ssl=1","jetpack_shortlink":"https:\/\/wp.me\/p9stpK-MI","jetpack-related-posts":[{"id":3018,"url":"https:\/\/www.freidenker.org\/?p=3018","url_meta":{"origin":3020,"position":0},"title":"Freidenker-Brief 2-2015: Breitseiten gegen die Friedensbewegung","author":"Webredaktion","date":"17. Februar 2015","format":false,"excerpt":"Der Vorsitzende des Deutschen Freidenker-Verbands, Klaus Hartmann, analysiert im n\u00e4chsten \u201eFreidenker\u201c (Nr. 1-2015) den Zustand der Friedensbewegung. Der Artikel schlie\u00dft mit den Worten: \u201eWir bekr\u00e4ftigen die Feststellung Eugen Drewermanns \u201aDer wichtigste Beitrag zur Friedenspolitik lautet: Raus aus der NATO!\u2018 Wir arbeiten und demonstrieren mit allen zusammen, die auch am 8.\u2026","rel":"","context":"In &quot;Freidenker-Brief&quot;","block_context":{"text":"Freidenker-Brief","link":"https:\/\/www.freidenker.org\/?cat=341"},"img":{"alt_text":"","src":"https:\/\/i0.wp.com\/www.freidenker.org\/fw17\/wp-content\/uploads\/2015\/02\/peace-dove-588081_800x445.jpg?fit=800%2C445&ssl=1&resize=350%2C200","width":350,"height":200,"srcset":"https:\/\/i0.wp.com\/www.freidenker.org\/fw17\/wp-content\/uploads\/2015\/02\/peace-dove-588081_800x445.jpg?fit=800%2C445&ssl=1&resize=350%2C200 1x, https:\/\/i0.wp.com\/www.freidenker.org\/fw17\/wp-content\/uploads\/2015\/02\/peace-dove-588081_800x445.jpg?fit=800%2C445&ssl=1&resize=525%2C300 1.5x, https:\/\/i0.wp.com\/www.freidenker.org\/fw17\/wp-content\/uploads\/2015\/02\/peace-dove-588081_800x445.jpg?fit=800%2C445&ssl=1&resize=700%2C400 2x"},"classes":[]},{"id":21493,"url":"https:\/\/www.freidenker.org\/?p=21493","url_meta":{"origin":3020,"position":1},"title":"Die Friedensbewegung im Spannungsfeld","author":"Webredaktion","date":"16. April 2025","format":false,"excerpt":"Vortrag von Doris Pumphrey, Gehalten auf dem Kongress \"Krieg und Frieden\" der Neuen Gesellschaft f\u00fcr Psychologie, Berlin 10. bis 12. April 2025 Die Friedensbewegung ist eine sog. Graswurzelbewegung, die die M\u00fchen durchlaufen muss eines Aufbaus und einer Mobilisierung von unten. Authentische, unabh\u00e4ngige Graswurzelbewegungen haben es heute viel schwerer als fr\u00fcher.\u2026","rel":"","context":"In &quot;Frieden - Antifaschismus - Solidarit\u00e4t&quot;","block_context":{"text":"Frieden - Antifaschismus - Solidarit\u00e4t","link":"https:\/\/www.freidenker.org\/?cat=13"},"img":{"alt_text":"","src":"https:\/\/i0.wp.com\/www.freidenker.org\/fw17\/wp-content\/uploads\/2025\/04\/Ostermarsch_Berlin_20180331_133450b_800x450.jpg?fit=800%2C450&ssl=1&resize=350%2C200","width":350,"height":200,"srcset":"https:\/\/i0.wp.com\/www.freidenker.org\/fw17\/wp-content\/uploads\/2025\/04\/Ostermarsch_Berlin_20180331_133450b_800x450.jpg?fit=800%2C450&ssl=1&resize=350%2C200 1x, https:\/\/i0.wp.com\/www.freidenker.org\/fw17\/wp-content\/uploads\/2025\/04\/Ostermarsch_Berlin_20180331_133450b_800x450.jpg?fit=800%2C450&ssl=1&resize=525%2C300 1.5x, https:\/\/i0.wp.com\/www.freidenker.org\/fw17\/wp-content\/uploads\/2025\/04\/Ostermarsch_Berlin_20180331_133450b_800x450.jpg?fit=800%2C450&ssl=1&resize=700%2C400 2x"},"classes":[]},{"id":2988,"url":"https:\/\/www.freidenker.org\/?p=2988","url_meta":{"origin":3020,"position":2},"title":"Freidenker-Brief 6-2015: Deutschland raus aus der NATO &#8211; NATO raus aus Deutschland","author":"Webredaktion","date":"27. August 2015","format":false,"excerpt":"W\u00e4hrend manche \"Institutionen\" der Friedensbewegung fortgesetzt die Diskussion \u201eWie weiter mit der Friedensbewegung?\u201c f\u00fchren, gibt es erfreulicherweise auch Friedenskr\u00e4fte, die angesichts der gef\u00e4hrlichen internationalen Entwicklung aktiv werden, die auf Aktionen und auf Klarheit dr\u00e4ngen: Einerseits die im \"AK Frieden \/ Internationales\" des Deutschen Freidenker-Verbandes erarbeitete programmatische Erkl\u00e4rung zu Fragen von\u2026","rel":"","context":"In &quot;Freidenker-Brief&quot;","block_context":{"text":"Freidenker-Brief","link":"https:\/\/www.freidenker.org\/?cat=341"},"img":{"alt_text":"","src":"https:\/\/i0.wp.com\/www.freidenker.org\/fw17\/wp-content\/uploads\/2015\/08\/Global_Hawk_800x445_mLogo.jpg?fit=800%2C445&ssl=1&resize=350%2C200","width":350,"height":200,"srcset":"https:\/\/i0.wp.com\/www.freidenker.org\/fw17\/wp-content\/uploads\/2015\/08\/Global_Hawk_800x445_mLogo.jpg?fit=800%2C445&ssl=1&resize=350%2C200 1x, https:\/\/i0.wp.com\/www.freidenker.org\/fw17\/wp-content\/uploads\/2015\/08\/Global_Hawk_800x445_mLogo.jpg?fit=800%2C445&ssl=1&resize=525%2C300 1.5x, https:\/\/i0.wp.com\/www.freidenker.org\/fw17\/wp-content\/uploads\/2015\/08\/Global_Hawk_800x445_mLogo.jpg?fit=800%2C445&ssl=1&resize=700%2C400 2x"},"classes":[]},{"id":14867,"url":"https:\/\/www.freidenker.org\/?p=14867","url_meta":{"origin":3020,"position":3},"title":"Karin Leukefeld: Erlebe Friedensbewegung zersplittert und zerstritten","author":"Webredaktion","date":"23. Dezember 2022","format":false,"excerpt":"Interview von\u00a0Felicitas Rabe mit Karin Leukefeld F: Frau Leukefeld, am zweiten Dezemberwochenende fand in Kassel der 29. Friedensratschlag statt. Wie haben sich Vertreter der deutschen Friedensbewegung zum Krieg in der Ukraine positioniert? ... A: Sehr viele Menschen waren zu dem \"Friedensratschlag\" gekommen, das ist sicherlich ein Erfolg. Auf den Podien\u2026","rel":"","context":"In &quot;Frieden - Antifaschismus - Solidarit\u00e4t&quot;","block_context":{"text":"Frieden - Antifaschismus - Solidarit\u00e4t","link":"https:\/\/www.freidenker.org\/?cat=13"},"img":{"alt_text":"","src":"https:\/\/i0.wp.com\/www.freidenker.org\/fw17\/wp-content\/uploads\/2022\/12\/Bremen_01-2022-09-01-gmv-0021_800x450.jpg?fit=800%2C450&ssl=1&resize=350%2C200","width":350,"height":200,"srcset":"https:\/\/i0.wp.com\/www.freidenker.org\/fw17\/wp-content\/uploads\/2022\/12\/Bremen_01-2022-09-01-gmv-0021_800x450.jpg?fit=800%2C450&ssl=1&resize=350%2C200 1x, https:\/\/i0.wp.com\/www.freidenker.org\/fw17\/wp-content\/uploads\/2022\/12\/Bremen_01-2022-09-01-gmv-0021_800x450.jpg?fit=800%2C450&ssl=1&resize=525%2C300 1.5x, https:\/\/i0.wp.com\/www.freidenker.org\/fw17\/wp-content\/uploads\/2022\/12\/Bremen_01-2022-09-01-gmv-0021_800x450.jpg?fit=800%2C450&ssl=1&resize=700%2C400 2x"},"classes":[]},{"id":12076,"url":"https:\/\/www.freidenker.org\/?p=12076","url_meta":{"origin":3020,"position":4},"title":"Rundschreiben der Initiative &#8218;Frieden mit Russland&#8216; zur aktuellen Lage","author":"Webredaktion","date":"28. Januar 2022","format":false,"excerpt":"Die geballte Ladung an russophober Hetze und die allenthalben aufmarschierenden Kriegstrommler des 'Wertewestens' lassen derzeit wohl niemanden \u00a0in Ruhe. Die USA und die EU heizen den ohnehin schon scharfen B\u00fcrgerkriegskonflikt in der Ukraine zu einem Konflikt um die Existenzberechtigung der NATO auf, tun aber schon lange nichts mehr etwa \u00a0f\u00fcr\u2026","rel":"","context":"In &quot;Frieden - Antifaschismus - Solidarit\u00e4t&quot;","block_context":{"text":"Frieden - Antifaschismus - Solidarit\u00e4t","link":"https:\/\/www.freidenker.org\/?cat=13"},"img":{"alt_text":"","src":"https:\/\/i0.wp.com\/www.freidenker.org\/fw17\/wp-content\/uploads\/2022\/01\/brieftaube_800x450.jpg?fit=800%2C450&ssl=1&resize=350%2C200","width":350,"height":200,"srcset":"https:\/\/i0.wp.com\/www.freidenker.org\/fw17\/wp-content\/uploads\/2022\/01\/brieftaube_800x450.jpg?fit=800%2C450&ssl=1&resize=350%2C200 1x, https:\/\/i0.wp.com\/www.freidenker.org\/fw17\/wp-content\/uploads\/2022\/01\/brieftaube_800x450.jpg?fit=800%2C450&ssl=1&resize=525%2C300 1.5x, https:\/\/i0.wp.com\/www.freidenker.org\/fw17\/wp-content\/uploads\/2022\/01\/brieftaube_800x450.jpg?fit=800%2C450&ssl=1&resize=700%2C400 2x"},"classes":[]},{"id":3010,"url":"https:\/\/www.freidenker.org\/?p=3010","url_meta":{"origin":3020,"position":5},"title":"Freidenker-Brief 3-2015: 8. Mai 2015 \u2013 70 Jahre \u201eTag der Befreiung\u201c","author":"Webredaktion","date":"3. April 2015","format":false,"excerpt":"Der Deutsche Freidenker-Verband ver\u00f6ffentlicht in seiner Verbandszeitschrift \u201eFreidenker\u201c Nr. 1-15 (M\u00e4rz 2015) seine Erkl\u00e4rung \u201e70 Jahre nach der Befreiung vom Faschismus \u2013 Deutschland braucht eine grundlegend andere Au\u00dfenpolitik: Verst\u00e4ndigung statt Konfrontation\u201c Ferner hat der Verbandsvorstand beschlossen: - Der Deutsche Freidenker-Verband unterst\u00fctzt den Aufruf des Berliner Aktionsb\u00fcndnisses \u201e70 Jahre Tag der\u2026","rel":"","context":"In &quot;Freidenker-Brief&quot;","block_context":{"text":"Freidenker-Brief","link":"https:\/\/www.freidenker.org\/?cat=341"},"img":{"alt_text":"","src":"https:\/\/i0.wp.com\/www.freidenker.org\/fw17\/wp-content\/uploads\/2015\/04\/tdb2015_800x445.jpg?fit=800%2C445&ssl=1&resize=350%2C200","width":350,"height":200,"srcset":"https:\/\/i0.wp.com\/www.freidenker.org\/fw17\/wp-content\/uploads\/2015\/04\/tdb2015_800x445.jpg?fit=800%2C445&ssl=1&resize=350%2C200 1x, https:\/\/i0.wp.com\/www.freidenker.org\/fw17\/wp-content\/uploads\/2015\/04\/tdb2015_800x445.jpg?fit=800%2C445&ssl=1&resize=525%2C300 1.5x, https:\/\/i0.wp.com\/www.freidenker.org\/fw17\/wp-content\/uploads\/2015\/04\/tdb2015_800x445.jpg?fit=800%2C445&ssl=1&resize=700%2C400 2x"},"classes":[]}],"_links":{"self":[{"href":"https:\/\/www.freidenker.org\/index.php?rest_route=\/wp\/v2\/posts\/3020","targetHints":{"allow":["GET"]}}],"collection":[{"href":"https:\/\/www.freidenker.org\/index.php?rest_route=\/wp\/v2\/posts"}],"about":[{"href":"https:\/\/www.freidenker.org\/index.php?rest_route=\/wp\/v2\/types\/post"}],"author":[{"embeddable":true,"href":"https:\/\/www.freidenker.org\/index.php?rest_route=\/wp\/v2\/users\/3"}],"replies":[{"embeddable":true,"href":"https:\/\/www.freidenker.org\/index.php?rest_route=%2Fwp%2Fv2%2Fcomments&post=3020"}],"version-history":[{"count":0,"href":"https:\/\/www.freidenker.org\/index.php?rest_route=\/wp\/v2\/posts\/3020\/revisions"}],"wp:featuredmedia":[{"embeddable":true,"href":"https:\/\/www.freidenker.org\/index.php?rest_route=\/wp\/v2\/media\/5052"}],"wp:attachment":[{"href":"https:\/\/www.freidenker.org\/index.php?rest_route=%2Fwp%2Fv2%2Fmedia&parent=3020"}],"wp:term":[{"taxonomy":"category","embeddable":true,"href":"https:\/\/www.freidenker.org\/index.php?rest_route=%2Fwp%2Fv2%2Fcategories&post=3020"},{"taxonomy":"post_tag","embeddable":true,"href":"https:\/\/www.freidenker.org\/index.php?rest_route=%2Fwp%2Fv2%2Ftags&post=3020"}],"curies":[{"name":"wp","href":"https:\/\/api.w.org\/{rel}","templated":true}]}}