{"id":3015,"date":"2015-03-31T01:43:34","date_gmt":"2015-03-30T23:43:34","guid":{"rendered":"http:\/\/www.freidenker.org\/?p=3015"},"modified":"2018-02-14T21:39:42","modified_gmt":"2018-02-14T20:39:42","slug":"nachruf-auf-harry-meissner","status":"publish","type":"post","link":"https:\/\/www.freidenker.org\/?p=3015","title":{"rendered":"Nachruf auf Harry Mei\u00dfner"},"content":{"rendered":"<div style=\"border: 3pt solid; padding: 20pt;\">\n<p style=\"text-align: center;\"><strong>Wir trauern um<\/strong><\/p>\n<p style=\"text-align: center;\"><span style=\"font-size: 18pt;\"><strong>Prof. em. Dr. Harry Mei\u00dfner<\/strong><\/span><\/p>\n<p style=\"text-align: center;\"><strong> 18. Juli 1926 &#8211; 27. M\u00e4rz 2015<\/strong><\/p>\n<p>Harry wuchs als Kind einer Arbeiterfamilie in Berlin auf und besuchte dort die Schule, die folgende Lehre in Leipzig musste er wegen Einberufung zur Nazi-Wehrmacht abbrechen. Nach der Schlacht um die Seelower H\u00f6hen 1945 kam er in sowjetische Kriegsgefangenschaft, nach Entlassung 1947 wurde er in Leipzig Aktivist der ersten Stunde, Funktion\u00e4r des FDGB und Mitglied der SED. Nach Besuch weiterf\u00fchrender Schulen arbeitete Harry bei der Wismut AG, danach wurde er nach Dresden zum Aufbau der Gesellschaft f\u00fcr deutsch-sowjetische Freundschaft delegiert.<\/p>\n<p>Nach Parteischulbesuch \u00fcbernahm Harry SED-Funktionen im kommunalen Bereich, nach Delegierung an die Technische Hochschule wurde er in deren Kreisleitung, danach zu ihrem 1. Sekret\u00e4r gew\u00e4hlt. Sp\u00e4ter wurde er zum Professor der Technischen Universit\u00e4t und Leiter deren Industrie\u00adinstituts berufen. Diese Funktion nahm er bis zur \u201eAbwicklung\u201c des Instituts infolge der \u201eWende\u201c wahr und wurde ordentlich emeritiert.<\/p>\n<p>Harry Mei\u00dfner geh\u00f6rte zu den Pionieren der Freidenkerbewegung der DDR und engagierte sich seit Januar 1989 f\u00fcr die Gr\u00fcndung des Verbandes der Freidenker der DDR. Er wurde zu dessen Vorsitzenden im Bezirk Dresden, danach zum Ko-Vorsitzenden im Freistaat Sachsen gew\u00e4hlt und geh\u00f6rte ab Juni 1989 dem Bundesausschuss des VdF an. 1990 bestimmte ihn der Bundesausschuss zum Mitglied der Verhandlungsgruppe, die mit den westdeutschen Freidenkern die Bildung eines gemeinsamen Deutschen Freidenker-Verbandes vorbereitete.<\/p>\n<p>Beim Vereinigungsverbandstag 1991 in Braunschweig wurde Harry Mei\u00dfner zum stellvertretenden Verbandsvorsitzenden gew\u00e4hlt. In der Folgezeit \u00fcbte Harry zahlreiche Funktionen auf Bundesebene aus \u2013 als Referent des Verbandsvorstandes, als Verantwortlicher im Fachverband f\u00fcr weltliche Bestattungs- und Trauerkultur sowie als Mitglied des Gesch\u00e4ftsf\u00fchrenden Verbandsvorstandes der Freidenker. Nachdem er aus diesem Gremium 2012 aus gesundheitlichen Gr\u00fcnden ausschied, wurde er in den Beirat des Deutschen Freidenker-Verbandes berufen.<\/p>\n<p>Harry hat jahrzehntelang mit \u00dcberzeugung, Herzblut und all seiner Kraft f\u00fcr die Ideen der sozialistischen Freidenkerbewegung gek\u00e4mpft. Sein Engagement und beispielhaftes Wirken hat ihm und seiner Organisation, weit \u00fcber die Mitgliedschaft des Freidenkerverbandes hinaus, gro\u00dfe Anerkennung eingebracht. Viele Hinterbliebene und Freunde verstorbener Genossinnen und Genossen erinnern sich dankbar an seine tr\u00f6stenden Worte bei ungez\u00e4hlten Trauerfeiern, in denen er der Pers\u00f6nlichkeit und Lebensleistung der Verstorbenen Respekt zollte.<\/p>\n<p>Harry Mei\u00dfner lie\u00df sich nie in seinem Bem\u00fchen beirren, Trennendes beiseite zu schieben, das Verbindende zu suchen und gemeinsames Handeln zu erm\u00f6glichen. Er betrachtete es als Tragik der linken Bewegung, diese Lehre aus dem Faschismus nur ungen\u00fcgend in ihrer Praxis zu beachten. Die Ernsthaftigkeit seiner \u00dcberzeugungen und seines Engagements verband Harry in bewundernswerter Weise mit einer Leichtigkeit des Lebens, man suchte seine Gesellschaft auch, weil es die eigene Unbeschwertheit f\u00f6rderte. Un\u00fcbertroffen war Harrys Charme gegen\u00fcber Frauen, seine Scherze und Anekdoten waren legend\u00e4r.<\/p>\n<p>Von dem Schicksalsschlag des Todes seiner geliebten Frau Mabel im Mai 2014 hat sich Harry nicht wieder erholt. Wir erinnern uns an Harrys Wirken mit gro\u00dfer Dankbarkeit und werden den Kampf f\u00fcr seine Ideale weiterf\u00fchren.<\/p>\n<p style=\"text-align: center;\"><strong>Deutscher Freidenker-Verband<\/strong><\/p>\n<p style=\"text-align: center;\"><em>Klaus Hartmann<br \/>\n<\/em>Bundesvorsitzender<\/p>\n<p style=\"text-align: center;\"><em>Eberhard Schinck<br \/>\n<\/em>stellv. Vorsitzender<\/p>\n<p style=\"text-align: center;\"><em>Dr. Horst Schild<br \/>\n<\/em>\u00a0Referent des Verbandsvorstandes<\/p>\n<p style=\"text-align: center;\"><em>Wolfram Fischer<br \/>\n<\/em>Landesvorsitzender Sachsen<\/p>\n<p style=\"text-align: center;\"><em>Andreas Sch\u00f6bel<br \/>\n<\/em>Mitgliedergruppe Dresden<\/p>\n<\/div>\n","protected":false},"excerpt":{"rendered":"<p>Harry Mei\u00dfner geh\u00f6rte zu den Pionieren der Freidenkerbewegung der DDR und engagierte sich seit Januar 1989 f\u00fcr die Gr\u00fcndung des Verbandes der Freidenker der DDR. Er wurde zu dessen Vorsitzenden im Bezirk Dresden, danach zum Ko-Vorsitzenden im Freistaat Sachsen gew\u00e4hlt und geh\u00f6rte ab Juni 1989 dem Bundesausschuss des VdF an. 1990 bestimmte ihn der Bundesausschuss zum Mitglied der Verhandlungsgruppe, die mit den westdeutschen Freidenkern die Bildung eines gemeinsamen Deutschen Freidenker-Verbandes vorbereitete.<\/p>\n","protected":false},"author":3,"featured_media":4010,"comment_status":"closed","ping_status":"closed","sticky":false,"template":"","format":"standard","meta":{"colormag_page_container_layout":"default_layout","colormag_page_sidebar_layout":"default_layout","advanced_seo_description":"","jetpack_seo_html_title":"","jetpack_seo_noindex":false,"jetpack_post_was_ever_published":false,"footnotes":""},"categories":[17],"tags":[26,701,700],"class_list":["post-3015","post","type-post","status-publish","format-standard","has-post-thumbnail","hentry","category-weltliche-trauerkultur","tag-freidenker","tag-harry-meissner","tag-nachruf"],"jetpack_featured_media_url":"https:\/\/i0.wp.com\/www.freidenker.org\/fw17\/wp-content\/uploads\/2015\/03\/trauerkarte-2096040_800x445_v3.jpg?fit=800%2C445&ssl=1","jetpack_shortlink":"https:\/\/wp.me\/p9stpK-MD","jetpack-related-posts":[{"id":15995,"url":"https:\/\/www.freidenker.org\/?p=15995","url_meta":{"origin":3015,"position":0},"title":"Belafontes Song","author":"Webredaktion","date":"11. Mai 2023","format":false,"excerpt":"Nachruf von Dr. Hartmut K\u00f6nig Als Harry Belafonte 2011 seine Autobiografie vorlegte, nannte er sie \u201eMy Song\u201c. Aber was meinte \u201eSong\u201c? Keinen seiner musikalischen Hits. \u201eSong\u201c war die Summe seines Lebens. Und er erkl\u00e4rt es im Abgesang: \u201eIch glaube, meine Zeit war bemerkenswert. Mir ist bewusst, dass wir heute in\u2026","rel":"","context":"In &quot;Kultur &amp; Kunst&quot;","block_context":{"text":"Kultur &amp; Kunst","link":"https:\/\/www.freidenker.org\/?cat=913"},"img":{"alt_text":"","src":"https:\/\/i0.wp.com\/www.freidenker.org\/fw17\/wp-content\/uploads\/2023\/05\/belafonte_1816_img208_800x450.jpg?fit=800%2C450&ssl=1&resize=350%2C200","width":350,"height":200,"srcset":"https:\/\/i0.wp.com\/www.freidenker.org\/fw17\/wp-content\/uploads\/2023\/05\/belafonte_1816_img208_800x450.jpg?fit=800%2C450&ssl=1&resize=350%2C200 1x, https:\/\/i0.wp.com\/www.freidenker.org\/fw17\/wp-content\/uploads\/2023\/05\/belafonte_1816_img208_800x450.jpg?fit=800%2C450&ssl=1&resize=525%2C300 1.5x, https:\/\/i0.wp.com\/www.freidenker.org\/fw17\/wp-content\/uploads\/2023\/05\/belafonte_1816_img208_800x450.jpg?fit=800%2C450&ssl=1&resize=700%2C400 2x"},"classes":[]},{"id":9083,"url":"https:\/\/www.freidenker.org\/?p=9083","url_meta":{"origin":3015,"position":1},"title":"Wir trauern um Prof. Erich Buchholz","author":"Webredaktion","date":"25. Dezember 2020","format":false,"excerpt":"Nachruf auf Prof. Dr. jur. habil. Erich Buchholz, 08.02.1927 \u2013 11.12.2020 Erich Buchholz, in Berlin geboren und aufgewachsen, studierte 1948 bis 1952 Rechtswissenschaften an der Humboldt-Universit\u00e4t. Nach der Promotion 1953 und seiner Habilitation 1963 wurde er 1965 Professor und war von 1966 bis 1989 Dekan der Juristischen Fakult\u00e4t sowie Leiter\u2026","rel":"","context":"In &quot;Weltliche Trauerkultur&quot;","block_context":{"text":"Weltliche Trauerkultur","link":"https:\/\/www.freidenker.org\/?cat=17"},"img":{"alt_text":"","src":"https:\/\/i0.wp.com\/www.freidenker.org\/fw17\/wp-content\/uploads\/2020\/12\/Erich_Buchholz-1.jpg?fit=800%2C450&ssl=1&resize=350%2C200","width":350,"height":200,"srcset":"https:\/\/i0.wp.com\/www.freidenker.org\/fw17\/wp-content\/uploads\/2020\/12\/Erich_Buchholz-1.jpg?fit=800%2C450&ssl=1&resize=350%2C200 1x, https:\/\/i0.wp.com\/www.freidenker.org\/fw17\/wp-content\/uploads\/2020\/12\/Erich_Buchholz-1.jpg?fit=800%2C450&ssl=1&resize=525%2C300 1.5x, https:\/\/i0.wp.com\/www.freidenker.org\/fw17\/wp-content\/uploads\/2020\/12\/Erich_Buchholz-1.jpg?fit=800%2C450&ssl=1&resize=700%2C400 2x"},"classes":[]},{"id":11226,"url":"https:\/\/www.freidenker.org\/?p=11226","url_meta":{"origin":3015,"position":2},"title":"Wir trauern um Edi Mader","author":"Webredaktion","date":"24. September 2021","format":false,"excerpt":"Mit Edi verlieren wir einen aufrechten und vorbildlichen Menschen, einen liebenswerten Freund und zuverl\u00e4ssigen Genossen. In einer Arbeiterfamilie in Ulm geboren, zweieinhalb Jahre nach dem Machtantritt der Faschisten in bescheidenen Verh\u00e4ltnissen aufgewachsen, erlebte er als kleines Kind, wie sein Vater als Kommunist Schikanen der Nazis ausgesetzt war, mehrfach seine Arbeit\u2026","rel":"","context":"In &quot;Weltliche Trauerkultur&quot;","block_context":{"text":"Weltliche Trauerkultur","link":"https:\/\/www.freidenker.org\/?cat=17"},"img":{"alt_text":"","src":"https:\/\/i0.wp.com\/www.freidenker.org\/fw17\/wp-content\/uploads\/2021\/09\/Edi_Portrait_mR_800x450.jpg?fit=800%2C450&ssl=1&resize=350%2C200","width":350,"height":200,"srcset":"https:\/\/i0.wp.com\/www.freidenker.org\/fw17\/wp-content\/uploads\/2021\/09\/Edi_Portrait_mR_800x450.jpg?fit=800%2C450&ssl=1&resize=350%2C200 1x, https:\/\/i0.wp.com\/www.freidenker.org\/fw17\/wp-content\/uploads\/2021\/09\/Edi_Portrait_mR_800x450.jpg?fit=800%2C450&ssl=1&resize=525%2C300 1.5x, https:\/\/i0.wp.com\/www.freidenker.org\/fw17\/wp-content\/uploads\/2021\/09\/Edi_Portrait_mR_800x450.jpg?fit=800%2C450&ssl=1&resize=700%2C400 2x"},"classes":[]},{"id":15426,"url":"https:\/\/www.freidenker.org\/?p=15426","url_meta":{"origin":3015,"position":3},"title":"Zum Tod von Bruno Mahlow","author":"Webredaktion","date":"4. M\u00e4rz 2023","format":false,"excerpt":"Unser am 22.02.2023 in Berlin verstorbener Freund Bruno Mahlow war h\u00e4ufig Referent und Diskussionpartner bei Veranstaltungen und Konferenzen des Deutschen Freidenkerverbandes. Wir ver\u00f6ffentlichen hier einen Nachruf von Arnold Sch\u00f6lzel sowie Bruno Mahlows Gegenrede gegen seine Vorladung wegen \u201eBelohnung und Billigung von Straftaten\u201c Bruno Mahlow kam 1937 als Kind kommunistischer Emigranten\u2026","rel":"","context":"In &quot;Frieden - Antifaschismus - Solidarit\u00e4t&quot;","block_context":{"text":"Frieden - Antifaschismus - Solidarit\u00e4t","link":"https:\/\/www.freidenker.org\/?cat=13"},"img":{"alt_text":"","src":"https:\/\/i0.wp.com\/www.freidenker.org\/fw17\/wp-content\/uploads\/2023\/03\/Bruno_Mahlow_uz_800x450.jpg?fit=800%2C450&ssl=1&resize=350%2C200","width":350,"height":200,"srcset":"https:\/\/i0.wp.com\/www.freidenker.org\/fw17\/wp-content\/uploads\/2023\/03\/Bruno_Mahlow_uz_800x450.jpg?fit=800%2C450&ssl=1&resize=350%2C200 1x, https:\/\/i0.wp.com\/www.freidenker.org\/fw17\/wp-content\/uploads\/2023\/03\/Bruno_Mahlow_uz_800x450.jpg?fit=800%2C450&ssl=1&resize=525%2C300 1.5x, https:\/\/i0.wp.com\/www.freidenker.org\/fw17\/wp-content\/uploads\/2023\/03\/Bruno_Mahlow_uz_800x450.jpg?fit=800%2C450&ssl=1&resize=700%2C400 2x"},"classes":[]},{"id":3267,"url":"https:\/\/www.freidenker.org\/?p=3267","url_meta":{"origin":3015,"position":4},"title":"Freidenker trauern um Hans Lutter","author":"Webredaktion","date":"1. M\u00e4rz 2009","format":false,"excerpt":"Nachruf auf Hans Lutter Mit Hans Lutter verliert der Deutsche Freidenker-Verband einen Genossen, der sich gro\u00dfe Verdienste um unseren Verband, die marxistische Religionswissenschaft und den christlich-marxistischen Dialog erworben hat. Hans Lutter war Gr\u00fcndungsmitglied des Verbandes der Freidenker der DDR und ma\u00dfgeblich an der Zusammenf\u00fchrung der Freidenker aus den alten und\u2026","rel":"","context":"In &quot;Weltliche Trauerkultur&quot;","block_context":{"text":"Weltliche Trauerkultur","link":"https:\/\/www.freidenker.org\/?cat=17"},"img":{"alt_text":"","src":"https:\/\/i0.wp.com\/www.freidenker.org\/fw17\/wp-content\/uploads\/2009\/03\/tree-3072431_800x445.jpg?fit=800%2C445&ssl=1&resize=350%2C200","width":350,"height":200,"srcset":"https:\/\/i0.wp.com\/www.freidenker.org\/fw17\/wp-content\/uploads\/2009\/03\/tree-3072431_800x445.jpg?fit=800%2C445&ssl=1&resize=350%2C200 1x, https:\/\/i0.wp.com\/www.freidenker.org\/fw17\/wp-content\/uploads\/2009\/03\/tree-3072431_800x445.jpg?fit=800%2C445&ssl=1&resize=525%2C300 1.5x, https:\/\/i0.wp.com\/www.freidenker.org\/fw17\/wp-content\/uploads\/2009\/03\/tree-3072431_800x445.jpg?fit=800%2C445&ssl=1&resize=700%2C400 2x"},"classes":[]},{"id":9871,"url":"https:\/\/www.freidenker.org\/?p=9871","url_meta":{"origin":3015,"position":5},"title":"Nachruf auf Ramsey Clark","author":"Webredaktion","date":"12. April 2021","format":false,"excerpt":"Nachruf von Vladimir Kr\u0161ljanin Ramsey Clark, Co-Vorsitzender des Internationalen Komitees \"Slobodan Milo\u0161evi\u0107\" ist am Abend des 9. April 2021 in New York im Alter von 93 Jahren verstorben. Ramsey war einer der brillantesten und ehrlichsten Amerikaner unserer Zeit, ein Mann, der das Gesicht und die Seele Amerikas rettete, indem er\u2026","rel":"","context":"In &quot;Frieden - Antifaschismus - Solidarit\u00e4t&quot;","block_context":{"text":"Frieden - Antifaschismus - Solidarit\u00e4t","link":"https:\/\/www.freidenker.org\/?cat=13"},"img":{"alt_text":"","src":"https:\/\/i0.wp.com\/www.freidenker.org\/fw17\/wp-content\/uploads\/2021\/04\/Clark_Milosevic_800x450.jpg?fit=800%2C450&ssl=1&resize=350%2C200","width":350,"height":200,"srcset":"https:\/\/i0.wp.com\/www.freidenker.org\/fw17\/wp-content\/uploads\/2021\/04\/Clark_Milosevic_800x450.jpg?fit=800%2C450&ssl=1&resize=350%2C200 1x, https:\/\/i0.wp.com\/www.freidenker.org\/fw17\/wp-content\/uploads\/2021\/04\/Clark_Milosevic_800x450.jpg?fit=800%2C450&ssl=1&resize=525%2C300 1.5x, https:\/\/i0.wp.com\/www.freidenker.org\/fw17\/wp-content\/uploads\/2021\/04\/Clark_Milosevic_800x450.jpg?fit=800%2C450&ssl=1&resize=700%2C400 2x"},"classes":[]}],"_links":{"self":[{"href":"https:\/\/www.freidenker.org\/index.php?rest_route=\/wp\/v2\/posts\/3015","targetHints":{"allow":["GET"]}}],"collection":[{"href":"https:\/\/www.freidenker.org\/index.php?rest_route=\/wp\/v2\/posts"}],"about":[{"href":"https:\/\/www.freidenker.org\/index.php?rest_route=\/wp\/v2\/types\/post"}],"author":[{"embeddable":true,"href":"https:\/\/www.freidenker.org\/index.php?rest_route=\/wp\/v2\/users\/3"}],"replies":[{"embeddable":true,"href":"https:\/\/www.freidenker.org\/index.php?rest_route=%2Fwp%2Fv2%2Fcomments&post=3015"}],"version-history":[{"count":0,"href":"https:\/\/www.freidenker.org\/index.php?rest_route=\/wp\/v2\/posts\/3015\/revisions"}],"wp:featuredmedia":[{"embeddable":true,"href":"https:\/\/www.freidenker.org\/index.php?rest_route=\/wp\/v2\/media\/4010"}],"wp:attachment":[{"href":"https:\/\/www.freidenker.org\/index.php?rest_route=%2Fwp%2Fv2%2Fmedia&parent=3015"}],"wp:term":[{"taxonomy":"category","embeddable":true,"href":"https:\/\/www.freidenker.org\/index.php?rest_route=%2Fwp%2Fv2%2Fcategories&post=3015"},{"taxonomy":"post_tag","embeddable":true,"href":"https:\/\/www.freidenker.org\/index.php?rest_route=%2Fwp%2Fv2%2Ftags&post=3015"}],"curies":[{"name":"wp","href":"https:\/\/api.w.org\/{rel}","templated":true}]}}