{"id":3010,"date":"2015-04-03T01:29:55","date_gmt":"2015-04-02T23:29:55","guid":{"rendered":"http:\/\/www.freidenker.org\/?p=3010"},"modified":"2018-02-14T21:40:40","modified_gmt":"2018-02-14T20:40:40","slug":"freidenker-brief-3-2015-8-mai-2015-70-jahre-tag-der-befreiung","status":"publish","type":"post","link":"https:\/\/www.freidenker.org\/?p=3010","title":{"rendered":"Freidenker-Brief 3-2015: 8. Mai 2015 \u2013 70 Jahre \u201eTag der Befreiung\u201c"},"content":{"rendered":"<p>Der Deutsche Freidenker-Verband ver\u00f6ffentlicht in seiner Verbandszeitschrift \u201eFreidenker\u201c Nr. 1-15 (M\u00e4rz 2015) seine Erkl\u00e4rung<\/p>\n<p style=\"text-align: center;\"><strong>\u201e70 Jahre nach der Befreiung vom Faschismus \u2013 <\/strong><br \/>\n<strong>Deutschland braucht eine grundlegend andere Au\u00dfenpolitik: Verst\u00e4ndigung statt Konfrontation\u201c<\/strong><\/p>\n<p style=\"text-align: center;\"><a href=\"https:\/\/www.freidenker.org\/?p=3012\">https:\/\/www.freidenker.org\/?p=3012<\/a><\/p>\n<p>Ferner hat der Verbandsvorstand bei seiner Tagung am 28.\/29. M\u00e4rz 2015 in Magdeburg beschlossen:<\/p>\n<ul>\n<li>Der Deutsche Freidenker-Verband unterst\u00fctzt den Aufruf des <strong>Berliner Aktionsb\u00fcndnisses<\/strong>\u00a0<strong>\u201e70 Jahre Tag der Befreiung\u201c<\/strong> zur Demonstration am 10. Mai 2015 f\u00fcr einen eindrucksvollen Abschluss der vielf\u00e4ltigen Aktivit\u00e4ten zum Jahrestag der Befreiung.<br \/>\n<a href=\"http:\/\/attacberlin.de\/startseite\/neues-detailansicht\/article\/8-mai-2015-70-jahre-tag-der-befreiung\/\" target=\"_blank\" rel=\"noopener\">http:\/\/attacberlin.de\/startseite\/neues-detailansicht\/article\/8-mai-2015-70-jahre-tag-der-befreiung\/<\/a><\/li>\n<li>Der Deutsche Freidenker-Verband unterst\u00fctzt das Zusammenwirken aller Friedenskr\u00e4fte, -organisationen und -strukturen. Wir begr\u00fc\u00dfen daher die <strong>Beschl\u00fcsse der Aktionskonferenz des \u201eFriedenswinters 2014\/15\u201c am 14. M\u00e4rz 2015 in Frankfurt am Main.<\/strong> (siehe dazu den Bericht eines beteiligten Freidenkers hier: <a href=\"http:\/\/opablog.net\/2015\/03\/15\/die-zweite-aktionskonferenz-des-friedenswinters-201415-hat-gestern-in-frankfurtm-stattgefunden\/\" target=\"_blank\" rel=\"noopener\">http:\/\/opablog.net\/2015\/03\/15\/die-zweite-aktionskonferenz-des-friedenswinters-201415-hat-gestern-in-frankfurtm-stattgefunden\/<\/a>)<\/li>\n<\/ul>\n<p>Der Deutsche Freidenker-Verband ist eine der \u00e4ltesten deutschen Friedensorganisationen. Bertha von Suttner bekannte sich als \u201e\u00fcberzeugte Freidenkerin\u201c. Wir demonstrieren und arbeiten heute mit allen zusammen, die wie wir f\u00fcr die Verwirklichung der Losung \u201eNie wieder Faschismus, nie wieder Krieg!\u201c eintreten. Das Selbstverst\u00e4ndnis der Friedensbewegung ist und bleibt antimilitaristisch, antifaschistisch und antirassistisch. \u00dcber den Mai 2015 hinaus m\u00fcssen Formen der koordinierten und solidarischen Zusammenarbeit aller Friedenskr\u00e4fte gefunden werden. Es gilt, die Trennung in \u201aalte\u2018 und \u201aneue\u2018 Friedensbewegung zu \u00fcberwinden.<\/p>\n<p>Freidenkerinnen und Freidenker begr\u00fc\u00dfen es, dass viele Menschen die ernsthafte Bedrohung des Friedens erkennen, den Konzernmedien ihr Vertrauen entziehen und erstmals f\u00fcr den Frieden auf die Stra\u00dfe gehen. Wir hei\u00dfen sie in den Reihen der Friedensbewegung willkommen, wollen unsere Erfahrungen teilen und in der Aktion gemeinsam lernen. Wir treten f\u00fcr eine Willkommenskultur statt einer Verd\u00e4chtigungskultur ein. Wir wollen Trennendes beiseiteschieben, Gemeinsamkeiten erarbeiten und gemeinsames Handeln erproben.<\/p>\n<p>Die Friedensbewegung bietet keinen Unterschlupf f\u00fcr Nazis und Rassisten, und ebenso wenig f\u00fcr \u201aantideutsche\u2018 Kriegsbef\u00fcrworter. Auf dieser Grundlage ist die Friedensbewegung nicht der Ort f\u00fcr Gesinnungstests und Kontaktverbote, f\u00fcr Inquisition und Exkommunikation. Die Friedensbewegung hat keinen Platz f\u00fcr Hahnenk\u00e4mpfe und Platzhirschgebaren, f\u00fcr personenbezogene Streitereien und Diffamierungen. Alleinvertretungsanspr\u00fcche aus den Reihen traditioneller \u201eFriedensinstitutionen\u201c leisten keinen Beitrag zum notwendigen gemeinsamen Handeln, sie leisten der Schw\u00e4chung und Spaltung der Friedensbewegung Vorschub.<\/p>\n<p>Zur aktuellen Diskussion in der Friedensbewegung gibt es den aufschlussreichen Artikel von Doris Pumphrey, einer langj\u00e4hrigen Antikriegsaktivistin, <strong>\u201eStreit in der Friedensbewegung &#8211; wie breit darf sie sein?\u201c<\/strong><br \/>\nhier: <a href=\"http:\/\/www.nordrhein-westfalen.freidenker.org\/streit-in-der-friedensbewegung-wie-breit-darf-sie-sein\/\" target=\"_blank\" rel=\"noopener\">http:\/\/www.nordrhein-westfalen.freidenker.org\/streit-in-der-friedensbewegung-wie-breit-darf-sie-sein\/<\/a><\/p>\n<p>Erfolgreich kann die Friedensbewegung nur sein, wenn sie f\u00fcr gemeinsame Ziele gemeinsam handelt. Deshalb ist die Konzentration auf die gemeinsamen Anliegen erforderlich:<\/p>\n<p style=\"text-align: center;\"><span style=\"font-size: 12pt;\"><strong>Frieden mit Russland statt Marsch in den Dritten Weltkrieg! <\/strong><\/span><br \/>\n<span style=\"font-size: 12pt;\"><strong>Deutschland raus aus der NATO, NATO raus aus Deutschland!<\/strong><\/span><\/p>\n<hr \/>\n<p>Foto: Ralf Lux: Gebinde des DFV zum 65. Jahrestag der Befreiung 2010, Ehrenmal im Treptower Park, Berlin<\/p>\n","protected":false},"excerpt":{"rendered":"<p>Der Deutsche Freidenker-Verband ver\u00f6ffentlicht in seiner Verbandszeitschrift \u201eFreidenker\u201c Nr. 1-15 (M\u00e4rz 2015) seine Erkl\u00e4rung \u201e70 Jahre nach der Befreiung vom Faschismus \u2013 Deutschland braucht eine grundlegend andere Au\u00dfenpolitik: Verst\u00e4ndigung statt Konfrontation\u201c<br \/>\nFerner hat der Verbandsvorstand beschlossen:<br \/>\n&#8211; Der Deutsche Freidenker-Verband unterst\u00fctzt den Aufruf des Berliner Aktionsb\u00fcndnisses \u201e70 Jahre Tag der Befreiung\u201c zur Demonstration am 10. Mai 2015<br \/>\n&#8211; Der Deutsche Freidenker-Verband begr\u00fc\u00dft die Beschl\u00fcsse der Aktionskonferenz des \u201eFriedenswinters 2014\/15\u201c am 14. M\u00e4rz 2015 in Frankfurt am Main. <\/p>\n","protected":false},"author":3,"featured_media":3735,"comment_status":"closed","ping_status":"closed","sticky":false,"template":"","format":"standard","meta":{"colormag_page_container_layout":"default_layout","colormag_page_sidebar_layout":"default_layout","advanced_seo_description":"","jetpack_seo_html_title":"","jetpack_seo_noindex":false,"jetpack_post_was_ever_published":false,"footnotes":""},"categories":[341,13],"tags":[43,342,687],"class_list":["post-3010","post","type-post","status-publish","format-standard","has-post-thumbnail","hentry","category-freidenker-brief","category-frieden-antifaschismus-solidaritaet","tag-friedensbewegung","tag-querfront","tag-tag-der-befreiung"],"jetpack_featured_media_url":"https:\/\/i0.wp.com\/www.freidenker.org\/fw17\/wp-content\/uploads\/2015\/04\/tdb2015_800x445.jpg?fit=800%2C445&ssl=1","jetpack_shortlink":"https:\/\/wp.me\/p9stpK-My","jetpack-related-posts":[{"id":2996,"url":"https:\/\/www.freidenker.org\/?p=2996","url_meta":{"origin":3010,"position":0},"title":"Freidenker-Brief 4-2015: Friedensbewegung in Aktion und Reflexion zum 8. Mai 2015","author":"Webredaktion","date":"20. April 2015","format":false,"excerpt":"In Solidarit\u00e4t mit allen Aktiven der Friedensbewegung wirbt der Deutsche Freidenker-Verband, eine der \u00e4ltesten deutschen Friedensorganisationen, f\u00fcr bevorstehenden Aktionen. Vor dem Hintergrund von Auseinandersetzungen innerhalb der Friedensbewegung verweist der Deutsche Freidenker-Verband auf aktuelle Texte.","rel":"","context":"In &quot;Freidenker-Brief&quot;","block_context":{"text":"Freidenker-Brief","link":"https:\/\/www.freidenker.org\/?cat=341"},"img":{"alt_text":"","src":"https:\/\/i0.wp.com\/www.freidenker.org\/fw17\/wp-content\/uploads\/2015\/04\/2015-05-10-1-30828_800x445.jpg?fit=800%2C445&ssl=1&resize=350%2C200","width":350,"height":200,"srcset":"https:\/\/i0.wp.com\/www.freidenker.org\/fw17\/wp-content\/uploads\/2015\/04\/2015-05-10-1-30828_800x445.jpg?fit=800%2C445&ssl=1&resize=350%2C200 1x, https:\/\/i0.wp.com\/www.freidenker.org\/fw17\/wp-content\/uploads\/2015\/04\/2015-05-10-1-30828_800x445.jpg?fit=800%2C445&ssl=1&resize=525%2C300 1.5x, https:\/\/i0.wp.com\/www.freidenker.org\/fw17\/wp-content\/uploads\/2015\/04\/2015-05-10-1-30828_800x445.jpg?fit=800%2C445&ssl=1&resize=700%2C400 2x"},"classes":[]},{"id":21258,"url":"https:\/\/www.freidenker.org\/?p=21258","url_meta":{"origin":3010,"position":1},"title":"FREIDENKER 1-25 \u2013 80 Jahre Befreiung vom Faschismus","author":"Webredaktion","date":"27. M\u00e4rz 2025","format":false,"excerpt":"Die Ausgabe 1-25 des Verbandsorgans FREIDENKER hat das Schwerpunkt-Thema \u201e80 Jahre Befreiung vom Faschismus - Revision?\u201c und enth\u00e4lt u.a. folgende Beitr\u00e4ge: - \u201eNie wieder\u201c \u2013 kriegst\u00fcchtig - Wolfgang Sch\u00fcrer: Der Zweite Weltkrieg - Anton Latzo: Auch in Jalta wirkten die langen Linien der Geschichte - Michael Polster \/ Arnold Sch\u00f6lzel:\u2026","rel":"","context":"In &quot;Verbandsorgan FREIDENKER&quot;","block_context":{"text":"Verbandsorgan FREIDENKER","link":"https:\/\/www.freidenker.org\/?cat=8"},"img":{"alt_text":"","src":"https:\/\/i0.wp.com\/www.freidenker.org\/fw17\/wp-content\/uploads\/2025\/03\/FD_2025-01_Titel_mR.jpg?fit=800%2C445&ssl=1&resize=350%2C200","width":350,"height":200,"srcset":"https:\/\/i0.wp.com\/www.freidenker.org\/fw17\/wp-content\/uploads\/2025\/03\/FD_2025-01_Titel_mR.jpg?fit=800%2C445&ssl=1&resize=350%2C200 1x, https:\/\/i0.wp.com\/www.freidenker.org\/fw17\/wp-content\/uploads\/2025\/03\/FD_2025-01_Titel_mR.jpg?fit=800%2C445&ssl=1&resize=525%2C300 1.5x, https:\/\/i0.wp.com\/www.freidenker.org\/fw17\/wp-content\/uploads\/2025\/03\/FD_2025-01_Titel_mR.jpg?fit=800%2C445&ssl=1&resize=700%2C400 2x"},"classes":[]},{"id":21649,"url":"https:\/\/www.freidenker.org\/?p=21649","url_meta":{"origin":3010,"position":2},"title":"Veranstaltungen: 80 Jahre Befreiung von Faschismus und Krieg","author":"Webredaktion","date":"2. Mai 2025","format":false,"excerpt":"Bis 1985 hat es in der Alt-BRD gedauert, bis der Jahrestag nicht mehr als Tag der Niederlage und der Schmach, sondernd der Befreiung galt. 2025 scheint das nicht mehr zu gelten. Dem Ende des 2. Weltkriegs wollen Bundesregierung und die EU ohne Befreier gedenken, Vertreter der Russischen F\u00f6deration und von\u2026","rel":"","context":"In &quot;Frieden - Antifaschismus - Solidarit\u00e4t&quot;","block_context":{"text":"Frieden - Antifaschismus - Solidarit\u00e4t","link":"https:\/\/www.freidenker.org\/?cat=13"},"img":{"alt_text":"","src":"https:\/\/i0.wp.com\/www.freidenker.org\/fw17\/wp-content\/uploads\/2025\/05\/Unsterbliches_Regiment_dfm_03_800x450.jpg?fit=800%2C450&ssl=1&resize=350%2C200","width":350,"height":200,"srcset":"https:\/\/i0.wp.com\/www.freidenker.org\/fw17\/wp-content\/uploads\/2025\/05\/Unsterbliches_Regiment_dfm_03_800x450.jpg?fit=800%2C450&ssl=1&resize=350%2C200 1x, https:\/\/i0.wp.com\/www.freidenker.org\/fw17\/wp-content\/uploads\/2025\/05\/Unsterbliches_Regiment_dfm_03_800x450.jpg?fit=800%2C450&ssl=1&resize=525%2C300 1.5x, https:\/\/i0.wp.com\/www.freidenker.org\/fw17\/wp-content\/uploads\/2025\/05\/Unsterbliches_Regiment_dfm_03_800x450.jpg?fit=800%2C450&ssl=1&resize=700%2C400 2x"},"classes":[]},{"id":13206,"url":"https:\/\/www.freidenker.org\/?p=13206","url_meta":{"origin":3010,"position":3},"title":"Aktionen am Tag der Befreiung und dem Tag des Sieges","author":"Webredaktion","date":"28. Mai 2022","format":false,"excerpt":"Auch in diesem Jahr wurde am 8. und 9. Mai mit Kranzniederlegungen, Gedenkkundgebungen und Demonstrationen an den Tag der Befreiung vor 77 Jahren erinnert und selbstverst\u00e4ndlich waren auch wieder viele Freidenker dabei. Wir ver\u00f6ffentlichen hier 4 Fotostrecken verschiedener Veranstaltungen in Berlin, N\u00fcrnberg, Frankfurt a.M. und Potsdam.","rel":"","context":"In &quot;Frieden - Antifaschismus - Solidarit\u00e4t&quot;","block_context":{"text":"Frieden - Antifaschismus - Solidarit\u00e4t","link":"https:\/\/www.freidenker.org\/?cat=13"},"img":{"alt_text":"","src":"https:\/\/i0.wp.com\/www.freidenker.org\/fw17\/wp-content\/uploads\/2022\/05\/9-MAI-A-scaled_800x450.jpg?fit=800%2C450&ssl=1&resize=350%2C200","width":350,"height":200,"srcset":"https:\/\/i0.wp.com\/www.freidenker.org\/fw17\/wp-content\/uploads\/2022\/05\/9-MAI-A-scaled_800x450.jpg?fit=800%2C450&ssl=1&resize=350%2C200 1x, https:\/\/i0.wp.com\/www.freidenker.org\/fw17\/wp-content\/uploads\/2022\/05\/9-MAI-A-scaled_800x450.jpg?fit=800%2C450&ssl=1&resize=525%2C300 1.5x, https:\/\/i0.wp.com\/www.freidenker.org\/fw17\/wp-content\/uploads\/2022\/05\/9-MAI-A-scaled_800x450.jpg?fit=800%2C450&ssl=1&resize=700%2C400 2x"},"classes":[]},{"id":2992,"url":"https:\/\/www.freidenker.org\/?p=2992","url_meta":{"origin":3010,"position":4},"title":"Nach 70 Jahren immer noch \u00c4rger mit der Befreiung vom Faschismus","author":"Webredaktion","date":"28. April 2015","format":false,"excerpt":"Bundeskanzlerin Merkel wird laut einem Bericht nicht an der Weltkriegsgedenkfeier in Moskau teilnehmen. Regierungssprecher Seibert dementierte, dass Merkel \u00fcber die Befreiung vom Faschismus ver\u00e4rgert sei. Er wies auch Spekulationen zur\u00fcck, die Kanzlerin wolle bei der aktuellen Mobilmachung gegen Russland nicht daran erinnert werden, wie der letzte Feldzug endete. Die Gr\u00fcnde\u2026","rel":"","context":"In &quot;Demokratie \u2013 Medien \u2013 Aufkl\u00e4rung&quot;","block_context":{"text":"Demokratie \u2013 Medien \u2013 Aufkl\u00e4rung","link":"https:\/\/www.freidenker.org\/?cat=12"},"img":{"alt_text":"","src":"https:\/\/i0.wp.com\/www.freidenker.org\/fw17\/wp-content\/uploads\/2015\/04\/merkel_parade_collage_800x445.jpg?fit=800%2C445&ssl=1&resize=350%2C200","width":350,"height":200,"srcset":"https:\/\/i0.wp.com\/www.freidenker.org\/fw17\/wp-content\/uploads\/2015\/04\/merkel_parade_collage_800x445.jpg?fit=800%2C445&ssl=1&resize=350%2C200 1x, https:\/\/i0.wp.com\/www.freidenker.org\/fw17\/wp-content\/uploads\/2015\/04\/merkel_parade_collage_800x445.jpg?fit=800%2C445&ssl=1&resize=525%2C300 1.5x, https:\/\/i0.wp.com\/www.freidenker.org\/fw17\/wp-content\/uploads\/2015\/04\/merkel_parade_collage_800x445.jpg?fit=800%2C445&ssl=1&resize=700%2C400 2x"},"classes":[]},{"id":821,"url":"https:\/\/www.freidenker.org\/?p=821","url_meta":{"origin":3010,"position":5},"title":"FREIDENKER 1-15 &#8211; 70 Jahre Befreiung von Faschismus und Krieg","author":"Webmaster","date":"16. M\u00e4rz 2015","format":false,"excerpt":"Die Ausgabe 1-15 des Verbandsorgans FREIDENKER hat das Schwerpunkt-Thema \u201e70 Jahre Befreiung von Faschismus und Krieg - Nie wieder Faschismus - Nie wieder Krieg\u201c und enth\u00e4lt u.a folgende Beitr\u00e4ge: - Prof. Dr. Anton Latzo: Der Sieg \u00fcber den Faschismus ist eine Tat der Befreiung - Emil Carlebach: Lasst nicht nach\u2026","rel":"","context":"In &quot;Verbandsorgan FREIDENKER&quot;","block_context":{"text":"Verbandsorgan FREIDENKER","link":"https:\/\/www.freidenker.org\/?cat=8"},"img":{"alt_text":"","src":"https:\/\/i0.wp.com\/www.freidenker.org\/fw17\/wp-content\/uploads\/2017\/12\/FD_2015-01_Titel_mR.jpg?fit=800%2C445&ssl=1&resize=350%2C200","width":350,"height":200,"srcset":"https:\/\/i0.wp.com\/www.freidenker.org\/fw17\/wp-content\/uploads\/2017\/12\/FD_2015-01_Titel_mR.jpg?fit=800%2C445&ssl=1&resize=350%2C200 1x, https:\/\/i0.wp.com\/www.freidenker.org\/fw17\/wp-content\/uploads\/2017\/12\/FD_2015-01_Titel_mR.jpg?fit=800%2C445&ssl=1&resize=525%2C300 1.5x, https:\/\/i0.wp.com\/www.freidenker.org\/fw17\/wp-content\/uploads\/2017\/12\/FD_2015-01_Titel_mR.jpg?fit=800%2C445&ssl=1&resize=700%2C400 2x"},"classes":[]}],"_links":{"self":[{"href":"https:\/\/www.freidenker.org\/index.php?rest_route=\/wp\/v2\/posts\/3010","targetHints":{"allow":["GET"]}}],"collection":[{"href":"https:\/\/www.freidenker.org\/index.php?rest_route=\/wp\/v2\/posts"}],"about":[{"href":"https:\/\/www.freidenker.org\/index.php?rest_route=\/wp\/v2\/types\/post"}],"author":[{"embeddable":true,"href":"https:\/\/www.freidenker.org\/index.php?rest_route=\/wp\/v2\/users\/3"}],"replies":[{"embeddable":true,"href":"https:\/\/www.freidenker.org\/index.php?rest_route=%2Fwp%2Fv2%2Fcomments&post=3010"}],"version-history":[{"count":0,"href":"https:\/\/www.freidenker.org\/index.php?rest_route=\/wp\/v2\/posts\/3010\/revisions"}],"wp:featuredmedia":[{"embeddable":true,"href":"https:\/\/www.freidenker.org\/index.php?rest_route=\/wp\/v2\/media\/3735"}],"wp:attachment":[{"href":"https:\/\/www.freidenker.org\/index.php?rest_route=%2Fwp%2Fv2%2Fmedia&parent=3010"}],"wp:term":[{"taxonomy":"category","embeddable":true,"href":"https:\/\/www.freidenker.org\/index.php?rest_route=%2Fwp%2Fv2%2Fcategories&post=3010"},{"taxonomy":"post_tag","embeddable":true,"href":"https:\/\/www.freidenker.org\/index.php?rest_route=%2Fwp%2Fv2%2Ftags&post=3010"}],"curies":[{"name":"wp","href":"https:\/\/api.w.org\/{rel}","templated":true}]}}