{"id":3008,"date":"2015-04-19T01:26:32","date_gmt":"2015-04-18T23:26:32","guid":{"rendered":"http:\/\/www.freidenker.org\/?p=3008"},"modified":"2018-02-14T21:39:16","modified_gmt":"2018-02-14T20:39:16","slug":"erklaerung-der-gbm-zum-60-jahrestag-des-beitritts-der-bundesrepublik-zur-nato","status":"publish","type":"post","link":"https:\/\/www.freidenker.org\/?p=3008","title":{"rendered":"Erkl\u00e4rung der GBM zum 60. Jahrestag des Beitritts der Bundesrepublik zur NATO"},"content":{"rendered":"<p>Die Bundeswehr feiert am 9. Mai im Palais am Funkturm den 60. Jahrestag des NATO-Beitritts der Bundesrepublik mit einem Ball.<\/p>\n<p>In der Wahl dieses Termins spiegelt sich die geschichtsrevisionistische Wende der Bundesregierung wider, die es ablehnt, eigene Aktivit\u00e4ten zum 70. Jahrestag der Befreiung Deutschlands und Europas vom Faschismus zu organisieren und durchzuf\u00fchren. Es ist gleichzeitig eine Provokation an die Adresse der Antihitlerkoalition, insbesondere an Russland,\u00a0 eine solche Veranstaltung am 9. Mai, dem Tag des Sieges durchzuf\u00fchren. Das ist gleichzeitig eine Verh\u00f6hnung der Opfer dieses antifaschistischen Befreiungskrieges.<\/p>\n<p>Die Bundesregierung schweigt\u00a0\u00a0 zu Versuchen von Politikern, den faschistischen Vernichtungsfeldzug\u00a0 Nazideutschlands in eine sowjetische \u00bbInvasion\u00ab umzudeuten und zu Ehrungen von Nazikollaborateuren im Baltikum und in der Ukraine.<br \/>\nDiese Politik der Bundesregierung fordert\u00a0 alle friedliebenden Menschen unseres Landes heraus,\u00a0\u00a0 f\u00fcr die Beendigung der Auslandseins\u00e4tze der Bundeswehr, f\u00fcr\u00a0 die Einstellung aller Waffenexporte, f\u00fcr die Entfernung der US- Atomwaffen von deutschem Boden und weiter f\u00fcr eine friedliche L\u00f6sung des Ukraine-Konflikts einzutreten.<\/p>\n<p>Ein Blick zur\u00fcck:<br \/>\nMit der Ratifizierung der Pariser Vertr\u00e4ge erlangte die BRD im Jahre 1955\u00a0 \u201edie volle Macht eines souver\u00e4nen Staates \u00fcber ihre inneren und \u00e4u\u00dferen Angelegenheiten&#8220; (Pariser Vertr\u00e4ge).\u00a0 Der Beitritt der Bundesrepublik zur NATO im Mai 1955\u00a0 festigte die politische und milit\u00e4rische\u00a0 Bindung an die Strategien der Westm\u00e4chte, insbesondere der F\u00fchrungsmacht USA.<br \/>\nVon einem angeblichen \u201eVerteidigungsb\u00fcndnis\u201c\u00a0 \u00fcber \u201eSicherheit durch milit\u00e4rische\u00a0 Abschreckung\u201c (Pariser Vertr\u00e4ge)\u00a0 entwickelte sich die NATO und in deren Verbund die Bundeswehr zu einem aggressiven, \u00fcberall in der Welt agierenden Globalplayer. NATO bedeutet Globalisierung des milit\u00e4rischen Interventionismus, bedeutet Krieg als Mittel einer menschenfeindlichen Politik sowie die weltweite F\u00fchrung des US-Imperialismus und einer deutschen Teilhabe daran.<br \/>\nDer ehemalige NATO-Generalsekret\u00e4r\u00a0 Jaap de Hoop Scheffer machte das\u00a0 in seiner Rede anl\u00e4sslich des 50. Jahrestages des deutschen NATO-Beitritts am 11. Mai 2005\u00a0 deutlich: \u201e Kein Staat kann es sich deshalb heute noch erlauben, Streitkr\u00e4fte zu unterhalten, die alleine der Territorialverteidigung dienen. Wir brauchen Streitkr\u00e4fte, die schnell reagieren und \u00fcber gro\u00dfe Entfernungen hinweg zum Einsatz gebracht werden k\u00f6nnen. Wir brauchen Soldaten, die das gesamte Spektrum vom Kampfeinsatz bis zu Friedenserhaltung abdecken k\u00f6nnen. Und wir brauchen Streitkr\u00e4ftestrukturen, die so beschaffen sind, dass mehr Soldaten f\u00fcr Auslandsmissionen bereitgestellt werden k\u00f6nnen\u201c. Und er betonte:\u00a0 \u201eDie neu aufgestellte Bundeswehr war von Anfang an eine klassische \u201eNATO-Armee\u201c. Dass dieses Konzept konsequent verfolgt wurde, hat sie seit dem Anschluss der DDR und dem Ende des Sozialismus in Europa als NATO-Mitglied unter Beweis gestellt. Sie tr\u00e4gt als Interventionsstreitmacht die Weltordnungskriege des US-Imperialismus mit, sei es\u00a0 im direkten Fronteinsatz, im Aufkl\u00e4rungsdienst f\u00fcr US-amerikanische Bomben- und Drohneneins\u00e4tze oder als wichtiger Logistik-Dienstleister. In diesem Sinne agiert die Bundeswehr auch im Rahmen der als NATO-Osterweiterung firmierten Einkreisung Russlands.\u00a0 Als \u201eSpeerspitze\u201c in neu angelegten St\u00fctzpunkten in Grenzn\u00e4he zu Russland soll und will sie nun \u201eF\u00fchrungsqualit\u00e4ten\u201c im NATO-B\u00fcndnis beweisen. F\u00fcr immer mehr Menschen bedeuten NATO und Bundeswehr Unfrieden, Destabilisierung ganzer Regionen und die R\u00fcckkehr des Krieges nach Europa &#8211; so mit der Bombardierung Jugoslawiens, mit dem in der Ukraine erzwungenen Regime Change und der Umwandlung des Landes in einen Frontstaat gegen Russland.<\/p>\n<p><strong>Wir protestieren ganz entschieden dagegen, dass der 9. Mai von der Bundeswehr im Verbund mit der NATO missbraucht wird.<\/strong><br \/>\n<strong>Wir blasen ihr f\u00fcr diese Provokation den Marsch.<\/strong><\/p>\n<hr \/>\n<p>Foto: \u00a9 arbeiterfotografie.com<\/p>\n","protected":false},"excerpt":{"rendered":"<p>Die Bundeswehr feiert am 9. Mai im Palais am Funkturm den 60. Jahrestag des NATO-Beitritts der Bundesrepublik mit einem Ball. In der Wahl dieses Termins spiegelt sich die geschichtsrevisionistische Wende der Bundesregierung wider, die es ablehnt, eigene Aktivit\u00e4ten zum 70. Jahrestag der Befreiung Deutschlands und Europas vom Faschismus zu organisieren und durchzuf\u00fchren. Es ist gleichzeitig eine Provokation an die Adresse der Antihitlerkoalition, insbesondere an Russland,  eine solche Veranstaltung am 9. Mai, dem Tag des Sieges durchzuf\u00fchren.<\/p>\n","protected":false},"author":3,"featured_media":3728,"comment_status":"closed","ping_status":"closed","sticky":false,"template":"","format":"standard","meta":{"colormag_page_container_layout":"default_layout","colormag_page_sidebar_layout":"default_layout","advanced_seo_description":"","jetpack_seo_html_title":"","jetpack_seo_noindex":false,"jetpack_post_was_ever_published":false,"footnotes":""},"categories":[13],"tags":[688,689,56,687],"class_list":["post-3008","post","type-post","status-publish","format-standard","has-post-thumbnail","hentry","category-frieden-antifaschismus-solidaritaet","tag-bundeswehr","tag-gbm","tag-nato","tag-tag-der-befreiung"],"jetpack_featured_media_url":"https:\/\/i0.wp.com\/www.freidenker.org\/fw17\/wp-content\/uploads\/2015\/04\/2015-05-09-rt-6912_800x445.jpg?fit=800%2C445&ssl=1","jetpack_shortlink":"https:\/\/wp.me\/p9stpK-Mw","jetpack-related-posts":[{"id":2996,"url":"https:\/\/www.freidenker.org\/?p=2996","url_meta":{"origin":3008,"position":0},"title":"Freidenker-Brief 4-2015: Friedensbewegung in Aktion und Reflexion zum 8. Mai 2015","author":"Webredaktion","date":"20. April 2015","format":false,"excerpt":"In Solidarit\u00e4t mit allen Aktiven der Friedensbewegung wirbt der Deutsche Freidenker-Verband, eine der \u00e4ltesten deutschen Friedensorganisationen, f\u00fcr bevorstehenden Aktionen. Vor dem Hintergrund von Auseinandersetzungen innerhalb der Friedensbewegung verweist der Deutsche Freidenker-Verband auf aktuelle Texte.","rel":"","context":"In &quot;Freidenker-Brief&quot;","block_context":{"text":"Freidenker-Brief","link":"https:\/\/www.freidenker.org\/?cat=341"},"img":{"alt_text":"","src":"https:\/\/i0.wp.com\/www.freidenker.org\/fw17\/wp-content\/uploads\/2015\/04\/2015-05-10-1-30828_800x445.jpg?fit=800%2C445&ssl=1&resize=350%2C200","width":350,"height":200,"srcset":"https:\/\/i0.wp.com\/www.freidenker.org\/fw17\/wp-content\/uploads\/2015\/04\/2015-05-10-1-30828_800x445.jpg?fit=800%2C445&ssl=1&resize=350%2C200 1x, https:\/\/i0.wp.com\/www.freidenker.org\/fw17\/wp-content\/uploads\/2015\/04\/2015-05-10-1-30828_800x445.jpg?fit=800%2C445&ssl=1&resize=525%2C300 1.5x, https:\/\/i0.wp.com\/www.freidenker.org\/fw17\/wp-content\/uploads\/2015\/04\/2015-05-10-1-30828_800x445.jpg?fit=800%2C445&ssl=1&resize=700%2C400 2x"},"classes":[]},{"id":2992,"url":"https:\/\/www.freidenker.org\/?p=2992","url_meta":{"origin":3008,"position":1},"title":"Nach 70 Jahren immer noch \u00c4rger mit der Befreiung vom Faschismus","author":"Webredaktion","date":"28. April 2015","format":false,"excerpt":"Bundeskanzlerin Merkel wird laut einem Bericht nicht an der Weltkriegsgedenkfeier in Moskau teilnehmen. Regierungssprecher Seibert dementierte, dass Merkel \u00fcber die Befreiung vom Faschismus ver\u00e4rgert sei. Er wies auch Spekulationen zur\u00fcck, die Kanzlerin wolle bei der aktuellen Mobilmachung gegen Russland nicht daran erinnert werden, wie der letzte Feldzug endete. Die Gr\u00fcnde\u2026","rel":"","context":"In &quot;Demokratie \u2013 Medien \u2013 Aufkl\u00e4rung&quot;","block_context":{"text":"Demokratie \u2013 Medien \u2013 Aufkl\u00e4rung","link":"https:\/\/www.freidenker.org\/?cat=12"},"img":{"alt_text":"","src":"https:\/\/i0.wp.com\/www.freidenker.org\/fw17\/wp-content\/uploads\/2015\/04\/merkel_parade_collage_800x445.jpg?fit=800%2C445&ssl=1&resize=350%2C200","width":350,"height":200,"srcset":"https:\/\/i0.wp.com\/www.freidenker.org\/fw17\/wp-content\/uploads\/2015\/04\/merkel_parade_collage_800x445.jpg?fit=800%2C445&ssl=1&resize=350%2C200 1x, https:\/\/i0.wp.com\/www.freidenker.org\/fw17\/wp-content\/uploads\/2015\/04\/merkel_parade_collage_800x445.jpg?fit=800%2C445&ssl=1&resize=525%2C300 1.5x, https:\/\/i0.wp.com\/www.freidenker.org\/fw17\/wp-content\/uploads\/2015\/04\/merkel_parade_collage_800x445.jpg?fit=800%2C445&ssl=1&resize=700%2C400 2x"},"classes":[]},{"id":6392,"url":"https:\/\/www.freidenker.org\/?p=6392","url_meta":{"origin":3008,"position":2},"title":"Am 9. Mai: Dank den Sowjetsoldaten!","author":"Webredaktion","date":"14. Mai 2019","format":false,"excerpt":"Ansprache von Klaus Hartmann, Bundesvorsitzender des Deutschen Freidenker-Verbandes,\u00a0 am 9. Mai 2019 auf dem Hauptfriedhof Frankfurt am Main Unsere Trauer um die Opfer, um die Gefallenen, um die Ermordeten, bedeutet einerseits ehrendes Gedenken, aber es ist zugleich Mahnung: Nie wieder Faschismus, nie wieder Krieg! Diese Mahnung bedeutet zuerst, nicht zuzulassen,\u2026","rel":"","context":"In &quot;Frieden - Antifaschismus - Solidarit\u00e4t&quot;","block_context":{"text":"Frieden - Antifaschismus - Solidarit\u00e4t","link":"https:\/\/www.freidenker.org\/?cat=13"},"img":{"alt_text":"","src":"https:\/\/i0.wp.com\/www.freidenker.org\/fw17\/wp-content\/uploads\/2019\/05\/190509-Tag-des-Sieges-2019-Gelbwesten_800x445.jpg?fit=800%2C445&ssl=1&resize=350%2C200","width":350,"height":200,"srcset":"https:\/\/i0.wp.com\/www.freidenker.org\/fw17\/wp-content\/uploads\/2019\/05\/190509-Tag-des-Sieges-2019-Gelbwesten_800x445.jpg?fit=800%2C445&ssl=1&resize=350%2C200 1x, https:\/\/i0.wp.com\/www.freidenker.org\/fw17\/wp-content\/uploads\/2019\/05\/190509-Tag-des-Sieges-2019-Gelbwesten_800x445.jpg?fit=800%2C445&ssl=1&resize=525%2C300 1.5x, https:\/\/i0.wp.com\/www.freidenker.org\/fw17\/wp-content\/uploads\/2019\/05\/190509-Tag-des-Sieges-2019-Gelbwesten_800x445.jpg?fit=800%2C445&ssl=1&resize=700%2C400 2x"},"classes":[]},{"id":21649,"url":"https:\/\/www.freidenker.org\/?p=21649","url_meta":{"origin":3008,"position":3},"title":"Veranstaltungen: 80 Jahre Befreiung von Faschismus und Krieg","author":"Webredaktion","date":"2. Mai 2025","format":false,"excerpt":"Bis 1985 hat es in der Alt-BRD gedauert, bis der Jahrestag nicht mehr als Tag der Niederlage und der Schmach, sondernd der Befreiung galt. 2025 scheint das nicht mehr zu gelten. Dem Ende des 2. Weltkriegs wollen Bundesregierung und die EU ohne Befreier gedenken, Vertreter der Russischen F\u00f6deration und von\u2026","rel":"","context":"In &quot;Frieden - Antifaschismus - Solidarit\u00e4t&quot;","block_context":{"text":"Frieden - Antifaschismus - Solidarit\u00e4t","link":"https:\/\/www.freidenker.org\/?cat=13"},"img":{"alt_text":"","src":"https:\/\/i0.wp.com\/www.freidenker.org\/fw17\/wp-content\/uploads\/2025\/05\/Unsterbliches_Regiment_dfm_03_800x450.jpg?fit=800%2C450&ssl=1&resize=350%2C200","width":350,"height":200,"srcset":"https:\/\/i0.wp.com\/www.freidenker.org\/fw17\/wp-content\/uploads\/2025\/05\/Unsterbliches_Regiment_dfm_03_800x450.jpg?fit=800%2C450&ssl=1&resize=350%2C200 1x, https:\/\/i0.wp.com\/www.freidenker.org\/fw17\/wp-content\/uploads\/2025\/05\/Unsterbliches_Regiment_dfm_03_800x450.jpg?fit=800%2C450&ssl=1&resize=525%2C300 1.5x, https:\/\/i0.wp.com\/www.freidenker.org\/fw17\/wp-content\/uploads\/2025\/05\/Unsterbliches_Regiment_dfm_03_800x450.jpg?fit=800%2C450&ssl=1&resize=700%2C400 2x"},"classes":[]},{"id":7549,"url":"https:\/\/www.freidenker.org\/?p=7549","url_meta":{"origin":3008,"position":4},"title":"Kein Pakt mit Faschisten","author":"Webredaktion","date":"14. Februar 2020","format":false,"excerpt":"...auch nicht in der Ukraine, in Litauen, in Venezuela ! Neuer Flyer des Deutschen Freidenker-Verbandes Einen Bruch hat der Februar 2020 jedenfalls bewirkt: es wird wieder von Faschisten ge\u00adsprochen, nachdem das Verbrechersystem in Deutschland jahrzehntelang nur \u201eNational\u00adsozialismus\u201c genannt werden durfte. Emp\u00f6rung \u00fcber die R\u00e4nke mit der AfD ist wohlgelitten, unversehens\u2026","rel":"","context":"In &quot;Frieden - Antifaschismus - Solidarit\u00e4t&quot;","block_context":{"text":"Frieden - Antifaschismus - Solidarit\u00e4t","link":"https:\/\/www.freidenker.org\/?cat=13"},"img":{"alt_text":"","src":"https:\/\/i0.wp.com\/www.freidenker.org\/fw17\/wp-content\/uploads\/2020\/02\/kein_pakt.jpg?fit=800%2C445&ssl=1&resize=350%2C200","width":350,"height":200,"srcset":"https:\/\/i0.wp.com\/www.freidenker.org\/fw17\/wp-content\/uploads\/2020\/02\/kein_pakt.jpg?fit=800%2C445&ssl=1&resize=350%2C200 1x, https:\/\/i0.wp.com\/www.freidenker.org\/fw17\/wp-content\/uploads\/2020\/02\/kein_pakt.jpg?fit=800%2C445&ssl=1&resize=525%2C300 1.5x, https:\/\/i0.wp.com\/www.freidenker.org\/fw17\/wp-content\/uploads\/2020\/02\/kein_pakt.jpg?fit=800%2C445&ssl=1&resize=700%2C400 2x"},"classes":[]},{"id":19086,"url":"https:\/\/www.freidenker.org\/?p=19086","url_meta":{"origin":3008,"position":5},"title":"Befreiung vom Faschismus und Tag des Sieges 2024","author":"Webredaktion","date":"18. Mai 2024","format":false,"excerpt":"Zum Tag des Sieges \/ Tag der Befreiung fanden zahlreiche Veranstaltungen statt, an denen vielerorts auch Freidenker beteiligt waren. Wir berichten hier von den Veranstaltungen in Frankfurt am Main am 05. und 09. Mai, Offenbach am 08. Mai und Berlin am 09. Mai 2024. 05.05.2024 \u2013 Marsch des unsterblichen Regiments\u2026","rel":"","context":"In &quot;Demokratie \u2013 Medien \u2013 Aufkl\u00e4rung&quot;","block_context":{"text":"Demokratie \u2013 Medien \u2013 Aufkl\u00e4rung","link":"https:\/\/www.freidenker.org\/?cat=12"},"img":{"alt_text":"","src":"https:\/\/i0.wp.com\/www.freidenker.org\/fw17\/wp-content\/uploads\/2024\/05\/Hartmann_Tag_des_Sieges_FaM_2024_800x450.jpg?fit=800%2C450&ssl=1&resize=350%2C200","width":350,"height":200,"srcset":"https:\/\/i0.wp.com\/www.freidenker.org\/fw17\/wp-content\/uploads\/2024\/05\/Hartmann_Tag_des_Sieges_FaM_2024_800x450.jpg?fit=800%2C450&ssl=1&resize=350%2C200 1x, https:\/\/i0.wp.com\/www.freidenker.org\/fw17\/wp-content\/uploads\/2024\/05\/Hartmann_Tag_des_Sieges_FaM_2024_800x450.jpg?fit=800%2C450&ssl=1&resize=525%2C300 1.5x, https:\/\/i0.wp.com\/www.freidenker.org\/fw17\/wp-content\/uploads\/2024\/05\/Hartmann_Tag_des_Sieges_FaM_2024_800x450.jpg?fit=800%2C450&ssl=1&resize=700%2C400 2x"},"classes":[]}],"_links":{"self":[{"href":"https:\/\/www.freidenker.org\/index.php?rest_route=\/wp\/v2\/posts\/3008","targetHints":{"allow":["GET"]}}],"collection":[{"href":"https:\/\/www.freidenker.org\/index.php?rest_route=\/wp\/v2\/posts"}],"about":[{"href":"https:\/\/www.freidenker.org\/index.php?rest_route=\/wp\/v2\/types\/post"}],"author":[{"embeddable":true,"href":"https:\/\/www.freidenker.org\/index.php?rest_route=\/wp\/v2\/users\/3"}],"replies":[{"embeddable":true,"href":"https:\/\/www.freidenker.org\/index.php?rest_route=%2Fwp%2Fv2%2Fcomments&post=3008"}],"version-history":[{"count":0,"href":"https:\/\/www.freidenker.org\/index.php?rest_route=\/wp\/v2\/posts\/3008\/revisions"}],"wp:featuredmedia":[{"embeddable":true,"href":"https:\/\/www.freidenker.org\/index.php?rest_route=\/wp\/v2\/media\/3728"}],"wp:attachment":[{"href":"https:\/\/www.freidenker.org\/index.php?rest_route=%2Fwp%2Fv2%2Fmedia&parent=3008"}],"wp:term":[{"taxonomy":"category","embeddable":true,"href":"https:\/\/www.freidenker.org\/index.php?rest_route=%2Fwp%2Fv2%2Fcategories&post=3008"},{"taxonomy":"post_tag","embeddable":true,"href":"https:\/\/www.freidenker.org\/index.php?rest_route=%2Fwp%2Fv2%2Ftags&post=3008"}],"curies":[{"name":"wp","href":"https:\/\/api.w.org\/{rel}","templated":true}]}}