{"id":2992,"date":"2015-04-28T00:48:10","date_gmt":"2015-04-27T22:48:10","guid":{"rendered":"http:\/\/www.freidenker.org\/?p=2992"},"modified":"2020-06-26T02:12:16","modified_gmt":"2020-06-26T00:12:16","slug":"nach-70-jahren-immer-noch-aerger-mit-der-befreiung-vom-faschismus","status":"publish","type":"post","link":"https:\/\/www.freidenker.org\/?p=2992","title":{"rendered":"Nach 70 Jahren immer noch \u00c4rger mit der Befreiung vom Faschismus"},"content":{"rendered":"<p><img data-recalc-dims=\"1\" loading=\"lazy\" decoding=\"async\" data-attachment-id=\"2993\" data-permalink=\"https:\/\/www.freidenker.org\/?attachment_id=2993\" data-orig-file=\"https:\/\/i0.wp.com\/www.freidenker.org\/fw17\/wp-content\/uploads\/2017\/12\/merkel_moskau.png?fit=538%2C782&amp;ssl=1\" data-orig-size=\"538,782\" data-comments-opened=\"0\" data-image-meta=\"{&quot;aperture&quot;:&quot;0&quot;,&quot;credit&quot;:&quot;&quot;,&quot;camera&quot;:&quot;&quot;,&quot;caption&quot;:&quot;&quot;,&quot;created_timestamp&quot;:&quot;0&quot;,&quot;copyright&quot;:&quot;&quot;,&quot;focal_length&quot;:&quot;0&quot;,&quot;iso&quot;:&quot;0&quot;,&quot;shutter_speed&quot;:&quot;0&quot;,&quot;title&quot;:&quot;&quot;,&quot;orientation&quot;:&quot;0&quot;}\" data-image-title=\"merkel_moskau\" data-image-description=\"\" data-image-caption=\"\" data-large-file=\"https:\/\/i0.wp.com\/www.freidenker.org\/fw17\/wp-content\/uploads\/2017\/12\/merkel_moskau.png?fit=538%2C782&amp;ssl=1\" class=\"alignnone wp-image-2993 size-full\" src=\"https:\/\/i0.wp.com\/www.freidenker.org\/fw17\/wp-content\/uploads\/2017\/12\/merkel_moskau.png?resize=538%2C782&#038;ssl=1\" alt=\"\" width=\"538\" height=\"782\" srcset=\"https:\/\/i0.wp.com\/www.freidenker.org\/fw17\/wp-content\/uploads\/2017\/12\/merkel_moskau.png?w=538&amp;ssl=1 538w, https:\/\/i0.wp.com\/www.freidenker.org\/fw17\/wp-content\/uploads\/2017\/12\/merkel_moskau.png?resize=206%2C300&amp;ssl=1 206w\" sizes=\"auto, (max-width: 538px) 100vw, 538px\" \/><\/p>\n<p><a title=\"Hyperlink zur Webseite von Spiegel Online\" href=\"http:\/\/www.spiegel.de\/politik\/ausland\/ukraine-krise-merkel-sagt-teilnahme-an-militaerparade-ab-a-1022923.html#ref=plista\" target=\"_blank\" rel=\"noopener noreferrer\">http:\/\/www.spiegel.de\/politik\/ausland\/ukraine-krise-merkel-sagt-teilnahme-an-militaerparade-ab-a-1022923.html#ref=plista<\/a><\/p>\n<p>(Presseschau, dezent ver\u00e4ndert und erg\u00e4nzt*)<\/p>\n<p><span style=\"font-size: 12pt;\"><strong>Keine passende Uniform: Merkel sagt Teilnahme an Milit\u00e4rparade in Moskau ab<\/strong><\/span><\/p>\n<p><strong>Bundeskanzlerin Merkel wird laut einem Bericht nicht an der Weltkriegsgedenkfeier in Moskau teilnehmen.<\/strong><\/p>\n<p>Regierungssprecher Seibert dementierte, dass Merkel \u00fcber die Befreiung vom Faschismus ver\u00e4rgert sei. Er wies auch Spekulationen zur\u00fcck, die Kanzlerin wolle bei der aktuellen Mobilmachung gegen Russland nicht daran erinnert werden, wie der letzte Feldzug endete. Die Gr\u00fcnde f\u00fcr die Absage seien viel banaler, eigentlich \u201etypisch weiblich: sie hat nichts anzuziehen\u201c.<br \/>\nWie aus gew\u00f6hnlich gut unterrichteten Kreisen verlautete, haben die Gastgeber ihre beabsichtigte Garderobe abgelehnt. Ihr Kompromissvorschlag: Sie reist einen Tag sp\u00e4ter an \u2013 in Zivilkleidung.<\/p>\n<p>Im Gegenzug verweigert die Bundesregierung russischen Bikern die Einreise, die am 9. Mai in Berlin am Treptower Ehrenmal des Sieges der Sowjetarmee gedenken wollten: &#8222;Wir glauben nicht, dass der Korso dem Ziel dient, einen Beitrag zur St\u00e4rkung der deutsch-russischen Beziehungen zu leisten.&#8220; Den leistet die Bundesregierung mit der Ausrichtung eines \u201eBalls des Heeres\u201c am selben Tag in Berlin. Ein T\u00e4nzchen zum 60. Jahrestag des NATO-Beitritts soll die Schmach der Kapitulation 1945 vergessen machen; Merkels Kost\u00fcmwahl ist noch nicht bekannt.<\/p>\n<p>Urspr\u00fcnglich wollte Merkel das Outfit ihres Finanzministers ausleihen, mit dem er k\u00fcrzlich in Athen Aufsehen erregte: &#8230; <a title=\"Hyperlink zum PDF-Dokument\" href=\"https:\/\/www.freidenker.org\/fw17\/wp-content\/uploads\/2017\/12\/150509-merkelmoskau.pdf\" target=\"_blank\" rel=\"noopener noreferrer\"><strong>Lest hier weiter<\/strong><\/a> ( <img data-recalc-dims=\"1\" loading=\"lazy\" decoding=\"async\" data-attachment-id=\"1072\" data-permalink=\"https:\/\/www.freidenker.org\/?attachment_id=1072\" data-orig-file=\"https:\/\/i0.wp.com\/www.freidenker.org\/fw17\/wp-content\/uploads\/2017\/10\/pdf_icon-e1509487447542.png?fit=16%2C16&amp;ssl=1\" data-orig-size=\"16,16\" data-comments-opened=\"0\" data-image-meta=\"{&quot;aperture&quot;:&quot;0&quot;,&quot;credit&quot;:&quot;&quot;,&quot;camera&quot;:&quot;&quot;,&quot;caption&quot;:&quot;&quot;,&quot;created_timestamp&quot;:&quot;0&quot;,&quot;copyright&quot;:&quot;&quot;,&quot;focal_length&quot;:&quot;0&quot;,&quot;iso&quot;:&quot;0&quot;,&quot;shutter_speed&quot;:&quot;0&quot;,&quot;title&quot;:&quot;&quot;,&quot;orientation&quot;:&quot;0&quot;}\" data-image-title=\"pdf_icon_16\" data-image-description=\"\" data-image-caption=\"\" data-large-file=\"https:\/\/i0.wp.com\/www.freidenker.org\/fw17\/wp-content\/uploads\/2017\/10\/pdf_icon-e1509487447542.png?fit=16%2C16&amp;ssl=1\" class=\"alignnone size-full wp-image-1072\" src=\"https:\/\/i0.wp.com\/www.freidenker.org\/fw17\/wp-content\/uploads\/2017\/10\/pdf_icon-e1509487447542.png?resize=16%2C16&#038;ssl=1\" alt=\"\" width=\"16\" height=\"16\" \/> PDF-Dokument, ca. 480KB).<\/p>\n<p><em>* by Deutscher Freidenker Freidenker Verband e.V., Verbandsvorstand<\/em><\/p>\n<hr \/>\n<p>Collage oben: rlx<\/p>\n<p>Ausgangsbilder:<br \/>\nParade zum 70. Jahrestag des Sieges: may9.ru \/ Quelle: https:\/\/commons.wikimedia.org\/wiki\/File:2015_Moscow_Victory_Day_Parade_-_01.jpg<br \/>\nAngela Merkel:\u00a0 hafteh7 \/ Quelle: https:\/\/pixabay.com\/de\/merkel-angela-angela-merkel-1882206\/<\/p>\n","protected":false},"excerpt":{"rendered":"<p>Bundeskanzlerin Merkel wird laut einem Bericht nicht an der Weltkriegsgedenkfeier in Moskau teilnehmen. Regierungssprecher Seibert dementierte, dass Merkel \u00fcber die Befreiung vom Faschismus ver\u00e4rgert sei. Er wies auch Spekulationen zur\u00fcck, die Kanzlerin wolle bei der aktuellen Mobilmachung gegen Russland nicht daran erinnert werden, wie der letzte Feldzug endete. Die Gr\u00fcnde f\u00fcr die Absage seien viel banaler, eigentlich \u201etypisch weiblich: sie hat nichts anzuziehen\u201c. Wie aus gew\u00f6hnlich gut unterrichteten Kreisen verlautete, haben die Gastgeber ihre beabsichtigte Garderobe abgelehnt. Ihr Kompromissvorschlag: Sie reist einen Tag sp\u00e4ter an \u2013 in Zivilkleidung.<\/p>\n","protected":false},"author":3,"featured_media":3724,"comment_status":"closed","ping_status":"closed","sticky":false,"template":"","format":"standard","meta":{"colormag_page_container_layout":"default_layout","colormag_page_sidebar_layout":"default_layout","advanced_seo_description":"","jetpack_seo_html_title":"","jetpack_seo_noindex":false,"jetpack_post_was_ever_published":false,"footnotes":""},"categories":[12],"tags":[682,613,684,685,222,687],"class_list":["post-2992","post","type-post","status-publish","format-standard","has-post-thumbnail","hentry","category-demokratie-medien-aufklaerung","tag-angela-merkel","tag-befreiung-vom-faschismus","tag-militaerparade","tag-moskau","tag-russland","tag-tag-der-befreiung"],"jetpack_featured_media_url":"https:\/\/i0.wp.com\/www.freidenker.org\/fw17\/wp-content\/uploads\/2015\/04\/merkel_parade_collage_800x445.jpg?fit=800%2C445&ssl=1","jetpack_shortlink":"https:\/\/wp.me\/p9stpK-Mg","jetpack-related-posts":[{"id":10239,"url":"https:\/\/www.freidenker.org\/?p=10239","url_meta":{"origin":2992,"position":0},"title":"Linken-Politiker zum Tag des Sieges: Die Gr\u00fcnen als Trauma der deutsch-russischen Beziehungen","author":"Webredaktion","date":"10. Mai 2021","format":false,"excerpt":"Bericht von RT Deutsch Der 9. Mai ist der \"Tag des Sieges\" in Russland und einer der wichtigsten Feiertage der heutigen Russischen F\u00f6deration. ... RT traf an diesem besonderen Tag in Moskau Dr. Diether Dehm. Der\u00a0Musikproduzent, Liedermacher und Bundestagsabgeordnete (Die Linke) nutzte die Gelegenheit, um eine Br\u00fccke zwischen dem historischen\u2026","rel":"","context":"In &quot;Frieden - Antifaschismus - Solidarit\u00e4t&quot;","block_context":{"text":"Frieden - Antifaschismus - Solidarit\u00e4t","link":"https:\/\/www.freidenker.org\/?cat=13"},"img":{"alt_text":"","src":"https:\/\/i0.wp.com\/www.freidenker.org\/fw17\/wp-content\/uploads\/2021\/05\/Dehm_SjuganovIMG_9271.jpg?fit=800%2C450&ssl=1&resize=350%2C200","width":350,"height":200,"srcset":"https:\/\/i0.wp.com\/www.freidenker.org\/fw17\/wp-content\/uploads\/2021\/05\/Dehm_SjuganovIMG_9271.jpg?fit=800%2C450&ssl=1&resize=350%2C200 1x, https:\/\/i0.wp.com\/www.freidenker.org\/fw17\/wp-content\/uploads\/2021\/05\/Dehm_SjuganovIMG_9271.jpg?fit=800%2C450&ssl=1&resize=525%2C300 1.5x, https:\/\/i0.wp.com\/www.freidenker.org\/fw17\/wp-content\/uploads\/2021\/05\/Dehm_SjuganovIMG_9271.jpg?fit=800%2C450&ssl=1&resize=700%2C400 2x"},"classes":[]},{"id":10166,"url":"https:\/\/www.freidenker.org\/?p=10166","url_meta":{"origin":2992,"position":1},"title":"Flugblatt zum 8. und 9. Mai 2021: Befreiung von Faschismus und Krieg","author":"Webredaktion","date":"2. Mai 2021","format":false,"excerpt":"Erfreulicherweise werden die Tage der Befreiung und des Sieges in immer gr\u00f6\u00dferem B\u00fcndnisrahmen zur Kenntnis genommen und durch Aktionen gew\u00fcrdigt. Weniger erfreulich, dass Aktionen in diesem Jahr hier und da mit der Begr\u00fcndung \"des Infektionsgeschehens\" storniert werden. Au\u00dferdem ist zu beobachten, das eine Reihe von Aufrufen zu den Jahrestagen inzwischen\u2026","rel":"","context":"In &quot;Frieden - Antifaschismus - Solidarit\u00e4t&quot;","block_context":{"text":"Frieden - Antifaschismus - Solidarit\u00e4t","link":"https:\/\/www.freidenker.org\/?cat=13"},"img":{"alt_text":"","src":"https:\/\/i0.wp.com\/www.freidenker.org\/fw17\/wp-content\/uploads\/2021\/05\/victory-day-1396078_800x450.jpg?fit=800%2C450&ssl=1&resize=350%2C200","width":350,"height":200,"srcset":"https:\/\/i0.wp.com\/www.freidenker.org\/fw17\/wp-content\/uploads\/2021\/05\/victory-day-1396078_800x450.jpg?fit=800%2C450&ssl=1&resize=350%2C200 1x, https:\/\/i0.wp.com\/www.freidenker.org\/fw17\/wp-content\/uploads\/2021\/05\/victory-day-1396078_800x450.jpg?fit=800%2C450&ssl=1&resize=525%2C300 1.5x, https:\/\/i0.wp.com\/www.freidenker.org\/fw17\/wp-content\/uploads\/2021\/05\/victory-day-1396078_800x450.jpg?fit=800%2C450&ssl=1&resize=700%2C400 2x"},"classes":[]},{"id":16051,"url":"https:\/\/www.freidenker.org\/?p=16051","url_meta":{"origin":2992,"position":2},"title":"Ehrung und Gedenken zum Tag der Befreiung","author":"Webredaktion","date":"13. Mai 2023","format":false,"excerpt":"Beitrag von Liane Kilinc Heute nach Deutschland zu blicken macht keine Freude. Denn wie im letzten Jahr wurde daf\u00fcr gesorgt, dass am Treptower Ehrenmal in Berlin nicht gefeiert werden darf. Sowjetische und russische Fahnen, auch das Georgsband, alles wurde verboten. Und es ist noch schlimmer als im vergangenen Jahr \u2013\u2026","rel":"","context":"In &quot;Frieden - Antifaschismus - Solidarit\u00e4t&quot;","block_context":{"text":"Frieden - Antifaschismus - Solidarit\u00e4t","link":"https:\/\/www.freidenker.org\/?cat=13"},"img":{"alt_text":"","src":"https:\/\/i0.wp.com\/www.freidenker.org\/fw17\/wp-content\/uploads\/2023\/05\/2023-05-08-liane-kilinc_800x450.jpg?fit=800%2C450&ssl=1&resize=350%2C200","width":350,"height":200,"srcset":"https:\/\/i0.wp.com\/www.freidenker.org\/fw17\/wp-content\/uploads\/2023\/05\/2023-05-08-liane-kilinc_800x450.jpg?fit=800%2C450&ssl=1&resize=350%2C200 1x, https:\/\/i0.wp.com\/www.freidenker.org\/fw17\/wp-content\/uploads\/2023\/05\/2023-05-08-liane-kilinc_800x450.jpg?fit=800%2C450&ssl=1&resize=525%2C300 1.5x, https:\/\/i0.wp.com\/www.freidenker.org\/fw17\/wp-content\/uploads\/2023\/05\/2023-05-08-liane-kilinc_800x450.jpg?fit=800%2C450&ssl=1&resize=700%2C400 2x"},"classes":[]},{"id":15123,"url":"https:\/\/www.freidenker.org\/?p=15123","url_meta":{"origin":2992,"position":3},"title":"78. Jahrestag der Befreiung des KZ Ausschwitz-Birkenau durch die Rote Arme","author":"Webredaktion","date":"2. Februar 2023","format":false,"excerpt":"Rede von Liane Kilinc Liebe Anwesende, liebe Zeitzeugen, ich freue mich, den heutigen Jahrestag der Befreiung des Vernichtungslagers Auschwitz in Russland zu verbringen, wo der Verdienst der Roten Armee angemessen gew\u00fcrdigt wird. In der Bundesrepublik Deutschland, die meine Heimat DDR annektiert hat, wird l\u00e4ngst so getan, als w\u00e4re es nicht\u2026","rel":"","context":"In &quot;Frieden - Antifaschismus - Solidarit\u00e4t&quot;","block_context":{"text":"Frieden - Antifaschismus - Solidarit\u00e4t","link":"https:\/\/www.freidenker.org\/?cat=13"},"img":{"alt_text":"","src":"https:\/\/i0.wp.com\/www.freidenker.org\/fw17\/wp-content\/uploads\/2023\/02\/2023-01-27-gedenken-auschwitz-01_800x450.jpg?fit=800%2C450&ssl=1&resize=350%2C200","width":350,"height":200,"srcset":"https:\/\/i0.wp.com\/www.freidenker.org\/fw17\/wp-content\/uploads\/2023\/02\/2023-01-27-gedenken-auschwitz-01_800x450.jpg?fit=800%2C450&ssl=1&resize=350%2C200 1x, https:\/\/i0.wp.com\/www.freidenker.org\/fw17\/wp-content\/uploads\/2023\/02\/2023-01-27-gedenken-auschwitz-01_800x450.jpg?fit=800%2C450&ssl=1&resize=525%2C300 1.5x, https:\/\/i0.wp.com\/www.freidenker.org\/fw17\/wp-content\/uploads\/2023\/02\/2023-01-27-gedenken-auschwitz-01_800x450.jpg?fit=800%2C450&ssl=1&resize=700%2C400 2x"},"classes":[]},{"id":13100,"url":"https:\/\/www.freidenker.org\/?p=13100","url_meta":{"origin":2992,"position":4},"title":"Weltnetz im Gespr\u00e4ch mit Klaus Hartmann am Tag der Befreiung in Moskau","author":"Webredaktion","date":"12. Mai 2022","format":false,"excerpt":"Klaus Hartmann, stellvertretender Vorsitzender des Deutschen Freidenker-Verbandes,\u00a0 spricht \u00fcber den Tag des Sieges \u00fcber den Faschismus und wie er dieses Jahr in Mokau begangen wird.","rel":"","context":"In &quot;Frieden - Antifaschismus - Solidarit\u00e4t&quot;","block_context":{"text":"Frieden - Antifaschismus - Solidarit\u00e4t","link":"https:\/\/www.freidenker.org\/?cat=13"},"img":{"alt_text":"","src":"https:\/\/i0.wp.com\/www.freidenker.org\/fw17\/wp-content\/uploads\/2022\/05\/Hartmann_Moskau_2022-05-09.jpg?fit=800%2C450&ssl=1&resize=350%2C200","width":350,"height":200,"srcset":"https:\/\/i0.wp.com\/www.freidenker.org\/fw17\/wp-content\/uploads\/2022\/05\/Hartmann_Moskau_2022-05-09.jpg?fit=800%2C450&ssl=1&resize=350%2C200 1x, https:\/\/i0.wp.com\/www.freidenker.org\/fw17\/wp-content\/uploads\/2022\/05\/Hartmann_Moskau_2022-05-09.jpg?fit=800%2C450&ssl=1&resize=525%2C300 1.5x, https:\/\/i0.wp.com\/www.freidenker.org\/fw17\/wp-content\/uploads\/2022\/05\/Hartmann_Moskau_2022-05-09.jpg?fit=800%2C450&ssl=1&resize=700%2C400 2x"},"classes":[]},{"id":8345,"url":"https:\/\/www.freidenker.org\/?p=8345","url_meta":{"origin":2992,"position":5},"title":"Video: Diether Dehm zu angeblichen Schulden Deutschlands","author":"Webredaktion","date":"27. Juni 2020","format":false,"excerpt":"Donald Trump ist zur\u00fcck im Wahlkampf: Der US-Pr\u00e4sident bekr\u00e4ftigte in seiner Ansprache in Tulsa seine Absicht, fast 10.000 US-Soldaten aus Deutschland abzuziehen. Au\u00dferdem warf der Republikaner der Bundesregierung vor, der NATO wegen unzureichender Verteidigungsausgaben in den vergangenen 25 Jahren eine Billion US-Dollar zu schulden. Der Linke-Abgeordnete Dr. Diether Dehm sagte\u2026","rel":"","context":"In &quot;Frieden - Antifaschismus - Solidarit\u00e4t&quot;","block_context":{"text":"Frieden - Antifaschismus - Solidarit\u00e4t","link":"https:\/\/www.freidenker.org\/?cat=13"},"img":{"alt_text":"","src":"https:\/\/i0.wp.com\/www.freidenker.org\/fw17\/wp-content\/uploads\/2020\/06\/dehm_rt_2020-06_800x450.jpg?fit=800%2C450&ssl=1&resize=350%2C200","width":350,"height":200,"srcset":"https:\/\/i0.wp.com\/www.freidenker.org\/fw17\/wp-content\/uploads\/2020\/06\/dehm_rt_2020-06_800x450.jpg?fit=800%2C450&ssl=1&resize=350%2C200 1x, https:\/\/i0.wp.com\/www.freidenker.org\/fw17\/wp-content\/uploads\/2020\/06\/dehm_rt_2020-06_800x450.jpg?fit=800%2C450&ssl=1&resize=525%2C300 1.5x, https:\/\/i0.wp.com\/www.freidenker.org\/fw17\/wp-content\/uploads\/2020\/06\/dehm_rt_2020-06_800x450.jpg?fit=800%2C450&ssl=1&resize=700%2C400 2x"},"classes":[]}],"_links":{"self":[{"href":"https:\/\/www.freidenker.org\/index.php?rest_route=\/wp\/v2\/posts\/2992","targetHints":{"allow":["GET"]}}],"collection":[{"href":"https:\/\/www.freidenker.org\/index.php?rest_route=\/wp\/v2\/posts"}],"about":[{"href":"https:\/\/www.freidenker.org\/index.php?rest_route=\/wp\/v2\/types\/post"}],"author":[{"embeddable":true,"href":"https:\/\/www.freidenker.org\/index.php?rest_route=\/wp\/v2\/users\/3"}],"replies":[{"embeddable":true,"href":"https:\/\/www.freidenker.org\/index.php?rest_route=%2Fwp%2Fv2%2Fcomments&post=2992"}],"version-history":[{"count":0,"href":"https:\/\/www.freidenker.org\/index.php?rest_route=\/wp\/v2\/posts\/2992\/revisions"}],"wp:featuredmedia":[{"embeddable":true,"href":"https:\/\/www.freidenker.org\/index.php?rest_route=\/wp\/v2\/media\/3724"}],"wp:attachment":[{"href":"https:\/\/www.freidenker.org\/index.php?rest_route=%2Fwp%2Fv2%2Fmedia&parent=2992"}],"wp:term":[{"taxonomy":"category","embeddable":true,"href":"https:\/\/www.freidenker.org\/index.php?rest_route=%2Fwp%2Fv2%2Fcategories&post=2992"},{"taxonomy":"post_tag","embeddable":true,"href":"https:\/\/www.freidenker.org\/index.php?rest_route=%2Fwp%2Fv2%2Ftags&post=2992"}],"curies":[{"name":"wp","href":"https:\/\/api.w.org\/{rel}","templated":true}]}}