{"id":2988,"date":"2015-08-27T00:40:19","date_gmt":"2015-08-26T22:40:19","guid":{"rendered":"http:\/\/www.freidenker.org\/?p=2988"},"modified":"2018-02-14T21:38:32","modified_gmt":"2018-02-14T20:38:32","slug":"freidenker-brief-6-2015-deutschland-raus-aus-der-nato-nato-raus-aus-deutschland","status":"publish","type":"post","link":"https:\/\/www.freidenker.org\/?p=2988","title":{"rendered":"Freidenker-Brief 6-2015: Deutschland raus aus der NATO &#8211; NATO raus aus Deutschland"},"content":{"rendered":"<p><em><span style=\"color: #1f497d;\">Fr<\/span>eidenker-Brief Nr. 6\/2015 v. 26. August 2015<\/em><\/p>\n<p><span style=\"color: #000000;\"><strong>Deutschland raus aus der NATO &#8211; NATO raus aus Deutschland;<\/strong><\/span><\/p>\n<p><span style=\"color: #000000;\"><strong>Stopp Ramstein: Kein Drohnenkrieg<\/strong><\/span><\/p>\n<p><em><span style=\"font-style: normal;\">W\u00e4hrend manche &#8222;Institutionen&#8220; der Friedensbewegung fortgesetzt die Diskussion \u201eWie weiter mit der Friedensbewegung?\u201c f\u00fchren, gibt es erfreulicherweise auch Friedenskr\u00e4fte, die angesichts der gef\u00e4hrlichen internationalen Entwicklung aktiv werden, die auf Aktionen und auf Klarheit dr\u00e4ngen: Einerseits die im &#8222;AK Frieden \/ Internationales&#8220; des Deutschen Freidenker-Verbandes erarbeitete programmatische Erkl\u00e4rung zu Fragen von Krieg und Frieden, die als Grundlage zur Formierung einer Anti-NATO-Allianz fungiert; andererseits ein Personenb\u00fcndnis, das zu Aktionen zwecks <\/span><\/em>Schlie\u00dfung des US-Milit\u00e4rst\u00fctzpunktes Ramstein bei Kaiserslautern aufruft.<br \/>\nBeide Kampagnen stehen\u00a0 nicht in Konkurrenz zueinander, sondern k\u00f6nnen sich erg\u00e4nzen und unterst\u00fctzen. <em><span style=\"font-style: normal;\">Deshalb bitten der Deutsche Freidenker-Verband und der Bundesverband Arbeiterfotografie um Eure Unterst\u00fctzung:<\/span><\/em><\/p>\n<ol>\n<li><strong><a href=\"http:\/\/www.neinzurnato.de\/?page_id=173\" target=\"_blank\" rel=\"noopener noreferrer\">\u201eSagt NEIN, \u00e4chtet Aggressionen, bannt die Weltkriegsgefahr!\u201c<\/a><\/strong><\/li>\n<\/ol>\n<p><em><span style=\"font-style: normal;\">Dieser Aufruf wurde initiiert vom Deutschen Freidenker-Verband und vom Bundesverband Arbeiterfotografie, und im Juli 2015 gemeinsam mit anderen Aktiven aus der Friedensbewegung formuliert. Er wird bisher von 41 Organisationen und Gruppen unterst\u00fctzt, und kann zu einem Kristallisationskern f\u00fcr die antiimperialistischen Kr\u00e4fte in der Friedensbewegung werden, die f\u00fcr eine grundlegend andere deutsche Au\u00dfenpolitik eintreten, die einseitige deutsche K\u00fcndigung des NATO-Vertrages und des \u201eAufenthaltsvertrages\u201c der NATO-Truppen propagieren sowie f\u00fcr eine dauerhafte deutsch-russischen Partnerschaft eintreten: <strong>DEUTSCHLAND RAUS AUS DER NATO \u2013 <\/strong><\/span><\/em><em><strong><span style=\"font-style: normal;\">NATO RAUS AUS DEUTSCHLAND!<\/span><\/strong><\/em><\/p>\n<p><em><span style=\"font-style: normal;\">Der Aufruf wurde am 25. August 2015 den Mitgliedern des Deutschen Bundestages mit einem <strong><a href=\"http:\/\/tlaxcala-int.org\/campagne.asp?reference=35\" target=\"_blank\" rel=\"noopener noreferrer\">Offenen Brief<\/a> <\/strong>\u00fcbersandt. In der pers\u00f6nlich adressierten E-Mail wird ebenfalls auf die beiden Aufrufe &#8222;<a href=\"http:\/\/www.freundschaft-mit-valjevo.de\/wordpress\/?p=1048\" target=\"_blank\" rel=\"noopener noreferrer\">Beenden Sie das Aushungern des syrischen Volkes! Schluss mit dem Embargo, damit Syrien Frieden bekommt!<\/a>&#8220; und \u00a0 &#8222;<a href=\"http:\/\/www.ramstein-kampagne.eu\/\" target=\"_blank\" rel=\"noopener noreferrer\">Kampagne Stopp Ramstein: Kein Drohnenkrieg!<\/a>&#8220; hingewiesen.<\/span><\/em><\/p>\n<p><em><span style=\"font-style: normal;\">Von den einzelnen Abgeordneten werden Antworten auf folgende Fragen erbeten:<\/span><\/em><\/p>\n<p style=\"margin-left: 53.4pt; text-indent: -18pt;\">1.\u00a0\u00a0 Sind Sie bereit, sich daf\u00fcr einzusetzen, dass die Bundesrepublik Deutschland umgehend aus dem NATO-Vertrag ausscheidet?<\/p>\n<p style=\"margin-left: 53.4pt; text-indent: -18pt;\">2.<span style=\"font-family: 'Times New Roman';\">\u00a0\u00a0 <\/span>Sind Sie bereit, sich daf\u00fcr einzusetzen, dass die Bundesregierung den Vertrag \u00fcber den Aufenthalt ausl\u00e4ndischer Streitkr\u00e4fte in der Bundesrepublik Deutschland umgehend k\u00fcndigt?<\/p>\n<p style=\"margin-left: 53.4pt; text-indent: -18pt;\">3.<span style=\"font-family: 'Times New Roman';\">\u00a0\u00a0 <\/span>Sind Sie bereit, sich daf\u00fcr einzusetzen, dass die Bundesregierung die gegen Russland gerichteten Sanktionen unverz\u00fcglich aufhebt und dauerhaft auf deutsch-russische Beziehungen im Geiste von Zusammenarbeit und Partnerschaft hinwirkt?<\/p>\n<p><em><span style=\"font-style: normal;\">Wer sich mit dem Aufruf und der Kampagne solidarisieren m\u00f6chte, wird gebeten<strong>,<\/strong> <a href=\"http:\/\/tlaxcala-int.org\/campagne.asp?reference=35#signature\" target=\"_blank\" rel=\"noopener noreferrer\">hier<\/a> zu unterschreiben.<\/span><\/em><\/p>\n<ol start=\"2\">\n<li><strong><a href=\"http:\/\/www.ramstein-kampagne.eu\/\" target=\"_blank\" rel=\"noopener noreferrer\">Kampagne Stopp Ramstein: Kein Drohnenkrieg!<\/a><br \/>\n<em>\u201eVon deutschem Boden darf nie wieder Krieg ausgehen.\u201c<br \/>\n<\/em><\/strong><strong><span style=\"font-weight: normal;\">Unter dieser Losung ist am 25.\/26. September 2015 in Kaiserslautern\/Ramstein ein erstes Aktionswochenende geplant. Der Aufruf dazu wurde bisher mit \u00fcber 2.600 Unterschriften unterst\u00fctzt. Das Personenb\u00fcndnis hat gestern eine 4-seitige <\/span><\/strong>Mobilisierungs- und Informationszeitung<strong><span style=\"font-weight: normal;\"> herausgegeben, in der auch das Pl\u00e4doyer des Freidenker-Vorsitzenden f\u00fcr einen NATO-Austritt abgedruckt ist. <\/span><\/strong><\/li>\n<\/ol>\n<p><strong><span style=\"font-weight: normal;\">Wer den Aufruf unterst\u00fctzen, die Kampagnenzeitung bestellen und wer an der Aktion in der Pfalz teilnehmen m\u00f6chte<\/span><\/strong><em><strong>,<\/strong><\/em><strong><span style=\"font-weight: normal;\"> kann sich <a href=\"http:\/\/www.ramstein-kampagne.eu\/aktionen\/\" target=\"_blank\" rel=\"noopener noreferrer\">hier<\/a> informieren.<\/span><\/strong><\/p>\n<hr \/>\n<p><em>Foto: U.S. Air Force photo by Bobbi Zapka, Gemeinfrei, Quelle: https:\/\/commons.wikimedia.org\/wiki\/File:Global_Hawk_1.jpg<br \/>\n(Logo der Aktion \u201eStopp Ramstein\u201c geh\u00f6rt nicht zum Original)<\/em><\/p>\n","protected":false},"excerpt":{"rendered":"<p>W\u00e4hrend manche &#8222;Institutionen&#8220; der Friedensbewegung fortgesetzt die Diskussion \u201eWie weiter mit der Friedensbewegung?\u201c f\u00fchren, gibt es erfreulicherweise auch Friedenskr\u00e4fte, die angesichts der gef\u00e4hrlichen internationalen Entwicklung aktiv werden, die auf Aktionen und auf Klarheit dr\u00e4ngen: Einerseits die im &#8222;AK Frieden \/ Internationales&#8220; des Deutschen Freidenker-Verbandes erarbeitete programmatische Erkl\u00e4rung zu Fragen von Krieg und Frieden, die als Grundlage zur Formierung einer Anti-NATO-Allianz fungiert; andererseits ein Personenb\u00fcndnis, das zu Aktionen zwecks Schlie\u00dfung des US-Milit\u00e4rst\u00fctzpunktes Ramstein bei Kaiserslautern aufruft.<\/p>\n","protected":false},"author":3,"featured_media":3719,"comment_status":"closed","ping_status":"closed","sticky":false,"template":"","format":"standard","meta":{"colormag_page_container_layout":"default_layout","colormag_page_sidebar_layout":"default_layout","advanced_seo_description":"","jetpack_seo_html_title":"","jetpack_seo_noindex":false,"jetpack_post_was_ever_published":false,"footnotes":""},"categories":[341,13],"tags":[681,42,43,60,63],"class_list":["post-2988","post","type-post","status-publish","format-standard","has-post-thumbnail","hentry","category-freidenker-brief","category-frieden-antifaschismus-solidaritaet","tag-deutschland-raus-aus-der-nato","tag-drohnenkrieg","tag-friedensbewegung","tag-kampagne-stopp-ramstein","tag-nato-raus-aus-deutschland"],"jetpack_featured_media_url":"https:\/\/i0.wp.com\/www.freidenker.org\/fw17\/wp-content\/uploads\/2015\/08\/Global_Hawk_800x445_mLogo.jpg?fit=800%2C445&ssl=1","jetpack_shortlink":"https:\/\/wp.me\/p9stpK-Mc","jetpack-related-posts":[{"id":2986,"url":"https:\/\/www.freidenker.org\/?p=2986","url_meta":{"origin":2988,"position":0},"title":"&#8222;Deutschland raus aus der NATO&#8220;: DFV-Weckruf an den Bundestag","author":"Webredaktion","date":"8. September 2015","format":false,"excerpt":"Interview von Klaus Hartmann, Bundesvorsitzender des Deutschen Freidenker-Verbandes, mit Sputnik Deutschland \"Deutschland raus aus der Nato, Nato raus aus Deutschland\" \u2013 fordert der Deutsche Freidenker-Verband in seinem Aufruf an die Bundestagsabgeordneten. Der Appell ist eine Reaktion auf den Nato-Konfrontationskurs gegen Russland, wie der DFV-Vorstand erkl\u00e4rt. Nach 1990 erlebte die Nato\u2026","rel":"","context":"In &quot;Frieden - Antifaschismus - Solidarit\u00e4t&quot;","block_context":{"text":"Frieden - Antifaschismus - Solidarit\u00e4t","link":"https:\/\/www.freidenker.org\/?cat=13"},"img":{"alt_text":"","src":"https:\/\/i0.wp.com\/www.freidenker.org\/fw17\/wp-content\/uploads\/2015\/09\/the-eleventh-hour-758726_800x445.jpg?fit=800%2C445&ssl=1&resize=350%2C200","width":350,"height":200,"srcset":"https:\/\/i0.wp.com\/www.freidenker.org\/fw17\/wp-content\/uploads\/2015\/09\/the-eleventh-hour-758726_800x445.jpg?fit=800%2C445&ssl=1&resize=350%2C200 1x, https:\/\/i0.wp.com\/www.freidenker.org\/fw17\/wp-content\/uploads\/2015\/09\/the-eleventh-hour-758726_800x445.jpg?fit=800%2C445&ssl=1&resize=525%2C300 1.5x, https:\/\/i0.wp.com\/www.freidenker.org\/fw17\/wp-content\/uploads\/2015\/09\/the-eleventh-hour-758726_800x445.jpg?fit=800%2C445&ssl=1&resize=700%2C400 2x"},"classes":[]},{"id":275,"url":"https:\/\/www.freidenker.org\/?p=275","url_meta":{"origin":2988,"position":1},"title":"Freidenker-Brief 2-2016: Kampagne Stopp Ramstein \u2013 Aktionswochenende im Juni","author":"Webmaster","date":"3. Juni 2016","format":false,"excerpt":"Der Deutsche Freidenker-Verband appelliert an seine Mitglieder und Sympathisanten, die Kampagne \u201eStopp Ramstein\u201c zu unterst\u00fctzen und an dem Aktionswochenende in Kaiserslautern\/Ramstein, 10. \u2013 12. Juni 2016, teilzunehmen. \u201eDie US-Airbase in Ramstein repr\u00e4sentiert fast alle Friedensbedrohungen, denen wir heute ausgesetzt sind.\u201c So Klaus Hartmann, der Vorsitzende des Deutschen Freidenker-Verbands in einem\u2026","rel":"","context":"In &quot;Freidenker-Brief&quot;","block_context":{"text":"Freidenker-Brief","link":"https:\/\/www.freidenker.org\/?cat=341"},"img":{"alt_text":"","src":"https:\/\/i0.wp.com\/www.freidenker.org\/fw17\/wp-content\/uploads\/2016\/07\/Megaphone.jpg?fit=800%2C445&ssl=1&resize=350%2C200","width":350,"height":200,"srcset":"https:\/\/i0.wp.com\/www.freidenker.org\/fw17\/wp-content\/uploads\/2016\/07\/Megaphone.jpg?fit=800%2C445&ssl=1&resize=350%2C200 1x, https:\/\/i0.wp.com\/www.freidenker.org\/fw17\/wp-content\/uploads\/2016\/07\/Megaphone.jpg?fit=800%2C445&ssl=1&resize=525%2C300 1.5x, https:\/\/i0.wp.com\/www.freidenker.org\/fw17\/wp-content\/uploads\/2016\/07\/Megaphone.jpg?fit=800%2C445&ssl=1&resize=700%2C400 2x"},"classes":[]},{"id":2990,"url":"https:\/\/www.freidenker.org\/?p=2990","url_meta":{"origin":2988,"position":2},"title":"Freidenker-Brief 5-2015: Sagt NEIN, \u00e4chtet Aggressionen, bannt die Weltkriegsgefahr!","author":"Webredaktion","date":"29. Juli 2015","format":false,"excerpt":"Erkl\u00e4rung zu Fragen von Krieg und Frieden, Juli 2015 Unter diesem Titel gibt es seit dem 23. Juli 2015 auf der Internet-Seite der Anti-NATO-Allianz eine Erkl\u00e4rung in Form eines Aufrufs an Bundestag und Bundesregierung mit folgenden Forderungen: - NATO-Vertrag k\u00fcndigen! - Truppenstationierungsvertrag per Friedensvertrag au\u00dfer Kraft setzen! - Mit Russland\u2026","rel":"","context":"In &quot;Freidenker-Brief&quot;","block_context":{"text":"Freidenker-Brief","link":"https:\/\/www.freidenker.org\/?cat=341"},"img":{"alt_text":"","src":"https:\/\/i0.wp.com\/www.freidenker.org\/fw17\/wp-content\/uploads\/2015\/07\/2015-09-26-dp-0010_800x445.jpg?fit=800%2C445&ssl=1&resize=350%2C200","width":350,"height":200,"srcset":"https:\/\/i0.wp.com\/www.freidenker.org\/fw17\/wp-content\/uploads\/2015\/07\/2015-09-26-dp-0010_800x445.jpg?fit=800%2C445&ssl=1&resize=350%2C200 1x, https:\/\/i0.wp.com\/www.freidenker.org\/fw17\/wp-content\/uploads\/2015\/07\/2015-09-26-dp-0010_800x445.jpg?fit=800%2C445&ssl=1&resize=525%2C300 1.5x, https:\/\/i0.wp.com\/www.freidenker.org\/fw17\/wp-content\/uploads\/2015\/07\/2015-09-26-dp-0010_800x445.jpg?fit=800%2C445&ssl=1&resize=700%2C400 2x"},"classes":[]},{"id":5417,"url":"https:\/\/www.freidenker.org\/?p=5417","url_meta":{"origin":2988,"position":3},"title":"FRAGEN zur FRIEDENSBEWEGUNG","author":"Webredaktion","date":"22. September 2018","format":false,"excerpt":"Warum wird die K\u00fcndigung des Truppenstationierungsvertrages (exakt: \"Vertrag \u00fcber den Aufenthalt ausl\u00e4ndischer Streitkr\u00e4fte in der Bundesrepublik Deutschland\" vom 23.10.1954) von der Friedensbewegung nicht zur zentralen Forderung erhoben? Damit er\u00fcbrigte sich die Forderung, nur die Air-Base Ramstein zu schlie\u00dfen. S\u00e4mtliche ausl\u00e4ndischen Milit\u00e4r-Niederlassungen in Deutschland w\u00e4ren damit aufzul\u00f6sen... Der Vorsitzende des Deutschen\u2026","rel":"","context":"In &quot;Frieden - Antifaschismus - Solidarit\u00e4t&quot;","block_context":{"text":"Frieden - Antifaschismus - Solidarit\u00e4t","link":"https:\/\/www.freidenker.org\/?cat=13"},"img":{"alt_text":"","src":"https:\/\/i0.wp.com\/www.freidenker.org\/fw17\/wp-content\/uploads\/2018\/09\/uz-Pressefest_2018_800x445.jpg?fit=800%2C445&ssl=1&resize=350%2C200","width":350,"height":200,"srcset":"https:\/\/i0.wp.com\/www.freidenker.org\/fw17\/wp-content\/uploads\/2018\/09\/uz-Pressefest_2018_800x445.jpg?fit=800%2C445&ssl=1&resize=350%2C200 1x, https:\/\/i0.wp.com\/www.freidenker.org\/fw17\/wp-content\/uploads\/2018\/09\/uz-Pressefest_2018_800x445.jpg?fit=800%2C445&ssl=1&resize=525%2C300 1.5x, https:\/\/i0.wp.com\/www.freidenker.org\/fw17\/wp-content\/uploads\/2018\/09\/uz-Pressefest_2018_800x445.jpg?fit=800%2C445&ssl=1&resize=700%2C400 2x"},"classes":[]},{"id":7695,"url":"https:\/\/www.freidenker.org\/?p=7695","url_meta":{"origin":2988,"position":4},"title":"Kriegsmoloch verbannen \u2013 damit von deutschem Boden nur Frieden ausgeht","author":"Webredaktion","date":"16. M\u00e4rz 2020","format":false,"excerpt":"Die K\u00fcndigung des Truppenstationierungsvertrags (NATO raus) und der Austritt aus der NATO (raus aus der NATO) lassen Kriegsman\u00f6ver wie \"Defender Europe 2020\" der Vergangenheit angeh\u00f6ren. Und f\u00fcr vieles andere, was die Friedensbewegung fordert, wird ein konkreter Weg Richtung Realisierung sichtbar. DIE LINKE im Bundestag hat das schon erkannt. Ihre Antr\u00e4ge\u2026","rel":"","context":"In &quot;Frieden - Antifaschismus - Solidarit\u00e4t&quot;","block_context":{"text":"Frieden - Antifaschismus - Solidarit\u00e4t","link":"https:\/\/www.freidenker.org\/?cat=13"},"img":{"alt_text":"","src":"https:\/\/i0.wp.com\/www.freidenker.org\/fw17\/wp-content\/uploads\/2020\/03\/faltblatt_nato-raus_2020_800x445.jpg?fit=800%2C445&ssl=1&resize=350%2C200","width":350,"height":200,"srcset":"https:\/\/i0.wp.com\/www.freidenker.org\/fw17\/wp-content\/uploads\/2020\/03\/faltblatt_nato-raus_2020_800x445.jpg?fit=800%2C445&ssl=1&resize=350%2C200 1x, https:\/\/i0.wp.com\/www.freidenker.org\/fw17\/wp-content\/uploads\/2020\/03\/faltblatt_nato-raus_2020_800x445.jpg?fit=800%2C445&ssl=1&resize=525%2C300 1.5x, https:\/\/i0.wp.com\/www.freidenker.org\/fw17\/wp-content\/uploads\/2020\/03\/faltblatt_nato-raus_2020_800x445.jpg?fit=800%2C445&ssl=1&resize=700%2C400 2x"},"classes":[]},{"id":278,"url":"https:\/\/www.freidenker.org\/?p=278","url_meta":{"origin":2988,"position":5},"title":"KenFM am Telefon: Klaus Hartmann (Deutscher Freidenker-Verband) zu Stopp Ramstein","author":"Webmaster","date":"7. Juni 2016","format":false,"excerpt":"Wer heute behauptet, unser Land w\u00e4re rechtlich nicht in der Lage, Ramstein zu schlie\u00dfen, ist entweder schlecht informiert, oder aber arbeitet bewusst mit der Taktik der T\u00e4uschung. Fakt ist, solange das wiedervereinigte Deutschland Mitglied der NATO ist, kann ein US-Standort nur geschlossen werden, wenn dem alle NATO-Mitglieder zustimmen. Beschlie\u00dft die\u2026","rel":"","context":"In &quot;Frieden - Antifaschismus - Solidarit\u00e4t&quot;","block_context":{"text":"Frieden - Antifaschismus - Solidarit\u00e4t","link":"https:\/\/www.freidenker.org\/?cat=13"},"img":{"alt_text":"","src":"https:\/\/i0.wp.com\/www.freidenker.org\/fw17\/wp-content\/uploads\/2016\/06\/kenfm-klaus-hartmann_800x445.jpg?fit=800%2C445&ssl=1&resize=350%2C200","width":350,"height":200,"srcset":"https:\/\/i0.wp.com\/www.freidenker.org\/fw17\/wp-content\/uploads\/2016\/06\/kenfm-klaus-hartmann_800x445.jpg?fit=800%2C445&ssl=1&resize=350%2C200 1x, https:\/\/i0.wp.com\/www.freidenker.org\/fw17\/wp-content\/uploads\/2016\/06\/kenfm-klaus-hartmann_800x445.jpg?fit=800%2C445&ssl=1&resize=525%2C300 1.5x, https:\/\/i0.wp.com\/www.freidenker.org\/fw17\/wp-content\/uploads\/2016\/06\/kenfm-klaus-hartmann_800x445.jpg?fit=800%2C445&ssl=1&resize=700%2C400 2x"},"classes":[]}],"_links":{"self":[{"href":"https:\/\/www.freidenker.org\/index.php?rest_route=\/wp\/v2\/posts\/2988","targetHints":{"allow":["GET"]}}],"collection":[{"href":"https:\/\/www.freidenker.org\/index.php?rest_route=\/wp\/v2\/posts"}],"about":[{"href":"https:\/\/www.freidenker.org\/index.php?rest_route=\/wp\/v2\/types\/post"}],"author":[{"embeddable":true,"href":"https:\/\/www.freidenker.org\/index.php?rest_route=\/wp\/v2\/users\/3"}],"replies":[{"embeddable":true,"href":"https:\/\/www.freidenker.org\/index.php?rest_route=%2Fwp%2Fv2%2Fcomments&post=2988"}],"version-history":[{"count":0,"href":"https:\/\/www.freidenker.org\/index.php?rest_route=\/wp\/v2\/posts\/2988\/revisions"}],"wp:featuredmedia":[{"embeddable":true,"href":"https:\/\/www.freidenker.org\/index.php?rest_route=\/wp\/v2\/media\/3719"}],"wp:attachment":[{"href":"https:\/\/www.freidenker.org\/index.php?rest_route=%2Fwp%2Fv2%2Fmedia&parent=2988"}],"wp:term":[{"taxonomy":"category","embeddable":true,"href":"https:\/\/www.freidenker.org\/index.php?rest_route=%2Fwp%2Fv2%2Fcategories&post=2988"},{"taxonomy":"post_tag","embeddable":true,"href":"https:\/\/www.freidenker.org\/index.php?rest_route=%2Fwp%2Fv2%2Ftags&post=2988"}],"curies":[{"name":"wp","href":"https:\/\/api.w.org\/{rel}","templated":true}]}}