{"id":2986,"date":"2015-09-08T00:35:56","date_gmt":"2015-09-07T22:35:56","guid":{"rendered":"http:\/\/www.freidenker.org\/?p=2986"},"modified":"2018-02-18T13:34:01","modified_gmt":"2018-02-18T12:34:01","slug":"deutschland-raus-aus-der-nato-dfv-weckruf-an-den-bundestag","status":"publish","type":"post","link":"https:\/\/www.freidenker.org\/?p=2986","title":{"rendered":"&#8222;Deutschland raus aus der NATO&#8220;: DFV-Weckruf an den Bundestag"},"content":{"rendered":"<p><em><a href=\"http:\/\/de.sputniknews.com\/politik\/20150908\/304204662.html\" target=\"_blank\" rel=\"noopener\">Interview<\/a> von <strong>Klaus Hartmann<\/strong>, Bundesvorsitzender des Deutschen Freidenker-Verbandes, mit <strong>Sputnik Deutschland<\/strong><\/em><\/p>\n<p><strong>&#8222;Deutschland raus aus der Nato, Nato raus aus Deutschland&#8220; \u2013 fordert der Deutsche Freidenker-Verband in seinem Aufruf an die Bundestagsabgeordneten. Der Appell ist eine Reaktion auf den Nato-Konfrontationskurs gegen Russland, wie der DFV-Vorstand erkl\u00e4rt.<\/strong><\/p>\n<p>Die Welt, Europa und nicht zuletzt Deutschland brauchen eine Umkehr in der internationalen Politik, hei\u00dft es im Offenen Brief des Deutschen Freidenker-Vereines. Unter dem Leitgedanken \u201eDeutschland raus aus der Nato, Nato raus aus Deutschland\u201c wendet sich der Verein an die Abgeordneten etwa mit den Fragen, ob sie bereit seien, sich daf\u00fcr einzusetzen, dass die Bundesrepublik Deutschland umgehend aus dem Nato-Vertrag ausscheidet bzw. dass die Bundesregierung die gegen Russland gerichteten Sanktionen unverz\u00fcglich aufhebt. Den am 25. August ver\u00f6ffentlichten Appell haben inzwischen schon 50 Organisationen und Initiativen aus der Friedensbewegung unterschrieben.<\/p>\n<p><strong>Einkreisung Russlands als Ziel<\/strong><\/p>\n<p>Ausl\u00f6ser f\u00fcr das Papier sei der Nato-Konfrontationskurs gegen Russland gewesen, erkl\u00e4rt das Vorstandsmitglied des Deutschen Freidenker-Vereins Klaus Hartmann gegen\u00fcber Sputniknews: \u201eNach 1990 erlebte die Nato eine gewisse Sinnkrise, weil mit der Aufl\u00f6sung des Warschauer Vertrags der nat\u00fcrliche \u201aFeind\u2018 weggefallen ist. Die Friedenskr\u00e4fte in Deutschland forderten darauf, dass entsprechend auch die Nato aufgel\u00f6st werden m\u00fcsse. Da dachte sie freilich nicht daran und suchte nach Ersatzfeinden. Die erhoffte Friedensdividende erwies sich als Illusion. Die neue Weltordnung wurde von Bush Vater und Bush junior mit der NATO-Aggression gegen Jugoslawien 1999 ausgerufen. Dann gab es eine gro\u00dfe Serie von Kriegen im Irak, Afghanistan und letztendlich in Libyen. Man kommt seinem Ziel n\u00e4her, n\u00e4mlich der Einkreisung Russlands.\u201c<br \/>\nDer Appell soll Hartmann zufolge mehr Klarheit und mehr Einigung innerhalb der Friedenskr\u00e4fte schaffen sowie ein Weckruf in Richtung der Bundestagsabgeordneten werden. Er mache sich dabei nicht die Illusion, dass mit diesem einen Anlauf die Stimmung im gesamten Bundestag ver\u00e4ndert werden k\u00f6nne, es gehe erstmals darum, die Thematik auf die Tagesordnung zu bringen.<\/p>\n<p><strong>&#8222;Koalition der Machtwilligen&#8220;<\/strong><\/p>\n<p>Deutschland sei f\u00fcr die Allianz aktuell eine unverzichtbare Basis, erkl\u00e4rt Hartmann weiter: \u201eHier befinden sich alle m\u00f6glichen Schaltzentralen. Hier ist das Afrika-Kriegskommando stationiert. Und auch der Drohnenkrieg, der von den USA ausgeht, w\u00e4re ohne die Relais-Station in Ramstein gar nicht m\u00f6glich\u201c. Die \u201eerfinderische\u201c Allianz wird laut Hartmann alle M\u00f6glichkeiten und Wege finden, eine Aggressivit\u00e4t des B\u00fcndnisses auch bei Austritt einzelner Partner durchzuf\u00fchren. Der Verband hoffe, dass die Nato sich aufl\u00f6se und ihre Sinnlosigkeit erkenne. \u201eNur insofern sehen wir tats\u00e4chlich einen starken Hebel durch den Austritt einzelner L\u00e4nder und insbesondere Deutschlands\u201c, so Hartmann.<\/p>\n<p><strong>Zum Nachh\u00f6ren:<\/strong>\u00a0<a href=\"https:\/\/soundcloud.com\/sputnik-de\/deutschland-raus-aus-nato-dfv-weckruf-an-den-bundestag\" target=\"_blank\" rel=\"noopener\">https:\/\/soundcloud.com\/sputnik-de\/deutschland-raus-aus-nato-dfv-weckruf-an-den-bundestag<\/a><\/p>\n<p><strong>Quelle:<\/strong> <a href=\"http:\/\/de.sputniknews.com\/politik\/20150908\/304204662.html#ixzz3lbzb6Ybz\">http:\/\/de.sputniknews.com\/politik\/20150908\/304204662.html#ixzz3lbzb6Ybz<\/a><\/p>\n<hr \/>\n<p>Bild: pixabay.com \/ User: Alexas_Fotos<\/p>\n","protected":false},"excerpt":{"rendered":"<p><strong>Interview von Klaus Hartmann, Bundesvorsitzender des Deutschen Freidenker-Verbandes, mit Sputnik Deutschland<\/strong><br \/>\n&#8222;Deutschland raus aus der Nato, Nato raus aus Deutschland&#8220; \u2013 fordert der Deutsche Freidenker-Verband in seinem Aufruf an die Bundestagsabgeordneten. Der Appell ist eine Reaktion auf den Nato-Konfrontationskurs gegen Russland, wie der DFV-Vorstand erkl\u00e4rt.<br \/>\nNach 1990 erlebte die Nato eine gewisse Sinnkrise, weil mit der Aufl\u00f6sung des Warschauer Vertrags der nat\u00fcrliche \u201aFeind\u2018 weggefallen ist. Die Friedenskr\u00e4fte in Deutschland forderten darauf, dass entsprechend auch die Nato aufgel\u00f6st werden m\u00fcsse. Da dachte sie freilich nicht daran und suchte nach Ersatzfeinden. Die erhoffte Friedensdividende erwies sich als Illusion. Die neue Weltordnung wurde von Bush Vater und Bush junior mit der NATO-Aggression gegen Jugoslawien 1999 ausgerufen. Dann gab es eine gro\u00dfe Serie von Kriegen im Irak, Afghanistan und letztendlich in Libyen. Man kommt seinem Ziel n\u00e4her, n\u00e4mlich der Einkreisung Russlands.<\/p>\n","protected":false},"author":3,"featured_media":3717,"comment_status":"closed","ping_status":"closed","sticky":false,"template":"","format":"standard","meta":{"colormag_page_container_layout":"default_layout","colormag_page_sidebar_layout":"default_layout","advanced_seo_description":"","jetpack_seo_html_title":"","jetpack_seo_noindex":false,"jetpack_post_was_ever_published":false,"footnotes":""},"categories":[13],"tags":[43,56,63,222],"class_list":["post-2986","post","type-post","status-publish","format-standard","has-post-thumbnail","hentry","category-frieden-antifaschismus-solidaritaet","tag-friedensbewegung","tag-nato","tag-nato-raus-aus-deutschland","tag-russland"],"jetpack_featured_media_url":"https:\/\/i0.wp.com\/www.freidenker.org\/fw17\/wp-content\/uploads\/2015\/09\/the-eleventh-hour-758726_800x445.jpg?fit=800%2C445&ssl=1","jetpack_shortlink":"https:\/\/wp.me\/p9stpK-Ma","jetpack-related-posts":[{"id":5417,"url":"https:\/\/www.freidenker.org\/?p=5417","url_meta":{"origin":2986,"position":0},"title":"FRAGEN zur FRIEDENSBEWEGUNG","author":"Webredaktion","date":"22. September 2018","format":false,"excerpt":"Warum wird die K\u00fcndigung des Truppenstationierungsvertrages (exakt: \"Vertrag \u00fcber den Aufenthalt ausl\u00e4ndischer Streitkr\u00e4fte in der Bundesrepublik Deutschland\" vom 23.10.1954) von der Friedensbewegung nicht zur zentralen Forderung erhoben? Damit er\u00fcbrigte sich die Forderung, nur die Air-Base Ramstein zu schlie\u00dfen. S\u00e4mtliche ausl\u00e4ndischen Milit\u00e4r-Niederlassungen in Deutschland w\u00e4ren damit aufzul\u00f6sen... Der Vorsitzende des Deutschen\u2026","rel":"","context":"In &quot;Frieden - Antifaschismus - Solidarit\u00e4t&quot;","block_context":{"text":"Frieden - Antifaschismus - Solidarit\u00e4t","link":"https:\/\/www.freidenker.org\/?cat=13"},"img":{"alt_text":"","src":"https:\/\/i0.wp.com\/www.freidenker.org\/fw17\/wp-content\/uploads\/2018\/09\/uz-Pressefest_2018_800x445.jpg?fit=800%2C445&ssl=1&resize=350%2C200","width":350,"height":200,"srcset":"https:\/\/i0.wp.com\/www.freidenker.org\/fw17\/wp-content\/uploads\/2018\/09\/uz-Pressefest_2018_800x445.jpg?fit=800%2C445&ssl=1&resize=350%2C200 1x, https:\/\/i0.wp.com\/www.freidenker.org\/fw17\/wp-content\/uploads\/2018\/09\/uz-Pressefest_2018_800x445.jpg?fit=800%2C445&ssl=1&resize=525%2C300 1.5x, https:\/\/i0.wp.com\/www.freidenker.org\/fw17\/wp-content\/uploads\/2018\/09\/uz-Pressefest_2018_800x445.jpg?fit=800%2C445&ssl=1&resize=700%2C400 2x"},"classes":[]},{"id":2988,"url":"https:\/\/www.freidenker.org\/?p=2988","url_meta":{"origin":2986,"position":1},"title":"Freidenker-Brief 6-2015: Deutschland raus aus der NATO &#8211; NATO raus aus Deutschland","author":"Webredaktion","date":"27. August 2015","format":false,"excerpt":"W\u00e4hrend manche \"Institutionen\" der Friedensbewegung fortgesetzt die Diskussion \u201eWie weiter mit der Friedensbewegung?\u201c f\u00fchren, gibt es erfreulicherweise auch Friedenskr\u00e4fte, die angesichts der gef\u00e4hrlichen internationalen Entwicklung aktiv werden, die auf Aktionen und auf Klarheit dr\u00e4ngen: Einerseits die im \"AK Frieden \/ Internationales\" des Deutschen Freidenker-Verbandes erarbeitete programmatische Erkl\u00e4rung zu Fragen von\u2026","rel":"","context":"In &quot;Freidenker-Brief&quot;","block_context":{"text":"Freidenker-Brief","link":"https:\/\/www.freidenker.org\/?cat=341"},"img":{"alt_text":"","src":"https:\/\/i0.wp.com\/www.freidenker.org\/fw17\/wp-content\/uploads\/2015\/08\/Global_Hawk_800x445_mLogo.jpg?fit=800%2C445&ssl=1&resize=350%2C200","width":350,"height":200,"srcset":"https:\/\/i0.wp.com\/www.freidenker.org\/fw17\/wp-content\/uploads\/2015\/08\/Global_Hawk_800x445_mLogo.jpg?fit=800%2C445&ssl=1&resize=350%2C200 1x, https:\/\/i0.wp.com\/www.freidenker.org\/fw17\/wp-content\/uploads\/2015\/08\/Global_Hawk_800x445_mLogo.jpg?fit=800%2C445&ssl=1&resize=525%2C300 1.5x, https:\/\/i0.wp.com\/www.freidenker.org\/fw17\/wp-content\/uploads\/2015\/08\/Global_Hawk_800x445_mLogo.jpg?fit=800%2C445&ssl=1&resize=700%2C400 2x"},"classes":[]},{"id":7695,"url":"https:\/\/www.freidenker.org\/?p=7695","url_meta":{"origin":2986,"position":2},"title":"Kriegsmoloch verbannen \u2013 damit von deutschem Boden nur Frieden ausgeht","author":"Webredaktion","date":"16. M\u00e4rz 2020","format":false,"excerpt":"Die K\u00fcndigung des Truppenstationierungsvertrags (NATO raus) und der Austritt aus der NATO (raus aus der NATO) lassen Kriegsman\u00f6ver wie \"Defender Europe 2020\" der Vergangenheit angeh\u00f6ren. Und f\u00fcr vieles andere, was die Friedensbewegung fordert, wird ein konkreter Weg Richtung Realisierung sichtbar. DIE LINKE im Bundestag hat das schon erkannt. Ihre Antr\u00e4ge\u2026","rel":"","context":"In &quot;Frieden - Antifaschismus - Solidarit\u00e4t&quot;","block_context":{"text":"Frieden - Antifaschismus - Solidarit\u00e4t","link":"https:\/\/www.freidenker.org\/?cat=13"},"img":{"alt_text":"","src":"https:\/\/i0.wp.com\/www.freidenker.org\/fw17\/wp-content\/uploads\/2020\/03\/faltblatt_nato-raus_2020_800x445.jpg?fit=800%2C445&ssl=1&resize=350%2C200","width":350,"height":200,"srcset":"https:\/\/i0.wp.com\/www.freidenker.org\/fw17\/wp-content\/uploads\/2020\/03\/faltblatt_nato-raus_2020_800x445.jpg?fit=800%2C445&ssl=1&resize=350%2C200 1x, https:\/\/i0.wp.com\/www.freidenker.org\/fw17\/wp-content\/uploads\/2020\/03\/faltblatt_nato-raus_2020_800x445.jpg?fit=800%2C445&ssl=1&resize=525%2C300 1.5x, https:\/\/i0.wp.com\/www.freidenker.org\/fw17\/wp-content\/uploads\/2020\/03\/faltblatt_nato-raus_2020_800x445.jpg?fit=800%2C445&ssl=1&resize=700%2C400 2x"},"classes":[]},{"id":2990,"url":"https:\/\/www.freidenker.org\/?p=2990","url_meta":{"origin":2986,"position":3},"title":"Freidenker-Brief 5-2015: Sagt NEIN, \u00e4chtet Aggressionen, bannt die Weltkriegsgefahr!","author":"Webredaktion","date":"29. Juli 2015","format":false,"excerpt":"Erkl\u00e4rung zu Fragen von Krieg und Frieden, Juli 2015 Unter diesem Titel gibt es seit dem 23. Juli 2015 auf der Internet-Seite der Anti-NATO-Allianz eine Erkl\u00e4rung in Form eines Aufrufs an Bundestag und Bundesregierung mit folgenden Forderungen: - NATO-Vertrag k\u00fcndigen! - Truppenstationierungsvertrag per Friedensvertrag au\u00dfer Kraft setzen! - Mit Russland\u2026","rel":"","context":"In &quot;Freidenker-Brief&quot;","block_context":{"text":"Freidenker-Brief","link":"https:\/\/www.freidenker.org\/?cat=341"},"img":{"alt_text":"","src":"https:\/\/i0.wp.com\/www.freidenker.org\/fw17\/wp-content\/uploads\/2015\/07\/2015-09-26-dp-0010_800x445.jpg?fit=800%2C445&ssl=1&resize=350%2C200","width":350,"height":200,"srcset":"https:\/\/i0.wp.com\/www.freidenker.org\/fw17\/wp-content\/uploads\/2015\/07\/2015-09-26-dp-0010_800x445.jpg?fit=800%2C445&ssl=1&resize=350%2C200 1x, https:\/\/i0.wp.com\/www.freidenker.org\/fw17\/wp-content\/uploads\/2015\/07\/2015-09-26-dp-0010_800x445.jpg?fit=800%2C445&ssl=1&resize=525%2C300 1.5x, https:\/\/i0.wp.com\/www.freidenker.org\/fw17\/wp-content\/uploads\/2015\/07\/2015-09-26-dp-0010_800x445.jpg?fit=800%2C445&ssl=1&resize=700%2C400 2x"},"classes":[]},{"id":3880,"url":"https:\/\/www.freidenker.org\/?p=3880","url_meta":{"origin":2986,"position":4},"title":"Freidenker im Gespr\u00e4ch \u2013 Notwendige B\u00fcndnisse heute","author":"Webredaktion","date":"9. Januar 2018","format":false,"excerpt":"Berliner Runde \u2013 Freidenker im Gespr\u00e4ch mit Klaus Hartmann am 16. Januar 2018 Ramstein, B\u00fcchel, gegen US-Milit\u00e4r\u00adst\u00fctzpunkte, Anti-Drohnen-Bewegung, \u201eabr\u00fcsten statt aufr\u00fcsten\u201c, Deutschland raus aus der NATO \u2013 NATO raus aus Deutschland, weg mit Feindbildern, hin zum V\u00f6lkerrecht. Wenn diese Ziele anerkannt sind, wie steht es mit der \u00dcbereinstimmung \u00fcber den\u2026","rel":"","context":"In &quot;Veranstaltungen in den DFV-Landesverb\u00e4nden&quot;","block_context":{"text":"Veranstaltungen in den DFV-Landesverb\u00e4nden","link":"https:\/\/www.freidenker.org\/?cat=19"},"img":{"alt_text":"","src":"https:\/\/i0.wp.com\/www.freidenker.org\/fw17\/wp-content\/uploads\/2018\/01\/33-2017-11-18-gmv-5888_800x445.jpg?fit=800%2C445&ssl=1&resize=350%2C200","width":350,"height":200,"srcset":"https:\/\/i0.wp.com\/www.freidenker.org\/fw17\/wp-content\/uploads\/2018\/01\/33-2017-11-18-gmv-5888_800x445.jpg?fit=800%2C445&ssl=1&resize=350%2C200 1x, https:\/\/i0.wp.com\/www.freidenker.org\/fw17\/wp-content\/uploads\/2018\/01\/33-2017-11-18-gmv-5888_800x445.jpg?fit=800%2C445&ssl=1&resize=525%2C300 1.5x, https:\/\/i0.wp.com\/www.freidenker.org\/fw17\/wp-content\/uploads\/2018\/01\/33-2017-11-18-gmv-5888_800x445.jpg?fit=800%2C445&ssl=1&resize=700%2C400 2x"},"classes":[]},{"id":6359,"url":"https:\/\/www.freidenker.org\/?p=6359","url_meta":{"origin":2986,"position":5},"title":"Gr\u00fcnes Licht f\u00fcr die Friedensbewegung","author":"Webredaktion","date":"12. Mai 2019","format":false,"excerpt":"Beitrag von Anneliese Fikentscher und Andreas Neumann Im Rahmen einer Debatte wird in einem Kommentar von \"H-J Schmidt\" dargelegt, dass der zwischen den beiden deutschen Staaten und den vier M\u00e4chten USA, Gro\u00dfbritannien, Frankreich und Sowjetunion abgeschlossene Zwei-plus-Vier-Vertrag mit den dazugeh\u00f6rigen (unver\u00f6ffentlichten) Protokollnotizen den Forderungen \"NATO raus!\" entgegen st\u00fcnde und sie\u2026","rel":"","context":"In &quot;Frieden - Antifaschismus - Solidarit\u00e4t&quot;","block_context":{"text":"Frieden - Antifaschismus - Solidarit\u00e4t","link":"https:\/\/www.freidenker.org\/?cat=13"},"img":{"alt_text":"","src":"https:\/\/i0.wp.com\/www.freidenker.org\/fw17\/wp-content\/uploads\/2019\/05\/gruenes-licht-24_800x445.jpg?fit=800%2C445&ssl=1&resize=350%2C200","width":350,"height":200,"srcset":"https:\/\/i0.wp.com\/www.freidenker.org\/fw17\/wp-content\/uploads\/2019\/05\/gruenes-licht-24_800x445.jpg?fit=800%2C445&ssl=1&resize=350%2C200 1x, https:\/\/i0.wp.com\/www.freidenker.org\/fw17\/wp-content\/uploads\/2019\/05\/gruenes-licht-24_800x445.jpg?fit=800%2C445&ssl=1&resize=525%2C300 1.5x, https:\/\/i0.wp.com\/www.freidenker.org\/fw17\/wp-content\/uploads\/2019\/05\/gruenes-licht-24_800x445.jpg?fit=800%2C445&ssl=1&resize=700%2C400 2x"},"classes":[]}],"_links":{"self":[{"href":"https:\/\/www.freidenker.org\/index.php?rest_route=\/wp\/v2\/posts\/2986","targetHints":{"allow":["GET"]}}],"collection":[{"href":"https:\/\/www.freidenker.org\/index.php?rest_route=\/wp\/v2\/posts"}],"about":[{"href":"https:\/\/www.freidenker.org\/index.php?rest_route=\/wp\/v2\/types\/post"}],"author":[{"embeddable":true,"href":"https:\/\/www.freidenker.org\/index.php?rest_route=\/wp\/v2\/users\/3"}],"replies":[{"embeddable":true,"href":"https:\/\/www.freidenker.org\/index.php?rest_route=%2Fwp%2Fv2%2Fcomments&post=2986"}],"version-history":[{"count":0,"href":"https:\/\/www.freidenker.org\/index.php?rest_route=\/wp\/v2\/posts\/2986\/revisions"}],"wp:featuredmedia":[{"embeddable":true,"href":"https:\/\/www.freidenker.org\/index.php?rest_route=\/wp\/v2\/media\/3717"}],"wp:attachment":[{"href":"https:\/\/www.freidenker.org\/index.php?rest_route=%2Fwp%2Fv2%2Fmedia&parent=2986"}],"wp:term":[{"taxonomy":"category","embeddable":true,"href":"https:\/\/www.freidenker.org\/index.php?rest_route=%2Fwp%2Fv2%2Fcategories&post=2986"},{"taxonomy":"post_tag","embeddable":true,"href":"https:\/\/www.freidenker.org\/index.php?rest_route=%2Fwp%2Fv2%2Ftags&post=2986"}],"curies":[{"name":"wp","href":"https:\/\/api.w.org\/{rel}","templated":true}]}}