{"id":2983,"date":"2015-10-04T00:30:27","date_gmt":"2015-10-03T22:30:27","guid":{"rendered":"http:\/\/www.freidenker.org\/?p=2983"},"modified":"2018-02-18T18:01:24","modified_gmt":"2018-02-18T17:01:24","slug":"10-oktober-2015-anti-ttip-demo-in-berlin","status":"publish","type":"post","link":"https:\/\/www.freidenker.org\/?p=2983","title":{"rendered":"10. Oktober 2015 \u2013 Anti-TTIP-Demo in Berlin"},"content":{"rendered":"<p><img data-recalc-dims=\"1\" loading=\"lazy\" decoding=\"async\" data-attachment-id=\"2984\" data-permalink=\"https:\/\/www.freidenker.org\/?attachment_id=2984\" data-orig-file=\"https:\/\/i0.wp.com\/www.freidenker.org\/fw17\/wp-content\/uploads\/2017\/12\/FB_banner_851x315.jpg?fit=851%2C315&amp;ssl=1\" data-orig-size=\"851,315\" data-comments-opened=\"0\" data-image-meta=\"{&quot;aperture&quot;:&quot;0&quot;,&quot;credit&quot;:&quot;&quot;,&quot;camera&quot;:&quot;&quot;,&quot;caption&quot;:&quot;&quot;,&quot;created_timestamp&quot;:&quot;0&quot;,&quot;copyright&quot;:&quot;&quot;,&quot;focal_length&quot;:&quot;0&quot;,&quot;iso&quot;:&quot;0&quot;,&quot;shutter_speed&quot;:&quot;0&quot;,&quot;title&quot;:&quot;&quot;,&quot;orientation&quot;:&quot;0&quot;}\" data-image-title=\"FB_banner_851x315\" data-image-description=\"\" data-image-caption=\"\" data-large-file=\"https:\/\/i0.wp.com\/www.freidenker.org\/fw17\/wp-content\/uploads\/2017\/12\/FB_banner_851x315.jpg?fit=800%2C296&amp;ssl=1\" class=\"alignnone wp-image-2984 size-full\" src=\"https:\/\/i0.wp.com\/www.freidenker.org\/fw17\/wp-content\/uploads\/2017\/12\/FB_banner_851x315.jpg?resize=800%2C296&#038;ssl=1\" alt=\"\" width=\"800\" height=\"296\" srcset=\"https:\/\/i0.wp.com\/www.freidenker.org\/fw17\/wp-content\/uploads\/2017\/12\/FB_banner_851x315.jpg?w=851&amp;ssl=1 851w, https:\/\/i0.wp.com\/www.freidenker.org\/fw17\/wp-content\/uploads\/2017\/12\/FB_banner_851x315.jpg?resize=300%2C111&amp;ssl=1 300w, https:\/\/i0.wp.com\/www.freidenker.org\/fw17\/wp-content\/uploads\/2017\/12\/FB_banner_851x315.jpg?resize=768%2C284&amp;ssl=1 768w\" sizes=\"auto, (max-width: 800px) 100vw, 800px\" \/><\/p>\n<hr \/>\n<p>Foto: \u00a9 arbeiterfotografie.com<\/p>\n","protected":false},"excerpt":{"rendered":"<p>Stop-TTIP-CETA-Demo &#8211; Bundesweite Gro\u00dfdemonstration Sa. 10. Oktober 2015 12:00 Uhr Berlin Hauptbahnhof.<br \/>\nF\u00fcr einen gerechten Welthandel!<\/p>\n","protected":false},"author":3,"featured_media":3711,"comment_status":"closed","ping_status":"closed","sticky":false,"template":"","format":"standard","meta":{"colormag_page_container_layout":"default_layout","colormag_page_sidebar_layout":"default_layout","advanced_seo_description":"","jetpack_seo_html_title":"","jetpack_seo_noindex":false,"jetpack_post_was_ever_published":false,"footnotes":""},"categories":[20],"tags":[440,411,718,439,629],"class_list":["post-2983","post","type-post","status-publish","format-standard","has-post-thumbnail","hentry","category-zentrale-veranstaltungen","tag-ceta","tag-demonstration","tag-gerechtigkeit","tag-ttip","tag-welthandel"],"jetpack_featured_media_url":"https:\/\/i0.wp.com\/www.freidenker.org\/fw17\/wp-content\/uploads\/2015\/10\/2015-10-10-rt-0405_800x445.jpg?fit=800%2C445&ssl=1","jetpack_shortlink":"https:\/\/wp.me\/p9stpK-M7","jetpack-related-posts":[{"id":835,"url":"https:\/\/www.freidenker.org\/?p=835","url_meta":{"origin":2983,"position":0},"title":"FREIDENKER 3-15 &#8211; TTIP &#8211; CETA &#8211; Wirtschafts-NATO","author":"Webmaster","date":"16. September 2015","format":false,"excerpt":"Die Ausgabe 3-15 des Verbandsorgans FREIDENKER hat das Schwerpunkt-Thema \u201eTTIP - CETA - Wirtschafts-NATO - Gentechnologie - Energiepolitik\u201c und enth\u00e4lt u.a folgende Beitr\u00e4ge: - Eva Bulling-Schr\u00f6ter: \"Weniger Walfisch-Sterben durch mehr Fangschiffe?\" - Jean-Marie Jacoby: Die EU tut genau das, wof\u00fcr sie geschaffen wurde - Gisela Jacobasch: Ern\u00e4hrung, Gentechnologie, Monsanto -\u2026","rel":"","context":"In &quot;Verbandsorgan FREIDENKER&quot;","block_context":{"text":"Verbandsorgan FREIDENKER","link":"https:\/\/www.freidenker.org\/?cat=8"},"img":{"alt_text":"","src":"https:\/\/i0.wp.com\/www.freidenker.org\/fw17\/wp-content\/uploads\/2017\/12\/FD_2015-03_Titel_mR.jpg?fit=800%2C445&ssl=1&resize=350%2C200","width":350,"height":200,"srcset":"https:\/\/i0.wp.com\/www.freidenker.org\/fw17\/wp-content\/uploads\/2017\/12\/FD_2015-03_Titel_mR.jpg?fit=800%2C445&ssl=1&resize=350%2C200 1x, https:\/\/i0.wp.com\/www.freidenker.org\/fw17\/wp-content\/uploads\/2017\/12\/FD_2015-03_Titel_mR.jpg?fit=800%2C445&ssl=1&resize=525%2C300 1.5x, https:\/\/i0.wp.com\/www.freidenker.org\/fw17\/wp-content\/uploads\/2017\/12\/FD_2015-03_Titel_mR.jpg?fit=800%2C445&ssl=1&resize=700%2C400 2x"},"classes":[]},{"id":2859,"url":"https:\/\/www.freidenker.org\/?p=2859","url_meta":{"origin":2983,"position":1},"title":"&#8222;Weniger Walfisch-Sterben durch mehr Fangschiffe?&#8220;","author":"Webredaktion","date":"17. September 2015","format":false,"excerpt":"Beitrag von Eva Bulling-Schr\u00f6ter aus: FREIDENKER 3-15 \"Wir m\u00fcssen den Kapitalismus b\u00e4ndigen\", pustete j\u00fcngst nicht Sarah Wagenknecht, sondern Wirtschaftsminister Siegmar Gabriel ins Aufnahmeger\u00e4t eines Journalisten. Der Mitarbeiter des Polit-Magazin \"Cicero\" hatte den SPD-Chef zu laufenden TTIP-Verhandlungen zwischen Europ\u00e4ischer Union und Vereinigten Staaten befragt. Und die viel zu wenig gestellte Frage\u2026","rel":"","context":"In &quot;Demokratie \u2013 Medien \u2013 Aufkl\u00e4rung&quot;","block_context":{"text":"Demokratie \u2013 Medien \u2013 Aufkl\u00e4rung","link":"https:\/\/www.freidenker.org\/?cat=12"},"img":{"alt_text":"","src":"https:\/\/i0.wp.com\/www.freidenker.org\/fw17\/wp-content\/uploads\/2017\/12\/STOP_TTIP_CETA_10.10.2015_Berlin_800x445.jpg?fit=800%2C445&ssl=1&resize=350%2C200","width":350,"height":200,"srcset":"https:\/\/i0.wp.com\/www.freidenker.org\/fw17\/wp-content\/uploads\/2017\/12\/STOP_TTIP_CETA_10.10.2015_Berlin_800x445.jpg?fit=800%2C445&ssl=1&resize=350%2C200 1x, https:\/\/i0.wp.com\/www.freidenker.org\/fw17\/wp-content\/uploads\/2017\/12\/STOP_TTIP_CETA_10.10.2015_Berlin_800x445.jpg?fit=800%2C445&ssl=1&resize=525%2C300 1.5x, https:\/\/i0.wp.com\/www.freidenker.org\/fw17\/wp-content\/uploads\/2017\/12\/STOP_TTIP_CETA_10.10.2015_Berlin_800x445.jpg?fit=800%2C445&ssl=1&resize=700%2C400 2x"},"classes":[]},{"id":3023,"url":"https:\/\/www.freidenker.org\/?p=3023","url_meta":{"origin":2983,"position":2},"title":"NATO-Weltmachtpolitik und Schwellenl\u00e4nder","author":"Webredaktion","date":"27. Januar 2015","format":false,"excerpt":"Beitrag aus jw von Klaus von Raussendorff Ist Russland ein imperialistischer Staat? Hat sich dort eine spezifische Variante des staatsmonopolistischen Kapitalismus entwickelt? W\u00e4re das der Fall, w\u00e4re die nachstehend diskutierte Frage sinnlos. Sie lautet, ob in Russland (wie auch in den anderen BRICS-Staaten: Brasilien, Indien, China und S\u00fcdafrika) Strukturen und\u2026","rel":"","context":"In &quot;Demokratie \u2013 Medien \u2013 Aufkl\u00e4rung&quot;","block_context":{"text":"Demokratie \u2013 Medien \u2013 Aufkl\u00e4rung","link":"https:\/\/www.freidenker.org\/?cat=12"},"img":{"alt_text":"","src":"https:\/\/i0.wp.com\/www.freidenker.org\/fw17\/wp-content\/uploads\/2015\/01\/flag-3036169_800x445.jpg?fit=800%2C445&ssl=1&resize=350%2C200","width":350,"height":200,"srcset":"https:\/\/i0.wp.com\/www.freidenker.org\/fw17\/wp-content\/uploads\/2015\/01\/flag-3036169_800x445.jpg?fit=800%2C445&ssl=1&resize=350%2C200 1x, https:\/\/i0.wp.com\/www.freidenker.org\/fw17\/wp-content\/uploads\/2015\/01\/flag-3036169_800x445.jpg?fit=800%2C445&ssl=1&resize=525%2C300 1.5x, https:\/\/i0.wp.com\/www.freidenker.org\/fw17\/wp-content\/uploads\/2015\/01\/flag-3036169_800x445.jpg?fit=800%2C445&ssl=1&resize=700%2C400 2x"},"classes":[]},{"id":19914,"url":"https:\/\/www.freidenker.org\/?p=19914","url_meta":{"origin":2983,"position":3},"title":"&#8222;Nie wieder Krieg!&#8220; &#8211; Freidenker-Verband ruft zur Teilnahme am 3. Oktober auf","author":"Webredaktion","date":"27. September 2024","format":false,"excerpt":"Aufruf von Sebastian Bahlo Um den Aufruf zur Demonstration \"Nie wieder Krieg!\", zu der am 3. Oktober 2024 in Berlin aufgerufen wird, gibt es aus naheliegenden Gr\u00fcnden Kontroversen. Nicht ohne Grund hatten wir den Meinungsbeitrag unserer Genossin Dagmar Henn ver\u00f6ffentlicht, der den Text des Aufrufs scharf kritisiert. Diese Kritik teilen\u2026","rel":"","context":"In &quot;Frieden - Antifaschismus - Solidarit\u00e4t&quot;","block_context":{"text":"Frieden - Antifaschismus - Solidarit\u00e4t","link":"https:\/\/www.freidenker.org\/?cat=13"},"img":{"alt_text":"","src":"https:\/\/i0.wp.com\/www.freidenker.org\/fw17\/wp-content\/uploads\/2024\/09\/plakat-demo_2024-10-03_800x450.jpg?fit=800%2C450&ssl=1&resize=350%2C200","width":350,"height":200,"srcset":"https:\/\/i0.wp.com\/www.freidenker.org\/fw17\/wp-content\/uploads\/2024\/09\/plakat-demo_2024-10-03_800x450.jpg?fit=800%2C450&ssl=1&resize=350%2C200 1x, https:\/\/i0.wp.com\/www.freidenker.org\/fw17\/wp-content\/uploads\/2024\/09\/plakat-demo_2024-10-03_800x450.jpg?fit=800%2C450&ssl=1&resize=525%2C300 1.5x, https:\/\/i0.wp.com\/www.freidenker.org\/fw17\/wp-content\/uploads\/2024\/09\/plakat-demo_2024-10-03_800x450.jpg?fit=800%2C450&ssl=1&resize=700%2C400 2x"},"classes":[]},{"id":5501,"url":"https:\/\/www.freidenker.org\/?p=5501","url_meta":{"origin":2983,"position":4},"title":"Merkel und EU wollen Wahrheitsministerium","author":"Webredaktion","date":"27. Oktober 2018","format":false,"excerpt":"In der Rubrik Tagesdosis wurde am 26.10.2018 bei KenFM der Beitrag \u201eMerkel und EU wollen Wahrheitsministerium\u201c von Sebatian Bahlo, Stellvertretender Vorsitzender des Deutschen Freidenker-Verbandes, ver\u00f6ffentlicht. Am 17.10.2018 gab Bundeskanzlerin Merkel im Bundestag eine Regierungserkl\u00e4rung zum bevorstehenden \u201eEurop\u00e4ischen Rat\u201c ab. Zwischen wohlbekannten Allgemeinpl\u00e4tzen, Auslassungen zum \u201eBrexit\u201c, der den unbotm\u00e4\u00dfigen Briten nat\u00fcrlich\u2026","rel":"","context":"In &quot;Demokratie \u2013 Medien \u2013 Aufkl\u00e4rung&quot;","block_context":{"text":"Demokratie \u2013 Medien \u2013 Aufkl\u00e4rung","link":"https:\/\/www.freidenker.org\/?cat=12"},"img":{"alt_text":"","src":"https:\/\/i0.wp.com\/www.freidenker.org\/fw17\/wp-content\/uploads\/2018\/10\/angela_merkel_ttip_caricature_800x445.jpg?fit=800%2C445&ssl=1&resize=350%2C200","width":350,"height":200,"srcset":"https:\/\/i0.wp.com\/www.freidenker.org\/fw17\/wp-content\/uploads\/2018\/10\/angela_merkel_ttip_caricature_800x445.jpg?fit=800%2C445&ssl=1&resize=350%2C200 1x, https:\/\/i0.wp.com\/www.freidenker.org\/fw17\/wp-content\/uploads\/2018\/10\/angela_merkel_ttip_caricature_800x445.jpg?fit=800%2C445&ssl=1&resize=525%2C300 1.5x, https:\/\/i0.wp.com\/www.freidenker.org\/fw17\/wp-content\/uploads\/2018\/10\/angela_merkel_ttip_caricature_800x445.jpg?fit=800%2C445&ssl=1&resize=700%2C400 2x"},"classes":[]},{"id":1158,"url":"https:\/\/www.freidenker.org\/?p=1158","url_meta":{"origin":2983,"position":5},"title":"Die Waffen nieder! &#8211; Friedensdemo in Berlin am 08. Oktober 2016","author":"Webredaktion","date":"17. September 2016","format":false,"excerpt":"Die Waffen nieder! Kooperation statt NATO-Konfrontation Abr\u00fcstung statt Sozialabbau Demonstration in Berlin am 8. Oktober 2016, Auftakt 12:00 Uhr Alexanderplatz \/ Ecke Otto-Braun.Stra\u00dfe Veranstalter: Bundesausschuss Friedensratschlag \/ Kooperation f\u00fcr den Frieden \/ Friedenskoordination Berlin","rel":"","context":"In &quot;Frieden - Antifaschismus - Solidarit\u00e4t&quot;","block_context":{"text":"Frieden - Antifaschismus - Solidarit\u00e4t","link":"https:\/\/www.freidenker.org\/?cat=13"},"img":{"alt_text":"","src":"https:\/\/i0.wp.com\/www.freidenker.org\/fw17\/wp-content\/uploads\/2016\/09\/panzer-1013597_800x445.jpg?fit=800%2C445&ssl=1&resize=350%2C200","width":350,"height":200,"srcset":"https:\/\/i0.wp.com\/www.freidenker.org\/fw17\/wp-content\/uploads\/2016\/09\/panzer-1013597_800x445.jpg?fit=800%2C445&ssl=1&resize=350%2C200 1x, https:\/\/i0.wp.com\/www.freidenker.org\/fw17\/wp-content\/uploads\/2016\/09\/panzer-1013597_800x445.jpg?fit=800%2C445&ssl=1&resize=525%2C300 1.5x, https:\/\/i0.wp.com\/www.freidenker.org\/fw17\/wp-content\/uploads\/2016\/09\/panzer-1013597_800x445.jpg?fit=800%2C445&ssl=1&resize=700%2C400 2x"},"classes":[]}],"_links":{"self":[{"href":"https:\/\/www.freidenker.org\/index.php?rest_route=\/wp\/v2\/posts\/2983","targetHints":{"allow":["GET"]}}],"collection":[{"href":"https:\/\/www.freidenker.org\/index.php?rest_route=\/wp\/v2\/posts"}],"about":[{"href":"https:\/\/www.freidenker.org\/index.php?rest_route=\/wp\/v2\/types\/post"}],"author":[{"embeddable":true,"href":"https:\/\/www.freidenker.org\/index.php?rest_route=\/wp\/v2\/users\/3"}],"replies":[{"embeddable":true,"href":"https:\/\/www.freidenker.org\/index.php?rest_route=%2Fwp%2Fv2%2Fcomments&post=2983"}],"version-history":[{"count":0,"href":"https:\/\/www.freidenker.org\/index.php?rest_route=\/wp\/v2\/posts\/2983\/revisions"}],"wp:featuredmedia":[{"embeddable":true,"href":"https:\/\/www.freidenker.org\/index.php?rest_route=\/wp\/v2\/media\/3711"}],"wp:attachment":[{"href":"https:\/\/www.freidenker.org\/index.php?rest_route=%2Fwp%2Fv2%2Fmedia&parent=2983"}],"wp:term":[{"taxonomy":"category","embeddable":true,"href":"https:\/\/www.freidenker.org\/index.php?rest_route=%2Fwp%2Fv2%2Fcategories&post=2983"},{"taxonomy":"post_tag","embeddable":true,"href":"https:\/\/www.freidenker.org\/index.php?rest_route=%2Fwp%2Fv2%2Ftags&post=2983"}],"curies":[{"name":"wp","href":"https:\/\/api.w.org\/{rel}","templated":true}]}}