{"id":29,"date":"2013-04-02T16:28:43","date_gmt":"2013-04-02T14:28:43","guid":{"rendered":"http:\/\/www.freidenker.org\/fw17\/?p=29"},"modified":"2017-12-27T21:18:41","modified_gmt":"2017-12-27T20:18:41","slug":"gruendung-des-buendnisses-gegen-folter-in-der-psychiatrie-2","status":"publish","type":"post","link":"https:\/\/www.freidenker.org\/?p=29","title":{"rendered":"Gr\u00fcndung des B\u00fcndnisses gegen Folter in der Psychiatrie"},"content":{"rendered":"<p>Der Deutsche Freidenker-Verband unterst\u00fctzt und begr\u00fc\u00dft die Gr\u00fcndung des <strong><em>B\u00fcndnisses gegen Folter in der Psychiatrie<\/em><\/strong>. Folgend der Gr\u00fcndungsaufruf des B\u00fcndnisses:<\/p>\n<p>Die unterzeichnenden Organisationen<\/p>\n<ul>\n<li>haben zur Kenntnis genommen, dass der UN-Sonderberichterstatter \u00fcber Folter, Juan E M\u00e9ndez, beim UN-Hochkommissariat f\u00fcr Menschenrechte\u00a0 in der 22. Sitzung des &#8222;Human Rights Council&#8220; am 4. M\u00e4rz 2013 Zwangsbehandlung in der Psychiatrie zu Folter, bzw. grausamer, unmenschlicher oder entw\u00fcrdigender Behandlung erkl\u00e4rt hat.<\/li>\n<li>unterst\u00fctzen die Forderung des Sonderberichterstatters, dass\u00a0 <em>&#8222;alle Staaten ein absolutes Verbot aller medizinischen nicht einvernehmlichen bzw. Zwangsbehandlungen von Personen mit Behinderungen verh\u00e4ngen sollten, einschlie\u00dflich der nicht-einvernehmlicher Psychochirurgie, Elektroschocks und Verabreichung bewusstseinsver\u00e4ndernden Drogen, sowohl in lang-wie kurzfristige Anwendung. Die Verpflichtung, erzwungene psychiatrische Behandlung wegen einer Behinderung zu beenden, ist sofort zu verwirklichen und auch knappe finanzielle Ressourcen k\u00f6nnen keinen Aufschub der Umsetzung rechtfertigen.&#8220; *<\/em><\/li>\n<\/ul>\n<p>Deshalb fordern wir alle Landes- und den Bundesgesetzgeber auf, alle Sondergesetze, die psychiatrische Zwangsbehandlung legalisieren**, sofort f\u00fcr ung\u00fcltig zu erkl\u00e4ren. Nur so kann kurzfristig die Forderung nach einem absoluten Folterverbot in Deutschland verwirklicht werden. <em>Das Verbot der Folter ist <em>eines der wenigen absoluten und unver\u00e4u\u00dferlichen Menschenrechte, ein <\/em><\/em>ius cogens<em><em>, eine zwingende Norm des internationalen Rechts.<\/em><\/em><em>***<br \/>\n<\/em><\/p>\n<p><strong>Anmerkungen<\/strong><\/p>\n<p>*\u00a0 <small><small>Seite 5 der <a href=\"http:\/\/mdac.info\/sites\/mdac.info\/files\/march_4_torture.pdf\" target=\"_new\">Rede von Juan E M\u00e9ndez<\/a>: States should impose an absolute ban on all forced and non-consensual medical interventions against persons with disabilities, including the non-consensual administration of psychosurgery, electroshock and mind-altering drugs, for both long- and short- term application. The obligation to end forced psychiatric interventions based on grounds of disability is of immediate application and scarce financial resources cannot justify postponement of its implementation.<br \/>\n**\u00a0 Die entsprechenden Teile aller PsychKGe, Ma\u00dfregelvollzugsgesetze und des neugeschaffenen 1906 BGB werden ersatzlos gestrichen.<\/small><\/small><br \/>\n***<small><small>Aus dem<a href=\"http:\/\/www.ohchr.org\/Documents\/HRBodies\/HRCouncil\/RegularSession\/Session22\/A.HRC.22.53_English.pdf\" target=\"_new\"> Bericht A\/HRC\/22\/53<\/a> des Sonderberichterstatters vom Februar 2013, Abschnitt 82.: The prohibition of torture is one of the few absolute and non-derogable human rights, a matter of jus cogens, a peremptory norm of customary international law.<br \/>\n<\/small><\/small><\/p>\n<p><em><br \/>\n<\/em>Weitere Informationen zum B\u00fcndnis sind auf der Webseite <strong><a href=\"http:\/\/www.folter-abschaffen.de\/\" target=\"_new\">http:\/\/www.folter-abschaffen.de<\/a><\/strong> erh\u00e4ltlich.<\/p>\n<hr \/>\n<p><strong>Bild:<\/strong> FreeImages.com\/Artist\u2019s Member Name: Nick Winchester<\/p>\n","protected":false},"excerpt":{"rendered":"<p><strong>Der Deutsche Freidenker-Verband unterst\u00fctzt und begr\u00fc\u00dft die Gr\u00fcndung des B\u00fcndnisses gegen Folter in der Psychiatrie. <\/strong><br \/>\nAus dem Gr\u00fcndungsaufruf des B\u00fcndnisses: &#8222;&#8230; Deshalb fordern wir alle Landes- und den Bundesgesetzgeber auf, alle Sondergesetze, die psychiatrische Zwangsbehandlung legalisieren, sofort f\u00fcr ung\u00fcltig zu erkl\u00e4ren. Nur so kann kurzfristig die Forderung nach einem absoluten Folterverbot in Deutschland verwirklicht werden. Das Verbot der Folter ist eines der wenigen absoluten und unver\u00e4u\u00dferlichen Menschenrechte, ein ius cogens, eine zwingende Norm des internationalen Rechts.&#8220;<\/p>\n","protected":false},"author":2,"featured_media":20,"comment_status":"closed","ping_status":"closed","sticky":false,"template":"","format":"standard","meta":{"colormag_page_container_layout":"default_layout","colormag_page_sidebar_layout":"default_layout","advanced_seo_description":"","jetpack_seo_html_title":"","jetpack_seo_noindex":false,"jetpack_post_was_ever_published":false,"footnotes":""},"categories":[11,12],"tags":[383,107,382,384],"class_list":["post-29","post","type-post","status-publish","format-standard","has-post-thumbnail","hentry","category-arbeit-soziales","category-demokratie-medien-aufklaerung","tag-folter","tag-gesundheit","tag-psychiatrie","tag-zwang"],"jetpack_featured_media_url":"https:\/\/i0.wp.com\/www.freidenker.org\/fw17\/wp-content\/uploads\/2016\/05\/Spitzen.jpg?fit=800%2C445&ssl=1","jetpack_shortlink":"https:\/\/wp.me\/p9stpK-t","jetpack-related-posts":[{"id":3221,"url":"https:\/\/www.freidenker.org\/?p=3221","url_meta":{"origin":29,"position":0},"title":"Aktiv werden gegen NATO-Kriegspolitik!","author":"Webredaktion","date":"29. Dezember 2009","format":false,"excerpt":"Die Freidenker unterst\u00fctzten den aktuellen Aufruf des Aktionsb\u00fcndnisses Gegen die Nato-Sicherheitskonferenz 2010. Darin hei\u00dft es: Den Regierungsmitgliedern der NATO-Staaten, den Milit\u00e4rs, Kriegsstrategen und R\u00fcstungslobbyisten, die sich allj\u00e4hrlich zur so genannten Sicherheitskonferenz in M\u00fcnchen treffen, ist eines gemeinsam: Sie sind mit verantwortlich f\u00fcr die v\u00f6lkerrechtswidrigen Kriege gegen Jugoslawien, gegen den Irak\u2026","rel":"","context":"In &quot;Frieden - Antifaschismus - Solidarit\u00e4t&quot;","block_context":{"text":"Frieden - Antifaschismus - Solidarit\u00e4t","link":"https:\/\/www.freidenker.org\/?cat=13"},"img":{"alt_text":"","src":"https:\/\/i0.wp.com\/www.freidenker.org\/fw17\/wp-content\/uploads\/2009\/12\/2010-02-06-wr-8048_800x445.jpg?fit=800%2C445&ssl=1&resize=350%2C200","width":350,"height":200,"srcset":"https:\/\/i0.wp.com\/www.freidenker.org\/fw17\/wp-content\/uploads\/2009\/12\/2010-02-06-wr-8048_800x445.jpg?fit=800%2C445&ssl=1&resize=350%2C200 1x, https:\/\/i0.wp.com\/www.freidenker.org\/fw17\/wp-content\/uploads\/2009\/12\/2010-02-06-wr-8048_800x445.jpg?fit=800%2C445&ssl=1&resize=525%2C300 1.5x, https:\/\/i0.wp.com\/www.freidenker.org\/fw17\/wp-content\/uploads\/2009\/12\/2010-02-06-wr-8048_800x445.jpg?fit=800%2C445&ssl=1&resize=700%2C400 2x"},"classes":[]},{"id":9452,"url":"https:\/\/www.freidenker.org\/?p=9452","url_meta":{"origin":29,"position":1},"title":"Der beschr\u00e4nkte Debattenraum","author":"Webredaktion","date":"31. Januar 2021","format":false,"excerpt":"Amnesty International und der Fall Julian Assange - Beitrag von Ansgar Schneider und Thespina Lazaridu. Am 26. November 2020 richteten sich 152 Erstunterzeichner eines Offenen Briefes, darunter zahlreiche Freidenker und die Autoren dieses Beitrages sowie auch der Herausgeber und Autoren der NachDenkSeiten, an Amnesty International Deutschland (AID). Darin wurde AID\u2026","rel":"","context":"In &quot;Frieden - Antifaschismus - Solidarit\u00e4t&quot;","block_context":{"text":"Frieden - Antifaschismus - Solidarit\u00e4t","link":"https:\/\/www.freidenker.org\/?cat=13"},"img":{"alt_text":"","src":"https:\/\/i0.wp.com\/www.freidenker.org\/fw17\/wp-content\/uploads\/2021\/01\/amnesty_assange_800x450.jpg?fit=800%2C450&ssl=1&resize=350%2C200","width":350,"height":200,"srcset":"https:\/\/i0.wp.com\/www.freidenker.org\/fw17\/wp-content\/uploads\/2021\/01\/amnesty_assange_800x450.jpg?fit=800%2C450&ssl=1&resize=350%2C200 1x, https:\/\/i0.wp.com\/www.freidenker.org\/fw17\/wp-content\/uploads\/2021\/01\/amnesty_assange_800x450.jpg?fit=800%2C450&ssl=1&resize=525%2C300 1.5x, https:\/\/i0.wp.com\/www.freidenker.org\/fw17\/wp-content\/uploads\/2021\/01\/amnesty_assange_800x450.jpg?fit=800%2C450&ssl=1&resize=700%2C400 2x"},"classes":[]},{"id":8616,"url":"https:\/\/www.freidenker.org\/?p=8616","url_meta":{"origin":29,"position":2},"title":"Kafkaesker Schauprozess","author":"Webredaktion","date":"20. September 2020","format":false,"excerpt":"Beitrag von Peter Betscher Am 7. September 2020 wurde das Anh\u00f6rungsverfahren zur Auslieferung von Julian Assange im Zentralen Strafgerichtshof Old Bailey im Zentrum von London fortgesetzt - nicht wie im Februar 2020 im Woolwich Crown Court, das dem Hochsicherheitsgef\u00e4ngnis Belmarsh direkt angeschlossen ist. Zur Erinnerung: Julian Assange sitzt unschuldig im\u2026","rel":"","context":"In &quot;Frieden - Antifaschismus - Solidarit\u00e4t&quot;","block_context":{"text":"Frieden - Antifaschismus - Solidarit\u00e4t","link":"https:\/\/www.freidenker.org\/?cat=13"},"img":{"alt_text":"","src":"https:\/\/i0.wp.com\/www.freidenker.org\/fw17\/wp-content\/uploads\/2020\/09\/assange_02-2020-09-05-pb-0953_800x450_v2.jpg?fit=800%2C450&ssl=1&resize=350%2C200","width":350,"height":200,"srcset":"https:\/\/i0.wp.com\/www.freidenker.org\/fw17\/wp-content\/uploads\/2020\/09\/assange_02-2020-09-05-pb-0953_800x450_v2.jpg?fit=800%2C450&ssl=1&resize=350%2C200 1x, https:\/\/i0.wp.com\/www.freidenker.org\/fw17\/wp-content\/uploads\/2020\/09\/assange_02-2020-09-05-pb-0953_800x450_v2.jpg?fit=800%2C450&ssl=1&resize=525%2C300 1.5x, https:\/\/i0.wp.com\/www.freidenker.org\/fw17\/wp-content\/uploads\/2020\/09\/assange_02-2020-09-05-pb-0953_800x450_v2.jpg?fit=800%2C450&ssl=1&resize=700%2C400 2x"},"classes":[]},{"id":24903,"url":"https:\/\/www.freidenker.org\/?p=24903","url_meta":{"origin":29,"position":3},"title":"Wenn der T\u00e4ter sich zum Richter erhebt","author":"Webredaktion","date":"18. April 2026","format":false,"excerpt":"Einige Anmerkungen zur Einf\u00fchrung der Todesstrafe f\u00fcr pal\u00e4stinensische \u201eTerroristen\u201c in Israel Beitrag von Arn Strohmeyer Wer es bisher immer noch nicht geglaubt oder sogar abgestritten hat, dass Israel ein Apartheidstaat ist, jetzt hat er den endg\u00fcltigen Beweis daf\u00fcr. Der zionistische Staat hat die Todesstrafe eingef\u00fchrt \u2013 aber nur f\u00fcr Pal\u00e4stinenser!\u2026","rel":"","context":"In &quot;Aktuelles&quot;","block_context":{"text":"Aktuelles","link":"https:\/\/www.freidenker.org\/?cat=574"},"img":{"alt_text":"","src":"https:\/\/i0.wp.com\/www.freidenker.org\/fw17\/wp-content\/uploads\/2026\/04\/The_knesset_illuminated_800x450.jpg?fit=800%2C450&ssl=1&resize=350%2C200","width":350,"height":200,"srcset":"https:\/\/i0.wp.com\/www.freidenker.org\/fw17\/wp-content\/uploads\/2026\/04\/The_knesset_illuminated_800x450.jpg?fit=800%2C450&ssl=1&resize=350%2C200 1x, https:\/\/i0.wp.com\/www.freidenker.org\/fw17\/wp-content\/uploads\/2026\/04\/The_knesset_illuminated_800x450.jpg?fit=800%2C450&ssl=1&resize=525%2C300 1.5x, https:\/\/i0.wp.com\/www.freidenker.org\/fw17\/wp-content\/uploads\/2026\/04\/The_knesset_illuminated_800x450.jpg?fit=800%2C450&ssl=1&resize=700%2C400 2x"},"classes":[]},{"id":15340,"url":"https:\/\/www.freidenker.org\/?p=15340","url_meta":{"origin":29,"position":4},"title":"K\u00f6nnen wir dieser Regierung noch vertrauen?","author":"Webredaktion","date":"21. Februar 2023","format":false,"excerpt":"Aufruf zur Protestkundgebung am Samstag, den 25. Februar 2023 um 10:00 Uhr in Brandenburg\/Havel, Neust\u00e4dtischer Markt Pressemitteilung des B\u00fcndnisses f\u00fcr Frieden: \"Am 24.2. wird es in zahlreichen Medien um die Tatsache gehen, dass 365 Tage Krieg in der Ukraine herrscht. Kein Wort wird davon zu h\u00f6ren sein, dass die Besch\u00fcsse\u2026","rel":"","context":"In &quot;Frieden - Antifaschismus - Solidarit\u00e4t&quot;","block_context":{"text":"Frieden - Antifaschismus - Solidarit\u00e4t","link":"https:\/\/www.freidenker.org\/?cat=13"},"img":{"alt_text":"","src":"https:\/\/i0.wp.com\/www.freidenker.org\/fw17\/wp-content\/uploads\/2023\/02\/mahnwache_bbg_2023_800x450.jpg?fit=800%2C450&ssl=1&resize=350%2C200","width":350,"height":200,"srcset":"https:\/\/i0.wp.com\/www.freidenker.org\/fw17\/wp-content\/uploads\/2023\/02\/mahnwache_bbg_2023_800x450.jpg?fit=800%2C450&ssl=1&resize=350%2C200 1x, https:\/\/i0.wp.com\/www.freidenker.org\/fw17\/wp-content\/uploads\/2023\/02\/mahnwache_bbg_2023_800x450.jpg?fit=800%2C450&ssl=1&resize=525%2C300 1.5x, https:\/\/i0.wp.com\/www.freidenker.org\/fw17\/wp-content\/uploads\/2023\/02\/mahnwache_bbg_2023_800x450.jpg?fit=800%2C450&ssl=1&resize=700%2C400 2x"},"classes":[]},{"id":2986,"url":"https:\/\/www.freidenker.org\/?p=2986","url_meta":{"origin":29,"position":5},"title":"&#8222;Deutschland raus aus der NATO&#8220;: DFV-Weckruf an den Bundestag","author":"Webredaktion","date":"8. September 2015","format":false,"excerpt":"Interview von Klaus Hartmann, Bundesvorsitzender des Deutschen Freidenker-Verbandes, mit Sputnik Deutschland \"Deutschland raus aus der Nato, Nato raus aus Deutschland\" \u2013 fordert der Deutsche Freidenker-Verband in seinem Aufruf an die Bundestagsabgeordneten. Der Appell ist eine Reaktion auf den Nato-Konfrontationskurs gegen Russland, wie der DFV-Vorstand erkl\u00e4rt. Nach 1990 erlebte die Nato\u2026","rel":"","context":"In &quot;Frieden - Antifaschismus - Solidarit\u00e4t&quot;","block_context":{"text":"Frieden - Antifaschismus - Solidarit\u00e4t","link":"https:\/\/www.freidenker.org\/?cat=13"},"img":{"alt_text":"","src":"https:\/\/i0.wp.com\/www.freidenker.org\/fw17\/wp-content\/uploads\/2015\/09\/the-eleventh-hour-758726_800x445.jpg?fit=800%2C445&ssl=1&resize=350%2C200","width":350,"height":200,"srcset":"https:\/\/i0.wp.com\/www.freidenker.org\/fw17\/wp-content\/uploads\/2015\/09\/the-eleventh-hour-758726_800x445.jpg?fit=800%2C445&ssl=1&resize=350%2C200 1x, https:\/\/i0.wp.com\/www.freidenker.org\/fw17\/wp-content\/uploads\/2015\/09\/the-eleventh-hour-758726_800x445.jpg?fit=800%2C445&ssl=1&resize=525%2C300 1.5x, https:\/\/i0.wp.com\/www.freidenker.org\/fw17\/wp-content\/uploads\/2015\/09\/the-eleventh-hour-758726_800x445.jpg?fit=800%2C445&ssl=1&resize=700%2C400 2x"},"classes":[]}],"_links":{"self":[{"href":"https:\/\/www.freidenker.org\/index.php?rest_route=\/wp\/v2\/posts\/29","targetHints":{"allow":["GET"]}}],"collection":[{"href":"https:\/\/www.freidenker.org\/index.php?rest_route=\/wp\/v2\/posts"}],"about":[{"href":"https:\/\/www.freidenker.org\/index.php?rest_route=\/wp\/v2\/types\/post"}],"author":[{"embeddable":true,"href":"https:\/\/www.freidenker.org\/index.php?rest_route=\/wp\/v2\/users\/2"}],"replies":[{"embeddable":true,"href":"https:\/\/www.freidenker.org\/index.php?rest_route=%2Fwp%2Fv2%2Fcomments&post=29"}],"version-history":[{"count":0,"href":"https:\/\/www.freidenker.org\/index.php?rest_route=\/wp\/v2\/posts\/29\/revisions"}],"wp:featuredmedia":[{"embeddable":true,"href":"https:\/\/www.freidenker.org\/index.php?rest_route=\/wp\/v2\/media\/20"}],"wp:attachment":[{"href":"https:\/\/www.freidenker.org\/index.php?rest_route=%2Fwp%2Fv2%2Fmedia&parent=29"}],"wp:term":[{"taxonomy":"category","embeddable":true,"href":"https:\/\/www.freidenker.org\/index.php?rest_route=%2Fwp%2Fv2%2Fcategories&post=29"},{"taxonomy":"post_tag","embeddable":true,"href":"https:\/\/www.freidenker.org\/index.php?rest_route=%2Fwp%2Fv2%2Ftags&post=29"}],"curies":[{"name":"wp","href":"https:\/\/api.w.org\/{rel}","templated":true}]}}