{"id":2895,"date":"2014-12-17T02:22:11","date_gmt":"2014-12-17T01:22:11","guid":{"rendered":"http:\/\/www.freidenker.org\/?p=2895"},"modified":"2017-12-30T19:27:22","modified_gmt":"2017-12-30T18:27:22","slug":"russland-imperialistisches-land-oder-widerpart-des-imperialismus","status":"publish","type":"post","link":"https:\/\/www.freidenker.org\/?p=2895","title":{"rendered":"Russland: \u201eImperialistisches Land\u201c oder Widerpart des Imperialismus?"},"content":{"rendered":"<p>Aus: <a href=\"https:\/\/www.freidenker.org\/?p=807\">\u201eFREIDENKER\u201c Nr. 4-14 EXTRA<\/a>, Dezember 2014, S. 44-56, 73. Jahrgang<\/p>\n<p>von <em><strong>Klaus Hartmann<\/strong><\/em><\/p>\n<p><em>Beitrag auf der Konferenz \u201eDer &#8222;Westen&#8220; und Russland\u201c am 06.09.2014 in Berlin<\/em><\/p>\n<p>&nbsp;<\/p>\n<p>Ich beginne mit einem Zitat, von unserem Freidenker-Beiratsmitglied, dem Schriftsteller Andr\u00e9 M\u00fcller sen., den eine lebenslange enge Freundschaft mit Peter Hacks verband. In seinen 2008 im Eulenspiegel-Verlag erschienenen \u201eGespr\u00e4chen mit Hacks\u201c berichtet M\u00fcller vom Mai 2000: \u201eIrgendwann kommen wir auf die Russen zu sprechen. Ich sagte, das H\u00f6chste, was man unter den obwaltenden Umst\u00e4nden verlangen k\u00f6nne, sei, dass die begonnene Balkanisierung der fr\u00fcheren Sowjetunion nicht weitergetrieben und gestoppt, und dass das Land als Gro\u00dfmacht erhalten werde. Als ich sage, der Westen f\u00fchre den Kampf gegen die Russen mit der gleichen Heftigkeit, mit der er den Kampf gegen den Kommunismus gef\u00fchrt habe, sagt Hacks: \u201aEs gibt einfach noch zuviel sozialistische Tradition in dem Land, und es bleibt f\u00fcr den Imperialismus immer die gefahrvollste Stelle f\u00fcr einen R\u00fcckfall, oder einfach auch nur die Gefahr eines R\u00fcckfalls in eine antiamerikanische Politik, alleine durch die M\u00f6glichkeit einer wirtschaftlichen und milit\u00e4rischen Erstarkung. Deshalb die Fortdauer der Hetze gegen die &gt;undemokratischen Zust\u00e4nde&lt;. Du hast es schon gesagt, zufrieden ist der Imperialismus erst dann, wenn das Land vollkommen balkanisiert und zerst\u00fcckelt wird, eben wie Jugoslawien\u201c.<a href=\"#_edn1\" name=\"_ednref1\">[1]<\/a><\/p>\n<p><strong>Hilflos gegen\u00fcber der NATO-Propaganda?<\/strong><\/p>\n<p>Im Konflikt um die Ukraine bzw. im Verh\u00e4ltnis zu Russland erleben wir wieder, was sich seit l\u00e4ngerer Zeit in Teilen der Friedensbewegung eingeb\u00fcrgert hat. Von Milosevic angefangen bis Gaddafi und Assad \u2013 immer das gleiche Lied: vor einer Verurteilung der US-\/NATO-Aggressionen erstmal gr\u00fcndlich vom Angegriffenen distanzieren. Und das, obwohl auch die Aggressoren immer wieder die gleiche Platte auflegen: \u201eDiktator\u201c, \u201eMachthaber\u201c, \u201eRegime\u201c, \u201eSchl\u00e4chter\u201c, \u201eneuer Hitler\u201c. Neben dem beabsichtigten Effekt der psychologischen Kriegsvorbereitung lautet die Botschaft: Die politische F\u00fchrung ist illegitim, also vogelfrei, also die Geltung des V\u00f6lkerrechts suspendiert.<\/p>\n<p>In dieser Situation zu betonen, man sei \u201enicht der Freund\u201c des jeweils ausgerufenen neuen Hitler, ist nicht nur arm, sondern schon deshalb unsagbar d\u00e4mlich, weil der betreffende Staatschef unseren dementierenden Friedensfreund gar nicht kennen d\u00fcrfte. Die Dauerdistanziererei aus Kreisen der Friedensbewegung macht den fatalen Eindruck: \u201aDie Kriegsgr\u00fcnde sind vielleicht nicht ganz falsch, nur die Bomben lehnen wir ab\u2018. Mit der bekannt verheerenden Wirkung f\u00fcr die Mobilisierungsf\u00e4higkeit. Und beim n\u00e4chsten Krieg \u2013 alles zur\u00fcck auf Anfang.<\/p>\n<p>Jetzt also gegen Russland. Genau genommen gingen die Weltordnungskriege seit den 1990er Jahren immer schon indirekt gegen Russland, dienten seiner \u201aEind\u00e4mmung\u2018 und milit\u00e4rischen Einkreisung. Die NATO ist zur\u00fcck bei ihrem Gr\u00fcndungsauftrag, nur jetzt nicht mehr gegen die Roten, sondern gegen den Feind von 1914 und fr\u00fcher. Das \u201eHamburger Abendblatt\u201c vom 03.03.14 \u00fcbertitelt seinen Leitartikel \u201eUkraine-Krise erinnert fatal an 1914\u201c.<\/p>\n<p>Die Begleitkampagnen der Konzernmedien lauten \u201ePutins Wahlf\u00e4lschung\u201c, \u201eFreiheit f\u00fcr Chodorkowsky\u201c, \u201eRussland besch\u00fctzt Syriens Schl\u00e4chter\u201c, \u201eFreiheit f\u00fcr den M\u00f6sen- Aufstand\u201c, \u201ePutins Olympische Spiele\u201c, \u201ePutins Krim-Annexion\u201c etc. Die Massenmedien tun ihr M\u00f6glichstes, die Konsumenten auf Westkurs zu halten. Wer nicht gehorcht, wird als \u201eRusslandversteher\u201c oder \u201ePutin-Freund\u201c diffamiert \u2013 falls man es denn als Diffamierung und nicht als Auszeichnung auffasst.<\/p>\n<p>Bemerkenswert: die Bev\u00f6lkerung reagiert, anders als bei den vorangegangenen Kriegen, viel sensibler, alarmierter. Umfragen und die Flut von Zuschriften an die Redaktionen sprechen eine deutliche Sprache. Offen und massenhaft wird den Propagandal\u00fcgen und Desinformationen widersprochen. Offensichtlich sp\u00fcren viele, dass uns die Ukraine n\u00e4her liegt als viele bisherige Kriegsschaupl\u00e4tze und die Gefahr eines gro\u00dfen Weltbrandes n\u00e4her r\u00fcckt. 75% lehnen eine st\u00e4rkere NATO-Pr\u00e4senz in Osteuropa ab (infratest dimap), 77% halten die West-Kritik an Russland f\u00fcr heuchlerisch (Tagesspiegel), 89% sind f\u00fcr Gespr\u00e4che statt Isolation (infratest dimap) und ebenfalls 89% haben Verst\u00e4ndnis f\u00fcr Putins Kurs (ntv).<\/p>\n<p>Und wie reagieren Linke und Friedensbewegte in dieser Situation? Wird die Massenstimmung verst\u00e4rkt und zur Mobilisierung genutzt? Jetzt also Solidarit\u00e4t mit Russland? Weit gefehlt. Teile der Bewegung zieren sich nicht nur, sie lehnen das rundweg ab. Der Deutsche Freidenker-Verband formulierte: \u201eDie einzige Chance zur Verteidigung des Friedens besteht in der Ann\u00e4herung an Russland. Die Russische F\u00f6deration ist die Schutzmacht des Friedens in Europa. Nur an der Seite Russlands kann ein 3. Weltkrieg verhindert werden. Nur in Solidarit\u00e4t mit Russland kann die Friedensbewegung, gerade in Deutschland, wieder zu einem ernstzunehmenden Faktor werden. Nur im B\u00fcndnis mit Russland hat unsere Forderung \u201aDeutschland raus aus der NATO &#8212; NATO raus aus Deutschland\u2018 eine realistische Durchsetzungsperspektive.\u201c Neben beachtlicher Zustimmung gab es dazu Kopfsch\u00fctteln, Widerspruch und Ablehnung.<\/p>\n<p>&#8230;<\/p>\n<p>[Auszug]<\/p>\n<p style=\"text-align: right;\"><em>Klaus Hartmann ist Vorsitzender des Deutschen Freidenker-Verbandes<\/em><\/p>\n<p><a href=\"#_ednref1\" name=\"_edn1\">[1]<\/a> Andr\u00e9 M\u00fcller sen., Gespr\u00e4che mit Hacks, S. 409, Berlin 2008<\/p>\n<hr \/>\n<h5>Download<\/h5>\n<p>Der vollst\u00e4ndige Artikel kann hier als PDF-Dokument angesehen und heruntergeladen werden:<\/p>\n<p><img loading=\"lazy\" decoding=\"async\" data-attachment-id=\"1076\" data-permalink=\"https:\/\/www.freidenker.org\/?attachment_id=1076\" data-orig-file=\"https:\/\/i0.wp.com\/www.freidenker.org\/fw17\/wp-content\/uploads\/2017\/10\/pdf_icon-2.png?fit=32%2C32&amp;ssl=1\" data-orig-size=\"32,32\" data-comments-opened=\"0\" data-image-meta=\"{&quot;aperture&quot;:&quot;0&quot;,&quot;credit&quot;:&quot;&quot;,&quot;camera&quot;:&quot;&quot;,&quot;caption&quot;:&quot;&quot;,&quot;created_timestamp&quot;:&quot;0&quot;,&quot;copyright&quot;:&quot;&quot;,&quot;focal_length&quot;:&quot;0&quot;,&quot;iso&quot;:&quot;0&quot;,&quot;shutter_speed&quot;:&quot;0&quot;,&quot;title&quot;:&quot;&quot;,&quot;orientation&quot;:&quot;0&quot;}\" data-image-title=\"pdf_icon\" data-image-description=\"\" data-image-caption=\"\" data-large-file=\"https:\/\/i0.wp.com\/www.freidenker.org\/fw17\/wp-content\/uploads\/2017\/10\/pdf_icon-2.png?fit=32%2C32&amp;ssl=1\" class=\"alignnone size-full wp-image-1076\" src=\"https:\/\/i0.wp.com\/www.freidenker.org\/fw17\/wp-content\/uploads\/2017\/10\/pdf_icon-2.png?resize=32%2C32\" alt=\"\" width=\"32\" height=\"32\" data-attachment-id=\"1076\" data-permalink=\"https:\/\/www.freidenker.org\/?attachment_id=1076\" data-orig-file=\"https:\/\/i0.wp.com\/www.freidenker.org\/fw17\/wp-content\/uploads\/2017\/10\/pdf_icon-2.png?fit=32%2C32\" data-orig-size=\"32,32\" data-comments-opened=\"0\" data-image-meta=\"{&quot;aperture&quot;:&quot;0&quot;,&quot;credit&quot;:&quot;&quot;,&quot;camera&quot;:&quot;&quot;,&quot;caption&quot;:&quot;&quot;,&quot;created_timestamp&quot;:&quot;0&quot;,&quot;copyright&quot;:&quot;&quot;,&quot;focal_length&quot;:&quot;0&quot;,&quot;iso&quot;:&quot;0&quot;,&quot;shutter_speed&quot;:&quot;0&quot;,&quot;title&quot;:&quot;&quot;,&quot;orientation&quot;:&quot;0&quot;}\" data-image-title=\"pdf_icon_32\" data-image-description=\"\" data-medium-file=\"https:\/\/i0.wp.com\/www.freidenker.org\/fw17\/wp-content\/uploads\/2017\/10\/pdf_icon-2.png?fit=32%2C32\" data-large-file=\"https:\/\/i0.wp.com\/www.freidenker.org\/fw17\/wp-content\/uploads\/2017\/10\/pdf_icon-2.png?fit=32%2C32\" \/>\u00a0\u00a0 <a href=\"https:\/\/www.freidenker.org\/fw17\/wp-content\/uploads\/2016\/08\/freidenker-14-04-hartmann.pdf\" target=\"_blank\" rel=\"noopener\">Klaus Hartmann: Russland &#8211; \u201eImperialistisches Land\u201c oder Widerpart des Imperialismus?<\/a> (Auszug aus FREIDENKER 4-14, ca. 670 KB)<\/p>\n<hr \/>\n<p>Bild: pixabay.com \/ User: WikiImages<\/p>\n","protected":false},"excerpt":{"rendered":"<p><strong>Beitrag von Klaus Hartmann auf der Konferenz \u201eDer &#8222;Westen&#8220; und Russland\u201c am 06.09.2014 in Berlin. Aus: FREIDENKER 4-14<\/strong><br \/>\nIm Konflikt um die Ukraine bzw. im Verh\u00e4ltnis zu Russland erleben wir wieder, was sich seit l\u00e4ngerer Zeit in Teilen der Friedensbewegung eingeb\u00fcrgert hat. Von Milosevic angefangen bis Gaddafi und Assad \u2013 immer das gleiche Lied: vor einer Verurteilung der US-\/NATO-Aggressionen erstmal gr\u00fcndlich vom Angegriffenen distanzieren. Und das, obwohl auch die Aggressoren immer wieder die gleiche Platte auflegen: \u201eDiktator\u201c, \u201eMachthaber\u201c, \u201eRegime\u201c, \u201eSchl\u00e4chter\u201c, \u201eneuer Hitler\u201c. Neben dem beabsichtigten Effekt der psychologischen Kriegsvorbereitung lautet die Botschaft: Die politische F\u00fchrung ist illegitim, also vogelfrei, also die Geltung des V\u00f6lkerrechts suspendiert.<\/p>\n","protected":false},"author":3,"featured_media":2897,"comment_status":"closed","ping_status":"closed","sticky":false,"template":"","format":"standard","meta":{"colormag_page_container_layout":"default_layout","colormag_page_sidebar_layout":"default_layout","advanced_seo_description":"","jetpack_seo_html_title":"","jetpack_seo_noindex":false,"jetpack_post_was_ever_published":false,"footnotes":""},"categories":[12],"tags":[272,224,223,222,639],"class_list":["post-2895","post","type-post","status-publish","format-standard","has-post-thumbnail","hentry","category-demokratie-medien-aufklaerung","tag-der-westen-und-russland","tag-frieden-mit-russland","tag-putin","tag-russland","tag-ukraine-konflikt"],"jetpack_featured_media_url":"https:\/\/i0.wp.com\/www.freidenker.org\/fw17\/wp-content\/uploads\/2017\/12\/honor-guard-67636_800x445.jpg?fit=800%2C445&ssl=1","jetpack_shortlink":"https:\/\/wp.me\/p9stpK-KH","jetpack-related-posts":[{"id":14148,"url":"https:\/\/www.freidenker.org\/?p=14148","url_meta":{"origin":2895,"position":0},"title":"Vom Westen gibt es Informationen, von Russland Propaganda?","author":"Webredaktion","date":"5. September 2022","format":false,"excerpt":"Beitrag von Gert Ewen Ungar Nicht erst seit dem 24. Februar 2022, sondern schon seit Jahren tobt ein Informationskrieg. Es sind dabei die westlichen Medien, die ihr Narrativ, die westliche Sicht auf die Dinge in den Status einer allgemein verbindlichen Wahrheit heben wollen. Unhinterfragt dabei ist: Wir sind der Westen,\u2026","rel":"","context":"In &quot;Demokratie \u2013 Medien \u2013 Aufkl\u00e4rung&quot;","block_context":{"text":"Demokratie \u2013 Medien \u2013 Aufkl\u00e4rung","link":"https:\/\/www.freidenker.org\/?cat=12"},"img":{"alt_text":"","src":"https:\/\/i0.wp.com\/www.freidenker.org\/fw17\/wp-content\/uploads\/2022\/09\/mascha_631051e148fbef67e910f629_800x450.jpg?fit=800%2C450&ssl=1&resize=350%2C200","width":350,"height":200,"srcset":"https:\/\/i0.wp.com\/www.freidenker.org\/fw17\/wp-content\/uploads\/2022\/09\/mascha_631051e148fbef67e910f629_800x450.jpg?fit=800%2C450&ssl=1&resize=350%2C200 1x, https:\/\/i0.wp.com\/www.freidenker.org\/fw17\/wp-content\/uploads\/2022\/09\/mascha_631051e148fbef67e910f629_800x450.jpg?fit=800%2C450&ssl=1&resize=525%2C300 1.5x, https:\/\/i0.wp.com\/www.freidenker.org\/fw17\/wp-content\/uploads\/2022\/09\/mascha_631051e148fbef67e910f629_800x450.jpg?fit=800%2C450&ssl=1&resize=700%2C400 2x"},"classes":[]},{"id":20407,"url":"https:\/\/www.freidenker.org\/?p=20407","url_meta":{"origin":2895,"position":1},"title":"Rede im O-Ton: Putin k\u00fcndigt Angriffe an","author":"Webredaktion","date":"24. November 2024","format":false,"excerpt":"Beitrag von Thomas R\u00f6per Am Donnerstag wurde gemeldet, dass Russland angeblich mit einer ballistischen Rakete ein Ziel in der Ukraine angegriffen hat. Wie sich nun herausstellt, war das eine neue, bisher geheime Hyperschallwaffe, die Russland als Warnung an den Westen eingesetzt hat. Das hat der russische Pr\u00e4sident Putin in seiner\u2026","rel":"","context":"In &quot;Demokratie \u2013 Medien \u2013 Aufkl\u00e4rung&quot;","block_context":{"text":"Demokratie \u2013 Medien \u2013 Aufkl\u00e4rung","link":"https:\/\/www.freidenker.org\/?cat=12"},"img":{"alt_text":"","src":"https:\/\/i0.wp.com\/www.freidenker.org\/fw17\/wp-content\/uploads\/2024\/11\/putin-ansprache_800x450.jpg?fit=800%2C450&ssl=1&resize=350%2C200","width":350,"height":200,"srcset":"https:\/\/i0.wp.com\/www.freidenker.org\/fw17\/wp-content\/uploads\/2024\/11\/putin-ansprache_800x450.jpg?fit=800%2C450&ssl=1&resize=350%2C200 1x, https:\/\/i0.wp.com\/www.freidenker.org\/fw17\/wp-content\/uploads\/2024\/11\/putin-ansprache_800x450.jpg?fit=800%2C450&ssl=1&resize=525%2C300 1.5x, https:\/\/i0.wp.com\/www.freidenker.org\/fw17\/wp-content\/uploads\/2024\/11\/putin-ansprache_800x450.jpg?fit=800%2C450&ssl=1&resize=700%2C400 2x"},"classes":[]},{"id":20409,"url":"https:\/\/www.freidenker.org\/?p=20409","url_meta":{"origin":2895,"position":2},"title":"Medien bereiten den Weg zum Krieg","author":"Webredaktion","date":"24. November 2024","format":false,"excerpt":"Beitrag von Thomas R\u00f6per Pr\u00e4sident Putin hat am Donnerstag in einer Rede angek\u00fcndigt, Russland sehe sich nach den Angriffen mit westlichen Waffen auf sein Gebiet berechtigt, Ziele in den L\u00e4ndern anzugreifen, die zu diesen Angriffen die Erlaubnis gegeben haben. Die deutschen Medien verschweigen das komplett. Ich bin von den deutschen\u2026","rel":"","context":"In &quot;Demokratie \u2013 Medien \u2013 Aufkl\u00e4rung&quot;","block_context":{"text":"Demokratie \u2013 Medien \u2013 Aufkl\u00e4rung","link":"https:\/\/www.freidenker.org\/?cat=12"},"img":{"alt_text":"","src":"https:\/\/i0.wp.com\/www.freidenker.org\/fw17\/wp-content\/uploads\/2024\/11\/Virtual_Studio_of_Tagesschau_800x450.jpg?fit=800%2C450&ssl=1&resize=350%2C200","width":350,"height":200,"srcset":"https:\/\/i0.wp.com\/www.freidenker.org\/fw17\/wp-content\/uploads\/2024\/11\/Virtual_Studio_of_Tagesschau_800x450.jpg?fit=800%2C450&ssl=1&resize=350%2C200 1x, https:\/\/i0.wp.com\/www.freidenker.org\/fw17\/wp-content\/uploads\/2024\/11\/Virtual_Studio_of_Tagesschau_800x450.jpg?fit=800%2C450&ssl=1&resize=525%2C300 1.5x, https:\/\/i0.wp.com\/www.freidenker.org\/fw17\/wp-content\/uploads\/2024\/11\/Virtual_Studio_of_Tagesschau_800x450.jpg?fit=800%2C450&ssl=1&resize=700%2C400 2x"},"classes":[]},{"id":5284,"url":"https:\/\/www.freidenker.org\/?p=5284","url_meta":{"origin":2895,"position":3},"title":"\u201eKein g\u00f6ttliches Gesetz verhindert Nato-Austritt\u201c","author":"Webredaktion","date":"10. Juli 2018","format":false,"excerpt":"Interview von Sputniknews Deutschland mit Klaus Hartmann \u201eGegen die \u201aNato-Ostfront\u2018 \u2013 raus aus der Nato!\u201c Das hat der Vorsitzende des Freidenker-Verbandes, Klaus Hartmann, am Samstag [den 07.07.2018] in Potsdam auf der Friedensaktionskonferenz verschiedener Gruppen gefordert. Im Interview erkl\u00e4rt er das genauer und warum die Friedensbewegung Fehler im Verh\u00e4ltnis zu Russland\u2026","rel":"","context":"In &quot;Frieden - Antifaschismus - Solidarit\u00e4t&quot;","block_context":{"text":"Frieden - Antifaschismus - Solidarit\u00e4t","link":"https:\/\/www.freidenker.org\/?cat=13"},"img":{"alt_text":"","src":"https:\/\/i0.wp.com\/www.freidenker.org\/fw17\/wp-content\/uploads\/2018\/07\/hartmann_potsdam_2018-07-07_v2_800x445.jpg?fit=800%2C445&ssl=1&resize=350%2C200","width":350,"height":200,"srcset":"https:\/\/i0.wp.com\/www.freidenker.org\/fw17\/wp-content\/uploads\/2018\/07\/hartmann_potsdam_2018-07-07_v2_800x445.jpg?fit=800%2C445&ssl=1&resize=350%2C200 1x, https:\/\/i0.wp.com\/www.freidenker.org\/fw17\/wp-content\/uploads\/2018\/07\/hartmann_potsdam_2018-07-07_v2_800x445.jpg?fit=800%2C445&ssl=1&resize=525%2C300 1.5x, https:\/\/i0.wp.com\/www.freidenker.org\/fw17\/wp-content\/uploads\/2018\/07\/hartmann_potsdam_2018-07-07_v2_800x445.jpg?fit=800%2C445&ssl=1&resize=700%2C400 2x"},"classes":[]},{"id":16863,"url":"https:\/\/www.freidenker.org\/?p=16863","url_meta":{"origin":2895,"position":4},"title":"Scholz schockiert: &#8222;Putin beschwert sich gar nicht \u00fcber die Sanktionen&#8220;","author":"Webredaktion","date":"30. August 2023","format":false,"excerpt":"Beitrag von Gert Ewen Ungar Die BILD-Zeitung ver\u00f6ffentlichte Teile aus einem Telefongespr\u00e4ch, das Bundeskanzler Scholz mit dem franz\u00f6sischen Pr\u00e4sidenten Macron gef\u00fchrt hat, nachdem beide zuvor mit Russlands Pr\u00e4sident Putin gesprochen hatten. Das Telefongespr\u00e4ch fand Anfang M\u00e4rz 2022 statt, am neunten Tag nach Beginn der milit\u00e4rischen Spezialoperation. Die Friedensverhandlungen zwischen der\u2026","rel":"","context":"In &quot;Demokratie \u2013 Medien \u2013 Aufkl\u00e4rung&quot;","block_context":{"text":"Demokratie \u2013 Medien \u2013 Aufkl\u00e4rung","link":"https:\/\/www.freidenker.org\/?cat=12"},"img":{"alt_text":"","src":"https:\/\/i0.wp.com\/www.freidenker.org\/fw17\/wp-content\/uploads\/2023\/08\/selenski-macron-scholz_800x450.jpg?fit=800%2C450&ssl=1&resize=350%2C200","width":350,"height":200,"srcset":"https:\/\/i0.wp.com\/www.freidenker.org\/fw17\/wp-content\/uploads\/2023\/08\/selenski-macron-scholz_800x450.jpg?fit=800%2C450&ssl=1&resize=350%2C200 1x, https:\/\/i0.wp.com\/www.freidenker.org\/fw17\/wp-content\/uploads\/2023\/08\/selenski-macron-scholz_800x450.jpg?fit=800%2C450&ssl=1&resize=525%2C300 1.5x, https:\/\/i0.wp.com\/www.freidenker.org\/fw17\/wp-content\/uploads\/2023\/08\/selenski-macron-scholz_800x450.jpg?fit=800%2C450&ssl=1&resize=700%2C400 2x"},"classes":[]},{"id":19268,"url":"https:\/\/www.freidenker.org\/?p=19268","url_meta":{"origin":2895,"position":5},"title":"\u201eWollen die einen ernsthaften Konflikt in Europa und einen globalen Konflikt? Dann bitte sehr.\u201c","author":"Webredaktion","date":"3. Juni 2024","format":false,"excerpt":"Beitrag von Thomas R\u00f6per Vor drei Tagen war der russische Pr\u00e4sident auf Staatsbesuch in Usbekistan und hat sich anschlie\u00dfend der Presse gestellt. Dabei haben zwei Journalisten nach den zu dem Zeitpunkt noch diskutierten Pl\u00e4nen des Westens gefragt, Kiew zu erlauben, Ziele in Russland mit aus dem Westen gelieferten Waffen zu\u2026","rel":"","context":"In &quot;Demokratie \u2013 Medien \u2013 Aufkl\u00e4rung&quot;","block_context":{"text":"Demokratie \u2013 Medien \u2013 Aufkl\u00e4rung","link":"https:\/\/www.freidenker.org\/?cat=12"},"img":{"alt_text":"","src":"https:\/\/i0.wp.com\/www.freidenker.org\/fw17\/wp-content\/uploads\/2024\/06\/Putin_Taschkent_2024-05-28_800x450.jpg?fit=800%2C450&ssl=1&resize=350%2C200","width":350,"height":200,"srcset":"https:\/\/i0.wp.com\/www.freidenker.org\/fw17\/wp-content\/uploads\/2024\/06\/Putin_Taschkent_2024-05-28_800x450.jpg?fit=800%2C450&ssl=1&resize=350%2C200 1x, https:\/\/i0.wp.com\/www.freidenker.org\/fw17\/wp-content\/uploads\/2024\/06\/Putin_Taschkent_2024-05-28_800x450.jpg?fit=800%2C450&ssl=1&resize=525%2C300 1.5x, https:\/\/i0.wp.com\/www.freidenker.org\/fw17\/wp-content\/uploads\/2024\/06\/Putin_Taschkent_2024-05-28_800x450.jpg?fit=800%2C450&ssl=1&resize=700%2C400 2x"},"classes":[]}],"_links":{"self":[{"href":"https:\/\/www.freidenker.org\/index.php?rest_route=\/wp\/v2\/posts\/2895","targetHints":{"allow":["GET"]}}],"collection":[{"href":"https:\/\/www.freidenker.org\/index.php?rest_route=\/wp\/v2\/posts"}],"about":[{"href":"https:\/\/www.freidenker.org\/index.php?rest_route=\/wp\/v2\/types\/post"}],"author":[{"embeddable":true,"href":"https:\/\/www.freidenker.org\/index.php?rest_route=\/wp\/v2\/users\/3"}],"replies":[{"embeddable":true,"href":"https:\/\/www.freidenker.org\/index.php?rest_route=%2Fwp%2Fv2%2Fcomments&post=2895"}],"version-history":[{"count":0,"href":"https:\/\/www.freidenker.org\/index.php?rest_route=\/wp\/v2\/posts\/2895\/revisions"}],"wp:featuredmedia":[{"embeddable":true,"href":"https:\/\/www.freidenker.org\/index.php?rest_route=\/wp\/v2\/media\/2897"}],"wp:attachment":[{"href":"https:\/\/www.freidenker.org\/index.php?rest_route=%2Fwp%2Fv2%2Fmedia&parent=2895"}],"wp:term":[{"taxonomy":"category","embeddable":true,"href":"https:\/\/www.freidenker.org\/index.php?rest_route=%2Fwp%2Fv2%2Fcategories&post=2895"},{"taxonomy":"post_tag","embeddable":true,"href":"https:\/\/www.freidenker.org\/index.php?rest_route=%2Fwp%2Fv2%2Ftags&post=2895"}],"curies":[{"name":"wp","href":"https:\/\/api.w.org\/{rel}","templated":true}]}}