{"id":2892,"date":"2014-12-17T01:29:31","date_gmt":"2014-12-17T00:29:31","guid":{"rendered":"http:\/\/www.freidenker.org\/?p=2892"},"modified":"2017-12-30T19:27:32","modified_gmt":"2017-12-30T18:27:32","slug":"feindbildkonstruktion-russland-und-putin-in-den-westlichen-medien","status":"publish","type":"post","link":"https:\/\/www.freidenker.org\/?p=2892","title":{"rendered":"Feindbildkonstruktion: Russland und Putin in den westlichen Medien"},"content":{"rendered":"<p>Aus: <a href=\"https:\/\/www.freidenker.org\/?p=807\">\u201eFREIDENKER\u201c Nr. 4-14 EXTRA<\/a>, Dezember 2014, S. 40-43, 73. Jahrgang<\/p>\n<p>von <em><strong>Sabine Schiffer<\/strong><\/em><\/p>\n<p><em>Beitrag auf der Konferenz \u201eDer &#8222;Westen&#8220; und Russland\u201c am 06.09.2014 in Berlin<\/em><\/p>\n<p><em><strong>\u00a0<\/strong><\/em><\/p>\n<p><span style=\"font-size: 10pt;\">[Anmerkung: Die Web-Version enth\u00e4lt keine Abbildungen. Um den Beitrag mit Abbildungen anzusehen, k\u00f6nnen Sie sich die <img data-recalc-dims=\"1\" loading=\"lazy\" decoding=\"async\" data-attachment-id=\"1072\" data-permalink=\"https:\/\/www.freidenker.org\/?attachment_id=1072\" data-orig-file=\"https:\/\/i0.wp.com\/www.freidenker.org\/fw17\/wp-content\/uploads\/2017\/10\/pdf_icon-e1509487447542.png?fit=16%2C16&amp;ssl=1\" data-orig-size=\"16,16\" data-comments-opened=\"0\" data-image-meta=\"{&quot;aperture&quot;:&quot;0&quot;,&quot;credit&quot;:&quot;&quot;,&quot;camera&quot;:&quot;&quot;,&quot;caption&quot;:&quot;&quot;,&quot;created_timestamp&quot;:&quot;0&quot;,&quot;copyright&quot;:&quot;&quot;,&quot;focal_length&quot;:&quot;0&quot;,&quot;iso&quot;:&quot;0&quot;,&quot;shutter_speed&quot;:&quot;0&quot;,&quot;title&quot;:&quot;&quot;,&quot;orientation&quot;:&quot;0&quot;}\" data-image-title=\"pdf_icon_16\" data-image-description=\"\" data-image-caption=\"\" data-large-file=\"https:\/\/i0.wp.com\/www.freidenker.org\/fw17\/wp-content\/uploads\/2017\/10\/pdf_icon-e1509487447542.png?fit=16%2C16&amp;ssl=1\" class=\"alignnone size-full wp-image-1072\" src=\"https:\/\/i0.wp.com\/www.freidenker.org\/fw17\/wp-content\/uploads\/2017\/10\/pdf_icon-e1509487447542.png?resize=16%2C16&#038;ssl=1\" alt=\"\" width=\"16\" height=\"16\" \/> <a href=\"https:\/\/www.freidenker.org\/fw17\/wp-content\/uploads\/2016\/08\/freidenker-14-04-schiffer.pdf\" target=\"_blank\" rel=\"noopener\">PDF-Version<\/a> herunterladen (ca. 1,4 MB)]<\/span><\/p>\n<p>&nbsp;<\/p>\n<p>Wie man sich einen Feind bastelt, bekommen wir derzeit lehrbuchm\u00e4\u00dfig vorgef\u00fchrt. Das einfachste Mittel ist das, was der niederl\u00e4ndisch-spanische Kommunikationswissenschaftler Teun van Dijk knapp zusammenfasst: \u201eBetone die schlechten Eigenschaften Deines Gegen\u00fcbers und Deine guten Eigenschaften!\u201c<\/p>\n<p>Das Betonen erreicht man durch verschiedene Techniken. Dazu geh\u00f6ren:<\/p>\n<ul>\n<li><strong>Eine m\u00f6glichst stereotype Auswahl von Fakten<\/strong><\/li>\n<\/ul>\n<p>Man betone die Fehlentwicklungen in Russland \u2013 nicht die guten Entwicklungen \u2013 und m\u00f6glichst negative Eigenschaften des \u201eRegierungschefs\u201c, den man m\u00f6glichst auch nicht \u201ePr\u00e4sident\u201c nennt. Gegenproben w\u00fcrden die Praxis schnell entlarven, wenn man beispielsweise Obama als \u201eChef des Wei\u00dfen Hauses\u201c oder \u201eKapitol-Chef\u201c bezeichnen w\u00fcrde.<\/p>\n<ul>\n<li><strong>Zuweisungen bestimmter Entwicklungen<\/strong><\/li>\n<\/ul>\n<p>Der Protest von Menschen in der Ostukraine wird durch die Nomination \u201epro-russische Separatisten\u201c mit Blick auf Russland reduziert und Motive und Kontext ausgeblendet bzw. umgedeutet. W\u00e4hrend man der neuen Regierung in Kiew im Gegensatz zu der Janukowitschs nicht mehr zuschreibt, sie \u201ebek\u00e4mpft das eigene Volk\u201c, wird Putin als Verantwortlicher f\u00fcr die Eskalation verantwortlich gemacht. Das wohlbekannte Syntagma \u201eKampf gegen den Terror\u201c schafft auch hier Legitimation f\u00fcr menschen-, verfassungs- und v\u00f6lkerrechtlich verbotene Milit\u00e4raktionen.<\/p>\n<p>Zur Praxis unbelegter (Schuld-)Zuweisungen geh\u00f6rt der mediale Umgang mit dem Absturz von MH17 \u00fcber der Ostukraine. Vorschnell wurden die sogenannten Separatisten und Putin daf\u00fcr verantwortlich gemacht. Jetzt, wo auch der Beschuss durch einen Jagdbomber diskutiert wird, der auf die Ukraine als T\u00e4ter hindeuten w\u00fcrde, verz\u00f6gert sich die Ver\u00f6ffentlichung relevanter Untersuchungsergebnisse.<a href=\"#_edn1\" name=\"_ednref1\">[1]<\/a><\/p>\n<ul>\n<li><strong>Hinzudichten kleinerer und gr\u00f6\u00dferer L\u00fcgen<\/strong><\/li>\n<\/ul>\n<p>Beispielhaft l\u00e4sst sich an der Kaukasus-Krieg-Berichterstattung von 2008 noch demonstrieren, wie Russland f\u00fcr die Taten eines anderen Staates \u2013 in dem Fall Georgiens \u2013 verantwortlich gemacht wurde. Nicht zuletzt das teilzensierte ARD-Interview von Thomas Roth, das dadurch die Initiative Georgiens f\u00fcr den Konflikt verschleierte, zeugt von bewusster Feindbildzeichnung.<a href=\"#_edn2\" name=\"_ednref2\">[2]<\/a><\/p>\n<p>Ganz aktuell betrifft das die Behauptung regul\u00e4rer russischer Truppen in der Ukraine \u2013 die Quelle f\u00fcr die Satellitenbilder, die dies beweisen sollen, ist die NATO.<a href=\"#_edn3\" name=\"_ednref3\">[3]<\/a> \u00a0\u00a0Zur Illustration seiner \u201eBerichte\u201c auf der Website w\u00e4hlt der WDR Fotos von russischen Panzern und Soldaten aus dem besagten Konflikt mit Georgien 2008. Ob diese allerdings wirklich aus Gori stammen und nicht etwa aus Tschnivali, das von Georgien angegriffen wurde, w\u00e4re zu pr\u00fcfen \u2013 und nicht erneut herunter zu beten.<a href=\"#_edn4\" name=\"_ednref4\">[4]<\/a><\/p>\n<p>Der Abschuss eines Milit\u00e4rhubschraubers in Syrien aus dem Jahre 2013 wird in <em>tagesthemen <\/em>und <em>heute <\/em>als Abschuss eines solchen Hubschraubers \u00fcber der Ukraine im Jahre 2014 verkauft.<\/p>\n<p>Umdeutungen im gr\u00f6\u00dferen Ausma\u00df liegen vor, wenn etwa der Kontext und der Konjunktiv einer Putin-\u00c4u\u00dferung weggelassen und so die Behauptung kreiert wird: \u201eWenn ich will, kann ich Kiew in zwei Wochen einnehmen.\u201c<a href=\"#_edn5\" name=\"_ednref5\">[5]<\/a>\u00a0 Wenn jedoch der Befragte russische Pr\u00e4sident EU-Kommissionschef Barroso gegen\u00fcber deutlich machen wollte, dass er nicht an Eskalation und Krieg interessiert sei, was man daran sehe, dass er nicht umsetze, was m\u00f6glich w\u00e4re, dann klingt der konjunktivische Originalsatz schon anders: \u201eWenn ich wollte, k\u00f6nnte ich in zwei Wochen Kiew einnehmen.\u201c<\/p>\n<ul>\n<li><strong>Unterstellen von (eigenen?) Zielen<\/strong><\/li>\n<\/ul>\n<p>Ein Beispiel f\u00fcr die Zuweisung des eigenen Verhaltens stellt die Interpretation des NATO-Gipfels in Wales dar. Tagesschau.de kolportiert willf\u00e4hrig die ver\u00f6ffentlichte Sicht der NATO, warum sie ihr \u201eFr\u00fchwarnsystem\u201c modernisieren wolle: \u201eDamit will das B\u00fcndnis auf die ,hybride Kriegsf\u00fchrung&#8216; reagieren, die sie Russland und der Ukraine vorwirft, damit ist das Anheizen des Konflikts gemeint etwa durch die Verbreitung von Falschmeldungen oder die Beeinflussung der pro-russischen Bev\u00f6lkerung.\u201c Indikativ und Wortwahl verraten, dass tagesschau.de die Dinge nicht anders betrachtet, als die NATO (vgl. tagesschau.de 5.9.2014). Selbstreflexion \u00fcber eigene Falschmeldungen? Fehlanzeige! Und der Tausch von handelndem Agens und reagierendem Patiens vollzieht sich ganz unbemerkt nebenbei (vgl. Spiegel 5.9.2014: Kommentar zu Russlands Geopolitik. Zur\u00fcck im kalten 20. Jahrhundert).<\/p>\n<p>Vergleicht man die Milit\u00e4rpr\u00e4senz von Russland und den USA weltweit, dann kommt man auf eine aussagekr\u00e4ftige Anzahl von Milit\u00e4rbasen au\u00dferhalb des eigenen Territoriums: 25 auf russischer Seite stehen an die 1000 auf US-Seite gegen\u00fcber. Dennoch wird im Kontext der Ukraine-Berichterstattung Russland \u201eImperialismus\u201c und \u201eWeltmachtstreben\u201c unterstellt. Eine Karikatur von DeepResource veranschaulicht hingegen die Ausdehnung der NATO und treibt die Ironie durch den beigef\u00fcgten Text auf die Spitze: \u201eRussland will Krieg. Es r\u00fcckt nahe an die NATO-Basen heran.\u201c<\/p>\n<p>[<a href=\"http:\/\/deepresource.wordpress.com\/2014\/04\/04\/russia-wants-war\">http:\/\/deepresource.wordpress.com\/2014\/04\/04\/russia-wants-war<\/a>]<\/p>\n<ul>\n<li><strong>Messen mit zweierlei Ma\u00df<\/strong><\/li>\n<\/ul>\n<p>Die doppelten Standards machen sich allein in folgender Gegen\u00fcberstellung bemerkbar, wie sie unter Journalisten durchaus kursiert: Deutsche Medien machen Fehler, w\u00e4hrend russische Staatspropaganda betreiben.<\/p>\n<p>Dringend m\u00f6chte ich das gleichnamige Kapitel im Buch \u201eWas passiert in Russland?\u201c von Gabriele Krone-Schmalz empfehlen. W\u00e4hrend Russland\/Putin alle m\u00f6glichen Eigenschaften und Interessen unterstellt werden, bleiben viel zentralere Fakten m\u00f6glicherweise ausgeblendet. Auch ihre Interviews zum Thema sind erhellend, gerade wenn sie auf die weitestgehend ausbleibende Berichterstattung \u00fcber die westlichen Interessen zu sprechen kommt. Stichwort: EU-Assoziierungsabkommen, NATOErweiterung.<\/p>\n<p>Umgekehrt wird gerne Vergleichbares als anders dargestellt:<\/p>\n<p>&#8211; Die Annahme der Referenden auf der Krim und im Kosovo wurden total unterschiedlich bewertet.<\/p>\n<p>&#8211; Auch die Wahlen in Syrien und der Ukraine unter vergleichbaren Umst\u00e4nden bekamen einmal gute und einmal schlechte Noten. Die in der Ukraine wurden begr\u00fc\u00dft, die in Syrien verdammt.<\/p>\n<p>&#8211; Und die gerne erw\u00e4hnte Geheimdienstt\u00e4tigkeit Putins war bei George Bush Senior weit weniger ein Thema.<\/p>\n<ul>\n<li><strong>D\u00e4monisierung und Dehumanisierung des ausgemachten Gegners<\/strong><\/li>\n<\/ul>\n<p>&#8211; \u201ePutin muss drau\u00dfen bleiben\u201c (G8-Gipfel) In dieser Spiegel-\u00dcberschrift wird die Geringsch\u00e4tzung gegen\u00fcber dem Pr\u00e4sidenten Russlands deutlich, der sprachlich so behandelt wird wie ein Hund.<\/p>\n<p>&#8211; Wie die Bachelor-Arbeit von Mirjam Zwingli, die wir auf unserer Gastbeitr\u00e4ge-Seite unter www.medienverantwortung.de ver\u00f6ffentlicht haben, aufzeigt, findet bereits seit Jahren in der sogenannten \u201eQualit\u00e4tspresse\u201c eine Attributierung Putins mit negativ konnotierten Begriffen wie \u201eMachtmensch\u201c, \u201eWeltmachtstreben\u201c und \u201eSowjetrhetorik\u201c statt, w\u00e4hrend \u201eKapitol-Chef\u201c Obama (Gegenprobe d. Verf.) durchwegs positiv gezeichnet wird mit Begriffen wie \u201eVision\u201c und \u201ePerspektiven\u201c. Fakten (s.o.) scheinen den Diskurs nicht zu st\u00f6ren.<\/p>\n<p>&#8211; Besonders gravierend sind (unwidersprochene) NAZI-Vergleiche, weil derlei Vergleiche sehr oft Protest hervorrufen, damit einer Relativierung von Nazi-Verbrechen und Holocaust vorgebeugt wird. Im Falle eines akzeptierten Feindbilds jedoch ist folgendes m\u00f6glich:<\/p>\n<p>&#8211; Vergleich mit \u201eHitler\u201c (direkt oder indirekt)<\/p>\n<p>&#8211; Anwendung von Nazi-Sprache<br \/>\nz.B. \u201eAnschluss\u201c (der Krim)<br \/>\nz.B. \u201eBlut- und Bodenrhetorik\u201c<\/p>\n<ul>\n<li><strong>Personifizierung eines Konfliktes <\/strong>(Objektsuggestion vs. Krieg der V\u00f6lker)<\/li>\n<\/ul>\n<p>Der Angriff auf Libyen oder den Irak w\u00e4re ohne die Personifizierung des Landes und die Darstellung des platzhaltenden F\u00fchrers als das B\u00f6se schlechthin (Saddam=Hitler=Irak oder Gaddafi=Hitler=Libyen) nicht so leicht m\u00f6glich gewesen. Auch die beste PR-Agentur kann keinen Krieg verkaufen, wenn sie zugibt, dass hier Menschen gegen Menschen k\u00e4mpfen werden, das Volk. Darum sind die NAZI-Anspielungen, die Personifizierung Russlands und die D\u00e4monisierung Putins nicht auf die leichte Schulter zu nehmen, sondern als das ernst zu nehmen, was sie sind: Vorboten eines Krieges, der eigentlich ein Wirtschaftskrieg ist und vor allem die EU trifft.<\/p>\n<p>Die geschilderten Facetten der Feindbildkonstruktion sind kein Zufall, sondern das Produkt von Public Relations und Lobbyismus, wobei Medien als Vehikel fest eingeplant sind. Da mag es nicht wenige unreflektierte Mitl\u00e4ufer geben, aber einige wissen was sie tun \u2013 und die Verantwortung f\u00fcr Kriegstreiberei kann man nicht mit dem Hinweis auf Unbedacht und unterlassene Gegenrecherche abtun.<\/p>\n<p><em>Dr. Sabine Schiffer ist Leiterin des Instituts f\u00fcr Medienverantwortung (Berlin\/Erlangen) und <\/em><em>Beiratsmitglied des Deutschen Freidenker-Verbandes<\/em><\/p>\n<p><a href=\"http:\/\/www.medienverantwortung.de\">www.medienverantwortung.de<\/a><\/p>\n<p><a href=\"http:\/\/www.medienverantwortung-foerderkreis.de\">www.medienverantwortung-foerderkreis.de<\/a><\/p>\n<p>&nbsp;<\/p>\n<p><a href=\"#_ednref1\" name=\"_edn1\">[1]<\/a> Viktor Timtschenko 3.09.2014 <em>Hintergrund <\/em><a href=\"http:\/\/www.hintergrund.de\/201409033226\/hintergrund\/medien\/wiedeutsche-medien-ein-flugzeug-abschossen.html\">http:\/\/www.hintergrund.de\/201409033226\/hintergrund\/medien\/wiedeutsche-medien-ein-flugzeug-abschossen.html<\/a><\/p>\n<p><a href=\"#_ednref2\" name=\"_edn2\">[2]<\/a> Jens Berger \u201eDas Interview\u201c 31.08.2008 <em>Spiegelfechter <\/em><a href=\"http:\/\/www.spiegelfechter.com\/wordpress\/392\/das-interview\">http:\/\/www.spiegelfechter.com\/wordpress\/392\/das-interview<\/a><\/p>\n<p><a href=\"#_ednref3\" name=\"_edn3\">[3]<\/a> Ralf Sterck \u201eOSZE stellt kein russisches Milit\u00e4r in der Ukraine fest\u201c 2.09.2014 <em>Telepolis <\/em><a href=\"http:\/\/www.heise.de\/tp\/news\/OSZE-stellt-kein-russisches-Militaer-in-der-Ukraine-fest-2307224.html\">http:\/\/www.heise.de\/tp\/news\/OSZE-stellt-kein-russisches-Militaer-in-der-Ukraine-fest-2307224.html<\/a><\/p>\n<p><a href=\"#_ednref4\" name=\"_edn4\">[4]<\/a> Matthias Meisner \u201ePropagandatricks \u2013 oder Pannen in Serie\u201c 2.09.2014 <em>Tagesspiegel <\/em><a href=\"http:\/\/www.tagesspiegel.de\/medien\/falsche-bilder-bei-der-ard-zum-ukraine-konflikt-propagandatricks-oder-pannenin-serie\/10637680.html\">http:\/\/www.tagesspiegel.de\/medien\/falsche-bilder-bei-der-ard-zum-ukraine-konflikt-propagandatricks-oder-pannenin-serie\/10637680.html<\/a><\/p>\n<p><a href=\"#_ednref5\" name=\"_edn5\">[5]<\/a> RTL stellt immerhin Indikativ und Konjunktiv gegen\u00fcber, l\u00e4sst jedoch ebenfalls die weitere Textumgebung weg: <a href=\"http:\/\/www.rtl.de\/cms\/news\/rtl-aktuell\/angebliche-putin-drohung-an-barroso-wenn-ich-wollte-koennte-ich-in-zweiwochen-kiew-einnehmen-3f71a-51ca-12-2036493.html\">http:\/\/www.rtl.de\/cms\/news\/rtl-aktuell\/angebliche-putin-drohung-an-barroso-wenn-ich-wollte-koennte-ich-in-zweiwochen-kiew-einnehmen-3f71a-51ca-12-2036493.html<\/a><\/p>\n<hr \/>\n<h5>Download<\/h5>\n<p>Der Artikel kann auch als PDF-Dokument angesehen und heruntergeladen werden:<\/p>\n<p><img loading=\"lazy\" decoding=\"async\" data-attachment-id=\"1076\" data-permalink=\"https:\/\/www.freidenker.org\/?attachment_id=1076\" data-orig-file=\"https:\/\/i0.wp.com\/www.freidenker.org\/fw17\/wp-content\/uploads\/2017\/10\/pdf_icon-2.png?fit=32%2C32&amp;ssl=1\" data-orig-size=\"32,32\" data-comments-opened=\"0\" data-image-meta=\"{&quot;aperture&quot;:&quot;0&quot;,&quot;credit&quot;:&quot;&quot;,&quot;camera&quot;:&quot;&quot;,&quot;caption&quot;:&quot;&quot;,&quot;created_timestamp&quot;:&quot;0&quot;,&quot;copyright&quot;:&quot;&quot;,&quot;focal_length&quot;:&quot;0&quot;,&quot;iso&quot;:&quot;0&quot;,&quot;shutter_speed&quot;:&quot;0&quot;,&quot;title&quot;:&quot;&quot;,&quot;orientation&quot;:&quot;0&quot;}\" data-image-title=\"pdf_icon\" data-image-description=\"\" data-image-caption=\"\" data-large-file=\"https:\/\/i0.wp.com\/www.freidenker.org\/fw17\/wp-content\/uploads\/2017\/10\/pdf_icon-2.png?fit=32%2C32&amp;ssl=1\" class=\"alignnone size-full wp-image-1076\" src=\"https:\/\/i0.wp.com\/www.freidenker.org\/fw17\/wp-content\/uploads\/2017\/10\/pdf_icon-2.png?resize=32%2C32\" alt=\"\" width=\"32\" height=\"32\" data-attachment-id=\"1076\" data-permalink=\"https:\/\/www.freidenker.org\/?attachment_id=1076\" data-orig-file=\"https:\/\/i0.wp.com\/www.freidenker.org\/fw17\/wp-content\/uploads\/2017\/10\/pdf_icon-2.png?fit=32%2C32\" data-orig-size=\"32,32\" data-comments-opened=\"0\" data-image-meta=\"{&quot;aperture&quot;:&quot;0&quot;,&quot;credit&quot;:&quot;&quot;,&quot;camera&quot;:&quot;&quot;,&quot;caption&quot;:&quot;&quot;,&quot;created_timestamp&quot;:&quot;0&quot;,&quot;copyright&quot;:&quot;&quot;,&quot;focal_length&quot;:&quot;0&quot;,&quot;iso&quot;:&quot;0&quot;,&quot;shutter_speed&quot;:&quot;0&quot;,&quot;title&quot;:&quot;&quot;,&quot;orientation&quot;:&quot;0&quot;}\" data-image-title=\"pdf_icon_32\" data-image-description=\"\" data-medium-file=\"https:\/\/i0.wp.com\/www.freidenker.org\/fw17\/wp-content\/uploads\/2017\/10\/pdf_icon-2.png?fit=32%2C32\" data-large-file=\"https:\/\/i0.wp.com\/www.freidenker.org\/fw17\/wp-content\/uploads\/2017\/10\/pdf_icon-2.png?fit=32%2C32\" \/>\u00a0\u00a0 <a href=\"https:\/\/www.freidenker.org\/fw17\/wp-content\/uploads\/2016\/08\/freidenker-14-04-schiffer.pdf\" target=\"_blank\" rel=\"noopener\">Sabine Schiffer: Feindbildkonstruktion &#8211; Russland und Putin in den westlichen Medien<\/a> (Auszug aus FREIDENKER 4-14, ca. 1,4 MB)<\/p>\n<hr \/>\n<p>Bild: pixabay.com \/ User: <a class=\"hover_opacity\" href=\"https:\/\/pixabay.com\/de\/users\/vborodinova-6314823\/\">vborodinova<\/a><\/p>\n","protected":false},"excerpt":{"rendered":"<p><strong>Beitrag von Sabine Schiffer auf der Konferenz \u201eDer &#8222;Westen&#8220; und Russland\u201c am 06.09.2014 in Berlin. Aus: FREIDENKER 4-14<\/strong><br \/>\nWie man sich einen Feind bastelt, bekommen wir derzeit lehrbuchm\u00e4\u00dfig vorgef\u00fchrt. Das einfachste Mittel ist das, was der niederl\u00e4ndisch-spanische Kommunikationswissenschaftler Teun van Dijk knapp zusammenfasst: \u201eBetone die schlechten Eigenschaften Deines Gegen\u00fcbers und Deine guten Eigenschaften!\u201c Das Betonen erreicht man durch verschiedene Techniken. Dazu geh\u00f6ren: Eine m\u00f6glichst stereotype Auswahl von Fakten.<\/p>\n","protected":false},"author":3,"featured_media":2893,"comment_status":"closed","ping_status":"closed","sticky":false,"template":"","format":"standard","meta":{"colormag_page_container_layout":"default_layout","colormag_page_sidebar_layout":"default_layout","advanced_seo_description":"","jetpack_seo_html_title":"","jetpack_seo_noindex":false,"jetpack_post_was_ever_published":false,"footnotes":""},"categories":[12],"tags":[635,636,121,638,637],"class_list":["post-2892","post","type-post","status-publish","format-standard","has-post-thumbnail","hentry","category-demokratie-medien-aufklaerung","tag-feindbild","tag-manipulation","tag-medien","tag-medienverantwortung","tag-propaganda"],"jetpack_featured_media_url":"https:\/\/i0.wp.com\/www.freidenker.org\/fw17\/wp-content\/uploads\/2017\/12\/putin-2972184_800x445.jpg?fit=800%2C445&ssl=1","jetpack_shortlink":"https:\/\/wp.me\/p9stpK-KE","jetpack-related-posts":[{"id":807,"url":"https:\/\/www.freidenker.org\/?p=807","url_meta":{"origin":2892,"position":0},"title":"FREIDENKER 4-14 EXTRA &#8211; Der &#8222;Westen&#8220; und Russland","author":"Webmaster","date":"16. Dezember 2014","format":false,"excerpt":"Die Extra-Ausgabe 4-14 des Verbandsorgans FREIDENKER enth\u00e4lt die Beitr\u00e4ge der Konferenz \u201eDer \"Westen\" und Russland\u201c, die am 06.09.2014 in Berlin stattfand. Darin u.a.: - Dr. Georgi Starikovich: Begr\u00fc\u00dfungsrede der Botschaft der Russischen F\u00f6deration - Viktor Grossmann: Gru\u00dfwort - Wilfried Handwerk: Die Entstehung und Urheber des Konfliktes in der Ukraine -\u2026","rel":"","context":"In &quot;Verbandsorgan FREIDENKER&quot;","block_context":{"text":"Verbandsorgan FREIDENKER","link":"https:\/\/www.freidenker.org\/?cat=8"},"img":{"alt_text":"","src":"https:\/\/i0.wp.com\/www.freidenker.org\/fw17\/wp-content\/uploads\/2017\/12\/FD_2014-04_Titel_mR.jpg?fit=800%2C445&ssl=1&resize=350%2C200","width":350,"height":200,"srcset":"https:\/\/i0.wp.com\/www.freidenker.org\/fw17\/wp-content\/uploads\/2017\/12\/FD_2014-04_Titel_mR.jpg?fit=800%2C445&ssl=1&resize=350%2C200 1x, https:\/\/i0.wp.com\/www.freidenker.org\/fw17\/wp-content\/uploads\/2017\/12\/FD_2014-04_Titel_mR.jpg?fit=800%2C445&ssl=1&resize=525%2C300 1.5x, https:\/\/i0.wp.com\/www.freidenker.org\/fw17\/wp-content\/uploads\/2017\/12\/FD_2014-04_Titel_mR.jpg?fit=800%2C445&ssl=1&resize=700%2C400 2x"},"classes":[]},{"id":578,"url":"https:\/\/www.freidenker.org\/?p=578","url_meta":{"origin":2892,"position":1},"title":"Konferenz: 1914 \/ 2014 &#8211; Der &#8222;Westen&#8220; und Russland","author":"Webmaster","date":"27. Juli 2014","format":false,"excerpt":"Einladung zur \u00d6ffentlichen Wissenschaftlichen Konferenz \"1914 \/ 2014 - Der \"Westen\" und Russland - Internationale Lage und geopolitische Spannungen - vor Beginn des 1. Weltkrieges bis heute\" 6. September 2014, 10:30 Uhr, Rathaus Berlin Pankow, Ratssaal Vortr\u00e4ge von Wilfried Handwerk, Prof. Dr. Anton Latzo, Karl-Heinz Wendt, Dr. Hans-G\u00fcnter Szalkiewicz, Dr.\u2026","rel":"","context":"In &quot;Zentrale Veranstaltungen&quot;","block_context":{"text":"Zentrale Veranstaltungen","link":"https:\/\/www.freidenker.org\/?cat=20"},"img":{"alt_text":"","src":"https:\/\/i0.wp.com\/www.freidenker.org\/fw17\/wp-content\/uploads\/2016\/08\/Konferenz_2014.jpg?fit=800%2C445&ssl=1&resize=350%2C200","width":350,"height":200,"srcset":"https:\/\/i0.wp.com\/www.freidenker.org\/fw17\/wp-content\/uploads\/2016\/08\/Konferenz_2014.jpg?fit=800%2C445&ssl=1&resize=350%2C200 1x, https:\/\/i0.wp.com\/www.freidenker.org\/fw17\/wp-content\/uploads\/2016\/08\/Konferenz_2014.jpg?fit=800%2C445&ssl=1&resize=525%2C300 1.5x, https:\/\/i0.wp.com\/www.freidenker.org\/fw17\/wp-content\/uploads\/2016\/08\/Konferenz_2014.jpg?fit=800%2C445&ssl=1&resize=700%2C400 2x"},"classes":[]},{"id":14363,"url":"https:\/\/www.freidenker.org\/?p=14363","url_meta":{"origin":2892,"position":2},"title":"Einladung: Warum wir ein\u00a0Schulfach Medienbildung\u00a0brauchen","author":"Webredaktion","date":"9. Oktober 2022","format":false,"excerpt":"Einladung: Vortrag und Diskussion mit Prof. Dr. Sabine Schiffer Donnerstag, 13.10.2022, 19 Uhr, Locomotion Tanzb\u00fchne, Offenbach am Main Das meiste, das wir tun, tun wir durch Sprache. Und das meiste, das wir wis\u00adsen, wissen wir \u00fcber Medien. Die Spra\u00adche der Medien, mitsamt der Bild\u00adsprache, verdient also unsere kritische Aufmerksamkeit. Die\u2026","rel":"","context":"In &quot;Veranstaltungen in den DFV-Landesverb\u00e4nden&quot;","block_context":{"text":"Veranstaltungen in den DFV-Landesverb\u00e4nden","link":"https:\/\/www.freidenker.org\/?cat=19"},"img":{"alt_text":"","src":"https:\/\/i0.wp.com\/www.freidenker.org\/fw17\/wp-content\/uploads\/2022\/10\/learn-977543_800x450.jpg?fit=800%2C450&ssl=1&resize=350%2C200","width":350,"height":200,"srcset":"https:\/\/i0.wp.com\/www.freidenker.org\/fw17\/wp-content\/uploads\/2022\/10\/learn-977543_800x450.jpg?fit=800%2C450&ssl=1&resize=350%2C200 1x, https:\/\/i0.wp.com\/www.freidenker.org\/fw17\/wp-content\/uploads\/2022\/10\/learn-977543_800x450.jpg?fit=800%2C450&ssl=1&resize=525%2C300 1.5x, https:\/\/i0.wp.com\/www.freidenker.org\/fw17\/wp-content\/uploads\/2022\/10\/learn-977543_800x450.jpg?fit=800%2C450&ssl=1&resize=700%2C400 2x"},"classes":[]},{"id":11513,"url":"https:\/\/www.freidenker.org\/?p=11513","url_meta":{"origin":2892,"position":3},"title":"26. Linke Literaturmesse in N\u00fcrnberg mit Buchvorstellung &#8222;Medienanalyse&#8220; von Sabine Schiffer","author":"Webredaktion","date":"30. Oktober 2021","format":false,"excerpt":"Veranstaltungshinweis 26. Linke Literaturmesse - Freitag, den 05.11. bis Sonntag, den 07.11.21, Kulturwerkstatt auf AEG, F\u00fcrther Str. 244d, N\u00fcrnberg. Wie jedes Jahr wieder mit: Buchvorstellungen \u2013 Lesungen \u2013 Verkaufsmesse --- Medienanalyse - Sabine Schiffer stellt ihr neues Buch vor Samstag, 6. November 2021, 19 Uhr, kleiner Saal auf AEG N\u00fcrnberg\u2026","rel":"","context":"In &quot;Publikationen von Freidenkern&quot;","block_context":{"text":"Publikationen von Freidenkern","link":"https:\/\/www.freidenker.org\/?cat=7"},"img":{"alt_text":"","src":"https:\/\/i0.wp.com\/www.freidenker.org\/fw17\/wp-content\/uploads\/2021\/10\/LITMESSE_2021_800x450.jpg?fit=800%2C450&ssl=1&resize=350%2C200","width":350,"height":200,"srcset":"https:\/\/i0.wp.com\/www.freidenker.org\/fw17\/wp-content\/uploads\/2021\/10\/LITMESSE_2021_800x450.jpg?fit=800%2C450&ssl=1&resize=350%2C200 1x, https:\/\/i0.wp.com\/www.freidenker.org\/fw17\/wp-content\/uploads\/2021\/10\/LITMESSE_2021_800x450.jpg?fit=800%2C450&ssl=1&resize=525%2C300 1.5x, https:\/\/i0.wp.com\/www.freidenker.org\/fw17\/wp-content\/uploads\/2021\/10\/LITMESSE_2021_800x450.jpg?fit=800%2C450&ssl=1&resize=700%2C400 2x"},"classes":[]},{"id":2895,"url":"https:\/\/www.freidenker.org\/?p=2895","url_meta":{"origin":2892,"position":4},"title":"Russland: \u201eImperialistisches Land\u201c oder Widerpart des Imperialismus?","author":"Webredaktion","date":"17. Dezember 2014","format":false,"excerpt":"Beitrag von Klaus Hartmann auf der Konferenz \u201eDer \"Westen\" und Russland\u201c am 06.09.2014 in Berlin. Aus: FREIDENKER 4-14 Im Konflikt um die Ukraine bzw. im Verh\u00e4ltnis zu Russland erleben wir wieder, was sich seit l\u00e4ngerer Zeit in Teilen der Friedensbewegung eingeb\u00fcrgert hat. Von Milosevic angefangen bis Gaddafi und Assad \u2013\u2026","rel":"","context":"In &quot;Demokratie \u2013 Medien \u2013 Aufkl\u00e4rung&quot;","block_context":{"text":"Demokratie \u2013 Medien \u2013 Aufkl\u00e4rung","link":"https:\/\/www.freidenker.org\/?cat=12"},"img":{"alt_text":"","src":"https:\/\/i0.wp.com\/www.freidenker.org\/fw17\/wp-content\/uploads\/2017\/12\/honor-guard-67636_800x445.jpg?fit=800%2C445&ssl=1&resize=350%2C200","width":350,"height":200,"srcset":"https:\/\/i0.wp.com\/www.freidenker.org\/fw17\/wp-content\/uploads\/2017\/12\/honor-guard-67636_800x445.jpg?fit=800%2C445&ssl=1&resize=350%2C200 1x, https:\/\/i0.wp.com\/www.freidenker.org\/fw17\/wp-content\/uploads\/2017\/12\/honor-guard-67636_800x445.jpg?fit=800%2C445&ssl=1&resize=525%2C300 1.5x, https:\/\/i0.wp.com\/www.freidenker.org\/fw17\/wp-content\/uploads\/2017\/12\/honor-guard-67636_800x445.jpg?fit=800%2C445&ssl=1&resize=700%2C400 2x"},"classes":[]},{"id":13549,"url":"https:\/\/www.freidenker.org\/?p=13549","url_meta":{"origin":2892,"position":5},"title":"Dialog mit Nachbarn?","author":"Webredaktion","date":"18. Juni 2022","format":false,"excerpt":"Themenabend am Freitag, den 8. Juli 2022, 19:30 Uhr in der Villa Leon, N\u00fcrnberg Mit Karin Leukefeld und Sabine Schiffer Was steckt hinter der sch\u00f6n klingenden \u201eNachbarschaftspolitik\u201c, mit der die EU nach eigenen Angaben eine \u201eenge und partnerschaftliche Zusammenarbeit mit den unmittelbaren Nachbarn (\u2026) Stabilit\u00e4t, Wohlstand und Sicherheit an den\u2026","rel":"","context":"In &quot;Veranstaltungen in den DFV-Landesverb\u00e4nden&quot;","block_context":{"text":"Veranstaltungen in den DFV-Landesverb\u00e4nden","link":"https:\/\/www.freidenker.org\/?cat=19"},"img":{"alt_text":"","src":"https:\/\/i0.wp.com\/www.freidenker.org\/fw17\/wp-content\/uploads\/2022\/06\/dialog_mit_nachbarn_800x450-2.jpg?fit=800%2C450&ssl=1&resize=350%2C200","width":350,"height":200,"srcset":"https:\/\/i0.wp.com\/www.freidenker.org\/fw17\/wp-content\/uploads\/2022\/06\/dialog_mit_nachbarn_800x450-2.jpg?fit=800%2C450&ssl=1&resize=350%2C200 1x, https:\/\/i0.wp.com\/www.freidenker.org\/fw17\/wp-content\/uploads\/2022\/06\/dialog_mit_nachbarn_800x450-2.jpg?fit=800%2C450&ssl=1&resize=525%2C300 1.5x, https:\/\/i0.wp.com\/www.freidenker.org\/fw17\/wp-content\/uploads\/2022\/06\/dialog_mit_nachbarn_800x450-2.jpg?fit=800%2C450&ssl=1&resize=700%2C400 2x"},"classes":[]}],"_links":{"self":[{"href":"https:\/\/www.freidenker.org\/index.php?rest_route=\/wp\/v2\/posts\/2892","targetHints":{"allow":["GET"]}}],"collection":[{"href":"https:\/\/www.freidenker.org\/index.php?rest_route=\/wp\/v2\/posts"}],"about":[{"href":"https:\/\/www.freidenker.org\/index.php?rest_route=\/wp\/v2\/types\/post"}],"author":[{"embeddable":true,"href":"https:\/\/www.freidenker.org\/index.php?rest_route=\/wp\/v2\/users\/3"}],"replies":[{"embeddable":true,"href":"https:\/\/www.freidenker.org\/index.php?rest_route=%2Fwp%2Fv2%2Fcomments&post=2892"}],"version-history":[{"count":0,"href":"https:\/\/www.freidenker.org\/index.php?rest_route=\/wp\/v2\/posts\/2892\/revisions"}],"wp:featuredmedia":[{"embeddable":true,"href":"https:\/\/www.freidenker.org\/index.php?rest_route=\/wp\/v2\/media\/2893"}],"wp:attachment":[{"href":"https:\/\/www.freidenker.org\/index.php?rest_route=%2Fwp%2Fv2%2Fmedia&parent=2892"}],"wp:term":[{"taxonomy":"category","embeddable":true,"href":"https:\/\/www.freidenker.org\/index.php?rest_route=%2Fwp%2Fv2%2Fcategories&post=2892"},{"taxonomy":"post_tag","embeddable":true,"href":"https:\/\/www.freidenker.org\/index.php?rest_route=%2Fwp%2Fv2%2Ftags&post=2892"}],"curies":[{"name":"wp","href":"https:\/\/api.w.org\/{rel}","templated":true}]}}