{"id":2847,"date":"2016-03-17T23:45:56","date_gmt":"2016-03-17T22:45:56","guid":{"rendered":"http:\/\/www.freidenker.org\/?p=2847"},"modified":"2018-02-18T19:27:57","modified_gmt":"2018-02-18T18:27:57","slug":"nicht-rechts-nicht-links","status":"publish","type":"post","link":"https:\/\/www.freidenker.org\/?p=2847","title":{"rendered":"\u201eNicht rechts, nicht links\u201c?"},"content":{"rendered":"<p>Aus: <a href=\"https:\/\/www.freidenker.org\/?p=850\">\u201eFREIDENKER\u201c Nr. 1-16<\/a>, M\u00e4rz 2016, S. 3-7, 75. Jahrgang<\/p>\n<p>In politischen Auseinandersetzungen und Bewegungen begegnet man dieser Aussage h\u00e4ufig. Sie ist aber oft sehr unterschiedlich motiviert, mit ihr k\u00f6nnen sehr verschiedene Zwecke gemeint sein. Die unterschiedlichen Motive und Zwecke muss man kennen und unterscheiden, weil man sich andernfalls sparen k\u00f6nnte, darauf einzugehen. \u201eIch bin nicht links, ich bin nicht rechts, ich denke selbst!\u201c ist eine im Internet popul\u00e4re Losung. W\u00e4hrend der letzte Teil des Satzes sympathisch, ja freidenkerisch klingt, k\u00f6nnen Viele mit dem ersten Teil nicht so recht was anfangen.<\/p>\n<p>Wer schon l\u00e4ngere Zeit politisch aktiv ist, bringt der Losung &#8222;Nicht rechts, nicht links\u201c Unverst\u00e4ndnis und Skepsis entgegen. Die Skepsis kann in manchen F\u00e4llen begr\u00fcndet sein, wo unter dieser Flagge bewusst Rosst\u00e4uscherei und Etikettenschwindel betrieben wird. Thilo Sarrazin, SPD-Mitglied und Autor Rassismus-haltiger Bestseller, behauptet: \u201eDie meisten Themen lassen sich nicht mehr im herk\u00f6mmlichen Links-Rechts-Schema einordnen\u201c<a href=\"#_edn1\" name=\"_ednref1\">[1]<\/a>. J\u00fcrgen Els\u00e4sser, Wanderer vom Kommunistischen Bund \u00fcber \u201ekonkret\u201c und die \u201eAntideutschen\u201c, zu \u201ejunge Welt\u201c und \u201eND\u201c, um schlie\u00dflich als Sarrazin- und Pegida-Verehrer als Herausgeber des Magazins \u201eCompact\u201c zu landen, will diese Wanderung zwischen den Welten ganz selbstverst\u00e4ndlich erscheinen lassen, indem er den Unterschied zwischen Links und rechts einfach einebnet.<\/p>\n<p>Klaus Hartmann schrieb dazu im \u201eFreidenker\u201c 1-2015, S. 21: \u201eEls\u00e4ssers Botschaft \u201aNicht links, nicht rechts, sondern vorw\u00e4rts\u2018<a href=\"#_edn2\" name=\"_ednref2\">[2]<\/a> hat bei Vielen verfangen, die sich davon Entlastung vom pauschalen Vorwurf versprachen, \u201erechts\u201c zu sein, sie durchschauten nicht die damit verbundene Absicht, zumindest aber Inkaufnahme, auch Nazis in den Protest einzugemeinden. Die positive Reaktion ist verst\u00e4ndlich in einer Zeit, in der von Lehrst\u00fchlen unverdrossen die \u201eTotalitarismus\u201c-Doktrin gepredigt wird, fast alle Parteien behaupten, \u201eMitte\u201c zu sein, aber kaum jemand die \u201aKarriere\u2018 der Losung kennt: \u201eWir sind nicht die linke Mitte, wir sind nicht die rechte Mitte, wir sind die Mitte\u201c, meinte der reaktion\u00e4re Franz-Josef-Strau\u00df<a href=\"#_edn3\" name=\"_ednref3\">[3]<\/a>, und Die Gr\u00fcnen wahlk\u00e4mpften 1980: \u201eWir sind nicht rechts, wir sind nicht links, wir sind vorn\u201c<a href=\"#_edn4\" name=\"_ednref4\">[4]<\/a>. 2009 entdeckten die Piraten den Slogan<a href=\"#_edn5\" name=\"_ednref5\">[5]<\/a>, 2013 dann die AfD<a href=\"#_edn6\" name=\"_ednref6\">[6]<\/a>.\u201c<\/p>\n<p>Erg\u00e4nzend soll auf den Buchtitel hingewiesen werden: &#8222;Nicht rechts, nicht links, sondern vorn&#8220;: Eine Geschichte der Gr\u00fcndungsgr\u00fcnen, erschienen 2011, oder auf Gerhard Schr\u00f6ders Wahlkampflosung 1998: \u201eDie neue Mitte\u201c, und seit Neuestem tr\u00e4gt die \u201eIdentit\u00e4re Bewegung\u201c den Slogan vor sich her: \u201eNicht rechts, nicht links: Identit\u00e4r!\u201c Die Zahl derer, die nicht als rechts oder links gelten wollen, ist also un\u00fcbersehbar gro\u00df, und das Spektrum jener reicht ironischerweise von links bis rechts.<\/p>\n<p>Wer sich also als politisch Ungeschulter nicht zuordnen oder vereinnahmen lassen will, dem m\u00f6glicherweise die politischen Koordinaten fremd oder egal sind, und sich deshalb als \u201enicht rechts, nicht links\u201c bezeichnet, der entkommt dem Dilemma leider nicht, denn an diesem vermeintlich unpolitischen Ort tummeln sich schon viele, die diese Losung als Werbeslogan entdeckt haben. Und die \u201enicht &#8211; nicht\u201c-sein-Wollenden als Zielgruppe.<\/p>\n<p><strong>\u00a0<\/strong><\/p>\n<h5><strong>Die Linken: hilflos <\/strong><\/h5>\n<p>Trotzdem erstaunt es, wie orientierungslos Linke auf das verbreitete Ph\u00e4nomen reagieren, dass viele, besonders Jugendliche, mit \u201erechts und links\u201c nichts anfangen k\u00f6nnen, das Schema ablehnen und sich verweigern. Unverdrossen wird \u201egegen rechts\u201c agitiert, und nicht bemerkt, dass man einerseits den Gegner verfehlt, und sich andererseits kaum jemand angesprochen f\u00fchlt. \u201eRechts\u201c, \u201erechts offen\u201c oder \u201eneurechts\u201c sind willk\u00fcrliche Zuschreibungen geworden, die kleine M\u00fcnze im tagespolitischen Schlagabtausch. Die Sinnentleerung der Begriffe folgt dem realen Sinnverlust dessen, was heute inhaltlich unter rechts und links verstanden werden kann.<\/p>\n<p>Dazu schreiben <strong>Doris und George Pumphrey <\/strong>(Friedenskoordination Berlin, der Brief liegt der Redaktion vor): \u201eF\u00fcr viele, die nicht aus einem \u201alinken Stall\u2018 kommen, oder \/ und erst nach dem Zusammenbruch des Sozialismus in Europa geboren wurden, sind Unterscheidungen zwischen rechts und links oft nicht erkennbar. Dies ist nicht ihr Verschulden, sondern das Resultat der Schw\u00e4che und des Versagens der linken Kr\u00e4fte. Was als \u201alinks\u2018 gilt, ist heute oftmals bis zur Unkenntlichkeit verwischt.<\/p>\n<p>Wie sollen politisch Unerfahrene heute zwischen links und rechts unterscheiden, wenn jene Kr\u00e4fte, die weithin als links galten, die Agenda 2010 verbrochen haben, Banken mit Milliarden versorgen und den Lohnabh\u00e4ngigen und arbeitslosen und selbst den kleinen Unternehmern das Leben immer unertr\u00e4glicher machen? Oder eine Linkspartei in Regierungskoalitionen mit der SPD neoliberale Politik fortsetzt? Oder wenn eine SPD\/Gr\u00fcne Regierung die erste Beteiligung Deutschlands an einem v\u00f6lkerrechtswidrigen Angriffskrieg nach 1945 zu verantworten hat?<\/p>\n<p>Wie sollen die vielen politisch Unerfahrenen erfahren was links ist, wenn in einer Partei, die f\u00fcr dich den Namen links in Anspruch nimmt, Transatlantiker und BAK Shalom-Unterst\u00fctzer Spitzenpositionen bekleiden? Oder was ist antifaschistisch, wenn in der VVN oder anderen sich antifaschistisch nennenden Gruppen \u201aAntideutsche\u2018, die nichts anderes sind als die deutsche Variante der US-Neocons, immer mehr das Sagen haben?<\/p>\n<p>Stellen wir uns Menschen vor, die den Unterschied zwischen links und rechts bis jetzt nicht wirklich erfahren haben, die sich selbst weder als links noch als rechts sehen. Sie haben noch keine Linken gesehen, die auf dem Marktplatz ihrer Stadt zum \u00f6ffentlichen Protest gegen die Regierungspolitik aufgerufen haben. Dann gab es aber eine Versammlung, und sie gingen auf den Marktplatz, weil da jemand \u201adie Politiker\u2018 beschimpft, die sie auch nicht m\u00f6gen, die Politik der EU, die Armutsrenten, Hartz IV, den Mietwucher und die fehlenden Sozialwohnungen anklagt, aber ihnen auch suggeriert, sie h\u00e4tten mehr, wenn da eben diese Fl\u00fcchtlinge oder der Islam nicht w\u00e4ren.<\/p>\n<p>Stellen wir uns vor, sie sind sogar begeistert, dass da endlich mal jemand auf der Stra\u00dfe \u201adenen da oben die Wahrheit sagt, ihre eigene Wut ausdr\u00fcckt. Vielleicht sind sie ja nicht mit allem einverstanden, was sie da h\u00f6ren, aber sie f\u00fchlen sich gar nicht \u201arechts\u2018 bestimmt nicht als Nazis oder Faschisten, und sie sind ganz bestimmt gegen den Krieg.<\/p>\n<p>&nbsp;<\/p>\n<h5><strong>Was Not t\u00e4te: Aufkl\u00e4rung! <\/strong><\/h5>\n<p>Aber weil sie denen auf dem Marktplatz zuh\u00f6ren, werden sie von Leuten, die sich \u201aAntifa\u2018 nennen als Faschisten beschimpft. Dann kaufen sie eine linke Zeitung, weil die zu sozialen Problemen oder gegen den Krieg schreibt, was sie nicht schlecht finden, aber jetzt lesen sie Artikel, die sie vor den Kopf sto\u00dfen: auch diese Zeitung bezeichnet sie pl\u00f6tzlich als \u201arechts\u2018, beschimpft sie als Rassisten, und noch schlimmer, Nazis und Faschisten.<\/p>\n<p>Und dann denken sie: \u201aSowas Arrogantes, wie die auf mich runterblicken. Die wollen links sein und beschimpfen mich. Vielleicht versteh ich ja noch nicht alles. Aber wenn das links ist, will ich nichts damit zu tun haben.\u2018<\/p>\n<p>In einer Zeit, in der es die ureigenste und wichtigste Aufgabe einer linken (gar kommunistischen) Zeitung w\u00e4re, sich jenen Menschen zuzuwenden, die Orientierung suchen, ihnen zu helfen Zusammenh\u00e4nge zu verstehen, um nicht auf vereinfachende Parolen hereinzufallen, werden auch noch Leute als \u201aQuerfront\u2018 diffamiert, die bewusst dort auftreten, wo die Massen sind, um gegen rechte Parolen und Rassismus zu argumentieren. Deren Aussagen werden von einigen, die sich als Inquisitionsinstanz aufspielen, genau gepr\u00fcft, ob sie dem von ihnen aufgestellten Reinheitsgebot entsprechen oder nicht. Lern- und Erfahrungsprozesse werden gar nicht erst zugestanden. Und anstelle aufzuzeigen, in welchem Interesse bestimmte Begrifflichkeiten von interessierter Gegenseite ins Spiel gebracht wurden, n\u00e4mlich um die Antikriegsbewegung klein zu halten (und eine soziale erst gar nicht hochkommen zu lassen), werden sie brav \u00fcbernommen.\u201c<\/p>\n<p>Aufgabe von Linken m\u00fcsste es hingegen sein, um Doris und George abschlie\u00dfend zu zitieren, \u201eMenschen die Ursachen und Zusammenh\u00e4nge der wachsenden Probleme, mit denen sie konfrontiert werden und unter denen sie zusehends leiden, besser zu verstehen, und sie motivieren, sich dagegen zu mobilisieren.\u201c<\/p>\n<p><strong>Hajo Kahlke <\/strong>vom Heidelberger Forum gegen Militarismus und Krieg schreibt zum Thema: \u201eDder vielleicht wichtigste Begriff, den die \u201aBertelsm\u00e4nner\u2018 gekapert haben, ist der Begriff \u201arechts\u2018 bzw. davon abgeleitet die Formel \u201aKampf gegen rechts\u2018: Die menschenverachtenden Hartz-Vier-Spezialdemokraten und olivgr\u00fcnen Kriegstreiber, die gesamten Blockparteien CDU-SPD-GR\u00dcNE-FDP, sie alle sind pl\u00f6tzlich keine Rechten mehr!<\/p>\n<p>Der entscheidende Unterschied zwischen links und rechts, n\u00e4mlich das Verh\u00e4ltnis zum Sozialismus einerseits und zum Imperialismus und besonders zu seinen Kriegen andererseits, wird dabei v\u00f6llig negiert.<\/p>\n<p>Stattdessen wird, in nur scheinbarer Ankn\u00fcpfung an das linke Prinzip des Internationalismus, die Stellung zu Immigration und Multikulti als das alles entscheidende Kriterium f\u00fcr den Unterschied zwischen rechts und links hingestellt. Damit ist die antisozialistische, proimperialistische, immigrations- und multikulti-bejahende Mainstream-Rechte aus dem linken Schussfeld fein raus, w\u00e4hrend die antisozialistische, proimperialistische, immigrations- und multikulti- feindliche Minorit\u00e4srechte dann als Pappkamerad f\u00fcr die Linke fungiert, auf den diese Tag und Nacht ununterbrochen einschlagen darf.\u201c<\/p>\n<p>Bei aller grunds\u00e4tzlichen Berechtigung, an der Differenz und Unterscheidbarkeit von links und rechts festzuhalten, den Missbrauch dieser Positionsbestimmungen zu enttarnen und anzugreifen, und auch selbst die eigene linke Position zu verteidigen, darf man die objektiv komplizierte Lage nicht \u00fcbersehen: Wie ist es zu bewerten, wenn sozialdemokratische Regierungsmitglieder Waffen nach Israel, Saudi-Arabien und Katar durchwinken, Sanktionen gegen Russland und Syrien mittragen, aber ein Christdemokrat wie Willy Wimmer entschieden dagegen protestiert?<\/p>\n<p>Zu dieser Problematik Ausz\u00fcge aus dem Beitrag eines schweizerischen Marxisten:<\/p>\n<p>&nbsp;<\/p>\n<h4><strong>Marcel Hostettler<br \/>\n<\/strong><strong>Was schert uns die historische Sitzordnung der verfassungs- und gesetzgebenden Versammlungen Frankreichs? <\/strong><\/h4>\n<p>Vom Standpunkt des Marxismus handelt es sich bei solchen Begriffspaaren wie \u201crechts\u201d und \u201clinks\u201d, \u201creaktion\u00e4r\u201d und \u201cprogressiv\u201d, um Definitionen, die nie absolut, f\u00fcr sich allein gestellt, genommen werden k\u00f6nnen. Wer eine solche Positionsangabe macht, der sollte immer auch angeben, hinsichtlich welcher Frage er sich die polititsche Landschaft von links nach rechts geordnet denkt. Wenn ein solcher Bezugsrahmen fehlt, dann sollte man keinen Gebrauch von dieser Raum-Metapher machen, die auf die Sitzordnung im franz\u00f6sischen Revolutionsparlament zur\u00fcckgeht. Dann tr\u00e4gt diese Metaphorik nicht nur nichts zur Kl\u00e4rung bei, sondern stiftet eher Verwirrung und kann b\u00f6sen Schaden anrichten.<\/p>\n<p>Der Hauptschlag der gegenw\u00e4rtigen Etappe ist gegen den Imperialismus zu f\u00fchren. Vom daher massgebenden Standpunkt des Antiimperialismus aus, stellt sich nicht selten heraus, dass Positionen, welche die gr\u00f6ssten \u00dcbereinstimmungen mit unseren eigenen Beurteilungen aufweisen, ausgerechnet von b\u00fcrgerlichen Kr\u00e4ften ausgehen, besonders von denen, die vom medialen Mainstream gerne als \u201crechtspopulistisch\u201d abgestempelt werden. (\u2026)<\/p>\n<p>Der seinerzeitige franz\u00f6sische Staatspr\u00e4sident Charles de Gaulle erwarb sich in wichtigen K\u00e4mpfen gegen den US-Imperialismus und gegen den Zionismus Verdienste, die auch uns Anerkennung abfordern. Er unterdr\u00fcckte in Algerien und Frankreich die Hochverr\u00e4ter, die zu den Mitteln des Terrors gegriffen hatten, um sich dem kolonialen R\u00fcckzug Frankreichs zu widersetzen. De Gaulle stand hier in Wort und Tat weit links von den Sozialisten verschiedener Schattierung. Die Rechtsaussenposition bestand in den 1960er Jahren im Plan, Frankreich in die NATO-Milit\u00e4rstruktur zur\u00fcckzuf\u00fchren, und die beiden Haupttr\u00e4ger des Widerstands gegen die Bestrebungen des internationalen Finanzkapitals, n\u00e4mlich die kommunistische Arbeiterbewegung und den patriotischen Gaullismus, als Machtfaktoren auszuschalten. Eben diesem Ziel hatten sich Lieblinge der 68er-Bewegung verschrieben, vom alten Mend\u00e8s-France bis zum jungen Cohn-Bendit.<\/p>\n<p>So wie auf Frankreichs Fluren gelegentlich eine Umpolung von links und rechts eintritt, scheinen diese Pole auch in der Schweiz in Bewegung zu geraten, was die Eskalation der Offensive des imperialistischen Blocks (USA-NATO-EU) anbelangt. Im Interview mit dem russischen Kanal Prorussia.tv bezeichnete der SVP-Aussenpolitiker Oskar Freysinger die Putschistenjunta in Kiew als Faschisten und Neonazis, verurteilte die Provokationen der Westm\u00e4chte an den Grenzen Russlands und \u00e4u\u00dferte Verst\u00e4ndnis f\u00fcr die russische Haltung. (\u2026)<\/p>\n<p>Das Denken in verkrusteten und verabsolutierten Links-Rechts-Schemata ist undialektisch. Modelle sind Abbildungen der objektiven Realit\u00e4t. Ein grobes Modell hat den Zweck, die Komplexit\u00e4t der objektiven Realit\u00e4t auf einige wenige beherrschbare \u201cF\u00fchrungsgr\u00f6\u00dfen\u201d zu reduzieren. Die Nutzanwendung der Modellmethode liegt darin, dass man am Modell Szenarien und strategische Varianten ausprobieren und (zu geringeren Kosten als im Realexperiment) Erkenntnisse gewinnen kann, die sich dann auf die abgebildete Realit\u00e4t \u00fcbertragen lassen. Wendet man allerdings ein Modell mit nur einer einzigen Dimension (der Links-Rechts-Achse) auf eine komplexere Realit\u00e4t an, so kann nur ein grob verzerrtes Abbild herauskommen. Mit anderen Worten: ein so simples Modell kann nur auf einen engen Ausschnitt aus der objektiven Realit\u00e4t bezogen werden, auf eine hinl\u00e4nglich pr\u00e4zisierte und konkrete Lage.<\/p>\n<p>Unter den Bedingungen der ideologischen Luftherrschaft der Bourgeoisie hat die herrschende Klasse auch die Macht an sich gerissen, zu definieren, was in der sozialen Kommunikation als \u201creaktion\u00e4r\u201d und \u201cfortschrittlich\u201d zu gelten habe. Ja, es ist so weit gekommen, dass die Medien im Dienst des Gro\u00dfkapitals, dass b\u00fcrgerliche Journalisten, eingefleischte Antikommunisten, sich damit besch\u00e4ftigen zu definieren, was sich f\u00fcr gute Linke geziemt, und wer f\u00fcr die Kommunisten als b\u00fcndnisf\u00e4hig zu gelten hat. Nicht wenige Mitglieder und Sympathisanten von kommunistischen und Arbeiterparteien lassen sich davon beeindrucken und halten sich in ihrer Praxis der Solidarit\u00e4ts- und B\u00fcndnispolitik an die definierten Tabus. St\u00e4rker Beeinflussbare lassen sich dazu dr\u00e4ngen, den Kriegstreibern auch aktiv propagandistische Sch\u00fctzenhilfe zu erweisen, indem sie sich an Kampagnen zur Isolierung und Diffamierung der Opfer imperialistischer \u00dcberf\u00e4lle beteiligen. Nicht zu vergessen die bewussten Agenten des Imperialismus, welche die Redlichkeit der Genossen und die unter ihnen gestiftete Verwirrung f\u00fcr allerlei Man\u00f6ver ausn\u00fctzen. Solche Leute, die sich eifrig an den Propagandakampagnen der Kriegstreiber zur Sch\u00fcrung von Konflikten und zur Hintertreibung friedlicher Regelungen beteiligen, um schlie\u00dflich, in der Zielgerade angelangt, sich heuchlerisch gegen den Krieg als Mittel auszusprechen und nach politischen L\u00f6sungen zu rufen. (\u2026)<\/p>\n<p>&nbsp;<\/p>\n<p><a href=\"#_ednref1\" name=\"_edn1\">[1]<\/a> http:\/\/www.morgenpost.de\/berlin\/article132721364\/SPD-Querdenker-Thilo-Sarrazin-lobt-die-AfD.html<\/p>\n<p><a href=\"#_ednref2\" name=\"_edn2\">[2]<\/a> http:\/\/www.tagesspiegel.de\/berlin\/neue-montagsdemos-friedensbewegung-mit-brauntoenen\/9786662.html<\/p>\n<p><a href=\"#_ednref3\" name=\"_edn3\">[3]<\/a> http:\/\/www.spkantonzh.ch\/icc.asp?oid=32555<\/p>\n<p><a href=\"#_ednref4\" name=\"_edn4\">[4]<\/a> http:\/\/www.spiegel.de\/spiegel\/print\/d-14320701.html<\/p>\n<p><a href=\"#_ednref5\" name=\"_edn5\">[5]<\/a> http:\/\/www.suedkurier.de\/region\/kreis-konstanz\/konstanz\/Wir-sind-keine-Spasspartei;art372448,3946744<\/p>\n<p><a href=\"#_ednref6\" name=\"_edn6\">[6]<\/a> https:\/\/www.facebook.com\/AfD.Thueringen\/posts\/186762188142955<\/p>\n<hr \/>\n<h5>Download<\/h5>\n<p>Der Artikel kann auch als PDF-Dokument angesehen und heruntergeladen werden:<\/p>\n<p><img data-recalc-dims=\"1\" loading=\"lazy\" decoding=\"async\" data-attachment-id=\"1076\" data-permalink=\"https:\/\/www.freidenker.org\/?attachment_id=1076\" data-orig-file=\"https:\/\/i0.wp.com\/www.freidenker.org\/fw17\/wp-content\/uploads\/2017\/10\/pdf_icon-2.png?fit=32%2C32&amp;ssl=1\" data-orig-size=\"32,32\" data-comments-opened=\"0\" data-image-meta=\"{&quot;aperture&quot;:&quot;0&quot;,&quot;credit&quot;:&quot;&quot;,&quot;camera&quot;:&quot;&quot;,&quot;caption&quot;:&quot;&quot;,&quot;created_timestamp&quot;:&quot;0&quot;,&quot;copyright&quot;:&quot;&quot;,&quot;focal_length&quot;:&quot;0&quot;,&quot;iso&quot;:&quot;0&quot;,&quot;shutter_speed&quot;:&quot;0&quot;,&quot;title&quot;:&quot;&quot;,&quot;orientation&quot;:&quot;0&quot;}\" data-image-title=\"pdf_icon\" data-image-description=\"\" data-image-caption=\"\" data-large-file=\"https:\/\/i0.wp.com\/www.freidenker.org\/fw17\/wp-content\/uploads\/2017\/10\/pdf_icon-2.png?fit=32%2C32&amp;ssl=1\" class=\"alignnone size-full wp-image-1076\" src=\"https:\/\/i0.wp.com\/www.freidenker.org\/fw17\/wp-content\/uploads\/2017\/10\/pdf_icon-2.png?resize=32%2C32&#038;ssl=1\" alt=\"\" width=\"32\" height=\"32\" \/>\u00a0 <a href=\"https:\/\/www.freidenker.org\/fw17\/wp-content\/uploads\/2016\/08\/freidenker-16-01-rechts-links.pdf\" target=\"_blank\" rel=\"noopener\">Nicht rechts, nicht links\u201c?<\/a> ((Auszug aus FREIDENKER 1-16, ca. 315 KB)<\/p>\n<hr \/>\n<p>Bild: pixabay.com \/ User: geralt<\/p>\n","protected":false},"excerpt":{"rendered":"<p><strong>Aus: FREIDENKER 1-16<\/strong><br \/>\n\u201eNicht rechts, nicht links\u201c &#8211; in politischen Auseinandersetzungen und Bewegungen begegnet man dieser Aussage h\u00e4ufig. Sie ist aber oft sehr unterschiedlich motiviert, mit ihr k\u00f6nnen sehr verschiedene Zwecke gemeint sein. Die unterschiedlichen Motive und Zwecke muss man kennen und unterscheiden, weil man sich andernfalls sparen k\u00f6nnte, darauf einzugehen. \u201eIch bin nicht links, ich bin nicht rechts, ich denke selbst!\u201c ist eine im Internet popul\u00e4re Losung. W\u00e4hrend der letzte Teil des Satzes sympathisch, ja freidenkerisch klingt, k\u00f6nnen viele mit dem ersten Teil nicht so recht was anfangen. Wer schon l\u00e4ngere Zeit politisch aktiv ist, bringt der Losung &#8222;Nicht rechts, nicht links\u201c Unverst\u00e4ndnis und Skepsis entgegen. <\/p>\n","protected":false},"author":3,"featured_media":2848,"comment_status":"closed","ping_status":"closed","sticky":false,"template":"","format":"standard","meta":{"colormag_page_container_layout":"default_layout","colormag_page_sidebar_layout":"default_layout","advanced_seo_description":"","jetpack_seo_html_title":"","jetpack_seo_noindex":false,"jetpack_post_was_ever_published":false,"footnotes":""},"categories":[12],"tags":[162,43,672,342,1014],"class_list":["post-2847","post","type-post","status-publish","format-standard","has-post-thumbnail","hentry","category-demokratie-medien-aufklaerung","tag-demokratie","tag-friedensbewegung","tag-linke-politik","tag-querfront","tag-rechte-politik"],"jetpack_featured_media_url":"https:\/\/i0.wp.com\/www.freidenker.org\/fw17\/wp-content\/uploads\/2017\/12\/board-2084777_800x445.jpg?fit=850%2C445&ssl=1","jetpack_shortlink":"https:\/\/wp.me\/p9stpK-JV","jetpack-related-posts":[{"id":15476,"url":"https:\/\/www.freidenker.org\/?p=15476","url_meta":{"origin":2847,"position":0},"title":"Lisa Fitz &#8211; Bin Ich Rechts??","author":"Webredaktion","date":"12. M\u00e4rz 2023","format":false,"excerpt":"Zweiteiliges Video von Lisa Fitz So, der Karneval ist vorbei, Gott sei Dank. Annalena hat den Faschingsdings gekriegt, wider den tierischen Ernst. Dass man den auch f\u00fcr unfreiwillige Komik bekommt, wusste ich nicht?! Aber\u2026 Mann, war ich erleichtert! Jetzt ist klar, dass sie den Krampf, den sie redet, gar nicht\u2026","rel":"","context":"In &quot;Demokratie \u2013 Medien \u2013 Aufkl\u00e4rung&quot;","block_context":{"text":"Demokratie \u2013 Medien \u2013 Aufkl\u00e4rung","link":"https:\/\/www.freidenker.org\/?cat=12"},"img":{"alt_text":"","src":"https:\/\/i0.wp.com\/www.freidenker.org\/fw17\/wp-content\/uploads\/2023\/03\/lisa_fitz_binichrechts_3_800x450.jpg?fit=800%2C450&ssl=1&resize=350%2C200","width":350,"height":200,"srcset":"https:\/\/i0.wp.com\/www.freidenker.org\/fw17\/wp-content\/uploads\/2023\/03\/lisa_fitz_binichrechts_3_800x450.jpg?fit=800%2C450&ssl=1&resize=350%2C200 1x, https:\/\/i0.wp.com\/www.freidenker.org\/fw17\/wp-content\/uploads\/2023\/03\/lisa_fitz_binichrechts_3_800x450.jpg?fit=800%2C450&ssl=1&resize=525%2C300 1.5x, https:\/\/i0.wp.com\/www.freidenker.org\/fw17\/wp-content\/uploads\/2023\/03\/lisa_fitz_binichrechts_3_800x450.jpg?fit=800%2C450&ssl=1&resize=700%2C400 2x"},"classes":[]},{"id":24312,"url":"https:\/\/www.freidenker.org\/?p=24312","url_meta":{"origin":2847,"position":1},"title":"Gabriele Gysi: &#8222;Die aktuelle Rechts-links-Diskussion schafft ein Verkehrschaos der Begriffe&#8220;","author":"Webredaktion","date":"27. Januar 2026","format":false,"excerpt":"Interview von Felicitas Rabe mit Gabriele Gysi Im Interview mit RT\u00a0DE spricht die Schauspielerin und Regisseurin Gabriele Gysi \u00fcber ihre Sicht auf die Links-rechts-Debatte in Deutschland. Sie erl\u00e4utert Hintergr\u00fcnde der heutigen Verwirrung politisch linker und rechter Positionen. Unterschiedliche Bildung trage ebenso zur Verwirrung bei wie fehlende klare Definitionen von f\u00fcr\u2026","rel":"","context":"In &quot;Demokratie \u2013 Medien \u2013 Aufkl\u00e4rung&quot;","block_context":{"text":"Demokratie \u2013 Medien \u2013 Aufkl\u00e4rung","link":"https:\/\/www.freidenker.org\/?cat=12"},"img":{"alt_text":"","src":"https:\/\/i0.wp.com\/www.freidenker.org\/fw17\/wp-content\/uploads\/2026\/01\/2015-06-13_Ich_stelle_mich_Gabriele_Gysi_800x450.jpg?fit=800%2C450&ssl=1&resize=350%2C200","width":350,"height":200,"srcset":"https:\/\/i0.wp.com\/www.freidenker.org\/fw17\/wp-content\/uploads\/2026\/01\/2015-06-13_Ich_stelle_mich_Gabriele_Gysi_800x450.jpg?fit=800%2C450&ssl=1&resize=350%2C200 1x, https:\/\/i0.wp.com\/www.freidenker.org\/fw17\/wp-content\/uploads\/2026\/01\/2015-06-13_Ich_stelle_mich_Gabriele_Gysi_800x450.jpg?fit=800%2C450&ssl=1&resize=525%2C300 1.5x, https:\/\/i0.wp.com\/www.freidenker.org\/fw17\/wp-content\/uploads\/2026\/01\/2015-06-13_Ich_stelle_mich_Gabriele_Gysi_800x450.jpg?fit=800%2C450&ssl=1&resize=700%2C400 2x"},"classes":[]},{"id":18021,"url":"https:\/\/www.freidenker.org\/?p=18021","url_meta":{"origin":2847,"position":2},"title":"Komisches Deutschland: Rechte Demonstrationen &#8222;gegen rechts&#8220;","author":"Webredaktion","date":"27. Januar 2024","format":false,"excerpt":"Beitrag von Gert Ewen Ungar Wenn man wissen m\u00f6chte, wes Geistes Kind die Bundesregierung und die deutsche Gesellschaft als Ganzes sind, empfiehlt sich ein Blick darauf, wie Deutschland aus dem Ausland wahrgenommen wird. Dieser Blick von au\u00dfen l\u00e4sst sich aktuell recht knackig zusammenfassen. Deutschland unterst\u00fctzt den V\u00f6lkermord Israels an den\u2026","rel":"","context":"In &quot;Demokratie \u2013 Medien \u2013 Aufkl\u00e4rung&quot;","block_context":{"text":"Demokratie \u2013 Medien \u2013 Aufkl\u00e4rung","link":"https:\/\/www.freidenker.org\/?cat=12"},"img":{"alt_text":"","src":"https:\/\/i0.wp.com\/www.freidenker.org\/fw17\/wp-content\/uploads\/2024\/01\/Demokratie_verteidigen_Berlin_2023-01-21_16_800x450.jpg?fit=800%2C450&ssl=1&resize=350%2C200","width":350,"height":200,"srcset":"https:\/\/i0.wp.com\/www.freidenker.org\/fw17\/wp-content\/uploads\/2024\/01\/Demokratie_verteidigen_Berlin_2023-01-21_16_800x450.jpg?fit=800%2C450&ssl=1&resize=350%2C200 1x, https:\/\/i0.wp.com\/www.freidenker.org\/fw17\/wp-content\/uploads\/2024\/01\/Demokratie_verteidigen_Berlin_2023-01-21_16_800x450.jpg?fit=800%2C450&ssl=1&resize=525%2C300 1.5x, https:\/\/i0.wp.com\/www.freidenker.org\/fw17\/wp-content\/uploads\/2024\/01\/Demokratie_verteidigen_Berlin_2023-01-21_16_800x450.jpg?fit=800%2C450&ssl=1&resize=700%2C400 2x"},"classes":[]},{"id":17582,"url":"https:\/\/www.freidenker.org\/?p=17582","url_meta":{"origin":2847,"position":3},"title":"Was ist \u201eRechts\u201c, was ist \u201eLinks\u201c?","author":"Webredaktion","date":"25. November 2023","format":false,"excerpt":"Beitrag von Klaus Hartmann In den letzten Jahren ist es zunehmend \u00fcblich geworden, Menschen und Proteste als \u201erechts\u201c zu etikettieren, wenn sie sich gegen den \u201eMainstream\u201c oder den Kurs der Regierung wenden. Wer zur Zuwanderung, den \u201eCorona-Ma\u00dfnahmen\u201c, zum \u201eKlima\u201c oder dem Heizungsgesetz, zu den Kriegen in der Ukraine oder in\u2026","rel":"","context":"In &quot;Demokratie \u2013 Medien \u2013 Aufkl\u00e4rung&quot;","block_context":{"text":"Demokratie \u2013 Medien \u2013 Aufkl\u00e4rung","link":"https:\/\/www.freidenker.org\/?cat=12"},"img":{"alt_text":"","src":"https:\/\/i0.wp.com\/www.freidenker.org\/fw17\/wp-content\/uploads\/2023\/11\/directory-5413030_800x450.jpg?fit=800%2C450&ssl=1&resize=350%2C200","width":350,"height":200,"srcset":"https:\/\/i0.wp.com\/www.freidenker.org\/fw17\/wp-content\/uploads\/2023\/11\/directory-5413030_800x450.jpg?fit=800%2C450&ssl=1&resize=350%2C200 1x, https:\/\/i0.wp.com\/www.freidenker.org\/fw17\/wp-content\/uploads\/2023\/11\/directory-5413030_800x450.jpg?fit=800%2C450&ssl=1&resize=525%2C300 1.5x, https:\/\/i0.wp.com\/www.freidenker.org\/fw17\/wp-content\/uploads\/2023\/11\/directory-5413030_800x450.jpg?fit=800%2C450&ssl=1&resize=700%2C400 2x"},"classes":[]},{"id":18106,"url":"https:\/\/www.freidenker.org\/?p=18106","url_meta":{"origin":2847,"position":4},"title":"\u00dcber die Bigotterie des deutschen &#8222;Widerstands&#8220; gegen rechts","author":"Webredaktion","date":"9. Februar 2024","format":false,"excerpt":"Beitrag von Tom J. Wellbrock Menschen aus Deutschland auszuweisen, ist faschistisch, und Menschen aus Deutschland auszuweisen, ist eine vern\u00fcnftige Reaktion. Beides scheint zu stimmen, die Frage ist nur, wer es sagt. In einem Video, das auf einer der zahlreichen Demos gegen rechts gemacht wurde, sagte ein Teilnehmer, Abschiebungen der AfD\u2026","rel":"","context":"In &quot;Demokratie \u2013 Medien \u2013 Aufkl\u00e4rung&quot;","block_context":{"text":"Demokratie \u2013 Medien \u2013 Aufkl\u00e4rung","link":"https:\/\/www.freidenker.org\/?cat=12"},"img":{"alt_text":"","src":"https:\/\/i0.wp.com\/www.freidenker.org\/fw17\/wp-content\/uploads\/2024\/02\/Demo_gegen_Rechts_Heidelberg_20_01_2024_14_800x450.jpg?fit=800%2C450&ssl=1&resize=350%2C200","width":350,"height":200,"srcset":"https:\/\/i0.wp.com\/www.freidenker.org\/fw17\/wp-content\/uploads\/2024\/02\/Demo_gegen_Rechts_Heidelberg_20_01_2024_14_800x450.jpg?fit=800%2C450&ssl=1&resize=350%2C200 1x, https:\/\/i0.wp.com\/www.freidenker.org\/fw17\/wp-content\/uploads\/2024\/02\/Demo_gegen_Rechts_Heidelberg_20_01_2024_14_800x450.jpg?fit=800%2C450&ssl=1&resize=525%2C300 1.5x, https:\/\/i0.wp.com\/www.freidenker.org\/fw17\/wp-content\/uploads\/2024\/02\/Demo_gegen_Rechts_Heidelberg_20_01_2024_14_800x450.jpg?fit=800%2C450&ssl=1&resize=700%2C400 2x"},"classes":[]},{"id":19531,"url":"https:\/\/www.freidenker.org\/?p=19531","url_meta":{"origin":2847,"position":5},"title":"Warum ich mich \u00fcber das Compact-Verbot nicht freuen kann!","author":"Webredaktion","date":"18. Juli 2024","format":false,"excerpt":"Beitrag von Yavuz \u00d6zoguz Die \u00dcberschrift wird einige \u00fcberraschen, denn das Compact-Magazin war eines der islamfeindlichsten Publikationen Deutschlands in den letzten Jahren. Dennoch \u2013 oder vielleicht sogar gerade deswegen \u2013 stelle ich mich als vergleichsweise unbedeutende Stimme unter den Muslimen gegen dieses Verbot! Zun\u00e4chst einmal kenne ich den Chefredakteur J\u00fcrgen\u2026","rel":"","context":"In &quot;Demokratie \u2013 Medien \u2013 Aufkl\u00e4rung&quot;","block_context":{"text":"Demokratie \u2013 Medien \u2013 Aufkl\u00e4rung","link":"https:\/\/www.freidenker.org\/?cat=12"},"img":{"alt_text":"","src":"https:\/\/i0.wp.com\/www.freidenker.org\/fw17\/wp-content\/uploads\/2024\/07\/compact-verbot_800x450.jpg?fit=800%2C450&ssl=1&resize=350%2C200","width":350,"height":200,"srcset":"https:\/\/i0.wp.com\/www.freidenker.org\/fw17\/wp-content\/uploads\/2024\/07\/compact-verbot_800x450.jpg?fit=800%2C450&ssl=1&resize=350%2C200 1x, https:\/\/i0.wp.com\/www.freidenker.org\/fw17\/wp-content\/uploads\/2024\/07\/compact-verbot_800x450.jpg?fit=800%2C450&ssl=1&resize=525%2C300 1.5x, https:\/\/i0.wp.com\/www.freidenker.org\/fw17\/wp-content\/uploads\/2024\/07\/compact-verbot_800x450.jpg?fit=800%2C450&ssl=1&resize=700%2C400 2x"},"classes":[]}],"_links":{"self":[{"href":"https:\/\/www.freidenker.org\/index.php?rest_route=\/wp\/v2\/posts\/2847","targetHints":{"allow":["GET"]}}],"collection":[{"href":"https:\/\/www.freidenker.org\/index.php?rest_route=\/wp\/v2\/posts"}],"about":[{"href":"https:\/\/www.freidenker.org\/index.php?rest_route=\/wp\/v2\/types\/post"}],"author":[{"embeddable":true,"href":"https:\/\/www.freidenker.org\/index.php?rest_route=\/wp\/v2\/users\/3"}],"replies":[{"embeddable":true,"href":"https:\/\/www.freidenker.org\/index.php?rest_route=%2Fwp%2Fv2%2Fcomments&post=2847"}],"version-history":[{"count":0,"href":"https:\/\/www.freidenker.org\/index.php?rest_route=\/wp\/v2\/posts\/2847\/revisions"}],"wp:featuredmedia":[{"embeddable":true,"href":"https:\/\/www.freidenker.org\/index.php?rest_route=\/wp\/v2\/media\/2848"}],"wp:attachment":[{"href":"https:\/\/www.freidenker.org\/index.php?rest_route=%2Fwp%2Fv2%2Fmedia&parent=2847"}],"wp:term":[{"taxonomy":"category","embeddable":true,"href":"https:\/\/www.freidenker.org\/index.php?rest_route=%2Fwp%2Fv2%2Fcategories&post=2847"},{"taxonomy":"post_tag","embeddable":true,"href":"https:\/\/www.freidenker.org\/index.php?rest_route=%2Fwp%2Fv2%2Ftags&post=2847"}],"curies":[{"name":"wp","href":"https:\/\/api.w.org\/{rel}","templated":true}]}}