{"id":2783,"date":"2017-12-18T17:30:35","date_gmt":"2017-12-18T16:30:35","guid":{"rendered":"http:\/\/www.freidenker.org\/?p=2783"},"modified":"2018-02-25T12:28:43","modified_gmt":"2018-02-25T11:28:43","slug":"mit-fake-news-in-den-krieg","status":"publish","type":"post","link":"https:\/\/www.freidenker.org\/?p=2783","title":{"rendered":"Mit \u201eFake News\u201c in den Krieg"},"content":{"rendered":"<p><strong>Rede des Vorsitzenden des Deutschen Freidenker-Verbandes, Klaus Hartmann, anl\u00e4sslich der Verleihung des K\u00f6lner Karlspreises f\u00fcr Engagierte Literatur und Publizistik an Ken Jebsen am 14. Dezember 2017 in Berlin<br \/>\n<\/strong><\/p>\n<p><i>Die Rede als Audio-Datei anh\u00f6ren:<\/i><\/p>\n<audio class=\"wp-audio-shortcode\" id=\"audio-2783-1\" preload=\"none\" style=\"width: 100%;\" controls=\"controls\"><source type=\"audio\/mpeg\" src=\"https:\/\/www.freidenker.org\/fw17\/wp-content\/uploads\/2017\/12\/Rede_Klaus_Hartmann_bei_Preisverleihung_Jebsen_2017-12-14.mp3?_=1\" \/><a href=\"https:\/\/www.freidenker.org\/fw17\/wp-content\/uploads\/2017\/12\/Rede_Klaus_Hartmann_bei_Preisverleihung_Jebsen_2017-12-14.mp3\">https:\/\/www.freidenker.org\/fw17\/wp-content\/uploads\/2017\/12\/Rede_Klaus_Hartmann_bei_Preisverleihung_Jebsen_2017-12-14.mp3<\/a><\/audio>\n<p>&nbsp;<\/p>\n<p><em><img data-recalc-dims=\"1\" loading=\"lazy\" decoding=\"async\" data-attachment-id=\"1072\" data-permalink=\"https:\/\/www.freidenker.org\/?attachment_id=1072\" data-orig-file=\"https:\/\/i0.wp.com\/www.freidenker.org\/fw17\/wp-content\/uploads\/2017\/10\/pdf_icon-e1509487447542.png?fit=16%2C16&amp;ssl=1\" data-orig-size=\"16,16\" data-comments-opened=\"0\" data-image-meta=\"{&quot;aperture&quot;:&quot;0&quot;,&quot;credit&quot;:&quot;&quot;,&quot;camera&quot;:&quot;&quot;,&quot;caption&quot;:&quot;&quot;,&quot;created_timestamp&quot;:&quot;0&quot;,&quot;copyright&quot;:&quot;&quot;,&quot;focal_length&quot;:&quot;0&quot;,&quot;iso&quot;:&quot;0&quot;,&quot;shutter_speed&quot;:&quot;0&quot;,&quot;title&quot;:&quot;&quot;,&quot;orientation&quot;:&quot;0&quot;}\" data-image-title=\"pdf_icon_16\" data-image-description=\"\" data-image-caption=\"\" data-large-file=\"https:\/\/i0.wp.com\/www.freidenker.org\/fw17\/wp-content\/uploads\/2017\/10\/pdf_icon-e1509487447542.png?fit=16%2C16&amp;ssl=1\" class=\"alignnone size-full wp-image-1072\" src=\"https:\/\/i0.wp.com\/www.freidenker.org\/fw17\/wp-content\/uploads\/2017\/10\/pdf_icon-e1509487447542.png?resize=16%2C16&#038;ssl=1\" alt=\"\" width=\"16\" height=\"16\" \/>\u00a0<a href=\"https:\/\/www.freidenker.org\/fw17\/wp-content\/uploads\/2018\/01\/171214-Karlspreis-Ken-Rede.pdf\" target=\"_blank\" rel=\"noopener\">Die Rede als PDF-Dokument<\/a> ansehen bzw. herunterladen<\/em><\/p>\n<p>&nbsp;<\/p>\n<p>Liebe Preisverleihungsg\u00e4ste,<\/p>\n<p>eine Vorbemerkung: Was den Appell des letzten Spontanredners (<em>David: \u201ewir sind doch bei einer Preisverleihung, das ist doch ein freundlicher Akt, da zieht man sich schick an\u201c<\/em>) angeht: mit dem schick Anziehen habe ich mich etwas bem\u00fcht; was den Vorredner (<em>Gilad Atzmon<\/em>) angeht: die Tonlage (<em>der Jazzklarinette<\/em>) treffe ich nat\u00fcrlich nicht, aber wer mich kennt, wei\u00df, ich treffe ohnehin selten den richtigen Ton.<\/p>\n<p>Mir wurde aufgegeben, ich soll etwas \u00fcber \u201eFake News\u201c erz\u00e4hlen, das hat in diesen Tagen nat\u00fcrlich Konjunktur, andererseits soll es dabei darum gehen, ob es sich bei der Gegnerschaft gegen die \u201eFake News\u201c um einen Kampf um die Wahrheit handelt.<\/p>\n<p>Ich muss sagen, das Wort steht in einer Reihe mit dem, das schon einmal ein paar Tage vorher zum \u201eUnwort des Jahres\u201c erkoren wurde, von einer ehemals sprachkritischen Jury, n\u00e4mlich der \u201eL\u00fcgenpresse\u201c; was uns ja eingetr\u00e4ufelt wird, dass man es nicht benutzen kann oder darf, weil es ein \u201erechtes Wort\u201c sei. Ich beziehe mich lieber auf Eckart Spoo, der meinte: \u201eDie Presse muss einfach aufh\u00f6ren, zu l\u00fcgen. Und ich lasse mir dieses wahre, dieses allzu wahre Wort nicht verbieten.\u201c<\/p>\n<p>Und genauso geht es uns jetzt mit den \u201eFake News\u201c, was ja eigentlich eine merkw\u00fcrdige Veranstaltung ist, dieser \u201eAnglizismus des Jahres 2017\u201c, daf\u00fcr hatten wir vorher schon mal klare Begriffe, die hie\u00dfen, glaube ich, Falschmeldung oder auch Desinformation. Warum es jetzt so neu erfunden werden musste? Wahrscheinlich weil es \u201ecool\u201c klingt \u2013 und wahrscheinlich auch, weil damit bestimmte Absichten verbunden sind.<\/p>\n<p>Und die Absichten, die damit verbunden sind, richten sich \u2013 wenn ich mal so offen sein darf \u2013 eigentlich massiv gegen uns, weil: die Europ\u00e4ische Union im September 2015 eine \u201eArbeitsgruppe zur Verfolgung und Analyse von aus Russland nach Europa str\u00f6menden Desinformationen\u201c, eine \u201eEast StratCom Task Force\u201c eingerichtet hat, da die aus Russland kommenden Nachrichten, und das ist jetzt ein Zitat, \u201ehier f\u00fcr Unruhe sorgen und Zweifel an der etablierten Politik s\u00e4en sollen\u201c, haben sie auf ihren eigenen Homepages dazu ver\u00f6ffentlicht.<a href=\"#_ftn1\" name=\"_ftnref1\">[1]<\/a> Ja, was f\u00fcr ein Skandal! Wo kommen wir dahin: Unruhe! Wo doch Ruhe die erste B\u00fcrgerpflicht ist. Und gar \u201eZweifel an der etablierten Politik\u201c! Das ist ja mindestens Majest\u00e4tsbeleidigung, wo doch die NATO-Deutung der Wirklichkeit sakrosankt ist.<\/p>\n<p>\u201eFake News\u201c?Wir kennen vielleicht Fake Fur \u2013 das ist Kunstpelz, Fake Pistol \u2013 ist keine Waffe, sondern eine Attrappe, und Fake Painting ist einfach ein gef\u00e4lschtes Gem\u00e4lde. Was aber das Abwehrzentrum gegen Desinformation, das die Bundesregierung im Vorfeld des Bundestagswahlkampfs extra eingerichtet hat, dann noch soll? \u201eFake News\u201c \u2013 offenbar handelt es sich um einen Kampfbegriff gegen alles, was einem nicht in den Kram passt, da \u00e4hnelt es dem \u201eVerschw\u00f6rungstheoretiker\u201c, der ja heute diesen Preis bekommen hat. Der \u201eVerschw\u00f6rungstheoretiker\u201c ist eigentlich auch einer, den die CIA erst in Umlauf gebracht hat \u2013 als der Kennedy ermordet wurde, und niemand die Story von der CIA glauben wollte. Und wie es mit der \u201eL\u00fcgenpresse\u201c eben auch ist \u2013 ich komme noch mal ganz kurz darauf zur\u00fcck, dem angeblichen \u201eKampfbegriff der Rechten<strong>\u201c. <\/strong><\/p>\n<p>Ich will sagen: Er stammt aus den 1920er Jahren, da hat ihn die KPD immer gebraucht, gegen die \u201eHugenberg\u2019sche L\u00fcgenpresse\u201c. Und von daher sind wir, glaube ich, in einer guten Gesellschaft, wenn wir den Nachfolgern des Hugenberg-Konzerns, die Namen wurden hier heute schon genannt (Springer, Burda, Bertelsmann, Funke etc.), diesen Ehrentitel weitergeben.<\/p>\n<p>Ansonsten \u00e4hnelt die Kampagne der Situation \u201eHaltet den Dieb!\u201c \u2013 denn \u201eFake News\u201c sind ja ehrlicherweise solche Begriffe wie \u201eHumanit\u00e4re Missionen\u201c. Na ja, Krieg ist gemeint. \u201eSchutz der Zivilbev\u00f6lkerung\u201c. Dazu wirft man Bomben ab. Dass die Staatschefs von allen \u201eungehorsamen\u201c Staaten grunds\u00e4tzlich \u201eVerr\u00fcckte\u201c, \u201eSchl\u00e4chter\u201c, \u201eDiktatoren\u201c, \u201eM\u00f6rder des eigenen Volkes\u201c oder gar \u201eneue Hitler\u201c seien \u2013 da haben wir die Originalausgabe von \u201eFake News\u201c.<\/p>\n<p>Oder wenn wir feststellen, die NATO-Aggression gegen Jugoslawien, da soll laut dem Fantasten Scharping ein \u201eKZ in Pri\u0161tina\u201c gesehen worden sein, oder es soll ein \u201eRa\u0107ak-Massaker\u201c stattgefunden haben; oder der Saddam Hussein h\u00e4tte \u201eMassenvernichtungswaffen\u201c gehabt; als der erste Irak-Krieg losging, hat eine Werbeagentur die \u201eBrutkasten-L\u00fcge\u201c erfunden, nach der die irakischen Soldaten die Fr\u00fchchen auf den Boden gefeuert h\u00e4tten. Solche L\u00fcgen sind Legion \u2013 dass die \u201eWei\u00dfhelme\u201c in Syrien eine \u201ehumanit\u00e4re Organisation\u201c seien, geh\u00f6rt dazu ebenso wie die von unserem Zensursenator Lederer vor dem Brandenburger Tor platzierten drei aufrecht stehenden Busse, die angeblich der syrischen Zivilbev\u00f6lkerung als Kugelfang dienen sollten. Wobei der vermeintliche K\u00fcnstler in den letzten Jahren nie in Damaskus oder Aleppo gewesen ist, und jeder, der dort war, wie zum Beispiel die Karin Leukefeld, genau wei\u00df, dass die Menschen dort Plastikplanen \u00fcber die Stra\u00dfen h\u00e4ngen, um Kugeln zu fangen; wohingegen die Busse, (auf dem den \u201eK\u00fcnstler\u201c inspirierenden Presse-Foto) dekoriert mit der Flagge einer Terror-Organisation<a href=\"#_ftn2\" name=\"_ftnref2\">[2]<\/a>, die in den deutschen Medien in der Regel abgeschnitten wurde, damit sie nicht identifiziert wird, diese Busse wurden dort als Barrikaden, als Schie\u00dfscharten benutzt. Doch das ist f\u00fcr unsere L\u00fcgenpresse und ihren gl\u00e4ubigen Zensursenator nat\u00fcrlich kein Thema.<\/p>\n<p>Und dass sich die Menschen in Frankreich, in England dar\u00fcber aufregen, dass mit Mitteln des Kultursenats Berlin in Kreuzberg sogenannte Bilder von \u201eM\u00e4rtyrern\u201c ausgestellt werden, und dabei tats\u00e4chlich ein veritabler Attent\u00e4ter des Bataclan-Attentats in Paris als \u201eM\u00e4rtyrer\u201c pr\u00e4sentiert wird,<a href=\"#_ftn3\" name=\"_ftnref3\">[3]<\/a> das st\u00f6rt unseren NATO-h\u00f6rigen Atlantikbr\u00fcckeng\u00e4nger Lederer nat\u00fcrlich \u00fcberhaupt nicht.<\/p>\n<p>Wir k\u00f6nnen ihm zwar dankbar sein, dass er dieser Veranstaltung eine solche, von uns nicht zu bezahlende Publicity verschafft hat; wir k\u00f6nnen ihm auch daf\u00fcr dankbar sein: ich habe ja jahrelang darauf gewartet, dass endlich diese Zensurbem\u00fchungen von \u201eantideutschen\u201c Sto\u00dftrupps, von zionistischen Propaganda-Einheiten gegen das Recht auf freie Meinungs\u00e4u\u00dferung, z. B. auch von antizionistischen Juden in Deutschland, endlich mal auf Widerstand sto\u00dfen. Jahrelang haben wir vergeblich gewartet, jetzt sehe ich gewisse Zeichen der Hoffnung, dass sich dieses Blatt wendet. Und dazu tr\u00e4gt auch bei, dass bestimmte Typen und Schreiberlinge im Vorfeld und begleitend zur heutigen Veranstaltung nochmal so richtig ihre \u2013 pardon \u2013 Hose runtergelassen haben.<\/p>\n<p>Ich meine den Bommarius von der \u201eFrankfurter Rundschau\u201c, einst vom Antifaschisten, dem Lager\u00e4ltesten des Judenblocks im KZ Buchenwald, Emil Carlebach mitbegr\u00fcndet, Bommarius bem\u00fcht sich heute, dem Diether Dehm ans Zeug zu flicken, weil der behauptet, seit 1933 ff ist der Begriff \u201eAntisemitismus\u201c untrennbar mit dem Massenmord verbunden. Daraus macht Bommarius: \u201eSollten Juden eines Tages wieder gezwungen werden, mit einem gelben Stern durch die Stra\u00dfen zu laufen, k\u00f6nnte Dehm darin keinen Antisemitismus erkennen, selbst Konzentrationslager erregten in ihm keinen einschl\u00e4gigen Verdacht.\u201c<a href=\"#_ftn4\" name=\"_ftnref4\">[4]<\/a> Weil \u2013 das sei ja noch kein Massenmord. Dabei ging es Diether Dehm mit diesem Satz nur um Eines: Dass n\u00e4mlich die Trivialisierung des Begriffs Antisemitismus f\u00fcr jeden Schei\u00df \u2013 pardon, f\u00fcr jede Kritik an der israelischen Regierungspolitik, einen Freispruch f\u00fcr den m\u00f6rderischen Judenhass, f\u00fcr die Judenvernichtung vor 1945 bedeutet, und deshalb man diesen Begriff nicht verplempern darf, nur um den Schwerverbrecher Netanjahu und seine Kompanie freizusprechen. Darum ging es.<\/p>\n<p>Es wird dem Ken Jebsen und anderen, auch in der \u201ejungen Welt\u201c vorgeworfen, sie w\u00fcrden \u201elinks\u201c und \u201erechts\u201c einebnen, gleichsetzen, \u201elinks\u201c oder \u201erechts\u201c sei ihnen egal. Dazu will ich sagen. Ich setze \u201elinks\u201c und \u201erechts\u201c nicht gleich, mir ist die historische Entstehung bewusst: \u201elinks\u201c war immer gegen die Privilegierten, gegen die Machthaber, gegen den Krieg etc. Ist das heute bei der Betrachtung der Wirklichkeit, wie wir sie erleben, aber noch zu erkennen? Wo ist denn \u201elinks\u201c und \u201erechts\u201c? Ist es denn besser, Bomben auf Belgrad, geworfen von SPD- und Gr\u00fcnen, als wenn es Rechte machen t\u00e4ten? Oder umgekehrt gefragt: Sind dann Schr\u00f6der und Fischer und Scharping denn \u00fcberhaupt noch links?<\/p>\n<p>Von daher stellt sich die Frage \u2013 echte Kriegsgegner sind f\u00fcr mich pers\u00f6nlich nat\u00fcrlich links, aber wenn ein Peter Gauweiler von der CSU gegen diesen Krieg war, ja, mit und in seiner Partei ist er nat\u00fcrlich rechts; und wenn der Willy Wimmer z.B. entschieden gegen die NATO-Politik auftritt, wenn er sagt, \u201ePanzer vor die Tore der leidgepr\u00fcften Stadt Leningrad zu platzieren, ist das Perverseste, das man sich in Europa vorstellen kann\u201c<a href=\"#_ftn5\" name=\"_ftnref5\">[5]<\/a>, &#8211; dann ist der Mann weiterhin in der CDU, aber was bringt uns in der praktischen B\u00fcndnisarbeit diese schwachsinnige Unterscheidung? Und genau in diesem Sinne meint \u2013 meiner Ansicht nach und nach meinen Gespr\u00e4chen \u2013 auch Ken Jebsen diese Frage \u201elinks oder rechts\u201c, aber Bratanovi\u0107 und Carlens schreiben heute in der \u201ejungen Welt\u201c: F\u00fcr Jebsen sei der Unterschied zwischen Faschisten und Antifaschisten also ein rein konstruierter, sei f\u00fcr ihn also egal. Wie verkommen oder wie bescheuert muss man sein, um so einen verbrecherischen Satz hinzuschreiben? Das geh\u00f6rt alles zu \u201eFake News\u201c.<\/p>\n<p>Dazu geh\u00f6rt nat\u00fcrlich auch die Frage: Hier sind alles \u201eTrump-Fans\u201c \u2013 das konnte man schon in einer Bemerkung des Chef-Kommandanten der \u201ejungen Welt\u201c vor vierzehn Tagen lesen, und genauso wird ja die Arbeiterfotografie und andere der \u201eTrump-Fanschaft\u201c geziehen. Ich sage: Auch das geh\u00f6rt in das Kapitel \u201eFake-News\u201c.\u00a0 Dass wir einen US-Pr\u00e4sidenten f\u00fcr besonders bejubelnswert halten, das habe ich ehrlich gesagt in meinem ganzen politischen Leben noch nie erfahren; aber wenn ein angeblicher Linker wie der Clinton die Bomben wirft, und andererseits dann der George Bush sen. Bomben wirft, und der George W., sein Sohn Bomben wirft, und der Obama Bomben wirft, dann waren sie alle aus verschiedenen Parteien, aber sie waren alle aus der Kriegspartei. Mir geht es da eher so wie Willy Wimmer, der hat gemeint, die Welt, in der wir leben, sei \u201evom politischen Wahnsinn gepr\u00e4gt\u201c, weil der US-Pr\u00e4sident sagte, er wolle bessere Beziehungen zu Russland, scheiterte er am partei\u00fcbergreifenden Establishment. Und Wimmer folgert noch: dass in den USA nur bejubelt w\u00fcrde, wer den Krieg will.<\/p>\n<p>Und insofern hat Wimmer auch damals nach der Pr\u00e4sidentenwahl \u201eeine Flasche Sekt ge\u00f6ffnet\u201c, nachdem der Trump gegen die Clinton gewonnen hat: \u201eIch war so erleichtert, wie lange nicht in meinem Leben, denn ich hatte heute Morgen das Gef\u00fchl, diese Wahlentscheidung bewahrt uns vor dem gro\u00dfen Krieg.\u201c <a href=\"#_ftn6\" name=\"_ftnref6\">[6]<\/a> Und in diesem Sinne hat auch Ken Jebsen diese Wahlentscheidung begr\u00fc\u00dft. Und in diesem Sinne hat sich gerade eben vor vierzehn Tagen die Schauspielerin Susan Sarandon ge\u00e4u\u00dfert, sie sagte \u201eH\u00e4tten wir die Clinton gew\u00e4hlt, w\u00e4ren wir schon im Krieg\u201c.<a href=\"#_ftn7\" name=\"_ftnref7\">[7]<\/a><\/p>\n<p>Das sind offensichtlich die Dinge, die unsere mehr oder weniger \u201eLinken\u201c von der \u201eKinder-FAZ\u201c oder von der \u201eKinder Welt\u201c nicht zur Kenntnis nehmen, weil ansonsten m\u00fcssten sie mit aller Kraft f\u00fcr die Kriegsverhinderung eintreten, und nicht die publizistische Kompanie der NATO-Kriegstreiber spielen, was sie zumindest objektiv tun.<\/p>\n<p>In diesem Sinne w\u00fcnsche ich, dass Ken so weiter macht, aber insbesondere Ihr so weiter macht: dass wir uns bei Rosa und Karl auf dem Weg zu den Gr\u00e4bern im Januar genauso treffen, wie im Juni bei der n\u00e4chsten Kampagne \u201eStopp Airbase Ramstein\u201c und bei entsprechenden Veranstaltungen.<\/p>\n<p>Vielen Dank.<\/p>\n<p>Berlin, 14.12.2017<br \/>\nKlaus Hartmann, Bundesvorsitzender des Deutschen Freidenker-Verbandes<\/p>\n<p>&nbsp;<\/p>\n<p><a href=\"#_ftnref1\" name=\"_ftn1\">[1]<\/a> <a href=\"https:\/\/euvsdisinfo.eu\/de\/\">https:\/\/euvsdisinfo.eu\/de\/<\/a><\/p>\n<p><a href=\"#_ftnref2\" name=\"_ftn2\">[2]<\/a> Foto der Nachrichtenagentur Reuters (<strong>vom Reuters-Journalisten Omar Abdullah)<\/strong> M\u00e4rz 2015, auf dem die Flagge von \u201eAhrar al-Sham\u201c auf den Bus-Originalen in Aleppo weht, s. \u201eBild\u201c v. 09.02.2017<\/p>\n<p><a href=\"#_ftnref3\" name=\"_ftn3\">[3]<\/a> <a href=\"https:\/\/www.theguardian.com\/world\/2017\/dec\/05\/shock-in-france-as-berlin-martyrs-art-show-includes-bataclan-attacker-and-911-pilot\">https:\/\/www.theguardian.com\/world\/2017\/dec\/05\/shock-in-france-as-berlin-martyrs-art-show-includes-bataclan-attacker-and-911-pilot<\/a><\/p>\n<p><a href=\"#_ftnref4\" name=\"_ftn4\">[4]<\/a> <a href=\"http:\/\/www.fr.de\/politik\/meinung\/leitartikel\/querfront-antisemitismus-ist-eine-deutsche-tradition-a-1406646\">http:\/\/www.fr.de\/politik\/meinung\/leitartikel\/querfront-antisemitismus-ist-eine-deutsche-tradition-a-1406646<\/a><\/p>\n<p><a href=\"#_ftnref5\" name=\"_ftn5\">[5]<\/a> <a href=\"https:\/\/kenfm.de\/wimmer-ramstein-10-6\/\">https:\/\/kenfm.de\/wimmer-ramstein-10-6\/<\/a><\/p>\n<p><a href=\"#_ftnref6\" name=\"_ftn6\">[6]<\/a> <a href=\"https:\/\/de.sputniknews.com\/politik\/20161109313292875-wimmer-wahlentscheidung-us-krieg\/\">https:\/\/de.sputniknews.com\/politik\/20161109313292875-wimmer-wahlentscheidung-us-krieg\/<\/a><\/p>\n<p><a href=\"#_ftnref7\" name=\"_ftn7\">[7]<\/a> <a href=\"https:\/\/www.theguardian.com\/film\/2017\/nov\/26\/susan-sarandon-i-thought-hillary-was-very-dangerous-if-shed-won-wed-be-at-war\">https:\/\/www.theguardian.com\/film\/2017\/nov\/26\/susan-sarandon-i-thought-hillary-was-very-dangerous-if-shed-won-wed-be-at-war<\/a><\/p>\n<p>&nbsp;<\/p>\n<hr \/>\n<p><strong>Rede von Klaus Hartmann als Audio-Datei<\/strong><\/p>\n<audio class=\"wp-audio-shortcode\" id=\"audio-2783-2\" preload=\"none\" style=\"width: 100%;\" controls=\"controls\"><source type=\"audio\/mpeg\" src=\"https:\/\/www.freidenker.org\/fw17\/wp-content\/uploads\/2017\/12\/Rede_Klaus_Hartmann_bei_Preisverleihung_Jebsen_2017-12-14.mp3?_=2\" \/><a href=\"https:\/\/www.freidenker.org\/fw17\/wp-content\/uploads\/2017\/12\/Rede_Klaus_Hartmann_bei_Preisverleihung_Jebsen_2017-12-14.mp3\">https:\/\/www.freidenker.org\/fw17\/wp-content\/uploads\/2017\/12\/Rede_Klaus_Hartmann_bei_Preisverleihung_Jebsen_2017-12-14.mp3<\/a><\/audio>\n<hr \/>\n<h5>Download<\/h5>\n<p>Der Artikel kann auch als PDF-Dokument angesehen und heruntergeladen werden:<\/p>\n<p><img data-recalc-dims=\"1\" loading=\"lazy\" decoding=\"async\" data-attachment-id=\"1076\" data-permalink=\"https:\/\/www.freidenker.org\/?attachment_id=1076\" data-orig-file=\"https:\/\/i0.wp.com\/www.freidenker.org\/fw17\/wp-content\/uploads\/2017\/10\/pdf_icon-2.png?fit=32%2C32&amp;ssl=1\" data-orig-size=\"32,32\" data-comments-opened=\"0\" data-image-meta=\"{&quot;aperture&quot;:&quot;0&quot;,&quot;credit&quot;:&quot;&quot;,&quot;camera&quot;:&quot;&quot;,&quot;caption&quot;:&quot;&quot;,&quot;created_timestamp&quot;:&quot;0&quot;,&quot;copyright&quot;:&quot;&quot;,&quot;focal_length&quot;:&quot;0&quot;,&quot;iso&quot;:&quot;0&quot;,&quot;shutter_speed&quot;:&quot;0&quot;,&quot;title&quot;:&quot;&quot;,&quot;orientation&quot;:&quot;0&quot;}\" data-image-title=\"pdf_icon\" data-image-description=\"\" data-image-caption=\"\" data-large-file=\"https:\/\/i0.wp.com\/www.freidenker.org\/fw17\/wp-content\/uploads\/2017\/10\/pdf_icon-2.png?fit=32%2C32&amp;ssl=1\" class=\"alignnone size-full wp-image-1076\" src=\"https:\/\/i0.wp.com\/www.freidenker.org\/fw17\/wp-content\/uploads\/2017\/10\/pdf_icon-2.png?resize=32%2C32&#038;ssl=1\" alt=\"\" width=\"32\" height=\"32\" \/> <a href=\"https:\/\/www.freidenker.org\/fw17\/wp-content\/uploads\/2018\/01\/171214-Karlspreis-Ken-Rede.pdf\" target=\"_blank\" rel=\"noopener\">Mit &#8222;Fake News&#8220; in den Krieg<\/a> &#8211;\u00a0Rede von Klaus Hartmann, anl\u00e4sslich der Verleihung des K\u00f6lner Karlspreises am 14. Dezember 2017 in Berlin (ca. 303 KB)<\/p>\n<hr \/>\n<p>Fotomontage: rlx<\/p>\n","protected":false},"excerpt":{"rendered":"<p><strong>Rede des Vorsitzenden des Deutschen Freidenker-Verbandes, Klaus Hartmann, anl\u00e4sslich der Verleihung des K\u00f6lner Karlspreises f\u00fcr Engagierte Literatur und Publizistik an Ken Jebsen am 14. Dezember 2017 in Berlin<\/strong><br \/>\nMir wurde aufgegeben, ich soll etwas \u00fcber \u201eFake News\u201c erz\u00e4hlen, das hat in diesen Tagen nat\u00fcrlich Konjunktur, andererseits soll es dabei darum gehen, ob es sich bei der Gegnerschaft gegen die \u201eFake News\u201c um einen Kampf um die Wahrheit handelt.<br \/>\nIch muss sagen, das Wort steht in einer Reihe mit dem, das schon einmal ein paar Tage vorher zum \u201eUnwort des Jahres\u201c erkoren wurde, von einer ehemals sprachkritischen Jury, n\u00e4mlich der \u201eL\u00fcgenpresse\u201c; was uns ja eingetr\u00e4ufelt wird, dass man es nicht benutzen kann oder darf, weil es ein \u201erechtes Wort\u201c sei. Ich beziehe mich lieber auf Eckart Spoo, der meinte: \u201eDie Presse muss einfach aufh\u00f6ren, zu l\u00fcgen. Und ich lasse mir dieses wahre, dieses allzu wahre Wort nicht verbieten.\u201c<\/p>\n","protected":false},"author":3,"featured_media":2803,"comment_status":"closed","ping_status":"closed","sticky":false,"template":"","format":"standard","meta":{"colormag_page_container_layout":"default_layout","colormag_page_sidebar_layout":"default_layout","advanced_seo_description":"","jetpack_seo_html_title":"","jetpack_seo_noindex":false,"jetpack_post_was_ever_published":false,"footnotes":""},"categories":[12,13],"tags":[409,605,602,335,594,64,61,1008,188,743,222,185,641],"class_list":["post-2783","post","type-post","status-publish","format-standard","has-post-thumbnail","hentry","category-demokratie-medien-aufklaerung","category-frieden-antifaschismus-solidaritaet","tag-berlin","tag-desinformation","tag-fake-news","tag-frieden","tag-ken-jebsen","tag-kenfm","tag-klaus-hartmann","tag-koelner-karlspreis-fuer-engagierte-literatur-und-publizistik","tag-krieg","tag-medienluegen","tag-russland","tag-usa","tag-verschwoerungstheorie"],"jetpack_featured_media_url":"https:\/\/i0.wp.com\/www.freidenker.org\/fw17\/wp-content\/uploads\/2017\/12\/Hartmann_Karlspreis_Montage.jpg?fit=800%2C445&ssl=1","jetpack_shortlink":"https:\/\/wp.me\/p9stpK-IT","jetpack-related-posts":[{"id":2409,"url":"https:\/\/www.freidenker.org\/?p=2409","url_meta":{"origin":2783,"position":0},"title":"Freidenker-Brief 5-2017: Solidarit\u00e4t mit Ken Jebsen!","author":"Webredaktion","date":"25. November 2017","format":false,"excerpt":"Der Internet-Journalist Ken Jebsen erh\u00e4lt dieses Jahr den \u201eK\u00f6lner Karlspreis f\u00fcr engagierte Literatur und Publizistik\u201c, vergeben von der mittwochs im Internet erscheinenden Neuen Rheinischen Zeitung, deren Name an jenes historische \u201eOrgan der Demokratie\u201c \u2013 so der Untertitel \u2013 erinnert, durch das Karl Marx und Friedrich Engels von 1848 bis 1849\u2026","rel":"","context":"In &quot;Demokratie \u2013 Medien \u2013 Aufkl\u00e4rung&quot;","block_context":{"text":"Demokratie \u2013 Medien \u2013 Aufkl\u00e4rung","link":"https:\/\/www.freidenker.org\/?cat=12"},"img":{"alt_text":"","src":"https:\/\/i0.wp.com\/www.freidenker.org\/fw17\/wp-content\/uploads\/2017\/11\/Bild_Ken_Jebsen_KenFM.jpg?fit=800%2C445&ssl=1&resize=350%2C200","width":350,"height":200,"srcset":"https:\/\/i0.wp.com\/www.freidenker.org\/fw17\/wp-content\/uploads\/2017\/11\/Bild_Ken_Jebsen_KenFM.jpg?fit=800%2C445&ssl=1&resize=350%2C200 1x, https:\/\/i0.wp.com\/www.freidenker.org\/fw17\/wp-content\/uploads\/2017\/11\/Bild_Ken_Jebsen_KenFM.jpg?fit=800%2C445&ssl=1&resize=525%2C300 1.5x, https:\/\/i0.wp.com\/www.freidenker.org\/fw17\/wp-content\/uploads\/2017\/11\/Bild_Ken_Jebsen_KenFM.jpg?fit=800%2C445&ssl=1&resize=700%2C400 2x"},"classes":[]},{"id":4396,"url":"https:\/\/www.freidenker.org\/?p=4396","url_meta":{"origin":2783,"position":1},"title":"Zensur-Versuch in der Hauptstadt: Die Geister beginnen, sich zu scheiden","author":"Webredaktion","date":"7. Dezember 2017","format":false,"excerpt":"Beitrag von Klaus von Raussendorff anl\u00e4sslich der Auseinandersetzung um die Verleihung des K\u00f6lner Karlspreises f\u00fcr Engagierte Literatur und Publizistik an Ken Jebsen Der Berliner Kultursenator Klaus Lederer hat es seiner Partei \u201eDie Linke\u201c vorgemacht. Er pfeift auf das Grundgesetz, dessen Artikel 5 das Recht eines jeden garantiert, \u201eseine Meinung in\u2026","rel":"","context":"In &quot;Demokratie \u2013 Medien \u2013 Aufkl\u00e4rung&quot;","block_context":{"text":"Demokratie \u2013 Medien \u2013 Aufkl\u00e4rung","link":"https:\/\/www.freidenker.org\/?cat=12"},"img":{"alt_text":"","src":"https:\/\/i0.wp.com\/www.freidenker.org\/fw17\/wp-content\/uploads\/2017\/12\/Klartext_censorship_800x445.jpg?fit=800%2C445&ssl=1&resize=350%2C200","width":350,"height":200,"srcset":"https:\/\/i0.wp.com\/www.freidenker.org\/fw17\/wp-content\/uploads\/2017\/12\/Klartext_censorship_800x445.jpg?fit=800%2C445&ssl=1&resize=350%2C200 1x, https:\/\/i0.wp.com\/www.freidenker.org\/fw17\/wp-content\/uploads\/2017\/12\/Klartext_censorship_800x445.jpg?fit=800%2C445&ssl=1&resize=525%2C300 1.5x, https:\/\/i0.wp.com\/www.freidenker.org\/fw17\/wp-content\/uploads\/2017\/12\/Klartext_censorship_800x445.jpg?fit=800%2C445&ssl=1&resize=700%2C400 2x"},"classes":[]},{"id":2752,"url":"https:\/\/www.freidenker.org\/?p=2752","url_meta":{"origin":2783,"position":2},"title":"Freidenker-Brief 6-2017: Kundgebung f\u00fcr Demokratie und Meinungsfreiheit!","author":"Webredaktion","date":"12. Dezember 2017","format":false,"excerpt":"Der Deutsche Freidenker-Verband beteiligt sich an der Verleihung des K\u00f6lner Karlspreises an Ken Jebsen im Berliner Kino \u201eBabylon\u201c am Donnerstag,14. Dezember 2017 und zuvor an der Kundgebung f\u00fcr Demokratie und Meinungsfreiheit! ab 16:00 Uhr auf dem Rosa-Luxemburg-Platz in Berlin Erfolg vor Gericht - Das Amtsgericht Berlin Mitte hat auf Antrag\u2026","rel":"","context":"In &quot;Demokratie \u2013 Medien \u2013 Aufkl\u00e4rung&quot;","block_context":{"text":"Demokratie \u2013 Medien \u2013 Aufkl\u00e4rung","link":"https:\/\/www.freidenker.org\/?cat=12"},"img":{"alt_text":"","src":"https:\/\/i0.wp.com\/www.freidenker.org\/fw17\/wp-content\/uploads\/2017\/12\/babylon_800x445.jpg?fit=800%2C445&ssl=1&resize=350%2C200","width":350,"height":200,"srcset":"https:\/\/i0.wp.com\/www.freidenker.org\/fw17\/wp-content\/uploads\/2017\/12\/babylon_800x445.jpg?fit=800%2C445&ssl=1&resize=350%2C200 1x, https:\/\/i0.wp.com\/www.freidenker.org\/fw17\/wp-content\/uploads\/2017\/12\/babylon_800x445.jpg?fit=800%2C445&ssl=1&resize=525%2C300 1.5x, https:\/\/i0.wp.com\/www.freidenker.org\/fw17\/wp-content\/uploads\/2017\/12\/babylon_800x445.jpg?fit=800%2C445&ssl=1&resize=700%2C400 2x"},"classes":[]},{"id":10508,"url":"https:\/\/www.freidenker.org\/?p=10508","url_meta":{"origin":2783,"position":3},"title":"Video: Sabiene Jahn &#8211; Freedoms Claws","author":"Webredaktion","date":"5. Juni 2021","format":false,"excerpt":"Video von und mit Sabiene Jahn Freedoms Claws versteht sich als Hymne f\u00fcr die weltweit um Frieden und Freiheit wirkenden Menschen. Der Song wurde 2020 von der heute in Rheinland-Pfalz lebenden K\u00fcnstlerin Sabiene Jahn komponiert und getextet und schildert den teilweise erbarmungslosen Umgang mit Menschen, die Wahrheiten aufdecken, die die\u2026","rel":"","context":"In &quot;Frieden - Antifaschismus - Solidarit\u00e4t&quot;","block_context":{"text":"Frieden - Antifaschismus - Solidarit\u00e4t","link":"https:\/\/www.freidenker.org\/?cat=13"},"img":{"alt_text":"","src":"https:\/\/i0.wp.com\/www.freidenker.org\/fw17\/wp-content\/uploads\/2021\/06\/anythingtosay_800x450.jpg?fit=800%2C450&ssl=1&resize=350%2C200","width":350,"height":200,"srcset":"https:\/\/i0.wp.com\/www.freidenker.org\/fw17\/wp-content\/uploads\/2021\/06\/anythingtosay_800x450.jpg?fit=800%2C450&ssl=1&resize=350%2C200 1x, https:\/\/i0.wp.com\/www.freidenker.org\/fw17\/wp-content\/uploads\/2021\/06\/anythingtosay_800x450.jpg?fit=800%2C450&ssl=1&resize=525%2C300 1.5x, https:\/\/i0.wp.com\/www.freidenker.org\/fw17\/wp-content\/uploads\/2021\/06\/anythingtosay_800x450.jpg?fit=800%2C450&ssl=1&resize=700%2C400 2x"},"classes":[]},{"id":17936,"url":"https:\/\/www.freidenker.org\/?p=17936","url_meta":{"origin":2783,"position":4},"title":"Galerie: Max-Sievers-Ehrung","author":"Webredaktion","date":"22. Januar 2024","format":false,"excerpt":"Bericht der Webredaktion Vor 80 Jahren haben die deutschen Faschisten den Vorsitzenden des Deutschen Freidenker-Verbandes im Zuchthaus Brandenburg-G\u00f6rden mit dem Fallbeil ermordet. Aus diesem Anlass trafen sich Freidenker aus Berlin, Brandenburg und Hessen zu einem ehrenden Gedenken am 17. Januar 2024 auf dem Urnenfriedhof Wedding in Berlin, wo sich das\u2026","rel":"","context":"In &quot;Geschichte&quot;","block_context":{"text":"Geschichte","link":"https:\/\/www.freidenker.org\/?cat=1162"},"img":{"alt_text":"","src":"https:\/\/i0.wp.com\/www.freidenker.org\/fw17\/wp-content\/uploads\/2024\/01\/Sievers-Ehrung_2024_154236_800x450.jpg?fit=800%2C450&ssl=1&resize=350%2C200","width":350,"height":200,"srcset":"https:\/\/i0.wp.com\/www.freidenker.org\/fw17\/wp-content\/uploads\/2024\/01\/Sievers-Ehrung_2024_154236_800x450.jpg?fit=800%2C450&ssl=1&resize=350%2C200 1x, https:\/\/i0.wp.com\/www.freidenker.org\/fw17\/wp-content\/uploads\/2024\/01\/Sievers-Ehrung_2024_154236_800x450.jpg?fit=800%2C450&ssl=1&resize=525%2C300 1.5x, https:\/\/i0.wp.com\/www.freidenker.org\/fw17\/wp-content\/uploads\/2024\/01\/Sievers-Ehrung_2024_154236_800x450.jpg?fit=800%2C450&ssl=1&resize=700%2C400 2x"},"classes":[]},{"id":3020,"url":"https:\/\/www.freidenker.org\/?p=3020","url_meta":{"origin":2783,"position":5},"title":"Passend zur Kriegszeit: Breitseiten gegen die Friedensbewegung","author":"Webredaktion","date":"15. Februar 2015","format":false,"excerpt":"Beitrag von Klaus Hartmann, sp\u00e4ter ver\u00f6ffentlicht in FREIDENKER 1-15 Die Bedrohung des Weltfriedens ist mit der NATO-Aggression in der Ukraine und der psychologischen Kriegsf\u00fchrung gegen Russland erheblich gewachsen. Die Aktions- und Mobilisierungsf\u00e4higkeit der Friedensbewegung ist der Bedrohung v\u00f6llig unangemessen. Als mit den \u201eMontagsmahnwachen f\u00fcr den Frieden\u201c nach Beginn der Ukraine-Krise\u2026","rel":"","context":"In &quot;Frieden - Antifaschismus - Solidarit\u00e4t&quot;","block_context":{"text":"Frieden - Antifaschismus - Solidarit\u00e4t","link":"https:\/\/www.freidenker.org\/?cat=13"},"img":{"alt_text":"","src":"https:\/\/i0.wp.com\/www.freidenker.org\/fw17\/wp-content\/uploads\/2015\/02\/klartext_2014-12-13-rt-0042_800x445.jpg?fit=800%2C445&ssl=1&resize=350%2C200","width":350,"height":200,"srcset":"https:\/\/i0.wp.com\/www.freidenker.org\/fw17\/wp-content\/uploads\/2015\/02\/klartext_2014-12-13-rt-0042_800x445.jpg?fit=800%2C445&ssl=1&resize=350%2C200 1x, https:\/\/i0.wp.com\/www.freidenker.org\/fw17\/wp-content\/uploads\/2015\/02\/klartext_2014-12-13-rt-0042_800x445.jpg?fit=800%2C445&ssl=1&resize=525%2C300 1.5x, https:\/\/i0.wp.com\/www.freidenker.org\/fw17\/wp-content\/uploads\/2015\/02\/klartext_2014-12-13-rt-0042_800x445.jpg?fit=800%2C445&ssl=1&resize=700%2C400 2x"},"classes":[]}],"_links":{"self":[{"href":"https:\/\/www.freidenker.org\/index.php?rest_route=\/wp\/v2\/posts\/2783","targetHints":{"allow":["GET"]}}],"collection":[{"href":"https:\/\/www.freidenker.org\/index.php?rest_route=\/wp\/v2\/posts"}],"about":[{"href":"https:\/\/www.freidenker.org\/index.php?rest_route=\/wp\/v2\/types\/post"}],"author":[{"embeddable":true,"href":"https:\/\/www.freidenker.org\/index.php?rest_route=\/wp\/v2\/users\/3"}],"replies":[{"embeddable":true,"href":"https:\/\/www.freidenker.org\/index.php?rest_route=%2Fwp%2Fv2%2Fcomments&post=2783"}],"version-history":[{"count":0,"href":"https:\/\/www.freidenker.org\/index.php?rest_route=\/wp\/v2\/posts\/2783\/revisions"}],"wp:featuredmedia":[{"embeddable":true,"href":"https:\/\/www.freidenker.org\/index.php?rest_route=\/wp\/v2\/media\/2803"}],"wp:attachment":[{"href":"https:\/\/www.freidenker.org\/index.php?rest_route=%2Fwp%2Fv2%2Fmedia&parent=2783"}],"wp:term":[{"taxonomy":"category","embeddable":true,"href":"https:\/\/www.freidenker.org\/index.php?rest_route=%2Fwp%2Fv2%2Fcategories&post=2783"},{"taxonomy":"post_tag","embeddable":true,"href":"https:\/\/www.freidenker.org\/index.php?rest_route=%2Fwp%2Fv2%2Ftags&post=2783"}],"curies":[{"name":"wp","href":"https:\/\/api.w.org\/{rel}","templated":true}]}}