{"id":275,"date":"2016-06-03T13:17:21","date_gmt":"2016-06-03T11:17:21","guid":{"rendered":"http:\/\/www.freidenker.org\/fw17\/?p=275"},"modified":"2018-02-18T19:56:18","modified_gmt":"2018-02-18T18:56:18","slug":"freidenker-brief-2-2016-kampagne-stopp-ramstein-aktionswochenende-10-12-juni-2016","status":"publish","type":"post","link":"https:\/\/www.freidenker.org\/?p=275","title":{"rendered":"Freidenker-Brief 2-2016: Kampagne Stopp Ramstein \u2013 Aktionswochenende im Juni"},"content":{"rendered":"<p><em>Freidenker-Brief Nr. 2 &#8211; 2016 vom 2. Juni 2016<\/em><\/p>\n<h2>Stopp Ramstein \u2013 Aktionswochenende 10. \u2013 12. Juni 2016<\/h2>\n<p>Der Deutsche Freidenker-Verband appelliert an seine Mitglieder und Sympathisanten, die Kampagne \u201eStopp Ramstein\u201c zu unterst\u00fctzen und an dem Aktionswochenende in Kaiserslautern\/Ramstein, 10. \u2013 12. Juni 2016, teilzunehmen. Aktuelle Informationen zur Vorbereitung des Wochenendes, organisatorische Hinweise und praktische Informationen findet man auf der Internet-Seite der Kampagne unter\u00a0<a href=\"http:\/\/www.ramstein-kampagne.eu\/\" target=\"_blank\" rel=\"noopener noreferrer\">ramstein-kampagne.eu<\/a> .<\/p>\n<p>Dazu im Einzelnen:<\/p>\n<p><strong><em>1. Aktionswochenende<\/em><\/strong><\/p>\n<p>Wer am<strong> Friedenscamp<\/strong> von Mittwoch, 8. Juni bis Sonntag, 12. Juni 2016 teilnehmen m\u00f6chte, wird gebeten, sich anzumelden unter <a href=\"http:\/\/www.ramstein-kampagne.eu\/camp-anmeldung\/\" target=\"_blank\" rel=\"noopener noreferrer\">http:\/\/www.ramstein-kampagne.eu\/camp-anmeldung\/<\/a>.<\/p>\n<p>Freitag, 10. Juni 2016, finden in Kaiserslautern in der Vers\u00f6hnungskirche, Leipziger Stra\u00dfe 1, verschiedene<strong> Diskussionsforen<\/strong> zu folgenden Themen statt:<\/p>\n<p>&#8211; Bilderberger \u2013 eine Konferenz wird demaskiert!<br \/>\nDiskussion \u00fcber ein strategisches Projekt der internationalen Eliten<br \/>\nmit Pedram Shahyar und Rainer Braun (14.00 \u2013 16.00 Uhr);<\/p>\n<p>&#8211; Drohnenmorde \u2013 \u201eKrieg gegen den Terror\u201c und die Aush\u00f6hlung des V\u00f6lkerrechts \u2013 wie k\u00f6nnen gesellschaftliche Mehrheiten dagegen mobilisiert werden mit dem ehemaligen CIA-Analysten Ray McGovern und Elsa Rassbach (16.00 \u2013 18.30 Uhr);<\/p>\n<p>&#8211; NATO \u2013 abschaffen, \u00fcberwinden, aufl\u00f6sen, demokratisieren, mit Aktionen delegitimieren \u2013 eine Strategiedebatte in und aus der Friedensbewegung<br \/>\nmit Rainer Rupp, Alexander Neu, Klaus Hartmann und Anneliese Fikentscher (16.00 \u2013 18.30 Uhr);<\/p>\n<p>&#8211; (Drohnen-) Kriege beenden<br \/>\nmit Willy Wimmer und Albrecht M\u00fcller (19.00 \u2013 21.30).<\/p>\n<p>Samstag, 11. Juni 2016, folgt dann die gro\u00dfe<strong> \u201eStopp Ramstein Menschenkette\u201c.<\/strong>Wer als Einzelner oder mit seiner Gruppe oder Organisation Teil der Menschenkette sein m\u00f6chte, melde sich bitte an unter <a href=\"http:\/\/www.ramstein-kampagne.eu\/menschenkette-2016\/\" target=\"_blank\" rel=\"noopener noreferrer\">http:\/\/www.ramstein-kampagne.eu\/menschenkette-2016\/<\/a>.<\/p>\n<p><strong><em>2. Bedeutung von Ramstein f\u00fcr die US\/NATO-Kriegspolitik<\/em><\/strong><\/p>\n<p>\u201eDie US-Airbase in Ramstein repr\u00e4sentiert fast alle Friedensbedrohungen, denen wir heute ausgesetzt sind.\u201c So Klaus Hartmann, der Vorsitzende des Deutschen Freidenker-Verbands in einem RTdeutsch-Interview. \u201eVon hier starten die NATO-Bomber zu ihren v\u00f6lkerrechtswidrigen Angriffskriegen. Hier ist die operative Kommandozentrale f\u00fcr alle bisherigen und auch k\u00fcnftig geplanten \u00dcberf\u00e4lle in Europa oder Mittelost. Hier ist die Zentrale f\u00fcr den Drohnenkrieg der USA: Die Drohnenpiloten sitzen weit weg in ihren antiseptischen B\u00fcros und dr\u00fccken am PC auf den Knopf, aber damit die Drohnen zielgenau ihre Mordopfer finden, die der Friedensnobelpreistr\u00e4ger Obama w\u00f6chentlich aussucht, braucht es Ramstein. Hier steht die Relaisstation, die den gestarteten Drohnen den aufgrund der Erdkr\u00fcmmung erforderlichen \u201aDreh\u2018, verpassen, damit sie \u201aerfolgreich\u2018 den Tod bringen k\u00f6nnen. \u201aVon deutschem Boden soll nie wieder Krieg ausgehen\u2018 \u2013 das versicherte die Bundesregierung feierlich zum Abschluss des 2+4-Vertrages, der den Zusammenschluss mit der DDR bewirkte. Von Ramstein, und das liegt zweifelsohne auf deutschem Boden, geht t\u00e4glich Krieg aus, in Ramstein wird dieses Versprechen jeden Tag gebrochen. Ramstein hat also einen hohen Symbolwert f\u00fcr die Frage \u201aKrieg oder Frieden\u2018, deshalb ist es der geeignete Ort, um gegen die wachsende Kriegsgefahr zu demonstrieren.\u201c<\/p>\n<p>Die Rede von der wachsenden Kriegsgefahr sei keineswegs eine Floskel, erkl\u00e4rt Hartmann und verweist auf das komplette NATO-Aufmarschszenario gegen Russland, darunter die Aegis-Senkrechtstartanlagen, die auch atomare Marschflugk\u00f6rper abschie\u00dfen k\u00f6nnen \u2013 Mittelstreckenraketen also, die nach dem INF-Vertrag seit 1987 verboten sind.\u00a0 \u201eUnd das ist das Dramatische: Wir kehren zur\u00fcck zur Situation Anfang der 1980er Jahre, als Hundertausende gegen die neuen Atomraketen auf die Stra\u00dfe gingen, 30 Jahre danach wird das Verbot ausgehebelt, und niemand scheint es zu bemerken! Hier hat die Aufkl\u00e4rungsarbeit besonders linker Parteien und Organisationen offenkundig erhebliche Defizite!\u201c Auch f\u00fcr Aegis sei Ramstein die Kommandozentrale.<\/p>\n<p>Ferner erl\u00e4utert Hartmann, angesprochen auf die Kampagne \u201eDeutschland raus aus der NATO \u2013 NATO raus aus Deutschland\u201c, die vom Deutschen Freidenkerverband und der Arbeiterfotografie initiiert wurde: \u201eWir bek\u00e4mpfen die kriminellen Kriegstreiber in der US-Regierung und ihre europ\u00e4ischen Erf\u00fcllungsgehilfen, auch in Berlin.\u201c Der Vorwurf des Antiamerikanismus sei l\u00e4cherlich. Und zu dem Vorwurf der angeblichen Verharmlosung des deutschen Imperialismus stellt Hartmann klar: \u201eWir kommen gerade vom Abschluss einer mehrw\u00f6chigen Mahnwache am Fliegerhorst B\u00fcchel, wo die USA ihre modernisierten 20 Atomraketen lagern. Seit Jahrzehnten ist es das Bestreben des deutschen Imperialismus, eine Mitverf\u00fcgungsgewalt \u00fcber Atomwaffen zu erreichen, und das Eintrittsticket dazu ist die NATO. Bei einem NATO-Austritt w\u00e4re Schluss damit, und das bedeutet nicht St\u00e4rkung, sondern Schw\u00e4chung auch des deutschen Imperialismus.\u201c<\/p>\n<p>Das ganze Interview bei RTdeutsch unter <a href=\"https:\/\/deutsch.rt.com\/inland\/38620-grossdemo-gegen-us-basis-ramstein\/\" target=\"_blank\" rel=\"noopener noreferrer\">https:\/\/deutsch.rt.com\/inland\/38620-grossdemo-gegen-us-basis-ramstein\/<\/a> oder <a href=\"http:\/\/kurzlink.de\/wLik1jPsf\" target=\"_blank\" rel=\"noopener noreferrer\">http:\/\/kurzlink.de\/wLik1jPsf<\/a> oder <a href=\"https:\/\/www.facebook.com\/freidenker.org\/posts\/1061861157226717\" target=\"_blank\" rel=\"noopener noreferrer\">https:\/\/www.facebook.com\/freidenker.org\/posts\/1061861157226717<\/a><\/p>\n<p><strong><em>3. Stellenwert der &#8222;Stopp Ramstein&#8220;-Kampagne in der Friedensbewegung und Perspektiven<\/em><\/strong><\/p>\n<p>Bei dem Planungstreffen der Kampagne &#8222;Stopp Ramstein&#8220; in Offenbach hat sich eine Arbeitsgruppe mit einem Thesenpapier von Klaus Hartmann befasst, in dem die Frage behandelt wird, wie die unterschiedlichen Ans\u00e4tze und Schwerpunkte innerhalb der Friedensgruppen mit dem Engagement f\u00fcr die Aufl\u00f6sung der Ramstein Air Base zusammengebracht werden k\u00f6nnen, und wie in diesem Prozess eine lebendige Diskussion der Akteure \u00fcber weitergehende und grunds\u00e4tzliche Ziele der Friedensbewegung in Gang gesetzt werden kann. Siehe dazu die Thesen zum Aktionswochenende &#8222;Stopp Ramstein&#8220; vom 10. bis 12.6. 2016 unter <a href=\"http:\/\/www.friedensratschlag.de\/userfiles\/html\/2016\/2016-04-28_Hartmann_Thesen.html\" target=\"_blank\" rel=\"noopener noreferrer\">http:\/\/www.friedensratschlag.de\/userfiles\/html\/2016\/2016-04-28_Hartmann_Thesen.html<\/a><\/p>\n<hr \/>\n<p>Bild: www.pixabay.com\/ terimakasih0 \/ Dean Moriarty<\/p>\n","protected":false},"excerpt":{"rendered":"<p><strong>Der Deutsche Freidenker-Verband appelliert an seine Mitglieder und Sympathisanten, die Kampagne \u201eStopp Ramstein\u201c zu unterst\u00fctzen und an dem Aktionswochenende in Kaiserslautern\/Ramstein, 10. \u2013 12. Juni 2016, teilzunehmen. <\/strong><br \/>\n\u201eDie US-Airbase in Ramstein repr\u00e4sentiert fast alle Friedensbedrohungen, denen wir heute ausgesetzt sind.\u201c So Klaus Hartmann, der Vorsitzende des Deutschen Freidenker-Verbands in einem RTdeutsch-Interview. \u201eVon hier starten die NATO-Bomber zu ihren v\u00f6lkerrechtswidrigen Angriffskriegen. Hier ist die operative Kommandozentrale f\u00fcr alle bisherigen und auch k\u00fcnftig geplanten \u00dcberf\u00e4lle in Europa oder Mittelost. Hier ist die Zentrale f\u00fcr den Drohnenkrieg der USA &#8230;&#8220;<\/p>\n","protected":false},"author":2,"featured_media":276,"comment_status":"closed","ping_status":"closed","sticky":false,"template":"","format":"standard","meta":{"colormag_page_container_layout":"default_layout","colormag_page_sidebar_layout":"default_layout","advanced_seo_description":"","jetpack_seo_html_title":"","jetpack_seo_noindex":false,"jetpack_post_was_ever_published":false,"footnotes":""},"categories":[341,13,20],"tags":[42,43,60,57,56,63],"class_list":["post-275","post","type-post","status-publish","format-standard","has-post-thumbnail","hentry","category-freidenker-brief","category-frieden-antifaschismus-solidaritaet","category-zentrale-veranstaltungen","tag-drohnenkrieg","tag-friedensbewegung","tag-kampagne-stopp-ramstein","tag-kriegsgefahr","tag-nato","tag-nato-raus-aus-deutschland"],"jetpack_featured_media_url":"https:\/\/i0.wp.com\/www.freidenker.org\/fw17\/wp-content\/uploads\/2016\/07\/Megaphone.jpg?fit=800%2C445&ssl=1","jetpack_shortlink":"https:\/\/wp.me\/p9stpK-4r","jetpack-related-posts":[{"id":1146,"url":"https:\/\/www.freidenker.org\/?p=1146","url_meta":{"origin":275,"position":0},"title":"Freidenker-Brief 3-2016: Freidenker-Verbandstag und KenFM-Interview mit Klaus Hartmann","author":"Webredaktion","date":"7. Juni 2016","format":false,"excerpt":"Der \"Freidenker-Brief\" gibt zun\u00e4chst die Presseerkl\u00e4rung zum Freidenker-Verbandstag wieder, und verweist auf ein Telefon-Interview von KenFM mit Klaus Hartmann, in dem der DFV-Bundesvorsitzende erl\u00e4utert, wer die Freidenker sind, woher sie kommen, wof\u00fcr die stehen, und wie sie in der Friedenbewegung aktiv sind. Klaus Hartmann vertritt darin die Auffassung, dass die\u2026","rel":"","context":"In &quot;Freidenker-Brief&quot;","block_context":{"text":"Freidenker-Brief","link":"https:\/\/www.freidenker.org\/?cat=341"},"img":{"alt_text":"","src":"https:\/\/i0.wp.com\/www.freidenker.org\/fw17\/wp-content\/uploads\/2016\/06\/news-1713669_800x445.jpg?fit=800%2C445&ssl=1&resize=350%2C200","width":350,"height":200,"srcset":"https:\/\/i0.wp.com\/www.freidenker.org\/fw17\/wp-content\/uploads\/2016\/06\/news-1713669_800x445.jpg?fit=800%2C445&ssl=1&resize=350%2C200 1x, https:\/\/i0.wp.com\/www.freidenker.org\/fw17\/wp-content\/uploads\/2016\/06\/news-1713669_800x445.jpg?fit=800%2C445&ssl=1&resize=525%2C300 1.5x, https:\/\/i0.wp.com\/www.freidenker.org\/fw17\/wp-content\/uploads\/2016\/06\/news-1713669_800x445.jpg?fit=800%2C445&ssl=1&resize=700%2C400 2x"},"classes":[]},{"id":5273,"url":"https:\/\/www.freidenker.org\/?p=5273","url_meta":{"origin":275,"position":1},"title":"Ramstein 2018: Die &#8222;neue Ostfront&#8220;","author":"Webredaktion","date":"4. Juli 2018","format":false,"excerpt":"Warum brauchen wir \"kriegsverwendungsf\u00e4hige Stra\u00dfen\"? Rede von Klaus Hartmann auf der Auftaktkundgebung zur Demonstration \"Stopp Air Base Ramstein 2018\" in Landstuhl am 30. Juni 2018 Es ist Aktiven wie dem Freidenker-Vorsitzenden Klaus Hartmann hoch anzurechnen, dass sie nicht davon ablassen, darauf aufmerksam zu machen, dass mit der K\u00fcndigung des Truppenstationierungsvertrages\u2026","rel":"","context":"In &quot;Frieden - Antifaschismus - Solidarit\u00e4t&quot;","block_context":{"text":"Frieden - Antifaschismus - Solidarit\u00e4t","link":"https:\/\/www.freidenker.org\/?cat=13"},"img":{"alt_text":"","src":"https:\/\/i0.wp.com\/www.freidenker.org\/fw17\/wp-content\/uploads\/2018\/07\/ramstein2018_hartmann_800x445.jpg?fit=800%2C445&ssl=1&resize=350%2C200","width":350,"height":200,"srcset":"https:\/\/i0.wp.com\/www.freidenker.org\/fw17\/wp-content\/uploads\/2018\/07\/ramstein2018_hartmann_800x445.jpg?fit=800%2C445&ssl=1&resize=350%2C200 1x, https:\/\/i0.wp.com\/www.freidenker.org\/fw17\/wp-content\/uploads\/2018\/07\/ramstein2018_hartmann_800x445.jpg?fit=800%2C445&ssl=1&resize=525%2C300 1.5x, https:\/\/i0.wp.com\/www.freidenker.org\/fw17\/wp-content\/uploads\/2018\/07\/ramstein2018_hartmann_800x445.jpg?fit=800%2C445&ssl=1&resize=700%2C400 2x"},"classes":[]},{"id":2988,"url":"https:\/\/www.freidenker.org\/?p=2988","url_meta":{"origin":275,"position":2},"title":"Freidenker-Brief 6-2015: Deutschland raus aus der NATO &#8211; NATO raus aus Deutschland","author":"Webredaktion","date":"27. August 2015","format":false,"excerpt":"W\u00e4hrend manche \"Institutionen\" der Friedensbewegung fortgesetzt die Diskussion \u201eWie weiter mit der Friedensbewegung?\u201c f\u00fchren, gibt es erfreulicherweise auch Friedenskr\u00e4fte, die angesichts der gef\u00e4hrlichen internationalen Entwicklung aktiv werden, die auf Aktionen und auf Klarheit dr\u00e4ngen: Einerseits die im \"AK Frieden \/ Internationales\" des Deutschen Freidenker-Verbandes erarbeitete programmatische Erkl\u00e4rung zu Fragen von\u2026","rel":"","context":"In &quot;Freidenker-Brief&quot;","block_context":{"text":"Freidenker-Brief","link":"https:\/\/www.freidenker.org\/?cat=341"},"img":{"alt_text":"","src":"https:\/\/i0.wp.com\/www.freidenker.org\/fw17\/wp-content\/uploads\/2015\/08\/Global_Hawk_800x445_mLogo.jpg?fit=800%2C445&ssl=1&resize=350%2C200","width":350,"height":200,"srcset":"https:\/\/i0.wp.com\/www.freidenker.org\/fw17\/wp-content\/uploads\/2015\/08\/Global_Hawk_800x445_mLogo.jpg?fit=800%2C445&ssl=1&resize=350%2C200 1x, https:\/\/i0.wp.com\/www.freidenker.org\/fw17\/wp-content\/uploads\/2015\/08\/Global_Hawk_800x445_mLogo.jpg?fit=800%2C445&ssl=1&resize=525%2C300 1.5x, https:\/\/i0.wp.com\/www.freidenker.org\/fw17\/wp-content\/uploads\/2015\/08\/Global_Hawk_800x445_mLogo.jpg?fit=800%2C445&ssl=1&resize=700%2C400 2x"},"classes":[]},{"id":272,"url":"https:\/\/www.freidenker.org\/?p=272","url_meta":{"origin":275,"position":3},"title":"Gro\u00dfdemo gegen US-Basis Ramstein &#8211; Interview mit dem Vorsitzenden des Deutschen Freidenker-Verbandes","author":"Webmaster","date":"31. Mai 2016","format":false,"excerpt":"Rainer Rupp im Gespr\u00e4ch mit dem Bundesvorsitzenden des Deutschen Freidenker-Verbandes Klaus Hartmann \u00fcber die Kampagne \"Stopp Ramstein\", geplante Aktionen im Juni 2016 sowie die Initiative \"Deutschland raus aus der NATO \u2013 NATO raus aus Deutschland\u201c. \u201eVon deutschem Boden soll nie wieder Krieg ausgehen\u201c \u2013 das versicherte die Bundesregierung feierlich zum\u2026","rel":"","context":"In &quot;Frieden - Antifaschismus - Solidarit\u00e4t&quot;","block_context":{"text":"Frieden - Antifaschismus - Solidarit\u00e4t","link":"https:\/\/www.freidenker.org\/?cat=13"},"img":{"alt_text":"","src":"https:\/\/i0.wp.com\/www.freidenker.org\/fw17\/wp-content\/uploads\/2016\/07\/drone.jpg?fit=1200%2C763&ssl=1&resize=350%2C200","width":350,"height":200,"srcset":"https:\/\/i0.wp.com\/www.freidenker.org\/fw17\/wp-content\/uploads\/2016\/07\/drone.jpg?fit=1200%2C763&ssl=1&resize=350%2C200 1x, https:\/\/i0.wp.com\/www.freidenker.org\/fw17\/wp-content\/uploads\/2016\/07\/drone.jpg?fit=1200%2C763&ssl=1&resize=525%2C300 1.5x, https:\/\/i0.wp.com\/www.freidenker.org\/fw17\/wp-content\/uploads\/2016\/07\/drone.jpg?fit=1200%2C763&ssl=1&resize=700%2C400 2x, https:\/\/i0.wp.com\/www.freidenker.org\/fw17\/wp-content\/uploads\/2016\/07\/drone.jpg?fit=1200%2C763&ssl=1&resize=1050%2C600 3x"},"classes":[]},{"id":5194,"url":"https:\/\/www.freidenker.org\/?p=5194","url_meta":{"origin":275,"position":4},"title":"Aktionswoche Stopp Air Base Ramstein \u201818","author":"Webredaktion","date":"15. Juni 2018","format":false,"excerpt":"Als H\u00f6hepunkt der diesj\u00e4hrigen Proteste ist eine Demonstration mit 4 Kundgebungen am Samstag, den 30.06.18 geplant. ... Anschlie\u00dfend ziehen die Demonstrationsz\u00fcge gemeinsam zum Denkmal f\u00fcr die 1988 ums Leben gekommenen Flugshow-Opfer. Hier wollen wir am drei\u00dfigsten Jahrestag der Katastrophe der Opfer gedenken. Abschlie\u00dfend treffen wir uns gegen 16 Uhr vor\u2026","rel":"","context":"In &quot;Frieden - Antifaschismus - Solidarit\u00e4t&quot;","block_context":{"text":"Frieden - Antifaschismus - Solidarit\u00e4t","link":"https:\/\/www.freidenker.org\/?cat=13"},"img":{"alt_text":"","src":"https:\/\/i0.wp.com\/www.freidenker.org\/fw17\/wp-content\/uploads\/2018\/06\/ramstein2017_60102_800x445_mL.jpg?fit=800%2C445&ssl=1&resize=350%2C200","width":350,"height":200,"srcset":"https:\/\/i0.wp.com\/www.freidenker.org\/fw17\/wp-content\/uploads\/2018\/06\/ramstein2017_60102_800x445_mL.jpg?fit=800%2C445&ssl=1&resize=350%2C200 1x, https:\/\/i0.wp.com\/www.freidenker.org\/fw17\/wp-content\/uploads\/2018\/06\/ramstein2017_60102_800x445_mL.jpg?fit=800%2C445&ssl=1&resize=525%2C300 1.5x, https:\/\/i0.wp.com\/www.freidenker.org\/fw17\/wp-content\/uploads\/2018\/06\/ramstein2017_60102_800x445_mL.jpg?fit=800%2C445&ssl=1&resize=700%2C400 2x"},"classes":[]},{"id":6514,"url":"https:\/\/www.freidenker.org\/?p=6514","url_meta":{"origin":275,"position":5},"title":"Die U.S. Milit\u00e4rbasis in Ramstein &#038; die anstehende Demonstration dagegen","author":"Webredaktion","date":"20. Juni 2019","format":false,"excerpt":"Video-Interview mit Reiner Braun Vom 23.06. bis 30.06.2019 findet die diesj\u00e4hrige Aktionswoche \"Stopp Air Base Ramstein\" statt. In einem Video nimmt Reiner Braun Stellung zur Bedeutung der Kriegsdrehscheibe Ramstein und den notwendigen Protest dagegen.","rel":"","context":"In &quot;Frieden - Antifaschismus - Solidarit\u00e4t&quot;","block_context":{"text":"Frieden - Antifaschismus - Solidarit\u00e4t","link":"https:\/\/www.freidenker.org\/?cat=13"},"img":{"alt_text":"","src":"https:\/\/i0.wp.com\/www.freidenker.org\/fw17\/wp-content\/uploads\/2019\/06\/ramstein_27-2018-06-30-_800x445.jpg?fit=800%2C445&ssl=1&resize=350%2C200","width":350,"height":200,"srcset":"https:\/\/i0.wp.com\/www.freidenker.org\/fw17\/wp-content\/uploads\/2019\/06\/ramstein_27-2018-06-30-_800x445.jpg?fit=800%2C445&ssl=1&resize=350%2C200 1x, https:\/\/i0.wp.com\/www.freidenker.org\/fw17\/wp-content\/uploads\/2019\/06\/ramstein_27-2018-06-30-_800x445.jpg?fit=800%2C445&ssl=1&resize=525%2C300 1.5x, https:\/\/i0.wp.com\/www.freidenker.org\/fw17\/wp-content\/uploads\/2019\/06\/ramstein_27-2018-06-30-_800x445.jpg?fit=800%2C445&ssl=1&resize=700%2C400 2x"},"classes":[]}],"_links":{"self":[{"href":"https:\/\/www.freidenker.org\/index.php?rest_route=\/wp\/v2\/posts\/275","targetHints":{"allow":["GET"]}}],"collection":[{"href":"https:\/\/www.freidenker.org\/index.php?rest_route=\/wp\/v2\/posts"}],"about":[{"href":"https:\/\/www.freidenker.org\/index.php?rest_route=\/wp\/v2\/types\/post"}],"author":[{"embeddable":true,"href":"https:\/\/www.freidenker.org\/index.php?rest_route=\/wp\/v2\/users\/2"}],"replies":[{"embeddable":true,"href":"https:\/\/www.freidenker.org\/index.php?rest_route=%2Fwp%2Fv2%2Fcomments&post=275"}],"version-history":[{"count":0,"href":"https:\/\/www.freidenker.org\/index.php?rest_route=\/wp\/v2\/posts\/275\/revisions"}],"wp:featuredmedia":[{"embeddable":true,"href":"https:\/\/www.freidenker.org\/index.php?rest_route=\/wp\/v2\/media\/276"}],"wp:attachment":[{"href":"https:\/\/www.freidenker.org\/index.php?rest_route=%2Fwp%2Fv2%2Fmedia&parent=275"}],"wp:term":[{"taxonomy":"category","embeddable":true,"href":"https:\/\/www.freidenker.org\/index.php?rest_route=%2Fwp%2Fv2%2Fcategories&post=275"},{"taxonomy":"post_tag","embeddable":true,"href":"https:\/\/www.freidenker.org\/index.php?rest_route=%2Fwp%2Fv2%2Ftags&post=275"}],"curies":[{"name":"wp","href":"https:\/\/api.w.org\/{rel}","templated":true}]}}