{"id":272,"date":"2016-05-31T13:00:34","date_gmt":"2016-05-31T11:00:34","guid":{"rendered":"http:\/\/www.freidenker.org\/fw17\/?p=272"},"modified":"2018-02-18T23:08:30","modified_gmt":"2018-02-18T22:08:30","slug":"grossdemo-gegen-us-basis-ramstein-interview-mit-dem-vorsitzenden-des-deutschen-freidenker-verbandes","status":"publish","type":"post","link":"https:\/\/www.freidenker.org\/?p=272","title":{"rendered":"Gro\u00dfdemo gegen US-Basis Ramstein &#8211; Interview mit dem Vorsitzenden des Deutschen Freidenker-Verbandes"},"content":{"rendered":"<p><a href=\"https:\/\/deutsch.rt.com\/inland\/38620-grossdemo-gegen-us-basis-ramstein\/\" target=\"_blank\" rel=\"noopener\">Interview<\/a> von <strong>Klaus Hartmann<\/strong>, Bundesvorsitzender des Deutschen Freidenker-Verbandes, mit <strong>RT Deutsch<br \/>\n<\/strong><\/p>\n<p>Von der US-Kommandozentrale in Rheinland-Pfalz wird sowohl der US-Dohnenkrieg gef\u00fchrt als auch die neue nukleare Bedrohung gegen Russland gesteuert. Rainer Rupp im Gespr\u00e4ch mit dem Bundesvorsitzenden des Deutschen Freidenker-Verbandes Klaus Hartmann \u00fcber die Kampagne &#8222;Stopp Ramstein&#8220;, geplante Aktionen im Juni 2016 sowie die Initiative &#8222;Deutschland raus aus der NATO \u2013 NATO raus aus Deutschland\u201c.<\/p>\n<p><strong>In der Kampagne \u201eStopp Ramstein\u201c arbeiten einige Dutzend lokale und bundesweite Organisationen der Friedensbewegung zusammen. Im Rahmen dieser Kampagne rufen Sie dazu auf, sich an den mehrt\u00e4gigen Aktionen rund um die US-Air Base zu beteiligen, die mit einer 12 Kilometer langen Menschenkette von Kaiserslautern zur Air Base am Samstag, dem 11. Juni 2016, als H\u00f6hepunkt enden sollen. Warum ausgerechnet Ramstein?<\/strong><\/p>\n<p>Die US-Airbase in Ramstein repr\u00e4sentiert fast alle Friedensbedrohungen, denen wir heute ausgesetzt sind: Von hier starten die NATO-Bomber zu ihren v\u00f6lkerrechtswidrigen Angriffskriegen. Hier ist die operative Kommandozentrale f\u00fcr alle bisherigen und auch k\u00fcnftig geplanten \u00dcberf\u00e4lle in Europa oder Mittelost. Hier ist die Zentrale f\u00fcr den Drohnenkrieg der USA: Die Drohnenpiloten sitzen weit weg in ihren antiseptischen B\u00fcros und dr\u00fccken am PC auf den Knopf, aber damit die Drohnen zielgenau ihre Mordopfer finden, die der Friedensnobelpreistr\u00e4ger Obama w\u00f6chentlich aussucht, braucht es Ramstein. Hier steht die Relaisstation, die den gestarteten Drohnen den aufgrund der Erdkr\u00fcmmung erforderlichen \u201eDreh\u201c, verpassen, damit sie \u201eerfolgreich\u201c den Tod bringen k\u00f6nnen.<\/p>\n<p>\u201eVon deutschem Boden soll nie wieder Krieg ausgehen\u201c \u2013 das versicherte die Bundesregierung feierlich zum Abschluss des 2+4-Vertrages, der den Zusammenschluss mit der DDR bewirkte. Von Ramstein, und das liegt zweifelsohne auf deutschem Boden, geht t\u00e4glich Krieg aus, in Ramstein wird dieses Versprechen jeden Tag gebrochen. Ramstein hat also einen hohen Symbolwert f\u00fcr die Frage \u201eKrieg oder Frieden\u201c, deshalb ist es der geeignete Ort, um gegen die wachsende Kriegsgefahr zu demonstrieren.<\/p>\n<p><strong>Stichwort \u201ewachsende Kriegsgefahr\u201c: die scheint Vielen nicht bewusst zu sein, wenn man sich anschaut, wie viele Menschen f\u00fcr den Frieden auf die Stra\u00dfe gehen. Ist die Warnung mehr als Alarmismus, wie sehen Sie die reale Gefahr? Und wie viele Menschen erwarten Sie in Ramstein am zweiten Juni-Wochenende?<\/strong><\/p>\n<p>Bei der ersten Ramstein-Demo der Kampagne im September 2015 waren wir 1.500, jetzt erwarten wir einige Tausend mehr. Grund zum Optimismus gibt besonders, weil sich in der betroffenen Region die Stimmung dreht und unsere Forderungen auf Zustimmung sto\u00dfen. Wir betrachten \u201eStopp Ramstein\u201c als l\u00e4ngerfristige Kampagne, wir kommen wieder, bis unsere Forderungen erf\u00fcllt sind: Zuerst muss die Relaisstation f\u00fcr den Drohnenkrieg geschlossen, schlie\u00dflich die komplette Air Base aufgel\u00f6st werden.<\/p>\n<p>Die Rede von der wachsenden Kriegsgefahr ist keineswegs eine Floskel. Die USA und die NATO-M\u00e4chte f\u00fchren einen \u201eRegime Change\u201c-Krieg nach dem anderen, angefangen von der Zerschlagung Jugoslawiens, \u00fcber den Irak und Libyen, die Aggressionen gegen den Libanon, Syrien und in der Ukraine. Das setzt sich fort mit den Provokationen im s\u00fcdchinesischen Meer bis zu den Putschversuchen gegen linke Regierungen in S\u00fcdamerika. Man muss nur genau zuh\u00f6ren: Im Juli 2015 hat Deborah James, administrative Chefin der US-Luftstreitkr\u00e4fte, \u201eRussland als gr\u00f6\u00dfte Bedrohung\u201c bezeichnet; GeneralDunford, Generalstabschef der US-Streitkr\u00e4fte, nannte Russland und China eine \u201egr\u00f6\u00dfere Bedrohung f\u00fcr die USA als die Terrormiliz Islamischer Staat (IS)\u201c; General Milley, Generalstabschef der US-Armee, sieht in Russland eine \u201eabsolute existenzielle Bedrohung f\u00fcr die USA\u201c. Der bisherige NATO-Oberbefehlshaber General Breedlove nannte Russland eine \u201elangfristige existenzielle Bedrohung\u201c; sein Nachfolger General Scaparrotti, h\u00e4lt Russland f\u00fcr den \u201egr\u00f6\u00dften Feind der USA\u201c.<\/p>\n<p>Der Oberbefehlshaber eines Milit\u00e4rb\u00fcndnisses, das sich schrankenlos ausdehnt, meint passenderweise, man m\u00fcsse \u201ePutin in die Schranken weisen\u201c. NATO-Generalsekret\u00e4r Stoltenberg verk\u00fcndet, dass die NATO \u201eim Osten Europas vorr\u00fccken\u201c m\u00fcsse, mit einer \u201eKette von neuen Hauptquartieren\u201c. Stoltenbergs Vorg\u00e4nger Rasmussen macht den Anfang und schl\u00e4gt sein neues Hauptquartier in Kiew auf, wo er gerade als Spezialberater von Pr\u00e4sident Poroschenko angeheuert hat.<\/p>\n<p><strong>Geht es bei den aggressiven T\u00f6nen um mehr, als um verbales S\u00e4belrasseln?<\/strong><\/p>\n<p>St\u00e4ndig kreuzen US-Kriegsschiffe vor Russlands K\u00fcsten, US-Kampfflugzuge trainieren nahe der russischen Grenze, eine US-Milit\u00e4rparade f\u00e4hrt bis 300 Meter an die Grenze heran, Man\u00f6ver finden in Permanenz statt, \u201eTrident Juncture 2015\u201c mit 35.000 Soldaten ist das gr\u00f6\u00dfte seit 2002. Aber es geht nicht nur um Man\u00f6ver: Fast unbemerkt hat sich im NATO-Jargon wieder das Wort \u201eAbschreckung&#8220; eingeb\u00fcrgert, und der soll die Stationierung von je einem Bataillon mit Panzern in den drei baltischen Staaten und in Polen dienen. &#8222;Vorgelagerte Pr\u00e4senz&#8220; wird das genannt. Das Verbot der dauerhaften Truppenstationierung gem\u00e4\u00df der NATO-Russland-Grundakte versucht die Allianz mit dem Trick zu umgehen, dass die Truppen wie ein Wanderzirkus st\u00e4ndig \u201erotieren\u201c. In norwegischen H\u00f6hlen werden Waffen f\u00fcr 15.000 Soldaten eingelagert. Auf 3,4 Milliarden Dollar wurde der Pentagon-Etat f\u00fcr die Pr\u00e4senz in Osteuropa vervierfacht.<\/p>\n<p>Der bisherige H\u00f6hepunkt der NATO-Aufr\u00fcstung ist aber das Aegis-System. Es handelt sich um ein Raketenabschusssystem, das bisher auf vier US-Schiffen installiert wurde, die in der Ostsee, im Mittelmeer und im Schwarzen Meer unterwegs sind, das aber auch landgest\u00fctzt, n\u00e4mlich demn\u00e4chst in Polen stationiert wird, und soeben am 12. Mai 2016 auf dem Luftwaffenst\u00fctzpunkt Deveselu in Rum\u00e4nien eingeweiht wurde.<\/p>\n<p>Zun\u00e4chst angek\u00fcndigt unter dem irref\u00fchrenden Namen \u201eRaketenabwehrschild\u201c sollte es iranische Angriffe abwehren, doch auch nach dem \u00dcbereinkommen mit dem Iran wird das Projekt unbeirrt weiter betrieben. Irref\u00fchrend ist die Behauptung, es handele sich um ein defensives System, denn wenn es nach einem US-Atomraketen\u00fcberfall einen russischen Gegenschlag unm\u00f6glich machen soll, dann wollen sich die USA die \u201eungestrafte Erstschlagsf\u00e4higkeit\u201c verschaffen. Aber noch gravierender ist, dass die Aegis-Senkrechtstartanlagen auch atomare Marschflugk\u00f6rper abschie\u00dfen k\u00f6nnen \u2013 Mittelstreckenraketen also, die nach dem INF-Vertrag seit 1987 verboten sind. Und das ist das Dramatische: Wir kehren zur\u00fcck zur Situation Anfang der 1980er Jahre, als Hundertausende gegen die neuen Atomraketen auf die Stra\u00dfe gingen, 30 Jahre danach wird das Verbot ausgehebelt, und niemand scheint es zu bemerken! Hier hat die Aufkl\u00e4rungsarbeit besonders linker Parteien und Organisationen offenkundig erhebliche Defizite! Und wir kommen wieder nach Ramstein zur\u00fcck: Die Kommandozentrale f\u00fcr Aegis sitzt in Ramstein!<\/p>\n<p><strong>Freidenker und Arbeiterfotografie haben die Initiative \u201eDeutschland raus aus der NATO \u2013 NATO raus aus Deutschland\u201c gestartet. Nicht alle Linken sind begeistert, manche sehen \u201eAntiamerikanismus\u201c am Werk, oder sie f\u00fcrchten &#8211; mit stark verengtem Blickwinkel als h\u00e4tten wir noch 1914 und unter totaler Verkennung der realen Machtverh\u00e4ltnisse &#8211;\u00a0 dass der Hauptfeind des Weltfriedens im eigenen Land steht und eine Verharmlosung des deutschen Imperialismus.<\/strong><\/p>\n<p>Beim Vorwurf \u201eAntiamerikanismus\u201c muss ich lachen. Wir arbeiten eng mit B\u00fcrgern der USA zusammen. Sie sind unsere Freunde. Wir bek\u00e4mpfen die kriminellen Kriegstreiber in der US-Regierung und ihre europ\u00e4ischen Erf\u00fcllungsgehilfen, auch in Berlin. Soviel zum Antiamerikanismus. Und nun zum Vorwurf der angeblichen Verharmlosung des deutschen Imperialismus: Wir kommen gerade vom Abschluss einer mehrw\u00f6chigen Mahnwache am Fliegerhorst B\u00fcchel, wo die USA ihre modernisierten 20 Atomraketen lagern. Seit Jahrzehnten ist es das Bestreben des deutschen Imperialismus, eine Mitverf\u00fcgungsgewalt \u00fcber Atomwaffen zu erreichen, und das Eintrittsticket dazu ist die NATO. Bei einem NATO-Austritt w\u00e4re Schluss damit, und das bedeutet nicht St\u00e4rkung, sondern Schw\u00e4chung auch des deutschen Imperialismus.<\/p>\n<p>Die Kritik an der Forderung ist an Absurdit\u00e4t nicht zu \u00fcberbieten, sie ist ein Zweckl\u00fcge der sich fr\u00fcher selbst als \u201eantideutsch\u201c, heute \u201eantinational\u201c bezeichnenden Pentagonfreunde, also den deutschen Br\u00fcdern und Schwestern der US-amerikanischen Neocons. Sowohl B\u00fcchel wie auch Ramstein m\u00fcssten dicht machen, wenn die Bundesregierung den Truppenstationierungsvertrag k\u00fcndigen w\u00fcrde \u2013 was sie mit Zwei-Jahres-Frist kann! Das muss das Ziel der Mehrheit unserer B\u00fcrger werden. Und das w\u00e4re es l\u00e4ngst, wenn ihnen bewusst w\u00e4re, welchen Gefahren sie durch die aggressive US-Pr\u00e4senz ausgesetzt sind.<\/p>\n<p>Deshalb m\u00fcssen wir weiter aufkl\u00e4ren und ich lade die Leser und Leserinnen von RT Deutsch ein, am Freitag, dem 10. Juni, an spannenden Vortr\u00e4gen und Workshops teilzunehmen, u.a. mit Willy Wimmer (Vers\u00f6hnungskirche in Kaiserslautern, Leipziger Str. 1), und am Samstag, 11. Juni mit uns zu demonstrieren und sich in die Menschenkette f\u00fcr den Frieden einzureihen: Auftaktkundgebungen Kaiserslautern Hauptbahnhof 11.00 bis 13.00 Uhr, Landstuhl Stadthalle und in Ramstein-Miesenbach 11.30 bis 13.30 Uhr sowie die Abschlusskundgebung in der N\u00e4he der Air Base gegen 15.30 Uhr, bei der u.a. Oskar Lafontaine und ein ehemaliger US-Drohnenpilot sprechen. Mehr Information \u00fcber Ablauf und Organisation kann man im Internet unter <a href=\"http:\/\/www.ramstein-kampagne.eu\" target=\"_blank\" rel=\"noopener\">ramstein-kampagne.eu<\/a> oder auf der <a href=\"https:\/\/www.freidenker.org\/\" target=\"_self\">Webseite des Deutschen Freidenkerverbands<\/a>\u00a0 finden.<\/p>\n<p><strong>Herr Hartmann, Ich danke Ihnen f\u00fcr das Gespr\u00e4ch und wir sehen uns in Ramstein wieder.<\/strong><\/p>\n<p>Quelle: <a href=\"https:\/\/deutsch.rt.com\/inland\/38620-grossdemo-gegen-us-basis-ramstein\/\" target=\"_blank\" rel=\"noopener\">https:\/\/deutsch.rt.com\/inland\/38620-grossdemo-gegen-us-basis-ramstein\/<\/a><\/p>\n<hr \/>\n<p>Bild: www.pixabay.com\/ skeeze<\/p>\n","protected":false},"excerpt":{"rendered":"<p><strong>Rainer Rupp im Gespr\u00e4ch mit dem Bundesvorsitzenden des Deutschen Freidenker-Verbandes Klaus Hartmann \u00fcber die Kampagne &#8222;Stopp Ramstein&#8220;, geplante Aktionen im Juni 2016 sowie die Initiative &#8222;Deutschland raus aus der NATO \u2013 NATO raus aus Deutschland\u201c.<\/strong><br \/>\n\u201eVon deutschem Boden soll nie wieder Krieg ausgehen\u201c \u2013 das versicherte die Bundesregierung feierlich zum Abschluss des 2+4-Vertrages, der den Zusammenschluss mit der DDR bewirkte. Von Ramstein, und das liegt zweifelsohne auf deutschem Boden, geht t\u00e4glich Krieg aus, in Ramstein wird dieses Versprechen jeden Tag gebrochen. Ramstein hat also einen hohen Symbolwert f\u00fcr die Frage \u201eKrieg oder Frieden\u201c, deshalb ist es der geeignete Ort, um gegen die wachsende Kriegsgefahr zu demonstrieren.<\/p>\n","protected":false},"author":2,"featured_media":273,"comment_status":"closed","ping_status":"closed","sticky":false,"template":"","format":"standard","meta":{"colormag_page_container_layout":"default_layout","colormag_page_sidebar_layout":"default_layout","advanced_seo_description":"","jetpack_seo_html_title":"","jetpack_seo_noindex":false,"jetpack_post_was_ever_published":false,"footnotes":""},"categories":[13],"tags":[411,42,43,60,57,56],"class_list":["post-272","post","type-post","status-publish","format-standard","has-post-thumbnail","hentry","category-frieden-antifaschismus-solidaritaet","tag-demonstration","tag-drohnenkrieg","tag-friedensbewegung","tag-kampagne-stopp-ramstein","tag-kriegsgefahr","tag-nato"],"jetpack_featured_media_url":"https:\/\/i0.wp.com\/www.freidenker.org\/fw17\/wp-content\/uploads\/2016\/07\/drone.jpg?fit=1280%2C814&ssl=1","jetpack_shortlink":"https:\/\/wp.me\/p9stpK-4o","jetpack-related-posts":[{"id":275,"url":"https:\/\/www.freidenker.org\/?p=275","url_meta":{"origin":272,"position":0},"title":"Freidenker-Brief 2-2016: Kampagne Stopp Ramstein \u2013 Aktionswochenende im Juni","author":"Webmaster","date":"3. Juni 2016","format":false,"excerpt":"Der Deutsche Freidenker-Verband appelliert an seine Mitglieder und Sympathisanten, die Kampagne \u201eStopp Ramstein\u201c zu unterst\u00fctzen und an dem Aktionswochenende in Kaiserslautern\/Ramstein, 10. \u2013 12. Juni 2016, teilzunehmen. \u201eDie US-Airbase in Ramstein repr\u00e4sentiert fast alle Friedensbedrohungen, denen wir heute ausgesetzt sind.\u201c So Klaus Hartmann, der Vorsitzende des Deutschen Freidenker-Verbands in einem\u2026","rel":"","context":"In &quot;Freidenker-Brief&quot;","block_context":{"text":"Freidenker-Brief","link":"https:\/\/www.freidenker.org\/?cat=341"},"img":{"alt_text":"","src":"https:\/\/i0.wp.com\/www.freidenker.org\/fw17\/wp-content\/uploads\/2016\/07\/Megaphone.jpg?fit=800%2C445&ssl=1&resize=350%2C200","width":350,"height":200,"srcset":"https:\/\/i0.wp.com\/www.freidenker.org\/fw17\/wp-content\/uploads\/2016\/07\/Megaphone.jpg?fit=800%2C445&ssl=1&resize=350%2C200 1x, https:\/\/i0.wp.com\/www.freidenker.org\/fw17\/wp-content\/uploads\/2016\/07\/Megaphone.jpg?fit=800%2C445&ssl=1&resize=525%2C300 1.5x, https:\/\/i0.wp.com\/www.freidenker.org\/fw17\/wp-content\/uploads\/2016\/07\/Megaphone.jpg?fit=800%2C445&ssl=1&resize=700%2C400 2x"},"classes":[]},{"id":2988,"url":"https:\/\/www.freidenker.org\/?p=2988","url_meta":{"origin":272,"position":1},"title":"Freidenker-Brief 6-2015: Deutschland raus aus der NATO &#8211; NATO raus aus Deutschland","author":"Webredaktion","date":"27. August 2015","format":false,"excerpt":"W\u00e4hrend manche \"Institutionen\" der Friedensbewegung fortgesetzt die Diskussion \u201eWie weiter mit der Friedensbewegung?\u201c f\u00fchren, gibt es erfreulicherweise auch Friedenskr\u00e4fte, die angesichts der gef\u00e4hrlichen internationalen Entwicklung aktiv werden, die auf Aktionen und auf Klarheit dr\u00e4ngen: Einerseits die im \"AK Frieden \/ Internationales\" des Deutschen Freidenker-Verbandes erarbeitete programmatische Erkl\u00e4rung zu Fragen von\u2026","rel":"","context":"In &quot;Freidenker-Brief&quot;","block_context":{"text":"Freidenker-Brief","link":"https:\/\/www.freidenker.org\/?cat=341"},"img":{"alt_text":"","src":"https:\/\/i0.wp.com\/www.freidenker.org\/fw17\/wp-content\/uploads\/2015\/08\/Global_Hawk_800x445_mLogo.jpg?fit=800%2C445&ssl=1&resize=350%2C200","width":350,"height":200,"srcset":"https:\/\/i0.wp.com\/www.freidenker.org\/fw17\/wp-content\/uploads\/2015\/08\/Global_Hawk_800x445_mLogo.jpg?fit=800%2C445&ssl=1&resize=350%2C200 1x, https:\/\/i0.wp.com\/www.freidenker.org\/fw17\/wp-content\/uploads\/2015\/08\/Global_Hawk_800x445_mLogo.jpg?fit=800%2C445&ssl=1&resize=525%2C300 1.5x, https:\/\/i0.wp.com\/www.freidenker.org\/fw17\/wp-content\/uploads\/2015\/08\/Global_Hawk_800x445_mLogo.jpg?fit=800%2C445&ssl=1&resize=700%2C400 2x"},"classes":[]},{"id":5273,"url":"https:\/\/www.freidenker.org\/?p=5273","url_meta":{"origin":272,"position":2},"title":"Ramstein 2018: Die &#8222;neue Ostfront&#8220;","author":"Webredaktion","date":"4. Juli 2018","format":false,"excerpt":"Warum brauchen wir \"kriegsverwendungsf\u00e4hige Stra\u00dfen\"? Rede von Klaus Hartmann auf der Auftaktkundgebung zur Demonstration \"Stopp Air Base Ramstein 2018\" in Landstuhl am 30. Juni 2018 Es ist Aktiven wie dem Freidenker-Vorsitzenden Klaus Hartmann hoch anzurechnen, dass sie nicht davon ablassen, darauf aufmerksam zu machen, dass mit der K\u00fcndigung des Truppenstationierungsvertrages\u2026","rel":"","context":"In &quot;Frieden - Antifaschismus - Solidarit\u00e4t&quot;","block_context":{"text":"Frieden - Antifaschismus - Solidarit\u00e4t","link":"https:\/\/www.freidenker.org\/?cat=13"},"img":{"alt_text":"","src":"https:\/\/i0.wp.com\/www.freidenker.org\/fw17\/wp-content\/uploads\/2018\/07\/ramstein2018_hartmann_800x445.jpg?fit=800%2C445&ssl=1&resize=350%2C200","width":350,"height":200,"srcset":"https:\/\/i0.wp.com\/www.freidenker.org\/fw17\/wp-content\/uploads\/2018\/07\/ramstein2018_hartmann_800x445.jpg?fit=800%2C445&ssl=1&resize=350%2C200 1x, https:\/\/i0.wp.com\/www.freidenker.org\/fw17\/wp-content\/uploads\/2018\/07\/ramstein2018_hartmann_800x445.jpg?fit=800%2C445&ssl=1&resize=525%2C300 1.5x, https:\/\/i0.wp.com\/www.freidenker.org\/fw17\/wp-content\/uploads\/2018\/07\/ramstein2018_hartmann_800x445.jpg?fit=800%2C445&ssl=1&resize=700%2C400 2x"},"classes":[]},{"id":6522,"url":"https:\/\/www.freidenker.org\/?p=6522","url_meta":{"origin":272,"position":3},"title":"Stopp Air Base Ramstein 2019","author":"Webredaktion","date":"21. Juni 2019","format":false,"excerpt":"Vom 23.06. bis 30.06.2019 findet die diesj\u00e4hrige Aktionswoche \u201eStopp Air Base Ramstein\u201c statt. Wir ver\u00f6ffentlichen hier den Appell der Kampagne \"NATO raus \u2013 raus aus der NATO\" an die 3. Internationale Konferenz \"No to Military Bases & Wars\" in Ramstein am 28.6.2019 sowie den Beitrag \"Den Hebel zur Beseitigung verschweigen?\"\u2026","rel":"","context":"In &quot;Frieden - Antifaschismus - Solidarit\u00e4t&quot;","block_context":{"text":"Frieden - Antifaschismus - Solidarit\u00e4t","link":"https:\/\/www.freidenker.org\/?cat=13"},"img":{"alt_text":"","src":"https:\/\/i0.wp.com\/www.freidenker.org\/fw17\/wp-content\/uploads\/2019\/06\/friedenstauben_800x445.jpg?fit=800%2C445&ssl=1&resize=350%2C200","width":350,"height":200,"srcset":"https:\/\/i0.wp.com\/www.freidenker.org\/fw17\/wp-content\/uploads\/2019\/06\/friedenstauben_800x445.jpg?fit=800%2C445&ssl=1&resize=350%2C200 1x, https:\/\/i0.wp.com\/www.freidenker.org\/fw17\/wp-content\/uploads\/2019\/06\/friedenstauben_800x445.jpg?fit=800%2C445&ssl=1&resize=525%2C300 1.5x, https:\/\/i0.wp.com\/www.freidenker.org\/fw17\/wp-content\/uploads\/2019\/06\/friedenstauben_800x445.jpg?fit=800%2C445&ssl=1&resize=700%2C400 2x"},"classes":[]},{"id":278,"url":"https:\/\/www.freidenker.org\/?p=278","url_meta":{"origin":272,"position":4},"title":"KenFM am Telefon: Klaus Hartmann (Deutscher Freidenker-Verband) zu Stopp Ramstein","author":"Webmaster","date":"7. Juni 2016","format":false,"excerpt":"Wer heute behauptet, unser Land w\u00e4re rechtlich nicht in der Lage, Ramstein zu schlie\u00dfen, ist entweder schlecht informiert, oder aber arbeitet bewusst mit der Taktik der T\u00e4uschung. Fakt ist, solange das wiedervereinigte Deutschland Mitglied der NATO ist, kann ein US-Standort nur geschlossen werden, wenn dem alle NATO-Mitglieder zustimmen. Beschlie\u00dft die\u2026","rel":"","context":"In &quot;Frieden - Antifaschismus - Solidarit\u00e4t&quot;","block_context":{"text":"Frieden - Antifaschismus - Solidarit\u00e4t","link":"https:\/\/www.freidenker.org\/?cat=13"},"img":{"alt_text":"","src":"https:\/\/i0.wp.com\/www.freidenker.org\/fw17\/wp-content\/uploads\/2016\/06\/kenfm-klaus-hartmann_800x445.jpg?fit=800%2C445&ssl=1&resize=350%2C200","width":350,"height":200,"srcset":"https:\/\/i0.wp.com\/www.freidenker.org\/fw17\/wp-content\/uploads\/2016\/06\/kenfm-klaus-hartmann_800x445.jpg?fit=800%2C445&ssl=1&resize=350%2C200 1x, https:\/\/i0.wp.com\/www.freidenker.org\/fw17\/wp-content\/uploads\/2016\/06\/kenfm-klaus-hartmann_800x445.jpg?fit=800%2C445&ssl=1&resize=525%2C300 1.5x, https:\/\/i0.wp.com\/www.freidenker.org\/fw17\/wp-content\/uploads\/2016\/06\/kenfm-klaus-hartmann_800x445.jpg?fit=800%2C445&ssl=1&resize=700%2C400 2x"},"classes":[]},{"id":4491,"url":"https:\/\/www.freidenker.org\/?p=4491","url_meta":{"origin":272,"position":5},"title":"Aktionswoche Stopp Air Base Ramstein 2017","author":"Webredaktion","date":"12. September 2017","format":false,"excerpt":"Kurzbericht von der Aktionswoche an der Ramstein Air Base vom 3. bis zum 10.09.2017 Die diesj\u00e4hrigen Aktionen gegen die Air Base Ramstein wurden von den Veranstaltern als gro\u00dfer Erfolg gewertet: Sie waren eine der gro\u00dfen Aktionen der Friedensbewegung, als Einzelaktion 2017 mit Abstand die gr\u00f6\u00dfte Friedensaktion in Deutschland. Die Gr\u00fcndung\u2026","rel":"","context":"In &quot;Frieden - Antifaschismus - Solidarit\u00e4t&quot;","block_context":{"text":"Frieden - Antifaschismus - Solidarit\u00e4t","link":"https:\/\/www.freidenker.org\/?cat=13"},"img":{"alt_text":"","src":"https:\/\/i0.wp.com\/www.freidenker.org\/fw17\/wp-content\/uploads\/2018\/02\/Ramstein-2017.jpg?fit=800%2C445&ssl=1&resize=350%2C200","width":350,"height":200,"srcset":"https:\/\/i0.wp.com\/www.freidenker.org\/fw17\/wp-content\/uploads\/2018\/02\/Ramstein-2017.jpg?fit=800%2C445&ssl=1&resize=350%2C200 1x, https:\/\/i0.wp.com\/www.freidenker.org\/fw17\/wp-content\/uploads\/2018\/02\/Ramstein-2017.jpg?fit=800%2C445&ssl=1&resize=525%2C300 1.5x, https:\/\/i0.wp.com\/www.freidenker.org\/fw17\/wp-content\/uploads\/2018\/02\/Ramstein-2017.jpg?fit=800%2C445&ssl=1&resize=700%2C400 2x"},"classes":[]}],"_links":{"self":[{"href":"https:\/\/www.freidenker.org\/index.php?rest_route=\/wp\/v2\/posts\/272","targetHints":{"allow":["GET"]}}],"collection":[{"href":"https:\/\/www.freidenker.org\/index.php?rest_route=\/wp\/v2\/posts"}],"about":[{"href":"https:\/\/www.freidenker.org\/index.php?rest_route=\/wp\/v2\/types\/post"}],"author":[{"embeddable":true,"href":"https:\/\/www.freidenker.org\/index.php?rest_route=\/wp\/v2\/users\/2"}],"replies":[{"embeddable":true,"href":"https:\/\/www.freidenker.org\/index.php?rest_route=%2Fwp%2Fv2%2Fcomments&post=272"}],"version-history":[{"count":0,"href":"https:\/\/www.freidenker.org\/index.php?rest_route=\/wp\/v2\/posts\/272\/revisions"}],"wp:featuredmedia":[{"embeddable":true,"href":"https:\/\/www.freidenker.org\/index.php?rest_route=\/wp\/v2\/media\/273"}],"wp:attachment":[{"href":"https:\/\/www.freidenker.org\/index.php?rest_route=%2Fwp%2Fv2%2Fmedia&parent=272"}],"wp:term":[{"taxonomy":"category","embeddable":true,"href":"https:\/\/www.freidenker.org\/index.php?rest_route=%2Fwp%2Fv2%2Fcategories&post=272"},{"taxonomy":"post_tag","embeddable":true,"href":"https:\/\/www.freidenker.org\/index.php?rest_route=%2Fwp%2Fv2%2Ftags&post=272"}],"curies":[{"name":"wp","href":"https:\/\/api.w.org\/{rel}","templated":true}]}}