{"id":269,"date":"1999-01-10T12:23:16","date_gmt":"1999-01-10T11:23:16","guid":{"rendered":"http:\/\/www.freidenker.org\/fw17\/?p=269"},"modified":"2018-02-18T14:11:36","modified_gmt":"2018-02-18T13:11:36","slug":"die-kirchenvertreter-im-suedwestrundfunk-swr","status":"publish","type":"post","link":"https:\/\/www.freidenker.org\/?p=269","title":{"rendered":"Die Kirchenvertreter im S\u00fcdwestrundfunk (SWR)"},"content":{"rendered":"<h3 class=\"basis\">Schwarzr\u00f6cke auf dem langen Marsch durch die Institutionen ?<\/h3>\n<p class=\"basis\" align=\"justify\"><strong>In den Aufsichtsgremien der Rundfunkanstalten haben &#8222;gesellschaftlich relevante Gruppen und Institutionen&#8220; das Recht auf Sitz und Stimme. Neben staatlichen Stellen wie Landtag oder Landesregierung sind dies Berufsverb\u00e4nde, Bildungseinrichtungen und verschiedene andere Interessensvertretungen. Immer dabei sind die evangelische und die katholische Religionsgemeinschaft, sowie andere religi\u00f6se Organisationen.<\/strong><\/p>\n<p class=\"basis\" align=\"justify\"><strong>Seit dem 1. Oktober 1998 sind die beiden Landessender S\u00fcddeutscher Rundfunk (SDR) und S\u00fcdwestfunk (SWF) aufgegangen im neugegr\u00fcndeten S\u00fcdwestrundfunk (SWR). Am Beispiel dieses Senders soll einmal genauer untersucht werden, wie die kirchliche Interessensvertretung im Rundfunk in der Realit\u00e4t aussieht.<\/strong><\/p>\n<p class=\"basis\" align=\"justify\">Zun\u00e4chst einmal f\u00e4llt auf, da\u00df im SWR die Vertreter der beiden Gro\u00dfkirchen besonders arbeitsw\u00fctig zu sein scheinen. (Die anderen Religionsvertreter sind allesamt nicht so umtriebig.) Nur als einfaches Mitglied in einem Gremium zu sitzen, scheint die Kirchenleute nicht auszuf\u00fcllen. Von deren urspr\u00fcnglich 6 Vertretern waren 5 in Wahlen erfolgreich: 3 erhielten einen Vorsitz, 2 gelangten in den Verwaltungsrat und errangen so 2 weitere Sitze f\u00fcr ihre Organisation. Das ist eine recht eindrucksvolle Bilanz. Dem unbefangenen Beobachter dr\u00e4ngt sich da geradezu der Gedanke an Dutschkes &#8222;langem Marsch durch die Institutionen&#8220; auf.<\/p>\n<p class=\"basis\">Dieser energische Gestaltungswille ist ja durchaus legitim, im Interesse konfessionsfreier Menschen ist er ganz bestimmt nicht. Die Schwierigkeit, kirchenkritische Sendungen zur Ausstrahlung zu bringen, kommt angesichts solcher Verh\u00e4ltnisse auch nicht von ungef\u00e4hr.<\/p>\n<p class=\"basis\">Des Weiteren f\u00e4llt auf, da\u00df die Zahl religi\u00f6ser Vertreter aus Baden-W\u00fcrttemberg um einiges gr\u00f6\u00dfer ist, als die aus Rheinland-Pfalz. Und dies liegt nicht allein am Gr\u00f6\u00dfenverh\u00e4ltnis der L\u00e4nder. Es ist also durchaus sinnvoll, die diesbez\u00fcglichen Traditionen der einzelnen Landessender genauer anzusehen.<\/p>\n<p class=\"basis\">Die Struktur des SWR und das kirchliche Engagement in ihnen sollen im Folgenden dargestellt werden.<\/p>\n<p class=\"basis\" align=\"justify\"><strong><span style=\"color: #000080;\">Die Aufsichtsgremien des SWR<\/span><\/strong><\/p>\n<p class=\"basis\">Der SWR hat zwei Aufsichtsgremien: Einen Verwaltungsrat, der f\u00fcr die wirtschaftliche Kontrolle und f\u00fcr technische Entwicklungen zust\u00e4ndig ist. Und einen Rundfunkrat, der f\u00fcr Programmfragen zust\u00e4ndig ist. Dieser teilt sich f\u00fcr die Landesprogramme der beiden Bundesl\u00e4nder auf in einen Landesrundfunkrat Baden-W\u00fcrttemberg und einen Landesrundfunkrat Rheinland-Pfalz, wozu jeweils auch die aus den beiden L\u00e4ndern kommenden Verwaltungsratsmitglieder geh\u00f6ren. Ganz wichtige Entscheidungen, wie die Wahl des Intendanten und Beschl\u00fcsse \u00fcber die Satzung des SWR fallen in gemeinsamen Sitzungen von Rundfunkrat und Verwaltungsrat. Zur Wahl des Intendanten wird eine kleine Sonderkommission eingesetzt, die Findungskommission.<\/p>\n<p class=\"basis\"><span style=\"color: #000080;\"><strong>Der Rundfunkrat<\/strong><\/span><\/p>\n<p class=\"basis\">In dieses Gremium, und zuerst einmal nur in dieses, d\u00fcrfen privatrechtliche Organisationen, wozu ja auch die Kirchen z\u00e4hlen, ihre Vertreter entsenden. An dieser Stelle haben sie sozusagen den Fu\u00df in der T\u00fcr des SWR. Von den 74 Mitgliedern (51 aus BaW\u00fc, 23 aus RLP) des Rundfunkrats werden von religi\u00f6sen Organisationen entsandt:<\/p>\n<p class=\"basis\"><span style=\"color: #000080;\"><strong>Aus Baden-W\u00fcrttemberg<\/strong><\/span><\/p>\n<ul>\n<li>\n<p class=\"basis\">2 Vertreter der evangelischen Kirche<\/p>\n<\/li>\n<li>\n<p class=\"basis\">2 Vertreter der katholischen Kirche<\/p>\n<\/li>\n<li>\n<p class=\"basis\">1 Vertreter der israelitischen Religionsgemeinschaft<\/p>\n<\/li>\n<li>\n<p class=\"basis\">1 Vertreter der Freikirchen<\/p>\n<\/li>\n<li>\n<p class=\"basis\">1 Vertreter der evang.\/kath. Frauenarbeit<\/p>\n<\/li>\n<\/ul>\n<p class=\"basis\"><strong><span style=\"color: #000080;\">Aus Rheinland-Pfalz<\/span><\/strong><\/p>\n<ul>\n<li>\n<p class=\"basis\">1 Vertreter der evangelischen Kirche<\/p>\n<\/li>\n<li>\n<p class=\"basis\">1 Vertreter der katholischen Kirche<\/p>\n<\/li>\n<\/ul>\n<p class=\"basis\">Das bedeutet, 9 von 74 Personen sind offizielle Kirchenvertreter, das ergibt einen Anteil von 12,2%. Da der Rundfunkrat f\u00fcr Programmfragen zust\u00e4ndig ist, kann man von hier aus wunderbar Einflu\u00df auf die Programmgestaltung des Senders zum eigenen Vorteil nehmen. Dieser recht beachtliche Anteil alleine erm\u00f6glicht aber noch nicht viel Einflu\u00df. Wesentlich mehr Wirkungsm\u00f6glichkeiten hat man da als Vorsitzender des Rundfunkrats. Und die B\u00fcrde dieses hohen Amtes \u00fcbernahm denn auch Hans Lambert, der Vertreter der katholischen Kirche Rheinland-Pfalz.<\/p>\n<p class=\"basis\"><strong><span style=\"color: #000080;\">Die Findungskommission<\/span><\/strong><\/p>\n<p class=\"basis\">Zur Vorbereitung der Wahl des Intendanten wird diese wichtige Kommission eingesetzt, die aus den Vorsitzenden des Rundfunk- und des Verwaltungsrats und ihren Stellvertretern besteht, das sind 5 Personen. Dazu geh\u00f6rte nun auch automatisch Herr Lambert. Der immense politische Einflu\u00df dieser Findungskommission besteht darin, da\u00df sie dar\u00fcber befindet, welche Bewerber \u00fcberhaupt zur Wahl gestellt werden. Das klingt zun\u00e4chst einmal ganz harmlos. Bemerkenswert ist aber, da\u00df von 16 Bewerbern f\u00fcr das Amt des Intendanten des SWR ein Einziger f\u00fcr w\u00fcrdig befunden wurde, sich zur Wahl zu stellen: Peter Vo\u00df, der fr\u00fchere Intendant des SWF, f\u00fcr seine stramm konservative politische Einstellung hinreichend bekannt. Dieser eine Kandidat wurde dann auch tats\u00e4chlich gew\u00e4hlt. Er mu\u00dfte sich aber schon vor der Wahl gegen Berichte verteidigen, die Auswahl seiner F\u00fchrungsmannschaft f\u00fcr den Sender sei &#8222;von der Politik bestimmt&#8220; gewesen.<\/p>\n<p class=\"basis\"><strong><span style=\"color: #000080;\">Der Verwaltungsrat<\/span><\/strong><\/p>\n<p class=\"basis\">7 von den 15 Mitgliedern dieses Gremiums werden von den beiden Landesregierungen bzw. Landtagen benannt. 8 werden vom Rundfunkrat aus den eigenen Reihen gew\u00e4hlt. Die Kirchenvertreter scheinen keine M\u00fche zu scheuen, und so befinden sich 2 von ihnen unter den Gew\u00e4hlten: Dr. Klaus Koziol von der katholischen Kirche Baden-W\u00fcrttemberg, sowie Heiner K\u00fcnzlen (seines Zeichens Oberkirchenrat) von der evangelischen Kirche Baden-W\u00fcrttemberg.<\/p>\n<p class=\"basis\">Und der Clou dabei ist, da\u00df f\u00fcr jeden in den Verwaltungsrat gew\u00e4hlten Vertreter ein Nachr\u00fccker in den Rundfunkrat einziehen darf. Die Zahl der Kirchenvertreter wurde so um 2 vermehrt!<\/p>\n<p class=\"basis\"><strong><span style=\"color: #000080;\">Die Landesrundfunkr\u00e4te<\/span><\/strong><\/p>\n<p class=\"basis\">Da diese Gremien einfach mit den jeweiligen Landesvertretern von Rundfunk- und Verwaltungsrat besetzt werden, sitzen im Landesrundfunkrat Baden-W\u00fcrttemberg 9 Kirchenvertreter (von 62 Mitgliedern = 14,5%), im Landesrundfunkrat Rheinland-Pfalz 2 Kirchenvertreter (von 27 Mitgliedern = 7,4%).<\/p>\n<p class=\"basis\"><strong><span style=\"color: #000080;\">Fernseh- und H\u00f6rfunkaussch\u00fcsse<\/span><\/strong><\/p>\n<p class=\"basis\">Der Rundfunkrat und der Landesrundfunkrat Baden-W\u00fcrttemberg besitzen jeweils einen Ausschu\u00df f\u00fcr H\u00f6rfunk und einen f\u00fcr Fernsehen. Auch hier mu\u00df sich jemand f\u00fcr den Vorsitz opfern. Zwei Herren von den Kirchen waren sich f\u00fcr diese gewi\u00df undankbare Aufgabe nicht zu schade: Vorsitzender des Fernsehausschusses des Rundfunkrats wurde Udo Sopp von der evangelischen Kirche Rheinland-Pfalz. Vorsitzender des Landesh\u00f6rfunkausschusses Baden-W\u00fcrttemberg wurde Gerd Schmoll von der evangelischen Kirche.<\/p>\n<p class=\"basis\"><strong><span style=\"color: #000080;\">Weitere Einflu\u00dfm\u00f6glichkeiten auf die Medien<\/span><\/strong><\/p>\n<p class=\"basis\">Das besondere Engagement der offiziellen Kirchenvertreter erkl\u00e4rt aber nicht hinreichend den Einflu\u00df der Kirchen in den \u00f6ffentlichen Medien.<\/p>\n<p class=\"basis\">Zumindest ein wichtiger Grund f\u00fcr die Erfolge bei Wahlen in den Aufsichtsgremien ist einfach der unkritische und oft unreflektierte Vertrauensbonus, den Kirchen bei vielen Menschen, und so wohl auch hier, genie\u00dfen.<\/p>\n<p class=\"basis\">Daneben haben die Kirchen aber in den Sendern noch eine gro\u00dfe Zahl inoffizieller Mitarbeiter, wie man sie durchaus mit Berechtigung nennen kann. Damit ist gemeint, sie arbeiten nicht offiziell im Auftrag der Kirchen, aber als loyale Angeh\u00f6rige ihrer Glaubensgemeinschaft nehmen sie sehr konsequent deren Interessen wahr. Ein Paradebeispiel f\u00fcr einen solchen Mann der Kirche stellt der ausgeschiedene Intendant des SDR dar, Hermann F\u00fcnfgeld. Am 14.01.98 wurde ihm vom Rottenburger Bischof ein Papstorden f\u00fcr seine Verdienste verliehen. Besonders hervorgehoben wurde sein &#8222;Einsatz f\u00fcr ein attraktives religi\u00f6s-kirchliches Programm einschlie\u00dflich der kirchlichen Verk\u00fcndigungssendungen und Gottesdienst\u00fcbertragungen&#8220;. Mit dem &#8222;attraktiven&#8220;, sprich im Sinne der Kirche gestalteten, religi\u00f6s-kirchlichen Programm sind hier explizit die eigenen redaktionellen Beitr\u00e4ge des Senders gemeint (vor allem wohl aus der Kirchenfunk-Redaktion)! Dabei sorgte F\u00fcnfgeld auch in besonderer Weise f\u00fcr ein &#8222;positives Verh\u00e4ltnis zwischen Medien und Kirche&#8220;, wie in der Laudatio betont wurde. Und sogar in seiner Freizeit hat der Intendant unerm\u00fcdlich als Mitglied verschiedener Einrichtungen &#8222;in der kirchlichen Medien- und Bildungsarbeit Impulse gesetzt&#8220;. Dieser pers\u00f6nliche Einsatz war dem Papst denn auch einen &#8222;Gregoriusorden&#8220; wert.<\/p>\n<p class=\"basis\">Aber auch f\u00fcr einfache Journalisten werden Anreize geschaffen, in erw\u00fcnschter Weise \u00fcber kirchliche Themen zu berichten. Zu diesem Zweck werden von den verschiedensten Organisationen Journalistenpreise verliehen, so zum Beispiel der &#8222;Caritas-Journalistenpreis Baden-W\u00fcrttemberg&#8220;. Da\u00df einen solchen, der Karriere durchaus dienlichen Preis nat\u00fcrlich niemand erh\u00e4lt, der den Kirchen schon einmal unangenehm aufgefallen ist, versteht sich von selbst.<\/p>\n<p class=\"basis\"><strong><span style=\"color: #000080;\">Was tun?<\/span><\/strong><\/p>\n<p class=\"basis\">Solange die Strukturen so sind, wie sie sind, solange also die Trennung von Staat und Kirche nicht durchgef\u00fchrt ist, m\u00fcssen Konfessionslose sich innerhalb der bestehenden Verh\u00e4ltnisse f\u00fcr ihre Interessen entsprechend engagieren. Eine Form des Engagements ist es, in Resolutionen, Zeitungsartikeln oder Demonstrationen eine \u00c4nderung der Zust\u00e4nde zu fordern. Es ist aber auch notwendig, da\u00df man sich vor Ort, da wo man beruflich oder ehrenamtlich t\u00e4tig ist, einbringt.<\/p>\n<p class=\"basis\">Im vorliegenden Fall k\u00f6nnte man \u00fcberlegen, ob es m\u00f6glich ist, Einflu\u00df zu nehmen auf die Benennung eines Vertreters f\u00fcr den Rundfunkrat. Das kann sein bei Gewerkschaft, Journalistenverband, Landeselternbeirat, Sportverband usw. W\u00fcnschenswert w\u00e4re ein Vertreter, der neben der politischen Eignung auch ein gewisses Ma\u00df an kritischer Grundhaltung zu den Kirchen mitbringt. Aber auch einen bereits t\u00e4tigen Vertreter kann man ansprechen, um ihn f\u00fcr die berechtigten Interessen Konfessionsloser zu sensibilisieren.<\/p>\n<p class=\"basis\">Ein politisches Ziel k\u00f6nnte sein, f\u00fcr die ganz gewi\u00df &#8222;gesellschaftlich relevante Gruppe&#8220; der Konfessionslosen eine angemessene Vertretung im Rundfunkrat zu fordern. Hier sind vor allem parteipolitisch engagierte Menschen gefordert. Damit diese Forderung aber Chancen auf Geh\u00f6r finden kann, m\u00fcssen sich viel mehr Konfessionslose auch in Verb\u00e4nden organisieren. Nur starke Interessensvertretungen k\u00f6nnen sich um einen Sitz im Rundfunkrat bem\u00fchen. (Den Kirchen gelingt es Umfragen zufolge sogar, Heiden und Gottlose in ihren Reihen zu halten. Den Konfessionslosen-Verb\u00e4nden gelingt es dagegen bei weitem nicht, alle Nicht-Religi\u00f6sen zu organisieren.)<\/p>\n<p class=\"basis\">Eine weitere M\u00f6glichkeit des Engagements w\u00e4re die intensivere Nutzung der &#8222;Offenen Kan\u00e4le&#8220;, die es bei verschiedenen Rundfunkgesellschaften gibt, um dem kirchlichen Meinungsmonopol etwas entgegenzusetzen. Dieses Angebot wird schon an manchen Orten genutzt, wobei es nat\u00fcrlich entsprechende Schwierigkeiten durch die Kirchenlobby gibt. Aber hier liegen noch einige Wirkungsm\u00f6glichkeiten brach.<\/p>\n<p class=\"basis\">Ideen lassen sich noch viele finden. \u00dcberlassen wir den Rundfunk nicht einfach den Gro\u00dfkirchen!<\/p>\n<hr \/>\n<p class=\"basis\">Bild: www.pixabay.com\/ Fotocitizen \/ Jorge Guillen<\/p>\n","protected":false},"excerpt":{"rendered":"<p>In den Aufsichtsgremien der Rundfunkanstalten haben &#8222;gesellschaftlich relevante Gruppen und Institutionen&#8220; das Recht auf Sitz und Stimme. Neben staatlichen Stellen wie Landtag oder Landesregierung sind dies Berufsverb\u00e4nde, Bildungseinrichtungen und verschiedene andere Interessensvertretungen. Immer dabei sind die evangelische und die katholische Religionsgemeinschaft, sowie andere religi\u00f6se Organisationen.<br \/>\nSeit dem 1. Oktober 1998 sind die beiden Landessender S\u00fcddeutscher Rundfunk (SDR) und S\u00fcdwestfunk (SWF) aufgegangen im neugegr\u00fcndeten S\u00fcdwestrundfunk (SWR). Am Beispiel dieses Senders soll einmal genauer untersucht werden, wie die kirchliche Interessensvertretung im Rundfunk in der Realit\u00e4t aussieht.<\/p>\n","protected":false},"author":2,"featured_media":270,"comment_status":"closed","ping_status":"closed","sticky":false,"template":"","format":"standard","meta":{"colormag_page_container_layout":"default_layout","colormag_page_sidebar_layout":"default_layout","advanced_seo_description":"","jetpack_seo_html_title":"","jetpack_seo_noindex":false,"jetpack_post_was_ever_published":false,"footnotes":""},"categories":[15],"tags":[54,50,53],"class_list":["post-269","post","type-post","status-publish","format-standard","has-post-thumbnail","hentry","category-religions-kirchenkritik","tag-kirche","tag-rundfunkrat","tag-swr"],"jetpack_featured_media_url":"https:\/\/i0.wp.com\/www.freidenker.org\/fw17\/wp-content\/uploads\/2016\/07\/Rundfunk_Microphone.jpg?fit=800%2C445&ssl=1","jetpack_shortlink":"https:\/\/wp.me\/p9stpK-4l","jetpack-related-posts":[{"id":13827,"url":"https:\/\/www.freidenker.org\/?p=13827","url_meta":{"origin":269,"position":0},"title":"Die Causa SWR &#038; die Impftoten","author":"Webredaktion","date":"23. Juli 2022","format":false,"excerpt":"Beitrag von Lisa Fitz aus FREIDENKER 2-22 Eigentlich k\u00f6nnte man den \u201eSWR Medien-Eklat\u201c als ungl\u00fcckliche Verkettung oder Auf\u00adeinanderfolge von vorschnellen \u00dcberreaktio\u00adnen, fehlenden Absprachen, mangelnder Soli\u00addarit\u00e4t, Unwillen zu loyaler Kommunikation, Fehlinterpretation, Fehlverhalten bezeichnen. Denn eigentlich war das Verh\u00e4ltnis aller Be\u00adteiligten bis dahin sehr gut, loyal, positiv un\u00adterst\u00fctzend, gegenseitig gewogen bzw. neu\u00adtral,\u2026","rel":"","context":"In &quot;Zeit der Verleumder - Freidenker f\u00fcr Klartext&quot;","block_context":{"text":"Zeit der Verleumder - Freidenker f\u00fcr Klartext","link":"https:\/\/www.freidenker.org\/?cat=937"},"img":{"alt_text":"","src":"https:\/\/i0.wp.com\/www.freidenker.org\/fw17\/wp-content\/uploads\/2022\/07\/klartext-Lisa-Fitz-Die-heisse-Nadel-Titelfoto-NDS-800x450-1.jpg?fit=800%2C450&ssl=1&resize=350%2C200","width":350,"height":200,"srcset":"https:\/\/i0.wp.com\/www.freidenker.org\/fw17\/wp-content\/uploads\/2022\/07\/klartext-Lisa-Fitz-Die-heisse-Nadel-Titelfoto-NDS-800x450-1.jpg?fit=800%2C450&ssl=1&resize=350%2C200 1x, https:\/\/i0.wp.com\/www.freidenker.org\/fw17\/wp-content\/uploads\/2022\/07\/klartext-Lisa-Fitz-Die-heisse-Nadel-Titelfoto-NDS-800x450-1.jpg?fit=800%2C450&ssl=1&resize=525%2C300 1.5x, https:\/\/i0.wp.com\/www.freidenker.org\/fw17\/wp-content\/uploads\/2022\/07\/klartext-Lisa-Fitz-Die-heisse-Nadel-Titelfoto-NDS-800x450-1.jpg?fit=800%2C450&ssl=1&resize=700%2C400 2x"},"classes":[]},{"id":8317,"url":"https:\/\/www.freidenker.org\/?p=8317","url_meta":{"origin":269,"position":1},"title":"Bei Anti-China-Kampagnen gilt keine Meinungsfreiheit","author":"Webredaktion","date":"22. Juni 2020","format":false,"excerpt":"Beitrag von R\u00fcdiger Rauls Am 15.6.2020 sollte im Fernsehen des S\u00fcdWestRundfunk eine Dokumentation \u00fcber die Bew\u00e4ltigung der Corona-Epidemie in China gesendet werden unter dem Titel \"Wuhan-Chronik eines Ausbruchs\". Dieser Beitrag wurde auf massiven Druck der FAZ und vermutlich anderer westlicher Medien nicht gesendet. Tenor der Kritik: Der Beitrag zeichnet ein\u2026","rel":"","context":"In &quot;Demokratie \u2013 Medien \u2013 Aufkl\u00e4rung&quot;","block_context":{"text":"Demokratie \u2013 Medien \u2013 Aufkl\u00e4rung","link":"https:\/\/www.freidenker.org\/?cat=12"},"img":{"alt_text":"","src":"https:\/\/i0.wp.com\/www.freidenker.org\/fw17\/wp-content\/uploads\/2020\/06\/Staff_monitoring_Wuhan_coronavirus_outbreak_800x450.jpg?fit=800%2C450&ssl=1&resize=350%2C200","width":350,"height":200,"srcset":"https:\/\/i0.wp.com\/www.freidenker.org\/fw17\/wp-content\/uploads\/2020\/06\/Staff_monitoring_Wuhan_coronavirus_outbreak_800x450.jpg?fit=800%2C450&ssl=1&resize=350%2C200 1x, https:\/\/i0.wp.com\/www.freidenker.org\/fw17\/wp-content\/uploads\/2020\/06\/Staff_monitoring_Wuhan_coronavirus_outbreak_800x450.jpg?fit=800%2C450&ssl=1&resize=525%2C300 1.5x, https:\/\/i0.wp.com\/www.freidenker.org\/fw17\/wp-content\/uploads\/2020\/06\/Staff_monitoring_Wuhan_coronavirus_outbreak_800x450.jpg?fit=800%2C450&ssl=1&resize=700%2C400 2x"},"classes":[]},{"id":10200,"url":"https:\/\/www.freidenker.org\/?p=10200","url_meta":{"origin":269,"position":2},"title":"Zwei Gaukler vom Feinsten: E-lon Musk und Kobold Baerbock","author":"Webredaktion","date":"5. Mai 2021","format":false,"excerpt":"Auftritt von Lisa Fitz in der SWR-Sp\u00e4tschicht am 23. 04. 2021 Einer der drei reichsten M\u00e4nner der Welt, \"der Vison\u00e4r Elon Musk\" baut ein Tesla-Werk! In Brandenburg!! Das ist f\u00fcr die Regional-Fuzzis dort wie der Popo von Jennifer Lopez auf ihrer Wohnzimmer-Couch! Die \"Giga-Factory\" wird mit 530.000 Quadratmetern das gr\u00f6\u00dfte\u2026","rel":"","context":"In &quot;Arbeit &amp; Soziales&quot;","block_context":{"text":"Arbeit &amp; Soziales","link":"https:\/\/www.freidenker.org\/?cat=11"},"img":{"alt_text":"","src":"https:\/\/i0.wp.com\/www.freidenker.org\/fw17\/wp-content\/uploads\/2021\/05\/fitz_musk_v04_800x450.jpg?fit=800%2C450&ssl=1&resize=350%2C200","width":350,"height":200,"srcset":"https:\/\/i0.wp.com\/www.freidenker.org\/fw17\/wp-content\/uploads\/2021\/05\/fitz_musk_v04_800x450.jpg?fit=800%2C450&ssl=1&resize=350%2C200 1x, https:\/\/i0.wp.com\/www.freidenker.org\/fw17\/wp-content\/uploads\/2021\/05\/fitz_musk_v04_800x450.jpg?fit=800%2C450&ssl=1&resize=525%2C300 1.5x, https:\/\/i0.wp.com\/www.freidenker.org\/fw17\/wp-content\/uploads\/2021\/05\/fitz_musk_v04_800x450.jpg?fit=800%2C450&ssl=1&resize=700%2C400 2x"},"classes":[]},{"id":11217,"url":"https:\/\/www.freidenker.org\/?p=11217","url_meta":{"origin":269,"position":3},"title":"Tief im Sch\u00fctzengraben des Informationskriegs \u2013 der SWR und die Meinungsfreiheit","author":"Webredaktion","date":"18. September 2021","format":false,"excerpt":"Ein Kommentar von Dagmar Henn Vorab, und das kann man nicht oft genug wiederholen, das Grundrecht, das Artikel 5 des Grundgesetzes gew\u00e4hrleistet, lautet: \"Jeder hat das Recht, seine Meinung in Wort, Schrift und Bild frei zu \u00e4u\u00dfern und zu verbreiten.\" Es hei\u00dft nicht: \"Jeder hat das Recht, das, was amtlich\u2026","rel":"","context":"In &quot;Demokratie \u2013 Medien \u2013 Aufkl\u00e4rung&quot;","block_context":{"text":"Demokratie \u2013 Medien \u2013 Aufkl\u00e4rung","link":"https:\/\/www.freidenker.org\/?cat=12"},"img":{"alt_text":"","src":"https:\/\/i0.wp.com\/www.freidenker.org\/fw17\/wp-content\/uploads\/2021\/09\/swr-5318260_ausschn_800x450.jpg?fit=800%2C450&ssl=1&resize=350%2C200","width":350,"height":200,"srcset":"https:\/\/i0.wp.com\/www.freidenker.org\/fw17\/wp-content\/uploads\/2021\/09\/swr-5318260_ausschn_800x450.jpg?fit=800%2C450&ssl=1&resize=350%2C200 1x, https:\/\/i0.wp.com\/www.freidenker.org\/fw17\/wp-content\/uploads\/2021\/09\/swr-5318260_ausschn_800x450.jpg?fit=800%2C450&ssl=1&resize=525%2C300 1.5x, https:\/\/i0.wp.com\/www.freidenker.org\/fw17\/wp-content\/uploads\/2021\/09\/swr-5318260_ausschn_800x450.jpg?fit=800%2C450&ssl=1&resize=700%2C400 2x"},"classes":[]},{"id":14025,"url":"https:\/\/www.freidenker.org\/?p=14025","url_meta":{"origin":269,"position":4},"title":"Ehrlich erarbeitete Verachtung","author":"Webredaktion","date":"23. August 2022","format":false,"excerpt":"Beitrag von Dagmar Henn Wirklich beliebt ist er nicht mehr, der \u00f6ffentlich-rechtliche Rundfunk in Deutschland. In einer Umfrage antworteten 61,3 Prozent der Befragten auf die Frage \"Sollen die Rundfunkgeb\u00fchren in Deutschland \u00e4hnlich wie in Frankreich abgeschafft werden\" mit \"auf jeden Fall.\" Weitere 7,1 Prozent antworteten mit \"eher ja\". Man k\u00f6nnte\u2026","rel":"","context":"In &quot;Demokratie \u2013 Medien \u2013 Aufkl\u00e4rung&quot;","block_context":{"text":"Demokratie \u2013 Medien \u2013 Aufkl\u00e4rung","link":"https:\/\/www.freidenker.org\/?cat=12"},"img":{"alt_text":"","src":"https:\/\/i0.wp.com\/www.freidenker.org\/fw17\/wp-content\/uploads\/2022\/08\/Berlin_Rbb_tv_center_800x450.jpg?fit=800%2C450&ssl=1&resize=350%2C200","width":350,"height":200,"srcset":"https:\/\/i0.wp.com\/www.freidenker.org\/fw17\/wp-content\/uploads\/2022\/08\/Berlin_Rbb_tv_center_800x450.jpg?fit=800%2C450&ssl=1&resize=350%2C200 1x, https:\/\/i0.wp.com\/www.freidenker.org\/fw17\/wp-content\/uploads\/2022\/08\/Berlin_Rbb_tv_center_800x450.jpg?fit=800%2C450&ssl=1&resize=525%2C300 1.5x, https:\/\/i0.wp.com\/www.freidenker.org\/fw17\/wp-content\/uploads\/2022\/08\/Berlin_Rbb_tv_center_800x450.jpg?fit=800%2C450&ssl=1&resize=700%2C400 2x"},"classes":[]},{"id":14031,"url":"https:\/\/www.freidenker.org\/?p=14031","url_meta":{"origin":269,"position":5},"title":"Wie sich die Herrschenden um die &#8222;Delegitimierung des Staates&#8220; sorgen","author":"Webredaktion","date":"24. August 2022","format":false,"excerpt":"\u2013 und wo das alles enden kann Beitrag von Dagmar Henn Im Verlauf der letzten zwei Jahre tauchte er immer wieder auf, dieser Begriff \"Delegitimierung des Staates\". Inzwischen gibt es einen eigenen Abschnitt im Verfassungsschutzbericht zu diesem Thema, und auch in den \u00c4u\u00dferungen von Regierungsvertretern sind \u00e4hnliche Formulierungen nun gang\u2026","rel":"","context":"In &quot;Demokratie \u2013 Medien \u2013 Aufkl\u00e4rung&quot;","block_context":{"text":"Demokratie \u2013 Medien \u2013 Aufkl\u00e4rung","link":"https:\/\/www.freidenker.org\/?cat=12"},"img":{"alt_text":"","src":"https:\/\/i0.wp.com\/www.freidenker.org\/fw17\/wp-content\/uploads\/2022\/08\/Freiheit_statt_BRD_Graffito_800x450.jpg?fit=800%2C450&ssl=1&resize=350%2C200","width":350,"height":200,"srcset":"https:\/\/i0.wp.com\/www.freidenker.org\/fw17\/wp-content\/uploads\/2022\/08\/Freiheit_statt_BRD_Graffito_800x450.jpg?fit=800%2C450&ssl=1&resize=350%2C200 1x, https:\/\/i0.wp.com\/www.freidenker.org\/fw17\/wp-content\/uploads\/2022\/08\/Freiheit_statt_BRD_Graffito_800x450.jpg?fit=800%2C450&ssl=1&resize=525%2C300 1.5x, https:\/\/i0.wp.com\/www.freidenker.org\/fw17\/wp-content\/uploads\/2022\/08\/Freiheit_statt_BRD_Graffito_800x450.jpg?fit=800%2C450&ssl=1&resize=700%2C400 2x"},"classes":[]}],"_links":{"self":[{"href":"https:\/\/www.freidenker.org\/index.php?rest_route=\/wp\/v2\/posts\/269","targetHints":{"allow":["GET"]}}],"collection":[{"href":"https:\/\/www.freidenker.org\/index.php?rest_route=\/wp\/v2\/posts"}],"about":[{"href":"https:\/\/www.freidenker.org\/index.php?rest_route=\/wp\/v2\/types\/post"}],"author":[{"embeddable":true,"href":"https:\/\/www.freidenker.org\/index.php?rest_route=\/wp\/v2\/users\/2"}],"replies":[{"embeddable":true,"href":"https:\/\/www.freidenker.org\/index.php?rest_route=%2Fwp%2Fv2%2Fcomments&post=269"}],"version-history":[{"count":0,"href":"https:\/\/www.freidenker.org\/index.php?rest_route=\/wp\/v2\/posts\/269\/revisions"}],"wp:featuredmedia":[{"embeddable":true,"href":"https:\/\/www.freidenker.org\/index.php?rest_route=\/wp\/v2\/media\/270"}],"wp:attachment":[{"href":"https:\/\/www.freidenker.org\/index.php?rest_route=%2Fwp%2Fv2%2Fmedia&parent=269"}],"wp:term":[{"taxonomy":"category","embeddable":true,"href":"https:\/\/www.freidenker.org\/index.php?rest_route=%2Fwp%2Fv2%2Fcategories&post=269"},{"taxonomy":"post_tag","embeddable":true,"href":"https:\/\/www.freidenker.org\/index.php?rest_route=%2Fwp%2Fv2%2Ftags&post=269"}],"curies":[{"name":"wp","href":"https:\/\/api.w.org\/{rel}","templated":true}]}}