{"id":265,"date":"2016-03-08T12:13:08","date_gmt":"2016-03-08T11:13:08","guid":{"rendered":"http:\/\/www.freidenker.org\/fw17\/?p=265"},"modified":"2018-02-18T19:55:16","modified_gmt":"2018-02-18T18:55:16","slug":"zehnter-todestag-von-slobodan-milosevic-protestaktion-in-den-haag-am-11-maerz","status":"publish","type":"post","link":"https:\/\/www.freidenker.org\/?p=265","title":{"rendered":"Protestaktion in Den Haag &#8211; Zehnter Todestag S. Milo\u0161evic"},"content":{"rendered":"<div><b>Protestaktion in Den Haag am 11. M\u00e4rz<br \/>\nErkl\u00e4rung des Internationalen Komitees &#8222;Slobodan Milo\u0161evic&#8220; (ICSM) &#8211; f\u00fcr nationale Souver\u00e4nit\u00e4t und soziale Gerechtigkeit \u00a0\u00a0<\/b><\/div>\n<div><\/div>\n<div><b>Aufruf an alle Friedensfreunde und NATO-Gegner!<\/b><\/div>\n<div><\/div>\n<div>Am Freitag, den 11. M\u00e4rz 2016, j\u00e4hrt sich der Todestag des fr\u00fcheren serbischen und jugoslawischen Pr\u00e4sidenten Slobodan Milo\u0161evic zum zehnten Mal. Im M\u00e4rz 2006 wurde Milo\u0161evic Opfer der NATO-Siegerjustiz in Gestalt des v\u00f6lkerrechtswidrigen Haager Tribunals f\u00fcr das ehemalige Jugoslawien! Slobodan Milo\u0161evic entlarvte vor dem Tribunal die L\u00fcgen der Anklage und deckte die wahren Motive der NATO-Kriegstreiber auf. Nach unz\u00e4hligen Schikanen wurde er schlie\u00dflich vom Tribunal durch unzureichende medizinische Versorgung fahrl\u00e4ssig zu Tode gebracht und damit f\u00fcr immer mundtot gemacht. Hieran wollen wir vor Ort erinnern.<\/div>\n<div><\/div>\n<div>Ebenfalls soll an alle anderen Opfer dieser Haager Unrechtsjustiz erinnert werden, die in der Haft verstorben sind, verstreut \u00fcber Europa in Gef\u00e4ngnissen einsitzen oder gegen die Verfahren anh\u00e4ngig sind. Der ehemalige Pr\u00e4sident der Srpska Krajina, Milan Martic, droht wegen ungen\u00fcgender medizinischen Versorgung in Estland \u00a0an Diabetes zu sterben. Vor wenigen Wochen ist mit dem bosnisch-serbischen General Zdravko Tolimir ein weiterer, schwer erkrankter Gefangener in Den Haag zu Tode gekommen. Die Urteilsverk\u00fcndung im Prozess gegen den ehemaligen Pr\u00e4sidenten der bosnischen Serben, Radovan Karad\u017eic, hat das Haager Tribunal ebenso geschichtstr\u00e4chtig wie zynisch auf den 24. M\u00e4rz 2016 angesetzt, den Jahrestag des NATO-Angriffs auf Jugoslawien. Das zu erwartende Lebenslang gegen Dr. Karad\u017eic soll die von den NATO-Staaten monstr\u00f6s betriebene D\u00e4monisierung der Serben ein weiteres Mal scheinbar belegen. Tats\u00e4chlich aber handelt es sich um einen weiteren progagandistischen H\u00f6hepunkt eines inszenierten Prozesses, der wie alle Prozesse des Haager Tribunals als Schauprozess qualifiziert werden muss. Wir fordern deshalb die umgehende Freilassung von Dr. Karad\u017eic und aller vom Haager Tribunal verurteilten oder gefangen gehaltenen Personen! Wir verlangen, dass das zwar durch einen \u2013 gegen die UN-Charta versto\u00dfenden! &#8211; Beschluss des UN-Sicherheitsrats gegr\u00fcndete, tats\u00e4chlich aber vor allem als williger NATO-Helfer fungierende Tribunal seine T\u00e4tigkeit umgehend einstellt. Es muss endlich Schluss sein mit dieser missbr\u00e4uchlich unter dem Deckmantel der Vereinten Nationen stattfindenden NATO-Gerichtsbarkeit.<\/div>\n<div><\/div>\n<div>Wir treffen uns am \u00a0am 11. M\u00e4rz 2016 um 12:00 Uhr in Den Haag am Tribunalsgeb\u00e4ude am Rooseveltplantsoen. Dort, unmittelbar am Ort des Unrechts, bringen wir unseren Protest in Form einer bis auf 16:00h angesetzten Mahnwache zum Ausdruck. Infos zu Mitfahrgelegenheiten: <a href=\"mailto:hajo.kahlke@gmx.de\">hajo.kahlke@gmx.de<\/a><\/div>\n<div>\n<hr \/>\n<p>Bild: www.pixabay.com\/Nikodi<\/p>\n<\/div>\n<div><\/div>\n","protected":false},"excerpt":{"rendered":"<p>Am Freitag, den 11. M\u00e4rz 2016, j\u00e4hrt sich der Todestag des fr\u00fcheren serbischen und jugoslawischen Pr\u00e4sidenten Slobodan Milo\u0161evic zum zehnten Mal. Im M\u00e4rz 2006 wurde Milo\u0161evic Opfer der NATO-Siegerjustiz in Gestalt des v\u00f6lkerrechtswidrigen Haager Tribunals f\u00fcr das ehemalige Jugoslawien! Slobodan Milo\u0161evic entlarvte vor dem Tribunal die L\u00fcgen der Anklage und deckte die wahren Motive der NATO-Kriegstreiber auf. Nach unz\u00e4hligen Schikanen wurde er schlie\u00dflich vom Tribunal durch unzureichende medizinische Versorgung fahrl\u00e4ssig zu Tode gebracht und damit f\u00fcr immer mundtot gemacht. Hieran wollen wir vor Ort erinnern.<\/p>\n","protected":false},"author":2,"featured_media":266,"comment_status":"closed","ping_status":"closed","sticky":false,"template":"","format":"standard","meta":{"colormag_page_container_layout":"default_layout","colormag_page_sidebar_layout":"default_layout","advanced_seo_description":"","jetpack_seo_html_title":"","jetpack_seo_noindex":false,"jetpack_post_was_ever_published":false,"footnotes":""},"categories":[13],"tags":[46,49,48],"class_list":["post-265","post","type-post","status-publish","format-standard","has-post-thumbnail","hentry","category-frieden-antifaschismus-solidaritaet","tag-den-haag","tag-nato-gerichtsbarkeit","tag-slobodan-milosevic"],"jetpack_featured_media_url":"https:\/\/i0.wp.com\/www.freidenker.org\/fw17\/wp-content\/uploads\/2016\/07\/Den_Haag.jpg?fit=800%2C445&ssl=1","jetpack_shortlink":"https:\/\/wp.me\/p9stpK-4h","jetpack-related-posts":[{"id":9704,"url":"https:\/\/www.freidenker.org\/?p=9704","url_meta":{"origin":265,"position":0},"title":"\u201eWie Slobodan Milo\u0161evi\u0107 gestorben wurde\u201c","author":"Webredaktion","date":"14. M\u00e4rz 2021","format":false,"excerpt":"Beitrag von Peter Betscher Der Titel dieses Beitrags ist auch die \u00dcberschrift des letzten Kapitels des Buches \u201eDer Milo\u0161evi\u0107-Prozess\u201c des bulgarischen Journalisten Germinal Civikov. Er war der einzige Journalist, der den ganzen Prozess verfolgte und \u201eoft ganz allein im anfangs \u00fcberf\u00fcllten Zuschauerraum\u201c sa\u00df. Die Umst\u00e4nde von Milo\u0161evi\u0107s Tod wurden nie\u2026","rel":"","context":"In &quot;Frieden - Antifaschismus - Solidarit\u00e4t&quot;","block_context":{"text":"Frieden - Antifaschismus - Solidarit\u00e4t","link":"https:\/\/www.freidenker.org\/?cat=13"},"img":{"alt_text":"","src":"https:\/\/i0.wp.com\/www.freidenker.org\/fw17\/wp-content\/uploads\/2021\/03\/Milosevic_Rosen_mH_800x450.jpg?fit=800%2C450&ssl=1&resize=350%2C200","width":350,"height":200,"srcset":"https:\/\/i0.wp.com\/www.freidenker.org\/fw17\/wp-content\/uploads\/2021\/03\/Milosevic_Rosen_mH_800x450.jpg?fit=800%2C450&ssl=1&resize=350%2C200 1x, https:\/\/i0.wp.com\/www.freidenker.org\/fw17\/wp-content\/uploads\/2021\/03\/Milosevic_Rosen_mH_800x450.jpg?fit=800%2C450&ssl=1&resize=525%2C300 1.5x, https:\/\/i0.wp.com\/www.freidenker.org\/fw17\/wp-content\/uploads\/2021\/03\/Milosevic_Rosen_mH_800x450.jpg?fit=800%2C450&ssl=1&resize=700%2C400 2x"},"classes":[]},{"id":11320,"url":"https:\/\/www.freidenker.org\/?p=11320","url_meta":{"origin":265,"position":1},"title":"Das politische Verm\u00e4chtnis von Slobodan Milo\u0161evi\u0107 weitertragen","author":"Webredaktion","date":"3. Oktober 2021","format":false,"excerpt":"Rede von Peter Betscher auf der internationalen Online Konferenz \"MILOSEVIC - GEGEN NATO-VERBRECHEN, F\u00dcR EINE NEUE WELT\" am 1. Oktober 2021 Hierzulande waren viele von der Illusion befangen, dass wegen seiner faschistischen Vergangenheit Deutschland sich an keinen Kriegen mehr beteiligen k\u00f6nne, obwohl die Zeichen schon l\u00e4ngst an der Wand standen.\u2026","rel":"","context":"In &quot;Frieden - Antifaschismus - Solidarit\u00e4t&quot;","block_context":{"text":"Frieden - Antifaschismus - Solidarit\u00e4t","link":"https:\/\/www.freidenker.org\/?cat=13"},"img":{"alt_text":"","src":"https:\/\/i0.wp.com\/www.freidenker.org\/fw17\/wp-content\/uploads\/2021\/10\/Milosevic-Konferenz_Betscher_800x450.jpg?fit=800%2C450&ssl=1&resize=350%2C200","width":350,"height":200,"srcset":"https:\/\/i0.wp.com\/www.freidenker.org\/fw17\/wp-content\/uploads\/2021\/10\/Milosevic-Konferenz_Betscher_800x450.jpg?fit=800%2C450&ssl=1&resize=350%2C200 1x, https:\/\/i0.wp.com\/www.freidenker.org\/fw17\/wp-content\/uploads\/2021\/10\/Milosevic-Konferenz_Betscher_800x450.jpg?fit=800%2C450&ssl=1&resize=525%2C300 1.5x, https:\/\/i0.wp.com\/www.freidenker.org\/fw17\/wp-content\/uploads\/2021\/10\/Milosevic-Konferenz_Betscher_800x450.jpg?fit=800%2C450&ssl=1&resize=700%2C400 2x"},"classes":[]},{"id":9871,"url":"https:\/\/www.freidenker.org\/?p=9871","url_meta":{"origin":265,"position":2},"title":"Nachruf auf Ramsey Clark","author":"Webredaktion","date":"12. April 2021","format":false,"excerpt":"Nachruf von Vladimir Kr\u0161ljanin Ramsey Clark, Co-Vorsitzender des Internationalen Komitees \"Slobodan Milo\u0161evi\u0107\" ist am Abend des 9. April 2021 in New York im Alter von 93 Jahren verstorben. Ramsey war einer der brillantesten und ehrlichsten Amerikaner unserer Zeit, ein Mann, der das Gesicht und die Seele Amerikas rettete, indem er\u2026","rel":"","context":"In &quot;Frieden - Antifaschismus - Solidarit\u00e4t&quot;","block_context":{"text":"Frieden - Antifaschismus - Solidarit\u00e4t","link":"https:\/\/www.freidenker.org\/?cat=13"},"img":{"alt_text":"","src":"https:\/\/i0.wp.com\/www.freidenker.org\/fw17\/wp-content\/uploads\/2021\/04\/Clark_Milosevic_800x450.jpg?fit=800%2C450&ssl=1&resize=350%2C200","width":350,"height":200,"srcset":"https:\/\/i0.wp.com\/www.freidenker.org\/fw17\/wp-content\/uploads\/2021\/04\/Clark_Milosevic_800x450.jpg?fit=800%2C450&ssl=1&resize=350%2C200 1x, https:\/\/i0.wp.com\/www.freidenker.org\/fw17\/wp-content\/uploads\/2021\/04\/Clark_Milosevic_800x450.jpg?fit=800%2C450&ssl=1&resize=525%2C300 1.5x, https:\/\/i0.wp.com\/www.freidenker.org\/fw17\/wp-content\/uploads\/2021\/04\/Clark_Milosevic_800x450.jpg?fit=800%2C450&ssl=1&resize=700%2C400 2x"},"classes":[]},{"id":11334,"url":"https:\/\/www.freidenker.org\/?p=11334","url_meta":{"origin":265,"position":3},"title":"Der Name Slobodan Milo\u0161evi\u0107 ist ein Symbol f\u00fcr den nationalen Widerstand gegen den Imperialismus","author":"Webredaktion","date":"4. Oktober 2021","format":false,"excerpt":"Rede von Sebastian Bahlo auf der internationalen Online Konferenz \"MILOSEVIC - GEGEN NATO-VERBRECHEN, F\u00dcR EINE NEUE WELT\" am 1. Oktober 2021 ... Der Name Slobodan Milo\u0161evi\u0107 hat eine wichtige Bedeutung f\u00fcr die Menschheit. Er war ein Politiker, wie man ihn zumindest in der westlichen Welt nicht mehr sieht. Geleitet von\u2026","rel":"","context":"In &quot;Frieden - Antifaschismus - Solidarit\u00e4t&quot;","block_context":{"text":"Frieden - Antifaschismus - Solidarit\u00e4t","link":"https:\/\/www.freidenker.org\/?cat=13"},"img":{"alt_text":"","src":"https:\/\/i0.wp.com\/www.freidenker.org\/fw17\/wp-content\/uploads\/2021\/10\/Milosevic-Konferenz_Bahlo_800x450.jpg?fit=800%2C450&ssl=1&resize=350%2C200","width":350,"height":200,"srcset":"https:\/\/i0.wp.com\/www.freidenker.org\/fw17\/wp-content\/uploads\/2021\/10\/Milosevic-Konferenz_Bahlo_800x450.jpg?fit=800%2C450&ssl=1&resize=350%2C200 1x, https:\/\/i0.wp.com\/www.freidenker.org\/fw17\/wp-content\/uploads\/2021\/10\/Milosevic-Konferenz_Bahlo_800x450.jpg?fit=800%2C450&ssl=1&resize=525%2C300 1.5x, https:\/\/i0.wp.com\/www.freidenker.org\/fw17\/wp-content\/uploads\/2021\/10\/Milosevic-Konferenz_Bahlo_800x450.jpg?fit=800%2C450&ssl=1&resize=700%2C400 2x"},"classes":[]},{"id":6243,"url":"https:\/\/www.freidenker.org\/?p=6243","url_meta":{"origin":265,"position":4},"title":"Wir trauern um Mira Markovi\u0107","author":"Webredaktion","date":"19. April 2019","format":false,"excerpt":"Das Internationale Komitee Slobodan Milo\u0161evi\u0107 trauert umProf. Dr. Mira Markovi\u0107 (10. Juli 1942 \u2013 14. April 2019). Wir, die Mitglieder des ICSM, gedenken des \u00a0Lebens und Werks der Genossin Dr. Mira Markovi\u0107, die ihr ganzes Leben lang f\u00fcr ein sozialistisches Jugoslawien gearbeitet hat. Als Patriotin k\u00e4mpfte sie gemeinsam mit ihrem\u2026","rel":"","context":"In &quot;Weltliche Trauerkultur&quot;","block_context":{"text":"Weltliche Trauerkultur","link":"https:\/\/www.freidenker.org\/?cat=17"},"img":{"alt_text":"","src":"https:\/\/i0.wp.com\/www.freidenker.org\/fw17\/wp-content\/uploads\/2019\/04\/mira_markovic_800x445.jpg?fit=800%2C445&ssl=1&resize=350%2C200","width":350,"height":200,"srcset":"https:\/\/i0.wp.com\/www.freidenker.org\/fw17\/wp-content\/uploads\/2019\/04\/mira_markovic_800x445.jpg?fit=800%2C445&ssl=1&resize=350%2C200 1x, https:\/\/i0.wp.com\/www.freidenker.org\/fw17\/wp-content\/uploads\/2019\/04\/mira_markovic_800x445.jpg?fit=800%2C445&ssl=1&resize=525%2C300 1.5x, https:\/\/i0.wp.com\/www.freidenker.org\/fw17\/wp-content\/uploads\/2019\/04\/mira_markovic_800x445.jpg?fit=800%2C445&ssl=1&resize=700%2C400 2x"},"classes":[]},{"id":11314,"url":"https:\/\/www.freidenker.org\/?p=11314","url_meta":{"origin":265,"position":5},"title":"Milo\u0161evi\u0107 2021: Zusammenarbeit und Freundschaft mit Russland und China!","author":"Webredaktion","date":"3. Oktober 2021","format":false,"excerpt":"Rede von Klaus Hartmann auf der internationalen Online Konferenz \"MILOSEVIC - GEGEN NATO-VERBRECHEN, F\u00dcR EINE NEUE WELT\" am 1. Oktober 2021 Geschichtliche Jahrestage haben f\u00fcr uns nicht nur die Bedeutung des Erinnerns, der Ehrung oder der Trauer. Sie sollen auch als Mahnung dienen und das geschichtliche Bewusstsein unserer Zeitgenossen und\u2026","rel":"","context":"In &quot;Frieden - Antifaschismus - Solidarit\u00e4t&quot;","block_context":{"text":"Frieden - Antifaschismus - Solidarit\u00e4t","link":"https:\/\/www.freidenker.org\/?cat=13"},"img":{"alt_text":"","src":"https:\/\/i0.wp.com\/www.freidenker.org\/fw17\/wp-content\/uploads\/2021\/10\/Milosevic-Konferenz_Hartmann_800x450.jpg?fit=800%2C450&ssl=1&resize=350%2C200","width":350,"height":200,"srcset":"https:\/\/i0.wp.com\/www.freidenker.org\/fw17\/wp-content\/uploads\/2021\/10\/Milosevic-Konferenz_Hartmann_800x450.jpg?fit=800%2C450&ssl=1&resize=350%2C200 1x, https:\/\/i0.wp.com\/www.freidenker.org\/fw17\/wp-content\/uploads\/2021\/10\/Milosevic-Konferenz_Hartmann_800x450.jpg?fit=800%2C450&ssl=1&resize=525%2C300 1.5x, https:\/\/i0.wp.com\/www.freidenker.org\/fw17\/wp-content\/uploads\/2021\/10\/Milosevic-Konferenz_Hartmann_800x450.jpg?fit=800%2C450&ssl=1&resize=700%2C400 2x"},"classes":[]}],"_links":{"self":[{"href":"https:\/\/www.freidenker.org\/index.php?rest_route=\/wp\/v2\/posts\/265","targetHints":{"allow":["GET"]}}],"collection":[{"href":"https:\/\/www.freidenker.org\/index.php?rest_route=\/wp\/v2\/posts"}],"about":[{"href":"https:\/\/www.freidenker.org\/index.php?rest_route=\/wp\/v2\/types\/post"}],"author":[{"embeddable":true,"href":"https:\/\/www.freidenker.org\/index.php?rest_route=\/wp\/v2\/users\/2"}],"replies":[{"embeddable":true,"href":"https:\/\/www.freidenker.org\/index.php?rest_route=%2Fwp%2Fv2%2Fcomments&post=265"}],"version-history":[{"count":0,"href":"https:\/\/www.freidenker.org\/index.php?rest_route=\/wp\/v2\/posts\/265\/revisions"}],"wp:featuredmedia":[{"embeddable":true,"href":"https:\/\/www.freidenker.org\/index.php?rest_route=\/wp\/v2\/media\/266"}],"wp:attachment":[{"href":"https:\/\/www.freidenker.org\/index.php?rest_route=%2Fwp%2Fv2%2Fmedia&parent=265"}],"wp:term":[{"taxonomy":"category","embeddable":true,"href":"https:\/\/www.freidenker.org\/index.php?rest_route=%2Fwp%2Fv2%2Fcategories&post=265"},{"taxonomy":"post_tag","embeddable":true,"href":"https:\/\/www.freidenker.org\/index.php?rest_route=%2Fwp%2Fv2%2Ftags&post=265"}],"curies":[{"name":"wp","href":"https:\/\/api.w.org\/{rel}","templated":true}]}}