{"id":262,"date":"1999-01-25T15:35:02","date_gmt":"1999-01-25T14:35:02","guid":{"rendered":"http:\/\/www.freidenker.org\/fw17\/?p=262"},"modified":"2017-12-28T01:39:26","modified_gmt":"2017-12-28T00:39:26","slug":"trennung-von-staat-und-kirche","status":"publish","type":"post","link":"https:\/\/www.freidenker.org\/?p=262","title":{"rendered":"Trennung von Staat und Kirche"},"content":{"rendered":"<h2>Trennung von Staat und Kirche &#8211; jetzt auf die Tagesordnung &#8211; Beschluss des DFV-Verbandsvorstandes<\/h2>\n<p><strong>Beschlu\u00df des DFV-Verbandsvorstandes, Erfurt, 24. Januar 1999<\/strong><\/p>\n<p class=\"basis\">Der Verbandsvorstand ruft alle Gliederungen des Deutschen Freidenker-Verbandes auf, mit vielf\u00e4ltigen Aktionen und Initiativen das zentrale Anliegen des Verbandes in die \u00d6ffentlichkeit zu tragen.<\/p>\n<p class=\"basis\">Die Aktion verfolgt das Ziel, den Forderungen nach Trennung von Staat und Kirche mehr Resonanz zu verschaffen und damit den Verband als<\/p>\n<p class=\"basis\">Interessenvertretung konfessionsfreier Menschen st\u00e4rker zu profilieren.<\/p>\n<p class=\"basis\">Entscheidend ist, da\u00df dies keine &#8222;Vorstands-Aktivit\u00e4t&#8220; ist, sondern alle Gliederungen des Verbandes aktiv werden. Der Verband mu\u00df insbesondere &#8222;vor Ort&#8220; als eine Kraft erlebbar sein, die sich f\u00fcr die Rechte und Interessen konfessionsfreier Menschen einsetzt.<\/p>\n<p class=\"basis\">Die neue Bundesregierung und die sie tragenden Parteien sollen ebenso wie die Fraktionen von PDS und F.D.P. mit den Forderungen der Konfessionsfreien konfrontiert und aufgefordert werden, politische Initiativen zu ergreifen.<\/p>\n<p class=\"basis\">Vorrangig geht es um folgende Schwerpunkte:<\/p>\n<ul>\n<li>\n<p class=\"basis\">Die Regelschule nach dem Grundgesetz mu\u00df die bekenntnisfreie Schule werden.<\/p>\n<\/li>\n<li>\n<p class=\"basis\">Der staatliche Einzug der Kirchensteuer mu\u00df beendet werden, ebenso die staatliche Erfassung des religi\u00f6sen Bekenntnisses oder Nichtbekennens.<\/p>\n<\/li>\n<li>\n<p class=\"basis\">In allen Arbeitsverh\u00e4ltnissen mu\u00df das Arbeits- und Tarifrecht gleicherma\u00dfen gelten.<\/p>\n<\/li>\n<li>\n<p class=\"basis\">Die verfassungsm\u00e4\u00dfige Gleichbehandlung von Kirchen, Religions- und Weltanschauungsgemeinschaften mu\u00df endlich gesellschaftliche Realit\u00e4t werden.<\/p>\n<\/li>\n<li>\n<p class=\"basis\">Die \u00a7\u00a7 166 und 218 StGB sind abzuschaffen.<\/p>\n<\/li>\n<\/ul>\n<p class=\"basis\">Dies sind traditionelle Forderungen des DFV und der internationalen Freidenker-Bewegung. Sie zielen auf die Nichtdiskriminierung konfessionsfreier Menschen im Bildungsbereich, im beruflichen und sozialen Bereich wie im geamten \u00f6ffentlichen Leben. Sie dienen der Verwirklichung der Weltanschauungs- und Religionsfreiheit, der Freiheit der Meinungs\u00e4u\u00dferung und der Kunst sowie der Menschenrechte f\u00fcr die Frau.<\/p>\n<p class=\"basis\">Sie sollen die verfassungswidrige Praxis der Ungleichbehandlung von Kirchen, Religions- und Weltanschauungsgemeinschaften beenden helfen. Dabei legt der Deutsche Freidenker-Verband Wert darauf, da\u00df die Gleichstellung nicht an die Bedingung gekn\u00fcpft werden darf, da\u00df sich die Gemeinschaft zur &#8222;staatsnahen&#8220; Organisation entwickelt, indem sie z. B. als K\u00f6rperschaft des \u00f6ffentlichen Rechts die Verpflichtung zur Wahrnehmung staatlicher Aufgaben \u00fcbernimmt. Dies w\u00fcrde einen Versto\u00df gegen die Religions- und Weltanschauungsfreiheit bedeuten, dem die Forderung entgegenzusetzen ist, da\u00df sich auch die Kirchen privatrechtlich organisieren m\u00fcssen.<\/p>\n<p class=\"basis\">Hieraus ergeben sich Aufgabenstellungen, die auf der Bundesebene, der Landes- und der \u00f6rtlichen Ebene angegangen werden m\u00fcssen. Der gesch\u00e4ftsf\u00fchrende Verbandsvorstand Material f\u00fcr die inhaltliche Argumentation und \u00d6ffentlichkeitsarbeit bereitstellen, und die entsprechenden \u00f6ffentlichkeitswirksamen Initiativen ergreifen. Er wird sich um ein abgestimmtes Vorgehen mit Organisationen bem\u00fchen, die die gleichen Anliegen verfolgen.<\/p>\n<p class=\"basis\">Im Hinblick auf die f\u00f6deralen Zust\u00e4ndigkeiten im Bildungsbereich sind besonders die Landesverb\u00e4nde aufgerufen, eigene Aktionspl\u00e4ne zu entwickeln. Handlungsans\u00e4tze vor Ort ergeben sich z. B. aus der Situation konfessionsfreier Sch\u00fclerInnen und dem Eintreten f\u00fcr deren Rechte. Der Verbandsvorstand wird die Aktion regelm\u00e4\u00dfig auswerten, dem Erfahrungsaustausch soll auch das Verbandsorgan dienen.<\/p>\n<hr \/>\n<p class=\"basis\">Bild: http:\/\/de.freeimages.com\/Jamie Brelsford<\/p>\n","protected":false},"excerpt":{"rendered":"<p><strong>Beschlu\u00df des DFV-Verbandsvorstandes, Erfurt, 24. Januar 1999<\/strong><br \/>\nDer Verbandsvorstand ruft alle Gliederungen des Deutschen Freidenker-Verbandes auf, mit vielf\u00e4ltigen Aktionen und Initiativen das zentrale Anliegen des Verbandes in die \u00d6ffentlichkeit zu tragen. Die Aktion verfolgt das Ziel, den Forderungen nach Trennung von Staat und Kirche mehr Resonanz zu verschaffen und damit den Verband als Interessenvertretung konfessionsfreier Menschen st\u00e4rker zu profilieren. Entscheidend ist, da\u00df dies keine &#8222;Vorstands-Aktivit\u00e4t&#8220; ist, sondern alle Gliederungen des Verbandes aktiv werden. Der Verband mu\u00df insbesondere &#8222;vor Ort&#8220; als eine Kraft erlebbar sein, die sich f\u00fcr die Rechte und Interessen konfessionsfreier Menschen einsetzt.<\/p>\n","protected":false},"author":2,"featured_media":263,"comment_status":"closed","ping_status":"closed","sticky":false,"template":"","format":"standard","meta":{"colormag_page_container_layout":"default_layout","colormag_page_sidebar_layout":"default_layout","advanced_seo_description":"","jetpack_seo_html_title":"","jetpack_seo_noindex":false,"jetpack_post_was_ever_published":false,"footnotes":""},"categories":[15],"tags":[31],"class_list":["post-262","post","type-post","status-publish","format-standard","has-post-thumbnail","hentry","category-religions-kirchenkritik","tag-trennung-von-staat-und-kirche"],"jetpack_featured_media_url":"https:\/\/i0.wp.com\/www.freidenker.org\/fw17\/wp-content\/uploads\/2016\/07\/kirche_Ruine.jpg?fit=800%2C445&ssl=1","jetpack_shortlink":"https:\/\/wp.me\/p9stpK-4e","jetpack-related-posts":[{"id":22342,"url":"https:\/\/www.freidenker.org\/?p=22342","url_meta":{"origin":262,"position":0},"title":"F\u00fcr die Trennung von Staat und Kirche, Kirche und Schule sowie den Dialog mit religi\u00f6sen Menschen","author":"Webredaktion","date":"9. Juli 2025","format":false,"excerpt":"Neu herausgegeben: Das aktualisierte Forderungsprogramm\u00a0des Deutschen Freidenker-Verbandes\u00a0zum Verh\u00e4ltnis Staat - Kirche auf der Grundlage der Berliner Erkl\u00e4rung von 1994 und mit Ausz\u00fcgen aus den Thesen zur Religion [Aus dem Editorial:] Die Forderung nach strikter Trennung von Staat und Kirche ist eine fundamentale For\u00adderung der europ\u00e4ischen Aufkl\u00e4rung, von deren Verwirklichung in\u2026","rel":"","context":"In &quot;Aktuelles&quot;","block_context":{"text":"Aktuelles","link":"https:\/\/www.freidenker.org\/?cat=574"},"img":{"alt_text":"","src":"https:\/\/i0.wp.com\/www.freidenker.org\/fw17\/wp-content\/uploads\/2025\/07\/Broschuere_Trennung_Staat_Kirche_800x450.jpg?fit=800%2C453&ssl=1&resize=350%2C200","width":350,"height":200,"srcset":"https:\/\/i0.wp.com\/www.freidenker.org\/fw17\/wp-content\/uploads\/2025\/07\/Broschuere_Trennung_Staat_Kirche_800x450.jpg?fit=800%2C453&ssl=1&resize=350%2C200 1x, https:\/\/i0.wp.com\/www.freidenker.org\/fw17\/wp-content\/uploads\/2025\/07\/Broschuere_Trennung_Staat_Kirche_800x450.jpg?fit=800%2C453&ssl=1&resize=525%2C300 1.5x, https:\/\/i0.wp.com\/www.freidenker.org\/fw17\/wp-content\/uploads\/2025\/07\/Broschuere_Trennung_Staat_Kirche_800x450.jpg?fit=800%2C453&ssl=1&resize=700%2C400 2x"},"classes":[]},{"id":3108,"url":"https:\/\/www.freidenker.org\/?p=3108","url_meta":{"origin":262,"position":1},"title":"DFV Nord protestiert gegen die Verquickung von Schule und Kirche in Hamburg","author":"Webredaktion","date":"24. August 2012","format":false,"excerpt":"Der Deutsche Freidenker-Verband Nord e. V. protestiert scharf gegen die Beeinflussung von Lehrerinnen und Lehrern an Hamburger Schulen. Diese werden \u00fcber ihre Schulleitungen zum Gottesdienst in eine Hamburger Kirche vom P\u00e4dagogisch- Theologischen Institut zum 28. August eingeladen. Der Vorstand des DFV Nord fordert die Schulleitungen auf, dieses Ansinnen der Kircheninstitution\u2026","rel":"","context":"In &quot;Religions- &amp; Kirchenkritik, S\u00e4kulare Szene&quot;","block_context":{"text":"Religions- &amp; Kirchenkritik, S\u00e4kulare Szene","link":"https:\/\/www.freidenker.org\/?cat=15"},"img":{"alt_text":"","src":"https:\/\/i0.wp.com\/www.freidenker.org\/fw17\/wp-content\/uploads\/2012\/08\/cross-2598303_800x445.jpg?fit=800%2C445&ssl=1&resize=350%2C200","width":350,"height":200,"srcset":"https:\/\/i0.wp.com\/www.freidenker.org\/fw17\/wp-content\/uploads\/2012\/08\/cross-2598303_800x445.jpg?fit=800%2C445&ssl=1&resize=350%2C200 1x, https:\/\/i0.wp.com\/www.freidenker.org\/fw17\/wp-content\/uploads\/2012\/08\/cross-2598303_800x445.jpg?fit=800%2C445&ssl=1&resize=525%2C300 1.5x, https:\/\/i0.wp.com\/www.freidenker.org\/fw17\/wp-content\/uploads\/2012\/08\/cross-2598303_800x445.jpg?fit=800%2C445&ssl=1&resize=700%2C400 2x"},"classes":[]},{"id":630,"url":"https:\/\/www.freidenker.org\/?p=630","url_meta":{"origin":262,"position":2},"title":"Eine Aufkl\u00e4rung f\u00fcr die Teilnehmerinnen und Teilnehmer des XX. katholischen Weltjugendtag in K\u00f6ln und andere Interessierte","author":"Webmaster","date":"21. August 2005","format":false,"excerpt":"Beitrag von Karl C. Fischer Die Gro\u00dfkirchen in Deutschland, die nicht mal Steuern zahlen, besitzen Milliarden von Euro, eine Menge von Immobilien, lassen die Beh\u00f6rden gegen hohe Kosten Kirchensteuer, ihre Besch\u00e4ftigten \u00fcberwiegend vom Steuerzahler finanzieren, erhalten Milliarden Euros aus Steuermittel, nehmen Einfluss auf Wirtschaft, Medien, Politik und Schule, genie\u00dfen staatlichen\u2026","rel":"","context":"In &quot;Religions- &amp; Kirchenkritik, S\u00e4kulare Szene&quot;","block_context":{"text":"Religions- &amp; Kirchenkritik, S\u00e4kulare Szene","link":"https:\/\/www.freidenker.org\/?cat=15"},"img":{"alt_text":"","src":"https:\/\/i0.wp.com\/www.freidenker.org\/fw17\/wp-content\/uploads\/2016\/08\/Weltjugendtag_Krakau.jpg?fit=800%2C445&ssl=1&resize=350%2C200","width":350,"height":200,"srcset":"https:\/\/i0.wp.com\/www.freidenker.org\/fw17\/wp-content\/uploads\/2016\/08\/Weltjugendtag_Krakau.jpg?fit=800%2C445&ssl=1&resize=350%2C200 1x, https:\/\/i0.wp.com\/www.freidenker.org\/fw17\/wp-content\/uploads\/2016\/08\/Weltjugendtag_Krakau.jpg?fit=800%2C445&ssl=1&resize=525%2C300 1.5x, https:\/\/i0.wp.com\/www.freidenker.org\/fw17\/wp-content\/uploads\/2016\/08\/Weltjugendtag_Krakau.jpg?fit=800%2C445&ssl=1&resize=700%2C400 2x"},"classes":[]},{"id":25027,"url":"https:\/\/www.freidenker.org\/?p=25027","url_meta":{"origin":262,"position":3},"title":"Interview mit Klaus Hartmann auf der Demo &#8222;Weltweites Friedenszeichen&#8220;","author":"Webredaktion","date":"27. April 2026","format":false,"excerpt":"Interview von freidenken.TV mit Klaus Hartmann Der Freidenkerverband (gegr. 1881 in Frankfurt) setzt sich seit jeher f\u00fcr Aufkl\u00e4rung, Trennung von Staat und Kirche sowie gegen Krieg und Militarismus ein. Urspr\u00fcnglich als Selbsthilfe f\u00fcr Dissidenten (z. B. gegen Lehrverbote) aktiv, k\u00e4mpft er heute gegen Kriegshetze (NATO, Bundeswehr-\u201eOperationsplan Deutschland\u201c) und die Instrumentalisierung\u2026","rel":"","context":"In &quot;Aktuelles&quot;","block_context":{"text":"Aktuelles","link":"https:\/\/www.freidenker.org\/?cat=574"},"img":{"alt_text":"","src":"https:\/\/i0.wp.com\/www.freidenker.org\/fw17\/wp-content\/uploads\/2026\/04\/hartmann_yt_friedensdemo_800x450.jpg?fit=800%2C450&ssl=1&resize=350%2C200","width":350,"height":200,"srcset":"https:\/\/i0.wp.com\/www.freidenker.org\/fw17\/wp-content\/uploads\/2026\/04\/hartmann_yt_friedensdemo_800x450.jpg?fit=800%2C450&ssl=1&resize=350%2C200 1x, https:\/\/i0.wp.com\/www.freidenker.org\/fw17\/wp-content\/uploads\/2026\/04\/hartmann_yt_friedensdemo_800x450.jpg?fit=800%2C450&ssl=1&resize=525%2C300 1.5x, https:\/\/i0.wp.com\/www.freidenker.org\/fw17\/wp-content\/uploads\/2026\/04\/hartmann_yt_friedensdemo_800x450.jpg?fit=800%2C450&ssl=1&resize=700%2C400 2x"},"classes":[]},{"id":4300,"url":"https:\/\/www.freidenker.org\/?p=4300","url_meta":{"origin":262,"position":4},"title":"\u00dcberlegungen zur Mitgliedschaft des DFV im KORSO","author":"Webredaktion","date":"18. September 2010","format":false,"excerpt":"Beitrag von Ralf Lux Nachdem jahrelang Diskussionen \u00fcber ein gemeinsames Gremium s\u00e4kularer Verb\u00e4nde zu keinem Erfolg f\u00fchrten, ging der eigentliche Gr\u00fcndungsprozess des KORSO im Jahre 2008 dann recht schnell vonstatten, so schnell, dass in unserem Verband keine Zeit mehr verblieb, das F\u00fcr und Wider einer Mitgliedschaft ausgiebig zu diskutieren. Die\u2026","rel":"","context":"In &quot;Positionen&quot;","block_context":{"text":"Positionen","link":"https:\/\/www.freidenker.org\/?cat=210"},"img":{"alt_text":"","src":"https:\/\/i0.wp.com\/www.freidenker.org\/fw17\/wp-content\/uploads\/2018\/01\/hands-korso_800x445.jpg?fit=800%2C445&ssl=1&resize=350%2C200","width":350,"height":200,"srcset":"https:\/\/i0.wp.com\/www.freidenker.org\/fw17\/wp-content\/uploads\/2018\/01\/hands-korso_800x445.jpg?fit=800%2C445&ssl=1&resize=350%2C200 1x, https:\/\/i0.wp.com\/www.freidenker.org\/fw17\/wp-content\/uploads\/2018\/01\/hands-korso_800x445.jpg?fit=800%2C445&ssl=1&resize=525%2C300 1.5x, https:\/\/i0.wp.com\/www.freidenker.org\/fw17\/wp-content\/uploads\/2018\/01\/hands-korso_800x445.jpg?fit=800%2C445&ssl=1&resize=700%2C400 2x"},"classes":[]},{"id":3208,"url":"https:\/\/www.freidenker.org\/?p=3208","url_meta":{"origin":262,"position":5},"title":"Priesterlicher Missbrauch &#8211; Erkl\u00e4rung des DFV","author":"Webredaktion","date":"18. M\u00e4rz 2010","format":false,"excerpt":"Erkl\u00e4rung der Tagung des Verbandsvorstandes am 14. M\u00e4rz 2010 in Magdeburg Der Deutsche Freidenker-Verband verurteilt in sch\u00e4rfster Form die massenhaften Vergehen und Straftaten, die von W\u00fcrdentr\u00e4gern insbesondere der Katholischen Kirche gegen junge Menschen begangen wurden. Erst durch Einzelbeispiele, die mehr oder weniger zuf\u00e4llig an die \u00d6ffentlichkeit kamen, wurde eine Lawine\u2026","rel":"","context":"In &quot;Positionen&quot;","block_context":{"text":"Positionen","link":"https:\/\/www.freidenker.org\/?cat=210"},"img":{"alt_text":"","src":"https:\/\/i0.wp.com\/www.freidenker.org\/fw17\/wp-content\/uploads\/2010\/03\/child-1154951_800x445.jpg?fit=800%2C445&ssl=1&resize=350%2C200","width":350,"height":200,"srcset":"https:\/\/i0.wp.com\/www.freidenker.org\/fw17\/wp-content\/uploads\/2010\/03\/child-1154951_800x445.jpg?fit=800%2C445&ssl=1&resize=350%2C200 1x, https:\/\/i0.wp.com\/www.freidenker.org\/fw17\/wp-content\/uploads\/2010\/03\/child-1154951_800x445.jpg?fit=800%2C445&ssl=1&resize=525%2C300 1.5x, https:\/\/i0.wp.com\/www.freidenker.org\/fw17\/wp-content\/uploads\/2010\/03\/child-1154951_800x445.jpg?fit=800%2C445&ssl=1&resize=700%2C400 2x"},"classes":[]}],"_links":{"self":[{"href":"https:\/\/www.freidenker.org\/index.php?rest_route=\/wp\/v2\/posts\/262","targetHints":{"allow":["GET"]}}],"collection":[{"href":"https:\/\/www.freidenker.org\/index.php?rest_route=\/wp\/v2\/posts"}],"about":[{"href":"https:\/\/www.freidenker.org\/index.php?rest_route=\/wp\/v2\/types\/post"}],"author":[{"embeddable":true,"href":"https:\/\/www.freidenker.org\/index.php?rest_route=\/wp\/v2\/users\/2"}],"replies":[{"embeddable":true,"href":"https:\/\/www.freidenker.org\/index.php?rest_route=%2Fwp%2Fv2%2Fcomments&post=262"}],"version-history":[{"count":0,"href":"https:\/\/www.freidenker.org\/index.php?rest_route=\/wp\/v2\/posts\/262\/revisions"}],"wp:featuredmedia":[{"embeddable":true,"href":"https:\/\/www.freidenker.org\/index.php?rest_route=\/wp\/v2\/media\/263"}],"wp:attachment":[{"href":"https:\/\/www.freidenker.org\/index.php?rest_route=%2Fwp%2Fv2%2Fmedia&parent=262"}],"wp:term":[{"taxonomy":"category","embeddable":true,"href":"https:\/\/www.freidenker.org\/index.php?rest_route=%2Fwp%2Fv2%2Fcategories&post=262"},{"taxonomy":"post_tag","embeddable":true,"href":"https:\/\/www.freidenker.org\/index.php?rest_route=%2Fwp%2Fv2%2Ftags&post=262"}],"curies":[{"name":"wp","href":"https:\/\/api.w.org\/{rel}","templated":true}]}}