{"id":25174,"date":"2026-05-03T15:27:37","date_gmt":"2026-05-03T13:27:37","guid":{"rendered":"https:\/\/www.freidenker.org\/?p=25174"},"modified":"2026-05-03T15:27:37","modified_gmt":"2026-05-03T13:27:37","slug":"video-hannes-hofbauer-aller-rechte-beraubt","status":"publish","type":"post","link":"https:\/\/www.freidenker.org\/?p=25174","title":{"rendered":"Video: Hannes Hofbauer &#8211; Aller Rechte beraubt"},"content":{"rendered":"<h4>Sanktionspolitik ebnet Weg von demokratischer Gewaltenteilung zum autorit\u00e4ren Staat<\/h4>\n<p><em>Lesung mit <strong>Hannes Hofbauer,<\/strong>\u00a0Historiker und Verleger, Wien<\/em><\/p>\n<p>Die EU hat mittlerweile mehr als 2700 Personen und Organisationen auf Sanktionslisten gesetzt. Betroffen sind \u00fcberwiegend Russen, aber auch EU-B\u00fcrger, darunter der linke kurdisch-st\u00e4mmige Deutsche H\u00fcseyin Dogru aus Berlin und die in Russland lebenden Journalisten Alina Lipp und Thomas R\u00f6per. Das j\u00fcngste und prominenteste Beispiel ist der Schweizer Jaques Baud, ehem. Oberst der Schweizer Armee.<\/p>\n<p>Die sanktionierten Personen verlieren all ihre Rechte: Verm\u00f6gensentzug, Kontosperre, Passabgabe, Verbot der Hilfe durch nahestehende Personen. All das ohne Gerichtsverfahren, d.h. ohne Anklage, Verteidigung, ohne Anh\u00f6rung. Diese neue Art der herrschaftlichen Repression erinnert an vormoderne Zei\u00adten, von der mittelalterlichen Acht bis zur Ausb\u00fcrgerungspraxis der Nazis.<\/p>\n<p>Hannes Hofbauer las aus seinem Buch <span class=\"ytAttributedStringHost ytAttributedStringWhiteSpacePreWrap\" dir=\"auto\"><span class=\"ytAttributedStringLinkInheritColor\" dir=\"auto\">&#8222;Aller Rechte beraubt &#8211; mit au\u00dfergerichtlichen EU-Sanktionen zum autorit\u00e4ren Staat&#8220; am 19.04.2026 im Saalbau Bornheim in Frankfurt am Main.<\/span><\/span><\/p>\n<div class=\"jetpack-video-wrapper\"><span class=\"embed-youtube\" style=\"text-align:center; display: block;\"><iframe loading=\"lazy\" class=\"youtube-player\" width=\"800\" height=\"450\" src=\"https:\/\/www.youtube.com\/embed\/qxw1iav2qHo?version=3&#038;rel=1&#038;showsearch=0&#038;showinfo=1&#038;iv_load_policy=1&#038;fs=1&#038;hl=de-DE&#038;autohide=2&#038;wmode=transparent\" allowfullscreen=\"true\" style=\"border:0;\" sandbox=\"allow-scripts allow-same-origin allow-popups allow-presentation allow-popups-to-escape-sandbox\"><\/iframe><\/span><\/div>\n<p><span style=\"font-size: 10pt;\">Direktlink zum Video von <a href=\"https:\/\/www.youtube.com\/@BERLIN247-hb7wm\" target=\"_blank\" rel=\"noopener\">Berlin 24\/7<\/a> auf YouTube: <a href=\"https:\/\/www.youtube.com\/watch?v=qxw1iav2qHo\" target=\"_blank\" rel=\"noopener\">https:\/\/www.youtube.com\/watch?v=qxw1iav2qHo<\/a><\/span><\/p>\n<p style=\"text-align: right;\"><em>Hannes Hofbauer ist Publizist und Verleger in Wien. Der Autor hat Lesungen aus seinen B\u00fcchern auch bei Veranstaltungen des Deutschen Freidenker-Verbandes pr\u00e4sentiert.<\/em><\/p>\n<p>Veranstalter war:<\/p>\n<figure id=\"attachment_18162\" class=\"wp-caption alignnone\" aria-describedby=\"caption-attachment-18162\"><img loading=\"lazy\" decoding=\"async\" data-attachment-id=\"18162\" data-permalink=\"https:\/\/www.freidenker.org\/?attachment_id=18162\" data-orig-file=\"https:\/\/i0.wp.com\/www.freidenker.org\/fw17\/wp-content\/uploads\/2024\/02\/Freidenker-Logo_2.jpg?fit=810%2C220&amp;ssl=1\" data-orig-size=\"810,220\" data-comments-opened=\"0\" data-image-meta=\"{&quot;aperture&quot;:&quot;0&quot;,&quot;credit&quot;:&quot;&quot;,&quot;camera&quot;:&quot;&quot;,&quot;caption&quot;:&quot;&quot;,&quot;created_timestamp&quot;:&quot;0&quot;,&quot;copyright&quot;:&quot;&quot;,&quot;focal_length&quot;:&quot;0&quot;,&quot;iso&quot;:&quot;0&quot;,&quot;shutter_speed&quot;:&quot;0&quot;,&quot;title&quot;:&quot;&quot;,&quot;orientation&quot;:&quot;1&quot;}\" data-image-title=\"Freidenker-Logo_2\" data-image-description=\"\" data-image-caption=\"\" data-large-file=\"https:\/\/i0.wp.com\/www.freidenker.org\/fw17\/wp-content\/uploads\/2024\/02\/Freidenker-Logo_2.jpg?fit=800%2C217&amp;ssl=1\" class=\"wp-image-18162 size-medium\" src=\"https:\/\/i0.wp.com\/www.freidenker.org\/fw17\/wp-content\/uploads\/2024\/02\/Freidenker-Logo_2.jpg?resize=300%2C81&amp;ssl=1\" sizes=\"auto, (max-width: 300px) 100vw, 300px\" srcset=\"https:\/\/i0.wp.com\/www.freidenker.org\/fw17\/wp-content\/uploads\/2024\/02\/Freidenker-Logo_2.jpg?resize=300%2C81&amp;ssl=1 300w, https:\/\/i0.wp.com\/www.freidenker.org\/fw17\/wp-content\/uploads\/2024\/02\/Freidenker-Logo_2.jpg?resize=768%2C209&amp;ssl=1 768w, https:\/\/i0.wp.com\/www.freidenker.org\/fw17\/wp-content\/uploads\/2024\/02\/Freidenker-Logo_2.jpg?w=810&amp;ssl=1 810w\" alt=\"\" width=\"300\" height=\"81\" data-recalc-dims=\"1\" data-attachment-id=\"18162\" data-permalink=\"https:\/\/www.freidenker.org\/?attachment_id=18162\" data-orig-file=\"https:\/\/i0.wp.com\/www.freidenker.org\/fw17\/wp-content\/uploads\/2024\/02\/Freidenker-Logo_2.jpg?fit=810%2C220&amp;ssl=1\" data-orig-size=\"810,220\" data-comments-opened=\"0\" data-image-meta=\"{&quot;aperture&quot;:&quot;0&quot;,&quot;credit&quot;:&quot;&quot;,&quot;camera&quot;:&quot;&quot;,&quot;caption&quot;:&quot;&quot;,&quot;created_timestamp&quot;:&quot;0&quot;,&quot;copyright&quot;:&quot;&quot;,&quot;focal_length&quot;:&quot;0&quot;,&quot;iso&quot;:&quot;0&quot;,&quot;shutter_speed&quot;:&quot;0&quot;,&quot;title&quot;:&quot;&quot;,&quot;orientation&quot;:&quot;1&quot;}\" data-image-title=\"Freidenker-Logo_2\" data-image-description=\"\" data-image-caption=\"\" data-large-file=\"https:\/\/i0.wp.com\/www.freidenker.org\/fw17\/wp-content\/uploads\/2024\/02\/Freidenker-Logo_2.jpg?fit=800%2C217&amp;ssl=1\" \/><figcaption id=\"caption-attachment-18162\" class=\"wp-caption-text\">Landesverband Hessen<\/figcaption><\/figure>\n<hr \/>\n<p><span style=\"font-size: 10pt;\">Bild oben: Screenshot aus dem <a href=\"https:\/\/www.youtube.com\/watch?v=qxw1iav2qHo\" target=\"_blank\" rel=\"noopener\">Video<\/a> von <a href=\"https:\/\/www.youtube.com\/@BERLIN247-hb7wm\" target=\"_blank\" rel=\"noopener\">Berlin 24\/7<\/a> <\/span><\/p>\n","protected":false},"excerpt":{"rendered":"<p><b>Sanktionspolitik ebnet Weg von demokratischer Gewaltenteilung zum autorit\u00e4ren Staat<\/b><br \/>\n<b>Lesung mit Hannes Hofbauer am 19.04.2026 in Frankfurt am Main<\/b><br \/>\nDie EU hat mittlerweile mehr als 2700 Personen und Organisationen auf Sanktionslisten gesetzt. Betroffen sind \u00fcberwiegend Russen, aber auch EU-B\u00fcrger, darunter der linke kurdisch-st\u00e4mmige Deutsche H\u00fcseyin Dogru aus Berlin und die in Russland lebenden Journalisten Alina Lipp und Thomas R\u00f6per. Das j\u00fcngste und prominenteste Beispiel ist der Schweizer Jaques Baud, ehem. Oberst der Schweizer Armee. Die sanktionierten Personen verlieren all ihre Rechte: Verm\u00f6gensentzug, Kontosperre, Passabgabe, Verbot der Hilfe durch nahestehende Personen. All das ohne Gerichtsverfahren, d.h. ohne Anklage, Verteidigung, ohne Anh\u00f6rung. Diese neue Art der herrschaftlichen Repression erinnert an vormoderne Zei\u00adten, von der mittelalterlichen Acht bis zur Ausb\u00fcrgerungspraxis der Nazis.<\/p>\n","protected":false},"author":3,"featured_media":25175,"comment_status":"closed","ping_status":"closed","sticky":false,"template":"","format":"standard","meta":{"colormag_page_container_layout":"default_layout","colormag_page_sidebar_layout":"default_layout","advanced_seo_description":"","jetpack_seo_html_title":"","jetpack_seo_noindex":false,"jetpack_post_was_ever_published":false,"footnotes":""},"categories":[574,12],"tags":[2664,1296,182,433,1749,1315,1225,1067,563,756,719,1050,2146],"class_list":["post-25174","post","type-post","status-publish","format-standard","has-post-thumbnail","hentry","category-aktuelles","category-demokratie-medien-aufklaerung","tag-autoritaerer-staat","tag-diskussion","tag-eu","tag-frankfurt-am-main","tag-gerichtsbarkeit","tag-journalismus","tag-lesung","tag-lv-hessen","tag-menschenrechte","tag-repressionen","tag-sanktionen","tag-veranstaltung","tag-vermoegenswerte"],"jetpack_featured_media_url":"https:\/\/i0.wp.com\/www.freidenker.org\/fw17\/wp-content\/uploads\/2026\/05\/hofbauer_fam2026_800x450.jpg?fit=800%2C450&ssl=1","jetpack_shortlink":"https:\/\/wp.me\/p9stpK-6y2","jetpack-related-posts":[{"id":24632,"url":"https:\/\/www.freidenker.org\/?p=24632","url_meta":{"origin":25174,"position":0},"title":"Diskussion mit Hannes Hofbauer: Aller Rechte beraubt","author":"Webredaktion","date":"16. M\u00e4rz 2026","format":false,"excerpt":"Mit au\u00dfergerichtlichen EU-Sanktionen zum autorit\u00e4ren Staat Lesung und Diskussion mit Hannes Hofbauer am 19.04.2026 in Frankfurt a.M. Die EU hat mittlerweile mehr als 2700 Personen und Organisationen auf Sanktionslisten gesetzt. Betroffen sind \u00fcberwiegend Russen, aber auch EU-B\u00fcrger, darunter der linke kurdisch-st\u00e4mmige Deutsche H\u00fcseyin Dogru aus Berlin und die in Russland\u2026","rel":"","context":"In &quot;Veranstaltungen in den DFV-Landesverb\u00e4nden&quot;","block_context":{"text":"Veranstaltungen in den DFV-Landesverb\u00e4nden","link":"https:\/\/www.freidenker.org\/?cat=19"},"img":{"alt_text":"","src":"https:\/\/i0.wp.com\/www.freidenker.org\/fw17\/wp-content\/uploads\/2026\/03\/einladung_hofbauer_2026-04_800x450.jpg?fit=800%2C450&ssl=1&resize=350%2C200","width":350,"height":200,"srcset":"https:\/\/i0.wp.com\/www.freidenker.org\/fw17\/wp-content\/uploads\/2026\/03\/einladung_hofbauer_2026-04_800x450.jpg?fit=800%2C450&ssl=1&resize=350%2C200 1x, https:\/\/i0.wp.com\/www.freidenker.org\/fw17\/wp-content\/uploads\/2026\/03\/einladung_hofbauer_2026-04_800x450.jpg?fit=800%2C450&ssl=1&resize=525%2C300 1.5x, https:\/\/i0.wp.com\/www.freidenker.org\/fw17\/wp-content\/uploads\/2026\/03\/einladung_hofbauer_2026-04_800x450.jpg?fit=800%2C450&ssl=1&resize=700%2C400 2x"},"classes":[]},{"id":14541,"url":"https:\/\/www.freidenker.org\/?p=14541","url_meta":{"origin":25174,"position":1},"title":"&#8222;Meinungsfreiheit als S\u00e4ule der Gesellschaft ist weg&#8220;","author":"Webredaktion","date":"31. Oktober 2022","format":false,"excerpt":"Video-Interview von RT DE mit Hannes Hofbauer Der Volksverhetzungsparagraf 130 StGB wurde erweitert. Nun gilt auch das \"Leugnen von Kriegsverbrechen\" als Volksverhetzung. Offiziell wurden damit Nachbesserungsforderungen der EU-Kommission aus dem Jahr 2008 umgesetzt und es habe nichts mit dem Ukraine-Krieg zu tun. Doch Kritiker monieren, dass das Gesetz nun im\u2026","rel":"","context":"In &quot;Demokratie \u2013 Medien \u2013 Aufkl\u00e4rung&quot;","block_context":{"text":"Demokratie \u2013 Medien \u2013 Aufkl\u00e4rung","link":"https:\/\/www.freidenker.org\/?cat=12"},"img":{"alt_text":"","src":"https:\/\/i0.wp.com\/www.freidenker.org\/fw17\/wp-content\/uploads\/2022\/10\/Hofbauer_Video_800x450.jpg?fit=800%2C450&ssl=1&resize=350%2C200","width":350,"height":200,"srcset":"https:\/\/i0.wp.com\/www.freidenker.org\/fw17\/wp-content\/uploads\/2022\/10\/Hofbauer_Video_800x450.jpg?fit=800%2C450&ssl=1&resize=350%2C200 1x, https:\/\/i0.wp.com\/www.freidenker.org\/fw17\/wp-content\/uploads\/2022\/10\/Hofbauer_Video_800x450.jpg?fit=800%2C450&ssl=1&resize=525%2C300 1.5x, https:\/\/i0.wp.com\/www.freidenker.org\/fw17\/wp-content\/uploads\/2022\/10\/Hofbauer_Video_800x450.jpg?fit=800%2C450&ssl=1&resize=700%2C400 2x"},"classes":[]},{"id":12994,"url":"https:\/\/www.freidenker.org\/?p=12994","url_meta":{"origin":25174,"position":2},"title":"Autorenlesung mit Hannes Hofbauer: Zensur","author":"Webredaktion","date":"2. Mai 2022","format":false,"excerpt":"Einladung zur Autorenlesung und Diskussion mit Hannes Hofbauer, Wien \u201eEine Zensur findet nicht statt.\u201c Was Verfassungen versprechen, wird mehr und mehr von der Wirklichkeit L\u00fcgen gestraft. Der Wiener Historiker Hannes Hofbauer beleuchtet Publikationsverbote im Spiegel der Geschichte: vom kirchlichen Index zur YouTube-L\u00f6schung und dem Verbot russischer \u201eFeindsender\u201c. Mittwoch, 11. Mai\u2026","rel":"","context":"In &quot;Demokratie \u2013 Medien \u2013 Aufkl\u00e4rung&quot;","block_context":{"text":"Demokratie \u2013 Medien \u2013 Aufkl\u00e4rung","link":"https:\/\/www.freidenker.org\/?cat=12"},"img":{"alt_text":"","src":"https:\/\/i0.wp.com\/www.freidenker.org\/fw17\/wp-content\/uploads\/2022\/05\/Hofbauer_Zensur_800x450_v2.jpg?fit=800%2C450&ssl=1&resize=350%2C200","width":350,"height":200,"srcset":"https:\/\/i0.wp.com\/www.freidenker.org\/fw17\/wp-content\/uploads\/2022\/05\/Hofbauer_Zensur_800x450_v2.jpg?fit=800%2C450&ssl=1&resize=350%2C200 1x, https:\/\/i0.wp.com\/www.freidenker.org\/fw17\/wp-content\/uploads\/2022\/05\/Hofbauer_Zensur_800x450_v2.jpg?fit=800%2C450&ssl=1&resize=525%2C300 1.5x, https:\/\/i0.wp.com\/www.freidenker.org\/fw17\/wp-content\/uploads\/2022\/05\/Hofbauer_Zensur_800x450_v2.jpg?fit=800%2C450&ssl=1&resize=700%2C400 2x"},"classes":[]},{"id":20106,"url":"https:\/\/www.freidenker.org\/?p=20106","url_meta":{"origin":25174,"position":3},"title":"Der Wirtschaftskrieg gegen Russland","author":"Webredaktion","date":"18. Oktober 2024","format":false,"excerpt":"Einladung zur Autorenlesung und Diskussion mit Hannes Hofbauer, Wien Mittwoch, 30. Oktober 2024, 19.30 Uhr, Saalbau Dornbusch, Frankfurt am Main Die Instrumente eines Wirtschaftskrieges sind zahlreich. Sie reichen von Sanktionen gegen Personen, Unternehmen und ganze Branchen \u00fcber Embargos, Blockaden und Boykottma\u00dfnahmen bis zu physischen Angriffen auf Infrastruktureinrichtungen. Washington und Br\u00fcssel\u2026","rel":"","context":"In &quot;Veranstaltungen in den DFV-Landesverb\u00e4nden&quot;","block_context":{"text":"Veranstaltungen in den DFV-Landesverb\u00e4nden","link":"https:\/\/www.freidenker.org\/?cat=19"},"img":{"alt_text":"","src":"https:\/\/i0.wp.com\/www.freidenker.org\/fw17\/wp-content\/uploads\/2024\/10\/Hofbauer_Wirtschaftskrieg.jpg?fit=800%2C450&ssl=1&resize=350%2C200","width":350,"height":200,"srcset":"https:\/\/i0.wp.com\/www.freidenker.org\/fw17\/wp-content\/uploads\/2024\/10\/Hofbauer_Wirtschaftskrieg.jpg?fit=800%2C450&ssl=1&resize=350%2C200 1x, https:\/\/i0.wp.com\/www.freidenker.org\/fw17\/wp-content\/uploads\/2024\/10\/Hofbauer_Wirtschaftskrieg.jpg?fit=800%2C450&ssl=1&resize=525%2C300 1.5x, https:\/\/i0.wp.com\/www.freidenker.org\/fw17\/wp-content\/uploads\/2024\/10\/Hofbauer_Wirtschaftskrieg.jpg?fit=800%2C450&ssl=1&resize=700%2C400 2x"},"classes":[]},{"id":21356,"url":"https:\/\/www.freidenker.org\/?p=21356","url_meta":{"origin":25174,"position":4},"title":"Hannes Hofbauer &#8211; Wie funktionieren Wirtschaftssanktionen?","author":"Webredaktion","date":"2. April 2025","format":false,"excerpt":"Video-Interview von Sabine Kebir mit Hannes Hofbauer Sabine Kebir spricht mit Hannes Hofbauer vom Wiener Promedia Verlag \u00fcber Fakten und Thesen seines Buches, das haupts\u00e4chlich die Sanktionspolitik behandelt, die der Westen im Zusammenhang mit dem Ukrainekonflikt gegen Russland betreibt und wie sich Russland erfolgreich dagegen zur Wehr setzt. Um diese\u2026","rel":"","context":"In &quot;Demokratie \u2013 Medien \u2013 Aufkl\u00e4rung&quot;","block_context":{"text":"Demokratie \u2013 Medien \u2013 Aufkl\u00e4rung","link":"https:\/\/www.freidenker.org\/?cat=12"},"img":{"alt_text":"","src":"https:\/\/i0.wp.com\/www.freidenker.org\/fw17\/wp-content\/uploads\/2025\/04\/hofbauer_sanktionen_vorschaubild_800x450.jpg?fit=800%2C450&ssl=1&resize=350%2C200","width":350,"height":200,"srcset":"https:\/\/i0.wp.com\/www.freidenker.org\/fw17\/wp-content\/uploads\/2025\/04\/hofbauer_sanktionen_vorschaubild_800x450.jpg?fit=800%2C450&ssl=1&resize=350%2C200 1x, https:\/\/i0.wp.com\/www.freidenker.org\/fw17\/wp-content\/uploads\/2025\/04\/hofbauer_sanktionen_vorschaubild_800x450.jpg?fit=800%2C450&ssl=1&resize=525%2C300 1.5x, https:\/\/i0.wp.com\/www.freidenker.org\/fw17\/wp-content\/uploads\/2025\/04\/hofbauer_sanktionen_vorschaubild_800x450.jpg?fit=800%2C450&ssl=1&resize=700%2C400 2x"},"classes":[]},{"id":15927,"url":"https:\/\/www.freidenker.org\/?p=15927","url_meta":{"origin":25174,"position":5},"title":"Buchbesprechung: Kriegsfolgen &#8211; Wie der Krieg um die Ukraine die Welt ver\u00e4ndert","author":"Webredaktion","date":"2. Mai 2023","format":false,"excerpt":"Buchbesprechung mit Hannes Hofbauer Freitag, 05. Mai 2023, 19:30 Uhr, Villa Leon N\u00fcrnberg, Kleiner Saal 1. OG Die blau-gelbe Fahne steht f\u00fcr Freiheit, das omin\u00f6se russische Zeichen \u201eZ\u201c f\u00fcr Unterdr\u00fcckung. So einfach ist der Krieg um die Ukraine nicht erkl\u00e4rbar, obwohl sich unter europ\u00e4ischen Staatskanzleien und Leitmedien nur diese eine\u2026","rel":"","context":"In &quot;Veranstaltungen in den DFV-Landesverb\u00e4nden&quot;","block_context":{"text":"Veranstaltungen in den DFV-Landesverb\u00e4nden","link":"https:\/\/www.freidenker.org\/?cat=19"},"img":{"alt_text":"","src":"https:\/\/i0.wp.com\/www.freidenker.org\/fw17\/wp-content\/uploads\/2023\/05\/hofbauer_kriegsfolgen_800x450.jpg?fit=800%2C450&ssl=1&resize=350%2C200","width":350,"height":200,"srcset":"https:\/\/i0.wp.com\/www.freidenker.org\/fw17\/wp-content\/uploads\/2023\/05\/hofbauer_kriegsfolgen_800x450.jpg?fit=800%2C450&ssl=1&resize=350%2C200 1x, https:\/\/i0.wp.com\/www.freidenker.org\/fw17\/wp-content\/uploads\/2023\/05\/hofbauer_kriegsfolgen_800x450.jpg?fit=800%2C450&ssl=1&resize=525%2C300 1.5x, https:\/\/i0.wp.com\/www.freidenker.org\/fw17\/wp-content\/uploads\/2023\/05\/hofbauer_kriegsfolgen_800x450.jpg?fit=800%2C450&ssl=1&resize=700%2C400 2x"},"classes":[]}],"_links":{"self":[{"href":"https:\/\/www.freidenker.org\/index.php?rest_route=\/wp\/v2\/posts\/25174","targetHints":{"allow":["GET"]}}],"collection":[{"href":"https:\/\/www.freidenker.org\/index.php?rest_route=\/wp\/v2\/posts"}],"about":[{"href":"https:\/\/www.freidenker.org\/index.php?rest_route=\/wp\/v2\/types\/post"}],"author":[{"embeddable":true,"href":"https:\/\/www.freidenker.org\/index.php?rest_route=\/wp\/v2\/users\/3"}],"replies":[{"embeddable":true,"href":"https:\/\/www.freidenker.org\/index.php?rest_route=%2Fwp%2Fv2%2Fcomments&post=25174"}],"version-history":[{"count":1,"href":"https:\/\/www.freidenker.org\/index.php?rest_route=\/wp\/v2\/posts\/25174\/revisions"}],"predecessor-version":[{"id":25176,"href":"https:\/\/www.freidenker.org\/index.php?rest_route=\/wp\/v2\/posts\/25174\/revisions\/25176"}],"wp:featuredmedia":[{"embeddable":true,"href":"https:\/\/www.freidenker.org\/index.php?rest_route=\/wp\/v2\/media\/25175"}],"wp:attachment":[{"href":"https:\/\/www.freidenker.org\/index.php?rest_route=%2Fwp%2Fv2%2Fmedia&parent=25174"}],"wp:term":[{"taxonomy":"category","embeddable":true,"href":"https:\/\/www.freidenker.org\/index.php?rest_route=%2Fwp%2Fv2%2Fcategories&post=25174"},{"taxonomy":"post_tag","embeddable":true,"href":"https:\/\/www.freidenker.org\/index.php?rest_route=%2Fwp%2Fv2%2Ftags&post=25174"}],"curies":[{"name":"wp","href":"https:\/\/api.w.org\/{rel}","templated":true}]}}