{"id":25168,"date":"2026-05-03T15:27:53","date_gmt":"2026-05-03T13:27:53","guid":{"rendered":"https:\/\/www.freidenker.org\/?p=25168"},"modified":"2026-05-03T15:27:53","modified_gmt":"2026-05-03T13:27:53","slug":"haben-friedenskraefte-in-deutschland-eine-chance-auf-vereinigung","status":"publish","type":"post","link":"https:\/\/www.freidenker.org\/?p=25168","title":{"rendered":"Haben Friedenskr\u00e4fte in Deutschland eine Chance auf Vereinigung?"},"content":{"rendered":"<h4 class=\"HeadLine-root HeadLine-type_2 \">Elbe-Tag in Torgau macht es vor<\/h4>\n<p><strong>Der S\u00e4nger Tino Eisbrenner begr\u00fc\u00dfte auf einer Friedenskundgebung den vorbeigehenden DKP-Zug von der B\u00fchne und lud dessen Teilnehmer k\u00fcnftig zu gemeinsamen Auftritten ein. Die Geste war der emotionale H\u00f6hepunkt des Elbe-Tags in Torgau und k\u00f6nnte einen Neuanfang in der Friedensbewegung einleiten.<\/strong><\/p>\n<p><em>Von <strong>Wladislaw Sankin<\/strong><\/em><\/p>\n<p>&#8222;Dem Elbe-Tag zu gedenken hei\u00dft: Raus aus der NATO! Die Erhaltung des Friedens ist oberstes Gebot.\u201c Mit diesem Banner der DKP-Torgau zogen Demonstranten am Elbe-Tag durch die Stra\u00dfen der schmucken s\u00e4chsischen Kleinstadt. Links im Bild waren das Begegnungs-Denkmal und die l\u00e4chelnde Holzpuppe Matrjoschka zu erkennen, bemalt mit einer wei\u00dfen Friedenstaube. Hinter dem Banner stand eine Kolonne mit roten Fahnen und weiteren Anti-NATO-Plakaten, aus den Lautsprechern t\u00f6nte Musik. Nicht sehr zahlreich, aber gut organisiert und entschlossen wirkte die Gruppe. Man fragte sich unwillk\u00fcrlich: Was passiert jetzt?<\/p>\n<p>Denn der Ton aus den Lautsprechern wurde nicht leiser, sodass es f\u00fcr einen kurzen Moment zum Gewirr aus Stimmen, Musik und Rufen kam. Der DKP-Zug stand quer vor einer Menschentraube einer anderen Kundgebung, \u201eTorgau f\u00fcr Frieden\u201c (Szenen dieser Veranstaltung finden sich auf <a href=\"https:\/\/www.youtube.com\/watch?v=H6gUhS3qaCg\">Youtube<\/a> ). Diese wurde bei vielen Friedensbewegten als Konkurrenz zum DKP-Marsch wahrgenommen. W\u00fcrden jetzt beide Gruppen miteinander kollidieren? Auf der B\u00fchne stand S\u00e4nger Tino Eisbrenner und hielt eine Ansprache, die alle derartigen Sorgen beseitigte.<\/p>\n<p>&#8222;Wir haben es noch nicht geschafft, uns zusammenzufinden und mit der DKP und unseren linken Freunden gemeinsam f\u00fcr den Frieden einzustehen. Deswegen m\u00f6chte ich und wir euch alle hier begr\u00fc\u00dfen bei eurem Umzug&#8220;, sagte er. Die Umzugsf\u00fchrerin, eine sportliche Frau in rot-schwarzer Motorradjacke und Kufiya-Tuch, streckte jubelnd die H\u00e4nde aus und l\u00e4chelte. Eine Art Ehrenspalier \u00f6ffnete sich und die Menschen drumherum und applaudierten. In diesem Moment ert\u00f6nte das Reinhard-Mey-Lied &#8222;Nein, meine S\u00f6hne geb&#8216; ich nicht&#8220; aus den Boxen des DKP-Marsches. Eisbrenner sprach weiter.<\/p>\n<p style=\"padding-left: 40px;\"><em>&#8222;Wir freuen uns auf das n\u00e4chste Jahr. Wir haben die Zeit, Konzepte zu entwickeln, gemeinsam f\u00fcr den Frieden einzustehen. Und das wollen wir im n\u00e4chsten Jahr auch tun. Liebe Gr\u00fc\u00dfe an euch, danke, dass ihr eure Kraft aufbringt, am Torgau-Tag mit dabei zu sein.&#8220;<\/em><\/p>\n<p>Das Jubelgeschrei und das Applaudieren wurden lauter, das L\u00e4cheln breiter. Der erfahrene B\u00fchnenk\u00fcnstler legte zwischen den S\u00e4tzen Pausen und lie\u00df seine Worte wirken. Als die letzten Teilnehmer des Umzugs vorbeigezogen waren, sagte er zum Abschied: &#8222;Viele von ihnen, denen und euch kenne ich mit Namen. Bis zum n\u00e4chsten Jahr, wenn wir zusammengehen.&#8220;<\/p>\n<div class=\"embed-twitter\">\n<blockquote class=\"twitter-tweet\" data-width=\"550\" data-dnt=\"true\">\n<p lang=\"de\" dir=\"ltr\">Bewegender Moment am Elbe-Tag in <a href=\"https:\/\/twitter.com\/hashtag\/Torgau?src=hash&amp;ref_src=twsrc%5Etfw\">#Torgau<\/a>: Tino Eisbrenner ruft zur Vereininigung aller friedensorientierten Kr\u00e4ften im Land &#8211; <a href=\"https:\/\/twitter.com\/hashtag\/DKP?src=hash&amp;ref_src=twsrc%5Etfw\">#DKP<\/a>, <a href=\"https:\/\/twitter.com\/hashtag\/SDAJ?src=hash&amp;ref_src=twsrc%5Etfw\">#SDAJ<\/a> und andere &quot;unsere linke Freunde&quot; inkl. &quot;Im n\u00e4chsten Jahr hoffe ich, dass wir es gemeinsam tun&quot;, sagt er beim vorbeigendem Zug der DKP. <a href=\"https:\/\/t.co\/E20oUXzM16\">pic.twitter.com\/E20oUXzM16<\/a><\/p>\n<p>&mdash; Wlad Sankin (@wladsan) <a href=\"https:\/\/twitter.com\/wladsan\/status\/2048369864536957302?ref_src=twsrc%5Etfw\">April 26, 2026<\/a><\/p><\/blockquote>\n<p><script async src=\"https:\/\/platform.twitter.com\/widgets.js\" charset=\"utf-8\"><\/script><\/div>\n<p>Sp\u00e4ter erfuhr ich, dass die Ansprache Eisbrenners zwar spontan war \u2013 vorgesehen war aber nur ein Begr\u00fc\u00dfungslied. Doch aufgrund technischer Probleme mit dem Musikequipment ergriff der S\u00e4nger das Mikrofon und improvisierte. Nun setzte der gelungene Streich des K\u00fcnstlers die DKP einem gewissen Erwartungsdruck aus. Denn Sympathisanten, die in den fr\u00fcheren Jahren bei der DKP mitmarschiert sind, entscheiden sich zunehmend f\u00fcr die Teilnahme an &#8222;Torgau f\u00fcr Frieden&#8220;. Das nimmt die Partei, die Bundespartei weit ca. 2.700 Mitglieder z\u00e4hlt, ziemlich gelassen.<\/p>\n<p>Es war schlie\u00dflich die DKP, die den Jahrestag des Treffens an der Elbe im Jahr 2013 &#8222;wiederentdeckt&#8220; hat. Als sich der Jahrestag zunehmend vom Tag der Begegnung in einen kitschigen &#8222;Elbe Day&#8220; verwandelte, wollte die Partei der st\u00e4dtischen Entpolitisierung des Tages entgegenwirken, indem sie den Handschlag und die Frage des sich abzeichnenden Sieges \u00fcber den Faschismus sowie die Frage des gemeinsamen Friedensauftrags wieder in den Fokus r\u00fcckte.<\/p>\n<p>In all diesen Jahren hat sich die Vorgehensweise und die Route des Torgau-Marsches zu einem festen Ritual entwickelt \u2013 beginnend mit einer Auftaktkundgebung am Br\u00fcckenkopf am gegen\u00fcberliegenden Elbe-Ufer. Die Marschroute f\u00fchrte immer \u00fcber die Br\u00fccke mit weiteren Kundgebungen am Th\u00e4lmann-Denkmal, am Marktplatz und am Denkmal der Begegnung. Bis zum Beginn der von einer B\u00fcrgerinitiative ins Leben gerufenen Kundgebung \u201eTorgau f\u00fcr Frieden\u201c vor zwei Jahren war die DKP in Torgau der Platzhirsch.<\/p>\n<p>Sie ist es in gewisser Weise immer noch. Denn mit dem Vorrecht des ersten Anmelders durfte die Demo auch das diesj\u00e4hrige Stadtfest am Denkmal der Begegnung mit einer Unterbrechung &#8222;st\u00f6ren&#8220;. Diese nutzte der DKP-Vorsitzende Patrik K\u00f6bele f\u00fcr eine Ansprache an die an Biertischen sitzenden Torgauer, die vor dem Eintreffen des Protest-Umzugs Swing-Musik h\u00f6rten.<\/p>\n<p>Zun\u00e4chst ging er auf die geplanten K\u00fcrzungen der Regierung Merz im sozialen Bereich ein. Diese w\u00fcrden von den Regierenden vor allem vorangetrieben, um ihren militaristischen Kurs zu finanzieren, mit der angeblichen Gefahr durch &#8222;den Russen&#8220; als propagandistische Begr\u00fcndung. Auch warnte K\u00f6bele vor der Stationierung von US-Mittelstreckenraketen in Deutschland, die das Land zur Zielscheibe machen w\u00fcrden. Als ob es nicht gen\u00fcgen w\u00fcrde, dass schon Ramstein als Knotenpunkt f\u00fcr die Kriege der USA und Israels fungiere! Angesichts der herannahenden Wiederbelebung der Wehrpflicht erkl\u00e4re sich die DKP solidarisch mit den dagegen streikenden Sch\u00fclern. Es brauche jedoch noch mehr Menschen, die gegen den Kriegskurs auf die Stra\u00dfe gehen.<\/p>\n<p>Deshalb wandte sich der DKP-Politiker am Schluss seiner Ansprache an die Torgauer. Er entschuldigte sich nicht f\u00fcr die St\u00f6rung, die der DKP-Umzug ihrem Stadtfest gebracht habe. Er hoffe vielmehr, dass die St\u00f6rung die B\u00fcrger von Torgau zum Nachdenken und zum Handeln bringen werde. Denn die Torgauer seien genauso von Ausbeutung und Kriegsgefahr betroffen wie die Demonstranten der DKP. K\u00f6bele schloss mit den Worten: \u201eNie wieder Krieg! Nie wieder Faschismus!\u201c. Trotz der ge\u00fcbten Kritik dankte das Publikum dem Redner mit Applaus.<\/p>\n<p>Die Teilnehmer der nur 200 Meter entfernten Friedenskundgebung brauchten jedoch keine Schelte. Dem Aufruf der beiden prominenten Friedensaktivisten Rainer Rothfu\u00df und Sergey Filbert von <em>Druschba FM<\/em>\u00a0zu einer Sternfahrt nach Torgau folgend, konnten sie im interaktiven Anmeldesystem Mitfahrgelegenheiten aus ihren Regionen finden und kamen damit aus allen Teilen des Landes. (Die \u00fcberwiegende Mehrheit der Menschen jedoch war dem Aufruf von &#8222;Torgau f\u00fcr Frieden&#8220; selbst gefolgt) Und die Reden auf beiden konkurrierenden Kundgebungen waren in vielen Teilen deckungsgleich.<\/p>\n<div class=\"embed-twitter\">\n<blockquote class=\"twitter-tweet\" data-width=\"550\" data-dnt=\"true\">\n<p lang=\"de\" dir=\"ltr\">Stimmungsbilder von der Kundgebung &quot;Torgau f\u00fcr Frieden&quot; mit <a href=\"https:\/\/twitter.com\/hashtag\/Rothu%C3%9F?src=hash&amp;ref_src=twsrc%5Etfw\">#Rothu\u00df<\/a> und <a href=\"https:\/\/twitter.com\/hashtag\/Filbert?src=hash&amp;ref_src=twsrc%5Etfw\">#Filbert<\/a> am Elbe-Tag. Friedensbewegten folgten deren Aufruf und kamen per Sternefahrt aus ganz Deutschland nach Torgau. <a href=\"https:\/\/t.co\/ilC5kUN52B\">pic.twitter.com\/ilC5kUN52B<\/a><\/p>\n<p>&mdash; Wlad Sankin (@wladsan) <a href=\"https:\/\/twitter.com\/wladsan\/status\/2048755532278751560?ref_src=twsrc%5Etfw\">April 27, 2026<\/a><\/p><\/blockquote>\n<p><script async src=\"https:\/\/platform.twitter.com\/widgets.js\" charset=\"utf-8\"><\/script><\/div>\n<p>Der Hauptunterschied liegt in den daraus gezogenen Konsequenzen. Die DKP steht nicht nur f\u00fcr den Abbau von Feindbildern und eine blo\u00dfe &#8222;\u00c4nderung der Politik&#8220;, wie dies Rainer Rothfu\u00df fordert. Die Redner aus dem Umkreis der Partei sagen mehr als deutlich, was f\u00fcr sie wirkliche Freundschaft mit Russland ausmacht: Die Forderung nach dem R\u00fcckzug von EU und NATO aus den L\u00e4ndern des ehemaligen Warschauer Vertrags sowie die Beendigung der Aufr\u00fcstung und Militarisierung Deutschlands.<\/p>\n<p>Letzteres sei mit der AfD kaum zu erreichen, hei\u00dft es aus Parteikreisen auf die Frage, ob zuk\u00fcnftige gemeinsame Auftritte nach dem Vorschlag Eisbrenners m\u00f6glich seien. \u201eF\u00fcr uns z\u00e4hlt die offizielle Position der gesamten Partei, nicht die Meinungen von Einteilung\u201c, lautet die Begr\u00fcndung. Auch wenn Rothfu\u00df keinen Rollback der NATO fordert, ist sein Reden sogar aus Sicht der DKP wenig zu bem\u00e4ngeln: Was er in Torgau <a href=\"https:\/\/x.com\/wladsan\/status\/2048786368390660406\" target=\"_blank\" rel=\"noopener noreferrer\">jedes Jahr sagt<\/a> , dem konnte man nur zustimmen. Dennoch ist seine prominente Rolle in der problematischen Partei ein Problem, das nicht so einfach wegzuwischen sei. (Allerdings ist &#8222;Torgau f\u00fcr Frieden&#8220; keine Parteiveranstaltung der AfD)<\/p>\n<p>Es geht der DKP nicht um Kontaktschuld. Vertreter der Partei, mit denen ich sprach, haben best\u00e4tigt, dass sie mit vielen W\u00e4hlern oder gar Mitgliedern der AfD &#8222;reden, diskutieren und gemeinsam k\u00e4mpfen&#8220;. Aber es gebe eine objektive Rolle der AfD. Und f\u00fcr die DKP sei die AfD in ihrem heutigen Zustand eine Partei, die aus kommunistischer Sicht nationalistisch und in Teilen sogar faschistisch auftrete.<\/p>\n<p>Dieser Vorwurf ist angesichts der demonstrativen Duldung des Russlandhassers und Ukraine-K\u00e4mpfers Tim Schramm in der Partei nur schwer zu bestreiten. Aus russischer Sicht kann man dazu auch einen aggressiven Geschichtsrevisionismus z\u00e4hlen, wie die j\u00fcngsten, auf X st\u00e4ndig aufflammenden Debatten um die Rolle der Roten Armee 1945 und um den Status der Ostseestadt Kaliningrad\/K\u00f6nigsberg zeigten.<\/p>\n<p>Im Jahr 1956 wurde die KPD in Westdeutschland verboten. Auch wenn die 1968 gegr\u00fcndete DKP nicht mit der verbotenen KPD identisch ist, sieht sie sich auch heute noch als Opfer des im Land grassierenden Antikommunismus und von Versuchen, die Rolle der deutschen Kommunisten im Kampf gegen den deutschen Faschismus vergessen zu machen. Wenn man den Charakter dieser politischen Gruppe in zwei Worten beschreiben wollte, dann w\u00e4re &#8222;klein, aber stolz&#8220; am besten geeignet. Und sie hat, wie jede politische Kraft, die sich von den anderen abgrenzen will, ihre Vorbehalte.<\/p>\n<p>Dennoch wirken weder die Parteibasis noch die F\u00fchrungsmitglieder einem Dialogangebot gegen\u00fcber verschlossen. Die DKP verharrt keineswegs in starrem Dogmatismus. Auch \u00fcber das Angebot von Tino Eisbrenner k\u00f6nne man reden. &#8222;Wir lehnen nie von vornherein Gespr\u00e4che ab&#8220;, hie\u00df es auf meine Anfrage aus der Parteif\u00fchrung. Man m\u00f6chte da nicht zu viele Hoffnungen wecken, aber es sei nicht so, dass die DKP T\u00fcren f\u00fcr immer verschlie\u00dfe. Zumal man &#8222;nat\u00fcrlich die Worte von Herrn Eisbrenner vernommen&#8220; habe und auch, dass ein Teil des Publikums applaudiert habe. Und es sei so, dass diejenigen, die die Forderung &#8222;Raus aus der NATO&#8220; richtig f\u00e4nden, bei den von den Kommunisten organisierten Demos mitlaufen k\u00f6nnten.<\/p>\n<p>Ein wesentliches Element vieler Friedenskundgebungen sind Musik und Gesang. Das ist ganz im Sinne von Tino Eisbrenner, der in der Kultur den Schl\u00fcssel zum Frieden und zur V\u00f6lkerverst\u00e4ndigung sieht \u2013 man finde eigentlich \u00fcber die Kultur und nicht \u00fcber die Politik in der Welt zueinander, so <a href=\"https:\/\/freedert.online\/inland\/278328-tino-eisbrenner-am-elbe-tag-friedensbewegung-muss-attraktiver-werden\/\" target=\"_blank\" rel=\"noopener noreferrer\">erkl\u00e4rte er in unserem Gespr\u00e4ch<\/a> am Elbe-Tag.<\/p>\n<p>Bei &#8222;Torgau f\u00fcr Frieden&#8220; kamen ein lokaler Kinderchor, Simone &amp; J\u00f6rg, die Jenaer Musikerin Corinna Gehre,, Songpoet Tino Eisbrenner und Klangk\u00fcnstler Jens Fischer Rodrian, die miteinander spontan spannende Trios bildeten, sowie der Dresdner Liedermacher Yann Song King mehrfach abwechselnd mit politischen Rednern auf die B\u00fchne. \u00a0Bei der DKP-Kundgebung war es die Vokalgruppe des Vereins &#8222;Integral&#8220;, die f\u00fcnf bekannte russisch-sowjetische Lieder aus dem umfangreichen kulturellen Nachlass zum Megakomplex &#8222;Gro\u00dfer Vaterl\u00e4ndischer Krieg&#8220; vortrug. Auch Achim Bigus mit dem \u201eWeltuntergangsblues\u201c war bei der DKP mit von der Partie.<\/p>\n<div class=\"EmbedBlock-root EmbedBlock-youtube\">\n<div class=\"YouTubeEmbed\">Dabei h\u00e4tten alle diese S\u00e4nger genauso auf der jeweils anderen Veranstaltung oder gleich auf beiden auftreten k\u00f6nnen: Das Programm, die Stimmung, das Publikum, all das passte. So singt Integral bei seinen Auftritten gern den Klassiker aus DDR-Zeiten &#8222;Immer lebe die Sonne&#8220; zum Mitsingen auf Russisch und Deutsch \u2013 so wie es in Torgau Gehre und Voss getan haben. In Torgau auf der DKP-Hauptkundgebung auf dem Marktplatz sangen Integral-Musiker dieses Mal &#8222;Zhurawli&#8220; \u2013 das sowjetische Lied, das ausgerechnet Eisbrenner in seiner deutschen Version bekannt gemacht hat. Wenn es nach Corinna Gehre ginge, w\u00e4re eine Zusammenf\u00fchrung beider Kundgebungen eine &#8222;ganz, ganz grandiose und tolle Sache&#8220;. Mit &#8222;Torgau f\u00fcr Frieden&#8220; punktete sie dieses Jahr unter anderem mit einer gef\u00fchlvoll gesungenen DDR-Hymne.<\/div>\n<\/div>\n<p>Man kann mit ziemlich gro\u00dfer Sicherheit davon ausgehen, dass es im n\u00e4chsten Jahr Kulturschaffende sein werden, die einen Zusammenschluss im Sinne Eisbrenners verwirklichen. Aber eine Gefahr besteht: Der Krieg naht in unseren Breiten viel schneller, als vielf\u00e4ltig schattierte Friedenskr\u00e4fte einen Konsens f\u00fcr eine Kundgebung in einer s\u00e4chsischen Provinzstadt finden k\u00f6nnen.<\/p>\n<p style=\"text-align: right;\"><em>Wladislaw Sankin ist Korrespondent\u00a0 bei RT DE<\/em><\/p>\n<hr \/>\n<p><strong>Siehe zum Thema auch:<\/strong><\/p>\n<blockquote class=\"wp-embedded-content\" data-secret=\"Npt8JbF7op\"><p><a href=\"https:\/\/www.freidenker.org\/?p=25117\">Elbe-Tag in Torgau 2026: Fotos, Videos und Berichte<\/a><\/p><\/blockquote>\n<p><iframe loading=\"lazy\" class=\"wp-embedded-content\" sandbox=\"allow-scripts\" security=\"restricted\" style=\"position: absolute; visibility: hidden;\" title=\"&#8222;Elbe-Tag in Torgau 2026: Fotos, Videos und Berichte&#8220; &#8211; Deutscher Freidenker-Verband e.V.\" src=\"https:\/\/www.freidenker.org\/?p=25117&#038;embed=true#?secret=rIWGN5KeMs#?secret=Npt8JbF7op\" data-secret=\"Npt8JbF7op\" width=\"600\" height=\"338\" frameborder=\"0\" marginwidth=\"0\" marginheight=\"0\" scrolling=\"no\"><\/iframe><\/p>\n<hr \/>\n<p><span style=\"font-size: 10pt;\">Bild oben: Tino Eisbrenner (links) begr\u00fc\u00dft den Demonstrationszug der DKP (rechts), Torgau 25.04.2026<\/span><br \/>\n<span style=\"font-size: 10pt;\">\u00a9 <em>Wladislaw Sankin<\/em><\/span><\/p>\n","protected":false},"excerpt":{"rendered":"<p><b>Elbe-Tag in Torgau macht es vor<\/b><br \/>\n<b>Beitrag von Wladislaw Sankin<\/b><br \/>\n&#8222;Dem Elbe-Tag zu gedenken hei\u00dft: Raus aus der NATO! Die Erhaltung des Friedens ist oberstes Gebot.\u201c Mit diesem Banner der DKP-Torgau zogen Demonstranten am Elbe-Tag durch die Stra\u00dfen der schmucken s\u00e4chsischen Kleinstadt. [&#8230;] Hinter dem Banner stand eine Kolonne mit roten Fahnen und weiteren Anti-NATO-Plakaten, aus den Lautsprechern t\u00f6nte Musik. Nicht sehr zahlreich, aber gut organisiert und entschlossen wirkte die Gruppe. Man fragte sich unwillk\u00fcrlich: Was passiert jetzt? Denn der Ton aus den Lautsprechern wurde nicht leiser, sodass es f\u00fcr einen kurzen Moment zum Gewirr aus Stimmen, Musik und Rufen kam. Der DKP-Zug stand quer vor einer Menschentraube einer anderen Kundgebung, \u201eTorgau f\u00fcr Frieden\u201c Diese wurde bei vielen Friedensbewegten als Konkurrenz zum DKP-Marsch wahrgenommen. W\u00fcrden jetzt beide Gruppen miteinander kollidieren? Auf der B\u00fchne stand S\u00e4nger Tino Eisbrenner und hielt eine Ansprache, die alle derartigen Sorgen beseitigte.<\/p>\n","protected":false},"author":3,"featured_media":25172,"comment_status":"closed","ping_status":"closed","sticky":false,"template":"","format":"standard","meta":{"colormag_page_container_layout":"default_layout","colormag_page_sidebar_layout":"default_layout","advanced_seo_description":"","jetpack_seo_html_title":"","jetpack_seo_noindex":false,"jetpack_post_was_ever_published":false,"footnotes":""},"categories":[574,13],"tags":[1031,1398,1910,411,789,2600,451,335,43,958,57,925,704,2293,939,222,1774,1845],"class_list":["post-25168","post","type-post","status-publish","format-standard","has-post-thumbnail","hentry","category-aktuelles","category-frieden-antifaschismus-solidaritaet","tag-afd","tag-aufruestung","tag-buendnisse","tag-demonstration","tag-dkp","tag-elbe-tag","tag-faschismus","tag-frieden","tag-friedensbewegung","tag-kpd","tag-kriegsgefahr","tag-kundgebung","tag-militarisierung","tag-mittelstreckenraketen","tag-musik","tag-russland","tag-torgau","tag-zusammenarbeit"],"jetpack_featured_media_url":"https:\/\/i0.wp.com\/www.freidenker.org\/fw17\/wp-content\/uploads\/2026\/05\/eisbrenner_begruesst_dkp-demonstrationszug_c_Sankin_800x450.jpg?fit=800%2C450&ssl=1","jetpack_shortlink":"https:\/\/wp.me\/p9stpK-6xW","jetpack-related-posts":[{"id":25117,"url":"https:\/\/www.freidenker.org\/?p=25117","url_meta":{"origin":25168,"position":0},"title":"Elbe-Tag in Torgau 2026: Fotos, Videos und Berichte","author":"Webredaktion","date":"30. April 2026","format":false,"excerpt":"Vor 81 Jahren, am 25. April 1945, trafen sowjetische und US-amerikanische Truppen bei Torgau an der Elbe aufeinander und vereinigten somit die Ost- und Westfront. [...] Wie in den vergangenen Jahren, war der Tag der Begegnung auch dieses Jahr Anlass zu Demonstrationen und Kundgebungen. Da der Gedenktag in diesem Jahr\u2026","rel":"","context":"In &quot;Aktuelles&quot;","block_context":{"text":"Aktuelles","link":"https:\/\/www.freidenker.org\/?cat=574"},"img":{"alt_text":"","src":"https:\/\/i0.wp.com\/www.freidenker.org\/fw17\/wp-content\/uploads\/2026\/04\/torgau2026_zwei_buehnen_800x450.jpg?fit=800%2C450&ssl=1&resize=350%2C200","width":350,"height":200,"srcset":"https:\/\/i0.wp.com\/www.freidenker.org\/fw17\/wp-content\/uploads\/2026\/04\/torgau2026_zwei_buehnen_800x450.jpg?fit=800%2C450&ssl=1&resize=350%2C200 1x, https:\/\/i0.wp.com\/www.freidenker.org\/fw17\/wp-content\/uploads\/2026\/04\/torgau2026_zwei_buehnen_800x450.jpg?fit=800%2C450&ssl=1&resize=525%2C300 1.5x, https:\/\/i0.wp.com\/www.freidenker.org\/fw17\/wp-content\/uploads\/2026\/04\/torgau2026_zwei_buehnen_800x450.jpg?fit=800%2C450&ssl=1&resize=700%2C400 2x"},"classes":[]},{"id":12804,"url":"https:\/\/www.freidenker.org\/?p=12804","url_meta":{"origin":25168,"position":1},"title":"Auf zum \u201eTag der Begegnung\u201c am 23. April 2022 nach Torgau!","author":"Webredaktion","date":"16. April 2022","format":false,"excerpt":"Am 23. April 2022 wird in Torgau anl\u00e4sslich des \u201eTages der Begegnung\u201c erneut eine Friedensdemonstration stattfinden. Der \u201eTag der Begegnung\u201c erinnert an das Zusammentreffen der Soldaten der Roten Armee und der US\u2013Armee am 25.April 1945 an der Elbe und Ihren historischen Handschlag, der zum Symbol der Befreiung vom Faschismus und\u2026","rel":"","context":"In &quot;Frieden - Antifaschismus - Solidarit\u00e4t&quot;","block_context":{"text":"Frieden - Antifaschismus - Solidarit\u00e4t","link":"https:\/\/www.freidenker.org\/?cat=13"},"img":{"alt_text":"","src":"https:\/\/i0.wp.com\/www.freidenker.org\/fw17\/wp-content\/uploads\/2022\/04\/DEMONSTRATION-AM-23.-APRIL-2022-800x450-1.jpg?fit=800%2C450&ssl=1&resize=350%2C200","width":350,"height":200,"srcset":"https:\/\/i0.wp.com\/www.freidenker.org\/fw17\/wp-content\/uploads\/2022\/04\/DEMONSTRATION-AM-23.-APRIL-2022-800x450-1.jpg?fit=800%2C450&ssl=1&resize=350%2C200 1x, https:\/\/i0.wp.com\/www.freidenker.org\/fw17\/wp-content\/uploads\/2022\/04\/DEMONSTRATION-AM-23.-APRIL-2022-800x450-1.jpg?fit=800%2C450&ssl=1&resize=525%2C300 1.5x, https:\/\/i0.wp.com\/www.freidenker.org\/fw17\/wp-content\/uploads\/2022\/04\/DEMONSTRATION-AM-23.-APRIL-2022-800x450-1.jpg?fit=800%2C450&ssl=1&resize=700%2C400 2x"},"classes":[]},{"id":21679,"url":"https:\/\/www.freidenker.org\/?p=21679","url_meta":{"origin":25168,"position":2},"title":"80 Jahre Begegnung an der Elbe","author":"Webredaktion","date":"5. Mai 2025","format":false,"excerpt":"Beitrag von Klaus Hartmann Stadt Torgau gestaltet einen Tag der W\u00fcrdelosigkeit - Am historischen Jahrestag des Zusammentreffens von Soldaten der Roten Armee und der US-Armee hat die Stadt Torgau auch 2025 zum Gedenken am Begegnungs-Denkmal geladen. Der \u201eElbe-Tag\u201c hei\u00dft inzwischen \u201eElbe Day\u201c, und auf gro\u00dffl\u00e4chigen Plakaten warb die Stadt: \u201eSchafft\u2026","rel":"","context":"In &quot;Frieden - Antifaschismus - Solidarit\u00e4t&quot;","block_context":{"text":"Frieden - Antifaschismus - Solidarit\u00e4t","link":"https:\/\/www.freidenker.org\/?cat=13"},"img":{"alt_text":"","src":"https:\/\/i0.wp.com\/www.freidenker.org\/fw17\/wp-content\/uploads\/2025\/05\/Torgau-2025_800x450.jpg?fit=800%2C450&ssl=1&resize=350%2C200","width":350,"height":200,"srcset":"https:\/\/i0.wp.com\/www.freidenker.org\/fw17\/wp-content\/uploads\/2025\/05\/Torgau-2025_800x450.jpg?fit=800%2C450&ssl=1&resize=350%2C200 1x, https:\/\/i0.wp.com\/www.freidenker.org\/fw17\/wp-content\/uploads\/2025\/05\/Torgau-2025_800x450.jpg?fit=800%2C450&ssl=1&resize=525%2C300 1.5x, https:\/\/i0.wp.com\/www.freidenker.org\/fw17\/wp-content\/uploads\/2025\/05\/Torgau-2025_800x450.jpg?fit=800%2C450&ssl=1&resize=700%2C400 2x"},"classes":[]},{"id":10098,"url":"https:\/\/www.freidenker.org\/?p=10098","url_meta":{"origin":25168,"position":3},"title":"Elbe Tag: Torgauer &#8222;Offizielle&#8220; nicht unter sich","author":"Webredaktion","date":"29. April 2021","format":false,"excerpt":"Nachdem am 24.04.2021 die gro\u00dfe Friedensdemonstration durch Auflagen der Versammlungsbeh\u00f6rde des Nordkreises Sachsen auf vier Kundgebungen reduziert wurde, fand am Sonntag, 25.04.2021 das \"staatsoffizielle\" Gedenken statt. Die Torgauer Zeitung hatte die Ank\u00fcndigung als 21-Zeilen-Meldung tief im Lokalteil versteckt, und das Gedenken \"als Minimalvariante\" angek\u00fcndigt, es w\u00fcrde \"nur im kleinen Rahmen\u2026","rel":"","context":"In &quot;Frieden - Antifaschismus - Solidarit\u00e4t&quot;","block_context":{"text":"Frieden - Antifaschismus - Solidarit\u00e4t","link":"https:\/\/www.freidenker.org\/?cat=13"},"img":{"alt_text":"","src":"https:\/\/i0.wp.com\/www.freidenker.org\/fw17\/wp-content\/uploads\/2021\/04\/torgau-2021_offiziell_v2_800x450.jpg?fit=800%2C450&ssl=1&resize=350%2C200","width":350,"height":200,"srcset":"https:\/\/i0.wp.com\/www.freidenker.org\/fw17\/wp-content\/uploads\/2021\/04\/torgau-2021_offiziell_v2_800x450.jpg?fit=800%2C450&ssl=1&resize=350%2C200 1x, https:\/\/i0.wp.com\/www.freidenker.org\/fw17\/wp-content\/uploads\/2021\/04\/torgau-2021_offiziell_v2_800x450.jpg?fit=800%2C450&ssl=1&resize=525%2C300 1.5x, https:\/\/i0.wp.com\/www.freidenker.org\/fw17\/wp-content\/uploads\/2021\/04\/torgau-2021_offiziell_v2_800x450.jpg?fit=800%2C450&ssl=1&resize=700%2C400 2x"},"classes":[]},{"id":9848,"url":"https:\/\/www.freidenker.org\/?p=9848","url_meta":{"origin":25168,"position":4},"title":"Elbe Tag &#8211; Demonstration in Torgau am 24. April 2021","author":"Webredaktion","date":"6. April 2021","format":false,"excerpt":"Torgau 1945-2021 - 76. Jahrestag der Begegnung - 80. Jahrestag des \u00dcberfalls Nazideutschlands auf die Sowjetunion Der Deutsche Freidenker-Verband unterst\u00fctzt die Initiative der DKP und anderer Organisationen, den Jahrestag des Zusammentreffens der Roten Armee und US-amerikanischer Truppen in Torgau 1945 zu einer Manifestation f\u00fcr den Frieden mit Russland und China\u2026","rel":"","context":"In &quot;Frieden - Antifaschismus - Solidarit\u00e4t&quot;","block_context":{"text":"Frieden - Antifaschismus - Solidarit\u00e4t","link":"https:\/\/www.freidenker.org\/?cat=13"},"img":{"alt_text":"","src":"https:\/\/i0.wp.com\/www.freidenker.org\/fw17\/wp-content\/uploads\/2021\/04\/Torgau_Elbe_Tag_800x450.jpg?fit=800%2C450&ssl=1&resize=350%2C200","width":350,"height":200,"srcset":"https:\/\/i0.wp.com\/www.freidenker.org\/fw17\/wp-content\/uploads\/2021\/04\/Torgau_Elbe_Tag_800x450.jpg?fit=800%2C450&ssl=1&resize=350%2C200 1x, https:\/\/i0.wp.com\/www.freidenker.org\/fw17\/wp-content\/uploads\/2021\/04\/Torgau_Elbe_Tag_800x450.jpg?fit=800%2C450&ssl=1&resize=525%2C300 1.5x, https:\/\/i0.wp.com\/www.freidenker.org\/fw17\/wp-content\/uploads\/2021\/04\/Torgau_Elbe_Tag_800x450.jpg?fit=800%2C450&ssl=1&resize=700%2C400 2x"},"classes":[]},{"id":15812,"url":"https:\/\/www.freidenker.org\/?p=15812","url_meta":{"origin":25168,"position":5},"title":"Elbe Tag \u2013 Torgau 1945-2023","author":"Webredaktion","date":"20. April 2023","format":false,"excerpt":"78. Jahrestag der Begegnung - 82. Jahrestag des \u00dcberfalls Nazideutschlands auf die Sowjetunion Friedensdemonstration & Kundgebung am 22. April 2023, 12:00 Uhr am Br\u00fcckenkopf Torgau (Ostufer) Aus dem Aufruf: \u201eDer Schwur von Torgau muss lebendiges Zeugnis unseres Strebens nach einer Welt ohne Krieg bleiben!\u201c. Der Schwur der Soldaten der Roten\u2026","rel":"","context":"In &quot;Frieden - Antifaschismus - Solidarit\u00e4t&quot;","block_context":{"text":"Frieden - Antifaschismus - Solidarit\u00e4t","link":"https:\/\/www.freidenker.org\/?cat=13"},"img":{"alt_text":"","src":"https:\/\/i0.wp.com\/www.freidenker.org\/fw17\/wp-content\/uploads\/2023\/04\/Torgau_2023_800x450.jpg?fit=800%2C450&ssl=1&resize=350%2C200","width":350,"height":200,"srcset":"https:\/\/i0.wp.com\/www.freidenker.org\/fw17\/wp-content\/uploads\/2023\/04\/Torgau_2023_800x450.jpg?fit=800%2C450&ssl=1&resize=350%2C200 1x, https:\/\/i0.wp.com\/www.freidenker.org\/fw17\/wp-content\/uploads\/2023\/04\/Torgau_2023_800x450.jpg?fit=800%2C450&ssl=1&resize=525%2C300 1.5x, https:\/\/i0.wp.com\/www.freidenker.org\/fw17\/wp-content\/uploads\/2023\/04\/Torgau_2023_800x450.jpg?fit=800%2C450&ssl=1&resize=700%2C400 2x"},"classes":[]}],"_links":{"self":[{"href":"https:\/\/www.freidenker.org\/index.php?rest_route=\/wp\/v2\/posts\/25168","targetHints":{"allow":["GET"]}}],"collection":[{"href":"https:\/\/www.freidenker.org\/index.php?rest_route=\/wp\/v2\/posts"}],"about":[{"href":"https:\/\/www.freidenker.org\/index.php?rest_route=\/wp\/v2\/types\/post"}],"author":[{"embeddable":true,"href":"https:\/\/www.freidenker.org\/index.php?rest_route=\/wp\/v2\/users\/3"}],"replies":[{"embeddable":true,"href":"https:\/\/www.freidenker.org\/index.php?rest_route=%2Fwp%2Fv2%2Fcomments&post=25168"}],"version-history":[{"count":4,"href":"https:\/\/www.freidenker.org\/index.php?rest_route=\/wp\/v2\/posts\/25168\/revisions"}],"predecessor-version":[{"id":25173,"href":"https:\/\/www.freidenker.org\/index.php?rest_route=\/wp\/v2\/posts\/25168\/revisions\/25173"}],"wp:featuredmedia":[{"embeddable":true,"href":"https:\/\/www.freidenker.org\/index.php?rest_route=\/wp\/v2\/media\/25172"}],"wp:attachment":[{"href":"https:\/\/www.freidenker.org\/index.php?rest_route=%2Fwp%2Fv2%2Fmedia&parent=25168"}],"wp:term":[{"taxonomy":"category","embeddable":true,"href":"https:\/\/www.freidenker.org\/index.php?rest_route=%2Fwp%2Fv2%2Fcategories&post=25168"},{"taxonomy":"post_tag","embeddable":true,"href":"https:\/\/www.freidenker.org\/index.php?rest_route=%2Fwp%2Fv2%2Ftags&post=25168"}],"curies":[{"name":"wp","href":"https:\/\/api.w.org\/{rel}","templated":true}]}}