{"id":25142,"date":"2026-05-02T05:19:13","date_gmt":"2026-05-02T03:19:13","guid":{"rendered":"https:\/\/www.freidenker.org\/?p=25142"},"modified":"2026-05-02T05:19:13","modified_gmt":"2026-05-02T03:19:13","slug":"leben-mit-katastrophen-von-der-vergangenheit-bis-zur-gegenwart","status":"publish","type":"post","link":"https:\/\/www.freidenker.org\/?p=25142","title":{"rendered":"Leben mit Katastrophen \u2013 Von der Vergangenheit bis zur Gegenwart"},"content":{"rendered":"<p><em>Einladung zu einer Veranstaltung am\u00a0<strong>6. und 7. Juni 2026 <\/strong>im <strong>Conference Center der Toskana Therme Bad Sulza<\/strong><\/em><\/p>\n<p>Wie gehen Gesellschaften mit Katastrophen, Kriegserfahrungen und historischen Umbr\u00fcchen um und welche Spuren reichen bis in die Gegenwart? Diesen Fragen widmet sich die Veranstaltung des Instituts f\u00fcr mediale und kulturelle Vielfalt<\/p>\n<p><strong>Termin: 6. und 7. Juni 2026<\/strong><\/p>\n<p><strong>Ort: Conference Center der Toskana Therme Bad Sulza.<\/strong><\/p>\n<p>&nbsp;<\/p>\n<p>Im Mittelpunkt stehen die Krisen- und Umbruchzeiten des 20. Jahrhunderts in ihren historischen, kulturellen und gesellschaftlichen Dimensionen. Wissenschaftliche Beitr\u00e4ge, Zeitzeugenberichte und kulturelle Elemente greifen ineinander und schaffen einen Raum f\u00fcr Austausch, Begegnung und gemeinsames Erinnern.<\/p>\n<p>Der Auftakt am Samstag, 6. Juni setzt bewusst einen regionalen Schwerpunkt: Um 15 Uhr beleuchtet eine Podiumsdiskussion das Stammlager der Wehrmacht IXC in Bad Sulza in den Jahren 1940 bis 1945. Der Historiker Udo Wohlfeld spricht \u00fcber die aktuellen Ergebnisse seiner eigenen Forschung der letzten Jahre und ordnet die lokale Geschichte in gr\u00f6\u00dfere Zusammenh\u00e4nge ein. Zeitzeugenberichte erg\u00e4nzen den Vortrag. Um 19 Uhr folgt mit der Filmvorf\u00fchrung \u201eKomm und sieh\u201c ein eindringlicher k\u00fcnstlerischer Zugang zum Thema Krieg und Gewalt, der die Perspektive des individuellen Erlebens in den Vordergrund r\u00fcckt.<\/p>\n<p>Der Sonntag, 7. Juni, richtet den Blick st\u00e4rker auf die internationalen Dimensionen des Zweiten Weltkriegs und seine Folgen. Um 9.30 Uhr spricht Dr. Hauke Ritz \u00fcber den Angriff Deutschlands auf die Sowjetunion und dessen auch langfristige Auswirkungen; im Anschluss besteht Gelegenheit zur Diskussion. Am Nachmittag vertieft Prof. Klaus-Dieter Kolenda um 14 Uhr mit seinem Vortrag \u201eBelarus\/Wei\u00dfrussland 1941\u20131944\u201c die Perspektive auf diese \u00a0besonders betroffene Region Osteuropas, die in dieser Zeit ein Drittel ihrer Bev\u00f6lkerung verlor. Danach folgt der Beitrag \u201eEine Reise nach Belarus im Jahr 2025\u201c, in dem Jan Gorski gemeinsam mit Prof. Klaus-Dieter Kolenda ihre pers\u00f6nlichen Eindr\u00fccke schildern und so eine Br\u00fccke zwischen historischer Erinnerung und gegenw\u00e4rtiger Erfahrung schlagen.<\/p>\n<p>Musikalische Beitr\u00e4ge des ukrainischen Ensembles <em>Vinotschok<\/em> werden die Themen des Wochenendes atmosph\u00e4risch begleiten und vertiefen.<\/p>\n<p>Die Veranstaltung versteht sich als Beitrag zur historischen Bildung und zum kulturellen Dialog. Sie l\u00e4dt dazu ein, unterschiedliche Perspektiven kennenzulernen und sich reflektiert mit Vergangenheit und Gegenwart auseinanderzusetzen.<\/p>\n<p><img data-recalc-dims=\"1\" loading=\"lazy\" decoding=\"async\" data-attachment-id=\"25144\" data-permalink=\"https:\/\/www.freidenker.org\/?attachment_id=25144\" data-orig-file=\"https:\/\/i0.wp.com\/www.freidenker.org\/fw17\/wp-content\/uploads\/2026\/05\/Logo-Institut-Vielfalt_826x486-lg.jpg?fit=826%2C486&amp;ssl=1\" data-orig-size=\"826,486\" data-comments-opened=\"0\" data-image-meta=\"{&quot;aperture&quot;:&quot;0&quot;,&quot;credit&quot;:&quot;&quot;,&quot;camera&quot;:&quot;&quot;,&quot;caption&quot;:&quot;&quot;,&quot;created_timestamp&quot;:&quot;0&quot;,&quot;copyright&quot;:&quot;&quot;,&quot;focal_length&quot;:&quot;0&quot;,&quot;iso&quot;:&quot;0&quot;,&quot;shutter_speed&quot;:&quot;0&quot;,&quot;title&quot;:&quot;&quot;,&quot;orientation&quot;:&quot;1&quot;}\" data-image-title=\"Logo-Institut-Vielfalt_826x486-lg\" data-image-description=\"\" data-image-caption=\"\" data-large-file=\"https:\/\/i0.wp.com\/www.freidenker.org\/fw17\/wp-content\/uploads\/2026\/05\/Logo-Institut-Vielfalt_826x486-lg.jpg?fit=800%2C471&amp;ssl=1\" class=\"alignnone wp-image-25144 size-medium\" src=\"https:\/\/i0.wp.com\/www.freidenker.org\/fw17\/wp-content\/uploads\/2026\/05\/Logo-Institut-Vielfalt_826x486-lg.jpg?resize=300%2C177&#038;ssl=1\" alt=\"\" width=\"300\" height=\"177\" srcset=\"https:\/\/i0.wp.com\/www.freidenker.org\/fw17\/wp-content\/uploads\/2026\/05\/Logo-Institut-Vielfalt_826x486-lg.jpg?resize=300%2C177&amp;ssl=1 300w, https:\/\/i0.wp.com\/www.freidenker.org\/fw17\/wp-content\/uploads\/2026\/05\/Logo-Institut-Vielfalt_826x486-lg.jpg?resize=768%2C452&amp;ssl=1 768w, https:\/\/i0.wp.com\/www.freidenker.org\/fw17\/wp-content\/uploads\/2026\/05\/Logo-Institut-Vielfalt_826x486-lg.jpg?w=826&amp;ssl=1 826w\" sizes=\"auto, (max-width: 300px) 100vw, 300px\" \/><\/p>\n<p>Veranstalter: Privates Institut f\u00fcr mediale und kulturelle Vielfalt\u00a0\u00a0 e.V., Schlosshof 3 &#8211;\u00a0 99518 Auerstedt<br \/>\nTel: 036461 930528, Fax:036461 86765, info@institut-vielfalt.de<\/p>\n<h5>Download<\/h5>\n<p><img data-recalc-dims=\"1\" loading=\"lazy\" decoding=\"async\" data-attachment-id=\"1076\" data-permalink=\"https:\/\/www.freidenker.org\/?attachment_id=1076\" data-orig-file=\"https:\/\/i0.wp.com\/www.freidenker.org\/fw17\/wp-content\/uploads\/2017\/10\/pdf_icon-2.png?fit=32%2C32&amp;ssl=1\" data-orig-size=\"32,32\" data-comments-opened=\"0\" data-image-meta=\"{&quot;aperture&quot;:&quot;0&quot;,&quot;credit&quot;:&quot;&quot;,&quot;camera&quot;:&quot;&quot;,&quot;caption&quot;:&quot;&quot;,&quot;created_timestamp&quot;:&quot;0&quot;,&quot;copyright&quot;:&quot;&quot;,&quot;focal_length&quot;:&quot;0&quot;,&quot;iso&quot;:&quot;0&quot;,&quot;shutter_speed&quot;:&quot;0&quot;,&quot;title&quot;:&quot;&quot;,&quot;orientation&quot;:&quot;0&quot;}\" data-image-title=\"pdf_icon\" data-image-description=\"\" data-image-caption=\"\" data-large-file=\"https:\/\/i0.wp.com\/www.freidenker.org\/fw17\/wp-content\/uploads\/2017\/10\/pdf_icon-2.png?fit=32%2C32&amp;ssl=1\" class=\"alignnone size-full wp-image-1076\" src=\"https:\/\/i0.wp.com\/www.freidenker.org\/fw17\/wp-content\/uploads\/2017\/10\/pdf_icon-2.png?resize=32%2C32&#038;ssl=1\" alt=\"\" width=\"32\" height=\"32\" \/>\u00a0<a href=\"https:\/\/www.freidenker.org\/fw17\/wp-content\/uploads\/2026\/05\/Leben-mit-Katastrophen-Flyer-A4-Blatt.docx.pdf\" target=\"_blank\" rel=\"noopener\">Flyer zur Veranstaltung &#8222;Leben mit Katastrophen&#8220;<\/a> (PDF-Dokument, ca. 569 KB. Format A4 zum teilen auf 2 x A5)<\/p>\n<hr \/>\n<p><span style=\"font-size: 10pt;\">Bild oben: Szenenfoto aus dem Film &#8222;Komm und sieh&#8220;<\/span><br \/>\n<span style=\"font-size: 10pt;\">\u00a9 Mosfilm 1985<\/span><br \/>\n<span style=\"font-size: 10pt;\">Quelle: <a href=\"https:\/\/www.bildstoerung.tv\/blog\/komm-und-sieh-presse\/\" target=\"_blank\" rel=\"noopener\">bildstoerung.tv<\/a><\/span><\/p>\n","protected":false},"excerpt":{"rendered":"<p>Einladung zu einer Veranstaltung am\u00a06. und 7. Juni 2026 im Conference Center der Toskana Therme Bad Sulza<br \/>\nWie gehen Gesellschaften mit Katastrophen, Kriegserfahrungen und historischen Umbr\u00fcchen um und welche Spuren reichen bis in die Gegenwart? Diesen Fragen widmet sich die Veranstaltung des Instituts f\u00fcr mediale und kulturelle Vielfalt. Im Mittelpunkt stehen die Krisen- und Umbruchzeiten des 20. Jahrhunderts in ihren historischen, kulturellen und gesellschaftlichen Dimensionen. Wissenschaftliche Beitr\u00e4ge, Zeitzeugenberichte und kulturelle Elemente greifen ineinander und schaffen einen Raum f\u00fcr Austausch, Begegnung und gemeinsames Erinnern. [&#8230;] Die Veranstaltung versteht sich als Beitrag zur historischen Bildung und zum kulturellen Dialog. Sie l\u00e4dt dazu ein, unterschiedliche Perspektiven kennenzulernen und sich reflektiert mit Vergangenheit und Gegenwart auseinanderzusetzen.<\/p>\n","protected":false},"author":3,"featured_media":25145,"comment_status":"closed","ping_status":"closed","sticky":false,"template":"","format":"standard","meta":{"colormag_page_container_layout":"default_layout","colormag_page_sidebar_layout":"default_layout","advanced_seo_description":"","jetpack_seo_html_title":"","jetpack_seo_noindex":false,"jetpack_post_was_ever_published":false,"footnotes":""},"categories":[574,20],"tags":[648,567,1659,960,2191,491,1069,188,668,1051,2554,1050],"class_list":["post-25142","post","type-post","status-publish","format-standard","has-post-thumbnail","hentry","category-aktuelles","category-zentrale-veranstaltungen","tag-2-weltkrieg","tag-bildung","tag-dialog","tag-faschistischer-ueberfall-auf-die-sowjetunion","tag-film","tag-geschichte","tag-katastrophe","tag-krieg","tag-kultur","tag-thueringen","tag-umbruch","tag-veranstaltung"],"jetpack_featured_media_url":"https:\/\/i0.wp.com\/www.freidenker.org\/fw17\/wp-content\/uploads\/2026\/05\/geh_und_sieh_800x450.jpg?fit=800%2C450&ssl=1","jetpack_shortlink":"https:\/\/wp.me\/p9stpK-6xw","jetpack-related-posts":[{"id":13349,"url":"https:\/\/www.freidenker.org\/?p=13349","url_meta":{"origin":25142,"position":0},"title":"LINKER LIEDERSOMMER FINDET STATT: 10.-12.06.2022 in Bad Orb!","author":"Webredaktion","date":"7. Juni 2022","format":false,"excerpt":"Eine Woche vor dem Ereignis, dem wir mit gro\u00dfer Erwartung entgegenfieberten, kam es kn\u00fcppeldick. Seit zwei Jahre konnten wir wegen der \u201eCorona-Ma\u00dfnahmen\u201c unser Kulturseminar nicht durchf\u00fchren, umso mehr freuten wir uns auf ein Wiedersehn am bevorstehenden Wochenende. Doch wir hatten die Rechnung ohne den Wirt gemacht, der hat uns n\u00e4mlich\u2026","rel":"","context":"In &quot;Kultur &amp; Kunst&quot;","block_context":{"text":"Kultur &amp; Kunst","link":"https:\/\/www.freidenker.org\/?cat=913"},"img":{"alt_text":"","src":"https:\/\/i0.wp.com\/www.freidenker.org\/fw17\/wp-content\/uploads\/2022\/06\/LiLiSo_2019_mitLogo_800x450.jpg?fit=800%2C450&ssl=1&resize=350%2C200","width":350,"height":200,"srcset":"https:\/\/i0.wp.com\/www.freidenker.org\/fw17\/wp-content\/uploads\/2022\/06\/LiLiSo_2019_mitLogo_800x450.jpg?fit=800%2C450&ssl=1&resize=350%2C200 1x, https:\/\/i0.wp.com\/www.freidenker.org\/fw17\/wp-content\/uploads\/2022\/06\/LiLiSo_2019_mitLogo_800x450.jpg?fit=800%2C450&ssl=1&resize=525%2C300 1.5x, https:\/\/i0.wp.com\/www.freidenker.org\/fw17\/wp-content\/uploads\/2022\/06\/LiLiSo_2019_mitLogo_800x450.jpg?fit=800%2C450&ssl=1&resize=700%2C400 2x"},"classes":[]},{"id":4646,"url":"https:\/\/www.freidenker.org\/?p=4646","url_meta":{"origin":25142,"position":1},"title":"Offenes Freidenkertreffen vom 16. bis 18.03.2018 im Harz","author":"Webredaktion","date":"27. Februar 2018","format":false,"excerpt":"Die Landesverb\u00e4nde des DFV Niedersachsen und Sachsen-Anhalt laden vom 16. bis 18.03.2018 zu einer gemeinsamen Bildungsveranstaltung in den Harz nach Sankt Andreasberg ein. Diese Veranstaltung ist offen und dient nicht nur der politischen Bildung und dem Meinungsaustausch, sondern auch des gegenseitigen Kennenlernens. Dem Programm entsprechend spielt politische Bildung eine bedeutende\u2026","rel":"","context":"In &quot;Veranstaltungen in den DFV-Landesverb\u00e4nden&quot;","block_context":{"text":"Veranstaltungen in den DFV-Landesverb\u00e4nden","link":"https:\/\/www.freidenker.org\/?cat=19"},"img":{"alt_text":"Nerven, Quelle: https:\/\/pixabay.com\/de\/nerven-zellen-dendriten-sepia-3115722\/","src":"https:\/\/i0.wp.com\/www.freidenker.org\/fw17\/wp-content\/uploads\/2018\/02\/nerves-3115722_800x445_bearbeitet.jpg?fit=800%2C445&ssl=1&resize=350%2C200","width":350,"height":200,"srcset":"https:\/\/i0.wp.com\/www.freidenker.org\/fw17\/wp-content\/uploads\/2018\/02\/nerves-3115722_800x445_bearbeitet.jpg?fit=800%2C445&ssl=1&resize=350%2C200 1x, https:\/\/i0.wp.com\/www.freidenker.org\/fw17\/wp-content\/uploads\/2018\/02\/nerves-3115722_800x445_bearbeitet.jpg?fit=800%2C445&ssl=1&resize=525%2C300 1.5x, https:\/\/i0.wp.com\/www.freidenker.org\/fw17\/wp-content\/uploads\/2018\/02\/nerves-3115722_800x445_bearbeitet.jpg?fit=800%2C445&ssl=1&resize=700%2C400 2x"},"classes":[]},{"id":13397,"url":"https:\/\/www.freidenker.org\/?p=13397","url_meta":{"origin":25142,"position":2},"title":"\u201eCancel Culture\u201c getrotzt: Erfolgreicher Liedersommer der Freidenker","author":"Webredaktion","date":"15. Juni 2022","format":false,"excerpt":"Bildergalerie vom Linken Liedersommer 2022 \u00dcber 100 Teilnehmer konnte der Freidenker-Vorsitzende Sebastian Bahlo am Wochenende in Bad Orb beim 9. Kulturseminar des Verbandes \u201eF\u00fcr eine solidarische Welt \u2013 gegen Ausbeutung und Krieg\u201c begr\u00fc\u00dfen. Viele sahen ihre Teilnahme auch als bewussten Protest gegen die Denunziatoren, die das Naturfreundehaus Rahnenhof in der\u2026","rel":"","context":"In &quot;Kultur &amp; Kunst&quot;","block_context":{"text":"Kultur &amp; Kunst","link":"https:\/\/www.freidenker.org\/?cat=913"},"img":{"alt_text":"","src":"https:\/\/i0.wp.com\/www.freidenker.org\/fw17\/wp-content\/uploads\/2022\/06\/LiLiSo2022_collage_800x450.jpg?fit=800%2C450&ssl=1&resize=350%2C200","width":350,"height":200,"srcset":"https:\/\/i0.wp.com\/www.freidenker.org\/fw17\/wp-content\/uploads\/2022\/06\/LiLiSo2022_collage_800x450.jpg?fit=800%2C450&ssl=1&resize=350%2C200 1x, https:\/\/i0.wp.com\/www.freidenker.org\/fw17\/wp-content\/uploads\/2022\/06\/LiLiSo2022_collage_800x450.jpg?fit=800%2C450&ssl=1&resize=525%2C300 1.5x, https:\/\/i0.wp.com\/www.freidenker.org\/fw17\/wp-content\/uploads\/2022\/06\/LiLiSo2022_collage_800x450.jpg?fit=800%2C450&ssl=1&resize=700%2C400 2x"},"classes":[]},{"id":4286,"url":"https:\/\/www.freidenker.org\/?p=4286","url_meta":{"origin":25142,"position":3},"title":"500 Jahre Reformation","author":"Webredaktion","date":"12. November 2017","format":false,"excerpt":"Bericht \u00fcber eine Veranstaltung am 11.11.2017 in Eisenach Reformationsjubil\u00e4um, 1517 schlug Luther seine Thesen (oder auch nicht) an das Tor der Wittenberger Schlosskirche und 500 Jahre sp\u00e4ter wird das Reformationsjubil\u00e4um mit nicht unerheblichen Pomp begangen. Ein Jahrmarkt der Eitelkeiten, G\u00e4ste reichten sich die Klinke in die Hand, es wird jubiliert\u2026","rel":"","context":"In &quot;Geschichte&quot;","block_context":{"text":"Geschichte","link":"https:\/\/www.freidenker.org\/?cat=1162"},"img":{"alt_text":"","src":"https:\/\/i0.wp.com\/www.freidenker.org\/fw17\/wp-content\/uploads\/2017\/11\/luther-1821759_800x445.jpg?fit=800%2C445&ssl=1&resize=350%2C200","width":350,"height":200,"srcset":"https:\/\/i0.wp.com\/www.freidenker.org\/fw17\/wp-content\/uploads\/2017\/11\/luther-1821759_800x445.jpg?fit=800%2C445&ssl=1&resize=350%2C200 1x, https:\/\/i0.wp.com\/www.freidenker.org\/fw17\/wp-content\/uploads\/2017\/11\/luther-1821759_800x445.jpg?fit=800%2C445&ssl=1&resize=525%2C300 1.5x, https:\/\/i0.wp.com\/www.freidenker.org\/fw17\/wp-content\/uploads\/2017\/11\/luther-1821759_800x445.jpg?fit=800%2C445&ssl=1&resize=700%2C400 2x"},"classes":[]},{"id":12886,"url":"https:\/\/www.freidenker.org\/?p=12886","url_meta":{"origin":25142,"position":4},"title":"Autorenlesung: Die Wurzeln des ukrainischen Konflikts","author":"Webredaktion","date":"20. April 2022","format":false,"excerpt":"Einladung zur Autorenlesung und Diskussion mit Vougar Aslanov Samstag, 30. April 2022, 15:00 Uhr im Saalbau Dornbusch, Eschersheimer Landstra\u00dfe 248, 60320 Frankfurt am Main Die Wurzeln des ukrainischen Konflikts anhand der historischen Romane \u201eRussisches Gesetz\u201c und \u201eZarend\u00e4mmerung\u201c Protagonisten im historischen Roman \u201eRussisches Gesetz\u201c sind junge Gardisten aus adligen Familien, die\u2026","rel":"","context":"In &quot;Kultur &amp; Kunst&quot;","block_context":{"text":"Kultur &amp; Kunst","link":"https:\/\/www.freidenker.org\/?cat=913"},"img":{"alt_text":"","src":"https:\/\/i0.wp.com\/www.freidenker.org\/fw17\/wp-content\/uploads\/2022\/04\/aslanov_ukraine_800x450.jpg?fit=800%2C450&ssl=1&resize=350%2C200","width":350,"height":200,"srcset":"https:\/\/i0.wp.com\/www.freidenker.org\/fw17\/wp-content\/uploads\/2022\/04\/aslanov_ukraine_800x450.jpg?fit=800%2C450&ssl=1&resize=350%2C200 1x, https:\/\/i0.wp.com\/www.freidenker.org\/fw17\/wp-content\/uploads\/2022\/04\/aslanov_ukraine_800x450.jpg?fit=800%2C450&ssl=1&resize=525%2C300 1.5x, https:\/\/i0.wp.com\/www.freidenker.org\/fw17\/wp-content\/uploads\/2022\/04\/aslanov_ukraine_800x450.jpg?fit=800%2C450&ssl=1&resize=700%2C400 2x"},"classes":[]},{"id":14613,"url":"https:\/\/www.freidenker.org\/?p=14613","url_meta":{"origin":25142,"position":5},"title":"Offenes Bildungswochenende: Dialektischer und historischer Materialismus","author":"Webredaktion","date":"5. November 2022","format":false,"excerpt":"Einladung zu einer Veranstaltung vom 18. bis 20.11.2022 in Quedlinburg Wie ist es bestellt, um Weltanschauung in unserer Welt und deren Grundlagen? Es ist heutzutage nicht einfach mit den Grundlagen weltanschaulichen Denkens, in der Regel findet sich die Gesellschaft auf idealistischen Pfaden, entsprechend der Beantwortung der Grundfrage einer jeden Philosophie.\u2026","rel":"","context":"In &quot;Veranstaltungen in den DFV-Landesverb\u00e4nden&quot;","block_context":{"text":"Veranstaltungen in den DFV-Landesverb\u00e4nden","link":"https:\/\/www.freidenker.org\/?cat=19"},"img":{"alt_text":"","src":"https:\/\/i0.wp.com\/www.freidenker.org\/fw17\/wp-content\/uploads\/2022\/11\/biwo_schsenanhalt_nov22_800x450.jpg?fit=800%2C450&ssl=1&resize=350%2C200","width":350,"height":200,"srcset":"https:\/\/i0.wp.com\/www.freidenker.org\/fw17\/wp-content\/uploads\/2022\/11\/biwo_schsenanhalt_nov22_800x450.jpg?fit=800%2C450&ssl=1&resize=350%2C200 1x, https:\/\/i0.wp.com\/www.freidenker.org\/fw17\/wp-content\/uploads\/2022\/11\/biwo_schsenanhalt_nov22_800x450.jpg?fit=800%2C450&ssl=1&resize=525%2C300 1.5x, https:\/\/i0.wp.com\/www.freidenker.org\/fw17\/wp-content\/uploads\/2022\/11\/biwo_schsenanhalt_nov22_800x450.jpg?fit=800%2C450&ssl=1&resize=700%2C400 2x"},"classes":[]}],"_links":{"self":[{"href":"https:\/\/www.freidenker.org\/index.php?rest_route=\/wp\/v2\/posts\/25142","targetHints":{"allow":["GET"]}}],"collection":[{"href":"https:\/\/www.freidenker.org\/index.php?rest_route=\/wp\/v2\/posts"}],"about":[{"href":"https:\/\/www.freidenker.org\/index.php?rest_route=\/wp\/v2\/types\/post"}],"author":[{"embeddable":true,"href":"https:\/\/www.freidenker.org\/index.php?rest_route=\/wp\/v2\/users\/3"}],"replies":[{"embeddable":true,"href":"https:\/\/www.freidenker.org\/index.php?rest_route=%2Fwp%2Fv2%2Fcomments&post=25142"}],"version-history":[{"count":2,"href":"https:\/\/www.freidenker.org\/index.php?rest_route=\/wp\/v2\/posts\/25142\/revisions"}],"predecessor-version":[{"id":25148,"href":"https:\/\/www.freidenker.org\/index.php?rest_route=\/wp\/v2\/posts\/25142\/revisions\/25148"}],"wp:featuredmedia":[{"embeddable":true,"href":"https:\/\/www.freidenker.org\/index.php?rest_route=\/wp\/v2\/media\/25145"}],"wp:attachment":[{"href":"https:\/\/www.freidenker.org\/index.php?rest_route=%2Fwp%2Fv2%2Fmedia&parent=25142"}],"wp:term":[{"taxonomy":"category","embeddable":true,"href":"https:\/\/www.freidenker.org\/index.php?rest_route=%2Fwp%2Fv2%2Fcategories&post=25142"},{"taxonomy":"post_tag","embeddable":true,"href":"https:\/\/www.freidenker.org\/index.php?rest_route=%2Fwp%2Fv2%2Ftags&post=25142"}],"curies":[{"name":"wp","href":"https:\/\/api.w.org\/{rel}","templated":true}]}}