{"id":25117,"date":"2026-04-30T23:41:59","date_gmt":"2026-04-30T21:41:59","guid":{"rendered":"https:\/\/www.freidenker.org\/?p=25117"},"modified":"2026-05-01T01:37:36","modified_gmt":"2026-04-30T23:37:36","slug":"elbe-tag-in-torgau-2026-fotos-videos-und-berichte","status":"publish","type":"post","link":"https:\/\/www.freidenker.org\/?p=25117","title":{"rendered":"Elbe-Tag in Torgau 2026: Fotos, Videos und Berichte"},"content":{"rendered":"<p><strong><a id=\"top\"><\/a>Navigation<\/strong><\/p>\n<ul>\n<li><a href=\"#galerie\">Bildergalerie<\/a><\/li>\n<li><a href=\"#links\">Externe Links<\/a><\/li>\n<li><a href=\"#videos\">Videos<\/a><\/li>\n<\/ul>\n<p>Vor 81 Jahren, am 25. April 1945, trafen sowjetische und US-amerikanische Truppen bei Torgau an der Elbe aufeinander und vereinigten somit die Ost- und Westfront. Keine zwei Wochen sp\u00e4ter sollte das faschistische Deutschland kapitulieren; das deutsche Volk war vom Faschismus befreit. Das Aufeinandertreffen bei Torgau wurde zum Symbol f\u00fcr V\u00f6lkerfreundschaft und Frieden und zeigte, dass eine Welt ohne Feindschaft und Konfrontation m\u00f6glich ist.<\/p>\n<p>Wie in den vergangenen Jahren, war der Tag der Begegnung auch dieses Jahr Anlass zu Demonstrationen und Kundgebungen. Da der Gedenktag in diesem Jahr auf einen Samstag fiel, waren es sogar drei Veranstaltungen, die am selben Tag stattfanden.<\/p>\n<p>Erstens gab es die offizielle Gedenkveranstaltung der Stadt Torgau, auf der u.a. der Torgauer Oberb\u00fcrgermeister Henrik Simon (parteilos) gesprochen hat. Obwohl nicht eingeladen, besuchte erneut der russische Botschafter in Deutschland, Sergej Netschajew, den Gedenkort und legte einen Kranz nieder.<\/p>\n<p>Zweitens hatten die DKP und zahlreiche Unterst\u00fctzer, darunter der Deutsche Freidenker-Verband, <a href=\"https:\/\/www.freidenker.org\/?p=24934\">zu einer Friedensdemonstration aufgerufen<\/a>, die vom &#8222;Br\u00fcckenkopf&#8220; am Ostufer der Elbe, \u00fcber die Elbbr\u00fccke und durch die Innenstadt zum Marktplatz\u00a0 f\u00fchrte. Etwa 600 Teilnehmer nahmen daran teil, darunter auch Freidenker aus Sachsen, Brandenburg und Berlin. W\u00e4hrend der Zwischenstopps und auf der Abschlusskundgebung sprachen u.a. Martina Lennartz von der DKP Gie\u00dfen, Friedeman Munkelt, Sprecher des \u00c4ltestenrates des Verbands zur Pflege der Traditionen der NVA und der Grenztruppen der DDR, Brigitte Renkl von der Berliner VVN-VdA, Jutta Kausch-Henken von der Initiative \u201eNie wieder Krieg \u2013 Die Waffen nieder!\u201c und\u00a0 Patrik K\u00f6bele, Vorsitzender der DKP.<\/p>\n<p>Drittens gab es, wie schon 2023 und 2025 eine Kundgebung des B\u00fcndnisses &#8222;Torgau f\u00fcr Frieden&#8220; an der u.a. Hermann Ploppa, Rainer Rothfu\u00df, Florian Pfaff, Sergey Filbert und Wilhelm Domke-Schulz teilnahmen und Reden hielten bzw. Diskussionen f\u00fchrten. Ein wesentlicher Schwerpunkt war hier der Auftritt von K\u00fcnstlern wie Jens Fischer Rodrian, Yann Song King, Tino Eisbrenner, Corinna Gehre und Simone &amp; J\u00f6rg.<\/p>\n<p>Obwohl es von verschiedenen Seiten (u.a. von Tino Eisbrenner) schon im Vorfeld Versuche gab, eine gemeinsame Veranstaltung der Friedenskr\u00e4fte zu organisieren, ist dies auch in diesem Jahr nicht gelungen. Da der Demonstrationszug der DKP und ihrer Unterst\u00fctzer geografisch bedingt nach offiziellem Ende direkt durch das Veranstaltungsgel\u00e4nde von &#8222;Torgau f\u00fcr Frieden&#8220; lief, nutzte Tino Eisbrenner die Gelegenheit, dazu aufzurufen, im n\u00e4chsten Jahr eine gemeinsame Veranstaltung zu planen und durchzuf\u00fchren.<\/p>\n<p>Der Deutsche Freidenker-Verband hatte den Aufruf der DKP als Unterst\u00fctzer unterzeichnet. Deshalb hatten sich die anwesenden Mitglieder des Freidenker-Verbandes an der Demonstration beteiligt und auch einen Stand auf dem Marktplatz aufgebaut. Nach Ende der Abschlusskundgebung gegen 15:00 Uhr ist dieser Stand dann umgezogen zur Veranstaltung &#8222;Torgau f\u00fcr Frieden&#8220; und fand auch dort gro\u00dfes Interesse.<\/p>\n<p>Wir pr\u00e4sentieren hier eine Bildergalerie mit Fotos von der Demonstration und den Kundgebungen. Au\u00dferdem gibt es Links zu Presseberichten und Videos.<\/p>\n<p style=\"text-align: right;\"><em>Webredaktion<\/em><\/p>\n<p><a href=\"#top\"><span style=\"font-size: 10pt;\">\u2191 nach oben<\/span><\/a><\/p>\n<hr \/>\n<h4><a id=\"galerie\"><\/a>Bildergalerie<\/h4>\n<div class=\"tiled-gallery type-rectangular tiled-gallery-unresized\" data-original-width=\"800\" data-carousel-extra='{&quot;blog_id&quot;:1,&quot;permalink&quot;:&quot;https:\\\/\\\/www.freidenker.org\\\/?p=25117&quot;,&quot;likes_blog_id&quot;:139773280}' itemscope itemtype=\"http:\/\/schema.org\/ImageGallery\" > <div class=\"gallery-row\" style=\"width: 800px; height: 369px;\" data-original-width=\"800\" data-original-height=\"369\" > <div class=\"gallery-group images-1\" style=\"width: 278px; height: 369px;\" data-original-width=\"278\" data-original-height=\"369\" > <div class=\"tiled-gallery-item tiled-gallery-item-large\" itemprop=\"associatedMedia\" itemscope itemtype=\"http:\/\/schema.org\/ImageObject\"> <a href=\"https:\/\/www.freidenker.org\/?attachment_id=25081\" border=\"0\" itemprop=\"url\"> <meta itemprop=\"width\" content=\"274\"> <meta itemprop=\"height\" content=\"365\"> <img decoding=\"async\" class=\"\" data-attachment-id=\"25081\" data-orig-file=\"https:\/\/www.freidenker.org\/fw17\/wp-content\/uploads\/2026\/04\/20260425_120701.jpg\" data-orig-size=\"1200,1600\" data-comments-opened=\"\" data-image-meta=\"{&quot;aperture&quot;:&quot;1.7&quot;,&quot;credit&quot;:&quot;&quot;,&quot;camera&quot;:&quot;SM-A750FN&quot;,&quot;caption&quot;:&quot;&quot;,&quot;created_timestamp&quot;:&quot;1777118821&quot;,&quot;copyright&quot;:&quot;&quot;,&quot;focal_length&quot;:&quot;3.93&quot;,&quot;iso&quot;:&quot;40&quot;,&quot;shutter_speed&quot;:&quot;0.00051098620337251&quot;,&quot;title&quot;:&quot;&quot;,&quot;orientation&quot;:&quot;1&quot;}\" data-image-title=\"20260425_120701\" data-image-description=\"\" data-medium-file=\"https:\/\/i0.wp.com\/www.freidenker.org\/fw17\/wp-content\/uploads\/2026\/04\/20260425_120701.jpg?fit=225%2C300&#038;ssl=1\" data-large-file=\"https:\/\/i0.wp.com\/www.freidenker.org\/fw17\/wp-content\/uploads\/2026\/04\/20260425_120701.jpg?fit=768%2C1024&#038;ssl=1\" src=\"https:\/\/i0.wp.com\/www.freidenker.org\/fw17\/wp-content\/uploads\/2026\/04\/20260425_120701.jpg?w=274&#038;h=365&#038;ssl=1\" srcset=\"https:\/\/i0.wp.com\/www.freidenker.org\/fw17\/wp-content\/uploads\/2026\/04\/20260425_120701.jpg?w=1200&amp;ssl=1 1200w, https:\/\/i0.wp.com\/www.freidenker.org\/fw17\/wp-content\/uploads\/2026\/04\/20260425_120701.jpg?resize=225%2C300&amp;ssl=1 225w, https:\/\/i0.wp.com\/www.freidenker.org\/fw17\/wp-content\/uploads\/2026\/04\/20260425_120701.jpg?resize=768%2C1024&amp;ssl=1 768w, https:\/\/i0.wp.com\/www.freidenker.org\/fw17\/wp-content\/uploads\/2026\/04\/20260425_120701.jpg?resize=1152%2C1536&amp;ssl=1 1152w\" width=\"274\" height=\"365\" loading=\"lazy\" data-original-width=\"274\" data-original-height=\"365\" itemprop=\"http:\/\/schema.org\/image\" title=\"20260425_120701\" alt=\"Sammelpunkt am Br\u00fcckenkopf. Mit Fahne: Jens Oldenburg (rlx)\" style=\"width: 274px; height: 365px;\" \/> <\/a> <div class=\"tiled-gallery-caption\" itemprop=\"caption description\"> Sammelpunkt am Br\u00fcckenkopf. Mit Fahne: Jens Oldenburg (rlx) <\/div> <\/div> <\/div> <!-- close group --> <div class=\"gallery-group images-2\" style=\"width: 244px; height: 369px;\" data-original-width=\"244\" data-original-height=\"369\" > <div class=\"tiled-gallery-item tiled-gallery-item-small\" itemprop=\"associatedMedia\" itemscope itemtype=\"http:\/\/schema.org\/ImageObject\"> <a href=\"https:\/\/www.freidenker.org\/?attachment_id=25085\" border=\"0\" itemprop=\"url\"> <meta itemprop=\"width\" content=\"240\"> <meta itemprop=\"height\" content=\"181\"> <img decoding=\"async\" class=\"\" data-attachment-id=\"25085\" data-orig-file=\"https:\/\/www.freidenker.org\/fw17\/wp-content\/uploads\/2026\/04\/20260425_120909.jpg\" data-orig-size=\"1600,1200\" data-comments-opened=\"\" data-image-meta=\"{&quot;aperture&quot;:&quot;1.7&quot;,&quot;credit&quot;:&quot;&quot;,&quot;camera&quot;:&quot;SM-A750FN&quot;,&quot;caption&quot;:&quot;&quot;,&quot;created_timestamp&quot;:&quot;1777118949&quot;,&quot;copyright&quot;:&quot;&quot;,&quot;focal_length&quot;:&quot;3.93&quot;,&quot;iso&quot;:&quot;40&quot;,&quot;shutter_speed&quot;:&quot;0.00087032201914708&quot;,&quot;title&quot;:&quot;&quot;,&quot;orientation&quot;:&quot;1&quot;}\" data-image-title=\"20260425_120909\" data-image-description=\"\" data-medium-file=\"https:\/\/i0.wp.com\/www.freidenker.org\/fw17\/wp-content\/uploads\/2026\/04\/20260425_120909.jpg?fit=300%2C225&#038;ssl=1\" data-large-file=\"https:\/\/i0.wp.com\/www.freidenker.org\/fw17\/wp-content\/uploads\/2026\/04\/20260425_120909.jpg?fit=800%2C600&#038;ssl=1\" src=\"https:\/\/i0.wp.com\/www.freidenker.org\/fw17\/wp-content\/uploads\/2026\/04\/20260425_120909.jpg?w=240&#038;h=181&#038;ssl=1\" srcset=\"https:\/\/i0.wp.com\/www.freidenker.org\/fw17\/wp-content\/uploads\/2026\/04\/20260425_120909.jpg?w=1600&amp;ssl=1 1600w, https:\/\/i0.wp.com\/www.freidenker.org\/fw17\/wp-content\/uploads\/2026\/04\/20260425_120909.jpg?resize=300%2C225&amp;ssl=1 300w, https:\/\/i0.wp.com\/www.freidenker.org\/fw17\/wp-content\/uploads\/2026\/04\/20260425_120909.jpg?resize=1024%2C768&amp;ssl=1 1024w, https:\/\/i0.wp.com\/www.freidenker.org\/fw17\/wp-content\/uploads\/2026\/04\/20260425_120909.jpg?resize=768%2C576&amp;ssl=1 768w, https:\/\/i0.wp.com\/www.freidenker.org\/fw17\/wp-content\/uploads\/2026\/04\/20260425_120909.jpg?resize=1536%2C1152&amp;ssl=1 1536w\" width=\"240\" height=\"181\" loading=\"lazy\" data-original-width=\"240\" data-original-height=\"181\" itemprop=\"http:\/\/schema.org\/image\" title=\"20260425_120909\" alt=\"Sammelpunkt am Br\u00fcckenkopf (rlx)\" style=\"width: 240px; height: 181px;\" \/> <\/a> <div class=\"tiled-gallery-caption\" itemprop=\"caption description\"> Sammelpunkt am Br\u00fcckenkopf (rlx) <\/div> <\/div> <div class=\"tiled-gallery-item tiled-gallery-item-small\" itemprop=\"associatedMedia\" itemscope itemtype=\"http:\/\/schema.org\/ImageObject\"> <a href=\"https:\/\/www.freidenker.org\/?attachment_id=25084\" border=\"0\" itemprop=\"url\"> <meta itemprop=\"width\" content=\"240\"> <meta itemprop=\"height\" content=\"180\"> <img decoding=\"async\" class=\"\" data-attachment-id=\"25084\" data-orig-file=\"https:\/\/www.freidenker.org\/fw17\/wp-content\/uploads\/2026\/04\/20260425_120841.jpg\" data-orig-size=\"1600,1200\" data-comments-opened=\"\" data-image-meta=\"{&quot;aperture&quot;:&quot;1.7&quot;,&quot;credit&quot;:&quot;&quot;,&quot;camera&quot;:&quot;SM-A750FN&quot;,&quot;caption&quot;:&quot;&quot;,&quot;created_timestamp&quot;:&quot;1777118921&quot;,&quot;copyright&quot;:&quot;&quot;,&quot;focal_length&quot;:&quot;3.93&quot;,&quot;iso&quot;:&quot;40&quot;,&quot;shutter_speed&quot;:&quot;0.0014749262536873&quot;,&quot;title&quot;:&quot;&quot;,&quot;orientation&quot;:&quot;1&quot;}\" data-image-title=\"20260425_120841\" data-image-description=\"\" data-medium-file=\"https:\/\/i0.wp.com\/www.freidenker.org\/fw17\/wp-content\/uploads\/2026\/04\/20260425_120841.jpg?fit=300%2C225&#038;ssl=1\" data-large-file=\"https:\/\/i0.wp.com\/www.freidenker.org\/fw17\/wp-content\/uploads\/2026\/04\/20260425_120841.jpg?fit=800%2C600&#038;ssl=1\" src=\"https:\/\/i0.wp.com\/www.freidenker.org\/fw17\/wp-content\/uploads\/2026\/04\/20260425_120841.jpg?w=240&#038;h=180&#038;ssl=1\" srcset=\"https:\/\/i0.wp.com\/www.freidenker.org\/fw17\/wp-content\/uploads\/2026\/04\/20260425_120841.jpg?w=1600&amp;ssl=1 1600w, https:\/\/i0.wp.com\/www.freidenker.org\/fw17\/wp-content\/uploads\/2026\/04\/20260425_120841.jpg?resize=300%2C225&amp;ssl=1 300w, https:\/\/i0.wp.com\/www.freidenker.org\/fw17\/wp-content\/uploads\/2026\/04\/20260425_120841.jpg?resize=1024%2C768&amp;ssl=1 1024w, https:\/\/i0.wp.com\/www.freidenker.org\/fw17\/wp-content\/uploads\/2026\/04\/20260425_120841.jpg?resize=768%2C576&amp;ssl=1 768w, https:\/\/i0.wp.com\/www.freidenker.org\/fw17\/wp-content\/uploads\/2026\/04\/20260425_120841.jpg?resize=1536%2C1152&amp;ssl=1 1536w\" width=\"240\" height=\"180\" loading=\"lazy\" data-original-width=\"240\" data-original-height=\"180\" itemprop=\"http:\/\/schema.org\/image\" title=\"20260425_120841\" alt=\"Kundgebung am Br\u00fcckenkopf (rlx)\" style=\"width: 240px; height: 180px;\" \/> <\/a> <div class=\"tiled-gallery-caption\" itemprop=\"caption description\"> Kundgebung am Br\u00fcckenkopf (rlx) <\/div> <\/div> <\/div> <!-- close group --> <div class=\"gallery-group images-1\" style=\"width: 278px; height: 369px;\" data-original-width=\"278\" data-original-height=\"369\" > <div class=\"tiled-gallery-item tiled-gallery-item-large\" itemprop=\"associatedMedia\" itemscope itemtype=\"http:\/\/schema.org\/ImageObject\"> <a href=\"https:\/\/www.freidenker.org\/?attachment_id=25083\" border=\"0\" itemprop=\"url\"> <meta itemprop=\"width\" content=\"274\"> <meta itemprop=\"height\" content=\"365\"> <img decoding=\"async\" class=\"\" data-attachment-id=\"25083\" data-orig-file=\"https:\/\/www.freidenker.org\/fw17\/wp-content\/uploads\/2026\/04\/20260425_120829.jpg\" data-orig-size=\"1200,1600\" data-comments-opened=\"\" data-image-meta=\"{&quot;aperture&quot;:&quot;1.7&quot;,&quot;credit&quot;:&quot;&quot;,&quot;camera&quot;:&quot;SM-A750FN&quot;,&quot;caption&quot;:&quot;&quot;,&quot;created_timestamp&quot;:&quot;1777118909&quot;,&quot;copyright&quot;:&quot;&quot;,&quot;focal_length&quot;:&quot;3.93&quot;,&quot;iso&quot;:&quot;40&quot;,&quot;shutter_speed&quot;:&quot;0.003125&quot;,&quot;title&quot;:&quot;&quot;,&quot;orientation&quot;:&quot;1&quot;}\" data-image-title=\"20260425_120829\" data-image-description=\"\" data-medium-file=\"https:\/\/i0.wp.com\/www.freidenker.org\/fw17\/wp-content\/uploads\/2026\/04\/20260425_120829.jpg?fit=225%2C300&#038;ssl=1\" data-large-file=\"https:\/\/i0.wp.com\/www.freidenker.org\/fw17\/wp-content\/uploads\/2026\/04\/20260425_120829.jpg?fit=768%2C1024&#038;ssl=1\" src=\"https:\/\/i0.wp.com\/www.freidenker.org\/fw17\/wp-content\/uploads\/2026\/04\/20260425_120829.jpg?w=274&#038;h=365&#038;ssl=1\" srcset=\"https:\/\/i0.wp.com\/www.freidenker.org\/fw17\/wp-content\/uploads\/2026\/04\/20260425_120829.jpg?w=1200&amp;ssl=1 1200w, https:\/\/i0.wp.com\/www.freidenker.org\/fw17\/wp-content\/uploads\/2026\/04\/20260425_120829.jpg?resize=225%2C300&amp;ssl=1 225w, https:\/\/i0.wp.com\/www.freidenker.org\/fw17\/wp-content\/uploads\/2026\/04\/20260425_120829.jpg?resize=768%2C1024&amp;ssl=1 768w, https:\/\/i0.wp.com\/www.freidenker.org\/fw17\/wp-content\/uploads\/2026\/04\/20260425_120829.jpg?resize=1152%2C1536&amp;ssl=1 1152w\" width=\"274\" height=\"365\" loading=\"lazy\" data-original-width=\"274\" data-original-height=\"365\" itemprop=\"http:\/\/schema.org\/image\" title=\"20260425_120829\" alt=\"Kundgebung am Br\u00fcckenkopf. Es spricht Martina Lennartz von der DKP Gie\u00dfen. (rlx)\" style=\"width: 274px; height: 365px;\" \/> <\/a> <div class=\"tiled-gallery-caption\" itemprop=\"caption description\"> Kundgebung am Br\u00fcckenkopf. Es spricht Martina Lennartz von der DKP Gie\u00dfen. (rlx) <\/div> <\/div> <\/div> <!-- close group --> <\/div> <!-- close row --> <div class=\"gallery-row\" style=\"width: 800px; height: 401px;\" data-original-width=\"800\" data-original-height=\"401\" > <div class=\"gallery-group images-1\" style=\"width: 534px; height: 401px;\" data-original-width=\"534\" data-original-height=\"401\" > <div class=\"tiled-gallery-item tiled-gallery-item-large\" itemprop=\"associatedMedia\" itemscope itemtype=\"http:\/\/schema.org\/ImageObject\"> <a href=\"https:\/\/www.freidenker.org\/?attachment_id=25082\" border=\"0\" itemprop=\"url\"> <meta itemprop=\"width\" content=\"530\"> <meta itemprop=\"height\" content=\"397\"> <img decoding=\"async\" class=\"\" data-attachment-id=\"25082\" data-orig-file=\"https:\/\/www.freidenker.org\/fw17\/wp-content\/uploads\/2026\/04\/20260425_120717.jpg\" data-orig-size=\"1600,1200\" data-comments-opened=\"\" data-image-meta=\"{&quot;aperture&quot;:&quot;1.7&quot;,&quot;credit&quot;:&quot;&quot;,&quot;camera&quot;:&quot;SM-A750FN&quot;,&quot;caption&quot;:&quot;&quot;,&quot;created_timestamp&quot;:&quot;1777118836&quot;,&quot;copyright&quot;:&quot;&quot;,&quot;focal_length&quot;:&quot;3.93&quot;,&quot;iso&quot;:&quot;40&quot;,&quot;shutter_speed&quot;:&quot;0.00038895371450797&quot;,&quot;title&quot;:&quot;&quot;,&quot;orientation&quot;:&quot;1&quot;}\" data-image-title=\"20260425_120717\" data-image-description=\"\" data-medium-file=\"https:\/\/i0.wp.com\/www.freidenker.org\/fw17\/wp-content\/uploads\/2026\/04\/20260425_120717.jpg?fit=300%2C225&#038;ssl=1\" data-large-file=\"https:\/\/i0.wp.com\/www.freidenker.org\/fw17\/wp-content\/uploads\/2026\/04\/20260425_120717.jpg?fit=800%2C600&#038;ssl=1\" src=\"https:\/\/i0.wp.com\/www.freidenker.org\/fw17\/wp-content\/uploads\/2026\/04\/20260425_120717.jpg?w=530&#038;h=397&#038;ssl=1\" srcset=\"https:\/\/i0.wp.com\/www.freidenker.org\/fw17\/wp-content\/uploads\/2026\/04\/20260425_120717.jpg?w=1600&amp;ssl=1 1600w, https:\/\/i0.wp.com\/www.freidenker.org\/fw17\/wp-content\/uploads\/2026\/04\/20260425_120717.jpg?resize=300%2C225&amp;ssl=1 300w, https:\/\/i0.wp.com\/www.freidenker.org\/fw17\/wp-content\/uploads\/2026\/04\/20260425_120717.jpg?resize=1024%2C768&amp;ssl=1 1024w, https:\/\/i0.wp.com\/www.freidenker.org\/fw17\/wp-content\/uploads\/2026\/04\/20260425_120717.jpg?resize=768%2C576&amp;ssl=1 768w, https:\/\/i0.wp.com\/www.freidenker.org\/fw17\/wp-content\/uploads\/2026\/04\/20260425_120717.jpg?resize=1536%2C1152&amp;ssl=1 1536w\" width=\"530\" height=\"397\" loading=\"lazy\" data-original-width=\"530\" data-original-height=\"397\" itemprop=\"http:\/\/schema.org\/image\" title=\"20260425_120717\" alt=\"Kundgebung am Br\u00fcckenkopf (rlx)\" style=\"width: 530px; height: 397px;\" \/> <\/a> <div class=\"tiled-gallery-caption\" itemprop=\"caption description\"> Kundgebung am Br\u00fcckenkopf (rlx) <\/div> <\/div> <\/div> <!-- close group --> <div class=\"gallery-group images-2\" style=\"width: 266px; height: 401px;\" data-original-width=\"266\" data-original-height=\"401\" > <div class=\"tiled-gallery-item tiled-gallery-item-large\" itemprop=\"associatedMedia\" itemscope itemtype=\"http:\/\/schema.org\/ImageObject\"> <a href=\"https:\/\/www.freidenker.org\/?attachment_id=25086\" border=\"0\" itemprop=\"url\"> <meta itemprop=\"width\" content=\"262\"> <meta itemprop=\"height\" content=\"197\"> <img decoding=\"async\" class=\"\" data-attachment-id=\"25086\" data-orig-file=\"https:\/\/www.freidenker.org\/fw17\/wp-content\/uploads\/2026\/04\/20260425_120945.jpg\" data-orig-size=\"1600,1200\" data-comments-opened=\"\" data-image-meta=\"{&quot;aperture&quot;:&quot;1.7&quot;,&quot;credit&quot;:&quot;&quot;,&quot;camera&quot;:&quot;SM-A750FN&quot;,&quot;caption&quot;:&quot;&quot;,&quot;created_timestamp&quot;:&quot;1777118984&quot;,&quot;copyright&quot;:&quot;&quot;,&quot;focal_length&quot;:&quot;3.93&quot;,&quot;iso&quot;:&quot;40&quot;,&quot;shutter_speed&quot;:&quot;0.00063816209317167&quot;,&quot;title&quot;:&quot;&quot;,&quot;orientation&quot;:&quot;1&quot;}\" data-image-title=\"20260425_120945\" data-image-description=\"\" data-medium-file=\"https:\/\/i0.wp.com\/www.freidenker.org\/fw17\/wp-content\/uploads\/2026\/04\/20260425_120945.jpg?fit=300%2C225&#038;ssl=1\" data-large-file=\"https:\/\/i0.wp.com\/www.freidenker.org\/fw17\/wp-content\/uploads\/2026\/04\/20260425_120945.jpg?fit=800%2C600&#038;ssl=1\" src=\"https:\/\/i0.wp.com\/www.freidenker.org\/fw17\/wp-content\/uploads\/2026\/04\/20260425_120945.jpg?w=262&#038;h=197&#038;ssl=1\" srcset=\"https:\/\/i0.wp.com\/www.freidenker.org\/fw17\/wp-content\/uploads\/2026\/04\/20260425_120945.jpg?w=1600&amp;ssl=1 1600w, https:\/\/i0.wp.com\/www.freidenker.org\/fw17\/wp-content\/uploads\/2026\/04\/20260425_120945.jpg?resize=300%2C225&amp;ssl=1 300w, https:\/\/i0.wp.com\/www.freidenker.org\/fw17\/wp-content\/uploads\/2026\/04\/20260425_120945.jpg?resize=1024%2C768&amp;ssl=1 1024w, https:\/\/i0.wp.com\/www.freidenker.org\/fw17\/wp-content\/uploads\/2026\/04\/20260425_120945.jpg?resize=768%2C576&amp;ssl=1 768w, https:\/\/i0.wp.com\/www.freidenker.org\/fw17\/wp-content\/uploads\/2026\/04\/20260425_120945.jpg?resize=1536%2C1152&amp;ssl=1 1536w\" width=\"262\" height=\"197\" loading=\"lazy\" data-original-width=\"262\" data-original-height=\"197\" itemprop=\"http:\/\/schema.org\/image\" title=\"20260425_120945\" alt=\"Die Spitze der Demonstration formiert sich (rlx)\" style=\"width: 262px; height: 197px;\" \/> <\/a> <div class=\"tiled-gallery-caption\" itemprop=\"caption description\"> Die Spitze der Demonstration formiert sich (rlx) <\/div> <\/div> <div class=\"tiled-gallery-item tiled-gallery-item-large\" itemprop=\"associatedMedia\" itemscope itemtype=\"http:\/\/schema.org\/ImageObject\"> <a href=\"https:\/\/www.freidenker.org\/?attachment_id=25088\" border=\"0\" itemprop=\"url\"> <meta itemprop=\"width\" content=\"262\"> <meta itemprop=\"height\" content=\"196\"> <img decoding=\"async\" class=\"\" data-attachment-id=\"25088\" data-orig-file=\"https:\/\/www.freidenker.org\/fw17\/wp-content\/uploads\/2026\/04\/20260425_122832.jpg\" data-orig-size=\"1600,1200\" data-comments-opened=\"\" data-image-meta=\"{&quot;aperture&quot;:&quot;1.7&quot;,&quot;credit&quot;:&quot;&quot;,&quot;camera&quot;:&quot;SM-A750FN&quot;,&quot;caption&quot;:&quot;&quot;,&quot;created_timestamp&quot;:&quot;1777120112&quot;,&quot;copyright&quot;:&quot;&quot;,&quot;focal_length&quot;:&quot;3.93&quot;,&quot;iso&quot;:&quot;40&quot;,&quot;shutter_speed&quot;:&quot;0.00079808459696728&quot;,&quot;title&quot;:&quot;&quot;,&quot;orientation&quot;:&quot;1&quot;}\" data-image-title=\"20260425_122832\" data-image-description=\"\" data-medium-file=\"https:\/\/i0.wp.com\/www.freidenker.org\/fw17\/wp-content\/uploads\/2026\/04\/20260425_122832.jpg?fit=300%2C225&#038;ssl=1\" data-large-file=\"https:\/\/i0.wp.com\/www.freidenker.org\/fw17\/wp-content\/uploads\/2026\/04\/20260425_122832.jpg?fit=800%2C600&#038;ssl=1\" src=\"https:\/\/i0.wp.com\/www.freidenker.org\/fw17\/wp-content\/uploads\/2026\/04\/20260425_122832.jpg?w=262&#038;h=196&#038;ssl=1\" srcset=\"https:\/\/i0.wp.com\/www.freidenker.org\/fw17\/wp-content\/uploads\/2026\/04\/20260425_122832.jpg?w=1600&amp;ssl=1 1600w, https:\/\/i0.wp.com\/www.freidenker.org\/fw17\/wp-content\/uploads\/2026\/04\/20260425_122832.jpg?resize=300%2C225&amp;ssl=1 300w, https:\/\/i0.wp.com\/www.freidenker.org\/fw17\/wp-content\/uploads\/2026\/04\/20260425_122832.jpg?resize=1024%2C768&amp;ssl=1 1024w, https:\/\/i0.wp.com\/www.freidenker.org\/fw17\/wp-content\/uploads\/2026\/04\/20260425_122832.jpg?resize=768%2C576&amp;ssl=1 768w, https:\/\/i0.wp.com\/www.freidenker.org\/fw17\/wp-content\/uploads\/2026\/04\/20260425_122832.jpg?resize=1536%2C1152&amp;ssl=1 1536w\" width=\"262\" height=\"196\" loading=\"lazy\" data-original-width=\"262\" data-original-height=\"196\" itemprop=\"http:\/\/schema.org\/image\" title=\"20260425_122832\" alt=\"Spitze der Demonstration beim Marsch \u00fcber die Br\u00fccke (rlx)\" style=\"width: 262px; height: 196px;\" \/> <\/a> <div class=\"tiled-gallery-caption\" itemprop=\"caption description\"> Spitze der Demonstration beim Marsch \u00fcber die Br\u00fccke (rlx) <\/div> <\/div> <\/div> <!-- close group --> <\/div> <!-- close row --> <div class=\"gallery-row\" style=\"width: 800px; height: 489px;\" data-original-width=\"800\" data-original-height=\"489\" > <div class=\"gallery-group images-3\" style=\"width: 216px; height: 489px;\" data-original-width=\"216\" data-original-height=\"489\" > <div class=\"tiled-gallery-item tiled-gallery-item-small\" itemprop=\"associatedMedia\" itemscope itemtype=\"http:\/\/schema.org\/ImageObject\"> <a href=\"https:\/\/www.freidenker.org\/?attachment_id=25087\" border=\"0\" itemprop=\"url\"> <meta itemprop=\"width\" content=\"212\"> <meta itemprop=\"height\" content=\"159\"> <img decoding=\"async\" class=\"\" data-attachment-id=\"25087\" data-orig-file=\"https:\/\/www.freidenker.org\/fw17\/wp-content\/uploads\/2026\/04\/20260425_122735.jpg\" data-orig-size=\"1600,1200\" data-comments-opened=\"\" data-image-meta=\"{&quot;aperture&quot;:&quot;1.7&quot;,&quot;credit&quot;:&quot;&quot;,&quot;camera&quot;:&quot;SM-A750FN&quot;,&quot;caption&quot;:&quot;&quot;,&quot;created_timestamp&quot;:&quot;1777120055&quot;,&quot;copyright&quot;:&quot;&quot;,&quot;focal_length&quot;:&quot;3.93&quot;,&quot;iso&quot;:&quot;40&quot;,&quot;shutter_speed&quot;:&quot;0.00069979006298111&quot;,&quot;title&quot;:&quot;&quot;,&quot;orientation&quot;:&quot;1&quot;}\" data-image-title=\"20260425_122735\" data-image-description=\"\" data-medium-file=\"https:\/\/i0.wp.com\/www.freidenker.org\/fw17\/wp-content\/uploads\/2026\/04\/20260425_122735.jpg?fit=300%2C225&#038;ssl=1\" data-large-file=\"https:\/\/i0.wp.com\/www.freidenker.org\/fw17\/wp-content\/uploads\/2026\/04\/20260425_122735.jpg?fit=800%2C600&#038;ssl=1\" src=\"https:\/\/i0.wp.com\/www.freidenker.org\/fw17\/wp-content\/uploads\/2026\/04\/20260425_122735.jpg?w=212&#038;h=159&#038;ssl=1\" srcset=\"https:\/\/i0.wp.com\/www.freidenker.org\/fw17\/wp-content\/uploads\/2026\/04\/20260425_122735.jpg?w=1600&amp;ssl=1 1600w, https:\/\/i0.wp.com\/www.freidenker.org\/fw17\/wp-content\/uploads\/2026\/04\/20260425_122735.jpg?resize=300%2C225&amp;ssl=1 300w, https:\/\/i0.wp.com\/www.freidenker.org\/fw17\/wp-content\/uploads\/2026\/04\/20260425_122735.jpg?resize=1024%2C768&amp;ssl=1 1024w, https:\/\/i0.wp.com\/www.freidenker.org\/fw17\/wp-content\/uploads\/2026\/04\/20260425_122735.jpg?resize=768%2C576&amp;ssl=1 768w, https:\/\/i0.wp.com\/www.freidenker.org\/fw17\/wp-content\/uploads\/2026\/04\/20260425_122735.jpg?resize=1536%2C1152&amp;ssl=1 1536w\" width=\"212\" height=\"159\" loading=\"lazy\" data-original-width=\"212\" data-original-height=\"159\" itemprop=\"http:\/\/schema.org\/image\" title=\"20260425_122735\" alt=\"Marsch \u00fcber die Br\u00fccke (rlx)\" style=\"width: 212px; height: 159px;\" \/> <\/a> <div class=\"tiled-gallery-caption\" itemprop=\"caption description\"> Marsch \u00fcber die Br\u00fccke (rlx) <\/div> <\/div> <div class=\"tiled-gallery-item tiled-gallery-item-small\" itemprop=\"associatedMedia\" itemscope itemtype=\"http:\/\/schema.org\/ImageObject\"> <a href=\"https:\/\/www.freidenker.org\/?attachment_id=25089\" border=\"0\" itemprop=\"url\"> <meta itemprop=\"width\" content=\"212\"> <meta itemprop=\"height\" content=\"159\"> <img decoding=\"async\" class=\"\" data-attachment-id=\"25089\" data-orig-file=\"https:\/\/www.freidenker.org\/fw17\/wp-content\/uploads\/2026\/04\/20260425_122918.jpg\" data-orig-size=\"1600,1200\" data-comments-opened=\"\" data-image-meta=\"{&quot;aperture&quot;:&quot;1.7&quot;,&quot;credit&quot;:&quot;&quot;,&quot;camera&quot;:&quot;SM-A750FN&quot;,&quot;caption&quot;:&quot;&quot;,&quot;created_timestamp&quot;:&quot;1777120158&quot;,&quot;copyright&quot;:&quot;&quot;,&quot;focal_length&quot;:&quot;3.93&quot;,&quot;iso&quot;:&quot;40&quot;,&quot;shutter_speed&quot;:&quot;0.00066577896138482&quot;,&quot;title&quot;:&quot;&quot;,&quot;orientation&quot;:&quot;1&quot;}\" data-image-title=\"20260425_122918\" data-image-description=\"\" data-medium-file=\"https:\/\/i0.wp.com\/www.freidenker.org\/fw17\/wp-content\/uploads\/2026\/04\/20260425_122918.jpg?fit=300%2C225&#038;ssl=1\" data-large-file=\"https:\/\/i0.wp.com\/www.freidenker.org\/fw17\/wp-content\/uploads\/2026\/04\/20260425_122918.jpg?fit=800%2C600&#038;ssl=1\" src=\"https:\/\/i0.wp.com\/www.freidenker.org\/fw17\/wp-content\/uploads\/2026\/04\/20260425_122918.jpg?w=212&#038;h=159&#038;ssl=1\" srcset=\"https:\/\/i0.wp.com\/www.freidenker.org\/fw17\/wp-content\/uploads\/2026\/04\/20260425_122918.jpg?w=1600&amp;ssl=1 1600w, https:\/\/i0.wp.com\/www.freidenker.org\/fw17\/wp-content\/uploads\/2026\/04\/20260425_122918.jpg?resize=300%2C225&amp;ssl=1 300w, https:\/\/i0.wp.com\/www.freidenker.org\/fw17\/wp-content\/uploads\/2026\/04\/20260425_122918.jpg?resize=1024%2C768&amp;ssl=1 1024w, https:\/\/i0.wp.com\/www.freidenker.org\/fw17\/wp-content\/uploads\/2026\/04\/20260425_122918.jpg?resize=768%2C576&amp;ssl=1 768w, https:\/\/i0.wp.com\/www.freidenker.org\/fw17\/wp-content\/uploads\/2026\/04\/20260425_122918.jpg?resize=1536%2C1152&amp;ssl=1 1536w\" width=\"212\" height=\"159\" loading=\"lazy\" data-original-width=\"212\" data-original-height=\"159\" itemprop=\"http:\/\/schema.org\/image\" title=\"20260425_122918\" alt=\"Marsch \u00fcber die Br\u00fccke (rlx)\" style=\"width: 212px; height: 159px;\" \/> <\/a> <div class=\"tiled-gallery-caption\" itemprop=\"caption description\"> Marsch \u00fcber die Br\u00fccke (rlx) <\/div> <\/div> <div class=\"tiled-gallery-item tiled-gallery-item-small\" itemprop=\"associatedMedia\" itemscope itemtype=\"http:\/\/schema.org\/ImageObject\"> <a href=\"https:\/\/www.freidenker.org\/?attachment_id=25090\" border=\"0\" itemprop=\"url\"> <meta itemprop=\"width\" content=\"212\"> <meta itemprop=\"height\" content=\"159\"> <img decoding=\"async\" class=\"\" data-attachment-id=\"25090\" data-orig-file=\"https:\/\/www.freidenker.org\/fw17\/wp-content\/uploads\/2026\/04\/20260425_122941.jpg\" data-orig-size=\"1600,1200\" data-comments-opened=\"\" data-image-meta=\"{&quot;aperture&quot;:&quot;1.7&quot;,&quot;credit&quot;:&quot;&quot;,&quot;camera&quot;:&quot;SM-A750FN&quot;,&quot;caption&quot;:&quot;&quot;,&quot;created_timestamp&quot;:&quot;1777120181&quot;,&quot;copyright&quot;:&quot;&quot;,&quot;focal_length&quot;:&quot;3.93&quot;,&quot;iso&quot;:&quot;40&quot;,&quot;shutter_speed&quot;:&quot;0.00071787508973439&quot;,&quot;title&quot;:&quot;&quot;,&quot;orientation&quot;:&quot;1&quot;}\" data-image-title=\"20260425_122941\" data-image-description=\"\" data-medium-file=\"https:\/\/i0.wp.com\/www.freidenker.org\/fw17\/wp-content\/uploads\/2026\/04\/20260425_122941.jpg?fit=300%2C225&#038;ssl=1\" data-large-file=\"https:\/\/i0.wp.com\/www.freidenker.org\/fw17\/wp-content\/uploads\/2026\/04\/20260425_122941.jpg?fit=800%2C600&#038;ssl=1\" src=\"https:\/\/i0.wp.com\/www.freidenker.org\/fw17\/wp-content\/uploads\/2026\/04\/20260425_122941.jpg?w=212&#038;h=159&#038;ssl=1\" srcset=\"https:\/\/i0.wp.com\/www.freidenker.org\/fw17\/wp-content\/uploads\/2026\/04\/20260425_122941.jpg?w=1600&amp;ssl=1 1600w, https:\/\/i0.wp.com\/www.freidenker.org\/fw17\/wp-content\/uploads\/2026\/04\/20260425_122941.jpg?resize=300%2C225&amp;ssl=1 300w, https:\/\/i0.wp.com\/www.freidenker.org\/fw17\/wp-content\/uploads\/2026\/04\/20260425_122941.jpg?resize=1024%2C768&amp;ssl=1 1024w, https:\/\/i0.wp.com\/www.freidenker.org\/fw17\/wp-content\/uploads\/2026\/04\/20260425_122941.jpg?resize=768%2C576&amp;ssl=1 768w, https:\/\/i0.wp.com\/www.freidenker.org\/fw17\/wp-content\/uploads\/2026\/04\/20260425_122941.jpg?resize=1536%2C1152&amp;ssl=1 1536w\" width=\"212\" height=\"159\" loading=\"lazy\" data-original-width=\"212\" data-original-height=\"159\" itemprop=\"http:\/\/schema.org\/image\" title=\"20260425_122941\" alt=\"Marsch \u00fcber die Br\u00fccke (rlx)\" style=\"width: 212px; height: 159px;\" \/> <\/a> <div class=\"tiled-gallery-caption\" itemprop=\"caption description\"> Marsch \u00fcber die Br\u00fccke (rlx) <\/div> <\/div> <\/div> <!-- close group --> <div class=\"gallery-group images-1\" style=\"width: 368px; height: 489px;\" data-original-width=\"368\" data-original-height=\"489\" > <div class=\"tiled-gallery-item tiled-gallery-item-large\" itemprop=\"associatedMedia\" itemscope itemtype=\"http:\/\/schema.org\/ImageObject\"> <a href=\"https:\/\/www.freidenker.org\/?attachment_id=25078\" border=\"0\" itemprop=\"url\"> <meta itemprop=\"width\" content=\"364\"> <meta itemprop=\"height\" content=\"485\"> <img decoding=\"async\" class=\"\" data-attachment-id=\"25078\" data-orig-file=\"https:\/\/www.freidenker.org\/fw17\/wp-content\/uploads\/2026\/04\/signal-2026-04-26-00-22-00-578.jpg\" data-orig-size=\"1536,2048\" data-comments-opened=\"\" data-image-meta=\"{&quot;aperture&quot;:&quot;0&quot;,&quot;credit&quot;:&quot;&quot;,&quot;camera&quot;:&quot;&quot;,&quot;caption&quot;:&quot;&quot;,&quot;created_timestamp&quot;:&quot;0&quot;,&quot;copyright&quot;:&quot;&quot;,&quot;focal_length&quot;:&quot;0&quot;,&quot;iso&quot;:&quot;0&quot;,&quot;shutter_speed&quot;:&quot;0&quot;,&quot;title&quot;:&quot;&quot;,&quot;orientation&quot;:&quot;0&quot;}\" data-image-title=\"signal-2026-04-26-00-22-00-578\" data-image-description=\"\" data-medium-file=\"https:\/\/i0.wp.com\/www.freidenker.org\/fw17\/wp-content\/uploads\/2026\/04\/signal-2026-04-26-00-22-00-578.jpg?fit=225%2C300&#038;ssl=1\" data-large-file=\"https:\/\/i0.wp.com\/www.freidenker.org\/fw17\/wp-content\/uploads\/2026\/04\/signal-2026-04-26-00-22-00-578.jpg?fit=768%2C1024&#038;ssl=1\" src=\"https:\/\/i0.wp.com\/www.freidenker.org\/fw17\/wp-content\/uploads\/2026\/04\/signal-2026-04-26-00-22-00-578.jpg?w=364&#038;h=485&#038;ssl=1\" srcset=\"https:\/\/i0.wp.com\/www.freidenker.org\/fw17\/wp-content\/uploads\/2026\/04\/signal-2026-04-26-00-22-00-578.jpg?w=1536&amp;ssl=1 1536w, https:\/\/i0.wp.com\/www.freidenker.org\/fw17\/wp-content\/uploads\/2026\/04\/signal-2026-04-26-00-22-00-578.jpg?resize=225%2C300&amp;ssl=1 225w, https:\/\/i0.wp.com\/www.freidenker.org\/fw17\/wp-content\/uploads\/2026\/04\/signal-2026-04-26-00-22-00-578.jpg?resize=768%2C1024&amp;ssl=1 768w, https:\/\/i0.wp.com\/www.freidenker.org\/fw17\/wp-content\/uploads\/2026\/04\/signal-2026-04-26-00-22-00-578.jpg?resize=1152%2C1536&amp;ssl=1 1152w\" width=\"364\" height=\"485\" loading=\"lazy\" data-original-width=\"364\" data-original-height=\"485\" itemprop=\"http:\/\/schema.org\/image\" title=\"signal-2026-04-26-00-22-00-578\" alt=\"Ralf Lux von den Brandenburger Freidenkern (jo)\" style=\"width: 364px; height: 485px;\" \/> <\/a> <div class=\"tiled-gallery-caption\" itemprop=\"caption description\"> Ralf Lux von den Brandenburger Freidenkern (jo) <\/div> <\/div> <\/div> <!-- close group --> <div class=\"gallery-group images-3\" style=\"width: 216px; height: 489px;\" data-original-width=\"216\" data-original-height=\"489\" > <div class=\"tiled-gallery-item tiled-gallery-item-small\" itemprop=\"associatedMedia\" itemscope itemtype=\"http:\/\/schema.org\/ImageObject\"> <a href=\"https:\/\/www.freidenker.org\/?attachment_id=25092\" border=\"0\" itemprop=\"url\"> <meta itemprop=\"width\" content=\"212\"> <meta itemprop=\"height\" content=\"159\"> <img decoding=\"async\" class=\"\" data-attachment-id=\"25092\" data-orig-file=\"https:\/\/www.freidenker.org\/fw17\/wp-content\/uploads\/2026\/04\/20260425_123141.jpg\" data-orig-size=\"1600,1200\" data-comments-opened=\"\" data-image-meta=\"{&quot;aperture&quot;:&quot;1.7&quot;,&quot;credit&quot;:&quot;&quot;,&quot;camera&quot;:&quot;SM-A750FN&quot;,&quot;caption&quot;:&quot;&quot;,&quot;created_timestamp&quot;:&quot;1777120300&quot;,&quot;copyright&quot;:&quot;&quot;,&quot;focal_length&quot;:&quot;3.93&quot;,&quot;iso&quot;:&quot;40&quot;,&quot;shutter_speed&quot;:&quot;0.00053792361484669&quot;,&quot;title&quot;:&quot;&quot;,&quot;orientation&quot;:&quot;1&quot;}\" data-image-title=\"20260425_123141\" data-image-description=\"\" data-medium-file=\"https:\/\/i0.wp.com\/www.freidenker.org\/fw17\/wp-content\/uploads\/2026\/04\/20260425_123141.jpg?fit=300%2C225&#038;ssl=1\" data-large-file=\"https:\/\/i0.wp.com\/www.freidenker.org\/fw17\/wp-content\/uploads\/2026\/04\/20260425_123141.jpg?fit=800%2C600&#038;ssl=1\" src=\"https:\/\/i0.wp.com\/www.freidenker.org\/fw17\/wp-content\/uploads\/2026\/04\/20260425_123141.jpg?w=212&#038;h=159&#038;ssl=1\" srcset=\"https:\/\/i0.wp.com\/www.freidenker.org\/fw17\/wp-content\/uploads\/2026\/04\/20260425_123141.jpg?w=1600&amp;ssl=1 1600w, https:\/\/i0.wp.com\/www.freidenker.org\/fw17\/wp-content\/uploads\/2026\/04\/20260425_123141.jpg?resize=300%2C225&amp;ssl=1 300w, https:\/\/i0.wp.com\/www.freidenker.org\/fw17\/wp-content\/uploads\/2026\/04\/20260425_123141.jpg?resize=1024%2C768&amp;ssl=1 1024w, https:\/\/i0.wp.com\/www.freidenker.org\/fw17\/wp-content\/uploads\/2026\/04\/20260425_123141.jpg?resize=768%2C576&amp;ssl=1 768w, https:\/\/i0.wp.com\/www.freidenker.org\/fw17\/wp-content\/uploads\/2026\/04\/20260425_123141.jpg?resize=1536%2C1152&amp;ssl=1 1536w\" width=\"212\" height=\"159\" loading=\"lazy\" data-original-width=\"212\" data-original-height=\"159\" itemprop=\"http:\/\/schema.org\/image\" title=\"20260425_123141\" alt=\"Marsch \u00fcber die Br\u00fccke. Ein Leipziger Freidenker (rlx)\" style=\"width: 212px; height: 159px;\" \/> <\/a> <div class=\"tiled-gallery-caption\" itemprop=\"caption description\"> Marsch \u00fcber die Br\u00fccke. Ein Leipziger Freidenker (rlx) <\/div> <\/div> <div class=\"tiled-gallery-item tiled-gallery-item-small\" itemprop=\"associatedMedia\" itemscope itemtype=\"http:\/\/schema.org\/ImageObject\"> <a href=\"https:\/\/www.freidenker.org\/?attachment_id=25091\" border=\"0\" itemprop=\"url\"> <meta itemprop=\"width\" content=\"212\"> <meta itemprop=\"height\" content=\"159\"> <img decoding=\"async\" class=\"\" data-attachment-id=\"25091\" data-orig-file=\"https:\/\/www.freidenker.org\/fw17\/wp-content\/uploads\/2026\/04\/20260425_123000.jpg\" data-orig-size=\"1600,1200\" data-comments-opened=\"\" data-image-meta=\"{&quot;aperture&quot;:&quot;1.7&quot;,&quot;credit&quot;:&quot;&quot;,&quot;camera&quot;:&quot;SM-A750FN&quot;,&quot;caption&quot;:&quot;&quot;,&quot;created_timestamp&quot;:&quot;1777120200&quot;,&quot;copyright&quot;:&quot;&quot;,&quot;focal_length&quot;:&quot;3.93&quot;,&quot;iso&quot;:&quot;40&quot;,&quot;shutter_speed&quot;:&quot;0.00069783670621075&quot;,&quot;title&quot;:&quot;&quot;,&quot;orientation&quot;:&quot;1&quot;}\" data-image-title=\"20260425_123000\" data-image-description=\"\" data-medium-file=\"https:\/\/i0.wp.com\/www.freidenker.org\/fw17\/wp-content\/uploads\/2026\/04\/20260425_123000.jpg?fit=300%2C225&#038;ssl=1\" data-large-file=\"https:\/\/i0.wp.com\/www.freidenker.org\/fw17\/wp-content\/uploads\/2026\/04\/20260425_123000.jpg?fit=800%2C600&#038;ssl=1\" src=\"https:\/\/i0.wp.com\/www.freidenker.org\/fw17\/wp-content\/uploads\/2026\/04\/20260425_123000.jpg?w=212&#038;h=159&#038;ssl=1\" srcset=\"https:\/\/i0.wp.com\/www.freidenker.org\/fw17\/wp-content\/uploads\/2026\/04\/20260425_123000.jpg?w=1600&amp;ssl=1 1600w, https:\/\/i0.wp.com\/www.freidenker.org\/fw17\/wp-content\/uploads\/2026\/04\/20260425_123000.jpg?resize=300%2C225&amp;ssl=1 300w, https:\/\/i0.wp.com\/www.freidenker.org\/fw17\/wp-content\/uploads\/2026\/04\/20260425_123000.jpg?resize=1024%2C768&amp;ssl=1 1024w, https:\/\/i0.wp.com\/www.freidenker.org\/fw17\/wp-content\/uploads\/2026\/04\/20260425_123000.jpg?resize=768%2C576&amp;ssl=1 768w, https:\/\/i0.wp.com\/www.freidenker.org\/fw17\/wp-content\/uploads\/2026\/04\/20260425_123000.jpg?resize=1536%2C1152&amp;ssl=1 1536w\" width=\"212\" height=\"159\" loading=\"lazy\" data-original-width=\"212\" data-original-height=\"159\" itemprop=\"http:\/\/schema.org\/image\" title=\"20260425_123000\" alt=\"Marsch \u00fcber die Br\u00fccke (rlx)\" style=\"width: 212px; height: 159px;\" \/> <\/a> <div class=\"tiled-gallery-caption\" itemprop=\"caption description\"> Marsch \u00fcber die Br\u00fccke (rlx) <\/div> <\/div> <div class=\"tiled-gallery-item tiled-gallery-item-small\" itemprop=\"associatedMedia\" itemscope itemtype=\"http:\/\/schema.org\/ImageObject\"> <a href=\"https:\/\/www.freidenker.org\/?attachment_id=25095\" border=\"0\" itemprop=\"url\"> <meta itemprop=\"width\" content=\"212\"> <meta itemprop=\"height\" content=\"159\"> <img decoding=\"async\" class=\"\" data-attachment-id=\"25095\" data-orig-file=\"https:\/\/www.freidenker.org\/fw17\/wp-content\/uploads\/2026\/04\/20260425_123317.jpg\" data-orig-size=\"1600,1200\" data-comments-opened=\"\" data-image-meta=\"{&quot;aperture&quot;:&quot;1.7&quot;,&quot;credit&quot;:&quot;&quot;,&quot;camera&quot;:&quot;SM-A750FN&quot;,&quot;caption&quot;:&quot;&quot;,&quot;created_timestamp&quot;:&quot;1777120397&quot;,&quot;copyright&quot;:&quot;&quot;,&quot;focal_length&quot;:&quot;3.93&quot;,&quot;iso&quot;:&quot;40&quot;,&quot;shutter_speed&quot;:&quot;0.00075585789871504&quot;,&quot;title&quot;:&quot;&quot;,&quot;orientation&quot;:&quot;1&quot;}\" data-image-title=\"20260425_123317\" data-image-description=\"\" data-medium-file=\"https:\/\/i0.wp.com\/www.freidenker.org\/fw17\/wp-content\/uploads\/2026\/04\/20260425_123317.jpg?fit=300%2C225&#038;ssl=1\" data-large-file=\"https:\/\/i0.wp.com\/www.freidenker.org\/fw17\/wp-content\/uploads\/2026\/04\/20260425_123317.jpg?fit=800%2C600&#038;ssl=1\" src=\"https:\/\/i0.wp.com\/www.freidenker.org\/fw17\/wp-content\/uploads\/2026\/04\/20260425_123317.jpg?w=212&#038;h=159&#038;ssl=1\" srcset=\"https:\/\/i0.wp.com\/www.freidenker.org\/fw17\/wp-content\/uploads\/2026\/04\/20260425_123317.jpg?w=1600&amp;ssl=1 1600w, https:\/\/i0.wp.com\/www.freidenker.org\/fw17\/wp-content\/uploads\/2026\/04\/20260425_123317.jpg?resize=300%2C225&amp;ssl=1 300w, https:\/\/i0.wp.com\/www.freidenker.org\/fw17\/wp-content\/uploads\/2026\/04\/20260425_123317.jpg?resize=1024%2C768&amp;ssl=1 1024w, https:\/\/i0.wp.com\/www.freidenker.org\/fw17\/wp-content\/uploads\/2026\/04\/20260425_123317.jpg?resize=768%2C576&amp;ssl=1 768w, https:\/\/i0.wp.com\/www.freidenker.org\/fw17\/wp-content\/uploads\/2026\/04\/20260425_123317.jpg?resize=1536%2C1152&amp;ssl=1 1536w\" width=\"212\" height=\"159\" loading=\"lazy\" data-original-width=\"212\" data-original-height=\"159\" itemprop=\"http:\/\/schema.org\/image\" title=\"20260425_123317\" alt=\"Marsch \u00fcber die Br\u00fccke: Jens Oldenburg (Brandenburg) (rlx)\" style=\"width: 212px; height: 159px;\" \/> <\/a> <div class=\"tiled-gallery-caption\" itemprop=\"caption description\"> Marsch \u00fcber die Br\u00fccke: Jens Oldenburg (Brandenburg) (rlx) <\/div> <\/div> <\/div> <!-- close group --> <\/div> <!-- close row --> <div class=\"gallery-row\" style=\"width: 800px; height: 565px;\" data-original-width=\"800\" data-original-height=\"565\" > <div class=\"gallery-group images-2\" style=\"width: 375px; height: 565px;\" data-original-width=\"375\" data-original-height=\"565\" > <div class=\"tiled-gallery-item tiled-gallery-item-large\" itemprop=\"associatedMedia\" itemscope itemtype=\"http:\/\/schema.org\/ImageObject\"> <a href=\"https:\/\/www.freidenker.org\/?attachment_id=25094\" border=\"0\" itemprop=\"url\"> <meta itemprop=\"width\" content=\"371\"> <meta itemprop=\"height\" content=\"279\"> <img decoding=\"async\" class=\"\" data-attachment-id=\"25094\" data-orig-file=\"https:\/\/www.freidenker.org\/fw17\/wp-content\/uploads\/2026\/04\/20260425_123308.jpg\" data-orig-size=\"1600,1200\" data-comments-opened=\"\" data-image-meta=\"{&quot;aperture&quot;:&quot;1.7&quot;,&quot;credit&quot;:&quot;&quot;,&quot;camera&quot;:&quot;SM-A750FN&quot;,&quot;caption&quot;:&quot;&quot;,&quot;created_timestamp&quot;:&quot;1777120387&quot;,&quot;copyright&quot;:&quot;&quot;,&quot;focal_length&quot;:&quot;3.93&quot;,&quot;iso&quot;:&quot;40&quot;,&quot;shutter_speed&quot;:&quot;0.00055187637969095&quot;,&quot;title&quot;:&quot;&quot;,&quot;orientation&quot;:&quot;1&quot;}\" data-image-title=\"20260425_123308\" data-image-description=\"\" data-medium-file=\"https:\/\/i0.wp.com\/www.freidenker.org\/fw17\/wp-content\/uploads\/2026\/04\/20260425_123308.jpg?fit=300%2C225&#038;ssl=1\" data-large-file=\"https:\/\/i0.wp.com\/www.freidenker.org\/fw17\/wp-content\/uploads\/2026\/04\/20260425_123308.jpg?fit=800%2C600&#038;ssl=1\" src=\"https:\/\/i0.wp.com\/www.freidenker.org\/fw17\/wp-content\/uploads\/2026\/04\/20260425_123308.jpg?w=371&#038;h=279&#038;ssl=1\" srcset=\"https:\/\/i0.wp.com\/www.freidenker.org\/fw17\/wp-content\/uploads\/2026\/04\/20260425_123308.jpg?w=1600&amp;ssl=1 1600w, https:\/\/i0.wp.com\/www.freidenker.org\/fw17\/wp-content\/uploads\/2026\/04\/20260425_123308.jpg?resize=300%2C225&amp;ssl=1 300w, https:\/\/i0.wp.com\/www.freidenker.org\/fw17\/wp-content\/uploads\/2026\/04\/20260425_123308.jpg?resize=1024%2C768&amp;ssl=1 1024w, https:\/\/i0.wp.com\/www.freidenker.org\/fw17\/wp-content\/uploads\/2026\/04\/20260425_123308.jpg?resize=768%2C576&amp;ssl=1 768w, https:\/\/i0.wp.com\/www.freidenker.org\/fw17\/wp-content\/uploads\/2026\/04\/20260425_123308.jpg?resize=1536%2C1152&amp;ssl=1 1536w\" width=\"371\" height=\"279\" loading=\"lazy\" data-original-width=\"371\" data-original-height=\"279\" itemprop=\"http:\/\/schema.org\/image\" title=\"20260425_123308\" alt=\"Marsch \u00fcber die Br\u00fccke (rlx)\" style=\"width: 371px; height: 279px;\" \/> <\/a> <div class=\"tiled-gallery-caption\" itemprop=\"caption description\"> Marsch \u00fcber die Br\u00fccke (rlx) <\/div> <\/div> <div class=\"tiled-gallery-item tiled-gallery-item-large\" itemprop=\"associatedMedia\" itemscope itemtype=\"http:\/\/schema.org\/ImageObject\"> <a href=\"https:\/\/www.freidenker.org\/?attachment_id=25093\" border=\"0\" itemprop=\"url\"> <meta itemprop=\"width\" content=\"371\"> <meta itemprop=\"height\" content=\"278\"> <img decoding=\"async\" class=\"\" data-attachment-id=\"25093\" data-orig-file=\"https:\/\/www.freidenker.org\/fw17\/wp-content\/uploads\/2026\/04\/20260425_123254.jpg\" data-orig-size=\"1600,1200\" data-comments-opened=\"\" data-image-meta=\"{&quot;aperture&quot;:&quot;1.7&quot;,&quot;credit&quot;:&quot;&quot;,&quot;camera&quot;:&quot;SM-A750FN&quot;,&quot;caption&quot;:&quot;&quot;,&quot;created_timestamp&quot;:&quot;1777120374&quot;,&quot;copyright&quot;:&quot;&quot;,&quot;focal_length&quot;:&quot;3.93&quot;,&quot;iso&quot;:&quot;40&quot;,&quot;shutter_speed&quot;:&quot;0.00076628352490421&quot;,&quot;title&quot;:&quot;&quot;,&quot;orientation&quot;:&quot;1&quot;}\" data-image-title=\"20260425_123254\" data-image-description=\"\" data-medium-file=\"https:\/\/i0.wp.com\/www.freidenker.org\/fw17\/wp-content\/uploads\/2026\/04\/20260425_123254.jpg?fit=300%2C225&#038;ssl=1\" data-large-file=\"https:\/\/i0.wp.com\/www.freidenker.org\/fw17\/wp-content\/uploads\/2026\/04\/20260425_123254.jpg?fit=800%2C600&#038;ssl=1\" src=\"https:\/\/i0.wp.com\/www.freidenker.org\/fw17\/wp-content\/uploads\/2026\/04\/20260425_123254.jpg?w=371&#038;h=278&#038;ssl=1\" srcset=\"https:\/\/i0.wp.com\/www.freidenker.org\/fw17\/wp-content\/uploads\/2026\/04\/20260425_123254.jpg?w=1600&amp;ssl=1 1600w, https:\/\/i0.wp.com\/www.freidenker.org\/fw17\/wp-content\/uploads\/2026\/04\/20260425_123254.jpg?resize=300%2C225&amp;ssl=1 300w, https:\/\/i0.wp.com\/www.freidenker.org\/fw17\/wp-content\/uploads\/2026\/04\/20260425_123254.jpg?resize=1024%2C768&amp;ssl=1 1024w, https:\/\/i0.wp.com\/www.freidenker.org\/fw17\/wp-content\/uploads\/2026\/04\/20260425_123254.jpg?resize=768%2C576&amp;ssl=1 768w, https:\/\/i0.wp.com\/www.freidenker.org\/fw17\/wp-content\/uploads\/2026\/04\/20260425_123254.jpg?resize=1536%2C1152&amp;ssl=1 1536w\" width=\"371\" height=\"278\" loading=\"lazy\" data-original-width=\"371\" data-original-height=\"278\" itemprop=\"http:\/\/schema.org\/image\" title=\"20260425_123254\" alt=\"Marsch \u00fcber die Br\u00fccke (rlx)\" style=\"width: 371px; height: 278px;\" \/> <\/a> <div class=\"tiled-gallery-caption\" itemprop=\"caption description\"> Marsch \u00fcber die Br\u00fccke (rlx) <\/div> <\/div> <\/div> <!-- close group --> <div class=\"gallery-group images-1\" style=\"width: 425px; height: 565px;\" data-original-width=\"425\" data-original-height=\"565\" > <div class=\"tiled-gallery-item tiled-gallery-item-large\" itemprop=\"associatedMedia\" itemscope itemtype=\"http:\/\/schema.org\/ImageObject\"> <a href=\"https:\/\/www.freidenker.org\/?attachment_id=25080\" border=\"0\" itemprop=\"url\"> <meta itemprop=\"width\" content=\"421\"> <meta itemprop=\"height\" content=\"561\"> <img decoding=\"async\" class=\"\" data-attachment-id=\"25080\" data-orig-file=\"https:\/\/www.freidenker.org\/fw17\/wp-content\/uploads\/2026\/04\/signal-2026-04-26-00-23-28-077-7.jpg\" data-orig-size=\"1536,2048\" data-comments-opened=\"\" data-image-meta=\"{&quot;aperture&quot;:&quot;0&quot;,&quot;credit&quot;:&quot;&quot;,&quot;camera&quot;:&quot;&quot;,&quot;caption&quot;:&quot;&quot;,&quot;created_timestamp&quot;:&quot;0&quot;,&quot;copyright&quot;:&quot;&quot;,&quot;focal_length&quot;:&quot;0&quot;,&quot;iso&quot;:&quot;0&quot;,&quot;shutter_speed&quot;:&quot;0&quot;,&quot;title&quot;:&quot;&quot;,&quot;orientation&quot;:&quot;0&quot;}\" data-image-title=\"signal-2026-04-26-00-23-28-077-7\" data-image-description=\"\" data-medium-file=\"https:\/\/i0.wp.com\/www.freidenker.org\/fw17\/wp-content\/uploads\/2026\/04\/signal-2026-04-26-00-23-28-077-7.jpg?fit=225%2C300&#038;ssl=1\" data-large-file=\"https:\/\/i0.wp.com\/www.freidenker.org\/fw17\/wp-content\/uploads\/2026\/04\/signal-2026-04-26-00-23-28-077-7.jpg?fit=768%2C1024&#038;ssl=1\" src=\"https:\/\/i0.wp.com\/www.freidenker.org\/fw17\/wp-content\/uploads\/2026\/04\/signal-2026-04-26-00-23-28-077-7.jpg?w=421&#038;h=561&#038;ssl=1\" srcset=\"https:\/\/i0.wp.com\/www.freidenker.org\/fw17\/wp-content\/uploads\/2026\/04\/signal-2026-04-26-00-23-28-077-7.jpg?w=1536&amp;ssl=1 1536w, https:\/\/i0.wp.com\/www.freidenker.org\/fw17\/wp-content\/uploads\/2026\/04\/signal-2026-04-26-00-23-28-077-7.jpg?resize=225%2C300&amp;ssl=1 225w, https:\/\/i0.wp.com\/www.freidenker.org\/fw17\/wp-content\/uploads\/2026\/04\/signal-2026-04-26-00-23-28-077-7.jpg?resize=768%2C1024&amp;ssl=1 768w, https:\/\/i0.wp.com\/www.freidenker.org\/fw17\/wp-content\/uploads\/2026\/04\/signal-2026-04-26-00-23-28-077-7.jpg?resize=1152%2C1536&amp;ssl=1 1152w\" width=\"421\" height=\"561\" loading=\"lazy\" data-original-width=\"421\" data-original-height=\"561\" itemprop=\"http:\/\/schema.org\/image\" title=\"signal-2026-04-26-00-23-28-077-7\" alt=\"Ralf Lux von den Brandenburger Freidenkern (jo)\" style=\"width: 421px; height: 561px;\" \/> <\/a> <div class=\"tiled-gallery-caption\" itemprop=\"caption description\"> Ralf Lux von den Brandenburger Freidenkern (jo) <\/div> <\/div> <\/div> <!-- close group --> <\/div> <!-- close row --> <div class=\"gallery-row\" style=\"width: 800px; height: 318px;\" data-original-width=\"800\" data-original-height=\"318\" > <div class=\"gallery-group images-1\" style=\"width: 239px; height: 318px;\" data-original-width=\"239\" data-original-height=\"318\" > <div class=\"tiled-gallery-item tiled-gallery-item-small\" itemprop=\"associatedMedia\" itemscope itemtype=\"http:\/\/schema.org\/ImageObject\"> <a href=\"https:\/\/www.freidenker.org\/?attachment_id=25079\" border=\"0\" itemprop=\"url\"> <meta itemprop=\"width\" content=\"235\"> <meta itemprop=\"height\" content=\"314\"> <img decoding=\"async\" class=\"\" data-attachment-id=\"25079\" data-orig-file=\"https:\/\/www.freidenker.org\/fw17\/wp-content\/uploads\/2026\/04\/signal-2026-04-26-00-23-28-077-1.jpg\" data-orig-size=\"1536,2048\" data-comments-opened=\"\" data-image-meta=\"{&quot;aperture&quot;:&quot;0&quot;,&quot;credit&quot;:&quot;&quot;,&quot;camera&quot;:&quot;&quot;,&quot;caption&quot;:&quot;&quot;,&quot;created_timestamp&quot;:&quot;0&quot;,&quot;copyright&quot;:&quot;&quot;,&quot;focal_length&quot;:&quot;0&quot;,&quot;iso&quot;:&quot;0&quot;,&quot;shutter_speed&quot;:&quot;0&quot;,&quot;title&quot;:&quot;&quot;,&quot;orientation&quot;:&quot;0&quot;}\" data-image-title=\"signal-2026-04-26-00-23-28-077-1\" data-image-description=\"\" data-medium-file=\"https:\/\/i0.wp.com\/www.freidenker.org\/fw17\/wp-content\/uploads\/2026\/04\/signal-2026-04-26-00-23-28-077-1.jpg?fit=225%2C300&#038;ssl=1\" data-large-file=\"https:\/\/i0.wp.com\/www.freidenker.org\/fw17\/wp-content\/uploads\/2026\/04\/signal-2026-04-26-00-23-28-077-1.jpg?fit=768%2C1024&#038;ssl=1\" src=\"https:\/\/i0.wp.com\/www.freidenker.org\/fw17\/wp-content\/uploads\/2026\/04\/signal-2026-04-26-00-23-28-077-1.jpg?w=235&#038;h=314&#038;ssl=1\" srcset=\"https:\/\/i0.wp.com\/www.freidenker.org\/fw17\/wp-content\/uploads\/2026\/04\/signal-2026-04-26-00-23-28-077-1.jpg?w=1536&amp;ssl=1 1536w, https:\/\/i0.wp.com\/www.freidenker.org\/fw17\/wp-content\/uploads\/2026\/04\/signal-2026-04-26-00-23-28-077-1.jpg?resize=225%2C300&amp;ssl=1 225w, https:\/\/i0.wp.com\/www.freidenker.org\/fw17\/wp-content\/uploads\/2026\/04\/signal-2026-04-26-00-23-28-077-1.jpg?resize=768%2C1024&amp;ssl=1 768w, https:\/\/i0.wp.com\/www.freidenker.org\/fw17\/wp-content\/uploads\/2026\/04\/signal-2026-04-26-00-23-28-077-1.jpg?resize=1152%2C1536&amp;ssl=1 1152w\" width=\"235\" height=\"314\" loading=\"lazy\" data-original-width=\"235\" data-original-height=\"314\" itemprop=\"http:\/\/schema.org\/image\" title=\"signal-2026-04-26-00-23-28-077-1\" alt=\"Marsch durch Torgau (rlx)\" style=\"width: 235px; height: 314px;\" \/> <\/a> <div class=\"tiled-gallery-caption\" itemprop=\"caption description\"> Marsch durch Torgau (rlx) <\/div> <\/div> <\/div> <!-- close group --> <div class=\"gallery-group images-1\" style=\"width: 561px; height: 318px;\" data-original-width=\"561\" data-original-height=\"318\" > <div class=\"tiled-gallery-item tiled-gallery-item-large\" itemprop=\"associatedMedia\" itemscope itemtype=\"http:\/\/schema.org\/ImageObject\"> <a href=\"https:\/\/www.freidenker.org\/?attachment_id=25066\" border=\"0\" itemprop=\"url\"> <meta itemprop=\"width\" content=\"557\"> <meta itemprop=\"height\" content=\"314\"> <img decoding=\"async\" class=\"\" data-attachment-id=\"25066\" data-orig-file=\"https:\/\/www.freidenker.org\/fw17\/wp-content\/uploads\/2026\/04\/20260425_125536-_komprimiert.jpg\" data-orig-size=\"1065,600\" data-comments-opened=\"\" data-image-meta=\"{&quot;aperture&quot;:&quot;2.2&quot;,&quot;credit&quot;:&quot;&quot;,&quot;camera&quot;:&quot;Galaxy S24&quot;,&quot;caption&quot;:&quot;&quot;,&quot;created_timestamp&quot;:&quot;1777121736&quot;,&quot;copyright&quot;:&quot;&quot;,&quot;focal_length&quot;:&quot;2.2&quot;,&quot;iso&quot;:&quot;50&quot;,&quot;shutter_speed&quot;:&quot;0.000372023&quot;,&quot;title&quot;:&quot;&quot;,&quot;orientation&quot;:&quot;1&quot;}\" data-image-title=\"20260425_125536 _komprimiert\" data-image-description=\"\" data-medium-file=\"https:\/\/i0.wp.com\/www.freidenker.org\/fw17\/wp-content\/uploads\/2026\/04\/20260425_125536-_komprimiert.jpg?fit=300%2C169&#038;ssl=1\" data-large-file=\"https:\/\/i0.wp.com\/www.freidenker.org\/fw17\/wp-content\/uploads\/2026\/04\/20260425_125536-_komprimiert.jpg?fit=800%2C451&#038;ssl=1\" src=\"https:\/\/i0.wp.com\/www.freidenker.org\/fw17\/wp-content\/uploads\/2026\/04\/20260425_125536-_komprimiert.jpg?w=557&#038;h=314&#038;ssl=1\" srcset=\"https:\/\/i0.wp.com\/www.freidenker.org\/fw17\/wp-content\/uploads\/2026\/04\/20260425_125536-_komprimiert.jpg?w=1065&amp;ssl=1 1065w, https:\/\/i0.wp.com\/www.freidenker.org\/fw17\/wp-content\/uploads\/2026\/04\/20260425_125536-_komprimiert.jpg?resize=300%2C169&amp;ssl=1 300w, https:\/\/i0.wp.com\/www.freidenker.org\/fw17\/wp-content\/uploads\/2026\/04\/20260425_125536-_komprimiert.jpg?resize=1024%2C577&amp;ssl=1 1024w, https:\/\/i0.wp.com\/www.freidenker.org\/fw17\/wp-content\/uploads\/2026\/04\/20260425_125536-_komprimiert.jpg?resize=768%2C433&amp;ssl=1 768w\" width=\"557\" height=\"314\" loading=\"lazy\" data-original-width=\"557\" data-original-height=\"314\" itemprop=\"http:\/\/schema.org\/image\" title=\"20260425_125536 _komprimiert\" alt=\"Zwischenstopp am Th\u00e4lmann-Denkmal (fb)\" style=\"width: 557px; height: 314px;\" \/> <\/a> <div class=\"tiled-gallery-caption\" itemprop=\"caption description\"> Zwischenstopp am Th\u00e4lmann-Denkmal (fb) <\/div> <\/div> <\/div> <!-- close group --> <\/div> <!-- close row --> <div class=\"gallery-row\" style=\"width: 800px; height: 343px;\" data-original-width=\"800\" data-original-height=\"343\" > <div class=\"gallery-group images-1\" style=\"width: 605px; height: 343px;\" data-original-width=\"605\" data-original-height=\"343\" > <div class=\"tiled-gallery-item tiled-gallery-item-large\" itemprop=\"associatedMedia\" itemscope itemtype=\"http:\/\/schema.org\/ImageObject\"> <a href=\"https:\/\/www.freidenker.org\/?attachment_id=25068\" border=\"0\" itemprop=\"url\"> <meta itemprop=\"width\" content=\"601\"> <meta itemprop=\"height\" content=\"339\"> <img decoding=\"async\" class=\"\" data-attachment-id=\"25068\" data-orig-file=\"https:\/\/www.freidenker.org\/fw17\/wp-content\/uploads\/2026\/04\/20260425_125732-_komprimiert.jpg\" data-orig-size=\"1065,600\" data-comments-opened=\"\" data-image-meta=\"{&quot;aperture&quot;:&quot;1.8&quot;,&quot;credit&quot;:&quot;&quot;,&quot;camera&quot;:&quot;Galaxy S24&quot;,&quot;caption&quot;:&quot;&quot;,&quot;created_timestamp&quot;:&quot;1777121852&quot;,&quot;copyright&quot;:&quot;&quot;,&quot;focal_length&quot;:&quot;5.4&quot;,&quot;iso&quot;:&quot;25&quot;,&quot;shutter_speed&quot;:&quot;0.00058275&quot;,&quot;title&quot;:&quot;&quot;,&quot;orientation&quot;:&quot;1&quot;}\" data-image-title=\"20260425_125732 _komprimiert\" data-image-description=\"\" data-medium-file=\"https:\/\/i0.wp.com\/www.freidenker.org\/fw17\/wp-content\/uploads\/2026\/04\/20260425_125732-_komprimiert.jpg?fit=300%2C169&#038;ssl=1\" data-large-file=\"https:\/\/i0.wp.com\/www.freidenker.org\/fw17\/wp-content\/uploads\/2026\/04\/20260425_125732-_komprimiert.jpg?fit=800%2C451&#038;ssl=1\" src=\"https:\/\/i0.wp.com\/www.freidenker.org\/fw17\/wp-content\/uploads\/2026\/04\/20260425_125732-_komprimiert.jpg?w=601&#038;h=339&#038;ssl=1\" srcset=\"https:\/\/i0.wp.com\/www.freidenker.org\/fw17\/wp-content\/uploads\/2026\/04\/20260425_125732-_komprimiert.jpg?w=1065&amp;ssl=1 1065w, https:\/\/i0.wp.com\/www.freidenker.org\/fw17\/wp-content\/uploads\/2026\/04\/20260425_125732-_komprimiert.jpg?resize=300%2C169&amp;ssl=1 300w, https:\/\/i0.wp.com\/www.freidenker.org\/fw17\/wp-content\/uploads\/2026\/04\/20260425_125732-_komprimiert.jpg?resize=1024%2C577&amp;ssl=1 1024w, https:\/\/i0.wp.com\/www.freidenker.org\/fw17\/wp-content\/uploads\/2026\/04\/20260425_125732-_komprimiert.jpg?resize=768%2C433&amp;ssl=1 768w\" width=\"601\" height=\"339\" loading=\"lazy\" data-original-width=\"601\" data-original-height=\"339\" itemprop=\"http:\/\/schema.org\/image\" title=\"20260425_125732 _komprimiert\" alt=\"Zwischenstopp am Th\u00e4lmann-Denkmal (fb)\" style=\"width: 601px; height: 339px;\" \/> <\/a> <div class=\"tiled-gallery-caption\" itemprop=\"caption description\"> Zwischenstopp am Th\u00e4lmann-Denkmal (fb) <\/div> <\/div> <\/div> <!-- close group --> <div class=\"gallery-group images-1\" style=\"width: 195px; height: 343px;\" data-original-width=\"195\" data-original-height=\"343\" > <div class=\"tiled-gallery-item tiled-gallery-item-small\" itemprop=\"associatedMedia\" itemscope itemtype=\"http:\/\/schema.org\/ImageObject\"> <a href=\"https:\/\/www.freidenker.org\/?attachment_id=25067\" border=\"0\" itemprop=\"url\"> <meta itemprop=\"width\" content=\"191\"> <meta itemprop=\"height\" content=\"339\"> <img decoding=\"async\" class=\"\" data-attachment-id=\"25067\" data-orig-file=\"https:\/\/www.freidenker.org\/fw17\/wp-content\/uploads\/2026\/04\/20260425_125717-_komprimiert-rotated.jpg\" data-orig-size=\"600,1065\" data-comments-opened=\"\" data-image-meta=\"{&quot;aperture&quot;:&quot;1.8&quot;,&quot;credit&quot;:&quot;&quot;,&quot;camera&quot;:&quot;Galaxy S24&quot;,&quot;caption&quot;:&quot;&quot;,&quot;created_timestamp&quot;:&quot;1777121837&quot;,&quot;copyright&quot;:&quot;&quot;,&quot;focal_length&quot;:&quot;5.4&quot;,&quot;iso&quot;:&quot;25&quot;,&quot;shutter_speed&quot;:&quot;0.00042517&quot;,&quot;title&quot;:&quot;&quot;,&quot;orientation&quot;:&quot;1&quot;}\" data-image-title=\"20260425_125717 _komprimiert\" data-image-description=\"\" data-medium-file=\"https:\/\/i0.wp.com\/www.freidenker.org\/fw17\/wp-content\/uploads\/2026\/04\/20260425_125717-_komprimiert-rotated.jpg?fit=169%2C300&#038;ssl=1\" data-large-file=\"https:\/\/i0.wp.com\/www.freidenker.org\/fw17\/wp-content\/uploads\/2026\/04\/20260425_125717-_komprimiert-rotated.jpg?fit=577%2C1024&#038;ssl=1\" src=\"https:\/\/i0.wp.com\/www.freidenker.org\/fw17\/wp-content\/uploads\/2026\/04\/20260425_125717-_komprimiert-rotated.jpg?w=191&#038;h=339&#038;ssl=1\" srcset=\"https:\/\/i0.wp.com\/www.freidenker.org\/fw17\/wp-content\/uploads\/2026\/04\/20260425_125717-_komprimiert-rotated.jpg?w=600&amp;ssl=1 600w, https:\/\/i0.wp.com\/www.freidenker.org\/fw17\/wp-content\/uploads\/2026\/04\/20260425_125717-_komprimiert-rotated.jpg?resize=169%2C300&amp;ssl=1 169w, https:\/\/i0.wp.com\/www.freidenker.org\/fw17\/wp-content\/uploads\/2026\/04\/20260425_125717-_komprimiert-rotated.jpg?resize=577%2C1024&amp;ssl=1 577w\" width=\"191\" height=\"339\" loading=\"lazy\" data-original-width=\"191\" data-original-height=\"339\" itemprop=\"http:\/\/schema.org\/image\" title=\"20260425_125717 _komprimiert\" alt=\"Zwischenstopp am Th\u00e4lmann-Denkmal (fb)\" style=\"width: 191px; height: 339px;\" \/> <\/a> <div class=\"tiled-gallery-caption\" itemprop=\"caption description\"> Zwischenstopp am Th\u00e4lmann-Denkmal (fb) <\/div> <\/div> <\/div> <!-- close group --> <\/div> <!-- close row --> <div class=\"gallery-row\" style=\"width: 800px; height: 401px;\" data-original-width=\"800\" data-original-height=\"401\" > <div class=\"gallery-group images-1\" style=\"width: 534px; height: 401px;\" data-original-width=\"534\" data-original-height=\"401\" > <div class=\"tiled-gallery-item tiled-gallery-item-large\" itemprop=\"associatedMedia\" itemscope itemtype=\"http:\/\/schema.org\/ImageObject\"> <a href=\"https:\/\/www.freidenker.org\/?attachment_id=25098\" border=\"0\" itemprop=\"url\"> <meta itemprop=\"width\" content=\"530\"> <meta itemprop=\"height\" content=\"397\"> <img decoding=\"async\" class=\"\" data-attachment-id=\"25098\" data-orig-file=\"https:\/\/www.freidenker.org\/fw17\/wp-content\/uploads\/2026\/04\/20260425_125918.jpg\" data-orig-size=\"1600,1200\" data-comments-opened=\"\" data-image-meta=\"{&quot;aperture&quot;:&quot;1.7&quot;,&quot;credit&quot;:&quot;&quot;,&quot;camera&quot;:&quot;SM-A750FN&quot;,&quot;caption&quot;:&quot;&quot;,&quot;created_timestamp&quot;:&quot;1777121958&quot;,&quot;copyright&quot;:&quot;&quot;,&quot;focal_length&quot;:&quot;3.93&quot;,&quot;iso&quot;:&quot;40&quot;,&quot;shutter_speed&quot;:&quot;0.00069204152249135&quot;,&quot;title&quot;:&quot;&quot;,&quot;orientation&quot;:&quot;1&quot;}\" data-image-title=\"20260425_125918\" data-image-description=\"\" data-medium-file=\"https:\/\/i0.wp.com\/www.freidenker.org\/fw17\/wp-content\/uploads\/2026\/04\/20260425_125918.jpg?fit=300%2C225&#038;ssl=1\" data-large-file=\"https:\/\/i0.wp.com\/www.freidenker.org\/fw17\/wp-content\/uploads\/2026\/04\/20260425_125918.jpg?fit=800%2C600&#038;ssl=1\" src=\"https:\/\/i0.wp.com\/www.freidenker.org\/fw17\/wp-content\/uploads\/2026\/04\/20260425_125918.jpg?w=530&#038;h=397&#038;ssl=1\" srcset=\"https:\/\/i0.wp.com\/www.freidenker.org\/fw17\/wp-content\/uploads\/2026\/04\/20260425_125918.jpg?w=1600&amp;ssl=1 1600w, https:\/\/i0.wp.com\/www.freidenker.org\/fw17\/wp-content\/uploads\/2026\/04\/20260425_125918.jpg?resize=300%2C225&amp;ssl=1 300w, https:\/\/i0.wp.com\/www.freidenker.org\/fw17\/wp-content\/uploads\/2026\/04\/20260425_125918.jpg?resize=1024%2C768&amp;ssl=1 1024w, https:\/\/i0.wp.com\/www.freidenker.org\/fw17\/wp-content\/uploads\/2026\/04\/20260425_125918.jpg?resize=768%2C576&amp;ssl=1 768w, https:\/\/i0.wp.com\/www.freidenker.org\/fw17\/wp-content\/uploads\/2026\/04\/20260425_125918.jpg?resize=1536%2C1152&amp;ssl=1 1536w\" width=\"530\" height=\"397\" loading=\"lazy\" data-original-width=\"530\" data-original-height=\"397\" itemprop=\"http:\/\/schema.org\/image\" title=\"20260425_125918\" alt=\"Zwischenstopp am Th\u00e4lmann-Denkmal (rlx)\" style=\"width: 530px; height: 397px;\" \/> <\/a> <div class=\"tiled-gallery-caption\" itemprop=\"caption description\"> Zwischenstopp am Th\u00e4lmann-Denkmal (rlx) <\/div> <\/div> <\/div> <!-- close group --> <div class=\"gallery-group images-2\" style=\"width: 266px; height: 401px;\" data-original-width=\"266\" data-original-height=\"401\" > <div class=\"tiled-gallery-item tiled-gallery-item-large\" itemprop=\"associatedMedia\" itemscope itemtype=\"http:\/\/schema.org\/ImageObject\"> <a href=\"https:\/\/www.freidenker.org\/?attachment_id=25099\" border=\"0\" itemprop=\"url\"> <meta itemprop=\"width\" content=\"262\"> <meta itemprop=\"height\" content=\"197\"> <img decoding=\"async\" class=\"\" data-attachment-id=\"25099\" data-orig-file=\"https:\/\/www.freidenker.org\/fw17\/wp-content\/uploads\/2026\/04\/20260425_131026.jpg\" data-orig-size=\"1600,1200\" data-comments-opened=\"\" data-image-meta=\"{&quot;aperture&quot;:&quot;1.7&quot;,&quot;credit&quot;:&quot;&quot;,&quot;camera&quot;:&quot;SM-A750FN&quot;,&quot;caption&quot;:&quot;&quot;,&quot;created_timestamp&quot;:&quot;1777122626&quot;,&quot;copyright&quot;:&quot;&quot;,&quot;focal_length&quot;:&quot;3.93&quot;,&quot;iso&quot;:&quot;40&quot;,&quot;shutter_speed&quot;:&quot;0.00066181336863005&quot;,&quot;title&quot;:&quot;&quot;,&quot;orientation&quot;:&quot;1&quot;}\" data-image-title=\"20260425_131026\" data-image-description=\"\" data-medium-file=\"https:\/\/i0.wp.com\/www.freidenker.org\/fw17\/wp-content\/uploads\/2026\/04\/20260425_131026.jpg?fit=300%2C225&#038;ssl=1\" data-large-file=\"https:\/\/i0.wp.com\/www.freidenker.org\/fw17\/wp-content\/uploads\/2026\/04\/20260425_131026.jpg?fit=800%2C600&#038;ssl=1\" src=\"https:\/\/i0.wp.com\/www.freidenker.org\/fw17\/wp-content\/uploads\/2026\/04\/20260425_131026.jpg?w=262&#038;h=197&#038;ssl=1\" srcset=\"https:\/\/i0.wp.com\/www.freidenker.org\/fw17\/wp-content\/uploads\/2026\/04\/20260425_131026.jpg?w=1600&amp;ssl=1 1600w, https:\/\/i0.wp.com\/www.freidenker.org\/fw17\/wp-content\/uploads\/2026\/04\/20260425_131026.jpg?resize=300%2C225&amp;ssl=1 300w, https:\/\/i0.wp.com\/www.freidenker.org\/fw17\/wp-content\/uploads\/2026\/04\/20260425_131026.jpg?resize=1024%2C768&amp;ssl=1 1024w, https:\/\/i0.wp.com\/www.freidenker.org\/fw17\/wp-content\/uploads\/2026\/04\/20260425_131026.jpg?resize=768%2C576&amp;ssl=1 768w, https:\/\/i0.wp.com\/www.freidenker.org\/fw17\/wp-content\/uploads\/2026\/04\/20260425_131026.jpg?resize=1536%2C1152&amp;ssl=1 1536w\" width=\"262\" height=\"197\" loading=\"lazy\" data-original-width=\"262\" data-original-height=\"197\" itemprop=\"http:\/\/schema.org\/image\" title=\"20260425_131026\" alt=\"Zwischenstopp am Th\u00e4lmann-Denkmal (rlx)\" style=\"width: 262px; height: 197px;\" \/> <\/a> <div class=\"tiled-gallery-caption\" itemprop=\"caption description\"> Zwischenstopp am Th\u00e4lmann-Denkmal (rlx) <\/div> <\/div> <div class=\"tiled-gallery-item tiled-gallery-item-large\" itemprop=\"associatedMedia\" itemscope itemtype=\"http:\/\/schema.org\/ImageObject\"> <a href=\"https:\/\/www.freidenker.org\/?attachment_id=25097\" border=\"0\" itemprop=\"url\"> <meta itemprop=\"width\" content=\"262\"> <meta itemprop=\"height\" content=\"196\"> <img decoding=\"async\" class=\"\" data-attachment-id=\"25097\" data-orig-file=\"https:\/\/www.freidenker.org\/fw17\/wp-content\/uploads\/2026\/04\/20260425_125910.jpg\" data-orig-size=\"1600,1200\" data-comments-opened=\"\" data-image-meta=\"{&quot;aperture&quot;:&quot;1.7&quot;,&quot;credit&quot;:&quot;&quot;,&quot;camera&quot;:&quot;SM-A750FN&quot;,&quot;caption&quot;:&quot;&quot;,&quot;created_timestamp&quot;:&quot;1777121950&quot;,&quot;copyright&quot;:&quot;&quot;,&quot;focal_length&quot;:&quot;3.93&quot;,&quot;iso&quot;:&quot;40&quot;,&quot;shutter_speed&quot;:&quot;0.0015898251192369&quot;,&quot;title&quot;:&quot;&quot;,&quot;orientation&quot;:&quot;1&quot;}\" data-image-title=\"20260425_125910\" data-image-description=\"\" data-medium-file=\"https:\/\/i0.wp.com\/www.freidenker.org\/fw17\/wp-content\/uploads\/2026\/04\/20260425_125910.jpg?fit=300%2C225&#038;ssl=1\" data-large-file=\"https:\/\/i0.wp.com\/www.freidenker.org\/fw17\/wp-content\/uploads\/2026\/04\/20260425_125910.jpg?fit=800%2C600&#038;ssl=1\" src=\"https:\/\/i0.wp.com\/www.freidenker.org\/fw17\/wp-content\/uploads\/2026\/04\/20260425_125910.jpg?w=262&#038;h=196&#038;ssl=1\" srcset=\"https:\/\/i0.wp.com\/www.freidenker.org\/fw17\/wp-content\/uploads\/2026\/04\/20260425_125910.jpg?w=1600&amp;ssl=1 1600w, https:\/\/i0.wp.com\/www.freidenker.org\/fw17\/wp-content\/uploads\/2026\/04\/20260425_125910.jpg?resize=300%2C225&amp;ssl=1 300w, https:\/\/i0.wp.com\/www.freidenker.org\/fw17\/wp-content\/uploads\/2026\/04\/20260425_125910.jpg?resize=1024%2C768&amp;ssl=1 1024w, https:\/\/i0.wp.com\/www.freidenker.org\/fw17\/wp-content\/uploads\/2026\/04\/20260425_125910.jpg?resize=768%2C576&amp;ssl=1 768w, https:\/\/i0.wp.com\/www.freidenker.org\/fw17\/wp-content\/uploads\/2026\/04\/20260425_125910.jpg?resize=1536%2C1152&amp;ssl=1 1536w\" width=\"262\" height=\"196\" loading=\"lazy\" data-original-width=\"262\" data-original-height=\"196\" itemprop=\"http:\/\/schema.org\/image\" title=\"20260425_125910\" alt=\"Zwischenstopp am Th\u00e4lmann-Denkmal. Es spricht Friedemann Munkelt, Oberst a. D. der Nationalen Volksarmee (NVA) (rlx)\" style=\"width: 262px; height: 196px;\" \/> <\/a> <div class=\"tiled-gallery-caption\" itemprop=\"caption description\"> Zwischenstopp am Th\u00e4lmann-Denkmal. Es spricht Friedemann Munkelt, Oberst a. D. der Nationalen Volksarmee (NVA) (rlx) <\/div> <\/div> <\/div> <!-- close group --> <\/div> <!-- close row --> <div class=\"gallery-row\" style=\"width: 800px; height: 301px;\" data-original-width=\"800\" data-original-height=\"301\" > <div class=\"gallery-group images-1\" style=\"width: 400px; height: 301px;\" data-original-width=\"400\" data-original-height=\"301\" > <div class=\"tiled-gallery-item tiled-gallery-item-large\" itemprop=\"associatedMedia\" itemscope itemtype=\"http:\/\/schema.org\/ImageObject\"> <a href=\"https:\/\/www.freidenker.org\/?attachment_id=25096\" border=\"0\" itemprop=\"url\"> <meta itemprop=\"width\" content=\"396\"> <meta itemprop=\"height\" content=\"297\"> <img decoding=\"async\" class=\"\" data-attachment-id=\"25096\" data-orig-file=\"https:\/\/www.freidenker.org\/fw17\/wp-content\/uploads\/2026\/04\/20260425_125817.jpg\" data-orig-size=\"1600,1200\" data-comments-opened=\"\" data-image-meta=\"{&quot;aperture&quot;:&quot;1.7&quot;,&quot;credit&quot;:&quot;&quot;,&quot;camera&quot;:&quot;SM-A750FN&quot;,&quot;caption&quot;:&quot;&quot;,&quot;created_timestamp&quot;:&quot;1777121897&quot;,&quot;copyright&quot;:&quot;&quot;,&quot;focal_length&quot;:&quot;3.93&quot;,&quot;iso&quot;:&quot;40&quot;,&quot;shutter_speed&quot;:&quot;0.00099403578528827&quot;,&quot;title&quot;:&quot;&quot;,&quot;orientation&quot;:&quot;1&quot;}\" data-image-title=\"20260425_125817\" data-image-description=\"\" data-medium-file=\"https:\/\/i0.wp.com\/www.freidenker.org\/fw17\/wp-content\/uploads\/2026\/04\/20260425_125817.jpg?fit=300%2C225&#038;ssl=1\" data-large-file=\"https:\/\/i0.wp.com\/www.freidenker.org\/fw17\/wp-content\/uploads\/2026\/04\/20260425_125817.jpg?fit=800%2C600&#038;ssl=1\" src=\"https:\/\/i0.wp.com\/www.freidenker.org\/fw17\/wp-content\/uploads\/2026\/04\/20260425_125817.jpg?w=396&#038;h=297&#038;ssl=1\" srcset=\"https:\/\/i0.wp.com\/www.freidenker.org\/fw17\/wp-content\/uploads\/2026\/04\/20260425_125817.jpg?w=1600&amp;ssl=1 1600w, https:\/\/i0.wp.com\/www.freidenker.org\/fw17\/wp-content\/uploads\/2026\/04\/20260425_125817.jpg?resize=300%2C225&amp;ssl=1 300w, https:\/\/i0.wp.com\/www.freidenker.org\/fw17\/wp-content\/uploads\/2026\/04\/20260425_125817.jpg?resize=1024%2C768&amp;ssl=1 1024w, https:\/\/i0.wp.com\/www.freidenker.org\/fw17\/wp-content\/uploads\/2026\/04\/20260425_125817.jpg?resize=768%2C576&amp;ssl=1 768w, https:\/\/i0.wp.com\/www.freidenker.org\/fw17\/wp-content\/uploads\/2026\/04\/20260425_125817.jpg?resize=1536%2C1152&amp;ssl=1 1536w\" width=\"396\" height=\"297\" loading=\"lazy\" data-original-width=\"396\" data-original-height=\"297\" itemprop=\"http:\/\/schema.org\/image\" title=\"20260425_125817\" alt=\"Zwischenstopp am Th\u00e4lmann-Denkmal (rlx)\" style=\"width: 396px; height: 297px;\" \/> <\/a> <div class=\"tiled-gallery-caption\" itemprop=\"caption description\"> Zwischenstopp am Th\u00e4lmann-Denkmal (rlx) <\/div> <\/div> <\/div> <!-- close group --> <div class=\"gallery-group images-1\" style=\"width: 400px; height: 301px;\" data-original-width=\"400\" data-original-height=\"301\" > <div class=\"tiled-gallery-item tiled-gallery-item-large\" itemprop=\"associatedMedia\" itemscope itemtype=\"http:\/\/schema.org\/ImageObject\"> <a href=\"https:\/\/www.freidenker.org\/?attachment_id=25105\" border=\"0\" itemprop=\"url\"> <meta itemprop=\"width\" content=\"396\"> <meta itemprop=\"height\" content=\"297\"> <img decoding=\"async\" class=\"\" data-attachment-id=\"25105\" data-orig-file=\"https:\/\/www.freidenker.org\/fw17\/wp-content\/uploads\/2026\/04\/20260425_144904.jpg\" data-orig-size=\"1600,1200\" data-comments-opened=\"\" data-image-meta=\"{&quot;aperture&quot;:&quot;1.7&quot;,&quot;credit&quot;:&quot;&quot;,&quot;camera&quot;:&quot;SM-A750FN&quot;,&quot;caption&quot;:&quot;&quot;,&quot;created_timestamp&quot;:&quot;1777128543&quot;,&quot;copyright&quot;:&quot;&quot;,&quot;focal_length&quot;:&quot;3.93&quot;,&quot;iso&quot;:&quot;40&quot;,&quot;shutter_speed&quot;:&quot;0.0027855153203343&quot;,&quot;title&quot;:&quot;&quot;,&quot;orientation&quot;:&quot;1&quot;}\" data-image-title=\"20260425_144904\" data-image-description=\"\" data-medium-file=\"https:\/\/i0.wp.com\/www.freidenker.org\/fw17\/wp-content\/uploads\/2026\/04\/20260425_144904.jpg?fit=300%2C225&#038;ssl=1\" data-large-file=\"https:\/\/i0.wp.com\/www.freidenker.org\/fw17\/wp-content\/uploads\/2026\/04\/20260425_144904.jpg?fit=800%2C600&#038;ssl=1\" src=\"https:\/\/i0.wp.com\/www.freidenker.org\/fw17\/wp-content\/uploads\/2026\/04\/20260425_144904.jpg?w=396&#038;h=297&#038;ssl=1\" srcset=\"https:\/\/i0.wp.com\/www.freidenker.org\/fw17\/wp-content\/uploads\/2026\/04\/20260425_144904.jpg?w=1600&amp;ssl=1 1600w, https:\/\/i0.wp.com\/www.freidenker.org\/fw17\/wp-content\/uploads\/2026\/04\/20260425_144904.jpg?resize=300%2C225&amp;ssl=1 300w, https:\/\/i0.wp.com\/www.freidenker.org\/fw17\/wp-content\/uploads\/2026\/04\/20260425_144904.jpg?resize=1024%2C768&amp;ssl=1 1024w, https:\/\/i0.wp.com\/www.freidenker.org\/fw17\/wp-content\/uploads\/2026\/04\/20260425_144904.jpg?resize=768%2C576&amp;ssl=1 768w, https:\/\/i0.wp.com\/www.freidenker.org\/fw17\/wp-content\/uploads\/2026\/04\/20260425_144904.jpg?resize=1536%2C1152&amp;ssl=1 1536w\" width=\"396\" height=\"297\" loading=\"lazy\" data-original-width=\"396\" data-original-height=\"297\" itemprop=\"http:\/\/schema.org\/image\" title=\"20260425_144904\" alt=\"Kundgebung am Marktplatz (rlx)\" style=\"width: 396px; height: 297px;\" \/> <\/a> <div class=\"tiled-gallery-caption\" itemprop=\"caption description\"> Kundgebung am Marktplatz (rlx) <\/div> <\/div> <\/div> <!-- close group --> <\/div> <!-- close row --> <div class=\"gallery-row\" style=\"width: 800px; height: 467px;\" data-original-width=\"800\" data-original-height=\"467\" > <div class=\"gallery-group images-3\" style=\"width: 225px; height: 467px;\" data-original-width=\"225\" data-original-height=\"467\" > <div class=\"tiled-gallery-item tiled-gallery-item-small\" itemprop=\"associatedMedia\" itemscope itemtype=\"http:\/\/schema.org\/ImageObject\"> <a href=\"https:\/\/www.freidenker.org\/?attachment_id=25072\" border=\"0\" itemprop=\"url\"> <meta itemprop=\"width\" content=\"221\"> <meta itemprop=\"height\" content=\"124\"> <img decoding=\"async\" class=\"\" data-attachment-id=\"25072\" data-orig-file=\"https:\/\/www.freidenker.org\/fw17\/wp-content\/uploads\/2026\/04\/20260425_140543-_komprimiert.jpg\" data-orig-size=\"1065,600\" data-comments-opened=\"\" data-image-meta=\"{&quot;aperture&quot;:&quot;1.8&quot;,&quot;credit&quot;:&quot;&quot;,&quot;camera&quot;:&quot;Galaxy S24&quot;,&quot;caption&quot;:&quot;&quot;,&quot;created_timestamp&quot;:&quot;1777125943&quot;,&quot;copyright&quot;:&quot;&quot;,&quot;focal_length&quot;:&quot;5.4&quot;,&quot;iso&quot;:&quot;25&quot;,&quot;shutter_speed&quot;:&quot;0.000469924&quot;,&quot;title&quot;:&quot;&quot;,&quot;orientation&quot;:&quot;1&quot;}\" data-image-title=\"20260425_140543 _komprimiert\" data-image-description=\"\" data-medium-file=\"https:\/\/i0.wp.com\/www.freidenker.org\/fw17\/wp-content\/uploads\/2026\/04\/20260425_140543-_komprimiert.jpg?fit=300%2C169&#038;ssl=1\" data-large-file=\"https:\/\/i0.wp.com\/www.freidenker.org\/fw17\/wp-content\/uploads\/2026\/04\/20260425_140543-_komprimiert.jpg?fit=800%2C451&#038;ssl=1\" src=\"https:\/\/i0.wp.com\/www.freidenker.org\/fw17\/wp-content\/uploads\/2026\/04\/20260425_140543-_komprimiert.jpg?w=221&#038;h=124&#038;ssl=1\" srcset=\"https:\/\/i0.wp.com\/www.freidenker.org\/fw17\/wp-content\/uploads\/2026\/04\/20260425_140543-_komprimiert.jpg?w=1065&amp;ssl=1 1065w, https:\/\/i0.wp.com\/www.freidenker.org\/fw17\/wp-content\/uploads\/2026\/04\/20260425_140543-_komprimiert.jpg?resize=300%2C169&amp;ssl=1 300w, https:\/\/i0.wp.com\/www.freidenker.org\/fw17\/wp-content\/uploads\/2026\/04\/20260425_140543-_komprimiert.jpg?resize=1024%2C577&amp;ssl=1 1024w, https:\/\/i0.wp.com\/www.freidenker.org\/fw17\/wp-content\/uploads\/2026\/04\/20260425_140543-_komprimiert.jpg?resize=768%2C433&amp;ssl=1 768w, https:\/\/i0.wp.com\/www.freidenker.org\/fw17\/wp-content\/uploads\/2026\/04\/20260425_140543-_komprimiert.jpg?resize=800%2C445&amp;ssl=1 800w\" width=\"221\" height=\"124\" loading=\"lazy\" data-original-width=\"221\" data-original-height=\"124\" itemprop=\"http:\/\/schema.org\/image\" title=\"20260425_140543 _komprimiert\" alt=\"Kundgebung auf dem Marktplatz (fb)\" style=\"width: 221px; height: 124px;\" \/> <\/a> <div class=\"tiled-gallery-caption\" itemprop=\"caption description\"> Kundgebung auf dem Marktplatz (fb) <\/div> <\/div> <div class=\"tiled-gallery-item tiled-gallery-item-small\" itemprop=\"associatedMedia\" itemscope itemtype=\"http:\/\/schema.org\/ImageObject\"> <a href=\"https:\/\/www.freidenker.org\/?attachment_id=25101\" border=\"0\" itemprop=\"url\"> <meta itemprop=\"width\" content=\"221\"> <meta itemprop=\"height\" content=\"166\"> <img decoding=\"async\" class=\"\" data-attachment-id=\"25101\" data-orig-file=\"https:\/\/www.freidenker.org\/fw17\/wp-content\/uploads\/2026\/04\/20260425_135307.jpg\" data-orig-size=\"1600,1200\" data-comments-opened=\"\" data-image-meta=\"{&quot;aperture&quot;:&quot;1.7&quot;,&quot;credit&quot;:&quot;&quot;,&quot;camera&quot;:&quot;SM-A750FN&quot;,&quot;caption&quot;:&quot;&quot;,&quot;created_timestamp&quot;:&quot;1777125187&quot;,&quot;copyright&quot;:&quot;&quot;,&quot;focal_length&quot;:&quot;3.93&quot;,&quot;iso&quot;:&quot;40&quot;,&quot;shutter_speed&quot;:&quot;0.00082781456953642&quot;,&quot;title&quot;:&quot;&quot;,&quot;orientation&quot;:&quot;1&quot;}\" data-image-title=\"20260425_135307\" data-image-description=\"\" data-medium-file=\"https:\/\/i0.wp.com\/www.freidenker.org\/fw17\/wp-content\/uploads\/2026\/04\/20260425_135307.jpg?fit=300%2C225&#038;ssl=1\" data-large-file=\"https:\/\/i0.wp.com\/www.freidenker.org\/fw17\/wp-content\/uploads\/2026\/04\/20260425_135307.jpg?fit=800%2C600&#038;ssl=1\" src=\"https:\/\/i0.wp.com\/www.freidenker.org\/fw17\/wp-content\/uploads\/2026\/04\/20260425_135307.jpg?w=221&#038;h=166&#038;ssl=1\" srcset=\"https:\/\/i0.wp.com\/www.freidenker.org\/fw17\/wp-content\/uploads\/2026\/04\/20260425_135307.jpg?w=1600&amp;ssl=1 1600w, https:\/\/i0.wp.com\/www.freidenker.org\/fw17\/wp-content\/uploads\/2026\/04\/20260425_135307.jpg?resize=300%2C225&amp;ssl=1 300w, https:\/\/i0.wp.com\/www.freidenker.org\/fw17\/wp-content\/uploads\/2026\/04\/20260425_135307.jpg?resize=1024%2C768&amp;ssl=1 1024w, https:\/\/i0.wp.com\/www.freidenker.org\/fw17\/wp-content\/uploads\/2026\/04\/20260425_135307.jpg?resize=768%2C576&amp;ssl=1 768w, https:\/\/i0.wp.com\/www.freidenker.org\/fw17\/wp-content\/uploads\/2026\/04\/20260425_135307.jpg?resize=1536%2C1152&amp;ssl=1 1536w\" width=\"221\" height=\"166\" loading=\"lazy\" data-original-width=\"221\" data-original-height=\"166\" itemprop=\"http:\/\/schema.org\/image\" title=\"20260425_135307\" alt=\"Kundgebung auf dem Marktplatz (rlx)\" style=\"width: 221px; height: 166px;\" \/> <\/a> <div class=\"tiled-gallery-caption\" itemprop=\"caption description\"> Kundgebung auf dem Marktplatz (rlx) <\/div> <\/div> <div class=\"tiled-gallery-item tiled-gallery-item-small\" itemprop=\"associatedMedia\" itemscope itemtype=\"http:\/\/schema.org\/ImageObject\"> <a href=\"https:\/\/www.freidenker.org\/?attachment_id=25104\" border=\"0\" itemprop=\"url\"> <meta itemprop=\"width\" content=\"221\"> <meta itemprop=\"height\" content=\"165\"> <img decoding=\"async\" class=\"\" data-attachment-id=\"25104\" data-orig-file=\"https:\/\/www.freidenker.org\/fw17\/wp-content\/uploads\/2026\/04\/20260425_140954.jpg\" data-orig-size=\"1600,1200\" data-comments-opened=\"\" data-image-meta=\"{&quot;aperture&quot;:&quot;1.7&quot;,&quot;credit&quot;:&quot;&quot;,&quot;camera&quot;:&quot;SM-A750FN&quot;,&quot;caption&quot;:&quot;&quot;,&quot;created_timestamp&quot;:&quot;1777126194&quot;,&quot;copyright&quot;:&quot;&quot;,&quot;focal_length&quot;:&quot;3.93&quot;,&quot;iso&quot;:&quot;40&quot;,&quot;shutter_speed&quot;:&quot;0.0016528925619835&quot;,&quot;title&quot;:&quot;&quot;,&quot;orientation&quot;:&quot;1&quot;}\" data-image-title=\"20260425_140954\" data-image-description=\"\" data-medium-file=\"https:\/\/i0.wp.com\/www.freidenker.org\/fw17\/wp-content\/uploads\/2026\/04\/20260425_140954.jpg?fit=300%2C225&#038;ssl=1\" data-large-file=\"https:\/\/i0.wp.com\/www.freidenker.org\/fw17\/wp-content\/uploads\/2026\/04\/20260425_140954.jpg?fit=800%2C600&#038;ssl=1\" src=\"https:\/\/i0.wp.com\/www.freidenker.org\/fw17\/wp-content\/uploads\/2026\/04\/20260425_140954.jpg?w=221&#038;h=165&#038;ssl=1\" srcset=\"https:\/\/i0.wp.com\/www.freidenker.org\/fw17\/wp-content\/uploads\/2026\/04\/20260425_140954.jpg?w=1600&amp;ssl=1 1600w, https:\/\/i0.wp.com\/www.freidenker.org\/fw17\/wp-content\/uploads\/2026\/04\/20260425_140954.jpg?resize=300%2C225&amp;ssl=1 300w, https:\/\/i0.wp.com\/www.freidenker.org\/fw17\/wp-content\/uploads\/2026\/04\/20260425_140954.jpg?resize=1024%2C768&amp;ssl=1 1024w, https:\/\/i0.wp.com\/www.freidenker.org\/fw17\/wp-content\/uploads\/2026\/04\/20260425_140954.jpg?resize=768%2C576&amp;ssl=1 768w, https:\/\/i0.wp.com\/www.freidenker.org\/fw17\/wp-content\/uploads\/2026\/04\/20260425_140954.jpg?resize=1536%2C1152&amp;ssl=1 1536w\" width=\"221\" height=\"165\" loading=\"lazy\" data-original-width=\"221\" data-original-height=\"165\" itemprop=\"http:\/\/schema.org\/image\" title=\"20260425_140954\" alt=\"Kundgebung am Marktplatz (rlx)\" style=\"width: 221px; height: 165px;\" \/> <\/a> <div class=\"tiled-gallery-caption\" itemprop=\"caption description\"> Kundgebung am Marktplatz (rlx) <\/div> <\/div> <\/div> <!-- close group --> <div class=\"gallery-group images-1\" style=\"width: 351px; height: 467px;\" data-original-width=\"351\" data-original-height=\"467\" > <div class=\"tiled-gallery-item tiled-gallery-item-large\" itemprop=\"associatedMedia\" itemscope itemtype=\"http:\/\/schema.org\/ImageObject\"> <a href=\"https:\/\/www.freidenker.org\/?attachment_id=25103\" border=\"0\" itemprop=\"url\"> <meta itemprop=\"width\" content=\"347\"> <meta itemprop=\"height\" content=\"463\"> <img decoding=\"async\" class=\"\" data-attachment-id=\"25103\" data-orig-file=\"https:\/\/www.freidenker.org\/fw17\/wp-content\/uploads\/2026\/04\/20260425_140913.jpg\" data-orig-size=\"1200,1600\" data-comments-opened=\"\" data-image-meta=\"{&quot;aperture&quot;:&quot;1.7&quot;,&quot;credit&quot;:&quot;&quot;,&quot;camera&quot;:&quot;SM-A750FN&quot;,&quot;caption&quot;:&quot;&quot;,&quot;created_timestamp&quot;:&quot;1777126153&quot;,&quot;copyright&quot;:&quot;&quot;,&quot;focal_length&quot;:&quot;3.93&quot;,&quot;iso&quot;:&quot;40&quot;,&quot;shutter_speed&quot;:&quot;0.00043402777777778&quot;,&quot;title&quot;:&quot;&quot;,&quot;orientation&quot;:&quot;1&quot;}\" data-image-title=\"20260425_140913\" data-image-description=\"\" data-medium-file=\"https:\/\/i0.wp.com\/www.freidenker.org\/fw17\/wp-content\/uploads\/2026\/04\/20260425_140913.jpg?fit=225%2C300&#038;ssl=1\" data-large-file=\"https:\/\/i0.wp.com\/www.freidenker.org\/fw17\/wp-content\/uploads\/2026\/04\/20260425_140913.jpg?fit=768%2C1024&#038;ssl=1\" src=\"https:\/\/i0.wp.com\/www.freidenker.org\/fw17\/wp-content\/uploads\/2026\/04\/20260425_140913.jpg?w=347&#038;h=463&#038;ssl=1\" srcset=\"https:\/\/i0.wp.com\/www.freidenker.org\/fw17\/wp-content\/uploads\/2026\/04\/20260425_140913.jpg?w=1200&amp;ssl=1 1200w, https:\/\/i0.wp.com\/www.freidenker.org\/fw17\/wp-content\/uploads\/2026\/04\/20260425_140913.jpg?resize=225%2C300&amp;ssl=1 225w, https:\/\/i0.wp.com\/www.freidenker.org\/fw17\/wp-content\/uploads\/2026\/04\/20260425_140913.jpg?resize=768%2C1024&amp;ssl=1 768w, https:\/\/i0.wp.com\/www.freidenker.org\/fw17\/wp-content\/uploads\/2026\/04\/20260425_140913.jpg?resize=1152%2C1536&amp;ssl=1 1152w\" width=\"347\" height=\"463\" loading=\"lazy\" data-original-width=\"347\" data-original-height=\"463\" itemprop=\"http:\/\/schema.org\/image\" title=\"20260425_140913\" alt=\"Freidenker-Infostand am Marktplatz (rlx)\" style=\"width: 347px; height: 463px;\" \/> <\/a> <div class=\"tiled-gallery-caption\" itemprop=\"caption description\"> Freidenker-Infostand am Marktplatz (rlx) <\/div> <\/div> <\/div> <!-- close group --> <div class=\"gallery-group images-3\" style=\"width: 224px; height: 467px;\" data-original-width=\"224\" data-original-height=\"467\" > <div class=\"tiled-gallery-item tiled-gallery-item-small\" itemprop=\"associatedMedia\" itemscope itemtype=\"http:\/\/schema.org\/ImageObject\"> <a href=\"https:\/\/www.freidenker.org\/?attachment_id=25102\" border=\"0\" itemprop=\"url\"> <meta itemprop=\"width\" content=\"220\"> <meta itemprop=\"height\" content=\"166\"> <img decoding=\"async\" class=\"\" data-attachment-id=\"25102\" data-orig-file=\"https:\/\/www.freidenker.org\/fw17\/wp-content\/uploads\/2026\/04\/20260425_140832.jpg\" data-orig-size=\"1600,1200\" data-comments-opened=\"\" data-image-meta=\"{&quot;aperture&quot;:&quot;1.7&quot;,&quot;credit&quot;:&quot;&quot;,&quot;camera&quot;:&quot;SM-A750FN&quot;,&quot;caption&quot;:&quot;&quot;,&quot;created_timestamp&quot;:&quot;1777126111&quot;,&quot;copyright&quot;:&quot;&quot;,&quot;focal_length&quot;:&quot;3.93&quot;,&quot;iso&quot;:&quot;40&quot;,&quot;shutter_speed&quot;:&quot;0.000871839581517&quot;,&quot;title&quot;:&quot;&quot;,&quot;orientation&quot;:&quot;1&quot;}\" data-image-title=\"20260425_140832\" data-image-description=\"\" data-medium-file=\"https:\/\/i0.wp.com\/www.freidenker.org\/fw17\/wp-content\/uploads\/2026\/04\/20260425_140832.jpg?fit=300%2C225&#038;ssl=1\" data-large-file=\"https:\/\/i0.wp.com\/www.freidenker.org\/fw17\/wp-content\/uploads\/2026\/04\/20260425_140832.jpg?fit=800%2C600&#038;ssl=1\" src=\"https:\/\/i0.wp.com\/www.freidenker.org\/fw17\/wp-content\/uploads\/2026\/04\/20260425_140832.jpg?w=220&#038;h=166&#038;ssl=1\" srcset=\"https:\/\/i0.wp.com\/www.freidenker.org\/fw17\/wp-content\/uploads\/2026\/04\/20260425_140832.jpg?w=1600&amp;ssl=1 1600w, https:\/\/i0.wp.com\/www.freidenker.org\/fw17\/wp-content\/uploads\/2026\/04\/20260425_140832.jpg?resize=300%2C225&amp;ssl=1 300w, https:\/\/i0.wp.com\/www.freidenker.org\/fw17\/wp-content\/uploads\/2026\/04\/20260425_140832.jpg?resize=1024%2C768&amp;ssl=1 1024w, https:\/\/i0.wp.com\/www.freidenker.org\/fw17\/wp-content\/uploads\/2026\/04\/20260425_140832.jpg?resize=768%2C576&amp;ssl=1 768w, https:\/\/i0.wp.com\/www.freidenker.org\/fw17\/wp-content\/uploads\/2026\/04\/20260425_140832.jpg?resize=1536%2C1152&amp;ssl=1 1536w\" width=\"220\" height=\"166\" loading=\"lazy\" data-original-width=\"220\" data-original-height=\"166\" itemprop=\"http:\/\/schema.org\/image\" title=\"20260425_140832\" alt=\"Freidenker-Infostand am Marktplatz. Links Liane Blank von den Brandenburger Freidenkern, rechts Wolfram Fischer, der Vorsitzende der s\u00e4chsischen Freidenker (rlx)\" style=\"width: 220px; height: 166px;\" \/> <\/a> <div class=\"tiled-gallery-caption\" itemprop=\"caption description\"> Freidenker-Infostand am Marktplatz. Links Liane Blank von den Brandenburger Freidenkern, rechts Wolfram Fischer, der Vorsitzende der s\u00e4chsischen Freidenker (rlx) <\/div> <\/div> <div class=\"tiled-gallery-item tiled-gallery-item-small\" itemprop=\"associatedMedia\" itemscope itemtype=\"http:\/\/schema.org\/ImageObject\"> <a href=\"https:\/\/www.freidenker.org\/?attachment_id=25100\" border=\"0\" itemprop=\"url\"> <meta itemprop=\"width\" content=\"220\"> <meta itemprop=\"height\" content=\"165\"> <img decoding=\"async\" class=\"\" data-attachment-id=\"25100\" data-orig-file=\"https:\/\/www.freidenker.org\/fw17\/wp-content\/uploads\/2026\/04\/20260425_134816.jpg\" data-orig-size=\"1600,1200\" data-comments-opened=\"\" data-image-meta=\"{&quot;aperture&quot;:&quot;1.7&quot;,&quot;credit&quot;:&quot;&quot;,&quot;camera&quot;:&quot;SM-A750FN&quot;,&quot;caption&quot;:&quot;&quot;,&quot;created_timestamp&quot;:&quot;1777124895&quot;,&quot;copyright&quot;:&quot;&quot;,&quot;focal_length&quot;:&quot;3.93&quot;,&quot;iso&quot;:&quot;40&quot;,&quot;shutter_speed&quot;:&quot;0.0010183299389002&quot;,&quot;title&quot;:&quot;&quot;,&quot;orientation&quot;:&quot;1&quot;}\" data-image-title=\"20260425_134816\" data-image-description=\"\" data-medium-file=\"https:\/\/i0.wp.com\/www.freidenker.org\/fw17\/wp-content\/uploads\/2026\/04\/20260425_134816.jpg?fit=300%2C225&#038;ssl=1\" data-large-file=\"https:\/\/i0.wp.com\/www.freidenker.org\/fw17\/wp-content\/uploads\/2026\/04\/20260425_134816.jpg?fit=800%2C600&#038;ssl=1\" src=\"https:\/\/i0.wp.com\/www.freidenker.org\/fw17\/wp-content\/uploads\/2026\/04\/20260425_134816.jpg?w=220&#038;h=165&#038;ssl=1\" srcset=\"https:\/\/i0.wp.com\/www.freidenker.org\/fw17\/wp-content\/uploads\/2026\/04\/20260425_134816.jpg?w=1600&amp;ssl=1 1600w, https:\/\/i0.wp.com\/www.freidenker.org\/fw17\/wp-content\/uploads\/2026\/04\/20260425_134816.jpg?resize=300%2C225&amp;ssl=1 300w, https:\/\/i0.wp.com\/www.freidenker.org\/fw17\/wp-content\/uploads\/2026\/04\/20260425_134816.jpg?resize=1024%2C768&amp;ssl=1 1024w, https:\/\/i0.wp.com\/www.freidenker.org\/fw17\/wp-content\/uploads\/2026\/04\/20260425_134816.jpg?resize=768%2C576&amp;ssl=1 768w, https:\/\/i0.wp.com\/www.freidenker.org\/fw17\/wp-content\/uploads\/2026\/04\/20260425_134816.jpg?resize=1536%2C1152&amp;ssl=1 1536w\" width=\"220\" height=\"165\" loading=\"lazy\" data-original-width=\"220\" data-original-height=\"165\" itemprop=\"http:\/\/schema.org\/image\" title=\"20260425_134816\" alt=\"Freidenker-Fahnen (rlx)\" style=\"width: 220px; height: 165px;\" \/> <\/a> <div class=\"tiled-gallery-caption\" itemprop=\"caption description\"> Freidenker-Fahnen (rlx) <\/div> <\/div> <div class=\"tiled-gallery-item tiled-gallery-item-small\" itemprop=\"associatedMedia\" itemscope itemtype=\"http:\/\/schema.org\/ImageObject\"> <a href=\"https:\/\/www.freidenker.org\/?attachment_id=25071\" border=\"0\" itemprop=\"url\"> <meta itemprop=\"width\" content=\"220\"> <meta itemprop=\"height\" content=\"124\"> <img decoding=\"async\" class=\"\" data-attachment-id=\"25071\" data-orig-file=\"https:\/\/www.freidenker.org\/fw17\/wp-content\/uploads\/2026\/04\/20260425_134506-_komprimiert.jpg\" data-orig-size=\"1065,600\" data-comments-opened=\"\" data-image-meta=\"{&quot;aperture&quot;:&quot;1.8&quot;,&quot;credit&quot;:&quot;&quot;,&quot;camera&quot;:&quot;Galaxy S24&quot;,&quot;caption&quot;:&quot;&quot;,&quot;created_timestamp&quot;:&quot;1777124706&quot;,&quot;copyright&quot;:&quot;&quot;,&quot;focal_length&quot;:&quot;5.4&quot;,&quot;iso&quot;:&quot;25&quot;,&quot;shutter_speed&quot;:&quot;0.000468164&quot;,&quot;title&quot;:&quot;&quot;,&quot;orientation&quot;:&quot;1&quot;}\" data-image-title=\"20260425_134506 _komprimiert\" data-image-description=\"\" data-medium-file=\"https:\/\/i0.wp.com\/www.freidenker.org\/fw17\/wp-content\/uploads\/2026\/04\/20260425_134506-_komprimiert.jpg?fit=300%2C169&#038;ssl=1\" data-large-file=\"https:\/\/i0.wp.com\/www.freidenker.org\/fw17\/wp-content\/uploads\/2026\/04\/20260425_134506-_komprimiert.jpg?fit=800%2C451&#038;ssl=1\" src=\"https:\/\/i0.wp.com\/www.freidenker.org\/fw17\/wp-content\/uploads\/2026\/04\/20260425_134506-_komprimiert.jpg?w=220&#038;h=124&#038;ssl=1\" srcset=\"https:\/\/i0.wp.com\/www.freidenker.org\/fw17\/wp-content\/uploads\/2026\/04\/20260425_134506-_komprimiert.jpg?w=1065&amp;ssl=1 1065w, https:\/\/i0.wp.com\/www.freidenker.org\/fw17\/wp-content\/uploads\/2026\/04\/20260425_134506-_komprimiert.jpg?resize=300%2C169&amp;ssl=1 300w, https:\/\/i0.wp.com\/www.freidenker.org\/fw17\/wp-content\/uploads\/2026\/04\/20260425_134506-_komprimiert.jpg?resize=1024%2C577&amp;ssl=1 1024w, https:\/\/i0.wp.com\/www.freidenker.org\/fw17\/wp-content\/uploads\/2026\/04\/20260425_134506-_komprimiert.jpg?resize=768%2C433&amp;ssl=1 768w\" width=\"220\" height=\"124\" loading=\"lazy\" data-original-width=\"220\" data-original-height=\"124\" itemprop=\"http:\/\/schema.org\/image\" title=\"20260425_134506 _komprimiert\" alt=\"Die Freidenker zeigen Pr\u00e4senz (fb)\" style=\"width: 220px; height: 124px;\" \/> <\/a> <div class=\"tiled-gallery-caption\" itemprop=\"caption description\"> Die Freidenker zeigen Pr\u00e4senz (fb) <\/div> <\/div> <\/div> <!-- close group --> <\/div> <!-- close row --> <div class=\"gallery-row\" style=\"width: 800px; height: 552px;\" data-original-width=\"800\" data-original-height=\"552\" > <div class=\"gallery-group images-2\" style=\"width: 487px; height: 552px;\" data-original-width=\"487\" data-original-height=\"552\" > <div class=\"tiled-gallery-item tiled-gallery-item-large\" itemprop=\"associatedMedia\" itemscope itemtype=\"http:\/\/schema.org\/ImageObject\"> <a href=\"https:\/\/www.freidenker.org\/?attachment_id=25070\" border=\"0\" itemprop=\"url\"> <meta itemprop=\"width\" content=\"483\"> <meta itemprop=\"height\" content=\"272\"> <img decoding=\"async\" class=\"\" data-attachment-id=\"25070\" data-orig-file=\"https:\/\/www.freidenker.org\/fw17\/wp-content\/uploads\/2026\/04\/20260425_134338-_komprimiert.jpg\" data-orig-size=\"1065,600\" data-comments-opened=\"\" data-image-meta=\"{&quot;aperture&quot;:&quot;1.8&quot;,&quot;credit&quot;:&quot;&quot;,&quot;camera&quot;:&quot;Galaxy S24&quot;,&quot;caption&quot;:&quot;&quot;,&quot;created_timestamp&quot;:&quot;1777124618&quot;,&quot;copyright&quot;:&quot;&quot;,&quot;focal_length&quot;:&quot;5.4&quot;,&quot;iso&quot;:&quot;25&quot;,&quot;shutter_speed&quot;:&quot;0.00050505&quot;,&quot;title&quot;:&quot;&quot;,&quot;orientation&quot;:&quot;1&quot;}\" data-image-title=\"20260425_134338 _komprimiert\" data-image-description=\"\" data-medium-file=\"https:\/\/i0.wp.com\/www.freidenker.org\/fw17\/wp-content\/uploads\/2026\/04\/20260425_134338-_komprimiert.jpg?fit=300%2C169&#038;ssl=1\" data-large-file=\"https:\/\/i0.wp.com\/www.freidenker.org\/fw17\/wp-content\/uploads\/2026\/04\/20260425_134338-_komprimiert.jpg?fit=800%2C451&#038;ssl=1\" src=\"https:\/\/i0.wp.com\/www.freidenker.org\/fw17\/wp-content\/uploads\/2026\/04\/20260425_134338-_komprimiert.jpg?w=483&#038;h=272&#038;ssl=1\" srcset=\"https:\/\/i0.wp.com\/www.freidenker.org\/fw17\/wp-content\/uploads\/2026\/04\/20260425_134338-_komprimiert.jpg?w=1065&amp;ssl=1 1065w, https:\/\/i0.wp.com\/www.freidenker.org\/fw17\/wp-content\/uploads\/2026\/04\/20260425_134338-_komprimiert.jpg?resize=300%2C169&amp;ssl=1 300w, https:\/\/i0.wp.com\/www.freidenker.org\/fw17\/wp-content\/uploads\/2026\/04\/20260425_134338-_komprimiert.jpg?resize=1024%2C577&amp;ssl=1 1024w, https:\/\/i0.wp.com\/www.freidenker.org\/fw17\/wp-content\/uploads\/2026\/04\/20260425_134338-_komprimiert.jpg?resize=768%2C433&amp;ssl=1 768w\" width=\"483\" height=\"272\" loading=\"lazy\" data-original-width=\"483\" data-original-height=\"272\" itemprop=\"http:\/\/schema.org\/image\" title=\"20260425_134338 _komprimiert\" alt=\"Wolfram Fischer, der Vorsitzende der s\u00e4chsischen Freidenker, am Infostand im Gespr\u00e4ch mit Besuchern (fb)\" style=\"width: 483px; height: 272px;\" \/> <\/a> <div class=\"tiled-gallery-caption\" itemprop=\"caption description\"> Wolfram Fischer, der Vorsitzende der s\u00e4chsischen Freidenker, am Infostand im Gespr\u00e4ch mit Besuchern (fb) <\/div> <\/div> <div class=\"tiled-gallery-item tiled-gallery-item-large\" itemprop=\"associatedMedia\" itemscope itemtype=\"http:\/\/schema.org\/ImageObject\"> <a href=\"https:\/\/www.freidenker.org\/?attachment_id=25069\" border=\"0\" itemprop=\"url\"> <meta itemprop=\"width\" content=\"483\"> <meta itemprop=\"height\" content=\"272\"> <img decoding=\"async\" class=\"\" data-attachment-id=\"25069\" data-orig-file=\"https:\/\/www.freidenker.org\/fw17\/wp-content\/uploads\/2026\/04\/20260425_134331-_komprimiert.jpg\" data-orig-size=\"1065,600\" data-comments-opened=\"\" data-image-meta=\"{&quot;aperture&quot;:&quot;1.8&quot;,&quot;credit&quot;:&quot;&quot;,&quot;camera&quot;:&quot;Galaxy S24&quot;,&quot;caption&quot;:&quot;&quot;,&quot;created_timestamp&quot;:&quot;1777124611&quot;,&quot;copyright&quot;:&quot;&quot;,&quot;focal_length&quot;:&quot;5.4&quot;,&quot;iso&quot;:&quot;25&quot;,&quot;shutter_speed&quot;:&quot;0.000416666&quot;,&quot;title&quot;:&quot;&quot;,&quot;orientation&quot;:&quot;1&quot;}\" data-image-title=\"20260425_134331 _komprimiert\" data-image-description=\"\" data-medium-file=\"https:\/\/i0.wp.com\/www.freidenker.org\/fw17\/wp-content\/uploads\/2026\/04\/20260425_134331-_komprimiert.jpg?fit=300%2C169&#038;ssl=1\" data-large-file=\"https:\/\/i0.wp.com\/www.freidenker.org\/fw17\/wp-content\/uploads\/2026\/04\/20260425_134331-_komprimiert.jpg?fit=800%2C451&#038;ssl=1\" src=\"https:\/\/i0.wp.com\/www.freidenker.org\/fw17\/wp-content\/uploads\/2026\/04\/20260425_134331-_komprimiert.jpg?w=483&#038;h=272&#038;ssl=1\" srcset=\"https:\/\/i0.wp.com\/www.freidenker.org\/fw17\/wp-content\/uploads\/2026\/04\/20260425_134331-_komprimiert.jpg?w=1065&amp;ssl=1 1065w, https:\/\/i0.wp.com\/www.freidenker.org\/fw17\/wp-content\/uploads\/2026\/04\/20260425_134331-_komprimiert.jpg?resize=300%2C169&amp;ssl=1 300w, https:\/\/i0.wp.com\/www.freidenker.org\/fw17\/wp-content\/uploads\/2026\/04\/20260425_134331-_komprimiert.jpg?resize=1024%2C577&amp;ssl=1 1024w, https:\/\/i0.wp.com\/www.freidenker.org\/fw17\/wp-content\/uploads\/2026\/04\/20260425_134331-_komprimiert.jpg?resize=768%2C433&amp;ssl=1 768w\" width=\"483\" height=\"272\" loading=\"lazy\" data-original-width=\"483\" data-original-height=\"272\" itemprop=\"http:\/\/schema.org\/image\" title=\"20260425_134331 _komprimiert\" alt=\"Der Freidenker Infostand auf dem Marktplatz (fb)\" style=\"width: 483px; height: 272px;\" \/> <\/a> <div class=\"tiled-gallery-caption\" itemprop=\"caption description\"> Der Freidenker Infostand auf dem Marktplatz (fb) <\/div> <\/div> <\/div> <!-- close group --> <div class=\"gallery-group images-1\" style=\"width: 313px; height: 552px;\" data-original-width=\"313\" data-original-height=\"552\" > <div class=\"tiled-gallery-item tiled-gallery-item-large\" itemprop=\"associatedMedia\" itemscope itemtype=\"http:\/\/schema.org\/ImageObject\"> <a href=\"https:\/\/www.freidenker.org\/?attachment_id=25073\" border=\"0\" itemprop=\"url\"> <meta itemprop=\"width\" content=\"309\"> <meta itemprop=\"height\" content=\"548\"> <img decoding=\"async\" class=\"\" data-attachment-id=\"25073\" data-orig-file=\"https:\/\/www.freidenker.org\/fw17\/wp-content\/uploads\/2026\/04\/20260425_151658-_komprimiert-rotated.jpg\" data-orig-size=\"600,1065\" data-comments-opened=\"\" data-image-meta=\"{&quot;aperture&quot;:&quot;1.8&quot;,&quot;credit&quot;:&quot;&quot;,&quot;camera&quot;:&quot;Galaxy S24&quot;,&quot;caption&quot;:&quot;&quot;,&quot;created_timestamp&quot;:&quot;1777130218&quot;,&quot;copyright&quot;:&quot;&quot;,&quot;focal_length&quot;:&quot;5.4&quot;,&quot;iso&quot;:&quot;25&quot;,&quot;shutter_speed&quot;:&quot;0.00064935&quot;,&quot;title&quot;:&quot;&quot;,&quot;orientation&quot;:&quot;1&quot;}\" data-image-title=\"20260425_151658 _komprimiert\" data-image-description=\"\" data-medium-file=\"https:\/\/i0.wp.com\/www.freidenker.org\/fw17\/wp-content\/uploads\/2026\/04\/20260425_151658-_komprimiert-rotated.jpg?fit=169%2C300&#038;ssl=1\" data-large-file=\"https:\/\/i0.wp.com\/www.freidenker.org\/fw17\/wp-content\/uploads\/2026\/04\/20260425_151658-_komprimiert-rotated.jpg?fit=577%2C1024&#038;ssl=1\" src=\"https:\/\/i0.wp.com\/www.freidenker.org\/fw17\/wp-content\/uploads\/2026\/04\/20260425_151658-_komprimiert-rotated.jpg?w=309&#038;h=548&#038;ssl=1\" srcset=\"https:\/\/i0.wp.com\/www.freidenker.org\/fw17\/wp-content\/uploads\/2026\/04\/20260425_151658-_komprimiert-rotated.jpg?w=600&amp;ssl=1 600w, https:\/\/i0.wp.com\/www.freidenker.org\/fw17\/wp-content\/uploads\/2026\/04\/20260425_151658-_komprimiert-rotated.jpg?resize=169%2C300&amp;ssl=1 169w, https:\/\/i0.wp.com\/www.freidenker.org\/fw17\/wp-content\/uploads\/2026\/04\/20260425_151658-_komprimiert-rotated.jpg?resize=577%2C1024&amp;ssl=1 577w\" width=\"309\" height=\"548\" loading=\"lazy\" data-original-width=\"309\" data-original-height=\"548\" itemprop=\"http:\/\/schema.org\/image\" title=\"20260425_151658 _komprimiert\" alt=\"In der Innenstadt (fb)\" style=\"width: 309px; height: 548px;\" \/> <\/a> <div class=\"tiled-gallery-caption\" itemprop=\"caption description\"> In der Innenstadt (fb) <\/div> <\/div> <\/div> <!-- close group --> <\/div> <!-- close row --> <div class=\"gallery-row\" style=\"width: 800px; height: 649px;\" data-original-width=\"800\" data-original-height=\"649\" > <div class=\"gallery-group images-1\" style=\"width: 487px; height: 649px;\" data-original-width=\"487\" data-original-height=\"649\" > <div class=\"tiled-gallery-item tiled-gallery-item-large\" itemprop=\"associatedMedia\" itemscope itemtype=\"http:\/\/schema.org\/ImageObject\"> <a href=\"https:\/\/www.freidenker.org\/?attachment_id=25113\" border=\"0\" itemprop=\"url\"> <meta itemprop=\"width\" content=\"483\"> <meta itemprop=\"height\" content=\"645\"> <img decoding=\"async\" class=\"\" data-attachment-id=\"25113\" data-orig-file=\"https:\/\/www.freidenker.org\/fw17\/wp-content\/uploads\/2026\/04\/20260425_164307.jpg\" data-orig-size=\"1200,1600\" data-comments-opened=\"\" data-image-meta=\"{&quot;aperture&quot;:&quot;1.7&quot;,&quot;credit&quot;:&quot;&quot;,&quot;camera&quot;:&quot;SM-A750FN&quot;,&quot;caption&quot;:&quot;&quot;,&quot;created_timestamp&quot;:&quot;1777135387&quot;,&quot;copyright&quot;:&quot;&quot;,&quot;focal_length&quot;:&quot;3.93&quot;,&quot;iso&quot;:&quot;40&quot;,&quot;shutter_speed&quot;:&quot;0.00069204152249135&quot;,&quot;title&quot;:&quot;&quot;,&quot;orientation&quot;:&quot;1&quot;}\" data-image-title=\"20260425_164307\" data-image-description=\"\" data-medium-file=\"https:\/\/i0.wp.com\/www.freidenker.org\/fw17\/wp-content\/uploads\/2026\/04\/20260425_164307.jpg?fit=225%2C300&#038;ssl=1\" data-large-file=\"https:\/\/i0.wp.com\/www.freidenker.org\/fw17\/wp-content\/uploads\/2026\/04\/20260425_164307.jpg?fit=768%2C1024&#038;ssl=1\" src=\"https:\/\/i0.wp.com\/www.freidenker.org\/fw17\/wp-content\/uploads\/2026\/04\/20260425_164307.jpg?w=483&#038;h=645&#038;ssl=1\" srcset=\"https:\/\/i0.wp.com\/www.freidenker.org\/fw17\/wp-content\/uploads\/2026\/04\/20260425_164307.jpg?w=1200&amp;ssl=1 1200w, https:\/\/i0.wp.com\/www.freidenker.org\/fw17\/wp-content\/uploads\/2026\/04\/20260425_164307.jpg?resize=225%2C300&amp;ssl=1 225w, https:\/\/i0.wp.com\/www.freidenker.org\/fw17\/wp-content\/uploads\/2026\/04\/20260425_164307.jpg?resize=768%2C1024&amp;ssl=1 768w, https:\/\/i0.wp.com\/www.freidenker.org\/fw17\/wp-content\/uploads\/2026\/04\/20260425_164307.jpg?resize=1152%2C1536&amp;ssl=1 1152w\" width=\"483\" height=\"645\" loading=\"lazy\" data-original-width=\"483\" data-original-height=\"645\" itemprop=\"http:\/\/schema.org\/image\" title=\"20260425_164307\" alt=\"Denkmal der Begegnung (rlx)\" style=\"width: 483px; height: 645px;\" \/> <\/a> <div class=\"tiled-gallery-caption\" itemprop=\"caption description\"> Denkmal der Begegnung (rlx) <\/div> <\/div> <\/div> <!-- close group --> <div class=\"gallery-group images-3\" style=\"width: 313px; height: 649px;\" data-original-width=\"313\" data-original-height=\"649\" > <div class=\"tiled-gallery-item tiled-gallery-item-large\" itemprop=\"associatedMedia\" itemscope itemtype=\"http:\/\/schema.org\/ImageObject\"> <a href=\"https:\/\/www.freidenker.org\/?attachment_id=25074\" border=\"0\" itemprop=\"url\"> <meta itemprop=\"width\" content=\"309\"> <meta itemprop=\"height\" content=\"174\"> <img decoding=\"async\" class=\"\" data-attachment-id=\"25074\" data-orig-file=\"https:\/\/www.freidenker.org\/fw17\/wp-content\/uploads\/2026\/04\/20260425_152636-_komprimiert.jpg\" data-orig-size=\"1065,600\" data-comments-opened=\"\" data-image-meta=\"{&quot;aperture&quot;:&quot;1.8&quot;,&quot;credit&quot;:&quot;&quot;,&quot;camera&quot;:&quot;Galaxy S24&quot;,&quot;caption&quot;:&quot;&quot;,&quot;created_timestamp&quot;:&quot;1777130796&quot;,&quot;copyright&quot;:&quot;&quot;,&quot;focal_length&quot;:&quot;5.4&quot;,&quot;iso&quot;:&quot;25&quot;,&quot;shutter_speed&quot;:&quot;0.000420875&quot;,&quot;title&quot;:&quot;&quot;,&quot;orientation&quot;:&quot;1&quot;}\" data-image-title=\"20260425_152636 _komprimiert\" data-image-description=\"\" data-medium-file=\"https:\/\/i0.wp.com\/www.freidenker.org\/fw17\/wp-content\/uploads\/2026\/04\/20260425_152636-_komprimiert.jpg?fit=300%2C169&#038;ssl=1\" data-large-file=\"https:\/\/i0.wp.com\/www.freidenker.org\/fw17\/wp-content\/uploads\/2026\/04\/20260425_152636-_komprimiert.jpg?fit=800%2C451&#038;ssl=1\" src=\"https:\/\/i0.wp.com\/www.freidenker.org\/fw17\/wp-content\/uploads\/2026\/04\/20260425_152636-_komprimiert.jpg?w=309&#038;h=174&#038;ssl=1\" srcset=\"https:\/\/i0.wp.com\/www.freidenker.org\/fw17\/wp-content\/uploads\/2026\/04\/20260425_152636-_komprimiert.jpg?w=1065&amp;ssl=1 1065w, https:\/\/i0.wp.com\/www.freidenker.org\/fw17\/wp-content\/uploads\/2026\/04\/20260425_152636-_komprimiert.jpg?resize=300%2C169&amp;ssl=1 300w, https:\/\/i0.wp.com\/www.freidenker.org\/fw17\/wp-content\/uploads\/2026\/04\/20260425_152636-_komprimiert.jpg?resize=1024%2C577&amp;ssl=1 1024w, https:\/\/i0.wp.com\/www.freidenker.org\/fw17\/wp-content\/uploads\/2026\/04\/20260425_152636-_komprimiert.jpg?resize=768%2C433&amp;ssl=1 768w\" width=\"309\" height=\"174\" loading=\"lazy\" data-original-width=\"309\" data-original-height=\"174\" itemprop=\"http:\/\/schema.org\/image\" title=\"20260425_152636 _komprimiert\" alt=\"Kr\u00e4nze und Blumengebinde am Denkmal der Begegnung (fb)\" style=\"width: 309px; height: 174px;\" \/> <\/a> <div class=\"tiled-gallery-caption\" itemprop=\"caption description\"> Kr\u00e4nze und Blumengebinde am Denkmal der Begegnung (fb) <\/div> <\/div> <div class=\"tiled-gallery-item tiled-gallery-item-large\" itemprop=\"associatedMedia\" itemscope itemtype=\"http:\/\/schema.org\/ImageObject\"> <a href=\"https:\/\/www.freidenker.org\/?attachment_id=25114\" border=\"0\" itemprop=\"url\"> <meta itemprop=\"width\" content=\"309\"> <meta itemprop=\"height\" content=\"232\"> <img decoding=\"async\" class=\"\" data-attachment-id=\"25114\" data-orig-file=\"https:\/\/www.freidenker.org\/fw17\/wp-content\/uploads\/2026\/04\/20260425_164347.jpg\" data-orig-size=\"1600,1200\" data-comments-opened=\"\" data-image-meta=\"{&quot;aperture&quot;:&quot;1.7&quot;,&quot;credit&quot;:&quot;&quot;,&quot;camera&quot;:&quot;SM-A750FN&quot;,&quot;caption&quot;:&quot;&quot;,&quot;created_timestamp&quot;:&quot;1777135427&quot;,&quot;copyright&quot;:&quot;&quot;,&quot;focal_length&quot;:&quot;3.93&quot;,&quot;iso&quot;:&quot;40&quot;,&quot;shutter_speed&quot;:&quot;0.00076394194041253&quot;,&quot;title&quot;:&quot;&quot;,&quot;orientation&quot;:&quot;1&quot;}\" data-image-title=\"20260425_164347\" data-image-description=\"\" data-medium-file=\"https:\/\/i0.wp.com\/www.freidenker.org\/fw17\/wp-content\/uploads\/2026\/04\/20260425_164347.jpg?fit=300%2C225&#038;ssl=1\" data-large-file=\"https:\/\/i0.wp.com\/www.freidenker.org\/fw17\/wp-content\/uploads\/2026\/04\/20260425_164347.jpg?fit=800%2C600&#038;ssl=1\" src=\"https:\/\/i0.wp.com\/www.freidenker.org\/fw17\/wp-content\/uploads\/2026\/04\/20260425_164347.jpg?w=309&#038;h=232&#038;ssl=1\" srcset=\"https:\/\/i0.wp.com\/www.freidenker.org\/fw17\/wp-content\/uploads\/2026\/04\/20260425_164347.jpg?w=1600&amp;ssl=1 1600w, https:\/\/i0.wp.com\/www.freidenker.org\/fw17\/wp-content\/uploads\/2026\/04\/20260425_164347.jpg?resize=300%2C225&amp;ssl=1 300w, https:\/\/i0.wp.com\/www.freidenker.org\/fw17\/wp-content\/uploads\/2026\/04\/20260425_164347.jpg?resize=1024%2C768&amp;ssl=1 1024w, https:\/\/i0.wp.com\/www.freidenker.org\/fw17\/wp-content\/uploads\/2026\/04\/20260425_164347.jpg?resize=768%2C576&amp;ssl=1 768w, https:\/\/i0.wp.com\/www.freidenker.org\/fw17\/wp-content\/uploads\/2026\/04\/20260425_164347.jpg?resize=1536%2C1152&amp;ssl=1 1536w\" width=\"309\" height=\"232\" loading=\"lazy\" data-original-width=\"309\" data-original-height=\"232\" itemprop=\"http:\/\/schema.org\/image\" title=\"20260425_164347\" alt=\"Kr\u00e4nze am Denkmal der Begegnung. An den Farben zu erkennen: Der Kranz des russischen Botschafters (rlx)\" style=\"width: 309px; height: 232px;\" \/> <\/a> <div class=\"tiled-gallery-caption\" itemprop=\"caption description\"> Kr\u00e4nze am Denkmal der Begegnung. An den Farben zu erkennen: Der Kranz des russischen Botschafters (rlx) <\/div> <\/div> <div class=\"tiled-gallery-item tiled-gallery-item-large\" itemprop=\"associatedMedia\" itemscope itemtype=\"http:\/\/schema.org\/ImageObject\"> <a href=\"https:\/\/www.freidenker.org\/?attachment_id=25107\" border=\"0\" itemprop=\"url\"> <meta itemprop=\"width\" content=\"309\"> <meta itemprop=\"height\" content=\"231\"> <img decoding=\"async\" class=\"\" data-attachment-id=\"25107\" data-orig-file=\"https:\/\/www.freidenker.org\/fw17\/wp-content\/uploads\/2026\/04\/20260425_154111.jpg\" data-orig-size=\"1600,1200\" data-comments-opened=\"\" data-image-meta=\"{&quot;aperture&quot;:&quot;1.7&quot;,&quot;credit&quot;:&quot;&quot;,&quot;camera&quot;:&quot;SM-A750FN&quot;,&quot;caption&quot;:&quot;&quot;,&quot;created_timestamp&quot;:&quot;1777131671&quot;,&quot;copyright&quot;:&quot;&quot;,&quot;focal_length&quot;:&quot;3.93&quot;,&quot;iso&quot;:&quot;40&quot;,&quot;shutter_speed&quot;:&quot;0.02&quot;,&quot;title&quot;:&quot;&quot;,&quot;orientation&quot;:&quot;1&quot;}\" data-image-title=\"20260425_154111\" data-image-description=\"\" data-medium-file=\"https:\/\/i0.wp.com\/www.freidenker.org\/fw17\/wp-content\/uploads\/2026\/04\/20260425_154111.jpg?fit=300%2C225&#038;ssl=1\" data-large-file=\"https:\/\/i0.wp.com\/www.freidenker.org\/fw17\/wp-content\/uploads\/2026\/04\/20260425_154111.jpg?fit=800%2C600&#038;ssl=1\" src=\"https:\/\/i0.wp.com\/www.freidenker.org\/fw17\/wp-content\/uploads\/2026\/04\/20260425_154111.jpg?w=309&#038;h=231&#038;ssl=1\" srcset=\"https:\/\/i0.wp.com\/www.freidenker.org\/fw17\/wp-content\/uploads\/2026\/04\/20260425_154111.jpg?w=1600&amp;ssl=1 1600w, https:\/\/i0.wp.com\/www.freidenker.org\/fw17\/wp-content\/uploads\/2026\/04\/20260425_154111.jpg?resize=300%2C225&amp;ssl=1 300w, https:\/\/i0.wp.com\/www.freidenker.org\/fw17\/wp-content\/uploads\/2026\/04\/20260425_154111.jpg?resize=1024%2C768&amp;ssl=1 1024w, https:\/\/i0.wp.com\/www.freidenker.org\/fw17\/wp-content\/uploads\/2026\/04\/20260425_154111.jpg?resize=768%2C576&amp;ssl=1 768w, https:\/\/i0.wp.com\/www.freidenker.org\/fw17\/wp-content\/uploads\/2026\/04\/20260425_154111.jpg?resize=1536%2C1152&amp;ssl=1 1536w\" width=\"309\" height=\"231\" loading=\"lazy\" data-original-width=\"309\" data-original-height=\"231\" itemprop=\"http:\/\/schema.org\/image\" title=\"20260425_154111\" alt=\"Blumenschalen an der Stelenwand (rlx)\" style=\"width: 309px; height: 231px;\" \/> <\/a> <div class=\"tiled-gallery-caption\" itemprop=\"caption description\"> Blumenschalen an der Stelenwand (rlx) <\/div> <\/div> <\/div> <!-- close group --> <\/div> <!-- close row --> <div class=\"gallery-row\" style=\"width: 800px; height: 422px;\" data-original-width=\"800\" data-original-height=\"422\" > <div class=\"gallery-group images-1\" style=\"width: 561px; height: 422px;\" data-original-width=\"561\" data-original-height=\"422\" > <div class=\"tiled-gallery-item tiled-gallery-item-large\" itemprop=\"associatedMedia\" itemscope itemtype=\"http:\/\/schema.org\/ImageObject\"> <a href=\"https:\/\/www.freidenker.org\/?attachment_id=25106\" border=\"0\" itemprop=\"url\"> <meta itemprop=\"width\" content=\"557\"> <meta itemprop=\"height\" content=\"418\"> <img decoding=\"async\" class=\"\" data-attachment-id=\"25106\" data-orig-file=\"https:\/\/www.freidenker.org\/fw17\/wp-content\/uploads\/2026\/04\/20260425_154108.jpg\" data-orig-size=\"1600,1200\" data-comments-opened=\"\" data-image-meta=\"{&quot;aperture&quot;:&quot;1.7&quot;,&quot;credit&quot;:&quot;&quot;,&quot;camera&quot;:&quot;SM-A750FN&quot;,&quot;caption&quot;:&quot;&quot;,&quot;created_timestamp&quot;:&quot;1777131668&quot;,&quot;copyright&quot;:&quot;&quot;,&quot;focal_length&quot;:&quot;3.93&quot;,&quot;iso&quot;:&quot;64&quot;,&quot;shutter_speed&quot;:&quot;0.02&quot;,&quot;title&quot;:&quot;&quot;,&quot;orientation&quot;:&quot;1&quot;}\" data-image-title=\"20260425_154108\" data-image-description=\"\" data-medium-file=\"https:\/\/i0.wp.com\/www.freidenker.org\/fw17\/wp-content\/uploads\/2026\/04\/20260425_154108.jpg?fit=300%2C225&#038;ssl=1\" data-large-file=\"https:\/\/i0.wp.com\/www.freidenker.org\/fw17\/wp-content\/uploads\/2026\/04\/20260425_154108.jpg?fit=800%2C600&#038;ssl=1\" src=\"https:\/\/i0.wp.com\/www.freidenker.org\/fw17\/wp-content\/uploads\/2026\/04\/20260425_154108.jpg?w=557&#038;h=418&#038;ssl=1\" srcset=\"https:\/\/i0.wp.com\/www.freidenker.org\/fw17\/wp-content\/uploads\/2026\/04\/20260425_154108.jpg?w=1600&amp;ssl=1 1600w, https:\/\/i0.wp.com\/www.freidenker.org\/fw17\/wp-content\/uploads\/2026\/04\/20260425_154108.jpg?resize=300%2C225&amp;ssl=1 300w, https:\/\/i0.wp.com\/www.freidenker.org\/fw17\/wp-content\/uploads\/2026\/04\/20260425_154108.jpg?resize=1024%2C768&amp;ssl=1 1024w, https:\/\/i0.wp.com\/www.freidenker.org\/fw17\/wp-content\/uploads\/2026\/04\/20260425_154108.jpg?resize=768%2C576&amp;ssl=1 768w, https:\/\/i0.wp.com\/www.freidenker.org\/fw17\/wp-content\/uploads\/2026\/04\/20260425_154108.jpg?resize=1536%2C1152&amp;ssl=1 1536w\" width=\"557\" height=\"418\" loading=\"lazy\" data-original-width=\"557\" data-original-height=\"418\" itemprop=\"http:\/\/schema.org\/image\" title=\"20260425_154108\" alt=\"Blumenschalen an der Stelenwand (rlx)\" style=\"width: 557px; height: 418px;\" \/> <\/a> <div class=\"tiled-gallery-caption\" itemprop=\"caption description\"> Blumenschalen an der Stelenwand (rlx) <\/div> <\/div> <\/div> <!-- close group --> <div class=\"gallery-group images-1\" style=\"width: 239px; height: 422px;\" data-original-width=\"239\" data-original-height=\"422\" > <div class=\"tiled-gallery-item tiled-gallery-item-small\" itemprop=\"associatedMedia\" itemscope itemtype=\"http:\/\/schema.org\/ImageObject\"> <a href=\"https:\/\/www.freidenker.org\/?attachment_id=25075\" border=\"0\" itemprop=\"url\"> <meta itemprop=\"width\" content=\"235\"> <meta itemprop=\"height\" content=\"418\"> <img decoding=\"async\" class=\"\" data-attachment-id=\"25075\" data-orig-file=\"https:\/\/www.freidenker.org\/fw17\/wp-content\/uploads\/2026\/04\/20260425_153428-_komprimiert-rotated.jpg\" data-orig-size=\"600,1065\" data-comments-opened=\"\" data-image-meta=\"{&quot;aperture&quot;:&quot;1.8&quot;,&quot;credit&quot;:&quot;&quot;,&quot;camera&quot;:&quot;Galaxy S24&quot;,&quot;caption&quot;:&quot;&quot;,&quot;created_timestamp&quot;:&quot;1777131268&quot;,&quot;copyright&quot;:&quot;&quot;,&quot;focal_length&quot;:&quot;5.4&quot;,&quot;iso&quot;:&quot;25&quot;,&quot;shutter_speed&quot;:&quot;0.000986193&quot;,&quot;title&quot;:&quot;&quot;,&quot;orientation&quot;:&quot;1&quot;}\" data-image-title=\"20260425_153428 _komprimiert\" data-image-description=\"\" data-medium-file=\"https:\/\/i0.wp.com\/www.freidenker.org\/fw17\/wp-content\/uploads\/2026\/04\/20260425_153428-_komprimiert-rotated.jpg?fit=169%2C300&#038;ssl=1\" data-large-file=\"https:\/\/i0.wp.com\/www.freidenker.org\/fw17\/wp-content\/uploads\/2026\/04\/20260425_153428-_komprimiert-rotated.jpg?fit=577%2C1024&#038;ssl=1\" src=\"https:\/\/i0.wp.com\/www.freidenker.org\/fw17\/wp-content\/uploads\/2026\/04\/20260425_153428-_komprimiert-rotated.jpg?w=235&#038;h=418&#038;ssl=1\" srcset=\"https:\/\/i0.wp.com\/www.freidenker.org\/fw17\/wp-content\/uploads\/2026\/04\/20260425_153428-_komprimiert-rotated.jpg?w=600&amp;ssl=1 600w, https:\/\/i0.wp.com\/www.freidenker.org\/fw17\/wp-content\/uploads\/2026\/04\/20260425_153428-_komprimiert-rotated.jpg?resize=169%2C300&amp;ssl=1 169w, https:\/\/i0.wp.com\/www.freidenker.org\/fw17\/wp-content\/uploads\/2026\/04\/20260425_153428-_komprimiert-rotated.jpg?resize=577%2C1024&amp;ssl=1 577w\" width=\"235\" height=\"418\" loading=\"lazy\" data-original-width=\"235\" data-original-height=\"418\" itemprop=\"http:\/\/schema.org\/image\" title=\"20260425_153428 _komprimiert\" alt=\"Christiane Reymann, Sprecherin der Initiative &quot;Russland ist nicht unser Feind&quot;, im Gespr\u00e4ch mit Anja Mewes von der Friedensglockengesellschaft (v.r.n.l.) (fb)\" style=\"width: 235px; height: 418px;\" \/> <\/a> <div class=\"tiled-gallery-caption\" itemprop=\"caption description\"> Christiane Reymann, Sprecherin der Initiative &#8222;Russland ist nicht unser Feind&#8220;, im Gespr\u00e4ch mit Anja Mewes von der Friedensglockengesellschaft (v.r.n.l.) (fb) <\/div> <\/div> <\/div> <!-- close group --> <\/div> <!-- close row --> <div class=\"gallery-row\" style=\"width: 800px; height: 227px;\" data-original-width=\"800\" data-original-height=\"227\" > <div class=\"gallery-group images-1\" style=\"width: 400px; height: 227px;\" data-original-width=\"400\" data-original-height=\"227\" > <div class=\"tiled-gallery-item tiled-gallery-item-large\" itemprop=\"associatedMedia\" itemscope itemtype=\"http:\/\/schema.org\/ImageObject\"> <a href=\"https:\/\/www.freidenker.org\/?attachment_id=25076\" border=\"0\" itemprop=\"url\"> <meta itemprop=\"width\" content=\"396\"> <meta itemprop=\"height\" content=\"223\"> <img decoding=\"async\" class=\"\" data-attachment-id=\"25076\" data-orig-file=\"https:\/\/www.freidenker.org\/fw17\/wp-content\/uploads\/2026\/04\/20260425_153803-_komprimiert.jpg\" data-orig-size=\"1065,600\" data-comments-opened=\"\" data-image-meta=\"{&quot;aperture&quot;:&quot;1.8&quot;,&quot;credit&quot;:&quot;&quot;,&quot;camera&quot;:&quot;Galaxy S24&quot;,&quot;caption&quot;:&quot;&quot;,&quot;created_timestamp&quot;:&quot;1777131483&quot;,&quot;copyright&quot;:&quot;&quot;,&quot;focal_length&quot;:&quot;5.4&quot;,&quot;iso&quot;:&quot;25&quot;,&quot;shutter_speed&quot;:&quot;0.001440922&quot;,&quot;title&quot;:&quot;&quot;,&quot;orientation&quot;:&quot;1&quot;}\" data-image-title=\"20260425_153803 _komprimiert\" data-image-description=\"\" data-medium-file=\"https:\/\/i0.wp.com\/www.freidenker.org\/fw17\/wp-content\/uploads\/2026\/04\/20260425_153803-_komprimiert.jpg?fit=300%2C169&#038;ssl=1\" data-large-file=\"https:\/\/i0.wp.com\/www.freidenker.org\/fw17\/wp-content\/uploads\/2026\/04\/20260425_153803-_komprimiert.jpg?fit=800%2C451&#038;ssl=1\" src=\"https:\/\/i0.wp.com\/www.freidenker.org\/fw17\/wp-content\/uploads\/2026\/04\/20260425_153803-_komprimiert.jpg?w=396&#038;h=223&#038;ssl=1\" srcset=\"https:\/\/i0.wp.com\/www.freidenker.org\/fw17\/wp-content\/uploads\/2026\/04\/20260425_153803-_komprimiert.jpg?w=1065&amp;ssl=1 1065w, https:\/\/i0.wp.com\/www.freidenker.org\/fw17\/wp-content\/uploads\/2026\/04\/20260425_153803-_komprimiert.jpg?resize=300%2C169&amp;ssl=1 300w, https:\/\/i0.wp.com\/www.freidenker.org\/fw17\/wp-content\/uploads\/2026\/04\/20260425_153803-_komprimiert.jpg?resize=1024%2C577&amp;ssl=1 1024w, https:\/\/i0.wp.com\/www.freidenker.org\/fw17\/wp-content\/uploads\/2026\/04\/20260425_153803-_komprimiert.jpg?resize=768%2C433&amp;ssl=1 768w\" width=\"396\" height=\"223\" loading=\"lazy\" data-original-width=\"396\" data-original-height=\"223\" itemprop=\"http:\/\/schema.org\/image\" title=\"20260425_153803 _komprimiert\" alt=\"Corinna Gehre, Tino Eisbrenner und Jens Fischer Rodrian auf der B\u00fchne (fb)\" style=\"width: 396px; height: 223px;\" \/> <\/a> <div class=\"tiled-gallery-caption\" itemprop=\"caption description\"> Corinna Gehre, Tino Eisbrenner und Jens Fischer Rodrian auf der B\u00fchne (fb) <\/div> <\/div> <\/div> <!-- close group --> <div class=\"gallery-group images-1\" style=\"width: 400px; height: 227px;\" data-original-width=\"400\" data-original-height=\"227\" > <div class=\"tiled-gallery-item tiled-gallery-item-large\" itemprop=\"associatedMedia\" itemscope itemtype=\"http:\/\/schema.org\/ImageObject\"> <a href=\"https:\/\/www.freidenker.org\/?attachment_id=25077\" border=\"0\" itemprop=\"url\"> <meta itemprop=\"width\" content=\"396\"> <meta itemprop=\"height\" content=\"223\"> <img decoding=\"async\" class=\"\" data-attachment-id=\"25077\" data-orig-file=\"https:\/\/www.freidenker.org\/fw17\/wp-content\/uploads\/2026\/04\/20260425_172740-_komprimiert.jpg\" data-orig-size=\"1065,600\" data-comments-opened=\"\" data-image-meta=\"{&quot;aperture&quot;:&quot;1.8&quot;,&quot;credit&quot;:&quot;&quot;,&quot;camera&quot;:&quot;Galaxy S24&quot;,&quot;caption&quot;:&quot;&quot;,&quot;created_timestamp&quot;:&quot;1777138060&quot;,&quot;copyright&quot;:&quot;&quot;,&quot;focal_length&quot;:&quot;5.4&quot;,&quot;iso&quot;:&quot;25&quot;,&quot;shutter_speed&quot;:&quot;0.004132231&quot;,&quot;title&quot;:&quot;&quot;,&quot;orientation&quot;:&quot;1&quot;}\" data-image-title=\"20260425_172740 _komprimiert\" data-image-description=\"\" data-medium-file=\"https:\/\/i0.wp.com\/www.freidenker.org\/fw17\/wp-content\/uploads\/2026\/04\/20260425_172740-_komprimiert.jpg?fit=300%2C169&#038;ssl=1\" data-large-file=\"https:\/\/i0.wp.com\/www.freidenker.org\/fw17\/wp-content\/uploads\/2026\/04\/20260425_172740-_komprimiert.jpg?fit=800%2C451&#038;ssl=1\" src=\"https:\/\/i0.wp.com\/www.freidenker.org\/fw17\/wp-content\/uploads\/2026\/04\/20260425_172740-_komprimiert.jpg?w=396&#038;h=223&#038;ssl=1\" srcset=\"https:\/\/i0.wp.com\/www.freidenker.org\/fw17\/wp-content\/uploads\/2026\/04\/20260425_172740-_komprimiert.jpg?w=1065&amp;ssl=1 1065w, https:\/\/i0.wp.com\/www.freidenker.org\/fw17\/wp-content\/uploads\/2026\/04\/20260425_172740-_komprimiert.jpg?resize=300%2C169&amp;ssl=1 300w, https:\/\/i0.wp.com\/www.freidenker.org\/fw17\/wp-content\/uploads\/2026\/04\/20260425_172740-_komprimiert.jpg?resize=1024%2C577&amp;ssl=1 1024w, https:\/\/i0.wp.com\/www.freidenker.org\/fw17\/wp-content\/uploads\/2026\/04\/20260425_172740-_komprimiert.jpg?resize=768%2C433&amp;ssl=1 768w\" width=\"396\" height=\"223\" loading=\"lazy\" data-original-width=\"396\" data-original-height=\"223\" itemprop=\"http:\/\/schema.org\/image\" title=\"20260425_172740 _komprimiert\" alt=\"Jens Fischer Rodrian, Corinna Gehre und Tino Eisbrenner (fb)\" style=\"width: 396px; height: 223px;\" \/> <\/a> <div class=\"tiled-gallery-caption\" itemprop=\"caption description\"> Jens Fischer Rodrian, Corinna Gehre und Tino Eisbrenner (fb) <\/div> <\/div> <\/div> <!-- close group --> <\/div> <!-- close row --> <div class=\"gallery-row\" style=\"width: 800px; height: 401px;\" data-original-width=\"800\" data-original-height=\"401\" > <div class=\"gallery-group images-1\" style=\"width: 534px; height: 401px;\" data-original-width=\"534\" data-original-height=\"401\" > <div class=\"tiled-gallery-item tiled-gallery-item-large\" itemprop=\"associatedMedia\" itemscope itemtype=\"http:\/\/schema.org\/ImageObject\"> <a href=\"https:\/\/www.freidenker.org\/?attachment_id=25115\" border=\"0\" itemprop=\"url\"> <meta itemprop=\"width\" content=\"530\"> <meta itemprop=\"height\" content=\"397\"> <img decoding=\"async\" class=\"\" data-attachment-id=\"25115\" data-orig-file=\"https:\/\/www.freidenker.org\/fw17\/wp-content\/uploads\/2026\/04\/20260425_174202.jpg\" data-orig-size=\"1600,1200\" data-comments-opened=\"\" data-image-meta=\"{&quot;aperture&quot;:&quot;1.7&quot;,&quot;credit&quot;:&quot;&quot;,&quot;camera&quot;:&quot;SM-A750FN&quot;,&quot;caption&quot;:&quot;&quot;,&quot;created_timestamp&quot;:&quot;1777138921&quot;,&quot;copyright&quot;:&quot;&quot;,&quot;focal_length&quot;:&quot;3.93&quot;,&quot;iso&quot;:&quot;40&quot;,&quot;shutter_speed&quot;:&quot;0.0011001100110011&quot;,&quot;title&quot;:&quot;&quot;,&quot;orientation&quot;:&quot;1&quot;}\" data-image-title=\"20260425_174202\" data-image-description=\"\" data-medium-file=\"https:\/\/i0.wp.com\/www.freidenker.org\/fw17\/wp-content\/uploads\/2026\/04\/20260425_174202.jpg?fit=300%2C225&#038;ssl=1\" data-large-file=\"https:\/\/i0.wp.com\/www.freidenker.org\/fw17\/wp-content\/uploads\/2026\/04\/20260425_174202.jpg?fit=800%2C600&#038;ssl=1\" src=\"https:\/\/i0.wp.com\/www.freidenker.org\/fw17\/wp-content\/uploads\/2026\/04\/20260425_174202.jpg?w=530&#038;h=397&#038;ssl=1\" srcset=\"https:\/\/i0.wp.com\/www.freidenker.org\/fw17\/wp-content\/uploads\/2026\/04\/20260425_174202.jpg?w=1600&amp;ssl=1 1600w, https:\/\/i0.wp.com\/www.freidenker.org\/fw17\/wp-content\/uploads\/2026\/04\/20260425_174202.jpg?resize=300%2C225&amp;ssl=1 300w, https:\/\/i0.wp.com\/www.freidenker.org\/fw17\/wp-content\/uploads\/2026\/04\/20260425_174202.jpg?resize=1024%2C768&amp;ssl=1 1024w, https:\/\/i0.wp.com\/www.freidenker.org\/fw17\/wp-content\/uploads\/2026\/04\/20260425_174202.jpg?resize=768%2C576&amp;ssl=1 768w, https:\/\/i0.wp.com\/www.freidenker.org\/fw17\/wp-content\/uploads\/2026\/04\/20260425_174202.jpg?resize=1536%2C1152&amp;ssl=1 1536w\" width=\"530\" height=\"397\" loading=\"lazy\" data-original-width=\"530\" data-original-height=\"397\" itemprop=\"http:\/\/schema.org\/image\" title=\"20260425_174202\" alt=\"Besucher der Veranstaltung &quot;Torgau f\u00fcr Frieden&quot; (rlx)\" style=\"width: 530px; height: 397px;\" \/> <\/a> <div class=\"tiled-gallery-caption\" itemprop=\"caption description\"> Besucher der Veranstaltung &#8222;Torgau f\u00fcr Frieden&#8220; (rlx) <\/div> <\/div> <\/div> <!-- close group --> <div class=\"gallery-group images-2\" style=\"width: 266px; height: 401px;\" data-original-width=\"266\" data-original-height=\"401\" > <div class=\"tiled-gallery-item tiled-gallery-item-large\" itemprop=\"associatedMedia\" itemscope itemtype=\"http:\/\/schema.org\/ImageObject\"> <a href=\"https:\/\/www.freidenker.org\/?attachment_id=25116\" border=\"0\" itemprop=\"url\"> <meta itemprop=\"width\" content=\"262\"> <meta itemprop=\"height\" content=\"197\"> <img decoding=\"async\" class=\"\" data-attachment-id=\"25116\" data-orig-file=\"https:\/\/www.freidenker.org\/fw17\/wp-content\/uploads\/2026\/04\/20260425_180325.jpg\" data-orig-size=\"1600,1200\" data-comments-opened=\"\" data-image-meta=\"{&quot;aperture&quot;:&quot;1.7&quot;,&quot;credit&quot;:&quot;&quot;,&quot;camera&quot;:&quot;SM-A750FN&quot;,&quot;caption&quot;:&quot;&quot;,&quot;created_timestamp&quot;:&quot;1777140205&quot;,&quot;copyright&quot;:&quot;&quot;,&quot;focal_length&quot;:&quot;3.93&quot;,&quot;iso&quot;:&quot;40&quot;,&quot;shutter_speed&quot;:&quot;0.00042408821034775&quot;,&quot;title&quot;:&quot;&quot;,&quot;orientation&quot;:&quot;1&quot;}\" data-image-title=\"20260425_180325\" data-image-description=\"\" data-medium-file=\"https:\/\/i0.wp.com\/www.freidenker.org\/fw17\/wp-content\/uploads\/2026\/04\/20260425_180325.jpg?fit=300%2C225&#038;ssl=1\" data-large-file=\"https:\/\/i0.wp.com\/www.freidenker.org\/fw17\/wp-content\/uploads\/2026\/04\/20260425_180325.jpg?fit=800%2C600&#038;ssl=1\" src=\"https:\/\/i0.wp.com\/www.freidenker.org\/fw17\/wp-content\/uploads\/2026\/04\/20260425_180325.jpg?w=262&#038;h=197&#038;ssl=1\" srcset=\"https:\/\/i0.wp.com\/www.freidenker.org\/fw17\/wp-content\/uploads\/2026\/04\/20260425_180325.jpg?w=1600&amp;ssl=1 1600w, https:\/\/i0.wp.com\/www.freidenker.org\/fw17\/wp-content\/uploads\/2026\/04\/20260425_180325.jpg?resize=300%2C225&amp;ssl=1 300w, https:\/\/i0.wp.com\/www.freidenker.org\/fw17\/wp-content\/uploads\/2026\/04\/20260425_180325.jpg?resize=1024%2C768&amp;ssl=1 1024w, https:\/\/i0.wp.com\/www.freidenker.org\/fw17\/wp-content\/uploads\/2026\/04\/20260425_180325.jpg?resize=768%2C576&amp;ssl=1 768w, https:\/\/i0.wp.com\/www.freidenker.org\/fw17\/wp-content\/uploads\/2026\/04\/20260425_180325.jpg?resize=1536%2C1152&amp;ssl=1 1536w\" width=\"262\" height=\"197\" loading=\"lazy\" data-original-width=\"262\" data-original-height=\"197\" itemprop=\"http:\/\/schema.org\/image\" title=\"20260425_180325\" alt=\"&quot;Wir sind die rote Linie&quot; - auf dem Festivalplatz von &quot;Torgau f\u00fcr Frieden&quot; (rlx)\" style=\"width: 262px; height: 197px;\" \/> <\/a> <div class=\"tiled-gallery-caption\" itemprop=\"caption description\"> &#8222;Wir sind die rote Linie&#8220; &#8211; auf dem Festivalplatz von &#8222;Torgau f\u00fcr Frieden&#8220; (rlx) <\/div> <\/div> <div class=\"tiled-gallery-item tiled-gallery-item-large\" itemprop=\"associatedMedia\" itemscope itemtype=\"http:\/\/schema.org\/ImageObject\"> <a href=\"https:\/\/www.freidenker.org\/?attachment_id=25109\" border=\"0\" itemprop=\"url\"> <meta itemprop=\"width\" content=\"262\"> <meta itemprop=\"height\" content=\"196\"> <img decoding=\"async\" class=\"\" data-attachment-id=\"25109\" data-orig-file=\"https:\/\/www.freidenker.org\/fw17\/wp-content\/uploads\/2026\/04\/20260425_160837.jpg\" data-orig-size=\"1600,1200\" data-comments-opened=\"\" data-image-meta=\"{&quot;aperture&quot;:&quot;1.7&quot;,&quot;credit&quot;:&quot;&quot;,&quot;camera&quot;:&quot;SM-A750FN&quot;,&quot;caption&quot;:&quot;&quot;,&quot;created_timestamp&quot;:&quot;1777133317&quot;,&quot;copyright&quot;:&quot;&quot;,&quot;focal_length&quot;:&quot;3.93&quot;,&quot;iso&quot;:&quot;40&quot;,&quot;shutter_speed&quot;:&quot;0.0024271844660194&quot;,&quot;title&quot;:&quot;&quot;,&quot;orientation&quot;:&quot;1&quot;}\" data-image-title=\"20260425_160837\" data-image-description=\"\" data-medium-file=\"https:\/\/i0.wp.com\/www.freidenker.org\/fw17\/wp-content\/uploads\/2026\/04\/20260425_160837.jpg?fit=300%2C225&#038;ssl=1\" data-large-file=\"https:\/\/i0.wp.com\/www.freidenker.org\/fw17\/wp-content\/uploads\/2026\/04\/20260425_160837.jpg?fit=800%2C600&#038;ssl=1\" src=\"https:\/\/i0.wp.com\/www.freidenker.org\/fw17\/wp-content\/uploads\/2026\/04\/20260425_160837.jpg?w=262&#038;h=196&#038;ssl=1\" srcset=\"https:\/\/i0.wp.com\/www.freidenker.org\/fw17\/wp-content\/uploads\/2026\/04\/20260425_160837.jpg?w=1600&amp;ssl=1 1600w, https:\/\/i0.wp.com\/www.freidenker.org\/fw17\/wp-content\/uploads\/2026\/04\/20260425_160837.jpg?resize=300%2C225&amp;ssl=1 300w, https:\/\/i0.wp.com\/www.freidenker.org\/fw17\/wp-content\/uploads\/2026\/04\/20260425_160837.jpg?resize=1024%2C768&amp;ssl=1 1024w, https:\/\/i0.wp.com\/www.freidenker.org\/fw17\/wp-content\/uploads\/2026\/04\/20260425_160837.jpg?resize=768%2C576&amp;ssl=1 768w, https:\/\/i0.wp.com\/www.freidenker.org\/fw17\/wp-content\/uploads\/2026\/04\/20260425_160837.jpg?resize=1536%2C1152&amp;ssl=1 1536w\" width=\"262\" height=\"196\" loading=\"lazy\" data-original-width=\"262\" data-original-height=\"196\" itemprop=\"http:\/\/schema.org\/image\" title=\"20260425_160837\" alt=\"Reges Interesse am Freidenker-Infotisch bei der Kundgebung &quot;Torgau f\u00fcr Frieden&quot; (rlx)\" style=\"width: 262px; height: 196px;\" \/> <\/a> <div class=\"tiled-gallery-caption\" itemprop=\"caption description\"> Reges Interesse am Freidenker-Infotisch bei der Kundgebung &#8222;Torgau f\u00fcr Frieden&#8220; (rlx) <\/div> <\/div> <\/div> <!-- close group --> <\/div> <!-- close row --> <div class=\"gallery-row\" style=\"width: 800px; height: 201px;\" data-original-width=\"800\" data-original-height=\"201\" > <div class=\"gallery-group images-1\" style=\"width: 267px; height: 201px;\" data-original-width=\"267\" data-original-height=\"201\" > <div class=\"tiled-gallery-item tiled-gallery-item-large\" itemprop=\"associatedMedia\" itemscope itemtype=\"http:\/\/schema.org\/ImageObject\"> <a href=\"https:\/\/www.freidenker.org\/?attachment_id=25108\" border=\"0\" itemprop=\"url\"> <meta itemprop=\"width\" content=\"263\"> <meta itemprop=\"height\" content=\"197\"> <img decoding=\"async\" class=\"\" data-attachment-id=\"25108\" data-orig-file=\"https:\/\/www.freidenker.org\/fw17\/wp-content\/uploads\/2026\/04\/20260425_160830.jpg\" data-orig-size=\"1600,1200\" data-comments-opened=\"\" data-image-meta=\"{&quot;aperture&quot;:&quot;1.7&quot;,&quot;credit&quot;:&quot;&quot;,&quot;camera&quot;:&quot;SM-A750FN&quot;,&quot;caption&quot;:&quot;&quot;,&quot;created_timestamp&quot;:&quot;1777133310&quot;,&quot;copyright&quot;:&quot;&quot;,&quot;focal_length&quot;:&quot;3.93&quot;,&quot;iso&quot;:&quot;40&quot;,&quot;shutter_speed&quot;:&quot;0.0016750418760469&quot;,&quot;title&quot;:&quot;&quot;,&quot;orientation&quot;:&quot;1&quot;}\" data-image-title=\"20260425_160830\" data-image-description=\"\" data-medium-file=\"https:\/\/i0.wp.com\/www.freidenker.org\/fw17\/wp-content\/uploads\/2026\/04\/20260425_160830.jpg?fit=300%2C225&#038;ssl=1\" data-large-file=\"https:\/\/i0.wp.com\/www.freidenker.org\/fw17\/wp-content\/uploads\/2026\/04\/20260425_160830.jpg?fit=800%2C600&#038;ssl=1\" src=\"https:\/\/i0.wp.com\/www.freidenker.org\/fw17\/wp-content\/uploads\/2026\/04\/20260425_160830.jpg?w=263&#038;h=197&#038;ssl=1\" srcset=\"https:\/\/i0.wp.com\/www.freidenker.org\/fw17\/wp-content\/uploads\/2026\/04\/20260425_160830.jpg?w=1600&amp;ssl=1 1600w, https:\/\/i0.wp.com\/www.freidenker.org\/fw17\/wp-content\/uploads\/2026\/04\/20260425_160830.jpg?resize=300%2C225&amp;ssl=1 300w, https:\/\/i0.wp.com\/www.freidenker.org\/fw17\/wp-content\/uploads\/2026\/04\/20260425_160830.jpg?resize=1024%2C768&amp;ssl=1 1024w, https:\/\/i0.wp.com\/www.freidenker.org\/fw17\/wp-content\/uploads\/2026\/04\/20260425_160830.jpg?resize=768%2C576&amp;ssl=1 768w, https:\/\/i0.wp.com\/www.freidenker.org\/fw17\/wp-content\/uploads\/2026\/04\/20260425_160830.jpg?resize=1536%2C1152&amp;ssl=1 1536w\" width=\"263\" height=\"197\" loading=\"lazy\" data-original-width=\"263\" data-original-height=\"197\" itemprop=\"http:\/\/schema.org\/image\" title=\"20260425_160830\" alt=\"Reges Interesse am Freidenker-Infotisch bei der Kundgebung &quot;Torgau f\u00fcr Frieden&quot; (rlx)\" style=\"width: 263px; height: 197px;\" \/> <\/a> <div class=\"tiled-gallery-caption\" itemprop=\"caption description\"> Reges Interesse am Freidenker-Infotisch bei der Kundgebung &#8222;Torgau f\u00fcr Frieden&#8220; (rlx) <\/div> <\/div> <\/div> <!-- close group --> <div class=\"gallery-group images-1\" style=\"width: 267px; height: 201px;\" data-original-width=\"267\" data-original-height=\"201\" > <div class=\"tiled-gallery-item tiled-gallery-item-large\" itemprop=\"associatedMedia\" itemscope itemtype=\"http:\/\/schema.org\/ImageObject\"> <a href=\"https:\/\/www.freidenker.org\/?attachment_id=25112\" border=\"0\" itemprop=\"url\"> <meta itemprop=\"width\" content=\"263\"> <meta itemprop=\"height\" content=\"197\"> <img decoding=\"async\" class=\"\" data-attachment-id=\"25112\" data-orig-file=\"https:\/\/www.freidenker.org\/fw17\/wp-content\/uploads\/2026\/04\/20260425_163509.jpg\" data-orig-size=\"1600,1200\" data-comments-opened=\"\" data-image-meta=\"{&quot;aperture&quot;:&quot;1.7&quot;,&quot;credit&quot;:&quot;&quot;,&quot;camera&quot;:&quot;SM-A750FN&quot;,&quot;caption&quot;:&quot;&quot;,&quot;created_timestamp&quot;:&quot;1777134909&quot;,&quot;copyright&quot;:&quot;&quot;,&quot;focal_length&quot;:&quot;3.93&quot;,&quot;iso&quot;:&quot;40&quot;,&quot;shutter_speed&quot;:&quot;0.00087796312554873&quot;,&quot;title&quot;:&quot;&quot;,&quot;orientation&quot;:&quot;1&quot;}\" data-image-title=\"20260425_163509\" data-image-description=\"\" data-medium-file=\"https:\/\/i0.wp.com\/www.freidenker.org\/fw17\/wp-content\/uploads\/2026\/04\/20260425_163509.jpg?fit=300%2C225&#038;ssl=1\" data-large-file=\"https:\/\/i0.wp.com\/www.freidenker.org\/fw17\/wp-content\/uploads\/2026\/04\/20260425_163509.jpg?fit=800%2C600&#038;ssl=1\" src=\"https:\/\/i0.wp.com\/www.freidenker.org\/fw17\/wp-content\/uploads\/2026\/04\/20260425_163509.jpg?w=263&#038;h=197&#038;ssl=1\" srcset=\"https:\/\/i0.wp.com\/www.freidenker.org\/fw17\/wp-content\/uploads\/2026\/04\/20260425_163509.jpg?w=1600&amp;ssl=1 1600w, https:\/\/i0.wp.com\/www.freidenker.org\/fw17\/wp-content\/uploads\/2026\/04\/20260425_163509.jpg?resize=300%2C225&amp;ssl=1 300w, https:\/\/i0.wp.com\/www.freidenker.org\/fw17\/wp-content\/uploads\/2026\/04\/20260425_163509.jpg?resize=1024%2C768&amp;ssl=1 1024w, https:\/\/i0.wp.com\/www.freidenker.org\/fw17\/wp-content\/uploads\/2026\/04\/20260425_163509.jpg?resize=768%2C576&amp;ssl=1 768w, https:\/\/i0.wp.com\/www.freidenker.org\/fw17\/wp-content\/uploads\/2026\/04\/20260425_163509.jpg?resize=1536%2C1152&amp;ssl=1 1536w\" width=\"263\" height=\"197\" loading=\"lazy\" data-original-width=\"263\" data-original-height=\"197\" itemprop=\"http:\/\/schema.org\/image\" title=\"20260425_163509\" alt=\"Regina Silbermann am Freidenker-Infotisch bei der Kundgebung &quot;Torgau f\u00fcr Frieden&quot; (rlx)\" style=\"width: 263px; height: 197px;\" \/> <\/a> <div class=\"tiled-gallery-caption\" itemprop=\"caption description\"> Regina Silbermann am Freidenker-Infotisch bei der Kundgebung &#8222;Torgau f\u00fcr Frieden&#8220; (rlx) <\/div> <\/div> <\/div> <!-- close group --> <div class=\"gallery-group images-1\" style=\"width: 266px; height: 201px;\" data-original-width=\"266\" data-original-height=\"201\" > <div class=\"tiled-gallery-item tiled-gallery-item-large\" itemprop=\"associatedMedia\" itemscope itemtype=\"http:\/\/schema.org\/ImageObject\"> <a href=\"https:\/\/www.freidenker.org\/?attachment_id=25110\" border=\"0\" itemprop=\"url\"> <meta itemprop=\"width\" content=\"262\"> <meta itemprop=\"height\" content=\"197\"> <img decoding=\"async\" class=\"\" data-attachment-id=\"25110\" data-orig-file=\"https:\/\/www.freidenker.org\/fw17\/wp-content\/uploads\/2026\/04\/20260425_160921.jpg\" data-orig-size=\"1600,1200\" data-comments-opened=\"\" data-image-meta=\"{&quot;aperture&quot;:&quot;1.7&quot;,&quot;credit&quot;:&quot;&quot;,&quot;camera&quot;:&quot;SM-A750FN&quot;,&quot;caption&quot;:&quot;&quot;,&quot;created_timestamp&quot;:&quot;1777133361&quot;,&quot;copyright&quot;:&quot;&quot;,&quot;focal_length&quot;:&quot;3.93&quot;,&quot;iso&quot;:&quot;40&quot;,&quot;shutter_speed&quot;:&quot;0.0024752475247525&quot;,&quot;title&quot;:&quot;&quot;,&quot;orientation&quot;:&quot;1&quot;}\" data-image-title=\"20260425_160921\" data-image-description=\"\" data-medium-file=\"https:\/\/i0.wp.com\/www.freidenker.org\/fw17\/wp-content\/uploads\/2026\/04\/20260425_160921.jpg?fit=300%2C225&#038;ssl=1\" data-large-file=\"https:\/\/i0.wp.com\/www.freidenker.org\/fw17\/wp-content\/uploads\/2026\/04\/20260425_160921.jpg?fit=800%2C600&#038;ssl=1\" src=\"https:\/\/i0.wp.com\/www.freidenker.org\/fw17\/wp-content\/uploads\/2026\/04\/20260425_160921.jpg?w=262&#038;h=197&#038;ssl=1\" srcset=\"https:\/\/i0.wp.com\/www.freidenker.org\/fw17\/wp-content\/uploads\/2026\/04\/20260425_160921.jpg?w=1600&amp;ssl=1 1600w, https:\/\/i0.wp.com\/www.freidenker.org\/fw17\/wp-content\/uploads\/2026\/04\/20260425_160921.jpg?resize=300%2C225&amp;ssl=1 300w, https:\/\/i0.wp.com\/www.freidenker.org\/fw17\/wp-content\/uploads\/2026\/04\/20260425_160921.jpg?resize=1024%2C768&amp;ssl=1 1024w, https:\/\/i0.wp.com\/www.freidenker.org\/fw17\/wp-content\/uploads\/2026\/04\/20260425_160921.jpg?resize=768%2C576&amp;ssl=1 768w, https:\/\/i0.wp.com\/www.freidenker.org\/fw17\/wp-content\/uploads\/2026\/04\/20260425_160921.jpg?resize=1536%2C1152&amp;ssl=1 1536w\" width=\"262\" height=\"197\" loading=\"lazy\" data-original-width=\"262\" data-original-height=\"197\" itemprop=\"http:\/\/schema.org\/image\" title=\"20260425_160921\" alt=\"Die B\u00fchne der Kundgebung &quot;Torgau f\u00fcr Frieden&quot; (rlx)\" style=\"width: 262px; height: 197px;\" \/> <\/a> <div class=\"tiled-gallery-caption\" itemprop=\"caption description\"> Die B\u00fchne der Kundgebung &#8222;Torgau f\u00fcr Frieden&#8220; (rlx) <\/div> <\/div> <\/div> <!-- close group --> <\/div> <!-- close row --> <\/div>\n<p><span style=\"font-size: 10pt;\">Fotos: Frank Becker (fb), Jens Oldenburg (jo) und Ralf Lux (rlx)<\/span><\/p>\n<p><a href=\"#top\"><span style=\"font-size: 10pt;\">\u2191 nach oben<\/span><\/a><\/p>\n<hr \/>\n<h4><a id=\"links\"><\/a>Externe Beitr\u00e4ge<\/h4>\n<h5 class=\"HeadLine-root HeadLine-type_2 \"><img data-recalc-dims=\"1\" loading=\"lazy\" decoding=\"async\" data-attachment-id=\"13977\" data-permalink=\"https:\/\/www.freidenker.org\/?attachment_id=13977\" data-orig-file=\"https:\/\/i0.wp.com\/www.freidenker.org\/fw17\/wp-content\/uploads\/2022\/08\/External_Link_24px.jpg?fit=24%2C24&amp;ssl=1\" data-orig-size=\"24,24\" data-comments-opened=\"0\" data-image-meta=\"{&quot;aperture&quot;:&quot;0&quot;,&quot;credit&quot;:&quot;&quot;,&quot;camera&quot;:&quot;&quot;,&quot;caption&quot;:&quot;&quot;,&quot;created_timestamp&quot;:&quot;0&quot;,&quot;copyright&quot;:&quot;&quot;,&quot;focal_length&quot;:&quot;0&quot;,&quot;iso&quot;:&quot;0&quot;,&quot;shutter_speed&quot;:&quot;0&quot;,&quot;title&quot;:&quot;&quot;,&quot;orientation&quot;:&quot;1&quot;}\" data-image-title=\"External_Link_24px icon\" data-image-description=\"\" data-image-caption=\"\" data-large-file=\"https:\/\/i0.wp.com\/www.freidenker.org\/fw17\/wp-content\/uploads\/2022\/08\/External_Link_24px.jpg?fit=24%2C24&amp;ssl=1\" class=\"alignnone size-full wp-image-13977\" src=\"https:\/\/i0.wp.com\/www.freidenker.org\/fw17\/wp-content\/uploads\/2022\/08\/External_Link_24px.jpg?resize=24%2C24&#038;ssl=1\" alt=\"\" width=\"24\" height=\"24\" \/> <a href=\"https:\/\/freedert.online\/inland\/278328-tino-eisbrenner-am-elbe-tag-friedensbewegung-muss-attraktiver-werden\/\" target=\"_blank\" rel=\"noopener\">Tino Eisbrenner am Elbe-Tag in Torgau: Die Friedensbewegung muss attraktiver werden!<\/a><\/h5>\n<p class=\"HeadLine-root HeadLine-type_2 \">Artikel von Tino Eisbrenner vom 28.04.26 auf RT DE<\/p>\n<h5><img data-recalc-dims=\"1\" loading=\"lazy\" decoding=\"async\" data-attachment-id=\"13977\" data-permalink=\"https:\/\/www.freidenker.org\/?attachment_id=13977\" data-orig-file=\"https:\/\/i0.wp.com\/www.freidenker.org\/fw17\/wp-content\/uploads\/2022\/08\/External_Link_24px.jpg?fit=24%2C24&amp;ssl=1\" data-orig-size=\"24,24\" data-comments-opened=\"0\" data-image-meta=\"{&quot;aperture&quot;:&quot;0&quot;,&quot;credit&quot;:&quot;&quot;,&quot;camera&quot;:&quot;&quot;,&quot;caption&quot;:&quot;&quot;,&quot;created_timestamp&quot;:&quot;0&quot;,&quot;copyright&quot;:&quot;&quot;,&quot;focal_length&quot;:&quot;0&quot;,&quot;iso&quot;:&quot;0&quot;,&quot;shutter_speed&quot;:&quot;0&quot;,&quot;title&quot;:&quot;&quot;,&quot;orientation&quot;:&quot;1&quot;}\" data-image-title=\"External_Link_24px icon\" data-image-description=\"\" data-image-caption=\"\" data-large-file=\"https:\/\/i0.wp.com\/www.freidenker.org\/fw17\/wp-content\/uploads\/2022\/08\/External_Link_24px.jpg?fit=24%2C24&amp;ssl=1\" class=\"alignnone size-full wp-image-13977\" src=\"https:\/\/i0.wp.com\/www.freidenker.org\/fw17\/wp-content\/uploads\/2022\/08\/External_Link_24px.jpg?resize=24%2C24&#038;ssl=1\" alt=\"\" width=\"24\" height=\"24\" \/> <a href=\"https:\/\/www.unsere-zeit.de\/ein-handschlag-der-mahnt-4813904\/\" target=\"_blank\" rel=\"noopener\">Ein Handschlag, der mahnt<\/a><\/h5>\n<p>Bericht \u00fcber die Friedensdemonstration der DKP zum Tag der Begegnung an der Elbe in Torgau<br \/>\nvon Chris H\u00fcppmeier<br \/>\nUZ-Blog vom 27.04.26, UZ vom 01.05.2026<\/p>\n<h5><img data-recalc-dims=\"1\" loading=\"lazy\" decoding=\"async\" data-attachment-id=\"13977\" data-permalink=\"https:\/\/www.freidenker.org\/?attachment_id=13977\" data-orig-file=\"https:\/\/i0.wp.com\/www.freidenker.org\/fw17\/wp-content\/uploads\/2022\/08\/External_Link_24px.jpg?fit=24%2C24&amp;ssl=1\" data-orig-size=\"24,24\" data-comments-opened=\"0\" data-image-meta=\"{&quot;aperture&quot;:&quot;0&quot;,&quot;credit&quot;:&quot;&quot;,&quot;camera&quot;:&quot;&quot;,&quot;caption&quot;:&quot;&quot;,&quot;created_timestamp&quot;:&quot;0&quot;,&quot;copyright&quot;:&quot;&quot;,&quot;focal_length&quot;:&quot;0&quot;,&quot;iso&quot;:&quot;0&quot;,&quot;shutter_speed&quot;:&quot;0&quot;,&quot;title&quot;:&quot;&quot;,&quot;orientation&quot;:&quot;1&quot;}\" data-image-title=\"External_Link_24px icon\" data-image-description=\"\" data-image-caption=\"\" data-large-file=\"https:\/\/i0.wp.com\/www.freidenker.org\/fw17\/wp-content\/uploads\/2022\/08\/External_Link_24px.jpg?fit=24%2C24&amp;ssl=1\" class=\"alignnone size-full wp-image-13977\" src=\"https:\/\/i0.wp.com\/www.freidenker.org\/fw17\/wp-content\/uploads\/2022\/08\/External_Link_24px.jpg?resize=24%2C24&#038;ssl=1\" alt=\"\" width=\"24\" height=\"24\" \/> <a href=\"https:\/\/www.unsere-zeit.de\/ein-handschlag-mit-perspektive-4813655\/\" target=\"_blank\" rel=\"noopener\">Ein Handschlag mit Perspektive<\/a><\/h5>\n<p>Interview von Vincent Cziesla mit Friedemann Munkelt<br \/>\nUZ vom 17.04.2026<\/p>\n<h5><img data-recalc-dims=\"1\" loading=\"lazy\" decoding=\"async\" data-attachment-id=\"13977\" data-permalink=\"https:\/\/www.freidenker.org\/?attachment_id=13977\" data-orig-file=\"https:\/\/i0.wp.com\/www.freidenker.org\/fw17\/wp-content\/uploads\/2022\/08\/External_Link_24px.jpg?fit=24%2C24&amp;ssl=1\" data-orig-size=\"24,24\" data-comments-opened=\"0\" data-image-meta=\"{&quot;aperture&quot;:&quot;0&quot;,&quot;credit&quot;:&quot;&quot;,&quot;camera&quot;:&quot;&quot;,&quot;caption&quot;:&quot;&quot;,&quot;created_timestamp&quot;:&quot;0&quot;,&quot;copyright&quot;:&quot;&quot;,&quot;focal_length&quot;:&quot;0&quot;,&quot;iso&quot;:&quot;0&quot;,&quot;shutter_speed&quot;:&quot;0&quot;,&quot;title&quot;:&quot;&quot;,&quot;orientation&quot;:&quot;1&quot;}\" data-image-title=\"External_Link_24px icon\" data-image-description=\"\" data-image-caption=\"\" data-large-file=\"https:\/\/i0.wp.com\/www.freidenker.org\/fw17\/wp-content\/uploads\/2022\/08\/External_Link_24px.jpg?fit=24%2C24&amp;ssl=1\" class=\"alignnone size-full wp-image-13977\" src=\"https:\/\/i0.wp.com\/www.freidenker.org\/fw17\/wp-content\/uploads\/2022\/08\/External_Link_24px.jpg?resize=24%2C24&#038;ssl=1\" alt=\"\" width=\"24\" height=\"24\" \/>\u00a0<a href=\"https:\/\/www.unsere-zeit.de\/die-freunde-der-brandmauer-vereint-mit-der-afd-4814104\/\" target=\"_blank\" rel=\"noopener\">Die Freunde der \u201eBrandmauer\u201c vereint mit der AfD<\/a><\/h5>\n<p>Rede von <span class=\"art-autor\" data-asw-org-font-size=\"14\">Brigitte Renkl, Mitglied im Vorstand der VVN-VdA Berlin<br \/>\nUZ-Blog vom 29.04.2026<\/span><\/p>\n<p><a href=\"#top\"><span style=\"font-size: 10pt;\">\u2191 nach oben<\/span><\/a><\/p>\n<hr \/>\n<h4><a id=\"videos\"><\/a>Videos<\/h4>\n<h5><img data-recalc-dims=\"1\" loading=\"lazy\" decoding=\"async\" data-attachment-id=\"5427\" data-permalink=\"https:\/\/www.freidenker.org\/?attachment_id=5427\" data-orig-file=\"https:\/\/i0.wp.com\/www.freidenker.org\/fw17\/wp-content\/uploads\/2018\/09\/video_icon_32x32.jpg?fit=32%2C32&amp;ssl=1\" data-orig-size=\"32,32\" data-comments-opened=\"0\" data-image-meta=\"{&quot;aperture&quot;:&quot;0&quot;,&quot;credit&quot;:&quot;&quot;,&quot;camera&quot;:&quot;&quot;,&quot;caption&quot;:&quot;&quot;,&quot;created_timestamp&quot;:&quot;0&quot;,&quot;copyright&quot;:&quot;&quot;,&quot;focal_length&quot;:&quot;0&quot;,&quot;iso&quot;:&quot;0&quot;,&quot;shutter_speed&quot;:&quot;0&quot;,&quot;title&quot;:&quot;&quot;,&quot;orientation&quot;:&quot;1&quot;}\" data-image-title=\"video_icon_32x32\" data-image-description=\"\" data-image-caption=\"\" data-large-file=\"https:\/\/i0.wp.com\/www.freidenker.org\/fw17\/wp-content\/uploads\/2018\/09\/video_icon_32x32.jpg?fit=32%2C32&amp;ssl=1\" class=\"alignnone size-full wp-image-5427\" src=\"https:\/\/i0.wp.com\/www.freidenker.org\/fw17\/wp-content\/uploads\/2018\/09\/video_icon_32x32.jpg?resize=32%2C32&#038;ssl=1\" alt=\"\" width=\"32\" height=\"32\" \/>\u00a0Jahrestag des Elbe-Treffens: Mahnende Worte zur deutsch-russischen Freundschaft<\/h5>\n<p>Video von RT DE. Darin u.a. Interview mit dem russischem Botschafter Sergej Netschajew<\/p>\n<p><iframe loading=\"lazy\" class=\"rumble\" src=\"https:\/\/rumble.com\/embed\/v76t4ig\/?pub=4\" width=\"640\" height=\"360\" frameborder=\"0\" allowfullscreen=\"allowfullscreen\"><\/iframe><\/p>\n<p><span style=\"font-size: 10pt;\">Direktlink zum Video von RT DE auf rumble.com: <a href=\"https:\/\/rumble.com\/v78zsio-jahrestag-des-elbe-treffens-mahnende-worte-zur-deutsch-russische-freundscha.html\" target=\"_blank\" rel=\"noopener\">https:\/\/rumble.com\/v78zsio-jahrestag-des-elbe-treffens-mahnende-worte-zur-deutsch-russische-freundscha.html<\/a><\/span><\/p>\n<h5><img data-recalc-dims=\"1\" loading=\"lazy\" decoding=\"async\" data-attachment-id=\"5427\" data-permalink=\"https:\/\/www.freidenker.org\/?attachment_id=5427\" data-orig-file=\"https:\/\/i0.wp.com\/www.freidenker.org\/fw17\/wp-content\/uploads\/2018\/09\/video_icon_32x32.jpg?fit=32%2C32&amp;ssl=1\" data-orig-size=\"32,32\" data-comments-opened=\"0\" data-image-meta=\"{&quot;aperture&quot;:&quot;0&quot;,&quot;credit&quot;:&quot;&quot;,&quot;camera&quot;:&quot;&quot;,&quot;caption&quot;:&quot;&quot;,&quot;created_timestamp&quot;:&quot;0&quot;,&quot;copyright&quot;:&quot;&quot;,&quot;focal_length&quot;:&quot;0&quot;,&quot;iso&quot;:&quot;0&quot;,&quot;shutter_speed&quot;:&quot;0&quot;,&quot;title&quot;:&quot;&quot;,&quot;orientation&quot;:&quot;1&quot;}\" data-image-title=\"video_icon_32x32\" data-image-description=\"\" data-image-caption=\"\" data-large-file=\"https:\/\/i0.wp.com\/www.freidenker.org\/fw17\/wp-content\/uploads\/2018\/09\/video_icon_32x32.jpg?fit=32%2C32&amp;ssl=1\" class=\"alignnone size-full wp-image-5427\" src=\"https:\/\/i0.wp.com\/www.freidenker.org\/fw17\/wp-content\/uploads\/2018\/09\/video_icon_32x32.jpg?resize=32%2C32&#038;ssl=1\" alt=\"\" width=\"32\" height=\"32\" \/> LIVE,,Torgau f\u00fcr Frieden&#8220; &#8211; Yann Song King, Rothfu\u00df, Eisbrenner &amp; Daniele Ganser &#8211; 25.4.26<\/h5>\n<p>Das B\u00fchnenprogramm bei &#8222;Torgau f\u00fcr Frieden&#8220; (teilweise leider ohne Ton)<\/p>\n<div class=\"jetpack-video-wrapper\"><span class=\"embed-youtube\" style=\"text-align:center; display: block;\"><iframe loading=\"lazy\" class=\"youtube-player\" width=\"800\" height=\"450\" src=\"https:\/\/www.youtube.com\/embed\/JUd5kV-NJ6k?version=3&#038;rel=1&#038;showsearch=0&#038;showinfo=1&#038;iv_load_policy=1&#038;fs=1&#038;hl=de-DE&#038;autohide=2&#038;wmode=transparent\" allowfullscreen=\"true\" style=\"border:0;\" sandbox=\"allow-scripts allow-same-origin allow-popups allow-presentation allow-popups-to-escape-sandbox\"><\/iframe><\/span><\/div>\n<p><span style=\"font-size: 10pt;\">Direktlink zum Video von &#8222;<a href=\"https:\/\/www.youtube.com\/@politikimlebentv\" target=\"_blank\" rel=\"noopener\">Politik im Leben TV<\/a>&#8220; auf YouTube: <a href=\"https:\/\/www.youtube.com\/watch?v=JUd5kV-NJ6k\" target=\"_blank\" rel=\"noopener\">https:\/\/www.youtube.com\/watch?v=JUd5kV-NJ6k<\/a><\/span><\/p>\n<h5><img data-recalc-dims=\"1\" loading=\"lazy\" decoding=\"async\" data-attachment-id=\"5427\" data-permalink=\"https:\/\/www.freidenker.org\/?attachment_id=5427\" data-orig-file=\"https:\/\/i0.wp.com\/www.freidenker.org\/fw17\/wp-content\/uploads\/2018\/09\/video_icon_32x32.jpg?fit=32%2C32&amp;ssl=1\" data-orig-size=\"32,32\" data-comments-opened=\"0\" data-image-meta=\"{&quot;aperture&quot;:&quot;0&quot;,&quot;credit&quot;:&quot;&quot;,&quot;camera&quot;:&quot;&quot;,&quot;caption&quot;:&quot;&quot;,&quot;created_timestamp&quot;:&quot;0&quot;,&quot;copyright&quot;:&quot;&quot;,&quot;focal_length&quot;:&quot;0&quot;,&quot;iso&quot;:&quot;0&quot;,&quot;shutter_speed&quot;:&quot;0&quot;,&quot;title&quot;:&quot;&quot;,&quot;orientation&quot;:&quot;1&quot;}\" data-image-title=\"video_icon_32x32\" data-image-description=\"\" data-image-caption=\"\" data-large-file=\"https:\/\/i0.wp.com\/www.freidenker.org\/fw17\/wp-content\/uploads\/2018\/09\/video_icon_32x32.jpg?fit=32%2C32&amp;ssl=1\" class=\"alignnone size-full wp-image-5427\" src=\"https:\/\/i0.wp.com\/www.freidenker.org\/fw17\/wp-content\/uploads\/2018\/09\/video_icon_32x32.jpg?resize=32%2C32&#038;ssl=1\" alt=\"\" width=\"32\" height=\"32\" \/>\u00a0 Torgau f\u00fcr Frieden: Gegen Kriege und Gewalt in der Welt!<\/h5>\n<p>Ausz\u00fcge aus dem Programm sowie Interviews<\/p>\n<div class=\"jetpack-video-wrapper\"><span class=\"embed-youtube\" style=\"text-align:center; display: block;\"><iframe loading=\"lazy\" class=\"youtube-player\" width=\"800\" height=\"450\" src=\"https:\/\/www.youtube.com\/embed\/H6gUhS3qaCg?version=3&#038;rel=1&#038;showsearch=0&#038;showinfo=1&#038;iv_load_policy=1&#038;fs=1&#038;hl=de-DE&#038;autohide=2&#038;wmode=transparent\" allowfullscreen=\"true\" style=\"border:0;\" sandbox=\"allow-scripts allow-same-origin allow-popups allow-presentation allow-popups-to-escape-sandbox\"><\/iframe><\/span><\/div>\n<p><span style=\"font-size: 10pt;\">Direktlink zum Video von <a href=\"https:\/\/www.youtube.com\/@eingeSCHENKTtv\" target=\"_blank\" rel=\"noopener\">eingeSCHENKt.tv<\/a> auf YouTube: <a href=\"https:\/\/www.youtube.com\/watch?v=H6gUhS3qaCg\" target=\"_blank\" rel=\"noopener\">https:\/\/www.youtube.com\/watch?v=H6gUhS3qaCg<\/a><\/span><\/p>\n<h5><img data-recalc-dims=\"1\" loading=\"lazy\" decoding=\"async\" data-attachment-id=\"5427\" data-permalink=\"https:\/\/www.freidenker.org\/?attachment_id=5427\" data-orig-file=\"https:\/\/i0.wp.com\/www.freidenker.org\/fw17\/wp-content\/uploads\/2018\/09\/video_icon_32x32.jpg?fit=32%2C32&amp;ssl=1\" data-orig-size=\"32,32\" data-comments-opened=\"0\" data-image-meta=\"{&quot;aperture&quot;:&quot;0&quot;,&quot;credit&quot;:&quot;&quot;,&quot;camera&quot;:&quot;&quot;,&quot;caption&quot;:&quot;&quot;,&quot;created_timestamp&quot;:&quot;0&quot;,&quot;copyright&quot;:&quot;&quot;,&quot;focal_length&quot;:&quot;0&quot;,&quot;iso&quot;:&quot;0&quot;,&quot;shutter_speed&quot;:&quot;0&quot;,&quot;title&quot;:&quot;&quot;,&quot;orientation&quot;:&quot;1&quot;}\" data-image-title=\"video_icon_32x32\" data-image-description=\"\" data-image-caption=\"\" data-large-file=\"https:\/\/i0.wp.com\/www.freidenker.org\/fw17\/wp-content\/uploads\/2018\/09\/video_icon_32x32.jpg?fit=32%2C32&amp;ssl=1\" class=\"alignnone size-full wp-image-5427\" src=\"https:\/\/i0.wp.com\/www.freidenker.org\/fw17\/wp-content\/uploads\/2018\/09\/video_icon_32x32.jpg?resize=32%2C32&#038;ssl=1\" alt=\"\" width=\"32\" height=\"32\" \/>\u00a0Twitter \/ X &#8211; Video von Wlad Sankin<\/h5>\n<p>Der Demonstrationszug der DKP zieht an der B\u00fchne von &#8222;Torgau f\u00fcr Frieden&#8220; vorbei. Tino Eisbrenner ruft dazu auf, im n\u00e4chsten Jahr eine gemeinsame Veranstaltung durchzuf\u00fchren.<\/p>\n<div class=\"embed-twitter\">\n<blockquote class=\"twitter-tweet\" data-width=\"550\" data-dnt=\"true\">\n<p lang=\"de\" dir=\"ltr\">Bewegender Moment am Elbe-Tag in <a href=\"https:\/\/twitter.com\/hashtag\/Torgau?src=hash&amp;ref_src=twsrc%5Etfw\">#Torgau<\/a>: Tino Eisbrenner ruft zur Vereininigung aller friedensorientierten Kr\u00e4ften im Land &#8211; <a href=\"https:\/\/twitter.com\/hashtag\/DKP?src=hash&amp;ref_src=twsrc%5Etfw\">#DKP<\/a>, <a href=\"https:\/\/twitter.com\/hashtag\/SDAJ?src=hash&amp;ref_src=twsrc%5Etfw\">#SDAJ<\/a> und andere &quot;unsere linke Freunde&quot; inkl. &quot;Im n\u00e4chsten Jahr hoffe ich, dass wir es gemeinsam tun&quot;, sagt er beim vorbeigendem Zug der DKP. <a href=\"https:\/\/t.co\/E20oUXzM16\">pic.twitter.com\/E20oUXzM16<\/a><\/p>\n<p>&mdash; Wlad Sankin (@wladsan) <a href=\"https:\/\/twitter.com\/wladsan\/status\/2048369864536957302?ref_src=twsrc%5Etfw\">April 26, 2026<\/a><\/p><\/blockquote>\n<p><script async src=\"https:\/\/platform.twitter.com\/widgets.js\" charset=\"utf-8\"><\/script><\/div>\n<p><span style=\"font-size: 10pt;\">Direktlink zum Video auf x.com: <a href=\"https:\/\/x.com\/i\/status\/2048369864536957302\" target=\"_blank\" rel=\"noopener\">https:\/\/x.com\/i\/status\/2048369864536957302<\/a><\/span><\/p>\n<p><img data-recalc-dims=\"1\" loading=\"lazy\" decoding=\"async\" data-attachment-id=\"5427\" data-permalink=\"https:\/\/www.freidenker.org\/?attachment_id=5427\" data-orig-file=\"https:\/\/i0.wp.com\/www.freidenker.org\/fw17\/wp-content\/uploads\/2018\/09\/video_icon_32x32.jpg?fit=32%2C32&amp;ssl=1\" data-orig-size=\"32,32\" data-comments-opened=\"0\" data-image-meta=\"{&quot;aperture&quot;:&quot;0&quot;,&quot;credit&quot;:&quot;&quot;,&quot;camera&quot;:&quot;&quot;,&quot;caption&quot;:&quot;&quot;,&quot;created_timestamp&quot;:&quot;0&quot;,&quot;copyright&quot;:&quot;&quot;,&quot;focal_length&quot;:&quot;0&quot;,&quot;iso&quot;:&quot;0&quot;,&quot;shutter_speed&quot;:&quot;0&quot;,&quot;title&quot;:&quot;&quot;,&quot;orientation&quot;:&quot;1&quot;}\" data-image-title=\"video_icon_32x32\" data-image-description=\"\" data-image-caption=\"\" data-large-file=\"https:\/\/i0.wp.com\/www.freidenker.org\/fw17\/wp-content\/uploads\/2018\/09\/video_icon_32x32.jpg?fit=32%2C32&amp;ssl=1\" class=\"alignnone size-full wp-image-5427\" src=\"https:\/\/i0.wp.com\/www.freidenker.org\/fw17\/wp-content\/uploads\/2018\/09\/video_icon_32x32.jpg?resize=32%2C32&#038;ssl=1\" alt=\"\" width=\"32\" height=\"32\" \/> Weitere Videos und Bilder von Wlad Sankin zum Elbe-Tag:<\/p>\n<ul>\n<li><a href=\"https:\/\/nitter.tiekoetter.com\/wladsan\/status\/2048786368390660406#m\" target=\"_blank\" rel=\"noopener\">https:\/\/nitter.tiekoetter.com\/wladsan\/status\/2048786368390660406#m<\/a><\/li>\n<li><a href=\"https:\/\/nitter.tiekoetter.com\/wladsan\/status\/2048755532278751560#m\" target=\"_blank\" rel=\"noopener\">https:\/\/nitter.tiekoetter.com\/wladsan\/status\/2048755532278751560#m<\/a><\/li>\n<li><a href=\"https:\/\/nitter.tiekoetter.com\/wladsan\/status\/2048369864536957302#m\" target=\"_blank\" rel=\"noopener\">https:\/\/nitter.tiekoetter.com\/wladsan\/status\/2048369864536957302#m<\/a><\/li>\n<\/ul>\n<p><a href=\"#top\"><span style=\"font-size: 10pt;\">\u2191 nach oben<\/span><\/a><\/p>\n<hr \/>\n<p><span style=\"font-size: 10pt;\">Bild ganz oben: Eine Stadt &#8211; zwei B\u00fchnen &#8211; ein Thema\u00a0<\/span><br \/>\n<span style=\"font-size: 10pt;\">Fotos und Collage: Ralf Lux<\/span><\/p>\n","protected":false},"excerpt":{"rendered":"<p>Vor 81 Jahren, am 25. April 1945, trafen sowjetische und US-amerikanische Truppen bei Torgau an der Elbe aufeinander und vereinigten somit die Ost- und Westfront. [&#8230;] Wie in den vergangenen Jahren, war der Tag der Begegnung auch dieses Jahr Anlass zu Demonstrationen und Kundgebungen. Da der Gedenktag in diesem Jahr auf einen Samstag fiel, waren es sogar drei Veranstaltungen, die am selben Tag stattfanden. [&#8230;] Da der Demonstrationszug der DKP und ihrer Unterst\u00fctzer geografisch bedingt nach offiziellem Ende direkt durch das Veranstaltungsgel\u00e4nde von &#8222;Torgau f\u00fcr Frieden&#8220; lief, nutzte Tino Eisbrenner die Gelegenheit, dazu aufzurufen, im n\u00e4chsten Jahr eine gemeinsame Veranstaltung zu planen und durchzuf\u00fchren. [&#8230;] Wir pr\u00e4sentieren hier eine Bildergalerie mit Fotos von der Demonstration und den Kundgebungen. Au\u00dferdem gibt es Links zu Presseberichten und Videos.<\/p>\n","protected":false},"author":3,"featured_media":25131,"comment_status":"closed","ping_status":"closed","sticky":false,"template":"","format":"standard","meta":{"colormag_page_container_layout":"default_layout","colormag_page_sidebar_layout":"default_layout","advanced_seo_description":"","jetpack_seo_html_title":"","jetpack_seo_noindex":false,"jetpack_post_was_ever_published":false,"footnotes":""},"categories":[574,13],"tags":[411,2600,335,224,43,924,1189,925,939,1774,1050,1673],"class_list":["post-25117","post","type-post","status-publish","format-standard","has-post-thumbnail","hentry","category-aktuelles","category-frieden-antifaschismus-solidaritaet","tag-demonstration","tag-elbe-tag","tag-frieden","tag-frieden-mit-russland","tag-friedensbewegung","tag-gedenken","tag-konzert","tag-kundgebung","tag-musik","tag-torgau","tag-veranstaltung","tag-video"],"jetpack_featured_media_url":"https:\/\/i0.wp.com\/www.freidenker.org\/fw17\/wp-content\/uploads\/2026\/04\/torgau2026_zwei_buehnen_800x450.jpg?fit=800%2C450&ssl=1","jetpack_shortlink":"https:\/\/wp.me\/p9stpK-6x7","jetpack-related-posts":[{"id":12804,"url":"https:\/\/www.freidenker.org\/?p=12804","url_meta":{"origin":25117,"position":0},"title":"Auf zum \u201eTag der Begegnung\u201c am 23. April 2022 nach Torgau!","author":"Webredaktion","date":"16. April 2022","format":false,"excerpt":"Am 23. April 2022 wird in Torgau anl\u00e4sslich des \u201eTages der Begegnung\u201c erneut eine Friedensdemonstration stattfinden. Der \u201eTag der Begegnung\u201c erinnert an das Zusammentreffen der Soldaten der Roten Armee und der US\u2013Armee am 25.April 1945 an der Elbe und Ihren historischen Handschlag, der zum Symbol der Befreiung vom Faschismus und\u2026","rel":"","context":"In &quot;Frieden - Antifaschismus - Solidarit\u00e4t&quot;","block_context":{"text":"Frieden - Antifaschismus - Solidarit\u00e4t","link":"https:\/\/www.freidenker.org\/?cat=13"},"img":{"alt_text":"","src":"https:\/\/i0.wp.com\/www.freidenker.org\/fw17\/wp-content\/uploads\/2022\/04\/DEMONSTRATION-AM-23.-APRIL-2022-800x450-1.jpg?fit=800%2C450&ssl=1&resize=350%2C200","width":350,"height":200,"srcset":"https:\/\/i0.wp.com\/www.freidenker.org\/fw17\/wp-content\/uploads\/2022\/04\/DEMONSTRATION-AM-23.-APRIL-2022-800x450-1.jpg?fit=800%2C450&ssl=1&resize=350%2C200 1x, https:\/\/i0.wp.com\/www.freidenker.org\/fw17\/wp-content\/uploads\/2022\/04\/DEMONSTRATION-AM-23.-APRIL-2022-800x450-1.jpg?fit=800%2C450&ssl=1&resize=525%2C300 1.5x, https:\/\/i0.wp.com\/www.freidenker.org\/fw17\/wp-content\/uploads\/2022\/04\/DEMONSTRATION-AM-23.-APRIL-2022-800x450-1.jpg?fit=800%2C450&ssl=1&resize=700%2C400 2x"},"classes":[]},{"id":21305,"url":"https:\/\/www.freidenker.org\/?p=21305","url_meta":{"origin":25117,"position":1},"title":"Elbe-Tag: 80. Jahrestag der Begegnung","author":"Webredaktion","date":"30. M\u00e4rz 2025","format":false,"excerpt":"Demonstration am 26. April 2025 11:30 Uhr Br\u00fcckenkopf Torgau (anschl. 14:30 Uhr - Konzert mit Tino Eisbrenner und Ernesto Schwarz) Kein Ort an der Elbe \u2013 von Hamburg bis Dresden \u2013 hat mit seiner Symbolik am \u00a0Ende des faschistischen Krieges eine bis heute andauernde Aussagekraft und Wahrheit erlangt, die in\u2026","rel":"","context":"In &quot;Frieden - Antifaschismus - Solidarit\u00e4t&quot;","block_context":{"text":"Frieden - Antifaschismus - Solidarit\u00e4t","link":"https:\/\/www.freidenker.org\/?cat=13"},"img":{"alt_text":"","src":"https:\/\/i0.wp.com\/www.freidenker.org\/fw17\/wp-content\/uploads\/2025\/03\/Elbe-Tag_2025_800x450.jpg?fit=800%2C450&ssl=1&resize=350%2C200","width":350,"height":200,"srcset":"https:\/\/i0.wp.com\/www.freidenker.org\/fw17\/wp-content\/uploads\/2025\/03\/Elbe-Tag_2025_800x450.jpg?fit=800%2C450&ssl=1&resize=350%2C200 1x, https:\/\/i0.wp.com\/www.freidenker.org\/fw17\/wp-content\/uploads\/2025\/03\/Elbe-Tag_2025_800x450.jpg?fit=800%2C450&ssl=1&resize=525%2C300 1.5x, https:\/\/i0.wp.com\/www.freidenker.org\/fw17\/wp-content\/uploads\/2025\/03\/Elbe-Tag_2025_800x450.jpg?fit=800%2C450&ssl=1&resize=700%2C400 2x"},"classes":[]},{"id":21679,"url":"https:\/\/www.freidenker.org\/?p=21679","url_meta":{"origin":25117,"position":2},"title":"80 Jahre Begegnung an der Elbe","author":"Webredaktion","date":"5. Mai 2025","format":false,"excerpt":"Beitrag von Klaus Hartmann Stadt Torgau gestaltet einen Tag der W\u00fcrdelosigkeit - Am historischen Jahrestag des Zusammentreffens von Soldaten der Roten Armee und der US-Armee hat die Stadt Torgau auch 2025 zum Gedenken am Begegnungs-Denkmal geladen. Der \u201eElbe-Tag\u201c hei\u00dft inzwischen \u201eElbe Day\u201c, und auf gro\u00dffl\u00e4chigen Plakaten warb die Stadt: \u201eSchafft\u2026","rel":"","context":"In &quot;Frieden - Antifaschismus - Solidarit\u00e4t&quot;","block_context":{"text":"Frieden - Antifaschismus - Solidarit\u00e4t","link":"https:\/\/www.freidenker.org\/?cat=13"},"img":{"alt_text":"","src":"https:\/\/i0.wp.com\/www.freidenker.org\/fw17\/wp-content\/uploads\/2025\/05\/Torgau-2025_800x450.jpg?fit=800%2C450&ssl=1&resize=350%2C200","width":350,"height":200,"srcset":"https:\/\/i0.wp.com\/www.freidenker.org\/fw17\/wp-content\/uploads\/2025\/05\/Torgau-2025_800x450.jpg?fit=800%2C450&ssl=1&resize=350%2C200 1x, https:\/\/i0.wp.com\/www.freidenker.org\/fw17\/wp-content\/uploads\/2025\/05\/Torgau-2025_800x450.jpg?fit=800%2C450&ssl=1&resize=525%2C300 1.5x, https:\/\/i0.wp.com\/www.freidenker.org\/fw17\/wp-content\/uploads\/2025\/05\/Torgau-2025_800x450.jpg?fit=800%2C450&ssl=1&resize=700%2C400 2x"},"classes":[]},{"id":24934,"url":"https:\/\/www.freidenker.org\/?p=24934","url_meta":{"origin":25117,"position":3},"title":"Demonstration, Kundgebung und Konzert zum Tag der Begegnung am 25. April 2026 in Torgau","author":"Webredaktion","date":"20. April 2026","format":false,"excerpt":"Anl\u00e4sslich des 81. Jahrestages des Tages der Begegnung in Torgau finden mehrere Veranstaltungen statt. Die DKP und zahlreiche Unterst\u00fctzer, darunter der Deutsche Freidenker-Verband rufen auf zur Friedensdemonstration zum Tag der Begegnung, Torgau 1945-2026 am 25. April 2026, Beginn um 11.30 Uhr am Br\u00fcckenkopf Torgau. Aus dem Aufruf: Nie wieder Faschismus\u2026","rel":"","context":"In &quot;Frieden - Antifaschismus - Solidarit\u00e4t&quot;","block_context":{"text":"Frieden - Antifaschismus - Solidarit\u00e4t","link":"https:\/\/www.freidenker.org\/?cat=13"},"img":{"alt_text":"","src":"https:\/\/i0.wp.com\/www.freidenker.org\/fw17\/wp-content\/uploads\/2026\/04\/TdB_Torgau_2026_800x450.jpg?fit=800%2C450&ssl=1&resize=350%2C200","width":350,"height":200,"srcset":"https:\/\/i0.wp.com\/www.freidenker.org\/fw17\/wp-content\/uploads\/2026\/04\/TdB_Torgau_2026_800x450.jpg?fit=800%2C450&ssl=1&resize=350%2C200 1x, https:\/\/i0.wp.com\/www.freidenker.org\/fw17\/wp-content\/uploads\/2026\/04\/TdB_Torgau_2026_800x450.jpg?fit=800%2C450&ssl=1&resize=525%2C300 1.5x, https:\/\/i0.wp.com\/www.freidenker.org\/fw17\/wp-content\/uploads\/2026\/04\/TdB_Torgau_2026_800x450.jpg?fit=800%2C450&ssl=1&resize=700%2C400 2x"},"classes":[]},{"id":10098,"url":"https:\/\/www.freidenker.org\/?p=10098","url_meta":{"origin":25117,"position":4},"title":"Elbe Tag: Torgauer &#8222;Offizielle&#8220; nicht unter sich","author":"Webredaktion","date":"29. April 2021","format":false,"excerpt":"Nachdem am 24.04.2021 die gro\u00dfe Friedensdemonstration durch Auflagen der Versammlungsbeh\u00f6rde des Nordkreises Sachsen auf vier Kundgebungen reduziert wurde, fand am Sonntag, 25.04.2021 das \"staatsoffizielle\" Gedenken statt. Die Torgauer Zeitung hatte die Ank\u00fcndigung als 21-Zeilen-Meldung tief im Lokalteil versteckt, und das Gedenken \"als Minimalvariante\" angek\u00fcndigt, es w\u00fcrde \"nur im kleinen Rahmen\u2026","rel":"","context":"In &quot;Frieden - Antifaschismus - Solidarit\u00e4t&quot;","block_context":{"text":"Frieden - Antifaschismus - Solidarit\u00e4t","link":"https:\/\/www.freidenker.org\/?cat=13"},"img":{"alt_text":"","src":"https:\/\/i0.wp.com\/www.freidenker.org\/fw17\/wp-content\/uploads\/2021\/04\/torgau-2021_offiziell_v2_800x450.jpg?fit=800%2C450&ssl=1&resize=350%2C200","width":350,"height":200,"srcset":"https:\/\/i0.wp.com\/www.freidenker.org\/fw17\/wp-content\/uploads\/2021\/04\/torgau-2021_offiziell_v2_800x450.jpg?fit=800%2C450&ssl=1&resize=350%2C200 1x, https:\/\/i0.wp.com\/www.freidenker.org\/fw17\/wp-content\/uploads\/2021\/04\/torgau-2021_offiziell_v2_800x450.jpg?fit=800%2C450&ssl=1&resize=525%2C300 1.5x, https:\/\/i0.wp.com\/www.freidenker.org\/fw17\/wp-content\/uploads\/2021\/04\/torgau-2021_offiziell_v2_800x450.jpg?fit=800%2C450&ssl=1&resize=700%2C400 2x"},"classes":[]},{"id":9848,"url":"https:\/\/www.freidenker.org\/?p=9848","url_meta":{"origin":25117,"position":5},"title":"Elbe Tag &#8211; Demonstration in Torgau am 24. April 2021","author":"Webredaktion","date":"6. April 2021","format":false,"excerpt":"Torgau 1945-2021 - 76. Jahrestag der Begegnung - 80. Jahrestag des \u00dcberfalls Nazideutschlands auf die Sowjetunion Der Deutsche Freidenker-Verband unterst\u00fctzt die Initiative der DKP und anderer Organisationen, den Jahrestag des Zusammentreffens der Roten Armee und US-amerikanischer Truppen in Torgau 1945 zu einer Manifestation f\u00fcr den Frieden mit Russland und China\u2026","rel":"","context":"In &quot;Frieden - Antifaschismus - Solidarit\u00e4t&quot;","block_context":{"text":"Frieden - Antifaschismus - Solidarit\u00e4t","link":"https:\/\/www.freidenker.org\/?cat=13"},"img":{"alt_text":"","src":"https:\/\/i0.wp.com\/www.freidenker.org\/fw17\/wp-content\/uploads\/2021\/04\/Torgau_Elbe_Tag_800x450.jpg?fit=800%2C450&ssl=1&resize=350%2C200","width":350,"height":200,"srcset":"https:\/\/i0.wp.com\/www.freidenker.org\/fw17\/wp-content\/uploads\/2021\/04\/Torgau_Elbe_Tag_800x450.jpg?fit=800%2C450&ssl=1&resize=350%2C200 1x, https:\/\/i0.wp.com\/www.freidenker.org\/fw17\/wp-content\/uploads\/2021\/04\/Torgau_Elbe_Tag_800x450.jpg?fit=800%2C450&ssl=1&resize=525%2C300 1.5x, https:\/\/i0.wp.com\/www.freidenker.org\/fw17\/wp-content\/uploads\/2021\/04\/Torgau_Elbe_Tag_800x450.jpg?fit=800%2C450&ssl=1&resize=700%2C400 2x"},"classes":[]}],"_links":{"self":[{"href":"https:\/\/www.freidenker.org\/index.php?rest_route=\/wp\/v2\/posts\/25117","targetHints":{"allow":["GET"]}}],"collection":[{"href":"https:\/\/www.freidenker.org\/index.php?rest_route=\/wp\/v2\/posts"}],"about":[{"href":"https:\/\/www.freidenker.org\/index.php?rest_route=\/wp\/v2\/types\/post"}],"author":[{"embeddable":true,"href":"https:\/\/www.freidenker.org\/index.php?rest_route=\/wp\/v2\/users\/3"}],"replies":[{"embeddable":true,"href":"https:\/\/www.freidenker.org\/index.php?rest_route=%2Fwp%2Fv2%2Fcomments&post=25117"}],"version-history":[{"count":13,"href":"https:\/\/www.freidenker.org\/index.php?rest_route=\/wp\/v2\/posts\/25117\/revisions"}],"predecessor-version":[{"id":25141,"href":"https:\/\/www.freidenker.org\/index.php?rest_route=\/wp\/v2\/posts\/25117\/revisions\/25141"}],"wp:featuredmedia":[{"embeddable":true,"href":"https:\/\/www.freidenker.org\/index.php?rest_route=\/wp\/v2\/media\/25131"}],"wp:attachment":[{"href":"https:\/\/www.freidenker.org\/index.php?rest_route=%2Fwp%2Fv2%2Fmedia&parent=25117"}],"wp:term":[{"taxonomy":"category","embeddable":true,"href":"https:\/\/www.freidenker.org\/index.php?rest_route=%2Fwp%2Fv2%2Fcategories&post=25117"},{"taxonomy":"post_tag","embeddable":true,"href":"https:\/\/www.freidenker.org\/index.php?rest_route=%2Fwp%2Fv2%2Ftags&post=25117"}],"curies":[{"name":"wp","href":"https:\/\/api.w.org\/{rel}","templated":true}]}}