{"id":25063,"date":"2026-04-29T23:20:42","date_gmt":"2026-04-29T21:20:42","guid":{"rendered":"https:\/\/www.freidenker.org\/?p=25063"},"modified":"2026-04-29T23:20:42","modified_gmt":"2026-04-29T21:20:42","slug":"imperialismus-eine-historische-epoche-wie-weiter","status":"publish","type":"post","link":"https:\/\/www.freidenker.org\/?p=25063","title":{"rendered":"Imperialismus \u2013 eine historische Epoche \u2013 wie weiter?"},"content":{"rendered":"<h5><strong>Offenes Bildungswochenende des Landesverbandes Sachsen-Anhalt im Deutschen Freidenker-Verband in Quedlinburg 08. \u2013 09.05.2026<\/strong><\/h5>\n<p><em>Seit Gr\u00fcndung des Landesverbandes Sachsen-Anhalt im Deutsche Freidenker-Verband, findet j\u00e4hrlich im Rahmen einer offenen Bildungsveranstaltung ein zentrales Treffen in der Stadt der Gr\u00fcndung statt. Dort treffen sich nicht nur Mitglieder des Verbandes, sondern es k\u00f6nnen immer auch G\u00e4ste begr\u00fc\u00dft werden, welche zum Teil sogar eine etwas weitere Anreise in Kauf nehmen und aus den verschiedensten Bundesl\u00e4ndern anreisen.<\/em><\/p>\n<p><em>Aus aktuellem Grund steht f\u00fcr dieses Jahr wieder der Kapitalismus, allerdings diesmal sein h\u00f6chstes und letztes, besonderes historische Stadium, der Imperialismus, auf dem Plan unseres Bildungswochenendes. Insbesondere j\u00fcngste Entwicklungen, also wie der Kapitalismus in seiner h\u00f6chsten Form des Imperialismus den Menschen gegenw\u00e4rtig begegnet. Es geht vordergr\u00fcndig um die \u00f6konomischen Grundlagen und wie diese gestaltet werden, sich entwickeln und von welchen Kr\u00e4ften diese entscheidend beeinflusst werden. Letztlich um die Ursachen unserer gegenw\u00e4rtigen gesellschaftlichen Entwicklung und die diese treibenden Kr\u00e4fte.<\/em><\/p>\n<p><em>In diesem Zusammenhang ist es uns gelungen Werner R\u00fcgemer zu gewinnen, welcher sich intensiv mit den aktuellen Entwicklungen im Kapitalismus, den Akteuren und den mit diesen Entwicklungen verbundenen Folgen besch\u00e4ftigt. Er wird uns f\u00fcr eine Lesung und ein Seminar zur Verf\u00fcgung stehen. Im Rahmen des Seminars wird es weitere einf\u00fchrende und erg\u00e4nzende Vortr\u00e4ge geben, so ein Vortrag, in welchen die Besonderheiten des Imperialismus und seine Wesensmerkmale herausgearbeitet werden. Die Vortr\u00e4ge dienen als Grundlage f\u00fcr allgemeine, das Thema betreffende, Diskussion und Erfahrungsaustausch. <\/em><\/p>\n<p><em>Also wird es reichlich Stoff zum Austausch und Diskurs geben, erg\u00e4nzt werden die Veranstaltungen durch den zweiten Teil einer Wanderung in das Umfeld der Stadt und durch eine k\u00fcnstlerisch-kulturelle Abendveranstaltung. <\/em><\/p>\n<p><em>Und so dieses Jahr, wie im letzten Jahr, \u201eder Deutsche Freidenker-Verband Sachsen-Anhalt freut sich \u00fcber eine rege und qualifizierte Teilnahme, und so sei wiederholt, \u201edas interessanteste an solchen Wochenenden sind die Menschen, welche zusammenkommen und sich im Verlauf der Tage \u00fcber die verschiedensten Themen austauschen. Eigentlich eine zwingende Notwendigkeit in Zeiten sich zuspitzender, gesellschaftlicher Widerspr\u00fcche, insbesondere des Grundwiederspruches kapitalistischen Seins. Es geht nicht nur darum, den Kampf um Begriffe und deren Inhalte zu f\u00fchren, sondern auch dem sich in der Gesellschaft verbreitenden Irrationalismus entgegenzuwirken.\u201c Welcher uns gegenw\u00e4rtig besonders intensiv in Form von Kriegspropaganda und Kriegsvorbereitung begegnet und sich in der herrschenden Politik hierzulande manifestiert. <\/em><\/p>\n<p><em>\u201e<\/em><em>Somit wird sich nicht nur inhaltlich mit Problemen auseinandergesetzt, sondern Bildung im doppelten Sinne steht auf der Tagesordnung, einmal im Sinne der Aneignung von Wissen und dem entsprechenden Austausch, im Sinne vom Streben nach Erkenntnis und zum anderen als Bildung, im Sinne von Organisation.\u201c<\/em><\/p>\n<h5><strong>Offenes Bildungswochenende des Landesverbandes Sachsen-Anhalt im Deutschen Freidenker-Verband in Quedlinburg 08. \u2013 09.05.2026<\/strong><\/h5>\n<p><strong>1.) Freitag, 08.05.2026, 19:00 Uhr <\/strong><\/p>\n<p style=\"padding-left: 40px;\"><strong><a href=\"https:\/\/www.sachsen-anhalt.freidenker.org\/cms\/?p=1940\">Autorenlesung<\/a> mit Werner R\u00fcgemer<\/strong><\/p>\n<p><strong>2.) Samstag, 09.05.2026<\/strong> <strong>ab 10:00 Uhr<\/strong><\/p>\n<p style=\"padding-left: 40px;\"><strong>Imperialismus \u2013 eine historische Epoche \u2013 wie weiter? \u2013 Seminar<\/strong><\/p>\n<p style=\"padding-left: 40px;\">1.) Begr\u00fc\u00dfung und Er\u00f6ffnung<\/p>\n<p style=\"padding-left: 40px;\">2.) Vortr\u00e4ge zum Thema<\/p>\n<p style=\"padding-left: 40px;\">3.) Diskussion<\/p>\n<p style=\"padding-left: 40px;\">12:00 \u2013 13:30 Uhr Mittagspause \u2013 Eigenregie \u2013<\/p>\n<p style=\"padding-left: 40px;\">4.) Diskussion, Gespr\u00e4che, Erfahrungsaustausch<\/p>\n<p style=\"padding-left: 40px;\">15:00 \u2013 15:30 Uhr Kaffeepause<\/p>\n<p style=\"padding-left: 40px;\">15:30 Wanderung<\/p>\n<p style=\"padding-left: 40px;\">19:00 Uhr Abendessen, \u2013 Eigenregie \u2013<\/p>\n<p style=\"padding-left: 40px;\">Ab 20:00 Uhr proletarisch-lyrischer Abend<\/p>\n<p>Veranstalter: <strong>Deutscher Freidenker-Verband Sachsen-Anhalt<\/strong><\/p>\n<p>Die Veranstaltungen finden im P\u00f6lkenhof, 06484 Quedlinburg, P\u00f6lkenstra\u00dfe 38 statt. Die Wanderung ist eine Erg\u00e4nzung zur Wanderung im letzten Jahr.<\/p>\n<p>Information und Anmeldung \u00fcber: <a href=\"mailto:t.loch@freidenker.org\">t.loch@freidenker.org<\/a> oder <a href=\"mailto:dfv-sachsen-anhalt@freidenker.org\">dfv-sachsen-anhalt@freidenker.org<\/a><\/p>\n<hr \/>\n<p><span style=\"font-size: 10pt;\">Bild oben: DFV-Landesverband Sachsen-Anhalt<\/span><\/p>\n<p>&nbsp;<\/p>\n","protected":false},"excerpt":{"rendered":"<p><b>Offenes Bildungswochenende des Landesverbandes Sachsen-Anhalt im Deutschen Freidenker-Verband in Quedlinburg 08. \u2013 09.05.2026<\/b><br \/>\nSeit Gr\u00fcndung des Landesverbandes Sachsen-Anhalt im Deutsche Freidenker-Verband, findet j\u00e4hrlich im Rahmen einer offenen Bildungsveranstaltung ein zentrales Treffen in der Stadt der Gr\u00fcndung statt. Dort treffen sich nicht nur Mitglieder des Verbandes, sondern es k\u00f6nnen immer auch G\u00e4ste begr\u00fc\u00dft werden, welche zum Teil sogar eine etwas weitere Anreise in Kauf nehmen und aus den verschiedensten Bundesl\u00e4ndern anreisen. Aus aktuellem Grund steht f\u00fcr dieses Jahr wieder der Kapitalismus, allerdings diesmal sein h\u00f6chstes und letztes, besonderes historische Stadium, der Imperialismus, auf dem Plan unseres Bildungswochenendes. Insbesondere j\u00fcngste Entwicklungen, also wie der Kapitalismus in seiner h\u00f6chsten Form des Imperialismus den Menschen gegenw\u00e4rtig begegnet. <\/p>\n","protected":false},"author":3,"featured_media":25064,"comment_status":"closed","ping_status":"closed","sticky":false,"template":"","format":"standard","meta":{"colormag_page_container_layout":"default_layout","colormag_page_sidebar_layout":"default_layout","advanced_seo_description":"","jetpack_seo_html_title":"","jetpack_seo_noindex":false,"jetpack_post_was_ever_published":false,"footnotes":""},"categories":[574,19],"tags":[567,1872,465,404,441,339,1025,1506,3195],"class_list":["post-25063","post","type-post","status-publish","format-standard","has-post-thumbnail","hentry","category-aktuelles","category-veranstaltungen-in-den-dfv-landesverbaenden","tag-bildung","tag-epoche","tag-erkenntnis","tag-imperialismus","tag-kapitalismus","tag-kriegspropaganda","tag-lv-sachsen-anhalt","tag-seminar","tag-wissen"],"jetpack_featured_media_url":"https:\/\/i0.wp.com\/www.freidenker.org\/fw17\/wp-content\/uploads\/2026\/04\/BiWo_Sachsen-Anhalt_800x450.jpg?fit=800%2C450&ssl=1","jetpack_shortlink":"https:\/\/wp.me\/p9stpK-6wf","jetpack-related-posts":[{"id":16630,"url":"https:\/\/www.freidenker.org\/?p=16630","url_meta":{"origin":25063,"position":0},"title":"Bildungswochenende: Der gegenw\u00e4rtige Kapitalismus","author":"Webredaktion","date":"16. Juli 2023","format":false,"excerpt":"Offenes Bildungswochenende des Landesverbandes Sachsen-Anhalt im Deutschen Freidenker-Verband 11. \u2013 13.08.2023 in Quedlinburg. Seit Gr\u00fcndung des Landesverbandes Sachsen-Anhalt im Deutsche Freidenker-Verband, findet j\u00e4hrlich im Rahmen einer offenen Bildungsveranstaltung ein zentrales Treffen in der Stadt der Gr\u00fcndung statt. Dort treffen sich nicht nur Mitglieder des Verbandes, sondern es k\u00f6nnen immer auch\u2026","rel":"","context":"In &quot;Veranstaltungen in den DFV-Landesverb\u00e4nden&quot;","block_context":{"text":"Veranstaltungen in den DFV-Landesverb\u00e4nden","link":"https:\/\/www.freidenker.org\/?cat=19"},"img":{"alt_text":"","src":"https:\/\/i0.wp.com\/www.freidenker.org\/fw17\/wp-content\/uploads\/2023\/07\/seminar_quedlinburg_2023-08_800x450.jpg?fit=800%2C450&ssl=1&resize=350%2C200","width":350,"height":200,"srcset":"https:\/\/i0.wp.com\/www.freidenker.org\/fw17\/wp-content\/uploads\/2023\/07\/seminar_quedlinburg_2023-08_800x450.jpg?fit=800%2C450&ssl=1&resize=350%2C200 1x, https:\/\/i0.wp.com\/www.freidenker.org\/fw17\/wp-content\/uploads\/2023\/07\/seminar_quedlinburg_2023-08_800x450.jpg?fit=800%2C450&ssl=1&resize=525%2C300 1.5x, https:\/\/i0.wp.com\/www.freidenker.org\/fw17\/wp-content\/uploads\/2023\/07\/seminar_quedlinburg_2023-08_800x450.jpg?fit=800%2C450&ssl=1&resize=700%2C400 2x"},"classes":[]},{"id":13731,"url":"https:\/\/www.freidenker.org\/?p=13731","url_meta":{"origin":25063,"position":1},"title":"12.\u201314.08.2022: Offenes Bildungswochenende in Quedlinburg.","author":"Webredaktion","date":"9. Juli 2022","format":false,"excerpt":"Offenes Bildungswochenende des Landesverbandes Sachsen-Anhalt im Deutschen Freidenker-Verband vom 12.\u201314.08.2022 in Quedlinburg. Aus dem Programm: - Lesung mit dem Autor J\u00fcrgen Leskien - Diskussion zum Thema: Krieg und Frieden - Krieg ein Mittel der Politik, nicht nur der imperialistischen. - Thematische Stadtf\u00fchrung (Quedlinburg wurde nie durch Kriege zerst\u00f6rt, einschneidende Spuren\u2026","rel":"","context":"In &quot;Kultur &amp; Kunst&quot;","block_context":{"text":"Kultur &amp; Kunst","link":"https:\/\/www.freidenker.org\/?cat=913"},"img":{"alt_text":"","src":"https:\/\/i0.wp.com\/www.freidenker.org\/fw17\/wp-content\/uploads\/2022\/07\/Loch_Collage_Bildungswochenende2022.jpg?fit=800%2C450&ssl=1&resize=350%2C200","width":350,"height":200,"srcset":"https:\/\/i0.wp.com\/www.freidenker.org\/fw17\/wp-content\/uploads\/2022\/07\/Loch_Collage_Bildungswochenende2022.jpg?fit=800%2C450&ssl=1&resize=350%2C200 1x, https:\/\/i0.wp.com\/www.freidenker.org\/fw17\/wp-content\/uploads\/2022\/07\/Loch_Collage_Bildungswochenende2022.jpg?fit=800%2C450&ssl=1&resize=525%2C300 1.5x, https:\/\/i0.wp.com\/www.freidenker.org\/fw17\/wp-content\/uploads\/2022\/07\/Loch_Collage_Bildungswochenende2022.jpg?fit=800%2C450&ssl=1&resize=700%2C400 2x"},"classes":[]},{"id":21275,"url":"https:\/\/www.freidenker.org\/?p=21275","url_meta":{"origin":25063,"position":2},"title":"Freidenker-Treffen Sachsen-Anhalt 2025 und Konferenz &#8222;Thomas M\u00fcntzer \u2013 500 Jahre Deutscher Bauernkrieg&#8220;","author":"Webredaktion","date":"27. M\u00e4rz 2025","format":false,"excerpt":"Epochen des Umbruch! Freidenker-Treffen Sachsen-Anhalt 2025 Am Wochenende vom 25. bis 27.04.2025 findet in Quedlinburg das diesj\u00e4hrige offene Bildungswochenende des Landesverbandes Sachsen-Anhalt im Deutschen Freidenker-Verband in Quedlinburg statt. Am Freitag den 25.04.2025 wird es ab 19:00 Uhr eine Lesung mit Diskussion zum Thema des Wochenendes, Epochen des Umbruch und die\u2026","rel":"","context":"In &quot;Kultur &amp; Kunst&quot;","block_context":{"text":"Kultur &amp; Kunst","link":"https:\/\/www.freidenker.org\/?cat=913"},"img":{"alt_text":"","src":"https:\/\/i0.wp.com\/www.freidenker.org\/fw17\/wp-content\/uploads\/2025\/03\/Muentzer-Kolage2_800x450.jpg?fit=800%2C450&ssl=1&resize=350%2C200","width":350,"height":200,"srcset":"https:\/\/i0.wp.com\/www.freidenker.org\/fw17\/wp-content\/uploads\/2025\/03\/Muentzer-Kolage2_800x450.jpg?fit=800%2C450&ssl=1&resize=350%2C200 1x, https:\/\/i0.wp.com\/www.freidenker.org\/fw17\/wp-content\/uploads\/2025\/03\/Muentzer-Kolage2_800x450.jpg?fit=800%2C450&ssl=1&resize=525%2C300 1.5x, https:\/\/i0.wp.com\/www.freidenker.org\/fw17\/wp-content\/uploads\/2025\/03\/Muentzer-Kolage2_800x450.jpg?fit=800%2C450&ssl=1&resize=700%2C400 2x"},"classes":[]},{"id":11038,"url":"https:\/\/www.freidenker.org\/?p=11038","url_meta":{"origin":25063,"position":3},"title":"20.-22.08.2021: Bildungswochenende in Quedlinburg","author":"Webredaktion","date":"14. August 2021","format":false,"excerpt":"Offenes Bildungswochenende des Landesverbandes Sachsen-Anhalt im Deutschen Freidenker-Verband in Quedlinburg 20.\u201322.08.2021 Aus dem Programm: - \u201eWarten wir die Zukunft ab\u201c - Hartmut K\u00f6nig liest aus seiner Autobiographie mit musikalischen Einlagen - Diskussion zum Thema \u2013 Demokratie, was immer sie auch ist, \u2026 was ist sie eigentlich? \u2013 - thematische Stadtf\u00fchrung\u2026","rel":"","context":"In &quot;Kultur &amp; Kunst&quot;","block_context":{"text":"Kultur &amp; Kunst","link":"https:\/\/www.freidenker.org\/?cat=913"},"img":{"alt_text":"","src":"https:\/\/i0.wp.com\/www.freidenker.org\/fw17\/wp-content\/uploads\/2021\/08\/hartmut_koenig_800x450.jpg?fit=800%2C450&ssl=1&resize=350%2C200","width":350,"height":200,"srcset":"https:\/\/i0.wp.com\/www.freidenker.org\/fw17\/wp-content\/uploads\/2021\/08\/hartmut_koenig_800x450.jpg?fit=800%2C450&ssl=1&resize=350%2C200 1x, https:\/\/i0.wp.com\/www.freidenker.org\/fw17\/wp-content\/uploads\/2021\/08\/hartmut_koenig_800x450.jpg?fit=800%2C450&ssl=1&resize=525%2C300 1.5x, https:\/\/i0.wp.com\/www.freidenker.org\/fw17\/wp-content\/uploads\/2021\/08\/hartmut_koenig_800x450.jpg?fit=800%2C450&ssl=1&resize=700%2C400 2x"},"classes":[]},{"id":8255,"url":"https:\/\/www.freidenker.org\/?p=8255","url_meta":{"origin":25063,"position":4},"title":"Bildungswochenende: Der Freiheitsbegriff von der Antike bis zum Sozialismus","author":"Webredaktion","date":"17. Juni 2020","format":false,"excerpt":"Offenes Bildungswochenende des Landesverbandes Sachsen-Anhalt im Deutschen Freidenker-Verband vom 21.-23. August 2020 Lesung, Diskussion, Stadtf\u00fchrung, Unterhaltung - Herausgeberlesung und Diskussion mit Heinz Hamm: Marxistische Hinsichten von Peter Hacks, Politische Schriften 1955 \u2013 2003 - Diskussion zum Thema \u2013 Der Freiheitsbegriff von der Antike bis zum Sozialismus \u2013 - Stadtf\u00fchrung: Freiheit\u2026","rel":"","context":"In &quot;Veranstaltungen in den DFV-Landesverb\u00e4nden&quot;","block_context":{"text":"Veranstaltungen in den DFV-Landesverb\u00e4nden","link":"https:\/\/www.freidenker.org\/?cat=19"},"img":{"alt_text":"","src":"https:\/\/i0.wp.com\/www.freidenker.org\/fw17\/wp-content\/uploads\/2020\/06\/Lesung_hacks_800x450.jpg?fit=799%2C450&ssl=1&resize=350%2C200","width":350,"height":200,"srcset":"https:\/\/i0.wp.com\/www.freidenker.org\/fw17\/wp-content\/uploads\/2020\/06\/Lesung_hacks_800x450.jpg?fit=799%2C450&ssl=1&resize=350%2C200 1x, https:\/\/i0.wp.com\/www.freidenker.org\/fw17\/wp-content\/uploads\/2020\/06\/Lesung_hacks_800x450.jpg?fit=799%2C450&ssl=1&resize=525%2C300 1.5x, https:\/\/i0.wp.com\/www.freidenker.org\/fw17\/wp-content\/uploads\/2020\/06\/Lesung_hacks_800x450.jpg?fit=799%2C450&ssl=1&resize=700%2C400 2x"},"classes":[]},{"id":4646,"url":"https:\/\/www.freidenker.org\/?p=4646","url_meta":{"origin":25063,"position":5},"title":"Offenes Freidenkertreffen vom 16. bis 18.03.2018 im Harz","author":"Webredaktion","date":"27. Februar 2018","format":false,"excerpt":"Die Landesverb\u00e4nde des DFV Niedersachsen und Sachsen-Anhalt laden vom 16. bis 18.03.2018 zu einer gemeinsamen Bildungsveranstaltung in den Harz nach Sankt Andreasberg ein. Diese Veranstaltung ist offen und dient nicht nur der politischen Bildung und dem Meinungsaustausch, sondern auch des gegenseitigen Kennenlernens. Dem Programm entsprechend spielt politische Bildung eine bedeutende\u2026","rel":"","context":"In &quot;Veranstaltungen in den DFV-Landesverb\u00e4nden&quot;","block_context":{"text":"Veranstaltungen in den DFV-Landesverb\u00e4nden","link":"https:\/\/www.freidenker.org\/?cat=19"},"img":{"alt_text":"Nerven, Quelle: https:\/\/pixabay.com\/de\/nerven-zellen-dendriten-sepia-3115722\/","src":"https:\/\/i0.wp.com\/www.freidenker.org\/fw17\/wp-content\/uploads\/2018\/02\/nerves-3115722_800x445_bearbeitet.jpg?fit=800%2C445&ssl=1&resize=350%2C200","width":350,"height":200,"srcset":"https:\/\/i0.wp.com\/www.freidenker.org\/fw17\/wp-content\/uploads\/2018\/02\/nerves-3115722_800x445_bearbeitet.jpg?fit=800%2C445&ssl=1&resize=350%2C200 1x, https:\/\/i0.wp.com\/www.freidenker.org\/fw17\/wp-content\/uploads\/2018\/02\/nerves-3115722_800x445_bearbeitet.jpg?fit=800%2C445&ssl=1&resize=525%2C300 1.5x, https:\/\/i0.wp.com\/www.freidenker.org\/fw17\/wp-content\/uploads\/2018\/02\/nerves-3115722_800x445_bearbeitet.jpg?fit=800%2C445&ssl=1&resize=700%2C400 2x"},"classes":[]}],"_links":{"self":[{"href":"https:\/\/www.freidenker.org\/index.php?rest_route=\/wp\/v2\/posts\/25063","targetHints":{"allow":["GET"]}}],"collection":[{"href":"https:\/\/www.freidenker.org\/index.php?rest_route=\/wp\/v2\/posts"}],"about":[{"href":"https:\/\/www.freidenker.org\/index.php?rest_route=\/wp\/v2\/types\/post"}],"author":[{"embeddable":true,"href":"https:\/\/www.freidenker.org\/index.php?rest_route=\/wp\/v2\/users\/3"}],"replies":[{"embeddable":true,"href":"https:\/\/www.freidenker.org\/index.php?rest_route=%2Fwp%2Fv2%2Fcomments&post=25063"}],"version-history":[{"count":1,"href":"https:\/\/www.freidenker.org\/index.php?rest_route=\/wp\/v2\/posts\/25063\/revisions"}],"predecessor-version":[{"id":25065,"href":"https:\/\/www.freidenker.org\/index.php?rest_route=\/wp\/v2\/posts\/25063\/revisions\/25065"}],"wp:featuredmedia":[{"embeddable":true,"href":"https:\/\/www.freidenker.org\/index.php?rest_route=\/wp\/v2\/media\/25064"}],"wp:attachment":[{"href":"https:\/\/www.freidenker.org\/index.php?rest_route=%2Fwp%2Fv2%2Fmedia&parent=25063"}],"wp:term":[{"taxonomy":"category","embeddable":true,"href":"https:\/\/www.freidenker.org\/index.php?rest_route=%2Fwp%2Fv2%2Fcategories&post=25063"},{"taxonomy":"post_tag","embeddable":true,"href":"https:\/\/www.freidenker.org\/index.php?rest_route=%2Fwp%2Fv2%2Ftags&post=25063"}],"curies":[{"name":"wp","href":"https:\/\/api.w.org\/{rel}","templated":true}]}}