{"id":25054,"date":"2026-04-28T23:38:37","date_gmt":"2026-04-28T21:38:37","guid":{"rendered":"https:\/\/www.freidenker.org\/?p=25054"},"modified":"2026-04-28T23:38:37","modified_gmt":"2026-04-28T21:38:37","slug":"ab-ins-greiswehrersatzamt","status":"publish","type":"post","link":"https:\/\/www.freidenker.org\/?p=25054","title":{"rendered":"Ab ins Greiswehrersatzamt!"},"content":{"rendered":"<p><em>von <strong>Roberto De Lapuente<\/strong><\/em><\/p>\n<p><span style=\"font-size: 10pt;\">Erstver\u00f6ffentlichung am 23. April 2026 auf <a href=\"https:\/\/overton-magazin.de\/kommentar\/gesellschaft-kommentar\/ab-ins-greiswehrersatzamt\/\" target=\"_blank\" rel=\"noopener\">overton-magazin.de<\/a><\/span><\/p>\n<p><strong>Alte wei\u00dfe M\u00e4nner: Offenbar geht es nicht ohne sie. Das wei\u00df auch der Reservistenverband. Deswegen will er M\u00e4nner bis zum 70. Lebensjahr erfassen und heranziehen. Eine Glosse?<\/strong><\/p>\n<p>Gestern noch vulnerable Gruppe \u2013 heute schon leistungsf\u00e4hig bis in den letzten Altersfleck hinein: Bastian Ernst, neuer Pr\u00e4sident des Reservistenverbandes, fordert eine Anhebung der Altersgrenze f\u00fcr Reservisten. Bis zum 70. Lebensjahr sollten demnach r\u00fcstige R\u00fcstungsrentner schon erfassten werden. Selbstverst\u00e4ndlich um die Verteidigungsf\u00e4higkeit Deutschlands zu heben. Schlie\u00dflich blieben die alten Leute viel l\u00e4nger fit als fr\u00fcher. Das ist eine wundersame \u2013 und auch wundervolle \u2013 Entwicklung. Es ist n\u00e4mlich noch nicht so lange her, da waren Menschen dieses Alters noch eine Risikogruppe \u2013 man fragte Kinder gezielt angstf\u00f6rdernd, ob sie denn wollten das Opa sterbe. Nun soll Opa f\u00fcr die Fremd- oder Heimatfront herangezogen werden k\u00f6nnen. Na, wollt ihr, dass Opa stirbt?<\/p>\n<p>Au\u00dferdem sollten Reservisten nicht mehr freiwillig an \u00dcbungen teilnehmen, sondern dazu verpflichtet werden. Der genannte Bastian Ernst ist selbst ein Jungspund, er ist erst 39 Jahre jung, wei\u00df aber offenbar, wie sich Herrschaften um die 70 f\u00fchlen. Er war bei <em>Rheinmetall<\/em> und <em>Dynamit Nobel Defence<\/em> t\u00e4tig \u2013 und ist Mitglied beim <em>F\u00f6rderkreis Deutsches Heer<\/em> und der <em>Deutschen Gesellschaft f\u00fcr Wehrtechnik<\/em>, zweier Lobbyorganisationen der R\u00fcstungsindustrie, die freilich nur die besten Absichten hegen.<\/p>\n<h5><strong>Zwischen H\u00fcft-OP und Umweltsauerei<\/strong><\/h5>\n<p>Mit den Alten kann man offenbar allerlei anstellen. \u00dcber Jahre forcierte man einen Generationenkonflikt, erkl\u00e4rte Rentner f\u00fcr l\u00e4stige Kostenfaktoren und wollte Rente nur als Basisabsicherung verstanden wissen. Friedrich Merz hat das <a href=\"https:\/\/www.welt.de\/politik\/deutschland\/article69e70b662b77976b1d64fda3\/friedrich-merz-sieht-gesetzliche-rente-kuenftig-nur-noch-als-basisabsicherung-erbitterter-widerstand-von-spd.html\" target=\"_blank\" rel=\"noopener\">neulich nochmal bekr\u00e4ftigt<\/a> \u2013 die Aufregung war kurzzeitig gro\u00df, man verga\u00df dar\u00fcber aber, dass viele Rentner im Lande l\u00e4ngst ein Altersgeld beziehen, das genau eine solche Absicherung auf Basisniveau ist. Die monatliche Durchschnittsrente f\u00fcr Langzeitversicherte \u2013 45 Jahre oder mehr \u2013 liegt bei um die 1.600 Euro netto. Das sind umgerechnet 680 Liter Diesel. Was ungef\u00e4hr die halbe Tankladung eines Leopard 2 ausmacht.<\/p>\n<p>Dann waren die Gro\u00dfeltern \u00bbUmwelts\u00e4ue\u00ab, verantwortlich daf\u00fcr, eine klimatisch besorgniserregende Welt hinterlassen zu haben \u2013 nicht nur das: politisch und kulturell haben sie auch versagt und den lieben Kleinen ein Erdenrund vererbt, auf dem es nur Dreck und Unrecht gibt und die Kinder leben m\u00fcssen wie im Morast. Das Haus, in dem die ihre juvenilen Erkenntnisse in die Welt hinausposten, haben die Alten \u00fcbrigens nach dem Krieg errichtet, oft nach Feierabend \u2013 aber das bedeutet rein gar nichts, denn die Senioren sind die eigentlichen Schweren\u00f6ter und deren \u00fcberkommene Welt muss abgeschafft und vergessen gemacht werden.<\/p>\n<p>Danach kam die Zeit, in der wir die Umweltschweine als vulnerable Gruppe entdeckt haben \u2013 man isolierte sie, entzog ihnen die N\u00e4he; wenn sie in einer Einrichtung wohnten, hie\u00df es Zimmerarrest. Gro\u00dfmutter sollte allein zum Weihnachtsfest kommen \u2013 oder Gro\u00dfvater. Aber keinesfalls beide zusammen, denn das w\u00e4re in der Endabrechnung ein t\u00f6dliches Unterfangen. Eine Gesellschaft muss sich daran messen lassen, wie sie mit ihren Senioren umgeht: Das ist eine alte Parole, die lange als spie\u00dfig galt \u2013 Senioren H\u00fcftgelenke einsetzen, posthume Frage: Muss das sein, Herr Mi\u00dffelder? \u2013, die man aber w\u00e4hrend jener Jahre, die <em>viral gingen<\/em>, wieder rehabilitierte. Die totale R\u00fccksichtnahme wurde eingefordert. Sollte uns dies alles Oma und Opa nicht wert sein? Bei einer Demo in Frankfurt stand eine dieser heiligen Familien am Stra\u00dfenrand, Mutti, Vati und die lieben Kleinen trugen FFP2, die Bekenntnismaske, und hielten ein Schild hoch, darauf gepinselter Spruch sinngem\u00e4\u00df: <em>Ihr setzt das Leben unserer Omi aufs Spiel!<\/em><\/p>\n<h5><strong>Toxischer Mann, vergib uns unsere Schuld!<\/strong><\/h5>\n<p>Nun aber Fortschritt, wir lernen immer dazu. Und Omi hat endlich auch \u00fcberlebt \u2013 sie darf daher die ihr zugedachte traditionelle Rolle deutscher Frauen einnehmen: Sie leckt die Wunden der Krieger an der Heimatfront, ist dem K\u00e4mpfer eine treue Gef\u00e4hrtin, was in der Praxis hei\u00dft: Sie schmiert dem 70-j\u00e4hrigen Reservisten die Stullen und holt den Franzbranntwein heraus, wenn er aus dem Man\u00f6ver zur\u00fcckkommt und der Ischias zwickt \u2013 wenn sie technisches Knowhow hat, darf sie auch den Rollator \u00f6len und die Schrauben des Kampfrollstuhles nachziehen.<\/p>\n<p>Zur Renaissance der Alten, deren Ressourcen \u2013 deren Lebens- und Berufserfahrung, wie Reservistenoberindianer Bastian Ernst erkl\u00e4rte \u2013 man jetzt nicht mehr runterspielt oder gleich in einer Verwahranstalt mit Pflegeanschluss verfrachtet, gesellt sich noch ein Wiederaufleben: Der Mann als starkes Geschlecht ist zur\u00fcck! Dessen toxische Gewaltbereitschaft, sein quasikriminelles Gem\u00fct, von dem nun \u00fcber Jahre gek\u00fcndet wurde, ist im Ernstfall \u2013 nein, der hei\u00dft nicht nach dem Pr\u00e4sidenten des Reservistenverbandes so \u2013 dann doch ganz n\u00fctzlich. Oder \u2013 um mit jenem Herrn Ernst zu sprechen \u2013 sein inneres Tier ist eine Ressource, die man nicht verschwenden darf. Daher trifft es lediglich Menschen mit Penis, wenn es um die Wehrpflicht und das Reservistenwesen geht \u2013 es gibt ihn halt dann doch, den kleinen Unterschied. Und am Ende sind Mann und Frau letztlich verschieden und alle anderen Geschlechter spielen vor dem Feind keine nennenswerte Rolle mehr.<\/p>\n<p>Die M\u00e4nner sollten ja ihr Rollenbild \u00fcberdenken, erkl\u00e4rte man ihnen seit vielen Jahren \u2013 die Selbstkasteiung des starken Geschlechts konnte man an der Flanke des Fernandes-Komplexes beobachten. Bereit dazu Gewalt anzuwenden, Menschen zu schaden, ihnen W\u00fcrde und Leben zu nehmen: Das muss der Mann im Falle eines Falles \u2013 um dieses Gemeinwesen zu verteidigen, um Frauen und Kinder zu sch\u00fctzen. Da ist die Bestie gerade gut genug \u2013 <em>lieber alter wei\u00dfer Mann, so hilf uns doch, sch\u00fctze unser Haus und vergib uns unsere Schuld.<\/em> <em>Du bist ja doch ganz okay.<\/em><\/p>\n<h5><strong>Da schlie\u00dft sich der Greis<\/strong><\/h5>\n<p>63 Prozent der Menschen in Deutschland zwischen dem 65. und dem 74. Lebensjahr haben mit zwei oder mehr chronischen Erkrankungen zu k\u00e4mpfen, <a href=\"https:\/\/www.rki.de\/DE\/Themen\/Nichtuebertragbare-Krankheiten\/Studien-und-Surveillance\/Studien\/Gesundheit65plus\/abschlussbroschuere.pdf?__blob=publicationFile&amp;v=1\" target=\"_blank\" rel=\"noopener\">wissen Robert Kochs Enkelkinder zu berichten<\/a>. 53 Prozent haben Bluthochdruck, 52 Prozent nehmen t\u00e4glich vier oder mehr Medikamente. Es mag schon zutreffen, dass 70 das neue 55 ist \u2013 dergleichen Spr\u00fcche vernimmt man ja h\u00e4ufig. Dennoch hat Alter auch heute seinen Preis. Relevant ist ohnehin, welcher T\u00e4tigkeit der Senior in seinem Berufsleben nachgegangen ist. Und auch: Ist er verm\u00f6gend oder trat er mit seinem Lohn auf der Stelle? Relative Gesundheit im Alter ist ein Ph\u00e4nomen der oberen Gesellschaftssegmente \u2013 <a href=\"https:\/\/www.diw.de\/de\/diw_01.c.905139.de\/publikationen\/wochenberichte\/2024_25_1\/hoeheres_haushaltseinkommen_geht_bei_frauen_und_maennern_mit_hoeherer_lebenserwartung_einher.html\" target=\"_blank\" rel=\"noopener\">besonders bei M\u00e4nnern geht das Lohnniveau mit der Lebenserwartung einher<\/a>. Wer darbte, lebt k\u00fcrzer und ist vor seinem Ableben auch deutlich l\u00e4nger kr\u00e4nker.<\/p>\n<p>Kompressionsstr\u00fcmpfe im Tarnfleck w\u00e4ren l\u00e4ngst geboten. Es muss nicht immer leberwurstfarben sein. Auch im Alter kann man Buntes tragen \u2013 braun-gr\u00fcn-schwarz komponiert. Jede Gruppe muss jetzt etwas f\u00fcr die Verteidigungsf\u00e4higkeit tun \u2013 Kinder, Teenager, junge Erwachsene, \u00e4ltere Erwachsene und Senioren: Wir kennen keine Generationen mehr, wir kennen nur noch Deutsche \u2013 Humanressourcen, die den Laden im Ernstfall bis aufs Blut verteidigen sollen. Von der Wiege bis zur Bahre \u2013 Menschenware, Menschenware!<\/p>\n<p>Es zeigt sich an der ganzen Angelegenheit ein ziemlich deutsches Talent: Menschen erst jahrzehntelang als Kostenstelle behandeln, sie dann als Last beklagen, sie zum Grund\u00fcbel der Misere degradieren \u2013 und sie schlie\u00dflich in der Not zur nationalen Ressource erkl\u00e4ren. Erst zu alt f\u00fcr den Arbeitsmarkt, dann zu teuer f\u00fcr die Pflege, nun pl\u00f6tzlich jung genug f\u00fcrs Man\u00f6ver. So schlie\u00dft sich der Greis. In diesem Land wird letztlich niemand zur\u00fcckgelassen, solange man ihn irgendwo noch einsetzen kann.<\/p>\n<p style=\"text-align: right;\"><em>Roberto J. De Lapuente wohnt in Frankfurt am Main, ist Buchautor, Blogger und Redakteur beim \u00bbOverton Magazin\u00ab<\/em><\/p>\n<hr \/>\n<p><span style=\"font-size: 10pt;\">Bild oben: Dieses Bild wurde mittels ChatGPT entwickelt<\/span><br \/>\n<span style=\"font-size: 10pt;\">\u00dcbernommen von <a href=\"https:\/\/overton-magazin.de\/kommentar\/gesellschaft-kommentar\/ab-ins-greiswehrersatzamt\/\" target=\"_blank\" rel=\"noopener\">overtone-magazin.de<\/a><\/span><\/p>\n","protected":false},"excerpt":{"rendered":"<p><b>Beitrag von Roberto De Lapuente<\/b><br \/>\nGestern noch vulnerable Gruppe \u2013 heute schon leistungsf\u00e4hig bis in den letzten Altersfleck hinein: Bastian Ernst, neuer Pr\u00e4sident des Reservistenverbandes, fordert eine Anhebung der Altersgrenze f\u00fcr Reservisten. Bis zum 70. Lebensjahr sollten demnach r\u00fcstige R\u00fcstungsrentner schon erfassten werden. Selbstverst\u00e4ndlich um die Verteidigungsf\u00e4higkeit Deutschlands zu heben. Schlie\u00dflich blieben die alten Leute viel l\u00e4nger fit als fr\u00fcher. Das ist eine wundersame \u2013 und auch wundervolle \u2013 Entwicklung. Es ist n\u00e4mlich noch nicht so lange her, da waren Menschen dieses Alters noch eine Risikogruppe \u2013 man fragte Kinder gezielt angstf\u00f6rdernd, ob sie denn wollten das Opa sterbe. Nun soll Opa f\u00fcr die Fremd- oder Heimatfront herangezogen werden k\u00f6nnen. Na, wollt ihr, dass Opa stirbt?<\/p>\n","protected":false},"author":3,"featured_media":25056,"comment_status":"closed","ping_status":"closed","sticky":false,"template":"","format":"standard","meta":{"colormag_page_container_layout":"default_layout","colormag_page_sidebar_layout":"default_layout","advanced_seo_description":"","jetpack_seo_html_title":"","jetpack_seo_noindex":false,"jetpack_post_was_ever_published":false,"footnotes":""},"categories":[574,11],"tags":[1418,3194,107,2739,3190,3191,2419,3193,3192,1653,2793],"class_list":["post-25054","post","type-post","status-publish","format-standard","has-post-thumbnail","hentry","category-aktuelles","category-arbeit-soziales","tag-alte-menschen","tag-generationenkonflikt","tag-gesundheit","tag-lebenserwartung","tag-musterung","tag-reservisten","tag-rheinmetall","tag-rollenbild","tag-senioren","tag-umwelt","tag-verteidigung"],"jetpack_featured_media_url":"https:\/\/i0.wp.com\/www.freidenker.org\/fw17\/wp-content\/uploads\/2026\/04\/Greiswehrersatzamt_800x450.jpg?fit=800%2C450&ssl=1","jetpack_shortlink":"https:\/\/wp.me\/p9stpK-6w6","jetpack-related-posts":[{"id":8236,"url":"https:\/\/www.freidenker.org\/?p=8236","url_meta":{"origin":25054,"position":0},"title":"\u00dcberzeugen, ohne einzusch\u00fcchtern","author":"Webredaktion","date":"16. Juni 2020","format":false,"excerpt":"Stellungnahme der Bundestagsabgeordneten Kerstin Kassner, \u017baklin Nasti\u0107, Diether Dehm und Andrej Hunko So wie Kriege bekanntlich mit mindestens einer L\u00fcge beginnen, wirbeln Krisen Pogromstimmungen hoch. Das kollektive Unterbewusstsein \u2013 und noch mehr das individuelle \u2013 ist oft zu feige, um \u00c4ngste gegen \u00fcberstarke M\u00e4chte zu wenden. Leichter entl\u00e4dt sich Zorn\u2026","rel":"","context":"In &quot;Arbeit &amp; Soziales&quot;","block_context":{"text":"Arbeit &amp; Soziales","link":"https:\/\/www.freidenker.org\/?cat=11"},"img":{"alt_text":"","src":"https:\/\/i0.wp.com\/www.freidenker.org\/fw17\/wp-content\/uploads\/2020\/06\/corona-5018333_800x450.jpg?fit=800%2C450&ssl=1&resize=350%2C200","width":350,"height":200,"srcset":"https:\/\/i0.wp.com\/www.freidenker.org\/fw17\/wp-content\/uploads\/2020\/06\/corona-5018333_800x450.jpg?fit=800%2C450&ssl=1&resize=350%2C200 1x, https:\/\/i0.wp.com\/www.freidenker.org\/fw17\/wp-content\/uploads\/2020\/06\/corona-5018333_800x450.jpg?fit=800%2C450&ssl=1&resize=525%2C300 1.5x, https:\/\/i0.wp.com\/www.freidenker.org\/fw17\/wp-content\/uploads\/2020\/06\/corona-5018333_800x450.jpg?fit=800%2C450&ssl=1&resize=700%2C400 2x"},"classes":[]},{"id":11144,"url":"https:\/\/www.freidenker.org\/?p=11144","url_meta":{"origin":25054,"position":1},"title":"Andersdenkende: S\u00e4ue oder Nazis?","author":"Webredaktion","date":"28. August 2021","format":false,"excerpt":"Lyrik von Lucie Sponheimer ARD und ZDF hei\u00dft Rundfunkfreiheit, ja die Freiheit, Rundfunkfreiheit. Ihre Freiheit, das ist leider nicht die uns\u2019re, sie verh\u00f6hnt uns und verarscht uns, wo sie kann. \/ Zamperoni und den Kleber kennt ein jeder, eine jede, wirklich jeder, festgezurrt steh\u2018n sie auf der Atlantikbr\u00fccke, biegen uns\u2026","rel":"","context":"In &quot;Kultur &amp; Kunst&quot;","block_context":{"text":"Kultur &amp; Kunst","link":"https:\/\/www.freidenker.org\/?cat=913"},"img":{"alt_text":"","src":"https:\/\/i0.wp.com\/www.freidenker.org\/fw17\/wp-content\/uploads\/2021\/08\/oma_fence_800x450.jpg?fit=800%2C450&ssl=1&resize=350%2C200","width":350,"height":200,"srcset":"https:\/\/i0.wp.com\/www.freidenker.org\/fw17\/wp-content\/uploads\/2021\/08\/oma_fence_800x450.jpg?fit=800%2C450&ssl=1&resize=350%2C200 1x, https:\/\/i0.wp.com\/www.freidenker.org\/fw17\/wp-content\/uploads\/2021\/08\/oma_fence_800x450.jpg?fit=800%2C450&ssl=1&resize=525%2C300 1.5x, https:\/\/i0.wp.com\/www.freidenker.org\/fw17\/wp-content\/uploads\/2021\/08\/oma_fence_800x450.jpg?fit=800%2C450&ssl=1&resize=700%2C400 2x"},"classes":[]},{"id":5265,"url":"https:\/\/www.freidenker.org\/?p=5265","url_meta":{"origin":25054,"position":2},"title":"Global-Strategie der EU gegen Russland?","author":"Webredaktion","date":"3. Juli 2018","format":false,"excerpt":"Interview von Sputniknews Deutschland mit Ullrich Mies vom 25.06.2018 Die EU will nach Medienberichten die gemeinsamen R\u00fcstungsentwicklungen ihrer Mitgliedsstaaten mit einem milliarden-schweren Fonds f\u00f6rdern. Im vergangenen Jahr habe die EU-Kommission dazu einen gemeinsamen Verteidigungsfonds aufgelegt. Ab 2021 sollen j\u00e4hrlich 5,5 Milliarden Euro in den gemeinsamen Topf flie\u00dfen. Darunter fallen auch\u2026","rel":"","context":"In &quot;Frieden - Antifaschismus - Solidarit\u00e4t&quot;","block_context":{"text":"Frieden - Antifaschismus - Solidarit\u00e4t","link":"https:\/\/www.freidenker.org\/?cat=13"},"img":{"alt_text":"","src":"https:\/\/i0.wp.com\/www.freidenker.org\/fw17\/wp-content\/uploads\/2018\/07\/320994778_800x445.jpg?fit=800%2C445&ssl=1&resize=350%2C200","width":350,"height":200,"srcset":"https:\/\/i0.wp.com\/www.freidenker.org\/fw17\/wp-content\/uploads\/2018\/07\/320994778_800x445.jpg?fit=800%2C445&ssl=1&resize=350%2C200 1x, https:\/\/i0.wp.com\/www.freidenker.org\/fw17\/wp-content\/uploads\/2018\/07\/320994778_800x445.jpg?fit=800%2C445&ssl=1&resize=525%2C300 1.5x, https:\/\/i0.wp.com\/www.freidenker.org\/fw17\/wp-content\/uploads\/2018\/07\/320994778_800x445.jpg?fit=800%2C445&ssl=1&resize=700%2C400 2x"},"classes":[]},{"id":13874,"url":"https:\/\/www.freidenker.org\/?p=13874","url_meta":{"origin":25054,"position":3},"title":"Vom Volksfestschlager zum Protestsong \u2013 Wird Deutschland im Herbst &#8222;Layla&#8220; singen?","author":"Webredaktion","date":"30. Juli 2022","format":false,"excerpt":"Beitrag von Dagmar Henn Es ist ausgesprochen albern, Zeit mit einer Debatte \u00fcber den Sexismus eines Lieds zu verbringen, wenn die Layla des zugeh\u00f6rigen Videos ein Transvestit ist. Schlie\u00dflich sind die Videos schon seit den 80ern das Medium, das gewisserma\u00dfen die offizielle Interpretation des St\u00fccks liefert. Das Gesamtpaket aus Lied\u2026","rel":"","context":"In &quot;Kultur &amp; Kunst&quot;","block_context":{"text":"Kultur &amp; Kunst","link":"https:\/\/www.freidenker.org\/?cat=913"},"img":{"alt_text":"","src":"https:\/\/i0.wp.com\/www.freidenker.org\/fw17\/wp-content\/uploads\/2022\/07\/Oktoberfest_Munich_-_panoramio_800x450.jpg?fit=800%2C450&ssl=1&resize=350%2C200","width":350,"height":200,"srcset":"https:\/\/i0.wp.com\/www.freidenker.org\/fw17\/wp-content\/uploads\/2022\/07\/Oktoberfest_Munich_-_panoramio_800x450.jpg?fit=800%2C450&ssl=1&resize=350%2C200 1x, https:\/\/i0.wp.com\/www.freidenker.org\/fw17\/wp-content\/uploads\/2022\/07\/Oktoberfest_Munich_-_panoramio_800x450.jpg?fit=800%2C450&ssl=1&resize=525%2C300 1.5x, https:\/\/i0.wp.com\/www.freidenker.org\/fw17\/wp-content\/uploads\/2022\/07\/Oktoberfest_Munich_-_panoramio_800x450.jpg?fit=800%2C450&ssl=1&resize=700%2C400 2x"},"classes":[]},{"id":24303,"url":"https:\/\/www.freidenker.org\/?p=24303","url_meta":{"origin":25054,"position":4},"title":"Deutschland: Isolationshaft f\u00fcr Babynahrung?","author":"Webredaktion","date":"26. Januar 2026","format":false,"excerpt":"Beitrag von Dagmar Henn Am 21. Januar wurden in Deutschland zwei M\u00e4nner verhaftet; einer davon russischer Staatsb\u00fcrger. Der Vorwurf? \"Unterst\u00fctzung einer terroristischen Vereinigung\". Das ist der bisherige H\u00f6hepunkt einer Auseinandersetzung, die immer befremdlichere Z\u00fcge annimmt. Es geht um einen Verein, der seit 2015 humanit\u00e4re Hilfe in den Donbass geliefert hat:\u2026","rel":"","context":"In &quot;Frieden - Antifaschismus - Solidarit\u00e4t&quot;","block_context":{"text":"Frieden - Antifaschismus - Solidarit\u00e4t","link":"https:\/\/www.freidenker.org\/?cat=13"},"img":{"alt_text":"","src":"https:\/\/i0.wp.com\/www.freidenker.org\/fw17\/wp-content\/uploads\/2026\/01\/kinder_jelenovka_800x450.jpg?fit=800%2C450&ssl=1&resize=350%2C200","width":350,"height":200,"srcset":"https:\/\/i0.wp.com\/www.freidenker.org\/fw17\/wp-content\/uploads\/2026\/01\/kinder_jelenovka_800x450.jpg?fit=800%2C450&ssl=1&resize=350%2C200 1x, https:\/\/i0.wp.com\/www.freidenker.org\/fw17\/wp-content\/uploads\/2026\/01\/kinder_jelenovka_800x450.jpg?fit=800%2C450&ssl=1&resize=525%2C300 1.5x, https:\/\/i0.wp.com\/www.freidenker.org\/fw17\/wp-content\/uploads\/2026\/01\/kinder_jelenovka_800x450.jpg?fit=800%2C450&ssl=1&resize=700%2C400 2x"},"classes":[]},{"id":309,"url":"https:\/\/www.freidenker.org\/?p=309","url_meta":{"origin":25054,"position":5},"title":"Das Scheitern von Kopenhagen: Die Welt in der Wachstumsfalle","author":"Webmaster","date":"17. M\u00e4rz 2010","format":false,"excerpt":"Beitrag von Michael M\u00fcller aus FREIDENKER 1-10 Von Kyoto nach Kopenhagen \u2013 In der d\u00e4nischen Hauptstadt konnte niemand mehr sagen, er wisse nicht, worum es auf der 15. Klimakonferenz der Vereinten Nationen ging, die im Dezember 2009 stattfand. Sp\u00e4testens seit der Ver\u00f6ffentlichung des 4. Sachstandsberichts des Weltklimarates (IPCC) im Jahr\u2026","rel":"","context":"In &quot;Arbeit &amp; Soziales&quot;","block_context":{"text":"Arbeit &amp; Soziales","link":"https:\/\/www.freidenker.org\/?cat=11"},"img":{"alt_text":"","src":"https:\/\/i0.wp.com\/www.freidenker.org\/fw17\/wp-content\/uploads\/2016\/07\/erde.jpg?fit=800%2C445&ssl=1&resize=350%2C200","width":350,"height":200,"srcset":"https:\/\/i0.wp.com\/www.freidenker.org\/fw17\/wp-content\/uploads\/2016\/07\/erde.jpg?fit=800%2C445&ssl=1&resize=350%2C200 1x, https:\/\/i0.wp.com\/www.freidenker.org\/fw17\/wp-content\/uploads\/2016\/07\/erde.jpg?fit=800%2C445&ssl=1&resize=525%2C300 1.5x, https:\/\/i0.wp.com\/www.freidenker.org\/fw17\/wp-content\/uploads\/2016\/07\/erde.jpg?fit=800%2C445&ssl=1&resize=700%2C400 2x"},"classes":[]}],"_links":{"self":[{"href":"https:\/\/www.freidenker.org\/index.php?rest_route=\/wp\/v2\/posts\/25054","targetHints":{"allow":["GET"]}}],"collection":[{"href":"https:\/\/www.freidenker.org\/index.php?rest_route=\/wp\/v2\/posts"}],"about":[{"href":"https:\/\/www.freidenker.org\/index.php?rest_route=\/wp\/v2\/types\/post"}],"author":[{"embeddable":true,"href":"https:\/\/www.freidenker.org\/index.php?rest_route=\/wp\/v2\/users\/3"}],"replies":[{"embeddable":true,"href":"https:\/\/www.freidenker.org\/index.php?rest_route=%2Fwp%2Fv2%2Fcomments&post=25054"}],"version-history":[{"count":2,"href":"https:\/\/www.freidenker.org\/index.php?rest_route=\/wp\/v2\/posts\/25054\/revisions"}],"predecessor-version":[{"id":25058,"href":"https:\/\/www.freidenker.org\/index.php?rest_route=\/wp\/v2\/posts\/25054\/revisions\/25058"}],"wp:featuredmedia":[{"embeddable":true,"href":"https:\/\/www.freidenker.org\/index.php?rest_route=\/wp\/v2\/media\/25056"}],"wp:attachment":[{"href":"https:\/\/www.freidenker.org\/index.php?rest_route=%2Fwp%2Fv2%2Fmedia&parent=25054"}],"wp:term":[{"taxonomy":"category","embeddable":true,"href":"https:\/\/www.freidenker.org\/index.php?rest_route=%2Fwp%2Fv2%2Fcategories&post=25054"},{"taxonomy":"post_tag","embeddable":true,"href":"https:\/\/www.freidenker.org\/index.php?rest_route=%2Fwp%2Fv2%2Ftags&post=25054"}],"curies":[{"name":"wp","href":"https:\/\/api.w.org\/{rel}","templated":true}]}}