{"id":25052,"date":"2026-04-28T23:38:29","date_gmt":"2026-04-28T21:38:29","guid":{"rendered":"https:\/\/www.freidenker.org\/?p=25052"},"modified":"2026-04-28T23:38:29","modified_gmt":"2026-04-28T21:38:29","slug":"ukrainische-fluechtlinge-vom-asyl-zur-armee","status":"publish","type":"post","link":"https:\/\/www.freidenker.org\/?p=25052","title":{"rendered":"Ukrainische Fl\u00fcchtlinge: Vom Asyl zur Armee?"},"content":{"rendered":"<p><strong>Selenskij will mehr Ukrainer als Kanonenfutter &#8211; Merz will liefern<\/strong><\/p>\n<p><em>Ein Kommentar von\u00a0<strong>Rainer Rupp.<\/strong><\/em><\/p>\n<p><span style=\"font-size: 10pt;\">Erstver\u00f6ffentlichung als Tagesdosis vom 24.04.2026 auf <a href=\"https:\/\/apolut.net\/ukrainische-fluchtlinge-vom-asyl-zur-armee-von-rainer-rupp\/\" target=\"_blank\" rel=\"noopener\">apolut.net<\/a><\/span><\/p>\n<p>Dieser Beitrag ist auch als Audio-Podcast verf\u00fcgbar:<\/p>\n<audio class=\"wp-audio-shortcode\" id=\"audio-25052-1\" preload=\"none\" style=\"width: 100%;\" controls=\"controls\"><source type=\"audio\/mpeg\" src=\"https:\/\/apolut.net\/content\/media\/2026\/04\/tagesdosis-20260424-apolut.mp3?_=1\" \/><a href=\"https:\/\/apolut.net\/content\/media\/2026\/04\/tagesdosis-20260424-apolut.mp3\">https:\/\/apolut.net\/content\/media\/2026\/04\/tagesdosis-20260424-apolut.mp3<\/a><\/audio>\n<p><span style=\"font-size: 10pt;\">Bereitgestellt von <a href=\"https:\/\/apolut.net\/ukrainische-fluchtlinge-vom-asyl-zur-armee-von-rainer-rupp\/\">apolut.net<\/a><\/span><br \/>\n<span style=\"font-size: 10pt;\"><a href=\"https:\/\/apolut.net\/content\/media\/2026\/04\/tagesdosis-20260424-apolut.mp3\" target=\"_blank\" rel=\"noopener\">Download<\/a><\/span><\/p>\n<p><em>\u201eTo bleed the Russians\u201c<\/em> war das \u00f6ffentlich erkl\u00e4rte Ziel der US-Kriegstreiber und ihrer diensteifrigen westlichen EU\/NATO Vasallen, n\u00e4mlich \u201e<em>die Russen auszubluten\u201c<\/em>. Der einflussreiche US-Oberkriegstreiber und Trump-Freund, der republikanische Senator Lindsey Graham, hat den Krieg in der Ukraine immer wieder in \u00f6ffentlichen Stellungsnahmen mit dem Argument verteidigt, dass er eine ausgezeichnete strategische Investition f\u00fcr die Vereinigten Staaten darstellt: Amerika liefert die Waffen und das Geld, die Ukraine liefert die Soldaten und f\u00fchrt die K\u00e4mpfe, Russland wird geschw\u00e4cht, und <em>\u201ekein einziger amerikanischer Soldat stirbt\u201c<\/em> dabei. Er hat diese Sichtweise nie verborgen und in mehrfachen Variationen davon wiederholt. Hier noch einige Beispiele:<\/p>\n<p style=\"padding-left: 40px;\">&#8222;Mir gef\u00e4llt der strukturelle Weg, auf dem wir uns hier befinden. Solange wir der Ukraine mit den ben\u00f6tigten Waffen und der wirtschaftlichen Unterst\u00fctzung helfen, werden sie bis zum letzten Mann k\u00e4mpfen.&#8220;<\/p>\n<p>W\u00e4hrend eines Treffens mit Pr\u00e4sident Selenskyj im Mai 2023 in Kiew sagte Graham nachdem Selenskyj den USA f\u00fcr ihre Hilfe gedankt hatte:<\/p>\n<p style=\"padding-left: 40px;\">\u201eDas ist das beste Geld, das wir je ausgegeben haben. Die Russen sterben. \u2026 &#8211; Mit der Ukraine haben wir eine einzigartige Ressource\u2026 Dieses Land ist bereit, bis zum letzten Ukrainer zu k\u00e4mpfen, und in der Zwischenzeit haben wir keinen einzigen amerikanischen Soldaten verloren, w\u00e4hrend viele Russen sterben.&#8220;<\/p>\n<p>Inzwischen, nach etwas mehr als 4 Jahren nach Beginn der russischen Spezialoperation in der Ukraine am 24. Februar 2022, gehen den Kriegsherren in Kiew nicht nur die Waffen aus, sondern auch das menschliche Kanonenfutter. Auch der Geldfluss aus dem Westen, der im Laufe der Jahre auf Hunderte von Milliarden Dollar und Euro angewachsen ist, ist seitdem sich Washington unter Trump zunehmend aus dem Ukraine Abenteuer verabschiedet hat, sp\u00e4rlicher geworden. Das braucht die Kriegsherren in Kiew jedoch nicht zu sorgen, denn bei den 90 Milliarden Euro, die Frau von der Leyen der Ukraine f\u00fcrs laufende Jahr ohne detaillierten Verwendungsnachweis versprochen hat, besteht gen\u00fcgend Spielraum, um ein paar Prozent in die Privatschatullen der ukrainischen politischen und milit\u00e4rischen Kriegsgewinnler umzuleiten, die sich dann beim Kauf von privaten Villen in Italien oder Miami wieder materialisieren.<\/p>\n<p>Nun aber scheint der Zeitpunkt n\u00e4her zu kommen, an dem der <em>\u201eletzte Ukrainer\u201c<\/em> f\u00fcr das gro\u00dfe Ziel des Westens, n\u00e4mlich Russland auszubluten, k\u00e4mpfen und sterben wird. Denn US\/EU\/NATO haben mit ihrem Stellvertreter-Krieg nicht Russland ausgeblutet, sondern die Ukraine. Zwar ist die EU weiter bereit, Geld f\u00fcr Kiew zusammenzukratzen, aber f\u00fcr das Geld kann sie von den Amerikanern keine Waffen mehr kaufen, zumindest nicht die, welche die Ukraine am dringlichsten braucht, n\u00e4mlich alle Formen von Flugabwehrwaffen. Ausgerechnet von diesen Waffen haben die USA infolge ihres j\u00fcngsten, unprovozierten, v\u00f6lkerrechtswidrigen Angriffskriegs gegen Iran die H\u00e4lfte ihrer Reserven verballert, um \u2013 meist vergeblich \u2013 iranische Vergeltungsraketen abzuwehren.<\/p>\n<p>Nat\u00fcrlich kann die Ukraine von den 90 Milliarden Euro sich noch andere Waffen oder entsprechende Bauteile daf\u00fcr beschaffen, aber jetzt kommt das Problem mit dem sprichw\u00f6rtlich <em>\u201eletzten Ukrainer\u201c<\/em>. Denn ohne eine ausreichende Zahl technisch versierter Soldaten, k\u00f6nnen auch diese neuen Waffen nur begrenzt eingesetzt werden. Das w\u00fcrde den Sieg Russlands n\u00e4herbringen und w\u00fcrde auch \u2013 Oh Schreck, Oh Schreck &#8211; die bisher reichlich sprudelnden Geldh\u00e4hne aus der EU und zus\u00e4tzlich aus Deutschland abdrehen. Das w\u00fcrde das Ende des bis in die Puppen korrupten Regimes in Kiew bedeuten, und sowie die endg\u00fcltige strategische Niederlage der EU und Rest-NATO.<\/p>\n<p>Oberkriegsherr Selenskij und sein gro\u00dfer deutscher M\u00e4zen, Kanzler Merz haben jedoch eine elegante L\u00f6sung gefunden, um diese verheerenden Aussichten eines russischen Sieges zu verhindern. Denn Sie haben einen gigantischen Pool von Hundert Tausenden jungen M\u00e4nnern im wehrf\u00e4higen Alter entdeckt, die z.B. in Deutschland mit gro\u00dfz\u00fcgig bemessener Unterst\u00fctzung auf Kosten der hiesigen Steuerzahler sich vor der heiligen Aufgabe dr\u00fccken, unter Einsatz ihres erb\u00e4rmlichen Lebens die europ\u00e4ischen Werte an der ukrainischen Front gegen die barbarischen Russen zu verteidigen.<\/p>\n<p>Am Dienstag, den 14. April, zum Abschluss des Staatsbesuchs in Berlin von Wolodymyr Selenskij, hielt Kanzler Friedrich Merz mit dem Usurpator der ukrainischen Pr\u00e4sidentschaft eine gemeinsame Pressekonferenz ab. Der ehemalige Berufsschauspieler und Unterhaltungsk\u00fcnstler Selenskij, der sich nur noch illegal in Kiew an der Macht h\u00e4lt, hat dabei ein Thema angesprochen, das ihm ganz besonders am Herzen liegt. Er braucht n\u00e4mlich \u2013 wie schon oben dargelegt &#8211; dringend mehr Kanonenfutter f\u00fcr die Front gegen Russland. Merz zeigte sich von diesem Ansinnen \u00e4u\u00dferst angetan, denn wenn Selenskij mit seinen Vorstellungen Erfolg h\u00e4tte, dann w\u00fcrden demn\u00e4chst bereits Zig-Tausende junger ukrainischer M\u00e4nner aus Deutschland und anderen EU-L\u00e4ndern zur\u00fcck in die Ukraine und direkt an die Front in den fast sicheren Tod geschickt.<\/p>\n<p>Ein solcher Schritt w\u00fcrde zwar den unabwendbaren Sieg Russlands nicht verhindern, aber alle, &#8211; egal ob in der Ukraine oder hierzulande \u2013 die an diesem Krieg bereits wirtschaftlich oder politisch verdient haben, w\u00fcrden einige Zeit l\u00e4nger davon profitieren. Demagogisch geschickt pr\u00e4sentierte Selenskij die geplante Erzwingung der R\u00fcckkehr der in Deutschland lebenden, wehrf\u00e4higen Ukrainer als eine <em>\u201eFrage der Fairness\u201c.<\/em><\/p>\n<p>W\u00f6rtlich sagte Selenskj sich an Friedrich Merz wendend:<\/p>\n<p style=\"padding-left: 40px;\">\u201eWas die jungen Menschen betrifft, die sich derzeit nicht in der Ukraine, sondern im Ausland befinden. Erstens gibt es verschiedene Gruppen junger Menschen. Ich stimme Ihnen zu, was diejenigen im wehrpflichtigen Alter betrifft, die die Ukraine verlassen haben. Sie sind vor\u00fcbergehend gegangen, sind aber jahrelang geblieben. Viele von ihnen haben die Ukraine unter Versto\u00df gegen ukrainisches Recht verlassen. Die zust\u00e4ndigen Beh\u00f6rden beider L\u00e4nder sollten dieses Problem angehen.\u201c<\/p>\n<p>Selenskyj betonte anschlie\u00dfend erneut, dass die R\u00fcckkehr von M\u00e4nnern im mobilisierbaren Alter in die Ukraine eine Frage der \u201eFairness\u201c und des \u201eRechts\u201c sei. Worauf Selenkij anspielte, ist f\u00fcr die \u00d6ffentlichkeit zu brutal schmerzlich, um Klartext zu sprechen, weshalb er den Kern seiner Aussage in wohlwollende Begriffe wie \u201eFairness\u201c und \u201eRecht\u201c gekleidet hat.<\/p>\n<p>Wovon er jedoch tats\u00e4chlich gesprochen hat, ist keine Frage von \u201eFairness\u201c, sondern eine Frage des V\u00f6lkerrechts, der Menschenrechte und einer ganzen Reihe von internationalen europ\u00e4ischen und deutschen Gesetzen. Das alles soll zur\u00fcckstehen hinter dem von Selenskij demagogisch ins Spiel gebrachten Begriffs der \u201eFairness\u201c. Aber anscheinend hat der fake ukrainische Pr\u00e4sident zumindest in Deutschland damit Erfolg gehabt. Denn statt eines Aufschreis der Entr\u00fcstung haben die selbsternannten deutschen \u201eQualit\u00e4tsmedien\u201c zu den rechtlichen Konsequenzen von Selenskijs Forderungen geschwiegen.<\/p>\n<p>Friedrich Merz, den b\u00f6se Zungen bereits <em>\u201eBundeskanzler der Ukraine\u201c <\/em>nennen, weil er f\u00fcr dieses korrupte Land mehr Zeit und Geld hat als f\u00fcr die dringenden Probleme zu Hause, hat Selenskijs Vorhaben vollumf\u00e4nglich unterst\u00fctzt. Er hat n\u00e4mlich in derselben Pressekonferenz bekundet, die jungen Ukrainer, die in Deutschland Schutz vor dem Krieg gefunden haben, zur\u00fcck in die Ukraine an die Front gegen Russland zu schicken, was jedoch einen eklatanten Bruch deutscher und EU-Gesetze und internationaler juristischer Normen darstellen w\u00fcrde.<\/p>\n<p>W\u00f6rtlich sagte Merz:<\/p>\n<p style=\"padding-left: 40px;\">\u201eWir werden uns im \u00dcbrigen eng abstimmen, um ukrainischen Staatsb\u00fcrgern, die bei uns Zuflucht gefunden haben, die R\u00fcckkehr in ihre Heimat zu erleichtern. Wir haben erneut deutlich gemacht, dass wir die Bem\u00fchungen der Ukraine, die Ausreisen ukrainischer M\u00e4nner im wehrf\u00e4higen Alter zu reduzieren, unterst\u00fctzen. Das ist unverzichtbar, um die Verteidigungsf\u00e4higkeit, den gesellschaftlichen Zusammenhalt und den Wiederaufbau der Ukraine auch zu sichern. Wir brauchen hier schnelle, sp\u00fcrbare Fortschritte, auch dies im Interesse beider Seiten.\u201c<\/p>\n<p>Real hebt er Selenskijs Aussage hervor, dass die Ukraine im Moment nicht nur vor schwierigen wirtschaftlichen Herausforderungen steht, sondern das Milit\u00e4r auch ein massives Personal-Problem hat, das bisher von regierungstreuen Sendern in Deutschland bestritten wurde. Wenn es anders w\u00e4re, h\u00e4tte Selenkij nicht in Berlin gestanden und solche Aussagen gemacht. An dieser Stelle sollte auch festgehalten werden, dass der <em>\u201eukrainische Bundeskanzler Merz\u201c<\/em> auch kein Wort \u00fcber die zunehmend brutalen, gewaltsamen Zwangsrekrutierungen in der Ukraine verloren hat oder Selenski aufgefordert h\u00e4tte, diese menschenverachtenden Vorgehensweisen unverz\u00fcglich einzustellen.<\/p>\n<p>Aber selbst f\u00fcr den \u201e<em>ukrainischen Bundeskanzler Merz\u201c<\/em> wird es nicht m\u00f6glich sein, ohne massive Gesetzesverst\u00f6\u00dfe den W\u00fcnschen Selenskijs nachzukommen. Denn die Ukrainer im wehrf\u00e4higen Alter, die derzeit in der EU leben, sind vom vor\u00fcbergehenden Schutzstatus der Bundesrepublik Deutschland und von der EU-Richtlinie zum vor\u00fcbergehenden Schutz abgedeckt. Das bedeutet, dass die Ukrainer in der EU das Recht haben zu bleiben, das Recht haben, hier zu arbeiten und das Recht haben, hier Dienstleistungen in Anspruch zu nehmen. Aber noch wichtiger ist, dass dies f\u00fcr sie unabh\u00e4ngig vom Alter gilt, unabh\u00e4ngig von der Wehrpflicht, der Wehrtauglichkeit und allen m\u00f6glichen anderen Kriterien.<\/p>\n<p>Aber selbst, wenn die EU das irgendwie \u00e4ndern w\u00fcrde, gibt es immer noch die Frage der grundlegenden Menschenrechte. Aber nat\u00fcrlich spricht Selenskij nicht \u00fcber all das. Stattdessen basiert sein Argument auf \u201eFairness\u201c. In einem Abnutzungskrieg gewinnt im Allgemeinen die Seite, die mehr Ressourcen hat. Und mit mehr Ressourcen sind nicht nur Geld gemeint, nicht nur mehr Produktionskapazit\u00e4ten, mehr Rohstoffe und Energie, bessere Logistik usw., gemeint sind auch die menschlichen Ressourcen.<\/p>\n<p>Je nach staatlichem System, werden diese menschlichen Ressourcen als die Wichtigsten betrachtet, die am besten beh\u00fctet werden m\u00fcssen, oder sie werden als rein biologische Verf\u00fcgungsmasse der Gener\u00e4le angesehen, die nach Belieben das Menschenmaterial als \u201eKanonenfutter\u201c einsetzen k\u00f6nnen. Letzteres wird z.B. selbst von ukrainischer Seite dem Oberbefehlshaber der ukrainischen Streitkr\u00e4fte, General Sirskij vorgeworfen.<\/p>\n<p>Nun ist die Diskussion um menschliche Ressourcen f\u00fcr das Milit\u00e4r eine unangenehme Realit\u00e4t, die weder Selenskij noch Merz noch irgendjemand in Br\u00fcssel gerne anspricht. Stattdessen ist es viel einfacher, dieses unangenehme Thema mit dem positiv empfundenen, aber irref\u00fchrenden Begriff der \u201eFairness\u201c zu umrahmen. Deshalb sei hier nochmals Selenskijs Aussage in Berlin wiederholt:<\/p>\n<p style=\"padding-left: 40px;\">\u201eUnsere Streitkr\u00e4fte w\u00fcrden sie, die M\u00e4nner im wehrpflichtigen Alter, sicherlich gerne zur\u00fcckhaben, weil es eine Frage der Fairness ist.\u201c<\/p>\n<p>Dem entgegen steht der <em>\u201eEU-Schutzstatus&#8220;<\/em> (vor\u00fcbergehender Schutz \/ Temporary Protection). Der Status gilt <em>\u201eEU-weit einheitlich\u201c <\/em>in allen 27 Mitgliedstaaten (mit kleinen nationalen Umsetzungsunterschieden). D\u00e4nemark hatte ein \u201eOpt-out\u201c, f\u00fchrte aber ein vergleichbares nationales Regime ein. Zur Rechtsgrundlage siehe Fu\u00dfnote (1) im Schriftartikel.<\/p>\n<p>In der Schrift-Version finden Sie detaillierte Antworten auf die Fragen, welcher Ukrainer hat wie lange gesetzlich garantierte Anspr\u00fcche auf welche staatlichen Leistungen in Deutschland und der EU. Diese Details machen deutlich, dass sowohl Selenskij als auch Merz keine Ahnung haben, wovon sie sprechen, wenn Sie glauben, sie k\u00f6nnten mit einem simplen \u201eFairness-Argument\u201c die komplexe und umfassende Rechtsgrundlage des Schutz-Status\u2018 f\u00fcr ukrainische M\u00e4nner im wehrpflichtigen Alter untergraben.<\/p>\n<h4><strong>Anhang<\/strong><\/h4>\n<p><strong>Wer hat Anspruch?<\/strong><\/p>\n<p>Der Schutz gilt automatisch f\u00fcr folgende Personengruppen, die vor dem 24. Februar 2022 in der Ukraine lebten und geflohen sind:<\/p>\n<p>Wichtig: Es gibt keine Altersgrenze und keine Ausnahme f\u00fcr wehrpflichtige M\u00e4nner. Der Schutz gilt unabh\u00e4ngig von Geschlecht, Alter oder Wehrtauglichkeit. Auch M\u00e4nner im mobilisierbaren Alter erhalten denselben Status und dieselben Rechte.<\/p>\n<p><strong>Welche Rechte gew\u00e4hrt der vor\u00fcbergehende Schutz?<\/strong><\/p>\n<p>Der Status garantiert einheitliche Mindestrechte in der gesamten EU (unabh\u00e4ngig vom Aufnahmeland):<\/p>\n<ul>\n<li>Aufenthaltsrecht: Rechtm\u00e4\u00dfiger Aufenthalt im gew\u00e4hlten EU-Land (und Reisefreiheit innerhalb des Schengen-Raums unter bestimmten Bedingungen).<\/li>\n<li>Arbeitsrecht: Sofortiger Zugang zum Arbeitsmarkt (ohne Arbeitserlaubnis in den meisten L\u00e4ndern).<\/li>\n<li>Sozialleistungen: Zugang zu Sozialhilfe, Wohnraum und sozialer Unterst\u00fctzung (auf dem Niveau der jeweiligen nationalen Regelungen f\u00fcr Schutzberechtigte).<\/li>\n<li>Gesundheitsversorgung: Medizinische Versorgung (mindestens wie f\u00fcr eigene Staatsangeh\u00f6rige).<\/li>\n<li>Bildung: Kostenloser Schulbesuch f\u00fcr Kinder und Zugang zu Bildungsangeboten f\u00fcr Erwachsene.<\/li>\n<li>Familienzusammenf\u00fchrung: Erleichterte Regelungen f\u00fcr enge Familienangeh\u00f6rige.<\/li>\n<li>Freiz\u00fcgigkeit: M\u00f6glichkeit, innerhalb der EU zu reisen oder sogar den Wohnsitz zu wechseln (mit Registrierung im neuen Land).<\/li>\n<\/ul>\n<p>Zus\u00e4tzlich d\u00fcrfen Betroffene \u201eohne Verlust des Status\u201c vor\u00fcbergehend in die Ukraine zur\u00fcckkehren (z. B. f\u00fcr Besuche oder famili\u00e4re Gr\u00fcnde).<\/p>\n<ul>\n<li><strong>Dauer und aktuelle Verl\u00e4ngerungen (Stand April 2026)<\/strong><\/li>\n<li>Urspr\u00fcnglich f\u00fcr ein Jahr (bis 4. M\u00e4rz 2023).<\/li>\n<li>Mehrmals verl\u00e4ngert: bis M\u00e4rz 2024, M\u00e4rz 2025, M\u00e4rz 2026 und zuletzt bis 4. M\u00e4rz 2027.<\/li>\n<li>Die letzte Verl\u00e4ngerung wurde am 13. Juni 2025 vom Rat der EU einstimmig beschlossen (Durchf\u00fchrungsbeschluss 2025\/1460). Die EU begr\u00fcndet dies mit dem anhaltenden Krieg und der Notwendigkeit, die Asylsysteme weiter zu entlasten.<\/li>\n<\/ul>\n<p>Aktuelle Zahlen (Stand Februar\/M\u00e4rz 2026): Etwa 4,4 Millionen Menschen (\u00fcberwiegend ukrainische Staatsangeh\u00f6rige) genie\u00dfen diesen Schutz in der EU. Die meisten leben in Polen, Deutschland und Tschechien.<\/p>\n<p><strong>\u00a0Unterschied zu Asyl \/ internationalem Schutz<\/strong><\/p>\n<ul>\n<li>Vor\u00fcbergehender Schutz ist kollektiv und befristet \u2013 keine individuelle Pr\u00fcfung der Fluchtgr\u00fcnde.<\/li>\n<li>Der Vor\u00fcbergehender Schutz verdr\u00e4ngt kein Asylrecht: Wer m\u00f6chte, kann parallel oder sp\u00e4ter Asyl beantragen (erh\u00e4lt dann ggf. st\u00e4rkeren Schutz).<\/li>\n<li>Nach Ende des vor\u00fcbergehenden Schutzes (derzeit geplant f\u00fcr M\u00e4rz 2027) m\u00fcssen die EU-Staaten eine \u201ekoordinierte \u00dcbergangsl\u00f6sung\u201c finden: Entweder R\u00fcckkehr (bei sicherer Lage in der Ukraine), \u00dcbergang in andere Aufenthaltstitel (z. B. humanit\u00e4re Aufenthaltserlaubnis, Arbeitserlaubnis oder Familiennachzug) oder \u2013 falls n\u00f6tig \u2013 eine weitere Verl\u00e4ngerung.<\/li>\n<li>Die EU diskutiert derzeit bereits \u201ePhasing-out\u201c-Strategien, um eine einheitliche Nachfolgeregelung zu schaffen. Eine pl\u00f6tzliche Beendigung ohne \u00dcbergang ist unwahrscheinlich.<\/li>\n<\/ul>\n<p><strong>Der Schutz-Status ist besonders wichtig im Kontext der Selenskij \u2013 \u201eFairness\u201c-Aussage<\/strong><\/p>\n<p>Er gilt \u201eunabh\u00e4ngig von Wehrpflicht oder Alter und gew\u00e4hrt Bleiberecht, Arbeitsrecht und Zugang zu Sozialleistungen. Zelensky argumentiert mit \u201eFairness\u201c gegen\u00fcber den in der Ukraine verbliebenen M\u00e4nnern. Aus Sicht des V\u00f6lkerrechts und der Menschenrechte steht jedoch der vor\u00fcbergehende Schutz als EU-Recht \u00fcber subjektiven Fairness-\u00dcberlegungen eines Kriegstreibers. Eine R\u00fcckkehr der M\u00e4nner in die Ukraine kann nicht erzwungen werden, solange der Schutz l\u00e4uft \u2013 auch nicht f\u00fcr wehrpflichtige M\u00e4nner.<\/p>\n<p>Der Status l\u00e4uft derzeit bis 4. M\u00e4rz 2027 und wird voraussichtlich nicht abrupt enden.<\/p>\n<p style=\"text-align: right;\"><em>Rainer Rupp ist Mitglied des Beirats des Deutschen Freidenker-Verbandes<\/em><\/p>\n<h3 id=\"quellen-und-anmerkungen\">Quellen und Anmerkungen<\/h3>\n<p>(1) &#8211; EU-Richtlinie 2001\/55\/EG (vom 20. Juli 2001): Legt Mindeststandards f\u00fcr den vor\u00fcbergehenden Schutz bei Massenzustrom von Vertriebenen fest.<\/p>\n<hr \/>\n<p><span style=\"font-size: 10pt;\">Bild oben: Ukrainische Soldaten bei einer \u00dcbung 2016. Public Domain<\/span><br \/>\n<span style=\"font-size: 10pt;\">Quelle: <a href=\"https:\/\/picryl.com\/amp\/de\/media\/yavoriv-ukraine-ukrainian-soldiers-assigned-to-1st-9d5756\" target=\"_blank\" rel=\"noopener\">https:\/\/picryl.com\/amp\/de\/media\/yavoriv-ukraine-ukrainian-soldiers-assigned-to-1st-9d5756<\/a><\/span><\/p>\n","protected":false},"excerpt":{"rendered":"<p><b>Ein Kommentar von\u00a0Rainer Rupp.<\/b><br \/>\n\u201eTo bleed the Russians\u201c war das \u00f6ffentlich erkl\u00e4rte Ziel der US-Kriegstreiber und ihrer diensteifrigen westlichen EU\/NATO Vasallen, n\u00e4mlich \u201edie Russen auszubluten\u201c. Der einflussreiche US-Oberkriegstreiber und Trump-Freund, der republikanische Senator Lindsey Graham, hat den Krieg in der Ukraine immer wieder in \u00f6ffentlichen Stellungsnahmen mit dem Argument verteidigt, dass er eine ausgezeichnete strategische Investition f\u00fcr die Vereinigten Staaten darstellt: Amerika liefert die Waffen und das Geld, die Ukraine liefert die Soldaten und f\u00fchrt die K\u00e4mpfe, Russland wird geschw\u00e4cht, und \u201ekein einziger amerikanischer Soldat stirbt\u201c dabei. Er hat diese Sichtweise nie verborgen und in mehrfachen Variationen davon wiederholt.<\/p>\n","protected":false},"author":3,"featured_media":25059,"comment_status":"closed","ping_status":"closed","sticky":false,"template":"","format":"standard","meta":{"colormag_page_container_layout":"default_layout","colormag_page_sidebar_layout":"default_layout","advanced_seo_description":"","jetpack_seo_html_title":"","jetpack_seo_noindex":false,"jetpack_post_was_ever_published":false,"footnotes":""},"categories":[574,12],"tags":[182,3178,3176,1084,2489,509,56,3189,222,3028,1815,1111,639,185,1416,2218,1624],"class_list":["post-25052","post","type-post","status-publish","format-standard","has-post-thumbnail","hentry","category-aktuelles","category-demokratie-medien-aufklaerung","tag-eu","tag-eu-schutzstatus","tag-fairness","tag-fluechtlinge","tag-friedrich-merz","tag-geld","tag-nato","tag-rekrutierung","tag-russland","tag-schutz","tag-selenskyj","tag-ukraine","tag-ukraine-konflikt","tag-usa","tag-waffen","tag-wehrpflicht","tag-werte"],"jetpack_featured_media_url":"https:\/\/i0.wp.com\/www.freidenker.org\/fw17\/wp-content\/uploads\/2026\/04\/yavoriv-ukraine-ukrainian-soldiers-assigned-to-1st-9d5756-800x450-1.jpg?fit=800%2C450&ssl=1","jetpack_shortlink":"https:\/\/wp.me\/p9stpK-6w4","jetpack-related-posts":[{"id":22768,"url":"https:\/\/www.freidenker.org\/?p=22768","url_meta":{"origin":25052,"position":0},"title":"Wahrheitsleugnerin Ursula von der Leyen auf gef\u00e4hrlichem Kurs","author":"Webredaktion","date":"7. September 2025","format":false,"excerpt":"Die EU-Kommissionspr\u00e4sidentin ignoriert Moskaus Warnungen vor einem Einsatz europ\u00e4ischer Nato-Truppen in der Ukraine Ein Kommentar von Tilo Gr\u00e4ser Die nicht durch eine demokratische Wahl ins Amt gekommene Pr\u00e4sidentin der EU-Kommission Ursula von der Leyen spielt anscheinend schon mal Oberkommandierende einer nichtexistierenden EU-Armee. So kann zumindest gedeutet werden, was sie am\u2026","rel":"","context":"In &quot;Demokratie \u2013 Medien \u2013 Aufkl\u00e4rung&quot;","block_context":{"text":"Demokratie \u2013 Medien \u2013 Aufkl\u00e4rung","link":"https:\/\/www.freidenker.org\/?cat=12"},"img":{"alt_text":"","src":"https:\/\/i0.wp.com\/www.freidenker.org\/fw17\/wp-content\/uploads\/2025\/09\/Press_conference__Zelensky_and_von_der_Leyen_at_the_EC_-_2025_800x450.jpg?fit=800%2C450&ssl=1&resize=350%2C200","width":350,"height":200,"srcset":"https:\/\/i0.wp.com\/www.freidenker.org\/fw17\/wp-content\/uploads\/2025\/09\/Press_conference__Zelensky_and_von_der_Leyen_at_the_EC_-_2025_800x450.jpg?fit=800%2C450&ssl=1&resize=350%2C200 1x, https:\/\/i0.wp.com\/www.freidenker.org\/fw17\/wp-content\/uploads\/2025\/09\/Press_conference__Zelensky_and_von_der_Leyen_at_the_EC_-_2025_800x450.jpg?fit=800%2C450&ssl=1&resize=525%2C300 1.5x, https:\/\/i0.wp.com\/www.freidenker.org\/fw17\/wp-content\/uploads\/2025\/09\/Press_conference__Zelensky_and_von_der_Leyen_at_the_EC_-_2025_800x450.jpg?fit=800%2C450&ssl=1&resize=700%2C400 2x"},"classes":[]},{"id":22532,"url":"https:\/\/www.freidenker.org\/?p=22532","url_meta":{"origin":25052,"position":1},"title":"EU-Meinungszensur geht auch Amerika was an","author":"Webredaktion","date":"5. August 2025","format":false,"excerpt":"Kommentar von\u00a0Rainer Rupp. Die Tatsache, dass die Redefreiheit in der EU bedroht ist, wei\u00df inzwischen jeder politisch interessierte Mensch, der nicht die Vorgaben der Eliten und ihrer medialen Sprachrohre wiederk\u00e4ut, sondern versucht, sich unabh\u00e4ngig eine Meinung zu bilden. Dem wollen die demokratisch nicht legitimierten EU-B\u00fcrokraten in Br\u00fcssel einen Riegel vorschieben,\u2026","rel":"","context":"In &quot;Demokratie \u2013 Medien \u2013 Aufkl\u00e4rung&quot;","block_context":{"text":"Demokratie \u2013 Medien \u2013 Aufkl\u00e4rung","link":"https:\/\/www.freidenker.org\/?cat=12"},"img":{"alt_text":"","src":"https:\/\/i0.wp.com\/www.freidenker.org\/fw17\/wp-content\/uploads\/2025\/08\/eu-vs-usa_cc-by-20_c_800x450.jpg?fit=800%2C450&ssl=1&resize=350%2C200","width":350,"height":200,"srcset":"https:\/\/i0.wp.com\/www.freidenker.org\/fw17\/wp-content\/uploads\/2025\/08\/eu-vs-usa_cc-by-20_c_800x450.jpg?fit=800%2C450&ssl=1&resize=350%2C200 1x, https:\/\/i0.wp.com\/www.freidenker.org\/fw17\/wp-content\/uploads\/2025\/08\/eu-vs-usa_cc-by-20_c_800x450.jpg?fit=800%2C450&ssl=1&resize=525%2C300 1.5x, https:\/\/i0.wp.com\/www.freidenker.org\/fw17\/wp-content\/uploads\/2025\/08\/eu-vs-usa_cc-by-20_c_800x450.jpg?fit=800%2C450&ssl=1&resize=700%2C400 2x"},"classes":[]},{"id":21542,"url":"https:\/\/www.freidenker.org\/?p=21542","url_meta":{"origin":25052,"position":2},"title":"Merz will \u201eTaurus\u201c liefern","author":"Webredaktion","date":"24. April 2025","format":false,"excerpt":"K\u00fcnftiger Kanzler verst\u00f6\u00dft vor Amtsantritt gegen den Amtseid \u2013 und beweist seine Ahnungslosigkeit Ein Kommentar von Tilo Gr\u00e4ser Der allen Voraussetzungen nach n\u00e4chste deutsche Bundeskanzler Friedrich Merz (CDU) hat bereits vor Amtsantritt angek\u00fcndigt, dass er seinen Amtseid brechen wird. Er tat das am Sonntag in der ARD-Sendung \u201eCaren Miosga\u201c, in\u2026","rel":"","context":"In &quot;Demokratie \u2013 Medien \u2013 Aufkl\u00e4rung&quot;","block_context":{"text":"Demokratie \u2013 Medien \u2013 Aufkl\u00e4rung","link":"https:\/\/www.freidenker.org\/?cat=12"},"img":{"alt_text":"","src":"https:\/\/i0.wp.com\/www.freidenker.org\/fw17\/wp-content\/uploads\/2025\/04\/Wahlkampf_mit_Friedrich_Merz_in_Erfurt_2024_STP_3071_800x450.jpg?fit=800%2C450&ssl=1&resize=350%2C200","width":350,"height":200,"srcset":"https:\/\/i0.wp.com\/www.freidenker.org\/fw17\/wp-content\/uploads\/2025\/04\/Wahlkampf_mit_Friedrich_Merz_in_Erfurt_2024_STP_3071_800x450.jpg?fit=800%2C450&ssl=1&resize=350%2C200 1x, https:\/\/i0.wp.com\/www.freidenker.org\/fw17\/wp-content\/uploads\/2025\/04\/Wahlkampf_mit_Friedrich_Merz_in_Erfurt_2024_STP_3071_800x450.jpg?fit=800%2C450&ssl=1&resize=525%2C300 1.5x, https:\/\/i0.wp.com\/www.freidenker.org\/fw17\/wp-content\/uploads\/2025\/04\/Wahlkampf_mit_Friedrich_Merz_in_Erfurt_2024_STP_3071_800x450.jpg?fit=800%2C450&ssl=1&resize=700%2C400 2x"},"classes":[]},{"id":14139,"url":"https:\/\/www.freidenker.org\/?p=14139","url_meta":{"origin":25052,"position":3},"title":"\u201ePolitischer Konsens in NATO und EU\u201c zur Verarmung und Zerst\u00f6rung Deutschlands","author":"Webredaktion","date":"4. September 2022","format":false,"excerpt":"Ein Kommentar von Rainer Rupp In einem Interview mit dem RedaktionsNetzwerk Deutschland, RND, erkennt der Th\u00fcringer Ministerpr\u00e4sident Bodo Ramelow von \u201eDie Linke\u201c in unserem bisher durch \u201eDick und D\u00fcnn\u201c, selbst im Kalten Krieg verl\u00e4sslichen Energie Lieferanten Russland \u201ceinen m\u00f6rderischen Nationalismus\u201d. Geht es nach Ramelow, der nicht erst gestern im neo-liberalen\u2026","rel":"","context":"In &quot;Arbeit &amp; Soziales&quot;","block_context":{"text":"Arbeit &amp; Soziales","link":"https:\/\/www.freidenker.org\/?cat=11"},"img":{"alt_text":"","src":"https:\/\/i0.wp.com\/www.freidenker.org\/fw17\/wp-content\/uploads\/2022\/09\/finger-2573745_800x450.jpg?fit=800%2C450&ssl=1&resize=350%2C200","width":350,"height":200,"srcset":"https:\/\/i0.wp.com\/www.freidenker.org\/fw17\/wp-content\/uploads\/2022\/09\/finger-2573745_800x450.jpg?fit=800%2C450&ssl=1&resize=350%2C200 1x, https:\/\/i0.wp.com\/www.freidenker.org\/fw17\/wp-content\/uploads\/2022\/09\/finger-2573745_800x450.jpg?fit=800%2C450&ssl=1&resize=525%2C300 1.5x, https:\/\/i0.wp.com\/www.freidenker.org\/fw17\/wp-content\/uploads\/2022\/09\/finger-2573745_800x450.jpg?fit=800%2C450&ssl=1&resize=700%2C400 2x"},"classes":[]},{"id":12209,"url":"https:\/\/www.freidenker.org\/?p=12209","url_meta":{"origin":25052,"position":4},"title":"D\u00e9j\u00e0 vu \u2013 Mit aalglatten L\u00fcgen in neue Kriege?","author":"Webredaktion","date":"18. Februar 2022","format":false,"excerpt":"Kommentar von Rainer Rupp Die anti-russische Hetze, die aus den Mainstream-Medien der USA zu uns in Europa her\u00fcberschwappt, wird hier von transatlantischen, auf Bei\u00dfreflex eingestellten Bl\u00e4ttern lautstark nachgegeifert. Als k\u00f6nnte man den Krieg nicht schnell genug herbeischreiben. Das erinnert an eine Episode, wie vor 124 Jahren illustrierte Zeitungen in den\u2026","rel":"","context":"In &quot;Frieden - Antifaschismus - Solidarit\u00e4t&quot;","block_context":{"text":"Frieden - Antifaschismus - Solidarit\u00e4t","link":"https:\/\/www.freidenker.org\/?cat=13"},"img":{"alt_text":"","src":"https:\/\/i0.wp.com\/www.freidenker.org\/fw17\/wp-content\/uploads\/2022\/02\/sand-sculpture-5376346_800x450.jpg?fit=800%2C450&ssl=1&resize=350%2C200","width":350,"height":200,"srcset":"https:\/\/i0.wp.com\/www.freidenker.org\/fw17\/wp-content\/uploads\/2022\/02\/sand-sculpture-5376346_800x450.jpg?fit=800%2C450&ssl=1&resize=350%2C200 1x, https:\/\/i0.wp.com\/www.freidenker.org\/fw17\/wp-content\/uploads\/2022\/02\/sand-sculpture-5376346_800x450.jpg?fit=800%2C450&ssl=1&resize=525%2C300 1.5x, https:\/\/i0.wp.com\/www.freidenker.org\/fw17\/wp-content\/uploads\/2022\/02\/sand-sculpture-5376346_800x450.jpg?fit=800%2C450&ssl=1&resize=700%2C400 2x"},"classes":[]},{"id":17251,"url":"https:\/\/www.freidenker.org\/?p=17251","url_meta":{"origin":25052,"position":5},"title":"Orban bekommt Verst\u00e4rkung gegen Br\u00fcssel und Ukraine","author":"Webredaktion","date":"11. Oktober 2023","format":false,"excerpt":"Gemeinsam mit Slowakei gegen neoliberale EU-Eliten und ukrainische Nazis Ein Kommentar von\u00a0Rainer Rupp. \u201cRobert Fico gewinnt die Parlamentswahlen in der Slowakei mit anti-ukrainischer Position\u201c, titelte die britische Finanzzeitung Financial Times in ihrer Online-Ausgabe letzten Sonntag. Noch bevor die letzten Wahlzettel ausz\u00e4hlt waren, war der Vorsprung der Partei des ehemaligen slowakischen\u2026","rel":"","context":"In &quot;Demokratie \u2013 Medien \u2013 Aufkl\u00e4rung&quot;","block_context":{"text":"Demokratie \u2013 Medien \u2013 Aufkl\u00e4rung","link":"https:\/\/www.freidenker.org\/?cat=12"},"img":{"alt_text":"","src":"https:\/\/i0.wp.com\/www.freidenker.org\/fw17\/wp-content\/uploads\/2023\/10\/Orban_Fico_2016_800x450.jpg?fit=800%2C450&ssl=1&resize=350%2C200","width":350,"height":200,"srcset":"https:\/\/i0.wp.com\/www.freidenker.org\/fw17\/wp-content\/uploads\/2023\/10\/Orban_Fico_2016_800x450.jpg?fit=800%2C450&ssl=1&resize=350%2C200 1x, https:\/\/i0.wp.com\/www.freidenker.org\/fw17\/wp-content\/uploads\/2023\/10\/Orban_Fico_2016_800x450.jpg?fit=800%2C450&ssl=1&resize=525%2C300 1.5x, https:\/\/i0.wp.com\/www.freidenker.org\/fw17\/wp-content\/uploads\/2023\/10\/Orban_Fico_2016_800x450.jpg?fit=800%2C450&ssl=1&resize=700%2C400 2x"},"classes":[]}],"_links":{"self":[{"href":"https:\/\/www.freidenker.org\/index.php?rest_route=\/wp\/v2\/posts\/25052","targetHints":{"allow":["GET"]}}],"collection":[{"href":"https:\/\/www.freidenker.org\/index.php?rest_route=\/wp\/v2\/posts"}],"about":[{"href":"https:\/\/www.freidenker.org\/index.php?rest_route=\/wp\/v2\/types\/post"}],"author":[{"embeddable":true,"href":"https:\/\/www.freidenker.org\/index.php?rest_route=\/wp\/v2\/users\/3"}],"replies":[{"embeddable":true,"href":"https:\/\/www.freidenker.org\/index.php?rest_route=%2Fwp%2Fv2%2Fcomments&post=25052"}],"version-history":[{"count":2,"href":"https:\/\/www.freidenker.org\/index.php?rest_route=\/wp\/v2\/posts\/25052\/revisions"}],"predecessor-version":[{"id":25060,"href":"https:\/\/www.freidenker.org\/index.php?rest_route=\/wp\/v2\/posts\/25052\/revisions\/25060"}],"wp:featuredmedia":[{"embeddable":true,"href":"https:\/\/www.freidenker.org\/index.php?rest_route=\/wp\/v2\/media\/25059"}],"wp:attachment":[{"href":"https:\/\/www.freidenker.org\/index.php?rest_route=%2Fwp%2Fv2%2Fmedia&parent=25052"}],"wp:term":[{"taxonomy":"category","embeddable":true,"href":"https:\/\/www.freidenker.org\/index.php?rest_route=%2Fwp%2Fv2%2Fcategories&post=25052"},{"taxonomy":"post_tag","embeddable":true,"href":"https:\/\/www.freidenker.org\/index.php?rest_route=%2Fwp%2Fv2%2Ftags&post=25052"}],"curies":[{"name":"wp","href":"https:\/\/api.w.org\/{rel}","templated":true}]}}