{"id":25048,"date":"2026-04-29T23:20:57","date_gmt":"2026-04-29T21:20:57","guid":{"rendered":"https:\/\/www.freidenker.org\/?p=25048"},"modified":"2026-04-29T23:20:57","modified_gmt":"2026-04-29T21:20:57","slug":"die-grosse-entbehrungsoper","status":"publish","type":"post","link":"https:\/\/www.freidenker.org\/?p=25048","title":{"rendered":"Die gro\u00dfe Entbehrungsoper"},"content":{"rendered":"<p><em>von <strong>Sabiene Jahn<\/strong><\/em><\/p>\n<p><span style=\"font-size: 10pt;\">Erstver\u00f6ffentlichung am 17.04.2026 auf <a href=\"https:\/\/globalbridge.ch\/die-grosse-entbehrungsoper\/\" target=\"_blank\" rel=\"noopener\">globalbridge.ch<\/a><\/span><\/p>\n<p><strong>Als der Westen noch Kriege f\u00fchrte, versprach er seinen B\u00fcrgern Ordnung, Sicherheit und moralische \u00dcberlegenheit. Heute verlangt er Verzicht, h\u00f6here Spritkosten und neue Opfer \u2013 und bringt nicht einmal mehr den Mut auf, die Urheber der Eskalation beim Namen zu nennen. Keir Starmer und Anthony Albanese sprechen wie M\u00e4nner, die einen Brand beklagen, an dessen Legung sie selbst politisch mitgewirkt haben. Sie bitten ihre Bev\u00f6lkerungen um Disziplin, w\u00e4hrend sie zugleich an der gro\u00dfen Irref\u00fchrung festhalten \u2013 so zu tun, als sei diese Krise \u00fcber ihre L\u00e4nder gekommen, nicht aber aus ihrer eigenen politischen Komplizenschaft erwachsen.\u00a0<\/strong><\/p>\n<p><img data-recalc-dims=\"1\" loading=\"lazy\" decoding=\"async\" data-attachment-id=\"5429\" data-permalink=\"https:\/\/www.freidenker.org\/?attachment_id=5429\" data-orig-file=\"https:\/\/i0.wp.com\/www.freidenker.org\/fw17\/wp-content\/uploads\/2018\/09\/video_icon_24x24.jpg?fit=24%2C24&amp;ssl=1\" data-orig-size=\"24,24\" data-comments-opened=\"0\" data-image-meta=\"{&quot;aperture&quot;:&quot;0&quot;,&quot;credit&quot;:&quot;&quot;,&quot;camera&quot;:&quot;&quot;,&quot;caption&quot;:&quot;&quot;,&quot;created_timestamp&quot;:&quot;0&quot;,&quot;copyright&quot;:&quot;&quot;,&quot;focal_length&quot;:&quot;0&quot;,&quot;iso&quot;:&quot;0&quot;,&quot;shutter_speed&quot;:&quot;0&quot;,&quot;title&quot;:&quot;&quot;,&quot;orientation&quot;:&quot;1&quot;}\" data-image-title=\"video_icon_24x24\" data-image-description=\"\" data-image-caption=\"\" data-large-file=\"https:\/\/i0.wp.com\/www.freidenker.org\/fw17\/wp-content\/uploads\/2018\/09\/video_icon_24x24.jpg?fit=24%2C24&amp;ssl=1\" class=\"alignnone size-full wp-image-5429\" src=\"https:\/\/i0.wp.com\/www.freidenker.org\/fw17\/wp-content\/uploads\/2018\/09\/video_icon_24x24.jpg?resize=24%2C24&#038;ssl=1\" alt=\"\" width=\"24\" height=\"24\" \/>\u00a0Der Beitrag kann auch bei YouTube angeh\u00f6rt werden: <a href=\"https:\/\/youtu.be\/5Up4A-nrKRk\" target=\"_blank\" rel=\"noopener\">https:\/\/youtu.be\/5Up4A-nrKRk<\/a><\/p>\n<p>&nbsp;<\/p>\n<p>Es ist ein altbekanntes B\u00fchnenbild: Staatsm\u00e4nner treten vor die Kameras, die Kulisse ist d\u00fcster, die Worte sind schwer und der Ton getragen, Ja, und irgendwo zwischen \u201eVerantwortung\u201c und \u201eSolidarit\u00e4t\u201c beginnt die n\u00e4chste Zumutung f\u00fcr die eigene Bev\u00f6lkerung. Diesmal geben Keir Starmer und Anthony Albanese die Hauptrollen in einer Posse, die sich selbst nicht als solche erkennt. (1)(4)<\/p>\n<p>Der Plot ist simpel, beinahe grob geschnitzt. Ein Krieg ersch\u00fcttert die Energieversorgung, die Preise steigen, die Unsicherheit w\u00e4chst \u2013 und die politischen Akteure erkl\u00e4ren ihren B\u00fcrgern, dass nun \u201eOpfer\u201c notwendig seien. Was fehlt, ist nur ein entscheidendes Detail, die klare Benennung dessen, was diesen Zustand verursacht hat. Stattdessen erleben wir eine eigent\u00fcmliche Verdrehung der Verh\u00e4ltnisse. Der Krieg wird zur Naturgewalt erkl\u00e4rt, zur anonymen Krise, die \u00fcber die Welt hereingebrochen sei wie ein Sturm. \u201eNicht unser Krieg\u201c, hei\u00dft es aus London. \u201eWir sind kein aktiver Teilnehmer\u201c, versichert Canberra. Und doch, milit\u00e4rische Unterst\u00fctzung, politische R\u00fcckendeckung und strategische Infrastruktur \u2013 all das ist l\u00e4ngst Realit\u00e4t. Die Distanz ist rhetorisch, nimmermehr faktisch. (2)<\/p>\n<p>Die eigentliche Pointe liegt in der Inszenierung der Folgen. Die B\u00fcrger sollen sparen, verzichten, sich einschr\u00e4nken. \u00d6ffentliche Verkehrsmittel nutzen, weniger fahren, sich auf \u201eharte Monate\u201c einstellen. (4) (5) (6) Es ist die Wiederkehr eines bekannten Musters. Die Konsequenzen politischer Entscheidungen werden den B\u00fcrgern aufs Auge gedr\u00fcckt, die Ursachen jedoch entpolitisiert.<\/p>\n<p>Historisch ist das keineswegs neu. Die autofreien Sonntage der 1970er Jahre in der Bundesrepublik waren ebenfalls ein Symbol staatlich verordneter Knappheit \u2013 eine Mischung aus Krisenmanagement und p\u00e4dagogischer Ma\u00dfnahme. Doch w\u00e4hrend damals ein externer Schock \u2013 die \u00d6lkrise \u2013 zumindest offen benannt wurde, erleben wir heute eine eigent\u00fcmliche Sprachverweigerung. Die gegenw\u00e4rtige Energieverknappung wird als diffuse, fast schicksalhafte Entwicklung geschildert. (9)<\/p>\n<p>Dabei ist die Lage strukturell klar. Eine der zentralen Energieachsen der Welt \u2013 die Stra\u00dfe von Hormus \u2013 ist de facto blockiert. (1) F\u00f6rder- und Exportkapazit\u00e4ten im Golfraum sind besch\u00e4digt.\u00a0(7) Gleichzeitig haben sich insbesondere europ\u00e4ische Staaten in den vergangenen Jahren bewusst von kosteng\u00fcnstigen Bezugsquellen getrennt und alternative, deutlich teurere Versorgungswege etabliert. Das Resultat ist die logische Konsequenz einer politischen Neuordnung der Energiestr\u00f6me.\u00a0(8) (10)<\/p>\n<p>Die eigentliche Irref\u00fchrung beginnt dort, wo Ursache und Wirkung systematisch entkoppelt werden. Wenn politische F\u00fchrungen ihre Bev\u00f6lkerung zu Verzicht aufrufen, ohne die eigenen Entscheidungen als Teil der Kausalkette anzuerkennen, entsteht ein Vakuum \u2013 und dieses Vakuum wird l\u00e4ngst von einem wachsenden Misstrauen gef\u00fcllt.<\/p>\n<p>Denn die Bev\u00f6lkerung ist nicht mehr die schweigende Masse vergangener Jahrzehnte. Informationen zirkulieren schneller, Narrative werden \u00fcberpr\u00fcft und die entsetzlichen Widerspr\u00fcche sichtbar, verliert die politische Kommunikation ihre Glaubw\u00fcrdigkeit.<\/p>\n<p>So verwandelt sich die politische B\u00fchne zur Groteske. Die Akteure spielen Ernst, w\u00e4hrend das Publikum die Br\u00fcche im St\u00fcck l\u00e4ngst erkennt. Die gro\u00dfen Worte \u2013 Verantwortung, Stabilit\u00e4t, Sicherheit \u2013 stehen im Kontrast zu einer Realit\u00e4t, in der zentrale Fragen unbeantwortet bleiben. Wer tr\u00e4gt Verantwortung? Wer trifft Entscheidungen? Und vor allem \u2013 wer bezahlt den Preis?<\/p>\n<p>Es sind nicht die politischen Entscheidungstr\u00e4ger, die an der Zapfs\u00e4ule stehen. Es sind nicht die Architekten geopolitischer Strategien, die ihre Heizkosten neu kalkulieren m\u00fcssen. Es sind die B\u00fcrger. Und genau hier kippt das St\u00fcck und es entsteht ein gef\u00e4hrlicher Raum \u2013 einer, in dem politische Steuerung zunehmend durch Skepsis ersetzt wird. Wie lange akzeptiert die Bev\u00f6lkerung eine Erz\u00e4hlung, die ihre eigene Intelligenz untersch\u00e4tzt? Die gro\u00dfe Entbehrungsoper hat n\u00e4mlich einen Sch\u00f6nheitsfehler. Ausgerechnet jene, die den Vorhang aufgezogen haben, wollen nun so tun, als s\u00e4\u00dfen sie blo\u00df zuf\u00e4llig im Parkett.<\/p>\n<p style=\"text-align: right;\"><em>Sabiene Jahn, Tr\u00e4gerin des K\u00f6lner Karlspreises f\u00fcr Engagierte Literatur und Publizistik, ist Mitglied des Deutschen Freidenker-Verbandes, LV Rheinland-Pfalz \/ Saarland<\/em><\/p>\n<p><strong>(Red.)<\/strong>\u00a0Es gibt auch Kriegsgewinnler dieses Krieges \u2013 zu ihnen geh\u00f6rt nicht zuletzt auch die Schweiz \u2013 siehe \u00ab<a href=\"https:\/\/dieschweiz-online.ch\/?p=31087\">die Schweiz \u2013 online.ch<\/a>\u00bb!<\/p>\n<p><strong>Anmerkungen<\/strong><br \/>\n1.)\u00a0<a href=\"https:\/\/www.gov.uk\/government\/speeches\/pm-remarks-1-april-2026\">https:\/\/www.gov.uk\/government\/speeches\/pm-remarks-1-april-2026<\/a><br \/>\n2.)\u00a0<a href=\"https:\/\/www.reuters.com\/world\/uk\/uk-requires-closer-eu-partnerships-due-volatile-world-starmer-says-2026-04-01\/\">https:\/\/www.reuters.com\/world\/uk\/uk-requires-closer-eu-partnerships-due-volatile-world-starmer-says-2026-04-01\/<\/a><br \/>\n3.)\u00a0<a href=\"https:\/\/www.pm.gov.au\/media\/press-conference-parliament-house-canberra-49\">https:\/\/www.pm.gov.au\/media\/press-conference-parliament-house-canberra-49<\/a><br \/>\n4.)\u00a0<a href=\"https:\/\/www.reuters.com\/world\/asia-pacific\/australia-pm-albanese-address-nation-over-iran-crisis-2026-04-01\/\">https:\/\/www.reuters.com\/world\/asia-pacific\/australia-pm-albanese-address-nation-over-iran-crisis-2026-04-01\/<\/a><br \/>\n5.)\u00a0<a href=\"https:\/\/www.reuters.com\/world\/asia-pacific\/australia-offer-businesses-693-million-cheap-loans-ease-fuel-cost-pressure-2026-04-01\/\">https:\/\/www.reuters.com\/world\/asia-pacific\/australia-offer-businesses-693-million-cheap-loans-ease-fuel-cost-pressure-2026-04-01\/<\/a><br \/>\n6.)\u00a0<a href=\"https:\/\/www.reuters.com\/business\/energy\/australia-halve-tax-petrol-bring-down-costs-wake-iran-war-2026-03-30\/\">https:\/\/www.reuters.com\/business\/energy\/australia-halve-tax-petrol-bring-down-costs-wake-iran-war-2026-03-30\/<\/a><br \/>\n7.)\u00a0<a href=\"https:\/\/www.reuters.com\/business\/uk-food-inflation-heading-towards-10-due-iran-war-industry-says-2026-04-01\/\">https:\/\/www.reuters.com\/business\/uk-food-inflation-heading-towards-10-due-iran-war-industry-says-2026-04-01\/<\/a><br \/>\n8.)\u00a0<a href=\"https:\/\/www.reuters.com\/business\/energy\/any-eu-fiscal-response-energy-prices-should-be-tailored-ecb-2026-03-19\/\">https:\/\/www.reuters.com\/business\/energy\/any-eu-fiscal-response-energy-prices-should-be-tailored-ecb-2026-03-19\/<\/a><br \/>\n9.)\u00a0<a href=\"https:\/\/www.econostream-media.com\/news\/2026-03-26\/ecb%E2%80%99s_lagarde:_energy_disruption_could_last_%E2%80%9Cyears%E2%80%9D_expecting_swift_return_to_normal_%E2%80%9Coverly_optimistic%E2%80%9D.html\">https:\/\/www.econostream-media.com\/news\/2026-03-26\/ecb%E2%80%99s_lagarde%3A_energy_disruption_could_last_%E2%80%9Cyears%E2%80%9D_expecting_swift_return_to_normal_%E2%80%9Coverly_optimistic%E2%80%9D.html<\/a><br \/>\n10.)\u00a0<a href=\"https:\/\/www.reuters.com\/business\/euro-zone-economy-may-already-be-ecbs-adverse-path-policymaker-warns-2026-04-01\/\">https:\/\/www.reuters.com\/business\/euro-zone-economy-may-already-be-ecbs-adverse-path-policymaker-warns-2026-04-01\/<\/a><\/p>\n<p>&nbsp;<\/p>\n<p><span style=\"font-size: 10pt;\">\u00a9 Sabiene Jahn<\/span><br \/>\n<span style=\"font-size: 10pt;\">Wir danken der Autorin f\u00fcr das Recht zur Ver\u00f6ffentlichung des Beitrages<\/span><br \/>\n<img loading=\"lazy\" decoding=\"async\" src=\"https:\/\/vg08.met.vgwort.de\/na\/4b3aa89cf0494655b7229213e68511cf\" alt=\"\" width=\"1\" height=\"1\" \/><\/p>\n<hr \/>\n<p><span style=\"font-size: 10pt;\">Bild oben: Die gro\u00dfe Entbehrungsoper \u2013 mit Hilfe von KI ins Bild gebracht &#8230; (\u00fcbernommen von globalbridge.ch)<\/span><\/p>\n","protected":false},"excerpt":{"rendered":"<p>b>Beitrag von Sabiene Jahn<\/b><br \/>\nAls der Westen noch Kriege f\u00fchrte, versprach er seinen B\u00fcrgern Ordnung, Sicherheit und moralische \u00dcberlegenheit. Heute verlangt er Verzicht, h\u00f6here Spritkosten und neue Opfer \u2013 und bringt nicht einmal mehr den Mut auf, die Urheber der Eskalation beim Namen zu nennen. Keir Starmer und Anthony Albanese sprechen wie M\u00e4nner, die einen Brand beklagen, an dessen Legung sie selbst politisch mitgewirkt haben. Sie bitten ihre Bev\u00f6lkerungen um Disziplin, w\u00e4hrend sie zugleich an der gro\u00dfen Irref\u00fchrung festhalten \u2013 so zu tun, als sei diese Krise \u00fcber ihre L\u00e4nder gekommen, nicht aber aus ihrer eigenen politischen Komplizenschaft erwachsen.\u00a0Es ist ein altbekanntes B\u00fchnenbild: Staatsm\u00e4nner treten vor die Kameras, die Kulisse ist d\u00fcster, die Worte sind schwer und der Ton getragen, Ja, und irgendwo zwischen \u201eVerantwortung\u201c und \u201eSolidarit\u00e4t\u201c beginnt die n\u00e4chste Zumutung f\u00fcr die eigene Bev\u00f6lkerung.<\/p>\n","protected":false},"author":3,"featured_media":25049,"comment_status":"closed","ping_status":"closed","sticky":false,"template":"","format":"standard","meta":{"colormag_page_container_layout":"default_layout","colormag_page_sidebar_layout":"default_layout","advanced_seo_description":"","jetpack_seo_html_title":"","jetpack_seo_noindex":false,"jetpack_post_was_ever_published":false,"footnotes":""},"categories":[574,11],"tags":[3188,3182,2624,1781,3186,188,2890,3187,124,2001,1942,3104,1595],"class_list":["post-25048","post","type-post","status-publish","format-standard","has-post-thumbnail","hentry","category-aktuelles","category-arbeit-soziales","tag-entbehrungen","tag-entscheidung","tag-information","tag-intelligenz","tag-irrefuehrung","tag-krieg","tag-narrativ","tag-oelkrise","tag-politik","tag-sicherheit","tag-stabilitaet","tag-strasse-von-hormus","tag-verantwortung"],"jetpack_featured_media_url":"https:\/\/i0.wp.com\/www.freidenker.org\/fw17\/wp-content\/uploads\/2026\/04\/Die-grosse-Entbehrungsoper.png_800x450.jpg?fit=800%2C450&ssl=1","jetpack_shortlink":"https:\/\/wp.me\/p9stpK-6w0","jetpack-related-posts":[{"id":12151,"url":"https:\/\/www.freidenker.org\/?p=12151","url_meta":{"origin":25048,"position":0},"title":"Warum keine gleiche Sicherheit f\u00fcr Russland?","author":"Webredaktion","date":"8. Februar 2022","format":false,"excerpt":"Ein Kommentar von Rainer Rupp. Warum sind die Russen auf einmal so aggressiv? Will der Putin die alte Sowjetunion wieder herstellen, ein neues Imperium aufbauen? Wollen die Russen Krieg? Fragen \u00fcber Fragen, die derzeit in unseren Mainstream Medien gestellt werden. Wir haben den Russen doch nichts getan! Die brauchen doch\u2026","rel":"","context":"In &quot;Frieden - Antifaschismus - Solidarit\u00e4t&quot;","block_context":{"text":"Frieden - Antifaschismus - Solidarit\u00e4t","link":"https:\/\/www.freidenker.org\/?cat=13"},"img":{"alt_text":"","src":"https:\/\/i0.wp.com\/www.freidenker.org\/fw17\/wp-content\/uploads\/2022\/02\/Russland-Flagge-Moskau_800x450.jpg?fit=800%2C450&ssl=1&resize=350%2C200","width":350,"height":200,"srcset":"https:\/\/i0.wp.com\/www.freidenker.org\/fw17\/wp-content\/uploads\/2022\/02\/Russland-Flagge-Moskau_800x450.jpg?fit=800%2C450&ssl=1&resize=350%2C200 1x, https:\/\/i0.wp.com\/www.freidenker.org\/fw17\/wp-content\/uploads\/2022\/02\/Russland-Flagge-Moskau_800x450.jpg?fit=800%2C450&ssl=1&resize=525%2C300 1.5x, https:\/\/i0.wp.com\/www.freidenker.org\/fw17\/wp-content\/uploads\/2022\/02\/Russland-Flagge-Moskau_800x450.jpg?fit=800%2C450&ssl=1&resize=700%2C400 2x"},"classes":[]},{"id":17604,"url":"https:\/\/www.freidenker.org\/?p=17604","url_meta":{"origin":25048,"position":1},"title":"Baerbocks Au\u00dfenpolitik \u2013 Aggressiver als die der USA","author":"Webredaktion","date":"5. Dezember 2023","format":false,"excerpt":"Beitrag von Gert Ewen Ungar Die deutsche Au\u00dfenministerin hatte in dieser Woche gleich zwei relevante Treffen zu absolvieren. Zu Beginn der Woche trafen sich die Au\u00dfenminister der NATO-Staaten in Br\u00fcssel. Am Donnerstag und Freitag trifft sich der Ministerrat der OSZE in Skopje, der Hauptstadt Nordmazedoniens. Aussagen der deutschen Au\u00dfenministerin auf\u2026","rel":"","context":"In &quot;Demokratie \u2013 Medien \u2013 Aufkl\u00e4rung&quot;","block_context":{"text":"Demokratie \u2013 Medien \u2013 Aufkl\u00e4rung","link":"https:\/\/www.freidenker.org\/?cat=12"},"img":{"alt_text":"","src":"https:\/\/i0.wp.com\/www.freidenker.org\/fw17\/wp-content\/uploads\/2023\/12\/Blinken_Baerbock_Tokyo_2023_800x450.jpg?fit=800%2C450&ssl=1&resize=350%2C200","width":350,"height":200,"srcset":"https:\/\/i0.wp.com\/www.freidenker.org\/fw17\/wp-content\/uploads\/2023\/12\/Blinken_Baerbock_Tokyo_2023_800x450.jpg?fit=800%2C450&ssl=1&resize=350%2C200 1x, https:\/\/i0.wp.com\/www.freidenker.org\/fw17\/wp-content\/uploads\/2023\/12\/Blinken_Baerbock_Tokyo_2023_800x450.jpg?fit=800%2C450&ssl=1&resize=525%2C300 1.5x, https:\/\/i0.wp.com\/www.freidenker.org\/fw17\/wp-content\/uploads\/2023\/12\/Blinken_Baerbock_Tokyo_2023_800x450.jpg?fit=800%2C450&ssl=1&resize=700%2C400 2x"},"classes":[]},{"id":12211,"url":"https:\/\/www.freidenker.org\/?p=12211","url_meta":{"origin":25048,"position":2},"title":"Die westliche &#8222;Politik der St\u00e4rke&#8220; bedroht Frieden und Sicherheit f\u00fcr alle V\u00f6lker","author":"Webredaktion","date":"19. Februar 2022","format":false,"excerpt":"Analyse von\u00a0Prof. Dr. Anton Latzo Die Entwicklung der internationalen Beziehungen in den vergangenen Jahrzehnten und auch die aktuellen Auseinandersetzungen zeigen, dass die USA und ihre treuen Verb\u00fcndeten eine undifferenzierte, sich haupts\u00e4chlich in den Denkkategorien der \u00f6konomischen und milit\u00e4rischen Erpressung, der geistig-kulturellen und politischen Destabilisierung und des frontalen Angriffs bewegende \"Politik\u2026","rel":"","context":"In &quot;Frieden - Antifaschismus - Solidarit\u00e4t&quot;","block_context":{"text":"Frieden - Antifaschismus - Solidarit\u00e4t","link":"https:\/\/www.freidenker.org\/?cat=13"},"img":{"alt_text":"","src":"https:\/\/i0.wp.com\/www.freidenker.org\/fw17\/wp-content\/uploads\/2022\/02\/NATO_Allies_bridge_the_Suwalki_Gap_800x450.jpg?fit=800%2C450&ssl=1&resize=350%2C200","width":350,"height":200,"srcset":"https:\/\/i0.wp.com\/www.freidenker.org\/fw17\/wp-content\/uploads\/2022\/02\/NATO_Allies_bridge_the_Suwalki_Gap_800x450.jpg?fit=800%2C450&ssl=1&resize=350%2C200 1x, https:\/\/i0.wp.com\/www.freidenker.org\/fw17\/wp-content\/uploads\/2022\/02\/NATO_Allies_bridge_the_Suwalki_Gap_800x450.jpg?fit=800%2C450&ssl=1&resize=525%2C300 1.5x, https:\/\/i0.wp.com\/www.freidenker.org\/fw17\/wp-content\/uploads\/2022\/02\/NATO_Allies_bridge_the_Suwalki_Gap_800x450.jpg?fit=800%2C450&ssl=1&resize=700%2C400 2x"},"classes":[]},{"id":20807,"url":"https:\/\/www.freidenker.org\/?p=20807","url_meta":{"origin":25048,"position":3},"title":"Kanada an die Raubtiernation: Verschwindet in die Pr\u00e4rie!","author":"Webredaktion","date":"21. Januar 2025","format":false,"excerpt":"Beitrag von Christopher Black Pr\u00e4sident Trump hat seine Wahl zum US-Pr\u00e4sidenten unter anderem mit dem Versprechen gewonnen, der Welt Frieden zu bringen und die Kriege der USA zu beenden. Aber er hat sein eigenes Volk und die Alliierten mit neuen Angriffsdrohungen der Vereinigten Staaten gegen zwei Nato-Staaten, Kanada und D\u00e4nemark,\u2026","rel":"","context":"In &quot;Demokratie \u2013 Medien \u2013 Aufkl\u00e4rung&quot;","block_context":{"text":"Demokratie \u2013 Medien \u2013 Aufkl\u00e4rung","link":"https:\/\/www.freidenker.org\/?cat=12"},"img":{"alt_text":"","src":"https:\/\/i0.wp.com\/www.freidenker.org\/fw17\/wp-content\/uploads\/2025\/01\/canada-3488487_800x450.jpg?fit=800%2C450&ssl=1&resize=350%2C200","width":350,"height":200,"srcset":"https:\/\/i0.wp.com\/www.freidenker.org\/fw17\/wp-content\/uploads\/2025\/01\/canada-3488487_800x450.jpg?fit=800%2C450&ssl=1&resize=350%2C200 1x, https:\/\/i0.wp.com\/www.freidenker.org\/fw17\/wp-content\/uploads\/2025\/01\/canada-3488487_800x450.jpg?fit=800%2C450&ssl=1&resize=525%2C300 1.5x, https:\/\/i0.wp.com\/www.freidenker.org\/fw17\/wp-content\/uploads\/2025\/01\/canada-3488487_800x450.jpg?fit=800%2C450&ssl=1&resize=700%2C400 2x"},"classes":[]},{"id":17572,"url":"https:\/\/www.freidenker.org\/?p=17572","url_meta":{"origin":25048,"position":4},"title":"Deutsche Propaganda: Wie &#8222;Die Zeit&#8220; ihre Leser in den Dritten Weltkrieg f\u00fchrt","author":"Webredaktion","date":"22. November 2023","format":false,"excerpt":"Beitrag von Gert Ewen Ungar Er ist einer der gr\u00f6\u00dften Kriegstreiber Deutschlands. Er sitzt dabei bequem in den Sesseln der deutschen Talkshows und weicht keiner Interview-Anfrage aus: Politikwissenschaftler Carlo Masala.\u00a0Masala verdingt sich nebenberuflich als Professor an der Universit\u00e4t der Bundeswehr in M\u00fcnchen. Hauptberuflich ist er Propagandist. Sein aktuell wichtigstes Anliegen:\u2026","rel":"","context":"In &quot;Demokratie \u2013 Medien \u2013 Aufkl\u00e4rung&quot;","block_context":{"text":"Demokratie \u2013 Medien \u2013 Aufkl\u00e4rung","link":"https:\/\/www.freidenker.org\/?cat=12"},"img":{"alt_text":"","src":"https:\/\/i0.wp.com\/www.freidenker.org\/fw17\/wp-content\/uploads\/2023\/11\/DieZeit_Weltkrieg_800x450.jpg?fit=800%2C450&ssl=1&resize=350%2C200","width":350,"height":200,"srcset":"https:\/\/i0.wp.com\/www.freidenker.org\/fw17\/wp-content\/uploads\/2023\/11\/DieZeit_Weltkrieg_800x450.jpg?fit=800%2C450&ssl=1&resize=350%2C200 1x, https:\/\/i0.wp.com\/www.freidenker.org\/fw17\/wp-content\/uploads\/2023\/11\/DieZeit_Weltkrieg_800x450.jpg?fit=800%2C450&ssl=1&resize=525%2C300 1.5x, https:\/\/i0.wp.com\/www.freidenker.org\/fw17\/wp-content\/uploads\/2023\/11\/DieZeit_Weltkrieg_800x450.jpg?fit=800%2C450&ssl=1&resize=700%2C400 2x"},"classes":[]},{"id":8934,"url":"https:\/\/www.freidenker.org\/?p=8934","url_meta":{"origin":25048,"position":5},"title":"Biden-Administration hei\u00dft mehr Aggressionen","author":"Webredaktion","date":"30. November 2020","format":false,"excerpt":"Interview mit Christopher Black, Mitglied der Weltunion der Freidenker Ich erwarte, dass die Biden-Administration, wenn sie ihr Amt antritt, die gleiche aggressive Politik fortsetzt, die die USA seit Generationen verfolgt, wo immer sie ihre Interessen sieht, d.h. ihren Zugang zu M\u00e4rkten und Ressourcen, herausgefordert durch den Wettbewerb mit anderen Nationen,\u2026","rel":"","context":"In &quot;Frieden - Antifaschismus - Solidarit\u00e4t&quot;","block_context":{"text":"Frieden - Antifaschismus - Solidarit\u00e4t","link":"https:\/\/www.freidenker.org\/?cat=13"},"img":{"alt_text":"","src":"https:\/\/i0.wp.com\/www.freidenker.org\/fw17\/wp-content\/uploads\/2020\/11\/Joe_Biden_49405107506_800x450.jpg?fit=800%2C450&ssl=1&resize=350%2C200","width":350,"height":200,"srcset":"https:\/\/i0.wp.com\/www.freidenker.org\/fw17\/wp-content\/uploads\/2020\/11\/Joe_Biden_49405107506_800x450.jpg?fit=800%2C450&ssl=1&resize=350%2C200 1x, https:\/\/i0.wp.com\/www.freidenker.org\/fw17\/wp-content\/uploads\/2020\/11\/Joe_Biden_49405107506_800x450.jpg?fit=800%2C450&ssl=1&resize=525%2C300 1.5x, https:\/\/i0.wp.com\/www.freidenker.org\/fw17\/wp-content\/uploads\/2020\/11\/Joe_Biden_49405107506_800x450.jpg?fit=800%2C450&ssl=1&resize=700%2C400 2x"},"classes":[]}],"_links":{"self":[{"href":"https:\/\/www.freidenker.org\/index.php?rest_route=\/wp\/v2\/posts\/25048","targetHints":{"allow":["GET"]}}],"collection":[{"href":"https:\/\/www.freidenker.org\/index.php?rest_route=\/wp\/v2\/posts"}],"about":[{"href":"https:\/\/www.freidenker.org\/index.php?rest_route=\/wp\/v2\/types\/post"}],"author":[{"embeddable":true,"href":"https:\/\/www.freidenker.org\/index.php?rest_route=\/wp\/v2\/users\/3"}],"replies":[{"embeddable":true,"href":"https:\/\/www.freidenker.org\/index.php?rest_route=%2Fwp%2Fv2%2Fcomments&post=25048"}],"version-history":[{"count":4,"href":"https:\/\/www.freidenker.org\/index.php?rest_route=\/wp\/v2\/posts\/25048\/revisions"}],"predecessor-version":[{"id":25062,"href":"https:\/\/www.freidenker.org\/index.php?rest_route=\/wp\/v2\/posts\/25048\/revisions\/25062"}],"wp:featuredmedia":[{"embeddable":true,"href":"https:\/\/www.freidenker.org\/index.php?rest_route=\/wp\/v2\/media\/25049"}],"wp:attachment":[{"href":"https:\/\/www.freidenker.org\/index.php?rest_route=%2Fwp%2Fv2%2Fmedia&parent=25048"}],"wp:term":[{"taxonomy":"category","embeddable":true,"href":"https:\/\/www.freidenker.org\/index.php?rest_route=%2Fwp%2Fv2%2Fcategories&post=25048"},{"taxonomy":"post_tag","embeddable":true,"href":"https:\/\/www.freidenker.org\/index.php?rest_route=%2Fwp%2Fv2%2Ftags&post=25048"}],"curies":[{"name":"wp","href":"https:\/\/api.w.org\/{rel}","templated":true}]}}