{"id":25032,"date":"2026-04-28T23:38:20","date_gmt":"2026-04-28T21:38:20","guid":{"rendered":"https:\/\/www.freidenker.org\/?p=25032"},"modified":"2026-04-28T23:38:20","modified_gmt":"2026-04-28T21:38:20","slug":"die-bilderberger-von-stockholm-nach-washington-1","status":"publish","type":"post","link":"https:\/\/www.freidenker.org\/?p=25032","title":{"rendered":"Die Bilderberger \u2014 von Stockholm nach Washington (1)"},"content":{"rendered":"<h4><strong>Teil 1: Dieselben Gesichter, neue Agenda \u2014 Washington: 9. bis 12. April 2026<\/strong><\/h4>\n<p><em>Ein Meinungsbeitrag von <strong>Wolfgang Effenberger<\/strong><\/em>.<\/p>\n<p><span style=\"font-size: 10pt;\">Erstver\u00f6ffentlichung am 23.04.2026 auf <a href=\"https:\/\/apolut.net\/bilderberger-2026-guttenberg-der-transatlantische-netzwerker-von-wolfgang-effenberger\/\" target=\"_blank\" rel=\"noopener\">apolut.net<\/a><\/span><\/p>\n<p>Dieser Beitrag ist auch als Audio-Podcast verf\u00fcgbar:<\/p>\n<audio class=\"wp-audio-shortcode\" id=\"audio-25032-1\" preload=\"none\" style=\"width: 100%;\" controls=\"controls\"><source type=\"audio\/mpeg\" src=\"https:\/\/apolut.net\/content\/media\/tts\/bilderberger-2026-guttenberg-der-transatlantische-netzwerker-von-wolfgang-effenberger.mp3?_=1\" \/><a href=\"https:\/\/apolut.net\/content\/media\/tts\/bilderberger-2026-guttenberg-der-transatlantische-netzwerker-von-wolfgang-effenberger.mp3\">https:\/\/apolut.net\/content\/media\/tts\/bilderberger-2026-guttenberg-der-transatlantische-netzwerker-von-wolfgang-effenberger.mp3<\/a><\/audio>\n<p><span style=\"font-size: 10pt;\">Bereitgestellt von <a href=\"https:\/\/apolut.net\/bilderberger-2026-guttenberg-der-transatlantische-netzwerker-von-wolfgang-effenberger\/\" target=\"_blank\" rel=\"noopener\">apolut.net<\/a><\/span><br \/>\n<span style=\"font-size: 10pt;\"><a href=\"https:\/\/apolut.net\/content\/media\/tts\/bilderberger-2026-guttenberg-der-transatlantische-netzwerker-von-wolfgang-effenberger.mp3\" target=\"_blank\" rel=\"noopener\">Download<\/a><\/span><\/p>\n<p>W\u00e4hrend der US-Kongress \u00fcber Z\u00f6lle streitet und die europ\u00e4ischen Parlamente ihre Haushalte debattieren, treffen sich 128 Personen im Salamander Hotel an der Potomac. Keine Protokolle, keine Pressezulassung, kein Rechenschaftsbericht. Nur ein knappes Kommuniqu\u00e9 mit Themenlisten \u2014 und die Gewissheit, dass hier nichts dem Zufall \u00fcberlassen wird.<\/p>\n<p>Es ist das 72. Bilderberg-Treffen. Und es ist das erste, das nicht im Juni stattfindet, sondern im April \u2014 mitten in der politischen Saison, unmittelbar nach Trumps Zollschock und parallel zu NATO-Krisengespr\u00e4chen \u00fcber einen m\u00f6glichen US-R\u00fcckzug aus dem B\u00fcndnis.<\/p>\n<p>57 der 128 Teilnehmer waren bereits ein Jahr zuvor in Stockholm dabei. Fast die H\u00e4lfte. Darunter der NATO-Generalsekret\u00e4r, der Chef von Google DeepMind, der CEO von Palantir, der Au\u00dfenminister Polens, der Pr\u00e4sident Finnlands, der Exekutivdirektor der Internationalen Energiebeh\u00f6rde \u2014 und erstmals seit Jahren wieder Karl-Theodor zu Guttenberg.<\/p>\n<p>Wer diese Namen kennt und wei\u00df, was zwischen Stockholm und Washington beschlossen, gegr\u00fcndet und in Gesetze gegossen wurde, dem dr\u00e4ngt sich eine Frage auf: Ist Bilderberg ein Diskussionsforum \u2014 oder ist es der Ort, an dem Entscheidungen abgesegnet werden, die anderswo bereits gefallen sind?<\/p>\n<p>Die Antwort liegt nicht im Geheimnis. Sie liegt im Tempo.<\/p>\n<h5><strong>1. Die Kontinuit\u00e4t \u2014 wer immer dabei ist und warum<\/strong><\/h5>\n<p>57 von 128 Teilnehmern waren bereits 2025 in Stockholm. Das ist die Stammbesetzung. Bilderberg hat kein Mitgliederverzeichnis, keine Satzung, keine demokratische Legitimation. Es hat etwas Wirksameres: eine Steuerungsgruppe, die entscheidet, wer eingeladen wird. Und wer zweimal eingeladen wird, geh\u00f6rt zum Kern.<\/p>\n<p>Dieser Kern ist in Washington deutlich sichtbar. Mark Rutte, NATO-Generalsekret\u00e4r, 2025 und 2026 dabei \u2014 obwohl, oder gerade weil Trumps Drohung eines NATO-Austritts die Allianz in ihre schwerste Krise seit der Gr\u00fcndung gef\u00fchrt hat. Ebenso Samuel Paparo, Oberkommandierender des US Indo-Pacific Command \u2014 zust\u00e4ndig f\u00fcr genau jenes Szenario, das China als eigenst\u00e4ndigen Agendapunkt auf den Plan gerufen hat. Radoslaw Sikorski, polnischer Au\u00dfenminister, beide Jahre. Alexander Stubb, finnischer Staatspr\u00e4sident, beide Jahre. Jens Stoltenberg, nach seinem NATO-Amt nun norwegischer Finanzminister, beide Jahre.<\/p>\n<p>Auf der Wirtschaftsseite: Henry Kravis, Mitgr\u00fcnder von KKR, dem gr\u00f6\u00dften Private-Equity-Fonds der Welt \u2014 beide Jahre. Nadia Calvi\u00f1o, Pr\u00e4sidentin der Europ\u00e4ischen Investitionsbank \u2014 beide Jahre. Jos\u00e9 Manuel Barroso, heute im Dienst von Goldman Sachs International \u2014 beide Jahre. Val\u00e9rie Baudson, CEO von Amundi, Europas gr\u00f6\u00dftem Verm\u00f6gensverwalter \u2014 beide Jahre.<\/p>\n<p>Daneben die Elite der Medien: Zanny Minton Beddoes vom Economist, John Micklethwait von Bloomberg, Gideon Rachman von der Financial Times, Fareed Zakaria von CNN \u2014 alle beide Jahre. Wer die Deutungshoheit \u00fcber das kontrolliert, was die \u00d6ffentlichkeit \u00fcber Krieg, Wirtschaft und Weltordnung erf\u00e4hrt, sitzt mit am Tisch.<\/p>\n<p>Das ist keine Verschw\u00f6rung. Das ist Netzwerkpflege auf h\u00f6chstem Niveau \u2014 mit dem entscheidenden Unterschied, dass sie unter dem Ausschluss der \u00d6ffentlichkeit stattfindet.<\/p>\n<table style=\"width: 600px; border-style: solid;\">\n<tbody>\n<tr style=\"background-color: #f2cdbd;\">\n<td style=\"width: 33.8608%; vertical-align: top;\" width=\"201\"><strong>Teilnehmervergleich (2) \u00a0<\/strong><\/td>\n<td style=\"width: 31.6456%;\" width=\"201\"><strong>2025 Stockholm <\/strong><\/td>\n<td style=\"width: 32.7532%;\" width=\"201\"><strong>2026 Washington<\/strong><\/td>\n<\/tr>\n<tr>\n<td style=\"width: 33.8608%;\" width=\"201\">Gesamt<\/td>\n<td style=\"width: 31.6456%;\" width=\"201\">121<\/td>\n<td style=\"width: 32.7532%;\" width=\"201\">128<\/td>\n<\/tr>\n<tr>\n<td style=\"width: 33.8608%;\" width=\"201\">Wiederholer<\/td>\n<td style=\"width: 31.6456%;\" width=\"201\">57<\/td>\n<td style=\"width: 32.7532%;\" width=\"201\">57<\/td>\n<\/tr>\n<\/tbody>\n<\/table>\n<p>.<\/p>\n<table style=\"width: 600px; border-style: solid;\">\n<tbody>\n<tr style=\"background-color: #f2cdbd;\">\n<td style=\"vertical-align: top;\" width=\"302\"><strong>Wiederholer nach Sektor \u00a0<\/strong><\/td>\n<td style=\"vertical-align: top;\" width=\"302\"><strong>Anzahl<\/strong><\/td>\n<\/tr>\n<tr>\n<td style=\"vertical-align: top;\" width=\"302\">Wirtschaft \/ Industrie<\/td>\n<td style=\"vertical-align: top;\" width=\"302\">18<\/td>\n<\/tr>\n<tr>\n<td style=\"vertical-align: top;\" width=\"302\">Politik<\/td>\n<td style=\"vertical-align: top;\" width=\"302\">9<\/td>\n<\/tr>\n<tr>\n<td style=\"vertical-align: top;\" width=\"302\">Technologie \/ KI<\/td>\n<td style=\"vertical-align: top;\" width=\"302\">8<\/td>\n<\/tr>\n<tr>\n<td style=\"vertical-align: top;\" width=\"302\">Finanzen \/ Investment<\/td>\n<td style=\"vertical-align: top;\" width=\"302\">8<\/td>\n<\/tr>\n<tr>\n<td style=\"vertical-align: top;\" width=\"302\">Energie<\/td>\n<td style=\"vertical-align: top;\" width=\"302\">5<\/td>\n<\/tr>\n<tr>\n<td style=\"vertical-align: top;\" width=\"302\">Milit\u00e4r \/ Sicherheit<\/td>\n<td style=\"vertical-align: top;\" width=\"302\">4<\/td>\n<\/tr>\n<tr>\n<td style=\"vertical-align: top;\" width=\"302\">Medien \/ Journalismus<\/td>\n<td style=\"vertical-align: top;\" width=\"302\">4<\/td>\n<\/tr>\n<tr>\n<td style=\"vertical-align: top;\" width=\"302\">Think-Tank \/ Wissenschaft<\/td>\n<td style=\"vertical-align: top;\" width=\"302\">1<\/td>\n<\/tr>\n<\/tbody>\n<\/table>\n<p>.<\/p>\n<table style=\"width: 600px; border-style: solid;\">\n<tbody>\n<tr style=\"background-color: #f2cdbd;\">\n<td style=\"width: 302px; vertical-align: top;\" width=\"302\"><strong>Wiederholer nach Sektor \u00a0<\/strong><\/td>\n<td width=\"302\"><strong>Anzahl<\/strong><\/td>\n<\/tr>\n<tr>\n<td width=\"302\">Wirtschaft \/ Industrie<\/td>\n<td width=\"302\">18<\/td>\n<\/tr>\n<tr>\n<td width=\"302\">Politik<\/td>\n<td width=\"302\">9<\/td>\n<\/tr>\n<tr>\n<td width=\"302\">Technologie \/ KI<\/td>\n<td width=\"302\">8<\/td>\n<\/tr>\n<tr>\n<td width=\"302\">Finanzen \/ Investment<\/td>\n<td width=\"302\">8<\/td>\n<\/tr>\n<tr>\n<td width=\"302\">Energie<\/td>\n<td width=\"302\">5<\/td>\n<\/tr>\n<tr>\n<td width=\"302\">Milit\u00e4r \/ Sicherheit<\/td>\n<td width=\"302\">4<\/td>\n<\/tr>\n<tr>\n<td width=\"302\">Medien \/ Journalismus<\/td>\n<td width=\"302\">4<\/td>\n<\/tr>\n<tr>\n<td width=\"302\">Think-Tank \/ Wissenschaft<\/td>\n<td width=\"302\">1<\/td>\n<\/tr>\n<\/tbody>\n<\/table>\n<p><strong>.<\/strong><\/p>\n<p><strong>Prominenteste Wiederholer<\/strong><\/p>\n<p><img data-recalc-dims=\"1\" loading=\"lazy\" decoding=\"async\" data-attachment-id=\"25044\" data-permalink=\"https:\/\/www.freidenker.org\/?attachment_id=25044\" data-orig-file=\"https:\/\/i0.wp.com\/www.freidenker.org\/fw17\/wp-content\/uploads\/2026\/04\/Effenberger_Bilderberger2026_02.png?fit=925%2C714&amp;ssl=1\" data-orig-size=\"925,714\" data-comments-opened=\"0\" data-image-meta=\"{&quot;aperture&quot;:&quot;0&quot;,&quot;credit&quot;:&quot;&quot;,&quot;camera&quot;:&quot;&quot;,&quot;caption&quot;:&quot;&quot;,&quot;created_timestamp&quot;:&quot;0&quot;,&quot;copyright&quot;:&quot;&quot;,&quot;focal_length&quot;:&quot;0&quot;,&quot;iso&quot;:&quot;0&quot;,&quot;shutter_speed&quot;:&quot;0&quot;,&quot;title&quot;:&quot;&quot;,&quot;orientation&quot;:&quot;0&quot;}\" data-image-title=\"Effenberger_Bilderberger2026_02\" data-image-description=\"\" data-image-caption=\"\" data-large-file=\"https:\/\/i0.wp.com\/www.freidenker.org\/fw17\/wp-content\/uploads\/2026\/04\/Effenberger_Bilderberger2026_02.png?fit=800%2C618&amp;ssl=1\" class=\"alignnone wp-image-25044\" src=\"https:\/\/i0.wp.com\/www.freidenker.org\/fw17\/wp-content\/uploads\/2026\/04\/Effenberger_Bilderberger2026_02.png?resize=600%2C463&#038;ssl=1\" alt=\"\" width=\"600\" height=\"463\" srcset=\"https:\/\/i0.wp.com\/www.freidenker.org\/fw17\/wp-content\/uploads\/2026\/04\/Effenberger_Bilderberger2026_02.png?w=925&amp;ssl=1 925w, https:\/\/i0.wp.com\/www.freidenker.org\/fw17\/wp-content\/uploads\/2026\/04\/Effenberger_Bilderberger2026_02.png?resize=300%2C232&amp;ssl=1 300w, https:\/\/i0.wp.com\/www.freidenker.org\/fw17\/wp-content\/uploads\/2026\/04\/Effenberger_Bilderberger2026_02.png?resize=768%2C593&amp;ssl=1 768w\" sizes=\"auto, (max-width: 600px) 100vw, 600px\" \/><\/p>\n<p>Dasselbe &#8222;Stammpublikum&#8220; (NATO\u2011Spitze, EU\u2011Spitze, gro\u00dfe KI\u2011 und R\u00fcstungskonzerne, globale Banken, Medienvertreter) taucht also in beiden Jahren auf.<\/p>\n<h5><strong>2. Agenda-Verschiebung<\/strong>:<\/h5>\n<p>Von der Bedrohungsdiagnose (2025) zur operativen Planung (2026)<\/p>\n<p>neu: Future of Warfare, Arctic Security, China, Digital Finance<\/p>\n<p>Beim Vergleich der Agenden von 2025 und 2026 erkennt man eine Verschiebung, die mehr verr\u00e4t als jedes Kommuniqu\u00e9:<\/p>\n<p>2025 waren in Stockholm Transatlantic Relationship, Authoritarian Axis, AI, Deterrence and National Security, Defence Innovation and Resilience die bestimmenden Themen.<\/p>\n<p>2026 in Washington geht es um Future of Warfare, Trans-Atlantic Defence-Industrial Relationship, Arctic Security, Digital Finance, Global Trade. Die Sprache hat sich ver\u00e4ndert. Hier wurde nicht mehr diagnostiziert, sondern Arbeitsauftr\u00e4ge vergeben.<\/p>\n<p>Der Begriff &#8222;Authoritarian Axis&#8220; \u2014 jener Sammelbegriff, der Russland, China, Iran und Nordkorea zu einer Achse des B\u00f6sen zusammenfasste \u2014 ist verschwunden. Stattdessen erscheinen Russland und China als eigenst\u00e4ndige Punkte. Das klingt nach N\u00fcchternheit, ist aber das Gegenteil: Wer einen Gegner aus dem moralischen Rahmen herausl\u00f6st und ihn als separates strategisches Problem behandelt, bereitet konkrete Optionen vor, keine Rhetorik.<\/p>\n<p>Die Bezeichnung &#8222;Arctic Security&#8220; ist neu \u2014 auch kein Zufall. Gr\u00f6nland, die Nordostpassage, die Ressourcen unter dem schmelzenden Eis: Das sind die Schlachtfelder der n\u00e4chsten Dekade. Dass Donald Trump Gr\u00f6nland im selben Zeitraum zum amerikanischen Territorium erkl\u00e4ren wollte, gibt diesem Agendapunkt seinen realpolitischen Kontext.<\/p>\n<p>Unter dem Sammelbegriff &#8222;The West&#8220; schlie\u00dflich \u2014 als philosophischer Punkt formuliert, aber mit handfester Bedeutung: Was bleibt vom Westen noch, wenn Amerika seine Verb\u00fcndeten mit Z\u00f6llen bestraft und die NATO-Mitgliedschaft als Verhandlungsmasse sieht?<\/p>\n<p>Trotz schwelender Irankrise fiel &#8222;Proliferation&#8220; \u2014 Atomwaffenverbreitung \u2013 unter den Tisch, obwohl die Iran-Krise weiter schwelt.<\/p>\n<p>Gestrichen wurden die demografischen Themen wie &#8222;Depopulation and Migration&#8220;<\/p>\n<p>Daf\u00fcr kamen neue Schwerpunktthemen:<\/p>\n<p>&#8222;Future of Warfare&#8220; (Zukunft der Kriegf\u00fchrung) \u2014 direkter und offener als das alte &#8222;Defence Innovation&#8220;. Neu und bezeichnend f\u00fcr den Gr\u00f6nland-Konflikt: &#8222;Arctic Security&#8220;<\/p>\n<p>In der Kontinuit\u00e4t blieben: Ukraine, Europa, Naher Osten und Energie.<\/p>\n<p><strong>Die zentrale Verschiebung zu 2025<\/strong><\/p>\n<p>2025 war die Agenda noch in einem Bedrohungsrahmen formuliert \u2014 Sicherheit, Abschreckung, Achsen. 2026 ist sie operativer: Krieg der Zukunft, transatlantische R\u00fcstungsindustrie, digitales Geld, arktische Ressourcen. Das Netzwerk arbeitet nicht mehr an der Diagnose \u2014 es arbeitet an L\u00f6sungen, die es selbst umsetzt.<\/p>\n<p>Die KI spielte durchaus eine starke Rolle, vor allem in Bereichen, die eigentlich unter OmniWar fallen. Das wurde auch von der Anzahl der KI-Vertreter unterstrichen und d\u00fcrfte nicht zuletzt im Zusammenhang mit dem neuen US-Befehlsbereich &#8222;Transformation and Training Command&#8220; stehen.<\/p>\n<h5><strong>3. T2COM und FUSE\/FUZE<\/strong><strong> \u2014 wie Silicon Valley und Schlachtfeld verschmelzen<\/strong><\/h5>\n<p>Am 2. Oktober 2025 \u2014 zwischen den Bilderberger-Treffen in Stockholm und Washington \u2014 wurde in den USA ein neues Milit\u00e4rkommando aktiviert: das &#8222;United States Army Transformation and Training Command&#8220;, kurz T2COM, mit Sitz in Austin, Texas. Es umfasst 350.000 Personen und vereint Ausbildung, Doktrin, R\u00fcstungsbeschaffung und Zukunftskonzepte unter einem Dach. (3)<\/p>\n<figure id=\"attachment_25043\" aria-describedby=\"caption-attachment-25043\" style=\"width: 600px\" class=\"wp-caption alignnone\"><img data-recalc-dims=\"1\" loading=\"lazy\" decoding=\"async\" data-attachment-id=\"25043\" data-permalink=\"https:\/\/www.freidenker.org\/?attachment_id=25043\" data-orig-file=\"https:\/\/i0.wp.com\/www.freidenker.org\/fw17\/wp-content\/uploads\/2026\/04\/Effenberger_Bilderberger2026_03.png?fit=843%2C605&amp;ssl=1\" data-orig-size=\"843,605\" data-comments-opened=\"0\" data-image-meta=\"{&quot;aperture&quot;:&quot;0&quot;,&quot;credit&quot;:&quot;&quot;,&quot;camera&quot;:&quot;&quot;,&quot;caption&quot;:&quot;&quot;,&quot;created_timestamp&quot;:&quot;0&quot;,&quot;copyright&quot;:&quot;&quot;,&quot;focal_length&quot;:&quot;0&quot;,&quot;iso&quot;:&quot;0&quot;,&quot;shutter_speed&quot;:&quot;0&quot;,&quot;title&quot;:&quot;&quot;,&quot;orientation&quot;:&quot;0&quot;}\" data-image-title=\"Effenberger_Bilderberger2026_03\" data-image-description=\"\" data-image-caption=\"\" data-large-file=\"https:\/\/i0.wp.com\/www.freidenker.org\/fw17\/wp-content\/uploads\/2026\/04\/Effenberger_Bilderberger2026_03.png?fit=800%2C574&amp;ssl=1\" class=\"wp-image-25043\" src=\"https:\/\/i0.wp.com\/www.freidenker.org\/fw17\/wp-content\/uploads\/2026\/04\/Effenberger_Bilderberger2026_03.png?resize=600%2C431&#038;ssl=1\" alt=\"\" width=\"600\" height=\"431\" srcset=\"https:\/\/i0.wp.com\/www.freidenker.org\/fw17\/wp-content\/uploads\/2026\/04\/Effenberger_Bilderberger2026_03.png?resize=300%2C215&amp;ssl=1 300w, https:\/\/i0.wp.com\/www.freidenker.org\/fw17\/wp-content\/uploads\/2026\/04\/Effenberger_Bilderberger2026_03.png?resize=768%2C551&amp;ssl=1 768w, https:\/\/i0.wp.com\/www.freidenker.org\/fw17\/wp-content\/uploads\/2026\/04\/Effenberger_Bilderberger2026_03.png?w=843&amp;ssl=1 843w\" sizes=\"auto, (max-width: 600px) 100vw, 600px\" \/><figcaption id=\"caption-attachment-25043\" class=\"wp-caption-text\"><span style=\"font-size: 10pt;\">T2COM: From Vision to Victory<\/span><\/figcaption><\/figure>\n<p>In T2COM verschmilzt das 1973 angesichts der verlorenen Vietnamkrieges geschaffene &#8222;Training and Doctrine Command&#8220; (TRADOC) und das &#8222;Army Futures Command&#8220; (AFC) zu einer einzigen Beh\u00f6rde, die Doktrin, Ausbildung, R\u00fcstungsbeschaffung und Zukunftskonzepte unter einem Dach vereint. 350.000 Personen, drei untergeordnete Gro\u00dfkommandos \u2014 darunter das im Februar 2026 aktivierte &#8222;Futures and Concepts Command&#8220;, zust\u00e4ndig f\u00fcr die Konzeption der Kriegsf\u00fchrung 2030 bis 2040.<\/p>\n<p>Der Architekt dieses Umbaus ist Daniel P. Driscoll, Secretary of the Army \u2014 und Bilderberg-Teilnehmer 2026.<\/p>\n<p>Heeresminister Daniel P. Driscoll ist der politische Architekt von T2COM. Da dr\u00e4ngt sich die Erinnerung an den stellvertretenden Verteidigungsminister Paul Wolfowitz auf, der ab 1992 die Leitlinien zur Verteidigungsplanung entwickelte, die im TRADOC-Dokument 525 -5 &#8222;Force XXI Operations A Concept for the Evolution of Full-Dimensional Operations for the Stragegic Army of the Early Twenty-First Century&#8220; festgehalten sind.<\/p>\n<p><img data-recalc-dims=\"1\" loading=\"lazy\" decoding=\"async\" data-attachment-id=\"25042\" data-permalink=\"https:\/\/www.freidenker.org\/?attachment_id=25042\" data-orig-file=\"https:\/\/i0.wp.com\/www.freidenker.org\/fw17\/wp-content\/uploads\/2026\/04\/Effenberger_Bilderberger2026_04.png?fit=609%2C469&amp;ssl=1\" data-orig-size=\"609,469\" data-comments-opened=\"0\" data-image-meta=\"{&quot;aperture&quot;:&quot;0&quot;,&quot;credit&quot;:&quot;&quot;,&quot;camera&quot;:&quot;&quot;,&quot;caption&quot;:&quot;&quot;,&quot;created_timestamp&quot;:&quot;0&quot;,&quot;copyright&quot;:&quot;&quot;,&quot;focal_length&quot;:&quot;0&quot;,&quot;iso&quot;:&quot;0&quot;,&quot;shutter_speed&quot;:&quot;0&quot;,&quot;title&quot;:&quot;&quot;,&quot;orientation&quot;:&quot;0&quot;}\" data-image-title=\"Effenberger_Bilderberger2026_04\" data-image-description=\"\" data-image-caption=\"\" data-large-file=\"https:\/\/i0.wp.com\/www.freidenker.org\/fw17\/wp-content\/uploads\/2026\/04\/Effenberger_Bilderberger2026_04.png?fit=609%2C469&amp;ssl=1\" class=\"alignnone wp-image-25042\" src=\"https:\/\/i0.wp.com\/www.freidenker.org\/fw17\/wp-content\/uploads\/2026\/04\/Effenberger_Bilderberger2026_04.png?resize=600%2C462&#038;ssl=1\" alt=\"\" width=\"600\" height=\"462\" srcset=\"https:\/\/i0.wp.com\/www.freidenker.org\/fw17\/wp-content\/uploads\/2026\/04\/Effenberger_Bilderberger2026_04.png?resize=300%2C231&amp;ssl=1 300w, https:\/\/i0.wp.com\/www.freidenker.org\/fw17\/wp-content\/uploads\/2026\/04\/Effenberger_Bilderberger2026_04.png?w=609&amp;ssl=1 609w\" sizes=\"auto, (max-width: 600px) 100vw, 600px\" \/><\/p>\n<p>Nun wurden also genau zwischen den beiden Bilderberg-Treffen in Stockholm und Washington das &#8222;Training and Doctrine Command&#8220; (TRADOC) und das &#8222;Army Futures Command&#8220; (AFC) zusammengelegt. Dieser Schritt war innen- wie au\u00dfenpolitisch motiviert und soll wie 1973 angesichts des verlorenen Ukrainekrieges den ansteigenden Spannungen in den USA Rechnung tragen.<\/p>\n<p>Driscolls Kernbotschaft, formuliert bereits im Oktober 2025 bei der Fachmesse\/Tagung der \u201eAssociation of the United States Army\u201c (AUSA) in Washington (4), bei der Milit\u00e4r, Industrie und Politik zusammenkommen:<\/p>\n<p>\u201eUnsere Gegner nutzen KI, Robotik und autonome Systeme, um die Kriegsf\u00fchrung zu ver\u00e4ndern. Wenn wir nicht schnell handeln und innovativ sind, riskieren wir, den Anschluss zu verlieren.\u201c<\/p>\n<p>Sechs Wochen vor dem Angriff auf den Iran, am 9. Januar 2026, unterzeichnete der US\u2011Verteidigungsminister ein Memorandum mit dem Titel \u201eStrategie f\u00fcr K\u00fcnstliche Intelligenz des Kriegsministeriums\u201c. (5)<\/p>\n<p><img data-recalc-dims=\"1\" loading=\"lazy\" decoding=\"async\" data-attachment-id=\"25040\" data-permalink=\"https:\/\/www.freidenker.org\/?attachment_id=25040\" data-orig-file=\"https:\/\/i0.wp.com\/www.freidenker.org\/fw17\/wp-content\/uploads\/2026\/04\/Effenberger_Bilderberger2026_06.png?fit=814%2C573&amp;ssl=1\" data-orig-size=\"814,573\" data-comments-opened=\"0\" data-image-meta=\"{&quot;aperture&quot;:&quot;0&quot;,&quot;credit&quot;:&quot;&quot;,&quot;camera&quot;:&quot;&quot;,&quot;caption&quot;:&quot;&quot;,&quot;created_timestamp&quot;:&quot;0&quot;,&quot;copyright&quot;:&quot;&quot;,&quot;focal_length&quot;:&quot;0&quot;,&quot;iso&quot;:&quot;0&quot;,&quot;shutter_speed&quot;:&quot;0&quot;,&quot;title&quot;:&quot;&quot;,&quot;orientation&quot;:&quot;0&quot;}\" data-image-title=\"Effenberger_Bilderberger2026_06\" data-image-description=\"\" data-image-caption=\"\" data-large-file=\"https:\/\/i0.wp.com\/www.freidenker.org\/fw17\/wp-content\/uploads\/2026\/04\/Effenberger_Bilderberger2026_06.png?fit=800%2C563&amp;ssl=1\" class=\"alignnone wp-image-25040\" src=\"https:\/\/i0.wp.com\/www.freidenker.org\/fw17\/wp-content\/uploads\/2026\/04\/Effenberger_Bilderberger2026_06.png?resize=600%2C422&#038;ssl=1\" alt=\"\" width=\"600\" height=\"422\" srcset=\"https:\/\/i0.wp.com\/www.freidenker.org\/fw17\/wp-content\/uploads\/2026\/04\/Effenberger_Bilderberger2026_06.png?resize=300%2C211&amp;ssl=1 300w, https:\/\/i0.wp.com\/www.freidenker.org\/fw17\/wp-content\/uploads\/2026\/04\/Effenberger_Bilderberger2026_06.png?resize=768%2C541&amp;ssl=1 768w, https:\/\/i0.wp.com\/www.freidenker.org\/fw17\/wp-content\/uploads\/2026\/04\/Effenberger_Bilderberger2026_06.png?resize=130%2C90&amp;ssl=1 130w, https:\/\/i0.wp.com\/www.freidenker.org\/fw17\/wp-content\/uploads\/2026\/04\/Effenberger_Bilderberger2026_06.png?w=814&amp;ssl=1 814w\" sizes=\"auto, (max-width: 600px) 100vw, 600px\" \/><\/p>\n<p>Nur zwei Wochen vor dem Bilderbergtreffen in Washington besuchte Driscoll am 26. M\u00e4rz 2026 das &#8222;Army Cyber Command&#8220; und lie\u00df sich KI-gest\u00fctzte Offensivoperationen und Drohnen-Cyber-Kopplung demonstrieren \u2014 exakt die Themen, die dann in Washington auf der Agenda standen. (6)<\/p>\n<p><img data-recalc-dims=\"1\" loading=\"lazy\" decoding=\"async\" data-attachment-id=\"25039\" data-permalink=\"https:\/\/www.freidenker.org\/?attachment_id=25039\" data-orig-file=\"https:\/\/i0.wp.com\/www.freidenker.org\/fw17\/wp-content\/uploads\/2026\/04\/Effenberger_Bilderberger2026_07.png?fit=654%2C287&amp;ssl=1\" data-orig-size=\"654,287\" data-comments-opened=\"0\" data-image-meta=\"{&quot;aperture&quot;:&quot;0&quot;,&quot;credit&quot;:&quot;&quot;,&quot;camera&quot;:&quot;&quot;,&quot;caption&quot;:&quot;&quot;,&quot;created_timestamp&quot;:&quot;0&quot;,&quot;copyright&quot;:&quot;&quot;,&quot;focal_length&quot;:&quot;0&quot;,&quot;iso&quot;:&quot;0&quot;,&quot;shutter_speed&quot;:&quot;0&quot;,&quot;title&quot;:&quot;&quot;,&quot;orientation&quot;:&quot;0&quot;}\" data-image-title=\"Effenberger_Bilderberger2026_07\" data-image-description=\"\" data-image-caption=\"\" data-large-file=\"https:\/\/i0.wp.com\/www.freidenker.org\/fw17\/wp-content\/uploads\/2026\/04\/Effenberger_Bilderberger2026_07.png?fit=654%2C287&amp;ssl=1\" class=\"alignnone wp-image-25039 size-full\" src=\"https:\/\/i0.wp.com\/www.freidenker.org\/fw17\/wp-content\/uploads\/2026\/04\/Effenberger_Bilderberger2026_07.png?resize=654%2C287&#038;ssl=1\" alt=\"\" width=\"654\" height=\"287\" srcset=\"https:\/\/i0.wp.com\/www.freidenker.org\/fw17\/wp-content\/uploads\/2026\/04\/Effenberger_Bilderberger2026_07.png?w=654&amp;ssl=1 654w, https:\/\/i0.wp.com\/www.freidenker.org\/fw17\/wp-content\/uploads\/2026\/04\/Effenberger_Bilderberger2026_07.png?resize=300%2C132&amp;ssl=1 300w\" sizes=\"auto, (max-width: 654px) 100vw, 654px\" \/><\/p>\n<p>Das Pentagon-Dokument &#8222;AI Strategy for the Department of War&#8220; vom Januar 2026 \u2014 also drei Monate vor Bilderberg \u2014 nennt explizit Programme wie Swarm Forge (KI-Drohnenschw\u00e4rme), Agent Network (KI-gest\u00fctzte Kill-Chain-Entscheidungen) und Ender&#8217;s Foundry (KI-Kriegssimulation). Diese Konzepte brauchen zivile Tech-Partner. (7)<\/p>\n<p>Heeresminister und Bilderberg-Teilnehmer Daniel Driscoll hat mit FUZE einen Venture Capital-Mechanismus eingef\u00fchrt, der Startups wie Anduril (Schimpf), Palantir (Karp) und Anthropic (Clark) in 70 Tagen unter R\u00fcstungsvertrag bringt \u2014 ohne parlamentarische Kontrolle.<\/p>\n<p>Die Namen zweier Startups sind aus Herr der Ringe entlehnt:<\/p>\n<p>&#8222;Anduril&#8220; ist vor allem der Name von Aragorns Schwert in &#8222;Der Herr der Ringe&#8220; und bedeutet in Tolkiens Elbensprache Quenya &#8222;Westschimmer&#8220; bzw. wird mit dem Beinamen &#8222;Flamme des Westens&#8220; verbunden (8) und &#8222;Palantir&#8220; die sehenden Steine.<\/p>\n<p>Das neue &#8222;Army Transformation and Training Command&#8220; als institutioneller Rahmen der zivil-milit\u00e4rischen Fusion:<\/p>\n<p>Das neue &#8222;Army Transformation and Training Command&#8220; fungiert als institutioneller Rahmen der zivil-milit\u00e4rischen Fusion.<\/p>\n<p><strong>Der entscheidende Mechanismus: Zivil-milit\u00e4rische Fusion<\/strong><\/p>\n<p>Driscoll kommt nicht aus dem Milit\u00e4r. Er kommt aus dem &#8222;Venture Capital&#8220;, war CEO des 200-Millionen-Dollar-Fonds Flex Capital. Und genau das tr\u00e4gt er ins Pentagon: Im September 2025 lancierte er FUZE \u2014 ein R\u00fcstungsbeschaffungsmodell, das den Risikokapitalismus des Silicon Valley direkt in die Kriegsmaschinerie \u00fcbertr\u00e4gt.<\/p>\n<p>750 Millionen Dollar j\u00e4hrlich flie\u00dfen seither in ein System, das Startups identifiziert, sie in 60 bis 70 Tagen unter Vertrag nimmt und ihre Prototypen innerhalb von Wochen zu den Soldaten bringt. Kein Ausschreibungsverfahren im klassischen Sinn, keine mehrj\u00e4hrigen Entwicklungszyklen, keine parlamentarische Begleitung. Driscoll selbst nannte es ein &#8222;cradle-to-grave capital funding model&#8220; \u2014 von der Idee bis zur Waffe, durchfinanziert wie ein Startup auf dem Weg zum B\u00f6rsengang.<\/p>\n<p>Der erste Wettbewerb fand in Kooperation mit Y Combinator statt \u2014 jenem Startup-Beschleuniger aus dem Silicon Valley, der unter anderem Airbnb und Dropbox gro\u00df gemacht hat. Nun sind Drohnenschw\u00e4rme und elektronische Kriegsf\u00fchrung dran.<\/p>\n<p>Die Nutznie\u00dfer sitzen in Washington beim Bilderberg-Treffen: Brian Schimpf, Co-Gr\u00fcnder und CEO von Anduril Industries \u2014 bereits mit milliardenschweren Army-Auftr\u00e4gen ausgestattet. Alex Karp, CEO von Palantir \u2014 Enterprise-Service-Vertrag mit der US Army. Jack Clark, Co-Gr\u00fcnder von Anthropic \u2014 KI-Modelle f\u00fcr milit\u00e4rische Entscheidungsprozesse. Eric Schmidt, ehemaliger Google-Chef, heute Relativity Space.<\/p>\n<p>Das Pentagon-Dokument &#8222;Artificial Intelligence Strategy for the Department of War&#8220; vom Januar 2026 \u2014 drei Monate vor Bilderberg \u2014 nennt die Programme beim Namen: Swarm Forge f\u00fcr KI-gesteuerte Drohnenschw\u00e4rme, Agent Network f\u00fcr KI-gest\u00fctzte Kill-Chain-Entscheidungen, Ender&#8217;s Foundry f\u00fcr KI-Kriegssimulation. Diese Programme brauchen zivile Partner. Die zivilen Partner sitzen in Washington.<\/p>\n<p>Die Grenze zwischen dem Silicon Valley und dem Schlachtfeld existiert zwar rechtlich noch, aber praktisch nicht mehr.<\/p>\n<p>Genau hier liegt der Omniwar-Kern: T2COM hat mit dem FUZE-Modell einen Venture-Capital-Ansatz f\u00fcr R\u00fcstungsbeschaffung eingef\u00fchrt \u2014 nicht-traditionelle R\u00fcstungsunternehmen sollen schneller als klassische Konzerne liefern. Die Bilderberg-Teilnehmer Brian Schimpf (Anduril), Alex Karp (Palantir), Jack Clark (Anthropic) und Eric Schmidt sind genau jene &#8222;non-traditional defense contractors&#8220;, die Driscoll meint. Sie sitzen nicht zuf\u00e4llig am selben Tisch wie Driscoll in Washington.<\/p>\n<p>T2COM ist der institutionelle Rahmen, der erkl\u00e4rt, warum bei Bilderberg 2026 so viele KI-Vertreter sa\u00dfen: Es geht nicht um eine abstrakte Technologiedebatte, sondern um die Vergabe konkreter Auftr\u00e4ge und die Abstimmung von Doktrin und Industrie \u2014 in einem Forum, das keine Protokolle f\u00fchrt. Das ist Omniwar in der Praxis: Die Grenze zwischen Silicon Valley und Schlachtfeld wird in Washington eingerissen, bevor das Parlament davon erf\u00e4hrt.<\/p>\n<p>FUZE \u2014 offiziell Army FUZE \u2014 ist ein im September 2025 von Daniel Driscoll eingef\u00fchrtes R\u00fcstungsbeschaffungsmodell, das das Silicon-Valley-Prinzip des Risikokapitals direkt ins Pentagon \u00fcbertr\u00e4gt. Driscoll kommt selbst aus der VC-Welt, er war CEO des 200-Millionen-Dollar-Fonds &#8222;Flex Capital&#8220;.<\/p>\n<p>Statt des klassischen Beschaffungszyklus\u00b4 von 12\u201318 Monaten oder jahrzehntelanger Gro\u00dfauftr\u00e4ge an etablierte R\u00fcstungskonzerne soll FUZE mithilfe von Startups innerhalb von Wochen erste Prototypen f\u00fcr Soldaten verf\u00fcgbar machen.<\/p>\n<p>Dazu b\u00fcndelt FUZE vier bestehende F\u00f6rderprogramme unter einem Dach:<\/p>\n<table style=\"width: 600px; border-style: solid;\">\n<tbody>\n<tr style=\"background-color: #f2cdbd;\">\n<td style=\"width: 217px; text-align: left; vertical-align: top;\" width=\"217\"><strong>Programm<\/strong><\/td>\n<td width=\"387\"><strong>Funktion<\/strong><\/td>\n<\/tr>\n<tr>\n<td width=\"217\">xTech<\/td>\n<td width=\"387\">Pitch-Wettbewerbe (&#8222;Shark Tank f\u00fcr R\u00fcstung&#8220;), Einstieg f\u00fcr Newcomer<\/td>\n<\/tr>\n<tr>\n<td width=\"217\">SBIR\/STTR<\/td>\n<td width=\"387\">Staatsgelder f\u00fcr Kleinunternehmen, ohne Eigenkapitalabgabe<\/td>\n<\/tr>\n<tr>\n<td width=\"217\">TMI<\/td>\n<td width=\"387\">Reifung und H\u00e4rtung von Prototypen f\u00fcr den Feldeinsatz<\/td>\n<\/tr>\n<tr>\n<td width=\"217\">ManTEch<\/td>\n<td width=\"387\">Skalierung erfolgreicher Technologien zur Massenproduktion, Volumen: 750 Millionen Dollar j\u00e4hrlich \u2014 mit angek\u00fcndigter Steigerung. Erstes Partnerprogramm gemeinsam mit Y Combinator, dem bekanntesten Startup-Accelerator des Silicon Valley.<\/td>\n<\/tr>\n<\/tbody>\n<\/table>\n<p>FUZE bricht bewusst mit dem alten Modell der gro\u00dfen R\u00fcstungskonzerne (&#8222;primes&#8220;). Driscoll sagte explizit, er w\u00fcrde es als Erfolg bezeichnen, wenn in seiner Amtszeit ein R\u00fcstungskonzern pleitegeht.<\/p>\n<p>Stattdessen flie\u00dft das Geld direkt zu jenen Firmen, die auch in Washington bei Bilderberg sa\u00dfen:<\/p>\n<p>FUZE ist damit der institutionelle Mechanismus, der die Grenze zwischen Venture Capital, Silicon Valley und Kriegsf\u00fchrung aufl\u00f6st \u2014 mit bewusst gesenkter Einstiegsh\u00fcrde f\u00fcr Firmen, die noch nie mit dem Milit\u00e4r zusammengearbeitet haben.<\/p>\n<p>Palantir\u2011Mitgr\u00fcnder Alexander C. Karp und Nicholas W. Zamiska (Kommunikations\u2011 und Strategieverantwortlicher bei Palantir) haben mit ihrem Buch &#8222;Die technologische Republik: Harte Macht, weiche \u00dcberzeugung und die Zukunft des Westens&#8220; eine Art Palantir\u2011Manifest vorgelegt. Darin argumentieren sie, dass das Atomzeitalter als Grundlage der Abschreckung zu Ende gehe und eine neue \u00c4ra KI\u2011gest\u00fctzter Abschreckung beginne. (9)<\/p>\n<p>Das Buch ist bewusst als politisch\u2011strategisches Manifest angelegt: Es verbindet geopolitische Analyse, Kulturkritik und einen programmatischen Entwurf f\u00fcr eine &#8222;technologische Republik&#8220;. (10)<\/p>\n<p>Technologischer und \u00f6konomischer Vorsprung h\u00e4ngt \u2013 so ihre These \u2013 stark davon ab, ob Eliten bereit sind, sich gegen den Mainstream zu stellen und kontroverse Technologie (insbesondere milit\u00e4rnahe KI) zu entwickeln. (11)<\/p>\n<p>W\u00e4hrend Bef\u00fcrworter die klare Benennung strategischer Risiken: KI\u2011R\u00fcstungswettlauf, geopolitische Rivalen, eine \u00fcberforderte B\u00fcrokratie und die Kurzfristigkeit der M\u00e4rkte loben, sehen Kritiker einen massiven Interessenkonflikt, da Palantir direkt von staatlichen Sicherheits\u2011 und Milit\u00e4rauftr\u00e4gen profitiert. (12) Umstritten ist zudem das Demokratie\u2011 und Freiheitsverst\u00e4ndnis: Die starke Betonung von Geheimdiensten, Milit\u00e4r und &#8222;harter Macht&#8220; wirft Fragen auf, wie transparente Kontrolle, B\u00fcrgerrechte und Missbrauchsrisiken gehandhabt werden sollen. (13)<\/p>\n<p><strong>Omniwar nicht als Theorie, sondern als Beschaffungsrichtlinie.<\/strong><\/p>\n<p>Was FUZE in seiner Konsequenz bedeutet: Der Krieg wird nicht mehr nur von Staaten gef\u00fchrt, sondern von einer Investitionskette \u2014 vom Startup-Pitch \u00fcber den VC-Fonds bis zur Kill-Chain \u2014 und das alles in 70 Tagen, ohne dass irgendein Parlament die Zeit h\u00e4tte, auch nur eine Frage zu stellen.<\/p>\n<p>Der Begriff &#8222;Dual-Use&#8220; taucht in den FUZE-Dokumenten ausdr\u00fccklich auf. Das hei\u00dft: Technologien, die heute zivil vermarktet werden, k\u00f6nnen morgen auf dem Schlachtfeld landen \u2014 und umgekehrt.<\/p>\n<p>Bilderberg 2026 war in diesem Licht kein Diskussionsforum. Es war ein Abstimmungsgespr\u00e4ch zwischen den Architekten dieses Systems: dem Auftraggeber (Driscoll), den Auftragnehmern (Karp, Schimpf, Clark, Schmidt) und den politischen Absicherern (Rutte, Sikorski, Stubb).<\/p>\n<p>Alles nicht protokolliert. Alles freiwillig. Alles legal<\/p>\n<h5><strong>4. Guttenberg und die deutsche Frage<\/strong><\/h5>\n<p>Erstmals wieder bei Bilderberg: Karl-Theodor zu Guttenberg, ehemaliger Bundesverteidigungsminister, 2011 wegen Plagiats zur\u00fcckgetreten, seither in New York und Washington ans\u00e4ssig als Chef von Spitzberg Partners \u2014 einer Beratungs- und Investmentfirma im transatlantischen R\u00fcstungs- und Technologiebereich &#8211; ein transatlantischer Netzwerker mit CSU-Herkunft und Washington-Basis.<\/p>\n<p>Guttenberg war zuletzt vor Jahren bei Bilderberg. Jetzt ist er wieder da \u2014 in Washington, im April 2026, w\u00e4hrend Friedrich Merz mit einer historisch knappen Mehrheit von neun Stimmen das Kanzleramt h\u00e4lt und die deutschen R\u00fcstungsausgaben auf ein Rekordniveau steigen.<\/p>\n<p>Am 22. November 2019 schrieb Wolfgang Effenberger in WORLD ECONOMY unter dem Titel &#8222;US-Krieg gegen Rivalen China&#8220;:<\/p>\n<p><img data-recalc-dims=\"1\" loading=\"lazy\" decoding=\"async\" data-attachment-id=\"25038\" data-permalink=\"https:\/\/www.freidenker.org\/?attachment_id=25038\" data-orig-file=\"https:\/\/i0.wp.com\/www.freidenker.org\/fw17\/wp-content\/uploads\/2026\/04\/Effenberger_Bilderberger2026_08.png?fit=919%2C771&amp;ssl=1\" data-orig-size=\"919,771\" data-comments-opened=\"0\" data-image-meta=\"{&quot;aperture&quot;:&quot;0&quot;,&quot;credit&quot;:&quot;&quot;,&quot;camera&quot;:&quot;&quot;,&quot;caption&quot;:&quot;&quot;,&quot;created_timestamp&quot;:&quot;0&quot;,&quot;copyright&quot;:&quot;&quot;,&quot;focal_length&quot;:&quot;0&quot;,&quot;iso&quot;:&quot;0&quot;,&quot;shutter_speed&quot;:&quot;0&quot;,&quot;title&quot;:&quot;&quot;,&quot;orientation&quot;:&quot;0&quot;}\" data-image-title=\"Effenberger_Bilderberger2026_08\" data-image-description=\"\" data-image-caption=\"\" data-large-file=\"https:\/\/i0.wp.com\/www.freidenker.org\/fw17\/wp-content\/uploads\/2026\/04\/Effenberger_Bilderberger2026_08.png?fit=800%2C671&amp;ssl=1\" class=\"alignnone wp-image-25038 size-medium\" src=\"https:\/\/i0.wp.com\/www.freidenker.org\/fw17\/wp-content\/uploads\/2026\/04\/Effenberger_Bilderberger2026_08.png?resize=300%2C252&#038;ssl=1\" alt=\"\" width=\"300\" height=\"252\" srcset=\"https:\/\/i0.wp.com\/www.freidenker.org\/fw17\/wp-content\/uploads\/2026\/04\/Effenberger_Bilderberger2026_08.png?resize=300%2C252&amp;ssl=1 300w, https:\/\/i0.wp.com\/www.freidenker.org\/fw17\/wp-content\/uploads\/2026\/04\/Effenberger_Bilderberger2026_08.png?resize=768%2C644&amp;ssl=1 768w, https:\/\/i0.wp.com\/www.freidenker.org\/fw17\/wp-content\/uploads\/2026\/04\/Effenberger_Bilderberger2026_08.png?w=919&amp;ssl=1 919w\" sizes=\"auto, (max-width: 300px) 100vw, 300px\" \/><\/p>\n<p>\u201eF\u00fcr den \u201aDeep State&#8216; in den USA scheint der aalglatte Mustersch\u00fcler Guttenberg also der richtige Mann zu sein, der Deutschland nach den Vorgaben der USA in den Krieg f\u00fchren und diesen der Bev\u00f6lkerung als \u201aKampf gegen das B\u00f6se&#8216; verkaufen kann. Deutschland w\u00e4re dann hinterher wieder der Schuldige.\u201c<\/p>\n<p>2019 war Guttenberg noch weitgehend aus der \u00f6ffentlichen Wahrnehmung verschwunden.<\/p>\n<p>Sieben Jahre sp\u00e4ter sitzt er in Washington beim Bilderberg-Treffen, w\u00e4hrend auf der Agenda steht: &#8222;Trans-Atlantic Defence-Industrial Relationship, Future of Warfare, China&#8220;. Die moralische Rahmung \u2014 der Kampf gegen das B\u00f6se \u2014 wurde 2025 noch unter dem Begriff &#8222;Authoritarian Axis&#8220; gef\u00fchrt. 2026 ist sie in die Einzelteile zerlegt und operationalisiert.<\/p>\n<p>Drei Dinge haben sich seit 2019 ver\u00e4ndert, die den Aussagen im Artikel von 2019 zus\u00e4tzliches Gewicht geben:<\/p>\n<p>China ist jetzt explizit auf der Bilderberg-Agenda \u2014 erstmals als eigenst\u00e4ndiger Punkt.<\/p>\n<p>Der &#8222;Kampf gegen das B\u00f6se&#8220;-Rahmen ist bereits vorbereitet \u2014 durch die Agendapunkte &#8222;The West&#8220; und &#8222;Authoritarian Axis&#8220; (2025) wurde das moralische Narrativ aufgebaut, das in dem Artikel von 2019 bereits beschrieben wurde.<\/p>\n<p>Guttenberg ist heute kein Politiker mehr, sondern ein transatlantischer Netzwerker mit direktem Zugang zu Washington und Berlin.<\/p>\n<p>Seine Einladung erkl\u00e4rt sich daher zun\u00e4chst durch seine Funktion: Er ist einer der wenigen Deutschen, die gleichzeitig tief im amerikanischen Establishment verankert sind und in der deutschen CDU\/CSU-Welt noch Ansehen genie\u00dfen.<\/p>\n<p>Die drei m\u00f6glichen Rollen bei Bilderberg<\/p>\n<ol>\n<li>Transatlantischer \u00dcbersetzer<br \/>\nGuttenberg versteht beide Seiten \u2014 das macht ihn in einem Jahr wertvoll, in dem das Verh\u00e4ltnis USA\u2013Europa unter Trump erheblich gestresst ist. Agendapunkt &#8222;Trans-Atlantic Defence-Industrial Relationship&#8220; und &#8222;The West&#8220; sind genau sein Terrain.<\/li>\n<li>R\u00fcstungs- und Tech-Investor<br \/>\nSpitzberg Partners bewegt sich im Dual-Use-Bereich. Im FUZE-Kontext \u2014 Silicon Valley trifft R\u00fcstung \u2014 ist ein Mann mit politischem Kapital in Deutschland und VC-Netzwerk in Amerika eine wertvolle Verbindung.<\/li>\n<li>Politischer Platzhalter<\/li>\n<\/ol>\n<p>Merz ist seit Mai 2025 Kanzler, aber mit einer schwachen Mehrheit von gerade mal neun Stimmen im zweiten Wahlgang gestartet \u2014 historisch einmalig. Die Koalition mit der SPD ist fragil. Eine regul\u00e4re Bundestagswahl findet 2029 statt.<\/p>\n<p>Guttenberg hat zuletzt mehrfach eine R\u00fcckkehr in die Politik ausgeschlossen \u2014 zuletzt 2022 gegen\u00fcber dem Stern. Aber solche Aussagen haben in der politischen Geschichte eine bekannte Halbwertszeit.<\/p>\n<p>Guttenbergs Profil passt pr\u00e4ziser denn je \u2014 transatlantisch vernetzt, mediengewandt, mit dem Nimbus des gescheiterten Helden, der einen zweite Chance verdient.<\/p>\n<p>Guttenberg, ein Mann mit transatlantischem Kapital, CDU-Herkunft, Washington-Netzwerk und Bilderberg-Einladung \u2014 kurz nach einem historisch schwachen Kanzlerstart von Merz. Bilderberg l\u00e4dt keine Touristen ein. So d\u00fcrfte er als Option im Raum gehalten werden \u2014 nicht als designierter Nachfolger, aber als jemand, dem man signalisiert, dass die T\u00fcr noch offen ist, wenn die Zeit kommt. Das ist die klassische Bilderberg-Funktion: keine Entscheidungen, aber M\u00f6glichkeiten vorbereiten.<\/p>\n<h5><strong>5. Kernthese<\/strong><\/h5>\n<p>Die eigentliche Macht liegt im Tempo. Wer 70 Tage schneller ist als das Parlament, braucht keine Verschw\u00f6rung<\/p>\n<p>Die Teilnehmerlisten des Bilderberg-Treffens sind \u00f6ffentlich, die Agenden sind abrufbar, die Namen sind bekannt. Und doch bekommt kaum jemand etwas mit.<\/p>\n<p>W\u00e4hrend Parlamente beraten, \u00d6ffentlichkeiten debattieren und Wahlen Regierungen aus- und einwechseln, trifft sich einmal im Jahr ein Kreis von 120 bis 150 Personen, der niemandem Rechenschaft schuldet \u2014 und koordiniert, was als n\u00e4chstes kommt. FUZE bringt ein R\u00fcstungsstartup in 70 Tagen unter Vertrag. T2COM entwirft die Kriegsf\u00fchrung von 2030 bis 2040. Bilderberg stimmt die Akteure ab, bevor die \u00d6ffentlichkeit die Fragen kennt.<\/p>\n<p>Das ist kein Komplott, das ist Architektur.<\/p>\n<p>In dem immer noch g\u00fcltigen US-Strategiepapier 525\u20113\u20111 &#8222;Win in a Complex World 2020-2040&#8220; vom September 2014 wird explizit argumentiert, dass die US\u2011Armee in allen Dom\u00e4nen \u2013 Land, Luft, See, Cyber, Weltraum und Informationsraum \u2013 gleichzeitig wirken muss. Angesichts erstarkter Gegner wie Russland, China und nun auch der Iran muss nun sequenziert vorgegangen werden.<\/p>\n<p>\u201eTRADOC 525\u20113\u20111 bildet zwar weiterhin einen wichtigen Referenzrahmen, wird in seiner 2014 skizzierten Sequenz und Tiefe aber durch die inzwischen etablierte Multi\u2011Domain\u2011Transformation und Army\u20112030\u2011Planung faktisch nicht mehr eins zu eins umgesetzt werden k\u00f6nnen.\u201c Das alte Ziel, Gegner wie Russland oder China in ihrer Handlungsfreiheit so zu begrenzen, dass sie sich entweder f\u00fcgen oder in einem m\u00f6glichen Krieg unterliegen, ist noch nicht aufgegeben worden. Die Doktrin einer permanenten Druckaus\u00fcbung, die nichts mit einer klassischen Verteidigung zu tun hat, wird von den BRICS-Staaten und den L\u00e4ndern des Globalen S\u00fcdens massiv bek\u00e4mpft. Diese Staaten streben nach einer multipolaren Friedensordnung. (14)<\/p>\n<p>Die US-Strategie muss also angepasst werden.<\/p>\n<p style=\"text-align: right;\"><em>Wolfgang Effenberger, Jahrgang 1946, erhielt als Pionierhauptmann bei der Bundeswehr tiefere Einblicke in das von den USA vorbereitete \u201eatomare Gefechtsfeld\u201c in Europa. Nach zw\u00f6lfj\u00e4hriger Dienstzeit studierte er in M\u00fcnchen Politikwissenschaft sowie H\u00f6heres Lehramt (Bauwesen\/Mathematik) und unterrichtete bis 2000 an der Fachschule f\u00fcr Bautechnik. Seitdem publiziert er zur j\u00fcngeren deutschen Geschichte und zur US-Geopolitik. Zuletzt erschienen vom ihm \u201eSchwarzbuch EU &amp; NATO\u201c (2020) sowie \u201eDie untersch\u00e4tzte Macht\u201c (2022)<\/em><\/p>\n<p>&nbsp;<\/p>\n<h5><strong>Quellen und Anmerkungen<\/strong><\/h5>\n<p>1) Bilderberg Meetings:\u00a0List of Participants 2025, 71st Bilderberg Meeting, Stockholm, 12.\u201315. Juni 2025.<br \/>\nURL: <a href=\"https:\/\/bilderbergmeetings.org\/meetings\/meeting-2025\/participants-2025?ref=apolut.net\" target=\"_blank\" rel=\"noopener noreferrer\"><u>https:\/\/bilderbergmeetings.org\/meetings\/meeting-2025\/participants-2025<\/u><\/a><br \/>\nAbgerufen: 15. April 2026<\/p>\n<p>Teilnehmerliste 2026: Bilderberg Meetings:\u00a0List of Participants 2026, 72nd Bilderberg Meeting, Washington D.C., 9.\u201312. April 2026.<br \/>\nURL: <a href=\"https:\/\/bilderbergmeetings.org\/meetings\/meeting-2026\/participants-2026?ref=apolut.net\" target=\"_blank\" rel=\"noopener noreferrer\"><u>https:\/\/bilderbergmeetings.org\/meetings\/meeting-2026\/participants-2026<\/u><\/a><br \/>\nAbgerufen: 15. April 2026<\/p>\n<p>2)<a href=\"https:\/\/bilderbergmeetings.org\/?ref=apolut.net\" target=\"_blank\" rel=\"noopener noreferrer\"> bilderbergmeetings.org<\/a><\/p>\n<p>3) <a href=\"https:\/\/en.wikipedia.org\/wiki\/United_States_Army_Transformation_and_Training_Command?ref=apolut.net\" target=\"_blank\" rel=\"noopener noreferrer\"><u>https:\/\/en.wikipedia.org\/wiki\/United_States_Army_Transformation_and_Training_Command<\/u><\/a><\/p>\n<p>4) <a href=\"https:\/\/teamorlando.org\/army-secretary-daniel-driscoll-outlines-transformation-plans-at-ausa-2025\/?ref=apolut.net\" target=\"_blank\" rel=\"noopener noreferrer\"><u>https:\/\/teamorlando.org\/army-secretary-daniel-driscoll-outlines-transformation-plans-at-ausa-2025\/<\/u><\/a><\/p>\n<p>5)<a href=\"https:\/\/media.defense.gov\/2026\/Jan\/12\/2003855671\/-1\/-1\/0\/ARTIFICIAL-INTELLIGENCE-STRATEGY-FOR-THE-DEPARTMENT-OF-WAR.PDF?ref=apolut.net\" target=\"_blank\" rel=\"noopener noreferrer\"> <u>https:\/\/media.defense.gov\/2026\/Jan\/12\/2003855671\/-1\/-1\/0\/ARTIFICIAL-INTELLIGENCE-STRATEGY-FOR-THE-DEPARTMENT-OF-WAR.PDF<\/u><\/a><\/p>\n<p>6) <a href=\"https:\/\/www.army.mil\/article\/291503\/secretary_of_the_army_sees_future_of_cyber_warfare_ai_integration_at_arcyber?ref=apolut.net\" target=\"_blank\" rel=\"noopener noreferrer\"><u>https:\/\/www.army.mil\/article\/291503\/secretary_of_the_army_sees_future_of_cyber_warfare_ai_integration_at_arcyber<\/u><\/a><\/p>\n<p>7) <a href=\"https:\/\/media.defense.gov\/2026\/Jan\/12\/2003855671\/-1\/-1\/0\/ARTIFICIAL-INTELLIGENCE-STRATEGY-FOR-THE-DEPARTMENT-OF-WAR.PDF?ref=apolut.net\" target=\"_blank\" rel=\"noopener noreferrer\"><u>https:\/\/media.defense.gov\/2026\/Jan\/12\/2003855671\/-1\/-1\/0\/ARTIFICIAL-INTELLIGENCE-STRATEGY-FOR-THE-DEPARTMENT-OF-WAR.PDF<\/u><\/a><\/p>\n<p>8) <a href=\"https:\/\/lotr.fandom.com\/de\/wiki\/And%C3%BAril?ref=apolut.net\" target=\"_blank\" rel=\"noopener noreferrer\"><u>https:\/\/lotr.fandom.com\/de\/wiki\/And%C3%BAril<\/u><\/a><\/p>\n<p>9) <a href=\"https:\/\/www.all-ai.de\/news\/beitrage2026\/palantier-manifest-22punkte?ref=apolut.net\" target=\"_blank\" rel=\"noopener noreferrer\"><u>https:\/\/www.all-ai.de\/news\/beitrage2026\/palantier-manifest-22punkte<\/u><\/a><\/p>\n<p>10) <a href=\"https:\/\/therepublicjournal.com\/book-reviews\/reviews-of-the-technological-republic\/?ref=apolut.net\" target=\"_blank\" rel=\"noopener noreferrer\"><u>https:\/\/therepublicjournal.com\/book-reviews\/reviews-of-the-technological-republic\/<\/u><\/a><\/p>\n<p>11) <a href=\"https:\/\/techrepublicbook.com\/?ref=apolut.net\" target=\"_blank\" rel=\"noopener noreferrer\"><u>https:\/\/techrepublicbook.com\/<\/u><\/a><\/p>\n<p>12) <a href=\"https:\/\/www.heise.de\/news\/Palantir-CEO-schreibt-Buch-und-kritisiert-das-Silicon-Valley-10292580.html?ref=apolut.net\" target=\"_blank\" rel=\"noopener noreferrer\"><u>https:\/\/www.heise.de\/news\/Palantir-CEO-schreibt-Buch-und-kritisiert-das-Silicon-Valley-10292580.html<\/u><\/a><\/p>\n<p>13) <a href=\"https:\/\/spartanat.com\/de\/die-thesen-von-alex-karp?ref=apolut.net\" target=\"_blank\" rel=\"noopener noreferrer\"><u>https:\/\/spartanat.com\/de\/die-thesen-von-alex-karp<\/u><\/a><\/p>\n<p>14) <a href=\"https:\/\/books.google.com\/books\/about\/TRADOC_Pamphlet_525_3_1.html?id=U04OzgEACAAJ&amp;ref=apolut.net\" target=\"_blank\" rel=\"noopener noreferrer\"><u>https:\/\/books.google.com\/books\/about\/TRADOC_Pamphlet_525_3_1.html?id=U04OzgEACAAJ<\/u><\/a><\/p>\n<hr \/>\n<p><span style=\"font-size: 10pt;\">Bild oben: generiert mit ChatGPT (OpenAI) von Wolfgang Effenberger. <\/span><br \/>\n<span style=\"font-size: 10pt;\">Quellen: Bilderberg Meetings, BBC, Financial Times, Die Zeit<\/span><\/p>\n","protected":false},"excerpt":{"rendered":"<p><b>Teil 1: Dieselben Gesichter, neue Agenda \u2014 Washington: 9. bis 12. April 2026<\/b><br \/>\n<b>Ein Meinungsbeitrag von Wolfgang Effenberger.<\/b><br \/>\nW\u00e4hrend der US-Kongress \u00fcber Z\u00f6lle streitet und die europ\u00e4ischen Parlamente ihre Haushalte debattieren, treffen sich 128 Personen im Salamander Hotel an der Potomac. Keine Protokolle, keine Pressezulassung, kein Rechenschaftsbericht. Nur ein knappes Kommuniqu\u00e9 mit Themenlisten \u2014 und die Gewissheit, dass hier nichts dem Zufall \u00fcberlassen wird. Es ist das 72. Bilderberg-Treffen. Und es ist das erste, das nicht im Juni stattfindet, sondern im April \u2014 mitten in der politischen Saison, unmittelbar nach Trumps Zollschock und parallel zu NATO-Krisengespr\u00e4chen \u00fcber einen m\u00f6glichen US-R\u00fcckzug aus dem B\u00fcndnis. 57 der 128 Teilnehmer waren bereits ein Jahr zuvor in Stockholm dabei. Fast die H\u00e4lfte. Darunter der NATO-Generalsekret\u00e4r, der Chef von Google DeepMind, der CEO von Palantir, der Au\u00dfenminister Polens, der Pr\u00e4sident Finnlands, der Exekutivdirektor der Internationalen Energiebeh\u00f6rde \u2014 und erstmals seit Jahren wieder Karl-Theodor zu Guttenberg.<\/p>\n","protected":false},"author":3,"featured_media":25047,"comment_status":"closed","ping_status":"closed","sticky":false,"template":"","format":"standard","meta":{"colormag_page_container_layout":"default_layout","colormag_page_sidebar_layout":"default_layout","advanced_seo_description":"","jetpack_seo_html_title":"","jetpack_seo_noindex":false,"jetpack_post_was_ever_published":false,"footnotes":""},"categories":[574,12],"tags":[3185,1693,892,2396,1159,3182,3183,182,2489,3184,2067,121,1265,1619,56,1041,1784,641,2350],"class_list":["post-25032","post","type-post","status-publish","format-standard","has-post-thumbnail","hentry","category-aktuelles","category-demokratie-medien-aufklaerung","tag-agenda","tag-banken","tag-bilderberger","tag-drohnen","tag-eliten","tag-entscheidung","tag-entscheidungsprozess","tag-eu","tag-friedrich-merz","tag-karl-theodor-zu-guttenberg","tag-ki","tag-medien","tag-militarismus","tag-multipolare-welt","tag-nato","tag-netzwerke","tag-ruestungsindustrie","tag-verschwoerungstheorie","tag-washington"],"jetpack_featured_media_url":"https:\/\/i0.wp.com\/www.freidenker.org\/fw17\/wp-content\/uploads\/2026\/04\/Effenberger_Bilderberger2026_01_800x450-1.jpg?fit=800%2C450&ssl=1","jetpack_shortlink":"https:\/\/wp.me\/p9stpK-6vK","jetpack-related-posts":[{"id":19181,"url":"https:\/\/www.freidenker.org\/?p=19181","url_meta":{"origin":25032,"position":0},"title":"Immanuel Kants 300. Geburtstag &#8211; Teil 2","author":"Webredaktion","date":"25. Mai 2024","format":false,"excerpt":"Teil 2: Reiseimpressionen aus Kaliningrad (ehemals K\u00f6nigsberg) Ein Kommentar von Wolfgang Effenberger Am 22. April 2024, dem 300sten Geburtstag von Immanuel Kant, sollte neben anderen Veranstaltungen die 1. Internationale Konferenz \u201cZum ewigen Frieden\u201d in K\u00f6nigsberg \/ Kaliningrad stattfinden. Wolfgang Effenberger war eingeladen, einen Kurzvortrag zur aktuellen Lage und zu Kants\u2026","rel":"","context":"In &quot;Kultur &amp; Kunst&quot;","block_context":{"text":"Kultur &amp; Kunst","link":"https:\/\/www.freidenker.org\/?cat=913"},"img":{"alt_text":"","src":"https:\/\/i0.wp.com\/www.freidenker.org\/fw17\/wp-content\/uploads\/2024\/05\/effenberger_kant2_02_800x450.jpg?fit=800%2C448&ssl=1&resize=350%2C200","width":350,"height":200,"srcset":"https:\/\/i0.wp.com\/www.freidenker.org\/fw17\/wp-content\/uploads\/2024\/05\/effenberger_kant2_02_800x450.jpg?fit=800%2C448&ssl=1&resize=350%2C200 1x, https:\/\/i0.wp.com\/www.freidenker.org\/fw17\/wp-content\/uploads\/2024\/05\/effenberger_kant2_02_800x450.jpg?fit=800%2C448&ssl=1&resize=525%2C300 1.5x, https:\/\/i0.wp.com\/www.freidenker.org\/fw17\/wp-content\/uploads\/2024\/05\/effenberger_kant2_02_800x450.jpg?fit=800%2C448&ssl=1&resize=700%2C400 2x"},"classes":[]},{"id":22262,"url":"https:\/\/www.freidenker.org\/?p=22262","url_meta":{"origin":25032,"position":1},"title":"Ein geheimes Zentrum der Macht","author":"Webredaktion","date":"30. Juni 2025","format":false,"excerpt":"Die Bilderberger: Ein geheimes Zentrum der Macht transformiert die Welt. Welche Pl\u00e4ne stecken hinter der steigenden Kriegsbereitschaft des Westens? Ein Standpunkt von Wolfgang Effenberger Vom 12. bis 15. Juni 2025 fand in Stockholmer Grand H\u00f4tel, Schweden, das 71. Bilderberg-Treffen statt. Wie jedes Jahr versammelte sich eine Auswahl von etwa 120\u2026","rel":"","context":"In &quot;Demokratie \u2013 Medien \u2013 Aufkl\u00e4rung&quot;","block_context":{"text":"Demokratie \u2013 Medien \u2013 Aufkl\u00e4rung","link":"https:\/\/www.freidenker.org\/?cat=12"},"img":{"alt_text":"","src":"https:\/\/i0.wp.com\/www.freidenker.org\/fw17\/wp-content\/uploads\/2025\/06\/Stockholm_Grand_Hotel_800x450.jpg?fit=800%2C450&ssl=1&resize=350%2C200","width":350,"height":200,"srcset":"https:\/\/i0.wp.com\/www.freidenker.org\/fw17\/wp-content\/uploads\/2025\/06\/Stockholm_Grand_Hotel_800x450.jpg?fit=800%2C450&ssl=1&resize=350%2C200 1x, https:\/\/i0.wp.com\/www.freidenker.org\/fw17\/wp-content\/uploads\/2025\/06\/Stockholm_Grand_Hotel_800x450.jpg?fit=800%2C450&ssl=1&resize=525%2C300 1.5x, https:\/\/i0.wp.com\/www.freidenker.org\/fw17\/wp-content\/uploads\/2025\/06\/Stockholm_Grand_Hotel_800x450.jpg?fit=800%2C450&ssl=1&resize=700%2C400 2x"},"classes":[]},{"id":19927,"url":"https:\/\/www.freidenker.org\/?p=19927","url_meta":{"origin":25032,"position":2},"title":"FREIDENKER 3-24 EXTRA \u2013 Deindustrialisierung","author":"Webredaktion","date":"27. September 2024","format":false,"excerpt":"Die Ausgabe 3-24 EXTRA des Verbandsorgans FREIDENKER hat das Schwerpunkt-Thema \u201eDeindustrialisierung\u201c und enth\u00e4lt u.a. folgende Beitr\u00e4ge: - Klaus Hartmann: Die Ideologie der Produktivkraftvernichtung - Manfred Sohn: Der Abstieg von \u201eMade in Germany\u201c \u2013 Aspekte der Deindustrialisierung des imperialistischen Deutschlands - Wolfgang Beck: Alles hat ein Ende \u2013 auch die Marktwirtschaft\u2026","rel":"","context":"In &quot;Verbandsorgan FREIDENKER&quot;","block_context":{"text":"Verbandsorgan FREIDENKER","link":"https:\/\/www.freidenker.org\/?cat=8"},"img":{"alt_text":"","src":"https:\/\/i0.wp.com\/www.freidenker.org\/fw17\/wp-content\/uploads\/2024\/09\/FD_2024-03_Titel_mR.jpg?fit=800%2C445&ssl=1&resize=350%2C200","width":350,"height":200,"srcset":"https:\/\/i0.wp.com\/www.freidenker.org\/fw17\/wp-content\/uploads\/2024\/09\/FD_2024-03_Titel_mR.jpg?fit=800%2C445&ssl=1&resize=350%2C200 1x, https:\/\/i0.wp.com\/www.freidenker.org\/fw17\/wp-content\/uploads\/2024\/09\/FD_2024-03_Titel_mR.jpg?fit=800%2C445&ssl=1&resize=525%2C300 1.5x, https:\/\/i0.wp.com\/www.freidenker.org\/fw17\/wp-content\/uploads\/2024\/09\/FD_2024-03_Titel_mR.jpg?fit=800%2C445&ssl=1&resize=700%2C400 2x"},"classes":[]},{"id":20548,"url":"https:\/\/www.freidenker.org\/?p=20548","url_meta":{"origin":25032,"position":3},"title":"Im Gespr\u00e4ch: Wolfgang Bittner (&#8222;Niemand soll hungern, ohne zu frieren&#8220;)","author":"Webredaktion","date":"20. Dezember 2024","format":false,"excerpt":"Video-Interview von Dirk Pohlmann mit Wolfgang Bittner Wolfgang Bittner ist Schriftsteller, promovierter Jurist, bildender K\u00fcnstler und hat neben Jura auch Philosophie und Soziologie studiert. Er hat die Welt bereist und etwa 80 B\u00fccher verfasst. Bittner war Rundfunkrat des WDR und Professor in Deutschland und Polen. Er ist ein Mann der\u2026","rel":"","context":"In &quot;Demokratie \u2013 Medien \u2013 Aufkl\u00e4rung&quot;","block_context":{"text":"Demokratie \u2013 Medien \u2013 Aufkl\u00e4rung","link":"https:\/\/www.freidenker.org\/?cat=12"},"img":{"alt_text":"","src":"https:\/\/i0.wp.com\/www.freidenker.org\/fw17\/wp-content\/uploads\/2024\/12\/bittner_pohlmann_800x450.jpg?fit=800%2C450&ssl=1&resize=350%2C200","width":350,"height":200,"srcset":"https:\/\/i0.wp.com\/www.freidenker.org\/fw17\/wp-content\/uploads\/2024\/12\/bittner_pohlmann_800x450.jpg?fit=800%2C450&ssl=1&resize=350%2C200 1x, https:\/\/i0.wp.com\/www.freidenker.org\/fw17\/wp-content\/uploads\/2024\/12\/bittner_pohlmann_800x450.jpg?fit=800%2C450&ssl=1&resize=525%2C300 1.5x, https:\/\/i0.wp.com\/www.freidenker.org\/fw17\/wp-content\/uploads\/2024\/12\/bittner_pohlmann_800x450.jpg?fit=800%2C450&ssl=1&resize=700%2C400 2x"},"classes":[]},{"id":19134,"url":"https:\/\/www.freidenker.org\/?p=19134","url_meta":{"origin":25032,"position":4},"title":"Immanuel Kants 300. Geburtstag &#8211; Teil 1","author":"Webredaktion","date":"21. Mai 2024","format":false,"excerpt":"Kommentar von\u00a0Wolfgang Effenberger. Am 22. April 2024 wurde Immanuel Kants Wirken weltweit anl\u00e4sslich seines 300. Geburtstags gew\u00fcrdigt \u2013 eingeschr\u00e4nkt an seinem Geburtsort K\u00f6nigsberg, dem heutigen Kaliningrad. Vordergr\u00fcndig beherrschte Kant jedoch durchaus das Stadtbild. Die \"Deutsche Kant-Gesellschaft\" wollte urspr\u00fcnglich anl\u00e4sslich des 300. Geburtstages von Kant ihren \"14. Internationalen Kant-Kongress\" 2024 in\u2026","rel":"","context":"In &quot;Weltanschauung &amp; Philosophie&quot;","block_context":{"text":"Weltanschauung &amp; Philosophie","link":"https:\/\/www.freidenker.org\/?cat=16"},"img":{"alt_text":"","src":"https:\/\/i0.wp.com\/www.freidenker.org\/fw17\/wp-content\/uploads\/2024\/05\/Immanuel_Kant_-_panoramio_800x450.jpg?fit=800%2C450&ssl=1&resize=350%2C200","width":350,"height":200,"srcset":"https:\/\/i0.wp.com\/www.freidenker.org\/fw17\/wp-content\/uploads\/2024\/05\/Immanuel_Kant_-_panoramio_800x450.jpg?fit=800%2C450&ssl=1&resize=350%2C200 1x, https:\/\/i0.wp.com\/www.freidenker.org\/fw17\/wp-content\/uploads\/2024\/05\/Immanuel_Kant_-_panoramio_800x450.jpg?fit=800%2C450&ssl=1&resize=525%2C300 1.5x, https:\/\/i0.wp.com\/www.freidenker.org\/fw17\/wp-content\/uploads\/2024\/05\/Immanuel_Kant_-_panoramio_800x450.jpg?fit=800%2C450&ssl=1&resize=700%2C400 2x"},"classes":[]},{"id":23116,"url":"https:\/\/www.freidenker.org\/?p=23116","url_meta":{"origin":25032,"position":5},"title":"China mit anderen Augen (1)","author":"Webredaktion","date":"14. Oktober 2025","format":false,"excerpt":"Teil 1: Erstaunen und Demut angesichts der \u00fcberw\u00e4ltigenden Vergangenheit Reisebericht von Wolfgang Effenberger Als der englisch-amerikanische Botaniker Ernest Henry Wilson 1913 nach seinen Expeditionen durch das revolution\u00e4re China bilanzierte, das Land werde wie der Ph\u00f6nix neu erstehen und eines Tages gemeinsam mit dem Westen das Schicksal der Welt bestimmen, konnte\u2026","rel":"","context":"In &quot;Arbeit &amp; Soziales&quot;","block_context":{"text":"Arbeit &amp; Soziales","link":"https:\/\/www.freidenker.org\/?cat=11"},"img":{"alt_text":"","src":"https:\/\/i0.wp.com\/www.freidenker.org\/fw17\/wp-content\/uploads\/2025\/10\/effenberger_china1_09_800x450.jpg?fit=800%2C450&ssl=1&resize=350%2C200","width":350,"height":200,"srcset":"https:\/\/i0.wp.com\/www.freidenker.org\/fw17\/wp-content\/uploads\/2025\/10\/effenberger_china1_09_800x450.jpg?fit=800%2C450&ssl=1&resize=350%2C200 1x, https:\/\/i0.wp.com\/www.freidenker.org\/fw17\/wp-content\/uploads\/2025\/10\/effenberger_china1_09_800x450.jpg?fit=800%2C450&ssl=1&resize=525%2C300 1.5x, https:\/\/i0.wp.com\/www.freidenker.org\/fw17\/wp-content\/uploads\/2025\/10\/effenberger_china1_09_800x450.jpg?fit=800%2C450&ssl=1&resize=700%2C400 2x"},"classes":[]}],"_links":{"self":[{"href":"https:\/\/www.freidenker.org\/index.php?rest_route=\/wp\/v2\/posts\/25032","targetHints":{"allow":["GET"]}}],"collection":[{"href":"https:\/\/www.freidenker.org\/index.php?rest_route=\/wp\/v2\/posts"}],"about":[{"href":"https:\/\/www.freidenker.org\/index.php?rest_route=\/wp\/v2\/types\/post"}],"author":[{"embeddable":true,"href":"https:\/\/www.freidenker.org\/index.php?rest_route=\/wp\/v2\/users\/3"}],"replies":[{"embeddable":true,"href":"https:\/\/www.freidenker.org\/index.php?rest_route=%2Fwp%2Fv2%2Fcomments&post=25032"}],"version-history":[{"count":6,"href":"https:\/\/www.freidenker.org\/index.php?rest_route=\/wp\/v2\/posts\/25032\/revisions"}],"predecessor-version":[{"id":25046,"href":"https:\/\/www.freidenker.org\/index.php?rest_route=\/wp\/v2\/posts\/25032\/revisions\/25046"}],"wp:featuredmedia":[{"embeddable":true,"href":"https:\/\/www.freidenker.org\/index.php?rest_route=\/wp\/v2\/media\/25047"}],"wp:attachment":[{"href":"https:\/\/www.freidenker.org\/index.php?rest_route=%2Fwp%2Fv2%2Fmedia&parent=25032"}],"wp:term":[{"taxonomy":"category","embeddable":true,"href":"https:\/\/www.freidenker.org\/index.php?rest_route=%2Fwp%2Fv2%2Fcategories&post=25032"},{"taxonomy":"post_tag","embeddable":true,"href":"https:\/\/www.freidenker.org\/index.php?rest_route=%2Fwp%2Fv2%2Ftags&post=25032"}],"curies":[{"name":"wp","href":"https:\/\/api.w.org\/{rel}","templated":true}]}}