{"id":25027,"date":"2026-04-27T21:34:59","date_gmt":"2026-04-27T19:34:59","guid":{"rendered":"https:\/\/www.freidenker.org\/?p=25027"},"modified":"2026-04-27T21:34:59","modified_gmt":"2026-04-27T19:34:59","slug":"interview-mit-klaus-hartmann-auf-der-demo-weltweites-friedenszeichen","status":"publish","type":"post","link":"https:\/\/www.freidenker.org\/?p=25027","title":{"rendered":"Interview mit Klaus Hartmann auf der Demo &#8222;Weltweites Friedenszeichen&#8220;"},"content":{"rendered":"<p><em>Interview von <strong>freidenken.TV<\/strong>\u00a0mit <strong>Klaus Hartmann<\/strong><\/em><\/p>\n<p><em>Der YouTube-Kanal freidenken.TV f\u00fchrte anl\u00e4sslich der <a href=\"https:\/\/www.freidenker.org\/?p=24883#fam_04-04\">Demonstration &#8222;Weltweites Friedenszeichen&#8220;<\/a> am 4. April 2026 in Frankfurt am Main ein Interview mit Klaus Hartmann, Pr\u00e4sident der Weltunion der Freidenker und stellvertretender Vorsitzender des Deutschen Freidenker-Verbandes. Klaus Hartmann skizziert darin kurz die geschichtliche Entwicklung des Deutschen Freidenker-Verbandes, seine Rolle im politischen Diskurs der letzten Jahrzehnte und sein heutiges Engagement f\u00fcr Frieden und Antiimperialismus.\u00a0<\/em><\/p>\n<p style=\"text-align: right;\"><em>Webredaktion<\/em><\/p>\n<p>[Text von <a href=\"https:\/\/www.youtube.com\/watch?v=tKtogRfZ0sQ\" target=\"_blank\" rel=\"noopener\">freidenken.TV<\/a>:]<\/p>\n<p><span class=\"ytAttributedStringHost ytAttributedStringWhiteSpacePreWrap\" dir=\"auto\"><span class=\"ytAttributedStringLinkInheritColor\" dir=\"auto\">Der Freidenkerverband (gegr. 1881 in Frankfurt) setzt sich seit jeher f\u00fcr Aufkl\u00e4rung, Trennung von Staat und Kirche sowie gegen Krieg und Militarismus ein. Urspr\u00fcnglich als Selbsthilfe f\u00fcr Dissidenten (z. B. gegen Lehrverbote) aktiv, k\u00e4mpft er heute gegen Kriegshetze (NATO, Bundeswehr-\u201eOperationsplan Deutschland\u201c) und die Instrumentalisierung der Kirchen (z. B. \u201eg\u00f6ttliche Kriegsvorbereitung\u201c via Milit\u00e4rseelsorge). Aktuell warnt der Verband vor Wiederbelebung der Wehrpflicht (\u201egesellschaftliches Pflichtjahr\u201c) und Spaltung der Friedensbewegung. Mit Infost\u00e4nden, Vortr\u00e4gen (z. B. zu Faschismus-Tendenzen) und Kampagnen will er Jugendliche mobilisieren und \u00f6ffentliche Debatten ansto\u00dfen. Gemeinsamer Widerstand gegen Krieg \u2013 unabh\u00e4ngig von politischen Lagern.<\/span><\/span><\/p>\n<div class=\"jetpack-video-wrapper\"><span class=\"embed-youtube\" style=\"text-align:center; display: block;\"><iframe loading=\"lazy\" class=\"youtube-player\" width=\"800\" height=\"450\" src=\"https:\/\/www.youtube.com\/embed\/tKtogRfZ0sQ?version=3&#038;rel=1&#038;showsearch=0&#038;showinfo=1&#038;iv_load_policy=1&#038;fs=1&#038;hl=de-DE&#038;autohide=2&#038;wmode=transparent\" allowfullscreen=\"true\" style=\"border:0;\" sandbox=\"allow-scripts allow-same-origin allow-popups allow-presentation allow-popups-to-escape-sandbox\"><\/iframe><\/span><\/div>\n<p><span style=\"font-size: 10pt;\">Direktlink zum Video von freidenken.TV: <a href=\"https:\/\/www.youtube.com\/watch?v=tKtogRfZ0sQ\" target=\"_blank\" rel=\"noopener\">https:\/\/www.youtube.com\/watch?v=tKtogRfZ0sQ<\/a><\/span><\/p>\n<p style=\"text-align: right;\"><em>Klaus Hartmann ist Pr\u00e4sident der Weltunion der Freidenker und stellvertretender Vorsitzender des Deutschen Freidenker-Verbandes<\/em><\/p>\n<hr \/>\n<p>Siehe auch:<\/p>\n<blockquote class=\"wp-embedded-content\" data-secret=\"iuGjyKWizX\"><p><a href=\"https:\/\/www.freidenker.org\/?p=24883\">Osterm\u00e4rsche 2026 in Hessen<\/a><\/p><\/blockquote>\n<p><iframe loading=\"lazy\" class=\"wp-embedded-content\" sandbox=\"allow-scripts\" security=\"restricted\" style=\"position: absolute; visibility: hidden;\" title=\"&#8222;Osterm\u00e4rsche 2026 in Hessen&#8220; &#8211; Deutscher Freidenker-Verband e.V.\" src=\"https:\/\/www.freidenker.org\/?p=24883&#038;embed=true#?secret=sH09Ns7Sb0#?secret=iuGjyKWizX\" data-secret=\"iuGjyKWizX\" width=\"600\" height=\"338\" frameborder=\"0\" marginwidth=\"0\" marginheight=\"0\" scrolling=\"no\"><\/iframe><\/p>\n<hr \/>\n<p><span style=\"font-size: 10pt;\">Bild oben: <a href=\"https:\/\/www.youtube.com\/watch?v=tKtogRfZ0sQ\" target=\"_blank\" rel=\"noopener\">Vorschaubild des Videos von freidenken.TV<\/a><\/span><\/p>\n","protected":false},"excerpt":{"rendered":"<p><b>Interview von freidenken.TV mit Klaus Hartmann<\/b><br \/>\nDer Freidenkerverband (gegr. 1881 in Frankfurt) setzt sich seit jeher f\u00fcr Aufkl\u00e4rung, Trennung von Staat und Kirche sowie gegen Krieg und Militarismus ein. Urspr\u00fcnglich als Selbsthilfe f\u00fcr Dissidenten (z. B. gegen Lehrverbote) aktiv, k\u00e4mpft er heute gegen Kriegshetze (NATO, Bundeswehr-\u201eOperationsplan Deutschland\u201c) und die Instrumentalisierung der Kirchen (z. B. \u201eg\u00f6ttliche Kriegsvorbereitung\u201c via Milit\u00e4rseelsorge). Aktuell warnt der Verband vor Wiederbelebung der Wehrpflicht (\u201egesellschaftliches Pflichtjahr\u201c) und Spaltung der Friedensbewegung. Mit Infost\u00e4nden, Vortr\u00e4gen (z. B. zu Faschismus-Tendenzen) und Kampagnen will er Jugendliche mobilisieren und \u00f6ffentliche Debatten ansto\u00dfen. Gemeinsamer Widerstand gegen Krieg \u2013 unabh\u00e4ngig von politischen Lagern.<\/p>\n","protected":false},"author":3,"featured_media":25029,"comment_status":"closed","ping_status":"closed","sticky":false,"template":"","format":"standard","meta":{"colormag_page_container_layout":"default_layout","colormag_page_sidebar_layout":"default_layout","advanced_seo_description":"","jetpack_seo_html_title":"","jetpack_seo_noindex":false,"jetpack_post_was_ever_published":false,"footnotes":""},"categories":[574,13],"tags":[141,211,27,451,26,43,54,2186,1447,31,489],"class_list":["post-25027","post","type-post","status-publish","format-standard","has-post-thumbnail","hentry","category-aktuelles","category-frieden-antifaschismus-solidaritaet","tag-antimilitarismus","tag-aufklaerung","tag-deutscher-freidenker-verband","tag-faschismus","tag-freidenker","tag-friedensbewegung","tag-kirche","tag-kriegshetze","tag-militaerseelsorge","tag-trennung-von-staat-und-kirche","tag-widerstand"],"jetpack_featured_media_url":"https:\/\/i0.wp.com\/www.freidenker.org\/fw17\/wp-content\/uploads\/2026\/04\/hartmann_yt_friedensdemo_800x450.jpg?fit=800%2C450&ssl=1","jetpack_shortlink":"https:\/\/wp.me\/p9stpK-6vF","jetpack-related-posts":[{"id":18001,"url":"https:\/\/www.freidenker.org\/?p=18001","url_meta":{"origin":25027,"position":0},"title":"Video: Klaus Hartmann bei MOATS","author":"Webredaktion","date":"24. Januar 2024","format":false,"excerpt":"Video-Interview von Dr. Diether Dehm mit Klaus Hartmann In seiner Sendung \"MOATS (Mother of all Talkshows)\", der deutschen Variante des vom britischen linken ehemaligen Parlamentarier George Galloway entwickelten w\u00f6chentlichen Podcasts, pr\u00e4sentiert Diether Dehm G\u00e4ste, die zu aktuellen Fragen unangepasste Meinungen \u00e4u\u00dfern. Zum zweiten Mal sa\u00df Klaus Hartmann vor der Kamera\u2026","rel":"","context":"In &quot;Demokratie \u2013 Medien \u2013 Aufkl\u00e4rung&quot;","block_context":{"text":"Demokratie \u2013 Medien \u2013 Aufkl\u00e4rung","link":"https:\/\/www.freidenker.org\/?cat=12"},"img":{"alt_text":"","src":"https:\/\/i0.wp.com\/www.freidenker.org\/fw17\/wp-content\/uploads\/2024\/01\/dehm_hartmann_moats_2024-01_b2_800x450.jpg?fit=800%2C450&ssl=1&resize=350%2C200","width":350,"height":200,"srcset":"https:\/\/i0.wp.com\/www.freidenker.org\/fw17\/wp-content\/uploads\/2024\/01\/dehm_hartmann_moats_2024-01_b2_800x450.jpg?fit=800%2C450&ssl=1&resize=350%2C200 1x, https:\/\/i0.wp.com\/www.freidenker.org\/fw17\/wp-content\/uploads\/2024\/01\/dehm_hartmann_moats_2024-01_b2_800x450.jpg?fit=800%2C450&ssl=1&resize=525%2C300 1.5x, https:\/\/i0.wp.com\/www.freidenker.org\/fw17\/wp-content\/uploads\/2024\/01\/dehm_hartmann_moats_2024-01_b2_800x450.jpg?fit=800%2C450&ssl=1&resize=700%2C400 2x"},"classes":[]},{"id":13100,"url":"https:\/\/www.freidenker.org\/?p=13100","url_meta":{"origin":25027,"position":1},"title":"Weltnetz im Gespr\u00e4ch mit Klaus Hartmann am Tag der Befreiung in Moskau","author":"Webredaktion","date":"12. Mai 2022","format":false,"excerpt":"Klaus Hartmann, stellvertretender Vorsitzender des Deutschen Freidenker-Verbandes,\u00a0 spricht \u00fcber den Tag des Sieges \u00fcber den Faschismus und wie er dieses Jahr in Mokau begangen wird.","rel":"","context":"In &quot;Frieden - Antifaschismus - Solidarit\u00e4t&quot;","block_context":{"text":"Frieden - Antifaschismus - Solidarit\u00e4t","link":"https:\/\/www.freidenker.org\/?cat=13"},"img":{"alt_text":"","src":"https:\/\/i0.wp.com\/www.freidenker.org\/fw17\/wp-content\/uploads\/2022\/05\/Hartmann_Moskau_2022-05-09.jpg?fit=800%2C450&ssl=1&resize=350%2C200","width":350,"height":200,"srcset":"https:\/\/i0.wp.com\/www.freidenker.org\/fw17\/wp-content\/uploads\/2022\/05\/Hartmann_Moskau_2022-05-09.jpg?fit=800%2C450&ssl=1&resize=350%2C200 1x, https:\/\/i0.wp.com\/www.freidenker.org\/fw17\/wp-content\/uploads\/2022\/05\/Hartmann_Moskau_2022-05-09.jpg?fit=800%2C450&ssl=1&resize=525%2C300 1.5x, https:\/\/i0.wp.com\/www.freidenker.org\/fw17\/wp-content\/uploads\/2022\/05\/Hartmann_Moskau_2022-05-09.jpg?fit=800%2C450&ssl=1&resize=700%2C400 2x"},"classes":[]},{"id":4209,"url":"https:\/\/www.freidenker.org\/?p=4209","url_meta":{"origin":25027,"position":2},"title":"Video: Klaus Hartmann im Kreuzverh\u00f6r bei Dr. Seltsam 2018","author":"Webredaktion","date":"25. Januar 2018","format":false,"excerpt":"Klaus Hartmann bei Dr. Seltam am 14.01.2018 in Berlin Realsatire \u2013 auch wenn die Lage ernst ist... Was war (2017) und was ist los in der Welt? Was ist los in der Friedensbewegung? Ziele, B\u00fcndnisse und St\u00f6rman\u00f6ver, Spaltungsversuche. Der Vorsitzende des Deutschen Freidenker-Verbandes, Klaus Hartmann, steht f\u00fcr ebenso glasklare wie\u2026","rel":"","context":"In &quot;Demokratie \u2013 Medien \u2013 Aufkl\u00e4rung&quot;","block_context":{"text":"Demokratie \u2013 Medien \u2013 Aufkl\u00e4rung","link":"https:\/\/www.freidenker.org\/?cat=12"},"img":{"alt_text":"","src":"https:\/\/i0.wp.com\/www.freidenker.org\/fw17\/wp-content\/uploads\/2018\/01\/dr-seltsam_2018_af-video.jpg?fit=800%2C445&ssl=1&resize=350%2C200","width":350,"height":200,"srcset":"https:\/\/i0.wp.com\/www.freidenker.org\/fw17\/wp-content\/uploads\/2018\/01\/dr-seltsam_2018_af-video.jpg?fit=800%2C445&ssl=1&resize=350%2C200 1x, https:\/\/i0.wp.com\/www.freidenker.org\/fw17\/wp-content\/uploads\/2018\/01\/dr-seltsam_2018_af-video.jpg?fit=800%2C445&ssl=1&resize=525%2C300 1.5x, https:\/\/i0.wp.com\/www.freidenker.org\/fw17\/wp-content\/uploads\/2018\/01\/dr-seltsam_2018_af-video.jpg?fit=800%2C445&ssl=1&resize=700%2C400 2x"},"classes":[]},{"id":19798,"url":"https:\/\/www.freidenker.org\/?p=19798","url_meta":{"origin":25027,"position":3},"title":"Klaus Hartmann spricht Klartext: Deutsche Regierung ist rechts!","author":"Webredaktion","date":"1. September 2024","format":false,"excerpt":"Video-Interview von Masha Janssen\u00a0mit Klaus Hartmann In einem aufschlussreichen Gespr\u00e4ch mit Klaus Hartmann, dem stellvertretenden Vorsitzenden des Freidenkerverbandes ..., diskutieren wir \u00fcber die wahre Bedeutungen der politischen Begriffe \"links\" und \"rechts\". Seit ihrer Entstehung haben sich die Bedeutungen von \"links\" und \"rechts\" stark ver\u00e4ndert und sind oft Gegenstand von Verwirrung\u2026","rel":"","context":"In &quot;Demokratie \u2013 Medien \u2013 Aufkl\u00e4rung&quot;","block_context":{"text":"Demokratie \u2013 Medien \u2013 Aufkl\u00e4rung","link":"https:\/\/www.freidenker.org\/?cat=12"},"img":{"alt_text":"","src":"https:\/\/i0.wp.com\/www.freidenker.org\/fw17\/wp-content\/uploads\/2024\/09\/Hartmann_Masha_3_800x450.jpg?fit=800%2C450&ssl=1&resize=350%2C200","width":350,"height":200,"srcset":"https:\/\/i0.wp.com\/www.freidenker.org\/fw17\/wp-content\/uploads\/2024\/09\/Hartmann_Masha_3_800x450.jpg?fit=800%2C450&ssl=1&resize=350%2C200 1x, https:\/\/i0.wp.com\/www.freidenker.org\/fw17\/wp-content\/uploads\/2024\/09\/Hartmann_Masha_3_800x450.jpg?fit=800%2C450&ssl=1&resize=525%2C300 1.5x, https:\/\/i0.wp.com\/www.freidenker.org\/fw17\/wp-content\/uploads\/2024\/09\/Hartmann_Masha_3_800x450.jpg?fit=800%2C450&ssl=1&resize=700%2C400 2x"},"classes":[]},{"id":13050,"url":"https:\/\/www.freidenker.org\/?p=13050","url_meta":{"origin":25027,"position":4},"title":"Vortrag: Der Krieg in der Ukraine und wir","author":"Webredaktion","date":"8. Mai 2022","format":false,"excerpt":"Vortrag und Diskussion mit Klaus Hartmann, stellv. Vorsitzender des Deutschen Freidenker-Verbandes Sonntag, 15.05.2022, 11:00 Uhr Kulturwerkstatt Beckingen, Nikolausstr. 6, 66701 Beckingen Schwerpunkte: Freidenker zu Krieg und Frieden \/ Milit\u00e4rische Gewalt und das V\u00f6lkerrecht \/ Wann begann der Krieg in der Ukraine? \/ Was will der \u201eWesten\u201c? \/ Die Ukraine seit\u2026","rel":"","context":"In &quot;Veranstaltungen in den DFV-Landesverb\u00e4nden&quot;","block_context":{"text":"Veranstaltungen in den DFV-Landesverb\u00e4nden","link":"https:\/\/www.freidenker.org\/?cat=19"},"img":{"alt_text":"","src":"https:\/\/i0.wp.com\/www.freidenker.org\/fw17\/wp-content\/uploads\/2022\/05\/Ukraine_und_wir_Vortrag_800x450.jpg?fit=800%2C450&ssl=1&resize=350%2C200","width":350,"height":200,"srcset":"https:\/\/i0.wp.com\/www.freidenker.org\/fw17\/wp-content\/uploads\/2022\/05\/Ukraine_und_wir_Vortrag_800x450.jpg?fit=800%2C450&ssl=1&resize=350%2C200 1x, https:\/\/i0.wp.com\/www.freidenker.org\/fw17\/wp-content\/uploads\/2022\/05\/Ukraine_und_wir_Vortrag_800x450.jpg?fit=800%2C450&ssl=1&resize=525%2C300 1.5x, https:\/\/i0.wp.com\/www.freidenker.org\/fw17\/wp-content\/uploads\/2022\/05\/Ukraine_und_wir_Vortrag_800x450.jpg?fit=800%2C450&ssl=1&resize=700%2C400 2x"},"classes":[]},{"id":17936,"url":"https:\/\/www.freidenker.org\/?p=17936","url_meta":{"origin":25027,"position":5},"title":"Galerie: Max-Sievers-Ehrung","author":"Webredaktion","date":"22. Januar 2024","format":false,"excerpt":"Bericht der Webredaktion Vor 80 Jahren haben die deutschen Faschisten den Vorsitzenden des Deutschen Freidenker-Verbandes im Zuchthaus Brandenburg-G\u00f6rden mit dem Fallbeil ermordet. Aus diesem Anlass trafen sich Freidenker aus Berlin, Brandenburg und Hessen zu einem ehrenden Gedenken am 17. Januar 2024 auf dem Urnenfriedhof Wedding in Berlin, wo sich das\u2026","rel":"","context":"In &quot;Geschichte&quot;","block_context":{"text":"Geschichte","link":"https:\/\/www.freidenker.org\/?cat=1162"},"img":{"alt_text":"","src":"https:\/\/i0.wp.com\/www.freidenker.org\/fw17\/wp-content\/uploads\/2024\/01\/Sievers-Ehrung_2024_154236_800x450.jpg?fit=800%2C450&ssl=1&resize=350%2C200","width":350,"height":200,"srcset":"https:\/\/i0.wp.com\/www.freidenker.org\/fw17\/wp-content\/uploads\/2024\/01\/Sievers-Ehrung_2024_154236_800x450.jpg?fit=800%2C450&ssl=1&resize=350%2C200 1x, https:\/\/i0.wp.com\/www.freidenker.org\/fw17\/wp-content\/uploads\/2024\/01\/Sievers-Ehrung_2024_154236_800x450.jpg?fit=800%2C450&ssl=1&resize=525%2C300 1.5x, https:\/\/i0.wp.com\/www.freidenker.org\/fw17\/wp-content\/uploads\/2024\/01\/Sievers-Ehrung_2024_154236_800x450.jpg?fit=800%2C450&ssl=1&resize=700%2C400 2x"},"classes":[]}],"_links":{"self":[{"href":"https:\/\/www.freidenker.org\/index.php?rest_route=\/wp\/v2\/posts\/25027","targetHints":{"allow":["GET"]}}],"collection":[{"href":"https:\/\/www.freidenker.org\/index.php?rest_route=\/wp\/v2\/posts"}],"about":[{"href":"https:\/\/www.freidenker.org\/index.php?rest_route=\/wp\/v2\/types\/post"}],"author":[{"embeddable":true,"href":"https:\/\/www.freidenker.org\/index.php?rest_route=\/wp\/v2\/users\/3"}],"replies":[{"embeddable":true,"href":"https:\/\/www.freidenker.org\/index.php?rest_route=%2Fwp%2Fv2%2Fcomments&post=25027"}],"version-history":[{"count":2,"href":"https:\/\/www.freidenker.org\/index.php?rest_route=\/wp\/v2\/posts\/25027\/revisions"}],"predecessor-version":[{"id":25030,"href":"https:\/\/www.freidenker.org\/index.php?rest_route=\/wp\/v2\/posts\/25027\/revisions\/25030"}],"wp:featuredmedia":[{"embeddable":true,"href":"https:\/\/www.freidenker.org\/index.php?rest_route=\/wp\/v2\/media\/25029"}],"wp:attachment":[{"href":"https:\/\/www.freidenker.org\/index.php?rest_route=%2Fwp%2Fv2%2Fmedia&parent=25027"}],"wp:term":[{"taxonomy":"category","embeddable":true,"href":"https:\/\/www.freidenker.org\/index.php?rest_route=%2Fwp%2Fv2%2Fcategories&post=25027"},{"taxonomy":"post_tag","embeddable":true,"href":"https:\/\/www.freidenker.org\/index.php?rest_route=%2Fwp%2Fv2%2Ftags&post=25027"}],"curies":[{"name":"wp","href":"https:\/\/api.w.org\/{rel}","templated":true}]}}