{"id":25024,"date":"2026-04-27T21:34:52","date_gmt":"2026-04-27T19:34:52","guid":{"rendered":"https:\/\/www.freidenker.org\/?p=25024"},"modified":"2026-04-27T21:34:52","modified_gmt":"2026-04-27T19:34:52","slug":"lisa-fitz-schafe-gegen-rechts","status":"publish","type":"post","link":"https:\/\/www.freidenker.org\/?p=25024","title":{"rendered":"Lisa Fitz \u2013 Schafe gegen rechts"},"content":{"rendered":"<p><em>Video von <strong>Lisa Fitz<\/strong><\/em><\/p>\n<p><span style=\"font-size: 10pt;\">Ver\u00f6ffentlicht am 20.04.2026 auf den <a href=\"https:\/\/www.nachdenkseiten.de\/?p=149346\" target=\"_blank\" rel=\"noopener\">NachDenkSeiten<\/a><\/span><\/p>\n<p>Dieser Beitrag ist auch als Audio-Podcast verf\u00fcgbar:<\/p>\n<audio class=\"wp-audio-shortcode\" id=\"audio-25024-1\" preload=\"none\" style=\"width: 100%;\" controls=\"controls\"><source type=\"audio\/mpeg\" src=\"https:\/\/www.nachdenkseiten.de\/upload\/podcast\/260416-Lisa-Fitz-Schafe-gegen-rechts-NDS.mp3?_=1\" \/><a href=\"https:\/\/www.nachdenkseiten.de\/upload\/podcast\/260416-Lisa-Fitz-Schafe-gegen-rechts-NDS.mp3\">https:\/\/www.nachdenkseiten.de\/upload\/podcast\/260416-Lisa-Fitz-Schafe-gegen-rechts-NDS.mp3<\/a><\/audio>\n<p><span style=\"font-size: 10pt;\">Bereitgestellt von den <a href=\"https:\/\/www.nachdenkseiten.de\/?p=149346\" target=\"_blank\" rel=\"noopener\">NachDenkSeiten<\/a>\u00a0<\/span><br \/>\n<span style=\"font-size: 10pt;\"><a href=\"https:\/\/www.nachdenkseiten.de\/upload\/podcast\/260416-Lisa-Fitz-Schafe-gegen-rechts-NDS.mp3\" target=\"_blank\" rel=\"noopener\">Download<\/a><\/span><\/p>\n<p>Die Emp\u00f6rung schl\u00e4gt wieder hohe Wellen. Emp\u00f6rung \u00fcber die Rede von Marco Rubio. Emp\u00f6rung \u00fcber Harald Martenstein im Thalia Theater. Emp\u00f6rung \u00fcber ein Fake-Video von Dunja Hayali im <em>ZDF<\/em>. Daueremp\u00f6rung \u00fcber die AfD. Und erstaunlich wenig Emp\u00f6rung \u00fcber die weltweite Kundschaft von Jeffrey Epstein. Komisch. Dieses Thema hat\u2019s fr\u00fcher schon mal bis zu Maischberger geschafft \u2013 und war dann erstaunlich schnell wieder aus den Medien verschwunden. Das bewegt einen zu dem Verdacht, dass wom\u00f6glich a bissl viel Prominenz aus Kultur, Wirtschaft und Politik mit drinhing. Und dass viel Geld vielleicht eine bemerkenswert beruhigende Wirkung auf Medien haben k\u00f6nnte. Gut, Transparenz braucht ja manchmal Jahrzehnte.<\/p>\n<div class=\"jetpack-video-wrapper\"><span class=\"embed-youtube\" style=\"text-align:center; display: block;\"><iframe loading=\"lazy\" class=\"youtube-player\" width=\"800\" height=\"450\" src=\"https:\/\/www.youtube.com\/embed\/vEPlbp5MfPk?version=3&#038;rel=1&#038;showsearch=0&#038;showinfo=1&#038;iv_load_policy=1&#038;fs=1&#038;hl=de-DE&#038;autohide=2&#038;wmode=transparent\" allowfullscreen=\"true\" style=\"border:0;\" sandbox=\"allow-scripts allow-same-origin allow-popups allow-presentation allow-popups-to-escape-sandbox\"><\/iframe><\/span><\/div>\n<p><span style=\"font-size: 10pt;\">Direktlink zum Video der NachDenkSeiten auf YouTube: <a href=\"https:\/\/www.youtube.com\/watch?v=vEPlbp5MfPk\" target=\"_blank\" rel=\"noopener\">https:\/\/www.youtube.com\/watch?v=vEPlbp5MfPk<\/a><\/span><\/p>\n<p style=\"text-align: right;\"><em>Lisa Fitz ist Beiratsmitglied des Deutschen Freidenker-Verbandes<\/em><\/p>\n<hr \/>\n<p><span style=\"font-size: 10pt;\">Bild oben: Lisa Fitz<\/span><br \/>\n<span style=\"font-size: 10pt;\">Vorschaubild des\u00a0<a href=\"https:\/\/www.nachdenkseiten.de\/?p=149346\" target=\"_blank\" rel=\"noopener\">Videos der NachDenkSeiten<\/a><\/span><\/p>\n<p>&nbsp;<\/p>\n<p>&nbsp;<\/p>\n","protected":false},"excerpt":{"rendered":"<p><b>Video von Lisa Fitz<\/b><br \/>\nDie Emp\u00f6rung schl\u00e4gt wieder hohe Wellen. Emp\u00f6rung \u00fcber die Rede von Marco Rubio. Emp\u00f6rung \u00fcber Harald Martenstein im Thalia Theater. Emp\u00f6rung \u00fcber ein Fake-Video von Dunja Hayali im ZDF. Daueremp\u00f6rung \u00fcber die AfD. Und erstaunlich wenig Emp\u00f6rung \u00fcber die weltweite Kundschaft von Jeffrey Epstein. Komisch. Dieses Thema hat\u2019s fr\u00fcher schon mal bis zu Maischberger geschafft \u2013 und war dann erstaunlich schnell wieder aus den Medien verschwunden. Das bewegt einen zu dem Verdacht, dass wom\u00f6glich a bissl viel Prominenz aus Kultur, Wirtschaft und Politik mit drinhing. Und dass viel Geld vielleicht eine bemerkenswert beruhigende Wirkung auf Medien haben k\u00f6nnte. Gut, Transparenz braucht ja manchmal Jahrzehnte.<\/p>\n","protected":false},"author":3,"featured_media":25026,"comment_status":"closed","ping_status":"closed","sticky":false,"template":"","format":"standard","meta":{"colormag_page_container_layout":"default_layout","colormag_page_sidebar_layout":"default_layout","advanced_seo_description":"","jetpack_seo_html_title":"","jetpack_seo_noindex":false,"jetpack_post_was_ever_published":false,"footnotes":""},"categories":[574,913],"tags":[1031,1276,1032,3179,602,2116,942,2227,1350,668,121,619,3180,376,1110],"class_list":["post-25024","post","type-post","status-publish","format-standard","has-post-thumbnail","hentry","category-aktuelles","category-kultur-kunst","tag-afd","tag-bill-gates","tag-bundesregierung","tag-empoerung","tag-fake-news","tag-humor","tag-kabarett","tag-kriegstreiber","tag-kritik","tag-kultur","tag-medien","tag-satire","tag-sozialleistungen","tag-transparenz","tag-zdf"],"jetpack_featured_media_url":"https:\/\/i0.wp.com\/www.freidenker.org\/fw17\/wp-content\/uploads\/2026\/04\/Lisa_Fitz_Schafe_800x450.jpg?fit=800%2C450&ssl=1","jetpack_shortlink":"https:\/\/wp.me\/p9stpK-6vC","jetpack-related-posts":[{"id":20189,"url":"https:\/\/www.freidenker.org\/?p=20189","url_meta":{"origin":25024,"position":0},"title":"Lisa Fitz: Die Anti-Deutschen","author":"Webredaktion","date":"2. November 2024","format":false,"excerpt":"Video von\u00a0Lisa Fitz Heute berichte ich euch \u00fcber die Antideutschen und sag\u2019 meine Meinung zu den Wahlen in Th\u00fcringen und Sachsen. Aber das kommt erst ab Minute 8 oder so \u2013 also bitte dranbleiben!","rel":"","context":"In &quot;Demokratie \u2013 Medien \u2013 Aufkl\u00e4rung&quot;","block_context":{"text":"Demokratie \u2013 Medien \u2013 Aufkl\u00e4rung","link":"https:\/\/www.freidenker.org\/?cat=12"},"img":{"alt_text":"","src":"https:\/\/i0.wp.com\/www.freidenker.org\/fw17\/wp-content\/uploads\/2024\/11\/Fitz_Antideutsche_800x450.jpg?fit=800%2C450&ssl=1&resize=350%2C200","width":350,"height":200,"srcset":"https:\/\/i0.wp.com\/www.freidenker.org\/fw17\/wp-content\/uploads\/2024\/11\/Fitz_Antideutsche_800x450.jpg?fit=800%2C450&ssl=1&resize=350%2C200 1x, https:\/\/i0.wp.com\/www.freidenker.org\/fw17\/wp-content\/uploads\/2024\/11\/Fitz_Antideutsche_800x450.jpg?fit=800%2C450&ssl=1&resize=525%2C300 1.5x, https:\/\/i0.wp.com\/www.freidenker.org\/fw17\/wp-content\/uploads\/2024\/11\/Fitz_Antideutsche_800x450.jpg?fit=800%2C450&ssl=1&resize=700%2C400 2x"},"classes":[]},{"id":16399,"url":"https:\/\/www.freidenker.org\/?p=16399","url_meta":{"origin":25024,"position":1},"title":"Lisa Fitz: Moni, Markus, Hubert &#038; die teure Pumpe","author":"Webredaktion","date":"30. Juni 2023","format":false,"excerpt":"Video von Lisa Fitz Hier ein neues St\u00fcck von Lisa Fitz f\u00fcr die NachDenkSeiten. Es geht um die W\u00e4rmepumpe und im Zusammenhang damit auch um die Demonstration in Erding und die mediale Wahrnehmung dieser Vorg\u00e4nge.","rel":"","context":"In &quot;Arbeit &amp; Soziales&quot;","block_context":{"text":"Arbeit &amp; Soziales","link":"https:\/\/www.freidenker.org\/?cat=11"},"img":{"alt_text":"","src":"https:\/\/i0.wp.com\/www.freidenker.org\/fw17\/wp-content\/uploads\/2023\/06\/LisaFitz_TeurePumpe_800x450.jpg?fit=800%2C450&ssl=1&resize=350%2C200","width":350,"height":200,"srcset":"https:\/\/i0.wp.com\/www.freidenker.org\/fw17\/wp-content\/uploads\/2023\/06\/LisaFitz_TeurePumpe_800x450.jpg?fit=800%2C450&ssl=1&resize=350%2C200 1x, https:\/\/i0.wp.com\/www.freidenker.org\/fw17\/wp-content\/uploads\/2023\/06\/LisaFitz_TeurePumpe_800x450.jpg?fit=800%2C450&ssl=1&resize=525%2C300 1.5x, https:\/\/i0.wp.com\/www.freidenker.org\/fw17\/wp-content\/uploads\/2023\/06\/LisaFitz_TeurePumpe_800x450.jpg?fit=800%2C450&ssl=1&resize=700%2C400 2x"},"classes":[]},{"id":18514,"url":"https:\/\/www.freidenker.org\/?p=18514","url_meta":{"origin":25024,"position":2},"title":"Lisa Fitz &#8211; Politiker au\u00dfer Rand und Band","author":"Webredaktion","date":"9. M\u00e4rz 2024","format":false,"excerpt":"Video von\u00a0Lisa Fitz In ihrem neuen St\u00fcck f\u00fcr die NachDenkSeiten besch\u00e4ftigt sich Lisa Fitz mit Verbalinjurien und sonstigen Ausf\u00e4llen, mit Cholerikern, P\u00f6beleien im Bundestag und mit sogenannten \u201eEmotionsdilettanten\u201c. Statt Contenance zu wahren, bes\u00e4\u00dfen manche nur emotionale Inkontinenz. Teilweise hat diese Unart in j\u00fcngster Zeit auch sie selbst betroffen. Lisa Fitz\u2026","rel":"","context":"In &quot;Demokratie \u2013 Medien \u2013 Aufkl\u00e4rung&quot;","block_context":{"text":"Demokratie \u2013 Medien \u2013 Aufkl\u00e4rung","link":"https:\/\/www.freidenker.org\/?cat=12"},"img":{"alt_text":"","src":"https:\/\/i0.wp.com\/www.freidenker.org\/fw17\/wp-content\/uploads\/2024\/03\/Lisa_Fitz_Politiker_ausser_Rand_und_Band_800x450.jpg?fit=800%2C450&ssl=1&resize=350%2C200","width":350,"height":200,"srcset":"https:\/\/i0.wp.com\/www.freidenker.org\/fw17\/wp-content\/uploads\/2024\/03\/Lisa_Fitz_Politiker_ausser_Rand_und_Band_800x450.jpg?fit=800%2C450&ssl=1&resize=350%2C200 1x, https:\/\/i0.wp.com\/www.freidenker.org\/fw17\/wp-content\/uploads\/2024\/03\/Lisa_Fitz_Politiker_ausser_Rand_und_Band_800x450.jpg?fit=800%2C450&ssl=1&resize=525%2C300 1.5x, https:\/\/i0.wp.com\/www.freidenker.org\/fw17\/wp-content\/uploads\/2024\/03\/Lisa_Fitz_Politiker_ausser_Rand_und_Band_800x450.jpg?fit=800%2C450&ssl=1&resize=700%2C400 2x"},"classes":[]},{"id":14941,"url":"https:\/\/www.freidenker.org\/?p=14941","url_meta":{"origin":25024,"position":3},"title":"Lisa Fitz \u2013 Eine Prise Kinski","author":"Webredaktion","date":"5. Januar 2023","format":false,"excerpt":"Video von Lisa Fitz Lisa Fitz, die als Kabarettistin seit Jahrzehnten auf politische und gesellschaftliche Missst\u00e4nde hinweist, besch\u00e4ftigt sich in ihrem neuesten St\u00fcck satirisch mit dem \u201cjournalistischen Meister\u2026 Meisnerhandwerk\u201d sowie Anw\u00fcrfen unter der G\u00fcrtellinie gegen sie und auch gegen die NachDenkSeiten. - \u00dcber die \"M\u00f6chte - gern - auch -\u2026","rel":"","context":"In &quot;Demokratie \u2013 Medien \u2013 Aufkl\u00e4rung&quot;","block_context":{"text":"Demokratie \u2013 Medien \u2013 Aufkl\u00e4rung","link":"https:\/\/www.freidenker.org\/?cat=12"},"img":{"alt_text":"","src":"https:\/\/i0.wp.com\/www.freidenker.org\/fw17\/wp-content\/uploads\/2023\/01\/Lisa-Fitz_Prise-Kinski_800x450.jpg?fit=800%2C450&ssl=1&resize=350%2C200","width":350,"height":200,"srcset":"https:\/\/i0.wp.com\/www.freidenker.org\/fw17\/wp-content\/uploads\/2023\/01\/Lisa-Fitz_Prise-Kinski_800x450.jpg?fit=800%2C450&ssl=1&resize=350%2C200 1x, https:\/\/i0.wp.com\/www.freidenker.org\/fw17\/wp-content\/uploads\/2023\/01\/Lisa-Fitz_Prise-Kinski_800x450.jpg?fit=800%2C450&ssl=1&resize=525%2C300 1.5x, https:\/\/i0.wp.com\/www.freidenker.org\/fw17\/wp-content\/uploads\/2023\/01\/Lisa-Fitz_Prise-Kinski_800x450.jpg?fit=800%2C450&ssl=1&resize=700%2C400 2x"},"classes":[]},{"id":24465,"url":"https:\/\/www.freidenker.org\/?p=24465","url_meta":{"origin":25024,"position":4},"title":"Lisa Fitz \u2013 Geschichte ist die Politik von gestern","author":"Webredaktion","date":"21. Februar 2026","format":false,"excerpt":"Video von Lisa Fitz Geschichte war gestern. Und es lohnt sich, bissl R\u00fcckschau zu halten \u2026 Weil Geschichte ist ja die Politik von gestern, die zum Heute gef\u00fchrt hat. Heute gibt\u2019s \u00fcberall Alarm! Ganz Europa ist m\u00fcde. M\u00fcde vom Denken, vom Erinnern, vom eigenen Dasein.\u00a0","rel":"","context":"In &quot;Kultur &amp; Kunst&quot;","block_context":{"text":"Kultur &amp; Kunst","link":"https:\/\/www.freidenker.org\/?cat=913"},"img":{"alt_text":"","src":"https:\/\/i0.wp.com\/www.freidenker.org\/fw17\/wp-content\/uploads\/2026\/02\/Lisa_Fitz_Geschichte_ist_Politik_von_gestern_800x450.jpg?fit=800%2C450&ssl=1&resize=350%2C200","width":350,"height":200,"srcset":"https:\/\/i0.wp.com\/www.freidenker.org\/fw17\/wp-content\/uploads\/2026\/02\/Lisa_Fitz_Geschichte_ist_Politik_von_gestern_800x450.jpg?fit=800%2C450&ssl=1&resize=350%2C200 1x, https:\/\/i0.wp.com\/www.freidenker.org\/fw17\/wp-content\/uploads\/2026\/02\/Lisa_Fitz_Geschichte_ist_Politik_von_gestern_800x450.jpg?fit=800%2C450&ssl=1&resize=525%2C300 1.5x, https:\/\/i0.wp.com\/www.freidenker.org\/fw17\/wp-content\/uploads\/2026\/02\/Lisa_Fitz_Geschichte_ist_Politik_von_gestern_800x450.jpg?fit=800%2C450&ssl=1&resize=700%2C400 2x"},"classes":[]},{"id":11992,"url":"https:\/\/www.freidenker.org\/?p=11992","url_meta":{"origin":25024,"position":5},"title":"Solidarit\u00e4t mit Lisa Fitz","author":"Webredaktion","date":"14. Januar 2022","format":false,"excerpt":"Beitrag von Klaus Hartmann Ein Monat nach Lisas \u201eskandalumwitterten\u201c Auftritt in der Kabarett-Sendung \u201eSp\u00e4tschicht\u201c des SWR-Fernsehens am 10.12.2021 soll der danach anschwellende Sturm der Emp\u00f6rung in den \u201eQualit\u00e4tsmedien\u201c besichtigt werden. Nach dem gnadenlosen Eindreschen auf die Kabarettistin zu urteilen, hat sich Lisa Fitz eines schweren Vergehens schuldig gemacht. Das soll\u2026","rel":"","context":"In &quot;Zeit der Verleumder - Freidenker f\u00fcr Klartext&quot;","block_context":{"text":"Zeit der Verleumder - Freidenker f\u00fcr Klartext","link":"https:\/\/www.freidenker.org\/?cat=937"},"img":{"alt_text":"","src":"https:\/\/i0.wp.com\/www.freidenker.org\/fw17\/wp-content\/uploads\/2022\/01\/klartext_lisa_fitz.jpg?fit=800%2C450&ssl=1&resize=350%2C200","width":350,"height":200,"srcset":"https:\/\/i0.wp.com\/www.freidenker.org\/fw17\/wp-content\/uploads\/2022\/01\/klartext_lisa_fitz.jpg?fit=800%2C450&ssl=1&resize=350%2C200 1x, https:\/\/i0.wp.com\/www.freidenker.org\/fw17\/wp-content\/uploads\/2022\/01\/klartext_lisa_fitz.jpg?fit=800%2C450&ssl=1&resize=525%2C300 1.5x, https:\/\/i0.wp.com\/www.freidenker.org\/fw17\/wp-content\/uploads\/2022\/01\/klartext_lisa_fitz.jpg?fit=800%2C450&ssl=1&resize=700%2C400 2x"},"classes":[]}],"_links":{"self":[{"href":"https:\/\/www.freidenker.org\/index.php?rest_route=\/wp\/v2\/posts\/25024","targetHints":{"allow":["GET"]}}],"collection":[{"href":"https:\/\/www.freidenker.org\/index.php?rest_route=\/wp\/v2\/posts"}],"about":[{"href":"https:\/\/www.freidenker.org\/index.php?rest_route=\/wp\/v2\/types\/post"}],"author":[{"embeddable":true,"href":"https:\/\/www.freidenker.org\/index.php?rest_route=\/wp\/v2\/users\/3"}],"replies":[{"embeddable":true,"href":"https:\/\/www.freidenker.org\/index.php?rest_route=%2Fwp%2Fv2%2Fcomments&post=25024"}],"version-history":[{"count":1,"href":"https:\/\/www.freidenker.org\/index.php?rest_route=\/wp\/v2\/posts\/25024\/revisions"}],"predecessor-version":[{"id":25025,"href":"https:\/\/www.freidenker.org\/index.php?rest_route=\/wp\/v2\/posts\/25024\/revisions\/25025"}],"wp:featuredmedia":[{"embeddable":true,"href":"https:\/\/www.freidenker.org\/index.php?rest_route=\/wp\/v2\/media\/25026"}],"wp:attachment":[{"href":"https:\/\/www.freidenker.org\/index.php?rest_route=%2Fwp%2Fv2%2Fmedia&parent=25024"}],"wp:term":[{"taxonomy":"category","embeddable":true,"href":"https:\/\/www.freidenker.org\/index.php?rest_route=%2Fwp%2Fv2%2Fcategories&post=25024"},{"taxonomy":"post_tag","embeddable":true,"href":"https:\/\/www.freidenker.org\/index.php?rest_route=%2Fwp%2Fv2%2Ftags&post=25024"}],"curies":[{"name":"wp","href":"https:\/\/api.w.org\/{rel}","templated":true}]}}