{"id":25021,"date":"2026-04-27T21:34:41","date_gmt":"2026-04-27T19:34:41","guid":{"rendered":"https:\/\/www.freidenker.org\/?p=25021"},"modified":"2026-04-27T21:34:41","modified_gmt":"2026-04-27T19:34:41","slug":"von-der-leyen-im-oeko-paradies-die-buerger-in-der-hoelle","status":"publish","type":"post","link":"https:\/\/www.freidenker.org\/?p=25021","title":{"rendered":"Von der Leyen im \u00d6ko-Paradies, die B\u00fcrger in der H\u00f6lle?"},"content":{"rendered":"<p><strong>Dass es mit Kerosin ernste Probleme geben wird, ist inzwischen klar. Aber auch mit anderen Treibstoffen und Produkten drohen b\u00f6se \u00dcberraschungen. Nur werden die EU und deren Statthalter das bestenfalls f\u00fcr neue feindselige Ma\u00dfnahmen nutzen. <\/strong><\/p>\n<p><em>Von <strong>Dagmar Henn<\/strong><\/em><\/p>\n<p><span style=\"font-size: 10pt;\">Erstver\u00f6ffentlichung am 21.04.2026 auf <a href=\"https:\/\/freedert.online\/meinung\/277739-von-leyen-im-oeko-paradies\/\" target=\"_blank\" rel=\"noopener\">RT DE<\/a><\/span><\/p>\n<div class=\"EmbedBlock-root EmbedBlock-all\">\n<div class=\"AllEmbed\"><iframe loading=\"lazy\" title=\"Von der Leyen im \u00d6ko-Paradies, die B\u00fcrger in der H\u00f6lle?\" src=\"https:\/\/www.podbean.com\/player-v2\/?i=bvf62-1aa5de6-pb&amp;from=pb6admin&amp;share=1&amp;download=1&amp;rtl=0&amp;fonts=Arial&amp;skin=f6f6f6&amp;font-color=auto&amp;logo_link=episode_page&amp;btn-skin=7\" width=\"100%\" height=\"150\" scrolling=\"no\" allowfullscreen=\"allowfullscreen\" data-name=\"pb-iframe-player\" data-mce-fragment=\"1\"><\/iframe><\/div>\n<\/div>\n<p>Man kann sich jetzt schon vorstellen, wie die Geschichte des &#8222;Tankrabatts&#8220; ausgehen wird, mal gesetzt den Fall, der Iran-Krieg lebt wieder auf und das Erd\u00f6l aus dem Persischen Golf wird auf unbestimmte Zeit dem globalen Markt entzogen. Nachdem wir ja in Deutschland sind, wo das Wort &#8222;sofort&#8220; unbekannt ist, sobald es um die Politik geht, tritt dieser Rabatt erst am 1. Mai in Kraft und schleicht dann langsam die Lieferkette hinunter bis zur letzten Tankstelle. Zu diesem Zeitpunkt ist, das scheint relativ fest zu stehen, Kerosin in Europa bereits knapp. Das bedeutet dann auch, soweit die Produktionsanteile zwischen Kerosin und Diesel in den Raffinerien umverteilt werden k\u00f6nnen, wurde dann auch schon weniger Diesel produziert, um etwas mehr Kerosin zu haben \u2012 weshalb der Dieselpreis allein dadurch abermals gestiegen sein d\u00fcrfte.<\/p>\n<p>Allerdings lauern dahinter noch ganz andere Risiken: ein langfristiger Mangel an Diesel, der selbst im Falle einer sofortigen \u00d6ffnung der Stra\u00dfe von Hormus fr\u00fchestens binnen Monaten verschwinden w\u00fcrde. Und noch viel schneller wom\u00f6glich ein Mangel an einem noch kritischeren Punkt, der schon 2022 sehr \u00fcberraschend hereinbrach: Ad-Blue. Ein aus Erdgas produzierter Zusatz, ohne den neuere Lkw gar nicht mehr fahren und dessen Produktion sich ab einer bestimmten Preisschwelle in Europa nicht mehr rechnet.<\/p>\n<p>Man darf dabei nicht nur auf Europa allein blicken. In letzter Zeit kehrten eine Reihe von LNG-Tankern, die bereits auf dem Weg nach Europa waren, um und fuhren nach Asien. Die Lieferungen aus Katar gingen vor allem in asiatische L\u00e4nder. Die bieten jetzt Preise, die bis zu 4 Euro\/MWh \u00fcber den europ\u00e4ischen liegen. Das f\u00fcr Europa zur Verf\u00fcgung stehende Angebot schrumpft also, au\u00dfer, die Preise steigen weiter. Und jetzt zum Ad-Blue: Aktuell liegt der Gaspreis in der EU um die 40 Euro\/MWh. Die Schwelle, ab der sich f\u00fcr die ersten Produktionsanlagen die Produktion von Ad-Blue nicht mehr rentiert, liegt bei 45 Euro\/MWh. Bei 50 Euro\/MWh wird es nicht mehr produziert \u2012 das war, was 2022 passiert ist. Die Prognosen der Marktanalytiker, unter anderem von Goldman-Sachs, liegen bei fortgesetzter Schlie\u00dfung der Stra\u00dfe von Hormus bei bis zu 90 Euro\/MWh. Das ist noch ohne einen zus\u00e4tzlichen Stopp der Lieferungen von russischem Erdgas durch die EU.<\/p>\n<p>Ad-Blue wirkt noch weitaus schneller als ein akuter Mangel an Diesel, und es gibt hier keine strategischen Lager, die beim Diesel noch etwas abfangen k\u00f6nnten, auch wenn sie schon binnen weniger Wochen angezapft werden m\u00fcssen. Vor allem: Wenn es nicht vorhanden ist, dann bricht die gesamte Logistik unmittelbar zusammen, weil die Fahrzeuge nicht mehr fahren. Aber Diesel ist ebenfalls nicht sicher.<\/p>\n<p>In der EU werden pro Tag etwa 633.000 Tonnen Diesel verbraucht. Ungef\u00e4hr 586.000 Tonnen werden in der EU produziert, der Rest wird importiert. Wenn die Raffinerien in Europa die Verteilung zwischen Diesel und Kerosin \u00e4ndern, also statt 39 Prozent Diesel aus der gesamten Roh\u00f6lmenge nur 34 Prozent erzeugen, daf\u00fcr statt 9 Prozent Kerosin 14 Prozent, dann ginge die Menge des produzierten Diesels um 60.000 Tonnen\/Tag zur\u00fcck. Gleichzeitig entf\u00e4llt auch der Roh\u00f6lanteil, der bisher aus der Golfregion importiert wurde\u00a0\u2012 das sind noch einmal 40.000 Tonnen Diesel\/Tag, wenn die Stra\u00dfe von Hormus gesperrt bleibt.<\/p>\n<p>Nun gibt es kommerzielle Lager, die drei bis vier Monate abdecken k\u00f6nnen, wenn das Defizit bei 100.000 Tonnen\/Tag bleibt\u00a0\u2012 obwohl sich dann nat\u00fcrlich fragt, ob es sinnvoll ist, wenn sie das t\u00e4ten, sofern der Krieg fortgesetzt wird, da nicht abzusehen w\u00e4re, wie lange diese Lage anh\u00e4lt. An diesem Punkt w\u00e4re also bereits ein Eingreifen der Regierungen denkbar, um die &#8222;Haltbarkeit&#8220; dieser Lagerbest\u00e4nde zu strecken, indem der Verbrauch begrenzt wird. Die staatlichen Notreserven halten noch l\u00e4nger, weil sie mit 39 Millionen Tonnen in der ganzen EU etwa drei- bis viermal so gro\u00df sind wie die kommerziellen. Von der deutschen Reserve von etwa 20 Millionen Tonnen wurde aber ungef\u00e4hr ein F\u00fcnftel bereits im M\u00e4rz freigegeben.<\/p>\n<p>Selbst wenn der ganze Iran-Krieg vor\u00fcber w\u00e4re, w\u00fcrden die Sch\u00e4den an Raffinerien in der Golfregion dazu f\u00fchren, dass es ein t\u00e4gliches Defizit bei der Diesel-Produktion von etwa 50.000 Tonnen\/Tag g\u00e4be, mindestens f\u00fcr einige Monate. Aktuell ist das aber noch nicht eingepreist.<\/p>\n<p>Doch es gibt noch einen weiteren Faktor, den man nicht vergessen darf: Wie entscheiden sich die Politiker der EU, wenn die Ukraine kein Diesel mehr hat? Sie w\u00fcrden aus den europ\u00e4ischen Best\u00e4nden abzweigen, um den Krieg dort am Laufen zu halten. Das w\u00e4ren bis zu weitere 20.000 Tonnen\/Tag, die in der EU fehlen. Nebenbei:\u00a0Auch Kerosin d\u00fcrfte dorthin flie\u00dfen, und auch die US-Transportlogistik f\u00fcr den Iran-Krieg w\u00fcrde bei der notorischen Zwischenlandung in Ramstein Kerosin europ\u00e4ischer Raffinerien beanspruchen&#8230; Wie auch immer, auf jeden Fall f\u00fchrt eine Einbeziehung des Faktors Ukraine dazu, dass pro Tag im Falle einer Fortsetzung des Iran-Kriegs bis zu 140.000, im Falle eines Endes immer noch 70.000 Tonnen\/Tag fehlen.<\/p>\n<p>Ein Mangel an Ad-Blue \u00fcbrigens w\u00fcrde die Preise an den Tankstellen noch zus\u00e4tzlich nach oben schrauben, weil auch die Tanklastwagen, die sie versorgen, auf Ad-Blue angewiesen sind. Die beiden Aspekte k\u00f6nnen sich also wechselseitig verst\u00e4rken, bis dahin, dass zwar Diesel da ist, aber nicht zur Tankstelle gelangt.<\/p>\n<p>Und mitten hinein in dieses Szenario kommen dann 17 Cent\/Liter Steuerentlastung f\u00fcr zwei Monate. Das ist ein klein wenig so, als w\u00fcrde man jemandem, dessen Haus brennt, statt L\u00f6schwasser ein Bier spendieren. Ist auch nass, aber nur begrenzt hilfreich.<\/p>\n<p>Das waren jetzt einmal ein paar Rohdaten. Selbst f\u00fcr die vern\u00fcnftigsten Regierungen w\u00e4re das eine schwierige Situation. Weil, beispielsweise, im Sommer, zu einer Zeit, in der die kommerziellen Vorr\u00e4te aufgebraucht sein k\u00f6nnten und in der sich die Preise in ganz anderen Regionen als heute bewegen d\u00fcrften, die Ernte eingebracht werden muss, wof\u00fcr es ebenfalls Diesel braucht, der aber billig genug sein m\u00fcsste, dass es zu keinem Verlust f\u00fchrt, zu ernten. Sollte nicht geerntet werden, hat die EU noch ein Problem einer ganz anderen Gr\u00f6\u00dfenordnung. Hier m\u00fcssten also die staatlichen Vorr\u00e4te auf jeden Fall angetastet werden, auch wenn ansonsten eine rationale Politik so fr\u00fch wie m\u00f6glich eingreifen w\u00fcrde, um die Vorr\u00e4te maximal zu strecken.<\/p>\n<p>Allerdings haben wir es nicht mit rationalen Regierungen zu tun. Da muss man nur an Ursula von der Leyens Aussage, die beste Energie sei jene, die gar nicht verbraucht wird, denken. Oder an die Aufforderung an die B\u00fcrger, weniger Benzin zu tanken, damit das Kerosin l\u00e4nger reicht. Wenn man dann noch ein paar dieser &#8222;Visionen&#8220; hinzuf\u00fcgt, wie die F\u00fcnfzehn-Minuten-Stadt, und die Vorlieben der EU f\u00fcr die Kontrolle der B\u00fcrger&#8230; dann muss man davon ausgehen, dass eine derartige Entwicklung, wie sie das Extremszenario liefert (Fortsetzung des Iran-Kriegs), vor allem als Rechtfertigung genutzt wird, um ohnehin bereits vorhandene Pl\u00e4ne durchzusetzen. Was dann bedeuten w\u00fcrde, Mobilit\u00e4tsbeschr\u00e4nkungen zu verh\u00e4ngen, ohne die volkswirtschaftlichen Folgen im Blick zu haben. Das Modell der Lockdowns w\u00e4hrend Corona belegte recht gut, wie ohne Analyse und \u00dcberlegung einfach geholzt wurde.<\/p>\n<p>Nicht zu vergessen, einige der Folgen eines solchen Mangels entsprechen genau einigen Schritten, die auf EU-Ebene geplant sind. Wer an die Proteste gegen die Abschaffung des verg\u00fcnstigten Diesels f\u00fcr die Landwirtschaft zur\u00fcckdenkt, begreift schnell, dass die aktuellen Preise bereits genau die Folgen haben werden, die bei der Abschaffung dieser Verg\u00fcnstigung gef\u00fcrchtet worden waren\u00a0\u2012 und der aktuelle Preis ist noch lange nicht das Ende der Fahnenstange.<\/p>\n<p>Gleiches gilt auch bei Kunstd\u00fcnger, der ebenfalls aus der Golfregion geliefert wurde \u2012 die Preise sind inzwischen bereits wieder so hoch wie 2022. Damals sanken in Deutschland die Preise einzig dadurch wieder, dass viele Bauern wegen der gestiegenen Kosten die Aussaat unterlie\u00dfen. Auch hier gibt es \u00fcbrigens zwei gro\u00dfe Produzenten von Kunstd\u00fcnger, die leicht erreichbar w\u00e4ren: Wei\u00dfrussland und Russland. Doch bei beiden gibt es EU-Sanktionen, die den Import von Kunstd\u00fcnger von dort untersagen.<\/p>\n<p>Wie ausgepr\u00e4gt das Problem diesmal sein wird, ist noch nicht bekannt. Fest steht aber bereits, dass die Anbaufl\u00e4che f\u00fcr den besonders d\u00fcngerhungrigen Mais in Italien um 11 Prozent zur\u00fcckgegangen ist und in der Steiermark in \u00d6sterreich bis zu 20 Prozent der Bauern den D\u00fcnger f\u00fcr die laufende Saison noch nicht gekauft haben. Die Daten f\u00fcr die Aussaat insgesamt liegen noch nicht vor.<\/p>\n<p>Aber wie wird eine B\u00fcrokratie, die v\u00f6llig unrealistischen Zielen folgt, auf diese Entwicklung reagieren? Sie wird versuchen, jedes Ziel, das auf diese Weise erreichbar scheint, durchzusetzen, ob das nun f\u00fcr die Menschen in der EU das Leben erschwert oder nicht. So, wie in Bezug auf die Zuteilung von Diesel im Zweifelsfalle der Krieg in der Ukraine wichtiger w\u00e4re als die Aufrechterhaltung der Lieferlogistik f\u00fcr die Superm\u00e4rkte, so wird die scheinbar einfache Umsetzung dieser vermeintlich \u00f6kologischen Ziele wichtiger sein als die gesicherte und bezahlbare Versorgung der Bev\u00f6lkerung.<\/p>\n<p>Das Extrembeispiel, wie das Wohl der eigenen Bev\u00f6lkerung im Verh\u00e4ltnis zu den abstrakten politischen Zielen rangiert, lieferte j\u00fcngst die Bundesregierung in ihrem Abkommen mit der Ukraine, in dem tats\u00e4chlich der Bau von Sozialwohnungen in der Ukraine mit Bundesmitteln gef\u00f6rdert werden soll, obwohl dort \u00fcber 70 Prozent der Bev\u00f6lkerung im eigenen Eigentum wohnen (in Deutschland nur 44) und in Deutschland seit Jahren Wohnungsmangel herrscht. Dementsprechend d\u00fcrften auch im extremen Krisenmodus die Priorit\u00e4ten liegen: erst der Krieg, dann die \u00d6ko-Fantasien, und dann, vielleicht, das Wohl der B\u00fcrger.<\/p>\n<p style=\"text-align: right;\"><em>Dagmar Henn ist Mitglied des Deutschen Freidenker-Verbandes<\/em><\/p>\n<hr \/>\n<p><span style=\"font-size: 10pt;\">Bild oben: <a href=\"https:\/\/pixabay.com\/de\/photos\/alt-benzin-pumpe-automobil-7908694\/\" target=\"_blank\" rel=\"noopener\">pixabay.com<\/a> \/ <a class=\"userName--owby3\" href=\"https:\/\/pixabay.com\/de\/users\/photoeightyeight-5790668\/\" target=\"_blank\" rel=\"noopener\">photoeightyeight<\/a> \/ <a href=\"https:\/\/pixabay.com\/de\/service\/license-summary\/\" target=\"_blank\" rel=\"noopener\">Inhaltslizenz<\/a><\/span><\/p>\n","protected":false},"excerpt":{"rendered":"<p><b>Beitrag von Dagmar Henn<\/b><br \/>\nMan kann sich jetzt schon vorstellen, wie die Geschichte des &#8222;Tankrabatts&#8220; ausgehen wird, mal gesetzt den Fall, der Iran-Krieg lebt wieder auf und das Erd\u00f6l aus dem Persischen Golf wird auf unbestimmte Zeit dem globalen Markt entzogen. Nachdem wir ja in Deutschland sind, wo das Wort &#8222;sofort&#8220; unbekannt ist, sobald es um die Politik geht, tritt dieser Rabatt erst am 1. Mai in Kraft und schleicht dann langsam die Lieferkette hinunter bis zur letzten Tankstelle. Zu diesem Zeitpunkt ist, das scheint relativ fest zu stehen, Kerosin in Europa bereits knapp. Das bedeutet dann auch, soweit die Produktionsanteile zwischen Kerosin und Diesel in den Raffinerien umverteilt werden k\u00f6nnen, wurde dann auch schon weniger Diesel produziert, um etwas mehr Kerosin zu haben \u2012 weshalb der Dieselpreis allein dadurch abermals gestiegen sein d\u00fcrfte.<\/p>\n","protected":false},"author":3,"featured_media":25022,"comment_status":"closed","ping_status":"closed","sticky":false,"template":"","format":"standard","meta":{"colormag_page_container_layout":"default_layout","colormag_page_sidebar_layout":"default_layout","advanced_seo_description":"","jetpack_seo_html_title":"","jetpack_seo_noindex":false,"jetpack_post_was_ever_published":false,"footnotes":""},"categories":[574,11],"tags":[1847,1597,1473,1328,3117,3054,814,1557,3181,1572,3104,639],"class_list":["post-25021","post","type-post","status-publish","format-standard","has-post-thumbnail","hentry","category-aktuelles","category-arbeit-soziales","tag-buerokratie","tag-duengemittel","tag-erdgas","tag-erdoel","tag-irankrieg","tag-kraftstoff","tag-oekologie","tag-rohstoffe","tag-steuerentlastung","tag-steuern","tag-strasse-von-hormus","tag-ukraine-konflikt"],"jetpack_featured_media_url":"https:\/\/i0.wp.com\/www.freidenker.org\/fw17\/wp-content\/uploads\/2026\/04\/photoeightyeight-old-7908694_800x450.jpg?fit=800%2C450&ssl=1","jetpack_shortlink":"https:\/\/wp.me\/p9stpK-6vz","jetpack-related-posts":[{"id":13160,"url":"https:\/\/www.freidenker.org\/?p=13160","url_meta":{"origin":25021,"position":0},"title":"Energiemangel \u2013 die neue Strategie des Westens, den S\u00fcden in Ketten zu halten?","author":"Webredaktion","date":"18. Mai 2022","format":false,"excerpt":"Beitrag von Dagmar Henn \u00dcber Jahrtausende hinweg war es die Begrenzung der zur Verf\u00fcgung stehenden Energie, die die Entwicklungsgeschwindigkeit menschlicher Technik begrenzte. Die Verwendung der Steinkohle, gekoppelt mit der Dampfmaschine, die den Brennwert der Kohle in Bewegung umsetzte, f\u00fchrte zu einer massiven Beschleunigung technischer Ver\u00e4nderungen. Auch wenn man es sich\u2026","rel":"","context":"In &quot;Arbeit &amp; Soziales&quot;","block_context":{"text":"Arbeit &amp; Soziales","link":"https:\/\/www.freidenker.org\/?cat=11"},"img":{"alt_text":"","src":"https:\/\/i0.wp.com\/www.freidenker.org\/fw17\/wp-content\/uploads\/2022\/05\/energy-259725_800x450.jpg?fit=800%2C450&ssl=1&resize=350%2C200","width":350,"height":200,"srcset":"https:\/\/i0.wp.com\/www.freidenker.org\/fw17\/wp-content\/uploads\/2022\/05\/energy-259725_800x450.jpg?fit=800%2C450&ssl=1&resize=350%2C200 1x, https:\/\/i0.wp.com\/www.freidenker.org\/fw17\/wp-content\/uploads\/2022\/05\/energy-259725_800x450.jpg?fit=800%2C450&ssl=1&resize=525%2C300 1.5x, https:\/\/i0.wp.com\/www.freidenker.org\/fw17\/wp-content\/uploads\/2022\/05\/energy-259725_800x450.jpg?fit=800%2C450&ssl=1&resize=700%2C400 2x"},"classes":[]},{"id":21111,"url":"https:\/\/www.freidenker.org\/?p=21111","url_meta":{"origin":25021,"position":1},"title":"Billionenkredit \u2012 Merz schaltet die Pl\u00fcnderung auf Turbo","author":"Webredaktion","date":"7. M\u00e4rz 2025","format":false,"excerpt":"Beitrag Von Dagmar Henn Die B\u00f6rsen meldeten gleich freudig einen Anstieg der R\u00fcstungsaktien um mehr als zehn Prozent, nachdem die Meldungen \u00fcber die finanziellen Absichten des k\u00fcnftigen Bundeskanzlers Friedrich Merz bekannt geworden waren. Offiziell stehen mindestens 800 Milliarden Euro im Raum, die als \"Sonderverm\u00f6gen\", sprich, als zus\u00e4tzliche Kredite aufgenommen werden\u2026","rel":"","context":"In &quot;Demokratie \u2013 Medien \u2013 Aufkl\u00e4rung&quot;","block_context":{"text":"Demokratie \u2013 Medien \u2013 Aufkl\u00e4rung","link":"https:\/\/www.freidenker.org\/?cat=12"},"img":{"alt_text":"","src":"https:\/\/i0.wp.com\/www.freidenker.org\/fw17\/wp-content\/uploads\/2025\/03\/Volodymyr_Zelenskyy_and_Friedrich_Merz_800x450.jpg?fit=800%2C450&ssl=1&resize=350%2C200","width":350,"height":200,"srcset":"https:\/\/i0.wp.com\/www.freidenker.org\/fw17\/wp-content\/uploads\/2025\/03\/Volodymyr_Zelenskyy_and_Friedrich_Merz_800x450.jpg?fit=800%2C450&ssl=1&resize=350%2C200 1x, https:\/\/i0.wp.com\/www.freidenker.org\/fw17\/wp-content\/uploads\/2025\/03\/Volodymyr_Zelenskyy_and_Friedrich_Merz_800x450.jpg?fit=800%2C450&ssl=1&resize=525%2C300 1.5x, https:\/\/i0.wp.com\/www.freidenker.org\/fw17\/wp-content\/uploads\/2025\/03\/Volodymyr_Zelenskyy_and_Friedrich_Merz_800x450.jpg?fit=800%2C450&ssl=1&resize=700%2C400 2x"},"classes":[]},{"id":21158,"url":"https:\/\/www.freidenker.org\/?p=21158","url_meta":{"origin":25021,"position":2},"title":"Deutsche Presse tief im Sch\u00fctzengraben: &#8222;R\u00fcckkehr vom Fronturlaub&#8220;","author":"Webredaktion","date":"12. M\u00e4rz 2025","format":false,"excerpt":"Beitrag von Dagmar Henn Es war schon das ganze letzte Jahrzehnt so, als h\u00e4tten die Schreiber der deutschen Journaille mit Sicherheit nie Erich Maria Remarque gelesen, aber in den letzten Tagen wirken sie so, als h\u00e4tte man sie mit t\u00e4glichen Lesungen von Ernst J\u00fcngers \"Stahlgewitter\" herangezogen. Sie n\u00e4hern sich einer\u2026","rel":"","context":"In &quot;Demokratie \u2013 Medien \u2013 Aufkl\u00e4rung&quot;","block_context":{"text":"Demokratie \u2013 Medien \u2013 Aufkl\u00e4rung","link":"https:\/\/www.freidenker.org\/?cat=12"},"img":{"alt_text":"","src":"https:\/\/i0.wp.com\/www.freidenker.org\/fw17\/wp-content\/uploads\/2025\/03\/Wilhelm_II_An_das_deutsche_Volk_v2.jpg?fit=800%2C450&ssl=1&resize=350%2C200","width":350,"height":200,"srcset":"https:\/\/i0.wp.com\/www.freidenker.org\/fw17\/wp-content\/uploads\/2025\/03\/Wilhelm_II_An_das_deutsche_Volk_v2.jpg?fit=800%2C450&ssl=1&resize=350%2C200 1x, https:\/\/i0.wp.com\/www.freidenker.org\/fw17\/wp-content\/uploads\/2025\/03\/Wilhelm_II_An_das_deutsche_Volk_v2.jpg?fit=800%2C450&ssl=1&resize=525%2C300 1.5x, https:\/\/i0.wp.com\/www.freidenker.org\/fw17\/wp-content\/uploads\/2025\/03\/Wilhelm_II_An_das_deutsche_Volk_v2.jpg?fit=800%2C450&ssl=1&resize=700%2C400 2x"},"classes":[]},{"id":20622,"url":"https:\/\/www.freidenker.org\/?p=20622","url_meta":{"origin":25021,"position":3},"title":"Provokationen in der Ostsee: Langsam wird es hei\u00df f\u00fcr Rostock","author":"Webredaktion","date":"31. Dezember 2024","format":false,"excerpt":"Beitrag von Dagmar Henn Es sieht ganz so aus, als h\u00e4tte die Biden-Regierung kurz vor ihrem Abtreten auch noch den Auftrag erteilt, in der Ostsee ordentlich zu z\u00fcndeln. Denn wenn man sich das Verhalten der europ\u00e4ischen Staaten in den letzten Jahren betrachtet, erfolgen alle irrsinnigen Handlungen auf Anweisung aus Washington.\u2026","rel":"","context":"In &quot;Demokratie \u2013 Medien \u2013 Aufkl\u00e4rung&quot;","block_context":{"text":"Demokratie \u2013 Medien \u2013 Aufkl\u00e4rung","link":"https:\/\/www.freidenker.org\/?cat=12"},"img":{"alt_text":"","src":"https:\/\/i0.wp.com\/www.freidenker.org\/fw17\/wp-content\/uploads\/2024\/12\/GOLFSTRAUM_NORWAY_800x450.jpg?fit=800%2C450&ssl=1&resize=350%2C200","width":350,"height":200,"srcset":"https:\/\/i0.wp.com\/www.freidenker.org\/fw17\/wp-content\/uploads\/2024\/12\/GOLFSTRAUM_NORWAY_800x450.jpg?fit=800%2C450&ssl=1&resize=350%2C200 1x, https:\/\/i0.wp.com\/www.freidenker.org\/fw17\/wp-content\/uploads\/2024\/12\/GOLFSTRAUM_NORWAY_800x450.jpg?fit=800%2C450&ssl=1&resize=525%2C300 1.5x, https:\/\/i0.wp.com\/www.freidenker.org\/fw17\/wp-content\/uploads\/2024\/12\/GOLFSTRAUM_NORWAY_800x450.jpg?fit=800%2C450&ssl=1&resize=700%2C400 2x"},"classes":[]},{"id":23598,"url":"https:\/\/www.freidenker.org\/?p=23598","url_meta":{"origin":25021,"position":4},"title":"&#8222;Parasiten&#8220;: Was dem Jupiter erlaubt ist &#8230;","author":"Webredaktion","date":"21. November 2025","format":false,"excerpt":"Beitrag von Dagmar Henn Die Auseinandersetzung um die Meinungsfreiheit hat in Deutschland zwei Aspekte. Der eine ist das Fehlen einer wirklichen Debatte dar\u00fcber, was gesagt werden darf und was nicht \u2013 das funktioniert eher durch obrigkeitliche Dekrete. Das andere aber ist die regelm\u00e4\u00dfige Anwendung verschiedener Ma\u00dfst\u00e4be, ob die \u00c4u\u00dferung nun\u2026","rel":"","context":"In &quot;Demokratie \u2013 Medien \u2013 Aufkl\u00e4rung&quot;","block_context":{"text":"Demokratie \u2013 Medien \u2013 Aufkl\u00e4rung","link":"https:\/\/www.freidenker.org\/?cat=12"},"img":{"alt_text":"","src":"https:\/\/i0.wp.com\/www.freidenker.org\/fw17\/wp-content\/uploads\/2025\/11\/Jupiter_und_Ochse_KI_800x450.jpg?fit=800%2C450&ssl=1&resize=350%2C200","width":350,"height":200,"srcset":"https:\/\/i0.wp.com\/www.freidenker.org\/fw17\/wp-content\/uploads\/2025\/11\/Jupiter_und_Ochse_KI_800x450.jpg?fit=800%2C450&ssl=1&resize=350%2C200 1x, https:\/\/i0.wp.com\/www.freidenker.org\/fw17\/wp-content\/uploads\/2025\/11\/Jupiter_und_Ochse_KI_800x450.jpg?fit=800%2C450&ssl=1&resize=525%2C300 1.5x, https:\/\/i0.wp.com\/www.freidenker.org\/fw17\/wp-content\/uploads\/2025\/11\/Jupiter_und_Ochse_KI_800x450.jpg?fit=800%2C450&ssl=1&resize=700%2C400 2x"},"classes":[]},{"id":23907,"url":"https:\/\/www.freidenker.org\/?p=23907","url_meta":{"origin":25021,"position":5},"title":"&#8222;Schattenflotte&#8220; \u2013 Warmlaufen f\u00fcr die n\u00e4chste Provokation?","author":"Webredaktion","date":"16. Dezember 2025","format":false,"excerpt":"Beitrag von Dagmar Henn Erst waren es die Unterseekabel gewesen, die angeblich von Schiffen dieser omin\u00f6sen \"Schattenflotte\" gekappt worden waren, dann waren es geheimnisvolle Drohnen, die \u00fcberall gesichtet wurden (und sich inzwischen unter anderem als Milit\u00e4rhubschrauber entpuppten), und jetzt gibt es wieder etwas Neues: \"Schiffe, die westliche Beh\u00f6rden zu Putins\u2026","rel":"","context":"In &quot;Demokratie \u2013 Medien \u2013 Aufkl\u00e4rung&quot;","block_context":{"text":"Demokratie \u2013 Medien \u2013 Aufkl\u00e4rung","link":"https:\/\/www.freidenker.org\/?cat=12"},"img":{"alt_text":"","src":"https:\/\/i0.wp.com\/www.freidenker.org\/fw17\/wp-content\/uploads\/2025\/12\/The_Flying_Dutchman_by_Louis_M._Eilshemius_800x450.jpg?fit=800%2C450&ssl=1&resize=350%2C200","width":350,"height":200,"srcset":"https:\/\/i0.wp.com\/www.freidenker.org\/fw17\/wp-content\/uploads\/2025\/12\/The_Flying_Dutchman_by_Louis_M._Eilshemius_800x450.jpg?fit=800%2C450&ssl=1&resize=350%2C200 1x, https:\/\/i0.wp.com\/www.freidenker.org\/fw17\/wp-content\/uploads\/2025\/12\/The_Flying_Dutchman_by_Louis_M._Eilshemius_800x450.jpg?fit=800%2C450&ssl=1&resize=525%2C300 1.5x, https:\/\/i0.wp.com\/www.freidenker.org\/fw17\/wp-content\/uploads\/2025\/12\/The_Flying_Dutchman_by_Louis_M._Eilshemius_800x450.jpg?fit=800%2C450&ssl=1&resize=700%2C400 2x"},"classes":[]}],"_links":{"self":[{"href":"https:\/\/www.freidenker.org\/index.php?rest_route=\/wp\/v2\/posts\/25021","targetHints":{"allow":["GET"]}}],"collection":[{"href":"https:\/\/www.freidenker.org\/index.php?rest_route=\/wp\/v2\/posts"}],"about":[{"href":"https:\/\/www.freidenker.org\/index.php?rest_route=\/wp\/v2\/types\/post"}],"author":[{"embeddable":true,"href":"https:\/\/www.freidenker.org\/index.php?rest_route=\/wp\/v2\/users\/3"}],"replies":[{"embeddable":true,"href":"https:\/\/www.freidenker.org\/index.php?rest_route=%2Fwp%2Fv2%2Fcomments&post=25021"}],"version-history":[{"count":1,"href":"https:\/\/www.freidenker.org\/index.php?rest_route=\/wp\/v2\/posts\/25021\/revisions"}],"predecessor-version":[{"id":25023,"href":"https:\/\/www.freidenker.org\/index.php?rest_route=\/wp\/v2\/posts\/25021\/revisions\/25023"}],"wp:featuredmedia":[{"embeddable":true,"href":"https:\/\/www.freidenker.org\/index.php?rest_route=\/wp\/v2\/media\/25022"}],"wp:attachment":[{"href":"https:\/\/www.freidenker.org\/index.php?rest_route=%2Fwp%2Fv2%2Fmedia&parent=25021"}],"wp:term":[{"taxonomy":"category","embeddable":true,"href":"https:\/\/www.freidenker.org\/index.php?rest_route=%2Fwp%2Fv2%2Fcategories&post=25021"},{"taxonomy":"post_tag","embeddable":true,"href":"https:\/\/www.freidenker.org\/index.php?rest_route=%2Fwp%2Fv2%2Ftags&post=25021"}],"curies":[{"name":"wp","href":"https:\/\/api.w.org\/{rel}","templated":true}]}}