{"id":25018,"date":"2026-04-27T21:34:35","date_gmt":"2026-04-27T19:34:35","guid":{"rendered":"https:\/\/www.freidenker.org\/?p=25018"},"modified":"2026-04-27T21:34:35","modified_gmt":"2026-04-27T19:34:35","slug":"kanonenfutter-fuer-die-ukraine-%e2%80%92-eine-frage-der-fairness","status":"publish","type":"post","link":"https:\/\/www.freidenker.org\/?p=25018","title":{"rendered":"Kanonenfutter f\u00fcr die Ukraine \u2012 Eine Frage der &#8222;Fairness&#8220;?"},"content":{"rendered":"<p><strong>Der ukrainische Pr\u00e4sidentschaft-Usurpator Wladimir Selenskij hat bei seinem j\u00fcngsten Besuch in Berlin seine beabsichtigte Missachtung von EU-Recht als eine harmlose, Zustimmung heischende Frage der &#8222;Fairness&#8220; pr\u00e4sentiert. <\/strong><\/p>\n<p><em>Von <strong>Rainer Rupp<\/strong><\/em><\/p>\n<p><span style=\"font-size: 10pt;\">Erstver\u00f6ffentlichung am 17.04.2026 auf <a href=\"https:\/\/freedert.online\/meinung\/277421-kanonenfutter-fuer-ukraine-frage-fairness\/\" target=\"_blank\" rel=\"noopener\">RT DE<\/a><\/span><\/p>\n<p>Kanzler Friedrich Merz und Selenskij haben am Dienstag dieser Woche zum Ende des Staatsbesuchs in Berlin eine Pressekonferenz abgehalten. Der ehemalige Berufsschauspieler und Unterhaltungsk\u00fcnstler, der sich nur noch illegal in Kiew an der Macht h\u00e4lt, hat dabei ein Thema angesprochen, das ihm ganz besonders am Herzen liegt. Er braucht n\u00e4mlich dringend mehr Kanonenfutter f\u00fcr die Front gegen Russland.<\/p>\n<p>Merz zeigte sich seinem Ansinnen gegen\u00fcber offen. Und wenn Selenskij damit Erfolg h\u00e4tte, dann w\u00fcrden demn\u00e4chst Zigtausende junger ukrainischer M\u00e4nner aus Deutschland und anderen EU-L\u00e4ndern zur\u00fcck in die Ukraine und direkt an die Front in den fast sicheren Tod geschickt. Davon profitieren w\u00fcrde Selenskij, denn der k\u00f6nnte hoffen, dass seine lukrative Amtszeit (zum Beispiel einige Villen in Italien und Florida) noch etwas l\u00e4nger dauert.<\/p>\n<p>In Berlin sagte Selenskij in die Kameras der gro\u00dfen deutschen \u00f6ffentlich-rechtlichen Sender, dass die ukrainischen Streitkr\u00e4fte die R\u00fcckkehr der jungen M\u00e4nner w\u00fcnschen w\u00fcrden, da dies eine Frage der &#8222;Fairness&#8220; sei. W\u00f6rtlich sagte Selenskij, an Friedrich Merz gerichtet:<\/p>\n<p style=\"padding-left: 40px;\"><em>&#8222;Was die jungen Menschen betrifft, die sich derzeit nicht in der Ukraine, sondern im Ausland befinden: Erstens gibt es verschiedene Gruppen junger Menschen. Ich stimme Ihnen zu, was diejenigen im wehrpflichtigen Alter betrifft, die die Ukraine verlassen haben. Sie sind vor\u00fcbergehend gegangen, sind aber jahrelang geblieben. Viele von ihnen haben die Ukraine unter Versto\u00df gegen ukrainisches Recht verlassen. Die zust\u00e4ndigen Beh\u00f6rden beider L\u00e4nder sollten dieses Problem angehen.&#8220;<\/em><\/p>\n<p>Selenskij betonte anschlie\u00dfend erneut, dass die R\u00fcckkehr von M\u00e4nnern im mobilisierbaren Alter in die Ukraine eine Frage der &#8222;Fairness&#8220; und des &#8222;Rechts&#8220; sei. Worauf Selenskij anspielt, ist offensichtlich brutal schmerzlich, weshalb er den Kern seiner Aussage nochmals in Begriffe wie &#8222;Fairness&#8220; und &#8222;Recht&#8220; kleidet. Wovon er jedoch tats\u00e4chlich spricht, ist keine Frage von &#8222;Fairness&#8220;, sondern eine Frage des V\u00f6lkerrechts, der Menschenrechte und einer ganzen Reihe von internationalen europ\u00e4ischen und deutschen Gesetzen. Das alles soll zur\u00fcckstehen hinter dem von Selenskij demagogisch ins Spiel gebrachten Begriff der &#8222;Fairness&#8220;. Die deutschen &#8222;Qualit\u00e4tsmedien&#8220; schwiegen dazu.<\/p>\n<p>Tats\u00e4chlich hebt Selenskijs Aussage hervor, dass die Ukraine im Moment nicht nur vor schwierigen wirtschaftlichen Herausforderungen steht, was die Finanzierung des EU-Kredits betrifft, sondern das Milit\u00e4r auch ein massives Personalproblem hat, das von regierungstreuen Sendern in Deutschland gern bestritten wird. Wenn es anders w\u00e4re, h\u00e4tte Selenskij nicht in Berlin gestanden und solche Aussagen gemacht.<\/p>\n<p>Fakt ist aber, dass die Ukrainer, die derzeit in der EU leben, vom vor\u00fcbergehenden Schutzstatus oder der Richtlinie zum vor\u00fcbergehenden Schutz abgedeckt sind \u2012 wie auch immer man es nennen m\u00f6chte. Dieser Status gew\u00e4hrt ihnen ein Bleiberecht, Zugang zum Arbeitsmarkt sowie den Anspruch auf staatliche Leistungen. Aber noch wichtiger ist: Er gilt unabh\u00e4ngig von Alter, Wehrpflicht, Wehrtauglichkeit und allen m\u00f6glichen anderen Kriterien.<\/p>\n<p>Aber selbst wenn die EU das irgendwie \u00e4ndern w\u00fcrde, g\u00e4be es immer noch die Frage der grundlegenden Menschenrechte. Aber nat\u00fcrlich spricht Selenskij \u00fcber all das nicht. Stattdessen basiert sein Argument auf &#8222;Fairness&#8220;. In einem Abnutzungskrieg gewinnt im Allgemeinen die Seite, die mehr Ressourcen hat. Und mit mehr Ressourcen sind nicht nur mehr Geld, mehr Produktionskapazit\u00e4ten, mehr Rohstoffe und Energie sowie bessere Logistik gemeint, sondern auch die menschlichen Ressourcen.<\/p>\n<p>Je nach staatlichem System werden diese menschlichen Ressourcen als die wichtigsten betrachtet, die am besten beh\u00fctet werden m\u00fcssen, oder sie werden als rein biologische Verf\u00fcgungsmasse der Gener\u00e4le gesehen, die nach Belieben das Menschenmaterial als &#8222;Kanonenfutter&#8220; einsetzen. Letzteres wird\u00a0beispielsweise selbst von ukrainischer Seite dem Oberbefehlshaber der ukrainischen Streitkr\u00e4fte, General Syrski, vorgeworfen.<\/p>\n<p>Nun ist die Diskussion um menschliche Ressourcen f\u00fcr das Milit\u00e4r eine unangenehme Realit\u00e4t, die weder Selenskij noch Merz noch irgendjemand in Br\u00fcssel gern anspricht. Stattdessen ist es viel einfacher, dieses unangenehme Thema mit dem positiv empfundenen Begriff der &#8222;Fairness&#8220; zu umrahmen, was auch immer das bedeutet. Deshalb sei hier nochmals Selenskijs Aussage in Berlin wiederholt: &#8222;Unsere Streitkr\u00e4fte w\u00fcrden sie, die M\u00e4nner im wehrpflichtigen Alter, sicherlich gerne zur\u00fcckhaben, weil es eine Frage der Fairness ist.&#8220;<\/p>\n<p>Dem steht jedoch der in der Europ\u00e4ischen Union geltende <strong>vor\u00fcbergehende Schutzstatus<\/strong> entgegen. Er beruht auf einer gemeinsamen europ\u00e4ischen Regelung, die nach Beginn des Krieges im Jahr 2022 aktiviert wurde (Grundlage ist die Richtlinie 2001\/55\/EG des Rates vom 20. Juli 2001; f\u00fcr die Ukraine wurde sie durch den Durchf\u00fchrungsbeschluss (EU) 2022\/382 vom 4. M\u00e4rz 2022 erstmals angewendet, nachdem ein Massenzustrom von Vertriebenen festgestellt worden war) und allen Gefl\u00fcchteten aus der Ukraine einen einheitlichen Mindestschutz gew\u00e4hrt.<\/p>\n<p data-start=\"910\" data-end=\"1088\">Dieser umfasst insbesondere ein Aufenthaltsrecht, Zugang zum Arbeitsmarkt sowie soziale und medizinische Versorgung \u2013 und gilt ausdr\u00fccklich unabh\u00e4ngig von Wehrpflicht oder Alter.<\/p>\n<p>Hiernach einige Details, die deutlich machen, dass weder Selenskij noch Merz Ahnung haben, wovon sie sprechen, wenn sie glauben, sie k\u00f6nnten mit einem Fairness-Argument die komplexe und umfassende Rechtsgrundlage des Schutzstatus ukrainischer M\u00e4nner im wehrpflichtigen Alter untergraben.<\/p>\n<h5><strong>Wer hat Anspruch?<\/strong><\/h5>\n<p data-start=\"287\" data-end=\"409\">Der Schutz gilt automatisch f\u00fcr Personen, die vor dem 24. Februar 2022 in der Ukraine lebten und von dort geflohen sind.<\/p>\n<p data-start=\"416\" data-end=\"654\">Wichtig: Es gibt keine Altersgrenze und keine Ausnahme f\u00fcr wehrpflichtige M\u00e4nner. Der Schutz gilt unabh\u00e4ngig von Geschlecht, Alter oder Wehrtauglichkeit. Auch M\u00e4nner im mobilisierbaren Alter erhalten denselben Status und dieselben Rechte.<\/p>\n<h5><strong>Welche Rechte gew\u00e4hrt der vor\u00fcbergehende Schutz?<\/strong><\/h5>\n<p>Der Status garantiert einheitliche Mindestrechte in der gesamten EU (unabh\u00e4ngig vom Aufnahmeland):<\/p>\n<ul>\n<li>Aufenthaltsrecht: Rechtm\u00e4\u00dfiger Aufenthalt im gew\u00e4hlten EU-Land (und Reisefreiheit innerhalb des Schengen-Raums unter bestimmten Bedingungen).<\/li>\n<li>Arbeitsrecht: Sofortiger Zugang zum Arbeitsmarkt (ohne Arbeitserlaubnis in den meisten L\u00e4ndern).<\/li>\n<li>Sozialleistungen: Zugang zu Sozialhilfe, Wohnraum und sozialer Unterst\u00fctzung (auf dem Niveau der jeweiligen nationalen Regelungen f\u00fcr Schutzberechtigte).<\/li>\n<li>Gesundheitsversorgung: Medizinische Versorgung (mindestens wie f\u00fcr eigene Staatsangeh\u00f6rige).<\/li>\n<li>Bildung: Kostenloser Schulbesuch f\u00fcr Kinder und Zugang zu Bildungsangeboten f\u00fcr Erwachsene.<\/li>\n<li>Familienzusammenf\u00fchrung: Erleichterte Regelungen f\u00fcr enge Familienangeh\u00f6rige.<\/li>\n<li>Freiz\u00fcgigkeit: M\u00f6glichkeit, innerhalb der EU zu reisen oder sogar den Wohnsitz zu wechseln (mit Registrierung im neuen Land).<\/li>\n<\/ul>\n<p>Zus\u00e4tzlich d\u00fcrfen Betroffene &#8222;ohne Verlust des Status&#8220; vor\u00fcbergehend in die Ukraine zur\u00fcckkehren (zum Beispiel f\u00fcr Besuche oder famili\u00e4re Gr\u00fcnde).<\/p>\n<h5><strong>Dauer und aktuelle Verl\u00e4ngerungen (Stand April 2026)<\/strong><\/h5>\n<ul>\n<li>Urspr\u00fcnglich f\u00fcr ein Jahr (bis 4. M\u00e4rz 2023).<\/li>\n<li>Mehrmals verl\u00e4ngert: bis M\u00e4rz 2024, M\u00e4rz 2025, M\u00e4rz 2026 und zuletzt bis 4. M\u00e4rz 2027.<\/li>\n<li>Die letzte Verl\u00e4ngerung wurde am 13. Juni 2025 vom Rat der EU einstimmig beschlossen (Durchf\u00fchrungsbeschluss 2025\/1460). Die EU begr\u00fcndet dies mit dem anhaltenden Krieg und der Notwendigkeit, die Asylsysteme weiter zu entlasten.<\/li>\n<\/ul>\n<p>Aktuelle Zahlen (Stand Februar\/M\u00e4rz 2026): Etwa 4,4 Millionen Menschen (\u00fcberwiegend ukrainische Staatsangeh\u00f6rige) genie\u00dfen diesen Schutz in der EU. Die meisten leben in Polen, Deutschland und Tschechien.<\/p>\n<h5><strong>Unterschied zu Asyl \/ internationalem Schutz<\/strong><\/h5>\n<ul>\n<li>Vor\u00fcbergehender Schutz ist kollektiv und befristet \u2013 keine individuelle Pr\u00fcfung der Fluchtgr\u00fcnde.<\/li>\n<li>Der vor\u00fcbergehende Schutz verdr\u00e4ngt kein Asylrecht: Wer m\u00f6chte, kann parallel oder sp\u00e4ter Asyl beantragen (und erh\u00e4lt dann gegebenenfalls st\u00e4rkeren Schutz).<\/li>\n<li>Nach Ende des vor\u00fcbergehenden Schutzes (derzeit geplant f\u00fcr M\u00e4rz 2027) m\u00fcssen die EU-Staaten eine &#8222;koordinierte \u00dcbergangsl\u00f6sung&#8220; finden: Entweder R\u00fcckkehr (bei sicherer Lage in der Ukraine), \u00dcbergang in andere Aufenthaltstitel (zum Beispiel humanit\u00e4re Aufenthaltserlaubnis, Arbeitserlaubnis oder Familiennachzug) oder \u2013 falls n\u00f6tig \u2013 eine weitere Verl\u00e4ngerung.<\/li>\n<li>Die EU diskutiert derzeit bereits &#8222;Phasing-out&#8220;-Strategien, um eine einheitliche Nachfolgeregelung zu schaffen. Eine pl\u00f6tzliche Beendigung ohne \u00dcbergang ist unwahrscheinlich.<\/li>\n<\/ul>\n<h5><strong>Der Schutzstatus ist besonders wichtig im Kontext von Selenskijs &#8222;Fairness&#8220;-Aussage<\/strong><\/h5>\n<p>Er gilt unabh\u00e4ngig von Wehrpflicht oder Alter und gew\u00e4hrt Bleiberecht, Arbeitsrecht und Zugang zu Sozialleistungen. Selenskij argumentiert mit &#8222;Fairness&#8220; gegen\u00fcber den in der Ukraine verbliebenen M\u00e4nnern. Aus Sicht des V\u00f6lkerrechts und der Menschenrechte steht jedoch der vor\u00fcbergehende Schutz als geltendes EU-Recht \u00fcber subjektiven Fairness-\u00dcberlegungen eines Kriegstreibers. Eine R\u00fcckkehr der M\u00e4nner in die Ukraine kann nicht erzwungen werden, solange der Schutz l\u00e4uft \u2013 auch nicht f\u00fcr wehrpflichtige M\u00e4nner.<\/p>\n<p>Der Status l\u00e4uft derzeit bis 4. M\u00e4rz 2027 und wird voraussichtlich nicht abrupt enden.<\/p>\n<p style=\"text-align: right;\"><em>Rainer Rupp ist Mitglied des Beirats des Deutschen Freidenker-Verbandes<\/em><\/p>\n<hr \/>\n<p><span style=\"font-size: 10pt;\">Bild oben: Empfang des ukrainischen Pr\u00e4sidenten Wolodymyr Selenskyj durch Bundeskanzler Friedrich Merz am 14.04.2026 in Berlin<\/span><br \/>\n<span style=\"font-size: 10pt;\">Foto: The Presidential Office of Ukraine,\u00a0<a href=\"https:\/\/creativecommons.org\/licenses\/by-nc-nd\/4.0\/\" target=\"_blank\" rel=\"noopener\"><span class=\"alt-titles\"><span class=\"tool-identifier\">CC BY-NC-ND 4.0<\/span><\/span><\/a><\/span><br \/>\n<span style=\"font-size: 10pt;\">Quelle:\u00a0\u00a0<a href=\"https:\/\/www.president.gov.ua\/en\/photos\/robochij-vizit-prezidenta-ukrayini-do-nimechchini-7873\" target=\"_blank\" rel=\"noopener\">https:\/\/www.president.gov.ua\/en\/photos\/robochij-vizit-prezidenta-ukrayini-do-nimechchini-7873<\/a><\/span><\/p>\n","protected":false},"excerpt":{"rendered":"<p><b>Von Rainer Rupp<\/b><br \/>\nKanzler Friedrich Merz und Selenskij haben am Dienstag dieser Woche zum Ende des Staatsbesuchs in Berlin eine Pressekonferenz abgehalten. Der ehemalige Berufsschauspieler und Unterhaltungsk\u00fcnstler, der sich nur noch illegal in Kiew an der Macht h\u00e4lt, hat dabei ein Thema angesprochen, das ihm ganz besonders am Herzen liegt. Er braucht n\u00e4mlich dringend mehr Kanonenfutter f\u00fcr die Front gegen Russland. Merz zeigte sich seinem Ansinnen gegen\u00fcber offen. Und wenn Selenskij damit Erfolg h\u00e4tte, dann w\u00fcrden demn\u00e4chst Zigtausende junger ukrainischer M\u00e4nner aus Deutschland und anderen EU-L\u00e4ndern zur\u00fcck in die Ukraine und direkt an die Front in den fast sicheren Tod geschickt. Davon profitieren w\u00fcrde Selenskij, denn der k\u00f6nnte hoffen, dass seine lukrative Amtszeit (zum Beispiel einige Villen in Italien und Florida) noch etwas l\u00e4nger dauert.<\/p>\n","protected":false},"author":3,"featured_media":25019,"comment_status":"closed","ping_status":"closed","sticky":false,"template":"","format":"standard","meta":{"colormag_page_container_layout":"default_layout","colormag_page_sidebar_layout":"default_layout","advanced_seo_description":"","jetpack_seo_html_title":"","jetpack_seo_noindex":false,"jetpack_post_was_ever_published":false,"footnotes":""},"categories":[574,12],"tags":[1932,3177,452,182,3175,3178,3176,1084,2461,563,1815,1111,639,2564],"class_list":["post-25018","post","type-post","status-publish","format-standard","has-post-thumbnail","hentry","category-aktuelles","category-demokratie-medien-aufklaerung","tag-asyl","tag-aufenthaltserlaubnis","tag-deutschland","tag-eu","tag-eu-recht","tag-eu-schutzstatus","tag-fairness","tag-fluechtlinge","tag-front","tag-menschenrechte","tag-selenskyj","tag-ukraine","tag-ukraine-konflikt","tag-wehrdienst"],"jetpack_featured_media_url":"https:\/\/i0.wp.com\/www.freidenker.org\/fw17\/wp-content\/uploads\/2026\/04\/merz_selenskij_2026-04-14_b2_800x450.jpg?fit=800%2C450&ssl=1","jetpack_shortlink":"https:\/\/wp.me\/p9stpK-6vw","jetpack-related-posts":[{"id":20377,"url":"https:\/\/www.freidenker.org\/?p=20377","url_meta":{"origin":25018,"position":0},"title":"1000 Tage falsche Solidarit\u00e4t \u2013 die Ukraine geht zugrunde, die EU feiert sich selbst","author":"Webredaktion","date":"24. November 2024","format":false,"excerpt":"Beitrag von Gert Ewen Ungar In einer Sondersitzung mit einem zugeschalteten ukrainischen Pr\u00e4sidenten mit abgelaufenem Haltbarkeitsdatum, Wladimir Selenskij, erinnerte das EU-Parlament an \"1000 days of Russia's full-scale invasion of Ukraine\". 1000 Tage sind seit dem 24. Februar 2022 vergangen, als Russland der Bitte der Volksrepubliken Donezk und Lugansk folgte, und\u2026","rel":"","context":"In &quot;Demokratie \u2013 Medien \u2013 Aufkl\u00e4rung&quot;","block_context":{"text":"Demokratie \u2013 Medien \u2013 Aufkl\u00e4rung","link":"https:\/\/www.freidenker.org\/?cat=12"},"img":{"alt_text":"","src":"https:\/\/i0.wp.com\/www.freidenker.org\/fw17\/wp-content\/uploads\/2024\/11\/Zelenskyy_returned_to_the_European_Parliament_on_17_October_800x450.jpg?fit=800%2C450&ssl=1&resize=350%2C200","width":350,"height":200,"srcset":"https:\/\/i0.wp.com\/www.freidenker.org\/fw17\/wp-content\/uploads\/2024\/11\/Zelenskyy_returned_to_the_European_Parliament_on_17_October_800x450.jpg?fit=800%2C450&ssl=1&resize=350%2C200 1x, https:\/\/i0.wp.com\/www.freidenker.org\/fw17\/wp-content\/uploads\/2024\/11\/Zelenskyy_returned_to_the_European_Parliament_on_17_October_800x450.jpg?fit=800%2C450&ssl=1&resize=525%2C300 1.5x, https:\/\/i0.wp.com\/www.freidenker.org\/fw17\/wp-content\/uploads\/2024\/11\/Zelenskyy_returned_to_the_European_Parliament_on_17_October_800x450.jpg?fit=800%2C450&ssl=1&resize=700%2C400 2x"},"classes":[]},{"id":17629,"url":"https:\/\/www.freidenker.org\/?p=17629","url_meta":{"origin":25018,"position":1},"title":"Ukraine-Konflikt: NATO-Traum vom Tisch, Selenskij vor Absprung in die USA","author":"Webredaktion","date":"9. Dezember 2023","format":false,"excerpt":"Beitrag von Rainer Rupp US-Au\u00dfenminister Antony Blinken hat anscheinend seine europ\u00e4ischen Amtskollegen anl\u00e4sslich des j\u00fcngsten NATO-Treffens gebeten, mit Kiew nicht mehr die Frage des Beitritts\u00a0zu dem transatlantische B\u00fcndnis zu thematisieren. Dieses NATO-Thema ver\u00e4rgere die au\u00dfenpolitische Elite der USA, so\u00a0Alexei Gontscharenko, Abgeordneter im ukrainischen Nationalparlament Werchowna Rada. Unter Berufung auf seine\u2026","rel":"","context":"In &quot;Demokratie \u2013 Medien \u2013 Aufkl\u00e4rung&quot;","block_context":{"text":"Demokratie \u2013 Medien \u2013 Aufkl\u00e4rung","link":"https:\/\/www.freidenker.org\/?cat=12"},"img":{"alt_text":"","src":"https:\/\/i0.wp.com\/www.freidenker.org\/fw17\/wp-content\/uploads\/2023\/12\/US_Congressional_delegation_in_Kiew_Januar_2023_800x450.jpg?fit=800%2C450&ssl=1&resize=350%2C200","width":350,"height":200,"srcset":"https:\/\/i0.wp.com\/www.freidenker.org\/fw17\/wp-content\/uploads\/2023\/12\/US_Congressional_delegation_in_Kiew_Januar_2023_800x450.jpg?fit=800%2C450&ssl=1&resize=350%2C200 1x, https:\/\/i0.wp.com\/www.freidenker.org\/fw17\/wp-content\/uploads\/2023\/12\/US_Congressional_delegation_in_Kiew_Januar_2023_800x450.jpg?fit=800%2C450&ssl=1&resize=525%2C300 1.5x, https:\/\/i0.wp.com\/www.freidenker.org\/fw17\/wp-content\/uploads\/2023\/12\/US_Congressional_delegation_in_Kiew_Januar_2023_800x450.jpg?fit=800%2C450&ssl=1&resize=700%2C400 2x"},"classes":[]},{"id":21047,"url":"https:\/\/www.freidenker.org\/?p=21047","url_meta":{"origin":25018,"position":2},"title":"Hilflos in der Sackgasse \u2013 Europas hysterische Eliten","author":"Webredaktion","date":"25. Februar 2025","format":false,"excerpt":"Beitrag von Rainer Rupp Noch vor wenigen Wochen hatten die EU-Herrschaften stolz \"Europas\" angeblich globalen Einfluss und ihre eigene Bedeutung bewundert. Nun stehen sie vor dem selbst verursachten Scherbenhaufen. Aber da die meiste immer noch realit\u00e4tsblind sind, sehen sie die einzige L\u00f6sung darin, weiterzumachen wie bisher. Die einfachste L\u00f6sung aus\u2026","rel":"","context":"In &quot;Demokratie \u2013 Medien \u2013 Aufkl\u00e4rung&quot;","block_context":{"text":"Demokratie \u2013 Medien \u2013 Aufkl\u00e4rung","link":"https:\/\/www.freidenker.org\/?cat=12"},"img":{"alt_text":"","src":"https:\/\/i0.wp.com\/www.freidenker.org\/fw17\/wp-content\/uploads\/2025\/02\/MEPs_debated_the_outcome_of_the_December_EU_summit_-_von_der_Leyen_800x450.jpg?fit=800%2C450&ssl=1&resize=350%2C200","width":350,"height":200,"srcset":"https:\/\/i0.wp.com\/www.freidenker.org\/fw17\/wp-content\/uploads\/2025\/02\/MEPs_debated_the_outcome_of_the_December_EU_summit_-_von_der_Leyen_800x450.jpg?fit=800%2C450&ssl=1&resize=350%2C200 1x, https:\/\/i0.wp.com\/www.freidenker.org\/fw17\/wp-content\/uploads\/2025\/02\/MEPs_debated_the_outcome_of_the_December_EU_summit_-_von_der_Leyen_800x450.jpg?fit=800%2C450&ssl=1&resize=525%2C300 1.5x, https:\/\/i0.wp.com\/www.freidenker.org\/fw17\/wp-content\/uploads\/2025\/02\/MEPs_debated_the_outcome_of_the_December_EU_summit_-_von_der_Leyen_800x450.jpg?fit=800%2C450&ssl=1&resize=700%2C400 2x"},"classes":[]},{"id":24658,"url":"https:\/\/www.freidenker.org\/?p=24658","url_meta":{"origin":25018,"position":3},"title":"Kl\u00f6ckner und Selenskij: Zwei Illegitime beim freundlichen Plausch","author":"Webredaktion","date":"19. M\u00e4rz 2026","format":false,"excerpt":"Beitrag von Dagmar Henn Kein Wunder, dass sich Julia Kl\u00f6ckner und Wladimir Selenskij so sichtbar gut verstehen. Schlie\u00dflich haben sie eine wichtige Eigenschaft gemeinsam\u00a0\u2013 sie sitzen auf St\u00fchlen, die ihnen nicht zustehen. Selenskijs Amtszeit ist l\u00e4ngst abgelaufen, und Kl\u00f6ckner ist bekanntlich nur deshalb \u00fcberhaupt im Bundestag und kann dort Bundestagspr\u00e4sidentin\u2026","rel":"","context":"In &quot;Demokratie \u2013 Medien \u2013 Aufkl\u00e4rung&quot;","block_context":{"text":"Demokratie \u2013 Medien \u2013 Aufkl\u00e4rung","link":"https:\/\/www.freidenker.org\/?cat=12"},"img":{"alt_text":"","src":"https:\/\/i0.wp.com\/www.freidenker.org\/fw17\/wp-content\/uploads\/2026\/03\/Kloeckner_und_Selenskyj_5029050_800x450.jpg?fit=800%2C450&ssl=1&resize=350%2C200","width":350,"height":200,"srcset":"https:\/\/i0.wp.com\/www.freidenker.org\/fw17\/wp-content\/uploads\/2026\/03\/Kloeckner_und_Selenskyj_5029050_800x450.jpg?fit=800%2C450&ssl=1&resize=350%2C200 1x, https:\/\/i0.wp.com\/www.freidenker.org\/fw17\/wp-content\/uploads\/2026\/03\/Kloeckner_und_Selenskyj_5029050_800x450.jpg?fit=800%2C450&ssl=1&resize=525%2C300 1.5x, https:\/\/i0.wp.com\/www.freidenker.org\/fw17\/wp-content\/uploads\/2026\/03\/Kloeckner_und_Selenskyj_5029050_800x450.jpg?fit=800%2C450&ssl=1&resize=700%2C400 2x"},"classes":[]},{"id":21091,"url":"https:\/\/www.freidenker.org\/?p=21091","url_meta":{"origin":25018,"position":4},"title":"Das schm\u00e4hliche Ende des Selenskij-Kults","author":"Webredaktion","date":"3. M\u00e4rz 2025","format":false,"excerpt":"Beitrag von Rainer Rupp Noch nie hat jemand Selenskij so niedergeschlagen gesehen wie bei der Pressekonferenz mit Donald Trump in Washington am vergangenen Freitag. Angesichts der Vorw\u00fcrfe Trumps h\u00e4tte er sich im Wei\u00dfen Haus in Washington am liebsten in ein Mauseloch verkrochen, wenn er eins gefunden h\u00e4tte. Tats\u00e4chlich wurde er\u2026","rel":"","context":"In &quot;Demokratie \u2013 Medien \u2013 Aufkl\u00e4rung&quot;","block_context":{"text":"Demokratie \u2013 Medien \u2013 Aufkl\u00e4rung","link":"https:\/\/www.freidenker.org\/?cat=12"},"img":{"alt_text":"","src":"https:\/\/i0.wp.com\/www.freidenker.org\/fw17\/wp-content\/uploads\/2025\/03\/President_Trump_and_Ukrainian_President_Zelenskyy_800x450.jpg?fit=800%2C450&ssl=1&resize=350%2C200","width":350,"height":200,"srcset":"https:\/\/i0.wp.com\/www.freidenker.org\/fw17\/wp-content\/uploads\/2025\/03\/President_Trump_and_Ukrainian_President_Zelenskyy_800x450.jpg?fit=800%2C450&ssl=1&resize=350%2C200 1x, https:\/\/i0.wp.com\/www.freidenker.org\/fw17\/wp-content\/uploads\/2025\/03\/President_Trump_and_Ukrainian_President_Zelenskyy_800x450.jpg?fit=800%2C450&ssl=1&resize=525%2C300 1.5x, https:\/\/i0.wp.com\/www.freidenker.org\/fw17\/wp-content\/uploads\/2025\/03\/President_Trump_and_Ukrainian_President_Zelenskyy_800x450.jpg?fit=800%2C450&ssl=1&resize=700%2C400 2x"},"classes":[]},{"id":17381,"url":"https:\/\/www.freidenker.org\/?p=17381","url_meta":{"origin":25018,"position":5},"title":"Neben Orb\u00e1n jetzt ein zweiter &#8222;Unruhestifter&#8220; bei EU-Gipfeltreffen","author":"Webredaktion","date":"31. Oktober 2023","format":false,"excerpt":"Beitrag von Rainer Rupp Beim EU-Gipfeltreffen in Br\u00fcssel am 26.\u201327. Oktober in Br\u00fcssel haben sich der ungarische Ministerpr\u00e4sident Viktor Orb\u00e1n und sein neuer slowakischer Amtskollege Robert Fico geweigert, der Bereitstellung eines weiteren Hilfspakets f\u00fcr die Ukraine, diesmal in H\u00f6he von 50-Milliarden-Euro, zuzustimmen. Das Geld sollte von allen EU-Staaten nach dem\u2026","rel":"","context":"In &quot;Demokratie \u2013 Medien \u2013 Aufkl\u00e4rung&quot;","block_context":{"text":"Demokratie \u2013 Medien \u2013 Aufkl\u00e4rung","link":"https:\/\/www.freidenker.org\/?cat=12"},"img":{"alt_text":"","src":"https:\/\/i0.wp.com\/www.freidenker.org\/fw17\/wp-content\/uploads\/2023\/10\/Robert_Fico_Talinn2017_800x450.jpg?fit=800%2C450&ssl=1&resize=350%2C200","width":350,"height":200,"srcset":"https:\/\/i0.wp.com\/www.freidenker.org\/fw17\/wp-content\/uploads\/2023\/10\/Robert_Fico_Talinn2017_800x450.jpg?fit=800%2C450&ssl=1&resize=350%2C200 1x, https:\/\/i0.wp.com\/www.freidenker.org\/fw17\/wp-content\/uploads\/2023\/10\/Robert_Fico_Talinn2017_800x450.jpg?fit=800%2C450&ssl=1&resize=525%2C300 1.5x, https:\/\/i0.wp.com\/www.freidenker.org\/fw17\/wp-content\/uploads\/2023\/10\/Robert_Fico_Talinn2017_800x450.jpg?fit=800%2C450&ssl=1&resize=700%2C400 2x"},"classes":[]}],"_links":{"self":[{"href":"https:\/\/www.freidenker.org\/index.php?rest_route=\/wp\/v2\/posts\/25018","targetHints":{"allow":["GET"]}}],"collection":[{"href":"https:\/\/www.freidenker.org\/index.php?rest_route=\/wp\/v2\/posts"}],"about":[{"href":"https:\/\/www.freidenker.org\/index.php?rest_route=\/wp\/v2\/types\/post"}],"author":[{"embeddable":true,"href":"https:\/\/www.freidenker.org\/index.php?rest_route=\/wp\/v2\/users\/3"}],"replies":[{"embeddable":true,"href":"https:\/\/www.freidenker.org\/index.php?rest_route=%2Fwp%2Fv2%2Fcomments&post=25018"}],"version-history":[{"count":1,"href":"https:\/\/www.freidenker.org\/index.php?rest_route=\/wp\/v2\/posts\/25018\/revisions"}],"predecessor-version":[{"id":25020,"href":"https:\/\/www.freidenker.org\/index.php?rest_route=\/wp\/v2\/posts\/25018\/revisions\/25020"}],"wp:featuredmedia":[{"embeddable":true,"href":"https:\/\/www.freidenker.org\/index.php?rest_route=\/wp\/v2\/media\/25019"}],"wp:attachment":[{"href":"https:\/\/www.freidenker.org\/index.php?rest_route=%2Fwp%2Fv2%2Fmedia&parent=25018"}],"wp:term":[{"taxonomy":"category","embeddable":true,"href":"https:\/\/www.freidenker.org\/index.php?rest_route=%2Fwp%2Fv2%2Fcategories&post=25018"},{"taxonomy":"post_tag","embeddable":true,"href":"https:\/\/www.freidenker.org\/index.php?rest_route=%2Fwp%2Fv2%2Ftags&post=25018"}],"curies":[{"name":"wp","href":"https:\/\/api.w.org\/{rel}","templated":true}]}}