{"id":24627,"date":"2026-03-16T21:22:00","date_gmt":"2026-03-16T20:22:00","guid":{"rendered":"https:\/\/www.freidenker.org\/?p=24627"},"modified":"2026-04-24T02:17:24","modified_gmt":"2026-04-24T00:17:24","slug":"diskussion-mit-florian-d-pfaff-kriegsdienst-pflicht","status":"publish","type":"post","link":"https:\/\/www.freidenker.org\/?p=24627","title":{"rendered":"Diskussion mit\u00a0Florian D. Pfaff: Kriegsdienst-Pflicht?"},"content":{"rendered":"<h5>Ukraine, Pal\u00e4stina, Venezuela, Iran \u2013 und dazu eine<\/h5>\n<h4><strong>Kriegsdienst-Pflicht?<\/strong><\/h4>\n<p><em>Vortrag und Diskussion mit\u00a0<strong>Florian D. Pfaff, <\/strong>Major a.D.<\/em><\/p>\n<p>Er diente bis 2013 in der Bundes\u00adwehr und wurde 2003 durch seine Weigerung bekannt, rechtswidrigen Befehlen seiner Vorgesetzten zu ge\u00adhorchen. Sie forderten, die Gesetzes\u00adlage und sein Gewissen zu ignorieren und indirekt am Irakkrieg mitzuwir\u00adken. Florian ist Sprecher des Arbeits\u00adkreises \u201eDarmst\u00e4dter Signal\u201c, einem Zusammenschluss kritischer aktiver und ehemaliger Angeh\u00f6riger der Bundeswehr sowie Mitbegr\u00fcnder der Friedensinitiative Rosenheim, er engagiert sich in der Partei dieBasis im Bereich \u201eFriede und Sicherheit\u201c.<\/p>\n<p>Debatten und Beschl\u00fcsse zu einer neuen \u201eWehrpflicht\u201c finden statt, nachdem eine \u201eZeitenwende\u201c verk\u00fcndet wurde und Deutschland wieder \u201ekriegst\u00fcchtig\u201c werden soll. W\u00e4hrend immer mehr Kriege vom Zaun gebrochen werden, soll daf\u00fcr offenbar mehr Kanonenfutter zur Verf\u00fcgung stehen. Was kann man dagegen tun, wie k\u00f6nnen sich die Betroffenen zur Wehr setzen, welche Schritte f\u00fchren aus der Eskalationsspirale?<\/p>\n<p style=\"padding-left: 40px;\"><strong>Samstag, 04. April 2026, <\/strong>19:00 Uhr<\/p>\n<p style=\"padding-left: 40px;\">im <strong>Saalbau S\u00fcdbahnhof<\/strong>,<br \/>\nHedderichstra\u00dfe 51, 60594 Frankfurt am Main<\/p>\n<p>Veranstalter:<\/p>\n<p><img data-recalc-dims=\"1\" loading=\"lazy\" decoding=\"async\" data-attachment-id=\"18162\" data-permalink=\"https:\/\/www.freidenker.org\/?attachment_id=18162\" data-orig-file=\"https:\/\/i0.wp.com\/www.freidenker.org\/fw17\/wp-content\/uploads\/2024\/02\/Freidenker-Logo_2.jpg?fit=810%2C220&amp;ssl=1\" data-orig-size=\"810,220\" data-comments-opened=\"0\" data-image-meta=\"{&quot;aperture&quot;:&quot;0&quot;,&quot;credit&quot;:&quot;&quot;,&quot;camera&quot;:&quot;&quot;,&quot;caption&quot;:&quot;&quot;,&quot;created_timestamp&quot;:&quot;0&quot;,&quot;copyright&quot;:&quot;&quot;,&quot;focal_length&quot;:&quot;0&quot;,&quot;iso&quot;:&quot;0&quot;,&quot;shutter_speed&quot;:&quot;0&quot;,&quot;title&quot;:&quot;&quot;,&quot;orientation&quot;:&quot;1&quot;}\" data-image-title=\"Freidenker-Logo_2\" data-image-description=\"\" data-image-caption=\"\" data-large-file=\"https:\/\/i0.wp.com\/www.freidenker.org\/fw17\/wp-content\/uploads\/2024\/02\/Freidenker-Logo_2.jpg?fit=800%2C217&amp;ssl=1\" class=\"alignnone wp-image-18162 size-medium\" src=\"https:\/\/i0.wp.com\/www.freidenker.org\/fw17\/wp-content\/uploads\/2024\/02\/Freidenker-Logo_2.jpg?resize=300%2C81&#038;ssl=1\" alt=\"\" width=\"300\" height=\"81\" srcset=\"https:\/\/i0.wp.com\/www.freidenker.org\/fw17\/wp-content\/uploads\/2024\/02\/Freidenker-Logo_2.jpg?resize=300%2C81&amp;ssl=1 300w, https:\/\/i0.wp.com\/www.freidenker.org\/fw17\/wp-content\/uploads\/2024\/02\/Freidenker-Logo_2.jpg?resize=768%2C209&amp;ssl=1 768w, https:\/\/i0.wp.com\/www.freidenker.org\/fw17\/wp-content\/uploads\/2024\/02\/Freidenker-Logo_2.jpg?w=810&amp;ssl=1 810w\" sizes=\"auto, (max-width: 300px) 100vw, 300px\" \/> <img data-recalc-dims=\"1\" loading=\"lazy\" decoding=\"async\" data-attachment-id=\"24629\" data-permalink=\"https:\/\/www.freidenker.org\/?attachment_id=24629\" data-orig-file=\"https:\/\/i0.wp.com\/www.freidenker.org\/fw17\/wp-content\/uploads\/2026\/03\/Logo_Freigeister_Offenbach.jpg?fit=299%2C188&amp;ssl=1\" data-orig-size=\"299,188\" data-comments-opened=\"0\" data-image-meta=\"{&quot;aperture&quot;:&quot;0&quot;,&quot;credit&quot;:&quot;&quot;,&quot;camera&quot;:&quot;&quot;,&quot;caption&quot;:&quot;&quot;,&quot;created_timestamp&quot;:&quot;0&quot;,&quot;copyright&quot;:&quot;&quot;,&quot;focal_length&quot;:&quot;0&quot;,&quot;iso&quot;:&quot;0&quot;,&quot;shutter_speed&quot;:&quot;0&quot;,&quot;title&quot;:&quot;&quot;,&quot;orientation&quot;:&quot;1&quot;}\" data-image-title=\"Logo_Freigeister_Offenbach\" data-image-description=\"\" data-image-caption=\"\" data-large-file=\"https:\/\/i0.wp.com\/www.freidenker.org\/fw17\/wp-content\/uploads\/2026\/03\/Logo_Freigeister_Offenbach.jpg?fit=299%2C188&amp;ssl=1\" class=\"alignnone wp-image-24629\" src=\"https:\/\/i0.wp.com\/www.freidenker.org\/fw17\/wp-content\/uploads\/2026\/03\/Logo_Freigeister_Offenbach.jpg?resize=150%2C94&#038;ssl=1\" alt=\"\" width=\"150\" height=\"94\" \/> <img data-recalc-dims=\"1\" loading=\"lazy\" decoding=\"async\" data-attachment-id=\"24630\" data-permalink=\"https:\/\/www.freidenker.org\/?attachment_id=24630\" data-orig-file=\"https:\/\/i0.wp.com\/www.freidenker.org\/fw17\/wp-content\/uploads\/2026\/03\/Logo_Die_Basis_Offenbach.jpg?fit=438%2C151&amp;ssl=1\" data-orig-size=\"438,151\" data-comments-opened=\"0\" data-image-meta=\"{&quot;aperture&quot;:&quot;0&quot;,&quot;credit&quot;:&quot;&quot;,&quot;camera&quot;:&quot;&quot;,&quot;caption&quot;:&quot;&quot;,&quot;created_timestamp&quot;:&quot;0&quot;,&quot;copyright&quot;:&quot;&quot;,&quot;focal_length&quot;:&quot;0&quot;,&quot;iso&quot;:&quot;0&quot;,&quot;shutter_speed&quot;:&quot;0&quot;,&quot;title&quot;:&quot;&quot;,&quot;orientation&quot;:&quot;1&quot;}\" data-image-title=\"Logo_Die_Basis_Offenbach\" data-image-description=\"\" data-image-caption=\"\" data-large-file=\"https:\/\/i0.wp.com\/www.freidenker.org\/fw17\/wp-content\/uploads\/2026\/03\/Logo_Die_Basis_Offenbach.jpg?fit=438%2C151&amp;ssl=1\" class=\"alignnone wp-image-24630 size-medium\" src=\"https:\/\/i0.wp.com\/www.freidenker.org\/fw17\/wp-content\/uploads\/2026\/03\/Logo_Die_Basis_Offenbach.jpg?resize=300%2C103&#038;ssl=1\" alt=\"\" width=\"300\" height=\"103\" srcset=\"https:\/\/i0.wp.com\/www.freidenker.org\/fw17\/wp-content\/uploads\/2026\/03\/Logo_Die_Basis_Offenbach.jpg?resize=300%2C103&amp;ssl=1 300w, https:\/\/i0.wp.com\/www.freidenker.org\/fw17\/wp-content\/uploads\/2026\/03\/Logo_Die_Basis_Offenbach.jpg?w=438&amp;ssl=1 438w\" sizes=\"auto, (max-width: 300px) 100vw, 300px\" \/><\/p>\n<hr \/>\n<p><strong>Download<\/strong><\/p>\n<p><img data-recalc-dims=\"1\" loading=\"lazy\" decoding=\"async\" data-attachment-id=\"1076\" data-permalink=\"https:\/\/www.freidenker.org\/?attachment_id=1076\" data-orig-file=\"https:\/\/i0.wp.com\/www.freidenker.org\/fw17\/wp-content\/uploads\/2017\/10\/pdf_icon-2.png?fit=32%2C32&amp;ssl=1\" data-orig-size=\"32,32\" data-comments-opened=\"0\" data-image-meta=\"{&quot;aperture&quot;:&quot;0&quot;,&quot;credit&quot;:&quot;&quot;,&quot;camera&quot;:&quot;&quot;,&quot;caption&quot;:&quot;&quot;,&quot;created_timestamp&quot;:&quot;0&quot;,&quot;copyright&quot;:&quot;&quot;,&quot;focal_length&quot;:&quot;0&quot;,&quot;iso&quot;:&quot;0&quot;,&quot;shutter_speed&quot;:&quot;0&quot;,&quot;title&quot;:&quot;&quot;,&quot;orientation&quot;:&quot;0&quot;}\" data-image-title=\"pdf_icon\" data-image-description=\"\" data-image-caption=\"\" data-large-file=\"https:\/\/i0.wp.com\/www.freidenker.org\/fw17\/wp-content\/uploads\/2017\/10\/pdf_icon-2.png?fit=32%2C32&amp;ssl=1\" class=\"alignnone size-full wp-image-1076\" src=\"https:\/\/i0.wp.com\/www.freidenker.org\/fw17\/wp-content\/uploads\/2017\/10\/pdf_icon-2.png?resize=32%2C32&#038;ssl=1\" alt=\"\" width=\"32\" height=\"32\" \/>\u00a0<a href=\"https:\/\/www.freidenker.org\/fw17\/wp-content\/uploads\/2026\/03\/260404-LV-Hessen-Pfaff_v02.pdf\" target=\"_blank\" rel=\"noopener\">Einladung zur Veranstaltung<\/a> als PDF-Dokument (ca. 302 KB &#8211; gemeinsam mit Veranstaltung am 19.04. mit Hannes Hofbauer, ebenfalls in Frankfurt a.M.)<\/p>\n<hr \/>\n<p><span style=\"font-size: 10pt;\">Bild oben:<br \/>\nLinks: Florian Pfaff<br \/>\nRechts: Symbolbild. Public Domain, Quelle: <a href=\"https:\/\/nara.getarchive.net\/de\/media\/german-army-lt-florian-landgraf-assigned-to-the-german-946177\" target=\"_blank\" rel=\"noopener\">https:\/\/nara.getarchive.net\/de\/media\/german-army-lt-florian-landgraf-assigned-to-the-german-946177<\/a><\/span><\/p>\n","protected":false},"excerpt":{"rendered":"<p><b>Vortrag und Diskussion mit Florian D. Pfaff, Major a.D.<\/b> am 04.04.2026 in Frankfurt a.M.<br \/>\nEr diente bis 2013 in der Bundes\u00adwehr und wurde 2003 durch seine Weigerung bekannt, rechtswidrigen Befehlen seiner Vorgesetzten zu ge\u00adhorchen. Sie forderten, die Gesetzes\u00adlage und sein Gewissen zu ignorieren und indirekt am Irakkrieg mitzuwir\u00adken. Florian ist Sprecher des Arbeits\u00adkreises \u201eDarmst\u00e4dter Signal\u201c, einem Zusammenschluss kritischer aktiver und ehemaliger Angeh\u00f6riger der Bundeswehr sowie Mitbegr\u00fcnder der Friedensinitiative Rosenheim, er engagiert sich in der Partei dieBasis im Bereich \u201eFriede und Sicherheit\u201c. Debatten und Beschl\u00fcsse zu einer neuen \u201eWehrpflicht\u201c finden statt, nachdem eine \u201eZeitenwende\u201c verk\u00fcndet wurde und Deutschland wieder \u201ekriegst\u00fcchtig\u201c werden soll. W\u00e4hrend immer mehr Kriege vom Zaun gebrochen werden, soll daf\u00fcr offenbar mehr Kanonenfutter zur Verf\u00fcgung stehen. Was kann man dagegen tun &#8230; ?<\/p>\n","protected":false},"author":3,"featured_media":24635,"comment_status":"closed","ping_status":"closed","sticky":false,"template":"","format":"standard","meta":{"colormag_page_container_layout":"default_layout","colormag_page_sidebar_layout":"default_layout","advanced_seo_description":"","jetpack_seo_html_title":"","jetpack_seo_noindex":false,"jetpack_post_was_ever_published":false,"footnotes":""},"categories":[19],"tags":[688,1752,1296,433,2903,3108,2986,2440,1067,1524,2218,1864],"class_list":["post-24627","post","type-post","status-publish","format-standard","has-post-thumbnail","hentry","category-veranstaltungen-in-den-dfv-landesverbaenden","tag-bundeswehr","tag-diebasis","tag-diskussion","tag-frankfurt-am-main","tag-friedensinitiative","tag-gesetze","tag-kriegsdienst","tag-kriegstuechtigkeit","tag-lv-hessen","tag-vortrag","tag-wehrpflicht","tag-zeitenwende"],"jetpack_featured_media_url":"https:\/\/i0.wp.com\/www.freidenker.org\/fw17\/wp-content\/uploads\/2026\/03\/Einladung_pfaff_2026-04_800x450.jpg?fit=801%2C450&ssl=1","jetpack_shortlink":"https:\/\/wp.me\/p9stpK-6pd","jetpack-related-posts":[{"id":24770,"url":"https:\/\/www.freidenker.org\/?p=24770","url_meta":{"origin":24627,"position":0},"title":"Frieden durch \u201eKriegst\u00fcchtigkeit\u201c? Aufr\u00fcstung, Militarisierung und die neue Wehrpflicht","author":"Webredaktion","date":"31. M\u00e4rz 2026","format":false,"excerpt":"Pressemitteilung vom 30.03.2026 Veranstaltung mit Bundeswehrmajor a. D. Florian D. Pfaff am 28.03.2026 in Schweinfurt Auf Einladung von NachDenkSeiten-Gespr\u00e4chskreis Schweinfurt\/W\u00fcrzburg und Deutschem Freidenker-Ortsverband Schweinfurt\/W\u00fcrzburg kam am Samstag, dem 28. M\u00e4rz 2026 der Bundeswehrmajor a. D. Florian D. Pfaff von der Friedensinitiative Rosenheim nach Schweinfurt. Vor 35 interessierten Zuh\u00f6rern sprach der\u2026","rel":"","context":"In &quot;Frieden - Antifaschismus - Solidarit\u00e4t&quot;","block_context":{"text":"Frieden - Antifaschismus - Solidarit\u00e4t","link":"https:\/\/www.freidenker.org\/?cat=13"},"img":{"alt_text":"","src":"https:\/\/i0.wp.com\/www.freidenker.org\/fw17\/wp-content\/uploads\/2026\/03\/Pfaff_Schweinfurt_IMG_6677_800x450.jpg?fit=800%2C450&ssl=1&resize=350%2C200","width":350,"height":200,"srcset":"https:\/\/i0.wp.com\/www.freidenker.org\/fw17\/wp-content\/uploads\/2026\/03\/Pfaff_Schweinfurt_IMG_6677_800x450.jpg?fit=800%2C450&ssl=1&resize=350%2C200 1x, https:\/\/i0.wp.com\/www.freidenker.org\/fw17\/wp-content\/uploads\/2026\/03\/Pfaff_Schweinfurt_IMG_6677_800x450.jpg?fit=800%2C450&ssl=1&resize=525%2C300 1.5x, https:\/\/i0.wp.com\/www.freidenker.org\/fw17\/wp-content\/uploads\/2026\/03\/Pfaff_Schweinfurt_IMG_6677_800x450.jpg?fit=800%2C450&ssl=1&resize=700%2C400 2x"},"classes":[]},{"id":24617,"url":"https:\/\/www.freidenker.org\/?p=24617","url_meta":{"origin":24627,"position":1},"title":"Diskussion mit J\u00fcrgen Rose: Kriegsdienst \u2013 Pflicht?","author":"Webredaktion","date":"15. M\u00e4rz 2026","format":false,"excerpt":"Einladung zur Diskussion: Kriegsdienst \u2013 Pflicht?\u00a0mit J\u00fcrgen Rose, Oberstleutnant a.D. am 28. M\u00e4rz 2026 in Magdeburg Das mit allen Mitteln der Propaganda generierte Zerrbild vom \u201eFeind im Osten\u201c l\u00e4sst hierzulande zum einen eine nachgerade groteske Kriegshysterie grassieren, w\u00e4hrend zugleich immer dr\u00e4ngender der Ruf nach einem Wiederaufleben des 2011 ausgesetzten milit\u00e4rischen\u2026","rel":"","context":"In &quot;Frieden - Antifaschismus - Solidarit\u00e4t&quot;","block_context":{"text":"Frieden - Antifaschismus - Solidarit\u00e4t","link":"https:\/\/www.freidenker.org\/?cat=13"},"img":{"alt_text":"","src":"https:\/\/i0.wp.com\/www.freidenker.org\/fw17\/wp-content\/uploads\/2026\/03\/einladung_rose_2026-04_800x450.jpg?fit=800%2C450&ssl=1&resize=350%2C200","width":350,"height":200,"srcset":"https:\/\/i0.wp.com\/www.freidenker.org\/fw17\/wp-content\/uploads\/2026\/03\/einladung_rose_2026-04_800x450.jpg?fit=800%2C450&ssl=1&resize=350%2C200 1x, https:\/\/i0.wp.com\/www.freidenker.org\/fw17\/wp-content\/uploads\/2026\/03\/einladung_rose_2026-04_800x450.jpg?fit=800%2C450&ssl=1&resize=525%2C300 1.5x, https:\/\/i0.wp.com\/www.freidenker.org\/fw17\/wp-content\/uploads\/2026\/03\/einladung_rose_2026-04_800x450.jpg?fit=800%2C450&ssl=1&resize=700%2C400 2x"},"classes":[]},{"id":5854,"url":"https:\/\/www.freidenker.org\/?p=5854","url_meta":{"origin":24627,"position":2},"title":"Zu viel Kriegsvorbereitung","author":"Webredaktion","date":"13. Februar 2019","format":false,"excerpt":"Kurzbericht der Offenbacher Friedensinitiative \u00fcber die Veranstaltung \"Eine neue Kriegsgefahr\" am 30.01.209, an der u.a. Klaus Hartmann, Vorsitzender des Deutschen Fredenker-Verbandes, teilgenommen hatte. Die Frage, ob es eine neue Kriegsgefahr gibt, wurde in der \u00f6ffentlichen Veranstaltung der Offenbacher Friedensinitiative am 30.01.2019 bejaht. ... Wieder wird von einer Politik der St\u00e4rke\u2026","rel":"","context":"In &quot;Frieden - Antifaschismus - Solidarit\u00e4t&quot;","block_context":{"text":"Frieden - Antifaschismus - Solidarit\u00e4t","link":"https:\/\/www.freidenker.org\/?cat=13"},"img":{"alt_text":"","src":"https:\/\/i0.wp.com\/www.freidenker.org\/fw17\/wp-content\/uploads\/2019\/02\/ofi_05.2147-800x445.jpg?fit=800%2C445&ssl=1&resize=350%2C200","width":350,"height":200,"srcset":"https:\/\/i0.wp.com\/www.freidenker.org\/fw17\/wp-content\/uploads\/2019\/02\/ofi_05.2147-800x445.jpg?fit=800%2C445&ssl=1&resize=350%2C200 1x, https:\/\/i0.wp.com\/www.freidenker.org\/fw17\/wp-content\/uploads\/2019\/02\/ofi_05.2147-800x445.jpg?fit=800%2C445&ssl=1&resize=525%2C300 1.5x, https:\/\/i0.wp.com\/www.freidenker.org\/fw17\/wp-content\/uploads\/2019\/02\/ofi_05.2147-800x445.jpg?fit=800%2C445&ssl=1&resize=700%2C400 2x"},"classes":[]},{"id":23999,"url":"https:\/\/www.freidenker.org\/?p=23999","url_meta":{"origin":24627,"position":3},"title":"Neue Aufkleber &#8222;Kriegsdienstpflicht&#8220; und &#8222;Gesellschaftspflichtjahr&#8220;","author":"Webredaktion","date":"26. Dezember 2025","format":false,"excerpt":"Im Zuge der von Pistorius, Merz und anderen \"Spitzen\" der Bundesregierung betriebenen Kriegsert\u00fcchtigung wurde die \"Wehrpflicht\" durch Gesetz wiedereingef\u00fchrt. Falls sich nicht gen\u00fcgend Freiwillige als Kanonenfutter finden, soll die Zwangsrekutierung folgen. Der Deutsche Freidenker-Verband solidarisiert sich mit den Sch\u00fclerprotesten gegen die Pflicht zum Kriegsdienst und steuert zur Unterst\u00fctzung einen neuen\u2026","rel":"","context":"In &quot;Frieden - Antifaschismus - Solidarit\u00e4t&quot;","block_context":{"text":"Frieden - Antifaschismus - Solidarit\u00e4t","link":"https:\/\/www.freidenker.org\/?cat=13"},"img":{"alt_text":"","src":"https:\/\/i0.wp.com\/www.freidenker.org\/fw17\/wp-content\/uploads\/2025\/12\/Aufkleber_Kriegsdienstpflicht_und_Gesellschaftspflichtjahr.jpg?fit=800%2C450&ssl=1&resize=350%2C200","width":350,"height":200,"srcset":"https:\/\/i0.wp.com\/www.freidenker.org\/fw17\/wp-content\/uploads\/2025\/12\/Aufkleber_Kriegsdienstpflicht_und_Gesellschaftspflichtjahr.jpg?fit=800%2C450&ssl=1&resize=350%2C200 1x, https:\/\/i0.wp.com\/www.freidenker.org\/fw17\/wp-content\/uploads\/2025\/12\/Aufkleber_Kriegsdienstpflicht_und_Gesellschaftspflichtjahr.jpg?fit=800%2C450&ssl=1&resize=525%2C300 1.5x, https:\/\/i0.wp.com\/www.freidenker.org\/fw17\/wp-content\/uploads\/2025\/12\/Aufkleber_Kriegsdienstpflicht_und_Gesellschaftspflichtjahr.jpg?fit=800%2C450&ssl=1&resize=700%2C400 2x"},"classes":[]},{"id":5799,"url":"https:\/\/www.freidenker.org\/?p=5799","url_meta":{"origin":24627,"position":4},"title":"Eine neue Kriegsgefahr?","author":"Webredaktion","date":"29. Januar 2019","format":false,"excerpt":"Rekord-R\u00fcstungshaushalt, EU-Aufr\u00fcstung, NATO-Aufmarsch, K\u00fcndigung des INF-Vertrags - Vortrag und Diskussion am 30.1.2019 um 18.00 Uhr, Klingspormuseum, Herrnstra\u00dfe 80 - mit Klaus Hartmann, Bundesvorsitzender des Deutschen Freidenker-Verbandes. Gegenw\u00e4rtig sind viele Menschen besorgt \u00fcber die Hochr\u00fcstung und Kriege in aller Welt. Dabei sucht man die Ursache dieser Misere durchaus in verschiedenen Richtungen.Wir\u2026","rel":"","context":"In &quot;Frieden - Antifaschismus - Solidarit\u00e4t&quot;","block_context":{"text":"Frieden - Antifaschismus - Solidarit\u00e4t","link":"https:\/\/www.freidenker.org\/?cat=13"},"img":{"alt_text":"","src":"https:\/\/i0.wp.com\/www.freidenker.org\/fw17\/wp-content\/uploads\/2019\/01\/Klingspor-Museum_800x445.jpg?fit=800%2C445&ssl=1&resize=350%2C200","width":350,"height":200,"srcset":"https:\/\/i0.wp.com\/www.freidenker.org\/fw17\/wp-content\/uploads\/2019\/01\/Klingspor-Museum_800x445.jpg?fit=800%2C445&ssl=1&resize=350%2C200 1x, https:\/\/i0.wp.com\/www.freidenker.org\/fw17\/wp-content\/uploads\/2019\/01\/Klingspor-Museum_800x445.jpg?fit=800%2C445&ssl=1&resize=525%2C300 1.5x, https:\/\/i0.wp.com\/www.freidenker.org\/fw17\/wp-content\/uploads\/2019\/01\/Klingspor-Museum_800x445.jpg?fit=800%2C445&ssl=1&resize=700%2C400 2x"},"classes":[]},{"id":7403,"url":"https:\/\/www.freidenker.org\/?p=7403","url_meta":{"origin":24627,"position":5},"title":"Vortrag: T\u00f6ten f\u00fcr Deutschland","author":"Webredaktion","date":"9. Januar 2020","format":false,"excerpt":"Vortrag und Diskussion mit J\u00fcrgen Rose, Oberstleutnant a.D. am 25.01.2020 in Offenbach Immer wieder fallen Soldaten des im baden-w\u00fcrttembergischen St\u00e4dtchens Calw stationierten Kommandos Spezialkr\u00e4fte (KSK) durch rechtsradi\u00adkale Vorf\u00e4lle auf. Auch enttarnt der Milit\u00e4rische Abschirmdienst der Bundeswehr (MAD) dort regel\u00adm\u00e4\u00dfig rechtsradikale Soldaten. Die Zahlen zeigen: In der sogenannten \u201eEliteeinheit\u201c gibt es\u2026","rel":"","context":"In &quot;Veranstaltungen in den DFV-Landesverb\u00e4nden&quot;","block_context":{"text":"Veranstaltungen in den DFV-Landesverb\u00e4nden","link":"https:\/\/www.freidenker.org\/?cat=19"},"img":{"alt_text":"","src":"https:\/\/i0.wp.com\/www.freidenker.org\/fw17\/wp-content\/uploads\/2020\/01\/juergen_rose_2_800x445.jpg?fit=800%2C445&ssl=1&resize=350%2C200","width":350,"height":200,"srcset":"https:\/\/i0.wp.com\/www.freidenker.org\/fw17\/wp-content\/uploads\/2020\/01\/juergen_rose_2_800x445.jpg?fit=800%2C445&ssl=1&resize=350%2C200 1x, https:\/\/i0.wp.com\/www.freidenker.org\/fw17\/wp-content\/uploads\/2020\/01\/juergen_rose_2_800x445.jpg?fit=800%2C445&ssl=1&resize=525%2C300 1.5x, https:\/\/i0.wp.com\/www.freidenker.org\/fw17\/wp-content\/uploads\/2020\/01\/juergen_rose_2_800x445.jpg?fit=800%2C445&ssl=1&resize=700%2C400 2x"},"classes":[]}],"_links":{"self":[{"href":"https:\/\/www.freidenker.org\/index.php?rest_route=\/wp\/v2\/posts\/24627","targetHints":{"allow":["GET"]}}],"collection":[{"href":"https:\/\/www.freidenker.org\/index.php?rest_route=\/wp\/v2\/posts"}],"about":[{"href":"https:\/\/www.freidenker.org\/index.php?rest_route=\/wp\/v2\/types\/post"}],"author":[{"embeddable":true,"href":"https:\/\/www.freidenker.org\/index.php?rest_route=\/wp\/v2\/users\/3"}],"replies":[{"embeddable":true,"href":"https:\/\/www.freidenker.org\/index.php?rest_route=%2Fwp%2Fv2%2Fcomments&post=24627"}],"version-history":[{"count":5,"href":"https:\/\/www.freidenker.org\/index.php?rest_route=\/wp\/v2\/posts\/24627\/revisions"}],"predecessor-version":[{"id":24741,"href":"https:\/\/www.freidenker.org\/index.php?rest_route=\/wp\/v2\/posts\/24627\/revisions\/24741"}],"wp:featuredmedia":[{"embeddable":true,"href":"https:\/\/www.freidenker.org\/index.php?rest_route=\/wp\/v2\/media\/24635"}],"wp:attachment":[{"href":"https:\/\/www.freidenker.org\/index.php?rest_route=%2Fwp%2Fv2%2Fmedia&parent=24627"}],"wp:term":[{"taxonomy":"category","embeddable":true,"href":"https:\/\/www.freidenker.org\/index.php?rest_route=%2Fwp%2Fv2%2Fcategories&post=24627"},{"taxonomy":"post_tag","embeddable":true,"href":"https:\/\/www.freidenker.org\/index.php?rest_route=%2Fwp%2Fv2%2Ftags&post=24627"}],"curies":[{"name":"wp","href":"https:\/\/api.w.org\/{rel}","templated":true}]}}