{"id":24617,"date":"2026-03-15T20:54:59","date_gmt":"2026-03-15T19:54:59","guid":{"rendered":"https:\/\/www.freidenker.org\/?p=24617"},"modified":"2026-03-30T03:19:31","modified_gmt":"2026-03-30T01:19:31","slug":"diskussion-mit-juergen-rose-kriegsdienst-pflicht","status":"publish","type":"post","link":"https:\/\/www.freidenker.org\/?p=24617","title":{"rendered":"Diskussion mit J\u00fcrgen Rose: Kriegsdienst \u2013 Pflicht?"},"content":{"rendered":"<h5>Einladung<\/h5>\n<h4>Diskussion: Kriegsdienst \u2013 Pflicht?<\/h4>\n<p><strong>Wann<\/strong>: Sonnabend, <strong>28. M\u00e4rz 2026, 10:00 Uhr <\/strong><\/p>\n<p><strong>Wo<\/strong>: Jugendherberge Leiterstra\u00dfe 10, 39104 <strong>Magdeburg<\/strong><\/p>\n<p>Einleitungsreferat: <strong>J\u00fcrgen Rose<\/strong>, Oberstleutnant a.D.<\/p>\n<ul>\n<li>Warum die neue Debatte \u00fcber eine \u201eWehrpflicht\u201c?<\/li>\n<li>\u201eKriegst\u00fcchtig\u201c gegen die \u201eBedrohung aus dem Osten\u201c?<\/li>\n<li>Versto\u00dfen Pflichtdienste gegen das Grundgesetz?<\/li>\n<li>Bundeswehr: von der Verteidigungsarmee zur\u00a0 Interventionstruppe<\/li>\n<li>\u201eSterben auf dem Stundenplan?\u201c \u2013 Proteste gegen das Wehrpflichtgesetz<\/li>\n<\/ul>\n<p>Das mit allen Mitteln der Propaganda generierte Zerrbild vom \u201eFeind im Osten\u201c l\u00e4sst hierzulande zum einen eine nachgerade groteske Kriegshysterie grassieren, w\u00e4hrend zugleich immer dr\u00e4ngender der Ruf nach einem Wiederaufleben des 2011 ausgesetzten milit\u00e4rischen Zwangsdienstes in Gestalt der allgemeinen Wehrpflicht \u2013 diesmal jedoch sowohl f\u00fcr M\u00e4nner als auch f\u00fcr Frauen \u2013 erschallt. Zum anderen feiern an der Heimatfront in sch\u00f6ner Regelm\u00e4\u00dfigkeit die abgestanden-totalit\u00e4ren Parolen einer vorgeblich dringend erforderlichen \u201eallgemeinen Dienstpflicht\u201c, einem \u201everpflichtenden sozialen Jahr\u201c oder einem \u201eGesellschaftsjahr\u201c f\u00fcr die Gesamtheit aller B\u00fcrger\/innen fr\u00f6hliche Urst\u00e4nd. Solcherart Zwangsarbeit wurde in den glorreichen Zeiten des \u201e1000j\u00e4hrigen Reiches\u201c als \u201eReichsarbeitsdienst\u201c verbr\u00e4mt. (aus Ossietzky 18\/2025)<\/p>\n<p>J\u00fcrgen Rose ist im Jahr 2010 als Oberstleutnant aus der Bundeswehr \u201eausgeschieden worden\u201c, wie er es nennt. Begr\u00fcndung: er sei \u201eanpassungsgest\u00f6rt\u201c. Er bestand darauf, dass auch Soldaten das Recht auf Verstand und ein Gewissen haben d\u00fcrfen, und verweigerte 2007 als erster Bundeswehr-Soldat die Beteiligung am Drohnenkrieg gegen Afghanistan.<\/p>\n<p>J\u00fcrgen Rose ist Mitglied im Arbeitskreis Kritischer Soldaten \u201eDarmst\u00e4dter Signal\u201c, in dem aktive und ehemalige Angeh\u00f6rige der Bundeswehr mitarbeiten sowie Vorsitzender des F\u00f6rderkreises. Er ist Mitglied des Deutschen Freidenker-Verbandes und seines Beirats.<\/p>\n<hr \/>\n<h5>Download<\/h5>\n<p><img data-recalc-dims=\"1\" loading=\"lazy\" decoding=\"async\" data-attachment-id=\"1076\" data-permalink=\"https:\/\/www.freidenker.org\/?attachment_id=1076\" data-orig-file=\"https:\/\/i0.wp.com\/www.freidenker.org\/fw17\/wp-content\/uploads\/2017\/10\/pdf_icon-2.png?fit=32%2C32&amp;ssl=1\" data-orig-size=\"32,32\" data-comments-opened=\"0\" data-image-meta=\"{&quot;aperture&quot;:&quot;0&quot;,&quot;credit&quot;:&quot;&quot;,&quot;camera&quot;:&quot;&quot;,&quot;caption&quot;:&quot;&quot;,&quot;created_timestamp&quot;:&quot;0&quot;,&quot;copyright&quot;:&quot;&quot;,&quot;focal_length&quot;:&quot;0&quot;,&quot;iso&quot;:&quot;0&quot;,&quot;shutter_speed&quot;:&quot;0&quot;,&quot;title&quot;:&quot;&quot;,&quot;orientation&quot;:&quot;0&quot;}\" data-image-title=\"pdf_icon\" data-image-description=\"\" data-image-caption=\"\" data-large-file=\"https:\/\/i0.wp.com\/www.freidenker.org\/fw17\/wp-content\/uploads\/2017\/10\/pdf_icon-2.png?fit=32%2C32&amp;ssl=1\" class=\"alignnone size-full wp-image-1076\" src=\"https:\/\/i0.wp.com\/www.freidenker.org\/fw17\/wp-content\/uploads\/2017\/10\/pdf_icon-2.png?resize=32%2C32&#038;ssl=1\" alt=\"\" width=\"32\" height=\"32\" \/>\u00a0Die <a href=\"https:\/\/www.freidenker.org\/fw17\/wp-content\/uploads\/2026\/03\/VV-260328-Veranstaltung.pdf\" target=\"_blank\" rel=\"noopener\">Einladung als PDF<\/a> ansehen oder herunterladen (PDF-Dokument, ca. 377 KB)<\/p>\n<hr \/>\n<p><span style=\"font-size: 10pt;\">Bild oben:<br \/>\nLinks: J\u00fcrgen Rose<br \/>\nRechts: Symbolbild, <\/span><span style=\"font-size: 10pt;\">Quelle: <a href=\"https:\/\/www.rawpixel.com\/image\/4041115\" target=\"_blank\" rel=\"noopener\">https:\/\/www.rawpixel.com\/image\/4041115<\/a><\/span><span class=\"info-label license-label\" style=\"font-size: 10pt;\"> (Free for Personal and Business use)<\/span><\/p>\n<p>&nbsp;<\/p>\n","protected":false},"excerpt":{"rendered":"<p><b>Einladung zur Diskussion: Kriegsdienst \u2013 Pflicht?\u00a0mit J\u00fcrgen Rose, Oberstleutnant a.D.<\/b><br \/>\nam 28. M\u00e4rz 2026 in Magdeburg<br \/>\nDas mit allen Mitteln der Propaganda generierte Zerrbild vom \u201eFeind im Osten\u201c l\u00e4sst hierzulande zum einen eine nachgerade groteske Kriegshysterie grassieren, w\u00e4hrend zugleich immer dr\u00e4ngender der Ruf nach einem Wiederaufleben des 2011 ausgesetzten milit\u00e4rischen Zwangsdienstes in Gestalt der allgemeinen Wehrpflicht \u2013 diesmal jedoch sowohl f\u00fcr M\u00e4nner als auch f\u00fcr Frauen \u2013 erschallt. Zum anderen feiern an der Heimatfront in sch\u00f6ner Regelm\u00e4\u00dfigkeit die abgestanden-totalit\u00e4ren Parolen einer vorgeblich dringend erforderlichen \u201eallgemeinen Dienstpflicht\u201c, einem \u201everpflichtenden sozialen Jahr\u201c oder einem \u201eGesellschaftsjahr\u201c f\u00fcr die Gesamtheit aller B\u00fcrger\/innen fr\u00f6hliche Urst\u00e4nd. Solcherart Zwangsarbeit wurde in den glorreichen Zeiten des \u201e1000j\u00e4hrigen Reiches\u201c als \u201eReichsarbeitsdienst\u201c verbr\u00e4mt. (aus Ossietzky 18\/2025)<\/p>\n","protected":false},"author":3,"featured_media":24640,"comment_status":"closed","ping_status":"closed","sticky":false,"template":"","format":"standard","meta":{"colormag_page_container_layout":"default_layout","colormag_page_sidebar_layout":"default_layout","advanced_seo_description":"","jetpack_seo_html_title":"","jetpack_seo_noindex":false,"jetpack_post_was_ever_published":false,"footnotes":""},"categories":[13,20],"tags":[2987,3107,635,2286,2986,2440,2349,1050,2793,2218],"class_list":["post-24617","post","type-post","status-publish","format-standard","has-post-thumbnail","hentry","category-frieden-antifaschismus-solidaritaet","category-zentrale-veranstaltungen","tag-arbeitsdienst","tag-bedrohungsluege","tag-feindbild","tag-intervention","tag-kriegsdienst","tag-kriegstuechtigkeit","tag-magdeburg","tag-veranstaltung","tag-verteidigung","tag-wehrpflicht"],"jetpack_featured_media_url":"https:\/\/i0.wp.com\/www.freidenker.org\/fw17\/wp-content\/uploads\/2026\/03\/einladung_rose_2026-04_800x450.jpg?fit=800%2C450&ssl=1","jetpack_shortlink":"https:\/\/wp.me\/p9stpK-6p3","jetpack-related-posts":[{"id":23999,"url":"https:\/\/www.freidenker.org\/?p=23999","url_meta":{"origin":24617,"position":0},"title":"Neue Aufkleber &#8222;Kriegsdienstpflicht&#8220; und &#8222;Gesellschaftspflichtjahr&#8220;","author":"Webredaktion","date":"26. Dezember 2025","format":false,"excerpt":"Im Zuge der von Pistorius, Merz und anderen \"Spitzen\" der Bundesregierung betriebenen Kriegsert\u00fcchtigung wurde die \"Wehrpflicht\" durch Gesetz wiedereingef\u00fchrt. Falls sich nicht gen\u00fcgend Freiwillige als Kanonenfutter finden, soll die Zwangsrekutierung folgen. Der Deutsche Freidenker-Verband solidarisiert sich mit den Sch\u00fclerprotesten gegen die Pflicht zum Kriegsdienst und steuert zur Unterst\u00fctzung einen neuen\u2026","rel":"","context":"In &quot;Frieden - Antifaschismus - Solidarit\u00e4t&quot;","block_context":{"text":"Frieden - Antifaschismus - Solidarit\u00e4t","link":"https:\/\/www.freidenker.org\/?cat=13"},"img":{"alt_text":"","src":"https:\/\/i0.wp.com\/www.freidenker.org\/fw17\/wp-content\/uploads\/2025\/12\/Aufkleber_Kriegsdienstpflicht_und_Gesellschaftspflichtjahr.jpg?fit=800%2C450&ssl=1&resize=350%2C200","width":350,"height":200,"srcset":"https:\/\/i0.wp.com\/www.freidenker.org\/fw17\/wp-content\/uploads\/2025\/12\/Aufkleber_Kriegsdienstpflicht_und_Gesellschaftspflichtjahr.jpg?fit=800%2C450&ssl=1&resize=350%2C200 1x, https:\/\/i0.wp.com\/www.freidenker.org\/fw17\/wp-content\/uploads\/2025\/12\/Aufkleber_Kriegsdienstpflicht_und_Gesellschaftspflichtjahr.jpg?fit=800%2C450&ssl=1&resize=525%2C300 1.5x, https:\/\/i0.wp.com\/www.freidenker.org\/fw17\/wp-content\/uploads\/2025\/12\/Aufkleber_Kriegsdienstpflicht_und_Gesellschaftspflichtjahr.jpg?fit=800%2C450&ssl=1&resize=700%2C400 2x"},"classes":[]},{"id":24627,"url":"https:\/\/www.freidenker.org\/?p=24627","url_meta":{"origin":24617,"position":1},"title":"Diskussion mit\u00a0Florian D. Pfaff: Kriegsdienst-Pflicht?","author":"Webredaktion","date":"16. M\u00e4rz 2026","format":false,"excerpt":"Vortrag und Diskussion mit Florian D. Pfaff, Major a.D. am 04.04.2026 in Frankfurt a.M. Er diente bis 2013 in der Bundes\u00adwehr und wurde 2003 durch seine Weigerung bekannt, rechtswidrigen Befehlen seiner Vorgesetzten zu ge\u00adhorchen. Sie forderten, die Gesetzes\u00adlage und sein Gewissen zu ignorieren und indirekt am Irakkrieg mitzuwir\u00adken. Florian ist\u2026","rel":"","context":"In &quot;Veranstaltungen in den DFV-Landesverb\u00e4nden&quot;","block_context":{"text":"Veranstaltungen in den DFV-Landesverb\u00e4nden","link":"https:\/\/www.freidenker.org\/?cat=19"},"img":{"alt_text":"","src":"https:\/\/i0.wp.com\/www.freidenker.org\/fw17\/wp-content\/uploads\/2026\/03\/Einladung_pfaff_2026-04_800x450.jpg?fit=801%2C450&ssl=1&resize=350%2C200","width":350,"height":200,"srcset":"https:\/\/i0.wp.com\/www.freidenker.org\/fw17\/wp-content\/uploads\/2026\/03\/Einladung_pfaff_2026-04_800x450.jpg?fit=801%2C450&ssl=1&resize=350%2C200 1x, https:\/\/i0.wp.com\/www.freidenker.org\/fw17\/wp-content\/uploads\/2026\/03\/Einladung_pfaff_2026-04_800x450.jpg?fit=801%2C450&ssl=1&resize=525%2C300 1.5x, https:\/\/i0.wp.com\/www.freidenker.org\/fw17\/wp-content\/uploads\/2026\/03\/Einladung_pfaff_2026-04_800x450.jpg?fit=801%2C450&ssl=1&resize=700%2C400 2x"},"classes":[]},{"id":6310,"url":"https:\/\/www.freidenker.org\/?p=6310","url_meta":{"origin":24617,"position":2},"title":"&#8222;Der Westen und die NATO haben so viel Dreck am Stecken&#8220;","author":"Webredaktion","date":"7. Mai 2019","format":false,"excerpt":"\"Wenn das Recht mit F\u00fc\u00dfen getreten wird, dann ist eine Pflicht, das Recht zu verteidigen\" \u2013 Oberstleutnant a.D. J\u00fcrgen Rose erkl\u00e4rt, warum er 2007 den Dienst verweigert hat. ... Jasmin Kosubek sprach mit J\u00fcrgen Rose \u00fcber die Wahrnehmung von Whistleblowern in den ehemals eigenen Reihen, aber auch \u00fcber Kriege ohne\u2026","rel":"","context":"In &quot;Frieden - Antifaschismus - Solidarit\u00e4t&quot;","block_context":{"text":"Frieden - Antifaschismus - Solidarit\u00e4t","link":"https:\/\/www.freidenker.org\/?cat=13"},"img":{"alt_text":"","src":"https:\/\/i0.wp.com\/www.freidenker.org\/fw17\/wp-content\/uploads\/2019\/05\/fehlender_part_juergen_rose_800x445.jpg?fit=800%2C445&ssl=1&resize=350%2C200","width":350,"height":200,"srcset":"https:\/\/i0.wp.com\/www.freidenker.org\/fw17\/wp-content\/uploads\/2019\/05\/fehlender_part_juergen_rose_800x445.jpg?fit=800%2C445&ssl=1&resize=350%2C200 1x, https:\/\/i0.wp.com\/www.freidenker.org\/fw17\/wp-content\/uploads\/2019\/05\/fehlender_part_juergen_rose_800x445.jpg?fit=800%2C445&ssl=1&resize=525%2C300 1.5x, https:\/\/i0.wp.com\/www.freidenker.org\/fw17\/wp-content\/uploads\/2019\/05\/fehlender_part_juergen_rose_800x445.jpg?fit=800%2C445&ssl=1&resize=700%2C400 2x"},"classes":[]},{"id":7095,"url":"https:\/\/www.freidenker.org\/?p=7095","url_meta":{"origin":24617,"position":3},"title":"\u201eErm\u00e4chtigungsgesetz \u2013 Notstandsgesetze \u2013 Klimanotstand?\u201c","author":"Webredaktion","date":"25. Oktober 2019","format":false,"excerpt":"Einladung zur Diskussion - Sonnabend, 26. Oktober 2019, 10:00 Uhr - Jugendherberge, Leiterstra\u00dfe 10, 39104 Magdeburg Einleitungsreferat: Klaus Hartmann Wenn eine Regierung Steuern erh\u00f6hen oder neue einf\u00fchren will, st\u00f6\u00dft das \u00fcblicherweise auf mehr oder weniger massive Proteste. Neuerdings gibt es hingegen Demonstrationen \u2013 f\u00fcr Steuererh\u00f6hungen! W\u00e4hrend das noch einer masochistischen\u2026","rel":"","context":"In &quot;Arbeit &amp; Soziales&quot;","block_context":{"text":"Arbeit &amp; Soziales","link":"https:\/\/www.freidenker.org\/?cat=11"},"img":{"alt_text":"","src":"https:\/\/i0.wp.com\/www.freidenker.org\/fw17\/wp-content\/uploads\/2019\/10\/Klimanotstand.jpg?fit=800%2C445&ssl=1&resize=350%2C200","width":350,"height":200,"srcset":"https:\/\/i0.wp.com\/www.freidenker.org\/fw17\/wp-content\/uploads\/2019\/10\/Klimanotstand.jpg?fit=800%2C445&ssl=1&resize=350%2C200 1x, https:\/\/i0.wp.com\/www.freidenker.org\/fw17\/wp-content\/uploads\/2019\/10\/Klimanotstand.jpg?fit=800%2C445&ssl=1&resize=525%2C300 1.5x, https:\/\/i0.wp.com\/www.freidenker.org\/fw17\/wp-content\/uploads\/2019\/10\/Klimanotstand.jpg?fit=800%2C445&ssl=1&resize=700%2C400 2x"},"classes":[]},{"id":24540,"url":"https:\/\/www.freidenker.org\/?p=24540","url_meta":{"origin":24617,"position":4},"title":"Es geht um dich!","author":"Webredaktion","date":"5. M\u00e4rz 2026","format":false,"excerpt":"Gedicht von Liane Blank Als sie alle Schulen schlossen, \/ angeblich ging das anders nicht, \/ um die Krankheit auszurotten. \/ Glaubst du echt, da ging\u2019s um dich? Als du Masken tragen musstest, \/ ob\u2019s dir gut ging oder nicht, \/ kein Betriebsarzt h\u00e4tt\u2018s genehmigt. \/ Glaubst du im Ernst,\u2026","rel":"","context":"In &quot;Frieden - Antifaschismus - Solidarit\u00e4t&quot;","block_context":{"text":"Frieden - Antifaschismus - Solidarit\u00e4t","link":"https:\/\/www.freidenker.org\/?cat=13"},"img":{"alt_text":"","src":"https:\/\/i0.wp.com\/www.freidenker.org\/fw17\/wp-content\/uploads\/2026\/03\/Schulstreik_gegen_das_Wehrdienstgesetz_in_Hannover_2025-12-05_800x450.jpg?fit=800%2C450&ssl=1&resize=350%2C200","width":350,"height":200,"srcset":"https:\/\/i0.wp.com\/www.freidenker.org\/fw17\/wp-content\/uploads\/2026\/03\/Schulstreik_gegen_das_Wehrdienstgesetz_in_Hannover_2025-12-05_800x450.jpg?fit=800%2C450&ssl=1&resize=350%2C200 1x, https:\/\/i0.wp.com\/www.freidenker.org\/fw17\/wp-content\/uploads\/2026\/03\/Schulstreik_gegen_das_Wehrdienstgesetz_in_Hannover_2025-12-05_800x450.jpg?fit=800%2C450&ssl=1&resize=525%2C300 1.5x, https:\/\/i0.wp.com\/www.freidenker.org\/fw17\/wp-content\/uploads\/2026\/03\/Schulstreik_gegen_das_Wehrdienstgesetz_in_Hannover_2025-12-05_800x450.jpg?fit=800%2C450&ssl=1&resize=700%2C400 2x"},"classes":[]},{"id":21149,"url":"https:\/\/www.freidenker.org\/?p=21149","url_meta":{"origin":24617,"position":5},"title":"Diskussion: Die geopolitische Bedeutung der BRICS+","author":"Webredaktion","date":"12. M\u00e4rz 2025","format":false,"excerpt":"Einladung: Sonnabend, 15. M\u00e4rz 2025, 10:00 Uhr, Jugendherberge Leiterstra\u00dfe 10, 39104 Magdeburg Einleitungsreferat: Dr. Wolfgang Effenberger Die Chance, nach Aufl\u00f6sung der Warschauer Vertragsorganisation und dem Ende der Sowjetunion eine Friedensordnung f\u00fcr das 21. Jahrhundert zu begr\u00fcnden, wurde vertan. .... Die Entwicklung der BRIC-\/ BRICS-\/ BRICS+ Staaten markiert den Weg in\u2026","rel":"","context":"In &quot;Zentrale Veranstaltungen&quot;","block_context":{"text":"Zentrale Veranstaltungen","link":"https:\/\/www.freidenker.org\/?cat=20"},"img":{"alt_text":"","src":"https:\/\/i0.wp.com\/www.freidenker.org\/fw17\/wp-content\/uploads\/2025\/03\/2018_BRICS_summit_6_800x450.jpg?fit=800%2C450&ssl=1&resize=350%2C200","width":350,"height":200,"srcset":"https:\/\/i0.wp.com\/www.freidenker.org\/fw17\/wp-content\/uploads\/2025\/03\/2018_BRICS_summit_6_800x450.jpg?fit=800%2C450&ssl=1&resize=350%2C200 1x, https:\/\/i0.wp.com\/www.freidenker.org\/fw17\/wp-content\/uploads\/2025\/03\/2018_BRICS_summit_6_800x450.jpg?fit=800%2C450&ssl=1&resize=525%2C300 1.5x, https:\/\/i0.wp.com\/www.freidenker.org\/fw17\/wp-content\/uploads\/2025\/03\/2018_BRICS_summit_6_800x450.jpg?fit=800%2C450&ssl=1&resize=700%2C400 2x"},"classes":[]}],"_links":{"self":[{"href":"https:\/\/www.freidenker.org\/index.php?rest_route=\/wp\/v2\/posts\/24617","targetHints":{"allow":["GET"]}}],"collection":[{"href":"https:\/\/www.freidenker.org\/index.php?rest_route=\/wp\/v2\/posts"}],"about":[{"href":"https:\/\/www.freidenker.org\/index.php?rest_route=\/wp\/v2\/types\/post"}],"author":[{"embeddable":true,"href":"https:\/\/www.freidenker.org\/index.php?rest_route=\/wp\/v2\/users\/3"}],"replies":[{"embeddable":true,"href":"https:\/\/www.freidenker.org\/index.php?rest_route=%2Fwp%2Fv2%2Fcomments&post=24617"}],"version-history":[{"count":5,"href":"https:\/\/www.freidenker.org\/index.php?rest_route=\/wp\/v2\/posts\/24617\/revisions"}],"predecessor-version":[{"id":24641,"href":"https:\/\/www.freidenker.org\/index.php?rest_route=\/wp\/v2\/posts\/24617\/revisions\/24641"}],"wp:featuredmedia":[{"embeddable":true,"href":"https:\/\/www.freidenker.org\/index.php?rest_route=\/wp\/v2\/media\/24640"}],"wp:attachment":[{"href":"https:\/\/www.freidenker.org\/index.php?rest_route=%2Fwp%2Fv2%2Fmedia&parent=24617"}],"wp:term":[{"taxonomy":"category","embeddable":true,"href":"https:\/\/www.freidenker.org\/index.php?rest_route=%2Fwp%2Fv2%2Fcategories&post=24617"},{"taxonomy":"post_tag","embeddable":true,"href":"https:\/\/www.freidenker.org\/index.php?rest_route=%2Fwp%2Fv2%2Ftags&post=24617"}],"curies":[{"name":"wp","href":"https:\/\/api.w.org\/{rel}","templated":true}]}}