{"id":24612,"date":"2026-03-15T20:54:53","date_gmt":"2026-03-15T19:54:53","guid":{"rendered":"https:\/\/www.freidenker.org\/?p=24612"},"modified":"2026-04-24T02:17:13","modified_gmt":"2026-04-24T00:17:13","slug":"krieg-gegen-den-iran-stoppen-deutsche-komplizenschaft-beenden-voelkerrecht-verteidigen","status":"publish","type":"post","link":"https:\/\/www.freidenker.org\/?p=24612","title":{"rendered":"Krieg gegen den Iran stoppen, deutsche Komplizenschaft beenden, V\u00f6lkerrecht verteidigen!"},"content":{"rendered":"<p><em>Rede von <strong>Joachim Guilliard<\/strong><\/em><\/p>\n<p class=\"wp-block-paragraph\"><em>Gehalten auf einer Kundgebung am 7. M\u00e4rz 2026 in Stuttgart<\/em><\/p>\n<p><span style=\"font-size: 10pt;\">Erstver\u00f6ffentlichung am 11.03.2026 auf dem Blog des Autors <a href=\"https:\/\/jg-nachgetragen.blog\/2026\/03\/11\/krieg-gegen-den-iran-stoppen-deutsche-komplizenschaft-beenden-voelkerrecht-verteidigen\/\" target=\"_blank\" rel=\"noopener\">jg-nachgetragen.blog<\/a><\/span><\/p>\n<p class=\"wp-block-paragraph\">Das Jahr begann ja schon mit einem emp\u00f6renden, verbrecherischen Paukenschlag, dem US-amerikanischen \u00dcberfall auf Venezuela und der Entf\u00fchrung ihres Pr\u00e4sidenten Maduro und seiner Frau. Seit Samstag steht der Nahe und Mittler Osten in Flammen und kann jederzeit weiter eskalieren. Mit den erneuten Angriffen der USA und Israel gegen den Iran und der stillschweigenden Unterst\u00fctzung des Krieges durch nahezu alle europ\u00e4ischen Verb\u00fcndete, wurde auch das V\u00f6lkerrecht in Grund und Boden gebombt.<\/p>\n<p class=\"wp-block-paragraph\">Wir verurteilen die erneute v\u00f6lkerrechtswidrige Aggression der USA und Israels gegen den Iran und die Ermordung seines Staatsoberhaupts aufs sch\u00e4rfste. Es ist auch diesmal ein hinterh\u00e4ltiger \u00dcberfall w\u00e4hrend laufender Verhandlungen und, wie der Angriff auf Venezuela vor wenigen Wochen, ein Akt nackter imperialistischer Gewalt. Der m\u00f6rderische Anschlag auf Ayatollah Chamenei, bei dem auch Dutzende weitere Anwesende get\u00f6tet wurden, purer Staatsterrorismus<\/p>\n<p class=\"wp-block-paragraph\">Es handelt sich um einen weiteren unprovozierten Angriffskrieg, der unverh\u00fcllt auf einen Regime Change zielt, gerechtfertigt mit haltlosen Vorw\u00fcrfen, denen selbst die US-Geheimdienste v\u00f6llig widersprechen. Sie kamen auch in ihrer letzten gemeinsamen Bedrohungsanalyse zum Schluss, dass nichts auf ein iranisches Atomwaffenprogramm hindeutet. Sie betonten vor kurzem auch erneut, dass die iranischen Waffen keine direkte Bedrohung der USA darstellen, eine Bedrohung der US-St\u00fctzpunkte nur im Fall eines Angriffs auf den Iran.<\/p>\n<p class=\"wp-block-paragraph\">Wir sind best\u00fcrzt und emp\u00f6rt \u00fcber die hohe Zahl von Opfern der massiven Bombardierung iranischer St\u00e4dte. Nach Angaben des iranischen Roten Halbmonds wurden bereits am ersten Tag \u00fcber 200 Menschen im Iran get\u00f6tet, bei einem israelischen Luftangriff auf eine M\u00e4dchenschule in der s\u00fcdiranischen Stadt Minab allein \u00fcber 150 Sch\u00fclerinnen. Bis gestern hat sich die gesamte Zahl der Opfer auf \u00fcber 1300 erh\u00f6ht. Wir verurteilen die Angriffe auf die zivile Infrastruktur als Kriegsverbrechen, die auf \u00d6llager in Teheran, die giftige Gase freisetzten als indirekten Angriff mit chemischen Waffen.<\/p>\n<p class=\"wp-block-paragraph\">Die rechtsextremen Regierungen Trumps und Netanjahus haben einen Krieg vom Zaun gebrochen, dessen weiterer Verlauf nicht abzusehen ist. Die Gegenangriffe des Irans sind ungleich massiver wie beim vorangegangenen Krieg im letzten Juni und richten sich nicht mehr nur auf Ziele in Israel. Wie zuvor angek\u00fcndigt, richten sie sich diesmal auch mit voller Wucht gegen die Milit\u00e4rbasen der USA in den arabischen Nachbarstaaten. Diese Gegenangriffe sind offensichtlich auch \u00fcberraschend effektiv, wesentlicher effektiver als die Aggressoren erwartet haben. So wurden mittlerweile vier wichtige Radaranlagen zerst\u00f6rt, die zu den weltweit gr\u00f6\u00dften, modernsten und teuersten der Welt z\u00e4hlen.<a id=\"_ftnref1\" href=\"#_ftn1\">[1]<\/a> Getroffen wurden auch zivile Ziele, zum guten Teil wohl auch durch Tr\u00fcmmer abgeschossener Raketen und Drohnen.<\/p>\n<p class=\"wp-block-paragraph\">F\u00fcr etliche Drohnenangriffe auf zivile Ziele weist das iranische Milit\u00e4r allerdings die Verantwortung vehement zur\u00fcck. Tats\u00e4chlich best\u00e4tigte das britische Verteidigungsministerium, dass die Drohne, die die Basis auf Zypern traf, nicht von iranischem Territorium aus startete. Der iranische Geheimdienst wirft dem Mossad vor, aus Verstecken auf iranischem Boden die Infrastruktur Saudi-Arabiens und Omans anzugreifen, um die Golfstaaten in den Krieg hineinzuziehen und der Dubaier Nachrichtensender <em>Al-Arabija<\/em> berichtet, dass in Katar und Saudi-Arabien Mossad-Agenten verhaftet worden seien, die Angriffe geplant h\u00e4tten. <a id=\"_ftnref2\" href=\"#_ftn2\">[2]<\/a><\/p>\n<p class=\"wp-block-paragraph\">Die Gefahr einer Ausweitung in einen Fl\u00e4chenbrand ist jedenfalls extrem hoch. Auch schwere iranische Treffer auf einen US-St\u00fctzpunkt, mit einer gro\u00dfen Zahl von Toten, k\u00f6nnen den Krieg jederzeit unkontrollierbar eskalieren lassen.<\/p>\n<p class=\"wp-block-paragraph\">Russland und China haben nach dem 12 Tage-Krieg letztes Jahr ihre milit\u00e4rische Unterst\u00fctzung des Irans stark ausgeweitet und in den letzten Wochen auch Kriegs- und Aufkl\u00e4rungsschiffe in die Region entsandt, wahrscheinlich auch, um die iranische Luftabwehr mit Aufkl\u00e4rungsdaten \u00fcber die Angreifer zu versorgen. Auch wenn beide Verb\u00fcndete sich nicht aktiv einmischen werden, birgt dies ebenfalls Eskalationsgefahren, auch angesichts des israelischen Atomwaffenarsenals. Da in Israel, wie in den arabischen Golfstaaten, die Luftabwehrkapazit\u00e4ten schwinden, k\u00f6nnte das Netanyahu-Regime, das bekanntlich keinerlei Skrupel kennt, bei anhaltenden massiven iranischen Angriffen versucht sein, darauf zur\u00fcckzugreifen \u2013 in der \u00dcberzeugung, keine schweren Konsequenzen f\u00fcrchten zu m\u00fcssen.<\/p>\n<p class=\"wp-block-paragraph\">Dieser Krieg wird im Unterschied zu den bisherigen Kriegen in Westasien und Afrika uns hier im Norden nicht unbehelligt lassen. Nachdem die iranische F\u00fchrung die Stra\u00dfe faktisch f\u00fcr alle Schiffe, au\u00dfer eigenen und von Verb\u00fcndeten, sperrte, ist der Schiffsverkehr durch die Meerenge, durch die 20 Prozent der weltweiten Erdgas- und Erd\u00f6ltransporte laufen, weitgehend zum Erliegen gekommen. Die arabischen Golfstaaten m\u00fcssen ihre F\u00f6rderung von Erd\u00f6l und -gas drosseln. Es wird Wochen dauern, bis sie nach Ende der Sperrung wieder angelaufen sein wird.<br \/>\nAuch der Zugang zu wichtigen Containerh\u00e4fen in Katar, Bahrain und Kuwait, die zu den weltgr\u00f6\u00dften der Welt z\u00e4hlen, sind nun blockiert und dadurch zentrale Lieferketten der globalisierten Weltwirtschaft unterbrochen.<\/p>\n<p class=\"wp-block-paragraph\">Die Blockade wird nicht nur die Energie- und Treibstoffkosten in die H\u00f6he katapultieren, sondern auch allg. die Preise nach oben treiben \u2013 je mehr je l\u00e4nger der Krieg andauert. Das k\u00f6nnte Trump durchaus in Bedr\u00e4ngnis bringen.<\/p>\n<p class=\"wp-block-paragraph\">Es ist aber beileibe nicht nur ein Krieg von Trump und Netanyahu, ein Krieg der USA und Israels.<\/p>\n<p class=\"wp-block-paragraph\">Die Aggression wird faktisch von Deutschland und der EU unterst\u00fctzt und letztlich auch mit vorbereitet. Bekanntlich haben sie bereits den Krieg im Juni 2025 nicht verurteilt, sondern ihn im Gegenteil \u2013 wie es Kanzler Merz ausdr\u00fcckte \u2013 als \u00dcbernahme der \u201eDrecksarbeit f\u00fcr den Westen\u201c, begr\u00fc\u00dft. Damit gaben sie nat\u00fcrlich auch gr\u00fcnes Licht f\u00fcr eine weitere Aggression.<\/p>\n<p class=\"wp-block-paragraph\">Ihre propagandistische Vorarbeit f\u00fcr ein aggressiveres Vorgehen gegen den Iran begann jedoch schon vorher, indem sie Anfang Juni auf die Verurteilung des Irans durch die Internationale Atomenergie-Organisation (IAEO) dr\u00e4ngten \u2013 ungeachtet des damals schon in der Luft liegenden israelischen Angriffs auf den Iran. Mit Erfolg: am 12. Juni verabschiedete deren Gouverneursrat eine Resolution, die den friedlichen Charakter des iranischen Atomprogramms weitgehend faktenfrei in Zweifel zog und dem Iran eine Gef\u00e4hrdung des Weltfriedens vorwarf. Israel nutzte diese Steilvorlage und begann gleich am Tag darauf den Krieg.<\/p>\n<p class=\"wp-block-paragraph\">Nach dem Krieg versch\u00e4rften die Regierungen Deutschlands, Frankreichs und Gro\u00dfbritanniens ihrerseits den Wirtschaftskrieg gegen die Islamische Republik, indem die drei europ\u00e4ischen Unterzeichner des Wiener Atomabkommen (die \u201eE3\u201c) die EU- und UN-Sanktionen wieder aktivierten, die mit dem Abkommen au\u00dfer Kraft gesetzt worden waren. Die iranische Wirtschaft, der Kurs der iranischen W\u00e4hrung und die Kaufkraft waren schon nach Trumps Versch\u00e4rfungen der Blockaden im Februar, nach seinem Amtsantritt, stark eingebrochen. Nun gingen sie noch mal massiv nach unten. Die Inflation, die schon auf 40% gestiegen war, schnellte auf 50%.<\/p>\n<p class=\"wp-block-paragraph\">Nach einem weiteren Kursabsturz der W\u00e4hrung, aufgrund einer gezielten Manipulation durch die USA war f\u00fcr viele Iraner das Ma\u00df voll. Zigtausende gingen auf die Stra\u00dfe, um angesichts von hoher Inflation und sich verschlechternden Lebensbedingungen gegen die unzureichenden Ma\u00dfnahmen der Regierung zu protestieren. Die Proteste waren zun\u00e4chst friedlich und die Regierung reagierte zur\u00fcckhaltend, erkl\u00e4rte die Forderungen f\u00fcr berechtigt, suchte den Dialog und machte erste Zugest\u00e4ndnisse. Die Protestaktionen wurden jedoch nach einigen Tagen durch bewaffnete Gruppen gekapert, die sie gewaltsam eskalierten. Hierzulande sah man davon nichts, aber arabische Medien zeigten in ausf\u00fchrlichen Videos, wie regierungsfeindlicher Banden aus hinteren Reihen auf iranische Einsatzkr\u00e4fte schossen und Brandanschl\u00e4ge auf st\u00e4dtische Geb\u00e4ude, Moscheen, Marktpl\u00e4tze und Feuerwachen ver\u00fcbten.<a id=\"_ftnref3\" href=\"#_ftn3\">[3]<\/a> Die iranischen Sicherheitskr\u00e4fte reagierten auf die Angriffe mit entsprechender H\u00e4rte. Sie gingen, nicht zu Unrecht, von massiver ausl\u00e4ndischer Einmischung aus.<\/p>\n<p class=\"wp-block-paragraph\">Au\u00dfenminister Wadepfuhl <a href=\"https:\/\/lostineu.eu\/wadephul-freut-sich-ueber-iran-krise-eu-sanktionen-wirken\/\" target=\"_blank\" rel=\"noreferrer noopener\">reklamierte anschlie\u00dfend einen Teil des Erfolgs <\/a>f\u00fcr die E3 und die Wiederaufnahme der EU Sanktionen: \u201eDas hei\u00dft: Sanktionen wirken und auf diesem Weg sollten wir \u2060weiter vorangehen.\u201d &#x200d; Er gab damit zu, dass auch die EU ihre Wirtschaftssanktionen mit dem Ziel reaktivierten, die Notlage der Bev\u00f6lkerung zu vergr\u00f6\u00dfern und einen Aufstand zu initiieren.<\/p>\n<p class=\"wp-block-paragraph\">Es gibt keine spezifische Sch\u00e4tzung, wie viele Todesopfer die seit \u00fcber 30 Jahre andauernden Wirtschaftsblockaden gegen den Iran, die neben denen gegen Kuba zu den umfassendsten z\u00e4hlen, bereits schon forderten. Aber mit Sicherheit umfassen sie einen signifikanten Teil der 15 Million Menschen, die gem\u00e4\u00df einer <a href=\"https:\/\/www.thelancet.com\/journals\/langlo\/article\/PIIS2214-109X(25)00229-3\/fulltext\">Studie im britischen Fachjournal The Lancet<\/a> in den letzten 30 Jahren weltweit durch eigenm\u00e4chtige Wirtschaftssanktionen ums Leben kamen.<\/p>\n<p class=\"wp-block-paragraph\">Die gewaltsamen Unruhen f\u00fchrten nicht zum erhofften Regime Change, im Gegenteil. Hunderttausende IranerInnen gingen gegen die Gewalt, die Zerst\u00f6rungen der Banden auf die Stra\u00dfe. Die Niederschlagung des Aufstandes dient nun aber zur weiteren D\u00e4monisierung der Islamischen Republik und als zus\u00e4tzliche Rechtfertigung f\u00fcr den Krieg. Genauer gesagt deren verzerrte Darstellung, als r\u00fccksichtloses, m\u00f6rderisches Vorgehen gegen ausschlie\u00dflich friedliche Demonstranten, bei der Zigtausende willk\u00fcrlich get\u00f6tet worden seien. Die Gewalt der bewaffneten Banden wird dabei v\u00f6llig ignoriert und die Zahl der Toten massiv \u00fcbertrieben, gest\u00fctzt auf Organisationen der iranischen Auslandsopposition, die von regierungsnahen Organisationen, wie der CIA-Ausgliederung <em>National Endowment for Democracy<\/em> (NED) gesponsert werden.<a id=\"_ftnref4\" href=\"#_ftn4\">[4]<\/a> Sicherlich ist auch die vermutlich realistische Zahl der Opfer von mehr als 6.000 erschreckend.<a id=\"_ftnref5\" href=\"#_ftn5\">[5]<\/a> Und f\u00fcr einen erheblichen Teil kann man sicherlich auch das Regime verantwortlich machen. Aber unter den Toten sind auch \u00fcber 500 Einsatzkr\u00e4fte, sowie eine sicher ebenso gro\u00dfe Zahl bewaffneter Aufst\u00e4ndischer und eine ebenfalls erhebliche Zahl von Zivilisten die von diesen get\u00f6tet wurden.<\/p>\n<p class=\"wp-block-paragraph\">Es ist ein \u201e<em>hybrider Krieg\u201c, <\/em>den, <a href=\"https:\/\/thetransnational.substack.com\/p\/irans-despair-is-us-policy\">so der renommierte \u00d6konom Jeffrey Sachs<\/a>, dieUSA und Israelseit langemgegen den Iran f\u00fchren,<em> durch Wirtschaftssanktionen, Milit\u00e4rschl\u00e4ge, Cyberangriffe, psychologischer Kriegsf\u00fchrung und Desinformationskampagnen<\/em>\u201c.<a id=\"_ftnref6\" href=\"#_ftn6\">[6]<\/a><\/p>\n<p class=\"wp-block-paragraph\">Wir verurteilen die Komplizenschaft Deutschlands und der EU in diesem <em>hybriden <\/em>Krieg.<\/p>\n<p class=\"wp-block-paragraph\">Wir sind zudem emp\u00f6rt \u00fcber den ungeheuren Zynismus der Bundesregierung, die auch diesmal nicht den Angriffskrieg verurteilt, sondern Teheran auffordert, seine Gegenangriffe auf milit\u00e4rische St\u00fctzpunkte der Aggressoren einzustellen.<\/p>\n<p class=\"wp-block-paragraph\">W\u00e4hrend sie gro\u00dfen Wert darauflegt, den russischen Einmarsch als v\u00f6lkerrechtswidrigen Angriff zu gei\u00dfeln, t\u00f6nt Bundeskanzler Merz nun, dass das V\u00f6lkerrecht \u201eseine Grenzen\u201c habe, und dass \u201egrundlegende Interessen notfalls mit Gewalt\u201c durchgesetzt werden m\u00fcssten. Mit \u201ev\u00f6lkerrechtlichen Schritten\u201c sei gegen ein iranisches Regime, das seit Jahrzehnten versuche, atomar aufzur\u00fcsten, nichts auszurichten. Man habe jahrzehntelang auf der Basis des V\u00f6lkerrechts verhandelt, doch der Iran habe ein Abkommen verweigert und sei nun kurz davor gewesen, in den Besitz von Atomwaffen zu gelangen. Eine dreiste Behauptung, die ihm normalerweise um die Ohren fliegen m\u00fcsste. Bekanntlich hat der Iran ein Abkommen unterzeichnet und es war Trump der es aufk\u00fcndigte und es war die EU, die dann auch nicht mehr ihren Verpflichtungen daraus nachkam. \u201eAlternative Wahrheiten\u201c und dreiste L\u00fcgen sind offensichtlich keine Spezialit\u00e4t Washingtons \u2013 Trumpismus ist offensichtlich ansteckend. \u00a0Um Kriege zu rechtfertigen handeln sie gem\u00e4\u00df der alten Grundregel der Propaganda, dass die gro\u00dfen L\u00fcgen vom Volk leichter geglaubt werden als die kleinen.<\/p>\n<p class=\"wp-block-paragraph\">Auch die meisten anderen europ\u00e4ischen haben sich der Propaganda und dem Dammbruch Richtung V\u00f6lkerrechtsnihilismus angeschlossen. R\u00fchmliche Ausnahme ist Spanien, das den USA die Nutzung ihrer Milit\u00e4rst\u00fctzpunkte im Land untersagte.<\/p>\n<p class=\"wp-block-paragraph\">Wie die Nachrichtenagentur <a href=\"https:\/\/www.reuters.com\/world\/middle-east\/us-aircraft-leave-spain-after-government-says-bases-cannot-be-used-iran-attacks-2026-03-02\/\">Reuters berichtete<\/a> mussten mindestens 15 US-Flugzeuge die spanischen Basen verlassen vor allem Tankflugzeuge vom Typ \u201eStratotanker\u201c \u2013 mindestens sieben von ihnen wichen auf die Air Base Ramstein aus und starteten von dort ihre Eins\u00e4tze gegen den Iran.<\/p>\n<p class=\"wp-block-paragraph\">Spanische Basen d\u00fcrften f\u00fcr keine Operationen genutzt werden, die nicht im Einklang mit der Charta der Vereinten Nationen st\u00fcnden, so die spanische Regierung. Dasselbe muss selbstverst\u00e4ndlich auch f\u00fcr die US-St\u00fctzpunkte und Kommandozentrale in Deutschland gelten. Wir verlangen den USA deren Nutzung unverz\u00fcglich zu untersagen. Kein Abkommen kann v\u00f6lkerrechtswidriges Handeln erzwingen.<\/p>\n<p class=\"wp-block-paragraph\">Ein Krieg gegen die Islamische Republik steht in Washington und Tel Aviv seit langen auf der Agenda. Offensichtlich geht es dabei nicht im Geringsten um Demokratie und Menschenrechte, sondern darum, den letzten Staat in der Region, der sich den hegemonialen Anspr\u00fcchen der USA widersetzt, zu zerschlagen, ihn wie schon Libyen und Syrien, als funktionierenden Staat zu zerst\u00f6ren. Den Iran als relevante Macht in der Region und wichtigen Pol in der Entwicklung einer multipolaren Welt auszuschalten ist durchaus auch ein gemeinsames Ziel des politischen Westens. F\u00fcr Israel w\u00fcrde es den Weg frei machen, die Region weiter gewaltsam und gem\u00e4\u00df seinen Interessen zu ordnen.<\/p>\n<p class=\"wp-block-paragraph\">V\u00f6lkerrechtswidrige Kriege der USA und ihren Kumpanen sind an sich nichts Neues. Die Liste ihrer Kriege und Interventionen ist lang, man denke nur an Jugoslawien, Irak, Afghanistan, Libyen, und Syrien. Das erschreckende und besonders gef\u00e4hrliche ist, dass die USA unter Trump, sie nun v\u00f6llig unverh\u00fcllt f\u00fchren, ohne das Bem\u00fchen, ihnen ein legales M\u00e4ntelchen umzuh\u00e4ngen, ohne irgendeine R\u00fccksicht auf verbindliche Regeln, v\u00f6llig schrankenlos und unberechenbar. Und von den gro\u00dfen europ\u00e4ischen NATO-M\u00e4chten kommt anders, als beim Irakkrieg keinerlei Widerspruch mehr, wenn die letzten Reste der nach den Erfahrungen des Zweiten WK geschaffen Ordnung zertrampelt werden.<\/p>\n<p class=\"wp-block-paragraph\">Die Basis wurde im v\u00f6lkerm\u00f6rderischen Krieg in Gaza gelegt. Dadurch, dass Israel ihn straflos f\u00fchren kann, ohne dass die USA, Deutschland und die anderen westlichen Verb\u00fcndete ihre M\u00f6glichkeiten nutzen ihn, zu stoppen, sondern ihn mit Lieferung von Waffen und Ausr\u00fcstung unterst\u00fctzen.<\/p>\n<p class=\"wp-block-paragraph\">Weite Teile der Welt sehen sich nun bedroht, bei Beibehaltung einer unabh\u00e4ngigen Politik, nicht nur mit Z\u00f6llen und Wirtschafsblockaden traktiert zu werden, sondern auch mit milit\u00e4rischen Angriffen, Trump hat neben Kuba auch schon Mexiko und Kolumbien unmittelbar damit gedroht. Indem nach Libyen nun ein zweiter Staat milit\u00e4risch angegriffen wurde, der nachweislich auf nukleare Bewaffnung verzichtete, wird es die Ambitionen etlicher Staaten befeuern, sich Atomwaffen zu verschaffen.<\/p>\n<p class=\"wp-block-paragraph\">Wir m\u00fcssen uns dem V\u00f6lkerrechtsnihilismus und neuem Kolonialismus entgegenstellen, die UN-Charta verteidigen und f\u00fcr die Achtung der Souver\u00e4nit\u00e4t von Staaten und das Selbstbestimmungsrecht der V\u00f6lker eintreten.<\/p>\n<p class=\"wp-block-paragraph\">Wir fordern:<\/p>\n<ul class=\"wp-block-list\">\n<li>den sofortigen Stopp des Krieges gegen den Iran<\/li>\n<li>ein Ende der deutschen Unterst\u00fctzung f\u00fcr die milit\u00e4rischen Angriffe und den Wirtschaftskrieg gegen das Land,<\/li>\n<li>insbesondere verlangen wir von der Bundesregierung dem Beispiel der spanischen Regierung zu folgen und den USA die Nutzung ihrer St\u00fctzpunkte auf deutschem Boden zu untersagen.<\/li>\n<\/ul>\n<p style=\"text-align: right;\"><em>Joachim Guilliard koordiniert das \u201eFriedensb\u00fcndnis Heidelberg\u201c und ist Mitglied des Deutschen Freidenker-Verbandes<\/em><\/p>\n<hr class=\"wp-block-separator has-alpha-channel-opacity\" \/>\n<p class=\"wp-block-paragraph\"><a id=\"_ftn1\" href=\"#_ftnref1\">[1]<\/a> <a href=\"https:\/\/simplicius76.substack.com\/p\/iran-blinds-us-with-unprecedented?utm_source=post-email-title&amp;publication_id=1351274&amp;post_id=190042514&amp;utm_campaign=email-post-title&amp;isFreemail=true&amp;r=2nqoc1&amp;triedRedirect=true&amp;utm_medium=email\">Iran Blinds US With Unprecedented Campaign of Strikes on Region\u2019s Strategic Radars<\/a>, Simplicius, 6.3.2026<\/p>\n<p class=\"wp-block-paragraph\"><a id=\"_ftn2\" href=\"#_ftnref2\">[2]<\/a> <a href=\"https:\/\/www.jungewelt.de\/artikel\/518679.iran-krieg-gegenschl%C3%A4ge-und-false-flags.html\">Iran-Krieg: Gegenschl\u00e4ge und \u00bbFalse Flags\u00ab<\/a>, junge Welt, 06.03.2026,<\/p>\n<p class=\"wp-block-paragraph\"><a id=\"_ftn3\" href=\"#_ftnref3\">[3]<\/a> Max Blumenthal and Wyatt Reed, <a href=\"https:\/\/thegrayzone.com\/2026\/01\/12\/western-media-riots-iran-govt-regime-change\/\">Western media whitewashes deadly riots in Iran, relying on US govt-funded regime change NGOs<\/a>, The Grayzone, 12.1.2026<\/p>\n<p class=\"wp-block-paragraph\"><a id=\"_ftn4\" href=\"#_ftnref4\">[4]<\/a> <a href=\"https:\/\/seniora.org\/politik-wirtschaft\/politik\/wie-ngos-zum-werkzeug-der-regimewechsel-wurden\">NGO\u00b4s\u00a0 \u2013 Die unsichtbare Hand<\/a> \u2013 Von Venezuela bis Iran, von NED bis Correctiv\u00a0\u00a0 \u2013 eine Analyse der staatlich finanzierten \u201eZivilgesellschaft\u201c als Instrument geopolitischer Kontrolle, Seniora.org, 15.02.2026<\/p>\n<p class=\"wp-block-paragraph\"><a id=\"_ftn5\" href=\"#_ftnref5\">[5]<\/a> siehe meinen Beitrag \u201e<a href=\"https:\/\/jg-nachgetragen.blog\/2026\/02\/23\/der-hybride-krieg-gegen-iran\/\">Der hybride Krieg gegen Iran<\/a>\u201c<\/p>\n<p class=\"wp-block-paragraph\"><a id=\"_ftn6\" href=\"#_ftnref6\">[6]<\/a> <a href=\"https:\/\/thetransnational.substack.com\/p\/irans-despair-is-us-policy\">Jeffrey Sachs: US-\u201aIsrael\u2018 hybrid war strategy against Iran escalates<\/a>, Al Mayadeen English 21.01.2026<\/p>\n<p>&nbsp;<\/p>\n<hr \/>\n<p><span style=\"font-size: 10pt;\">Bild oben: Rauchwolken \u00fcber Teheran, 03.03.2026<\/span><br \/>\n<span style=\"font-size: 10pt;\">Foto: Avash Media, <a href=\"https:\/\/creativecommons.org\/licenses\/by\/4.0\" target=\"_blank\" rel=\"noopener\">CC BY 4.0<\/a><\/span><br \/>\n<span style=\"font-size: 10pt;\">Quelle: <a href=\"https:\/\/commons.wikimedia.org\/w\/index.php?curid=185485741\" target=\"_blank\" rel=\"noopener\">https:\/\/commons.wikimedia.org\/w\/index.php?curid=185485741<\/a><\/span><\/p>\n","protected":false},"excerpt":{"rendered":"<p><b>Rede von Joachim Guilliard auf einer Kundgebung am 7. M\u00e4rz 2026 in Stuttgart<\/b><br \/>\nDas Jahr begann ja schon mit einem emp\u00f6renden, verbrecherischen Paukenschlag, dem US-amerikanischen \u00dcberfall auf Venezuela und der Entf\u00fchrung ihres Pr\u00e4sidenten Maduro und seiner Frau. Seit Samstag steht der Nahe und Mittler Osten in Flammen und kann jederzeit weiter eskalieren. Mit den erneuten Angriffen der USA und Israel gegen den Iran und der stillschweigenden Unterst\u00fctzung des Krieges durch nahezu alle europ\u00e4ischen Verb\u00fcndete, wurde auch das V\u00f6lkerrecht in Grund und Boden gebombt. Wir verurteilen die erneute v\u00f6lkerrechtswidrige Aggression der USA und Israels gegen den Iran und die Ermordung seines Staatsoberhaupts aufs sch\u00e4rfste. Es ist auch diesmal ein hinterh\u00e4ltiger \u00dcberfall w\u00e4hrend laufender Verhandlungen und, wie der Angriff auf Venezuela vor wenigen Wochen, ein Akt nackter imperialistischer Gewalt. <\/p>\n","protected":false},"author":3,"featured_media":24624,"comment_status":"closed","ping_status":"closed","sticky":false,"template":"","format":"standard","meta":{"colormag_page_container_layout":"default_layout","colormag_page_sidebar_layout":"default_layout","advanced_seo_description":"","jetpack_seo_html_title":"","jetpack_seo_noindex":false,"jetpack_post_was_ever_published":false,"footnotes":""},"categories":[13],"tags":[1679,1061,1613,413,1021,42,1473,1328,1172,1155,660,393,188,563,1955,900,2429,1154,222,719,623,3104,185,1931,345,1606],"class_list":["post-24612","post","type-post","status-publish","format-standard","has-post-thumbnail","hentry","category-frieden-antifaschismus-solidaritaet","tag-angriffskrieg","tag-atomwaffen","tag-blockade","tag-china","tag-donald-trump","tag-drohnenkrieg","tag-erdgas","tag-erdoel","tag-gaza","tag-hegemonie","tag-iran","tag-israel","tag-krieg","tag-menschenrechte","tag-nahostkonflikt","tag-neokolonialismus","tag-netanjahu","tag-regime-change","tag-russland","tag-sanktionen","tag-souveraenitaet","tag-strasse-von-hormus","tag-usa","tag-voelkermord","tag-voelkerrecht","tag-wirtschaftskrieg"],"jetpack_featured_media_url":"https:\/\/i0.wp.com\/www.freidenker.org\/fw17\/wp-content\/uploads\/2026\/03\/2026_rauchwolke_teheran_800x450.jpg?fit=800%2C450&ssl=1","jetpack_shortlink":"https:\/\/wp.me\/p9stpK-6oY","jetpack-related-posts":[{"id":24665,"url":"https:\/\/www.freidenker.org\/?p=24665","url_meta":{"origin":24612,"position":0},"title":"Das Imperium der Gewalt auf Selbstzerst\u00f6rungskurs","author":"Webredaktion","date":"19. M\u00e4rz 2026","format":false,"excerpt":"Kommentar von Tilo Gr\u00e4ser Die herrschenden Kr\u00e4fte der USA haben zwei aktuelle Kriege provoziert und begonnen \u2013 in der Ukraine und in Westasien gegen den Iran \u2013, die sie offensichtlich nicht beenden k\u00f6nnen. Ob sie es tats\u00e4chlich wollen, ist eine andere Frage. Da gibt es zwar die Aussagen des wiedergew\u00e4hlten\u2026","rel":"","context":"In &quot;Demokratie \u2013 Medien \u2013 Aufkl\u00e4rung&quot;","block_context":{"text":"Demokratie \u2013 Medien \u2013 Aufkl\u00e4rung","link":"https:\/\/www.freidenker.org\/?cat=12"},"img":{"alt_text":"","src":"https:\/\/i0.wp.com\/www.freidenker.org\/fw17\/wp-content\/uploads\/2026\/03\/wolkenkratzer_zerstoert_800x450.jpg?fit=800%2C450&ssl=1&resize=350%2C200","width":350,"height":200,"srcset":"https:\/\/i0.wp.com\/www.freidenker.org\/fw17\/wp-content\/uploads\/2026\/03\/wolkenkratzer_zerstoert_800x450.jpg?fit=800%2C450&ssl=1&resize=350%2C200 1x, https:\/\/i0.wp.com\/www.freidenker.org\/fw17\/wp-content\/uploads\/2026\/03\/wolkenkratzer_zerstoert_800x450.jpg?fit=800%2C450&ssl=1&resize=525%2C300 1.5x, https:\/\/i0.wp.com\/www.freidenker.org\/fw17\/wp-content\/uploads\/2026\/03\/wolkenkratzer_zerstoert_800x450.jpg?fit=800%2C450&ssl=1&resize=700%2C400 2x"},"classes":[]},{"id":24688,"url":"https:\/\/www.freidenker.org\/?p=24688","url_meta":{"origin":24612,"position":1},"title":"Der Krieg der USA und Israels gegen den Iran ist eine Bedrohung f\u00fcr die ganze Welt","author":"Webredaktion","date":"23. M\u00e4rz 2026","format":false,"excerpt":"Die deutsche Staatsr\u00e4son gegen\u00fcber dem zionistischen Staat geh\u00f6rt angesichts dieser Zerst\u00f6rungsorgie auf den M\u00fcllhaufen der Geschichte Beitrag von Arn Strohmeyer Die Sicherheit Israels ist deutsche Staatsr\u00e4son, das ist seit der Rede von Kanzlerin Angela Merkel 2008 in der Knesset in Jerusalem ein unumst\u00f6\u00dfliches Dogma der deutschen Politik, das eng mit\u2026","rel":"","context":"In &quot;Frieden - Antifaschismus - Solidarit\u00e4t&quot;","block_context":{"text":"Frieden - Antifaschismus - Solidarit\u00e4t","link":"https:\/\/www.freidenker.org\/?cat=13"},"img":{"alt_text":"","src":"https:\/\/i0.wp.com\/www.freidenker.org\/fw17\/wp-content\/uploads\/2026\/03\/Shajareh_Tayyebeh_school_in_Minab_photos_from_Mehr_3_800x450.jpg?fit=800%2C450&ssl=1&resize=350%2C200","width":350,"height":200,"srcset":"https:\/\/i0.wp.com\/www.freidenker.org\/fw17\/wp-content\/uploads\/2026\/03\/Shajareh_Tayyebeh_school_in_Minab_photos_from_Mehr_3_800x450.jpg?fit=800%2C450&ssl=1&resize=350%2C200 1x, https:\/\/i0.wp.com\/www.freidenker.org\/fw17\/wp-content\/uploads\/2026\/03\/Shajareh_Tayyebeh_school_in_Minab_photos_from_Mehr_3_800x450.jpg?fit=800%2C450&ssl=1&resize=525%2C300 1.5x, https:\/\/i0.wp.com\/www.freidenker.org\/fw17\/wp-content\/uploads\/2026\/03\/Shajareh_Tayyebeh_school_in_Minab_photos_from_Mehr_3_800x450.jpg?fit=800%2C450&ssl=1&resize=700%2C400 2x"},"classes":[]},{"id":22132,"url":"https:\/\/www.freidenker.org\/?p=22132","url_meta":{"origin":24612,"position":2},"title":"Ein Schurkenstaat zeigt sein wahres Gesicht","author":"Webredaktion","date":"17. Juni 2025","format":false,"excerpt":"Beitrag von Rainer Rupp Mit seinem j\u00fcngsten Angriff auf den Iran hat Israel erneut bewiesen, dass es internationale Normen zur Erhaltung der regionalen Stabilit\u00e4t mit F\u00fc\u00dfen tritt. Aber je l\u00e4nger der von Israel begonnene Krieg gegen Iran dauert, desto offensichtlicher wird Israels strategische Unterlegenheit. Nicht nur iranische Nuklearanlagen und Milit\u00e4rbasen\u2026","rel":"","context":"In &quot;Demokratie \u2013 Medien \u2013 Aufkl\u00e4rung&quot;","block_context":{"text":"Demokratie \u2013 Medien \u2013 Aufkl\u00e4rung","link":"https:\/\/www.freidenker.org\/?cat=12"},"img":{"alt_text":"","src":"https:\/\/i0.wp.com\/www.freidenker.org\/fw17\/wp-content\/uploads\/2025\/06\/Batch_2_Avash_29_800x450.jpg?fit=800%2C450&ssl=1&resize=350%2C200","width":350,"height":200,"srcset":"https:\/\/i0.wp.com\/www.freidenker.org\/fw17\/wp-content\/uploads\/2025\/06\/Batch_2_Avash_29_800x450.jpg?fit=800%2C450&ssl=1&resize=350%2C200 1x, https:\/\/i0.wp.com\/www.freidenker.org\/fw17\/wp-content\/uploads\/2025\/06\/Batch_2_Avash_29_800x450.jpg?fit=800%2C450&ssl=1&resize=525%2C300 1.5x, https:\/\/i0.wp.com\/www.freidenker.org\/fw17\/wp-content\/uploads\/2025\/06\/Batch_2_Avash_29_800x450.jpg?fit=800%2C450&ssl=1&resize=700%2C400 2x"},"classes":[]},{"id":22128,"url":"https:\/\/www.freidenker.org\/?p=22128","url_meta":{"origin":24612,"position":3},"title":"Israel bombt eine Weltkrise herbei","author":"Webredaktion","date":"14. Juni 2025","format":false,"excerpt":"Der Angriff auf den Iran wird unabsehbare globale Folgen haben Beitrag von Arn Strohmeyer Der V\u00f6lkermord im Gazastreifen ist noch nicht genug. Israel bombt weiter, wie es will \u2013 in Syrien, dem Libanon und im Jemen und nun nimmt es die Atomanlagen im Iran unter Bombardement. Der \u201ewerteorientierte\u201c Westen schaut\u2026","rel":"","context":"In &quot;Frieden - Antifaschismus - Solidarit\u00e4t&quot;","block_context":{"text":"Frieden - Antifaschismus - Solidarit\u00e4t","link":"https:\/\/www.freidenker.org\/?cat=13"},"img":{"alt_text":"","src":"https:\/\/i0.wp.com\/www.freidenker.org\/fw17\/wp-content\/uploads\/2025\/06\/Pictures_of_the_Israeli_attack_on_Tehran_1_Mehr_2_800x450.jpg?fit=800%2C450&ssl=1&resize=350%2C200","width":350,"height":200,"srcset":"https:\/\/i0.wp.com\/www.freidenker.org\/fw17\/wp-content\/uploads\/2025\/06\/Pictures_of_the_Israeli_attack_on_Tehran_1_Mehr_2_800x450.jpg?fit=800%2C450&ssl=1&resize=350%2C200 1x, https:\/\/i0.wp.com\/www.freidenker.org\/fw17\/wp-content\/uploads\/2025\/06\/Pictures_of_the_Israeli_attack_on_Tehran_1_Mehr_2_800x450.jpg?fit=800%2C450&ssl=1&resize=525%2C300 1.5x, https:\/\/i0.wp.com\/www.freidenker.org\/fw17\/wp-content\/uploads\/2025\/06\/Pictures_of_the_Israeli_attack_on_Tehran_1_Mehr_2_800x450.jpg?fit=800%2C450&ssl=1&resize=700%2C400 2x"},"classes":[]},{"id":24883,"url":"https:\/\/www.freidenker.org\/?p=24883","url_meta":{"origin":24612,"position":4},"title":"Osterm\u00e4rsche 2026 in Hessen","author":"Webredaktion","date":"18. April 2026","format":false,"excerpt":"Wir berichten von einigen Veranstaltungen anl\u00e4sslich der Osterm\u00e4rsche in Hessen, an denen auch zahlreiche Mitglieder unseres Verbandes teilnahmen und mitwirkten. Der traditionelle Start der Hessischen Osterm\u00e4rsche fand auch diesmal mit dem Ostermarsch der Friedenplattform Hanau 2026 am Karfreitag (3.4.26) in Bruchk\u00f6bel statt. Die Kundgebung begann um 14:00 Uhr und stand\u2026","rel":"","context":"In &quot;Aktuelles&quot;","block_context":{"text":"Aktuelles","link":"https:\/\/www.freidenker.org\/?cat=574"},"img":{"alt_text":"","src":"https:\/\/i0.wp.com\/www.freidenker.org\/fw17\/wp-content\/uploads\/2026\/04\/OM26-Frankfurt-133056_800x450.jpg?fit=800%2C450&ssl=1&resize=350%2C200","width":350,"height":200,"srcset":"https:\/\/i0.wp.com\/www.freidenker.org\/fw17\/wp-content\/uploads\/2026\/04\/OM26-Frankfurt-133056_800x450.jpg?fit=800%2C450&ssl=1&resize=350%2C200 1x, https:\/\/i0.wp.com\/www.freidenker.org\/fw17\/wp-content\/uploads\/2026\/04\/OM26-Frankfurt-133056_800x450.jpg?fit=800%2C450&ssl=1&resize=525%2C300 1.5x, https:\/\/i0.wp.com\/www.freidenker.org\/fw17\/wp-content\/uploads\/2026\/04\/OM26-Frankfurt-133056_800x450.jpg?fit=800%2C450&ssl=1&resize=700%2C400 2x"},"classes":[]},{"id":24841,"url":"https:\/\/www.freidenker.org\/?p=24841","url_meta":{"origin":24612,"position":5},"title":"Widerspr\u00fcchliche Kriegsziele der Schurkenregimes in Jerusalem und Washington","author":"Webredaktion","date":"8. April 2026","format":false,"excerpt":"Beitrag von Rainer Rupp Kriege, die wie Netanjahus Krieg gegen Iran aus innenpolitischem Kalk\u00fcl gef\u00fchrt werden, enden selten gut. Statt politische und diplomatische St\u00e4rke zu demonstrieren, wirkt Washington unter Trump zunehmend als unberechenbarer Akteur, der alte Regeln bricht. Der brutale, unprovozierte, v\u00f6lkerrechtswidrige Angriffskrieg der niedergehenden Weltmacht USA im Verbund mit\u2026","rel":"","context":"In &quot;Aktuelles&quot;","block_context":{"text":"Aktuelles","link":"https:\/\/www.freidenker.org\/?cat=574"},"img":{"alt_text":"","src":"https:\/\/i0.wp.com\/www.freidenker.org\/fw17\/wp-content\/uploads\/2026\/04\/trump_netanjahu_firebase_800x450.jpg?fit=800%2C450&ssl=1&resize=350%2C200","width":350,"height":200,"srcset":"https:\/\/i0.wp.com\/www.freidenker.org\/fw17\/wp-content\/uploads\/2026\/04\/trump_netanjahu_firebase_800x450.jpg?fit=800%2C450&ssl=1&resize=350%2C200 1x, https:\/\/i0.wp.com\/www.freidenker.org\/fw17\/wp-content\/uploads\/2026\/04\/trump_netanjahu_firebase_800x450.jpg?fit=800%2C450&ssl=1&resize=525%2C300 1.5x, https:\/\/i0.wp.com\/www.freidenker.org\/fw17\/wp-content\/uploads\/2026\/04\/trump_netanjahu_firebase_800x450.jpg?fit=800%2C450&ssl=1&resize=700%2C400 2x"},"classes":[]}],"_links":{"self":[{"href":"https:\/\/www.freidenker.org\/index.php?rest_route=\/wp\/v2\/posts\/24612","targetHints":{"allow":["GET"]}}],"collection":[{"href":"https:\/\/www.freidenker.org\/index.php?rest_route=\/wp\/v2\/posts"}],"about":[{"href":"https:\/\/www.freidenker.org\/index.php?rest_route=\/wp\/v2\/types\/post"}],"author":[{"embeddable":true,"href":"https:\/\/www.freidenker.org\/index.php?rest_route=\/wp\/v2\/users\/3"}],"replies":[{"embeddable":true,"href":"https:\/\/www.freidenker.org\/index.php?rest_route=%2Fwp%2Fv2%2Fcomments&post=24612"}],"version-history":[{"count":5,"href":"https:\/\/www.freidenker.org\/index.php?rest_route=\/wp\/v2\/posts\/24612\/revisions"}],"predecessor-version":[{"id":24625,"href":"https:\/\/www.freidenker.org\/index.php?rest_route=\/wp\/v2\/posts\/24612\/revisions\/24625"}],"wp:featuredmedia":[{"embeddable":true,"href":"https:\/\/www.freidenker.org\/index.php?rest_route=\/wp\/v2\/media\/24624"}],"wp:attachment":[{"href":"https:\/\/www.freidenker.org\/index.php?rest_route=%2Fwp%2Fv2%2Fmedia&parent=24612"}],"wp:term":[{"taxonomy":"category","embeddable":true,"href":"https:\/\/www.freidenker.org\/index.php?rest_route=%2Fwp%2Fv2%2Fcategories&post=24612"},{"taxonomy":"post_tag","embeddable":true,"href":"https:\/\/www.freidenker.org\/index.php?rest_route=%2Fwp%2Fv2%2Ftags&post=24612"}],"curies":[{"name":"wp","href":"https:\/\/api.w.org\/{rel}","templated":true}]}}