{"id":24608,"date":"2026-03-15T20:54:48","date_gmt":"2026-03-15T19:54:48","guid":{"rendered":"https:\/\/www.freidenker.org\/?p=24608"},"modified":"2026-04-24T02:17:06","modified_gmt":"2026-04-24T00:17:06","slug":"staats-schutz-ist-kult","status":"publish","type":"post","link":"https:\/\/www.freidenker.org\/?p=24608","title":{"rendered":"Staats-Schutz ist Kult"},"content":{"rendered":"<h4>Minister l\u00e4sst den Verfassungsschutz von der Leine<\/h4>\n<p><em>von <strong>Uli Gellermann<\/strong><\/em><\/p>\n<p><span style=\"font-size: 10pt;\">Erstver\u00f6ffentlichung am 12.03.2026 auf <a href=\"https:\/\/www.rationalgalerie.de\/home\/staats-schutz-ist-kult\" target=\"_blank\" rel=\"noopener\">rationalgalerie.de<\/a><\/span><\/p>\n<p>&nbsp;<\/p>\n<p>Der Staatsminister beim Bundeskanzler und Beauftragter der Bundesregierung f\u00fcr Kultur und Medien, Wolfram Weimer, hat drei Buchhandlungen von der Preistr\u00e4gerliste des Deutschen Buchhandlungspreises gestrichen. Die Begr\u00fcndung: Es g\u00e4be \u201everfassungsschutzrelevante Erkenntnisse\u201c \u00fcber diese Handlungen.<\/p>\n<h5><strong>Geheime Staatspolizei<\/strong><\/h5>\n<p>Der Verfassungsschutz erf\u00fcllt Polizeifunktionen und arbeitet im Geheimen f\u00fcr den Staat. Ihn deshalb \u201eGeheime Staatspolizei\u201c Gestapo, 1933\u20131945)\u00a0) zu nennen, ist schon deshalb falsch, weil solch eine Meinung wahrscheinlich eine \u201everfassungsschutzrelevante Erkenntnis\u201c sein d\u00fcrfte, und man k\u00e4me auf die schwarze Liste, wenn man dort nicht schon notiert ist. In diesem Fall wird die Erkenntnis einfach nur noch relevanter.<\/p>\n<h5><strong>Keine Rolex<\/strong><\/h5>\n<p>Wolfram Weimer ist ein gut betuchter Medien-Unternehmer. So einen, von den eigenen Profitinteressen geleiteten Mann, zum Kulturminister zu machen, ist in einer Regierung, die von einem Million\u00e4r gef\u00fchrt wird, nur logisch: Man h\u00e4lt dort immer und grunds\u00e4tzlich zu seinesgleichen, den Reichen. Diese Regierung deshalb eine Zuh\u00e4lter-Regierung zu nennen, ist schon deshalb falsch, weil in den Weimer-Kreisen auf keinen Fall Rolex-Uhren (die werden gern von Luden getragen) an den Handgelenken protzen.<\/p>\n<h5><strong>Verfassungsschutzrelevante Delegitimierung des Staates<\/strong><\/h5>\n<p>Der Verfassungsschutz (VS) hat 2021 w\u00e4hrend des Corona-Regimes eine neue Beobachtungskategorie eingef\u00fchrt: Die \u201everfassungsschutzrelevante Delegitimierung des Staates\u201c. In der wurden die gef\u00fchrt und bespitzelt, sagt die KI, \u201edie das Vertrauen in den demokratischen Rechtsstaat durch Verschw\u00f6rungsideologien, Hassrede und Ver\u00e4chtlichmachung von Repr\u00e4sentanten gezielt untergraben\u201c. In kurzer \u00dcbersetzung: Wer den Staat kritisiert, ist verd\u00e4chtig und kommt in die geheimen Akten.<\/p>\n<h5><strong>\u201eVerdachtsfall\u201c<\/strong><\/h5>\n<p>Schon die geheime Staatspolizei (Gestapo) kannte den \u201eVerdachtsfall&#8220;:\u00a0Die Gestapo definierte &#8222;Verdacht&#8220; extrem weit: Politische Gegnerschaft, Kritik am Regime oder regimefeindliche \u00c4u\u00dferungen reichten aus, um ins Visier der Beh\u00f6rde zu geraten. Wer hier \u00c4hnlichkeiten sieht, der k\u00f6nnte in den Verdacht kommen, an einer \u201eDelegitimierung des Staates\u201c zu arbeiten. Schon deshalb kann man niemandem empfehlen, solche \u00c4hnlichkeiten zu sehen. Wer will sich schon verd\u00e4chtig machen?<\/p>\n<h5><strong>Buchhandlungen bei Wolfram Weimer melden<\/strong><\/h5>\n<p>Wer also Buchhandlungen kennt, die B\u00fccher von Georg Orwell verkaufen oder das Buch \u201eDeutschland Neutral\u201c, das am 23.03.2026 erscheinen wird, der sollte solche Buchhandlungen bei Wolfram Weimer melden. Man kann solche Buchhandlungen auch direkt beim Verfassungsschutz denunzieren und steht dann in einer alten Tradition: Auch die Gestapo war auf Meldungen aus der Bev\u00f6lkerung angewiesen.<\/p>\n<h5><strong>VS im Netz<\/strong><\/h5>\n<p>Wer die Meldungen beschleunigen will, der bestellt das Buch elektronisch: <a href=\"https:\/\/www.buchkomplizen.de\/deutschland-neutral.html\" target=\"_blank\" rel=\"noopener\">https:\/\/www.buchkomplizen.de\/deutschland-neutral.html<\/a><br \/>\nMan darf sich auf den VS verlassen: Er ist auch im Netz.<\/p>\n<p style=\"text-align: right;\"><em>Uli Gellermann ist Journalist und Filmemacher und betreibt die Internetseite \u201e<a href=\"https:\/\/www.rationalgalerie.de\/\" target=\"_blank\" rel=\"noopener\">Rationalgalerie<\/a>\u201c auf der auch dieser Text ver\u00f6ffentlicht wurde.<\/em><\/p>\n<hr \/>\n<p><span style=\"font-size: 10pt;\">Bild oben: Collage von Ralf Lux unter Verwendung der Buchtitel von<\/span><br \/>\n<span style=\"font-size: 10pt;\">&#8211; Uli Gellermann, Arnulf Rating, Jens Fischer (Hrsg.): Deutschland Neutral, Westend Verlag 2026<\/span><br \/>\n<span style=\"font-size: 10pt;\">&#8211; George Orwell: 1984, Erstausgabe<span class=\"mw-mmv-title\">, Secker &amp; Warburg, London 1949.<\/span>\u00a0Quelle: <a href=\"https:\/\/de.wikipedia.org\/w\/index.php?curid=6621872\" target=\"_blank\" rel=\"noopener\">https:\/\/de.wikipedia.org\/w\/index.php?curid=6621872<\/a><\/span><\/p>\n","protected":false},"excerpt":{"rendered":"<p><b>Minister l\u00e4sst den Verfassungsschutz von der Leine<\/b><br \/>\n<b>Beitrag von Uli Gellermann<\/b><br \/>\nDer Staatsminister beim Bundeskanzler und Beauftragter der Bundesregierung f\u00fcr Kultur und Medien, Wolfram Weimer, hat drei Buchhandlungen von der Preistr\u00e4gerliste des Deutschen Buchhandlungspreises gestrichen. Die Begr\u00fcndung: Es g\u00e4be \u201everfassungsschutzrelevante Erkenntnisse\u201c \u00fcber diese Handlungen. [&#8230;] Der Verfassungsschutz erf\u00fcllt Polizeifunktionen und arbeitet im Geheimen f\u00fcr den Staat. Ihn deshalb \u201eGeheime Staatspolizei\u201c Gestapo, 1933\u20131945)\u00a0) zu nennen, ist schon deshalb falsch, weil solch eine Meinung wahrscheinlich eine \u201everfassungsschutzrelevante Erkenntnis\u201c sein d\u00fcrfte, und man k\u00e4me auf die schwarze Liste, wenn man dort nicht schon notiert ist. In diesem Fall wird die Erkenntnis einfach nur noch relevanter.<\/p>\n","protected":false},"author":3,"featured_media":24609,"comment_status":"closed","ping_status":"closed","sticky":false,"template":"","format":"standard","meta":{"colormag_page_container_layout":"default_layout","colormag_page_sidebar_layout":"default_layout","advanced_seo_description":"","jetpack_seo_html_title":"","jetpack_seo_noindex":false,"jetpack_post_was_ever_published":false,"footnotes":""},"categories":[12],"tags":[1115,2688,3105,1256,1582,3106,1325,1846,1397,641],"class_list":["post-24608","post","type-post","status-publish","format-standard","has-post-thumbnail","hentry","category-demokratie-medien-aufklaerung","tag-buch","tag-buecher","tag-buchhandlungen","tag-corona-virus","tag-delegitimierung","tag-gestapo","tag-preisverleihung","tag-rechtsstaat","tag-verfassungsschutz","tag-verschwoerungstheorie"],"jetpack_featured_media_url":"https:\/\/i0.wp.com\/www.freidenker.org\/fw17\/wp-content\/uploads\/2026\/03\/deutschland_neutral_1984_v2_800x450.jpg?fit=800%2C450&ssl=1","jetpack_shortlink":"https:\/\/wp.me\/p9stpK-6oU","jetpack-related-posts":[{"id":21806,"url":"https:\/\/www.freidenker.org\/?p=21806","url_meta":{"origin":24608,"position":0},"title":"Neues vom &#8222;Faktenchecker&#8220;: Verfassungsschutz gut, AfD b\u00f6se","author":"Webredaktion","date":"12. Mai 2025","format":false,"excerpt":"Beitrag von Dagmar Henn Nein, es muss nicht \u00fcberraschen, dass die ARD mal wieder ihre ber\u00fcchtigten Faktenchecker in die Spur schickt, um den Verfassungsschutz zu sch\u00fctzen. Auch wenn das irgendwie wieder als Zirkelschluss endet. Aber dazu sp\u00e4ter. Schon die \u00dcberschrift ist h\u00fcbsch: \"Wie die AfD den Verfassungsschutz diskreditiert\". Das ist\u2026","rel":"","context":"In &quot;Demokratie \u2013 Medien \u2013 Aufkl\u00e4rung&quot;","block_context":{"text":"Demokratie \u2013 Medien \u2013 Aufkl\u00e4rung","link":"https:\/\/www.freidenker.org\/?cat=12"},"img":{"alt_text":"","src":"https:\/\/i0.wp.com\/www.freidenker.org\/fw17\/wp-content\/uploads\/2025\/05\/Verfassungsschutz-2015-02-26_Didacta_2015_by_Olaf_Kosinsky-51_800x450.jpg?fit=800%2C450&ssl=1&resize=350%2C200","width":350,"height":200,"srcset":"https:\/\/i0.wp.com\/www.freidenker.org\/fw17\/wp-content\/uploads\/2025\/05\/Verfassungsschutz-2015-02-26_Didacta_2015_by_Olaf_Kosinsky-51_800x450.jpg?fit=800%2C450&ssl=1&resize=350%2C200 1x, https:\/\/i0.wp.com\/www.freidenker.org\/fw17\/wp-content\/uploads\/2025\/05\/Verfassungsschutz-2015-02-26_Didacta_2015_by_Olaf_Kosinsky-51_800x450.jpg?fit=800%2C450&ssl=1&resize=525%2C300 1.5x, https:\/\/i0.wp.com\/www.freidenker.org\/fw17\/wp-content\/uploads\/2025\/05\/Verfassungsschutz-2015-02-26_Didacta_2015_by_Olaf_Kosinsky-51_800x450.jpg?fit=800%2C450&ssl=1&resize=700%2C400 2x"},"classes":[]},{"id":18141,"url":"https:\/\/www.freidenker.org\/?p=18141","url_meta":{"origin":24608,"position":1},"title":"Der Fall Compact: Eine gut ge\u00f6lte Zensurmaschine wird angeworfen","author":"Webredaktion","date":"11. Februar 2024","format":false,"excerpt":"Beitrag von Dagmar Henn Es wird von Tag zu Tag unheimlicher, und langsam kommt es mir vor wie ein Reichstagsbrand in Zeitlupe. Oder, besser noch, aufgeteilt in kleine H\u00e4ppchen, die \u00fcber viele Folgen hinweg verabreicht werden. M\u00fcsste ich jetzt jubeln, wenn das Magazin Compact aus den Bahnhofsbuchhandlungen verschwindet? Auch wenn\u2026","rel":"","context":"In &quot;Demokratie \u2013 Medien \u2013 Aufkl\u00e4rung&quot;","block_context":{"text":"Demokratie \u2013 Medien \u2013 Aufkl\u00e4rung","link":"https:\/\/www.freidenker.org\/?cat=12"},"img":{"alt_text":"","src":"https:\/\/i0.wp.com\/www.freidenker.org\/fw17\/wp-content\/uploads\/2024\/02\/Juergen_Elsaesser_Leipzig_2022-09-05_800x450.jpg?fit=800%2C450&ssl=1&resize=350%2C200","width":350,"height":200,"srcset":"https:\/\/i0.wp.com\/www.freidenker.org\/fw17\/wp-content\/uploads\/2024\/02\/Juergen_Elsaesser_Leipzig_2022-09-05_800x450.jpg?fit=800%2C450&ssl=1&resize=350%2C200 1x, https:\/\/i0.wp.com\/www.freidenker.org\/fw17\/wp-content\/uploads\/2024\/02\/Juergen_Elsaesser_Leipzig_2022-09-05_800x450.jpg?fit=800%2C450&ssl=1&resize=525%2C300 1.5x, https:\/\/i0.wp.com\/www.freidenker.org\/fw17\/wp-content\/uploads\/2024\/02\/Juergen_Elsaesser_Leipzig_2022-09-05_800x450.jpg?fit=800%2C450&ssl=1&resize=700%2C400 2x"},"classes":[]},{"id":17471,"url":"https:\/\/www.freidenker.org\/?p=17471","url_meta":{"origin":24608,"position":2},"title":"Denunziationsparagrafen: Wie Nancy Faeser gesetzlich den Rechtsstaat abschafft","author":"Webredaktion","date":"6. November 2023","format":false,"excerpt":"Beitrag von Dagmar Henn Man kann in Deutschland zusehen, wie der Rechtsstaat demontiert wird, Schritt f\u00fcr Schritt. Und inzwischen haben diese Entwicklungen ein betr\u00e4chtliches Tempo angenommen. Die \u00c4nderungsvorschl\u00e4ge, die die Regierungskoalition f\u00fcr das Verfassungsschutzgesetz vorgelegt hat, sind inzwischen zwar vielerorts kritisiert worden (etwa imCicero oder auf den NachDenkSeiten), aber ihre\u2026","rel":"","context":"In &quot;Demokratie \u2013 Medien \u2013 Aufkl\u00e4rung&quot;","block_context":{"text":"Demokratie \u2013 Medien \u2013 Aufkl\u00e4rung","link":"https:\/\/www.freidenker.org\/?cat=12"},"img":{"alt_text":"","src":"https:\/\/i0.wp.com\/www.freidenker.org\/fw17\/wp-content\/uploads\/2023\/11\/nancy_faeser_re-publica_2022_IMG_4981_800x450.jpg?fit=800%2C450&ssl=1&resize=350%2C200","width":350,"height":200,"srcset":"https:\/\/i0.wp.com\/www.freidenker.org\/fw17\/wp-content\/uploads\/2023\/11\/nancy_faeser_re-publica_2022_IMG_4981_800x450.jpg?fit=800%2C450&ssl=1&resize=350%2C200 1x, https:\/\/i0.wp.com\/www.freidenker.org\/fw17\/wp-content\/uploads\/2023\/11\/nancy_faeser_re-publica_2022_IMG_4981_800x450.jpg?fit=800%2C450&ssl=1&resize=525%2C300 1.5x, https:\/\/i0.wp.com\/www.freidenker.org\/fw17\/wp-content\/uploads\/2023\/11\/nancy_faeser_re-publica_2022_IMG_4981_800x450.jpg?fit=800%2C450&ssl=1&resize=700%2C400 2x"},"classes":[]},{"id":24371,"url":"https:\/\/www.freidenker.org\/?p=24371","url_meta":{"origin":24608,"position":3},"title":"Innenminister als Verfassungsgegner?","author":"Webredaktion","date":"6. Februar 2026","format":false,"excerpt":"Kommentar von Tilo Gr\u00e4ser Bundesinnenminister Alexander Dobrindt zeigt sich als mutma\u00dflicher Verfassungsgegner. Nicht anders ist zu verstehen, wenn er den Verfassungsschutz von Bund und L\u00e4ndern zu einem \u201eechten Geheimdienst\u201c ausbauen will, wie er gegen\u00fcber der Zeitung Augsburger Allgemeine erkl\u00e4rte. In dem am Montag ver\u00f6ffentlichten Interview sagte der Minister, er wolle\u2026","rel":"","context":"In &quot;Demokratie \u2013 Medien \u2013 Aufkl\u00e4rung&quot;","block_context":{"text":"Demokratie \u2013 Medien \u2013 Aufkl\u00e4rung","link":"https:\/\/www.freidenker.org\/?cat=12"},"img":{"alt_text":"","src":"https:\/\/i0.wp.com\/www.freidenker.org\/fw17\/wp-content\/uploads\/2026\/02\/Wahlabend_Bayern_by_Sandro_Halank%E2%80%93024_800x450.jpg?fit=800%2C450&ssl=1&resize=350%2C200","width":350,"height":200,"srcset":"https:\/\/i0.wp.com\/www.freidenker.org\/fw17\/wp-content\/uploads\/2026\/02\/Wahlabend_Bayern_by_Sandro_Halank%E2%80%93024_800x450.jpg?fit=800%2C450&ssl=1&resize=350%2C200 1x, https:\/\/i0.wp.com\/www.freidenker.org\/fw17\/wp-content\/uploads\/2026\/02\/Wahlabend_Bayern_by_Sandro_Halank%E2%80%93024_800x450.jpg?fit=800%2C450&ssl=1&resize=525%2C300 1.5x, https:\/\/i0.wp.com\/www.freidenker.org\/fw17\/wp-content\/uploads\/2026\/02\/Wahlabend_Bayern_by_Sandro_Halank%E2%80%93024_800x450.jpg?fit=800%2C450&ssl=1&resize=700%2C400 2x"},"classes":[]},{"id":10578,"url":"https:\/\/www.freidenker.org\/?p=10578","url_meta":{"origin":24608,"position":4},"title":"Die M\u00e4rchenstunde der Schlapph\u00fcte","author":"Webredaktion","date":"22. Juni 2021","format":false,"excerpt":"Beitrag von Dagmar Henn Einmal im Jahr treten Deutschlands Schlapph\u00fcte vom Verfassungsschutz vor die \u00d6ffentlichkeit und erz\u00e4hlen, was sie gerade f\u00fcr besonders gef\u00e4hrlich halten. Das Ergebnis kann durchaus Anlass zur Erheiterung sein. Nun muss man vorab darauf hinweisen, dass das Bundesamt f\u00fcr Verfassungsschutz, so wie die 16 Landes\u00e4mter auch, nur\u2026","rel":"","context":"In &quot;Demokratie \u2013 Medien \u2013 Aufkl\u00e4rung&quot;","block_context":{"text":"Demokratie \u2013 Medien \u2013 Aufkl\u00e4rung","link":"https:\/\/www.freidenker.org\/?cat=12"},"img":{"alt_text":"","src":"https:\/\/i0.wp.com\/www.freidenker.org\/fw17\/wp-content\/uploads\/2021\/06\/gestiefelter_Kater_fairy-tales-2651296_800x450.jpg?fit=800%2C450&ssl=1&resize=350%2C200","width":350,"height":200,"srcset":"https:\/\/i0.wp.com\/www.freidenker.org\/fw17\/wp-content\/uploads\/2021\/06\/gestiefelter_Kater_fairy-tales-2651296_800x450.jpg?fit=800%2C450&ssl=1&resize=350%2C200 1x, https:\/\/i0.wp.com\/www.freidenker.org\/fw17\/wp-content\/uploads\/2021\/06\/gestiefelter_Kater_fairy-tales-2651296_800x450.jpg?fit=800%2C450&ssl=1&resize=525%2C300 1.5x, https:\/\/i0.wp.com\/www.freidenker.org\/fw17\/wp-content\/uploads\/2021\/06\/gestiefelter_Kater_fairy-tales-2651296_800x450.jpg?fit=800%2C450&ssl=1&resize=700%2C400 2x"},"classes":[]},{"id":22117,"url":"https:\/\/www.freidenker.org\/?p=22117","url_meta":{"origin":24608,"position":5},"title":"Der falsche und der wahre Verfassungsschutz","author":"Webredaktion","date":"13. Juni 2025","format":false,"excerpt":"Zwei \u201eVerfassungsschutzberichte\u201c: ein staatlicher und ein am Grundgesetz orientierter Kommentar von Tilo Gr\u00e4ser Das Bundesverwaltungsgericht in Leipzig pr\u00fcft seit Dienstag in der Hauptverhandlung, ob das im Juli 2024 vom Bundesinnenministerium erlassene Verbot des Magazins Compact rechtm\u00e4\u00dfig war. Im Eilverfahren hatten die Richter damals das Verbot vorl\u00e4ufig ausgesetzt, so dass das\u2026","rel":"","context":"In &quot;Demokratie \u2013 Medien \u2013 Aufkl\u00e4rung&quot;","block_context":{"text":"Demokratie \u2013 Medien \u2013 Aufkl\u00e4rung","link":"https:\/\/www.freidenker.org\/?cat=12"},"img":{"alt_text":"","src":"https:\/\/i0.wp.com\/www.freidenker.org\/fw17\/wp-content\/uploads\/2025\/06\/2023-10-08_Wahlabend_Bayern_by_Sandro_Halank%E2%80%93024_800x450.jpg?fit=800%2C450&ssl=1&resize=350%2C200","width":350,"height":200,"srcset":"https:\/\/i0.wp.com\/www.freidenker.org\/fw17\/wp-content\/uploads\/2025\/06\/2023-10-08_Wahlabend_Bayern_by_Sandro_Halank%E2%80%93024_800x450.jpg?fit=800%2C450&ssl=1&resize=350%2C200 1x, https:\/\/i0.wp.com\/www.freidenker.org\/fw17\/wp-content\/uploads\/2025\/06\/2023-10-08_Wahlabend_Bayern_by_Sandro_Halank%E2%80%93024_800x450.jpg?fit=800%2C450&ssl=1&resize=525%2C300 1.5x, https:\/\/i0.wp.com\/www.freidenker.org\/fw17\/wp-content\/uploads\/2025\/06\/2023-10-08_Wahlabend_Bayern_by_Sandro_Halank%E2%80%93024_800x450.jpg?fit=800%2C450&ssl=1&resize=700%2C400 2x"},"classes":[]}],"_links":{"self":[{"href":"https:\/\/www.freidenker.org\/index.php?rest_route=\/wp\/v2\/posts\/24608","targetHints":{"allow":["GET"]}}],"collection":[{"href":"https:\/\/www.freidenker.org\/index.php?rest_route=\/wp\/v2\/posts"}],"about":[{"href":"https:\/\/www.freidenker.org\/index.php?rest_route=\/wp\/v2\/types\/post"}],"author":[{"embeddable":true,"href":"https:\/\/www.freidenker.org\/index.php?rest_route=\/wp\/v2\/users\/3"}],"replies":[{"embeddable":true,"href":"https:\/\/www.freidenker.org\/index.php?rest_route=%2Fwp%2Fv2%2Fcomments&post=24608"}],"version-history":[{"count":3,"href":"https:\/\/www.freidenker.org\/index.php?rest_route=\/wp\/v2\/posts\/24608\/revisions"}],"predecessor-version":[{"id":24626,"href":"https:\/\/www.freidenker.org\/index.php?rest_route=\/wp\/v2\/posts\/24608\/revisions\/24626"}],"wp:featuredmedia":[{"embeddable":true,"href":"https:\/\/www.freidenker.org\/index.php?rest_route=\/wp\/v2\/media\/24609"}],"wp:attachment":[{"href":"https:\/\/www.freidenker.org\/index.php?rest_route=%2Fwp%2Fv2%2Fmedia&parent=24608"}],"wp:term":[{"taxonomy":"category","embeddable":true,"href":"https:\/\/www.freidenker.org\/index.php?rest_route=%2Fwp%2Fv2%2Fcategories&post=24608"},{"taxonomy":"post_tag","embeddable":true,"href":"https:\/\/www.freidenker.org\/index.php?rest_route=%2Fwp%2Fv2%2Ftags&post=24608"}],"curies":[{"name":"wp","href":"https:\/\/api.w.org\/{rel}","templated":true}]}}