{"id":24598,"date":"2026-03-13T23:47:35","date_gmt":"2026-03-13T22:47:35","guid":{"rendered":"https:\/\/www.freidenker.org\/?p=24598"},"modified":"2026-04-24T02:15:54","modified_gmt":"2026-04-24T00:15:54","slug":"eine-notiz-in-der-zeitung-pandemische-zeiten-erinnerung-es-bietet-sich-an-zu-vergleichen","status":"publish","type":"post","link":"https:\/\/www.freidenker.org\/?p=24598","title":{"rendered":"Eine Notiz in der Zeitung &#8211; Pandemische Zeiten, &#8211; Erinnerung &#8211; es bietet sich an zu vergleichen."},"content":{"rendered":"<p><em>von\u00a0<strong>Thomas Loch<\/strong><\/em><\/p>\n<p><span style=\"font-size: 10pt;\">Erstver\u00f6ffentlichung am 13.03.2026 auf der <a href=\"https:\/\/www.sachsen-anhalt.freidenker.org\/cms\/\" target=\"_blank\" rel=\"noopener\">Landesseite Sachsen-Anhalt<\/a>\u00a0<\/span><\/p>\n<p>Es ist eine interessante Sache, welche Parallelen sich aufdr\u00e4ngen, wenn zum Beispiel ein Bericht in der Zeitung (MZ-11.03.2026, Seite7) gelesen und Bez\u00fcge zum pandemischen Zeitalter hergestellt werden k\u00f6nnen.<\/p>\n<figure id=\"attachment_24600\" aria-describedby=\"caption-attachment-24600\" style=\"width: 800px\" class=\"wp-caption alignnone\"><img data-recalc-dims=\"1\" loading=\"lazy\" decoding=\"async\" data-attachment-id=\"24600\" data-permalink=\"https:\/\/www.freidenker.org\/?attachment_id=24600\" data-orig-file=\"https:\/\/i0.wp.com\/www.freidenker.org\/fw17\/wp-content\/uploads\/2026\/03\/Gruender_steigen_bei_biontech_aus_1600x900.jpg?fit=1600%2C900&amp;ssl=1\" data-orig-size=\"1600,900\" data-comments-opened=\"0\" data-image-meta=\"{&quot;aperture&quot;:&quot;0&quot;,&quot;credit&quot;:&quot;&quot;,&quot;camera&quot;:&quot;&quot;,&quot;caption&quot;:&quot;&quot;,&quot;created_timestamp&quot;:&quot;0&quot;,&quot;copyright&quot;:&quot;&quot;,&quot;focal_length&quot;:&quot;0&quot;,&quot;iso&quot;:&quot;0&quot;,&quot;shutter_speed&quot;:&quot;0&quot;,&quot;title&quot;:&quot;&quot;,&quot;orientation&quot;:&quot;0&quot;}\" data-image-title=\"Gruender_steigen_bei_biontech_aus_1600x900\" data-image-description=\"\" data-image-caption=\"\" data-large-file=\"https:\/\/i0.wp.com\/www.freidenker.org\/fw17\/wp-content\/uploads\/2026\/03\/Gruender_steigen_bei_biontech_aus_1600x900.jpg?fit=800%2C450&amp;ssl=1\" class=\"wp-image-24600 size-large\" src=\"https:\/\/i0.wp.com\/www.freidenker.org\/fw17\/wp-content\/uploads\/2026\/03\/Gruender_steigen_bei_biontech_aus_1600x900.jpg?resize=800%2C450&#038;ssl=1\" alt=\"\" width=\"800\" height=\"450\" srcset=\"https:\/\/i0.wp.com\/www.freidenker.org\/fw17\/wp-content\/uploads\/2026\/03\/Gruender_steigen_bei_biontech_aus_1600x900.jpg?resize=1024%2C576&amp;ssl=1 1024w, https:\/\/i0.wp.com\/www.freidenker.org\/fw17\/wp-content\/uploads\/2026\/03\/Gruender_steigen_bei_biontech_aus_1600x900.jpg?resize=300%2C169&amp;ssl=1 300w, https:\/\/i0.wp.com\/www.freidenker.org\/fw17\/wp-content\/uploads\/2026\/03\/Gruender_steigen_bei_biontech_aus_1600x900.jpg?resize=768%2C432&amp;ssl=1 768w, https:\/\/i0.wp.com\/www.freidenker.org\/fw17\/wp-content\/uploads\/2026\/03\/Gruender_steigen_bei_biontech_aus_1600x900.jpg?resize=1536%2C864&amp;ssl=1 1536w, https:\/\/i0.wp.com\/www.freidenker.org\/fw17\/wp-content\/uploads\/2026\/03\/Gruender_steigen_bei_biontech_aus_1600x900.jpg?w=1600&amp;ssl=1 1600w\" sizes=\"auto, (max-width: 800px) 100vw, 800px\" \/><figcaption id=\"caption-attachment-24600\" class=\"wp-caption-text\"><span style=\"font-size: 10pt;\">Faksimile aus der Mitteldeutschen Zeitung vom 11.03.2026<\/span><\/figcaption><\/figure>\n<p>Die Menschen sollen eine Wahl haben und w\u00e4hlen zu k\u00f6nnen, wird ihnen als gro\u00dfe Freiheit gepriesen, doch haben Menschen eine Wahl? Und sind sie frei, wenn sie w\u00e4hlen k\u00f6nnen? Oder Freiheit, die Einsicht in die Notwendigkeit, welche sich als objektive Gesetzm\u00e4\u00dfigkeit entpuppt und die F\u00e4higkeit entsprechend der Einsicht, also Erkenntnis, zu handeln? Von letzterem sind wir in diesem Land in der Gegenwart weit entfernt und wie es mit den Wahlm\u00f6glichkeiten aussieht, war sehr gut w\u00e4hrend der Politik der Pandemie zu erkennen.<\/p>\n<p>Gelegentlich wird von der Wahl zwischen Pest oder Cholera gesprochen, wenn es um etwas schlimmes geht und gebotene Alternative, welche nicht weniger schlimm. Pest und Cholera, lange galten sie als Gei\u00dfel der Menschheit und zwischen zwei gleichgro\u00dfen \u00dcbeln entscheiden zu m\u00fcssen bedeutet eigentlich, keine wirklich positive Wahlm\u00f6glichkeit zu haben. Und so haben sich die Menschen einst mit beiden Krankheiten auseinandersetzen m\u00fcssen, haben nach Mittel und Wege gesucht diesen zu begegnen, die Folgen f\u00fcr die betroffenen Menschen zu lindern, in der Hoffnung diese zu heilen. Das dabei Fehler gemacht, oft der Unwissenheit geschuldet und auch alles M\u00f6gliche ausprobiert wurde, im Glauben irgendwie wird es schon helfen und wenn nicht, so wurde es wenigstens versucht, zeigt die Geschichte. So kam es vor das, im \u00fcbertragenen Sinne, oft die Pest mit der Cholera bek\u00e4mpft wurde und Goethe hat auch solches in seinem Faust als Gegenstand genommen.<\/p>\n<p>Das war einst, j\u00fcngst war ein anderes Virus aktiv, welches in seiner Bedeutung und Wirkung den oben genannten gleichgesetzt, ohne auch nur ann\u00e4hernd gleicht zu sein. So wurde es zu einem Mittel der Politik, das Motto, was hat schlimmere Folgen die Menschen, das Virus oder die mit diesem begr\u00fcndete Politik? Wenige wurden Opfer des Virus, so das die Zahlen manipuliert werden mussten, um so mehr wurden daf\u00fcr Opfer der Politik, diese Zahlen hingegen werden gern verschwiegen, eine Aufarbeitung<a href=\"https:\/\/static1.squarespace.com\/static\/670e39eeadf2454bb32ffb37\/t\/69a45f50768e8773097ab027\/1772379984977\/Vortrag_2702026_Guerot_hessLandtag.pdf\">*<\/a> ist im Gange, sie ist m\u00fchevoll und wird es auch bleiben, solange sich nicht grunds\u00e4tzlich etwas an den gesellschaftlichen Verh\u00e4ltnissen \u00e4ndert, welche aktuell dazu neigen zu kollabieren.<\/p>\n<p>Es k\u00f6nnte gesagt werden, dachten sich die Herrschenden, die Gefahr ist ein gleiches unter gleichen gef\u00e4hrlich und es wurde gesagt von der herrschenden <a href=\"https:\/\/kucaf.blogspot.com\/2010\/12\/politik.html\" target=\"_blank\" rel=\"noopener\">Politik<\/a>. Wissenschaftler hatten es zu begr\u00fcnden, egal ob sie Gr\u00fcnde finden, es ging darum Argumente f\u00fcr die Politik zu liefern. So im Glaube gefangen, entwickelten Sie das Verlangen ihre <a href=\"https:\/\/kucaf.blogspot.com\/2022\/07\/wissenschaft.html\" target=\"_blank\" rel=\"noopener\">Wissenschaft<\/a> in <a href=\"https:\/\/kucaf.blogspot.com\/2009\/01\/religion-2.html\" target=\"_blank\" rel=\"noopener\">Religion<\/a> zu verbannen, um zu begr\u00fcnden, was man so konnte nicht finden. Galilei widerrief und wandelte von da an sehend unter den Blinden!<\/p>\n<p>Es war da, ein Virus gefunden und Gefahr zelebriert, damit Ma\u00dfnahmen ersonnen, welche zwar dem Virus nichts anhaben konnten, aber den Druck auf die Bev\u00f6lkerung erheblich erh\u00f6hten.<\/p>\n<p>Damit die Folgen der Pandemie f\u00fcr die Menschen sp\u00fcrbar wurden, musste der Druck auf diese erh\u00f6ht werden und da Propaganda allein nicht reichte, waren immer mehr Menschen, welche nicht wie angestrebt<a href=\"https:\/\/kucaf.blogspot.com\/2021\/12\/der-pandemisch-funktionierende-mensch.html\">*<\/a> funktionierten, von Sanktionen betroffen und wer sich nicht f\u00fcgte, in seiner Existenz bedroht, ausgesperrt vom gesellschaftlichen Leben, Arbeits- und Berufsverbote wurden verh\u00e4ngt, Einkommen entzogen, Auskommen verwehrt. So kam es dazu, dass viele Menschen mehr Angst vor den Ma\u00dfnahmen und mit diesen verbundenen Repressionen hatten, als vor einem Virus, welches gef\u00e4hrlicher als ein Grippevirus sein sollte, allein schon weil dieses selbst Opfer.<\/p>\n<p>Und so wurde im Kampf gegen den ausgemachten Feind, und das war der praktischen herrschaftlichen Politik folgend, nicht ein Virus, sondern der Mensch, alles aufgeboten, was als notwendig erachtet dem Feinde zu begegnen, ihn zu bezwingen, ihn auf Linie zu bringen, selbst wenn dazu experimentelle Mittelchen genutzt, welche zwar tauglich den Profit der Pharmaindustrie zu maximieren, aber nicht eine Krankheit zu kurieren.<\/p>\n<p>Das die K\u00e4mpfer an der herrschaftlichen Front f\u00fcr ihre Taten belohnt, steht au\u00dfer Frage, genauso wie sie weiter gepriesen. Nur dass die Politik der Pandemie der Vorbereitung der Fortsetzung der Politik mit anderen Mitteln diente, ist heute gut zu sehen, es ist aber auch zu sehen, vor welchen Problemen wir stehen. Von den Herrschenden wird gebraucht der funktionierende Mensch,<a href=\"https:\/\/kucaf.blogspot.com\/2021\/11\/pandemischer-weihnachtsmarkt-in.html\" target=\"_blank\" rel=\"noopener\">*<\/a> welcher den Vorgaben folgt, nicht der opponierende, hinterfragende!<a href=\"https:\/\/www.sachsen-anhalt.freidenker.org\/cms\/?p=124\" target=\"_blank\" rel=\"noopener\">*<\/a><\/p>\n<p>Und so unten ein Zitat aus Goethes Faust, welches sich mit der Pest und den folgenreichen Kampf gegen diese besch\u00e4ftigt, ein weiteres Zitat, welches zitiert im Kapital, Band eins von Karl Marx, wird im Bild ganz unten wiedergegeben.<\/p>\n<h5>Faust:<\/h5>\n<p><em>Nur wenig Schritte noch hinauf zu jenem Stein,<\/em><br \/>\n<em>Hier wollen wir von unsrer Wanderung rasten.<\/em><br \/>\n<em>Hier sa\u00df ich oft gedankenvoll allein<\/em><br \/>\n<em>Und qu\u00e4lte mich mit Beten und mit Fasten.<\/em><br \/>\n<em>An Hoffnung reich, im Glauben fest,<\/em><br \/>\n<em>Mit Tr\u00e4nen, Seufzen, H\u00e4nderingen<\/em><br \/>\n<em>Dacht ich das Ende jener Pest<\/em><br \/>\n<em>Vom Herrn des Himmels zu erzwingen.<br \/>\n<\/em><em>Der Menge Beifall t\u00f6nt mir nun wie Hohn.<\/em><br \/>\n<em>O k\u00f6nntest du in meinem Inneren lesen,<\/em><br \/>\n<em>Wie wenig Vater und Sohn<\/em><br \/>\n<em>Solch eines Ruhmes wert gewesen!<\/em><br \/>\n<em>Mein Vater war ein dunkler Ehrenmann,<br \/>\n<\/em><em>Der \u00fcber die Natur und ihre heil&#8217;gen Kreise,<\/em><br \/>\n<em>In Redlichkeit, jedoch auf seine Weise,<\/em><br \/>\n<em>Mit grillenhafter M\u00fche sann;<\/em><br \/>\n<em>Der, in Gesellschaft von Adepten,<\/em><br \/>\n<em>Sich in die schwarze K\u00fcche schlo\u00df<\/em><br \/>\n<em>Und, nach unendlichen Rezepten,<\/em><br \/>\n<em>Das Widrige zusammengo\u00df.<\/em><br \/>\n<em>Da ward ein roter Leu, ein k\u00fchner Freier,<\/em><br \/>\n<em>Im lauen Bad der Lilie verm\u00e4hlt<\/em><br \/>\n<em>Und beide dann mit offenen Flammenfeuer<\/em><br \/>\n<em>Aus einem Brautgemach ins adere geq\u00e4lt.<\/em><br \/>\n<em><strong>Erschien darauf mit bunten Farben<\/strong><\/em><br \/>\n<em><strong>Die junge K\u00f6nigin im Glas,<\/strong><\/em><br \/>\n<em><strong>Hier war die Arznei, die Partienten starben,<\/strong><\/em><br \/>\n<em><strong>Und niemand fragte: wer genas?<\/strong><\/em><br \/>\n<em><strong>So haben wir mit h\u00f6llischen Latwerdgen<\/strong><\/em><br \/>\n<em><strong>In diesen T\u00e4lern, diesen Bergen<\/strong><\/em><br \/>\n<em><strong>Weit schlimmer als die Pest getobt.<\/strong><\/em><br \/>\n<em><strong>Ich habe selbst den Gift an Tausende gegeben,<\/strong><\/em><br \/>\n<em><strong>Sie welkten hin, ich mu\u00df erleben,<\/strong><\/em><br \/>\n<em><strong>Da\u00df man die frechen M\u00f6rder lobt.<\/strong><\/em><\/p>\n<p style=\"padding-left: 40px;\">Goethe, Faust Der Trag\u00f6die erster Teil,<br \/>\nVerlag Philipp Recklam jun. Leipzig, 1988, Seite: 37.<\/p>\n<figure id=\"attachment_24602\" aria-describedby=\"caption-attachment-24602\" style=\"width: 673px\" class=\"wp-caption alignnone\"><img data-recalc-dims=\"1\" loading=\"lazy\" decoding=\"async\" data-attachment-id=\"24602\" data-permalink=\"https:\/\/www.freidenker.org\/?attachment_id=24602\" data-orig-file=\"https:\/\/i0.wp.com\/www.freidenker.org\/fw17\/wp-content\/uploads\/2026\/03\/Screenshot-2026-03-12-at-11-23-46-Was-so-bewegt-II-Zitat.png?fit=673%2C510&amp;ssl=1\" data-orig-size=\"673,510\" data-comments-opened=\"0\" data-image-meta=\"{&quot;aperture&quot;:&quot;0&quot;,&quot;credit&quot;:&quot;&quot;,&quot;camera&quot;:&quot;&quot;,&quot;caption&quot;:&quot;&quot;,&quot;created_timestamp&quot;:&quot;0&quot;,&quot;copyright&quot;:&quot;&quot;,&quot;focal_length&quot;:&quot;0&quot;,&quot;iso&quot;:&quot;0&quot;,&quot;shutter_speed&quot;:&quot;0&quot;,&quot;title&quot;:&quot;&quot;,&quot;orientation&quot;:&quot;0&quot;}\" data-image-title=\"Screenshot 2026-03-12 at 11-23-46 Was so bewegt II! Zitat\" data-image-description=\"\" data-image-caption=\"\" data-large-file=\"https:\/\/i0.wp.com\/www.freidenker.org\/fw17\/wp-content\/uploads\/2026\/03\/Screenshot-2026-03-12-at-11-23-46-Was-so-bewegt-II-Zitat.png?fit=673%2C510&amp;ssl=1\" class=\"wp-image-24602 size-full\" src=\"https:\/\/i0.wp.com\/www.freidenker.org\/fw17\/wp-content\/uploads\/2026\/03\/Screenshot-2026-03-12-at-11-23-46-Was-so-bewegt-II-Zitat.png?resize=673%2C510&#038;ssl=1\" alt=\"\" width=\"673\" height=\"510\" srcset=\"https:\/\/i0.wp.com\/www.freidenker.org\/fw17\/wp-content\/uploads\/2026\/03\/Screenshot-2026-03-12-at-11-23-46-Was-so-bewegt-II-Zitat.png?w=673&amp;ssl=1 673w, https:\/\/i0.wp.com\/www.freidenker.org\/fw17\/wp-content\/uploads\/2026\/03\/Screenshot-2026-03-12-at-11-23-46-Was-so-bewegt-II-Zitat.png?resize=300%2C227&amp;ssl=1 300w\" sizes=\"auto, (max-width: 673px) 100vw, 673px\" \/><figcaption id=\"caption-attachment-24602\" class=\"wp-caption-text\"><span style=\"font-size: 10pt;\">Screenshot: Thomas Loch<\/span><\/figcaption><\/figure>\n<p>&nbsp;<\/p>\n<p style=\"text-align: right;\"><em>Thomas Loch ist Landesvorsitzender des Deutschen Freidenker-Verbandes Sachsen-Anhalt sowie als Referent f\u00fcr Weltanschauungsfragen Mitglied des Verbandsvorstandes<\/em><\/p>\n<hr \/>\n<p><span style=\"font-size: 10pt;\">Bild oben: Foto: Thomas Loch.<\/span><br \/>\n<span style=\"font-size: 10pt;\">Quelle:<a href=\"https:\/\/www.sachsen-anhalt.freidenker.org\/cms\/?p=1910\" target=\"_blank\" rel=\"noopener\"> https:\/\/www.sachsen-anhalt.freidenker.org\/cms\/?p=1910<\/a><\/span><br \/>\n<span style=\"font-size: 10pt;\">Textbeschriftung intern: &#8222;Nicht alles was hinkt, ist ein Vergleich, aber Vergleiche hinken hinterher&#8220;<\/span><\/p>\n<p>&nbsp;<\/p>\n","protected":false},"excerpt":{"rendered":"<p><b>Beitrag von\u00a0Thomas Loch<\/b><br \/>\nEs ist eine interessante Sache, welche Parallelen sich aufdr\u00e4ngen, wenn zum Beispiel ein Bericht in der Zeitung (MZ-11.03.2022, Seite7) gelesen und Bez\u00fcge zum pandemischen Zeitalter hergestellt werden k\u00f6nnen. Die Menschen sollen eine Wahl haben und w\u00e4hlen zu k\u00f6nnen, wird ihnen als gro\u00dfe Freiheit gepriesen, doch haben Menschen eine Wahl? Und sind sie frei, wenn sie w\u00e4hlen k\u00f6nnen? Oder Freiheit, die Einsicht in die Notwendigkeit, welche sich als objektive Gesetzm\u00e4\u00dfigkeit entpuppt und die F\u00e4higkeit entsprechend der Einsicht, also Erkenntnis, zu handeln? Von letzterem sind wir in diesem Land in der Gegenwart weit entfernt und wie es mit den Wahlm\u00f6glichkeiten aussieht, war sehr gut w\u00e4hrend der Politik der Pandemie zu erkennen.<\/p>\n","protected":false},"author":3,"featured_media":24601,"comment_status":"closed","ping_status":"closed","sticky":false,"template":"","format":"standard","meta":{"colormag_page_container_layout":"default_layout","colormag_page_sidebar_layout":"default_layout","advanced_seo_description":"","jetpack_seo_html_title":"","jetpack_seo_noindex":false,"jetpack_post_was_ever_published":false,"footnotes":""},"categories":[12],"tags":[2205,1256,159,3012,446,1257,1274,124,637,371,2841,1313,123],"class_list":["post-24598","post","type-post","status-publish","format-standard","has-post-thumbnail","hentry","category-demokratie-medien-aufklaerung","tag-berufsverbote","tag-corona-virus","tag-freiheit","tag-goethe","tag-mensch","tag-pandemie","tag-pharmaindustrie","tag-politik","tag-propaganda","tag-religion","tag-virus","tag-wahlen","tag-wissenschaft"],"jetpack_featured_media_url":"https:\/\/i0.wp.com\/www.freidenker.org\/fw17\/wp-content\/uploads\/2026\/03\/Pilz-Vergleich_800x450.jpg?fit=800%2C450&ssl=1","jetpack_shortlink":"https:\/\/wp.me\/p9stpK-6oK","jetpack-related-posts":[{"id":21104,"url":"https:\/\/www.freidenker.org\/?p=21104","url_meta":{"origin":24598,"position":0},"title":"Wer die Wahl hat, hat die Qual, \u2026?","author":"Webredaktion","date":"7. M\u00e4rz 2025","format":false,"excerpt":"Beitrag von Thomas Loch Wer die Wahl hat, hat die Qual, allein schon weil Freiheit nicht in der M\u00f6glichkeit der Wahl steckt, sondern in der bewussten, der Einsicht in die Notwendigkeit geschuldeten, Tat begr\u00fcndet. Das spielt in einer irrationalistischen Denkweise, wie sie heutzutage in der bundesdeutschen Gesellschaft vorrangig anzutreffen, keine\u2026","rel":"","context":"In &quot;Demokratie \u2013 Medien \u2013 Aufkl\u00e4rung&quot;","block_context":{"text":"Demokratie \u2013 Medien \u2013 Aufkl\u00e4rung","link":"https:\/\/www.freidenker.org\/?cat=12"},"img":{"alt_text":"","src":"https:\/\/i0.wp.com\/www.freidenker.org\/fw17\/wp-content\/uploads\/2025\/03\/Zusammenstellung_wahl_loch_800x450.jpg?fit=800%2C450&ssl=1&resize=350%2C200","width":350,"height":200,"srcset":"https:\/\/i0.wp.com\/www.freidenker.org\/fw17\/wp-content\/uploads\/2025\/03\/Zusammenstellung_wahl_loch_800x450.jpg?fit=800%2C450&ssl=1&resize=350%2C200 1x, https:\/\/i0.wp.com\/www.freidenker.org\/fw17\/wp-content\/uploads\/2025\/03\/Zusammenstellung_wahl_loch_800x450.jpg?fit=800%2C450&ssl=1&resize=525%2C300 1.5x, https:\/\/i0.wp.com\/www.freidenker.org\/fw17\/wp-content\/uploads\/2025\/03\/Zusammenstellung_wahl_loch_800x450.jpg?fit=800%2C450&ssl=1&resize=700%2C400 2x"},"classes":[]},{"id":7979,"url":"https:\/\/www.freidenker.org\/?p=7979","url_meta":{"origin":24598,"position":1},"title":"Angst als Triebkraft, nur wohin treibt sie?","author":"Webredaktion","date":"7. Mai 2020","format":false,"excerpt":"Beitrag von Thomas Loch \u201eBedrohlich ist das Volk f\u00fcr die Herrschenden, wenn es ohne Furcht ist.\u201c \u2013Tacitus (r\u00f6mischer Historiker) Angst ist eine Triebkraft, sie wird genutzt um Menschen besser lenken zu k\u00f6nnen, Angst l\u00e4hmt, besonders wenn ihr nicht entgegengewirkt, sondern sie noch verst\u00e4rkt wird. Dieses ist gegenw\u00e4rtig der Fall und\u2026","rel":"","context":"In &quot;Arbeit &amp; Soziales&quot;","block_context":{"text":"Arbeit &amp; Soziales","link":"https:\/\/www.freidenker.org\/?cat=11"},"img":{"alt_text":"","src":"https:\/\/i0.wp.com\/www.freidenker.org\/fw17\/wp-content\/uploads\/2020\/04\/corona_angst_800x450-1.jpg?fit=800%2C450&ssl=1&resize=350%2C200","width":350,"height":200,"srcset":"https:\/\/i0.wp.com\/www.freidenker.org\/fw17\/wp-content\/uploads\/2020\/04\/corona_angst_800x450-1.jpg?fit=800%2C450&ssl=1&resize=350%2C200 1x, https:\/\/i0.wp.com\/www.freidenker.org\/fw17\/wp-content\/uploads\/2020\/04\/corona_angst_800x450-1.jpg?fit=800%2C450&ssl=1&resize=525%2C300 1.5x, https:\/\/i0.wp.com\/www.freidenker.org\/fw17\/wp-content\/uploads\/2020\/04\/corona_angst_800x450-1.jpg?fit=800%2C450&ssl=1&resize=700%2C400 2x"},"classes":[]},{"id":19282,"url":"https:\/\/www.freidenker.org\/?p=19282","url_meta":{"origin":24598,"position":2},"title":"Keine Stimme f\u00fcr den Krieg!","author":"Webredaktion","date":"6. Juni 2024","format":false,"excerpt":"Aufrufe und Stellungnahmen zur EU-Wahl Je n\u00e4her der Wahltermin r\u00fcckt, desto mehr Wahlaufrufe erreichen uns. Unabh\u00e4ngig davon, ob solche Aufrufe hinsichtlich der Wahlentscheidung unmittelbar etwas bewirken, sind diese Stimmen \u00fcber den Wahltag hinaus f\u00fcr den Kampf um Frieden bedeutsam. Wir dokumentieren nachfolgend Aufrufe eines Zusammenschlusses vorwiegend ostdeutscher Gruppen, des Bundesverbandes\u2026","rel":"","context":"In &quot;Demokratie \u2013 Medien \u2013 Aufkl\u00e4rung&quot;","block_context":{"text":"Demokratie \u2013 Medien \u2013 Aufkl\u00e4rung","link":"https:\/\/www.freidenker.org\/?cat=12"},"img":{"alt_text":"","src":"https:\/\/i0.wp.com\/www.freidenker.org\/fw17\/wp-content\/uploads\/2024\/06\/wahl_eu_46871452315_800x450.jpg?fit=800%2C450&ssl=1&resize=350%2C200","width":350,"height":200,"srcset":"https:\/\/i0.wp.com\/www.freidenker.org\/fw17\/wp-content\/uploads\/2024\/06\/wahl_eu_46871452315_800x450.jpg?fit=800%2C450&ssl=1&resize=350%2C200 1x, https:\/\/i0.wp.com\/www.freidenker.org\/fw17\/wp-content\/uploads\/2024\/06\/wahl_eu_46871452315_800x450.jpg?fit=800%2C450&ssl=1&resize=525%2C300 1.5x, https:\/\/i0.wp.com\/www.freidenker.org\/fw17\/wp-content\/uploads\/2024\/06\/wahl_eu_46871452315_800x450.jpg?fit=800%2C450&ssl=1&resize=700%2C400 2x"},"classes":[]},{"id":10447,"url":"https:\/\/www.freidenker.org\/?p=10447","url_meta":{"origin":24598,"position":3},"title":"Pr\u00e4sidentschaftswahlen in Syrien: \u201eWahlen sind ein Recht auf Selbstbestimmung\u201c","author":"Webredaktion","date":"28. Mai 2021","format":false,"excerpt":"Bereits am 20. Mai konnten im Ausland lebende Syrer in den syrischen Botschaften ihre Stimmen f\u00fcr die Pr\u00e4sidentschaftswahlen in Syrien abgeben. Eine Gruppe von acht Staaten \u2013 Deutschland, die USA, Kanada, Gro\u00dfbritannien, die T\u00fcrkei, die Niederlande, Saudi Arabien und Katar \u2013 haben die Wahlen in den dortigen syrischen Botschaften oder\u2026","rel":"","context":"In &quot;Frieden - Antifaschismus - Solidarit\u00e4t&quot;","block_context":{"text":"Frieden - Antifaschismus - Solidarit\u00e4t","link":"https:\/\/www.freidenker.org\/?cat=13"},"img":{"alt_text":"","src":"https:\/\/i0.wp.com\/www.freidenker.org\/fw17\/wp-content\/uploads\/2021\/05\/syrerdemo_2021-05-20_800x450.jpg?fit=800%2C450&ssl=1&resize=350%2C200","width":350,"height":200,"srcset":"https:\/\/i0.wp.com\/www.freidenker.org\/fw17\/wp-content\/uploads\/2021\/05\/syrerdemo_2021-05-20_800x450.jpg?fit=800%2C450&ssl=1&resize=350%2C200 1x, https:\/\/i0.wp.com\/www.freidenker.org\/fw17\/wp-content\/uploads\/2021\/05\/syrerdemo_2021-05-20_800x450.jpg?fit=800%2C450&ssl=1&resize=525%2C300 1.5x, https:\/\/i0.wp.com\/www.freidenker.org\/fw17\/wp-content\/uploads\/2021\/05\/syrerdemo_2021-05-20_800x450.jpg?fit=800%2C450&ssl=1&resize=700%2C400 2x"},"classes":[]},{"id":18884,"url":"https:\/\/www.freidenker.org\/?p=18884","url_meta":{"origin":24598,"position":4},"title":"EU-Wahl 2024: Kein Ruf nach Frieden \u2013 fast alle Parteien sind auf R\u00fcstung und Krieg fixiert (Teil 2)","author":"Webredaktion","date":"29. April 2024","format":false,"excerpt":"Teil 2: \u00a0Die 10. EU-Wahl im Schatten des Krieges Kommentar von\u00a0Wolfgang Effenberger Vom 6. bis zum 9. Juni 2024 (in Deutschland am 9. Juni) w\u00e4hlen die\u00a027 Mitgliedsstaaten der EU ein neues Europ\u00e4isches Parlament. Zum ersten Mal sind auch Jugendliche ab 16 Jahren wahlberechtigt. Daf\u00fcr haben sich die GR\u00dcNEN\u00a0seit zwei Jahren\u2026","rel":"","context":"In &quot;Demokratie \u2013 Medien \u2013 Aufkl\u00e4rung&quot;","block_context":{"text":"Demokratie \u2013 Medien \u2013 Aufkl\u00e4rung","link":"https:\/\/www.freidenker.org\/?cat=12"},"img":{"alt_text":"","src":"https:\/\/i0.wp.com\/www.freidenker.org\/fw17\/wp-content\/uploads\/2024\/04\/Effenberger_EU-Wahl_02_800x450.jpg?fit=800%2C450&ssl=1&resize=350%2C200","width":350,"height":200,"srcset":"https:\/\/i0.wp.com\/www.freidenker.org\/fw17\/wp-content\/uploads\/2024\/04\/Effenberger_EU-Wahl_02_800x450.jpg?fit=800%2C450&ssl=1&resize=350%2C200 1x, https:\/\/i0.wp.com\/www.freidenker.org\/fw17\/wp-content\/uploads\/2024\/04\/Effenberger_EU-Wahl_02_800x450.jpg?fit=800%2C450&ssl=1&resize=525%2C300 1.5x, https:\/\/i0.wp.com\/www.freidenker.org\/fw17\/wp-content\/uploads\/2024\/04\/Effenberger_EU-Wahl_02_800x450.jpg?fit=800%2C450&ssl=1&resize=700%2C400 2x"},"classes":[]},{"id":14644,"url":"https:\/\/www.freidenker.org\/?p=14644","url_meta":{"origin":24598,"position":5},"title":"Blind durch westliche Werte","author":"Webredaktion","date":"13. November 2022","format":false,"excerpt":"Beitrag von R\u00fcdiger Rauls Wahlen dienen in modernen Gesellschaften als Legitimation von Herrschaft. Nicht immer aber bringen sie die Ergebnisse, die der sogenannte Wertewesten sich w\u00fcnscht. Anders als seinerzeit im Kosovo war in den Beitrittsgebieten der Ukraine der Volkswille f\u00fcr den Westen bedeutungslos. Wann aber sind Abstimmungen in seinen Augen\u2026","rel":"","context":"In &quot;Demokratie \u2013 Medien \u2013 Aufkl\u00e4rung&quot;","block_context":{"text":"Demokratie \u2013 Medien \u2013 Aufkl\u00e4rung","link":"https:\/\/www.freidenker.org\/?cat=12"},"img":{"alt_text":"","src":"https:\/\/i0.wp.com\/www.freidenker.org\/fw17\/wp-content\/uploads\/2022\/11\/Abstimmungsbeobachter_Jalta_800x450.jpg?fit=800%2C450&ssl=1&resize=350%2C200","width":350,"height":200,"srcset":"https:\/\/i0.wp.com\/www.freidenker.org\/fw17\/wp-content\/uploads\/2022\/11\/Abstimmungsbeobachter_Jalta_800x450.jpg?fit=800%2C450&ssl=1&resize=350%2C200 1x, https:\/\/i0.wp.com\/www.freidenker.org\/fw17\/wp-content\/uploads\/2022\/11\/Abstimmungsbeobachter_Jalta_800x450.jpg?fit=800%2C450&ssl=1&resize=525%2C300 1.5x, https:\/\/i0.wp.com\/www.freidenker.org\/fw17\/wp-content\/uploads\/2022\/11\/Abstimmungsbeobachter_Jalta_800x450.jpg?fit=800%2C450&ssl=1&resize=700%2C400 2x"},"classes":[]}],"_links":{"self":[{"href":"https:\/\/www.freidenker.org\/index.php?rest_route=\/wp\/v2\/posts\/24598","targetHints":{"allow":["GET"]}}],"collection":[{"href":"https:\/\/www.freidenker.org\/index.php?rest_route=\/wp\/v2\/posts"}],"about":[{"href":"https:\/\/www.freidenker.org\/index.php?rest_route=\/wp\/v2\/types\/post"}],"author":[{"embeddable":true,"href":"https:\/\/www.freidenker.org\/index.php?rest_route=\/wp\/v2\/users\/3"}],"replies":[{"embeddable":true,"href":"https:\/\/www.freidenker.org\/index.php?rest_route=%2Fwp%2Fv2%2Fcomments&post=24598"}],"version-history":[{"count":3,"href":"https:\/\/www.freidenker.org\/index.php?rest_route=\/wp\/v2\/posts\/24598\/revisions"}],"predecessor-version":[{"id":24604,"href":"https:\/\/www.freidenker.org\/index.php?rest_route=\/wp\/v2\/posts\/24598\/revisions\/24604"}],"wp:featuredmedia":[{"embeddable":true,"href":"https:\/\/www.freidenker.org\/index.php?rest_route=\/wp\/v2\/media\/24601"}],"wp:attachment":[{"href":"https:\/\/www.freidenker.org\/index.php?rest_route=%2Fwp%2Fv2%2Fmedia&parent=24598"}],"wp:term":[{"taxonomy":"category","embeddable":true,"href":"https:\/\/www.freidenker.org\/index.php?rest_route=%2Fwp%2Fv2%2Fcategories&post=24598"},{"taxonomy":"post_tag","embeddable":true,"href":"https:\/\/www.freidenker.org\/index.php?rest_route=%2Fwp%2Fv2%2Ftags&post=24598"}],"curies":[{"name":"wp","href":"https:\/\/api.w.org\/{rel}","templated":true}]}}