{"id":24586,"date":"2026-03-12T13:18:20","date_gmt":"2026-03-12T12:18:20","guid":{"rendered":"https:\/\/www.freidenker.org\/?p=24586"},"modified":"2026-04-24T02:15:44","modified_gmt":"2026-04-24T00:15:44","slug":"boykottinitiative-als-falsch-beurteilt-die-selbstentlarvung-der-faktenchecker-erreicht-ein-neues-level","status":"publish","type":"post","link":"https:\/\/www.freidenker.org\/?p=24586","title":{"rendered":"Boykottinitiative als \u201efalsch\u201c beurteilt \u2013 die Selbstentlarvung der \u201eFaktenchecker\u201c erreicht ein neues Level"},"content":{"rendered":"<p><em>von <strong>Sebastian Bahlo<\/strong><\/em><\/p>\n<p>Regelm\u00e4\u00dfig besch\u00e4ftigen wir uns im Deutschen Freidenker-Verband mit dem Ph\u00e4nomen, da\u00df Organisationen, die sich vorgeblich dem \u201eFaktenchecken\u201c \u2013 einer an sich besonders im Social-Media-Zeitalter wichtigen Aufgabe \u2013 verschrieben haben, ihren Daseinszweck weniger darin zu sehen scheinen, die Mediennutzer zuverl\u00e4ssig auf elementar falsche oder nicht belegbare Tatsachenbehauptungen aufmerksam zu machen, sondern sich die Autorit\u00e4t anma\u00dfen, Meinungen und Bewertungen verbindlich als \u201erichtig\u201c oder \u201efalsch\u201c zu beurteilen und damit keineswegs unabh\u00e4ngig, sondern extrem parteiisch agieren.<\/p>\n<p>Ein frappierendes, geradezu kurioses Beispiel f\u00fcr solche Anma\u00dfung liefert am 9. M\u00e4rz das Factchecking-Portal \u201eMimikama\u201c. Autorin Hilde Ollig, die laut Beschreibung auf der Mimikama-Homepage \u201edie Nadel im Heuhaufen\u201c findet \u2013 oder sollte es eher das Haar in der Suppe hei\u00dfen? \u2013 widmet ihren Faktencheck einem aktuellen Social-Media-Kettenbrief, den auch der Autor am 7. M\u00e4rz per Telegram-Messenger erhalten hat:<\/p>\n<p style=\"padding-left: 40px;\">\u201eVom 10.03.26 bis 10.04.26 werden bundesweit alle Tankstellen des Mineral\u00f6lkonzern Shell boykottiert. Das bedeutet: niemand in Deutschland tankt in dieser Zeit bei Shell. Wenn Shell dann die Spritpreise senkt ist der n\u00e4chste Konzern dran. Verbraucher n\u00fctzt Eure Macht! Die Kanadier haben uns das schon mit Erfolg vorgemacht! Bitte leite diese Nachricht an 10 deiner Kontake weiter.\u201c (Schreibung und Zeichensetzung im Original.)<\/p>\n<p>Hintergrund ist nat\u00fcrlich der sprunghafte Anstieg des \u00d6lpreises in direkter kausaler Folge der israelisch-US-amerikanischen Aggression gegen den Iran mit der vorhersehbaren Sperrung der Stra\u00dfe von Hormus durch das angegriffene Land. Die sozialen Medien zur schnellen Verbreitung einer Boykottstrategie zwecks Senkung der Kraftstoffpreise an den Tankstellen zu nutzen, ist eine naheliegende und legitime Idee. Da\u00df der urspr\u00fcngliche Initiator unbekannt ist, ist weder wichtig noch irgendwie verd\u00e4chtig oder unmoralisch; der Erfolg einer solchen Kampagne h\u00e4ngt von der Masse der ebenfalls anonymen Individuen ab, die den Aufruf verbreiten und ihm Folge leisten, unabh\u00e4ngig davon, wer den Einfall, der gewi\u00df nicht allzu originell ist, zuerst hatte.<\/p>\n<p>Man sollte meinen, da\u00df ein derartiger Social-Media-Vorgang, wenigstens in inhaltlicher Hinsicht, \u00fcberhaupt keinen Gegenstand f\u00fcr einen Faktencheck bilden kann, da keine Aussage, sondern eine Aufforderung ge\u00e4u\u00dfert wird, deren Wahrwerdung vom Verhalten der Empf\u00e4nger abh\u00e4ngt, die Kategorie richtig-falsch somit nicht anwendbar ist. Doch Hilde Ollig r\u00fcckt der Logik mit Gewalt zu Leibe, wie wir hier auszugsweise dokumentieren wollen:<\/p>\n<p style=\"padding-left: 40px;\">\u201eDie Behauptung<\/p>\n<p style=\"padding-left: 40px;\">Eine Nachricht in sozialen Netzwerken und Messenger-Diensten behauptet:<\/p>\n<p style=\"padding-left: 40px;\"><em>Vom 10.03.2026 bis 10.04.2026 sollen alle Shell-Tankstellen in Deutschland boykottiert werden. Wenn niemand dort tankt, m\u00fcsse Shell die Preise senken. Als Beleg wird angef\u00fchrt, dass eine \u00e4hnliche Aktion in Kanada bereits erfolgreich gewesen sei. Zugleich fordert die Nachricht dazu auf, sie an zehn Kontakte weiterzuleiten.<\/em><\/p>\n<p style=\"padding-left: 40px;\">Aufgestellt von: Unbekannt\u201c<\/p>\n<p style=\"padding-left: 40px;\">\u201eFaktencheck: Falsch<\/p>\n<p style=\"padding-left: 40px;\">F\u00fcr eine bundesweite Boykottaktion gegen Shell gibt es keine belastbaren Hinweise oder best\u00e4tigten Organisatoren. Die Nachricht entspricht dem typischen Muster eines Kettenbriefs.\u201c<\/p>\n<p style=\"padding-left: 40px;\">\u201e(\u2026)\u00a0Belege f\u00fcr eine tats\u00e4chlich geplante oder koordinierte Aktion gibt es nicht.\u201c<\/p>\n<p>Der letzte Satz macht deutlich, da\u00df die Faktencheckerin das Prinzip einer solchen Social-Media-Kampagne, wo die Verbreitung eben Vorbedingung f\u00fcr das Gelingen der Boykottaktion ist, was kein Geheimnis, sondern allen Beteiligten sonnenklar ist, entweder nicht begreift, oder, was wahrscheinlicher ist, ihre Leser dar\u00fcber zu t\u00e4uschen beabsichtigt. Es ist, wie wenn ein Aufruf zu einer Demonstration lauten w\u00fcrde: \u201eKommt alle, damit wir eine Million werden!\u201c, und ein Faktenchecker w\u00fcrde mangelnde \u201eBelege\u201c monieren daf\u00fcr, da\u00df tats\u00e4chlich eine Million Teilnehmer zu erwarten seien, was den Aufruf nach seinem Urteil dann \u201efalsch\u201c machen w\u00fcrde.<\/p>\n<p>Noch wunderlicher mutet aber Hilde Olligs Feststellung an:<\/p>\n<p style=\"padding-left: 40px;\">\u201eSeri\u00f6se Boykottaktionen werden normalerweise von Organisationen, Initiativen oder Verb\u00e4nden angek\u00fcndigt. Dazu geh\u00f6ren etwa Pressemitteilungen, Kampagnen-Webseiten oder \u00f6ffentliche Ansprechpartner. F\u00fcr den angeblichen Shell-Boykott zwischen dem 10. M\u00e4rz und 10. April 2026 fehlen solche Hinweise vollst\u00e4ndig. In der kursierenden Nachricht wird keine Organisation genannt, die den Boykott koordiniert oder \u00f6ffentlich dazu aufruft.<\/p>\n<p style=\"padding-left: 40px;\">Damit fehlt eine zentrale Voraussetzung f\u00fcr eine reale bundesweite Aktion.\u201c<\/p>\n<p>Nicht nur, da\u00df die Faktencheckerin einen Aufruf als richtig oder falsch bewerten zu k\u00f6nnen glaubt, sie erkl\u00e4rt auch Protestaktionen, die nicht \u201evon Organisationen, Initiativen oder Verb\u00e4nden angek\u00fcndigt\u201c werden, f\u00fcr nicht real.<\/p>\n<p>Nun gut, vermutlich hat sie das Prinzip, das die Existenzgrundlage ihres Arbeitgebers bildet, da\u00df n\u00e4mlich Organisationen benutzt werden, um das Massenbewu\u00dftsein zu formieren, so vollkommen verinnerlicht, da\u00df es ihr schlicht unbegreiflich w\u00e4re, wenn ohne die Leitung einer Organisation eine Idee massenhaften Zuspruch f\u00e4nde. Nur erkl\u00e4rt das nicht, wieso sie \u00fcberhaupt die M\u00fche eines Faktenchecks auf sich nimmt, um die ihrer Meinung nach nicht reale Sache zu \u201ewiderlegen\u201c. Und hierf\u00fcr ist nur ein einziger Grund auszumachen: Sie will den Erfolg der Aktion verhindern, also gerade verhindern, da\u00df die Aktion das wird, wof\u00fcr sie scheinheilig \u201eBelege\u201c vermi\u00dft: real und wirksam.<\/p>\n<p>So ungeschickt hat selten ein Faktenchecker verraten, was seine eigentliche Mission ist: die Herrschenden vor dem Volk zu sch\u00fctzen, koste es, was es wolle, selbst elementare Logik. Man ist geneigt, Mimikama ein sauberes Eigentor in Form des \u201eStreisand-Effekts\u201c zu w\u00fcnschen, wie man es im Social-Media-Jargon nennt, wenn der Versuch der Unterdr\u00fcckung einer Information gerade ihre Verbreitung befeuert.<\/p>\n<p style=\"text-align: right;\"><em>Sebastian Bahlo ist Vorsitzender des Deutschen Freidenker-Verbandes<\/em><\/p>\n<p><strong>Quelle:<\/strong><\/p>\n<p><a href=\"https:\/\/www.mimikama.org\/shell-boykott-2026-kettenbrief-ohne-reale-aktion\/\" target=\"_blank\" rel=\"noopener\">https:\/\/www.mimikama.org\/shell-boykott-2026-kettenbrief-ohne-reale-aktion\/<\/a><\/p>\n<hr \/>\n<p><span style=\"font-size: 10pt;\">Bild oben: Historische Shell-Zapfs\u00e4ule<\/span><br \/>\n<span style=\"font-size: 10pt;\"> Quelle: <a href=\"https:\/\/pixabay.com\/de\/photos\/zapfs%c3%a4ule-tankstellen-benzin-gas-1914310\/\" target=\"_blank\" rel=\"noopener\">pixabay.com<\/a> \/ <a href=\"https:\/\/pixabay.com\/de\/service\/license-summary\/\" target=\"_blank\" rel=\"noopener\">Inhaltslizenz<\/a><\/span><\/p>\n","protected":false},"excerpt":{"rendered":"<p><b>Beitrag von Sebastian Bahlo<\/b><br \/>\nRegelm\u00e4\u00dfig besch\u00e4ftigen wir uns im Deutschen Freidenker-Verband mit dem Ph\u00e4nomen, da\u00df Organisationen, die sich vorgeblich dem \u201eFaktenchecken\u201c \u2013 einer an sich besonders im Social-Media-Zeitalter wichtigen Aufgabe \u2013 verschrieben haben, ihren Daseinszweck weniger darin zu sehen scheinen, die Mediennutzer zuverl\u00e4ssig auf elementar falsche oder nicht belegbare Tatsachenbehauptungen aufmerksam zu machen, sondern sich die Autorit\u00e4t anma\u00dfen, Meinungen und Bewertungen verbindlich als \u201erichtig\u201c oder \u201efalsch\u201c zu beurteilen und damit keineswegs unabh\u00e4ngig, sondern extrem parteiisch agieren. Ein frappierendes, geradezu kurioses Beispiel f\u00fcr solche Anma\u00dfung liefert am 9. M\u00e4rz das Factchecking-Portal \u201eMimikama\u201c. Autorin Hilde Ollig, [&#8230;] widmet ihren Faktencheck einem aktuellen Social-Media-Kettenbrief, &#8230;<\/p>\n","protected":false},"author":3,"featured_media":24590,"comment_status":"closed","ping_status":"closed","sticky":false,"template":"","format":"standard","meta":{"colormag_page_container_layout":"default_layout","colormag_page_sidebar_layout":"default_layout","advanced_seo_description":"","jetpack_seo_html_title":"","jetpack_seo_noindex":false,"jetpack_post_was_ever_published":false,"footnotes":""},"categories":[937],"tags":[3101,1132,2262,1558,2624,3103,2999,2838,3102,812,1569],"class_list":["post-24586","post","type-post","status-publish","format-standard","has-post-thumbnail","hentry","category-zeit-der-verleumder-freidenker-fuer-klartext","tag-bewertung","tag-boykott","tag-fakten","tag-faktencheck","tag-information","tag-massenbewusstsein","tag-meinung","tag-oelpreis","tag-organisationen","tag-protest","tag-social-media"],"jetpack_featured_media_url":"https:\/\/i0.wp.com\/www.freidenker.org\/fw17\/wp-content\/uploads\/2026\/03\/klartext_shell_652234-gas-pump-1914310_800x450.jpg?fit=800%2C450&ssl=1","jetpack_shortlink":"https:\/\/wp.me\/p9stpK-6oy","jetpack-related-posts":[{"id":10,"url":"https:\/\/www.freidenker.org\/?p=10","url_meta":{"origin":24586,"position":0},"title":"Die Friedensbewegung, Blatter und die \u201eTransparenz\u201c","author":"Webmaster","date":"31. Oktober 2015","format":false,"excerpt":"Erkl\u00e4rung von Klaus Hartmann, Vorsitzender des DFV Im Zuge der Diskussionen in der Friedensbewegung kam der Vorschlag, dass sich doch m\u00f6glichst alle demokratischen fortschrittlichen Organisationen an der \u201eInitiative transparente Zivilgesellschaft\u201c beteiligen sollten, also auch der Deutsche Freidenker-Verband. Der Verbandsvorstand der Freidenker hat eine solche Beteiligung nach Diskussion bei seiner Tagung\u2026","rel":"","context":"In &quot;Frieden - Antifaschismus - Solidarit\u00e4t&quot;","block_context":{"text":"Frieden - Antifaschismus - Solidarit\u00e4t","link":"https:\/\/www.freidenker.org\/?cat=13"},"img":{"alt_text":"","src":"https:\/\/i0.wp.com\/www.freidenker.org\/fw17\/wp-content\/uploads\/2016\/05\/peace.jpg?fit=800%2C445&ssl=1&resize=350%2C200","width":350,"height":200,"srcset":"https:\/\/i0.wp.com\/www.freidenker.org\/fw17\/wp-content\/uploads\/2016\/05\/peace.jpg?fit=800%2C445&ssl=1&resize=350%2C200 1x, https:\/\/i0.wp.com\/www.freidenker.org\/fw17\/wp-content\/uploads\/2016\/05\/peace.jpg?fit=800%2C445&ssl=1&resize=525%2C300 1.5x, https:\/\/i0.wp.com\/www.freidenker.org\/fw17\/wp-content\/uploads\/2016\/05\/peace.jpg?fit=800%2C445&ssl=1&resize=700%2C400 2x"},"classes":[]},{"id":9822,"url":"https:\/\/www.freidenker.org\/?p=9822","url_meta":{"origin":24586,"position":1},"title":"HVD tritt aus dem KORSO aus","author":"Webredaktion","date":"31. M\u00e4rz 2021","format":false,"excerpt":"Der Humanistische Verband Deutschlands - 2008 Gr\u00fcndungsmitglied des Koordinierungsrates S\u00e4kularer Organisationen (KORSO) - hat am 27.03.2021 durch Beschluss seines Delegiertenrates auf Antrag des HVD-Bundesvorstandes entschieden, seine Mitgliedschaft im KORSO zu beenden.\u00a0 Wir ver\u00f6ffentlichen hier die Presseerkl\u00e4rungen des HVD und des KORSO zu diesem Schritt sowie eine erste Stellungnahme des Vorsitzenden\u2026","rel":"","context":"In &quot;Religions- &amp; Kirchenkritik, S\u00e4kulare Szene&quot;","block_context":{"text":"Religions- &amp; Kirchenkritik, S\u00e4kulare Szene","link":"https:\/\/www.freidenker.org\/?cat=15"},"img":{"alt_text":"","src":"https:\/\/i0.wp.com\/www.freidenker.org\/fw17\/wp-content\/uploads\/2021\/04\/hvd_korso_3_800x450.jpg?fit=800%2C450&ssl=1&resize=350%2C200","width":350,"height":200,"srcset":"https:\/\/i0.wp.com\/www.freidenker.org\/fw17\/wp-content\/uploads\/2021\/04\/hvd_korso_3_800x450.jpg?fit=800%2C450&ssl=1&resize=350%2C200 1x, https:\/\/i0.wp.com\/www.freidenker.org\/fw17\/wp-content\/uploads\/2021\/04\/hvd_korso_3_800x450.jpg?fit=800%2C450&ssl=1&resize=525%2C300 1.5x, https:\/\/i0.wp.com\/www.freidenker.org\/fw17\/wp-content\/uploads\/2021\/04\/hvd_korso_3_800x450.jpg?fit=800%2C450&ssl=1&resize=700%2C400 2x"},"classes":[]},{"id":281,"url":"https:\/\/www.freidenker.org\/?p=281","url_meta":{"origin":24586,"position":2},"title":"&#8222;West&#8220;- und &#8222;Ost&#8220;-Freidenker \u2013 Gemeinsamkeiten, Unterschiede","author":"Webmaster","date":"5. Dezember 2004","format":false,"excerpt":"Beitrag des Bundesvorsitzenden Klaus Hartmann f\u00fcr eine Brosch\u00fcre der \"Zentralstelle f\u00fcr Weltanschauungsfragen\" der Evangelischen Kirche. Der Titel dieses Beitrags entspricht nicht der freien Wahl des Autors, sondern gehorcht der Vorgabe des Herausgebers. Trotzdem soll er nicht das Folklore-Genre \"Dein Ossi - das unbekannte Wesen\" resp. \"Der Wessi, das bekannte Unwesen\"\u2026","rel":"","context":"In &quot;Geschichte&quot;","block_context":{"text":"Geschichte","link":"https:\/\/www.freidenker.org\/?cat=1162"},"img":{"alt_text":"","src":"https:\/\/i0.wp.com\/www.freidenker.org\/fw17\/wp-content\/uploads\/2016\/07\/Ost_West.jpg?fit=800%2C445&ssl=1&resize=350%2C200","width":350,"height":200,"srcset":"https:\/\/i0.wp.com\/www.freidenker.org\/fw17\/wp-content\/uploads\/2016\/07\/Ost_West.jpg?fit=800%2C445&ssl=1&resize=350%2C200 1x, https:\/\/i0.wp.com\/www.freidenker.org\/fw17\/wp-content\/uploads\/2016\/07\/Ost_West.jpg?fit=800%2C445&ssl=1&resize=525%2C300 1.5x, https:\/\/i0.wp.com\/www.freidenker.org\/fw17\/wp-content\/uploads\/2016\/07\/Ost_West.jpg?fit=800%2C445&ssl=1&resize=700%2C400 2x"},"classes":[]},{"id":11534,"url":"https:\/\/www.freidenker.org\/?p=11534","url_meta":{"origin":24586,"position":3},"title":"Austritt des Deutschen Freidenker-Verbandes aus dem KORSO","author":"Webredaktion","date":"31. Oktober 2021","format":false,"excerpt":"Erkl\u00e4rung des Verbandsvorstandes des Deutschen Freidenker-Verbandes zum Austritt des DFV aus dem KORSO Nach gr\u00fcndlicher Analyse und Er\u00f6rterung der auf der KORSO-Ratsversammlung am 19. September 2021 beschlossenen Ver\u00e4nderungen im bisherigen KORSO hat der Verbandsvorstand des Deutschen Freidenker-Verbandes auf seiner Tagung am 16.\/17. Oktober 2021 den Austritt des DFV aus dem\u2026","rel":"","context":"In &quot;Religions- &amp; Kirchenkritik, S\u00e4kulare Szene&quot;","block_context":{"text":"Religions- &amp; Kirchenkritik, S\u00e4kulare Szene","link":"https:\/\/www.freidenker.org\/?cat=15"},"img":{"alt_text":"","src":"https:\/\/i0.wp.com\/www.freidenker.org\/fw17\/wp-content\/uploads\/2021\/10\/Austritt_DFV_Korso.jpg?fit=800%2C450&ssl=1&resize=350%2C200","width":350,"height":200,"srcset":"https:\/\/i0.wp.com\/www.freidenker.org\/fw17\/wp-content\/uploads\/2021\/10\/Austritt_DFV_Korso.jpg?fit=800%2C450&ssl=1&resize=350%2C200 1x, https:\/\/i0.wp.com\/www.freidenker.org\/fw17\/wp-content\/uploads\/2021\/10\/Austritt_DFV_Korso.jpg?fit=800%2C450&ssl=1&resize=525%2C300 1.5x, https:\/\/i0.wp.com\/www.freidenker.org\/fw17\/wp-content\/uploads\/2021\/10\/Austritt_DFV_Korso.jpg?fit=800%2C450&ssl=1&resize=700%2C400 2x"},"classes":[]},{"id":4646,"url":"https:\/\/www.freidenker.org\/?p=4646","url_meta":{"origin":24586,"position":4},"title":"Offenes Freidenkertreffen vom 16. bis 18.03.2018 im Harz","author":"Webredaktion","date":"27. Februar 2018","format":false,"excerpt":"Die Landesverb\u00e4nde des DFV Niedersachsen und Sachsen-Anhalt laden vom 16. bis 18.03.2018 zu einer gemeinsamen Bildungsveranstaltung in den Harz nach Sankt Andreasberg ein. Diese Veranstaltung ist offen und dient nicht nur der politischen Bildung und dem Meinungsaustausch, sondern auch des gegenseitigen Kennenlernens. Dem Programm entsprechend spielt politische Bildung eine bedeutende\u2026","rel":"","context":"In &quot;Veranstaltungen in den DFV-Landesverb\u00e4nden&quot;","block_context":{"text":"Veranstaltungen in den DFV-Landesverb\u00e4nden","link":"https:\/\/www.freidenker.org\/?cat=19"},"img":{"alt_text":"Nerven, Quelle: https:\/\/pixabay.com\/de\/nerven-zellen-dendriten-sepia-3115722\/","src":"https:\/\/i0.wp.com\/www.freidenker.org\/fw17\/wp-content\/uploads\/2018\/02\/nerves-3115722_800x445_bearbeitet.jpg?fit=800%2C445&ssl=1&resize=350%2C200","width":350,"height":200,"srcset":"https:\/\/i0.wp.com\/www.freidenker.org\/fw17\/wp-content\/uploads\/2018\/02\/nerves-3115722_800x445_bearbeitet.jpg?fit=800%2C445&ssl=1&resize=350%2C200 1x, https:\/\/i0.wp.com\/www.freidenker.org\/fw17\/wp-content\/uploads\/2018\/02\/nerves-3115722_800x445_bearbeitet.jpg?fit=800%2C445&ssl=1&resize=525%2C300 1.5x, https:\/\/i0.wp.com\/www.freidenker.org\/fw17\/wp-content\/uploads\/2018\/02\/nerves-3115722_800x445_bearbeitet.jpg?fit=800%2C445&ssl=1&resize=700%2C400 2x"},"classes":[]},{"id":262,"url":"https:\/\/www.freidenker.org\/?p=262","url_meta":{"origin":24586,"position":5},"title":"Trennung von Staat und Kirche","author":"Webmaster","date":"25. Januar 1999","format":false,"excerpt":"Beschlu\u00df des DFV-Verbandsvorstandes, Erfurt, 24. Januar 1999 Der Verbandsvorstand ruft alle Gliederungen des Deutschen Freidenker-Verbandes auf, mit vielf\u00e4ltigen Aktionen und Initiativen das zentrale Anliegen des Verbandes in die \u00d6ffentlichkeit zu tragen. Die Aktion verfolgt das Ziel, den Forderungen nach Trennung von Staat und Kirche mehr Resonanz zu verschaffen und damit\u2026","rel":"","context":"In &quot;Religions- &amp; Kirchenkritik, S\u00e4kulare Szene&quot;","block_context":{"text":"Religions- &amp; Kirchenkritik, S\u00e4kulare Szene","link":"https:\/\/www.freidenker.org\/?cat=15"},"img":{"alt_text":"","src":"https:\/\/i0.wp.com\/www.freidenker.org\/fw17\/wp-content\/uploads\/2016\/07\/kirche_Ruine.jpg?fit=800%2C445&ssl=1&resize=350%2C200","width":350,"height":200,"srcset":"https:\/\/i0.wp.com\/www.freidenker.org\/fw17\/wp-content\/uploads\/2016\/07\/kirche_Ruine.jpg?fit=800%2C445&ssl=1&resize=350%2C200 1x, https:\/\/i0.wp.com\/www.freidenker.org\/fw17\/wp-content\/uploads\/2016\/07\/kirche_Ruine.jpg?fit=800%2C445&ssl=1&resize=525%2C300 1.5x, https:\/\/i0.wp.com\/www.freidenker.org\/fw17\/wp-content\/uploads\/2016\/07\/kirche_Ruine.jpg?fit=800%2C445&ssl=1&resize=700%2C400 2x"},"classes":[]}],"_links":{"self":[{"href":"https:\/\/www.freidenker.org\/index.php?rest_route=\/wp\/v2\/posts\/24586","targetHints":{"allow":["GET"]}}],"collection":[{"href":"https:\/\/www.freidenker.org\/index.php?rest_route=\/wp\/v2\/posts"}],"about":[{"href":"https:\/\/www.freidenker.org\/index.php?rest_route=\/wp\/v2\/types\/post"}],"author":[{"embeddable":true,"href":"https:\/\/www.freidenker.org\/index.php?rest_route=\/wp\/v2\/users\/3"}],"replies":[{"embeddable":true,"href":"https:\/\/www.freidenker.org\/index.php?rest_route=%2Fwp%2Fv2%2Fcomments&post=24586"}],"version-history":[{"count":3,"href":"https:\/\/www.freidenker.org\/index.php?rest_route=\/wp\/v2\/posts\/24586\/revisions"}],"predecessor-version":[{"id":24591,"href":"https:\/\/www.freidenker.org\/index.php?rest_route=\/wp\/v2\/posts\/24586\/revisions\/24591"}],"wp:featuredmedia":[{"embeddable":true,"href":"https:\/\/www.freidenker.org\/index.php?rest_route=\/wp\/v2\/media\/24590"}],"wp:attachment":[{"href":"https:\/\/www.freidenker.org\/index.php?rest_route=%2Fwp%2Fv2%2Fmedia&parent=24586"}],"wp:term":[{"taxonomy":"category","embeddable":true,"href":"https:\/\/www.freidenker.org\/index.php?rest_route=%2Fwp%2Fv2%2Fcategories&post=24586"},{"taxonomy":"post_tag","embeddable":true,"href":"https:\/\/www.freidenker.org\/index.php?rest_route=%2Fwp%2Fv2%2Ftags&post=24586"}],"curies":[{"name":"wp","href":"https:\/\/api.w.org\/{rel}","templated":true}]}}