{"id":24581,"date":"2026-03-11T23:55:26","date_gmt":"2026-03-11T22:55:26","guid":{"rendered":"https:\/\/www.freidenker.org\/?p=24581"},"modified":"2026-03-30T03:19:48","modified_gmt":"2026-03-30T01:19:48","slug":"eisbrenners-kulturcamp-vom-28-29-03-2026","status":"publish","type":"post","link":"https:\/\/www.freidenker.org\/?p=24581","title":{"rendered":"Eisbrenners Kulturcamp vom 28.-29.03.2026"},"content":{"rendered":"<p><span style=\"font-size: 14pt;\">Wei\u00dft Du noch?<\/span> Es gab Zeiten, da haben wir mit dem Anbrechen des Fr\u00fchjahrs Bl\u00fctenknospen, w\u00e4rmende Sonnenstrahlen, das kr\u00e4ftiger werdende Gr\u00fcn der Felder und Wiesen bewundert, den Grill aus dem Winterschlaf geholt und die Fahrr\u00e4der f\u00fcr den ersten T\u00f6rn klar gemacht.<\/p>\n<h5><span style=\"color: #ff0000;\"><strong>Was waren das f\u00fcr <em>friedliche<\/em> Zeiten!<\/strong><\/span><\/h5>\n<p>Heute sind Begriffe wie Fr\u00fchjahrsoffensive, Genozid, Pr\u00e4sidentenraub, V\u00f6lkermord, Milliarden f\u00fcr Aufr\u00fcstung, \u00d6lblockade, Sanktionen gegen friedliebende V\u00f6lker &#8230; allt\u00e4gliches Medienvokabular!<\/p>\n<p>Lasst uns nicht in diesem semantischen Strudel gefangen sein, lasst uns vielmehr kulturvolles Denken, kulturvollen Umgang, menschliches Handeln behalten und st\u00e4rken.<\/p>\n<p>Lasst uns auch UNS st\u00e4rken indem wir uns treffen, austauschen, lauschen und lernen, besinnen, karibisches Flair von der B\u00fchne, aus Bar und K\u00fcche genie\u00dfen &#8230; kommt zu Tino Eisbrenners 2. Kulturcamp<\/p>\n<h3><em><span style=\"color: #ff0000;\"><strong>&#8218;LaTINOamerika&#8216;<\/strong><\/span><\/em><\/h3>\n<p><img data-recalc-dims=\"1\" loading=\"lazy\" decoding=\"async\" data-attachment-id=\"24582\" data-permalink=\"https:\/\/www.freidenker.org\/?attachment_id=24582\" data-orig-file=\"https:\/\/i0.wp.com\/www.freidenker.org\/fw17\/wp-content\/uploads\/2026\/03\/Eisbrenner-2.-Anzeige.jpg?fit=2122%2C2234&amp;ssl=1\" data-orig-size=\"2122,2234\" data-comments-opened=\"0\" data-image-meta=\"{&quot;aperture&quot;:&quot;0&quot;,&quot;credit&quot;:&quot;&quot;,&quot;camera&quot;:&quot;&quot;,&quot;caption&quot;:&quot;&quot;,&quot;created_timestamp&quot;:&quot;0&quot;,&quot;copyright&quot;:&quot;&quot;,&quot;focal_length&quot;:&quot;0&quot;,&quot;iso&quot;:&quot;0&quot;,&quot;shutter_speed&quot;:&quot;0&quot;,&quot;title&quot;:&quot;&quot;,&quot;orientation&quot;:&quot;0&quot;}\" data-image-title=\"Eisbrenner 2. Anzeige\" data-image-description=\"\" data-image-caption=\"\" data-large-file=\"https:\/\/i0.wp.com\/www.freidenker.org\/fw17\/wp-content\/uploads\/2026\/03\/Eisbrenner-2.-Anzeige.jpg?fit=800%2C842&amp;ssl=1\" class=\"alignnone wp-image-24582 size-large\" src=\"https:\/\/i0.wp.com\/www.freidenker.org\/fw17\/wp-content\/uploads\/2026\/03\/Eisbrenner-2.-Anzeige.jpg?resize=800%2C842&#038;ssl=1\" alt=\"\" width=\"800\" height=\"842\" srcset=\"https:\/\/i0.wp.com\/www.freidenker.org\/fw17\/wp-content\/uploads\/2026\/03\/Eisbrenner-2.-Anzeige.jpg?resize=973%2C1024&amp;ssl=1 973w, https:\/\/i0.wp.com\/www.freidenker.org\/fw17\/wp-content\/uploads\/2026\/03\/Eisbrenner-2.-Anzeige.jpg?resize=285%2C300&amp;ssl=1 285w, https:\/\/i0.wp.com\/www.freidenker.org\/fw17\/wp-content\/uploads\/2026\/03\/Eisbrenner-2.-Anzeige.jpg?resize=768%2C809&amp;ssl=1 768w, https:\/\/i0.wp.com\/www.freidenker.org\/fw17\/wp-content\/uploads\/2026\/03\/Eisbrenner-2.-Anzeige.jpg?resize=1459%2C1536&amp;ssl=1 1459w, https:\/\/i0.wp.com\/www.freidenker.org\/fw17\/wp-content\/uploads\/2026\/03\/Eisbrenner-2.-Anzeige.jpg?resize=1945%2C2048&amp;ssl=1 1945w, https:\/\/i0.wp.com\/www.freidenker.org\/fw17\/wp-content\/uploads\/2026\/03\/Eisbrenner-2.-Anzeige.jpg?w=1600&amp;ssl=1 1600w\" sizes=\"auto, (max-width: 800px) 100vw, 800px\" \/><\/p>\n<p>Mit einer \u00dcbernachtung ab 49 \u20ac (in unserem Hostel) bzw. 70 \u20ac im Hotel Doppelzimmer pro Person, (immer inkl. Fr\u00fchst\u00fcck!) lasst uns auf andere, bessere, friedliche Gedanken kommen.<\/p>\n<blockquote><p>\u201eSolidarit\u00e4t ist die Z\u00e4rtlichkeit der V\u00f6lker\u201c<br \/>\n(\u201eYo te dec\u00eda que la solidaridad es la ternura de los pueblos\u201c)<br \/>\nGioconda Belli, Nicaraguanische Schriftstellerin<\/p><\/blockquote>\n<p>Wir freuen uns auf Deine Anmeldung und Deinen Besuch!<\/p>\n<p><span style=\"font-family: 'comic sans ms', sans-serif; font-size: 14pt;\">Tino Eisbrenner, Henry &amp; Andrea Marek<\/span><br \/>\n_________________________________________________<br \/>\nFerienpark Retgendorf<br \/>\nHenry Marek<br \/>\n-Inh. u. GF-<br \/>\nKiefernweg 1<br \/>\n19067 Dobin am See OT Retgendorf<br \/>\nTel. +4938664603-0 Fax: +4938664603-22 mobil: +491717752758<br \/>\nE-Mail: henrymarek@gmail.com<br \/>\nInternet: ferienpark-retgendorf.de<\/p>\n<p><strong><img loading=\"lazy\" decoding=\"async\" data-attachment-id=\"13977\" data-permalink=\"https:\/\/www.freidenker.org\/?attachment_id=13977\" data-orig-file=\"https:\/\/i0.wp.com\/www.freidenker.org\/fw17\/wp-content\/uploads\/2022\/08\/External_Link_24px.jpg?fit=24%2C24&amp;ssl=1\" data-orig-size=\"24,24\" data-comments-opened=\"0\" data-image-meta=\"{&quot;aperture&quot;:&quot;0&quot;,&quot;credit&quot;:&quot;&quot;,&quot;camera&quot;:&quot;&quot;,&quot;caption&quot;:&quot;&quot;,&quot;created_timestamp&quot;:&quot;0&quot;,&quot;copyright&quot;:&quot;&quot;,&quot;focal_length&quot;:&quot;0&quot;,&quot;iso&quot;:&quot;0&quot;,&quot;shutter_speed&quot;:&quot;0&quot;,&quot;title&quot;:&quot;&quot;,&quot;orientation&quot;:&quot;1&quot;}\" data-image-title=\"External_Link_24px icon\" data-image-description=\"\" data-image-caption=\"\" data-large-file=\"https:\/\/i0.wp.com\/www.freidenker.org\/fw17\/wp-content\/uploads\/2022\/08\/External_Link_24px.jpg?fit=24%2C24&amp;ssl=1\" class=\"alignnone size-full wp-image-13977\" src=\"https:\/\/i0.wp.com\/www.freidenker.org\/fw17\/wp-content\/uploads\/2022\/08\/External_Link_24px.jpg?resize=24%2C24&amp;ssl=1\" alt=\"\" width=\"24\" height=\"24\" data-recalc-dims=\"1\" data-attachment-id=\"13977\" data-permalink=\"https:\/\/www.freidenker.org\/?attachment_id=13977\" data-orig-file=\"https:\/\/i0.wp.com\/www.freidenker.org\/fw17\/wp-content\/uploads\/2022\/08\/External_Link_24px.jpg?fit=24%2C24&amp;ssl=1\" data-orig-size=\"24,24\" data-comments-opened=\"0\" data-image-meta=\"{&quot;aperture&quot;:&quot;0&quot;,&quot;credit&quot;:&quot;&quot;,&quot;camera&quot;:&quot;&quot;,&quot;caption&quot;:&quot;&quot;,&quot;created_timestamp&quot;:&quot;0&quot;,&quot;copyright&quot;:&quot;&quot;,&quot;focal_length&quot;:&quot;0&quot;,&quot;iso&quot;:&quot;0&quot;,&quot;shutter_speed&quot;:&quot;0&quot;,&quot;title&quot;:&quot;&quot;,&quot;orientation&quot;:&quot;1&quot;}\" data-image-title=\"External_Link_24px icon\" data-image-description=\"\" data-image-caption=\"\" data-medium-file=\"https:\/\/i0.wp.com\/www.freidenker.org\/fw17\/wp-content\/uploads\/2022\/08\/External_Link_24px.jpg?fit=24%2C24&amp;ssl=1\" data-large-file=\"https:\/\/i0.wp.com\/www.freidenker.org\/fw17\/wp-content\/uploads\/2022\/08\/External_Link_24px.jpg?fit=24%2C24&amp;ssl=1\" \/>\u00a0<a href=\"https:\/\/www.ferienpark-retgendorf.de\/arrangements\/arrangements\/eisbrenners-kulturcamp\/\" target=\"_blank\" rel=\"noopener\">Weitere Informationen<\/a>\u00a0<\/strong><\/p>\n<hr \/>\n<p><span style=\"font-size: 10pt;\">Bild oben: Veranstaltungsplakat und Foto von Tino Eisbrenner\u00a0<\/span><\/p>\n","protected":false},"excerpt":{"rendered":"<p><b>Veranstaltungshinweis<\/b><br \/>\nWei\u00dft Du noch? Es gab Zeiten, da haben wir mit dem Anbrechen\u00a0des\u00a0Fr\u00fchjahrs Bl\u00fctenknospen, w\u00e4rmende Sonnenstrahlen, das kr\u00e4ftiger werdende\u00a0Gr\u00fcn der Felder und Wiesen bewundert, den Grill aus dem Winterschlaf geholt und die Fahrr\u00e4der f\u00fcr den ersten T\u00f6rn klar gemacht. Was waren das f\u00fcr friedliche Zeiten!<br \/>\nHeute sind Begriffe wie Fr\u00fchjahrsoffensive, Genozid, Pr\u00e4sidentenraub, V\u00f6lkermord, Milliarden f\u00fcr Aufr\u00fcstung, \u00d6lblockade, Sanktionen gegen friedliebende V\u00f6lker &#8230; allt\u00e4gliches Medienvokabular! Lasst uns nicht in diesem semantischen Strudel gefangen sein, lasst uns vielmehr kulturvolles\u00a0Denken, kulturvollen\u00a0Umgang, menschliches Handeln behalten und st\u00e4rken.<\/p>\n","protected":false},"author":3,"featured_media":24584,"comment_status":"closed","ping_status":"closed","sticky":false,"template":"","format":"standard","meta":{"colormag_page_container_layout":"default_layout","colormag_page_sidebar_layout":"default_layout","advanced_seo_description":"","jetpack_seo_html_title":"","jetpack_seo_noindex":false,"jetpack_post_was_ever_published":false,"footnotes":""},"categories":[20],"tags":[1589,668,397,939,2933,825,719,1779,344,1050,1931],"class_list":["post-24581","post","type-post","status-publish","format-standard","has-post-thumbnail","hentry","category-zentrale-veranstaltungen","tag-genozid","tag-kultur","tag-lateinamerika","tag-musik","tag-politische-kultur","tag-politisches-lied","tag-sanktionen","tag-schwerin","tag-solidaritaet","tag-veranstaltung","tag-voelkermord"],"jetpack_featured_media_url":"https:\/\/i0.wp.com\/www.freidenker.org\/fw17\/wp-content\/uploads\/2026\/03\/Eisbrenner_Kulturcamp_1600x900.jpg?fit=1600%2C900&ssl=1","jetpack_shortlink":"https:\/\/wp.me\/p9stpK-6ot","jetpack-related-posts":[{"id":7362,"url":"https:\/\/www.freidenker.org\/?p=7362","url_meta":{"origin":24581,"position":0},"title":"Das Prinzip Telepolis","author":"Webredaktion","date":"4. Januar 2020","format":false,"excerpt":"Beitrag von Anneliese Fikentscher und Andreas Neumann Es ist zum Staunen. Wir lesen: \"Israelkritik kann Antisemitismus sein\". Oder: \"Nobelpreis f\u00fcr einen 'Genozid-Leugner'\". Es sind die \u00dcberschriften von zwei Artikeln. Im ersten Fall geht es um die Verabschiedung eines Resolutionsentwurfs in der franz\u00f6sischen Nationalversammlung, der die IRHA-Antisemitismus-Definition zum Ma\u00df aller Dinge\u2026","rel":"","context":"In &quot;Demokratie \u2013 Medien \u2013 Aufkl\u00e4rung&quot;","block_context":{"text":"Demokratie \u2013 Medien \u2013 Aufkl\u00e4rung","link":"https:\/\/www.freidenker.org\/?cat=12"},"img":{"alt_text":"","src":"https:\/\/i0.wp.com\/www.freidenker.org\/fw17\/wp-content\/uploads\/2020\/01\/smartphone-3139219_800x445.jpg?fit=800%2C445&ssl=1&resize=350%2C200","width":350,"height":200,"srcset":"https:\/\/i0.wp.com\/www.freidenker.org\/fw17\/wp-content\/uploads\/2020\/01\/smartphone-3139219_800x445.jpg?fit=800%2C445&ssl=1&resize=350%2C200 1x, https:\/\/i0.wp.com\/www.freidenker.org\/fw17\/wp-content\/uploads\/2020\/01\/smartphone-3139219_800x445.jpg?fit=800%2C445&ssl=1&resize=525%2C300 1.5x, https:\/\/i0.wp.com\/www.freidenker.org\/fw17\/wp-content\/uploads\/2020\/01\/smartphone-3139219_800x445.jpg?fit=800%2C445&ssl=1&resize=700%2C400 2x"},"classes":[]},{"id":18333,"url":"https:\/\/www.freidenker.org\/?p=18333","url_meta":{"origin":24581,"position":1},"title":"Friedenstaub &#8211; I. Nationales Denkfest der Aktiven","author":"Webredaktion","date":"25. Februar 2024","format":false,"excerpt":"Friedensgesellschaft Musik statt Krieg e.V. (Tino Eisbrenner) und Schweriner Friedensb\u00fcndnis (Henry & Andrea Marek) laden ein zu Friedenstaub - I. Nationales Denkfest der Aktiven vom 22.-24. M\u00e4rz 2024 in den Ferienpark Retgendorf (bei Schwerin). Wir leben in bewegten Zeiten und setzen uns ein. Gegen Waffenhandel, Geschichtsf\u00e4lschung, politische Verdummung, Ausgrenzung\u2026 f\u00fcr\u2026","rel":"","context":"In &quot;Frieden - Antifaschismus - Solidarit\u00e4t&quot;","block_context":{"text":"Frieden - Antifaschismus - Solidarit\u00e4t","link":"https:\/\/www.freidenker.org\/?cat=13"},"img":{"alt_text":"","src":"https:\/\/i0.wp.com\/www.freidenker.org\/fw17\/wp-content\/uploads\/2024\/02\/Friedenstaub_Denkfest_800x450.jpg?fit=800%2C450&ssl=1&resize=350%2C200","width":350,"height":200,"srcset":"https:\/\/i0.wp.com\/www.freidenker.org\/fw17\/wp-content\/uploads\/2024\/02\/Friedenstaub_Denkfest_800x450.jpg?fit=800%2C450&ssl=1&resize=350%2C200 1x, https:\/\/i0.wp.com\/www.freidenker.org\/fw17\/wp-content\/uploads\/2024\/02\/Friedenstaub_Denkfest_800x450.jpg?fit=800%2C450&ssl=1&resize=525%2C300 1.5x, https:\/\/i0.wp.com\/www.freidenker.org\/fw17\/wp-content\/uploads\/2024\/02\/Friedenstaub_Denkfest_800x450.jpg?fit=800%2C450&ssl=1&resize=700%2C400 2x"},"classes":[]},{"id":22086,"url":"https:\/\/www.freidenker.org\/?p=22086","url_meta":{"origin":24581,"position":2},"title":"Pal\u00e4stina Tribunal &#038; Bundesweite Demo","author":"Webredaktion","date":"6. Juni 2025","format":false,"excerpt":"WIR KLAGEN AN!!! Wann und wo: 28.06.2025; 13:00 Uhr Pauluskirche Duisburg-Hochfeld (Demo); 16:00 Uhr K\u00f6nig-Heinrich-Platz Duisburg-Mitte (Tribunal) Israel begeht seit mehr als anderthalb Jahren einen V\u00f6lkermord im Gazastreifen. Deutschland unterst\u00fctzt dabei mit allen Mitteln: durch Waffenlieferungen und politisch. Daf\u00fcr steht Deutschland unter Anklage vor dem IGH. Aber die BRD geht\u2026","rel":"","context":"In &quot;Frieden - Antifaschismus - Solidarit\u00e4t&quot;","block_context":{"text":"Frieden - Antifaschismus - Solidarit\u00e4t","link":"https:\/\/www.freidenker.org\/?cat=13"},"img":{"alt_text":"","src":"https:\/\/i0.wp.com\/www.freidenker.org\/fw17\/wp-content\/uploads\/2025\/06\/Einladung-Freiheit-fuer-Palaestina-28.6.2025_800x450.jpg?fit=800%2C450&ssl=1&resize=350%2C200","width":350,"height":200,"srcset":"https:\/\/i0.wp.com\/www.freidenker.org\/fw17\/wp-content\/uploads\/2025\/06\/Einladung-Freiheit-fuer-Palaestina-28.6.2025_800x450.jpg?fit=800%2C450&ssl=1&resize=350%2C200 1x, https:\/\/i0.wp.com\/www.freidenker.org\/fw17\/wp-content\/uploads\/2025\/06\/Einladung-Freiheit-fuer-Palaestina-28.6.2025_800x450.jpg?fit=800%2C450&ssl=1&resize=525%2C300 1.5x, https:\/\/i0.wp.com\/www.freidenker.org\/fw17\/wp-content\/uploads\/2025\/06\/Einladung-Freiheit-fuer-Palaestina-28.6.2025_800x450.jpg?fit=800%2C450&ssl=1&resize=700%2C400 2x"},"classes":[]},{"id":14099,"url":"https:\/\/www.freidenker.org\/?p=14099","url_meta":{"origin":24581,"position":3},"title":"Ein kleiner Krieg","author":"Webredaktion","date":"3. September 2022","format":false,"excerpt":"Gedicht von Lucie Sponheimer Raketen, Waffen aller Art \/ Fordert die Ukraine nun in einem fort \/ Damit, ist uns allen klar, \/ Beteiligen auch wir uns an dem Russenmord. Doch unsre Regierung findet nichts dabei \/ Sie will halt Russland ruinieren \/ Und stimmt mit ein, in\u2018s Kriegsgeschrei. Ein\u2026","rel":"","context":"In &quot;Frieden - Antifaschismus - Solidarit\u00e4t&quot;","block_context":{"text":"Frieden - Antifaschismus - Solidarit\u00e4t","link":"https:\/\/www.freidenker.org\/?cat=13"},"img":{"alt_text":"","src":"https:\/\/i0.wp.com\/www.freidenker.org\/fw17\/wp-content\/uploads\/2022\/09\/EU_officials_visited_Bucha_800x450.jpg?fit=800%2C450&ssl=1&resize=350%2C200","width":350,"height":200,"srcset":"https:\/\/i0.wp.com\/www.freidenker.org\/fw17\/wp-content\/uploads\/2022\/09\/EU_officials_visited_Bucha_800x450.jpg?fit=800%2C450&ssl=1&resize=350%2C200 1x, https:\/\/i0.wp.com\/www.freidenker.org\/fw17\/wp-content\/uploads\/2022\/09\/EU_officials_visited_Bucha_800x450.jpg?fit=800%2C450&ssl=1&resize=525%2C300 1.5x, https:\/\/i0.wp.com\/www.freidenker.org\/fw17\/wp-content\/uploads\/2022\/09\/EU_officials_visited_Bucha_800x450.jpg?fit=800%2C450&ssl=1&resize=700%2C400 2x"},"classes":[]},{"id":13991,"url":"https:\/\/www.freidenker.org\/?p=13991","url_meta":{"origin":24581,"position":4},"title":"Demo am 28.08. in Dessau: Schluss mit den Sanktionen, denn sie schaden uns selbst!","author":"Webredaktion","date":"18. August 2022","format":false,"excerpt":"Kundgebung Handwerker f\u00fcr den Frieden am Sonntag, den 28.08.2022 um 11 Uhr auf dem Marktplatz in Dessau Au\u00dfer den Wohlhabenden und den kriegsgeilen Wichtigtuern in der Politik gibt es ernsthaft wohl nur wenige Menschen hierzulande, die sich vorstellen k\u00f6nnen f\u00fcr den Krieg der NATO in der Ukraine hungern oder bis\u2026","rel":"","context":"In &quot;Frieden - Antifaschismus - Solidarit\u00e4t&quot;","block_context":{"text":"Frieden - Antifaschismus - Solidarit\u00e4t","link":"https:\/\/www.freidenker.org\/?cat=13"},"img":{"alt_text":"","src":"https:\/\/i0.wp.com\/www.freidenker.org\/fw17\/wp-content\/uploads\/2022\/08\/Friedensglocke_9_800x450.jpg?fit=800%2C450&ssl=1&resize=350%2C200","width":350,"height":200,"srcset":"https:\/\/i0.wp.com\/www.freidenker.org\/fw17\/wp-content\/uploads\/2022\/08\/Friedensglocke_9_800x450.jpg?fit=800%2C450&ssl=1&resize=350%2C200 1x, https:\/\/i0.wp.com\/www.freidenker.org\/fw17\/wp-content\/uploads\/2022\/08\/Friedensglocke_9_800x450.jpg?fit=800%2C450&ssl=1&resize=525%2C300 1.5x, https:\/\/i0.wp.com\/www.freidenker.org\/fw17\/wp-content\/uploads\/2022\/08\/Friedensglocke_9_800x450.jpg?fit=800%2C450&ssl=1&resize=700%2C400 2x"},"classes":[]},{"id":22549,"url":"https:\/\/www.freidenker.org\/?p=22549","url_meta":{"origin":24581,"position":5},"title":"Keine Sorge \u2013 wir k\u00f6nnen Hilfe f\u00fcr Gaza verz\u00f6gern, bis alle tot sind.","author":"Webredaktion","date":"6. August 2025","format":false,"excerpt":"Beitrag von Rainer Rupp Uns wird vorgespielt, als h\u00e4tte sich was ver\u00e4ndert, als wollten die westlichen Unterst\u00fctzer des zionistischen Massenmords in Gaza dort tats\u00e4chlich die Menschen retten. Doch das sind nur Placebos f\u00fcr die aufgew\u00fchlten Seelen im Westen. F\u00fcr Gaza ist das alles viel zu wenig und viel zu sp\u00e4t;\u2026","rel":"","context":"In &quot;Demokratie \u2013 Medien \u2013 Aufkl\u00e4rung&quot;","block_context":{"text":"Demokratie \u2013 Medien \u2013 Aufkl\u00e4rung","link":"https:\/\/www.freidenker.org\/?cat=12"},"img":{"alt_text":"","src":"https:\/\/i0.wp.com\/www.freidenker.org\/fw17\/wp-content\/uploads\/2025\/08\/U_S_Air_Force_airdrops_humanitarian_aid_for_Gaza_from_C-17_8314510_800x450.jpg?fit=800%2C450&ssl=1&resize=350%2C200","width":350,"height":200,"srcset":"https:\/\/i0.wp.com\/www.freidenker.org\/fw17\/wp-content\/uploads\/2025\/08\/U_S_Air_Force_airdrops_humanitarian_aid_for_Gaza_from_C-17_8314510_800x450.jpg?fit=800%2C450&ssl=1&resize=350%2C200 1x, https:\/\/i0.wp.com\/www.freidenker.org\/fw17\/wp-content\/uploads\/2025\/08\/U_S_Air_Force_airdrops_humanitarian_aid_for_Gaza_from_C-17_8314510_800x450.jpg?fit=800%2C450&ssl=1&resize=525%2C300 1.5x, https:\/\/i0.wp.com\/www.freidenker.org\/fw17\/wp-content\/uploads\/2025\/08\/U_S_Air_Force_airdrops_humanitarian_aid_for_Gaza_from_C-17_8314510_800x450.jpg?fit=800%2C450&ssl=1&resize=700%2C400 2x"},"classes":[]}],"_links":{"self":[{"href":"https:\/\/www.freidenker.org\/index.php?rest_route=\/wp\/v2\/posts\/24581","targetHints":{"allow":["GET"]}}],"collection":[{"href":"https:\/\/www.freidenker.org\/index.php?rest_route=\/wp\/v2\/posts"}],"about":[{"href":"https:\/\/www.freidenker.org\/index.php?rest_route=\/wp\/v2\/types\/post"}],"author":[{"embeddable":true,"href":"https:\/\/www.freidenker.org\/index.php?rest_route=\/wp\/v2\/users\/3"}],"replies":[{"embeddable":true,"href":"https:\/\/www.freidenker.org\/index.php?rest_route=%2Fwp%2Fv2%2Fcomments&post=24581"}],"version-history":[{"count":7,"href":"https:\/\/www.freidenker.org\/index.php?rest_route=\/wp\/v2\/posts\/24581\/revisions"}],"predecessor-version":[{"id":24596,"href":"https:\/\/www.freidenker.org\/index.php?rest_route=\/wp\/v2\/posts\/24581\/revisions\/24596"}],"wp:featuredmedia":[{"embeddable":true,"href":"https:\/\/www.freidenker.org\/index.php?rest_route=\/wp\/v2\/media\/24584"}],"wp:attachment":[{"href":"https:\/\/www.freidenker.org\/index.php?rest_route=%2Fwp%2Fv2%2Fmedia&parent=24581"}],"wp:term":[{"taxonomy":"category","embeddable":true,"href":"https:\/\/www.freidenker.org\/index.php?rest_route=%2Fwp%2Fv2%2Fcategories&post=24581"},{"taxonomy":"post_tag","embeddable":true,"href":"https:\/\/www.freidenker.org\/index.php?rest_route=%2Fwp%2Fv2%2Ftags&post=24581"}],"curies":[{"name":"wp","href":"https:\/\/api.w.org\/{rel}","templated":true}]}}