{"id":24559,"date":"2026-03-09T22:29:22","date_gmt":"2026-03-09T21:29:22","guid":{"rendered":"https:\/\/www.freidenker.org\/?p=24559"},"modified":"2026-04-24T02:15:07","modified_gmt":"2026-04-24T00:15:07","slug":"trump-zerstoert-iran-da-will-merz-wenigstens-das-voelkerrecht-zerstoeren","status":"publish","type":"post","link":"https:\/\/www.freidenker.org\/?p=24559","title":{"rendered":"Trump zerst\u00f6rt Iran \u2013 Da will Merz wenigstens das V\u00f6lkerrecht zerst\u00f6ren"},"content":{"rendered":"<p><strong>Bei Merz hat man immer das Gef\u00fchl, es gen\u00fcgt ihm nicht, \u00fcber den St\u00fctzpunkt Ramstein bei jeder US-Schweinerei irgendwie mit dabeigewesen zu sein. Ihm reicht auch die v\u00f6llige Gleichg\u00fcltigkeit nicht, die deutsche Medien gegen\u00fcber dem Iran beweisen. Er will eine Welt ohne Recht. <\/strong><\/p>\n<p><em>Von <strong>Dagmar Henn<\/strong><\/em><\/p>\n<p><span style=\"font-size: 10pt;\">Erstver\u00f6ffentlichung am 04.03.2026 auf <a href=\"https:\/\/freedert.online\/meinung\/272073-trump-zerstoert-iran-da-will\/\" target=\"_blank\" rel=\"noopener\">RT DE<\/a><\/span><\/p>\n<p>Immerhin ist jetzt klar, womit man Bundeskanzler Friedrich Merz vor der Nase herumwedeln muss, damit er v\u00f6llig den Verstand verliert (so er je einen besessen hat). Im <a href=\"https:\/\/www.youtube.com\/watch?v=bhomZMUr_eI\" target=\"_blank\" rel=\"noopener noreferrer\"><em>Tagesthemen<\/em>-Interview<\/a> wiederholte er die entscheidenden Punkte:<\/p>\n<p style=\"padding-left: 40px;\"><em>&#8222;Der Iran ist kurz davor gewesen, in den Besitz von Atomwaffen zu gelangen. Sowohl die Tr\u00e4gerraketen als auch das angereicherte Material sind nachweislich vorhanden.&#8220;<\/em><\/p>\n<p>Es gibt im Internet eine h\u00fcbsche <a href=\"https:\/\/www.youtube.com\/watch?v=Mzmtdwsef8s\" target=\"_blank\" rel=\"noopener noreferrer\">Zusammenstellung<\/a> von \u00fcber drei\u00dfig Jahren Bibi Netanjahu, in denen er jedes Mal erkl\u00e4rt, Iran sei nur noch Wochen von einer Atombombe entfernt. Seit den 1980ern. Wahrscheinlich kennt Herr Merz eben dieses Video nicht, und von der Fatwa, die eine Entwicklung von Atombomben verbietet, wei\u00df er auch nichts. Der Mord an Chamenei k\u00f6nnte allerdings die Nebenwirkung haben, dass eben dieses religi\u00f6se Verbot, Atomwaffen herzustellen, demn\u00e4chst f\u00e4llt.<\/p>\n<p>\u00dcbrigens k\u00f6nnte man denselben Satz auch in Bezug auf Deutschland sagen. Die Raketentechnik ist vorhanden, und das angereicherte Uran liegt in Garching. Technisch betrachtet k\u00f6nnte auch Deutschland binnen Wochen in den Besitz von Atomwaffen gelangen, und allzu freundlich hat sich dieser Staat auf der Welt bisher auch nicht verhalten. W\u00e4re es dann angebracht, Berlin zu bombardieren? Und wo wir schon einmal dabei sind: Was ist eigentlich davon zu halten, wenn ein Staat, der nachweislich V\u00f6lkermord betreibt, v\u00f6llig widerrechtlich im Besitz von Atomwaffen ist? Stimmt, das hat noch keine deutsche Regierung gest\u00f6rt. Ganz im Gegenteil, man liefert nur allzu gerne die U-Boote, von denen diese dann abgeschossen werden k\u00f6nnten. Die neuesten Versionen werden gerade in Kiel gebaut.<\/p>\n<p>Aber zur\u00fcck zu Merz. Am Sonntag hatte er ja schon die Gelegenheit einer Pressekonferenz genutzt, um zu <a href=\"https:\/\/www.bundesregierung.de\/breg-de\/aktuelles\/kanzler-statement-naher-osten-2409172?enodia=eyJleHAiOjE3NzI1Mjg1MzcsImNvbnRlbnQiOnRydWUsImF1ZCI6ImF1dGgiLCJIb3N0Ijoid3d3LmJ1bmRlc3JlZ2llcnVuZy5kZSIsIlNvdXJjZUlQIjoiODYuMTA0LjI0OS4yOSIsIkNvbmZpZ0lEIjoiOGRhZGNlMTI1ZmQyYzM5MzJiOTQzYjUyZTlkMmNkNjUwNTc1NGUxNjIyMTJhMmNlMWJiNWFmMTVjMGQ0YmJmZSJ9.h99Oe2Ghgx6EY-IRiIvlPjg-NK-cSCC690JqV7YOhcw=\" target=\"_blank\" rel=\"noopener noreferrer\">erkl\u00e4ren<\/a>:<\/p>\n<p style=\"padding-left: 40px;\"><em>&#8222;Wie Sie wissen, f\u00fchren die Vereinigten Staaten von Amerika und Israel seit gestern massive Milit\u00e4rschl\u00e4ge gegen den Iran durch. Nach allem, was wir wissen, sind dabei bisher zahlreiche prominente Vertreter des iranischen Regimes zu Tode gekommen, darunter der religi\u00f6se F\u00fchrer Ali Chamenei.&#8220;<\/em><\/p>\n<p>Die Formulierung, die da gebraucht wird, ist zutiefst zynisch. Jemand, der durch einen \u00dcberraschungsangriff, noch dazu w\u00e4hrend laufender Verhandlungen, get\u00f6tet wird, &#8222;kommt&#8220; nicht einfach &#8222;zu Tode&#8220;, als w\u00e4re er in einen Fluss gefallen und ertrunken oder auf der Stra\u00dfe von einem Lkw \u00fcberfahren worden. Das w\u00e4re auch vor jedem deutschen Gericht ein Mord. Noch dazu, wenn man dann einen Blick ins Kriegsv\u00f6lkerrecht wirft; eine Perfidie, also ein Kriegsverbrechen.<\/p>\n<p>Was man wissen muss, wenn man dann Merzens Behauptungen \u00fcber Iran betrachtet. Und die Scheingedanken, die er daraufhin abliefert:<\/p>\n<p style=\"padding-left: 40px;\"><em>&#8222;Was macht man denn in einer Situation, wo \u00fcber Jahrzehnte auf der Basis des V\u00f6lkerrechts verhandelt worden ist und das Gegen\u00fcber nicht nur nicht bereit ist, keinen Vertrag zu schlie\u00dfen, sondern im Gegenteil ein atomares Waffenarsenal immer weiter aufbaut?&#8220;<\/em><\/p>\n<p>Es ist schon eine Leistung, S\u00e4tze zu sagen, deren \u00dcbereinstimmung mit der Wirklichkeit bei null Prozent liegt. Das Gegen\u00fcber, das nicht zu einem Vertrag bereit war, waren die Vereinigten Staaten, die zuletzt mit immer fantastischeren Forderungen auftraten, die einer v\u00f6lligen Zerst\u00f6rung der milit\u00e4rischen F\u00e4higkeiten Irans entsprachen; so eine Art Versailler Vertrag ohne Ersten Weltkrieg. Aber was Merz dann daraus macht, ist etwas v\u00f6llig anderes.<\/p>\n<p style=\"padding-left: 40px;\"><em>&#8222;Und ich m\u00f6chte nicht in die Mitverantwortung genommen werden f\u00fcr einen Zeitpunkt, der zu sp\u00e4t war \u2026 Aber wir m\u00fcssen uns schon die Frage stellen, was tun wir eigentlich, wenn die Regeln des V\u00f6lkerrechts erkennbar an ihre Grenzen sto\u00dfen und wir es mit Gegnern zu tun haben, die nicht bereit sind, sich an die Regeln des V\u00f6lkerrechts zu halten? Und wenn man hier die Regeln des V\u00f6lkerrechts anlegt, dann kann man sogar die Frage stellen, ob nicht eine unmittelbare Gefahr und Bedrohung durch den Iran bevorstand.&#8220;<\/em><\/p>\n<p>Nur als Vorbemerkung: Herr Merz, das Land, dessen Kanzler Sie sind, hei\u00dft Deutschland. Nicht Israel.<\/p>\n<p>Das V\u00f6lkerrecht beinhaltet ein ziemlich gro\u00dfes Paket, das sich mit nichts anderem als rechtlichen Regeln zur Kriegsf\u00fchrung besch\u00e4ftigt. Der ganze Stapel der Genfer Konventionen. Was Merz hier impliziert, ist, dass eine angenommene (um nicht zu sagen: fantasierte) Bedrohung eine Rechtfertigung liefert, die Regeln des V\u00f6lkerrechts zu ignorieren. Ja, dass es geradezu nachl\u00e4ssig w\u00e4re, sich durch diese Regeln gebunden zu f\u00fchlen.<\/p>\n<p>Man kann es nicht oft genug wiederholen \u2013 h\u00e4tte die Sowjetunion sich nicht (selbst vor der Entstehung der Genfer Konventionen) durch humanit\u00e4re Regeln gebunden gef\u00fchlt, w\u00e4re 1945 von Deutschland wenig \u00fcbrig geblieben. Die Genfer Konventionen sind auch ein Ergebnis des Zweiten Weltkriegs und der N\u00fcrnberger Kriegsverbrecherprozesse. Die genau eines als das schwerste aller v\u00f6lkerrechtlichen Verbrechen fixierten: den Angriffskrieg.<\/p>\n<p>Merz liefert aber nicht nur eine Apologie des Angriffskriegs. Wie sagte er am Sonntag? &#8222;Deshalb ist jetzt nicht der Moment, unsere Partner und Verb\u00fcndeten zu belehren&#8220;. Klar. Der Moment war ja schon nicht, als Israel Gaza in Schutt und Asche legte und zehntausende Kinder ermordete. Aber &#8222;mit den Vereinigten Staaten und Israel teilen wir das Interesse daran, dass der Terror dieses Regimes aufh\u00f6rt und die gef\u00e4hrliche nukleare und ballistische Aufr\u00fcstung gestoppt wird.&#8220;<\/p>\n<p>Terror ging in den letzten Jahren in dieser Region eher von Israel aus, aber das ist ja das, was nicht gesehen werden soll. Was geleugnet wird. Aber eben noch mehr \u2013 da ist die aktive Unterst\u00fctzung durch die Bundesregierung, in Gestalt von Waffenlieferungen, aber immer auch in Gestalt von \u00dcberflugrechten und der Nutzung deutschen Gebiets. Nur zur Erinnerung: Im Gegensatz zu den britischen St\u00fctzpunkten auf Zypern, die britisches Hoheitsgebiet sind, ist Ramstein kein US-amerikanisches, sondern deutsches. Es gibt Vertr\u00e4ge, durch die Ramstein den USA zur Nutzung \u00fcberlassen wurde, aber grunds\u00e4tzlich gilt dort deutsches Recht. Was bedeutet die Nutzung der Luftwaffenbasis Ramstein zur Vorbereitung des Angriffs auf Iran verst\u00f6\u00dft gegen Artikel 26 Absatz 1 Grundgesetz:<\/p>\n<p style=\"padding-left: 40px;\"><em>&#8222;Handlungen, die geeignet sind und in der Absicht vorgenommen werden, das friedliche Zusammenleben der V\u00f6lker zu st\u00f6ren, insbesondere die F\u00fchrung eines Angriffskrieges vorzubereiten, sind verfassungswidrig. Sie sind unter Strafe zu stellen.&#8220;<\/em><\/p>\n<p>Und dann gibt es noch \u00a7 13 des V\u00f6lkerstrafgesetzbuches:<\/p>\n<p>&#8222;(1) Wer einen Angriffskrieg f\u00fchrt oder eine sonstige Angriffshandlung begeht, die ihrer Art, ihrer Schwere und ihrem Umfang nach eine offenkundige Verletzung der Charta der Vereinten Nationen darstellt, wird mit lebenslanger Freiheitsstrafe bestraft.<\/p>\n<p>(2) Wer einen Angriffskrieg oder eine sonstige Angriffshandlung im Sinne des Absatzes 1 plant, vorbereitet oder einleitet, wird mit lebenslanger Freiheitsstrafe oder mit Freiheitsstrafe nicht unter zehn Jahren bestraft. Die Tat nach Satz 1 ist nur dann strafbar, wenn<\/p>\n<p style=\"padding-left: 40px;\">1. der Angriffskrieg gef\u00fchrt oder die sonstige Angriffshandlung begangen worden ist oder 2. durch sie die Gefahr eines Angriffskrieges oder einer sonstigen Angriffshandlung f\u00fcr die Bundesrepublik Deutschland herbeigef\u00fchrt wird.<\/p>\n<p>(3) Eine Angriffshandlung ist die gegen die Souver\u00e4nit\u00e4t, die territoriale Unversehrtheit oder die politische Unabh\u00e4ngigkeit eines Staates gerichtete oder sonst mit der Charta der Vereinten Nationen unvereinbare Anwendung von Waffengewalt durch einen Staat.<\/p>\n<p>(4) Beteiligter einer Tat nach den Abs\u00e4tzen 1 und 2 kann nur sein, wer tats\u00e4chlich in der Lage ist, das politische oder milit\u00e4rische Handeln eines Staates zu kontrollieren oder zu lenken.&#8220;<\/p>\n<p>Wenn schon Merz meint, &#8222;deshalb belehren wir unsere Partner nicht hinsichtlich ihrer milit\u00e4rischen Schl\u00e4ge gegen Iran&#8220;, sollte ihn vielleicht jemand in Bezug auf die deutsche Rechtslage belehren. Das V\u00f6lkerstrafgesetzbuch ist ziemlich kurz, das sollte auch Merz lesen k\u00f6nnen. Der \u00fcbrigens von Beruf eigentlich Rechtsanwalt ist, also imstande sein sollte, Gesetzestexte zu lesen.<\/p>\n<p>Und der vor allem eines gelernt haben sollte: Ein Recht, das nach Gusto einmal angewandt wird und ein anderes Mal nicht, wie er es in Bezug auf Iran vorschl\u00e4gt, ist keines. Denn es ist das Kennzeichen des Rechts, eine G\u00fcltigkeit zu besitzen, die nicht von der Tageslaune abh\u00e4ngt. Das V\u00f6lkerrecht ist eine Rechtssammlung, die von vielen Staaten gemeinsam erarbeitet wurde; deren spontane \u00c4nderung sich also den M\u00f6glichkeiten einer einzelnen Regierung, gar eines einzelnen Kanzlers, entzieht. Was bedeutet, eine Haltung wie die von Merz vorgetragene ist keine Kritik am V\u00f6lkerrecht, sondern dessen Abschaffung.<\/p>\n<p>Der Grund, warum ihm nicht sofort auf breiter Front Rechtsnihilismus vorgeworfen wird, ist, dass hinter all diesen scheinbar auf das Recht bezogenen \u00c4u\u00dferungen ein Weltbild steht, das die Weltbev\u00f6lkerung rigide in Menschen und Nichtmenschen einteilt, und ein V\u00f6lkerrecht nur als Binnenverh\u00e4ltnis zwischen der kleinen, elit\u00e4ren Gruppe der Menschen sieht, und dass diese Haltung von Politik und Medien weitgehend geteilt wird. Im Verh\u00e4ltnis zum Rest des Planeten muss man eben immer mal wieder diesen Rahmen ignorieren, wenn die Nichtmenschen zu aufm\u00fcpfig werden. Was alles gar nichts mehr mit der finsteren deutschen Vergangenheit zu tun hat, weil Herr Netanjahu immerhin inzwischen in die Gruppe der Menschen aufsteigen durfte.<\/p>\n<p>Es scheint keine Grenze zu geben bei dieser Erosion des Rechts. Dieser Prozess scheint\u00a0vielmehr so lange fortzuschreiten, bis nichts mehr davon \u00fcbrig ist. Das ist keine Theorie, das ist Praxis. Nicht nur im Zusammenhang mit Gaza und jetzt Iran. Auch der Umgang mit der &#8222;Schattenflotte&#8220; erinnert immer wieder daran, dass die Gleichheit der Nationen, die Grundlage der UN-Charta ist, solchen wie Merz v\u00f6llig fremd ist. Solange diese Herrschaften nicht vor Gericht stehen, wohin sie geh\u00f6ren, ist eine Umkehr dieser Entwicklung unm\u00f6glich.<\/p>\n<p style=\"text-align: right;\"><em>Dagmar Henn ist Mitglied des Deutschen Freidenker-Verbandes<\/em><\/p>\n<hr \/>\n<p><span style=\"font-size: 10pt;\">Bild oben: US-Pr\u00e4sident Donald J. Trump empf\u00e4ngt den deutschen Bundeskanzler Friedrich Merz im Oval Office am 3. M\u00e4rz 2026. (Offizielles Foto des Wei\u00dfen Hauses von Daniel Torok)<\/span><\/p>\n<p>&nbsp;<\/p>\n","protected":false},"excerpt":{"rendered":"<p><b>Beitrag von Dagmar Henn<\/b><br \/>\nBei Merz hat man immer das Gef\u00fchl, es gen\u00fcgt ihm nicht, \u00fcber den St\u00fctzpunkt Ramstein bei jeder US-Schweinerei irgendwie mit dabeigewesen zu sein. Ihm reicht auch die v\u00f6llige Gleichg\u00fcltigkeit nicht, die deutsche Medien gegen\u00fcber dem Iran beweisen. Er will eine Welt ohne Recht. [&#8230;] Immerhin ist jetzt klar, womit man Bundeskanzler Friedrich Merz vor der Nase herumwedeln muss, damit er v\u00f6llig den Verstand verliert (so er je einen besessen hat). Im Tagesthemen-Interview wiederholte er die entscheidenden Punkte: <i>&#8222;Der Iran ist kurz davor gewesen, in den Besitz von Atomwaffen zu gelangen. Sowohl die Tr\u00e4gerraketen als auch das angereicherte Material sind nachweislich vorhanden.&#8220;<\/i><\/p>\n","protected":false},"author":3,"featured_media":24561,"comment_status":"closed","ping_status":"closed","sticky":false,"template":"","format":"standard","meta":{"colormag_page_container_layout":"default_layout","colormag_page_sidebar_layout":"default_layout","advanced_seo_description":"","jetpack_seo_html_title":"","jetpack_seo_noindex":false,"jetpack_post_was_ever_published":false,"footnotes":""},"categories":[12],"tags":[1679,1061,1458,452,2454,2489,1172,660,393,188,121,1955,842,1668,946,185,345],"class_list":["post-24559","post","type-post","status-publish","format-standard","has-post-thumbnail","hentry","category-demokratie-medien-aufklaerung","tag-angriffskrieg","tag-atomwaffen","tag-bedrohung","tag-deutschland","tag-elite","tag-friedrich-merz","tag-gaza","tag-iran","tag-israel","tag-krieg","tag-medien","tag-nahostkonflikt","tag-recht","tag-terror","tag-un-charta","tag-usa","tag-voelkerrecht"],"jetpack_featured_media_url":"https:\/\/i0.wp.com\/www.freidenker.org\/fw17\/wp-content\/uploads\/2026\/03\/Donald_J._Trump_with_Friedrich_Merz_800x450.jpg?fit=800%2C450&ssl=1","jetpack_shortlink":"https:\/\/wp.me\/p9stpK-6o7","jetpack-related-posts":[{"id":22209,"url":"https:\/\/www.freidenker.org\/?p=22209","url_meta":{"origin":24559,"position":0},"title":"Strafanzeige gegen Bundeskanzler Friedrich Merz","author":"Webredaktion","date":"25. Juni 2025","format":false,"excerpt":"Wortlaut der Strafanzeige von Dieter Hallervorden und anderen gegen Bundeskanzler Friedrich Merz Hiermit erstatten wir Unterzeichnenden Strafanzeige gegen den deutschen Bundeskanzler Friedrich Merz. Dieser hat u.a. gegen das deutsche Grundgesetz versto\u00dfen \u2013 insbesondere gegen Art. 9, 25 und 26. Herr Merz, der vor seiner T\u00e4tigkeit als Bundeskanzler Aufsichtsratsvorsitzender des weltgr\u00f6\u00dften\u2026","rel":"","context":"In &quot;Demokratie \u2013 Medien \u2013 Aufkl\u00e4rung&quot;","block_context":{"text":"Demokratie \u2013 Medien \u2013 Aufkl\u00e4rung","link":"https:\/\/www.freidenker.org\/?cat=12"},"img":{"alt_text":"","src":"https:\/\/i0.wp.com\/www.freidenker.org\/fw17\/wp-content\/uploads\/2025\/06\/Merz_Strafanzeige_800x450.jpg?fit=800%2C450&ssl=1&resize=350%2C200","width":350,"height":200,"srcset":"https:\/\/i0.wp.com\/www.freidenker.org\/fw17\/wp-content\/uploads\/2025\/06\/Merz_Strafanzeige_800x450.jpg?fit=800%2C450&ssl=1&resize=350%2C200 1x, https:\/\/i0.wp.com\/www.freidenker.org\/fw17\/wp-content\/uploads\/2025\/06\/Merz_Strafanzeige_800x450.jpg?fit=800%2C450&ssl=1&resize=525%2C300 1.5x, https:\/\/i0.wp.com\/www.freidenker.org\/fw17\/wp-content\/uploads\/2025\/06\/Merz_Strafanzeige_800x450.jpg?fit=800%2C450&ssl=1&resize=700%2C400 2x"},"classes":[]},{"id":22230,"url":"https:\/\/www.freidenker.org\/?p=22230","url_meta":{"origin":24559,"position":1},"title":"Russland, Israel: Friedrich Merz und der Angriffskrieg","author":"Webredaktion","date":"27. Juni 2025","format":false,"excerpt":"Beitrag von Dagmar Henn Man ist ja viel gew\u00f6hnt von deutschen Politikern, wenn sie sich zur Weltlage \u00e4u\u00dfern, insbesondere, wenn irgendwo das Stichwort Israel auftaucht. Insofern sind die S\u00e4tze, die Bundeskanzler Friedrich Merz zum US-Angriff sagte, nur eine Fortsetzung des \u00dcblichen. Aber das \u00dcbliche f\u00fchrt in die Sackgasse. Seit dem\u2026","rel":"","context":"In &quot;Demokratie \u2013 Medien \u2013 Aufkl\u00e4rung&quot;","block_context":{"text":"Demokratie \u2013 Medien \u2013 Aufkl\u00e4rung","link":"https:\/\/www.freidenker.org\/?cat=12"},"img":{"alt_text":"","src":"https:\/\/i0.wp.com\/www.freidenker.org\/fw17\/wp-content\/uploads\/2025\/06\/friedrich_merz_mit_flaggen_ki_800x450.jpg?fit=800%2C450&ssl=1&resize=350%2C200","width":350,"height":200,"srcset":"https:\/\/i0.wp.com\/www.freidenker.org\/fw17\/wp-content\/uploads\/2025\/06\/friedrich_merz_mit_flaggen_ki_800x450.jpg?fit=800%2C450&ssl=1&resize=350%2C200 1x, https:\/\/i0.wp.com\/www.freidenker.org\/fw17\/wp-content\/uploads\/2025\/06\/friedrich_merz_mit_flaggen_ki_800x450.jpg?fit=800%2C450&ssl=1&resize=525%2C300 1.5x, https:\/\/i0.wp.com\/www.freidenker.org\/fw17\/wp-content\/uploads\/2025\/06\/friedrich_merz_mit_flaggen_ki_800x450.jpg?fit=800%2C450&ssl=1&resize=700%2C400 2x"},"classes":[]},{"id":22222,"url":"https:\/\/www.freidenker.org\/?p=22222","url_meta":{"origin":24559,"position":2},"title":"Merz-Rede: Der (Alb-)Traum von Deutschland als Milit\u00e4rmacht ist zur\u00fcck","author":"Webredaktion","date":"26. Juni 2025","format":false,"excerpt":"Beitrag von Gert Ewen Ungar Mit einem Video, das sich \u00e4sthetisch und inhaltlich in die Tradition des Nazi-Hetzblatts Der St\u00fcrmer stellt, macht das Ausw\u00e4rtige Amt unter F\u00fchrung von Johann Wadephul die Welt mit dem au\u00dfenpolitischen Teil der Regierungserkl\u00e4rung von\u00a0Friedrich Merz vertraut. Die \u00dcbernahme von Ton und \u00c4sthetik der nationalsozialistischen Propaganda\u2026","rel":"","context":"In &quot;Demokratie \u2013 Medien \u2013 Aufkl\u00e4rung&quot;","block_context":{"text":"Demokratie \u2013 Medien \u2013 Aufkl\u00e4rung","link":"https:\/\/www.freidenker.org\/?cat=12"},"img":{"alt_text":"","src":"https:\/\/i0.wp.com\/www.freidenker.org\/fw17\/wp-content\/uploads\/2025\/06\/2024-08-21_Wahlkampf_Friedrich_Merz.jpg?fit=800%2C450&ssl=1&resize=350%2C200","width":350,"height":200,"srcset":"https:\/\/i0.wp.com\/www.freidenker.org\/fw17\/wp-content\/uploads\/2025\/06\/2024-08-21_Wahlkampf_Friedrich_Merz.jpg?fit=800%2C450&ssl=1&resize=350%2C200 1x, https:\/\/i0.wp.com\/www.freidenker.org\/fw17\/wp-content\/uploads\/2025\/06\/2024-08-21_Wahlkampf_Friedrich_Merz.jpg?fit=800%2C450&ssl=1&resize=525%2C300 1.5x, https:\/\/i0.wp.com\/www.freidenker.org\/fw17\/wp-content\/uploads\/2025\/06\/2024-08-21_Wahlkampf_Friedrich_Merz.jpg?fit=800%2C450&ssl=1&resize=700%2C400 2x"},"classes":[]},{"id":22623,"url":"https:\/\/www.freidenker.org\/?p=22623","url_meta":{"origin":24559,"position":3},"title":"100 Tage Merz \u2013 Kanzlerschaft ohne Gewissen und Empathie","author":"Webredaktion","date":"21. August 2025","format":false,"excerpt":"Beitrag von Gert Ewen Ungar Die Bundesregierung ist inzwischen 100 Tage im Amt. Mit Ruhm bekleckert hat sie sich bisher nicht. Den gro\u00dfen wirtschaftspolitischen Ank\u00fcndigungen folgten keine Taten. Es herrscht weiter Stillstand in Deutschland. Die wirtschaftlichen Indikatoren weisen steil nach unten: Das produzierende Gewerbe klagt \u00fcber hohe Energiepreise und f\u00e4hrt\u2026","rel":"","context":"In &quot;Arbeit &amp; Soziales&quot;","block_context":{"text":"Arbeit &amp; Soziales","link":"https:\/\/www.freidenker.org\/?cat=11"},"img":{"alt_text":"","src":"https:\/\/i0.wp.com\/www.freidenker.org\/fw17\/wp-content\/uploads\/2025\/08\/Merz_2025-05-05_Unterzeichnung_Koalitionsvertrag_800x450.jpg?fit=800%2C450&ssl=1&resize=350%2C200","width":350,"height":200,"srcset":"https:\/\/i0.wp.com\/www.freidenker.org\/fw17\/wp-content\/uploads\/2025\/08\/Merz_2025-05-05_Unterzeichnung_Koalitionsvertrag_800x450.jpg?fit=800%2C450&ssl=1&resize=350%2C200 1x, https:\/\/i0.wp.com\/www.freidenker.org\/fw17\/wp-content\/uploads\/2025\/08\/Merz_2025-05-05_Unterzeichnung_Koalitionsvertrag_800x450.jpg?fit=800%2C450&ssl=1&resize=525%2C300 1.5x, https:\/\/i0.wp.com\/www.freidenker.org\/fw17\/wp-content\/uploads\/2025\/08\/Merz_2025-05-05_Unterzeichnung_Koalitionsvertrag_800x450.jpg?fit=800%2C450&ssl=1&resize=700%2C400 2x"},"classes":[]},{"id":22764,"url":"https:\/\/www.freidenker.org\/?p=22764","url_meta":{"origin":24559,"position":4},"title":"Bundeskanzler Merz, Putin und die Geografie","author":"Webredaktion","date":"7. September 2025","format":false,"excerpt":"Beitrag von Dagmar Henn Wom\u00f6glich l\u00f6st Bundeskanzler Friedrich Merz mit einer Aussage in seinem Interview mit dem franz\u00f6sischen Sender TF1 ganz andere Empfindungen aus, als er beabsichtigt. Denn neben seiner Betonung, er wolle wieder eine Wehrpflicht\u00a0\u2012 auch f\u00fcr Frauen \u2012, lieferte er auch noch eine eigenartige Begr\u00fcndung. So zitiert das\u2026","rel":"","context":"In &quot;Demokratie \u2013 Medien \u2013 Aufkl\u00e4rung&quot;","block_context":{"text":"Demokratie \u2013 Medien \u2013 Aufkl\u00e4rung","link":"https:\/\/www.freidenker.org\/?cat=12"},"img":{"alt_text":"","src":"https:\/\/i0.wp.com\/www.freidenker.org\/fw17\/wp-content\/uploads\/2025\/09\/Merz_Grenzen1937.jpg?fit=800%2C450&ssl=1&resize=350%2C200","width":350,"height":200,"srcset":"https:\/\/i0.wp.com\/www.freidenker.org\/fw17\/wp-content\/uploads\/2025\/09\/Merz_Grenzen1937.jpg?fit=800%2C450&ssl=1&resize=350%2C200 1x, https:\/\/i0.wp.com\/www.freidenker.org\/fw17\/wp-content\/uploads\/2025\/09\/Merz_Grenzen1937.jpg?fit=800%2C450&ssl=1&resize=525%2C300 1.5x, https:\/\/i0.wp.com\/www.freidenker.org\/fw17\/wp-content\/uploads\/2025\/09\/Merz_Grenzen1937.jpg?fit=800%2C450&ssl=1&resize=700%2C400 2x"},"classes":[]},{"id":22128,"url":"https:\/\/www.freidenker.org\/?p=22128","url_meta":{"origin":24559,"position":5},"title":"Israel bombt eine Weltkrise herbei","author":"Webredaktion","date":"14. Juni 2025","format":false,"excerpt":"Der Angriff auf den Iran wird unabsehbare globale Folgen haben Beitrag von Arn Strohmeyer Der V\u00f6lkermord im Gazastreifen ist noch nicht genug. Israel bombt weiter, wie es will \u2013 in Syrien, dem Libanon und im Jemen und nun nimmt es die Atomanlagen im Iran unter Bombardement. Der \u201ewerteorientierte\u201c Westen schaut\u2026","rel":"","context":"In &quot;Frieden - Antifaschismus - Solidarit\u00e4t&quot;","block_context":{"text":"Frieden - Antifaschismus - Solidarit\u00e4t","link":"https:\/\/www.freidenker.org\/?cat=13"},"img":{"alt_text":"","src":"https:\/\/i0.wp.com\/www.freidenker.org\/fw17\/wp-content\/uploads\/2025\/06\/Pictures_of_the_Israeli_attack_on_Tehran_1_Mehr_2_800x450.jpg?fit=800%2C450&ssl=1&resize=350%2C200","width":350,"height":200,"srcset":"https:\/\/i0.wp.com\/www.freidenker.org\/fw17\/wp-content\/uploads\/2025\/06\/Pictures_of_the_Israeli_attack_on_Tehran_1_Mehr_2_800x450.jpg?fit=800%2C450&ssl=1&resize=350%2C200 1x, https:\/\/i0.wp.com\/www.freidenker.org\/fw17\/wp-content\/uploads\/2025\/06\/Pictures_of_the_Israeli_attack_on_Tehran_1_Mehr_2_800x450.jpg?fit=800%2C450&ssl=1&resize=525%2C300 1.5x, https:\/\/i0.wp.com\/www.freidenker.org\/fw17\/wp-content\/uploads\/2025\/06\/Pictures_of_the_Israeli_attack_on_Tehran_1_Mehr_2_800x450.jpg?fit=800%2C450&ssl=1&resize=700%2C400 2x"},"classes":[]}],"_links":{"self":[{"href":"https:\/\/www.freidenker.org\/index.php?rest_route=\/wp\/v2\/posts\/24559","targetHints":{"allow":["GET"]}}],"collection":[{"href":"https:\/\/www.freidenker.org\/index.php?rest_route=\/wp\/v2\/posts"}],"about":[{"href":"https:\/\/www.freidenker.org\/index.php?rest_route=\/wp\/v2\/types\/post"}],"author":[{"embeddable":true,"href":"https:\/\/www.freidenker.org\/index.php?rest_route=\/wp\/v2\/users\/3"}],"replies":[{"embeddable":true,"href":"https:\/\/www.freidenker.org\/index.php?rest_route=%2Fwp%2Fv2%2Fcomments&post=24559"}],"version-history":[{"count":3,"href":"https:\/\/www.freidenker.org\/index.php?rest_route=\/wp\/v2\/posts\/24559\/revisions"}],"predecessor-version":[{"id":24569,"href":"https:\/\/www.freidenker.org\/index.php?rest_route=\/wp\/v2\/posts\/24559\/revisions\/24569"}],"wp:featuredmedia":[{"embeddable":true,"href":"https:\/\/www.freidenker.org\/index.php?rest_route=\/wp\/v2\/media\/24561"}],"wp:attachment":[{"href":"https:\/\/www.freidenker.org\/index.php?rest_route=%2Fwp%2Fv2%2Fmedia&parent=24559"}],"wp:term":[{"taxonomy":"category","embeddable":true,"href":"https:\/\/www.freidenker.org\/index.php?rest_route=%2Fwp%2Fv2%2Fcategories&post=24559"},{"taxonomy":"post_tag","embeddable":true,"href":"https:\/\/www.freidenker.org\/index.php?rest_route=%2Fwp%2Fv2%2Ftags&post=24559"}],"curies":[{"name":"wp","href":"https:\/\/api.w.org\/{rel}","templated":true}]}}