{"id":24554,"date":"2026-03-09T22:29:19","date_gmt":"2026-03-09T21:29:19","guid":{"rendered":"https:\/\/www.freidenker.org\/?p=24554"},"modified":"2026-04-24T02:14:58","modified_gmt":"2026-04-24T00:14:58","slug":"ukraine-krieg-ausbleibender-frieden-und-deutschlands-mitverantwortung","status":"publish","type":"post","link":"https:\/\/www.freidenker.org\/?p=24554","title":{"rendered":"Ukraine-Krieg: Ausbleibender Frieden und Deutschlands Mitverantwortung"},"content":{"rendered":"<p><strong>Warum Russland vor vier Jahren in die Ukraine einmarschierte \u2013 eine \u00dcbersicht \u00fcber interessante Erkl\u00e4rungen<\/strong><\/p>\n<p><em>Ein Kommentar von <strong>Tilo Gr\u00e4ser<\/strong><\/em><\/p>\n<p><span style=\"font-size: 10pt;\">Erstver\u00f6ffentlichung als Tagesdosis vom 25.02.2026 auf <a href=\"https:\/\/apolut.net\/ukraine-krieg-ausbleibender-frieden-und-deutschlands-mitverantwortung-von-tilo-graser\/\" target=\"_blank\" rel=\"noopener\">apolut.net<\/a><\/span><\/p>\n<p>Dieser Beitrag ist auch als Audio-Podcast verf\u00fcgbar:<\/p>\n<audio class=\"wp-audio-shortcode\" id=\"audio-24554-1\" preload=\"none\" style=\"width: 100%;\" controls=\"controls\"><source type=\"audio\/mpeg\" src=\"https:\/\/apolut.net\/content\/media\/2026\/02\/tagesdosis-20260225-apolut.mp3?_=1\" \/><a href=\"https:\/\/apolut.net\/content\/media\/2026\/02\/tagesdosis-20260225-apolut.mp3\">https:\/\/apolut.net\/content\/media\/2026\/02\/tagesdosis-20260225-apolut.mp3<\/a><\/audio>\n<p><span style=\"font-size: 10pt;\">Bereitgestellt von NachDenkSeiten bzw. <a href=\"https:\/\/apolut.net\/ukraine-krieg-ausbleibender-frieden-und-deutschlands-mitverantwortung-von-tilo-graser\/\" target=\"_blank\" rel=\"noopener\">apolut.net<\/a><\/span><br \/>\n<span style=\"font-size: 10pt;\"><a href=\"https:\/\/apolut.net\/content\/media\/2026\/02\/tagesdosis-20260225-apolut.mp3\" target=\"_blank\" rel=\"noopener\">Download<\/a><\/span><\/p>\n<p>Am 24. Februar j\u00e4hrte sich zum vierten Mal der Einmarsch der russischen Armee mit sch\u00e4tzungsweise 150.000 Mann ins Nachbarland Ukraine. Aus dem jahrelangen Konflikt in und um das Land wurde ein Krieg, bei dem inzwischen beide Seiten mehrere Hunderttausend Soldaten einsetzen sowie viele ihr Leben lie\u00dfen.<\/p>\n<p>Bereits vor zw\u00f6lf Jahren, am 22. Februar 2014, wurde die Lunte daf\u00fcr gelegt und angez\u00fcndet: Mit dem US-gef\u00f6rderten Staatsstreich, der das zuvor ausgehandelte <a href=\"https:\/\/www.deutschlandfunkkultur.de\/ukraine-regierung-und-opposition-unterzeichnen-vereinbarung-100.html?ref=apolut.net\" target=\"_blank\" rel=\"noopener noreferrer\"><u>Abkommen<\/u><\/a> zwischen Pr\u00e4sident Wiktor Janukowitsch und der Maidan-Opposition f\u00fcr einen friedlichen \u00dcbergang ignorierte \u2013 trotz der Mitwirkung des deutschen Au\u00dfenministers Frank-Walter Steinmeier und dessen polnischem Amtskollegen Radoslaw Sikorski sowie von Frankreichs Au\u00dfenminister Laurent Fabius. Sie schwiegen dann dazu.<\/p>\n<p>Die westliche Politik und die mit ihr verbundenen Mainstreammedien sowie die von ihnen unterst\u00fctzten herrschenden Kr\u00e4fte in Kiew begingen das traurige Jubil\u00e4um erwartungsgem\u00e4\u00df mit Durchhalteparolen im Kampf gegen Russland und neuen Ideen f\u00fcr die Fortsetzung des Krieges bis zum letzten Ukrainer. Die sollen an dieser Stelle nicht wiedergegeben werden und k\u00f6nnen in unz\u00e4hligen Auff\u00fchrungen des offiziellen Propagandatheaters nachgelesen, -geh\u00f6rt und -gesehen werden.<\/p>\n<p>Es folgt ein \u00dcberblick \u00fcber kritische und vern\u00fcnftige Stimmen zum Jahrestag, die in den Mainstreammedien kaum zu vernehmen sind und von der herrschenden Politik ignoriert werden. Dabei sind es Stimmen, die zu einem Ende des Krieges beitragen wollen und k\u00f6nnten.<\/p>\n<p>Die herrschenden Kr\u00e4fte in Kiew um Wolodymyr Selenskyj, der 2019 f\u00fcr sein Friedensversprechen gew\u00e4hlt wurde, berufen sich bei der Fortsetzung des Krieges auf das Verteidigungsrecht und geben vor, zur\u00fcckerobern zu wollen, was russische Truppen besetzt haben. Sie f\u00fchren einen Krieg, unterst\u00fctzt von mehr als 40 westlichen L\u00e4ndern, um Gebiete, deren friedliche Wiedereingliederung in das politische und wirtschaftliche System des Landes sie seit 2015 trotz der ukrainischen Verpflichtungen nach den Minsker Vereinbarungen verweigert hatten. Darauf hatte der ungarische Diplomat Gy\u00f6rgy Varga unter anderem im M\u00e4rz 2025 bei einem <a href=\"https:\/\/www.nachdenkseiten.de\/?p=129750&amp;ref=apolut.net\" target=\"_blank\" rel=\"noopener noreferrer\"><u>Vortrag<\/u><\/a> in Berlin aufmerksam gemacht.<\/p>\n<h5><strong>Sehnsucht nach Frieden<\/strong><\/h5>\n<p>Auch die <a href=\"https:\/\/www.nachdenkseiten.de\/?p=110970&amp;ref=apolut.net\" target=\"_blank\" rel=\"noopener noreferrer\"><u>Friedenschance<\/u><\/a> vom April 2022, als beide Seiten unter anderem in Istanbul <a href=\"https:\/\/www.nachdenkseiten.de\/?p=111011&amp;ref=apolut.net\" target=\"_blank\" rel=\"noopener noreferrer\"><u>verhandelten<\/u><\/a>, wurde auf Druck aus dem Westen von Kiew ausgeschlagen. Den Preis f\u00fcr den <a href=\"https:\/\/web.archive.org\/web\/20251108101620\/https:\/\/nordictimes.com\/world\/boris-johnson-we-are-in-a-proxy-war-against-russia\/\" target=\"_blank\" rel=\"noopener noreferrer\"><u>Stellvertreterkrieg<\/u><\/a> des Westens gegen Russland auf ukrainischem Boden zahlen die Ukrainer mit ihrem Leben, ihrer Existenz und ihrer Sicherheit. Und es scheint kein Frieden f\u00fcr sie in Sicht. Dabei w\u00fcrden sie inzwischen in der Mehrheit Frieden wollen, \u201eegal wo die Grenze genau endet\u201c. Das berichtete am vergangenen Mittwoch der \u00f6sterreichische Unternehmer Walter Komarek in der <a href=\"https:\/\/www.servustv.com\/aktuelles\/v\/aabtaeg4ml0ta24cqc59\/?ref=apolut.net\" target=\"_blank\" rel=\"noopener noreferrer\"><u>Gespr\u00e4chsrunde<\/u><\/a> \u201eTalk im Hangar 7\u201c des Senders <em>Servus TV<\/em>. Er ist seit Jahrzehnten in der Ukraine im IT-Bereich t\u00e4tig.<\/p>\n<p>Die Bev\u00f6lkerungsmehrheit in dem Land wolle, dass der Krieg endet, berichtete er. Die meisten Ukrainer h\u00e4tten erkannt, dass Kiew nicht genug Waffen vom Westen bekomme und auch nicht gen\u00fcgend Soldaten habe, um die Gebiete im Osten zur\u00fcckzuerobern. Zugleich w\u00fcrden sie nicht damit rechnen, dass der Krieg bald endet. Doch w\u00e4hrend sie des Leidens und Sterbens m\u00fcde seien, w\u00fcrden vor allem Ukrainer im europ\u00e4ischen Exil weitere Kriegsopfer f\u00fcr einen erhofften Sieg in Kauf nehmen. Laut Komarek gibt es aber auch radikale und bewaffnete Kr\u00e4fte in dem Land, vor allem aus dem Milit\u00e4r, die dem Kiewer Pr\u00e4sidenten Selenskyj offen drohen, falls er Kompromisse f\u00fcr einen Frieden eingeht.<\/p>\n<p>Der Unternehmer, der immer wieder vor Ort ist, sch\u00e4tzt ein, dass Selenskyj bei einer m\u00f6glichen Pr\u00e4sidentschaftswahl nicht wiedergew\u00e4hlt werden w\u00fcrde. Etwa zehn bis 15 Prozent der Bev\u00f6lkerung w\u00fcrden noch zu ihm stehen und viele einstige seiner W\u00e4hler w\u00fcrden sich noch nicht eingestehen wollen, dass er mit dem Krieg den falschen Weg eingeschlagen habe. Aber eine Wiederwahl Selenskyjs h\u00e4lt Komarek f\u00fcr \u201eausgeschlossen\u201c.<\/p>\n<p>Die Aussagen des Unternehmers in der Gespr\u00e4chsrunde waren n\u00fcchtern und sachlich. Andere wie die bulgarisch-\u00f6sterreichische Politologin Velina Tschakarowa oder der ehemalige \u00f6sterreichische Verteidigungsminister Werner Fasslabend \u00e4u\u00dferten sich aus einer ausgepr\u00e4gt antirussischen Perspektive. Der deutsche SPD-Politiker Ralf Stegner sprach sich zwar f\u00fcr Diplomatie und verst\u00e4rkte Friedensbem\u00fchungen aus, gab aber Russland allein die Schuld am Krieg und wollte \u00fcber die Vorgeschichte nicht weiter diskutieren.<\/p>\n<h5><strong>Europa verhindert Frieden<\/strong><\/h5>\n<p>Das hatte in der Runde vor allem die deutsche Politikwissenschaftlerin Ulrike Gu\u00e9rot eingefordert. Sie beantwortete die Frage der Sendung \u201eWer verhindert den Frieden?\u201c mit dem Hinweis auf die europ\u00e4ische Politik. Aus ihrer Sicht hat die Ukraine den Krieg l\u00e4ngst verloren und Moskau k\u00f6nne ihn l\u00e4ngst milit\u00e4risch gewinnen und beenden, was es aber nicht wolle.<\/p>\n<p style=\"padding-left: 40px;\">\u201eEuropa ist ein gro\u00dfer Kandidat, um den Frieden zu verhindern, weil wir nat\u00fcrlich im Moment keine gesichtswahrende L\u00f6sung finden.\u201c<\/p>\n<p>Westliche Politik und Medien h\u00e4tten in den letzten vier Jahren den Konflikt \u201ehochideologisiert\u201c angefeuert und erkl\u00e4rt \u201ePutin darf nicht gewinnen\u201c. Es sei suggeriert worden, dass mit immer mehr Waffenlieferungen der Ukraine zum Sieg verholfen werden k\u00f6nne. Das sei in den vier Jahren aber nicht eingetreten, \u201ees wird auch nicht eintreten\u201c, f\u00fcgte Gu\u00e9rot hinzu. Sie warf der \u201edesorientierten Europ\u00e4ischen Union\u201c Strategielosigkeit vor, in dem sie nur noch von Aufr\u00fcstung rede. Das \u201eeigentliche Problem\u201c sei, \u201ewie der europ\u00e4ische Westen vom Hohen Ross herunterkommt und sich mal an den Realit\u00e4ten ann\u00e4hert\u201c.<\/p>\n<p>Die Politikwissenschaftlerin sieht es als \u201edie wichtigste Aufgabe von Europa\u201c an, mit Moskau zu verhandeln, damit Russland den Krieg nicht milit\u00e4risch entscheidet. Sie stellte klar, dass eine Friedensordnung in Europa nur mit Russland m\u00f6glich sei. Um Frieden f\u00fcr die Ukraine zu erreichen, m\u00fcsse auf das zur\u00fcckgegriffen werden, was bereits vereinbart wurde, so in den Minsker Abkommen von 2015 und im Fr\u00fchjahr 2022:<\/p>\n<p style=\"padding-left: 40px;\">\u201eDie Ukraine ist ein souver\u00e4ner Staat. Sie ist neutral, sie ist nicht in der NATO und sie ist f\u00f6deral strukturiert.\u201c<\/p>\n<p>Die \u00dcbernahme der Ukraine sei nie das Kriegsziel Moskaus gewesen, widersprach sie g\u00e4ngigen Behauptungen, die auch in der Gespr\u00e4chsrunde unter anderem von Tschakarowa wiederholt wurden. Russland gehe es nur um die eigenen Sicherheitsinteressen, die der Westen mit der Nato-Osterweiterung missachtet habe, so Gu\u00e9rot.<\/p>\n<h5><strong>Stimmen der Vernunft<\/strong><\/h5>\n<p>Westliche Politiker und mit ihnen verbundene Journalisten sprechen ungeachtet all dessen und wider die Tatsachen weiterhin von einer \u201eVollinvasion\u201c, die Russland vor vier Jahren begonnen habe. Und sie behaupten, Russlands Pr\u00e4sident Wladimir Putin verfolge imperiale Ziele und wolle die Sowjetunion wiedererrichten.<\/p>\n<p>W\u00e4hrend in Deutschland vor allem alte Feindbilder gepflegt werden, k\u00fcnden Stimmen aus den USA von einem n\u00fcchternen Blick auf den andauernden Krieg und seine Ursachen. Zu ihnen geh\u00f6rt der \u00d6konom Jeffrey Sachs, der sich in einem am Montag ver\u00f6ffentlichten <a href=\"https:\/\/www.youtube.com\/watch?v=h7WmEAu87WE&amp;ref=apolut.net\" target=\"_blank\" rel=\"noopener noreferrer\"><u>Gespr\u00e4ch<\/u><\/a> mit dem norwegischen Politologen Glenn Diesen dazu \u00e4u\u00dferte. Er sieht den Ausgangspunkt des Krieges in der \u201eWahnvorstellung\u201c der f\u00fchrenden US-Kreise nach dem Ende des Kalten Krieges, dass die USA die Welt regieren w\u00fcrden und sich alle ihnen unterzuordnen haben, einschlie\u00dflich Russland, das zu einer \u201edrittklassigen Macht\u201c degradiert werden sollte. Dabei h\u00e4tten sie geglaubt, dass es deshalb niemals zu einem Krieg kommen w\u00fcrde.<\/p>\n<p>Doch Russland sei den Forderungen aus den USA nicht nachgekommen und habe den westlichen Angriffen widerstanden, so Sachs. Es habe bewiesen, \u201edass die Macht des Westens geringer war als angenommen\u201c. Dies sei f\u00fcr die westlichen Politiker zum notwendigen Grund geworden, weiterzuk\u00e4mpfen. Sachs und Diesen bezeichneten den Ukraine-Krieg als \u201eKatastrophe\u201c vor allem f\u00fcr die Ukraine, aber auch f\u00fcr Europa, die zugleich alle einem Atomkrieg n\u00e4herbringe. Beide machten auch auf den US-gef\u00f6rderten Staatstreich in Kiew aufmerksam, der zur Vorgeschichte des Krieges geh\u00f6re. Mit Blick auf das Geschehen seit 2022 sagte Sachs:<\/p>\n<p style=\"padding-left: 40px;\">\u201eBoris Johnson, einer der wahren Verbrecher in dieser ganzen Angelegenheit, ein echter Schuldiger dieses Krieges, sagte in einem Interview, dass er nicht zulassen k\u00f6nne, dass die Ukraine im Fr\u00fchjahr 2022 ein Friedensabkommen mit Russland unterzeichne, da dies eine Bedrohung f\u00fcr die westliche Vorherrschaft darstellen w\u00fcrde.\u201c<\/p>\n<p>Den westlichen Politikern gehe es nicht um die Sicherheit der USA oder Europas, sondern \u201ein erster Linie um die Vorherrschaft der USA und dann um die Vorherrschaft Europas\u201c, stellte der \u00d6konom klar. \u00c4hnlich wie Politikwissenschaftlerin Gu\u00e9rot sagte er:<\/p>\n<p style=\"padding-left: 40px;\">\u201eDie Europ\u00e4er finden immer noch keinen Ausweg, weil sie selbst der Wahnvorstellung verfallen sind, dass sie, wenn nicht die Vereinigten Staaten die westliche Vorherrschaft durchsetzen, dies selbst tun werden. Und so ist es ein Rachefeldzug Deutschlands, Frankreichs und Gro\u00dfbritanniens gegen Russland, der sich hinzieht.\u201c<\/p>\n<p>Die f\u00fchrenden europ\u00e4ischen Politiker seien \u201eerb\u00e4rmlichen F\u00fchrer\u201c, die ihren V\u00f6lkern nicht die Wahrheit sagen w\u00fcrden, dass dies von Anfang an \u201eeine schlechte Idee war und dass sie beendet werden sollte und dass das Beste f\u00fcr die Ukraine die Neutralit\u00e4t der Ukraine und ein Ende dieses Krieges ist\u201c.<\/p>\n<h5><strong>Deutschland im Mittelpunkt<\/strong><\/h5>\n<p>F\u00fcr den US-\u00d6konomen liegt der Schl\u00fcssel f\u00fcr die L\u00f6sung des Konfliktes in Deutschland. Dessen \u201eschlechte F\u00fchrung\u201c sei der Grund f\u00fcr den Ausbruch des Krieges und daf\u00fcr, dass er weitergeht. Sachs verwies auf die Rolle der Ex-Kanzlerin Angela Merkel, die 2008 dem US-Druck, die Ukraine in die NATO aufzunehmen, letztendlich nachgegeben habe. Ihr Nachfolger Olaf Scholz sei \u201eeinfach unglaublich schwach und verwirrt\u201c gewesen. Ebenso sei Friedrich Merz eine \u201egro\u00dfe Entt\u00e4uschung\u201c. Dieser habe nach der Amts\u00fcbernahme \u201evom ersten Moment an nur noch die Kriegstrommeln ger\u00fchrt\u201c. Er h\u00e4tte stattdessen Putin kontaktieren sollen, um gemeinsam eine L\u00f6sung zu suchen.<\/p>\n<p>Deutschland stehe \u201ein vielerlei Hinsicht wirklich im Mittelpunkt dieser Geschichte\u201c, so Sachs. Er erinnerte daran, dass die Sowjetunion ohne die ihr gegebenen Zusagen \u2013 wenn auch nur m\u00fcndlich \u2013, die NATO werde nicht nach Osten ausgedehnt, der deutschen Wiedervereinigung nicht zugestimmt h\u00e4tte. Doch Deutschland habe Moskau \u201ein gro\u00dfem Stil betrogen\u201c, gemeinsam mit den USA, indem beide ab 1993 auf eine Erweiterung der NATO dr\u00e4ngten.<\/p>\n<p>Sachs verwies zudem auf die Rolle der USA und Deutschlands beim Maidan-Putsch 2014. Sie h\u00e4tten die dadurch an die Macht Gekommenen sehr schnell anerkannt und nicht gegen den Bruch des am Tag zuvor ausgehandelten Abkommens mit Janukowitsch protestiert. Den n\u00e4chsten Betrug habe Deutschland 2015 begangen, nachdem die neuen Kiewer Machthaber den Krieg gegen die eigene Bev\u00f6lkerung in der Ostukraine begonnen hatten. Es sei gemeinsam mit Frankreich Garant des Minsk-II-Abkommens gewesen, habe aber Kiew nicht gedr\u00e4ngt, die eingegangenen Verpflichtungen einzuhalten. Stattdessen sei das Abkommen laut Merkel als M\u00f6glichkeit genutzt worden, der Ukraine Zeit zum Aufr\u00fcsten zu verschaffen. Das Fazit von Sachs:<\/p>\n<p style=\"padding-left: 40px;\">\u201eMeiner Meinung nach tr\u00e4gt Deutschland als gr\u00f6\u00dftes Land der Europ\u00e4ischen Union, das seit 1990 im Mittelpunkt dieser Geschichte stand und in entscheidenden Momenten seiner politischen Verantwortung nicht gerecht wurde, die gr\u00f6\u00dfte Verantwortung.\u201c<\/p>\n<p>Der \u00d6konom, der osteurop\u00e4ische Regierungen ebenso wie die russische beraten hat, erinnerte r\u00fcckblickend daran, dass Russland nach dem Untergang der Sowjetunion als \u201enormales Land\u201c Teil von Europa werden und Frieden wollte.<\/p>\n<p style=\"padding-left: 40px;\">\u201eAber die Vereinigten Staaten wollten keinen Frieden. Die USA wollten Hegemonie. Das ist ein Unterschied.\u201c<\/p>\n<p>Frieden bedeute, dass das Gegen\u00fcber mit Respekt behandelt und ihm notfalls auch geholfen werde. Hegemonie bedeute, \u201edass man seine Gegen\u00fcber vernichtet, weil man sie dominieren will\u201c. Deshalb sei die NATO erweitert worden, obwohl Russland keine Bedrohung gewesen sei. Es habe selbst der NATO beitreten wollen und eine gemeinsame europ\u00e4ische Sicherheit angestrebt.<\/p>\n<h5><strong>Geopolitischer Konflikt<\/strong><\/h5>\n<p>Sachs sieht den Ukraine-Krieg im Zusammenhang mit den Ver\u00e4nderungen der Weltordnung, bei denen sich die USA als Tyrann zeige. Europa verhalte sich als Vasall, der \u201ev\u00f6llig verwirrt, demoralisiert und gespalten\u201c sei. Das eigentlich nat\u00fcrliche und beiderseitig n\u00fctzliche Verh\u00e4ltnis zwischen Europa, insbesondere Deutschland, und Russland sei vom Westen zerst\u00f6rt worden. Davon w\u00fcrden die bereits 20 Sanktionspakete der EU k\u00fcnden.<\/p>\n<p>Sachs sieht Chancen f\u00fcr den Kontinent, wieder aufzubl\u00fchen, wenn er \u201eseiner pathologischen Russophobie\u201c entkomme und sich eingestehe, einen falschen Weg eingeschlagen zu haben. Die notwendige Antwort sei: \u201eWir m\u00fcssen unseren Kontinent sicher machen, auf der Grundlage kollektiver Sicherheit.\u201c<\/p>\n<p>Eine andere Stimme der Vernunft kommt vom ehemaligen Russland-Direktor des US-Geheimdienstes CIA George Beebe. Der erkl\u00e4rte am Donnerstag in einer <a href=\"https:\/\/quincyinst.org\/events\/debate-is-a-peace-agreement-in-ukraine-possible\/?ref=apolut.net\" target=\"_blank\" rel=\"noopener noreferrer\"><u>Debatte<\/u><\/a> mit dem renommierten Politikwissenschaftler John Mearsheimer, ebenfalls ein Vertreter der Vernunft, zu den Ursachen des Krieges:<\/p>\n<p style=\"padding-left: 40px;\">\u201eEs handelt sich nicht im Wesentlichen um einen Krieg zur territorialen Expansion, sondern dieser Krieg begann als geopolitischer Konflikt zwischen den Vereinigten Staaten und der NATO auf der einen Seite und Russland auf der anderen Seite dar\u00fcber, wie die europ\u00e4ische Sicherheitsordnung aussehen sollte.\u201c<\/p>\n<p>Das sei mit der Debatte um die globale Neuordnung verbunden, so Beebe in dem Gespr\u00e4ch, dass das Quincy Institute for Responsible Statecraft in Washington D.C. als Webinar veranstaltet hatte. Er betonte:<\/p>\n<p style=\"padding-left: 40px;\">\u201eDie Russen erkl\u00e4rten im Wesentlichen, dass sie nicht bereit seien, mit einer NATO-zentrierten europ\u00e4ischen Sicherheitsarchitektur oder einer umfassenderen NATO-zentrierten oder US-zentrierten internationalen Ordnung zu leben. Dieser grundlegende Konflikt hat sich in der Ukraine abgespielt, sehr zum Schaden der Ukraine selbst.\u201c<\/p>\n<h5><strong>Kompromisschancen und Widerst\u00e4nde<\/strong><\/h5>\n<p>Der ehemalige CIA-Russland-Spezialist sieht M\u00f6glichkeiten f\u00fcr einen Kompromissfrieden in der Ukraine. Das begr\u00fcndete er unter anderem mit ver\u00e4nderten Interessen der USA unter Donald Trump, aber auch mit Interessen der Ukraine und Russlands an einem Kriegsende. F\u00fcr Beebe ist der Anreiz f\u00fcr Kiew f\u00fcr ein Kriegsende \u201eklar\u201c:<\/p>\n<p style=\"padding-left: 40px;\">\u201eWenn dieser Krieg noch viel l\u00e4nger andauert, ist die Ukraine auf dem Weg in die Zerst\u00f6rung, auf dem Weg zu einem dysfunktionalen, ineffektiven Rumpfstaat, der von einer demografischen Krise heimgesucht wird und nicht in der Lage ist, sich selbst wieder aufzubauen, weil Russland dies im Wesentlichen verhindern wird.\u201c<\/p>\n<p>Die USA w\u00fcrden sich auf die Auseinandersetzung mit China konzentrieren wollen und ben\u00f6tigen daf\u00fcr ein \u201eRussland, das kein abh\u00e4ngiger, untergeordneter Partner Chinas ist\u201c. Deshalb suche Washington einen Weg, den Krieg in der Ukraine zu beenden. Russland wiederum versuche aus der geopolitischen Sackgasse herauszukommen, in die es durch den Krieg geraten sei und sei deshalb f\u00fcr einen Kompromiss offen, so Beebe.<\/p>\n<p>W\u00e4hrend der ehemalige CIA-Analytiker entsprechende Signale aus den Verhandlungen herausliest, die zuletzt in Genf erfolgten, widersprach ihm Politikwissenschaftler Mearsheimer. Er <a href=\"https:\/\/www.nzz.ch\/international\/john-mearsheimer-ich-haette-dasselbe-getan-wie-putin-ich-haette-die-ukraine-sogar-noch-frueher-ueberfallen-ld.1882659?ref=apolut.net\" target=\"_blank\" rel=\"noopener noreferrer\"><u>sieht<\/u><\/a> die Schuld am Krieg ebenfalls beim Westen und h\u00e4lt ein Ende aber nur auf dem Schlachtfeld m\u00f6glich. Schon 2014 hat er die westliche Politik als verantwortlich f\u00fcr die Ukraine-Krise <a href=\"https:\/\/www.zeit-fragen.ch\/archiv\/2014\/nr-22-992014\/warum-der-westen-an-der-ukraine-krise-schuld-ist?ref=apolut.net\" target=\"_blank\" rel=\"noopener noreferrer\"><u>angesehen<\/u><\/a>. Er h\u00e4lt eine echte Friedensl\u00f6sung f\u00fcr den Ukraine-Krieg inzwischen f\u00fcr unm\u00f6glich, erkl\u00e4rte er in der Debatte mit Beebe. Diesem antwortete er:<\/p>\n<p style=\"padding-left: 40px;\">\u201eWas Sie bei diesen Verhandlungen in Orten wie Genf beobachten k\u00f6nnen, ist im Grunde genommen Kabuki-Theater. Das f\u00fchrt zu nichts. Dieser Krieg wird auf dem Schlachtfeld entschieden werden, und dann wird es Verhandlungen geben, die zu einer Art Waffenstillstand f\u00fchren, was bedeutet, dass der Konflikt weiterhin eingefroren bleibt.\u201c<\/p>\n<p>Keine Seite sei zu Kompromissen bereit, begr\u00fcndete der Politologe seine Sicht. Die ukrainischen Forderungen, unterst\u00fctzt von den Europ\u00e4ern, seien den russischen diametral entgegengesetzt. Letztere bezeichnete er als die \u201ewichtigsten\u201c, weil es die entscheidenden seien: Dazu geh\u00f6re erstens die Forderung nach einer neutralen Ukraine, die zweitens massiv abr\u00fcsten m\u00fcsse, um keine Bedrohung mehr f\u00fcr Russland darzustellen. Drittens bestehe Russland auf der internationalen Anerkennung der territorialen Ver\u00e4nderungen mit der Krim und dem Donbass. Moskau sei bisher davon nicht abgewichen, so Mearsheimer. Das habe einen \u201eganz einfachen Grund\u201c:<\/p>\n<p style=\"padding-left: 40px;\">\u201eDie Russen betrachten die Ereignisse in der Ukraine als existenzielle Bedrohung. Sie glauben, dass der Beitritt der Ukraine zur NATO eine existenzielle Bedrohung f\u00fcr Russland darstellt. Es ist eine Bedrohung f\u00fcr ihr \u00dcberleben.\u201c<\/p>\n<h5><strong>Entscheidung auf dem Schlachtfeld?<\/strong><\/h5>\n<p>Das Problem sei, dass die meisten Menschen im Westen das nicht sehen wollen und glauben w\u00fcrden, \u201edass die Russen einfach nur gute alte Imperialisten sind, die nur daran interessiert sind, Territorium zu erobern\u201c. Mearsheimer stellte klar:<\/p>\n<p style=\"padding-left: 40px;\">\u201eTatsache ist jedoch, dass die Russen nicht so denken und dass die Meinung der Menschen im Westen einfach irrelevant ist. Das Einzige, was hier z\u00e4hlt, ist, was die Russen denken.\u201c<\/p>\n<p>Zugleich bezeichnete er als ebenfalls nachvollziehbar, dass die Ukraine nicht zu Kompromissen bereit sei, Territorium aufzugeben. Kiew sehe Russland gleichfalls als existenzielle Bedrohung an, die es beseitigen wolle. Die russischen Forderungen seien f\u00fcr die Ukrainer inakzeptabel:<\/p>\n<p style=\"padding-left: 40px;\">\u201eDas Endergebnis all dessen wird sein, dass die Angelegenheit auf dem Schlachtfeld entschieden wird, und irgendwann wird klar werden, dass die Russen gewonnen haben und die Ukrainer in einer hoffnungslosen Situation sind, und das Ergebnis wird ein Waffenstillstand sein, und von da an wird es einen eingefrorenen Konflikt geben, keine ausgehandelte Friedensl\u00f6sung.\u201c<\/p>\n<p>Beebe sieht Kompromiss-Signale Washingtons an Moskau, \u201edie T\u00fcr f\u00fcr eine weitere Erweiterung der NATO zu schlie\u00dfen\u201c, ebenso \u201edie T\u00fcr f\u00fcr ein milit\u00e4risches Engagement der NATO in der Ukraine\u201c. Auch Moskau sei inzwischen von fr\u00fcheren Maximalforderungen abger\u00fcckt, meinte der fr\u00fchere CIA-Russland-Fachmann. Dem widersprach Mearsheimer, der sagte, es gebe daf\u00fcr keinerlei Belege. Der russische Au\u00dfenminister Sergej Lawrow habe mehrfach betont, Russlands Forderungen h\u00e4tten sich nicht ge\u00e4ndert. Der Politologe stellte fest:<\/p>\n<p style=\"padding-left: 40px;\">\u201eWas wir hier im Westen erleben, ist ein andauernder Propagandakrieg, in dem es praktisch unm\u00f6glich ist, herauszufinden, was die Russen wirklich sagen. Denn wir sind mittlerweile so geschickt darin, ihnen Worte in den Mund zu legen und zu behaupten, sie seien bereit, dies oder jenes zuzugestehen. Das ist einfach nicht wahr.\u201c<\/p>\n<p>Mearsheimer sieht die Situation als Ausdruck des klassischen Sicherheitsdilemmas in der internationalen Politik:<\/p>\n<p style=\"padding-left: 40px;\">\u201eWas ein Land tut, um seine Sicherheit zu verbessern, beeintr\u00e4chtigt die Sicherheit der anderen Seite. Das ist ein eisernes Gesetz der internationalen Politik, daher sind die Russen entschlossen, daf\u00fcr zu sorgen, dass ihre Sicherheit gew\u00e4hrleistet ist, und dabei wird die Ukraine benachteiligt.\u201c<\/p>\n<p>Der renommierte Politologe, der den \u00abRealisten\u00bb in der Politikwissenschaft zugerechnet wird, hofft, dass sich Beebes Optimismus bewahrheitet. Aber er glaubt dennoch, dass sich der fr\u00fchere Russland-Direktor der CIA irrt.<\/p>\n<p>Unterdessen <a href=\"https:\/\/en.interfax.com.ua\/news\/general\/1147136.html?ref=apolut.net\" target=\"_blank\" rel=\"noopener noreferrer\"><u>erkl\u00e4rte<\/u><\/a> Trumps Sonderbeauftragter Steve Wittkoff am Dienstag laut der ukrainischen Nachrichtenagentur <em>Interfax-Ukraine<\/em>, dass in den n\u00e4chsten zehn Tagen ein weiteres Treffen von Vertretern der USA, der Ukraine und Russlands m\u00f6glich sei. EU-Kommissionspr\u00e4sidentin Ursula von der Leyen <a href=\"https:\/\/de.euronews.com\/my-europe\/2026\/02\/24\/von-der-leyen-90-milliarden-euro-kredit-ukraine-wird-so-oder-so-kommen?ref=apolut.net\" target=\"_blank\" rel=\"noopener noreferrer\"><u>erkl\u00e4rte<\/u><\/a> zudem in Kiew, die Ukraine werde die zugesagten 90 Milliarden Euro \u201eso oder so\u201c bekommen. Ungarn hatte am Dienstag im EU-Rat sein Veto gegen die Milliarden-Hilfe eingelegt. Sicher ist: Der Frieden ist weiter nicht in Sicht.<\/p>\n<p style=\"text-align: right;\"><em>Tilo Gr\u00e4ser ist diplomierter Journalist und Mitglied des Deutschen Freidenker-Verbandes<\/em><\/p>\n<hr \/>\n<p><span style=\"font-size: 10pt;\">Bild oben: Ukrainischer Soldat mit einer Panzerabwehrkanone im Gebiet Charkiw (12.03.2022)<\/span><br \/>\n<span style=\"font-size: 10pt;\">Foto: Mvs.gov.ua, <a href=\"https:\/\/creativecommons.org\/licenses\/by\/4.0\" target=\"_blank\" rel=\"noopener\">CC BY 4.0<\/a><\/span><br \/>\n<span style=\"font-size: 10pt;\">Quelle: <a href=\"https:\/\/commons.wikimedia.org\/w\/index.php?curid=116133883\" target=\"_blank\" rel=\"noopener\">https:\/\/commons.wikimedia.org\/w\/index.php?curid=116133883<\/a><\/span><\/p>\n","protected":false},"excerpt":{"rendered":"<p><b>Kommentar von Tilo Gr\u00e4ser<\/b><br \/>\nAm 24. Februar j\u00e4hrte sich zum vierten Mal der Einmarsch der russischen Armee mit sch\u00e4tzungsweise 150.000 Mann ins Nachbarland Ukraine. Aus dem jahrelangen Konflikt in und um das Land wurde ein Krieg, bei dem inzwischen beide Seiten mehrere Hunderttausend Soldaten einsetzen sowie viele ihr Leben lie\u00dfen. Bereits vor zw\u00f6lf Jahren, am 22. Februar 2014, wurde die Lunte daf\u00fcr gelegt und angez\u00fcndet: Mit dem US-gef\u00f6rderten Staatsstreich, der das zuvor ausgehandelte Abkommen zwischen Pr\u00e4sident Wiktor Janukowitsch und der Maidan-Opposition f\u00fcr einen friedlichen \u00dcbergang ignorierte \u2013 trotz der Mitwirkung des deutschen Au\u00dfenministers Frank-Walter Steinmeier und dessen polnischem Amtskollegen Radoslaw Sikorski sowie von Frankreichs Au\u00dfenminister Laurent Fabius. Sie schwiegen dann dazu.<\/p>\n","protected":false},"author":3,"featured_media":24557,"comment_status":"closed","ping_status":"closed","sticky":false,"template":"","format":"standard","meta":{"colormag_page_container_layout":"default_layout","colormag_page_sidebar_layout":"default_layout","advanced_seo_description":"","jetpack_seo_html_title":"","jetpack_seo_noindex":false,"jetpack_post_was_ever_published":false,"footnotes":""},"categories":[13],"tags":[1458,413,452,182,635,335,3026,2456,1165,1965,188,720,223,222,1168,1556,430,2409,1352,1111,639,185,1715,39,2793],"class_list":["post-24554","post","type-post","status-publish","format-standard","has-post-thumbnail","hentry","category-frieden-antifaschismus-solidaritaet","tag-bedrohung","tag-china","tag-deutschland","tag-eu","tag-feindbild","tag-frieden","tag-friedensabkommen","tag-invasion","tag-kalter-krieg","tag-kompromiss","tag-krieg","tag-nato-osterweiterung","tag-putin","tag-russland","tag-russophobie","tag-sicherheitspolitik","tag-sowjetunion","tag-staatsstreich","tag-strategie","tag-ukraine","tag-ukraine-konflikt","tag-usa","tag-verhandlungen","tag-vernunft","tag-verteidigung"],"jetpack_featured_media_url":"https:\/\/i0.wp.com\/www.freidenker.org\/fw17\/wp-content\/uploads\/2026\/03\/Soldier_of_the_Ukrainian_800x450.jpg?fit=800%2C450&ssl=1","jetpack_shortlink":"https:\/\/wp.me\/p9stpK-6o2","jetpack-related-posts":[{"id":23856,"url":"https:\/\/www.freidenker.org\/?p=23856","url_meta":{"origin":24554,"position":0},"title":"Kein Frieden f\u00fcr die Ukraine","author":"Webredaktion","date":"12. Dezember 2025","format":false,"excerpt":"Warum Selenskyj, Merz & Co. nicht vom Krieg lassen k\u00f6nnen Ein Kommentar von Tilo Gr\u00e4ser Manches deutet darauf hin, dass der neue Friedensplan von US-Pr\u00e4sident Donald Trump zum Scheitern verurteilt sein k\u00f6nnte. Die Trump-Administration macht Berichten zufolge Druck auf die ukrainische F\u00fchrung, f\u00fcr den Frieden auf verlorenes Territorium zu verzichten.\u2026","rel":"","context":"In &quot;Frieden - Antifaschismus - Solidarit\u00e4t&quot;","block_context":{"text":"Frieden - Antifaschismus - Solidarit\u00e4t","link":"https:\/\/www.freidenker.org\/?cat=13"},"img":{"alt_text":"","src":"https:\/\/i0.wp.com\/www.freidenker.org\/fw17\/wp-content\/uploads\/2025\/12\/Selenskij_Rutte_Costa_von_der_Leyen_2025-12-08_800x450.jpg?fit=800%2C450&ssl=1&resize=350%2C200","width":350,"height":200,"srcset":"https:\/\/i0.wp.com\/www.freidenker.org\/fw17\/wp-content\/uploads\/2025\/12\/Selenskij_Rutte_Costa_von_der_Leyen_2025-12-08_800x450.jpg?fit=800%2C450&ssl=1&resize=350%2C200 1x, https:\/\/i0.wp.com\/www.freidenker.org\/fw17\/wp-content\/uploads\/2025\/12\/Selenskij_Rutte_Costa_von_der_Leyen_2025-12-08_800x450.jpg?fit=800%2C450&ssl=1&resize=525%2C300 1.5x, https:\/\/i0.wp.com\/www.freidenker.org\/fw17\/wp-content\/uploads\/2025\/12\/Selenskij_Rutte_Costa_von_der_Leyen_2025-12-08_800x450.jpg?fit=800%2C450&ssl=1&resize=700%2C400 2x"},"classes":[]},{"id":22640,"url":"https:\/\/www.freidenker.org\/?p=22640","url_meta":{"origin":24554,"position":1},"title":"\u201eEuropa ist auf dem falschen Weg\u201c","author":"Webredaktion","date":"23. August 2025","format":false,"excerpt":"Kommentar von Tilo Gr\u00e4ser W\u00e4hrend die Pr\u00e4sidenten der USA und Russlands Frieden f\u00fcr die Ukraine suchen, wollen die westeurop\u00e4ischen F\u00fchrungen anscheinend einen solchen weiter verhindern. Die westeurop\u00e4ischen Politiker, treue Vasallen der in den USA abgew\u00e4hlten Kriegstreiber hinter Joseph Biden, wollen den Stellvertreterkrieg in dem Land gegen Russland fortsetzen \u2013 bis\u2026","rel":"","context":"In &quot;Frieden - Antifaschismus - Solidarit\u00e4t&quot;","block_context":{"text":"Frieden - Antifaschismus - Solidarit\u00e4t","link":"https:\/\/www.freidenker.org\/?cat=13"},"img":{"alt_text":"","src":"https:\/\/i0.wp.com\/www.freidenker.org\/fw17\/wp-content\/uploads\/2025\/08\/Friedrich_Merz_und_Emmanuel_Macron_54732162600_800x450.jpg?fit=800%2C450&ssl=1&resize=350%2C200","width":350,"height":200,"srcset":"https:\/\/i0.wp.com\/www.freidenker.org\/fw17\/wp-content\/uploads\/2025\/08\/Friedrich_Merz_und_Emmanuel_Macron_54732162600_800x450.jpg?fit=800%2C450&ssl=1&resize=350%2C200 1x, https:\/\/i0.wp.com\/www.freidenker.org\/fw17\/wp-content\/uploads\/2025\/08\/Friedrich_Merz_und_Emmanuel_Macron_54732162600_800x450.jpg?fit=800%2C450&ssl=1&resize=525%2C300 1.5x, https:\/\/i0.wp.com\/www.freidenker.org\/fw17\/wp-content\/uploads\/2025\/08\/Friedrich_Merz_und_Emmanuel_Macron_54732162600_800x450.jpg?fit=800%2C450&ssl=1&resize=700%2C400 2x"},"classes":[]},{"id":22768,"url":"https:\/\/www.freidenker.org\/?p=22768","url_meta":{"origin":24554,"position":2},"title":"Wahrheitsleugnerin Ursula von der Leyen auf gef\u00e4hrlichem Kurs","author":"Webredaktion","date":"7. September 2025","format":false,"excerpt":"Die EU-Kommissionspr\u00e4sidentin ignoriert Moskaus Warnungen vor einem Einsatz europ\u00e4ischer Nato-Truppen in der Ukraine Ein Kommentar von Tilo Gr\u00e4ser Die nicht durch eine demokratische Wahl ins Amt gekommene Pr\u00e4sidentin der EU-Kommission Ursula von der Leyen spielt anscheinend schon mal Oberkommandierende einer nichtexistierenden EU-Armee. So kann zumindest gedeutet werden, was sie am\u2026","rel":"","context":"In &quot;Demokratie \u2013 Medien \u2013 Aufkl\u00e4rung&quot;","block_context":{"text":"Demokratie \u2013 Medien \u2013 Aufkl\u00e4rung","link":"https:\/\/www.freidenker.org\/?cat=12"},"img":{"alt_text":"","src":"https:\/\/i0.wp.com\/www.freidenker.org\/fw17\/wp-content\/uploads\/2025\/09\/Press_conference__Zelensky_and_von_der_Leyen_at_the_EC_-_2025_800x450.jpg?fit=800%2C450&ssl=1&resize=350%2C200","width":350,"height":200,"srcset":"https:\/\/i0.wp.com\/www.freidenker.org\/fw17\/wp-content\/uploads\/2025\/09\/Press_conference__Zelensky_and_von_der_Leyen_at_the_EC_-_2025_800x450.jpg?fit=800%2C450&ssl=1&resize=350%2C200 1x, https:\/\/i0.wp.com\/www.freidenker.org\/fw17\/wp-content\/uploads\/2025\/09\/Press_conference__Zelensky_and_von_der_Leyen_at_the_EC_-_2025_800x450.jpg?fit=800%2C450&ssl=1&resize=525%2C300 1.5x, https:\/\/i0.wp.com\/www.freidenker.org\/fw17\/wp-content\/uploads\/2025\/09\/Press_conference__Zelensky_and_von_der_Leyen_at_the_EC_-_2025_800x450.jpg?fit=800%2C450&ssl=1&resize=700%2C400 2x"},"classes":[]},{"id":24227,"url":"https:\/\/www.freidenker.org\/?p=24227","url_meta":{"origin":24554,"position":3},"title":"Ukraine-Krieg: Keine Aussicht auf Frieden","author":"Webredaktion","date":"16. Januar 2026","format":false,"excerpt":"Kommentar von Tilo Gr\u00e4ser Seitdem US-Pr\u00e4sident Donald Trump Venezuela \u00fcberfallen lie\u00df und ank\u00fcndigte, auch andere Staaten ins Visier zu nehmen \u2013 einschlie\u00dflich Gr\u00f6nland \u2013 scheint die mediale und politische Aufmerksamkeit sich vom Geschehen im Ukraine-Krieg abgewendet zu haben. Dabei halten die K\u00e4mpfe dort an, r\u00fccken die russischen Truppen weiter vor\u2026","rel":"","context":"In &quot;Frieden - Antifaschismus - Solidarit\u00e4t&quot;","block_context":{"text":"Frieden - Antifaschismus - Solidarit\u00e4t","link":"https:\/\/www.freidenker.org\/?cat=13"},"img":{"alt_text":"","src":"https:\/\/i0.wp.com\/www.freidenker.org\/fw17\/wp-content\/uploads\/2026\/01\/Prime_Minister_Keir_Starmer_visits_Ukraine_54510250618_800x450.jpg?fit=800%2C450&ssl=1&resize=350%2C200","width":350,"height":200,"srcset":"https:\/\/i0.wp.com\/www.freidenker.org\/fw17\/wp-content\/uploads\/2026\/01\/Prime_Minister_Keir_Starmer_visits_Ukraine_54510250618_800x450.jpg?fit=800%2C450&ssl=1&resize=350%2C200 1x, https:\/\/i0.wp.com\/www.freidenker.org\/fw17\/wp-content\/uploads\/2026\/01\/Prime_Minister_Keir_Starmer_visits_Ukraine_54510250618_800x450.jpg?fit=800%2C450&ssl=1&resize=525%2C300 1.5x, https:\/\/i0.wp.com\/www.freidenker.org\/fw17\/wp-content\/uploads\/2026\/01\/Prime_Minister_Keir_Starmer_visits_Ukraine_54510250618_800x450.jpg?fit=800%2C450&ssl=1&resize=700%2C400 2x"},"classes":[]},{"id":23680,"url":"https:\/\/www.freidenker.org\/?p=23680","url_meta":{"origin":24554,"position":4},"title":"Ein unm\u00f6glicher Frieden?","author":"Webredaktion","date":"30. November 2025","format":false,"excerpt":"Ein Kommentar von Tilo Gr\u00e4ser.\u00a0 Es ist wieder Bewegung in die Suche nach einem baldigen Ende des Krieges auf ukrainischem Territorium gekommen. Ausgerechnet aus den USA, die den Stellvertreterkrieg gegen Russland angesto\u00dfen haben, kommen nun Vorschl\u00e4ge, wie er beendet werden k\u00f6nnte. Was erstaunlich erscheint, l\u00e4sst sich nur mit den anderen\u2026","rel":"","context":"In &quot;Demokratie \u2013 Medien \u2013 Aufkl\u00e4rung&quot;","block_context":{"text":"Demokratie \u2013 Medien \u2013 Aufkl\u00e4rung","link":"https:\/\/www.freidenker.org\/?cat=12"},"img":{"alt_text":"","src":"https:\/\/i0.wp.com\/www.freidenker.org\/fw17\/wp-content\/uploads\/2025\/11\/von_der_Leyen_Starmer_Merz_weisses_Haus_800x450.jpg?fit=800%2C450&ssl=1&resize=350%2C200","width":350,"height":200,"srcset":"https:\/\/i0.wp.com\/www.freidenker.org\/fw17\/wp-content\/uploads\/2025\/11\/von_der_Leyen_Starmer_Merz_weisses_Haus_800x450.jpg?fit=800%2C450&ssl=1&resize=350%2C200 1x, https:\/\/i0.wp.com\/www.freidenker.org\/fw17\/wp-content\/uploads\/2025\/11\/von_der_Leyen_Starmer_Merz_weisses_Haus_800x450.jpg?fit=800%2C450&ssl=1&resize=525%2C300 1.5x, https:\/\/i0.wp.com\/www.freidenker.org\/fw17\/wp-content\/uploads\/2025\/11\/von_der_Leyen_Starmer_Merz_weisses_Haus_800x450.jpg?fit=800%2C450&ssl=1&resize=700%2C400 2x"},"classes":[]},{"id":21542,"url":"https:\/\/www.freidenker.org\/?p=21542","url_meta":{"origin":24554,"position":5},"title":"Merz will \u201eTaurus\u201c liefern","author":"Webredaktion","date":"24. April 2025","format":false,"excerpt":"K\u00fcnftiger Kanzler verst\u00f6\u00dft vor Amtsantritt gegen den Amtseid \u2013 und beweist seine Ahnungslosigkeit Ein Kommentar von Tilo Gr\u00e4ser Der allen Voraussetzungen nach n\u00e4chste deutsche Bundeskanzler Friedrich Merz (CDU) hat bereits vor Amtsantritt angek\u00fcndigt, dass er seinen Amtseid brechen wird. Er tat das am Sonntag in der ARD-Sendung \u201eCaren Miosga\u201c, in\u2026","rel":"","context":"In &quot;Demokratie \u2013 Medien \u2013 Aufkl\u00e4rung&quot;","block_context":{"text":"Demokratie \u2013 Medien \u2013 Aufkl\u00e4rung","link":"https:\/\/www.freidenker.org\/?cat=12"},"img":{"alt_text":"","src":"https:\/\/i0.wp.com\/www.freidenker.org\/fw17\/wp-content\/uploads\/2025\/04\/Wahlkampf_mit_Friedrich_Merz_in_Erfurt_2024_STP_3071_800x450.jpg?fit=800%2C450&ssl=1&resize=350%2C200","width":350,"height":200,"srcset":"https:\/\/i0.wp.com\/www.freidenker.org\/fw17\/wp-content\/uploads\/2025\/04\/Wahlkampf_mit_Friedrich_Merz_in_Erfurt_2024_STP_3071_800x450.jpg?fit=800%2C450&ssl=1&resize=350%2C200 1x, https:\/\/i0.wp.com\/www.freidenker.org\/fw17\/wp-content\/uploads\/2025\/04\/Wahlkampf_mit_Friedrich_Merz_in_Erfurt_2024_STP_3071_800x450.jpg?fit=800%2C450&ssl=1&resize=525%2C300 1.5x, https:\/\/i0.wp.com\/www.freidenker.org\/fw17\/wp-content\/uploads\/2025\/04\/Wahlkampf_mit_Friedrich_Merz_in_Erfurt_2024_STP_3071_800x450.jpg?fit=800%2C450&ssl=1&resize=700%2C400 2x"},"classes":[]}],"_links":{"self":[{"href":"https:\/\/www.freidenker.org\/index.php?rest_route=\/wp\/v2\/posts\/24554","targetHints":{"allow":["GET"]}}],"collection":[{"href":"https:\/\/www.freidenker.org\/index.php?rest_route=\/wp\/v2\/posts"}],"about":[{"href":"https:\/\/www.freidenker.org\/index.php?rest_route=\/wp\/v2\/types\/post"}],"author":[{"embeddable":true,"href":"https:\/\/www.freidenker.org\/index.php?rest_route=\/wp\/v2\/users\/3"}],"replies":[{"embeddable":true,"href":"https:\/\/www.freidenker.org\/index.php?rest_route=%2Fwp%2Fv2%2Fcomments&post=24554"}],"version-history":[{"count":3,"href":"https:\/\/www.freidenker.org\/index.php?rest_route=\/wp\/v2\/posts\/24554\/revisions"}],"predecessor-version":[{"id":24558,"href":"https:\/\/www.freidenker.org\/index.php?rest_route=\/wp\/v2\/posts\/24554\/revisions\/24558"}],"wp:featuredmedia":[{"embeddable":true,"href":"https:\/\/www.freidenker.org\/index.php?rest_route=\/wp\/v2\/media\/24557"}],"wp:attachment":[{"href":"https:\/\/www.freidenker.org\/index.php?rest_route=%2Fwp%2Fv2%2Fmedia&parent=24554"}],"wp:term":[{"taxonomy":"category","embeddable":true,"href":"https:\/\/www.freidenker.org\/index.php?rest_route=%2Fwp%2Fv2%2Fcategories&post=24554"},{"taxonomy":"post_tag","embeddable":true,"href":"https:\/\/www.freidenker.org\/index.php?rest_route=%2Fwp%2Fv2%2Ftags&post=24554"}],"curies":[{"name":"wp","href":"https:\/\/api.w.org\/{rel}","templated":true}]}}